{"id":31872,"date":"2014-02-04T00:00:00","date_gmt":"2014-02-04T04:00:00","guid":{"rendered":"http:\/\/192.81.217.108\/interamerica\/2014\/02\/les-adventistes-se-joignent-a-dautres-pour-denoncer-la-mutilation-genitale-feminine\/"},"modified":"2014-02-04T00:00:00","modified_gmt":"2014-02-04T04:00:00","slug":"les-adventistes-se-joignent-a-dautres-pour-denoncer-la-mutilation-genitale-feminine","status":"publish","type":"post","link":"https:\/\/interamerica.org\/fr\/2014\/02\/les-adventistes-se-joignent-a-dautres-pour-denoncer-la-mutilation-genitale-feminine\/","title":{"rendered":"Les Adventistes se joignent \u00e0 d\u2019autres pour d\u00e9noncer la Mutilation G\u00e9nitale Feminine"},"content":{"rendered":"<p>4 F\u00e9vrier 2014 \u2013 Silver Spring, Maryland, Etats Unis\u2026 Ansel Oliver\/ANN<\/p>\n<p>Le 6 f\u00e9vrier est la Journ\u00e9e Internationale de la Tol\u00e9rance Z\u00e9ro \u00e0 la Mutilation G\u00e9nitale F\u00e9minine (FGM), et les Adventistes du Septi\u00e8me jour font partie des nombreuses d\u00e9nominations, ONG et autres organisations qui oeuvrent pour mettre un terme \u00e0 cette pratique.<\/p>\n<div id=\"attachment_10594\" style=\"width: 310px\" class=\"wp-caption alignleft\"><a href=\"\/interamerica\/wp-content\/uploads\/2017\/06\/ke-lgflag.gif\" rel=\"fancybox\" title=\"Les Adventistes se joignent \u00e0 d\u2019autres pour d\u00e9noncer la Mutilation G\u00e9nitale Feminine\"><img fetchpriority=\"high\" decoding=\"async\" aria-describedby=\"caption-attachment-10594\" class=\"size-medium wp-image-10594\" src=\"\/interamerica\/wp-content\/uploads\/2017\/06\/ke-lgflag-300x200.gif\" alt=\"\" width=\"300\" height=\"200\" \/><\/a><p id=\"caption-attachment-10594\" class=\"wp-caption-text\">Le drapeau du Kenya. Source: www.cia.gov<\/p><\/div>\n<p>La FGM\/C, souvent appel\u00e9e la Circoncision F\u00e9minine, est pratiqu\u00e9e dans pr\u00e8s de 30 pays en Afrique et en Asie. Des jeunes filles sont soumises \u00e0 des op\u00e9rations qui de mani\u00e8re intentionnelle alt\u00e8rent ou provoquent des blessures au niveau de leurs organes g\u00e9nitaux pour des raisons non-m\u00e9dicales, souvent dans le cadre de c\u00e9r\u00e9monies ou traditions culturelles marquant le passage \u00e0 la majorit\u00e9.<\/p>\n<p>La FGM\/C est quelquefois consid\u00e9r\u00e9e comme un symbole de statut et certains de ceux qui la pratiquent disent que cela permet de contr\u00f4ler la sexualit\u00e9 et promeut la chastet\u00e9. Parmi les effets caus\u00e9s, il y a des infections, des douleurs chroniques et l\u2019infertilit\u00e9. Les Nations Unies ont banni la pratique en 2012. L\u2019Organisation Mondiale de la Sant\u00e9 estime que 40 millions de femmes en sont victimes.<\/p>\n<p>Beaucoup de gens, surtout dans les pays occidentaux, ne sont pas conscients de la r\u00e9alit\u00e9 de la FGM\/C et sont choqu\u00e9s d\u2019apprendre son existence. Les Adventistes du Septi\u00e8me jour sont oppos\u00e9s \u00e0 cette pratique, d\u2019apr\u00e8s ce qu\u2019indique un <a href=\"http:\/\/www.adventist.org\/information\/official-statements\/documents\/article\/go\/0\/female-genital-mutilation\/6\/\">document<\/a> adopt\u00e9 en l\u2019an 2000 par le Comit\u00e9 sur la Vision Chr\u00e9tienne de la Vie Humaine, mis en place par l\u2019Eglise Adventiste.<\/p>\n<p>\u00ab Notre \u00e9glise devrait continuer \u00e0 rechercher avec amour des moyens de d\u00e9courager cette pratique et aussi \u00e9duquer au sujet des dangers qu\u2019elle comporte, \u00bb a d\u00e9clar\u00e9 Dr Peter Landless, directeur des Minist\u00e8res de la Sant\u00e9 pour l\u2019Eglise Adventiste mondiale. \u00ab C\u2019est notre souhait que les jeunes femmes puissent grandir de mani\u00e8re naturelle comme Dieu les a cr\u00e9\u00e9es. \u00bb<\/p>\n<p>Dr Landless a invit\u00e9 \u00e0 avoir du respect pour la culture et de la consid\u00e9ration pour celles qui sont victimes de cette pratique.<\/p>\n<p>\u00ab Il est tr\u00e8s important pour nous de ne pas en rajouter au sujet de cette pratique de mutilation en laissant penser que de tels patients seraient dans la honte de mani\u00e8re irr\u00e9versible, \u00bb a encore dit Dr Landless. \u00ab Une telle attitude ou approche peut leur donner le sentiment qu\u2019ils sont moins que des personnes normales. De plus, il y a des millions de femmes touch\u00e9es et il faut s\u2019en soucier de peur que la question ne devienne une confrontation entre cultures, plut\u00f4t qu\u2019une pr\u00e9occupation compatissante pour le bien \u00eatre des femmes et leur statut dans la soci\u00e9t\u00e9. \u00bb<\/p>\n<p>Heather-Dawn Small, directrice des Minist\u00e8res de la femme pour l\u2019Eglise Adventiste mondiale a d\u00e9clar\u00e9 que son d\u00e9partement au si\u00e8ge mondial de l\u2019\u00e9glise ainsi que ses associ\u00e9s dans les communaut\u00e9s locales continuent de promouvoir la prise de conscience au sujet du probl\u00e8me de telle sorte qu\u2019il disparaisse.<\/p>\n<p>\u00ab Nous faisons ce que nous pouvons pour aider et amener la gu\u00e9rison \u00e0 nos s\u0153urs qui ont souffert de la FGM\/C en mettant en place des foyers pour les victimes, en allant dans les communaut\u00e9s o\u00f9 la pratique se poursuit sur les jeunes filles afin d\u2019aider \u00e0 mettre un terme \u00e0 cette pratique par le biais de l\u2019\u00e9ducation. \u00bb<\/p>\n<p>Le Kenya est un pays o\u00f9 l\u2019Eglise Adventiste \u00e0 travaill\u00e9 pour lutter contre la FGM\/C. <a href=\"https:\/\/sites.google.com\/site\/kajiadorescuecentre\/home\">TLe centre de Secours Kajiado<\/a> est un foyer de secours et un centre \u00e9ducatif pour jeunes filles qui c\u00e9l\u00e8bre l\u2019adolescence avec un rite alternatif. \u00ab Cela est consid\u00e9r\u00e9 comme une b\u00e9n\u00e9diction par beaucoup de familles dans beaucoup de villages, \u00bb a d\u00e9clar\u00e9 Denise Hochstrasser, directrice des Minist\u00e8res de la Femme pour l\u2019Eglise Adventiste dans la Division Inter Europ\u00e9enne, qui aide \u00e0 sponsoriser le projet.<\/p>\n<p>Le gouvernement du Kenya s\u2019est d\u00e9j\u00e0 mis au travail pour \u00e9radiquer la FGM\/C. En 2001, l\u2019Acte en faveur des Enfants (Children\u2019s Act) a fait de la soumission des enfants \u00e0 la FGM\/C un acte criminel et la nouvelle Constitution, approuv\u00e9e en 2010, propose des clauses visant \u00e0 prot\u00e9ger les enfants de toute pratique culturelle qui mettrait leur sant\u00e9 en danger.<\/p>\n<p>L\u2019Agence Adventiste de D\u00e9veloppement et de Secours a aussi travaill\u00e9 au Kenya avec des projets anti-FGM\/C au fil des ann\u00e9es. Un projet r\u00e9cent a aid\u00e9 \u00e0 \u00e9duquer plus de 2500 personnes sur ce sujet avec des jeunes filles pr\u00e9sentant des chants et des sketches sur la question devant leurs familles et des responsables du gouvernement. L\u2019initiative a \u00e9galement permis la formation de 189 formateurs qui doivent travailler avec des leaders de communaut\u00e9s pour favoriser la prise de conscience sur ce probl\u00e8me. Le programme a aussi aid\u00e9 \u00e0 soutenir ceux qui auparavant avaient pratiqu\u00e9 la FGM\/C avec d\u2019autres activit\u00e9s g\u00e9n\u00e9rant des revenus.<\/p>\n<p>Cette ann\u00e9e, ADRA met en place un programme appel\u00e9 le Programme de Valorisation des jeunes Filles dans la province de Nyanza, dans l\u2019ouest du Kenya. Le projet propose un cours de perfectionnement des comp\u00e9tences de 10 semaines qui comprend des modules sur les relations saines et les dangers de la FGM\/C.<\/p>\n<p>\u00ab Prendre part aux efforts faits par l\u2019\u00e9glise dans cette initiative globale visant \u00e0 favoriser a prise de conscience au sujet de cette question est seulement l\u2019une des nombreuses fa\u00e7ons dont ADRA s\u2019engage \u00e0 valoriser les femmes et les jeunes filles \u00e0 travers le monde, \u00bb a d\u00e9clar\u00e9 Jason Brooks, un manager de programmes \u00e0 ADRA.<\/p>\n<p>En Allemagne l\u2019ann\u00e9e derni\u00e8re, l\u2019H\u00f4pital Adventiste de Berlin <a href=\"http:\/\/news.adventist.org\/all-news\/news\/go\/2013-09-12\/german-adventist-hospital-opens-center-to-treat-fgm-victims\/18\/\">a ouvert<\/a> le Centre de la Fleur du D\u00e9sert, un centre de reconstruction chirurgicale apr\u00e8s FGM\/C en partenariat avec le top model <a href=\"http:\/\/vimeo.com\/85836085\">Waris Dirie<\/a>, une des avocates de la lutte contre les FGM\/C les plus en vue dans le monde.<\/p>\n<p>\u00ab Comme toujours, l\u2019Eglise Adventiste cherche \u00e0 restaurer l\u2019image du Cr\u00e9ateur et \u00e0 \u00e9viter d\u2019ajouter du chagrin et de la douleur \u00e0 ceux qui souffrent, \u00bb a d\u00e9clar\u00e9 Dr Landless, le directeur des Minist\u00e8res de la sant\u00e9 de l\u2019Eglise Adventiste.<\/p>\n<p>Traduction: Patrick Luciathe<\/p>\n","protected":false},"excerpt":{"rendered":"<p>Le 6 f\u00e9vrier est la Journ\u00e9e Internationale de la Tol\u00e9rance Z\u00e9ro \u00e0 la Mutilation G\u00e9nitale F\u00e9minine (FGM), et les Adventistes du Septi\u00e8me jour font partie des nombreuses d\u00e9nominations, ONG et autres organisations qui oeuvrent pour mettre un terme \u00e0 cette pratique.<\/p>\n","protected":false},"author":1,"featured_media":22071,"comment_status":"closed","ping_status":"closed","sticky":false,"template":"","format":"standard","meta":{"_acf_changed":false,"footnotes":""},"categories":[18],"tags":[],"class_list":["post-31872","post","type-post","status-publish","format-standard","has-post-thumbnail","hentry","category-nouvelles-de-leglise-mondiale"],"acf":[],"yoast_head":"<!-- This site is optimized with the Yoast SEO plugin v27.3 - https:\/\/yoast.com\/product\/yoast-seo-wordpress\/ -->\n<title>Les Adventistes se joignent \u00e0 d\u2019autres pour d\u00e9noncer la Mutilation G\u00e9nitale Feminine - \u00c9glise Adventiste Du Septieme Jour - Inter Am\u00e9rique Division<\/title>\n<meta name=\"robots\" content=\"index, follow, max-snippet:-1, max-image-preview:large, max-video-preview:-1\" \/>\n<link rel=\"canonical\" href=\"https:\/\/interamerica.org\/fr\/2014\/02\/les-adventistes-se-joignent-a-dautres-pour-denoncer-la-mutilation-genitale-feminine\/\" \/>\n<meta property=\"og:locale\" content=\"fr_FR\" \/>\n<meta property=\"og:type\" content=\"article\" \/>\n<meta property=\"og:title\" content=\"Les Adventistes se joignent \u00e0 d\u2019autres pour d\u00e9noncer la Mutilation G\u00e9nitale Feminine - \u00c9glise Adventiste Du Septieme Jour - Inter Am\u00e9rique Division\" \/>\n<meta property=\"og:description\" content=\"Le 6 f\u00e9vrier est la Journ\u00e9e Internationale de la Tol\u00e9rance Z\u00e9ro \u00e0 la Mutilation G\u00e9nitale F\u00e9minine (FGM), et les Adventistes du Septi\u00e8me jour font partie des nombreuses d\u00e9nominations, ONG et autres organisations qui oeuvrent pour mettre un terme \u00e0 cette pratique.\" \/>\n<meta property=\"og:url\" content=\"https:\/\/interamerica.org\/fr\/2014\/02\/les-adventistes-se-joignent-a-dautres-pour-denoncer-la-mutilation-genitale-feminine\/\" \/>\n<meta property=\"og:site_name\" content=\"\u00c9glise Adventiste Du Septieme Jour - Inter Am\u00e9rique Division\" \/>\n<meta property=\"article:published_time\" content=\"2014-02-04T04:00:00+00:00\" \/>\n<meta property=\"og:image\" content=\"https:\/\/interamerica.org\/wp-content\/uploads\/2017\/06\/ke-lgflag.gif\" \/>\n\t<meta property=\"og:image:width\" content=\"400\" \/>\n\t<meta property=\"og:image:height\" content=\"267\" \/>\n\t<meta property=\"og:image:type\" content=\"image\/gif\" \/>\n<meta name=\"author\" content=\"Lorenzo Verduzco\" \/>\n<meta name=\"twitter:card\" content=\"summary_large_image\" \/>\n<meta name=\"twitter:label1\" content=\"\u00c9crit par\" \/>\n\t<meta name=\"twitter:data1\" content=\"Lorenzo Verduzco\" \/>\n\t<meta name=\"twitter:label2\" content=\"Dur\u00e9e de lecture estim\u00e9e\" \/>\n\t<meta name=\"twitter:data2\" content=\"5 minutes\" \/>\n<script type=\"application\/ld+json\" class=\"yoast-schema-graph\">{\"@context\":\"https:\\\/\\\/schema.org\",\"@graph\":[{\"@type\":\"Article\",\"@id\":\"https:\\\/\\\/interamerica.org\\\/fr\\\/2014\\\/02\\\/les-adventistes-se-joignent-a-dautres-pour-denoncer-la-mutilation-genitale-feminine\\\/#article\",\"isPartOf\":{\"@id\":\"https:\\\/\\\/interamerica.org\\\/fr\\\/2014\\\/02\\\/les-adventistes-se-joignent-a-dautres-pour-denoncer-la-mutilation-genitale-feminine\\\/\"},\"author\":{\"name\":\"Lorenzo Verduzco\",\"@id\":\"https:\\\/\\\/interamerica.org\\\/fr\\\/#\\\/schema\\\/person\\\/68ede8bdc292885bb76c1e3810e73c39\"},\"headline\":\"Les Adventistes se joignent \u00e0 d\u2019autres pour d\u00e9noncer la Mutilation G\u00e9nitale Feminine\",\"datePublished\":\"2014-02-04T04:00:00+00:00\",\"mainEntityOfPage\":{\"@id\":\"https:\\\/\\\/interamerica.org\\\/fr\\\/2014\\\/02\\\/les-adventistes-se-joignent-a-dautres-pour-denoncer-la-mutilation-genitale-feminine\\\/\"},\"wordCount\":1077,\"image\":{\"@id\":\"https:\\\/\\\/interamerica.org\\\/fr\\\/2014\\\/02\\\/les-adventistes-se-joignent-a-dautres-pour-denoncer-la-mutilation-genitale-feminine\\\/#primaryimage\"},\"thumbnailUrl\":\"https:\\\/\\\/interamerica.org\\\/wp-content\\\/uploads\\\/2017\\\/06\\\/ke-lgflag.gif\",\"articleSection\":[\"Nouvelles de l'\u00c9glise mondiale\"],\"inLanguage\":\"fr-FR\"},{\"@type\":\"WebPage\",\"@id\":\"https:\\\/\\\/interamerica.org\\\/fr\\\/2014\\\/02\\\/les-adventistes-se-joignent-a-dautres-pour-denoncer-la-mutilation-genitale-feminine\\\/\",\"url\":\"https:\\\/\\\/interamerica.org\\\/fr\\\/2014\\\/02\\\/les-adventistes-se-joignent-a-dautres-pour-denoncer-la-mutilation-genitale-feminine\\\/\",\"name\":\"Les Adventistes se joignent \u00e0 d\u2019autres pour d\u00e9noncer la Mutilation G\u00e9nitale Feminine - \u00c9glise Adventiste Du Septieme Jour - Inter Am\u00e9rique Division\",\"isPartOf\":{\"@id\":\"https:\\\/\\\/interamerica.org\\\/fr\\\/#website\"},\"primaryImageOfPage\":{\"@id\":\"https:\\\/\\\/interamerica.org\\\/fr\\\/2014\\\/02\\\/les-adventistes-se-joignent-a-dautres-pour-denoncer-la-mutilation-genitale-feminine\\\/#primaryimage\"},\"image\":{\"@id\":\"https:\\\/\\\/interamerica.org\\\/fr\\\/2014\\\/02\\\/les-adventistes-se-joignent-a-dautres-pour-denoncer-la-mutilation-genitale-feminine\\\/#primaryimage\"},\"thumbnailUrl\":\"https:\\\/\\\/interamerica.org\\\/wp-content\\\/uploads\\\/2017\\\/06\\\/ke-lgflag.gif\",\"datePublished\":\"2014-02-04T04:00:00+00:00\",\"author\":{\"@id\":\"https:\\\/\\\/interamerica.org\\\/fr\\\/#\\\/schema\\\/person\\\/68ede8bdc292885bb76c1e3810e73c39\"},\"breadcrumb\":{\"@id\":\"https:\\\/\\\/interamerica.org\\\/fr\\\/2014\\\/02\\\/les-adventistes-se-joignent-a-dautres-pour-denoncer-la-mutilation-genitale-feminine\\\/#breadcrumb\"},\"inLanguage\":\"fr-FR\",\"potentialAction\":[{\"@type\":\"ReadAction\",\"target\":[\"https:\\\/\\\/interamerica.org\\\/fr\\\/2014\\\/02\\\/les-adventistes-se-joignent-a-dautres-pour-denoncer-la-mutilation-genitale-feminine\\\/\"]}]},{\"@type\":\"ImageObject\",\"inLanguage\":\"fr-FR\",\"@id\":\"https:\\\/\\\/interamerica.org\\\/fr\\\/2014\\\/02\\\/les-adventistes-se-joignent-a-dautres-pour-denoncer-la-mutilation-genitale-feminine\\\/#primaryimage\",\"url\":\"https:\\\/\\\/interamerica.org\\\/wp-content\\\/uploads\\\/2017\\\/06\\\/ke-lgflag.gif\",\"contentUrl\":\"https:\\\/\\\/interamerica.org\\\/wp-content\\\/uploads\\\/2017\\\/06\\\/ke-lgflag.gif\",\"width\":400,\"height\":267},{\"@type\":\"BreadcrumbList\",\"@id\":\"https:\\\/\\\/interamerica.org\\\/fr\\\/2014\\\/02\\\/les-adventistes-se-joignent-a-dautres-pour-denoncer-la-mutilation-genitale-feminine\\\/#breadcrumb\",\"itemListElement\":[{\"@type\":\"ListItem\",\"position\":1,\"name\":\"Home\",\"item\":\"https:\\\/\\\/interamerica.org\\\/fr\\\/\"},{\"@type\":\"ListItem\",\"position\":2,\"name\":\"Les Adventistes se joignent \u00e0 d\u2019autres pour d\u00e9noncer la Mutilation G\u00e9nitale Feminine\"}]},{\"@type\":\"WebSite\",\"@id\":\"https:\\\/\\\/interamerica.org\\\/fr\\\/#website\",\"url\":\"https:\\\/\\\/interamerica.org\\\/fr\\\/\",\"name\":\"\u00c9glise Adventiste Du Septieme Jour - Inter Am\u00e9rique Division\",\"description\":\"\",\"potentialAction\":[{\"@type\":\"SearchAction\",\"target\":{\"@type\":\"EntryPoint\",\"urlTemplate\":\"https:\\\/\\\/interamerica.org\\\/fr\\\/?s={search_term_string}\"},\"query-input\":{\"@type\":\"PropertyValueSpecification\",\"valueRequired\":true,\"valueName\":\"search_term_string\"}}],\"inLanguage\":\"fr-FR\"},{\"@type\":\"Person\",\"@id\":\"https:\\\/\\\/interamerica.org\\\/fr\\\/#\\\/schema\\\/person\\\/68ede8bdc292885bb76c1e3810e73c39\",\"name\":\"Lorenzo Verduzco\",\"image\":{\"@type\":\"ImageObject\",\"inLanguage\":\"fr-FR\",\"@id\":\"https:\\\/\\\/secure.gravatar.com\\\/avatar\\\/fb81a55b6218459490a9c1dc841a34909185b81904c5337b4b27f7a6fd60c49e?s=96&d=mm&r=g\",\"url\":\"https:\\\/\\\/secure.gravatar.com\\\/avatar\\\/fb81a55b6218459490a9c1dc841a34909185b81904c5337b4b27f7a6fd60c49e?s=96&d=mm&r=g\",\"contentUrl\":\"https:\\\/\\\/secure.gravatar.com\\\/avatar\\\/fb81a55b6218459490a9c1dc841a34909185b81904c5337b4b27f7a6fd60c49e?s=96&d=mm&r=g\",\"caption\":\"Lorenzo Verduzco\"}}]}<\/script>\n<!-- \/ Yoast SEO plugin. -->","yoast_head_json":{"title":"Les Adventistes se joignent \u00e0 d\u2019autres pour d\u00e9noncer la Mutilation G\u00e9nitale Feminine - \u00c9glise Adventiste Du Septieme Jour - Inter Am\u00e9rique Division","robots":{"index":"index","follow":"follow","max-snippet":"max-snippet:-1","max-image-preview":"max-image-preview:large","max-video-preview":"max-video-preview:-1"},"canonical":"https:\/\/interamerica.org\/fr\/2014\/02\/les-adventistes-se-joignent-a-dautres-pour-denoncer-la-mutilation-genitale-feminine\/","og_locale":"fr_FR","og_type":"article","og_title":"Les Adventistes se joignent \u00e0 d\u2019autres pour d\u00e9noncer la Mutilation G\u00e9nitale Feminine - \u00c9glise Adventiste Du Septieme Jour - Inter Am\u00e9rique Division","og_description":"Le 6 f\u00e9vrier est la Journ\u00e9e Internationale de la Tol\u00e9rance Z\u00e9ro \u00e0 la Mutilation G\u00e9nitale F\u00e9minine (FGM), et les Adventistes du Septi\u00e8me jour font partie des nombreuses d\u00e9nominations, ONG et autres organisations qui oeuvrent pour mettre un terme \u00e0 cette pratique.","og_url":"https:\/\/interamerica.org\/fr\/2014\/02\/les-adventistes-se-joignent-a-dautres-pour-denoncer-la-mutilation-genitale-feminine\/","og_site_name":"\u00c9glise Adventiste Du Septieme Jour - Inter Am\u00e9rique Division","article_published_time":"2014-02-04T04:00:00+00:00","og_image":[{"width":400,"height":267,"url":"https:\/\/interamerica.org\/wp-content\/uploads\/2017\/06\/ke-lgflag.gif","type":"image\/gif"}],"author":"Lorenzo Verduzco","twitter_card":"summary_large_image","twitter_misc":{"\u00c9crit par":"Lorenzo Verduzco","Dur\u00e9e de lecture estim\u00e9e":"5 minutes"},"schema":{"@context":"https:\/\/schema.org","@graph":[{"@type":"Article","@id":"https:\/\/interamerica.org\/fr\/2014\/02\/les-adventistes-se-joignent-a-dautres-pour-denoncer-la-mutilation-genitale-feminine\/#article","isPartOf":{"@id":"https:\/\/interamerica.org\/fr\/2014\/02\/les-adventistes-se-joignent-a-dautres-pour-denoncer-la-mutilation-genitale-feminine\/"},"author":{"name":"Lorenzo Verduzco","@id":"https:\/\/interamerica.org\/fr\/#\/schema\/person\/68ede8bdc292885bb76c1e3810e73c39"},"headline":"Les Adventistes se joignent \u00e0 d\u2019autres pour d\u00e9noncer la Mutilation G\u00e9nitale Feminine","datePublished":"2014-02-04T04:00:00+00:00","mainEntityOfPage":{"@id":"https:\/\/interamerica.org\/fr\/2014\/02\/les-adventistes-se-joignent-a-dautres-pour-denoncer-la-mutilation-genitale-feminine\/"},"wordCount":1077,"image":{"@id":"https:\/\/interamerica.org\/fr\/2014\/02\/les-adventistes-se-joignent-a-dautres-pour-denoncer-la-mutilation-genitale-feminine\/#primaryimage"},"thumbnailUrl":"https:\/\/interamerica.org\/wp-content\/uploads\/2017\/06\/ke-lgflag.gif","articleSection":["Nouvelles de l'\u00c9glise mondiale"],"inLanguage":"fr-FR"},{"@type":"WebPage","@id":"https:\/\/interamerica.org\/fr\/2014\/02\/les-adventistes-se-joignent-a-dautres-pour-denoncer-la-mutilation-genitale-feminine\/","url":"https:\/\/interamerica.org\/fr\/2014\/02\/les-adventistes-se-joignent-a-dautres-pour-denoncer-la-mutilation-genitale-feminine\/","name":"Les Adventistes se joignent \u00e0 d\u2019autres pour d\u00e9noncer la Mutilation G\u00e9nitale Feminine - \u00c9glise Adventiste Du Septieme Jour - Inter Am\u00e9rique Division","isPartOf":{"@id":"https:\/\/interamerica.org\/fr\/#website"},"primaryImageOfPage":{"@id":"https:\/\/interamerica.org\/fr\/2014\/02\/les-adventistes-se-joignent-a-dautres-pour-denoncer-la-mutilation-genitale-feminine\/#primaryimage"},"image":{"@id":"https:\/\/interamerica.org\/fr\/2014\/02\/les-adventistes-se-joignent-a-dautres-pour-denoncer-la-mutilation-genitale-feminine\/#primaryimage"},"thumbnailUrl":"https:\/\/interamerica.org\/wp-content\/uploads\/2017\/06\/ke-lgflag.gif","datePublished":"2014-02-04T04:00:00+00:00","author":{"@id":"https:\/\/interamerica.org\/fr\/#\/schema\/person\/68ede8bdc292885bb76c1e3810e73c39"},"breadcrumb":{"@id":"https:\/\/interamerica.org\/fr\/2014\/02\/les-adventistes-se-joignent-a-dautres-pour-denoncer-la-mutilation-genitale-feminine\/#breadcrumb"},"inLanguage":"fr-FR","potentialAction":[{"@type":"ReadAction","target":["https:\/\/interamerica.org\/fr\/2014\/02\/les-adventistes-se-joignent-a-dautres-pour-denoncer-la-mutilation-genitale-feminine\/"]}]},{"@type":"ImageObject","inLanguage":"fr-FR","@id":"https:\/\/interamerica.org\/fr\/2014\/02\/les-adventistes-se-joignent-a-dautres-pour-denoncer-la-mutilation-genitale-feminine\/#primaryimage","url":"https:\/\/interamerica.org\/wp-content\/uploads\/2017\/06\/ke-lgflag.gif","contentUrl":"https:\/\/interamerica.org\/wp-content\/uploads\/2017\/06\/ke-lgflag.gif","width":400,"height":267},{"@type":"BreadcrumbList","@id":"https:\/\/interamerica.org\/fr\/2014\/02\/les-adventistes-se-joignent-a-dautres-pour-denoncer-la-mutilation-genitale-feminine\/#breadcrumb","itemListElement":[{"@type":"ListItem","position":1,"name":"Home","item":"https:\/\/interamerica.org\/fr\/"},{"@type":"ListItem","position":2,"name":"Les Adventistes se joignent \u00e0 d\u2019autres pour d\u00e9noncer la Mutilation G\u00e9nitale Feminine"}]},{"@type":"WebSite","@id":"https:\/\/interamerica.org\/fr\/#website","url":"https:\/\/interamerica.org\/fr\/","name":"\u00c9glise Adventiste Du Septieme Jour - Inter Am\u00e9rique Division","description":"","potentialAction":[{"@type":"SearchAction","target":{"@type":"EntryPoint","urlTemplate":"https:\/\/interamerica.org\/fr\/?s={search_term_string}"},"query-input":{"@type":"PropertyValueSpecification","valueRequired":true,"valueName":"search_term_string"}}],"inLanguage":"fr-FR"},{"@type":"Person","@id":"https:\/\/interamerica.org\/fr\/#\/schema\/person\/68ede8bdc292885bb76c1e3810e73c39","name":"Lorenzo Verduzco","image":{"@type":"ImageObject","inLanguage":"fr-FR","@id":"https:\/\/secure.gravatar.com\/avatar\/fb81a55b6218459490a9c1dc841a34909185b81904c5337b4b27f7a6fd60c49e?s=96&d=mm&r=g","url":"https:\/\/secure.gravatar.com\/avatar\/fb81a55b6218459490a9c1dc841a34909185b81904c5337b4b27f7a6fd60c49e?s=96&d=mm&r=g","contentUrl":"https:\/\/secure.gravatar.com\/avatar\/fb81a55b6218459490a9c1dc841a34909185b81904c5337b4b27f7a6fd60c49e?s=96&d=mm&r=g","caption":"Lorenzo Verduzco"}}]}},"_links":{"self":[{"href":"https:\/\/interamerica.org\/fr\/wp-json\/wp\/v2\/posts\/31872","targetHints":{"allow":["GET"]}}],"collection":[{"href":"https:\/\/interamerica.org\/fr\/wp-json\/wp\/v2\/posts"}],"about":[{"href":"https:\/\/interamerica.org\/fr\/wp-json\/wp\/v2\/types\/post"}],"author":[{"embeddable":true,"href":"https:\/\/interamerica.org\/fr\/wp-json\/wp\/v2\/users\/1"}],"replies":[{"embeddable":true,"href":"https:\/\/interamerica.org\/fr\/wp-json\/wp\/v2\/comments?post=31872"}],"version-history":[{"count":0,"href":"https:\/\/interamerica.org\/fr\/wp-json\/wp\/v2\/posts\/31872\/revisions"}],"wp:featuredmedia":[{"embeddable":true,"href":"https:\/\/interamerica.org\/fr\/wp-json\/wp\/v2\/media\/22071"}],"wp:attachment":[{"href":"https:\/\/interamerica.org\/fr\/wp-json\/wp\/v2\/media?parent=31872"}],"wp:term":[{"taxonomy":"category","embeddable":true,"href":"https:\/\/interamerica.org\/fr\/wp-json\/wp\/v2\/categories?post=31872"},{"taxonomy":"post_tag","embeddable":true,"href":"https:\/\/interamerica.org\/fr\/wp-json\/wp\/v2\/tags?post=31872"}],"curies":[{"name":"wp","href":"https:\/\/api.w.org\/{rel}","templated":true}]}}