{"id":31875,"date":"2014-02-10T00:00:00","date_gmt":"2014-02-10T04:00:00","guid":{"rendered":"http:\/\/192.81.217.108\/interamerica\/2014\/02\/les-reflexions-de-pasteur-monteiro-sur-sa-detention-en-prison\/"},"modified":"2014-02-10T00:00:00","modified_gmt":"2014-02-10T04:00:00","slug":"les-reflexions-de-pasteur-monteiro-sur-sa-detention-en-prison","status":"publish","type":"post","link":"https:\/\/interamerica.org\/fr\/2014\/02\/les-reflexions-de-pasteur-monteiro-sur-sa-detention-en-prison\/","title":{"rendered":"Les r\u00e9flexions de pasteur Monteiro sur sa d\u00e9tention en prison"},"content":{"rendered":"<p>7 F\u00e9vrier 2014 \u2013 Dakar, S\u00e9n\u00e9gal\u2026Delbert Baker<\/p>\n<div id=\"attachment_10607\" style=\"width: 310px\" class=\"wp-caption alignright\"><a href=\"\/interamerica\/wp-content\/uploads\/2017\/06\/csm_mont-int_a007af7d44.jpg\" rel=\"fancybox\" title=\"Les r\u00e9flexions de pasteur Monteiro sur sa d\u00e9tention en prison\"><img fetchpriority=\"high\" decoding=\"async\" aria-describedby=\"caption-attachment-10607\" class=\"size-medium wp-image-10607\" src=\"\/interamerica\/wp-content\/uploads\/2017\/06\/csm_mont-int_a007af7d44-300x225.jpg\" alt=\"\" width=\"300\" height=\"225\" \/><\/a><p id=\"caption-attachment-10607\" class=\"wp-caption-text\">Antonio Monteiro a \u00e9t\u00e9 accueilli par une foule de personnes qui l\u2019ont soutenu \u00e0 l\u2019a\u00e9roport du Cap Vert le mois dernier suite \u00e0 sa lib\u00e9ration de prison au Togo. Sa d\u00e9tention a fait l\u2019objet de plusieurs campagnes au niveau de l\u2019Eglise Adventiste mondiale demandant sa lib\u00e9ration. Image de la famille Monteiro.<\/p><\/div>\n<p>Le pasteur Adventiste du Septi\u00e8me jour, Antonio Monteiro dos Anjos, a \u00e9t\u00e9 arr\u00eat\u00e9, accus\u00e9 et emprisonn\u00e9 \u00e0 la Prison Civile de Lom\u00e9 au Togo le 15 mars 2012. Apr\u00e8s 22 mois, le natif du Cap Vert a \u00e9t\u00e9 d\u00e9clar\u00e9 innocent de toutes les accusations qui \u00e9taient port\u00e9es contre lui par la Cour d\u2019Appel du Togo, et il a \u00e9t\u00e9 lib\u00e9r\u00e9 le 13 janvier 2014. Des milliers d\u2019Adventistes du Septi\u00e8me jour, des personnes appartenant \u00e0 diverses d\u00e9nominations, et des d\u00e9fenseurs des droits de l\u2019homme \u00e0 travers le monde qui avaient pri\u00e9 et oeuvr\u00e9 pour obtenir la lib\u00e9ration du pasteur ont \u00e9t\u00e9 reconnaissants d\u2019apprendre sa remise en libert\u00e9. Cependant, d\u2019autres, y compris le membre d\u2019\u00e9glise Adventiste, Bruno Amah, demeurent encore en prison suite \u00e0 des accusations en rapport avec cette affaire.<\/p>\n<p>Antonio Monteiro et sa famille ont pass\u00e9 le premier sabbat depuis la fin de sa d\u00e9tention \u00e0 Dakar au S\u00e9n\u00e9gal alors qu\u2019ils \u00e9taient en route pour retrouver leur domicile au Cap Vert. Delbert Baker, un vice-pr\u00e9sident de l\u2019Eglise Adventiste du Septi\u00e8me jour au niveau mondial et repr\u00e9sentant du si\u00e8ge mondial de l\u2019\u00e9glise, a rencontr\u00e9 la famille Monteiro et les a accompagn\u00e9s au Cap Vert. Antonio Monteiro a re\u00e7u un accueil chaleureux et enthousiaste de la part de plus d\u2019un millier d\u2019amis et de personnes qui le soutiennent \u00e0 l\u2019A\u00e9roport International Nelson Mandela dans la ville capitale de Praia. Delbert Baker a interview\u00e9 pasteur Monteiro au S\u00e9n\u00e9gal o\u00f9 il a parl\u00e9 de sa p\u00e9riode d\u2019incarc\u00e9ration, de ses sentiments sur sa d\u00e9tention au Togo et de ce qu\u2019il envisage de faire maintenant.<\/p>\n<p>La traduction du portugais \u00e0 l\u2019anglais a \u00e9t\u00e9 assur\u00e9e par la fille de pasteur Monteiro, Andreia.<\/p>\n<p>REFLEXIONS<\/p>\n<p>Delbert Baker : En bref, comment auriez vous r\u00e9sum\u00e9 votre exp\u00e9rience au cours de laquelle vous avez \u00e9t\u00e9 accus\u00e9 faussement, vous avez \u00e9t\u00e9 arr\u00eat\u00e9, et emprisonn\u00e9 pendant pr\u00e8s de deux ans pour un crime que vous n\u2019avez pas commis ?<\/p>\n<p>Antonio Monteiro : J\u2019ai aid\u00e9 un homme qui est venu \u00e0 mon bureau demander de l\u2019aide, un homme que je n\u2019avais jamais vu auparavant. Quelques temps plus tard, ce m\u00eame homme, lorsqu\u2019il s\u2019est retrouv\u00e9 en probl\u00e8me avec la police, m\u2019a accus\u00e9, ainsi que d\u2019autres personnes, d\u2019\u00eatre li\u00e9s \u00e0 un crime dont je ne savais rien et avec lequel je n\u2019avais rien \u00e0 voir. Suite \u00e0 ces fausses accusations, j\u2019ai \u00e9t\u00e9 arr\u00eat\u00e9 et d\u00e9tenu injustement en prison.<\/p>\n<p>Lorsque cela s\u2019est produit, c\u2019est comme si le ciel m\u2019\u00e9tait tomb\u00e9 sur la t\u00eate. Le dernier sermon que j\u2019avais pr\u00each\u00e9 avant mon arrestation portait sur le r\u00e9veil personnel et la n\u00e9cessit\u00e9 de marcher avec Dieu. J\u2019\u00e9tais loin de me douter en pr\u00eachant ce sermon \u00e0 quel point j\u2019aurais besoin de croire et de suivre ces m\u00eames principes bibliques que j\u2019\u00e9voquais dans mon sermon. Ma foi \u00e9tait mise \u00e0 l\u2019\u00e9preuve, mais Dieu m\u2019a soutenu.<\/p>\n<p>Baker : les tribunaux du Togo ont d\u00e9clar\u00e9 votre innocence sur toutes les accusations qui avaient \u00e9t\u00e9 port\u00e9es contre vous. A l\u2019ou\u00efe du verdict, quelles \u00e9motions avez-vous ressenties ?<\/p>\n<p>Monteiro : J\u2019\u00e9tais reconnaissant, soulag\u00e9 et heureux. Je me rappelle le moment o\u00f9 le juge a lu la d\u00e9claration avec tous les termes l\u00e9gaux et les lois, les deux gardes qui se tenaient tranquillement \u00e0 mes c\u00f4t\u00e9s se sont tourn\u00e9s vers moi et m\u2019ont dit : \u00ab Pasteur, vous \u00eates libre ! \u00bb C\u2019\u00e9tait un moment \u00e9mouvant et heureux. Ma premi\u00e8re pens\u00e9e apr\u00e8s avoir entendu le verdict a \u00e9t\u00e9 le bonheur que je ressentirais de me retrouver avec mon \u00e9pouse et ma famille !<\/p>\n<p>Baker : Quels sont les facteurs qui ont finalement conduit \u00e0 votre acquittement et \u00e0 votre lib\u00e9ration ?<\/p>\n<p>Monteiro : Premi\u00e8rement c\u2019\u00e9tait l\u2019intervention directe de Dieu. Il a agit \u00e0 travers des personnes. J\u2019aurais pu \u00eatre laiss\u00e9 pour compte ou oubli\u00e9 en prison, mais mon \u00e9pouse et ma famille, les leaders des \u00e9glises Adventistes locales et les coll\u00e8gues \u00e0 tous les niveaux de l\u2019\u00e9glise ne m\u2019ont pas oubli\u00e9. Ensuite Dieu a \u0153uvr\u00e9 \u00e0 travers le gouvernement du Cap Vert et des avocats mobilis\u00e9s pour ma d\u00e9fense. La puissance de Dieu a \u00e9t\u00e9 magnifique.<\/p>\n<p>PROCES<\/p>\n<p>Baker : En reconsid\u00e9rant ce qui vous est arriv\u00e9, avez vous une id\u00e9e de la raison pour laquelle Dieu a permis \u00e0 tout ceci de se produire ?<\/p>\n<p>Monteiro : Je ne peux pas du tout expliquer pourquoi tout ceci est arriv\u00e9. Dieu \u00e9tait certainement en train de r\u00e9aliser quelque chose qui d\u00e9passait ma propre situation. Je r\u00e9alise que je n\u2019ai pas tous les \u00e9l\u00e9ments de r\u00e9ponse pour expliquer tout ce qui se passe dans ma vie. Il y a certaines choses que vous vivez que vous devez simplement accepter. Ma principale pr\u00e9occupation \u00e9tait pour ma famille. Si quelque chose leur \u00e9tait arriv\u00e9 par rapport \u00e0 ce que je traversais \u2013 cela aurait \u00e9t\u00e9 la pire des choses.<\/p>\n<p>Baker : Les accusations et la p\u00e9riode pass\u00e9e en prison, vous ont-elles mis en col\u00e8re ou rendu amer ?<\/p>\n<p>Monteiro : Non. Je n\u2019\u00e9tais ni en col\u00e8re ni amer. Je savais qu\u2019il n\u2019y avait aucun fondement aux accusations port\u00e9es contre moi et que j\u2019\u00e9tais trait\u00e9 injustement. Au d\u00e9but, je demandais souvent : \u00ab pourquoi est-ce que cela m\u2019arrivait \u00e0 moi ? \u00bb Ensuite j\u2019ai commenc\u00e9 \u00e0 demander : \u00ab Qu\u2019est-ce que Dieu voulait que j\u2019apprenne \u00e0 travers cette situation ? \u00bb<\/p>\n<p>C\u2019\u00e9tait une bien meilleure fa\u00e7on d\u2019aborder mon \u00e9preuve. J\u2019ai d\u00e9cid\u00e9 de ne pas passer du temps \u00e0 \u00eatre n\u00e9gatif, mais de l\u2019utiliser comme une exp\u00e9rience qui me permettrait d\u2019apprendre et de grandir. J\u2019ai vu tant d\u2019autres prisonniers qui \u00e9taient en col\u00e8re, furieux et contrari\u00e9s tout le temps. J\u2019ai pu constater comment la col\u00e8re et l\u2019amertume ont pu les briser et empoisonner leurs relations. Je ne voulais pas \u00eatre comme eux.<\/p>\n<p>Baker : Qu\u2019en est-il des autres qui \u00e9taient comme vous accus\u00e9s mais n\u2019ont pas \u00e9t\u00e9 lib\u00e9r\u00e9s ?<\/p>\n<p>Monteiro : Quelqu\u2019un m\u2019a dit, et je l\u2019ai cru : \u00ab J\u2019\u00e9tais en mission dans cette prison. Je ne laisserai pas cette prison avant que ma mission ne soit accomplie. Cela \u00e9tait vrai pour moi et cela est vrai aussi pour les autres. Nous avons une mission \u00e0 accomplir et Dieu sera avec nous que nous restions ici pour la faire ou que nous sortions au moment o\u00f9 Dieu le permettra.<\/p>\n<p>Lorsque j\u2019ai quitt\u00e9 la prison, j\u2019ai dit \u00e0 fr\u00e8re [Bruno] Amah, que je respecte et que je crois innocent, et aussi aux autres croyants, qu\u2019ils doivent poursuivre l\u2019\u0153uvre que nous avons commenc\u00e9e. Je prie encore que le m\u00eame Dieu qui a \u0153uvr\u00e9 avec nous dans le pass\u00e9 continuera d\u2019\u00eatre avec eux. Je demeure sensible \u00e0 la situation et je donne tout mon soutien.<\/p>\n<p>ACQUITTEMENT<\/p>\n<p>Baker : Et si votre verdict avait \u00e9t\u00e9 diff\u00e9rent ? Si vous n\u2019aviez pas \u00e9t\u00e9 lib\u00e9r\u00e9 ?<\/p>\n<p>Monteiro : C\u2019est une bonne question et je suis heureux de ce que je n\u2019ai pas \u00e0 g\u00e9rer un tel cas de figure (rires). Lorsque j\u2019\u00e9tais en prison, je croyais r\u00e9ellement que Dieu m\u2019aurait lib\u00e9r\u00e9. Il a imprim\u00e9 cette pens\u00e9e en moi. Cependant je savais que je ne pouvais pas dire beaucoup \u00e0 propos de cette conviction. Mais m\u00eame si je savais que Dieu m\u2019aurait lib\u00e9r\u00e9, j\u2019\u00e9tais pr\u00eat \u00e0 rester en prison ou \u00e0 faire tout sacrifice qui me serait demand\u00e9.<\/p>\n<p>Baker : Vous avez fait ce qu\u2019on attend d\u2019un Chr\u00e9tien en venant en aide \u00e0 quelqu\u2019un dans le besoin. Par la suite, la personne que vous avez aid\u00e9e vous a accus\u00e9 \u00e0 tort. Cette exp\u00e9rience vous pousse t-elle a repenser l\u2019id\u00e9e de venir en aide aux autres ?<\/p>\n<p>Monteiro : Non. Ce qui s\u2019est produit ne m\u2019influence pas \u00e0 ne pas aider les autres. Le fait que des choses malheureuses puissent se produire lorsque nous faisons le bien ne devrait pas nous amener \u00e0 arr\u00eater de faire le bien. J\u00e9sus a fait le bien et regardez comment Il a \u00e9t\u00e9 trait\u00e9 sur la croix. En prison, j\u2019ai pu aider plus de personnes que jamais auparavant. Cependant, en venant en aide aux autres, nous devrions toujours \u00eatre sages et r\u00e9fl\u00e9chis et prendre des pr\u00e9cautions empreintes de sagesse et de s\u00e9curit\u00e9.<\/p>\n<p>Baker : Croyez vous que votre exp\u00e9rience spirituelle pr\u00e9alable vous a pr\u00e9par\u00e9 pour cette \u00e9preuve ?<\/p>\n<p>Monteiro : Dieu ne permettra qu\u2019aucune exp\u00e9rience ou tentation ne vous survienne que vous ne puissiez g\u00e9rer. Je crois vraiment que Dieu nous pr\u00e9pare pour ce que nous aurons \u00e0 confronter. Oui, mon exp\u00e9rience pr\u00e9alable avec Dieu m\u2019a aid\u00e9 \u00e0 \u00eatre pr\u00eat pour g\u00e9rer et avancer dans cette situation. Ce n\u2019est pas cette situation en particulier qui vous pr\u00e9parera.<\/p>\n<p>Comme J\u00e9sus, j\u2019ai dit : \u00ab Seigneur, si c\u2019est possible, que cette coupe s\u2019\u00e9loigne de moi. \u00bb Mais ensuite j\u2019ai ajout\u00e9 : \u00ab pas ma volont\u00e9, mais que ta volont\u00e9 soit faite. \u00bb Ce sont des pens\u00e9es qui ne viennent pas une seule fois, mais qui reviennent de temps en temps. Chaque fois vous devez y faire face et les chasser par la foi et continuer d\u2019avancer en croyant.<\/p>\n<p>MINISTERE<\/p>\n<p>Baker : D\u00e9crivez une journ\u00e9e typique en prison<\/p>\n<p>Monteiro : J\u2019\u00e9tais dans une prison qui \u00e9tait pr\u00e9vue pour 500 d\u00e9tenus, mais elle contenait pr\u00e8s de 2000 prisonniers entass\u00e9s \u00e0 l\u2019int\u00e9rieur. Mon quartier en particulier h\u00e9bergeait entre 25 et 28 hommes, des cellules tr\u00e8s petites sans fen\u00eatre ou climatisation. Nous nous levions tr\u00e8s t\u00f4t. Je prenais le temps d\u2019avoir ma pri\u00e8re personnelle et lire la Bible et ensuite j\u2019allais dans la cour. Beaucoup de prisonniers consid\u00e9raient que la nourriture n\u2019\u00e9tait pas du tout de la nourriture. Bien entendu, on nous privait des libert\u00e9s fondamentales.<\/p>\n<p>A 17h30 chaque soir, le garde nous enfermait tous dans la cellule et vous ne pouviez plus sortir et ils ne revenaient que le matin suivant \u00e0 6h. Nous n\u2019avions pas de lits, juste des tapis sur le sol dur. Il y avait un grand seau au milieu de la pi\u00e8ce que tout le monde utilisait comme toilettes. Il n\u2019y avait aucune intimit\u00e9. Je dirai simplement que les conditions de vie \u00e9taient d\u00e9testables. A cause de cet environnement, il y avait des maladies et des risques de bagarres. Cependant, j\u2019ai \u00e9t\u00e9 b\u00e9ni de part la mani\u00e8re dont les autres prisonniers me respectaient et me traitaient et aussi du fait que je ne sois jamais tomb\u00e9 malade.<\/p>\n<p>Baker : Plusieurs personnes venant du monde entier vous ont visit\u00e9 en prison. Quel impact ont eu ces visites sur vous et le temps que vous avez pass\u00e9 en d\u00e9tention ?<\/p>\n<p>Monteiro : Oui, les visites ont \u00e9t\u00e9 des plus encourageantes. Je comprends mieux ce que dit la Bible lorsqu\u2019elle nous invite \u00e0 visiter ceux qui sont en prison. Chaque visite \u00e9tait un t\u00e9moignage et d\u00e9montrait l\u2019amour et le soutien.<\/p>\n<p>Le point culminant de ma journ\u00e9e c\u2019\u00e9tait lorsque mon \u00e9pouse me visitait. On lui permettait de m\u2019apporter de la nourriture, ce qu\u2019elle a fait chaque jour. Mes enfants aussi venaient souvent. J\u2019ai aussi re\u00e7u des visites des leaders de l\u2019Union et de la Mission, des pasteurs et des membres ; des visites de repr\u00e9sentants de la Division et de la Conf\u00e9rence G\u00e9n\u00e9rale, et aussi de personnes de mon pays, du Cap Vert.<\/p>\n<p>Une des visites des plus sp\u00e9ciales a \u00e9t\u00e9 celle de pasteur Ted, pr\u00e9sident de la Conf\u00e9rence G\u00e9n\u00e9rale des Adventiste du Septi\u00e8me jour. Tout le monde \u2013 les prisonniers, les gardes, les responsables de la prison, les membres et les gens de la communaut\u00e9 \u2013 \u00e9taient impressionn\u00e9s par le fait que le pr\u00e9sident ait pris le temps de venir et d\u2019effectuer cette visite.<\/p>\n<p>LE\u00c7ON<\/p>\n<p>Baker : Quelles le\u00e7ons tirez-vous de votre exp\u00e9rience en prison ?<\/p>\n<p>Monteiro : il y a de nombreuses le\u00e7ons que j\u2019ai apprises pendant ma d\u00e9tention. En voil\u00e0 quelques unes. J\u2019ai appris qu\u2019il y a beaucoup de puissance dans :<\/p>\n<p>D\u2019abord, le pardon sans ressentiment. Il y avait la tentation d\u2019\u00eatre amer et furieux par rapport \u00e0 la mani\u00e8re dont j\u2019\u00e9tais trait\u00e9. Mais je me suis rappel\u00e9 que J\u00e9sus avait aussi \u00e9t\u00e9 maltrait\u00e9 et accus\u00e9 faussement, m\u00eame par certains de ceux qui le suivaient. Donc mon plan consistait \u00e0 pardonner et \u00e0 n\u2019avoir aucun ressentiment. C\u2019est la raison pour laquelle j\u2019ai pu d\u2019entrer en relation de mani\u00e8re courtoise avec l\u2019homme qui m\u2019avait accus\u00e9 faussement : un homme qui plus tard a \u00e9t\u00e9 d\u00e9tenu dans la m\u00eame prison o\u00f9 je me trouvais. Cela m\u2019a donn\u00e9 de la force spirituelle et de l\u2019endurance.<\/p>\n<p>Ensuite, l\u2019acceptation sans abandonner. Je ne savais pas ce que serait mon avenir, mais j\u2019ai accept\u00e9 mon sort en prison. Je croyais que viendrait un moment o\u00f9 je serais lib\u00e9r\u00e9 bien que je ne sache pas quand et comment cela se produirait. Par cons\u00e9quent je n\u2019ai pas dit aux gens comment je r\u00e9agirais si je n\u2019\u00e9tais pas lib\u00e9r\u00e9. Pourquoi ? Parce que je ne voulais pas qu\u2019ils interpr\u00e8tent mal mes propos et qu\u2019ils pensent que j\u2019\u00e9tais en train de douter et que j\u2019\u00e9tais dans un \u00e9tat d\u2019incertitude. Je n\u2019ai jamais arr\u00eat\u00e9 de croire en et de travailler pour la justice contre les fausses accusations.<\/p>\n<p>Troisi\u00e8mement, la compassion et la g\u00e9n\u00e9rosit\u00e9. En prison il y a toujours un besoin d\u2019aider les gens. L\u2019amour et la compassion \u00e9taient tr\u00e8s importants dans cette prison. Nous avions beaucoup de d\u00e9tenus dans un espace r\u00e9duit. Dans cette situation difficile, il y a un r\u00e9el besoin de montrer l\u2019amour du Christ.<\/p>\n<p>Quand les gens avaient faim, avaient besoin d\u2019argent, \u00e9taient d\u00e9courag\u00e9s, avaient des probl\u00e8mes familiaux, j\u2019intervenais et j\u2019aidais toutes les fois o\u00f9 c\u2019\u00e9tait possible. Et puis quand les prisonniers s\u2019emportaient et se battaient, je cherchais \u00e0 amener la paix et la r\u00e9conciliation. Mais par dessus tout, lorsque les gens \u00e9taient ouverts, je proclamais l\u2019\u00e9vangile. Il y a un mot portugais, \u00ab morabeza \u00bb qui r\u00e9sume ce que je cherchais \u00e0 d\u00e9montrer. C\u2019est un mot tr\u00e8s fort qui signifie hospitalit\u00e9, compassion et amour.<\/p>\n<p>Quatri\u00e8mement, confiance permanente en Dieu. J\u2019ai continu\u00e9 de croire que Dieu \u00e9tait en prison avec moi. Je n\u2019abandonnais pas. Je pensais \u00e0 d\u2019autres personnages bibliques qui ont pass\u00e9 du temps en prison \u2013 Joseph, J\u00e9r\u00e9mie, Paul et d\u2019autres \u2013 et cela m\u2019a encourag\u00e9. Comme Paul, je n\u2019\u00e9tais pas un prisonnier du Togo, mais un prisonnier de J\u00e9sus Christ.<\/p>\n<p>Enfin, utiliser son temps sagement. J\u2019avais du temps devant moi. Je pouvais le gaspiller ou je pouvais l\u2019utiliser pour croitre mentalement et spirituellement. J\u2019ai lu la Bible, d\u2019autres livres. Je priais, \u00e9crivais un journal et pr\u00e9parais des d\u00e9votions. Je pouvais aussi pr\u00eacher, enseigner et conseiller les autres. J\u2019ai essay\u00e9 d\u2019utiliser mon temps de mani\u00e8re constructive.<\/p>\n<p>EXEMPLE<\/p>\n<p>Baker : Vous avez parl\u00e9 du fait de pardonner \u00e0 ceux qui vous avaient faussement accus\u00e9. Comment avez vous pu exercer le minist\u00e8re du pardon ?<\/p>\n<p>Monteiro : J\u2019ai simplement pardonn\u00e9. A la lumi\u00e8re de ma d\u00e9cision qui \u00e9tait de n\u2019\u00eatre ni en col\u00e8re, ni amer, je me suis r\u00e9solu \u00e0 pardonner comme Dieu m\u2019a pardonn\u00e9. La revanche n\u2019apporte rien, elle nous co\u00fbte.<\/p>\n<p>Les gens m\u2019ont vu traiter celui qui m\u2019avait accus\u00e9 correctement et avec gentillesse et ils ont voulu savoir comment je pouvais y parvenir. Cette d\u00e9monstration vivante du pardon a permis d\u2019ouvrir beaucoup de portes pour t\u00e9moigner et cela a commenc\u00e9 \u00e0 faire une diff\u00e9rence. La prison est devenu un endroit plus calme. Les gens disaient : \u00ab Nous ne pouvons plus nous battre comme nous le faisions quand pasteur Monteiro est l\u00e0 (rires) \u00bb L\u2019exemple du pardon est puissant et contagieux.<\/p>\n<p>Baker : Vous avez fait beaucoup d\u2019\u00e9vang\u00e9lisation et vous avez t\u00e9moign\u00e9. Il y a des photos de vous dirigeant des services de communion et des c\u00e9r\u00e9monies de bapt\u00eames. Parlez nous de vos activit\u00e9s missionnaires.<\/p>\n<p>Monteiro : La prison \u00e9tait un territoire d\u2019\u00e9vang\u00e9lisation et les d\u00e9tenus \u00e9taient des personnes \u00e0 aider, et si possible, gagner \u00e0 Christ. Les exp\u00e9riences de Paul, Daniel et Joseph en prison et la mani\u00e8re dont ils ont t\u00e9moign\u00e9 \u00e9taient de bons exemples. Paul a t\u00e9moign\u00e9 et a gagn\u00e9 des \u00e2mes pour Christ alors qu\u2019il avait des chaines. Daniel a \u00e9t\u00e9 jet\u00e9 en prison pendant un moment et a t\u00e9moign\u00e9 aupr\u00e8s du roi. Joseph se trouvait en prison injustement et pourtant il a t\u00e9moign\u00e9 et trait\u00e9 les autres prisonniers avec bont\u00e9.<\/p>\n<p>Lorsque je suis arriv\u00e9 \u00e0 la prison, on m\u2019a pr\u00e9sent\u00e9 comme un pasteur Adventiste du Septi\u00e8me jour. Ils voulaient que je pr\u00eache pour eux, alors je l\u2019ai fait. Je pr\u00eachais et donnais des \u00e9tudes bibliques r\u00e9guli\u00e8rement. Ensuite j\u2019ai distribu\u00e9 des ouvrages contenant la v\u00e9rit\u00e9 que l\u2019\u00e9glise avait amen\u00e9s \u00e0 la prison. Nous avons utilis\u00e9 et distribu\u00e9 la s\u00e9rie du \u00ab Conflit des Ages \u00bb ; des centaines d\u2019\u00e9tudes bibliques, la s\u00e9rie \u00ab Connect\u00e9s \u00e0 J\u00e9sus, \u00bb des livres comme \u00ab le Foyer Chr\u00e9tien, \u00bb \u00ab Vers J\u00e9sus, \u00bb et plus de 2000 copies de \u00ab La Trag\u00e9die des Si\u00e8cles. \u00bb<\/p>\n<p>Ensuite nous avons organis\u00e9 des groupes de pri\u00e8re et d\u2019\u00e9tude biblique. Nous avons aussi organis\u00e9 \u00ab Journ\u00e9e de Pri\u00e8re pour le Togo. \u00bb Pour la premi\u00e8re fois, des Musulmans, des Catholiques, des Protestants et des membres d\u2019autres religions se sont rassembl\u00e9s pour fraterniser et prier pour le pays et les dirigeants du Togo. Ces activit\u00e9s ont amen\u00e9 l\u2019unit\u00e9 dans la prison.<\/p>\n<p>Baker : le mod\u00e8le typique du minist\u00e8re en milieu carc\u00e9ral consiste \u00e0 avoir \u00ab quelqu\u2019un de l\u2019ext\u00e9rieur qui intervient aupr\u00e8s de ceux qui sont \u00e0 l\u2019int\u00e9rieur. \u00bb Dans votre cas, il s\u2019agissait d\u2019un minist\u00e8re de \u00ab l\u2019int\u00e9rieur vers l\u2019int\u00e9rieur. \u00bb Avez vous trouv\u00e9 difficile d\u2019exercer un minist\u00e8re en milieu carc\u00e9ral en tant que prisonnier vous m\u00eame ?<\/p>\n<p>Monteiro : \u00c0 certains moments, cela a \u00e9t\u00e9 difficile d\u2019exercer ce minist\u00e8re en prison, mais il y avait aussi de la joie, surtout lorsque vous voyez des pri\u00e8res exauc\u00e9es et des vies transform\u00e9es. Je ne suis pas arriv\u00e9 en prison avec un plan d\u2019\u00e9vang\u00e9lisation bien \u00e9tabli (rires). Le plan s\u2019est construit au fur et \u00e0 mesure des opportunit\u00e9s.<\/p>\n<p>Je pr\u00eachais le mardi et le jeudi et je donnais des \u00e9tudes bibliques pendant toute la semaine. J\u2019ai eu aussi du temps pour traduire la Bible et l\u2019Esprit de Proph\u00e9tie en portugais. Et puis il y avait les services de communion et les c\u00e9r\u00e9monies de bapt\u00eame qui \u00e9taient si significatives. Lors d\u2019une c\u00e9r\u00e9monie baptismale, neuf d\u00e9tenus ont \u00e9t\u00e9 baptis\u00e9s et se sont joints \u00e0 l\u2019Eglise Adventiste du Septi\u00e8me jour.<\/p>\n<p>FUTUR<\/p>\n<p>Baker : Quel est d\u2019apr\u00e8s vous l\u2019h\u00e9ritage spirituel laiss\u00e9 apr\u00e8s votre passage en prison ?<\/p>\n<p>Monteiro : Je ne suis pas sur que j\u2019appellerais cela un h\u00e9ritage, mais j\u2019aime \u00e0 penser que j\u2019ai accompli la mission que J\u00e9sus voulais que j\u2019accomplisse. Je suis arriv\u00e9 en prison, accus\u00e9 de quelque chose que je n\u2019avais pas fait. En prison, j\u2019ai d\u00e9couvert qu\u2019il y avait de grands besoins. J\u2019avais quelque chose de sp\u00e9cial \u00e0 offrir, un travail sp\u00e9cial \u00e0 r\u00e9aliser et je l\u2019ai fait.<\/p>\n<p>Baker : Votre minist\u00e8re se poursuivra sans aucun doute. Quelles sont les possibilit\u00e9s que vous entrevoyez pour l\u2019avenir ?<\/p>\n<p>Monteiro : Mon souhait est d\u2019exercer un minist\u00e8re aupr\u00e8s des gens et de les aider. Je verrai ce que Dieu a en r\u00e9serve pour moi dans l\u2019avenir. J\u2019ai un pastorat dans la F\u00e9d\u00e9ration du Cap Vert. De plus, j\u2019ai un grand int\u00e9r\u00eat pour le minist\u00e8re en milieu carc\u00e9ral et aupr\u00e8s de ceux qui s\u2019y trouvent. Je pense que je peux utiliser mon exp\u00e9rience pour exercer un minist\u00e8re dans ce domaine et am\u00e9liorer les choses. C\u2019est me minist\u00e8re que Christ encourage et beaucoup peut \u00eatre fait dans cet important domaine. Je suis d\u00e9sireux de partager mon t\u00e9moignage avec toute personne qui voudrait l\u2019entendre.<\/p>\n<p>RECONNAISSANT<\/p>\n<p>Baker : Quel message voudriez vous partager avec les Adventistes et les autres personnes \u00e0 travers le monde qui ont pri\u00e9 pour vous et sont heureux de vous savoir libre ?<\/p>\n<p>Monteiro : J\u2019ai un message. C\u2019est un message de remerciements. Dites merci \u00e0 toute l\u2019\u00e9glise mondiale, merci, merci. Je suis reconnaissant pour l\u2019amour, le soutien et les pri\u00e8res pendant tout le temps de mon incarc\u00e9ration. L\u2019amour de mon \u00e9pouse et de ma famille \u2013 oui, Dieu soit lou\u00e9, l\u2019amour de toute notre \u00e9glise demeurera avec moi.<\/p>\n<p>Je suis reconnaissant pour le soutien de l\u2019Eglise Adventiste qui a \u00e9t\u00e9 un puissant t\u00e9moignage aupr\u00e8s du gouvernement et du peuple du Togo. Cela a aussi donn\u00e9 une image forte \u00e0 mon pays disant que les Adventistes sont unis et solidaires.<\/p>\n<p>Je suis reconnaissant envers pasteur Ted Wilson pour sa visite \u00e0 la prison et son continuel soutien. Et je suis aussi reconnaissant envers pasteur Wari et le personnel de la Division de l\u2019Afrique du Centre Ouest, et aussi pasteur Guy Roger (et son \u00e9quipe), pasteur Salomon Assienin et l\u2019Union du Sahel. Un merci sp\u00e9cial \u00e0 Dr John Graz, Dr Ganoune Diop et vous aussi \u00e0 la Conf\u00e9rence G\u00e9n\u00e9rale et au D\u00e9partement de la Libert\u00e9 Religieuse qui m\u2019avez aid\u00e9 ainsi que ma famille et avez men\u00e9 le mouvement mondial pour me lib\u00e9rer. J\u2019exprime aussi ma profonde appr\u00e9ciation pour les avocats de la d\u00e9fense et Todd Mcfarland [du Bureau de Conseil G\u00e9n\u00e9ral] de la Conf\u00e9rence G\u00e9n\u00e9rale pour leur leurs bon conseils en mati\u00e8re l\u00e9gale et pour leur travail \u00e0 la d\u00e9fense. Je remercie la Conf\u00e9rence G\u00e9n\u00e9rale, Dr Baker pour \u00eatre venu nous accueillir et nous accompagner au cap Vert apr\u00e8s ma lib\u00e9ration de prison.<\/p>\n<p>Je suis donc reconnaissant envers toux ceux qui m\u2019ont soutenu de diverses mani\u00e8res. Les mots ne pourront jamais totalement exprimer ma gratitude. J\u2019ai tellement de raisons d\u2019\u00eatre reconnaissant.<\/p>\n<p>Traduction: Patrick Luciathe<\/p>\n","protected":false},"excerpt":{"rendered":"<p>Le pasteur Adventiste du Septi\u00e8me jour, Antonio Monteiro dos Anjos, a \u00e9t\u00e9 arr\u00eat\u00e9, accus\u00e9 et emprisonn\u00e9 \u00e0 la Prison Civile de Lom\u00e9 au Togo le 15 mars 2012. Apr\u00e8s 22 mois, le natif du Cap Vert a \u00e9t\u00e9 d\u00e9clar\u00e9 innocent de toutes les accusations qui \u00e9taient port\u00e9es contre lui par la Cour d\u2019Appel du Togo, et il a \u00e9t\u00e9 lib\u00e9r\u00e9 le 13 janvier 2014.<\/p>\n","protected":false},"author":1,"featured_media":22602,"comment_status":"closed","ping_status":"closed","sticky":false,"template":"","format":"standard","meta":{"_acf_changed":false,"footnotes":""},"categories":[18],"tags":[],"class_list":["post-31875","post","type-post","status-publish","format-standard","has-post-thumbnail","hentry","category-nouvelles-de-leglise-mondiale"],"acf":[],"yoast_head":"<!-- This site is optimized with the Yoast SEO plugin v27.3 - https:\/\/yoast.com\/product\/yoast-seo-wordpress\/ -->\n<title>Les r\u00e9flexions de pasteur Monteiro sur sa d\u00e9tention en prison - \u00c9glise Adventiste Du Septieme Jour - Inter Am\u00e9rique Division<\/title>\n<meta name=\"robots\" content=\"index, follow, max-snippet:-1, max-image-preview:large, max-video-preview:-1\" \/>\n<link rel=\"canonical\" href=\"https:\/\/interamerica.org\/fr\/2014\/02\/les-reflexions-de-pasteur-monteiro-sur-sa-detention-en-prison\/\" \/>\n<meta property=\"og:locale\" content=\"fr_FR\" \/>\n<meta property=\"og:type\" content=\"article\" \/>\n<meta property=\"og:title\" content=\"Les r\u00e9flexions de pasteur Monteiro sur sa d\u00e9tention en prison - \u00c9glise Adventiste Du Septieme Jour - Inter Am\u00e9rique Division\" \/>\n<meta property=\"og:description\" content=\"Le pasteur Adventiste du Septi\u00e8me jour, Antonio Monteiro dos Anjos, a \u00e9t\u00e9 arr\u00eat\u00e9, accus\u00e9 et emprisonn\u00e9 \u00e0 la Prison Civile de Lom\u00e9 au Togo le 15 mars 2012. Apr\u00e8s 22 mois, le natif du Cap Vert a \u00e9t\u00e9 d\u00e9clar\u00e9 innocent de toutes les accusations qui \u00e9taient port\u00e9es contre lui par la Cour d\u2019Appel du Togo, et il a \u00e9t\u00e9 lib\u00e9r\u00e9 le 13 janvier 2014.\" \/>\n<meta property=\"og:url\" content=\"https:\/\/interamerica.org\/fr\/2014\/02\/les-reflexions-de-pasteur-monteiro-sur-sa-detention-en-prison\/\" \/>\n<meta property=\"og:site_name\" content=\"\u00c9glise Adventiste Du Septieme Jour - Inter Am\u00e9rique Division\" \/>\n<meta property=\"article:published_time\" content=\"2014-02-10T04:00:00+00:00\" \/>\n<meta property=\"og:image\" content=\"https:\/\/interamerica.org\/wp-content\/uploads\/2017\/06\/csm_mont-int_a007af7d44.jpg\" \/>\n\t<meta property=\"og:image:width\" content=\"400\" \/>\n\t<meta property=\"og:image:height\" content=\"300\" \/>\n\t<meta property=\"og:image:type\" content=\"image\/jpeg\" \/>\n<meta name=\"author\" content=\"Lorenzo Verduzco\" \/>\n<meta name=\"twitter:card\" content=\"summary_large_image\" \/>\n<meta name=\"twitter:label1\" content=\"\u00c9crit par\" \/>\n\t<meta name=\"twitter:data1\" content=\"Lorenzo Verduzco\" \/>\n\t<meta name=\"twitter:label2\" content=\"Dur\u00e9e de lecture estim\u00e9e\" \/>\n\t<meta name=\"twitter:data2\" content=\"20 minutes\" \/>\n<script type=\"application\/ld+json\" class=\"yoast-schema-graph\">{\"@context\":\"https:\\\/\\\/schema.org\",\"@graph\":[{\"@type\":\"Article\",\"@id\":\"https:\\\/\\\/interamerica.org\\\/fr\\\/2014\\\/02\\\/les-reflexions-de-pasteur-monteiro-sur-sa-detention-en-prison\\\/#article\",\"isPartOf\":{\"@id\":\"https:\\\/\\\/interamerica.org\\\/fr\\\/2014\\\/02\\\/les-reflexions-de-pasteur-monteiro-sur-sa-detention-en-prison\\\/\"},\"author\":{\"name\":\"Lorenzo Verduzco\",\"@id\":\"https:\\\/\\\/interamerica.org\\\/fr\\\/#\\\/schema\\\/person\\\/68ede8bdc292885bb76c1e3810e73c39\"},\"headline\":\"Les r\u00e9flexions de pasteur Monteiro sur sa d\u00e9tention en prison\",\"datePublished\":\"2014-02-10T04:00:00+00:00\",\"mainEntityOfPage\":{\"@id\":\"https:\\\/\\\/interamerica.org\\\/fr\\\/2014\\\/02\\\/les-reflexions-de-pasteur-monteiro-sur-sa-detention-en-prison\\\/\"},\"wordCount\":3947,\"image\":{\"@id\":\"https:\\\/\\\/interamerica.org\\\/fr\\\/2014\\\/02\\\/les-reflexions-de-pasteur-monteiro-sur-sa-detention-en-prison\\\/#primaryimage\"},\"thumbnailUrl\":\"https:\\\/\\\/interamerica.org\\\/wp-content\\\/uploads\\\/2017\\\/06\\\/csm_mont-int_a007af7d44.jpg\",\"articleSection\":[\"Nouvelles de l'\u00c9glise mondiale\"],\"inLanguage\":\"fr-FR\"},{\"@type\":\"WebPage\",\"@id\":\"https:\\\/\\\/interamerica.org\\\/fr\\\/2014\\\/02\\\/les-reflexions-de-pasteur-monteiro-sur-sa-detention-en-prison\\\/\",\"url\":\"https:\\\/\\\/interamerica.org\\\/fr\\\/2014\\\/02\\\/les-reflexions-de-pasteur-monteiro-sur-sa-detention-en-prison\\\/\",\"name\":\"Les r\u00e9flexions de pasteur Monteiro sur sa d\u00e9tention en prison - \u00c9glise Adventiste Du Septieme Jour - Inter Am\u00e9rique Division\",\"isPartOf\":{\"@id\":\"https:\\\/\\\/interamerica.org\\\/fr\\\/#website\"},\"primaryImageOfPage\":{\"@id\":\"https:\\\/\\\/interamerica.org\\\/fr\\\/2014\\\/02\\\/les-reflexions-de-pasteur-monteiro-sur-sa-detention-en-prison\\\/#primaryimage\"},\"image\":{\"@id\":\"https:\\\/\\\/interamerica.org\\\/fr\\\/2014\\\/02\\\/les-reflexions-de-pasteur-monteiro-sur-sa-detention-en-prison\\\/#primaryimage\"},\"thumbnailUrl\":\"https:\\\/\\\/interamerica.org\\\/wp-content\\\/uploads\\\/2017\\\/06\\\/csm_mont-int_a007af7d44.jpg\",\"datePublished\":\"2014-02-10T04:00:00+00:00\",\"author\":{\"@id\":\"https:\\\/\\\/interamerica.org\\\/fr\\\/#\\\/schema\\\/person\\\/68ede8bdc292885bb76c1e3810e73c39\"},\"breadcrumb\":{\"@id\":\"https:\\\/\\\/interamerica.org\\\/fr\\\/2014\\\/02\\\/les-reflexions-de-pasteur-monteiro-sur-sa-detention-en-prison\\\/#breadcrumb\"},\"inLanguage\":\"fr-FR\",\"potentialAction\":[{\"@type\":\"ReadAction\",\"target\":[\"https:\\\/\\\/interamerica.org\\\/fr\\\/2014\\\/02\\\/les-reflexions-de-pasteur-monteiro-sur-sa-detention-en-prison\\\/\"]}]},{\"@type\":\"ImageObject\",\"inLanguage\":\"fr-FR\",\"@id\":\"https:\\\/\\\/interamerica.org\\\/fr\\\/2014\\\/02\\\/les-reflexions-de-pasteur-monteiro-sur-sa-detention-en-prison\\\/#primaryimage\",\"url\":\"https:\\\/\\\/interamerica.org\\\/wp-content\\\/uploads\\\/2017\\\/06\\\/csm_mont-int_a007af7d44.jpg\",\"contentUrl\":\"https:\\\/\\\/interamerica.org\\\/wp-content\\\/uploads\\\/2017\\\/06\\\/csm_mont-int_a007af7d44.jpg\",\"width\":400,\"height\":300},{\"@type\":\"BreadcrumbList\",\"@id\":\"https:\\\/\\\/interamerica.org\\\/fr\\\/2014\\\/02\\\/les-reflexions-de-pasteur-monteiro-sur-sa-detention-en-prison\\\/#breadcrumb\",\"itemListElement\":[{\"@type\":\"ListItem\",\"position\":1,\"name\":\"Home\",\"item\":\"https:\\\/\\\/interamerica.org\\\/fr\\\/\"},{\"@type\":\"ListItem\",\"position\":2,\"name\":\"Les r\u00e9flexions de pasteur Monteiro sur sa d\u00e9tention en prison\"}]},{\"@type\":\"WebSite\",\"@id\":\"https:\\\/\\\/interamerica.org\\\/fr\\\/#website\",\"url\":\"https:\\\/\\\/interamerica.org\\\/fr\\\/\",\"name\":\"\u00c9glise Adventiste Du Septieme Jour - Inter Am\u00e9rique Division\",\"description\":\"\",\"potentialAction\":[{\"@type\":\"SearchAction\",\"target\":{\"@type\":\"EntryPoint\",\"urlTemplate\":\"https:\\\/\\\/interamerica.org\\\/fr\\\/?s={search_term_string}\"},\"query-input\":{\"@type\":\"PropertyValueSpecification\",\"valueRequired\":true,\"valueName\":\"search_term_string\"}}],\"inLanguage\":\"fr-FR\"},{\"@type\":\"Person\",\"@id\":\"https:\\\/\\\/interamerica.org\\\/fr\\\/#\\\/schema\\\/person\\\/68ede8bdc292885bb76c1e3810e73c39\",\"name\":\"Lorenzo Verduzco\",\"image\":{\"@type\":\"ImageObject\",\"inLanguage\":\"fr-FR\",\"@id\":\"https:\\\/\\\/secure.gravatar.com\\\/avatar\\\/fb81a55b6218459490a9c1dc841a34909185b81904c5337b4b27f7a6fd60c49e?s=96&d=mm&r=g\",\"url\":\"https:\\\/\\\/secure.gravatar.com\\\/avatar\\\/fb81a55b6218459490a9c1dc841a34909185b81904c5337b4b27f7a6fd60c49e?s=96&d=mm&r=g\",\"contentUrl\":\"https:\\\/\\\/secure.gravatar.com\\\/avatar\\\/fb81a55b6218459490a9c1dc841a34909185b81904c5337b4b27f7a6fd60c49e?s=96&d=mm&r=g\",\"caption\":\"Lorenzo Verduzco\"}}]}<\/script>\n<!-- \/ Yoast SEO plugin. -->","yoast_head_json":{"title":"Les r\u00e9flexions de pasteur Monteiro sur sa d\u00e9tention en prison - \u00c9glise Adventiste Du Septieme Jour - Inter Am\u00e9rique Division","robots":{"index":"index","follow":"follow","max-snippet":"max-snippet:-1","max-image-preview":"max-image-preview:large","max-video-preview":"max-video-preview:-1"},"canonical":"https:\/\/interamerica.org\/fr\/2014\/02\/les-reflexions-de-pasteur-monteiro-sur-sa-detention-en-prison\/","og_locale":"fr_FR","og_type":"article","og_title":"Les r\u00e9flexions de pasteur Monteiro sur sa d\u00e9tention en prison - \u00c9glise Adventiste Du Septieme Jour - Inter Am\u00e9rique Division","og_description":"Le pasteur Adventiste du Septi\u00e8me jour, Antonio Monteiro dos Anjos, a \u00e9t\u00e9 arr\u00eat\u00e9, accus\u00e9 et emprisonn\u00e9 \u00e0 la Prison Civile de Lom\u00e9 au Togo le 15 mars 2012. Apr\u00e8s 22 mois, le natif du Cap Vert a \u00e9t\u00e9 d\u00e9clar\u00e9 innocent de toutes les accusations qui \u00e9taient port\u00e9es contre lui par la Cour d\u2019Appel du Togo, et il a \u00e9t\u00e9 lib\u00e9r\u00e9 le 13 janvier 2014.","og_url":"https:\/\/interamerica.org\/fr\/2014\/02\/les-reflexions-de-pasteur-monteiro-sur-sa-detention-en-prison\/","og_site_name":"\u00c9glise Adventiste Du Septieme Jour - Inter Am\u00e9rique Division","article_published_time":"2014-02-10T04:00:00+00:00","og_image":[{"width":400,"height":300,"url":"https:\/\/interamerica.org\/wp-content\/uploads\/2017\/06\/csm_mont-int_a007af7d44.jpg","type":"image\/jpeg"}],"author":"Lorenzo Verduzco","twitter_card":"summary_large_image","twitter_misc":{"\u00c9crit par":"Lorenzo Verduzco","Dur\u00e9e de lecture estim\u00e9e":"20 minutes"},"schema":{"@context":"https:\/\/schema.org","@graph":[{"@type":"Article","@id":"https:\/\/interamerica.org\/fr\/2014\/02\/les-reflexions-de-pasteur-monteiro-sur-sa-detention-en-prison\/#article","isPartOf":{"@id":"https:\/\/interamerica.org\/fr\/2014\/02\/les-reflexions-de-pasteur-monteiro-sur-sa-detention-en-prison\/"},"author":{"name":"Lorenzo Verduzco","@id":"https:\/\/interamerica.org\/fr\/#\/schema\/person\/68ede8bdc292885bb76c1e3810e73c39"},"headline":"Les r\u00e9flexions de pasteur Monteiro sur sa d\u00e9tention en prison","datePublished":"2014-02-10T04:00:00+00:00","mainEntityOfPage":{"@id":"https:\/\/interamerica.org\/fr\/2014\/02\/les-reflexions-de-pasteur-monteiro-sur-sa-detention-en-prison\/"},"wordCount":3947,"image":{"@id":"https:\/\/interamerica.org\/fr\/2014\/02\/les-reflexions-de-pasteur-monteiro-sur-sa-detention-en-prison\/#primaryimage"},"thumbnailUrl":"https:\/\/interamerica.org\/wp-content\/uploads\/2017\/06\/csm_mont-int_a007af7d44.jpg","articleSection":["Nouvelles de l'\u00c9glise mondiale"],"inLanguage":"fr-FR"},{"@type":"WebPage","@id":"https:\/\/interamerica.org\/fr\/2014\/02\/les-reflexions-de-pasteur-monteiro-sur-sa-detention-en-prison\/","url":"https:\/\/interamerica.org\/fr\/2014\/02\/les-reflexions-de-pasteur-monteiro-sur-sa-detention-en-prison\/","name":"Les r\u00e9flexions de pasteur Monteiro sur sa d\u00e9tention en prison - \u00c9glise Adventiste Du Septieme Jour - Inter Am\u00e9rique Division","isPartOf":{"@id":"https:\/\/interamerica.org\/fr\/#website"},"primaryImageOfPage":{"@id":"https:\/\/interamerica.org\/fr\/2014\/02\/les-reflexions-de-pasteur-monteiro-sur-sa-detention-en-prison\/#primaryimage"},"image":{"@id":"https:\/\/interamerica.org\/fr\/2014\/02\/les-reflexions-de-pasteur-monteiro-sur-sa-detention-en-prison\/#primaryimage"},"thumbnailUrl":"https:\/\/interamerica.org\/wp-content\/uploads\/2017\/06\/csm_mont-int_a007af7d44.jpg","datePublished":"2014-02-10T04:00:00+00:00","author":{"@id":"https:\/\/interamerica.org\/fr\/#\/schema\/person\/68ede8bdc292885bb76c1e3810e73c39"},"breadcrumb":{"@id":"https:\/\/interamerica.org\/fr\/2014\/02\/les-reflexions-de-pasteur-monteiro-sur-sa-detention-en-prison\/#breadcrumb"},"inLanguage":"fr-FR","potentialAction":[{"@type":"ReadAction","target":["https:\/\/interamerica.org\/fr\/2014\/02\/les-reflexions-de-pasteur-monteiro-sur-sa-detention-en-prison\/"]}]},{"@type":"ImageObject","inLanguage":"fr-FR","@id":"https:\/\/interamerica.org\/fr\/2014\/02\/les-reflexions-de-pasteur-monteiro-sur-sa-detention-en-prison\/#primaryimage","url":"https:\/\/interamerica.org\/wp-content\/uploads\/2017\/06\/csm_mont-int_a007af7d44.jpg","contentUrl":"https:\/\/interamerica.org\/wp-content\/uploads\/2017\/06\/csm_mont-int_a007af7d44.jpg","width":400,"height":300},{"@type":"BreadcrumbList","@id":"https:\/\/interamerica.org\/fr\/2014\/02\/les-reflexions-de-pasteur-monteiro-sur-sa-detention-en-prison\/#breadcrumb","itemListElement":[{"@type":"ListItem","position":1,"name":"Home","item":"https:\/\/interamerica.org\/fr\/"},{"@type":"ListItem","position":2,"name":"Les r\u00e9flexions de pasteur Monteiro sur sa d\u00e9tention en prison"}]},{"@type":"WebSite","@id":"https:\/\/interamerica.org\/fr\/#website","url":"https:\/\/interamerica.org\/fr\/","name":"\u00c9glise Adventiste Du Septieme Jour - Inter Am\u00e9rique Division","description":"","potentialAction":[{"@type":"SearchAction","target":{"@type":"EntryPoint","urlTemplate":"https:\/\/interamerica.org\/fr\/?s={search_term_string}"},"query-input":{"@type":"PropertyValueSpecification","valueRequired":true,"valueName":"search_term_string"}}],"inLanguage":"fr-FR"},{"@type":"Person","@id":"https:\/\/interamerica.org\/fr\/#\/schema\/person\/68ede8bdc292885bb76c1e3810e73c39","name":"Lorenzo Verduzco","image":{"@type":"ImageObject","inLanguage":"fr-FR","@id":"https:\/\/secure.gravatar.com\/avatar\/fb81a55b6218459490a9c1dc841a34909185b81904c5337b4b27f7a6fd60c49e?s=96&d=mm&r=g","url":"https:\/\/secure.gravatar.com\/avatar\/fb81a55b6218459490a9c1dc841a34909185b81904c5337b4b27f7a6fd60c49e?s=96&d=mm&r=g","contentUrl":"https:\/\/secure.gravatar.com\/avatar\/fb81a55b6218459490a9c1dc841a34909185b81904c5337b4b27f7a6fd60c49e?s=96&d=mm&r=g","caption":"Lorenzo Verduzco"}}]}},"_links":{"self":[{"href":"https:\/\/interamerica.org\/fr\/wp-json\/wp\/v2\/posts\/31875","targetHints":{"allow":["GET"]}}],"collection":[{"href":"https:\/\/interamerica.org\/fr\/wp-json\/wp\/v2\/posts"}],"about":[{"href":"https:\/\/interamerica.org\/fr\/wp-json\/wp\/v2\/types\/post"}],"author":[{"embeddable":true,"href":"https:\/\/interamerica.org\/fr\/wp-json\/wp\/v2\/users\/1"}],"replies":[{"embeddable":true,"href":"https:\/\/interamerica.org\/fr\/wp-json\/wp\/v2\/comments?post=31875"}],"version-history":[{"count":0,"href":"https:\/\/interamerica.org\/fr\/wp-json\/wp\/v2\/posts\/31875\/revisions"}],"wp:featuredmedia":[{"embeddable":true,"href":"https:\/\/interamerica.org\/fr\/wp-json\/wp\/v2\/media\/22602"}],"wp:attachment":[{"href":"https:\/\/interamerica.org\/fr\/wp-json\/wp\/v2\/media?parent=31875"}],"wp:term":[{"taxonomy":"category","embeddable":true,"href":"https:\/\/interamerica.org\/fr\/wp-json\/wp\/v2\/categories?post=31875"},{"taxonomy":"post_tag","embeddable":true,"href":"https:\/\/interamerica.org\/fr\/wp-json\/wp\/v2\/tags?post=31875"}],"curies":[{"name":"wp","href":"https:\/\/api.w.org\/{rel}","templated":true}]}}