{"id":31876,"date":"2014-02-11T00:00:00","date_gmt":"2014-02-11T04:00:00","guid":{"rendered":"http:\/\/192.81.217.108\/interamerica\/2014\/02\/en-europe-les-adventistes-invitent-lalliance-pour-le-repos-dominical-a-ne-pas-faire-de-discrimination\/"},"modified":"2014-02-11T00:00:00","modified_gmt":"2014-02-11T04:00:00","slug":"en-europe-les-adventistes-invitent-lalliance-pour-le-repos-dominical-a-ne-pas-faire-de-discrimination","status":"publish","type":"post","link":"https:\/\/interamerica.org\/fr\/2014\/02\/en-europe-les-adventistes-invitent-lalliance-pour-le-repos-dominical-a-ne-pas-faire-de-discrimination\/","title":{"rendered":"En Europe, les Adventistes invitent l\u2019Alliance pour le Repos Dominical \u00e0 ne pas faire de discrimination"},"content":{"rendered":"<p>11 F\u00e9vrier 2014 \u2013 Silver Spring, Maryland, Etats Unis\u2026ANN<\/p>\n<div id=\"attachment_10628\" style=\"width: 310px\" class=\"wp-caption alignright\"><a href=\"\/interamerica\/wp-content\/uploads\/2017\/06\/csm_EU-web_f416e67f68.jpg\" rel=\"fancybox\" title=\"En Europe, les Adventistes invitent l\u2019Alliance pour le Repos Dominical \u00e0 ne pas faire de discrimination\"><img fetchpriority=\"high\" decoding=\"async\" aria-describedby=\"caption-attachment-10628\" class=\"size-medium wp-image-10628\" src=\"\/interamerica\/wp-content\/uploads\/2017\/06\/csm_EU-web_f416e67f68-300x225.jpg\" alt=\"\" width=\"300\" height=\"225\" \/><\/a><p id=\"caption-attachment-10628\" class=\"wp-caption-text\">Une alliance promouvant un \u00e9quilibre entre le travail et la vie personnelle en Europe fait du lobbying aupr\u00e8s du Parlement Europ\u00e9en pour que ce dernier valide l\u2019id\u00e9e du repos dominical sur le continent. Ci-dessus, une salle de comit\u00e9 de l\u2019Union Europ\u00e9enne \u00e0 Bruxelles en Belgique. Image : Wikimedia Commons.<\/p><\/div>\n<p>L\u2019Alliance Europ\u00e9enne pour le Repos Dominical, une coalition d\u2019alliance dominicales nationales, de syndicats, d\u2019organisations de la soci\u00e9t\u00e9 civile et de groupes religieux, \u00e9tablie en 2011, suscite un certain int\u00e9r\u00eat au Parlement Europ\u00e9en mais continue de pr\u00e9occuper les d\u00e9fenseurs de la libert\u00e9 religieuse.<\/p>\n<p>Lors de la Deuxi\u00e8me Conf\u00e9rence sur les Dimanches Ch\u00f4m\u00e9s et le Travail Raisonnable, l\u2019alliance a lanc\u00e9 un engagement visant les membres pr\u00e9sents et les futurs membres du Parlement Europ\u00e9en, demandant aux l\u00e9gislateurs de promouvoir une loi qui \u00ab respecte \u00bb le dimanche comme un \u00ab jour de repos \u00bb et garantit un nombre raisonnable d\u2019heures de travail.<\/p>\n<p>\u00ab Un dimanche ch\u00f4m\u00e9 et des heures de travail raisonnables sont d\u2019une importance capitale pour les citoyens et les travailleurs \u00e0 travers l\u2019Europe, \u00bb indique un document distribu\u00e9 par l\u2019alliance, qui ajoute que le fait d\u2019\u00e9tendre la semaine de travail \u00e0 \u00ab des heures tardives le soir, la nuit, les jours f\u00e9ri\u00e9s et les dimanches \u00bb met en danger la sant\u00e9, la s\u00e9curit\u00e9, la famille et la vie priv\u00e9e des employ\u00e9s.<\/p>\n<p>L\u2019alliance argumente \u00e9galement qu\u2019une semaine de travail plus longue avec moins de jours de cong\u00e9 ne constitue pas la r\u00e9ponse aux difficult\u00e9s financi\u00e8res av\u00e9r\u00e9es de l\u2019Europe \u2013 cela favorise au contraire la cr\u00e9ation d\u2019emploi et la comp\u00e9titivit\u00e9.<\/p>\n<p>\u00ab La comp\u00e9titivit\u00e9 a besoin de l\u2019innovation, l\u2019innovation a besoin de la cr\u00e9ativit\u00e9 et la cr\u00e9ativit\u00e9 a besoin de r\u00e9cr\u00e9ation, \u00bb d\u00e9clare le document.<\/p>\n<p>En dehors des arguments \u00e9conomiques, les minorit\u00e9s religieuses en Europe \u2013 parmi lesquelles les Musulmans, les Juifs et les Adventistes du Septi\u00e8me jour \u2013 s\u2019inqui\u00e8tent de ce que la proposition pourrait empi\u00e9ter sur la libre expression des croyances religieuses, en d\u00e9pit de ses objectifs bien intentionn\u00e9s de r\u00e9duction du stress et de la surcharge de travail.<\/p>\n<p>\u00ab Des millions de citoyens Europ\u00e9ens appartenant \u00e0 des minorit\u00e9s religieuses pourraient \u00eatre affect\u00e9s par [les] aspirations de l\u2019Union Europ\u00e9enne \u00e0 la Loi du Dimanche, \u00bb a d\u00e9clar\u00e9 Liviu Olteanu, directeur des Affaires Publiques et de la Libert\u00e9 Religieuse pour la Division Intereurop\u00e9enne de l\u2019Eglise Adventiste (EUD).<\/p>\n<p>Dans un communiqu\u00e9 de presse en date du 21 janvier, la EUD a approuv\u00e9 la position de Hannu Takkula, un membre finnois du Parlement Europ\u00e9en qui s\u2019est exprim\u00e9 contre l\u2019id\u00e9e du dimanche ch\u00f4m\u00e9.<\/p>\n<p>\u00ab La l\u00e9gislation ne doit jamais faire de discrimination sur la base de la religion. Une loi \u00e9tablissant le dimanche comme le jour ch\u00f4m\u00e9 universel ferait exactement \u00e7a, \u00bb a d\u00e9clar\u00e9 Takkula dans un r\u00e9cent communiqu\u00e9.<\/p>\n<p>\u00ab La libert\u00e9 de religion et de croyance est une valeur Europ\u00e9enne fondamentale\u2026L\u2019Union Europ\u00e9enne doit garantir \u00e0 toute personne des libert\u00e9s et des droits \u00e9gaux pour c\u00e9l\u00e9brer le jour de repos selon ses convictions, \u00bb a t-il ajout\u00e9.<\/p>\n<p>John Graz, directeur des Affaires Publiques et de la Libert\u00e9 Religieuse pour l\u2019Eglise Adventiste mondiale, a d\u00e9clar\u00e9 qu\u2019il \u00e9tait ravi que Takkula et d\u2019autres membres du Parlement prennent une position claire contre le dimanche ch\u00f4m\u00e9.<\/p>\n<p>\u00ab Nus encourageons tous les l\u00e9gislateurs en Europe \u00e0 prot\u00e9ger les droits des personnes de toutes les religions, y compris ceux qui n\u2019observent pas le dimanche comme jour de repos, \u00bb a dit John Graz.<\/p>\n<p>Les Adventistes en Europe s\u2019interrogent sur les effets du dimanche ch\u00f4m\u00e9 depuis la mise en place de l\u2019Alliance pour le Repos Dominical.<\/p>\n<p>En 2011, Raafat Kamal, directeur des Affaires Publiques et de la Libert\u00e9 Religieuse pour l\u2019Eglise Adventiste en Europe du Nord a dit que les Adventistes \u00ab soutiennent la notion que les gens ont besoin d\u2019un jour de repos pour parvenir \u00e0 un \u00e9quilibre entre le travail et la vie personnelle, \u00bb mais que \u00ab dans le m\u00eame temps, nous voulons nous assurer que ceux qui n\u2019observent pas le dimanche comme jour de repos d\u00e9sign\u00e9 seront respect\u00e9s. \u00bb<\/p>\n<p>Maintenant, Olteanu appelle directement les membres du Parlement Europ\u00e9en \u00e0 \u00ab ne pas interf\u00e9rer dans des questions relatives \u00e0 la libert\u00e9 religieuse et la libert\u00e9 de conscience, proposant ou acceptant des lois qui affectent la libert\u00e9 religieuse des minorit\u00e9s religieuses. \u00bb<\/p>\n<p>Liviu Olteanu a encourag\u00e9 les membres de l\u2019Eglise Adventiste en Europe \u00e0 prier pour la situation et \u00e0 contacter leurs membres du Parlement respectifs ou candidats au Parlement Europ\u00e9en afin de faire du lobbying pour leur libert\u00e9 religieuse.<\/p>\n<p>\u00ab Nous devrions nous engager avec sagesse, \u00e9quilibre et avec [une] attitude positive, \u00e0 \u00eatre des ambassadeurs de libert\u00e9, d\u2019espoir et de paix, aimant les autres, mais cherchant toujours \u00e0 promouvoir et \u00e0 d\u00e9fendre la libert\u00e9 religieuse pour toute personne, \u00bb a d\u00e9clar\u00e9 Liviu Olteanu.<\/p>\n<p>Traduction: Patrick Luciathe<\/p>\n","protected":false},"excerpt":{"rendered":"<p>Lors d\u2019une conf\u00e9rence qui s\u2019est tenue \u00e0 Bruxelles en Belgique le mois dernier, une alliance promouvant un \u00e9quilibre entre le travail et la vie personnelle et la coh\u00e9sion sociale en Europe r\u00e9it\u00e8re son appel en faveur du dimanche comme jour ch\u00f4m\u00e9.<\/p>\n","protected":false},"author":1,"featured_media":22608,"comment_status":"closed","ping_status":"closed","sticky":false,"template":"","format":"standard","meta":{"_acf_changed":false,"footnotes":""},"categories":[18],"tags":[],"class_list":["post-31876","post","type-post","status-publish","format-standard","has-post-thumbnail","hentry","category-nouvelles-de-leglise-mondiale"],"acf":[],"yoast_head":"<!-- This site is optimized with the Yoast SEO plugin v27.3 - https:\/\/yoast.com\/product\/yoast-seo-wordpress\/ -->\n<title>En Europe, les Adventistes invitent l\u2019Alliance pour le Repos Dominical \u00e0 ne pas faire de discrimination - \u00c9glise Adventiste Du Septieme Jour - Inter Am\u00e9rique Division<\/title>\n<meta name=\"robots\" content=\"index, follow, max-snippet:-1, max-image-preview:large, max-video-preview:-1\" \/>\n<link rel=\"canonical\" href=\"https:\/\/interamerica.org\/fr\/2014\/02\/en-europe-les-adventistes-invitent-lalliance-pour-le-repos-dominical-a-ne-pas-faire-de-discrimination\/\" \/>\n<meta property=\"og:locale\" content=\"fr_FR\" \/>\n<meta property=\"og:type\" content=\"article\" \/>\n<meta property=\"og:title\" content=\"En Europe, les Adventistes invitent l\u2019Alliance pour le Repos Dominical \u00e0 ne pas faire de discrimination - \u00c9glise Adventiste Du Septieme Jour - Inter Am\u00e9rique Division\" \/>\n<meta property=\"og:description\" content=\"Lors d\u2019une conf\u00e9rence qui s\u2019est tenue \u00e0 Bruxelles en Belgique le mois dernier, une alliance promouvant un \u00e9quilibre entre le travail et la vie personnelle et la coh\u00e9sion sociale en Europe r\u00e9it\u00e8re son appel en faveur du dimanche comme jour ch\u00f4m\u00e9.\" \/>\n<meta property=\"og:url\" content=\"https:\/\/interamerica.org\/fr\/2014\/02\/en-europe-les-adventistes-invitent-lalliance-pour-le-repos-dominical-a-ne-pas-faire-de-discrimination\/\" \/>\n<meta property=\"og:site_name\" content=\"\u00c9glise Adventiste Du Septieme Jour - Inter Am\u00e9rique Division\" \/>\n<meta property=\"article:published_time\" content=\"2014-02-11T04:00:00+00:00\" \/>\n<meta property=\"og:image\" content=\"https:\/\/interamerica.org\/wp-content\/uploads\/2017\/06\/csm_EU-web_f416e67f68.jpg\" \/>\n\t<meta property=\"og:image:width\" content=\"400\" \/>\n\t<meta property=\"og:image:height\" content=\"300\" \/>\n\t<meta property=\"og:image:type\" content=\"image\/jpeg\" \/>\n<meta name=\"author\" content=\"Lorenzo Verduzco\" \/>\n<meta name=\"twitter:card\" content=\"summary_large_image\" \/>\n<meta name=\"twitter:label1\" content=\"\u00c9crit par\" \/>\n\t<meta name=\"twitter:data1\" content=\"Lorenzo Verduzco\" \/>\n\t<meta name=\"twitter:label2\" content=\"Dur\u00e9e de lecture estim\u00e9e\" \/>\n\t<meta name=\"twitter:data2\" content=\"4 minutes\" \/>\n<script type=\"application\/ld+json\" class=\"yoast-schema-graph\">{\"@context\":\"https:\\\/\\\/schema.org\",\"@graph\":[{\"@type\":\"Article\",\"@id\":\"https:\\\/\\\/interamerica.org\\\/fr\\\/2014\\\/02\\\/en-europe-les-adventistes-invitent-lalliance-pour-le-repos-dominical-a-ne-pas-faire-de-discrimination\\\/#article\",\"isPartOf\":{\"@id\":\"https:\\\/\\\/interamerica.org\\\/fr\\\/2014\\\/02\\\/en-europe-les-adventistes-invitent-lalliance-pour-le-repos-dominical-a-ne-pas-faire-de-discrimination\\\/\"},\"author\":{\"name\":\"Lorenzo Verduzco\",\"@id\":\"https:\\\/\\\/interamerica.org\\\/fr\\\/#\\\/schema\\\/person\\\/68ede8bdc292885bb76c1e3810e73c39\"},\"headline\":\"En Europe, les Adventistes invitent l\u2019Alliance pour le Repos Dominical \u00e0 ne pas faire de discrimination\",\"datePublished\":\"2014-02-11T04:00:00+00:00\",\"mainEntityOfPage\":{\"@id\":\"https:\\\/\\\/interamerica.org\\\/fr\\\/2014\\\/02\\\/en-europe-les-adventistes-invitent-lalliance-pour-le-repos-dominical-a-ne-pas-faire-de-discrimination\\\/\"},\"wordCount\":880,\"image\":{\"@id\":\"https:\\\/\\\/interamerica.org\\\/fr\\\/2014\\\/02\\\/en-europe-les-adventistes-invitent-lalliance-pour-le-repos-dominical-a-ne-pas-faire-de-discrimination\\\/#primaryimage\"},\"thumbnailUrl\":\"https:\\\/\\\/interamerica.org\\\/wp-content\\\/uploads\\\/2017\\\/06\\\/csm_EU-web_f416e67f68.jpg\",\"articleSection\":[\"Nouvelles de l'\u00c9glise mondiale\"],\"inLanguage\":\"fr-FR\"},{\"@type\":\"WebPage\",\"@id\":\"https:\\\/\\\/interamerica.org\\\/fr\\\/2014\\\/02\\\/en-europe-les-adventistes-invitent-lalliance-pour-le-repos-dominical-a-ne-pas-faire-de-discrimination\\\/\",\"url\":\"https:\\\/\\\/interamerica.org\\\/fr\\\/2014\\\/02\\\/en-europe-les-adventistes-invitent-lalliance-pour-le-repos-dominical-a-ne-pas-faire-de-discrimination\\\/\",\"name\":\"En Europe, les Adventistes invitent l\u2019Alliance pour le Repos Dominical \u00e0 ne pas faire de discrimination - \u00c9glise Adventiste Du Septieme Jour - Inter Am\u00e9rique Division\",\"isPartOf\":{\"@id\":\"https:\\\/\\\/interamerica.org\\\/fr\\\/#website\"},\"primaryImageOfPage\":{\"@id\":\"https:\\\/\\\/interamerica.org\\\/fr\\\/2014\\\/02\\\/en-europe-les-adventistes-invitent-lalliance-pour-le-repos-dominical-a-ne-pas-faire-de-discrimination\\\/#primaryimage\"},\"image\":{\"@id\":\"https:\\\/\\\/interamerica.org\\\/fr\\\/2014\\\/02\\\/en-europe-les-adventistes-invitent-lalliance-pour-le-repos-dominical-a-ne-pas-faire-de-discrimination\\\/#primaryimage\"},\"thumbnailUrl\":\"https:\\\/\\\/interamerica.org\\\/wp-content\\\/uploads\\\/2017\\\/06\\\/csm_EU-web_f416e67f68.jpg\",\"datePublished\":\"2014-02-11T04:00:00+00:00\",\"author\":{\"@id\":\"https:\\\/\\\/interamerica.org\\\/fr\\\/#\\\/schema\\\/person\\\/68ede8bdc292885bb76c1e3810e73c39\"},\"breadcrumb\":{\"@id\":\"https:\\\/\\\/interamerica.org\\\/fr\\\/2014\\\/02\\\/en-europe-les-adventistes-invitent-lalliance-pour-le-repos-dominical-a-ne-pas-faire-de-discrimination\\\/#breadcrumb\"},\"inLanguage\":\"fr-FR\",\"potentialAction\":[{\"@type\":\"ReadAction\",\"target\":[\"https:\\\/\\\/interamerica.org\\\/fr\\\/2014\\\/02\\\/en-europe-les-adventistes-invitent-lalliance-pour-le-repos-dominical-a-ne-pas-faire-de-discrimination\\\/\"]}]},{\"@type\":\"ImageObject\",\"inLanguage\":\"fr-FR\",\"@id\":\"https:\\\/\\\/interamerica.org\\\/fr\\\/2014\\\/02\\\/en-europe-les-adventistes-invitent-lalliance-pour-le-repos-dominical-a-ne-pas-faire-de-discrimination\\\/#primaryimage\",\"url\":\"https:\\\/\\\/interamerica.org\\\/wp-content\\\/uploads\\\/2017\\\/06\\\/csm_EU-web_f416e67f68.jpg\",\"contentUrl\":\"https:\\\/\\\/interamerica.org\\\/wp-content\\\/uploads\\\/2017\\\/06\\\/csm_EU-web_f416e67f68.jpg\",\"width\":400,\"height\":300},{\"@type\":\"BreadcrumbList\",\"@id\":\"https:\\\/\\\/interamerica.org\\\/fr\\\/2014\\\/02\\\/en-europe-les-adventistes-invitent-lalliance-pour-le-repos-dominical-a-ne-pas-faire-de-discrimination\\\/#breadcrumb\",\"itemListElement\":[{\"@type\":\"ListItem\",\"position\":1,\"name\":\"Home\",\"item\":\"https:\\\/\\\/interamerica.org\\\/fr\\\/\"},{\"@type\":\"ListItem\",\"position\":2,\"name\":\"En Europe, les Adventistes invitent l\u2019Alliance pour le Repos Dominical \u00e0 ne pas faire de discrimination\"}]},{\"@type\":\"WebSite\",\"@id\":\"https:\\\/\\\/interamerica.org\\\/fr\\\/#website\",\"url\":\"https:\\\/\\\/interamerica.org\\\/fr\\\/\",\"name\":\"\u00c9glise Adventiste Du Septieme Jour - Inter Am\u00e9rique Division\",\"description\":\"\",\"potentialAction\":[{\"@type\":\"SearchAction\",\"target\":{\"@type\":\"EntryPoint\",\"urlTemplate\":\"https:\\\/\\\/interamerica.org\\\/fr\\\/?s={search_term_string}\"},\"query-input\":{\"@type\":\"PropertyValueSpecification\",\"valueRequired\":true,\"valueName\":\"search_term_string\"}}],\"inLanguage\":\"fr-FR\"},{\"@type\":\"Person\",\"@id\":\"https:\\\/\\\/interamerica.org\\\/fr\\\/#\\\/schema\\\/person\\\/68ede8bdc292885bb76c1e3810e73c39\",\"name\":\"Lorenzo Verduzco\",\"image\":{\"@type\":\"ImageObject\",\"inLanguage\":\"fr-FR\",\"@id\":\"https:\\\/\\\/secure.gravatar.com\\\/avatar\\\/fb81a55b6218459490a9c1dc841a34909185b81904c5337b4b27f7a6fd60c49e?s=96&d=mm&r=g\",\"url\":\"https:\\\/\\\/secure.gravatar.com\\\/avatar\\\/fb81a55b6218459490a9c1dc841a34909185b81904c5337b4b27f7a6fd60c49e?s=96&d=mm&r=g\",\"contentUrl\":\"https:\\\/\\\/secure.gravatar.com\\\/avatar\\\/fb81a55b6218459490a9c1dc841a34909185b81904c5337b4b27f7a6fd60c49e?s=96&d=mm&r=g\",\"caption\":\"Lorenzo Verduzco\"}}]}<\/script>\n<!-- \/ Yoast SEO plugin. -->","yoast_head_json":{"title":"En Europe, les Adventistes invitent l\u2019Alliance pour le Repos Dominical \u00e0 ne pas faire de discrimination - \u00c9glise Adventiste Du Septieme Jour - Inter Am\u00e9rique Division","robots":{"index":"index","follow":"follow","max-snippet":"max-snippet:-1","max-image-preview":"max-image-preview:large","max-video-preview":"max-video-preview:-1"},"canonical":"https:\/\/interamerica.org\/fr\/2014\/02\/en-europe-les-adventistes-invitent-lalliance-pour-le-repos-dominical-a-ne-pas-faire-de-discrimination\/","og_locale":"fr_FR","og_type":"article","og_title":"En Europe, les Adventistes invitent l\u2019Alliance pour le Repos Dominical \u00e0 ne pas faire de discrimination - \u00c9glise Adventiste Du Septieme Jour - Inter Am\u00e9rique Division","og_description":"Lors d\u2019une conf\u00e9rence qui s\u2019est tenue \u00e0 Bruxelles en Belgique le mois dernier, une alliance promouvant un \u00e9quilibre entre le travail et la vie personnelle et la coh\u00e9sion sociale en Europe r\u00e9it\u00e8re son appel en faveur du dimanche comme jour ch\u00f4m\u00e9.","og_url":"https:\/\/interamerica.org\/fr\/2014\/02\/en-europe-les-adventistes-invitent-lalliance-pour-le-repos-dominical-a-ne-pas-faire-de-discrimination\/","og_site_name":"\u00c9glise Adventiste Du Septieme Jour - Inter Am\u00e9rique Division","article_published_time":"2014-02-11T04:00:00+00:00","og_image":[{"width":400,"height":300,"url":"https:\/\/interamerica.org\/wp-content\/uploads\/2017\/06\/csm_EU-web_f416e67f68.jpg","type":"image\/jpeg"}],"author":"Lorenzo Verduzco","twitter_card":"summary_large_image","twitter_misc":{"\u00c9crit par":"Lorenzo Verduzco","Dur\u00e9e de lecture estim\u00e9e":"4 minutes"},"schema":{"@context":"https:\/\/schema.org","@graph":[{"@type":"Article","@id":"https:\/\/interamerica.org\/fr\/2014\/02\/en-europe-les-adventistes-invitent-lalliance-pour-le-repos-dominical-a-ne-pas-faire-de-discrimination\/#article","isPartOf":{"@id":"https:\/\/interamerica.org\/fr\/2014\/02\/en-europe-les-adventistes-invitent-lalliance-pour-le-repos-dominical-a-ne-pas-faire-de-discrimination\/"},"author":{"name":"Lorenzo Verduzco","@id":"https:\/\/interamerica.org\/fr\/#\/schema\/person\/68ede8bdc292885bb76c1e3810e73c39"},"headline":"En Europe, les Adventistes invitent l\u2019Alliance pour le Repos Dominical \u00e0 ne pas faire de discrimination","datePublished":"2014-02-11T04:00:00+00:00","mainEntityOfPage":{"@id":"https:\/\/interamerica.org\/fr\/2014\/02\/en-europe-les-adventistes-invitent-lalliance-pour-le-repos-dominical-a-ne-pas-faire-de-discrimination\/"},"wordCount":880,"image":{"@id":"https:\/\/interamerica.org\/fr\/2014\/02\/en-europe-les-adventistes-invitent-lalliance-pour-le-repos-dominical-a-ne-pas-faire-de-discrimination\/#primaryimage"},"thumbnailUrl":"https:\/\/interamerica.org\/wp-content\/uploads\/2017\/06\/csm_EU-web_f416e67f68.jpg","articleSection":["Nouvelles de l'\u00c9glise mondiale"],"inLanguage":"fr-FR"},{"@type":"WebPage","@id":"https:\/\/interamerica.org\/fr\/2014\/02\/en-europe-les-adventistes-invitent-lalliance-pour-le-repos-dominical-a-ne-pas-faire-de-discrimination\/","url":"https:\/\/interamerica.org\/fr\/2014\/02\/en-europe-les-adventistes-invitent-lalliance-pour-le-repos-dominical-a-ne-pas-faire-de-discrimination\/","name":"En Europe, les Adventistes invitent l\u2019Alliance pour le Repos Dominical \u00e0 ne pas faire de discrimination - \u00c9glise Adventiste Du Septieme Jour - Inter Am\u00e9rique Division","isPartOf":{"@id":"https:\/\/interamerica.org\/fr\/#website"},"primaryImageOfPage":{"@id":"https:\/\/interamerica.org\/fr\/2014\/02\/en-europe-les-adventistes-invitent-lalliance-pour-le-repos-dominical-a-ne-pas-faire-de-discrimination\/#primaryimage"},"image":{"@id":"https:\/\/interamerica.org\/fr\/2014\/02\/en-europe-les-adventistes-invitent-lalliance-pour-le-repos-dominical-a-ne-pas-faire-de-discrimination\/#primaryimage"},"thumbnailUrl":"https:\/\/interamerica.org\/wp-content\/uploads\/2017\/06\/csm_EU-web_f416e67f68.jpg","datePublished":"2014-02-11T04:00:00+00:00","author":{"@id":"https:\/\/interamerica.org\/fr\/#\/schema\/person\/68ede8bdc292885bb76c1e3810e73c39"},"breadcrumb":{"@id":"https:\/\/interamerica.org\/fr\/2014\/02\/en-europe-les-adventistes-invitent-lalliance-pour-le-repos-dominical-a-ne-pas-faire-de-discrimination\/#breadcrumb"},"inLanguage":"fr-FR","potentialAction":[{"@type":"ReadAction","target":["https:\/\/interamerica.org\/fr\/2014\/02\/en-europe-les-adventistes-invitent-lalliance-pour-le-repos-dominical-a-ne-pas-faire-de-discrimination\/"]}]},{"@type":"ImageObject","inLanguage":"fr-FR","@id":"https:\/\/interamerica.org\/fr\/2014\/02\/en-europe-les-adventistes-invitent-lalliance-pour-le-repos-dominical-a-ne-pas-faire-de-discrimination\/#primaryimage","url":"https:\/\/interamerica.org\/wp-content\/uploads\/2017\/06\/csm_EU-web_f416e67f68.jpg","contentUrl":"https:\/\/interamerica.org\/wp-content\/uploads\/2017\/06\/csm_EU-web_f416e67f68.jpg","width":400,"height":300},{"@type":"BreadcrumbList","@id":"https:\/\/interamerica.org\/fr\/2014\/02\/en-europe-les-adventistes-invitent-lalliance-pour-le-repos-dominical-a-ne-pas-faire-de-discrimination\/#breadcrumb","itemListElement":[{"@type":"ListItem","position":1,"name":"Home","item":"https:\/\/interamerica.org\/fr\/"},{"@type":"ListItem","position":2,"name":"En Europe, les Adventistes invitent l\u2019Alliance pour le Repos Dominical \u00e0 ne pas faire de discrimination"}]},{"@type":"WebSite","@id":"https:\/\/interamerica.org\/fr\/#website","url":"https:\/\/interamerica.org\/fr\/","name":"\u00c9glise Adventiste Du Septieme Jour - Inter Am\u00e9rique Division","description":"","potentialAction":[{"@type":"SearchAction","target":{"@type":"EntryPoint","urlTemplate":"https:\/\/interamerica.org\/fr\/?s={search_term_string}"},"query-input":{"@type":"PropertyValueSpecification","valueRequired":true,"valueName":"search_term_string"}}],"inLanguage":"fr-FR"},{"@type":"Person","@id":"https:\/\/interamerica.org\/fr\/#\/schema\/person\/68ede8bdc292885bb76c1e3810e73c39","name":"Lorenzo Verduzco","image":{"@type":"ImageObject","inLanguage":"fr-FR","@id":"https:\/\/secure.gravatar.com\/avatar\/fb81a55b6218459490a9c1dc841a34909185b81904c5337b4b27f7a6fd60c49e?s=96&d=mm&r=g","url":"https:\/\/secure.gravatar.com\/avatar\/fb81a55b6218459490a9c1dc841a34909185b81904c5337b4b27f7a6fd60c49e?s=96&d=mm&r=g","contentUrl":"https:\/\/secure.gravatar.com\/avatar\/fb81a55b6218459490a9c1dc841a34909185b81904c5337b4b27f7a6fd60c49e?s=96&d=mm&r=g","caption":"Lorenzo Verduzco"}}]}},"_links":{"self":[{"href":"https:\/\/interamerica.org\/fr\/wp-json\/wp\/v2\/posts\/31876","targetHints":{"allow":["GET"]}}],"collection":[{"href":"https:\/\/interamerica.org\/fr\/wp-json\/wp\/v2\/posts"}],"about":[{"href":"https:\/\/interamerica.org\/fr\/wp-json\/wp\/v2\/types\/post"}],"author":[{"embeddable":true,"href":"https:\/\/interamerica.org\/fr\/wp-json\/wp\/v2\/users\/1"}],"replies":[{"embeddable":true,"href":"https:\/\/interamerica.org\/fr\/wp-json\/wp\/v2\/comments?post=31876"}],"version-history":[{"count":0,"href":"https:\/\/interamerica.org\/fr\/wp-json\/wp\/v2\/posts\/31876\/revisions"}],"wp:featuredmedia":[{"embeddable":true,"href":"https:\/\/interamerica.org\/fr\/wp-json\/wp\/v2\/media\/22608"}],"wp:attachment":[{"href":"https:\/\/interamerica.org\/fr\/wp-json\/wp\/v2\/media?parent=31876"}],"wp:term":[{"taxonomy":"category","embeddable":true,"href":"https:\/\/interamerica.org\/fr\/wp-json\/wp\/v2\/categories?post=31876"},{"taxonomy":"post_tag","embeddable":true,"href":"https:\/\/interamerica.org\/fr\/wp-json\/wp\/v2\/tags?post=31876"}],"curies":[{"name":"wp","href":"https:\/\/api.w.org\/{rel}","templated":true}]}}