{"id":31877,"date":"2014-02-14T00:00:00","date_gmt":"2014-02-14T04:00:00","guid":{"rendered":"http:\/\/192.81.217.108\/interamerica\/2014\/02\/inter-amerique-leglise-met-laccent-sur-la-consolidation-des-familles-pastorales\/"},"modified":"2014-02-14T00:00:00","modified_gmt":"2014-02-14T04:00:00","slug":"inter-amerique-leglise-met-laccent-sur-la-consolidation-des-familles-pastorales","status":"publish","type":"post","link":"https:\/\/interamerica.org\/fr\/2014\/02\/inter-amerique-leglise-met-laccent-sur-la-consolidation-des-familles-pastorales\/","title":{"rendered":"Inter Am\u00e9rique: l&rsquo;\u00e9glise met l&rsquo;accent sur la consolidation des familles pastorales."},"content":{"rendered":"<div id=\"attachment_10658\" style=\"width: 600px\" class=\"wp-caption aligncenter\"><a href=\"\/interamerica\/wp-content\/uploads\/2017\/06\/PWPrayergroup.png\" rel=\"fancybox\" title=\"Inter Am\u00e9rique: l'\u00e9glise met l'accent sur la consolidation des familles pastorales.\"><img fetchpriority=\"high\" decoding=\"async\" aria-describedby=\"caption-attachment-10658\" class=\"size-full wp-image-10658\" src=\"\/interamerica\/wp-content\/uploads\/2017\/06\/PWPrayergroup.png\" alt=\"\" width=\"590\" height=\"399\" \/><\/a><p id=\"caption-attachment-10658\" class=\"wp-caption-text\">Le pr\u00e9sident de la DIA, pasteur Isra\u00ebl Leito parle aux plus de 2300 familles pastorales du territoire de la DIA, du besoin de consolider leurs foyers alors qu&rsquo;ils conduisent leurs congr\u00e9gations au pied de la croix, \u00e0 l&rsquo;occasion du programme de cl\u00f4ture de la semaine de pri\u00e8re en ligne organis\u00e9e par l&rsquo;Inter Am\u00e9rique \u00e0 Miami en Floride le 8 f\u00e9vrier 2014. Image de Libna Stevens\/DIA.<\/p><\/div>\n<p>12 F\u00e9vrier 2014 &#8211; Miami, Floride, \u00c9tats Unis&#8230;Libna Stevens\/DIA<\/p>\n<p>Des familles pastorales plus fortes permettent d&rsquo;avoir des \u00e9glises plus fortes et en meilleure sant\u00e9.<\/p>\n<div id=\"attachment_10659\" style=\"width: 310px\" class=\"wp-caption alignright\"><a href=\"\/interamerica\/wp-content\/uploads\/2017\/06\/Ileito-onlineprayer.png\" rel=\"fancybox\" title=\"Inter Am\u00e9rique: l'\u00e9glise met l'accent sur la consolidation des familles pastorales.\"><img decoding=\"async\" aria-describedby=\"caption-attachment-10659\" class=\"size-medium wp-image-10659\" src=\"\/interamerica\/wp-content\/uploads\/2017\/06\/Ileito-onlineprayer-300x214.png\" alt=\"\" width=\"300\" height=\"214\" \/><\/a><p id=\"caption-attachment-10659\" class=\"wp-caption-text\">Le pr\u00e9sident de la DIA, pasteur Isra\u00ebl Leito parle aux plus de 2300 familles pastorales \u00e0 travers la DIA de la n\u00e9cessit\u00e9 de consolider leurs foyers tout en conduisant les congr\u00e9gations au pied de la croix.<\/p><\/div>\n<p>C&rsquo;\u00e9tait l\u00e0 la substance du message qui a r\u00e9sonn\u00e9 au cours de la <a href=\"\/?p=10545#axzz2t1XF5Z3r\">semaine de pri\u00e8re sp\u00e9ciale en ligne <\/a> destin\u00e9e aux plus de 2300 foyers pastoraux \u00e0 travers le territoire de l&rsquo;\u00e9glise Adventiste du Septi\u00e8me jour en Inter Am\u00e9rique la semaine derni\u00e8re.<\/p>\n<p>Lors de ce programme sp\u00e9cial en ligne le 8 f\u00e9vrier 2014, les principaux responsables de l&rsquo;\u00e9glise se sont f\u00e9licit\u00e9 du d\u00e9vouement et de l&rsquo;engagement des milliers de pasteurs et de leurs familles qui, jour apr\u00e8s jour, semaine apr\u00e8s semaine, travaillent de mani\u00e8re infatigable pour diriger un troupeau de 3,6 millions membres dans quelques 19000 \u00e9glises et groupes.<\/p>\n<p>\u00ab\u00a0La Division Inter Am\u00e9ricaine est riche gr\u00e2ce au corps pastoral que nous avons,\u00a0\u00bb a d\u00e9clar\u00e9 pasteur Isra\u00ebl Leito, pr\u00e9sident de l&rsquo;Eglise Adventiste, alors qu&rsquo;il s&rsquo;adressait aux pasteurs et \u00e0 leurs familles. \u00ab\u00a0Nous sommes une division qui a un avenir parce que les familles pastorales g\u00e9n\u00e8rent davantage de pasteurs et davantage d&rsquo;ouvriers \u00e0 travers les enfants issus de familles de ministres de l&rsquo;\u00e9vangile.\u00a0\u00bb<\/p>\n<div id=\"attachment_10661\" style=\"width: 310px\" class=\"wp-caption alignleft\"><a href=\"\/interamerica\/wp-content\/uploads\/2017\/06\/PedroIglesias.png\" rel=\"fancybox\" title=\"Inter Am\u00e9rique: l'\u00e9glise met l'accent sur la consolidation des familles pastorales.\"><img decoding=\"async\" aria-describedby=\"caption-attachment-10661\" class=\"size-medium wp-image-10661\" src=\"\/interamerica\/wp-content\/uploads\/2017\/06\/PedroIglesias-300x210.png\" alt=\"\" width=\"300\" height=\"210\" \/><\/a><p id=\"caption-attachment-10661\" class=\"wp-caption-text\">Pasteur Pedro Iglesias, directeur des minist\u00e8res de la famille pour la DIA et son \u00e9pouse C\u00e9cilia ouvrent le programme en ligne, et encouragent les familles \u00e0 prendre le temps de rechercher ensemble le Seigneur en tant que famille tout au long de l&rsquo;ann\u00e9e.<\/p><\/div>\n<p>Les familles pastorales de la DIA ont pu voir des programmes d&rsquo;une heure, pr\u00e9enregistr\u00e9s, produits par diverses unions pendant six jours d&rsquo;affil\u00e9e, et mettant l&rsquo;accent sur des sujets comme l&rsquo;importance de garder un mariage solide, le pasteur en tant qu&rsquo;\u00e9poux, le r\u00f4le crucial de l&rsquo;\u00e9pouse du pasteur au foyer, comment guider et prendre soin des enfants, les pratiques en mati\u00e8re de d\u00e9votion pour les familles pastorales et bien plus encore.<\/p>\n<p>\u00ab\u00a0Nous voulions d\u00e9buter l&rsquo;ann\u00e9e en nous assurant d&rsquo;encourager nos pasteurs et leurs familles \u00e0 faire une pause, \u00e0 \u00eatre inspir\u00e9s, et \u00e0 \u00eatre motiv\u00e9s \u00e0 continuer de rechercher le Seigneur ensemble au cours de l&rsquo;ann\u00e9e,\u00a0\u00bb a d\u00e9clar\u00e9 pasteur Pedro Iglesias, directeur des minist\u00e8res de la famille \u00e0 la DIA et organisateur du programme.<\/p>\n<p>Un groupe de pasteurs de la DIA accompagn\u00e9s de leurs \u00e9pouses \u00e9taient assis ensemble sur l&rsquo;estrade pour porter une r\u00e9flexion sur la semaine de pri\u00e8re, et partager des exp\u00e9riences sur la mani\u00e8re dont leur mariage et leurs foyers ont \u00e9t\u00e9 consolid\u00e9s durant leur minist\u00e8re. Ils se sont exprim\u00e9s \u00e9galement sur la fa\u00e7on dont Dieu a b\u00e9ni leur minist\u00e8re pastoral et ont partag\u00e9 des conseils avec les internautes sur la mani\u00e8re de s&rsquo;occuper des enfants et de les guider tout en g\u00e9rant la direction des congr\u00e9gations et toutes les exigences qui en d\u00e9coulent.<\/p>\n<div id=\"attachment_10656\" style=\"width: 310px\" class=\"wp-caption alignleft\"><a href=\"\/interamerica\/wp-content\/uploads\/2017\/06\/LeticiaSantos-prayerbox.png\" rel=\"fancybox\" title=\"Inter Am\u00e9rique: l'\u00e9glise met l'accent sur la consolidation des familles pastorales.\"><img loading=\"lazy\" decoding=\"async\" aria-describedby=\"caption-attachment-10656\" class=\"size-medium wp-image-10656\" src=\"\/interamerica\/wp-content\/uploads\/2017\/06\/LeticiaSantos-prayerbox-300x199.png\" alt=\"\" width=\"300\" height=\"199\" \/><\/a><p id=\"caption-attachment-10656\" class=\"wp-caption-text\">Leticia De Los Santos, coordinatrice de la SIEMA \u00e0 la DIA, intervient avant la pri\u00e8re sp\u00e9ciale faite en faveur des centaines de requ\u00eates plac\u00e9es par les familles pastorales dans une bo\u00eete, alors que pasteur Hector Sanchez, secr\u00e9taire de l&rsquo;association pastorale \u00e0 la DIA observe avant la pri\u00e8re.<\/p><\/div>\n<p>\u00ab\u00a0Quelquefois nous oublions que le pasteur et sa famille vivent dans une maison de cristal o\u00f9 tout le monde peut les voir, tout le monde \u00e0 le doigt point\u00e9 dans leur direction, tout le monde trouve quelque chose \u00e0 dire \u00e0 leur sujet, et eux ils se battent jour et nuit pour conduire le troupeau,\u00a0\u00bb a d\u00e9clar\u00e9 pasteur Leito. \u00a0\u00bb nous voulons que nos familles pastorales sachent qu&rsquo;elles ne sont pas seules, Christ est \u00e0 leur c\u00f4t\u00e9 et nous les appr\u00e9cions.\u00a0\u00bb<\/p>\n<p>A travers un message vid\u00e9o, pasteur Willie Oliver, directeur des minist\u00e8res de la famille pour l&rsquo;Eglise Adventiste mondiale, a encourag\u00e9 les familles pastorales \u00e0 s&rsquo;accrocher \u00e0 la parole de Dieu et \u00e0 Sa puissance pour consolider leur foyer et l&rsquo;\u00e9glise encore davantage.<\/p>\n<p>Cette r\u00e9cente semaine de pri\u00e8re en ligne avait pour but de mettre en lumi\u00e8re le travail fait par la famille pastorale et d&rsquo;annoncer d\u00e9j\u00e0 l&#8217;emphase du programme de l&rsquo;ann\u00e9e prochaine qui sera plac\u00e9e sur le pasteur et la mission, \u00e0 indiqu\u00e9 pasteur Sanchez, secr\u00e9taire de l&rsquo;association pastorale de la DIA.<\/p>\n<p>Nos familles pastorales comptent beaucoup \u00e0 nos yeux et nous voulons nous assurer que leurs enfants comprennent que l&rsquo;\u00e9glise prend soin d&rsquo;eux et les aime, \u00e0 dit pasteur Sanchez.<\/p>\n<div id=\"attachment_10657\" style=\"width: 310px\" class=\"wp-caption alignright\"><a href=\"\/interamerica\/wp-content\/uploads\/2017\/06\/MisionDivina.png\" rel=\"fancybox\" title=\"Inter Am\u00e9rique: l'\u00e9glise met l'accent sur la consolidation des familles pastorales.\"><img loading=\"lazy\" decoding=\"async\" aria-describedby=\"caption-attachment-10657\" class=\"size-medium wp-image-10657\" src=\"\/interamerica\/wp-content\/uploads\/2017\/06\/MisionDivina-300x177.png\" alt=\"\" width=\"300\" height=\"177\" \/><\/a><p id=\"caption-attachment-10657\" class=\"wp-caption-text\">Mission Divina, un groupe de la r\u00e9gion de Miami chante lors du programme de cl\u00f4ture de la semaine de pri\u00e8re en ligne pour les familles pastorales le 8 f\u00e9vrier 2014.<\/p><\/div>\n<p>A la fin du programme, pasteur Leito a invit\u00e9 les pasteurs \u00e0 continuer \u00e0 guider le peuple de Dieu au pied de la croix.<\/p>\n<p>Le programme d&rsquo;une heure incluait des sessions sp\u00e9ciales de pri\u00e8re et de la musique.<\/p>\n<p>Des plans sont en cours pour ajouter une semaine de pri\u00e8re pour les familles pastorales au calendrier annuel de l&rsquo;\u00e9glise.<\/p>\n<p>Pour voir les programmes de la semaine de pri\u00e8re en ligne en anglais, espagnol et en fran\u00e7ais, cliquez <a href=\"http:\/\/webcast.interamerica.org\/pastorsweekpray\">ICI <\/a><\/p>\n<p>Visitez notre galerie de photos afin de voir les photos du programme en direct <a href=\"http:\/\/www.flickr.com\/photos\/interamerica\/12425182215\/\">ICI<\/a><\/p>\n<p>Traduction: Patrick Luciathe<\/p>\n","protected":false},"excerpt":{"rendered":"<p>Des familles pastorales plus fortes permettent d&rsquo;avoir des \u00e9glises plus fortes et en meilleure sant\u00e9. C&rsquo;\u00e9tait l\u00e0 la substance du message qui a r\u00e9sonn\u00e9 au cours de la semaine de pri\u00e8re sp\u00e9ciale en ligne destin\u00e9e aux plus de 2300 foyers pastoraux \u00e0 travers le territoire de l&rsquo;\u00e9glise Adventiste du Septi\u00e8me jour en Inter Am\u00e9rique la semaine derni\u00e8re.<\/p>\n","protected":false},"author":1,"featured_media":22612,"comment_status":"closed","ping_status":"closed","sticky":false,"template":"","format":"standard","meta":{"_acf_changed":false,"footnotes":""},"categories":[20],"tags":[],"class_list":["post-31877","post","type-post","status-publish","format-standard","has-post-thumbnail","hentry","category-nouvelles-du-siege-de-la-division"],"acf":[],"yoast_head":"<!-- This site is optimized with the Yoast SEO plugin v27.3 - https:\/\/yoast.com\/product\/yoast-seo-wordpress\/ -->\n<title>Inter Am\u00e9rique: l&#039;\u00e9glise met l&#039;accent sur la consolidation des familles pastorales. - \u00c9glise Adventiste Du Septieme Jour - Inter Am\u00e9rique Division<\/title>\n<meta name=\"robots\" content=\"index, follow, max-snippet:-1, max-image-preview:large, max-video-preview:-1\" \/>\n<link rel=\"canonical\" href=\"https:\/\/interamerica.org\/fr\/2014\/02\/inter-amerique-leglise-met-laccent-sur-la-consolidation-des-familles-pastorales\/\" \/>\n<meta property=\"og:locale\" content=\"fr_FR\" \/>\n<meta property=\"og:type\" content=\"article\" \/>\n<meta property=\"og:title\" content=\"Inter Am\u00e9rique: l&#039;\u00e9glise met l&#039;accent sur la consolidation des familles pastorales. - \u00c9glise Adventiste Du Septieme Jour - Inter Am\u00e9rique Division\" \/>\n<meta property=\"og:description\" content=\"Des familles pastorales plus fortes permettent d&#039;avoir des \u00e9glises plus fortes et en meilleure sant\u00e9. C&#039;\u00e9tait l\u00e0 la substance du message qui a r\u00e9sonn\u00e9 au cours de la semaine de pri\u00e8re sp\u00e9ciale en ligne destin\u00e9e aux plus de 2300 foyers pastoraux \u00e0 travers le territoire de l&#039;\u00e9glise Adventiste du Septi\u00e8me jour en Inter Am\u00e9rique la semaine derni\u00e8re.\" \/>\n<meta property=\"og:url\" content=\"https:\/\/interamerica.org\/fr\/2014\/02\/inter-amerique-leglise-met-laccent-sur-la-consolidation-des-familles-pastorales\/\" \/>\n<meta property=\"og:site_name\" content=\"\u00c9glise Adventiste Du Septieme Jour - Inter Am\u00e9rique Division\" \/>\n<meta property=\"article:published_time\" content=\"2014-02-14T04:00:00+00:00\" \/>\n<meta property=\"og:image\" content=\"https:\/\/interamerica.org\/wp-content\/uploads\/2017\/06\/OnlineweekPrayer.png\" \/>\n\t<meta property=\"og:image:width\" content=\"315\" \/>\n\t<meta property=\"og:image:height\" content=\"223\" \/>\n\t<meta property=\"og:image:type\" content=\"image\/png\" \/>\n<meta name=\"author\" content=\"Lorenzo Verduzco\" \/>\n<meta name=\"twitter:card\" content=\"summary_large_image\" \/>\n<meta name=\"twitter:label1\" content=\"\u00c9crit par\" \/>\n\t<meta name=\"twitter:data1\" content=\"Lorenzo Verduzco\" \/>\n\t<meta name=\"twitter:label2\" content=\"Dur\u00e9e de lecture estim\u00e9e\" \/>\n\t<meta name=\"twitter:data2\" content=\"5 minutes\" \/>\n<script type=\"application\/ld+json\" class=\"yoast-schema-graph\">{\"@context\":\"https:\\\/\\\/schema.org\",\"@graph\":[{\"@type\":\"Article\",\"@id\":\"https:\\\/\\\/interamerica.org\\\/fr\\\/2014\\\/02\\\/inter-amerique-leglise-met-laccent-sur-la-consolidation-des-familles-pastorales\\\/#article\",\"isPartOf\":{\"@id\":\"https:\\\/\\\/interamerica.org\\\/fr\\\/2014\\\/02\\\/inter-amerique-leglise-met-laccent-sur-la-consolidation-des-familles-pastorales\\\/\"},\"author\":{\"name\":\"Lorenzo Verduzco\",\"@id\":\"https:\\\/\\\/interamerica.org\\\/fr\\\/#\\\/schema\\\/person\\\/68ede8bdc292885bb76c1e3810e73c39\"},\"headline\":\"Inter Am\u00e9rique: l&rsquo;\u00e9glise met l&rsquo;accent sur la consolidation des familles pastorales.\",\"datePublished\":\"2014-02-14T04:00:00+00:00\",\"mainEntityOfPage\":{\"@id\":\"https:\\\/\\\/interamerica.org\\\/fr\\\/2014\\\/02\\\/inter-amerique-leglise-met-laccent-sur-la-consolidation-des-familles-pastorales\\\/\"},\"wordCount\":1061,\"image\":{\"@id\":\"https:\\\/\\\/interamerica.org\\\/fr\\\/2014\\\/02\\\/inter-amerique-leglise-met-laccent-sur-la-consolidation-des-familles-pastorales\\\/#primaryimage\"},\"thumbnailUrl\":\"https:\\\/\\\/interamerica.org\\\/wp-content\\\/uploads\\\/2017\\\/06\\\/OnlineweekPrayer.png\",\"articleSection\":[\"Nouvelles du si\u00e8ge de la division\"],\"inLanguage\":\"fr-FR\"},{\"@type\":\"WebPage\",\"@id\":\"https:\\\/\\\/interamerica.org\\\/fr\\\/2014\\\/02\\\/inter-amerique-leglise-met-laccent-sur-la-consolidation-des-familles-pastorales\\\/\",\"url\":\"https:\\\/\\\/interamerica.org\\\/fr\\\/2014\\\/02\\\/inter-amerique-leglise-met-laccent-sur-la-consolidation-des-familles-pastorales\\\/\",\"name\":\"Inter Am\u00e9rique: l'\u00e9glise met l'accent sur la consolidation des familles pastorales. - \u00c9glise Adventiste Du Septieme Jour - Inter Am\u00e9rique Division\",\"isPartOf\":{\"@id\":\"https:\\\/\\\/interamerica.org\\\/fr\\\/#website\"},\"primaryImageOfPage\":{\"@id\":\"https:\\\/\\\/interamerica.org\\\/fr\\\/2014\\\/02\\\/inter-amerique-leglise-met-laccent-sur-la-consolidation-des-familles-pastorales\\\/#primaryimage\"},\"image\":{\"@id\":\"https:\\\/\\\/interamerica.org\\\/fr\\\/2014\\\/02\\\/inter-amerique-leglise-met-laccent-sur-la-consolidation-des-familles-pastorales\\\/#primaryimage\"},\"thumbnailUrl\":\"https:\\\/\\\/interamerica.org\\\/wp-content\\\/uploads\\\/2017\\\/06\\\/OnlineweekPrayer.png\",\"datePublished\":\"2014-02-14T04:00:00+00:00\",\"author\":{\"@id\":\"https:\\\/\\\/interamerica.org\\\/fr\\\/#\\\/schema\\\/person\\\/68ede8bdc292885bb76c1e3810e73c39\"},\"breadcrumb\":{\"@id\":\"https:\\\/\\\/interamerica.org\\\/fr\\\/2014\\\/02\\\/inter-amerique-leglise-met-laccent-sur-la-consolidation-des-familles-pastorales\\\/#breadcrumb\"},\"inLanguage\":\"fr-FR\",\"potentialAction\":[{\"@type\":\"ReadAction\",\"target\":[\"https:\\\/\\\/interamerica.org\\\/fr\\\/2014\\\/02\\\/inter-amerique-leglise-met-laccent-sur-la-consolidation-des-familles-pastorales\\\/\"]}]},{\"@type\":\"ImageObject\",\"inLanguage\":\"fr-FR\",\"@id\":\"https:\\\/\\\/interamerica.org\\\/fr\\\/2014\\\/02\\\/inter-amerique-leglise-met-laccent-sur-la-consolidation-des-familles-pastorales\\\/#primaryimage\",\"url\":\"https:\\\/\\\/interamerica.org\\\/wp-content\\\/uploads\\\/2017\\\/06\\\/OnlineweekPrayer.png\",\"contentUrl\":\"https:\\\/\\\/interamerica.org\\\/wp-content\\\/uploads\\\/2017\\\/06\\\/OnlineweekPrayer.png\",\"width\":315,\"height\":223},{\"@type\":\"BreadcrumbList\",\"@id\":\"https:\\\/\\\/interamerica.org\\\/fr\\\/2014\\\/02\\\/inter-amerique-leglise-met-laccent-sur-la-consolidation-des-familles-pastorales\\\/#breadcrumb\",\"itemListElement\":[{\"@type\":\"ListItem\",\"position\":1,\"name\":\"Home\",\"item\":\"https:\\\/\\\/interamerica.org\\\/fr\\\/\"},{\"@type\":\"ListItem\",\"position\":2,\"name\":\"Inter Am\u00e9rique: l&rsquo;\u00e9glise met l&rsquo;accent sur la consolidation des familles pastorales.\"}]},{\"@type\":\"WebSite\",\"@id\":\"https:\\\/\\\/interamerica.org\\\/fr\\\/#website\",\"url\":\"https:\\\/\\\/interamerica.org\\\/fr\\\/\",\"name\":\"\u00c9glise Adventiste Du Septieme Jour - Inter Am\u00e9rique Division\",\"description\":\"\",\"potentialAction\":[{\"@type\":\"SearchAction\",\"target\":{\"@type\":\"EntryPoint\",\"urlTemplate\":\"https:\\\/\\\/interamerica.org\\\/fr\\\/?s={search_term_string}\"},\"query-input\":{\"@type\":\"PropertyValueSpecification\",\"valueRequired\":true,\"valueName\":\"search_term_string\"}}],\"inLanguage\":\"fr-FR\"},{\"@type\":\"Person\",\"@id\":\"https:\\\/\\\/interamerica.org\\\/fr\\\/#\\\/schema\\\/person\\\/68ede8bdc292885bb76c1e3810e73c39\",\"name\":\"Lorenzo Verduzco\",\"image\":{\"@type\":\"ImageObject\",\"inLanguage\":\"fr-FR\",\"@id\":\"https:\\\/\\\/secure.gravatar.com\\\/avatar\\\/fb81a55b6218459490a9c1dc841a34909185b81904c5337b4b27f7a6fd60c49e?s=96&d=mm&r=g\",\"url\":\"https:\\\/\\\/secure.gravatar.com\\\/avatar\\\/fb81a55b6218459490a9c1dc841a34909185b81904c5337b4b27f7a6fd60c49e?s=96&d=mm&r=g\",\"contentUrl\":\"https:\\\/\\\/secure.gravatar.com\\\/avatar\\\/fb81a55b6218459490a9c1dc841a34909185b81904c5337b4b27f7a6fd60c49e?s=96&d=mm&r=g\",\"caption\":\"Lorenzo Verduzco\"}}]}<\/script>\n<!-- \/ Yoast SEO plugin. -->","yoast_head_json":{"title":"Inter Am\u00e9rique: l'\u00e9glise met l'accent sur la consolidation des familles pastorales. - \u00c9glise Adventiste Du Septieme Jour - Inter Am\u00e9rique Division","robots":{"index":"index","follow":"follow","max-snippet":"max-snippet:-1","max-image-preview":"max-image-preview:large","max-video-preview":"max-video-preview:-1"},"canonical":"https:\/\/interamerica.org\/fr\/2014\/02\/inter-amerique-leglise-met-laccent-sur-la-consolidation-des-familles-pastorales\/","og_locale":"fr_FR","og_type":"article","og_title":"Inter Am\u00e9rique: l'\u00e9glise met l'accent sur la consolidation des familles pastorales. - \u00c9glise Adventiste Du Septieme Jour - Inter Am\u00e9rique Division","og_description":"Des familles pastorales plus fortes permettent d'avoir des \u00e9glises plus fortes et en meilleure sant\u00e9. C'\u00e9tait l\u00e0 la substance du message qui a r\u00e9sonn\u00e9 au cours de la semaine de pri\u00e8re sp\u00e9ciale en ligne destin\u00e9e aux plus de 2300 foyers pastoraux \u00e0 travers le territoire de l'\u00e9glise Adventiste du Septi\u00e8me jour en Inter Am\u00e9rique la semaine derni\u00e8re.","og_url":"https:\/\/interamerica.org\/fr\/2014\/02\/inter-amerique-leglise-met-laccent-sur-la-consolidation-des-familles-pastorales\/","og_site_name":"\u00c9glise Adventiste Du Septieme Jour - Inter Am\u00e9rique Division","article_published_time":"2014-02-14T04:00:00+00:00","og_image":[{"width":315,"height":223,"url":"https:\/\/interamerica.org\/wp-content\/uploads\/2017\/06\/OnlineweekPrayer.png","type":"image\/png"}],"author":"Lorenzo Verduzco","twitter_card":"summary_large_image","twitter_misc":{"\u00c9crit par":"Lorenzo Verduzco","Dur\u00e9e de lecture estim\u00e9e":"5 minutes"},"schema":{"@context":"https:\/\/schema.org","@graph":[{"@type":"Article","@id":"https:\/\/interamerica.org\/fr\/2014\/02\/inter-amerique-leglise-met-laccent-sur-la-consolidation-des-familles-pastorales\/#article","isPartOf":{"@id":"https:\/\/interamerica.org\/fr\/2014\/02\/inter-amerique-leglise-met-laccent-sur-la-consolidation-des-familles-pastorales\/"},"author":{"name":"Lorenzo Verduzco","@id":"https:\/\/interamerica.org\/fr\/#\/schema\/person\/68ede8bdc292885bb76c1e3810e73c39"},"headline":"Inter Am\u00e9rique: l&rsquo;\u00e9glise met l&rsquo;accent sur la consolidation des familles pastorales.","datePublished":"2014-02-14T04:00:00+00:00","mainEntityOfPage":{"@id":"https:\/\/interamerica.org\/fr\/2014\/02\/inter-amerique-leglise-met-laccent-sur-la-consolidation-des-familles-pastorales\/"},"wordCount":1061,"image":{"@id":"https:\/\/interamerica.org\/fr\/2014\/02\/inter-amerique-leglise-met-laccent-sur-la-consolidation-des-familles-pastorales\/#primaryimage"},"thumbnailUrl":"https:\/\/interamerica.org\/wp-content\/uploads\/2017\/06\/OnlineweekPrayer.png","articleSection":["Nouvelles du si\u00e8ge de la division"],"inLanguage":"fr-FR"},{"@type":"WebPage","@id":"https:\/\/interamerica.org\/fr\/2014\/02\/inter-amerique-leglise-met-laccent-sur-la-consolidation-des-familles-pastorales\/","url":"https:\/\/interamerica.org\/fr\/2014\/02\/inter-amerique-leglise-met-laccent-sur-la-consolidation-des-familles-pastorales\/","name":"Inter Am\u00e9rique: l'\u00e9glise met l'accent sur la consolidation des familles pastorales. - \u00c9glise Adventiste Du Septieme Jour - Inter Am\u00e9rique Division","isPartOf":{"@id":"https:\/\/interamerica.org\/fr\/#website"},"primaryImageOfPage":{"@id":"https:\/\/interamerica.org\/fr\/2014\/02\/inter-amerique-leglise-met-laccent-sur-la-consolidation-des-familles-pastorales\/#primaryimage"},"image":{"@id":"https:\/\/interamerica.org\/fr\/2014\/02\/inter-amerique-leglise-met-laccent-sur-la-consolidation-des-familles-pastorales\/#primaryimage"},"thumbnailUrl":"https:\/\/interamerica.org\/wp-content\/uploads\/2017\/06\/OnlineweekPrayer.png","datePublished":"2014-02-14T04:00:00+00:00","author":{"@id":"https:\/\/interamerica.org\/fr\/#\/schema\/person\/68ede8bdc292885bb76c1e3810e73c39"},"breadcrumb":{"@id":"https:\/\/interamerica.org\/fr\/2014\/02\/inter-amerique-leglise-met-laccent-sur-la-consolidation-des-familles-pastorales\/#breadcrumb"},"inLanguage":"fr-FR","potentialAction":[{"@type":"ReadAction","target":["https:\/\/interamerica.org\/fr\/2014\/02\/inter-amerique-leglise-met-laccent-sur-la-consolidation-des-familles-pastorales\/"]}]},{"@type":"ImageObject","inLanguage":"fr-FR","@id":"https:\/\/interamerica.org\/fr\/2014\/02\/inter-amerique-leglise-met-laccent-sur-la-consolidation-des-familles-pastorales\/#primaryimage","url":"https:\/\/interamerica.org\/wp-content\/uploads\/2017\/06\/OnlineweekPrayer.png","contentUrl":"https:\/\/interamerica.org\/wp-content\/uploads\/2017\/06\/OnlineweekPrayer.png","width":315,"height":223},{"@type":"BreadcrumbList","@id":"https:\/\/interamerica.org\/fr\/2014\/02\/inter-amerique-leglise-met-laccent-sur-la-consolidation-des-familles-pastorales\/#breadcrumb","itemListElement":[{"@type":"ListItem","position":1,"name":"Home","item":"https:\/\/interamerica.org\/fr\/"},{"@type":"ListItem","position":2,"name":"Inter Am\u00e9rique: l&rsquo;\u00e9glise met l&rsquo;accent sur la consolidation des familles pastorales."}]},{"@type":"WebSite","@id":"https:\/\/interamerica.org\/fr\/#website","url":"https:\/\/interamerica.org\/fr\/","name":"\u00c9glise Adventiste Du Septieme Jour - Inter Am\u00e9rique Division","description":"","potentialAction":[{"@type":"SearchAction","target":{"@type":"EntryPoint","urlTemplate":"https:\/\/interamerica.org\/fr\/?s={search_term_string}"},"query-input":{"@type":"PropertyValueSpecification","valueRequired":true,"valueName":"search_term_string"}}],"inLanguage":"fr-FR"},{"@type":"Person","@id":"https:\/\/interamerica.org\/fr\/#\/schema\/person\/68ede8bdc292885bb76c1e3810e73c39","name":"Lorenzo Verduzco","image":{"@type":"ImageObject","inLanguage":"fr-FR","@id":"https:\/\/secure.gravatar.com\/avatar\/fb81a55b6218459490a9c1dc841a34909185b81904c5337b4b27f7a6fd60c49e?s=96&d=mm&r=g","url":"https:\/\/secure.gravatar.com\/avatar\/fb81a55b6218459490a9c1dc841a34909185b81904c5337b4b27f7a6fd60c49e?s=96&d=mm&r=g","contentUrl":"https:\/\/secure.gravatar.com\/avatar\/fb81a55b6218459490a9c1dc841a34909185b81904c5337b4b27f7a6fd60c49e?s=96&d=mm&r=g","caption":"Lorenzo Verduzco"}}]}},"_links":{"self":[{"href":"https:\/\/interamerica.org\/fr\/wp-json\/wp\/v2\/posts\/31877","targetHints":{"allow":["GET"]}}],"collection":[{"href":"https:\/\/interamerica.org\/fr\/wp-json\/wp\/v2\/posts"}],"about":[{"href":"https:\/\/interamerica.org\/fr\/wp-json\/wp\/v2\/types\/post"}],"author":[{"embeddable":true,"href":"https:\/\/interamerica.org\/fr\/wp-json\/wp\/v2\/users\/1"}],"replies":[{"embeddable":true,"href":"https:\/\/interamerica.org\/fr\/wp-json\/wp\/v2\/comments?post=31877"}],"version-history":[{"count":0,"href":"https:\/\/interamerica.org\/fr\/wp-json\/wp\/v2\/posts\/31877\/revisions"}],"wp:featuredmedia":[{"embeddable":true,"href":"https:\/\/interamerica.org\/fr\/wp-json\/wp\/v2\/media\/22612"}],"wp:attachment":[{"href":"https:\/\/interamerica.org\/fr\/wp-json\/wp\/v2\/media?parent=31877"}],"wp:term":[{"taxonomy":"category","embeddable":true,"href":"https:\/\/interamerica.org\/fr\/wp-json\/wp\/v2\/categories?post=31877"},{"taxonomy":"post_tag","embeddable":true,"href":"https:\/\/interamerica.org\/fr\/wp-json\/wp\/v2\/tags?post=31877"}],"curies":[{"name":"wp","href":"https:\/\/api.w.org\/{rel}","templated":true}]}}