{"id":31879,"date":"2014-02-18T00:00:00","date_gmt":"2014-02-18T04:00:00","guid":{"rendered":"http:\/\/192.81.217.108\/interamerica\/2014\/02\/linnovation-un-element-cle-pour-etre-pertinent-dans-la-nouvelle-economie-de-lattention-disent-les-experts-des-medias\/"},"modified":"2014-02-18T00:00:00","modified_gmt":"2014-02-18T04:00:00","slug":"linnovation-un-element-cle-pour-etre-pertinent-dans-la-nouvelle-economie-de-lattention-disent-les-experts-des-medias","status":"publish","type":"post","link":"https:\/\/interamerica.org\/fr\/2014\/02\/linnovation-un-element-cle-pour-etre-pertinent-dans-la-nouvelle-economie-de-lattention-disent-les-experts-des-medias\/","title":{"rendered":"L\u2019innovation, un \u00e9l\u00e9ment cl\u00e9 pour \u00eatre pertinent dans la nouvelle \u00ab \u00e9conomie de l\u2019attention \u00bb, disent les experts des m\u00e9dias"},"content":{"rendered":"<p>18 F\u00e9vrier 2014 \u2013 Linthicum Heights, Maryland, Etats Unis\u2026Elizabeth Lechleitner\/ANN<\/p>\n<p>On ne peut plus se satisfaire de simplement faire reculer les fronti\u00e8res. Les professionnels Adventistes de la technologie et des m\u00e9dias qui participent cette ann\u00e9e \u00e0 la conf\u00e9rence du R\u00e9seau Internet Adventiste Global (GAiN), ont \u00e9t\u00e9 invit\u00e9s \u00e0 d\u00e9passer les fronti\u00e8res et \u00e0 les regardez dans leurs r\u00e9troviseurs ou alors de courir le risque de perdre toute pertinence.<\/p>\n<div id=\"attachment_10679\" style=\"width: 310px\" class=\"wp-caption alignright\"><a href=\"\/interamerica\/wp-content\/uploads\/2017\/06\/csm_martha-GAiN-web_0eb898e424.jpg\" rel=\"fancybox\" title=\"L\u2019innovation, un \u00e9l\u00e9ment cl\u00e9 pour \u00eatre pertinent dans la nouvelle \u00ab \u00e9conomie de l\u2019attention \u00bb, disent les experts des m\u00e9dias\"><img fetchpriority=\"high\" decoding=\"async\" aria-describedby=\"caption-attachment-10679\" class=\"size-medium wp-image-10679\" src=\"\/interamerica\/wp-content\/uploads\/2017\/06\/csm_martha-GAiN-web_0eb898e424-300x199.jpg\" alt=\"\" width=\"300\" height=\"199\" \/><\/a><p id=\"caption-attachment-10679\" class=\"wp-caption-text\">L\u2019auteur et consultante en marketing, Martha Gabriel, discute des tendances macro et micro dans le domaine de la technologie lors de son allocution pendant la conf\u00e9rence 2014 du R\u00e9seau Internet Adventiste Global qui s\u2019est tenue \u00e0 Linthicum Heights dans le Maryland au Etats Unis la semaine derni\u00e8re. Image d\u2019Ansel Oliver.<\/p><\/div>\n<p>Dans son intervention au culte matinal du 13 f\u00e9vrier, Pardon Mwansa, un des vice-pr\u00e9sidents de l\u2019Eglise Adventiste mondiale, a d\u00e9clar\u00e9 \u00e0 des centaines de professionnels du web que la \u00ab mentalit\u00e9 de fronti\u00e8re \u00bb et la \u00ab mentalit\u00e9 d\u2019expansion \u00bb limitent la port\u00e9e de la mission Adventiste et du minist\u00e8re. Une mentalit\u00e9 de fronti\u00e8re est ralentie par les traditions ; une mentalit\u00e9 d\u2019expansion se contente de r\u00e9inventer ces traditions. Ce dont on a plut\u00f4t besoin, a t-il dit, c\u2019est d\u2019une \u00ab mentalit\u00e9 de cr\u00e9ation. \u00bb<\/p>\n<p>\u00ab Il est plus facile d\u2019aller l\u00e0 o\u00f9 les autres sont d\u00e9j\u00e0 all\u00e9s. Mais qui a apport\u00e9 des am\u00e9liorations dans ce monde ? Les gens qui ont renvers\u00e9 les fronti\u00e8res, \u00bb a dit Pardon Mwansa, citant l\u2019exemple des premiers explorateurs, des leaders des droits civils et des innovateurs dans le domaine technologique.<\/p>\n<p>\u00ab Nous n\u2019irons nulle part avec une mentalit\u00e9 de fronti\u00e8re, \u00bb a t-il dit aux 400 participants de la conf\u00e9rence GAiN qui \u00e9taient r\u00e9unis au Centre de Conf\u00e9rence de l\u2019Institut Maritime de Linthicum Heights dans le Maryland aux Etats Unis.<\/p>\n<p>L\u2019auteur et consultante en marketing, Martha Gabriel, a amplifi\u00e9 cette id\u00e9e dans sa pr\u00e9sentation du 14 f\u00e9vrier, d\u00e9crivant ce qu\u2019elle a appel\u00e9 les \u00ab plateaux de simplicit\u00e9, \u00bb lorsqu\u2019une organisation stagne \u00e0 un niveau de technologie qu\u2019ils ont maitris\u00e9.<\/p>\n<p>\u00ab Nous ne pouvons pas rester \u00e0 ce stade. Sachez quel est le prochain niveau qu\u2019il vous faut conqu\u00e9rir, \u00bb a t-elle d\u00e9clar\u00e9.<\/p>\n<p>Et, plus important encore peut \u00eatre, a t-elle ajout\u00e9, connaissez le public que vous visez. Dans \u00ab l\u2019\u00e9conomie de l\u2019attention \u00bb dans laquelle on vit aujourd\u2019hui, les messages sont en comp\u00e9tition sur la base de la pertinence, a dit Martha Gabriel.<\/p>\n<p>\u00ab Il vous faut comprendre ce qui fait battre plus vite le c\u0153ur de votre public cible. Si vous n\u2019\u00eates pas partie int\u00e9grante du message qu\u2019ils veulent entendre, vous fait partie du bruit, \u00bb a t-elle dit.<\/p>\n<p>Les organisations qui r\u00e9ussissent dans cette \u00e9conomie de l\u2019attention savent qu\u2019avoir des id\u00e9es et de l\u2019information ne suffit plus pour r\u00e9ussir. \u00ab Les id\u00e9es n\u2019ont aucune valeur. Ce dont nous avons besoin maintenant sont des personnes qui r\u00e9alisent des choses, \u00bb a dit Martha Gabriel.<\/p>\n<p>Pour le pasteur Adventiste Sam Neves ainsi qu\u2019une \u00e9quipe de d\u00e9veloppement de l\u2019Union Britannique, cela voulait dire ne pas attendre l\u2019\u00e9glise avant de se mettre \u00e0 la production d\u2019un jeux \u00e9lectronique appel\u00e9 \u201c<a href=\"\/?p=9170#axzz2thVhrMay\">Heroes<\/a>.\u201d<\/p>\n<p>Le premier jeu r\u00e9alis\u00e9 par les Adventistes du Septi\u00e8me jour pour iPhone et iPad, \u00ab Heroes \u00bb a \u00e9t\u00e9 t\u00e9l\u00e9charg\u00e9 3000 fois dans les premi\u00e8res 48 heures apr\u00e8s sa sortie, triplant le niveau qui d\u2019apr\u00e8s les analystes doit \u00eatre atteint par une application pour mobile dans sa premi\u00e8re semaine pour \u00eatre consid\u00e9r\u00e9 comme une application \u00e0 succ\u00e8s.<\/p>\n<p>Lors de la derni\u00e8re journ\u00e9e de GAiN, le d\u00e9partement des minist\u00e8res de la jeunesse de l\u2019Eglise Adventiste mondiale a sign\u00e9 un accord pour aider \u00e0 soutenir la sortie de \u00ab Heroes \u00bb dans sa version Andro\u00efd.<\/p>\n<div id=\"attachment_10680\" style=\"width: 310px\" class=\"wp-caption alignright\"><a href=\"\/interamerica\/wp-content\/uploads\/2017\/06\/RTEmagicC_mwansa-gain.jpg\" rel=\"fancybox\" title=\"L\u2019innovation, un \u00e9l\u00e9ment cl\u00e9 pour \u00eatre pertinent dans la nouvelle \u00ab \u00e9conomie de l\u2019attention \u00bb, disent les experts des m\u00e9dias\"><img decoding=\"async\" aria-describedby=\"caption-attachment-10680\" class=\"size-medium wp-image-10680\" src=\"\/interamerica\/wp-content\/uploads\/2017\/06\/RTEmagicC_mwansa-gain-300x225.jpg\" alt=\"\" width=\"300\" height=\"225\" \/><\/a><p id=\"caption-attachment-10680\" class=\"wp-caption-text\">Pardon Mwansa, un des vice-pr\u00e9sidents de l\u2019Eglise Adventiste mondiale, a dit devant des centaines de professionnels du web que la \u00ab mentalit\u00e9 de fronti\u00e8re \u00bb et la \u00ab mentalit\u00e9 d\u2019expansion \u00bb limitent la port\u00e9e de la mission et du minist\u00e8re Adventistes.<\/p><\/div>\n<p>Le jeu introduit les joueurs aupr\u00e8s des personnages h\u00e9ro\u00efques de la Bible \u2013 tels que Abraham, David et Esther \u2013 tout en testant leurs connaissances bibliques avec des questions. Les joueurs peuvent comparer leurs scores avec ceux de leurs amis sur Facebook. Lors de la conf\u00e9rence GAiN, une d\u00e9monstration du jeu a mis en comp\u00e9tition les joueurs de la Division Transeurop\u00e9enne et ceux des autres divisions.<\/p>\n<p>\u00ab Nous avons r\u00e9alis\u00e9 que pour apporter un sentiment d\u2019identit\u00e9 \u00e0 une nouvelle g\u00e9n\u00e9ration, nous avions besoin de leur rappeler qui sont leurs h\u00e9ros, \u00bb a expliqu\u00e9 Sam Neves. \u00ab Et quelle meilleure fa\u00e7on que d\u2019utiliser un moyen avec lequel ils sont tr\u00e8s familiers ? \u00bb<\/p>\n<p>Bien entendu, pr\u00e9cise Daryl Gungadoo, l\u2019ing\u00e9nieur en r\u00e9seau et distribution pour la Radio Mondiale Adventiste, \u00ab la ludification \u00bb repr\u00e9sente la nouvelle fronti\u00e8re et les entreprises qui veulent avoir du succ\u00e8s trouveront des fa\u00e7ons d\u2019entrer en relation avec leur public \u00e0 travers les jeux.<\/p>\n<p>Il a cit\u00e9 un exemple venant de Su\u00e8de ou une campagne marketing de VolksWagen a transform\u00e9 les radars tant d\u00e9test\u00e9s par les automobilistes en des objets de loterie ; les gens qui roulent en respectant les imitations de vitesse sont automatiquement s\u00e9lectionn\u00e9s pour participer \u00e0 un tirage au sort leur permettant de gagner le montant des amendes pay\u00e9es par les automobilistes qui d\u00e9passent la vitesse autoris\u00e9e.<\/p>\n<p>Un autre intervenant \u00e0 remis en question le vieil adage selon lequel \u00ab le contenu est roi \u00bb sur les r\u00e9seaux sociaux. Sonja Kovacevic, manager du contenu de LIFEconnect \u00e0 la Division Transeurop\u00e9enne, a propos\u00e9 plut\u00f4t, \u00ab le public est roi. \u00bb<\/p>\n<p>\u00ab [Notre public] pr\u00e9f\u00e8re placer sa confiance en quelqu\u2019un qu\u2019il conna\u00eet. Et ils arrivent \u00e0 nous conna\u00eetre lorsque nous offrons un contenu utile. Ils arrivent \u00e0 nous aimer lorsqu\u2019ils appr\u00e9cient notre contenu. Et ils arrivent \u00e0 nous faire confiance lorsque notre contenu est cr\u00e9dible, coh\u00e9rent et gratuit, \u00bb a indiqu\u00e9 Sonja Kovacevic.<\/p>\n<p>L\u2019homme d\u2019affaires et philanthrope br\u00e9silien, Milton Soldani Afonso a re\u00e7u le NetAward de cette ann\u00e9e des mains du pr\u00e9sident de l\u2019Eglise Adventiste, Ted N.C. Wilson. Milton Afonso a jou\u00e9 un r\u00f4le cl\u00e9 quand il s\u2019est agi d\u2019\u00e9tablir et de financer l\u2019utilisation de l\u2019audiovisuel par l\u2019\u00c9glise Adventiste en Am\u00e9rique du Sud.<\/p>\n<p>\u00ab Davantage que son argent, sa vision pour l\u2019\u00e9glise dans le domaine de la communication et de la technologie a \u00e9t\u00e9 sa plus grande contribution, \u00bb a d\u00e9clar\u00e9 William Costa Jr., directeur de la communication pour l\u2019Eglise Adventiste mondiale.<\/p>\n<p>Au cours de la conf\u00e9rence GAiN de cette ann\u00e9e, il y a \u00e9galement eu une intervention d\u2019Antonio Monteiro, qui a \u00e9t\u00e9 <a href=\"\/?p=10342#axzz2thVhrMay\">lib\u00e9r\u00e9<\/a> de prison le mois dernier au Togo apr\u00e8s pr\u00e8s de deux ann\u00e9es de d\u00e9tention. Antonio Monteiro et quatre autres personnes ont \u00e9t\u00e9 emprisonn\u00e9s suite \u00e0 des accusations de conspiration dans le but de commettre un meurtre dans une affaire qui a retenu l\u2019attention de l\u2019Eglise Adventiste dans le monde entier.<\/p>\n<p>En d\u00e9cembre 2012, une <a href=\"\/?p=10061#axzz2thVhrMay\">campagne<\/a> men\u00e9e sur les r\u00e9seaux sociaux appelant \u00e0 une journ\u00e9e de pri\u00e8re a permis de promouvoir la prise de conscience \u00e0 propos de la situation au Togo. Les utilisateurs de Facebook ont consult\u00e9 le contenu de \u00ab Pray for Togo \u00bb plus de 50000 fois., alors que le hashtag de Twitter a atteint plus de 7 millions d\u2019utilisateurs. Par la suite, une p\u00e9tition sur Change.org, demandant la lib\u00e9ration d\u2019Antonio Monteiro a r\u00e9colt\u00e9 plus de 60000 signatures.<\/p>\n<p>Antonio Monteiro a re\u00e7u des milliers de cartes de No\u00ebl lors d\u2019une campagne men\u00e9e en d\u00e9cembre 2013 visant \u00e0 encourager les Adventistes se retrouvant en prison sur la base de fausses accusations et forc\u00e9s \u00e0 passer les f\u00eates loin de leurs familles.<\/p>\n<p>\u00ab J\u2019ai dit \u00e0 ma femme, \u2018nous allons les accrocher \u00e0 un mur dans notre maison,\u2019 \u00bb a dit pasteur Monteiro, remerciant sa famille de l\u2019\u00e9glise mondiale pour son soutien au cours d\u2019une \u00e9preuve qui dit-il, a test\u00e9 et aussi consolid\u00e9 sa foi.<\/p>\n<p>\u2014<em>Reportage additionnel d\u2019Ansel Oliver<\/em><\/p>\n<p>Traduction: Patrick Luciathe<\/p>\n","protected":false},"excerpt":{"rendered":"<p>On ne peut plus se satisfaire de simplement faire reculer les fronti\u00e8res. Les professionnels Adventistes de la technologie et des m\u00e9dias qui participent cette ann\u00e9e \u00e0 la conf\u00e9rence du R\u00e9seau Internet Adventiste Global (GAiN), ont \u00e9t\u00e9 invit\u00e9s \u00e0 d\u00e9passer les fronti\u00e8res et \u00e0 les regardez dans leurs r\u00e9troviseurs ou alors de courir le risque de perdre toute pertinence.<\/p>\n","protected":false},"author":1,"featured_media":22631,"comment_status":"closed","ping_status":"closed","sticky":false,"template":"","format":"standard","meta":{"_acf_changed":false,"footnotes":""},"categories":[18],"tags":[],"class_list":["post-31879","post","type-post","status-publish","format-standard","has-post-thumbnail","hentry","category-nouvelles-de-leglise-mondiale"],"acf":[],"yoast_head":"<!-- This site is optimized with the Yoast SEO plugin v27.3 - https:\/\/yoast.com\/product\/yoast-seo-wordpress\/ -->\n<title>L\u2019innovation, un \u00e9l\u00e9ment cl\u00e9 pour \u00eatre pertinent dans la nouvelle \u00ab \u00e9conomie de l\u2019attention \u00bb, disent les experts des m\u00e9dias - \u00c9glise Adventiste Du Septieme Jour - Inter Am\u00e9rique Division<\/title>\n<meta name=\"robots\" content=\"index, follow, max-snippet:-1, max-image-preview:large, max-video-preview:-1\" \/>\n<link rel=\"canonical\" href=\"https:\/\/interamerica.org\/fr\/2014\/02\/linnovation-un-element-cle-pour-etre-pertinent-dans-la-nouvelle-economie-de-lattention-disent-les-experts-des-medias\/\" \/>\n<meta property=\"og:locale\" content=\"fr_FR\" \/>\n<meta property=\"og:type\" content=\"article\" \/>\n<meta property=\"og:title\" content=\"L\u2019innovation, un \u00e9l\u00e9ment cl\u00e9 pour \u00eatre pertinent dans la nouvelle \u00ab \u00e9conomie de l\u2019attention \u00bb, disent les experts des m\u00e9dias - \u00c9glise Adventiste Du Septieme Jour - Inter Am\u00e9rique Division\" \/>\n<meta property=\"og:description\" content=\"On ne peut plus se satisfaire de simplement faire reculer les fronti\u00e8res. Les professionnels Adventistes de la technologie et des m\u00e9dias qui participent cette ann\u00e9e \u00e0 la conf\u00e9rence du R\u00e9seau Internet Adventiste Global (GAiN), ont \u00e9t\u00e9 invit\u00e9s \u00e0 d\u00e9passer les fronti\u00e8res et \u00e0 les regardez dans leurs r\u00e9troviseurs ou alors de courir le risque de perdre toute pertinence.\" \/>\n<meta property=\"og:url\" content=\"https:\/\/interamerica.org\/fr\/2014\/02\/linnovation-un-element-cle-pour-etre-pertinent-dans-la-nouvelle-economie-de-lattention-disent-les-experts-des-medias\/\" \/>\n<meta property=\"og:site_name\" content=\"\u00c9glise Adventiste Du Septieme Jour - Inter Am\u00e9rique Division\" \/>\n<meta property=\"article:published_time\" content=\"2014-02-18T04:00:00+00:00\" \/>\n<meta property=\"og:image\" content=\"https:\/\/interamerica.org\/wp-content\/uploads\/2017\/06\/csm_martha-GAiN-web_0eb898e424.jpg\" \/>\n\t<meta property=\"og:image:width\" content=\"400\" \/>\n\t<meta property=\"og:image:height\" content=\"266\" \/>\n\t<meta property=\"og:image:type\" content=\"image\/jpeg\" \/>\n<meta name=\"author\" content=\"Lorenzo Verduzco\" \/>\n<meta name=\"twitter:card\" content=\"summary_large_image\" \/>\n<meta name=\"twitter:label1\" content=\"\u00c9crit par\" \/>\n\t<meta name=\"twitter:data1\" content=\"Lorenzo Verduzco\" \/>\n\t<meta name=\"twitter:label2\" content=\"Dur\u00e9e de lecture estim\u00e9e\" \/>\n\t<meta name=\"twitter:data2\" content=\"7 minutes\" \/>\n<script type=\"application\/ld+json\" class=\"yoast-schema-graph\">{\"@context\":\"https:\\\/\\\/schema.org\",\"@graph\":[{\"@type\":\"Article\",\"@id\":\"https:\\\/\\\/interamerica.org\\\/fr\\\/2014\\\/02\\\/linnovation-un-element-cle-pour-etre-pertinent-dans-la-nouvelle-economie-de-lattention-disent-les-experts-des-medias\\\/#article\",\"isPartOf\":{\"@id\":\"https:\\\/\\\/interamerica.org\\\/fr\\\/2014\\\/02\\\/linnovation-un-element-cle-pour-etre-pertinent-dans-la-nouvelle-economie-de-lattention-disent-les-experts-des-medias\\\/\"},\"author\":{\"name\":\"Lorenzo Verduzco\",\"@id\":\"https:\\\/\\\/interamerica.org\\\/fr\\\/#\\\/schema\\\/person\\\/68ede8bdc292885bb76c1e3810e73c39\"},\"headline\":\"L\u2019innovation, un \u00e9l\u00e9ment cl\u00e9 pour \u00eatre pertinent dans la nouvelle \u00ab \u00e9conomie de l\u2019attention \u00bb, disent les experts des m\u00e9dias\",\"datePublished\":\"2014-02-18T04:00:00+00:00\",\"mainEntityOfPage\":{\"@id\":\"https:\\\/\\\/interamerica.org\\\/fr\\\/2014\\\/02\\\/linnovation-un-element-cle-pour-etre-pertinent-dans-la-nouvelle-economie-de-lattention-disent-les-experts-des-medias\\\/\"},\"wordCount\":1438,\"image\":{\"@id\":\"https:\\\/\\\/interamerica.org\\\/fr\\\/2014\\\/02\\\/linnovation-un-element-cle-pour-etre-pertinent-dans-la-nouvelle-economie-de-lattention-disent-les-experts-des-medias\\\/#primaryimage\"},\"thumbnailUrl\":\"https:\\\/\\\/interamerica.org\\\/wp-content\\\/uploads\\\/2017\\\/06\\\/csm_martha-GAiN-web_0eb898e424.jpg\",\"articleSection\":[\"Nouvelles de l'\u00c9glise mondiale\"],\"inLanguage\":\"fr-FR\"},{\"@type\":\"WebPage\",\"@id\":\"https:\\\/\\\/interamerica.org\\\/fr\\\/2014\\\/02\\\/linnovation-un-element-cle-pour-etre-pertinent-dans-la-nouvelle-economie-de-lattention-disent-les-experts-des-medias\\\/\",\"url\":\"https:\\\/\\\/interamerica.org\\\/fr\\\/2014\\\/02\\\/linnovation-un-element-cle-pour-etre-pertinent-dans-la-nouvelle-economie-de-lattention-disent-les-experts-des-medias\\\/\",\"name\":\"L\u2019innovation, un \u00e9l\u00e9ment cl\u00e9 pour \u00eatre pertinent dans la nouvelle \u00ab \u00e9conomie de l\u2019attention \u00bb, disent les experts des m\u00e9dias - \u00c9glise Adventiste Du Septieme Jour - Inter Am\u00e9rique Division\",\"isPartOf\":{\"@id\":\"https:\\\/\\\/interamerica.org\\\/fr\\\/#website\"},\"primaryImageOfPage\":{\"@id\":\"https:\\\/\\\/interamerica.org\\\/fr\\\/2014\\\/02\\\/linnovation-un-element-cle-pour-etre-pertinent-dans-la-nouvelle-economie-de-lattention-disent-les-experts-des-medias\\\/#primaryimage\"},\"image\":{\"@id\":\"https:\\\/\\\/interamerica.org\\\/fr\\\/2014\\\/02\\\/linnovation-un-element-cle-pour-etre-pertinent-dans-la-nouvelle-economie-de-lattention-disent-les-experts-des-medias\\\/#primaryimage\"},\"thumbnailUrl\":\"https:\\\/\\\/interamerica.org\\\/wp-content\\\/uploads\\\/2017\\\/06\\\/csm_martha-GAiN-web_0eb898e424.jpg\",\"datePublished\":\"2014-02-18T04:00:00+00:00\",\"author\":{\"@id\":\"https:\\\/\\\/interamerica.org\\\/fr\\\/#\\\/schema\\\/person\\\/68ede8bdc292885bb76c1e3810e73c39\"},\"breadcrumb\":{\"@id\":\"https:\\\/\\\/interamerica.org\\\/fr\\\/2014\\\/02\\\/linnovation-un-element-cle-pour-etre-pertinent-dans-la-nouvelle-economie-de-lattention-disent-les-experts-des-medias\\\/#breadcrumb\"},\"inLanguage\":\"fr-FR\",\"potentialAction\":[{\"@type\":\"ReadAction\",\"target\":[\"https:\\\/\\\/interamerica.org\\\/fr\\\/2014\\\/02\\\/linnovation-un-element-cle-pour-etre-pertinent-dans-la-nouvelle-economie-de-lattention-disent-les-experts-des-medias\\\/\"]}]},{\"@type\":\"ImageObject\",\"inLanguage\":\"fr-FR\",\"@id\":\"https:\\\/\\\/interamerica.org\\\/fr\\\/2014\\\/02\\\/linnovation-un-element-cle-pour-etre-pertinent-dans-la-nouvelle-economie-de-lattention-disent-les-experts-des-medias\\\/#primaryimage\",\"url\":\"https:\\\/\\\/interamerica.org\\\/wp-content\\\/uploads\\\/2017\\\/06\\\/csm_martha-GAiN-web_0eb898e424.jpg\",\"contentUrl\":\"https:\\\/\\\/interamerica.org\\\/wp-content\\\/uploads\\\/2017\\\/06\\\/csm_martha-GAiN-web_0eb898e424.jpg\",\"width\":400,\"height\":266},{\"@type\":\"BreadcrumbList\",\"@id\":\"https:\\\/\\\/interamerica.org\\\/fr\\\/2014\\\/02\\\/linnovation-un-element-cle-pour-etre-pertinent-dans-la-nouvelle-economie-de-lattention-disent-les-experts-des-medias\\\/#breadcrumb\",\"itemListElement\":[{\"@type\":\"ListItem\",\"position\":1,\"name\":\"Home\",\"item\":\"https:\\\/\\\/interamerica.org\\\/fr\\\/\"},{\"@type\":\"ListItem\",\"position\":2,\"name\":\"L\u2019innovation, un \u00e9l\u00e9ment cl\u00e9 pour \u00eatre pertinent dans la nouvelle \u00ab \u00e9conomie de l\u2019attention \u00bb, disent les experts des m\u00e9dias\"}]},{\"@type\":\"WebSite\",\"@id\":\"https:\\\/\\\/interamerica.org\\\/fr\\\/#website\",\"url\":\"https:\\\/\\\/interamerica.org\\\/fr\\\/\",\"name\":\"\u00c9glise Adventiste Du Septieme Jour - Inter Am\u00e9rique Division\",\"description\":\"\",\"potentialAction\":[{\"@type\":\"SearchAction\",\"target\":{\"@type\":\"EntryPoint\",\"urlTemplate\":\"https:\\\/\\\/interamerica.org\\\/fr\\\/?s={search_term_string}\"},\"query-input\":{\"@type\":\"PropertyValueSpecification\",\"valueRequired\":true,\"valueName\":\"search_term_string\"}}],\"inLanguage\":\"fr-FR\"},{\"@type\":\"Person\",\"@id\":\"https:\\\/\\\/interamerica.org\\\/fr\\\/#\\\/schema\\\/person\\\/68ede8bdc292885bb76c1e3810e73c39\",\"name\":\"Lorenzo Verduzco\",\"image\":{\"@type\":\"ImageObject\",\"inLanguage\":\"fr-FR\",\"@id\":\"https:\\\/\\\/secure.gravatar.com\\\/avatar\\\/fb81a55b6218459490a9c1dc841a34909185b81904c5337b4b27f7a6fd60c49e?s=96&d=mm&r=g\",\"url\":\"https:\\\/\\\/secure.gravatar.com\\\/avatar\\\/fb81a55b6218459490a9c1dc841a34909185b81904c5337b4b27f7a6fd60c49e?s=96&d=mm&r=g\",\"contentUrl\":\"https:\\\/\\\/secure.gravatar.com\\\/avatar\\\/fb81a55b6218459490a9c1dc841a34909185b81904c5337b4b27f7a6fd60c49e?s=96&d=mm&r=g\",\"caption\":\"Lorenzo Verduzco\"}}]}<\/script>\n<!-- \/ Yoast SEO plugin. -->","yoast_head_json":{"title":"L\u2019innovation, un \u00e9l\u00e9ment cl\u00e9 pour \u00eatre pertinent dans la nouvelle \u00ab \u00e9conomie de l\u2019attention \u00bb, disent les experts des m\u00e9dias - \u00c9glise Adventiste Du Septieme Jour - Inter Am\u00e9rique Division","robots":{"index":"index","follow":"follow","max-snippet":"max-snippet:-1","max-image-preview":"max-image-preview:large","max-video-preview":"max-video-preview:-1"},"canonical":"https:\/\/interamerica.org\/fr\/2014\/02\/linnovation-un-element-cle-pour-etre-pertinent-dans-la-nouvelle-economie-de-lattention-disent-les-experts-des-medias\/","og_locale":"fr_FR","og_type":"article","og_title":"L\u2019innovation, un \u00e9l\u00e9ment cl\u00e9 pour \u00eatre pertinent dans la nouvelle \u00ab \u00e9conomie de l\u2019attention \u00bb, disent les experts des m\u00e9dias - \u00c9glise Adventiste Du Septieme Jour - Inter Am\u00e9rique Division","og_description":"On ne peut plus se satisfaire de simplement faire reculer les fronti\u00e8res. Les professionnels Adventistes de la technologie et des m\u00e9dias qui participent cette ann\u00e9e \u00e0 la conf\u00e9rence du R\u00e9seau Internet Adventiste Global (GAiN), ont \u00e9t\u00e9 invit\u00e9s \u00e0 d\u00e9passer les fronti\u00e8res et \u00e0 les regardez dans leurs r\u00e9troviseurs ou alors de courir le risque de perdre toute pertinence.","og_url":"https:\/\/interamerica.org\/fr\/2014\/02\/linnovation-un-element-cle-pour-etre-pertinent-dans-la-nouvelle-economie-de-lattention-disent-les-experts-des-medias\/","og_site_name":"\u00c9glise Adventiste Du Septieme Jour - Inter Am\u00e9rique Division","article_published_time":"2014-02-18T04:00:00+00:00","og_image":[{"width":400,"height":266,"url":"https:\/\/interamerica.org\/wp-content\/uploads\/2017\/06\/csm_martha-GAiN-web_0eb898e424.jpg","type":"image\/jpeg"}],"author":"Lorenzo Verduzco","twitter_card":"summary_large_image","twitter_misc":{"\u00c9crit par":"Lorenzo Verduzco","Dur\u00e9e de lecture estim\u00e9e":"7 minutes"},"schema":{"@context":"https:\/\/schema.org","@graph":[{"@type":"Article","@id":"https:\/\/interamerica.org\/fr\/2014\/02\/linnovation-un-element-cle-pour-etre-pertinent-dans-la-nouvelle-economie-de-lattention-disent-les-experts-des-medias\/#article","isPartOf":{"@id":"https:\/\/interamerica.org\/fr\/2014\/02\/linnovation-un-element-cle-pour-etre-pertinent-dans-la-nouvelle-economie-de-lattention-disent-les-experts-des-medias\/"},"author":{"name":"Lorenzo Verduzco","@id":"https:\/\/interamerica.org\/fr\/#\/schema\/person\/68ede8bdc292885bb76c1e3810e73c39"},"headline":"L\u2019innovation, un \u00e9l\u00e9ment cl\u00e9 pour \u00eatre pertinent dans la nouvelle \u00ab \u00e9conomie de l\u2019attention \u00bb, disent les experts des m\u00e9dias","datePublished":"2014-02-18T04:00:00+00:00","mainEntityOfPage":{"@id":"https:\/\/interamerica.org\/fr\/2014\/02\/linnovation-un-element-cle-pour-etre-pertinent-dans-la-nouvelle-economie-de-lattention-disent-les-experts-des-medias\/"},"wordCount":1438,"image":{"@id":"https:\/\/interamerica.org\/fr\/2014\/02\/linnovation-un-element-cle-pour-etre-pertinent-dans-la-nouvelle-economie-de-lattention-disent-les-experts-des-medias\/#primaryimage"},"thumbnailUrl":"https:\/\/interamerica.org\/wp-content\/uploads\/2017\/06\/csm_martha-GAiN-web_0eb898e424.jpg","articleSection":["Nouvelles de l'\u00c9glise mondiale"],"inLanguage":"fr-FR"},{"@type":"WebPage","@id":"https:\/\/interamerica.org\/fr\/2014\/02\/linnovation-un-element-cle-pour-etre-pertinent-dans-la-nouvelle-economie-de-lattention-disent-les-experts-des-medias\/","url":"https:\/\/interamerica.org\/fr\/2014\/02\/linnovation-un-element-cle-pour-etre-pertinent-dans-la-nouvelle-economie-de-lattention-disent-les-experts-des-medias\/","name":"L\u2019innovation, un \u00e9l\u00e9ment cl\u00e9 pour \u00eatre pertinent dans la nouvelle \u00ab \u00e9conomie de l\u2019attention \u00bb, disent les experts des m\u00e9dias - \u00c9glise Adventiste Du Septieme Jour - Inter Am\u00e9rique Division","isPartOf":{"@id":"https:\/\/interamerica.org\/fr\/#website"},"primaryImageOfPage":{"@id":"https:\/\/interamerica.org\/fr\/2014\/02\/linnovation-un-element-cle-pour-etre-pertinent-dans-la-nouvelle-economie-de-lattention-disent-les-experts-des-medias\/#primaryimage"},"image":{"@id":"https:\/\/interamerica.org\/fr\/2014\/02\/linnovation-un-element-cle-pour-etre-pertinent-dans-la-nouvelle-economie-de-lattention-disent-les-experts-des-medias\/#primaryimage"},"thumbnailUrl":"https:\/\/interamerica.org\/wp-content\/uploads\/2017\/06\/csm_martha-GAiN-web_0eb898e424.jpg","datePublished":"2014-02-18T04:00:00+00:00","author":{"@id":"https:\/\/interamerica.org\/fr\/#\/schema\/person\/68ede8bdc292885bb76c1e3810e73c39"},"breadcrumb":{"@id":"https:\/\/interamerica.org\/fr\/2014\/02\/linnovation-un-element-cle-pour-etre-pertinent-dans-la-nouvelle-economie-de-lattention-disent-les-experts-des-medias\/#breadcrumb"},"inLanguage":"fr-FR","potentialAction":[{"@type":"ReadAction","target":["https:\/\/interamerica.org\/fr\/2014\/02\/linnovation-un-element-cle-pour-etre-pertinent-dans-la-nouvelle-economie-de-lattention-disent-les-experts-des-medias\/"]}]},{"@type":"ImageObject","inLanguage":"fr-FR","@id":"https:\/\/interamerica.org\/fr\/2014\/02\/linnovation-un-element-cle-pour-etre-pertinent-dans-la-nouvelle-economie-de-lattention-disent-les-experts-des-medias\/#primaryimage","url":"https:\/\/interamerica.org\/wp-content\/uploads\/2017\/06\/csm_martha-GAiN-web_0eb898e424.jpg","contentUrl":"https:\/\/interamerica.org\/wp-content\/uploads\/2017\/06\/csm_martha-GAiN-web_0eb898e424.jpg","width":400,"height":266},{"@type":"BreadcrumbList","@id":"https:\/\/interamerica.org\/fr\/2014\/02\/linnovation-un-element-cle-pour-etre-pertinent-dans-la-nouvelle-economie-de-lattention-disent-les-experts-des-medias\/#breadcrumb","itemListElement":[{"@type":"ListItem","position":1,"name":"Home","item":"https:\/\/interamerica.org\/fr\/"},{"@type":"ListItem","position":2,"name":"L\u2019innovation, un \u00e9l\u00e9ment cl\u00e9 pour \u00eatre pertinent dans la nouvelle \u00ab \u00e9conomie de l\u2019attention \u00bb, disent les experts des m\u00e9dias"}]},{"@type":"WebSite","@id":"https:\/\/interamerica.org\/fr\/#website","url":"https:\/\/interamerica.org\/fr\/","name":"\u00c9glise Adventiste Du Septieme Jour - Inter Am\u00e9rique Division","description":"","potentialAction":[{"@type":"SearchAction","target":{"@type":"EntryPoint","urlTemplate":"https:\/\/interamerica.org\/fr\/?s={search_term_string}"},"query-input":{"@type":"PropertyValueSpecification","valueRequired":true,"valueName":"search_term_string"}}],"inLanguage":"fr-FR"},{"@type":"Person","@id":"https:\/\/interamerica.org\/fr\/#\/schema\/person\/68ede8bdc292885bb76c1e3810e73c39","name":"Lorenzo Verduzco","image":{"@type":"ImageObject","inLanguage":"fr-FR","@id":"https:\/\/secure.gravatar.com\/avatar\/fb81a55b6218459490a9c1dc841a34909185b81904c5337b4b27f7a6fd60c49e?s=96&d=mm&r=g","url":"https:\/\/secure.gravatar.com\/avatar\/fb81a55b6218459490a9c1dc841a34909185b81904c5337b4b27f7a6fd60c49e?s=96&d=mm&r=g","contentUrl":"https:\/\/secure.gravatar.com\/avatar\/fb81a55b6218459490a9c1dc841a34909185b81904c5337b4b27f7a6fd60c49e?s=96&d=mm&r=g","caption":"Lorenzo Verduzco"}}]}},"_links":{"self":[{"href":"https:\/\/interamerica.org\/fr\/wp-json\/wp\/v2\/posts\/31879","targetHints":{"allow":["GET"]}}],"collection":[{"href":"https:\/\/interamerica.org\/fr\/wp-json\/wp\/v2\/posts"}],"about":[{"href":"https:\/\/interamerica.org\/fr\/wp-json\/wp\/v2\/types\/post"}],"author":[{"embeddable":true,"href":"https:\/\/interamerica.org\/fr\/wp-json\/wp\/v2\/users\/1"}],"replies":[{"embeddable":true,"href":"https:\/\/interamerica.org\/fr\/wp-json\/wp\/v2\/comments?post=31879"}],"version-history":[{"count":0,"href":"https:\/\/interamerica.org\/fr\/wp-json\/wp\/v2\/posts\/31879\/revisions"}],"wp:featuredmedia":[{"embeddable":true,"href":"https:\/\/interamerica.org\/fr\/wp-json\/wp\/v2\/media\/22631"}],"wp:attachment":[{"href":"https:\/\/interamerica.org\/fr\/wp-json\/wp\/v2\/media?parent=31879"}],"wp:term":[{"taxonomy":"category","embeddable":true,"href":"https:\/\/interamerica.org\/fr\/wp-json\/wp\/v2\/categories?post=31879"},{"taxonomy":"post_tag","embeddable":true,"href":"https:\/\/interamerica.org\/fr\/wp-json\/wp\/v2\/tags?post=31879"}],"curies":[{"name":"wp","href":"https:\/\/api.w.org\/{rel}","templated":true}]}}