{"id":31880,"date":"2014-02-18T00:00:00","date_gmt":"2014-02-18T04:00:00","guid":{"rendered":"http:\/\/192.81.217.108\/interamerica\/2014\/02\/jamaique-les-adventistes-cherchent-a-obtenir-une-periode-de-24-heures-pour-le-sabbat-dans-le-cadre-dune-loi-sur-lamenagement-du-travail\/"},"modified":"2014-02-18T00:00:00","modified_gmt":"2014-02-18T04:00:00","slug":"jamaique-les-adventistes-cherchent-a-obtenir-une-periode-de-24-heures-pour-le-sabbat-dans-le-cadre-dune-loi-sur-lamenagement-du-travail","status":"publish","type":"post","link":"https:\/\/interamerica.org\/fr\/2014\/02\/jamaique-les-adventistes-cherchent-a-obtenir-une-periode-de-24-heures-pour-le-sabbat-dans-le-cadre-dune-loi-sur-lamenagement-du-travail\/","title":{"rendered":"Jama\u00efque : Les Adventistes cherchent \u00e0 obtenir une p\u00e9riode de 24 heures pour le Sabbat dans le cadre d\u2019une loi sur l\u2019am\u00e9nagement du travail"},"content":{"rendered":"<p>17 F\u00e9vrier 2014 \u2013 Browns Town, St Ann\u2026Nigel Coke\/DIA<\/p>\n<p>Le pr\u00e9sident de l\u2019Eglise Adventiste du Septi\u00e8me jour en Jama\u00efque, pasteur Everett Brown lance un appel aux l\u00e9gislateurs les invitant \u00e0 ne pas passer la Loi sur les Am\u00e9nagements pour la Flexibilit\u00e9 du Travail au Parlement avant que les membres de l\u2019\u00e9glise, de m\u00eame que les autres congr\u00e9gations observant le sabbat, aient la garantie qu\u2019ils pourront observer leur sabbat de 24 heures.<\/p>\n<div id=\"attachment_10685\" style=\"width: 310px\" class=\"wp-caption alignleft\"><a href=\"\/interamerica\/wp-content\/uploads\/2017\/06\/flexiweek-01.png\" rel=\"fancybox\" title=\"Jama\u00efque : Les Adventistes cherchent \u00e0 obtenir une p\u00e9riode de 24 heures pour le Sabbat dans le cadre d\u2019une loi sur l\u2019am\u00e9nagement du travail\"><img fetchpriority=\"high\" decoding=\"async\" aria-describedby=\"caption-attachment-10685\" class=\"size-medium wp-image-10685\" src=\"\/interamerica\/wp-content\/uploads\/2017\/06\/flexiweek-01-300x198.png\" alt=\"\" width=\"300\" height=\"198\" \/><\/a><p id=\"caption-attachment-10685\" class=\"wp-caption-text\">Le pr\u00e9sident de l\u2019Eglise Adventiste du Septi\u00e8me jour en Jama\u00efque, pasteur Everett Brown lance un appel aux l\u00e9gislateurs les invitant \u00e0 ne pas passer la Loi sur les Am\u00e9nagements pour la Flexibilit\u00e9 du Travail au Parlement avant que les membres de l\u2019\u00e9glise, de m\u00eame que les autres congr\u00e9gations observant le sabbat, aient la garantie qu\u2019ils pourront observer leur sabbat de 24 heures.<\/p><\/div>\n<p>Pasteur Everett Brown, pr\u00e9sident de l\u2019Eglise Adventiste en Jama\u00efque, demande au l\u00e9gislateur de ne pas faire passer la Loi sur les Am\u00e9nagements pour la Flexibilit\u00e9 du Travail avant que les membres d\u2019\u00e9glise et les autres congr\u00e9gations observant le sabbat puissent avoir la garantie qu\u2019ils auront leur repos de sabbat de 24 heures. Image de Nigel Coke\/DIA.<\/p>\n<p>Lors du service d\u2019installation des leaders nouvellement \u00e9lus dans la r\u00e9gion nord de l\u2019\u00e9glise \u2013 St Ann et Tralawny \u2013 organis\u00e9 \u00e0 l\u2019Eglise Adventiste du Septi\u00e8me jour de Brown\u2019s Town, pasteur Brown a attir\u00e9 leur attention sur le fait que la p\u00e9riode \u00e0 venir demande un leadership fort et courageux.<\/p>\n<p>\u00ab La t\u00e2che qui consiste \u00e0 exercer un leadership dans l\u2019\u00e9glise ici dans le nord maintenant est une t\u00e2che formidable., \u00bb a dit pasteur Brown. Vous avez \u00e9t\u00e9 plac\u00e9s en position de leadership \u00e0 un moment o\u00f9, d\u2019apr\u00e8s l\u2019ap\u00f4tre Paul dans 1 Timoth\u00e9e 1 :3, les choses deviendront p\u00e9rilleuses ; et \u00eatre un chr\u00e9tien s\u2019av\u00e8re \u00eatre une chose extr\u00eamement difficile, alors que nous vivons maintenant dans une soci\u00e9t\u00e9 post-moderne, mat\u00e9rialiste, h\u00e9doniste, pluraliste, corrompue et d\u00e9g\u00e9n\u00e9r\u00e9e. \u00bb<\/p>\n<p>Il a d\u00e9fendu l\u2019id\u00e9e qu\u2019on a plus que jamais besoin de leaders forts et courageux pour sauvegarder et pr\u00e9server les valeurs et les normes Chr\u00e9tiennes de l\u2019\u00e9glise, et aussi que les leaders de l\u2019\u00e9glise peuvent \u00eatre appel\u00e9s \u00e0 s\u2019opposer fermement \u00e0 toute tentative visant \u00e0 r\u00e9duire notre libert\u00e9 religieuse garantie par la constitution, par le biais du passage de la loi sur les nouveaux Am\u00e9nagements pour la Flexibilit\u00e9 du Travail.<\/p>\n<p>\u00ab Laissez moi pr\u00e9senter de mani\u00e8re claire ce qu\u2019est la position de l\u2019\u00e9glise. : Dieu qui a d\u00e9cr\u00e9t\u00e9 le Sabbat du Septi\u00e8me jour comme Son saint jour d\u2019adoration, n\u2019en a pas fait un jour de douze heures, mais un jour de vingt quatre heures, du coucher du soleil le vendredi au coucher du soleil le samedi soir. \u00bb<\/p>\n<p>Cette position est l\u2019une des nombreuses pr\u00e9occupations qu\u2019ont, non seulement les Adventistes du Septi\u00e8me jour, mais aussi la population de la Jama\u00efque au sens large au sujet de la loi sur les Am\u00e9nagements pour la Flexibilit\u00e9 du Travail qui est sur la table depuis 18 ans, mais qui devrait passer d\u2019ici la fin du mois de mars de cette ann\u00e9e, dans le cadre des demandes faites lors du dernier accord pass\u00e9 entre le FMI et le Gouvernement de la Jama\u00efque.<\/p>\n<p>Ce groupement d\u2019\u00e9glise dont fait partie l\u2019Eglise Adventiste du Septi\u00e8me jour, a r\u00e9dig\u00e9 un courrier qui sera pr\u00e9sent\u00e9 le 18 f\u00e9vrier et qui contient les pr\u00e9occupations du groupe qui cherche \u00e0 obtenir audience aupr\u00e8s de Ministre du Travail, l\u2019Honorable Derrick Kellier.<\/p>\n<p>\u00ab Nous esp\u00e9rons qu\u2019\u00e0 travers cette lettre, nous pourrons nous asseoir avec le Ministre et ses techniciens, et aussi avec les autres parties prenantes pour consid\u00e9rer les pr\u00e9occupations que nous avons, \u00bb a d\u00e9clar\u00e9 Gary Harriott, secr\u00e9taire du groupe. \u00ab Une des pr\u00e9occupations a \u00e0 voir avec la question de l\u2019\u00e9ducation et de la prise de conscience publiques, ce qui serait d\u2019ailleurs, nous avait-on promis, r\u00e9alis\u00e9 avant qu\u2019un accord critique comme celui-ci ne soit pass\u00e9. Mars \u00e9tant la date limit\u00e9 d\u00e9termin\u00e9e par le FMI pour satisfaire \u00e0 cet aspect qualitatif de l\u2019accord, il nous faut savoir quand cet aspect de l\u2019accord total sera appliqu\u00e9. \u00bb<\/p>\n<p>Gary Harriott a poursuivi en pr\u00e9cisant qu\u2019ils ne cherchent pas, \u00ab \u00e0 voir la loi pr\u00e9sent\u00e9e pr\u00e9cipitamment au Parlement, comme nous l\u2019avons constat\u00e9 pour beaucoup d\u2019autres l\u2019ann\u00e9e derni\u00e8re, sans aucune discussion convenable, ni \u00e9ducation du public, ce qui provoque une r\u00e9action n\u00e9gative sur le plan \u00e9conomique. \u00bb<\/p>\n<p>Pasteur Brown a ajout\u00e9 que quelque soit l\u2019am\u00e9nagement, les citoyens jama\u00efcains ont le droit d\u2019adorer.<\/p>\n<p>\u00ab Nous devons prier pour que quoiqu\u2019il advienne au sujet de la l\u00e9gislation finale, aucun employeur n\u2019ait le droit de d\u00e9terminer quel jour sera le jour d\u2019adoration pour l\u2019employ\u00e9, \u00bb a conclu pasteur Brown.<\/p>\n<p>Traduction: Patrick Luciathe<\/p>\n","protected":false},"excerpt":{"rendered":"<p>Le pr\u00e9sident de l\u2019Eglise Adventiste du Septi\u00e8me jour en Jama\u00efque, pasteur Everett Brown lance un appel aux l\u00e9gislateurs les invitant \u00e0 ne pas passer la Loi sur les Am\u00e9nagements pour la Flexibilit\u00e9 du Travail au Parlement avant que les membres de l\u2019\u00e9glise, de m\u00eame que les autres congr\u00e9gations observant le sabbat, aient la garantie qu\u2019ils pourront observer leur sabbat de 24 heures.<\/p>\n","protected":false},"author":1,"featured_media":22638,"comment_status":"closed","ping_status":"closed","sticky":false,"template":"","format":"standard","meta":{"_acf_changed":false,"footnotes":""},"categories":[21],"tags":[],"class_list":["post-31880","post","type-post","status-publish","format-standard","has-post-thumbnail","hentry","category-nouvelles-du-territoire"],"acf":[],"yoast_head":"<!-- This site is optimized with the Yoast SEO plugin v27.3 - https:\/\/yoast.com\/product\/yoast-seo-wordpress\/ -->\n<title>Jama\u00efque : Les Adventistes cherchent \u00e0 obtenir une p\u00e9riode de 24 heures pour le Sabbat dans le cadre d\u2019une loi sur l\u2019am\u00e9nagement du travail - \u00c9glise Adventiste Du Septieme Jour - Inter Am\u00e9rique Division<\/title>\n<meta name=\"robots\" content=\"index, follow, max-snippet:-1, max-image-preview:large, max-video-preview:-1\" \/>\n<link rel=\"canonical\" href=\"https:\/\/interamerica.org\/fr\/2014\/02\/jamaique-les-adventistes-cherchent-a-obtenir-une-periode-de-24-heures-pour-le-sabbat-dans-le-cadre-dune-loi-sur-lamenagement-du-travail\/\" \/>\n<meta property=\"og:locale\" content=\"fr_FR\" \/>\n<meta property=\"og:type\" content=\"article\" \/>\n<meta property=\"og:title\" content=\"Jama\u00efque : Les Adventistes cherchent \u00e0 obtenir une p\u00e9riode de 24 heures pour le Sabbat dans le cadre d\u2019une loi sur l\u2019am\u00e9nagement du travail - \u00c9glise Adventiste Du Septieme Jour - Inter Am\u00e9rique Division\" \/>\n<meta property=\"og:description\" content=\"Le pr\u00e9sident de l\u2019Eglise Adventiste du Septi\u00e8me jour en Jama\u00efque, pasteur Everett Brown lance un appel aux l\u00e9gislateurs les invitant \u00e0 ne pas passer la Loi sur les Am\u00e9nagements pour la Flexibilit\u00e9 du Travail au Parlement avant que les membres de l\u2019\u00e9glise, de m\u00eame que les autres congr\u00e9gations observant le sabbat, aient la garantie qu\u2019ils pourront observer leur sabbat de 24 heures.\" \/>\n<meta property=\"og:url\" content=\"https:\/\/interamerica.org\/fr\/2014\/02\/jamaique-les-adventistes-cherchent-a-obtenir-une-periode-de-24-heures-pour-le-sabbat-dans-le-cadre-dune-loi-sur-lamenagement-du-travail\/\" \/>\n<meta property=\"og:site_name\" content=\"\u00c9glise Adventiste Du Septieme Jour - Inter Am\u00e9rique Division\" \/>\n<meta property=\"article:published_time\" content=\"2014-02-18T04:00:00+00:00\" \/>\n<meta property=\"og:image\" content=\"https:\/\/interamerica.org\/wp-content\/uploads\/2017\/06\/flexiweek-01.png\" \/>\n\t<meta property=\"og:image:width\" content=\"350\" \/>\n\t<meta property=\"og:image:height\" content=\"232\" \/>\n\t<meta property=\"og:image:type\" content=\"image\/png\" \/>\n<meta name=\"author\" content=\"Lorenzo Verduzco\" \/>\n<meta name=\"twitter:card\" content=\"summary_large_image\" \/>\n<meta name=\"twitter:label1\" content=\"\u00c9crit par\" \/>\n\t<meta name=\"twitter:data1\" content=\"Lorenzo Verduzco\" \/>\n\t<meta name=\"twitter:label2\" content=\"Dur\u00e9e de lecture estim\u00e9e\" \/>\n\t<meta name=\"twitter:data2\" content=\"4 minutes\" \/>\n<script type=\"application\/ld+json\" class=\"yoast-schema-graph\">{\"@context\":\"https:\\\/\\\/schema.org\",\"@graph\":[{\"@type\":\"Article\",\"@id\":\"https:\\\/\\\/interamerica.org\\\/fr\\\/2014\\\/02\\\/jamaique-les-adventistes-cherchent-a-obtenir-une-periode-de-24-heures-pour-le-sabbat-dans-le-cadre-dune-loi-sur-lamenagement-du-travail\\\/#article\",\"isPartOf\":{\"@id\":\"https:\\\/\\\/interamerica.org\\\/fr\\\/2014\\\/02\\\/jamaique-les-adventistes-cherchent-a-obtenir-une-periode-de-24-heures-pour-le-sabbat-dans-le-cadre-dune-loi-sur-lamenagement-du-travail\\\/\"},\"author\":{\"name\":\"Lorenzo Verduzco\",\"@id\":\"https:\\\/\\\/interamerica.org\\\/fr\\\/#\\\/schema\\\/person\\\/68ede8bdc292885bb76c1e3810e73c39\"},\"headline\":\"Jama\u00efque : Les Adventistes cherchent \u00e0 obtenir une p\u00e9riode de 24 heures pour le Sabbat dans le cadre d\u2019une loi sur l\u2019am\u00e9nagement du travail\",\"datePublished\":\"2014-02-18T04:00:00+00:00\",\"mainEntityOfPage\":{\"@id\":\"https:\\\/\\\/interamerica.org\\\/fr\\\/2014\\\/02\\\/jamaique-les-adventistes-cherchent-a-obtenir-une-periode-de-24-heures-pour-le-sabbat-dans-le-cadre-dune-loi-sur-lamenagement-du-travail\\\/\"},\"wordCount\":895,\"image\":{\"@id\":\"https:\\\/\\\/interamerica.org\\\/fr\\\/2014\\\/02\\\/jamaique-les-adventistes-cherchent-a-obtenir-une-periode-de-24-heures-pour-le-sabbat-dans-le-cadre-dune-loi-sur-lamenagement-du-travail\\\/#primaryimage\"},\"thumbnailUrl\":\"https:\\\/\\\/interamerica.org\\\/wp-content\\\/uploads\\\/2017\\\/06\\\/flexiweek-01.png\",\"articleSection\":[\"Nouvelles du territoire\"],\"inLanguage\":\"fr-FR\"},{\"@type\":\"WebPage\",\"@id\":\"https:\\\/\\\/interamerica.org\\\/fr\\\/2014\\\/02\\\/jamaique-les-adventistes-cherchent-a-obtenir-une-periode-de-24-heures-pour-le-sabbat-dans-le-cadre-dune-loi-sur-lamenagement-du-travail\\\/\",\"url\":\"https:\\\/\\\/interamerica.org\\\/fr\\\/2014\\\/02\\\/jamaique-les-adventistes-cherchent-a-obtenir-une-periode-de-24-heures-pour-le-sabbat-dans-le-cadre-dune-loi-sur-lamenagement-du-travail\\\/\",\"name\":\"Jama\u00efque : Les Adventistes cherchent \u00e0 obtenir une p\u00e9riode de 24 heures pour le Sabbat dans le cadre d\u2019une loi sur l\u2019am\u00e9nagement du travail - \u00c9glise Adventiste Du Septieme Jour - Inter Am\u00e9rique Division\",\"isPartOf\":{\"@id\":\"https:\\\/\\\/interamerica.org\\\/fr\\\/#website\"},\"primaryImageOfPage\":{\"@id\":\"https:\\\/\\\/interamerica.org\\\/fr\\\/2014\\\/02\\\/jamaique-les-adventistes-cherchent-a-obtenir-une-periode-de-24-heures-pour-le-sabbat-dans-le-cadre-dune-loi-sur-lamenagement-du-travail\\\/#primaryimage\"},\"image\":{\"@id\":\"https:\\\/\\\/interamerica.org\\\/fr\\\/2014\\\/02\\\/jamaique-les-adventistes-cherchent-a-obtenir-une-periode-de-24-heures-pour-le-sabbat-dans-le-cadre-dune-loi-sur-lamenagement-du-travail\\\/#primaryimage\"},\"thumbnailUrl\":\"https:\\\/\\\/interamerica.org\\\/wp-content\\\/uploads\\\/2017\\\/06\\\/flexiweek-01.png\",\"datePublished\":\"2014-02-18T04:00:00+00:00\",\"author\":{\"@id\":\"https:\\\/\\\/interamerica.org\\\/fr\\\/#\\\/schema\\\/person\\\/68ede8bdc292885bb76c1e3810e73c39\"},\"breadcrumb\":{\"@id\":\"https:\\\/\\\/interamerica.org\\\/fr\\\/2014\\\/02\\\/jamaique-les-adventistes-cherchent-a-obtenir-une-periode-de-24-heures-pour-le-sabbat-dans-le-cadre-dune-loi-sur-lamenagement-du-travail\\\/#breadcrumb\"},\"inLanguage\":\"fr-FR\",\"potentialAction\":[{\"@type\":\"ReadAction\",\"target\":[\"https:\\\/\\\/interamerica.org\\\/fr\\\/2014\\\/02\\\/jamaique-les-adventistes-cherchent-a-obtenir-une-periode-de-24-heures-pour-le-sabbat-dans-le-cadre-dune-loi-sur-lamenagement-du-travail\\\/\"]}]},{\"@type\":\"ImageObject\",\"inLanguage\":\"fr-FR\",\"@id\":\"https:\\\/\\\/interamerica.org\\\/fr\\\/2014\\\/02\\\/jamaique-les-adventistes-cherchent-a-obtenir-une-periode-de-24-heures-pour-le-sabbat-dans-le-cadre-dune-loi-sur-lamenagement-du-travail\\\/#primaryimage\",\"url\":\"https:\\\/\\\/interamerica.org\\\/wp-content\\\/uploads\\\/2017\\\/06\\\/flexiweek-01.png\",\"contentUrl\":\"https:\\\/\\\/interamerica.org\\\/wp-content\\\/uploads\\\/2017\\\/06\\\/flexiweek-01.png\",\"width\":350,\"height\":232},{\"@type\":\"BreadcrumbList\",\"@id\":\"https:\\\/\\\/interamerica.org\\\/fr\\\/2014\\\/02\\\/jamaique-les-adventistes-cherchent-a-obtenir-une-periode-de-24-heures-pour-le-sabbat-dans-le-cadre-dune-loi-sur-lamenagement-du-travail\\\/#breadcrumb\",\"itemListElement\":[{\"@type\":\"ListItem\",\"position\":1,\"name\":\"Home\",\"item\":\"https:\\\/\\\/interamerica.org\\\/fr\\\/\"},{\"@type\":\"ListItem\",\"position\":2,\"name\":\"Jama\u00efque : Les Adventistes cherchent \u00e0 obtenir une p\u00e9riode de 24 heures pour le Sabbat dans le cadre d\u2019une loi sur l\u2019am\u00e9nagement du travail\"}]},{\"@type\":\"WebSite\",\"@id\":\"https:\\\/\\\/interamerica.org\\\/fr\\\/#website\",\"url\":\"https:\\\/\\\/interamerica.org\\\/fr\\\/\",\"name\":\"\u00c9glise Adventiste Du Septieme Jour - Inter Am\u00e9rique Division\",\"description\":\"\",\"potentialAction\":[{\"@type\":\"SearchAction\",\"target\":{\"@type\":\"EntryPoint\",\"urlTemplate\":\"https:\\\/\\\/interamerica.org\\\/fr\\\/?s={search_term_string}\"},\"query-input\":{\"@type\":\"PropertyValueSpecification\",\"valueRequired\":true,\"valueName\":\"search_term_string\"}}],\"inLanguage\":\"fr-FR\"},{\"@type\":\"Person\",\"@id\":\"https:\\\/\\\/interamerica.org\\\/fr\\\/#\\\/schema\\\/person\\\/68ede8bdc292885bb76c1e3810e73c39\",\"name\":\"Lorenzo Verduzco\",\"image\":{\"@type\":\"ImageObject\",\"inLanguage\":\"fr-FR\",\"@id\":\"https:\\\/\\\/secure.gravatar.com\\\/avatar\\\/fb81a55b6218459490a9c1dc841a34909185b81904c5337b4b27f7a6fd60c49e?s=96&d=mm&r=g\",\"url\":\"https:\\\/\\\/secure.gravatar.com\\\/avatar\\\/fb81a55b6218459490a9c1dc841a34909185b81904c5337b4b27f7a6fd60c49e?s=96&d=mm&r=g\",\"contentUrl\":\"https:\\\/\\\/secure.gravatar.com\\\/avatar\\\/fb81a55b6218459490a9c1dc841a34909185b81904c5337b4b27f7a6fd60c49e?s=96&d=mm&r=g\",\"caption\":\"Lorenzo Verduzco\"}}]}<\/script>\n<!-- \/ Yoast SEO plugin. -->","yoast_head_json":{"title":"Jama\u00efque : Les Adventistes cherchent \u00e0 obtenir une p\u00e9riode de 24 heures pour le Sabbat dans le cadre d\u2019une loi sur l\u2019am\u00e9nagement du travail - \u00c9glise Adventiste Du Septieme Jour - Inter Am\u00e9rique Division","robots":{"index":"index","follow":"follow","max-snippet":"max-snippet:-1","max-image-preview":"max-image-preview:large","max-video-preview":"max-video-preview:-1"},"canonical":"https:\/\/interamerica.org\/fr\/2014\/02\/jamaique-les-adventistes-cherchent-a-obtenir-une-periode-de-24-heures-pour-le-sabbat-dans-le-cadre-dune-loi-sur-lamenagement-du-travail\/","og_locale":"fr_FR","og_type":"article","og_title":"Jama\u00efque : Les Adventistes cherchent \u00e0 obtenir une p\u00e9riode de 24 heures pour le Sabbat dans le cadre d\u2019une loi sur l\u2019am\u00e9nagement du travail - \u00c9glise Adventiste Du Septieme Jour - Inter Am\u00e9rique Division","og_description":"Le pr\u00e9sident de l\u2019Eglise Adventiste du Septi\u00e8me jour en Jama\u00efque, pasteur Everett Brown lance un appel aux l\u00e9gislateurs les invitant \u00e0 ne pas passer la Loi sur les Am\u00e9nagements pour la Flexibilit\u00e9 du Travail au Parlement avant que les membres de l\u2019\u00e9glise, de m\u00eame que les autres congr\u00e9gations observant le sabbat, aient la garantie qu\u2019ils pourront observer leur sabbat de 24 heures.","og_url":"https:\/\/interamerica.org\/fr\/2014\/02\/jamaique-les-adventistes-cherchent-a-obtenir-une-periode-de-24-heures-pour-le-sabbat-dans-le-cadre-dune-loi-sur-lamenagement-du-travail\/","og_site_name":"\u00c9glise Adventiste Du Septieme Jour - Inter Am\u00e9rique Division","article_published_time":"2014-02-18T04:00:00+00:00","og_image":[{"width":350,"height":232,"url":"https:\/\/interamerica.org\/wp-content\/uploads\/2017\/06\/flexiweek-01.png","type":"image\/png"}],"author":"Lorenzo Verduzco","twitter_card":"summary_large_image","twitter_misc":{"\u00c9crit par":"Lorenzo Verduzco","Dur\u00e9e de lecture estim\u00e9e":"4 minutes"},"schema":{"@context":"https:\/\/schema.org","@graph":[{"@type":"Article","@id":"https:\/\/interamerica.org\/fr\/2014\/02\/jamaique-les-adventistes-cherchent-a-obtenir-une-periode-de-24-heures-pour-le-sabbat-dans-le-cadre-dune-loi-sur-lamenagement-du-travail\/#article","isPartOf":{"@id":"https:\/\/interamerica.org\/fr\/2014\/02\/jamaique-les-adventistes-cherchent-a-obtenir-une-periode-de-24-heures-pour-le-sabbat-dans-le-cadre-dune-loi-sur-lamenagement-du-travail\/"},"author":{"name":"Lorenzo Verduzco","@id":"https:\/\/interamerica.org\/fr\/#\/schema\/person\/68ede8bdc292885bb76c1e3810e73c39"},"headline":"Jama\u00efque : Les Adventistes cherchent \u00e0 obtenir une p\u00e9riode de 24 heures pour le Sabbat dans le cadre d\u2019une loi sur l\u2019am\u00e9nagement du travail","datePublished":"2014-02-18T04:00:00+00:00","mainEntityOfPage":{"@id":"https:\/\/interamerica.org\/fr\/2014\/02\/jamaique-les-adventistes-cherchent-a-obtenir-une-periode-de-24-heures-pour-le-sabbat-dans-le-cadre-dune-loi-sur-lamenagement-du-travail\/"},"wordCount":895,"image":{"@id":"https:\/\/interamerica.org\/fr\/2014\/02\/jamaique-les-adventistes-cherchent-a-obtenir-une-periode-de-24-heures-pour-le-sabbat-dans-le-cadre-dune-loi-sur-lamenagement-du-travail\/#primaryimage"},"thumbnailUrl":"https:\/\/interamerica.org\/wp-content\/uploads\/2017\/06\/flexiweek-01.png","articleSection":["Nouvelles du territoire"],"inLanguage":"fr-FR"},{"@type":"WebPage","@id":"https:\/\/interamerica.org\/fr\/2014\/02\/jamaique-les-adventistes-cherchent-a-obtenir-une-periode-de-24-heures-pour-le-sabbat-dans-le-cadre-dune-loi-sur-lamenagement-du-travail\/","url":"https:\/\/interamerica.org\/fr\/2014\/02\/jamaique-les-adventistes-cherchent-a-obtenir-une-periode-de-24-heures-pour-le-sabbat-dans-le-cadre-dune-loi-sur-lamenagement-du-travail\/","name":"Jama\u00efque : Les Adventistes cherchent \u00e0 obtenir une p\u00e9riode de 24 heures pour le Sabbat dans le cadre d\u2019une loi sur l\u2019am\u00e9nagement du travail - \u00c9glise Adventiste Du Septieme Jour - Inter Am\u00e9rique Division","isPartOf":{"@id":"https:\/\/interamerica.org\/fr\/#website"},"primaryImageOfPage":{"@id":"https:\/\/interamerica.org\/fr\/2014\/02\/jamaique-les-adventistes-cherchent-a-obtenir-une-periode-de-24-heures-pour-le-sabbat-dans-le-cadre-dune-loi-sur-lamenagement-du-travail\/#primaryimage"},"image":{"@id":"https:\/\/interamerica.org\/fr\/2014\/02\/jamaique-les-adventistes-cherchent-a-obtenir-une-periode-de-24-heures-pour-le-sabbat-dans-le-cadre-dune-loi-sur-lamenagement-du-travail\/#primaryimage"},"thumbnailUrl":"https:\/\/interamerica.org\/wp-content\/uploads\/2017\/06\/flexiweek-01.png","datePublished":"2014-02-18T04:00:00+00:00","author":{"@id":"https:\/\/interamerica.org\/fr\/#\/schema\/person\/68ede8bdc292885bb76c1e3810e73c39"},"breadcrumb":{"@id":"https:\/\/interamerica.org\/fr\/2014\/02\/jamaique-les-adventistes-cherchent-a-obtenir-une-periode-de-24-heures-pour-le-sabbat-dans-le-cadre-dune-loi-sur-lamenagement-du-travail\/#breadcrumb"},"inLanguage":"fr-FR","potentialAction":[{"@type":"ReadAction","target":["https:\/\/interamerica.org\/fr\/2014\/02\/jamaique-les-adventistes-cherchent-a-obtenir-une-periode-de-24-heures-pour-le-sabbat-dans-le-cadre-dune-loi-sur-lamenagement-du-travail\/"]}]},{"@type":"ImageObject","inLanguage":"fr-FR","@id":"https:\/\/interamerica.org\/fr\/2014\/02\/jamaique-les-adventistes-cherchent-a-obtenir-une-periode-de-24-heures-pour-le-sabbat-dans-le-cadre-dune-loi-sur-lamenagement-du-travail\/#primaryimage","url":"https:\/\/interamerica.org\/wp-content\/uploads\/2017\/06\/flexiweek-01.png","contentUrl":"https:\/\/interamerica.org\/wp-content\/uploads\/2017\/06\/flexiweek-01.png","width":350,"height":232},{"@type":"BreadcrumbList","@id":"https:\/\/interamerica.org\/fr\/2014\/02\/jamaique-les-adventistes-cherchent-a-obtenir-une-periode-de-24-heures-pour-le-sabbat-dans-le-cadre-dune-loi-sur-lamenagement-du-travail\/#breadcrumb","itemListElement":[{"@type":"ListItem","position":1,"name":"Home","item":"https:\/\/interamerica.org\/fr\/"},{"@type":"ListItem","position":2,"name":"Jama\u00efque : Les Adventistes cherchent \u00e0 obtenir une p\u00e9riode de 24 heures pour le Sabbat dans le cadre d\u2019une loi sur l\u2019am\u00e9nagement du travail"}]},{"@type":"WebSite","@id":"https:\/\/interamerica.org\/fr\/#website","url":"https:\/\/interamerica.org\/fr\/","name":"\u00c9glise Adventiste Du Septieme Jour - Inter Am\u00e9rique Division","description":"","potentialAction":[{"@type":"SearchAction","target":{"@type":"EntryPoint","urlTemplate":"https:\/\/interamerica.org\/fr\/?s={search_term_string}"},"query-input":{"@type":"PropertyValueSpecification","valueRequired":true,"valueName":"search_term_string"}}],"inLanguage":"fr-FR"},{"@type":"Person","@id":"https:\/\/interamerica.org\/fr\/#\/schema\/person\/68ede8bdc292885bb76c1e3810e73c39","name":"Lorenzo Verduzco","image":{"@type":"ImageObject","inLanguage":"fr-FR","@id":"https:\/\/secure.gravatar.com\/avatar\/fb81a55b6218459490a9c1dc841a34909185b81904c5337b4b27f7a6fd60c49e?s=96&d=mm&r=g","url":"https:\/\/secure.gravatar.com\/avatar\/fb81a55b6218459490a9c1dc841a34909185b81904c5337b4b27f7a6fd60c49e?s=96&d=mm&r=g","contentUrl":"https:\/\/secure.gravatar.com\/avatar\/fb81a55b6218459490a9c1dc841a34909185b81904c5337b4b27f7a6fd60c49e?s=96&d=mm&r=g","caption":"Lorenzo Verduzco"}}]}},"_links":{"self":[{"href":"https:\/\/interamerica.org\/fr\/wp-json\/wp\/v2\/posts\/31880","targetHints":{"allow":["GET"]}}],"collection":[{"href":"https:\/\/interamerica.org\/fr\/wp-json\/wp\/v2\/posts"}],"about":[{"href":"https:\/\/interamerica.org\/fr\/wp-json\/wp\/v2\/types\/post"}],"author":[{"embeddable":true,"href":"https:\/\/interamerica.org\/fr\/wp-json\/wp\/v2\/users\/1"}],"replies":[{"embeddable":true,"href":"https:\/\/interamerica.org\/fr\/wp-json\/wp\/v2\/comments?post=31880"}],"version-history":[{"count":0,"href":"https:\/\/interamerica.org\/fr\/wp-json\/wp\/v2\/posts\/31880\/revisions"}],"wp:featuredmedia":[{"embeddable":true,"href":"https:\/\/interamerica.org\/fr\/wp-json\/wp\/v2\/media\/22638"}],"wp:attachment":[{"href":"https:\/\/interamerica.org\/fr\/wp-json\/wp\/v2\/media?parent=31880"}],"wp:term":[{"taxonomy":"category","embeddable":true,"href":"https:\/\/interamerica.org\/fr\/wp-json\/wp\/v2\/categories?post=31880"},{"taxonomy":"post_tag","embeddable":true,"href":"https:\/\/interamerica.org\/fr\/wp-json\/wp\/v2\/tags?post=31880"}],"curies":[{"name":"wp","href":"https:\/\/api.w.org\/{rel}","templated":true}]}}