{"id":31881,"date":"2014-02-19T00:00:00","date_gmt":"2014-02-19T04:00:00","guid":{"rendered":"http:\/\/192.81.217.108\/interamerica\/2014\/02\/rencontres-avec-les-responsables-du-gouvernement-et-evangelisation-au-programme-de-la-visite-de-ted-wilson-dans-le-pacifique-sud\/"},"modified":"2014-02-19T00:00:00","modified_gmt":"2014-02-19T04:00:00","slug":"rencontres-avec-les-responsables-du-gouvernement-et-evangelisation-au-programme-de-la-visite-de-ted-wilson-dans-le-pacifique-sud","status":"publish","type":"post","link":"https:\/\/interamerica.org\/fr\/2014\/02\/rencontres-avec-les-responsables-du-gouvernement-et-evangelisation-au-programme-de-la-visite-de-ted-wilson-dans-le-pacifique-sud\/","title":{"rendered":"Rencontres avec les responsables du gouvernement et \u00e9vang\u00e9lisation au programme de la visite de Ted Wilson dans le Pacifique Sud"},"content":{"rendered":"<p>18 F\u00e9vrier 2014 \u2013 Port Moresby, Papouasie Nouvelle Guin\u00e9e\u2026Kent Kingston et Jarrod Stackelroth\/SPD Record et ANN<\/p>\n<p>Le pr\u00e9sident de l\u2019Eglise Adventiste du Septi\u00e8me jour, Ted N.C. Wilson a visit\u00e9 ce mois ci plusieurs pays de la Division du Pacifique Sud, rencontrant des responsables du gouvernement, participant \u00e0 une campagne d\u2019\u00e9vang\u00e9lisation et intervenant lors de l\u2019ouverture d\u2019un nouveau campus d\u2019un Coll\u00e8ge Adventiste.<\/p>\n<div id=\"attachment_10698\" style=\"width: 310px\" class=\"wp-caption alignright\"><a href=\"\/interamerica\/wp-content\/uploads\/2017\/06\/csm_wilson-png-web_e821c0c1d6.jpg\" rel=\"fancybox\" title=\"Rencontres avec les responsables du gouvernement et \u00e9vang\u00e9lisation au programme de la visite de Ted Wilson dans le Pacifique Sud\"><img fetchpriority=\"high\" decoding=\"async\" aria-describedby=\"caption-attachment-10698\" class=\"size-medium wp-image-10698\" src=\"\/interamerica\/wp-content\/uploads\/2017\/06\/csm_wilson-png-web_e821c0c1d6-300x171.jpg\" alt=\"\" width=\"300\" height=\"171\" \/><\/a><p id=\"caption-attachment-10698\" class=\"wp-caption-text\">Lors d\u2019un voyage dans le Pacifique Sud, le pr\u00e9sident de l\u2019Eglise Adventiste, Ted N.C. Wilson, \u00e0 droite, a rencontr\u00e9 le Premier Ministre de la Papouasie Nouvelle Guin\u00e9e, Peter O\u2019Neill, \u00e0 gauche. Ted Wilson a \u00e9galement rencontr\u00e9 le leader de l\u2019opposition, Belden Namah et Theo Zurenoc, le pr\u00e9sident du Parlement. Image de SPD Record.<\/p><\/div>\n<p>Accompagn\u00e9 de son \u00e9pouse Nancy et d\u2019une d\u00e9l\u00e9gation de responsables locaux de l\u2019\u00e9glise, Ted Wilson a visit\u00e9 la Papouasie Nouvelle Guin\u00e9e (PNG), les Iles Salomon et les Iles Fidji \u2013 trois pays qui composent environ 75 pourcent de l\u2019effectif de membres de la Division du Pacifique Sud.<\/p>\n<p>La d\u00e9l\u00e9gation a rencontr\u00e9 le Premier Ministre Peter O\u2019neill, ainsi que le leader de l\u2019opposition Belden Namah et aussi le pr\u00e9sident du Parlement, Theo Zurenoc.<\/p>\n<p>Belden Namah, un Adventiste, a plus tard indiqu\u00e9 qu\u2019il avait \u00e9t\u00e9 touch\u00e9 par le verset biblique tir\u00e9 de Romains 12 que pasteur Wilson avait cit\u00e9 au cours de leur discussion, encourageant Belden Namah et ses coll\u00e8gues de l\u2019opposition \u00e0 s\u2019abstenir d\u2019un esprit n\u00e9gatif dans leur travail et \u00e0 plut\u00f4t \u00ab vaincre le mal par le bien \u00bb alors qu\u2019ils oeuvrent avec le gouvernement pour le bien du pays.<\/p>\n<p>Le pr\u00e9sident du Parlement, Theo Zurenoc, a expliqu\u00e9 \u00e0 Ted Wilson ses r\u00e9centes d\u00e9cisions pour que des sculptures traditionnelles soient enlev\u00e9es du Parlement. Il a r\u00e9it\u00e9r\u00e9 sa pr\u00e9occupation au sujet du totem qui se trouve dans le Grand Hall et qui repr\u00e9senterait selon lui l\u2019immoralit\u00e9 et la sorcellerie, et il a montr\u00e9 \u00e0 la d\u00e9l\u00e9gation Adventiste l\u2019esquisse d\u2019un concept pour un \u00ab Pilier de l\u2019Unit\u00e9 \u00bb qu\u2019il propose et qui remplacera esp\u00e8re t-il le totem.<\/p>\n<p>A chaque leader, pasteur Wilson a propos\u00e9 des conseils spirituels et la pri\u00e8re, remerciant le premier ministre en particulier, pour la libert\u00e9 religieuse dont on jouit en PNG.<\/p>\n<p>Parmi ceux qui accompagnaient Ted Wilson, il y avait le pr\u00e9sident de la SPD, Barry Oliver et le pr\u00e9sident de l\u2019Union Mission de la PNG, Leigh Rice.<\/p>\n<p>Ted Wilson a \u00e9t\u00e9 accueilli en PNG avec le m\u00eame protocole mis en place pour un chef d\u2019\u00e9tat en visite, y compris des v\u00e9hicules de la police et de la s\u00e9curit\u00e9 qui escortaient la d\u00e9l\u00e9gation \u00e0 travers les rues de Port Moresby.<\/p>\n<p>Avant la visite de pasteur Wilson, une s\u00e9rie de conf\u00e9rences d\u2019\u00e9vang\u00e9lisation organis\u00e9e dans le Parc Jack Pidik \u00e0 Port Moresby avait attir\u00e9 chaque jour des foules de plus de 15000 personnes. L\u2019orateur principal, Chris Moses, secr\u00e9taire de la F\u00e9d\u00e9ration de Papouasie du Centre, a offert la chaire \u00e0 Ted Wilson pour les trois derni\u00e8res rencontres dont le service du sabbat matin.<\/p>\n<p>\u00ab C\u2019est bon de voir que lorsque notre leader mondial vient en Papouasie Nouvelle Guin\u00e9e, il ouvre la parole de Dieu, \u00bb a d\u00e9clar\u00e9 le pr\u00e9sident de la F\u00e9d\u00e9ration de Papouasie du Centre, pasteur Kove Tau.<\/p>\n<p>Ted Wilson ainsi que la d\u00e9l\u00e9gation se sont rendus aux Iles Salomon, o\u00f9 ils ont rencontr\u00e9 le Pemier Ministre, Gordon Darcy Lilo. Ce dernier a f\u00e9licit\u00e9 l\u2019Eglise Adventiste du Septi\u00e8me jour \u00e0 l\u2019occasion du centenaire \u00e9coul\u00e9 depuis que les premiers missionnaires de la d\u00e9nomination ont pos\u00e9 le pied sur les rives du pays, c\u2019est ce qu\u2019a indiqu\u00e9 un communiqu\u00e9 de presse du gouvernement.<\/p>\n<p>\u00ab Mr le Pr\u00e9sident, cette ann\u00e9e\u2026 marque le 100\u00e8me anniversaire de l\u2019arriv\u00e9e de pasteur Griffith Jones et de son \u00e9pouse Marion aux Iles Salomon, \u00bb pouvait-on lire dans le Salomon Star. Gordon Lilo a aussi inform\u00e9 Ted Wilson du r\u00f4le jou\u00e9 par les \u00e9glises Chr\u00e9tiennes dont l\u2019Eglise Adventiste, dans la construction de la nation, notamment dans le domaine de l\u2019\u00e9ducation, la sant\u00e9, le d\u00e9veloppement de la jeunesse et de la spiritualit\u00e9.<\/p>\n<p>\u00ab Je voudrais souhaiter \u00e0 tous ses membres, de joyeuses c\u00e9l\u00e9brations. Mais, plus important que toute autre chose, je prie que Dieu continue de vous conduire et de vous diriger au cours des 100 prochaines ann\u00e9es, \u00bb a dit Gordon Lilo.<\/p>\n<div id=\"attachment_10699\" style=\"width: 310px\" class=\"wp-caption alignleft\"><a href=\"\/interamerica\/wp-content\/uploads\/2017\/06\/RTEmagicC_wilson-tape-fiji-web_02.jpg\" rel=\"fancybox\" title=\"Rencontres avec les responsables du gouvernement et \u00e9vang\u00e9lisation au programme de la visite de Ted Wilson dans le Pacifique Sud\"><img decoding=\"async\" aria-describedby=\"caption-attachment-10699\" class=\"size-medium wp-image-10699\" src=\"\/interamerica\/wp-content\/uploads\/2017\/06\/RTEmagicC_wilson-tape-fiji-web_02-300x166.jpg\" alt=\"\" width=\"300\" height=\"166\" \/><\/a><p id=\"caption-attachment-10699\" class=\"wp-caption-text\">Le pr\u00e9sident de l\u2019Eglise Adventiste, Ted N.C. Wilson, aide \u00e0 couper le ruban pour l\u2019ouverture du nouveau campus de Fulton Coll\u00e8ge \u00e0 Sabeto, aux Iles Fidji.<\/p><\/div>\n<p>Ted Wilson a dit \u00e0 Gordon Lilo : \u00ab C\u2019est la premi\u00e8re fois que je me trouve dans cette partie du monde et c\u2019est une visite historique pour moi, \u00bb a rapport\u00e9 le journal Salomon Times. \u00ab Je m\u2019assurerai d\u2019informer les membre d\u2019\u00e9glise du monde entier au sujet de votre merveilleux pays et de votre merveilleux peuple.<\/p>\n<p>Les principaux leaders Adventistes se sont \u00e9galement rendus \u00e0 Kuduku dans la Province occidentale des Iles Salomon, le site o\u00f9 a \u00e9t\u00e9 \u00e9tabli la premi\u00e8re mission Adventiste.<\/p>\n<p>La derni\u00e8re partie du voyage les emmenait aux Iles Fidji o\u00f9 pasteur Wilson a proc\u00e9d\u00e9 \u00e0 Sabeto, dans les faubourgs de Nadi, \u00e0 l\u2019ouverture officielle du nouveau campus de Fulton College, une institution de 109 ans. Avec la d\u00e9l\u00e9gation se trouvaient \u00e9galement le pr\u00e9sident de l\u2019Union Mission Trans-Pacifique, Glenn Townend et le pr\u00e9sident de la Mission des Fidji, Luke Narabe.<\/p>\n<p>Le nouvel emplacement \u2013 situ\u00e9 \u00e0 15 minutes de l\u2019A\u00e9roport International de Nadi \u2013 s\u2019occupe des pr\u00e8s des 60 pourcent des \u00e9tudiants de Fulton College qui viennent d\u2019autres pays.<\/p>\n<p>\u00ab Sans un esprit humain bien pr\u00e9par\u00e9, l\u2019abondance d\u2019informations disponibles peut \u00eatre une cacophonie plut\u00f4t qu\u2019une symphonie, \u00bb a d\u00e9clar\u00e9 le Ministre de l\u2019Education des Fidji, Filipe Bole qui intervenait pendant la c\u00e9r\u00e9monie. \u00ab Votre \u00e9ducation \u00e0 Fulton vous pr\u00e9parera \u00e0 diriger l\u2019orchestre de l\u2019information mondiale. \u00bb<\/p>\n<p>Ted Wilson a d\u00e9clar\u00e9 que Fulton College aurait pour toujours une dette envers le peuple de Sabeto qui leur a propos\u00e9 la terre pour installer le campus, a indiqu\u00e9 le Fidji Times.<\/p>\n<p>\u00ab Cela a \u00e9t\u00e9 donn\u00e9 avec beaucoup d\u2019amour et de respect, et je f\u00e9licite le peuple de Sabeto, \u00bb a dit Ted Wilson.<\/p>\n<p>Traduction: Patrick Luciathe<\/p>\n","protected":false},"excerpt":{"rendered":"<p>Le pr\u00e9sident de l\u2019Eglise Adventiste du Septi\u00e8me jour, Ted N.C. Wilson a visit\u00e9 ce mois ci plusieurs pays de la Division du Pacifique Sud, rencontrant des responsables du gouvernement, participant \u00e0 une campagne d\u2019\u00e9vang\u00e9lisation et intervenant lors de l\u2019ouverture d\u2019un nouveau campus d\u2019un Coll\u00e8ge Adventiste.<\/p>\n","protected":false},"author":1,"featured_media":22646,"comment_status":"closed","ping_status":"closed","sticky":false,"template":"","format":"standard","meta":{"_acf_changed":false,"footnotes":""},"categories":[18],"tags":[],"class_list":["post-31881","post","type-post","status-publish","format-standard","has-post-thumbnail","hentry","category-nouvelles-de-leglise-mondiale"],"acf":[],"yoast_head":"<!-- This site is optimized with the Yoast SEO plugin v27.3 - https:\/\/yoast.com\/product\/yoast-seo-wordpress\/ -->\n<title>Rencontres avec les responsables du gouvernement et \u00e9vang\u00e9lisation au programme de la visite de Ted Wilson dans le Pacifique Sud - \u00c9glise Adventiste Du Septieme Jour - Inter Am\u00e9rique Division<\/title>\n<meta name=\"robots\" content=\"index, follow, max-snippet:-1, max-image-preview:large, max-video-preview:-1\" \/>\n<link rel=\"canonical\" href=\"https:\/\/interamerica.org\/fr\/2014\/02\/rencontres-avec-les-responsables-du-gouvernement-et-evangelisation-au-programme-de-la-visite-de-ted-wilson-dans-le-pacifique-sud\/\" \/>\n<meta property=\"og:locale\" content=\"fr_FR\" \/>\n<meta property=\"og:type\" content=\"article\" \/>\n<meta property=\"og:title\" content=\"Rencontres avec les responsables du gouvernement et \u00e9vang\u00e9lisation au programme de la visite de Ted Wilson dans le Pacifique Sud - \u00c9glise Adventiste Du Septieme Jour - Inter Am\u00e9rique Division\" \/>\n<meta property=\"og:description\" content=\"Le pr\u00e9sident de l\u2019Eglise Adventiste du Septi\u00e8me jour, Ted N.C. Wilson a visit\u00e9 ce mois ci plusieurs pays de la Division du Pacifique Sud, rencontrant des responsables du gouvernement, participant \u00e0 une campagne d\u2019\u00e9vang\u00e9lisation et intervenant lors de l\u2019ouverture d\u2019un nouveau campus d\u2019un Coll\u00e8ge Adventiste.\" \/>\n<meta property=\"og:url\" content=\"https:\/\/interamerica.org\/fr\/2014\/02\/rencontres-avec-les-responsables-du-gouvernement-et-evangelisation-au-programme-de-la-visite-de-ted-wilson-dans-le-pacifique-sud\/\" \/>\n<meta property=\"og:site_name\" content=\"\u00c9glise Adventiste Du Septieme Jour - Inter Am\u00e9rique Division\" \/>\n<meta property=\"article:published_time\" content=\"2014-02-19T04:00:00+00:00\" \/>\n<meta property=\"og:image\" content=\"https:\/\/interamerica.org\/wp-content\/uploads\/2017\/06\/csm_wilson-png-web_e821c0c1d6.jpg\" \/>\n\t<meta property=\"og:image:width\" content=\"800\" \/>\n\t<meta property=\"og:image:height\" content=\"456\" \/>\n\t<meta property=\"og:image:type\" content=\"image\/jpeg\" \/>\n<meta name=\"author\" content=\"Lorenzo Verduzco\" \/>\n<meta name=\"twitter:card\" content=\"summary_large_image\" \/>\n<meta name=\"twitter:label1\" content=\"\u00c9crit par\" \/>\n\t<meta name=\"twitter:data1\" content=\"Lorenzo Verduzco\" \/>\n\t<meta name=\"twitter:label2\" content=\"Dur\u00e9e de lecture estim\u00e9e\" \/>\n\t<meta name=\"twitter:data2\" content=\"6 minutes\" \/>\n<script type=\"application\/ld+json\" class=\"yoast-schema-graph\">{\"@context\":\"https:\\\/\\\/schema.org\",\"@graph\":[{\"@type\":\"Article\",\"@id\":\"https:\\\/\\\/interamerica.org\\\/fr\\\/2014\\\/02\\\/rencontres-avec-les-responsables-du-gouvernement-et-evangelisation-au-programme-de-la-visite-de-ted-wilson-dans-le-pacifique-sud\\\/#article\",\"isPartOf\":{\"@id\":\"https:\\\/\\\/interamerica.org\\\/fr\\\/2014\\\/02\\\/rencontres-avec-les-responsables-du-gouvernement-et-evangelisation-au-programme-de-la-visite-de-ted-wilson-dans-le-pacifique-sud\\\/\"},\"author\":{\"name\":\"Lorenzo Verduzco\",\"@id\":\"https:\\\/\\\/interamerica.org\\\/fr\\\/#\\\/schema\\\/person\\\/68ede8bdc292885bb76c1e3810e73c39\"},\"headline\":\"Rencontres avec les responsables du gouvernement et \u00e9vang\u00e9lisation au programme de la visite de Ted Wilson dans le Pacifique Sud\",\"datePublished\":\"2014-02-19T04:00:00+00:00\",\"mainEntityOfPage\":{\"@id\":\"https:\\\/\\\/interamerica.org\\\/fr\\\/2014\\\/02\\\/rencontres-avec-les-responsables-du-gouvernement-et-evangelisation-au-programme-de-la-visite-de-ted-wilson-dans-le-pacifique-sud\\\/\"},\"wordCount\":1127,\"image\":{\"@id\":\"https:\\\/\\\/interamerica.org\\\/fr\\\/2014\\\/02\\\/rencontres-avec-les-responsables-du-gouvernement-et-evangelisation-au-programme-de-la-visite-de-ted-wilson-dans-le-pacifique-sud\\\/#primaryimage\"},\"thumbnailUrl\":\"https:\\\/\\\/interamerica.org\\\/wp-content\\\/uploads\\\/2017\\\/06\\\/csm_wilson-png-web_e821c0c1d6.jpg\",\"articleSection\":[\"Nouvelles de l'\u00c9glise mondiale\"],\"inLanguage\":\"fr-FR\"},{\"@type\":\"WebPage\",\"@id\":\"https:\\\/\\\/interamerica.org\\\/fr\\\/2014\\\/02\\\/rencontres-avec-les-responsables-du-gouvernement-et-evangelisation-au-programme-de-la-visite-de-ted-wilson-dans-le-pacifique-sud\\\/\",\"url\":\"https:\\\/\\\/interamerica.org\\\/fr\\\/2014\\\/02\\\/rencontres-avec-les-responsables-du-gouvernement-et-evangelisation-au-programme-de-la-visite-de-ted-wilson-dans-le-pacifique-sud\\\/\",\"name\":\"Rencontres avec les responsables du gouvernement et \u00e9vang\u00e9lisation au programme de la visite de Ted Wilson dans le Pacifique Sud - \u00c9glise Adventiste Du Septieme Jour - Inter Am\u00e9rique Division\",\"isPartOf\":{\"@id\":\"https:\\\/\\\/interamerica.org\\\/fr\\\/#website\"},\"primaryImageOfPage\":{\"@id\":\"https:\\\/\\\/interamerica.org\\\/fr\\\/2014\\\/02\\\/rencontres-avec-les-responsables-du-gouvernement-et-evangelisation-au-programme-de-la-visite-de-ted-wilson-dans-le-pacifique-sud\\\/#primaryimage\"},\"image\":{\"@id\":\"https:\\\/\\\/interamerica.org\\\/fr\\\/2014\\\/02\\\/rencontres-avec-les-responsables-du-gouvernement-et-evangelisation-au-programme-de-la-visite-de-ted-wilson-dans-le-pacifique-sud\\\/#primaryimage\"},\"thumbnailUrl\":\"https:\\\/\\\/interamerica.org\\\/wp-content\\\/uploads\\\/2017\\\/06\\\/csm_wilson-png-web_e821c0c1d6.jpg\",\"datePublished\":\"2014-02-19T04:00:00+00:00\",\"author\":{\"@id\":\"https:\\\/\\\/interamerica.org\\\/fr\\\/#\\\/schema\\\/person\\\/68ede8bdc292885bb76c1e3810e73c39\"},\"breadcrumb\":{\"@id\":\"https:\\\/\\\/interamerica.org\\\/fr\\\/2014\\\/02\\\/rencontres-avec-les-responsables-du-gouvernement-et-evangelisation-au-programme-de-la-visite-de-ted-wilson-dans-le-pacifique-sud\\\/#breadcrumb\"},\"inLanguage\":\"fr-FR\",\"potentialAction\":[{\"@type\":\"ReadAction\",\"target\":[\"https:\\\/\\\/interamerica.org\\\/fr\\\/2014\\\/02\\\/rencontres-avec-les-responsables-du-gouvernement-et-evangelisation-au-programme-de-la-visite-de-ted-wilson-dans-le-pacifique-sud\\\/\"]}]},{\"@type\":\"ImageObject\",\"inLanguage\":\"fr-FR\",\"@id\":\"https:\\\/\\\/interamerica.org\\\/fr\\\/2014\\\/02\\\/rencontres-avec-les-responsables-du-gouvernement-et-evangelisation-au-programme-de-la-visite-de-ted-wilson-dans-le-pacifique-sud\\\/#primaryimage\",\"url\":\"https:\\\/\\\/interamerica.org\\\/wp-content\\\/uploads\\\/2017\\\/06\\\/csm_wilson-png-web_e821c0c1d6.jpg\",\"contentUrl\":\"https:\\\/\\\/interamerica.org\\\/wp-content\\\/uploads\\\/2017\\\/06\\\/csm_wilson-png-web_e821c0c1d6.jpg\",\"width\":800,\"height\":456},{\"@type\":\"BreadcrumbList\",\"@id\":\"https:\\\/\\\/interamerica.org\\\/fr\\\/2014\\\/02\\\/rencontres-avec-les-responsables-du-gouvernement-et-evangelisation-au-programme-de-la-visite-de-ted-wilson-dans-le-pacifique-sud\\\/#breadcrumb\",\"itemListElement\":[{\"@type\":\"ListItem\",\"position\":1,\"name\":\"Home\",\"item\":\"https:\\\/\\\/interamerica.org\\\/fr\\\/\"},{\"@type\":\"ListItem\",\"position\":2,\"name\":\"Rencontres avec les responsables du gouvernement et \u00e9vang\u00e9lisation au programme de la visite de Ted Wilson dans le Pacifique Sud\"}]},{\"@type\":\"WebSite\",\"@id\":\"https:\\\/\\\/interamerica.org\\\/fr\\\/#website\",\"url\":\"https:\\\/\\\/interamerica.org\\\/fr\\\/\",\"name\":\"\u00c9glise Adventiste Du Septieme Jour - Inter Am\u00e9rique Division\",\"description\":\"\",\"potentialAction\":[{\"@type\":\"SearchAction\",\"target\":{\"@type\":\"EntryPoint\",\"urlTemplate\":\"https:\\\/\\\/interamerica.org\\\/fr\\\/?s={search_term_string}\"},\"query-input\":{\"@type\":\"PropertyValueSpecification\",\"valueRequired\":true,\"valueName\":\"search_term_string\"}}],\"inLanguage\":\"fr-FR\"},{\"@type\":\"Person\",\"@id\":\"https:\\\/\\\/interamerica.org\\\/fr\\\/#\\\/schema\\\/person\\\/68ede8bdc292885bb76c1e3810e73c39\",\"name\":\"Lorenzo Verduzco\",\"image\":{\"@type\":\"ImageObject\",\"inLanguage\":\"fr-FR\",\"@id\":\"https:\\\/\\\/secure.gravatar.com\\\/avatar\\\/fb81a55b6218459490a9c1dc841a34909185b81904c5337b4b27f7a6fd60c49e?s=96&d=mm&r=g\",\"url\":\"https:\\\/\\\/secure.gravatar.com\\\/avatar\\\/fb81a55b6218459490a9c1dc841a34909185b81904c5337b4b27f7a6fd60c49e?s=96&d=mm&r=g\",\"contentUrl\":\"https:\\\/\\\/secure.gravatar.com\\\/avatar\\\/fb81a55b6218459490a9c1dc841a34909185b81904c5337b4b27f7a6fd60c49e?s=96&d=mm&r=g\",\"caption\":\"Lorenzo Verduzco\"}}]}<\/script>\n<!-- \/ Yoast SEO plugin. -->","yoast_head_json":{"title":"Rencontres avec les responsables du gouvernement et \u00e9vang\u00e9lisation au programme de la visite de Ted Wilson dans le Pacifique Sud - \u00c9glise Adventiste Du Septieme Jour - Inter Am\u00e9rique Division","robots":{"index":"index","follow":"follow","max-snippet":"max-snippet:-1","max-image-preview":"max-image-preview:large","max-video-preview":"max-video-preview:-1"},"canonical":"https:\/\/interamerica.org\/fr\/2014\/02\/rencontres-avec-les-responsables-du-gouvernement-et-evangelisation-au-programme-de-la-visite-de-ted-wilson-dans-le-pacifique-sud\/","og_locale":"fr_FR","og_type":"article","og_title":"Rencontres avec les responsables du gouvernement et \u00e9vang\u00e9lisation au programme de la visite de Ted Wilson dans le Pacifique Sud - \u00c9glise Adventiste Du Septieme Jour - Inter Am\u00e9rique Division","og_description":"Le pr\u00e9sident de l\u2019Eglise Adventiste du Septi\u00e8me jour, Ted N.C. Wilson a visit\u00e9 ce mois ci plusieurs pays de la Division du Pacifique Sud, rencontrant des responsables du gouvernement, participant \u00e0 une campagne d\u2019\u00e9vang\u00e9lisation et intervenant lors de l\u2019ouverture d\u2019un nouveau campus d\u2019un Coll\u00e8ge Adventiste.","og_url":"https:\/\/interamerica.org\/fr\/2014\/02\/rencontres-avec-les-responsables-du-gouvernement-et-evangelisation-au-programme-de-la-visite-de-ted-wilson-dans-le-pacifique-sud\/","og_site_name":"\u00c9glise Adventiste Du Septieme Jour - Inter Am\u00e9rique Division","article_published_time":"2014-02-19T04:00:00+00:00","og_image":[{"width":800,"height":456,"url":"https:\/\/interamerica.org\/wp-content\/uploads\/2017\/06\/csm_wilson-png-web_e821c0c1d6.jpg","type":"image\/jpeg"}],"author":"Lorenzo Verduzco","twitter_card":"summary_large_image","twitter_misc":{"\u00c9crit par":"Lorenzo Verduzco","Dur\u00e9e de lecture estim\u00e9e":"6 minutes"},"schema":{"@context":"https:\/\/schema.org","@graph":[{"@type":"Article","@id":"https:\/\/interamerica.org\/fr\/2014\/02\/rencontres-avec-les-responsables-du-gouvernement-et-evangelisation-au-programme-de-la-visite-de-ted-wilson-dans-le-pacifique-sud\/#article","isPartOf":{"@id":"https:\/\/interamerica.org\/fr\/2014\/02\/rencontres-avec-les-responsables-du-gouvernement-et-evangelisation-au-programme-de-la-visite-de-ted-wilson-dans-le-pacifique-sud\/"},"author":{"name":"Lorenzo Verduzco","@id":"https:\/\/interamerica.org\/fr\/#\/schema\/person\/68ede8bdc292885bb76c1e3810e73c39"},"headline":"Rencontres avec les responsables du gouvernement et \u00e9vang\u00e9lisation au programme de la visite de Ted Wilson dans le Pacifique Sud","datePublished":"2014-02-19T04:00:00+00:00","mainEntityOfPage":{"@id":"https:\/\/interamerica.org\/fr\/2014\/02\/rencontres-avec-les-responsables-du-gouvernement-et-evangelisation-au-programme-de-la-visite-de-ted-wilson-dans-le-pacifique-sud\/"},"wordCount":1127,"image":{"@id":"https:\/\/interamerica.org\/fr\/2014\/02\/rencontres-avec-les-responsables-du-gouvernement-et-evangelisation-au-programme-de-la-visite-de-ted-wilson-dans-le-pacifique-sud\/#primaryimage"},"thumbnailUrl":"https:\/\/interamerica.org\/wp-content\/uploads\/2017\/06\/csm_wilson-png-web_e821c0c1d6.jpg","articleSection":["Nouvelles de l'\u00c9glise mondiale"],"inLanguage":"fr-FR"},{"@type":"WebPage","@id":"https:\/\/interamerica.org\/fr\/2014\/02\/rencontres-avec-les-responsables-du-gouvernement-et-evangelisation-au-programme-de-la-visite-de-ted-wilson-dans-le-pacifique-sud\/","url":"https:\/\/interamerica.org\/fr\/2014\/02\/rencontres-avec-les-responsables-du-gouvernement-et-evangelisation-au-programme-de-la-visite-de-ted-wilson-dans-le-pacifique-sud\/","name":"Rencontres avec les responsables du gouvernement et \u00e9vang\u00e9lisation au programme de la visite de Ted Wilson dans le Pacifique Sud - \u00c9glise Adventiste Du Septieme Jour - Inter Am\u00e9rique Division","isPartOf":{"@id":"https:\/\/interamerica.org\/fr\/#website"},"primaryImageOfPage":{"@id":"https:\/\/interamerica.org\/fr\/2014\/02\/rencontres-avec-les-responsables-du-gouvernement-et-evangelisation-au-programme-de-la-visite-de-ted-wilson-dans-le-pacifique-sud\/#primaryimage"},"image":{"@id":"https:\/\/interamerica.org\/fr\/2014\/02\/rencontres-avec-les-responsables-du-gouvernement-et-evangelisation-au-programme-de-la-visite-de-ted-wilson-dans-le-pacifique-sud\/#primaryimage"},"thumbnailUrl":"https:\/\/interamerica.org\/wp-content\/uploads\/2017\/06\/csm_wilson-png-web_e821c0c1d6.jpg","datePublished":"2014-02-19T04:00:00+00:00","author":{"@id":"https:\/\/interamerica.org\/fr\/#\/schema\/person\/68ede8bdc292885bb76c1e3810e73c39"},"breadcrumb":{"@id":"https:\/\/interamerica.org\/fr\/2014\/02\/rencontres-avec-les-responsables-du-gouvernement-et-evangelisation-au-programme-de-la-visite-de-ted-wilson-dans-le-pacifique-sud\/#breadcrumb"},"inLanguage":"fr-FR","potentialAction":[{"@type":"ReadAction","target":["https:\/\/interamerica.org\/fr\/2014\/02\/rencontres-avec-les-responsables-du-gouvernement-et-evangelisation-au-programme-de-la-visite-de-ted-wilson-dans-le-pacifique-sud\/"]}]},{"@type":"ImageObject","inLanguage":"fr-FR","@id":"https:\/\/interamerica.org\/fr\/2014\/02\/rencontres-avec-les-responsables-du-gouvernement-et-evangelisation-au-programme-de-la-visite-de-ted-wilson-dans-le-pacifique-sud\/#primaryimage","url":"https:\/\/interamerica.org\/wp-content\/uploads\/2017\/06\/csm_wilson-png-web_e821c0c1d6.jpg","contentUrl":"https:\/\/interamerica.org\/wp-content\/uploads\/2017\/06\/csm_wilson-png-web_e821c0c1d6.jpg","width":800,"height":456},{"@type":"BreadcrumbList","@id":"https:\/\/interamerica.org\/fr\/2014\/02\/rencontres-avec-les-responsables-du-gouvernement-et-evangelisation-au-programme-de-la-visite-de-ted-wilson-dans-le-pacifique-sud\/#breadcrumb","itemListElement":[{"@type":"ListItem","position":1,"name":"Home","item":"https:\/\/interamerica.org\/fr\/"},{"@type":"ListItem","position":2,"name":"Rencontres avec les responsables du gouvernement et \u00e9vang\u00e9lisation au programme de la visite de Ted Wilson dans le Pacifique Sud"}]},{"@type":"WebSite","@id":"https:\/\/interamerica.org\/fr\/#website","url":"https:\/\/interamerica.org\/fr\/","name":"\u00c9glise Adventiste Du Septieme Jour - Inter Am\u00e9rique Division","description":"","potentialAction":[{"@type":"SearchAction","target":{"@type":"EntryPoint","urlTemplate":"https:\/\/interamerica.org\/fr\/?s={search_term_string}"},"query-input":{"@type":"PropertyValueSpecification","valueRequired":true,"valueName":"search_term_string"}}],"inLanguage":"fr-FR"},{"@type":"Person","@id":"https:\/\/interamerica.org\/fr\/#\/schema\/person\/68ede8bdc292885bb76c1e3810e73c39","name":"Lorenzo Verduzco","image":{"@type":"ImageObject","inLanguage":"fr-FR","@id":"https:\/\/secure.gravatar.com\/avatar\/fb81a55b6218459490a9c1dc841a34909185b81904c5337b4b27f7a6fd60c49e?s=96&d=mm&r=g","url":"https:\/\/secure.gravatar.com\/avatar\/fb81a55b6218459490a9c1dc841a34909185b81904c5337b4b27f7a6fd60c49e?s=96&d=mm&r=g","contentUrl":"https:\/\/secure.gravatar.com\/avatar\/fb81a55b6218459490a9c1dc841a34909185b81904c5337b4b27f7a6fd60c49e?s=96&d=mm&r=g","caption":"Lorenzo Verduzco"}}]}},"_links":{"self":[{"href":"https:\/\/interamerica.org\/fr\/wp-json\/wp\/v2\/posts\/31881","targetHints":{"allow":["GET"]}}],"collection":[{"href":"https:\/\/interamerica.org\/fr\/wp-json\/wp\/v2\/posts"}],"about":[{"href":"https:\/\/interamerica.org\/fr\/wp-json\/wp\/v2\/types\/post"}],"author":[{"embeddable":true,"href":"https:\/\/interamerica.org\/fr\/wp-json\/wp\/v2\/users\/1"}],"replies":[{"embeddable":true,"href":"https:\/\/interamerica.org\/fr\/wp-json\/wp\/v2\/comments?post=31881"}],"version-history":[{"count":0,"href":"https:\/\/interamerica.org\/fr\/wp-json\/wp\/v2\/posts\/31881\/revisions"}],"wp:featuredmedia":[{"embeddable":true,"href":"https:\/\/interamerica.org\/fr\/wp-json\/wp\/v2\/media\/22646"}],"wp:attachment":[{"href":"https:\/\/interamerica.org\/fr\/wp-json\/wp\/v2\/media?parent=31881"}],"wp:term":[{"taxonomy":"category","embeddable":true,"href":"https:\/\/interamerica.org\/fr\/wp-json\/wp\/v2\/categories?post=31881"},{"taxonomy":"post_tag","embeddable":true,"href":"https:\/\/interamerica.org\/fr\/wp-json\/wp\/v2\/tags?post=31881"}],"curies":[{"name":"wp","href":"https:\/\/api.w.org\/{rel}","templated":true}]}}