{"id":31882,"date":"2014-02-20T00:00:00","date_gmt":"2014-02-20T04:00:00","guid":{"rendered":"http:\/\/192.81.217.108\/interamerica\/2014\/02\/inter-amerique-la-direction-sapprete-a-etablir-la-connexion-avec-les-anciens-deglise-lors-dun-programme-en-ligne\/"},"modified":"2014-02-20T00:00:00","modified_gmt":"2014-02-20T04:00:00","slug":"inter-amerique-la-direction-sapprete-a-etablir-la-connexion-avec-les-anciens-deglise-lors-dun-programme-en-ligne","status":"publish","type":"post","link":"https:\/\/interamerica.org\/fr\/2014\/02\/inter-amerique-la-direction-sapprete-a-etablir-la-connexion-avec-les-anciens-deglise-lors-dun-programme-en-ligne\/","title":{"rendered":"Inter Am\u00e9rique : La direction s\u2019appr\u00eate \u00e0 \u00e9tablir la connexion avec les anciens d&rsquo;\u00e9glise lors d&rsquo;un programme en ligne"},"content":{"rendered":"<p>19 F\u00e9vrier 2014 &#8211; Miami, Floride, \u00c9tats Unis&#8230;.Libna Stevens\/DIA<\/p>\n<div id=\"attachment_10720\" style=\"width: 310px\" class=\"wp-caption alignleft\"><a href=\"\/interamerica\/wp-content\/uploads\/2017\/06\/400x250_BannerELDERS_FR.jpg\" rel=\"fancybox\" title=\"Inter Am\u00e9rique : La direction s\u2019appr\u00eate \u00e0 \u00e9tablir la connexion avec les anciens d'\u00e9glise lors d'un programme en ligne\"><img fetchpriority=\"high\" decoding=\"async\" aria-describedby=\"caption-attachment-10720\" class=\"alignleft size-medium wp-image-10745\" title=\"400x250_BannerELDERS_FR\" src=\"\/interamerica\/wp-content\/uploads\/2017\/06\/400x250_BannerELDERS_FR-300x187.jpg\" alt=\"\" width=\"300\" height=\"187\" \/><\/a><p id=\"caption-attachment-10720\" class=\"wp-caption-text\">Image d&rsquo;Abel Marquez\/DIA<\/p><\/div>\n<p>L&rsquo;\u00e9glise Adventiste du Septi\u00e8me jour en Inter Am\u00e9rique continue sa s\u00e9rie de programmes en ligne pour \u00e9tablir le contact avec ses membres. Cette fois ci, les principaux leaders se trouvant au si\u00e8ge de la Division Inter Am\u00e9ricaine (DIA) \u00e0 Miami en Floride, s&rsquo;organisent pour s&rsquo;adresser aux plus de 50000 anciens d&rsquo;\u00e9glise qui se trouvent r\u00e9partis sur le territoire, \u00e0 l&rsquo;occasion d&rsquo;un programme en direct ce samedi 22 f\u00e9vrier 2014.<\/p>\n<p>\u00a0\u00bb Nous voulons motiver nos anciens d&rsquo;\u00e9glise \u00e0 continuer de rechercher un r\u00e9veil spirituel personnel afin d&rsquo;\u00eatre plus efficace dans les congr\u00e9gations o\u00f9 ils exercent leur minist\u00e8re,\u00a0\u00bb a d\u00e9clar\u00e9 pasteur Hector Sanchez, secr\u00e9taire de l&rsquo;association pastorale pour l&rsquo;\u00e9glise en Inter Am\u00e9rique. \u00a0\u00bb Nous voulons souligner l&rsquo;importance de l&rsquo;ancien d&rsquo;\u00e9glise, de son engagement envers Dieu, de son foyer, son \u00e9glise et sa communaut\u00e9.\u00a0\u00bb<\/p>\n<p>Cet engagement \u00e0 diriger les congr\u00e9gations pour les amener \u00e0 avoir une marche plus \u00e9troite avec Dieu est vital pour la croissance et le d\u00e9veloppement spirituel des anciens d&rsquo;\u00e9glise alors qu&rsquo;ils conduisent le troupeau tandis que les pasteurs g\u00e8rent trois, quatre, dix ou m\u00eame davantage de congr\u00e9gations chaque mois de l&rsquo;ann\u00e9e, \u00e0 indiqu\u00e9 pasteur Sanchez.<\/p>\n<p>Le programme d&rsquo;une heure et demie sera un moment de r\u00e9flexion, d&rsquo;inspiration et de motivation qui intervient dans le cadre des activit\u00e9s de formation continue offerte par l&rsquo;\u00e9glise au cours de l&rsquo;ann\u00e9e o\u00f9 l&rsquo;accent est mis sur l&rsquo;\u00e9ducation non formelle \u00e0 travers la DIA.<\/p>\n<p>Branchez vous pour suivre le programme en direct le sabbat 22 f\u00e9vrier 2014 \u00e0 16h30, heure de Miami. Le programme sera diffus\u00e9 en anglais, en espagnol et en fran\u00e7ais sur notre canal web <a href=\"http:\/\/webcast.interamerica.org\/francais\">ICI<\/a><\/p>\n<p>Traduction: Patrick Luciathe<\/p>\n","protected":false},"excerpt":{"rendered":"<p>L&rsquo;\u00e9glise Adventiste du Septi\u00e8me jour en Inter Am\u00e9rique continue sa s\u00e9rie de programmes en ligne pour \u00e9tablir le contact avec ses membres.<\/p>\n","protected":false},"author":1,"featured_media":31883,"comment_status":"closed","ping_status":"closed","sticky":false,"template":"","format":"standard","meta":{"_acf_changed":false,"footnotes":""},"categories":[20],"tags":[],"class_list":["post-31882","post","type-post","status-publish","format-standard","has-post-thumbnail","hentry","category-nouvelles-du-siege-de-la-division"],"acf":[],"yoast_head":"<!-- This site is optimized with the Yoast SEO plugin v27.3 - https:\/\/yoast.com\/product\/yoast-seo-wordpress\/ -->\n<title>Inter Am\u00e9rique : La direction s\u2019appr\u00eate \u00e0 \u00e9tablir la connexion avec les anciens d&#039;\u00e9glise lors d&#039;un programme en ligne - \u00c9glise Adventiste Du Septieme Jour - Inter Am\u00e9rique Division<\/title>\n<meta name=\"robots\" content=\"index, follow, max-snippet:-1, max-image-preview:large, max-video-preview:-1\" \/>\n<link rel=\"canonical\" href=\"https:\/\/interamerica.org\/fr\/2014\/02\/inter-amerique-la-direction-sapprete-a-etablir-la-connexion-avec-les-anciens-deglise-lors-dun-programme-en-ligne\/\" \/>\n<meta property=\"og:locale\" content=\"fr_FR\" \/>\n<meta property=\"og:type\" content=\"article\" \/>\n<meta property=\"og:title\" content=\"Inter Am\u00e9rique : La direction s\u2019appr\u00eate \u00e0 \u00e9tablir la connexion avec les anciens d&#039;\u00e9glise lors d&#039;un programme en ligne - \u00c9glise Adventiste Du Septieme Jour - Inter Am\u00e9rique Division\" \/>\n<meta property=\"og:description\" content=\"L&#039;\u00e9glise Adventiste du Septi\u00e8me jour en Inter Am\u00e9rique continue sa s\u00e9rie de programmes en ligne pour \u00e9tablir le contact avec ses membres.\" \/>\n<meta property=\"og:url\" content=\"https:\/\/interamerica.org\/fr\/2014\/02\/inter-amerique-la-direction-sapprete-a-etablir-la-connexion-avec-les-anciens-deglise-lors-dun-programme-en-ligne\/\" \/>\n<meta property=\"og:site_name\" content=\"\u00c9glise Adventiste Du Septieme Jour - Inter Am\u00e9rique Division\" \/>\n<meta property=\"article:published_time\" content=\"2014-02-20T04:00:00+00:00\" \/>\n<meta property=\"og:image\" content=\"https:\/\/interamerica.org\/wp-content\/uploads\/2017\/06\/400x250_BannerELDERS_FR.jpg\" \/>\n\t<meta property=\"og:image:width\" content=\"400\" \/>\n\t<meta property=\"og:image:height\" content=\"250\" \/>\n\t<meta property=\"og:image:type\" content=\"image\/jpeg\" \/>\n<meta name=\"author\" content=\"Lorenzo Verduzco\" \/>\n<meta name=\"twitter:card\" content=\"summary_large_image\" \/>\n<meta name=\"twitter:label1\" content=\"\u00c9crit par\" \/>\n\t<meta name=\"twitter:data1\" content=\"Lorenzo Verduzco\" \/>\n\t<meta name=\"twitter:label2\" content=\"Dur\u00e9e de lecture estim\u00e9e\" \/>\n\t<meta name=\"twitter:data2\" content=\"2 minutes\" \/>\n<script type=\"application\/ld+json\" class=\"yoast-schema-graph\">{\"@context\":\"https:\\\/\\\/schema.org\",\"@graph\":[{\"@type\":\"Article\",\"@id\":\"https:\\\/\\\/interamerica.org\\\/fr\\\/2014\\\/02\\\/inter-amerique-la-direction-sapprete-a-etablir-la-connexion-avec-les-anciens-deglise-lors-dun-programme-en-ligne\\\/#article\",\"isPartOf\":{\"@id\":\"https:\\\/\\\/interamerica.org\\\/fr\\\/2014\\\/02\\\/inter-amerique-la-direction-sapprete-a-etablir-la-connexion-avec-les-anciens-deglise-lors-dun-programme-en-ligne\\\/\"},\"author\":{\"name\":\"Lorenzo Verduzco\",\"@id\":\"https:\\\/\\\/interamerica.org\\\/fr\\\/#\\\/schema\\\/person\\\/68ede8bdc292885bb76c1e3810e73c39\"},\"headline\":\"Inter Am\u00e9rique : La direction s\u2019appr\u00eate \u00e0 \u00e9tablir la connexion avec les anciens d&rsquo;\u00e9glise lors d&rsquo;un programme en ligne\",\"datePublished\":\"2014-02-20T04:00:00+00:00\",\"mainEntityOfPage\":{\"@id\":\"https:\\\/\\\/interamerica.org\\\/fr\\\/2014\\\/02\\\/inter-amerique-la-direction-sapprete-a-etablir-la-connexion-avec-les-anciens-deglise-lors-dun-programme-en-ligne\\\/\"},\"wordCount\":342,\"image\":{\"@id\":\"https:\\\/\\\/interamerica.org\\\/fr\\\/2014\\\/02\\\/inter-amerique-la-direction-sapprete-a-etablir-la-connexion-avec-les-anciens-deglise-lors-dun-programme-en-ligne\\\/#primaryimage\"},\"thumbnailUrl\":\"https:\\\/\\\/interamerica.org\\\/wp-content\\\/uploads\\\/2017\\\/06\\\/400x250_BannerELDERS_FR.jpg\",\"articleSection\":[\"Nouvelles du si\u00e8ge de la division\"],\"inLanguage\":\"fr-FR\"},{\"@type\":\"WebPage\",\"@id\":\"https:\\\/\\\/interamerica.org\\\/fr\\\/2014\\\/02\\\/inter-amerique-la-direction-sapprete-a-etablir-la-connexion-avec-les-anciens-deglise-lors-dun-programme-en-ligne\\\/\",\"url\":\"https:\\\/\\\/interamerica.org\\\/fr\\\/2014\\\/02\\\/inter-amerique-la-direction-sapprete-a-etablir-la-connexion-avec-les-anciens-deglise-lors-dun-programme-en-ligne\\\/\",\"name\":\"Inter Am\u00e9rique : La direction s\u2019appr\u00eate \u00e0 \u00e9tablir la connexion avec les anciens d'\u00e9glise lors d'un programme en ligne - \u00c9glise Adventiste Du Septieme Jour - Inter Am\u00e9rique Division\",\"isPartOf\":{\"@id\":\"https:\\\/\\\/interamerica.org\\\/fr\\\/#website\"},\"primaryImageOfPage\":{\"@id\":\"https:\\\/\\\/interamerica.org\\\/fr\\\/2014\\\/02\\\/inter-amerique-la-direction-sapprete-a-etablir-la-connexion-avec-les-anciens-deglise-lors-dun-programme-en-ligne\\\/#primaryimage\"},\"image\":{\"@id\":\"https:\\\/\\\/interamerica.org\\\/fr\\\/2014\\\/02\\\/inter-amerique-la-direction-sapprete-a-etablir-la-connexion-avec-les-anciens-deglise-lors-dun-programme-en-ligne\\\/#primaryimage\"},\"thumbnailUrl\":\"https:\\\/\\\/interamerica.org\\\/wp-content\\\/uploads\\\/2017\\\/06\\\/400x250_BannerELDERS_FR.jpg\",\"datePublished\":\"2014-02-20T04:00:00+00:00\",\"author\":{\"@id\":\"https:\\\/\\\/interamerica.org\\\/fr\\\/#\\\/schema\\\/person\\\/68ede8bdc292885bb76c1e3810e73c39\"},\"breadcrumb\":{\"@id\":\"https:\\\/\\\/interamerica.org\\\/fr\\\/2014\\\/02\\\/inter-amerique-la-direction-sapprete-a-etablir-la-connexion-avec-les-anciens-deglise-lors-dun-programme-en-ligne\\\/#breadcrumb\"},\"inLanguage\":\"fr-FR\",\"potentialAction\":[{\"@type\":\"ReadAction\",\"target\":[\"https:\\\/\\\/interamerica.org\\\/fr\\\/2014\\\/02\\\/inter-amerique-la-direction-sapprete-a-etablir-la-connexion-avec-les-anciens-deglise-lors-dun-programme-en-ligne\\\/\"]}]},{\"@type\":\"ImageObject\",\"inLanguage\":\"fr-FR\",\"@id\":\"https:\\\/\\\/interamerica.org\\\/fr\\\/2014\\\/02\\\/inter-amerique-la-direction-sapprete-a-etablir-la-connexion-avec-les-anciens-deglise-lors-dun-programme-en-ligne\\\/#primaryimage\",\"url\":\"https:\\\/\\\/interamerica.org\\\/wp-content\\\/uploads\\\/2017\\\/06\\\/400x250_BannerELDERS_FR.jpg\",\"contentUrl\":\"https:\\\/\\\/interamerica.org\\\/wp-content\\\/uploads\\\/2017\\\/06\\\/400x250_BannerELDERS_FR.jpg\",\"width\":400,\"height\":250},{\"@type\":\"BreadcrumbList\",\"@id\":\"https:\\\/\\\/interamerica.org\\\/fr\\\/2014\\\/02\\\/inter-amerique-la-direction-sapprete-a-etablir-la-connexion-avec-les-anciens-deglise-lors-dun-programme-en-ligne\\\/#breadcrumb\",\"itemListElement\":[{\"@type\":\"ListItem\",\"position\":1,\"name\":\"Home\",\"item\":\"https:\\\/\\\/interamerica.org\\\/fr\\\/\"},{\"@type\":\"ListItem\",\"position\":2,\"name\":\"Inter Am\u00e9rique : La direction s\u2019appr\u00eate \u00e0 \u00e9tablir la connexion avec les anciens d&rsquo;\u00e9glise lors d&rsquo;un programme en ligne\"}]},{\"@type\":\"WebSite\",\"@id\":\"https:\\\/\\\/interamerica.org\\\/fr\\\/#website\",\"url\":\"https:\\\/\\\/interamerica.org\\\/fr\\\/\",\"name\":\"\u00c9glise Adventiste Du Septieme Jour - Inter Am\u00e9rique Division\",\"description\":\"\",\"potentialAction\":[{\"@type\":\"SearchAction\",\"target\":{\"@type\":\"EntryPoint\",\"urlTemplate\":\"https:\\\/\\\/interamerica.org\\\/fr\\\/?s={search_term_string}\"},\"query-input\":{\"@type\":\"PropertyValueSpecification\",\"valueRequired\":true,\"valueName\":\"search_term_string\"}}],\"inLanguage\":\"fr-FR\"},{\"@type\":\"Person\",\"@id\":\"https:\\\/\\\/interamerica.org\\\/fr\\\/#\\\/schema\\\/person\\\/68ede8bdc292885bb76c1e3810e73c39\",\"name\":\"Lorenzo Verduzco\",\"image\":{\"@type\":\"ImageObject\",\"inLanguage\":\"fr-FR\",\"@id\":\"https:\\\/\\\/secure.gravatar.com\\\/avatar\\\/fb81a55b6218459490a9c1dc841a34909185b81904c5337b4b27f7a6fd60c49e?s=96&d=mm&r=g\",\"url\":\"https:\\\/\\\/secure.gravatar.com\\\/avatar\\\/fb81a55b6218459490a9c1dc841a34909185b81904c5337b4b27f7a6fd60c49e?s=96&d=mm&r=g\",\"contentUrl\":\"https:\\\/\\\/secure.gravatar.com\\\/avatar\\\/fb81a55b6218459490a9c1dc841a34909185b81904c5337b4b27f7a6fd60c49e?s=96&d=mm&r=g\",\"caption\":\"Lorenzo Verduzco\"}}]}<\/script>\n<!-- \/ Yoast SEO plugin. -->","yoast_head_json":{"title":"Inter Am\u00e9rique : La direction s\u2019appr\u00eate \u00e0 \u00e9tablir la connexion avec les anciens d'\u00e9glise lors d'un programme en ligne - \u00c9glise Adventiste Du Septieme Jour - Inter Am\u00e9rique Division","robots":{"index":"index","follow":"follow","max-snippet":"max-snippet:-1","max-image-preview":"max-image-preview:large","max-video-preview":"max-video-preview:-1"},"canonical":"https:\/\/interamerica.org\/fr\/2014\/02\/inter-amerique-la-direction-sapprete-a-etablir-la-connexion-avec-les-anciens-deglise-lors-dun-programme-en-ligne\/","og_locale":"fr_FR","og_type":"article","og_title":"Inter Am\u00e9rique : La direction s\u2019appr\u00eate \u00e0 \u00e9tablir la connexion avec les anciens d'\u00e9glise lors d'un programme en ligne - \u00c9glise Adventiste Du Septieme Jour - Inter Am\u00e9rique Division","og_description":"L'\u00e9glise Adventiste du Septi\u00e8me jour en Inter Am\u00e9rique continue sa s\u00e9rie de programmes en ligne pour \u00e9tablir le contact avec ses membres.","og_url":"https:\/\/interamerica.org\/fr\/2014\/02\/inter-amerique-la-direction-sapprete-a-etablir-la-connexion-avec-les-anciens-deglise-lors-dun-programme-en-ligne\/","og_site_name":"\u00c9glise Adventiste Du Septieme Jour - Inter Am\u00e9rique Division","article_published_time":"2014-02-20T04:00:00+00:00","og_image":[{"width":400,"height":250,"url":"https:\/\/interamerica.org\/wp-content\/uploads\/2017\/06\/400x250_BannerELDERS_FR.jpg","type":"image\/jpeg"}],"author":"Lorenzo Verduzco","twitter_card":"summary_large_image","twitter_misc":{"\u00c9crit par":"Lorenzo Verduzco","Dur\u00e9e de lecture estim\u00e9e":"2 minutes"},"schema":{"@context":"https:\/\/schema.org","@graph":[{"@type":"Article","@id":"https:\/\/interamerica.org\/fr\/2014\/02\/inter-amerique-la-direction-sapprete-a-etablir-la-connexion-avec-les-anciens-deglise-lors-dun-programme-en-ligne\/#article","isPartOf":{"@id":"https:\/\/interamerica.org\/fr\/2014\/02\/inter-amerique-la-direction-sapprete-a-etablir-la-connexion-avec-les-anciens-deglise-lors-dun-programme-en-ligne\/"},"author":{"name":"Lorenzo Verduzco","@id":"https:\/\/interamerica.org\/fr\/#\/schema\/person\/68ede8bdc292885bb76c1e3810e73c39"},"headline":"Inter Am\u00e9rique : La direction s\u2019appr\u00eate \u00e0 \u00e9tablir la connexion avec les anciens d&rsquo;\u00e9glise lors d&rsquo;un programme en ligne","datePublished":"2014-02-20T04:00:00+00:00","mainEntityOfPage":{"@id":"https:\/\/interamerica.org\/fr\/2014\/02\/inter-amerique-la-direction-sapprete-a-etablir-la-connexion-avec-les-anciens-deglise-lors-dun-programme-en-ligne\/"},"wordCount":342,"image":{"@id":"https:\/\/interamerica.org\/fr\/2014\/02\/inter-amerique-la-direction-sapprete-a-etablir-la-connexion-avec-les-anciens-deglise-lors-dun-programme-en-ligne\/#primaryimage"},"thumbnailUrl":"https:\/\/interamerica.org\/wp-content\/uploads\/2017\/06\/400x250_BannerELDERS_FR.jpg","articleSection":["Nouvelles du si\u00e8ge de la division"],"inLanguage":"fr-FR"},{"@type":"WebPage","@id":"https:\/\/interamerica.org\/fr\/2014\/02\/inter-amerique-la-direction-sapprete-a-etablir-la-connexion-avec-les-anciens-deglise-lors-dun-programme-en-ligne\/","url":"https:\/\/interamerica.org\/fr\/2014\/02\/inter-amerique-la-direction-sapprete-a-etablir-la-connexion-avec-les-anciens-deglise-lors-dun-programme-en-ligne\/","name":"Inter Am\u00e9rique : La direction s\u2019appr\u00eate \u00e0 \u00e9tablir la connexion avec les anciens d'\u00e9glise lors d'un programme en ligne - \u00c9glise Adventiste Du Septieme Jour - Inter Am\u00e9rique Division","isPartOf":{"@id":"https:\/\/interamerica.org\/fr\/#website"},"primaryImageOfPage":{"@id":"https:\/\/interamerica.org\/fr\/2014\/02\/inter-amerique-la-direction-sapprete-a-etablir-la-connexion-avec-les-anciens-deglise-lors-dun-programme-en-ligne\/#primaryimage"},"image":{"@id":"https:\/\/interamerica.org\/fr\/2014\/02\/inter-amerique-la-direction-sapprete-a-etablir-la-connexion-avec-les-anciens-deglise-lors-dun-programme-en-ligne\/#primaryimage"},"thumbnailUrl":"https:\/\/interamerica.org\/wp-content\/uploads\/2017\/06\/400x250_BannerELDERS_FR.jpg","datePublished":"2014-02-20T04:00:00+00:00","author":{"@id":"https:\/\/interamerica.org\/fr\/#\/schema\/person\/68ede8bdc292885bb76c1e3810e73c39"},"breadcrumb":{"@id":"https:\/\/interamerica.org\/fr\/2014\/02\/inter-amerique-la-direction-sapprete-a-etablir-la-connexion-avec-les-anciens-deglise-lors-dun-programme-en-ligne\/#breadcrumb"},"inLanguage":"fr-FR","potentialAction":[{"@type":"ReadAction","target":["https:\/\/interamerica.org\/fr\/2014\/02\/inter-amerique-la-direction-sapprete-a-etablir-la-connexion-avec-les-anciens-deglise-lors-dun-programme-en-ligne\/"]}]},{"@type":"ImageObject","inLanguage":"fr-FR","@id":"https:\/\/interamerica.org\/fr\/2014\/02\/inter-amerique-la-direction-sapprete-a-etablir-la-connexion-avec-les-anciens-deglise-lors-dun-programme-en-ligne\/#primaryimage","url":"https:\/\/interamerica.org\/wp-content\/uploads\/2017\/06\/400x250_BannerELDERS_FR.jpg","contentUrl":"https:\/\/interamerica.org\/wp-content\/uploads\/2017\/06\/400x250_BannerELDERS_FR.jpg","width":400,"height":250},{"@type":"BreadcrumbList","@id":"https:\/\/interamerica.org\/fr\/2014\/02\/inter-amerique-la-direction-sapprete-a-etablir-la-connexion-avec-les-anciens-deglise-lors-dun-programme-en-ligne\/#breadcrumb","itemListElement":[{"@type":"ListItem","position":1,"name":"Home","item":"https:\/\/interamerica.org\/fr\/"},{"@type":"ListItem","position":2,"name":"Inter Am\u00e9rique : La direction s\u2019appr\u00eate \u00e0 \u00e9tablir la connexion avec les anciens d&rsquo;\u00e9glise lors d&rsquo;un programme en ligne"}]},{"@type":"WebSite","@id":"https:\/\/interamerica.org\/fr\/#website","url":"https:\/\/interamerica.org\/fr\/","name":"\u00c9glise Adventiste Du Septieme Jour - Inter Am\u00e9rique Division","description":"","potentialAction":[{"@type":"SearchAction","target":{"@type":"EntryPoint","urlTemplate":"https:\/\/interamerica.org\/fr\/?s={search_term_string}"},"query-input":{"@type":"PropertyValueSpecification","valueRequired":true,"valueName":"search_term_string"}}],"inLanguage":"fr-FR"},{"@type":"Person","@id":"https:\/\/interamerica.org\/fr\/#\/schema\/person\/68ede8bdc292885bb76c1e3810e73c39","name":"Lorenzo Verduzco","image":{"@type":"ImageObject","inLanguage":"fr-FR","@id":"https:\/\/secure.gravatar.com\/avatar\/fb81a55b6218459490a9c1dc841a34909185b81904c5337b4b27f7a6fd60c49e?s=96&d=mm&r=g","url":"https:\/\/secure.gravatar.com\/avatar\/fb81a55b6218459490a9c1dc841a34909185b81904c5337b4b27f7a6fd60c49e?s=96&d=mm&r=g","contentUrl":"https:\/\/secure.gravatar.com\/avatar\/fb81a55b6218459490a9c1dc841a34909185b81904c5337b4b27f7a6fd60c49e?s=96&d=mm&r=g","caption":"Lorenzo Verduzco"}}]}},"_links":{"self":[{"href":"https:\/\/interamerica.org\/fr\/wp-json\/wp\/v2\/posts\/31882","targetHints":{"allow":["GET"]}}],"collection":[{"href":"https:\/\/interamerica.org\/fr\/wp-json\/wp\/v2\/posts"}],"about":[{"href":"https:\/\/interamerica.org\/fr\/wp-json\/wp\/v2\/types\/post"}],"author":[{"embeddable":true,"href":"https:\/\/interamerica.org\/fr\/wp-json\/wp\/v2\/users\/1"}],"replies":[{"embeddable":true,"href":"https:\/\/interamerica.org\/fr\/wp-json\/wp\/v2\/comments?post=31882"}],"version-history":[{"count":0,"href":"https:\/\/interamerica.org\/fr\/wp-json\/wp\/v2\/posts\/31882\/revisions"}],"wp:featuredmedia":[{"embeddable":true,"href":"https:\/\/interamerica.org\/fr\/wp-json\/wp\/v2\/media\/31883"}],"wp:attachment":[{"href":"https:\/\/interamerica.org\/fr\/wp-json\/wp\/v2\/media?parent=31882"}],"wp:term":[{"taxonomy":"category","embeddable":true,"href":"https:\/\/interamerica.org\/fr\/wp-json\/wp\/v2\/categories?post=31882"},{"taxonomy":"post_tag","embeddable":true,"href":"https:\/\/interamerica.org\/fr\/wp-json\/wp\/v2\/tags?post=31882"}],"curies":[{"name":"wp","href":"https:\/\/api.w.org\/{rel}","templated":true}]}}