{"id":31884,"date":"2014-02-23T00:00:00","date_gmt":"2014-02-23T04:00:00","guid":{"rendered":"http:\/\/192.81.217.108\/interamerica\/2014\/02\/inter-amerique-agrandissement-prevu-des-batiments-du-siege-de-leglise\/"},"modified":"2014-02-23T00:00:00","modified_gmt":"2014-02-23T04:00:00","slug":"inter-amerique-agrandissement-prevu-des-batiments-du-siege-de-leglise","status":"publish","type":"post","link":"https:\/\/interamerica.org\/fr\/2014\/02\/inter-amerique-agrandissement-prevu-des-batiments-du-siege-de-leglise\/","title":{"rendered":"Inter Am\u00e9rique : agrandissement pr\u00e9vu des b\u00e2timents du si\u00e8ge de l\u2019\u00e9glise"},"content":{"rendered":"<div id=\"attachment_10757\" style=\"width: 600px\" class=\"wp-caption aligncenter\"><a href=\"\/interamerica\/wp-content\/uploads\/2017\/06\/IAD-VIEW-FROM-SW_Final.png\" rel=\"fancybox\" title=\"Inter Am\u00e9rique : agrandissement pr\u00e9vu des b\u00e2timents du si\u00e8ge de l\u2019\u00e9glise\"><img fetchpriority=\"high\" decoding=\"async\" aria-describedby=\"caption-attachment-10757\" class=\"size-full wp-image-10757 \" src=\"\/interamerica\/wp-content\/uploads\/2017\/06\/IAD-VIEW-FROM-SW_Final.png\" alt=\"\" width=\"590\" height=\"295\" \/><\/a><p id=\"caption-attachment-10757\" class=\"wp-caption-text\">Vision d\u2019artiste de la vue sud ouest o\u00f9 sera ajout\u00e9e la nouvelle extension du si\u00e8ge de la Division Inter Am\u00e9ricaine \u00e0 Miami en Floride. L\u2019agrandissement inclura une section r\u00e9serv\u00e9e au stockage ainsi que six bureaux au premier niveau, cinq stations de travail et une salle de r\u00e9union au deuxi\u00e8me \u00e9tage. Image de 3L Builders\/DIA<\/p><\/div>\n<p>21 F\u00e9vrier 2014 \u2013 Miami, Floride\u2026Libna Stevens\/DIA<\/p>\n<p>La Division Inter Am\u00e9ricaine (DIA) de l\u2019Eglise Adventiste du Septi\u00e8me jour, qui se trouve au 8100 S.W. et 17\u00e8me Avenue \u00e0 Miami en Floride, agrandira bient\u00f4t ses locaux pour permettre de mieux accommoder ses op\u00e9rations internationales en plein d\u00e9veloppement.<\/p>\n<p>Le feu vert \u00e0 l\u2019expansion est intervenu apr\u00e8s que l\u2019organisation ait obtenu l\u2019approbation suite \u00e0 une audience publique avec le gouvernement r\u00e9gional le mois dernier.<\/p>\n<p>L\u2019agrandissement permettra de loger davantage de personnel devant superviser les institutions et un effectif de membres en pleine croissance au Mexique, en Am\u00e9rique Centrale, dans la Cara\u00efbe, les Antilles Fran\u00e7aises, la Colombie et le Venezuela, d\u2019apr\u00e8s ce qu\u2019a indiqu\u00e9 pasteur Isra\u00ebl Leito, pr\u00e9sident de l\u2019Eglise Adventiste du Septi\u00e8me jour en Inter Am\u00e9rique.<\/p>\n<p>\u00ab Lorsque nous avons emm\u00e9nag\u00e9 dans le secteur de Kendall en l\u2019an 2000, la DIA g\u00e9rait 12 unions sur l\u2019ensemble de son territoire, \u00bb a dit pasteur Leito. \u00ab Aujourd\u2019hui, ces r\u00e9gions appel\u00e9es encore unions sont au nombre de 22, on compte aussi 130 sous r\u00e9gions, et pr\u00e8s de quatre millions de membres r\u00e9partis dans environ 20000 congr\u00e9gations. \u00bb<\/p>\n<p>Cette croissance que conna\u00eet le territoire a pouss\u00e9 les administrateurs \u00e0 agrandir le b\u00e2timent, a d\u00e9clar\u00e9 pasteur Leito. Il nous faut de davantage de bureaux et de plus lieux de stockage. \u00bb<\/p>\n<p>Les bureaux du si\u00e8ge abritent une organisation de d\u00e9veloppement et de secours appel\u00e9e Agence Adventiste de D\u00e9veloppement et de Secours (ADRA) et c\u2019est de l\u00e0 qu\u2019est supervis\u00e9e l\u2019action \u00e9ducative dans les 550 \u00e9coles primaires, 346 \u00e9coles secondaires et 13 universit\u00e9s du territoire. De plus, la DIA g\u00e8re une facult\u00e9 de m\u00e9dicine, un s\u00e9minaire th\u00e9ologique et une universit\u00e9 en ligne. Le si\u00e8ge sert \u00e9galement d\u2019agent de vente et d\u2019exp\u00e9dition pour ses organisations affili\u00e9es.<\/p>\n<p>L\u2019agrandissement de deux \u00e9tages sera reli\u00e9 \u00e0 l\u2019angle sud ouest de la structure existante et deviendra une partie de l\u2019ensemble, explique Luis Casta\u00f1eda, propri\u00e9taire et pr\u00e9sident de 3L Builders Corp., l\u2019Entrepreneur G\u00e9n\u00e9ral en charge du projet.<\/p>\n<p>L\u2019agrandissement de 290 m\u00b2 servira de zone de stockage sur 145 m\u00b2 au premier niveau et comprendra aussi cinq bureaux ; cinq stations de travail ainsi qu\u2019une salle de r\u00e9union seront construites au deuxi\u00e8me niveau.<\/p>\n<p>Les administrateurs croient que cette nouvelle extension contribuera \u00e0 la r\u00e9alisation des devoirs civiques, et continuera de fonctionner comme centre de district \u00e9lectoral s\u00fbr et confortable.<\/p>\n<p>Pour en savoir plus sur la Division Inter Am\u00e9ricaine, visitez le site <a href=\"www.interamerica.org\">interamerica.org<\/a><\/p>\n<p>Traduction: Patrick Luciathe<\/p>\n","protected":false},"excerpt":{"rendered":"<p>La Division Inter Am\u00e9ricaine (DIA) de l\u2019Eglise Adventiste du Septi\u00e8me jour, qui se trouve au 8100 S.W. et 17\u00e8me Avenue \u00e0 Miami en Floride, agrandira bient\u00f4t ses locaux pour permettre de mieux accommoder ses op\u00e9rations internationales en plein d\u00e9veloppement.<\/p>\n","protected":false},"author":1,"featured_media":22660,"comment_status":"closed","ping_status":"closed","sticky":false,"template":"","format":"standard","meta":{"_acf_changed":false,"footnotes":""},"categories":[20],"tags":[],"class_list":["post-31884","post","type-post","status-publish","format-standard","has-post-thumbnail","hentry","category-nouvelles-du-siege-de-la-division"],"acf":[],"yoast_head":"<!-- This site is optimized with the Yoast SEO plugin v27.3 - https:\/\/yoast.com\/product\/yoast-seo-wordpress\/ -->\n<title>Inter Am\u00e9rique : agrandissement pr\u00e9vu des b\u00e2timents du si\u00e8ge de l\u2019\u00e9glise - \u00c9glise Adventiste Du Septieme Jour - Inter Am\u00e9rique Division<\/title>\n<meta name=\"robots\" content=\"index, follow, max-snippet:-1, max-image-preview:large, max-video-preview:-1\" \/>\n<link rel=\"canonical\" href=\"https:\/\/interamerica.org\/fr\/2014\/02\/inter-amerique-agrandissement-prevu-des-batiments-du-siege-de-leglise\/\" \/>\n<meta property=\"og:locale\" content=\"fr_FR\" \/>\n<meta property=\"og:type\" content=\"article\" \/>\n<meta property=\"og:title\" content=\"Inter Am\u00e9rique : agrandissement pr\u00e9vu des b\u00e2timents du si\u00e8ge de l\u2019\u00e9glise - \u00c9glise Adventiste Du Septieme Jour - Inter Am\u00e9rique Division\" \/>\n<meta property=\"og:description\" content=\"La Division Inter Am\u00e9ricaine (DIA) de l\u2019Eglise Adventiste du Septi\u00e8me jour, qui se trouve au 8100 S.W. et 17\u00e8me Avenue \u00e0 Miami en Floride, agrandira bient\u00f4t ses locaux pour permettre de mieux accommoder ses op\u00e9rations internationales en plein d\u00e9veloppement.\" \/>\n<meta property=\"og:url\" content=\"https:\/\/interamerica.org\/fr\/2014\/02\/inter-amerique-agrandissement-prevu-des-batiments-du-siege-de-leglise\/\" \/>\n<meta property=\"og:site_name\" content=\"\u00c9glise Adventiste Du Septieme Jour - Inter Am\u00e9rique Division\" \/>\n<meta property=\"article:published_time\" content=\"2014-02-23T04:00:00+00:00\" \/>\n<meta property=\"og:image\" content=\"https:\/\/interamerica.org\/wp-content\/uploads\/2017\/06\/IAD-VIEW-FROM-SW_Final.png\" \/>\n\t<meta property=\"og:image:width\" content=\"590\" \/>\n\t<meta property=\"og:image:height\" content=\"295\" \/>\n\t<meta property=\"og:image:type\" content=\"image\/png\" \/>\n<meta name=\"author\" content=\"Lorenzo Verduzco\" \/>\n<meta name=\"twitter:card\" content=\"summary_large_image\" \/>\n<meta name=\"twitter:label1\" content=\"\u00c9crit par\" \/>\n\t<meta name=\"twitter:data1\" content=\"Lorenzo Verduzco\" \/>\n\t<meta name=\"twitter:label2\" content=\"Dur\u00e9e de lecture estim\u00e9e\" \/>\n\t<meta name=\"twitter:data2\" content=\"3 minutes\" \/>\n<script type=\"application\/ld+json\" class=\"yoast-schema-graph\">{\"@context\":\"https:\\\/\\\/schema.org\",\"@graph\":[{\"@type\":\"Article\",\"@id\":\"https:\\\/\\\/interamerica.org\\\/fr\\\/2014\\\/02\\\/inter-amerique-agrandissement-prevu-des-batiments-du-siege-de-leglise\\\/#article\",\"isPartOf\":{\"@id\":\"https:\\\/\\\/interamerica.org\\\/fr\\\/2014\\\/02\\\/inter-amerique-agrandissement-prevu-des-batiments-du-siege-de-leglise\\\/\"},\"author\":{\"name\":\"Lorenzo Verduzco\",\"@id\":\"https:\\\/\\\/interamerica.org\\\/fr\\\/#\\\/schema\\\/person\\\/68ede8bdc292885bb76c1e3810e73c39\"},\"headline\":\"Inter Am\u00e9rique : agrandissement pr\u00e9vu des b\u00e2timents du si\u00e8ge de l\u2019\u00e9glise\",\"datePublished\":\"2014-02-23T04:00:00+00:00\",\"mainEntityOfPage\":{\"@id\":\"https:\\\/\\\/interamerica.org\\\/fr\\\/2014\\\/02\\\/inter-amerique-agrandissement-prevu-des-batiments-du-siege-de-leglise\\\/\"},\"wordCount\":534,\"image\":{\"@id\":\"https:\\\/\\\/interamerica.org\\\/fr\\\/2014\\\/02\\\/inter-amerique-agrandissement-prevu-des-batiments-du-siege-de-leglise\\\/#primaryimage\"},\"thumbnailUrl\":\"https:\\\/\\\/interamerica.org\\\/wp-content\\\/uploads\\\/2017\\\/06\\\/IAD-VIEW-FROM-SW_Final.png\",\"articleSection\":[\"Nouvelles du si\u00e8ge de la division\"],\"inLanguage\":\"fr-FR\"},{\"@type\":\"WebPage\",\"@id\":\"https:\\\/\\\/interamerica.org\\\/fr\\\/2014\\\/02\\\/inter-amerique-agrandissement-prevu-des-batiments-du-siege-de-leglise\\\/\",\"url\":\"https:\\\/\\\/interamerica.org\\\/fr\\\/2014\\\/02\\\/inter-amerique-agrandissement-prevu-des-batiments-du-siege-de-leglise\\\/\",\"name\":\"Inter Am\u00e9rique : agrandissement pr\u00e9vu des b\u00e2timents du si\u00e8ge de l\u2019\u00e9glise - \u00c9glise Adventiste Du Septieme Jour - Inter Am\u00e9rique Division\",\"isPartOf\":{\"@id\":\"https:\\\/\\\/interamerica.org\\\/fr\\\/#website\"},\"primaryImageOfPage\":{\"@id\":\"https:\\\/\\\/interamerica.org\\\/fr\\\/2014\\\/02\\\/inter-amerique-agrandissement-prevu-des-batiments-du-siege-de-leglise\\\/#primaryimage\"},\"image\":{\"@id\":\"https:\\\/\\\/interamerica.org\\\/fr\\\/2014\\\/02\\\/inter-amerique-agrandissement-prevu-des-batiments-du-siege-de-leglise\\\/#primaryimage\"},\"thumbnailUrl\":\"https:\\\/\\\/interamerica.org\\\/wp-content\\\/uploads\\\/2017\\\/06\\\/IAD-VIEW-FROM-SW_Final.png\",\"datePublished\":\"2014-02-23T04:00:00+00:00\",\"author\":{\"@id\":\"https:\\\/\\\/interamerica.org\\\/fr\\\/#\\\/schema\\\/person\\\/68ede8bdc292885bb76c1e3810e73c39\"},\"breadcrumb\":{\"@id\":\"https:\\\/\\\/interamerica.org\\\/fr\\\/2014\\\/02\\\/inter-amerique-agrandissement-prevu-des-batiments-du-siege-de-leglise\\\/#breadcrumb\"},\"inLanguage\":\"fr-FR\",\"potentialAction\":[{\"@type\":\"ReadAction\",\"target\":[\"https:\\\/\\\/interamerica.org\\\/fr\\\/2014\\\/02\\\/inter-amerique-agrandissement-prevu-des-batiments-du-siege-de-leglise\\\/\"]}]},{\"@type\":\"ImageObject\",\"inLanguage\":\"fr-FR\",\"@id\":\"https:\\\/\\\/interamerica.org\\\/fr\\\/2014\\\/02\\\/inter-amerique-agrandissement-prevu-des-batiments-du-siege-de-leglise\\\/#primaryimage\",\"url\":\"https:\\\/\\\/interamerica.org\\\/wp-content\\\/uploads\\\/2017\\\/06\\\/IAD-VIEW-FROM-SW_Final.png\",\"contentUrl\":\"https:\\\/\\\/interamerica.org\\\/wp-content\\\/uploads\\\/2017\\\/06\\\/IAD-VIEW-FROM-SW_Final.png\",\"width\":590,\"height\":295},{\"@type\":\"BreadcrumbList\",\"@id\":\"https:\\\/\\\/interamerica.org\\\/fr\\\/2014\\\/02\\\/inter-amerique-agrandissement-prevu-des-batiments-du-siege-de-leglise\\\/#breadcrumb\",\"itemListElement\":[{\"@type\":\"ListItem\",\"position\":1,\"name\":\"Home\",\"item\":\"https:\\\/\\\/interamerica.org\\\/fr\\\/\"},{\"@type\":\"ListItem\",\"position\":2,\"name\":\"Inter Am\u00e9rique : agrandissement pr\u00e9vu des b\u00e2timents du si\u00e8ge de l\u2019\u00e9glise\"}]},{\"@type\":\"WebSite\",\"@id\":\"https:\\\/\\\/interamerica.org\\\/fr\\\/#website\",\"url\":\"https:\\\/\\\/interamerica.org\\\/fr\\\/\",\"name\":\"\u00c9glise Adventiste Du Septieme Jour - Inter Am\u00e9rique Division\",\"description\":\"\",\"potentialAction\":[{\"@type\":\"SearchAction\",\"target\":{\"@type\":\"EntryPoint\",\"urlTemplate\":\"https:\\\/\\\/interamerica.org\\\/fr\\\/?s={search_term_string}\"},\"query-input\":{\"@type\":\"PropertyValueSpecification\",\"valueRequired\":true,\"valueName\":\"search_term_string\"}}],\"inLanguage\":\"fr-FR\"},{\"@type\":\"Person\",\"@id\":\"https:\\\/\\\/interamerica.org\\\/fr\\\/#\\\/schema\\\/person\\\/68ede8bdc292885bb76c1e3810e73c39\",\"name\":\"Lorenzo Verduzco\",\"image\":{\"@type\":\"ImageObject\",\"inLanguage\":\"fr-FR\",\"@id\":\"https:\\\/\\\/secure.gravatar.com\\\/avatar\\\/fb81a55b6218459490a9c1dc841a34909185b81904c5337b4b27f7a6fd60c49e?s=96&d=mm&r=g\",\"url\":\"https:\\\/\\\/secure.gravatar.com\\\/avatar\\\/fb81a55b6218459490a9c1dc841a34909185b81904c5337b4b27f7a6fd60c49e?s=96&d=mm&r=g\",\"contentUrl\":\"https:\\\/\\\/secure.gravatar.com\\\/avatar\\\/fb81a55b6218459490a9c1dc841a34909185b81904c5337b4b27f7a6fd60c49e?s=96&d=mm&r=g\",\"caption\":\"Lorenzo Verduzco\"}}]}<\/script>\n<!-- \/ Yoast SEO plugin. -->","yoast_head_json":{"title":"Inter Am\u00e9rique : agrandissement pr\u00e9vu des b\u00e2timents du si\u00e8ge de l\u2019\u00e9glise - \u00c9glise Adventiste Du Septieme Jour - Inter Am\u00e9rique Division","robots":{"index":"index","follow":"follow","max-snippet":"max-snippet:-1","max-image-preview":"max-image-preview:large","max-video-preview":"max-video-preview:-1"},"canonical":"https:\/\/interamerica.org\/fr\/2014\/02\/inter-amerique-agrandissement-prevu-des-batiments-du-siege-de-leglise\/","og_locale":"fr_FR","og_type":"article","og_title":"Inter Am\u00e9rique : agrandissement pr\u00e9vu des b\u00e2timents du si\u00e8ge de l\u2019\u00e9glise - \u00c9glise Adventiste Du Septieme Jour - Inter Am\u00e9rique Division","og_description":"La Division Inter Am\u00e9ricaine (DIA) de l\u2019Eglise Adventiste du Septi\u00e8me jour, qui se trouve au 8100 S.W. et 17\u00e8me Avenue \u00e0 Miami en Floride, agrandira bient\u00f4t ses locaux pour permettre de mieux accommoder ses op\u00e9rations internationales en plein d\u00e9veloppement.","og_url":"https:\/\/interamerica.org\/fr\/2014\/02\/inter-amerique-agrandissement-prevu-des-batiments-du-siege-de-leglise\/","og_site_name":"\u00c9glise Adventiste Du Septieme Jour - Inter Am\u00e9rique Division","article_published_time":"2014-02-23T04:00:00+00:00","og_image":[{"width":590,"height":295,"url":"https:\/\/interamerica.org\/wp-content\/uploads\/2017\/06\/IAD-VIEW-FROM-SW_Final.png","type":"image\/png"}],"author":"Lorenzo Verduzco","twitter_card":"summary_large_image","twitter_misc":{"\u00c9crit par":"Lorenzo Verduzco","Dur\u00e9e de lecture estim\u00e9e":"3 minutes"},"schema":{"@context":"https:\/\/schema.org","@graph":[{"@type":"Article","@id":"https:\/\/interamerica.org\/fr\/2014\/02\/inter-amerique-agrandissement-prevu-des-batiments-du-siege-de-leglise\/#article","isPartOf":{"@id":"https:\/\/interamerica.org\/fr\/2014\/02\/inter-amerique-agrandissement-prevu-des-batiments-du-siege-de-leglise\/"},"author":{"name":"Lorenzo Verduzco","@id":"https:\/\/interamerica.org\/fr\/#\/schema\/person\/68ede8bdc292885bb76c1e3810e73c39"},"headline":"Inter Am\u00e9rique : agrandissement pr\u00e9vu des b\u00e2timents du si\u00e8ge de l\u2019\u00e9glise","datePublished":"2014-02-23T04:00:00+00:00","mainEntityOfPage":{"@id":"https:\/\/interamerica.org\/fr\/2014\/02\/inter-amerique-agrandissement-prevu-des-batiments-du-siege-de-leglise\/"},"wordCount":534,"image":{"@id":"https:\/\/interamerica.org\/fr\/2014\/02\/inter-amerique-agrandissement-prevu-des-batiments-du-siege-de-leglise\/#primaryimage"},"thumbnailUrl":"https:\/\/interamerica.org\/wp-content\/uploads\/2017\/06\/IAD-VIEW-FROM-SW_Final.png","articleSection":["Nouvelles du si\u00e8ge de la division"],"inLanguage":"fr-FR"},{"@type":"WebPage","@id":"https:\/\/interamerica.org\/fr\/2014\/02\/inter-amerique-agrandissement-prevu-des-batiments-du-siege-de-leglise\/","url":"https:\/\/interamerica.org\/fr\/2014\/02\/inter-amerique-agrandissement-prevu-des-batiments-du-siege-de-leglise\/","name":"Inter Am\u00e9rique : agrandissement pr\u00e9vu des b\u00e2timents du si\u00e8ge de l\u2019\u00e9glise - \u00c9glise Adventiste Du Septieme Jour - Inter Am\u00e9rique Division","isPartOf":{"@id":"https:\/\/interamerica.org\/fr\/#website"},"primaryImageOfPage":{"@id":"https:\/\/interamerica.org\/fr\/2014\/02\/inter-amerique-agrandissement-prevu-des-batiments-du-siege-de-leglise\/#primaryimage"},"image":{"@id":"https:\/\/interamerica.org\/fr\/2014\/02\/inter-amerique-agrandissement-prevu-des-batiments-du-siege-de-leglise\/#primaryimage"},"thumbnailUrl":"https:\/\/interamerica.org\/wp-content\/uploads\/2017\/06\/IAD-VIEW-FROM-SW_Final.png","datePublished":"2014-02-23T04:00:00+00:00","author":{"@id":"https:\/\/interamerica.org\/fr\/#\/schema\/person\/68ede8bdc292885bb76c1e3810e73c39"},"breadcrumb":{"@id":"https:\/\/interamerica.org\/fr\/2014\/02\/inter-amerique-agrandissement-prevu-des-batiments-du-siege-de-leglise\/#breadcrumb"},"inLanguage":"fr-FR","potentialAction":[{"@type":"ReadAction","target":["https:\/\/interamerica.org\/fr\/2014\/02\/inter-amerique-agrandissement-prevu-des-batiments-du-siege-de-leglise\/"]}]},{"@type":"ImageObject","inLanguage":"fr-FR","@id":"https:\/\/interamerica.org\/fr\/2014\/02\/inter-amerique-agrandissement-prevu-des-batiments-du-siege-de-leglise\/#primaryimage","url":"https:\/\/interamerica.org\/wp-content\/uploads\/2017\/06\/IAD-VIEW-FROM-SW_Final.png","contentUrl":"https:\/\/interamerica.org\/wp-content\/uploads\/2017\/06\/IAD-VIEW-FROM-SW_Final.png","width":590,"height":295},{"@type":"BreadcrumbList","@id":"https:\/\/interamerica.org\/fr\/2014\/02\/inter-amerique-agrandissement-prevu-des-batiments-du-siege-de-leglise\/#breadcrumb","itemListElement":[{"@type":"ListItem","position":1,"name":"Home","item":"https:\/\/interamerica.org\/fr\/"},{"@type":"ListItem","position":2,"name":"Inter Am\u00e9rique : agrandissement pr\u00e9vu des b\u00e2timents du si\u00e8ge de l\u2019\u00e9glise"}]},{"@type":"WebSite","@id":"https:\/\/interamerica.org\/fr\/#website","url":"https:\/\/interamerica.org\/fr\/","name":"\u00c9glise Adventiste Du Septieme Jour - Inter Am\u00e9rique Division","description":"","potentialAction":[{"@type":"SearchAction","target":{"@type":"EntryPoint","urlTemplate":"https:\/\/interamerica.org\/fr\/?s={search_term_string}"},"query-input":{"@type":"PropertyValueSpecification","valueRequired":true,"valueName":"search_term_string"}}],"inLanguage":"fr-FR"},{"@type":"Person","@id":"https:\/\/interamerica.org\/fr\/#\/schema\/person\/68ede8bdc292885bb76c1e3810e73c39","name":"Lorenzo Verduzco","image":{"@type":"ImageObject","inLanguage":"fr-FR","@id":"https:\/\/secure.gravatar.com\/avatar\/fb81a55b6218459490a9c1dc841a34909185b81904c5337b4b27f7a6fd60c49e?s=96&d=mm&r=g","url":"https:\/\/secure.gravatar.com\/avatar\/fb81a55b6218459490a9c1dc841a34909185b81904c5337b4b27f7a6fd60c49e?s=96&d=mm&r=g","contentUrl":"https:\/\/secure.gravatar.com\/avatar\/fb81a55b6218459490a9c1dc841a34909185b81904c5337b4b27f7a6fd60c49e?s=96&d=mm&r=g","caption":"Lorenzo Verduzco"}}]}},"_links":{"self":[{"href":"https:\/\/interamerica.org\/fr\/wp-json\/wp\/v2\/posts\/31884","targetHints":{"allow":["GET"]}}],"collection":[{"href":"https:\/\/interamerica.org\/fr\/wp-json\/wp\/v2\/posts"}],"about":[{"href":"https:\/\/interamerica.org\/fr\/wp-json\/wp\/v2\/types\/post"}],"author":[{"embeddable":true,"href":"https:\/\/interamerica.org\/fr\/wp-json\/wp\/v2\/users\/1"}],"replies":[{"embeddable":true,"href":"https:\/\/interamerica.org\/fr\/wp-json\/wp\/v2\/comments?post=31884"}],"version-history":[{"count":0,"href":"https:\/\/interamerica.org\/fr\/wp-json\/wp\/v2\/posts\/31884\/revisions"}],"wp:featuredmedia":[{"embeddable":true,"href":"https:\/\/interamerica.org\/fr\/wp-json\/wp\/v2\/media\/22660"}],"wp:attachment":[{"href":"https:\/\/interamerica.org\/fr\/wp-json\/wp\/v2\/media?parent=31884"}],"wp:term":[{"taxonomy":"category","embeddable":true,"href":"https:\/\/interamerica.org\/fr\/wp-json\/wp\/v2\/categories?post=31884"},{"taxonomy":"post_tag","embeddable":true,"href":"https:\/\/interamerica.org\/fr\/wp-json\/wp\/v2\/tags?post=31884"}],"curies":[{"name":"wp","href":"https:\/\/api.w.org\/{rel}","templated":true}]}}