{"id":31886,"date":"2014-02-27T00:00:00","date_gmt":"2014-02-27T04:00:00","guid":{"rendered":"http:\/\/192.81.217.108\/interamerica\/2014\/02\/pour-la-famille-du-medecin-adventiste-porte-disparu-le-service-qui-se-tiendra-en-avril-devrait-leur-permettre-de-tourner-la-page\/"},"modified":"2014-02-27T00:00:00","modified_gmt":"2014-02-27T04:00:00","slug":"pour-la-famille-du-medecin-adventiste-porte-disparu-le-service-qui-se-tiendra-en-avril-devrait-leur-permettre-de-tourner-la-page","status":"publish","type":"post","link":"https:\/\/interamerica.org\/fr\/2014\/02\/pour-la-famille-du-medecin-adventiste-porte-disparu-le-service-qui-se-tiendra-en-avril-devrait-leur-permettre-de-tourner-la-page\/","title":{"rendered":"Pour la famille du m\u00e9decin Adventiste port\u00e9 disparu, le service qui se tiendra en avril devrait leur permettre de tourner la page"},"content":{"rendered":"<p>25 F\u00e9vrier 2014 \u2013 Silver Spring, Maryland, Etats Unis\u2026ANN<\/p>\n<div id=\"attachment_10788\" style=\"width: 310px\" class=\"wp-caption alignright\"><a href=\"\/interamerica\/wp-content\/uploads\/2017\/06\/csm_kiev-search-web_b24e48a79c.jpg\" rel=\"fancybox\" title=\"Pour la famille du m\u00e9decin Adventiste port\u00e9 disparu, le service qui se tiendra en avril devrait leur permettre de tourner la page\"><img fetchpriority=\"high\" decoding=\"async\" aria-describedby=\"caption-attachment-10788\" class=\"size-medium wp-image-10788\" src=\"\/interamerica\/wp-content\/uploads\/2017\/06\/csm_kiev-search-web_b24e48a79c-300x219.jpg\" alt=\"\" width=\"300\" height=\"219\" \/><\/a><p id=\"caption-attachment-10788\" class=\"wp-caption-text\">Le m\u00e9decin Adventiste, Dr Jay Sloop a \u00e9t\u00e9 vu pour la derni\u00e8re fois le 15 mai 2013, comme le confirme la vid\u00e9o de la cam\u00e9ra de s\u00e9curit\u00e9 qui le montre entrant dans le Parc Zamkova Gora de Kiev pour une marche matinale, mais n\u2019en ressortant pas. Ci dessus, les autorit\u00e9s et les volontaires fouillent le parc. Image ESD.<\/p><\/div>\n<p>La famille d\u2019un m\u00e9decin Adventiste du Septi\u00e8me jour qui a disparu en Ukraine il y a neuf mois de cela, organisera un service de comm\u00e9moration en avril prochain pour c\u00e9l\u00e9brer sa m\u00e9moire.<\/p>\n<p>Dr Jay Sloop, un obst\u00e9tricien \u00e0 la retraite servant dans la d\u00e9nomination en tant que directeur des Minist\u00e8res de la Sant\u00e9 pour la F\u00e9d\u00e9ration de l\u2019Upper Columbia, aidait les dirigeants de l\u2019\u00e9glise \u00e0 Kiev \u00e0 \u00e9tablir un centre de style de vie sain dans la capitale Ukrainienne lorsqu\u2019il a disparu alors qu\u2019il faisait son footing matinal dans le Parc Zamkova Gora.<\/p>\n<p>Jay Sloop, 77 ans, a \u00e9t\u00e9 vu pour la derni\u00e8re fois le 15 mai 2013. Un extrait de la vid\u00e9o de la cam\u00e9ra de surveillance le montre entrant dans le parc au centre de Kiev, mais n\u2019en ressortant pas.<\/p>\n<div id=\"attachment_10789\" style=\"width: 210px\" class=\"wp-caption alignleft\"><a href=\"\/interamerica\/wp-content\/uploads\/2017\/06\/RTEmagicC_sloop2-web_01.jpg\" rel=\"fancybox\" title=\"Pour la famille du m\u00e9decin Adventiste port\u00e9 disparu, le service qui se tiendra en avril devrait leur permettre de tourner la page\"><img decoding=\"async\" aria-describedby=\"caption-attachment-10789\" class=\"size-medium wp-image-10789\" src=\"\/interamerica\/wp-content\/uploads\/2017\/06\/RTEmagicC_sloop2-web_01-200x300.jpg\" alt=\"\" width=\"200\" height=\"300\" \/><\/a><p id=\"caption-attachment-10789\" class=\"wp-caption-text\">image EUD\/ANN<\/p><\/div>\n<p>Aucune piste s\u00e9rieuse n\u2019a pu \u00eatre trouv\u00e9e depuis dans cette affaire, en d\u00e9pit d\u2019importantes recherches et d\u2019une enqu\u00eate qui se poursuit \u00e0 la fois avec la police ukrainienne et l\u2019ambassade des Etats Unis \u00e0 Kiev.<\/p>\n<p>\u00ab Nous n\u2019en savons pas vraiment plus que ce que nous avons appris dans les heures qui ont suivi la disparition de papa, \u00bb a d\u00e9clar\u00e9 son fils Greg Sloop dans un blog qu\u2019il a cr\u00e9\u00e9 pour permettre aux amis et \u00e0 la famille d\u2019\u00eatre tenus inform\u00e9s au sujet de la recherche.<\/p>\n<p>Bien que les recherches actives aient pris fin en septembre, la famille continue de suivre l\u2019\u00e9volution de la situation avec des contacts sur place en Ukraine et a mis en place une permanence t\u00e9l\u00e9phonique o\u00f9 les gens peuvent laisser des informations, a t-il indiqu\u00e9.<\/p>\n<p>Dans une d\u00e9claration post\u00e9e sur son blog le 12 f\u00e9vrier, Greg Sloop a \u00e9voqu\u00e9 \u00e0 nouveau l\u2019ambigu\u00eft\u00e9 de la situation et a indiqu\u00e9 que le service de comm\u00e9moration ne constitue pas une raison de sp\u00e9culer encore davantage sur la situation de Dr Sloop.<\/p>\n<p>\u00ab Peu importe ce qu\u2019on peut croire, nous nous retrouvons sans la pr\u00e9sence de notre p\u00e8re dans notre vie maintenant. Nous voulons prendre le temps de nous rem\u00e9morer qui il est et qui il a \u00e9t\u00e9, les choses qui comptaient pour lui, et nous souvenir du temps qu\u2019il a pass\u00e9 avec nous, \u00bb a \u00e9crit Greg Sloop.<\/p>\n<p>Le service du 26 avril sera \u00ab une bonne opportunit\u00e9 de tourner la page pour toutes les personnes concern\u00e9es, \u00bb a dit un autre fils, Richard Sloop, au journal le Yakima Herald.<\/p>\n<p>Des d\u00e9tails sur le service sont disponibles sur le site <a href=\"http:\/\/www.sloop.net\/wordpress\/\">sloop.net\/wordpress<\/a>.<\/p>\n<p>Traduction: Patrick Luciathe<\/p>\n","protected":false},"excerpt":{"rendered":"<p>La famille d\u2019un m\u00e9decin Adventiste du Septi\u00e8me jour qui a disparu en Ukraine il y a neuf mois de cela, organisera un service de comm\u00e9moration en avril prochain pour c\u00e9l\u00e9brer sa m\u00e9moire.<\/p>\n","protected":false},"author":1,"featured_media":22665,"comment_status":"closed","ping_status":"closed","sticky":false,"template":"","format":"standard","meta":{"_acf_changed":false,"footnotes":""},"categories":[18],"tags":[],"class_list":["post-31886","post","type-post","status-publish","format-standard","has-post-thumbnail","hentry","category-nouvelles-de-leglise-mondiale"],"acf":[],"yoast_head":"<!-- This site is optimized with the Yoast SEO plugin v27.3 - https:\/\/yoast.com\/product\/yoast-seo-wordpress\/ -->\n<title>Pour la famille du m\u00e9decin Adventiste port\u00e9 disparu, le service qui se tiendra en avril devrait leur permettre de tourner la page - \u00c9glise Adventiste Du Septieme Jour - Inter Am\u00e9rique Division<\/title>\n<meta name=\"robots\" content=\"index, follow, max-snippet:-1, max-image-preview:large, max-video-preview:-1\" \/>\n<link rel=\"canonical\" href=\"https:\/\/interamerica.org\/fr\/2014\/02\/pour-la-famille-du-medecin-adventiste-porte-disparu-le-service-qui-se-tiendra-en-avril-devrait-leur-permettre-de-tourner-la-page\/\" \/>\n<meta property=\"og:locale\" content=\"fr_FR\" \/>\n<meta property=\"og:type\" content=\"article\" \/>\n<meta property=\"og:title\" content=\"Pour la famille du m\u00e9decin Adventiste port\u00e9 disparu, le service qui se tiendra en avril devrait leur permettre de tourner la page - \u00c9glise Adventiste Du Septieme Jour - Inter Am\u00e9rique Division\" \/>\n<meta property=\"og:description\" content=\"La famille d\u2019un m\u00e9decin Adventiste du Septi\u00e8me jour qui a disparu en Ukraine il y a neuf mois de cela, organisera un service de comm\u00e9moration en avril prochain pour c\u00e9l\u00e9brer sa m\u00e9moire.\" \/>\n<meta property=\"og:url\" content=\"https:\/\/interamerica.org\/fr\/2014\/02\/pour-la-famille-du-medecin-adventiste-porte-disparu-le-service-qui-se-tiendra-en-avril-devrait-leur-permettre-de-tourner-la-page\/\" \/>\n<meta property=\"og:site_name\" content=\"\u00c9glise Adventiste Du Septieme Jour - Inter Am\u00e9rique Division\" \/>\n<meta property=\"article:published_time\" content=\"2014-02-27T04:00:00+00:00\" \/>\n<meta property=\"og:image\" content=\"https:\/\/interamerica.org\/wp-content\/uploads\/2017\/06\/csm_kiev-search-web_b24e48a79c.jpg\" \/>\n\t<meta property=\"og:image:width\" content=\"400\" \/>\n\t<meta property=\"og:image:height\" content=\"292\" \/>\n\t<meta property=\"og:image:type\" content=\"image\/jpeg\" \/>\n<meta name=\"author\" content=\"Lorenzo Verduzco\" \/>\n<meta name=\"twitter:card\" content=\"summary_large_image\" \/>\n<meta name=\"twitter:label1\" content=\"\u00c9crit par\" \/>\n\t<meta name=\"twitter:data1\" content=\"Lorenzo Verduzco\" \/>\n\t<meta name=\"twitter:label2\" content=\"Dur\u00e9e de lecture estim\u00e9e\" \/>\n\t<meta name=\"twitter:data2\" content=\"3 minutes\" \/>\n<script type=\"application\/ld+json\" class=\"yoast-schema-graph\">{\"@context\":\"https:\\\/\\\/schema.org\",\"@graph\":[{\"@type\":\"Article\",\"@id\":\"https:\\\/\\\/interamerica.org\\\/fr\\\/2014\\\/02\\\/pour-la-famille-du-medecin-adventiste-porte-disparu-le-service-qui-se-tiendra-en-avril-devrait-leur-permettre-de-tourner-la-page\\\/#article\",\"isPartOf\":{\"@id\":\"https:\\\/\\\/interamerica.org\\\/fr\\\/2014\\\/02\\\/pour-la-famille-du-medecin-adventiste-porte-disparu-le-service-qui-se-tiendra-en-avril-devrait-leur-permettre-de-tourner-la-page\\\/\"},\"author\":{\"name\":\"Lorenzo Verduzco\",\"@id\":\"https:\\\/\\\/interamerica.org\\\/fr\\\/#\\\/schema\\\/person\\\/68ede8bdc292885bb76c1e3810e73c39\"},\"headline\":\"Pour la famille du m\u00e9decin Adventiste port\u00e9 disparu, le service qui se tiendra en avril devrait leur permettre de tourner la page\",\"datePublished\":\"2014-02-27T04:00:00+00:00\",\"mainEntityOfPage\":{\"@id\":\"https:\\\/\\\/interamerica.org\\\/fr\\\/2014\\\/02\\\/pour-la-famille-du-medecin-adventiste-porte-disparu-le-service-qui-se-tiendra-en-avril-devrait-leur-permettre-de-tourner-la-page\\\/\"},\"wordCount\":554,\"image\":{\"@id\":\"https:\\\/\\\/interamerica.org\\\/fr\\\/2014\\\/02\\\/pour-la-famille-du-medecin-adventiste-porte-disparu-le-service-qui-se-tiendra-en-avril-devrait-leur-permettre-de-tourner-la-page\\\/#primaryimage\"},\"thumbnailUrl\":\"https:\\\/\\\/interamerica.org\\\/wp-content\\\/uploads\\\/2017\\\/06\\\/csm_kiev-search-web_b24e48a79c.jpg\",\"articleSection\":[\"Nouvelles de l'\u00c9glise mondiale\"],\"inLanguage\":\"fr-FR\"},{\"@type\":\"WebPage\",\"@id\":\"https:\\\/\\\/interamerica.org\\\/fr\\\/2014\\\/02\\\/pour-la-famille-du-medecin-adventiste-porte-disparu-le-service-qui-se-tiendra-en-avril-devrait-leur-permettre-de-tourner-la-page\\\/\",\"url\":\"https:\\\/\\\/interamerica.org\\\/fr\\\/2014\\\/02\\\/pour-la-famille-du-medecin-adventiste-porte-disparu-le-service-qui-se-tiendra-en-avril-devrait-leur-permettre-de-tourner-la-page\\\/\",\"name\":\"Pour la famille du m\u00e9decin Adventiste port\u00e9 disparu, le service qui se tiendra en avril devrait leur permettre de tourner la page - \u00c9glise Adventiste Du Septieme Jour - Inter Am\u00e9rique Division\",\"isPartOf\":{\"@id\":\"https:\\\/\\\/interamerica.org\\\/fr\\\/#website\"},\"primaryImageOfPage\":{\"@id\":\"https:\\\/\\\/interamerica.org\\\/fr\\\/2014\\\/02\\\/pour-la-famille-du-medecin-adventiste-porte-disparu-le-service-qui-se-tiendra-en-avril-devrait-leur-permettre-de-tourner-la-page\\\/#primaryimage\"},\"image\":{\"@id\":\"https:\\\/\\\/interamerica.org\\\/fr\\\/2014\\\/02\\\/pour-la-famille-du-medecin-adventiste-porte-disparu-le-service-qui-se-tiendra-en-avril-devrait-leur-permettre-de-tourner-la-page\\\/#primaryimage\"},\"thumbnailUrl\":\"https:\\\/\\\/interamerica.org\\\/wp-content\\\/uploads\\\/2017\\\/06\\\/csm_kiev-search-web_b24e48a79c.jpg\",\"datePublished\":\"2014-02-27T04:00:00+00:00\",\"author\":{\"@id\":\"https:\\\/\\\/interamerica.org\\\/fr\\\/#\\\/schema\\\/person\\\/68ede8bdc292885bb76c1e3810e73c39\"},\"breadcrumb\":{\"@id\":\"https:\\\/\\\/interamerica.org\\\/fr\\\/2014\\\/02\\\/pour-la-famille-du-medecin-adventiste-porte-disparu-le-service-qui-se-tiendra-en-avril-devrait-leur-permettre-de-tourner-la-page\\\/#breadcrumb\"},\"inLanguage\":\"fr-FR\",\"potentialAction\":[{\"@type\":\"ReadAction\",\"target\":[\"https:\\\/\\\/interamerica.org\\\/fr\\\/2014\\\/02\\\/pour-la-famille-du-medecin-adventiste-porte-disparu-le-service-qui-se-tiendra-en-avril-devrait-leur-permettre-de-tourner-la-page\\\/\"]}]},{\"@type\":\"ImageObject\",\"inLanguage\":\"fr-FR\",\"@id\":\"https:\\\/\\\/interamerica.org\\\/fr\\\/2014\\\/02\\\/pour-la-famille-du-medecin-adventiste-porte-disparu-le-service-qui-se-tiendra-en-avril-devrait-leur-permettre-de-tourner-la-page\\\/#primaryimage\",\"url\":\"https:\\\/\\\/interamerica.org\\\/wp-content\\\/uploads\\\/2017\\\/06\\\/csm_kiev-search-web_b24e48a79c.jpg\",\"contentUrl\":\"https:\\\/\\\/interamerica.org\\\/wp-content\\\/uploads\\\/2017\\\/06\\\/csm_kiev-search-web_b24e48a79c.jpg\",\"width\":400,\"height\":292},{\"@type\":\"BreadcrumbList\",\"@id\":\"https:\\\/\\\/interamerica.org\\\/fr\\\/2014\\\/02\\\/pour-la-famille-du-medecin-adventiste-porte-disparu-le-service-qui-se-tiendra-en-avril-devrait-leur-permettre-de-tourner-la-page\\\/#breadcrumb\",\"itemListElement\":[{\"@type\":\"ListItem\",\"position\":1,\"name\":\"Home\",\"item\":\"https:\\\/\\\/interamerica.org\\\/fr\\\/\"},{\"@type\":\"ListItem\",\"position\":2,\"name\":\"Pour la famille du m\u00e9decin Adventiste port\u00e9 disparu, le service qui se tiendra en avril devrait leur permettre de tourner la page\"}]},{\"@type\":\"WebSite\",\"@id\":\"https:\\\/\\\/interamerica.org\\\/fr\\\/#website\",\"url\":\"https:\\\/\\\/interamerica.org\\\/fr\\\/\",\"name\":\"\u00c9glise Adventiste Du Septieme Jour - Inter Am\u00e9rique Division\",\"description\":\"\",\"potentialAction\":[{\"@type\":\"SearchAction\",\"target\":{\"@type\":\"EntryPoint\",\"urlTemplate\":\"https:\\\/\\\/interamerica.org\\\/fr\\\/?s={search_term_string}\"},\"query-input\":{\"@type\":\"PropertyValueSpecification\",\"valueRequired\":true,\"valueName\":\"search_term_string\"}}],\"inLanguage\":\"fr-FR\"},{\"@type\":\"Person\",\"@id\":\"https:\\\/\\\/interamerica.org\\\/fr\\\/#\\\/schema\\\/person\\\/68ede8bdc292885bb76c1e3810e73c39\",\"name\":\"Lorenzo Verduzco\",\"image\":{\"@type\":\"ImageObject\",\"inLanguage\":\"fr-FR\",\"@id\":\"https:\\\/\\\/secure.gravatar.com\\\/avatar\\\/fb81a55b6218459490a9c1dc841a34909185b81904c5337b4b27f7a6fd60c49e?s=96&d=mm&r=g\",\"url\":\"https:\\\/\\\/secure.gravatar.com\\\/avatar\\\/fb81a55b6218459490a9c1dc841a34909185b81904c5337b4b27f7a6fd60c49e?s=96&d=mm&r=g\",\"contentUrl\":\"https:\\\/\\\/secure.gravatar.com\\\/avatar\\\/fb81a55b6218459490a9c1dc841a34909185b81904c5337b4b27f7a6fd60c49e?s=96&d=mm&r=g\",\"caption\":\"Lorenzo Verduzco\"}}]}<\/script>\n<!-- \/ Yoast SEO plugin. -->","yoast_head_json":{"title":"Pour la famille du m\u00e9decin Adventiste port\u00e9 disparu, le service qui se tiendra en avril devrait leur permettre de tourner la page - \u00c9glise Adventiste Du Septieme Jour - Inter Am\u00e9rique Division","robots":{"index":"index","follow":"follow","max-snippet":"max-snippet:-1","max-image-preview":"max-image-preview:large","max-video-preview":"max-video-preview:-1"},"canonical":"https:\/\/interamerica.org\/fr\/2014\/02\/pour-la-famille-du-medecin-adventiste-porte-disparu-le-service-qui-se-tiendra-en-avril-devrait-leur-permettre-de-tourner-la-page\/","og_locale":"fr_FR","og_type":"article","og_title":"Pour la famille du m\u00e9decin Adventiste port\u00e9 disparu, le service qui se tiendra en avril devrait leur permettre de tourner la page - \u00c9glise Adventiste Du Septieme Jour - Inter Am\u00e9rique Division","og_description":"La famille d\u2019un m\u00e9decin Adventiste du Septi\u00e8me jour qui a disparu en Ukraine il y a neuf mois de cela, organisera un service de comm\u00e9moration en avril prochain pour c\u00e9l\u00e9brer sa m\u00e9moire.","og_url":"https:\/\/interamerica.org\/fr\/2014\/02\/pour-la-famille-du-medecin-adventiste-porte-disparu-le-service-qui-se-tiendra-en-avril-devrait-leur-permettre-de-tourner-la-page\/","og_site_name":"\u00c9glise Adventiste Du Septieme Jour - Inter Am\u00e9rique Division","article_published_time":"2014-02-27T04:00:00+00:00","og_image":[{"width":400,"height":292,"url":"https:\/\/interamerica.org\/wp-content\/uploads\/2017\/06\/csm_kiev-search-web_b24e48a79c.jpg","type":"image\/jpeg"}],"author":"Lorenzo Verduzco","twitter_card":"summary_large_image","twitter_misc":{"\u00c9crit par":"Lorenzo Verduzco","Dur\u00e9e de lecture estim\u00e9e":"3 minutes"},"schema":{"@context":"https:\/\/schema.org","@graph":[{"@type":"Article","@id":"https:\/\/interamerica.org\/fr\/2014\/02\/pour-la-famille-du-medecin-adventiste-porte-disparu-le-service-qui-se-tiendra-en-avril-devrait-leur-permettre-de-tourner-la-page\/#article","isPartOf":{"@id":"https:\/\/interamerica.org\/fr\/2014\/02\/pour-la-famille-du-medecin-adventiste-porte-disparu-le-service-qui-se-tiendra-en-avril-devrait-leur-permettre-de-tourner-la-page\/"},"author":{"name":"Lorenzo Verduzco","@id":"https:\/\/interamerica.org\/fr\/#\/schema\/person\/68ede8bdc292885bb76c1e3810e73c39"},"headline":"Pour la famille du m\u00e9decin Adventiste port\u00e9 disparu, le service qui se tiendra en avril devrait leur permettre de tourner la page","datePublished":"2014-02-27T04:00:00+00:00","mainEntityOfPage":{"@id":"https:\/\/interamerica.org\/fr\/2014\/02\/pour-la-famille-du-medecin-adventiste-porte-disparu-le-service-qui-se-tiendra-en-avril-devrait-leur-permettre-de-tourner-la-page\/"},"wordCount":554,"image":{"@id":"https:\/\/interamerica.org\/fr\/2014\/02\/pour-la-famille-du-medecin-adventiste-porte-disparu-le-service-qui-se-tiendra-en-avril-devrait-leur-permettre-de-tourner-la-page\/#primaryimage"},"thumbnailUrl":"https:\/\/interamerica.org\/wp-content\/uploads\/2017\/06\/csm_kiev-search-web_b24e48a79c.jpg","articleSection":["Nouvelles de l'\u00c9glise mondiale"],"inLanguage":"fr-FR"},{"@type":"WebPage","@id":"https:\/\/interamerica.org\/fr\/2014\/02\/pour-la-famille-du-medecin-adventiste-porte-disparu-le-service-qui-se-tiendra-en-avril-devrait-leur-permettre-de-tourner-la-page\/","url":"https:\/\/interamerica.org\/fr\/2014\/02\/pour-la-famille-du-medecin-adventiste-porte-disparu-le-service-qui-se-tiendra-en-avril-devrait-leur-permettre-de-tourner-la-page\/","name":"Pour la famille du m\u00e9decin Adventiste port\u00e9 disparu, le service qui se tiendra en avril devrait leur permettre de tourner la page - \u00c9glise Adventiste Du Septieme Jour - Inter Am\u00e9rique Division","isPartOf":{"@id":"https:\/\/interamerica.org\/fr\/#website"},"primaryImageOfPage":{"@id":"https:\/\/interamerica.org\/fr\/2014\/02\/pour-la-famille-du-medecin-adventiste-porte-disparu-le-service-qui-se-tiendra-en-avril-devrait-leur-permettre-de-tourner-la-page\/#primaryimage"},"image":{"@id":"https:\/\/interamerica.org\/fr\/2014\/02\/pour-la-famille-du-medecin-adventiste-porte-disparu-le-service-qui-se-tiendra-en-avril-devrait-leur-permettre-de-tourner-la-page\/#primaryimage"},"thumbnailUrl":"https:\/\/interamerica.org\/wp-content\/uploads\/2017\/06\/csm_kiev-search-web_b24e48a79c.jpg","datePublished":"2014-02-27T04:00:00+00:00","author":{"@id":"https:\/\/interamerica.org\/fr\/#\/schema\/person\/68ede8bdc292885bb76c1e3810e73c39"},"breadcrumb":{"@id":"https:\/\/interamerica.org\/fr\/2014\/02\/pour-la-famille-du-medecin-adventiste-porte-disparu-le-service-qui-se-tiendra-en-avril-devrait-leur-permettre-de-tourner-la-page\/#breadcrumb"},"inLanguage":"fr-FR","potentialAction":[{"@type":"ReadAction","target":["https:\/\/interamerica.org\/fr\/2014\/02\/pour-la-famille-du-medecin-adventiste-porte-disparu-le-service-qui-se-tiendra-en-avril-devrait-leur-permettre-de-tourner-la-page\/"]}]},{"@type":"ImageObject","inLanguage":"fr-FR","@id":"https:\/\/interamerica.org\/fr\/2014\/02\/pour-la-famille-du-medecin-adventiste-porte-disparu-le-service-qui-se-tiendra-en-avril-devrait-leur-permettre-de-tourner-la-page\/#primaryimage","url":"https:\/\/interamerica.org\/wp-content\/uploads\/2017\/06\/csm_kiev-search-web_b24e48a79c.jpg","contentUrl":"https:\/\/interamerica.org\/wp-content\/uploads\/2017\/06\/csm_kiev-search-web_b24e48a79c.jpg","width":400,"height":292},{"@type":"BreadcrumbList","@id":"https:\/\/interamerica.org\/fr\/2014\/02\/pour-la-famille-du-medecin-adventiste-porte-disparu-le-service-qui-se-tiendra-en-avril-devrait-leur-permettre-de-tourner-la-page\/#breadcrumb","itemListElement":[{"@type":"ListItem","position":1,"name":"Home","item":"https:\/\/interamerica.org\/fr\/"},{"@type":"ListItem","position":2,"name":"Pour la famille du m\u00e9decin Adventiste port\u00e9 disparu, le service qui se tiendra en avril devrait leur permettre de tourner la page"}]},{"@type":"WebSite","@id":"https:\/\/interamerica.org\/fr\/#website","url":"https:\/\/interamerica.org\/fr\/","name":"\u00c9glise Adventiste Du Septieme Jour - Inter Am\u00e9rique Division","description":"","potentialAction":[{"@type":"SearchAction","target":{"@type":"EntryPoint","urlTemplate":"https:\/\/interamerica.org\/fr\/?s={search_term_string}"},"query-input":{"@type":"PropertyValueSpecification","valueRequired":true,"valueName":"search_term_string"}}],"inLanguage":"fr-FR"},{"@type":"Person","@id":"https:\/\/interamerica.org\/fr\/#\/schema\/person\/68ede8bdc292885bb76c1e3810e73c39","name":"Lorenzo Verduzco","image":{"@type":"ImageObject","inLanguage":"fr-FR","@id":"https:\/\/secure.gravatar.com\/avatar\/fb81a55b6218459490a9c1dc841a34909185b81904c5337b4b27f7a6fd60c49e?s=96&d=mm&r=g","url":"https:\/\/secure.gravatar.com\/avatar\/fb81a55b6218459490a9c1dc841a34909185b81904c5337b4b27f7a6fd60c49e?s=96&d=mm&r=g","contentUrl":"https:\/\/secure.gravatar.com\/avatar\/fb81a55b6218459490a9c1dc841a34909185b81904c5337b4b27f7a6fd60c49e?s=96&d=mm&r=g","caption":"Lorenzo Verduzco"}}]}},"_links":{"self":[{"href":"https:\/\/interamerica.org\/fr\/wp-json\/wp\/v2\/posts\/31886","targetHints":{"allow":["GET"]}}],"collection":[{"href":"https:\/\/interamerica.org\/fr\/wp-json\/wp\/v2\/posts"}],"about":[{"href":"https:\/\/interamerica.org\/fr\/wp-json\/wp\/v2\/types\/post"}],"author":[{"embeddable":true,"href":"https:\/\/interamerica.org\/fr\/wp-json\/wp\/v2\/users\/1"}],"replies":[{"embeddable":true,"href":"https:\/\/interamerica.org\/fr\/wp-json\/wp\/v2\/comments?post=31886"}],"version-history":[{"count":0,"href":"https:\/\/interamerica.org\/fr\/wp-json\/wp\/v2\/posts\/31886\/revisions"}],"wp:featuredmedia":[{"embeddable":true,"href":"https:\/\/interamerica.org\/fr\/wp-json\/wp\/v2\/media\/22665"}],"wp:attachment":[{"href":"https:\/\/interamerica.org\/fr\/wp-json\/wp\/v2\/media?parent=31886"}],"wp:term":[{"taxonomy":"category","embeddable":true,"href":"https:\/\/interamerica.org\/fr\/wp-json\/wp\/v2\/categories?post=31886"},{"taxonomy":"post_tag","embeddable":true,"href":"https:\/\/interamerica.org\/fr\/wp-json\/wp\/v2\/tags?post=31886"}],"curies":[{"name":"wp","href":"https:\/\/api.w.org\/{rel}","templated":true}]}}