{"id":31887,"date":"2014-02-27T00:00:00","date_gmt":"2014-02-27T04:00:00","guid":{"rendered":"http:\/\/192.81.217.108\/interamerica\/2014\/02\/trinidad-luniversite-adventiste-propose-maintenant-un-doctorat-en-psychologie-de-leducation\/"},"modified":"2014-02-27T00:00:00","modified_gmt":"2014-02-27T04:00:00","slug":"trinidad-luniversite-adventiste-propose-maintenant-un-doctorat-en-psychologie-de-leducation","status":"publish","type":"post","link":"https:\/\/interamerica.org\/fr\/2014\/02\/trinidad-luniversite-adventiste-propose-maintenant-un-doctorat-en-psychologie-de-leducation\/","title":{"rendered":"Trinidad : l\u2019Universit\u00e9 Adventiste propose maintenant un doctorat en psychologie de l\u2019\u00e9ducation"},"content":{"rendered":"<div id=\"attachment_10801\" style=\"width: 600px\" class=\"wp-caption aligncenter\"><a href=\"\/interamerica\/wp-content\/uploads\/2017\/06\/Signing-Photo.png\" rel=\"fancybox\" title=\"Trinidad : l\u2019Universit\u00e9 Adventiste propose maintenant un doctorat en psychologie de l\u2019\u00e9ducation\"><img fetchpriority=\"high\" decoding=\"async\" aria-describedby=\"caption-attachment-10801\" class=\"size-full wp-image-10801\" src=\"\/interamerica\/wp-content\/uploads\/2017\/06\/Signing-Photo.png\" alt=\"\" width=\"590\" height=\"394\" \/><\/a><p id=\"caption-attachment-10801\" class=\"wp-caption-text\">Dr Jim Jeffrey (devant \u00e0 gauche), Doyen de la Facult\u00e9 de l\u2019Education \u00e0 l\u2019Universit\u00e9 d\u2019Andrews et Dr Clinton Valley, pr\u00e9sident de l\u2019Universit\u00e9 du Sud de la Cara\u00efbe (USC), signent un protocole d\u2019accord le 27 janvier 2014 pour un nouveau doctorat en psychologie de l\u2019\u00e9ducation, alors que les repr\u00e9sentants de l\u2019Association Adventiste d\u2019Accr\u00e9ditation et les administrateurs d\u2019USC observent. Images du D\u00e9partement des Communications d\u2019USC\/DIA.<\/p><\/div>\n<p>27 F\u00e9vrier 2014 \u2013 Port-of-Spain, Trinidad\u2026Del Phillips\/DIA<\/p>\n<p>Les \u00e9ducateurs Adventistes ont r\u00e9cemment sign\u00e9 un protocole d\u2019accord \u00e0 l\u2019Universit\u00e9 du Sud de la Cara\u00efbe (USC) \u00e0 Port-of-Spain, Trinidad, qui permettra d\u2019offrir le premier programme doctoral en psychologie de l\u2019\u00e9ducation. Le programme a r\u00e9uni les leaders d\u2019USC et de l\u2019Universit\u00e9 d\u2019Andrews \u00e0 Berrien Springs dans le Michigan, dans le but d\u2019\u00e9tablir un partenariat et de permettre aux futurs dipl\u00f4m\u00e9s de pratiquer en tant que psychologues de l\u2019\u00e9ducation agr\u00e9\u00e9s, \u00e0 Trinidad, aux Etats Unis et au Canada.<\/p>\n<p>Le programme donnera l\u2019opportunit\u00e9 \u00e0 Trinidad d\u2019avoir un groupe de psychologues de l\u2019\u00e9ducation form\u00e9s qui peuvent faire partie de la structure de psychologie pr\u00e9ventive et de relation d\u2019aide pour le pays, d\u2019apr\u00e8s ce qu\u2019a indiqu\u00e9 Dr Clinton Valley, pr\u00e9sident de l\u2019Universit\u00e9 du Sud de la Cara\u00efbe.<\/p>\n<p>Dr Rudolph Bailey, professeur et pr\u00e9sident du D\u00e9partement de Psychologie de l\u2019Education \u00e0 l\u2019Universit\u00e9 d\u2019Andrews, a expliqu\u00e9 que \u00ab la psychologie appliqu\u00e9e \u00e0 la recherche \u00e9ducative, apportera plus d\u2019efficacit\u00e9 \u00e0 l\u2019\u00e9ducation vu qu\u2019elle implique des processus qui aident \u00e0 l\u2019apprentissage, la conception du cursus et de la classe, et des informations vitales au sujet du cerveau et de l\u2019apprentissage qui doivent entrer dans le syst\u00e8me \u00e9ducatif. \u00bb<\/p>\n<div id=\"attachment_10802\" style=\"width: 310px\" class=\"wp-caption alignleft\"><a href=\"\/interamerica\/wp-content\/uploads\/2017\/06\/First-Cohort-with-Administrators.png\" rel=\"fancybox\" title=\"Trinidad : l\u2019Universit\u00e9 Adventiste propose maintenant un doctorat en psychologie de l\u2019\u00e9ducation\"><img decoding=\"async\" aria-describedby=\"caption-attachment-10802\" class=\"size-medium wp-image-10802\" src=\"\/interamerica\/wp-content\/uploads\/2017\/06\/First-Cohort-with-Administrators-300x200.png\" alt=\"\" width=\"300\" height=\"200\" \/><\/a><p id=\"caption-attachment-10802\" class=\"wp-caption-text\">Le premier groupe de doctorants pose pour une photo avec les administrateurs d\u2019USC, les repr\u00e9sentants de l\u2019Universit\u00e9 d\u2019Andrews et les membres de l\u2019Association Adventiste d\u2019Accr\u00e9ditation.<\/p><\/div>\n<p>Dr Bailey a expliqu\u00e9 encore qu\u2019\u00e9tant donn\u00e9 les rapports indiquant l\u2019augmentation des probl\u00e8mes sociaux \u00e0 Trinidad et Tobago, les discussions avec le gouvernement ont facilit\u00e9 une refonte du programme propos\u00e9 de telle sorte qu\u2019il inclue une triple approche pour la composante relation d\u2019aide. \u00ab Cette approche met l\u2019accent sur l\u2019\u00e9valuation, la consultation, et la formation dans la relation d\u2019aide individuelle et en groupe pour les \u00e9coles, \u00bb a dit Dr Bailey.<\/p>\n<p>Les projets de recherche devant \u00eatre r\u00e9alis\u00e9s par les 22 \u00e9tudiants inscrits dans la premi\u00e8re promotion identifieront et documenteront des probl\u00e8mes critiques en relation avec le contexte de Trinidad et Tobago, en utilisant des donn\u00e9es concr\u00e8tes qui peuvent orienter la refonte du cursus, la gestion de la salle de classe et l\u2019\u00e9laboration des r\u00e8glements, ont indiqu\u00e9 les dirigeants de l\u2019universit\u00e9.<\/p>\n<p>Le nouveau doctorat en psychologie de l\u2019\u00e9ducation propos\u00e9 par USC est accr\u00e9dit\u00e9 par l\u2019Association Nationale des Psychologues de l\u2019Education aux Etats Unis.<\/p>\n<p>Fond\u00e9e en 1927, l\u2019Universit\u00e9 du Sud de la Cara\u00efbe se trouve sur une parcelle de 15000 m2 dans la Maracas Valley au nord-est de Port-of-Spain \u00e0 Trinidad et Tobago. C\u2019est une institution priv\u00e9e, mixte, qui appartient \u00e0 l\u2019Union Carib\u00e9enne des Adventistes du Septi\u00e8me jour qui g\u00e8re USC, et qui est accr\u00e9dit\u00e9e par l\u2019Association Adventiste d\u2019Accr\u00e9ditation depuis 1982. USC propose 15 formations dipl\u00f4mantes \u00e9manant de ses six facult\u00e9s sur le campus et de ses cinq campus satellites situ\u00e9s \u00e0 Tobago, St Lucie, Antigue, Barbade et au Guyana.<\/p>\n<p>USC a \u00e9t\u00e9 invit\u00e9e \u00e0 aider le gouvernement dans la formation de plus de 3000 \u00e9ducateurs de la petite enfance dans le cadre d\u2019un plan global mis en place par le Minist\u00e8re de l\u2019Education \u00e0 Trinidad et Tobago pour parvenir \u00e0 une \u00e9ducation universelle de la petite enfance.<\/p>\n<p>Pour en savoir plus sur USC, visitez <a href=\"http:\/\/www.usc.edu.tt\/\">usc.edu.tt <\/a><\/p>\n<p>Traduction: Patrick Luciathe<\/p>\n","protected":false},"excerpt":{"rendered":"<p>27 F\u00e9vrier 2014 \u2013 Port-of-Spain, Trinidad\u2026Del Phillips\/DIA Les \u00e9ducateurs Adventistes ont r\u00e9cemment sign\u00e9 un protocole d\u2019accord \u00e0 l\u2019Universit\u00e9 du Sud de la Cara\u00efbe (USC) \u00e0 Port-of-Spain, Trinidad, qui permettra d\u2019offrir&#8230;<\/p>\n","protected":false},"author":1,"featured_media":22672,"comment_status":"closed","ping_status":"closed","sticky":false,"template":"","format":"standard","meta":{"_acf_changed":false,"footnotes":""},"categories":[21],"tags":[],"class_list":["post-31887","post","type-post","status-publish","format-standard","has-post-thumbnail","hentry","category-nouvelles-du-territoire"],"acf":[],"yoast_head":"<!-- This site is optimized with the Yoast SEO plugin v27.3 - https:\/\/yoast.com\/product\/yoast-seo-wordpress\/ -->\n<title>Trinidad : l\u2019Universit\u00e9 Adventiste propose maintenant un doctorat en psychologie de l\u2019\u00e9ducation - \u00c9glise Adventiste Du Septieme Jour - Inter Am\u00e9rique Division<\/title>\n<meta name=\"robots\" content=\"index, follow, max-snippet:-1, max-image-preview:large, max-video-preview:-1\" \/>\n<link rel=\"canonical\" href=\"https:\/\/interamerica.org\/fr\/2014\/02\/trinidad-luniversite-adventiste-propose-maintenant-un-doctorat-en-psychologie-de-leducation\/\" \/>\n<meta property=\"og:locale\" content=\"fr_FR\" \/>\n<meta property=\"og:type\" content=\"article\" \/>\n<meta property=\"og:title\" content=\"Trinidad : l\u2019Universit\u00e9 Adventiste propose maintenant un doctorat en psychologie de l\u2019\u00e9ducation - \u00c9glise Adventiste Du Septieme Jour - Inter Am\u00e9rique Division\" \/>\n<meta property=\"og:description\" content=\"27 F\u00e9vrier 2014 \u2013 Port-of-Spain, Trinidad\u2026Del Phillips\/DIA Les \u00e9ducateurs Adventistes ont r\u00e9cemment sign\u00e9 un protocole d\u2019accord \u00e0 l\u2019Universit\u00e9 du Sud de la Cara\u00efbe (USC) \u00e0 Port-of-Spain, Trinidad, qui permettra d\u2019offrir...\" \/>\n<meta property=\"og:url\" content=\"https:\/\/interamerica.org\/fr\/2014\/02\/trinidad-luniversite-adventiste-propose-maintenant-un-doctorat-en-psychologie-de-leducation\/\" \/>\n<meta property=\"og:site_name\" content=\"\u00c9glise Adventiste Du Septieme Jour - Inter Am\u00e9rique Division\" \/>\n<meta property=\"article:published_time\" content=\"2014-02-27T04:00:00+00:00\" \/>\n<meta property=\"og:image\" content=\"https:\/\/interamerica.org\/wp-content\/uploads\/2017\/06\/Signing-Photo.png\" \/>\n\t<meta property=\"og:image:width\" content=\"590\" \/>\n\t<meta property=\"og:image:height\" content=\"394\" \/>\n\t<meta property=\"og:image:type\" content=\"image\/png\" \/>\n<meta name=\"author\" content=\"Lorenzo Verduzco\" \/>\n<meta name=\"twitter:card\" content=\"summary_large_image\" \/>\n<meta name=\"twitter:label1\" content=\"\u00c9crit par\" \/>\n\t<meta name=\"twitter:data1\" content=\"Lorenzo Verduzco\" \/>\n\t<meta name=\"twitter:label2\" content=\"Dur\u00e9e de lecture estim\u00e9e\" \/>\n\t<meta name=\"twitter:data2\" content=\"3 minutes\" \/>\n<script type=\"application\/ld+json\" class=\"yoast-schema-graph\">{\"@context\":\"https:\\\/\\\/schema.org\",\"@graph\":[{\"@type\":\"Article\",\"@id\":\"https:\\\/\\\/interamerica.org\\\/fr\\\/2014\\\/02\\\/trinidad-luniversite-adventiste-propose-maintenant-un-doctorat-en-psychologie-de-leducation\\\/#article\",\"isPartOf\":{\"@id\":\"https:\\\/\\\/interamerica.org\\\/fr\\\/2014\\\/02\\\/trinidad-luniversite-adventiste-propose-maintenant-un-doctorat-en-psychologie-de-leducation\\\/\"},\"author\":{\"name\":\"Lorenzo Verduzco\",\"@id\":\"https:\\\/\\\/interamerica.org\\\/fr\\\/#\\\/schema\\\/person\\\/68ede8bdc292885bb76c1e3810e73c39\"},\"headline\":\"Trinidad : l\u2019Universit\u00e9 Adventiste propose maintenant un doctorat en psychologie de l\u2019\u00e9ducation\",\"datePublished\":\"2014-02-27T04:00:00+00:00\",\"mainEntityOfPage\":{\"@id\":\"https:\\\/\\\/interamerica.org\\\/fr\\\/2014\\\/02\\\/trinidad-luniversite-adventiste-propose-maintenant-un-doctorat-en-psychologie-de-leducation\\\/\"},\"wordCount\":686,\"image\":{\"@id\":\"https:\\\/\\\/interamerica.org\\\/fr\\\/2014\\\/02\\\/trinidad-luniversite-adventiste-propose-maintenant-un-doctorat-en-psychologie-de-leducation\\\/#primaryimage\"},\"thumbnailUrl\":\"https:\\\/\\\/interamerica.org\\\/wp-content\\\/uploads\\\/2017\\\/06\\\/Signing-Photo.png\",\"articleSection\":[\"Nouvelles du territoire\"],\"inLanguage\":\"fr-FR\"},{\"@type\":\"WebPage\",\"@id\":\"https:\\\/\\\/interamerica.org\\\/fr\\\/2014\\\/02\\\/trinidad-luniversite-adventiste-propose-maintenant-un-doctorat-en-psychologie-de-leducation\\\/\",\"url\":\"https:\\\/\\\/interamerica.org\\\/fr\\\/2014\\\/02\\\/trinidad-luniversite-adventiste-propose-maintenant-un-doctorat-en-psychologie-de-leducation\\\/\",\"name\":\"Trinidad : l\u2019Universit\u00e9 Adventiste propose maintenant un doctorat en psychologie de l\u2019\u00e9ducation - \u00c9glise Adventiste Du Septieme Jour - Inter Am\u00e9rique Division\",\"isPartOf\":{\"@id\":\"https:\\\/\\\/interamerica.org\\\/fr\\\/#website\"},\"primaryImageOfPage\":{\"@id\":\"https:\\\/\\\/interamerica.org\\\/fr\\\/2014\\\/02\\\/trinidad-luniversite-adventiste-propose-maintenant-un-doctorat-en-psychologie-de-leducation\\\/#primaryimage\"},\"image\":{\"@id\":\"https:\\\/\\\/interamerica.org\\\/fr\\\/2014\\\/02\\\/trinidad-luniversite-adventiste-propose-maintenant-un-doctorat-en-psychologie-de-leducation\\\/#primaryimage\"},\"thumbnailUrl\":\"https:\\\/\\\/interamerica.org\\\/wp-content\\\/uploads\\\/2017\\\/06\\\/Signing-Photo.png\",\"datePublished\":\"2014-02-27T04:00:00+00:00\",\"author\":{\"@id\":\"https:\\\/\\\/interamerica.org\\\/fr\\\/#\\\/schema\\\/person\\\/68ede8bdc292885bb76c1e3810e73c39\"},\"breadcrumb\":{\"@id\":\"https:\\\/\\\/interamerica.org\\\/fr\\\/2014\\\/02\\\/trinidad-luniversite-adventiste-propose-maintenant-un-doctorat-en-psychologie-de-leducation\\\/#breadcrumb\"},\"inLanguage\":\"fr-FR\",\"potentialAction\":[{\"@type\":\"ReadAction\",\"target\":[\"https:\\\/\\\/interamerica.org\\\/fr\\\/2014\\\/02\\\/trinidad-luniversite-adventiste-propose-maintenant-un-doctorat-en-psychologie-de-leducation\\\/\"]}]},{\"@type\":\"ImageObject\",\"inLanguage\":\"fr-FR\",\"@id\":\"https:\\\/\\\/interamerica.org\\\/fr\\\/2014\\\/02\\\/trinidad-luniversite-adventiste-propose-maintenant-un-doctorat-en-psychologie-de-leducation\\\/#primaryimage\",\"url\":\"https:\\\/\\\/interamerica.org\\\/wp-content\\\/uploads\\\/2017\\\/06\\\/Signing-Photo.png\",\"contentUrl\":\"https:\\\/\\\/interamerica.org\\\/wp-content\\\/uploads\\\/2017\\\/06\\\/Signing-Photo.png\",\"width\":590,\"height\":394},{\"@type\":\"BreadcrumbList\",\"@id\":\"https:\\\/\\\/interamerica.org\\\/fr\\\/2014\\\/02\\\/trinidad-luniversite-adventiste-propose-maintenant-un-doctorat-en-psychologie-de-leducation\\\/#breadcrumb\",\"itemListElement\":[{\"@type\":\"ListItem\",\"position\":1,\"name\":\"Home\",\"item\":\"https:\\\/\\\/interamerica.org\\\/fr\\\/\"},{\"@type\":\"ListItem\",\"position\":2,\"name\":\"Trinidad : l\u2019Universit\u00e9 Adventiste propose maintenant un doctorat en psychologie de l\u2019\u00e9ducation\"}]},{\"@type\":\"WebSite\",\"@id\":\"https:\\\/\\\/interamerica.org\\\/fr\\\/#website\",\"url\":\"https:\\\/\\\/interamerica.org\\\/fr\\\/\",\"name\":\"\u00c9glise Adventiste Du Septieme Jour - Inter Am\u00e9rique Division\",\"description\":\"\",\"potentialAction\":[{\"@type\":\"SearchAction\",\"target\":{\"@type\":\"EntryPoint\",\"urlTemplate\":\"https:\\\/\\\/interamerica.org\\\/fr\\\/?s={search_term_string}\"},\"query-input\":{\"@type\":\"PropertyValueSpecification\",\"valueRequired\":true,\"valueName\":\"search_term_string\"}}],\"inLanguage\":\"fr-FR\"},{\"@type\":\"Person\",\"@id\":\"https:\\\/\\\/interamerica.org\\\/fr\\\/#\\\/schema\\\/person\\\/68ede8bdc292885bb76c1e3810e73c39\",\"name\":\"Lorenzo Verduzco\",\"image\":{\"@type\":\"ImageObject\",\"inLanguage\":\"fr-FR\",\"@id\":\"https:\\\/\\\/secure.gravatar.com\\\/avatar\\\/fb81a55b6218459490a9c1dc841a34909185b81904c5337b4b27f7a6fd60c49e?s=96&d=mm&r=g\",\"url\":\"https:\\\/\\\/secure.gravatar.com\\\/avatar\\\/fb81a55b6218459490a9c1dc841a34909185b81904c5337b4b27f7a6fd60c49e?s=96&d=mm&r=g\",\"contentUrl\":\"https:\\\/\\\/secure.gravatar.com\\\/avatar\\\/fb81a55b6218459490a9c1dc841a34909185b81904c5337b4b27f7a6fd60c49e?s=96&d=mm&r=g\",\"caption\":\"Lorenzo Verduzco\"}}]}<\/script>\n<!-- \/ Yoast SEO plugin. -->","yoast_head_json":{"title":"Trinidad : l\u2019Universit\u00e9 Adventiste propose maintenant un doctorat en psychologie de l\u2019\u00e9ducation - \u00c9glise Adventiste Du Septieme Jour - Inter Am\u00e9rique Division","robots":{"index":"index","follow":"follow","max-snippet":"max-snippet:-1","max-image-preview":"max-image-preview:large","max-video-preview":"max-video-preview:-1"},"canonical":"https:\/\/interamerica.org\/fr\/2014\/02\/trinidad-luniversite-adventiste-propose-maintenant-un-doctorat-en-psychologie-de-leducation\/","og_locale":"fr_FR","og_type":"article","og_title":"Trinidad : l\u2019Universit\u00e9 Adventiste propose maintenant un doctorat en psychologie de l\u2019\u00e9ducation - \u00c9glise Adventiste Du Septieme Jour - Inter Am\u00e9rique Division","og_description":"27 F\u00e9vrier 2014 \u2013 Port-of-Spain, Trinidad\u2026Del Phillips\/DIA Les \u00e9ducateurs Adventistes ont r\u00e9cemment sign\u00e9 un protocole d\u2019accord \u00e0 l\u2019Universit\u00e9 du Sud de la Cara\u00efbe (USC) \u00e0 Port-of-Spain, Trinidad, qui permettra d\u2019offrir...","og_url":"https:\/\/interamerica.org\/fr\/2014\/02\/trinidad-luniversite-adventiste-propose-maintenant-un-doctorat-en-psychologie-de-leducation\/","og_site_name":"\u00c9glise Adventiste Du Septieme Jour - Inter Am\u00e9rique Division","article_published_time":"2014-02-27T04:00:00+00:00","og_image":[{"width":590,"height":394,"url":"https:\/\/interamerica.org\/wp-content\/uploads\/2017\/06\/Signing-Photo.png","type":"image\/png"}],"author":"Lorenzo Verduzco","twitter_card":"summary_large_image","twitter_misc":{"\u00c9crit par":"Lorenzo Verduzco","Dur\u00e9e de lecture estim\u00e9e":"3 minutes"},"schema":{"@context":"https:\/\/schema.org","@graph":[{"@type":"Article","@id":"https:\/\/interamerica.org\/fr\/2014\/02\/trinidad-luniversite-adventiste-propose-maintenant-un-doctorat-en-psychologie-de-leducation\/#article","isPartOf":{"@id":"https:\/\/interamerica.org\/fr\/2014\/02\/trinidad-luniversite-adventiste-propose-maintenant-un-doctorat-en-psychologie-de-leducation\/"},"author":{"name":"Lorenzo Verduzco","@id":"https:\/\/interamerica.org\/fr\/#\/schema\/person\/68ede8bdc292885bb76c1e3810e73c39"},"headline":"Trinidad : l\u2019Universit\u00e9 Adventiste propose maintenant un doctorat en psychologie de l\u2019\u00e9ducation","datePublished":"2014-02-27T04:00:00+00:00","mainEntityOfPage":{"@id":"https:\/\/interamerica.org\/fr\/2014\/02\/trinidad-luniversite-adventiste-propose-maintenant-un-doctorat-en-psychologie-de-leducation\/"},"wordCount":686,"image":{"@id":"https:\/\/interamerica.org\/fr\/2014\/02\/trinidad-luniversite-adventiste-propose-maintenant-un-doctorat-en-psychologie-de-leducation\/#primaryimage"},"thumbnailUrl":"https:\/\/interamerica.org\/wp-content\/uploads\/2017\/06\/Signing-Photo.png","articleSection":["Nouvelles du territoire"],"inLanguage":"fr-FR"},{"@type":"WebPage","@id":"https:\/\/interamerica.org\/fr\/2014\/02\/trinidad-luniversite-adventiste-propose-maintenant-un-doctorat-en-psychologie-de-leducation\/","url":"https:\/\/interamerica.org\/fr\/2014\/02\/trinidad-luniversite-adventiste-propose-maintenant-un-doctorat-en-psychologie-de-leducation\/","name":"Trinidad : l\u2019Universit\u00e9 Adventiste propose maintenant un doctorat en psychologie de l\u2019\u00e9ducation - \u00c9glise Adventiste Du Septieme Jour - Inter Am\u00e9rique Division","isPartOf":{"@id":"https:\/\/interamerica.org\/fr\/#website"},"primaryImageOfPage":{"@id":"https:\/\/interamerica.org\/fr\/2014\/02\/trinidad-luniversite-adventiste-propose-maintenant-un-doctorat-en-psychologie-de-leducation\/#primaryimage"},"image":{"@id":"https:\/\/interamerica.org\/fr\/2014\/02\/trinidad-luniversite-adventiste-propose-maintenant-un-doctorat-en-psychologie-de-leducation\/#primaryimage"},"thumbnailUrl":"https:\/\/interamerica.org\/wp-content\/uploads\/2017\/06\/Signing-Photo.png","datePublished":"2014-02-27T04:00:00+00:00","author":{"@id":"https:\/\/interamerica.org\/fr\/#\/schema\/person\/68ede8bdc292885bb76c1e3810e73c39"},"breadcrumb":{"@id":"https:\/\/interamerica.org\/fr\/2014\/02\/trinidad-luniversite-adventiste-propose-maintenant-un-doctorat-en-psychologie-de-leducation\/#breadcrumb"},"inLanguage":"fr-FR","potentialAction":[{"@type":"ReadAction","target":["https:\/\/interamerica.org\/fr\/2014\/02\/trinidad-luniversite-adventiste-propose-maintenant-un-doctorat-en-psychologie-de-leducation\/"]}]},{"@type":"ImageObject","inLanguage":"fr-FR","@id":"https:\/\/interamerica.org\/fr\/2014\/02\/trinidad-luniversite-adventiste-propose-maintenant-un-doctorat-en-psychologie-de-leducation\/#primaryimage","url":"https:\/\/interamerica.org\/wp-content\/uploads\/2017\/06\/Signing-Photo.png","contentUrl":"https:\/\/interamerica.org\/wp-content\/uploads\/2017\/06\/Signing-Photo.png","width":590,"height":394},{"@type":"BreadcrumbList","@id":"https:\/\/interamerica.org\/fr\/2014\/02\/trinidad-luniversite-adventiste-propose-maintenant-un-doctorat-en-psychologie-de-leducation\/#breadcrumb","itemListElement":[{"@type":"ListItem","position":1,"name":"Home","item":"https:\/\/interamerica.org\/fr\/"},{"@type":"ListItem","position":2,"name":"Trinidad : l\u2019Universit\u00e9 Adventiste propose maintenant un doctorat en psychologie de l\u2019\u00e9ducation"}]},{"@type":"WebSite","@id":"https:\/\/interamerica.org\/fr\/#website","url":"https:\/\/interamerica.org\/fr\/","name":"\u00c9glise Adventiste Du Septieme Jour - Inter Am\u00e9rique Division","description":"","potentialAction":[{"@type":"SearchAction","target":{"@type":"EntryPoint","urlTemplate":"https:\/\/interamerica.org\/fr\/?s={search_term_string}"},"query-input":{"@type":"PropertyValueSpecification","valueRequired":true,"valueName":"search_term_string"}}],"inLanguage":"fr-FR"},{"@type":"Person","@id":"https:\/\/interamerica.org\/fr\/#\/schema\/person\/68ede8bdc292885bb76c1e3810e73c39","name":"Lorenzo Verduzco","image":{"@type":"ImageObject","inLanguage":"fr-FR","@id":"https:\/\/secure.gravatar.com\/avatar\/fb81a55b6218459490a9c1dc841a34909185b81904c5337b4b27f7a6fd60c49e?s=96&d=mm&r=g","url":"https:\/\/secure.gravatar.com\/avatar\/fb81a55b6218459490a9c1dc841a34909185b81904c5337b4b27f7a6fd60c49e?s=96&d=mm&r=g","contentUrl":"https:\/\/secure.gravatar.com\/avatar\/fb81a55b6218459490a9c1dc841a34909185b81904c5337b4b27f7a6fd60c49e?s=96&d=mm&r=g","caption":"Lorenzo Verduzco"}}]}},"_links":{"self":[{"href":"https:\/\/interamerica.org\/fr\/wp-json\/wp\/v2\/posts\/31887","targetHints":{"allow":["GET"]}}],"collection":[{"href":"https:\/\/interamerica.org\/fr\/wp-json\/wp\/v2\/posts"}],"about":[{"href":"https:\/\/interamerica.org\/fr\/wp-json\/wp\/v2\/types\/post"}],"author":[{"embeddable":true,"href":"https:\/\/interamerica.org\/fr\/wp-json\/wp\/v2\/users\/1"}],"replies":[{"embeddable":true,"href":"https:\/\/interamerica.org\/fr\/wp-json\/wp\/v2\/comments?post=31887"}],"version-history":[{"count":0,"href":"https:\/\/interamerica.org\/fr\/wp-json\/wp\/v2\/posts\/31887\/revisions"}],"wp:featuredmedia":[{"embeddable":true,"href":"https:\/\/interamerica.org\/fr\/wp-json\/wp\/v2\/media\/22672"}],"wp:attachment":[{"href":"https:\/\/interamerica.org\/fr\/wp-json\/wp\/v2\/media?parent=31887"}],"wp:term":[{"taxonomy":"category","embeddable":true,"href":"https:\/\/interamerica.org\/fr\/wp-json\/wp\/v2\/categories?post=31887"},{"taxonomy":"post_tag","embeddable":true,"href":"https:\/\/interamerica.org\/fr\/wp-json\/wp\/v2\/tags?post=31887"}],"curies":[{"name":"wp","href":"https:\/\/api.w.org\/{rel}","templated":true}]}}