{"id":31888,"date":"2014-02-28T00:00:00","date_gmt":"2014-02-28T04:00:00","guid":{"rendered":"http:\/\/192.81.217.108\/interamerica\/2014\/02\/inter-amerique-les-anciens-deglise-invites-lors-du-concile-en-ligne-a-poursuivre-la-recherche-du-reveil-spirituel\/"},"modified":"2014-02-28T00:00:00","modified_gmt":"2014-02-28T04:00:00","slug":"inter-amerique-les-anciens-deglise-invites-lors-du-concile-en-ligne-a-poursuivre-la-recherche-du-reveil-spirituel","status":"publish","type":"post","link":"https:\/\/interamerica.org\/fr\/2014\/02\/inter-amerique-les-anciens-deglise-invites-lors-du-concile-en-ligne-a-poursuivre-la-recherche-du-reveil-spirituel\/","title":{"rendered":"Inter Am\u00e9rique : Les anciens d\u2019\u00e9glise invit\u00e9s lors du concile en ligne \u00e0 poursuivre la recherche du r\u00e9veil spirituel"},"content":{"rendered":"<div id=\"attachment_10811\" style=\"width: 600px\" class=\"wp-caption aligncenter\"><a href=\"\/interamerica\/wp-content\/uploads\/2017\/06\/ElderscouncilLarge.png\" rel=\"fancybox\" title=\"Inter Am\u00e9rique : Les anciens d\u2019\u00e9glise invit\u00e9s lors du concile en ligne \u00e0 poursuivre la recherche du r\u00e9veil spirituel\"><img fetchpriority=\"high\" decoding=\"async\" aria-describedby=\"caption-attachment-10811\" class=\"size-full wp-image-10811\" src=\"\/interamerica\/wp-content\/uploads\/2017\/06\/ElderscouncilLarge.png\" alt=\"\" width=\"590\" height=\"365\" \/><\/a><p id=\"caption-attachment-10811\" class=\"wp-caption-text\">Pasteur Hector Sanchez, secr\u00e9taire de l\u2019association pastorale pour l\u2019Eglise Adventiste en Inter Am\u00e9rique parle avec pasteur Fontaine, assistant aupr\u00e8s du pr\u00e9sident de la DIA, lors du Concile Virtuel organis\u00e9 \u00e0 l\u2019attention des anciens d\u2019\u00e9glise le 22 f\u00e9vrier 2014, depuis Miami en Floride. Le programme d\u2019une heure et demie en direct a \u00e9t\u00e9 l\u2019occasion de consid\u00e9rer le r\u00f4le des anciens d\u2019\u00e9glise et de motiver ces derniers \u00e0 continuer de rechercher un r\u00e9veil spirituel pour avoir des congr\u00e9gations plus fortes. Image de la DIA.<\/p><\/div>\n<p>27 F\u00e9vrier 2014 \u2013 Miami, Floride, Etats Unis\u2026Libna Stevens\/DIA<\/p>\n<p>L\u2019Eglise Adventiste du Septi\u00e8me jour en Inter Am\u00e9rique a tenu un programme sp\u00e9cial le weekend dernier afin d\u2019exprimer son appr\u00e9ciation \u00e0 l\u2019endroit des pr\u00e8s de 300000 anciens d\u2019\u00e9glise qui officient dans les quelques 19000 congr\u00e9gations dans l\u2019ensemble du territoire. Le programme a \u00e9t\u00e9 diffus\u00e9 en direct sur le web le 22 f\u00e9vrier 2014 depuis Miami en Floride.<\/p>\n<div id=\"attachment_10812\" style=\"width: 325px\" class=\"wp-caption alignleft\"><a href=\"\/interamerica\/wp-content\/uploads\/2017\/06\/HSanchez-ECouncil.png\" rel=\"fancybox\" title=\"Inter Am\u00e9rique : Les anciens d\u2019\u00e9glise invit\u00e9s lors du concile en ligne \u00e0 poursuivre la recherche du r\u00e9veil spirituel\"><img decoding=\"async\" aria-describedby=\"caption-attachment-10812\" class=\"size-full wp-image-10812\" src=\"\/interamerica\/wp-content\/uploads\/2017\/06\/HSanchez-ECouncil.png\" alt=\"\" width=\"315\" height=\"225\" \/><\/a><p id=\"caption-attachment-10812\" class=\"wp-caption-text\">Pasteur Hector Sanchez d\u00e9clare que sans le d\u00e9vouement des anciens d\u2019\u00e9glise dans toute la DIA, les \u00e9glises ne fonctionneraient pas normalement parce que les pasteurs auraient \u00e0 charge cinq, dix, quinze voire vingt \u00e9glises.<\/p><\/div>\n<p>\u00ab Nous pensons qu\u2019il est important de vous motiver, chers anciens, \u00e0 rechercher un r\u00e9veil spirituel personnel, de telle sorte qu\u2019\u00e0 leur tour vos familles, l\u2019\u00e9glise et la communaut\u00e9 puissent \u00eatre plus fortes dans la r\u00e9alisation de la mission et soient pr\u00eates pour l\u2019\u00e9ternit\u00e9, \u00bb a d\u00e9clar\u00e9 pasteur Hector Sanchez, secr\u00e9taire de l\u2019association pastorale pour l\u2019Eglise Adventiste en Inter Am\u00e9rique, alors qu\u2019il accueillait les internautes.<\/p>\n<p>Le programme de 75 minutes a mis en lumi\u00e8re le r\u00f4le de l\u2019ancien d\u2019\u00e9glise en tant que proche partenaire dans la direction des activit\u00e9s spirituelles de l\u2019\u00e9glise, ou lorsqu\u2019il s\u2019agit de d\u2019amener les membres \u00e0 avoir une relation plus \u00e9troite avec le Seigneur, ou encore d\u2019aller \u00e0 la recherche de ceux qui sont dans le besoin, de s\u2019impliquer dans des campagnes d\u2019\u00e9vang\u00e9lisation, d\u2019accompagner un pasteur qui commence dans une nouvelle congr\u00e9gation, et bien plus encore.<\/p>\n<p>Le pr\u00e9sident de la DIA, pasteur Isra\u00ebl Leito, a invit\u00e9 les anciens d\u2019\u00e9glise \u00e0 continuer de chercher des \u00e2mes en tant que disciples choisis et p\u00eacheurs d\u2019hommes, faisant ainsi r\u00e9f\u00e9rence au passage de l\u2019Ecriture o\u00f9 J\u00e9sus a appel\u00e9 Ses disciples.<\/p>\n<p>\u00ab Vous avez \u00e9t\u00e9 choisis par votre \u00e9glise pour servir non seulement dans le gain des \u00e2mes mais aussi dans la fid\u00e9lisation des membres, suivant l\u2019exemple de J\u00e9sus, \u00bb a dit pasteur Leito. \u00ab Consid\u00e9rez votre appel \u00e0 servir en tant que leader spirituel pour le peuple de Dieu, transformant des vies. \u00bb<\/p>\n<div id=\"attachment_10813\" style=\"width: 325px\" class=\"wp-caption alignright\"><a href=\"\/interamerica\/wp-content\/uploads\/2017\/06\/ECouncil-Herrera.png\" rel=\"fancybox\" title=\"Inter Am\u00e9rique : Les anciens d\u2019\u00e9glise invit\u00e9s lors du concile en ligne \u00e0 poursuivre la recherche du r\u00e9veil spirituel\"><img decoding=\"async\" aria-describedby=\"caption-attachment-10813\" class=\"size-full wp-image-10813\" src=\"\/interamerica\/wp-content\/uploads\/2017\/06\/ECouncil-Herrera.png\" alt=\"\" width=\"315\" height=\"232\" \/><\/a><p id=\"caption-attachment-10813\" class=\"wp-caption-text\">\u00ab Un ancien d\u2019\u00e9glise qui vit le r\u00e9veil placera les membres au centre des programmes spirituels, des initiatives et des activit\u00e9s, parce que le salut de nos membres d\u2019\u00e9glise est plus important que notre croissance num\u00e9rique, \u00bb a d\u00e9clar\u00e9 le coordinateur du r\u00e9veil et de la r\u00e9forme pour l\u2019Inter Am\u00e9rique, pasteur Roberto Herrera, au cours du programme en direct.<\/p><\/div>\n<p>Pour transformer des vies, il faut un r\u00e9veil spirituel, a dit pasteur Roberto Herrera, coordinateur du r\u00e9veil et de la r\u00e9forme pour l\u2019Eglise Adventiste en Inter Am\u00e9rique, alors qu\u2019il s\u2019adressait aux internautes.<\/p>\n<p>\u00ab La sant\u00e9 spirituelle de l\u2019\u00e9glise devrait \u00eatre notre principale priorit\u00e9 alors que nous pr\u00e9parons chaque membre pour le r\u00e9veil, \u00bb a d\u00e9clar\u00e9 pasteur Herrera. \u00ab Un ancien d\u2019\u00e9glise qui vit le r\u00e9veil placera les membres au centre des programmes spirituels, des initiatives et des activit\u00e9s, parce que le salut de nos membres d\u2019\u00e9glise est plus important que notre croissance num\u00e9rique, \u00bb<\/p>\n<p>Un ancien qui fait l\u2019exp\u00e9rience du r\u00e9veil spirituel sera pleinement convaincu de la n\u00e9cessit\u00e9 d\u2019enseigner l\u2019\u00e9glise \u00e0 partir de la parole de Dieu et de promouvoir une vie de pri\u00e8re quotidienne, a ajout\u00e9 pasteur Herrera.<\/p>\n<p>D\u2019apr\u00e8s pasteur Sanchez, une \u00e9troite relation avec Dieu par la pri\u00e8re et l\u2019\u00e9tude de la Bible consolidera les membres d\u2019\u00e9glise gr\u00e2ce au travail des anciens d\u2019\u00e9glise en partenariat avec les pasteurs.<\/p>\n<div id=\"attachment_10814\" style=\"width: 325px\" class=\"wp-caption alignleft\"><a href=\"\/interamerica\/wp-content\/uploads\/2017\/06\/EC-quartet.png\" rel=\"fancybox\" title=\"Inter Am\u00e9rique : Les anciens d\u2019\u00e9glise invit\u00e9s lors du concile en ligne \u00e0 poursuivre la recherche du r\u00e9veil spirituel\"><img loading=\"lazy\" decoding=\"async\" aria-describedby=\"caption-attachment-10814\" class=\"size-full wp-image-10814\" src=\"\/interamerica\/wp-content\/uploads\/2017\/06\/EC-quartet.png\" alt=\"\" width=\"315\" height=\"189\" \/><\/a><p id=\"caption-attachment-10814\" class=\"wp-caption-text\">Un quartet de l\u2019\u00e9glise Adventiste Miami Temple chante durant le programme en ligne.<\/p><\/div>\n<p>Appr\u00e9cier le travail des anciens d\u2019\u00e9glise va au del\u00e0 de ce que les mots peuvent exprimer, a dit pasteur Sanchez. \u00ab Sans nos anciens d\u2019\u00e9glise, nos \u00e9glises ne pourraient tout simplement pas fonctionner correctement, parce que nos pasteurs auraient la charge de cinq, dix, quinze et parfois m\u00eame vingt \u00e9glises, mais les anciens d\u2019\u00e9glise tiennent le fort, a dit pasteur Sanchez.<\/p>\n<p>Le programme a \u00e9t\u00e9 l\u2019occasion de lancer officiellement la \u00ab Journ\u00e9e de l\u2019Ancien, \u00bb une date sp\u00e9ciale mise \u00e0 part par l\u2019Eglise Adventiste en Inter Am\u00e9rique chaque ann\u00e9e, le dernier sabbat de f\u00e9vrier, pour honorer le travail des anciens d\u2019\u00e9glise.<\/p>\n<p>Le programme a constitu\u00e9 un temps de r\u00e9flexion, d\u2019inspiration et de motivation dans le cadre des activit\u00e9s de formation continue mises en place par l\u2019\u00e9glise au cours de l\u2019ann\u00e9e de l\u2019\u00e9ducation non formelle \u00e0 travers le territoire de la Division Inter Am\u00e9ricaine (DIA).<\/p>\n<p>Pour voir le concile des anciens en ligne, cliquez <a href=\"http:\/\/vimeo.com\/87684877\">ICI<\/a><\/p>\n<p>Traduction: Patrick Luciathe<\/p>\n","protected":false},"excerpt":{"rendered":"<p>L\u2019Eglise Adventiste du Septi\u00e8me jour en Inter Am\u00e9rique a tenu un programme sp\u00e9cial le weekend dernier afin d\u2019exprimer son appr\u00e9ciation \u00e0 l\u2019endroit des pr\u00e8s de  300000 anciens d\u2019\u00e9glise qui officient dans les quelques 19000 congr\u00e9gations dans l\u2019ensemble du territoire. Le programme a \u00e9t\u00e9 diffus\u00e9 en direct sur le web le 22 f\u00e9vrier 2014 depuis Miami en Floride.<\/p>\n","protected":false},"author":1,"featured_media":22679,"comment_status":"closed","ping_status":"closed","sticky":false,"template":"","format":"standard","meta":{"_acf_changed":false,"footnotes":""},"categories":[20],"tags":[],"class_list":["post-31888","post","type-post","status-publish","format-standard","has-post-thumbnail","hentry","category-nouvelles-du-siege-de-la-division"],"acf":[],"yoast_head":"<!-- This site is optimized with the Yoast SEO plugin v27.3 - https:\/\/yoast.com\/product\/yoast-seo-wordpress\/ -->\n<title>Inter Am\u00e9rique : Les anciens d\u2019\u00e9glise invit\u00e9s lors du concile en ligne \u00e0 poursuivre la recherche du r\u00e9veil spirituel - \u00c9glise Adventiste Du Septieme Jour - Inter Am\u00e9rique Division<\/title>\n<meta name=\"robots\" content=\"index, follow, max-snippet:-1, max-image-preview:large, max-video-preview:-1\" \/>\n<link rel=\"canonical\" href=\"https:\/\/interamerica.org\/fr\/2014\/02\/inter-amerique-les-anciens-deglise-invites-lors-du-concile-en-ligne-a-poursuivre-la-recherche-du-reveil-spirituel\/\" \/>\n<meta property=\"og:locale\" content=\"fr_FR\" \/>\n<meta property=\"og:type\" content=\"article\" \/>\n<meta property=\"og:title\" content=\"Inter Am\u00e9rique : Les anciens d\u2019\u00e9glise invit\u00e9s lors du concile en ligne \u00e0 poursuivre la recherche du r\u00e9veil spirituel - \u00c9glise Adventiste Du Septieme Jour - Inter Am\u00e9rique Division\" \/>\n<meta property=\"og:description\" content=\"L\u2019Eglise Adventiste du Septi\u00e8me jour en Inter Am\u00e9rique a tenu un programme sp\u00e9cial le weekend dernier afin d\u2019exprimer son appr\u00e9ciation \u00e0 l\u2019endroit des pr\u00e8s de 300000 anciens d\u2019\u00e9glise qui officient dans les quelques 19000 congr\u00e9gations dans l\u2019ensemble du territoire. Le programme a \u00e9t\u00e9 diffus\u00e9 en direct sur le web le 22 f\u00e9vrier 2014 depuis Miami en Floride.\" \/>\n<meta property=\"og:url\" content=\"https:\/\/interamerica.org\/fr\/2014\/02\/inter-amerique-les-anciens-deglise-invites-lors-du-concile-en-ligne-a-poursuivre-la-recherche-du-reveil-spirituel\/\" \/>\n<meta property=\"og:site_name\" content=\"\u00c9glise Adventiste Du Septieme Jour - Inter Am\u00e9rique Division\" \/>\n<meta property=\"article:published_time\" content=\"2014-02-28T04:00:00+00:00\" \/>\n<meta property=\"og:image\" content=\"https:\/\/interamerica.org\/wp-content\/uploads\/2017\/06\/ElderscouncilLarge.png\" \/>\n\t<meta property=\"og:image:width\" content=\"590\" \/>\n\t<meta property=\"og:image:height\" content=\"365\" \/>\n\t<meta property=\"og:image:type\" content=\"image\/png\" \/>\n<meta name=\"author\" content=\"Lorenzo Verduzco\" \/>\n<meta name=\"twitter:card\" content=\"summary_large_image\" \/>\n<meta name=\"twitter:label1\" content=\"\u00c9crit par\" \/>\n\t<meta name=\"twitter:data1\" content=\"Lorenzo Verduzco\" \/>\n\t<meta name=\"twitter:label2\" content=\"Dur\u00e9e de lecture estim\u00e9e\" \/>\n\t<meta name=\"twitter:data2\" content=\"5 minutes\" \/>\n<script type=\"application\/ld+json\" class=\"yoast-schema-graph\">{\"@context\":\"https:\\\/\\\/schema.org\",\"@graph\":[{\"@type\":\"Article\",\"@id\":\"https:\\\/\\\/interamerica.org\\\/fr\\\/2014\\\/02\\\/inter-amerique-les-anciens-deglise-invites-lors-du-concile-en-ligne-a-poursuivre-la-recherche-du-reveil-spirituel\\\/#article\",\"isPartOf\":{\"@id\":\"https:\\\/\\\/interamerica.org\\\/fr\\\/2014\\\/02\\\/inter-amerique-les-anciens-deglise-invites-lors-du-concile-en-ligne-a-poursuivre-la-recherche-du-reveil-spirituel\\\/\"},\"author\":{\"name\":\"Lorenzo Verduzco\",\"@id\":\"https:\\\/\\\/interamerica.org\\\/fr\\\/#\\\/schema\\\/person\\\/68ede8bdc292885bb76c1e3810e73c39\"},\"headline\":\"Inter Am\u00e9rique : Les anciens d\u2019\u00e9glise invit\u00e9s lors du concile en ligne \u00e0 poursuivre la recherche du r\u00e9veil spirituel\",\"datePublished\":\"2014-02-28T04:00:00+00:00\",\"mainEntityOfPage\":{\"@id\":\"https:\\\/\\\/interamerica.org\\\/fr\\\/2014\\\/02\\\/inter-amerique-les-anciens-deglise-invites-lors-du-concile-en-ligne-a-poursuivre-la-recherche-du-reveil-spirituel\\\/\"},\"wordCount\":953,\"image\":{\"@id\":\"https:\\\/\\\/interamerica.org\\\/fr\\\/2014\\\/02\\\/inter-amerique-les-anciens-deglise-invites-lors-du-concile-en-ligne-a-poursuivre-la-recherche-du-reveil-spirituel\\\/#primaryimage\"},\"thumbnailUrl\":\"https:\\\/\\\/interamerica.org\\\/wp-content\\\/uploads\\\/2017\\\/06\\\/ElderscouncilLarge.png\",\"articleSection\":[\"Nouvelles du si\u00e8ge de la division\"],\"inLanguage\":\"fr-FR\"},{\"@type\":\"WebPage\",\"@id\":\"https:\\\/\\\/interamerica.org\\\/fr\\\/2014\\\/02\\\/inter-amerique-les-anciens-deglise-invites-lors-du-concile-en-ligne-a-poursuivre-la-recherche-du-reveil-spirituel\\\/\",\"url\":\"https:\\\/\\\/interamerica.org\\\/fr\\\/2014\\\/02\\\/inter-amerique-les-anciens-deglise-invites-lors-du-concile-en-ligne-a-poursuivre-la-recherche-du-reveil-spirituel\\\/\",\"name\":\"Inter Am\u00e9rique : Les anciens d\u2019\u00e9glise invit\u00e9s lors du concile en ligne \u00e0 poursuivre la recherche du r\u00e9veil spirituel - \u00c9glise Adventiste Du Septieme Jour - Inter Am\u00e9rique Division\",\"isPartOf\":{\"@id\":\"https:\\\/\\\/interamerica.org\\\/fr\\\/#website\"},\"primaryImageOfPage\":{\"@id\":\"https:\\\/\\\/interamerica.org\\\/fr\\\/2014\\\/02\\\/inter-amerique-les-anciens-deglise-invites-lors-du-concile-en-ligne-a-poursuivre-la-recherche-du-reveil-spirituel\\\/#primaryimage\"},\"image\":{\"@id\":\"https:\\\/\\\/interamerica.org\\\/fr\\\/2014\\\/02\\\/inter-amerique-les-anciens-deglise-invites-lors-du-concile-en-ligne-a-poursuivre-la-recherche-du-reveil-spirituel\\\/#primaryimage\"},\"thumbnailUrl\":\"https:\\\/\\\/interamerica.org\\\/wp-content\\\/uploads\\\/2017\\\/06\\\/ElderscouncilLarge.png\",\"datePublished\":\"2014-02-28T04:00:00+00:00\",\"author\":{\"@id\":\"https:\\\/\\\/interamerica.org\\\/fr\\\/#\\\/schema\\\/person\\\/68ede8bdc292885bb76c1e3810e73c39\"},\"breadcrumb\":{\"@id\":\"https:\\\/\\\/interamerica.org\\\/fr\\\/2014\\\/02\\\/inter-amerique-les-anciens-deglise-invites-lors-du-concile-en-ligne-a-poursuivre-la-recherche-du-reveil-spirituel\\\/#breadcrumb\"},\"inLanguage\":\"fr-FR\",\"potentialAction\":[{\"@type\":\"ReadAction\",\"target\":[\"https:\\\/\\\/interamerica.org\\\/fr\\\/2014\\\/02\\\/inter-amerique-les-anciens-deglise-invites-lors-du-concile-en-ligne-a-poursuivre-la-recherche-du-reveil-spirituel\\\/\"]}]},{\"@type\":\"ImageObject\",\"inLanguage\":\"fr-FR\",\"@id\":\"https:\\\/\\\/interamerica.org\\\/fr\\\/2014\\\/02\\\/inter-amerique-les-anciens-deglise-invites-lors-du-concile-en-ligne-a-poursuivre-la-recherche-du-reveil-spirituel\\\/#primaryimage\",\"url\":\"https:\\\/\\\/interamerica.org\\\/wp-content\\\/uploads\\\/2017\\\/06\\\/ElderscouncilLarge.png\",\"contentUrl\":\"https:\\\/\\\/interamerica.org\\\/wp-content\\\/uploads\\\/2017\\\/06\\\/ElderscouncilLarge.png\",\"width\":590,\"height\":365},{\"@type\":\"BreadcrumbList\",\"@id\":\"https:\\\/\\\/interamerica.org\\\/fr\\\/2014\\\/02\\\/inter-amerique-les-anciens-deglise-invites-lors-du-concile-en-ligne-a-poursuivre-la-recherche-du-reveil-spirituel\\\/#breadcrumb\",\"itemListElement\":[{\"@type\":\"ListItem\",\"position\":1,\"name\":\"Home\",\"item\":\"https:\\\/\\\/interamerica.org\\\/fr\\\/\"},{\"@type\":\"ListItem\",\"position\":2,\"name\":\"Inter Am\u00e9rique : Les anciens d\u2019\u00e9glise invit\u00e9s lors du concile en ligne \u00e0 poursuivre la recherche du r\u00e9veil spirituel\"}]},{\"@type\":\"WebSite\",\"@id\":\"https:\\\/\\\/interamerica.org\\\/fr\\\/#website\",\"url\":\"https:\\\/\\\/interamerica.org\\\/fr\\\/\",\"name\":\"\u00c9glise Adventiste Du Septieme Jour - Inter Am\u00e9rique Division\",\"description\":\"\",\"potentialAction\":[{\"@type\":\"SearchAction\",\"target\":{\"@type\":\"EntryPoint\",\"urlTemplate\":\"https:\\\/\\\/interamerica.org\\\/fr\\\/?s={search_term_string}\"},\"query-input\":{\"@type\":\"PropertyValueSpecification\",\"valueRequired\":true,\"valueName\":\"search_term_string\"}}],\"inLanguage\":\"fr-FR\"},{\"@type\":\"Person\",\"@id\":\"https:\\\/\\\/interamerica.org\\\/fr\\\/#\\\/schema\\\/person\\\/68ede8bdc292885bb76c1e3810e73c39\",\"name\":\"Lorenzo Verduzco\",\"image\":{\"@type\":\"ImageObject\",\"inLanguage\":\"fr-FR\",\"@id\":\"https:\\\/\\\/secure.gravatar.com\\\/avatar\\\/fb81a55b6218459490a9c1dc841a34909185b81904c5337b4b27f7a6fd60c49e?s=96&d=mm&r=g\",\"url\":\"https:\\\/\\\/secure.gravatar.com\\\/avatar\\\/fb81a55b6218459490a9c1dc841a34909185b81904c5337b4b27f7a6fd60c49e?s=96&d=mm&r=g\",\"contentUrl\":\"https:\\\/\\\/secure.gravatar.com\\\/avatar\\\/fb81a55b6218459490a9c1dc841a34909185b81904c5337b4b27f7a6fd60c49e?s=96&d=mm&r=g\",\"caption\":\"Lorenzo Verduzco\"}}]}<\/script>\n<!-- \/ Yoast SEO plugin. -->","yoast_head_json":{"title":"Inter Am\u00e9rique : Les anciens d\u2019\u00e9glise invit\u00e9s lors du concile en ligne \u00e0 poursuivre la recherche du r\u00e9veil spirituel - \u00c9glise Adventiste Du Septieme Jour - Inter Am\u00e9rique Division","robots":{"index":"index","follow":"follow","max-snippet":"max-snippet:-1","max-image-preview":"max-image-preview:large","max-video-preview":"max-video-preview:-1"},"canonical":"https:\/\/interamerica.org\/fr\/2014\/02\/inter-amerique-les-anciens-deglise-invites-lors-du-concile-en-ligne-a-poursuivre-la-recherche-du-reveil-spirituel\/","og_locale":"fr_FR","og_type":"article","og_title":"Inter Am\u00e9rique : Les anciens d\u2019\u00e9glise invit\u00e9s lors du concile en ligne \u00e0 poursuivre la recherche du r\u00e9veil spirituel - \u00c9glise Adventiste Du Septieme Jour - Inter Am\u00e9rique Division","og_description":"L\u2019Eglise Adventiste du Septi\u00e8me jour en Inter Am\u00e9rique a tenu un programme sp\u00e9cial le weekend dernier afin d\u2019exprimer son appr\u00e9ciation \u00e0 l\u2019endroit des pr\u00e8s de 300000 anciens d\u2019\u00e9glise qui officient dans les quelques 19000 congr\u00e9gations dans l\u2019ensemble du territoire. Le programme a \u00e9t\u00e9 diffus\u00e9 en direct sur le web le 22 f\u00e9vrier 2014 depuis Miami en Floride.","og_url":"https:\/\/interamerica.org\/fr\/2014\/02\/inter-amerique-les-anciens-deglise-invites-lors-du-concile-en-ligne-a-poursuivre-la-recherche-du-reveil-spirituel\/","og_site_name":"\u00c9glise Adventiste Du Septieme Jour - Inter Am\u00e9rique Division","article_published_time":"2014-02-28T04:00:00+00:00","og_image":[{"width":590,"height":365,"url":"https:\/\/interamerica.org\/wp-content\/uploads\/2017\/06\/ElderscouncilLarge.png","type":"image\/png"}],"author":"Lorenzo Verduzco","twitter_card":"summary_large_image","twitter_misc":{"\u00c9crit par":"Lorenzo Verduzco","Dur\u00e9e de lecture estim\u00e9e":"5 minutes"},"schema":{"@context":"https:\/\/schema.org","@graph":[{"@type":"Article","@id":"https:\/\/interamerica.org\/fr\/2014\/02\/inter-amerique-les-anciens-deglise-invites-lors-du-concile-en-ligne-a-poursuivre-la-recherche-du-reveil-spirituel\/#article","isPartOf":{"@id":"https:\/\/interamerica.org\/fr\/2014\/02\/inter-amerique-les-anciens-deglise-invites-lors-du-concile-en-ligne-a-poursuivre-la-recherche-du-reveil-spirituel\/"},"author":{"name":"Lorenzo Verduzco","@id":"https:\/\/interamerica.org\/fr\/#\/schema\/person\/68ede8bdc292885bb76c1e3810e73c39"},"headline":"Inter Am\u00e9rique : Les anciens d\u2019\u00e9glise invit\u00e9s lors du concile en ligne \u00e0 poursuivre la recherche du r\u00e9veil spirituel","datePublished":"2014-02-28T04:00:00+00:00","mainEntityOfPage":{"@id":"https:\/\/interamerica.org\/fr\/2014\/02\/inter-amerique-les-anciens-deglise-invites-lors-du-concile-en-ligne-a-poursuivre-la-recherche-du-reveil-spirituel\/"},"wordCount":953,"image":{"@id":"https:\/\/interamerica.org\/fr\/2014\/02\/inter-amerique-les-anciens-deglise-invites-lors-du-concile-en-ligne-a-poursuivre-la-recherche-du-reveil-spirituel\/#primaryimage"},"thumbnailUrl":"https:\/\/interamerica.org\/wp-content\/uploads\/2017\/06\/ElderscouncilLarge.png","articleSection":["Nouvelles du si\u00e8ge de la division"],"inLanguage":"fr-FR"},{"@type":"WebPage","@id":"https:\/\/interamerica.org\/fr\/2014\/02\/inter-amerique-les-anciens-deglise-invites-lors-du-concile-en-ligne-a-poursuivre-la-recherche-du-reveil-spirituel\/","url":"https:\/\/interamerica.org\/fr\/2014\/02\/inter-amerique-les-anciens-deglise-invites-lors-du-concile-en-ligne-a-poursuivre-la-recherche-du-reveil-spirituel\/","name":"Inter Am\u00e9rique : Les anciens d\u2019\u00e9glise invit\u00e9s lors du concile en ligne \u00e0 poursuivre la recherche du r\u00e9veil spirituel - \u00c9glise Adventiste Du Septieme Jour - Inter Am\u00e9rique Division","isPartOf":{"@id":"https:\/\/interamerica.org\/fr\/#website"},"primaryImageOfPage":{"@id":"https:\/\/interamerica.org\/fr\/2014\/02\/inter-amerique-les-anciens-deglise-invites-lors-du-concile-en-ligne-a-poursuivre-la-recherche-du-reveil-spirituel\/#primaryimage"},"image":{"@id":"https:\/\/interamerica.org\/fr\/2014\/02\/inter-amerique-les-anciens-deglise-invites-lors-du-concile-en-ligne-a-poursuivre-la-recherche-du-reveil-spirituel\/#primaryimage"},"thumbnailUrl":"https:\/\/interamerica.org\/wp-content\/uploads\/2017\/06\/ElderscouncilLarge.png","datePublished":"2014-02-28T04:00:00+00:00","author":{"@id":"https:\/\/interamerica.org\/fr\/#\/schema\/person\/68ede8bdc292885bb76c1e3810e73c39"},"breadcrumb":{"@id":"https:\/\/interamerica.org\/fr\/2014\/02\/inter-amerique-les-anciens-deglise-invites-lors-du-concile-en-ligne-a-poursuivre-la-recherche-du-reveil-spirituel\/#breadcrumb"},"inLanguage":"fr-FR","potentialAction":[{"@type":"ReadAction","target":["https:\/\/interamerica.org\/fr\/2014\/02\/inter-amerique-les-anciens-deglise-invites-lors-du-concile-en-ligne-a-poursuivre-la-recherche-du-reveil-spirituel\/"]}]},{"@type":"ImageObject","inLanguage":"fr-FR","@id":"https:\/\/interamerica.org\/fr\/2014\/02\/inter-amerique-les-anciens-deglise-invites-lors-du-concile-en-ligne-a-poursuivre-la-recherche-du-reveil-spirituel\/#primaryimage","url":"https:\/\/interamerica.org\/wp-content\/uploads\/2017\/06\/ElderscouncilLarge.png","contentUrl":"https:\/\/interamerica.org\/wp-content\/uploads\/2017\/06\/ElderscouncilLarge.png","width":590,"height":365},{"@type":"BreadcrumbList","@id":"https:\/\/interamerica.org\/fr\/2014\/02\/inter-amerique-les-anciens-deglise-invites-lors-du-concile-en-ligne-a-poursuivre-la-recherche-du-reveil-spirituel\/#breadcrumb","itemListElement":[{"@type":"ListItem","position":1,"name":"Home","item":"https:\/\/interamerica.org\/fr\/"},{"@type":"ListItem","position":2,"name":"Inter Am\u00e9rique : Les anciens d\u2019\u00e9glise invit\u00e9s lors du concile en ligne \u00e0 poursuivre la recherche du r\u00e9veil spirituel"}]},{"@type":"WebSite","@id":"https:\/\/interamerica.org\/fr\/#website","url":"https:\/\/interamerica.org\/fr\/","name":"\u00c9glise Adventiste Du Septieme Jour - Inter Am\u00e9rique Division","description":"","potentialAction":[{"@type":"SearchAction","target":{"@type":"EntryPoint","urlTemplate":"https:\/\/interamerica.org\/fr\/?s={search_term_string}"},"query-input":{"@type":"PropertyValueSpecification","valueRequired":true,"valueName":"search_term_string"}}],"inLanguage":"fr-FR"},{"@type":"Person","@id":"https:\/\/interamerica.org\/fr\/#\/schema\/person\/68ede8bdc292885bb76c1e3810e73c39","name":"Lorenzo Verduzco","image":{"@type":"ImageObject","inLanguage":"fr-FR","@id":"https:\/\/secure.gravatar.com\/avatar\/fb81a55b6218459490a9c1dc841a34909185b81904c5337b4b27f7a6fd60c49e?s=96&d=mm&r=g","url":"https:\/\/secure.gravatar.com\/avatar\/fb81a55b6218459490a9c1dc841a34909185b81904c5337b4b27f7a6fd60c49e?s=96&d=mm&r=g","contentUrl":"https:\/\/secure.gravatar.com\/avatar\/fb81a55b6218459490a9c1dc841a34909185b81904c5337b4b27f7a6fd60c49e?s=96&d=mm&r=g","caption":"Lorenzo Verduzco"}}]}},"_links":{"self":[{"href":"https:\/\/interamerica.org\/fr\/wp-json\/wp\/v2\/posts\/31888","targetHints":{"allow":["GET"]}}],"collection":[{"href":"https:\/\/interamerica.org\/fr\/wp-json\/wp\/v2\/posts"}],"about":[{"href":"https:\/\/interamerica.org\/fr\/wp-json\/wp\/v2\/types\/post"}],"author":[{"embeddable":true,"href":"https:\/\/interamerica.org\/fr\/wp-json\/wp\/v2\/users\/1"}],"replies":[{"embeddable":true,"href":"https:\/\/interamerica.org\/fr\/wp-json\/wp\/v2\/comments?post=31888"}],"version-history":[{"count":0,"href":"https:\/\/interamerica.org\/fr\/wp-json\/wp\/v2\/posts\/31888\/revisions"}],"wp:featuredmedia":[{"embeddable":true,"href":"https:\/\/interamerica.org\/fr\/wp-json\/wp\/v2\/media\/22679"}],"wp:attachment":[{"href":"https:\/\/interamerica.org\/fr\/wp-json\/wp\/v2\/media?parent=31888"}],"wp:term":[{"taxonomy":"category","embeddable":true,"href":"https:\/\/interamerica.org\/fr\/wp-json\/wp\/v2\/categories?post=31888"},{"taxonomy":"post_tag","embeddable":true,"href":"https:\/\/interamerica.org\/fr\/wp-json\/wp\/v2\/tags?post=31888"}],"curies":[{"name":"wp","href":"https:\/\/api.w.org\/{rel}","templated":true}]}}