{"id":31889,"date":"2014-03-03T00:00:00","date_gmt":"2014-03-03T04:00:00","guid":{"rendered":"http:\/\/192.81.217.108\/interamerica\/2014\/03\/inter-amerique-la-direction-de-leglise-se-prepare-a-dialoguer-avec-les-etudiants-en-theologie\/"},"modified":"2014-03-03T00:00:00","modified_gmt":"2014-03-03T04:00:00","slug":"inter-amerique-la-direction-de-leglise-se-prepare-a-dialoguer-avec-les-etudiants-en-theologie","status":"publish","type":"post","link":"https:\/\/interamerica.org\/fr\/2014\/03\/inter-amerique-la-direction-de-leglise-se-prepare-a-dialoguer-avec-les-etudiants-en-theologie\/","title":{"rendered":"Inter Am\u00e9rique : La direction de l\u2019\u00e9glise se pr\u00e9pare \u00e0 dialoguer avec les \u00e9tudiants en th\u00e9ologie"},"content":{"rendered":"<p>2 mars 2014 \u2013 Miami, Floride, Etats Unis\u2026Libna Stevens\/DIA<\/p>\n<div id=\"attachment_10829\" style=\"width: 325px\" class=\"wp-caption alignleft\"><a href=\"\/interamerica\/wp-content\/uploads\/2017\/06\/TheologyStudentsFRENCH.png\" rel=\"fancybox\" title=\"Inter Am\u00e9rique : La direction de l\u2019\u00e9glise se pr\u00e9pare \u00e0 dialoguer avec les \u00e9tudiants en th\u00e9ologie\"><img fetchpriority=\"high\" decoding=\"async\" aria-describedby=\"caption-attachment-10829\" class=\"alignleft size-full wp-image-10835\" title=\"TheologyStudentsFRENCH\" src=\"\/interamerica\/wp-content\/uploads\/2017\/06\/TheologyStudentsFRENCH.png\" alt=\"\" width=\"315\" height=\"253\" \/><\/a><p id=\"caption-attachment-10829\" class=\"wp-caption-text\">Image d&rsquo;Abel Marquez\/IAD<\/p><\/div>\n<p>Les dirigeants de l\u2019Eglise Adventiste d Septi\u00e8me jour souhaitent parler aux \u00e9tudiants en th\u00e9ologie dans chacune des 12 universit\u00e9s Adventistes se trouvant sur le territoire de la Division Inter Am\u00e9ricaine (DIA) \u00e0 l\u2019occasion d\u2019un programme en ligne cette semaine.<\/p>\n<p>Le programme en ligne se d\u00e9roulera depuis le campus de l\u2019Universit\u00e9 de Montemorelos mardi 4 mars 2014, \u00e0 partir de 11h, heure de Miami sur le canal de diffusion web de l\u2019Inter Am\u00e9rique.<\/p>\n<p>\u00ab Les temps changent, et nous voulons parler aux pasteurs qui dirigeront l\u2019\u00e9glise demain, \u00bb a d\u00e9clar\u00e9 pasteur Hector Sanchez, secr\u00e9taire de l\u2019association pastorale pour l\u2019Eglise Adventiste en Inter Am\u00e9rique et organisateur du programme. \u00ab Nous souhaitons que cette pr\u00e9cieuse ressource que l\u2019\u00e9glise dans la DIA a contribu\u00e9 \u00e0 \u00e9duquer, connaisse davantage les r\u00e9alit\u00e9s du minist\u00e8re pastoral, ce dans quoi ils vont entrer quand ils d\u00e9buteront leur minist\u00e8re. \u00bb<\/p>\n<p>Alors que les pasteurs entrent dans le champ, plusieurs auront \u00e0 d\u00e9m\u00e9nager pour s\u2019\u00e9tablir dans des endroits retir\u00e9s, et aussi \u00e0 diriger plusieurs congr\u00e9gations et commencer une vie de famille tout en apprenant les bases du minist\u00e8re, a expliqu\u00e9 pasteur Sanchez.<\/p>\n<p>\u00ab Nous voulons que nos pasteurs sachent \u00e0 quoi s\u2019attendre lorsqu\u2019ils entreront dans le minist\u00e8re, \u00bb a t-il poursuivi, \u00ab ce qu\u2019est la croissance de l\u2019\u00e9glise dans la DIA, leur r\u00f4le en tant qu\u2019\u00e9vang\u00e9listes, leur responsabilit\u00e9 dans la motivation des membres \u00e0 se d\u00e9velopper \u00e0 travers le minist\u00e8re des petits groupes, le r\u00f4le de l\u2019\u00e9pouse du pasteur et bien plus. \u00bb<\/p>\n<p>Le programme d\u2019une heure et demie permettra dentendre des intervenants invit\u00e9s, de suivre un forum avec un panel, et de participer \u00e0 des sessions sp\u00e9ciales de pri\u00e8res, et bien plus encore.<\/p>\n<p>Branchez vous pour regarder le programme en direct, mardi 4 mars \u00e0 11h, heure de Miami. Le programme sera diffus\u00e9 en anglais, espagnol et fran\u00e7ais sur notre canal web <a href=\"http:\/\/webcast.interamerica.org\/francais\">ICI<\/a><\/p>\n<p>Traduction: Patrick Luciathe<\/p>\n","protected":false},"excerpt":{"rendered":"<p>Les dirigeants de l\u2019Eglise Adventiste d Septi\u00e8me jour souhaitent parler aux \u00e9tudiants en th\u00e9ologie dans chacune des 12 universit\u00e9s Adventistes se trouvant sur le territoire de la Division Inter Am\u00e9ricaine (DIA) \u00e0 l\u2019occasion d\u2019un programme en ligne cette semaine.<\/p>\n","protected":false},"author":1,"featured_media":31890,"comment_status":"closed","ping_status":"closed","sticky":false,"template":"","format":"standard","meta":{"_acf_changed":false,"footnotes":""},"categories":[20],"tags":[],"class_list":["post-31889","post","type-post","status-publish","format-standard","has-post-thumbnail","hentry","category-nouvelles-du-siege-de-la-division"],"acf":[],"yoast_head":"<!-- This site is optimized with the Yoast SEO plugin v27.3 - https:\/\/yoast.com\/product\/yoast-seo-wordpress\/ -->\n<title>Inter Am\u00e9rique : La direction de l\u2019\u00e9glise se pr\u00e9pare \u00e0 dialoguer avec les \u00e9tudiants en th\u00e9ologie - \u00c9glise Adventiste Du Septieme Jour - Inter Am\u00e9rique Division<\/title>\n<meta name=\"robots\" content=\"index, follow, max-snippet:-1, max-image-preview:large, max-video-preview:-1\" \/>\n<link rel=\"canonical\" href=\"https:\/\/interamerica.org\/fr\/2014\/03\/inter-amerique-la-direction-de-leglise-se-prepare-a-dialoguer-avec-les-etudiants-en-theologie\/\" \/>\n<meta property=\"og:locale\" content=\"fr_FR\" \/>\n<meta property=\"og:type\" content=\"article\" \/>\n<meta property=\"og:title\" content=\"Inter Am\u00e9rique : La direction de l\u2019\u00e9glise se pr\u00e9pare \u00e0 dialoguer avec les \u00e9tudiants en th\u00e9ologie - \u00c9glise Adventiste Du Septieme Jour - Inter Am\u00e9rique Division\" \/>\n<meta property=\"og:description\" content=\"Les dirigeants de l\u2019Eglise Adventiste d Septi\u00e8me jour souhaitent parler aux \u00e9tudiants en th\u00e9ologie dans chacune des 12 universit\u00e9s Adventistes se trouvant sur le territoire de la Division Inter Am\u00e9ricaine (DIA) \u00e0 l\u2019occasion d\u2019un programme en ligne cette semaine.\" \/>\n<meta property=\"og:url\" content=\"https:\/\/interamerica.org\/fr\/2014\/03\/inter-amerique-la-direction-de-leglise-se-prepare-a-dialoguer-avec-les-etudiants-en-theologie\/\" \/>\n<meta property=\"og:site_name\" content=\"\u00c9glise Adventiste Du Septieme Jour - Inter Am\u00e9rique Division\" \/>\n<meta property=\"article:published_time\" content=\"2014-03-03T04:00:00+00:00\" \/>\n<meta property=\"og:image\" content=\"https:\/\/interamerica.org\/wp-content\/uploads\/2017\/06\/TheologyStudentsFRENCH.png\" \/>\n\t<meta property=\"og:image:width\" content=\"315\" \/>\n\t<meta property=\"og:image:height\" content=\"253\" \/>\n\t<meta property=\"og:image:type\" content=\"image\/png\" \/>\n<meta name=\"author\" content=\"Lorenzo Verduzco\" \/>\n<meta name=\"twitter:card\" content=\"summary_large_image\" \/>\n<meta name=\"twitter:label1\" content=\"\u00c9crit par\" \/>\n\t<meta name=\"twitter:data1\" content=\"Lorenzo Verduzco\" \/>\n\t<meta name=\"twitter:label2\" content=\"Dur\u00e9e de lecture estim\u00e9e\" \/>\n\t<meta name=\"twitter:data2\" content=\"2 minutes\" \/>\n<script type=\"application\/ld+json\" class=\"yoast-schema-graph\">{\"@context\":\"https:\\\/\\\/schema.org\",\"@graph\":[{\"@type\":\"Article\",\"@id\":\"https:\\\/\\\/interamerica.org\\\/fr\\\/2014\\\/03\\\/inter-amerique-la-direction-de-leglise-se-prepare-a-dialoguer-avec-les-etudiants-en-theologie\\\/#article\",\"isPartOf\":{\"@id\":\"https:\\\/\\\/interamerica.org\\\/fr\\\/2014\\\/03\\\/inter-amerique-la-direction-de-leglise-se-prepare-a-dialoguer-avec-les-etudiants-en-theologie\\\/\"},\"author\":{\"name\":\"Lorenzo Verduzco\",\"@id\":\"https:\\\/\\\/interamerica.org\\\/fr\\\/#\\\/schema\\\/person\\\/68ede8bdc292885bb76c1e3810e73c39\"},\"headline\":\"Inter Am\u00e9rique : La direction de l\u2019\u00e9glise se pr\u00e9pare \u00e0 dialoguer avec les \u00e9tudiants en th\u00e9ologie\",\"datePublished\":\"2014-03-03T04:00:00+00:00\",\"mainEntityOfPage\":{\"@id\":\"https:\\\/\\\/interamerica.org\\\/fr\\\/2014\\\/03\\\/inter-amerique-la-direction-de-leglise-se-prepare-a-dialoguer-avec-les-etudiants-en-theologie\\\/\"},\"wordCount\":370,\"image\":{\"@id\":\"https:\\\/\\\/interamerica.org\\\/fr\\\/2014\\\/03\\\/inter-amerique-la-direction-de-leglise-se-prepare-a-dialoguer-avec-les-etudiants-en-theologie\\\/#primaryimage\"},\"thumbnailUrl\":\"https:\\\/\\\/interamerica.org\\\/wp-content\\\/uploads\\\/2017\\\/06\\\/TheologyStudentsFRENCH.png\",\"articleSection\":[\"Nouvelles du si\u00e8ge de la division\"],\"inLanguage\":\"fr-FR\"},{\"@type\":\"WebPage\",\"@id\":\"https:\\\/\\\/interamerica.org\\\/fr\\\/2014\\\/03\\\/inter-amerique-la-direction-de-leglise-se-prepare-a-dialoguer-avec-les-etudiants-en-theologie\\\/\",\"url\":\"https:\\\/\\\/interamerica.org\\\/fr\\\/2014\\\/03\\\/inter-amerique-la-direction-de-leglise-se-prepare-a-dialoguer-avec-les-etudiants-en-theologie\\\/\",\"name\":\"Inter Am\u00e9rique : La direction de l\u2019\u00e9glise se pr\u00e9pare \u00e0 dialoguer avec les \u00e9tudiants en th\u00e9ologie - \u00c9glise Adventiste Du Septieme Jour - Inter Am\u00e9rique Division\",\"isPartOf\":{\"@id\":\"https:\\\/\\\/interamerica.org\\\/fr\\\/#website\"},\"primaryImageOfPage\":{\"@id\":\"https:\\\/\\\/interamerica.org\\\/fr\\\/2014\\\/03\\\/inter-amerique-la-direction-de-leglise-se-prepare-a-dialoguer-avec-les-etudiants-en-theologie\\\/#primaryimage\"},\"image\":{\"@id\":\"https:\\\/\\\/interamerica.org\\\/fr\\\/2014\\\/03\\\/inter-amerique-la-direction-de-leglise-se-prepare-a-dialoguer-avec-les-etudiants-en-theologie\\\/#primaryimage\"},\"thumbnailUrl\":\"https:\\\/\\\/interamerica.org\\\/wp-content\\\/uploads\\\/2017\\\/06\\\/TheologyStudentsFRENCH.png\",\"datePublished\":\"2014-03-03T04:00:00+00:00\",\"author\":{\"@id\":\"https:\\\/\\\/interamerica.org\\\/fr\\\/#\\\/schema\\\/person\\\/68ede8bdc292885bb76c1e3810e73c39\"},\"breadcrumb\":{\"@id\":\"https:\\\/\\\/interamerica.org\\\/fr\\\/2014\\\/03\\\/inter-amerique-la-direction-de-leglise-se-prepare-a-dialoguer-avec-les-etudiants-en-theologie\\\/#breadcrumb\"},\"inLanguage\":\"fr-FR\",\"potentialAction\":[{\"@type\":\"ReadAction\",\"target\":[\"https:\\\/\\\/interamerica.org\\\/fr\\\/2014\\\/03\\\/inter-amerique-la-direction-de-leglise-se-prepare-a-dialoguer-avec-les-etudiants-en-theologie\\\/\"]}]},{\"@type\":\"ImageObject\",\"inLanguage\":\"fr-FR\",\"@id\":\"https:\\\/\\\/interamerica.org\\\/fr\\\/2014\\\/03\\\/inter-amerique-la-direction-de-leglise-se-prepare-a-dialoguer-avec-les-etudiants-en-theologie\\\/#primaryimage\",\"url\":\"https:\\\/\\\/interamerica.org\\\/wp-content\\\/uploads\\\/2017\\\/06\\\/TheologyStudentsFRENCH.png\",\"contentUrl\":\"https:\\\/\\\/interamerica.org\\\/wp-content\\\/uploads\\\/2017\\\/06\\\/TheologyStudentsFRENCH.png\",\"width\":315,\"height\":253},{\"@type\":\"BreadcrumbList\",\"@id\":\"https:\\\/\\\/interamerica.org\\\/fr\\\/2014\\\/03\\\/inter-amerique-la-direction-de-leglise-se-prepare-a-dialoguer-avec-les-etudiants-en-theologie\\\/#breadcrumb\",\"itemListElement\":[{\"@type\":\"ListItem\",\"position\":1,\"name\":\"Home\",\"item\":\"https:\\\/\\\/interamerica.org\\\/fr\\\/\"},{\"@type\":\"ListItem\",\"position\":2,\"name\":\"Inter Am\u00e9rique : La direction de l\u2019\u00e9glise se pr\u00e9pare \u00e0 dialoguer avec les \u00e9tudiants en th\u00e9ologie\"}]},{\"@type\":\"WebSite\",\"@id\":\"https:\\\/\\\/interamerica.org\\\/fr\\\/#website\",\"url\":\"https:\\\/\\\/interamerica.org\\\/fr\\\/\",\"name\":\"\u00c9glise Adventiste Du Septieme Jour - Inter Am\u00e9rique Division\",\"description\":\"\",\"potentialAction\":[{\"@type\":\"SearchAction\",\"target\":{\"@type\":\"EntryPoint\",\"urlTemplate\":\"https:\\\/\\\/interamerica.org\\\/fr\\\/?s={search_term_string}\"},\"query-input\":{\"@type\":\"PropertyValueSpecification\",\"valueRequired\":true,\"valueName\":\"search_term_string\"}}],\"inLanguage\":\"fr-FR\"},{\"@type\":\"Person\",\"@id\":\"https:\\\/\\\/interamerica.org\\\/fr\\\/#\\\/schema\\\/person\\\/68ede8bdc292885bb76c1e3810e73c39\",\"name\":\"Lorenzo Verduzco\",\"image\":{\"@type\":\"ImageObject\",\"inLanguage\":\"fr-FR\",\"@id\":\"https:\\\/\\\/secure.gravatar.com\\\/avatar\\\/fb81a55b6218459490a9c1dc841a34909185b81904c5337b4b27f7a6fd60c49e?s=96&d=mm&r=g\",\"url\":\"https:\\\/\\\/secure.gravatar.com\\\/avatar\\\/fb81a55b6218459490a9c1dc841a34909185b81904c5337b4b27f7a6fd60c49e?s=96&d=mm&r=g\",\"contentUrl\":\"https:\\\/\\\/secure.gravatar.com\\\/avatar\\\/fb81a55b6218459490a9c1dc841a34909185b81904c5337b4b27f7a6fd60c49e?s=96&d=mm&r=g\",\"caption\":\"Lorenzo Verduzco\"}}]}<\/script>\n<!-- \/ Yoast SEO plugin. -->","yoast_head_json":{"title":"Inter Am\u00e9rique : La direction de l\u2019\u00e9glise se pr\u00e9pare \u00e0 dialoguer avec les \u00e9tudiants en th\u00e9ologie - \u00c9glise Adventiste Du Septieme Jour - Inter Am\u00e9rique Division","robots":{"index":"index","follow":"follow","max-snippet":"max-snippet:-1","max-image-preview":"max-image-preview:large","max-video-preview":"max-video-preview:-1"},"canonical":"https:\/\/interamerica.org\/fr\/2014\/03\/inter-amerique-la-direction-de-leglise-se-prepare-a-dialoguer-avec-les-etudiants-en-theologie\/","og_locale":"fr_FR","og_type":"article","og_title":"Inter Am\u00e9rique : La direction de l\u2019\u00e9glise se pr\u00e9pare \u00e0 dialoguer avec les \u00e9tudiants en th\u00e9ologie - \u00c9glise Adventiste Du Septieme Jour - Inter Am\u00e9rique Division","og_description":"Les dirigeants de l\u2019Eglise Adventiste d Septi\u00e8me jour souhaitent parler aux \u00e9tudiants en th\u00e9ologie dans chacune des 12 universit\u00e9s Adventistes se trouvant sur le territoire de la Division Inter Am\u00e9ricaine (DIA) \u00e0 l\u2019occasion d\u2019un programme en ligne cette semaine.","og_url":"https:\/\/interamerica.org\/fr\/2014\/03\/inter-amerique-la-direction-de-leglise-se-prepare-a-dialoguer-avec-les-etudiants-en-theologie\/","og_site_name":"\u00c9glise Adventiste Du Septieme Jour - Inter Am\u00e9rique Division","article_published_time":"2014-03-03T04:00:00+00:00","og_image":[{"width":315,"height":253,"url":"https:\/\/interamerica.org\/wp-content\/uploads\/2017\/06\/TheologyStudentsFRENCH.png","type":"image\/png"}],"author":"Lorenzo Verduzco","twitter_card":"summary_large_image","twitter_misc":{"\u00c9crit par":"Lorenzo Verduzco","Dur\u00e9e de lecture estim\u00e9e":"2 minutes"},"schema":{"@context":"https:\/\/schema.org","@graph":[{"@type":"Article","@id":"https:\/\/interamerica.org\/fr\/2014\/03\/inter-amerique-la-direction-de-leglise-se-prepare-a-dialoguer-avec-les-etudiants-en-theologie\/#article","isPartOf":{"@id":"https:\/\/interamerica.org\/fr\/2014\/03\/inter-amerique-la-direction-de-leglise-se-prepare-a-dialoguer-avec-les-etudiants-en-theologie\/"},"author":{"name":"Lorenzo Verduzco","@id":"https:\/\/interamerica.org\/fr\/#\/schema\/person\/68ede8bdc292885bb76c1e3810e73c39"},"headline":"Inter Am\u00e9rique : La direction de l\u2019\u00e9glise se pr\u00e9pare \u00e0 dialoguer avec les \u00e9tudiants en th\u00e9ologie","datePublished":"2014-03-03T04:00:00+00:00","mainEntityOfPage":{"@id":"https:\/\/interamerica.org\/fr\/2014\/03\/inter-amerique-la-direction-de-leglise-se-prepare-a-dialoguer-avec-les-etudiants-en-theologie\/"},"wordCount":370,"image":{"@id":"https:\/\/interamerica.org\/fr\/2014\/03\/inter-amerique-la-direction-de-leglise-se-prepare-a-dialoguer-avec-les-etudiants-en-theologie\/#primaryimage"},"thumbnailUrl":"https:\/\/interamerica.org\/wp-content\/uploads\/2017\/06\/TheologyStudentsFRENCH.png","articleSection":["Nouvelles du si\u00e8ge de la division"],"inLanguage":"fr-FR"},{"@type":"WebPage","@id":"https:\/\/interamerica.org\/fr\/2014\/03\/inter-amerique-la-direction-de-leglise-se-prepare-a-dialoguer-avec-les-etudiants-en-theologie\/","url":"https:\/\/interamerica.org\/fr\/2014\/03\/inter-amerique-la-direction-de-leglise-se-prepare-a-dialoguer-avec-les-etudiants-en-theologie\/","name":"Inter Am\u00e9rique : La direction de l\u2019\u00e9glise se pr\u00e9pare \u00e0 dialoguer avec les \u00e9tudiants en th\u00e9ologie - \u00c9glise Adventiste Du Septieme Jour - Inter Am\u00e9rique Division","isPartOf":{"@id":"https:\/\/interamerica.org\/fr\/#website"},"primaryImageOfPage":{"@id":"https:\/\/interamerica.org\/fr\/2014\/03\/inter-amerique-la-direction-de-leglise-se-prepare-a-dialoguer-avec-les-etudiants-en-theologie\/#primaryimage"},"image":{"@id":"https:\/\/interamerica.org\/fr\/2014\/03\/inter-amerique-la-direction-de-leglise-se-prepare-a-dialoguer-avec-les-etudiants-en-theologie\/#primaryimage"},"thumbnailUrl":"https:\/\/interamerica.org\/wp-content\/uploads\/2017\/06\/TheologyStudentsFRENCH.png","datePublished":"2014-03-03T04:00:00+00:00","author":{"@id":"https:\/\/interamerica.org\/fr\/#\/schema\/person\/68ede8bdc292885bb76c1e3810e73c39"},"breadcrumb":{"@id":"https:\/\/interamerica.org\/fr\/2014\/03\/inter-amerique-la-direction-de-leglise-se-prepare-a-dialoguer-avec-les-etudiants-en-theologie\/#breadcrumb"},"inLanguage":"fr-FR","potentialAction":[{"@type":"ReadAction","target":["https:\/\/interamerica.org\/fr\/2014\/03\/inter-amerique-la-direction-de-leglise-se-prepare-a-dialoguer-avec-les-etudiants-en-theologie\/"]}]},{"@type":"ImageObject","inLanguage":"fr-FR","@id":"https:\/\/interamerica.org\/fr\/2014\/03\/inter-amerique-la-direction-de-leglise-se-prepare-a-dialoguer-avec-les-etudiants-en-theologie\/#primaryimage","url":"https:\/\/interamerica.org\/wp-content\/uploads\/2017\/06\/TheologyStudentsFRENCH.png","contentUrl":"https:\/\/interamerica.org\/wp-content\/uploads\/2017\/06\/TheologyStudentsFRENCH.png","width":315,"height":253},{"@type":"BreadcrumbList","@id":"https:\/\/interamerica.org\/fr\/2014\/03\/inter-amerique-la-direction-de-leglise-se-prepare-a-dialoguer-avec-les-etudiants-en-theologie\/#breadcrumb","itemListElement":[{"@type":"ListItem","position":1,"name":"Home","item":"https:\/\/interamerica.org\/fr\/"},{"@type":"ListItem","position":2,"name":"Inter Am\u00e9rique : La direction de l\u2019\u00e9glise se pr\u00e9pare \u00e0 dialoguer avec les \u00e9tudiants en th\u00e9ologie"}]},{"@type":"WebSite","@id":"https:\/\/interamerica.org\/fr\/#website","url":"https:\/\/interamerica.org\/fr\/","name":"\u00c9glise Adventiste Du Septieme Jour - Inter Am\u00e9rique Division","description":"","potentialAction":[{"@type":"SearchAction","target":{"@type":"EntryPoint","urlTemplate":"https:\/\/interamerica.org\/fr\/?s={search_term_string}"},"query-input":{"@type":"PropertyValueSpecification","valueRequired":true,"valueName":"search_term_string"}}],"inLanguage":"fr-FR"},{"@type":"Person","@id":"https:\/\/interamerica.org\/fr\/#\/schema\/person\/68ede8bdc292885bb76c1e3810e73c39","name":"Lorenzo Verduzco","image":{"@type":"ImageObject","inLanguage":"fr-FR","@id":"https:\/\/secure.gravatar.com\/avatar\/fb81a55b6218459490a9c1dc841a34909185b81904c5337b4b27f7a6fd60c49e?s=96&d=mm&r=g","url":"https:\/\/secure.gravatar.com\/avatar\/fb81a55b6218459490a9c1dc841a34909185b81904c5337b4b27f7a6fd60c49e?s=96&d=mm&r=g","contentUrl":"https:\/\/secure.gravatar.com\/avatar\/fb81a55b6218459490a9c1dc841a34909185b81904c5337b4b27f7a6fd60c49e?s=96&d=mm&r=g","caption":"Lorenzo Verduzco"}}]}},"_links":{"self":[{"href":"https:\/\/interamerica.org\/fr\/wp-json\/wp\/v2\/posts\/31889","targetHints":{"allow":["GET"]}}],"collection":[{"href":"https:\/\/interamerica.org\/fr\/wp-json\/wp\/v2\/posts"}],"about":[{"href":"https:\/\/interamerica.org\/fr\/wp-json\/wp\/v2\/types\/post"}],"author":[{"embeddable":true,"href":"https:\/\/interamerica.org\/fr\/wp-json\/wp\/v2\/users\/1"}],"replies":[{"embeddable":true,"href":"https:\/\/interamerica.org\/fr\/wp-json\/wp\/v2\/comments?post=31889"}],"version-history":[{"count":0,"href":"https:\/\/interamerica.org\/fr\/wp-json\/wp\/v2\/posts\/31889\/revisions"}],"wp:featuredmedia":[{"embeddable":true,"href":"https:\/\/interamerica.org\/fr\/wp-json\/wp\/v2\/media\/31890"}],"wp:attachment":[{"href":"https:\/\/interamerica.org\/fr\/wp-json\/wp\/v2\/media?parent=31889"}],"wp:term":[{"taxonomy":"category","embeddable":true,"href":"https:\/\/interamerica.org\/fr\/wp-json\/wp\/v2\/categories?post=31889"},{"taxonomy":"post_tag","embeddable":true,"href":"https:\/\/interamerica.org\/fr\/wp-json\/wp\/v2\/tags?post=31889"}],"curies":[{"name":"wp","href":"https:\/\/api.w.org\/{rel}","templated":true}]}}