{"id":31892,"date":"2014-03-04T00:00:00","date_gmt":"2014-03-04T04:00:00","guid":{"rendered":"http:\/\/192.81.217.108\/interamerica\/2014\/03\/en-amerique-du-nord-retour-a-laction-missionnaire-medicale-traditionnelle-de-leglise-adventiste\/"},"modified":"2014-03-04T00:00:00","modified_gmt":"2014-03-04T04:00:00","slug":"en-amerique-du-nord-retour-a-laction-missionnaire-medicale-traditionnelle-de-leglise-adventiste","status":"publish","type":"post","link":"https:\/\/interamerica.org\/fr\/2014\/03\/en-amerique-du-nord-retour-a-laction-missionnaire-medicale-traditionnelle-de-leglise-adventiste\/","title":{"rendered":"En Am\u00e9rique du Nord, retour \u00e0 l\u2019action missionnaire m\u00e9dicale traditionnelle de l\u2019Eglise Adventiste"},"content":{"rendered":"<p>4 Mars 2014 \u2013 Orlando, Floride, Etats Unis\u2026Pat Humphrey\/ANN<\/p>\n<p>Les professionnels de sant\u00e9 et les responsables de l\u2019\u00e9vang\u00e9lisation au niveau de l\u2019Eglise Adventiste du Septi\u00e8me jour en Am\u00e9rique du Nord disent qu\u2019une nouvelle emphase sur le minist\u00e8re int\u00e9gral de la sant\u00e9 donnera une nouvelle image \u00e0 l\u2019action missionnaire m\u00e9dicale traditionnelle, amenant la gu\u00e9rison et la sant\u00e9 totale \u00e0 l\u2019\u00e9glise et \u00e0 la communaut\u00e9.<\/p>\n<div id=\"attachment_10857\" style=\"width: 310px\" class=\"wp-caption alignleft\"><a href=\"\/interamerica\/wp-content\/uploads\/2017\/06\/csm_panel-web_a48a73120f.jpg\" rel=\"fancybox\" title=\"En Am\u00e9rique du Nord, retour \u00e0 l\u2019action missionnaire m\u00e9dicale traditionnelle de l\u2019Eglise Adventiste\"><img fetchpriority=\"high\" decoding=\"async\" aria-describedby=\"caption-attachment-10857\" class=\"size-medium wp-image-10857\" src=\"\/interamerica\/wp-content\/uploads\/2017\/06\/csm_panel-web_a48a73120f-300x200.jpg\" alt=\"\" width=\"300\" height=\"200\" \/><\/a><p id=\"caption-attachment-10857\" class=\"wp-caption-text\">A partir de la droite : Katia Reinert, directrice des Minist\u00e8res de la Sant\u00e9 pour l\u2019Eglise Adventiste en Am\u00e9rique du Nord et Peter Landless, directeur des Minist\u00e8res de la Sant\u00e9 pour l\u2019Eglise Adventiste mondiale conduisent un panel de discussion sur le r\u00f4le des professionnels de sant\u00e9 dans les minist\u00e8res combin\u00e9s lors du Sommet 2014 des Minist\u00e8res de la Sant\u00e9 de la Division Nord Am\u00e9ricaine qui s\u2019est d\u00e9roul\u00e9 \u00e0 Orlando en Floride le mois dernier. Image Minist\u00e8res de la Sant\u00e9 DNA\/ANN<\/p><\/div>\n<p>\u00ab Dieu nous a appel\u00e9s \u00e0 travailler ensemble et nous ne pourrons v\u00e9ritablement toucher la vie des gens comme J\u00e9sus l\u2019a fait, que lorsque nous travaillerons en collaboration pour Lui avec une mission et une vision, \u00bb a d\u00e9clar\u00e9 Katia Reinert, directrice des Minist\u00e8res de la Sant\u00e9 pour la Division Nord Am\u00e9ricaine (DNA).<\/p>\n<p>L\u2019appel \u00e0 avoir une combinaison de minist\u00e8res est intervenu le mois dernier lors du Sommet des Minist\u00e8res de la Sant\u00e9 de la Division Nord Am\u00e9ricaine qui s\u2019est tenu \u00e0 Orlando en Floride aux Etats Unis.<\/p>\n<p>Les organisateurs du sommet, en partenariat avec l\u2019Universit\u00e9 de Loma Linda, une institution de l\u2019\u00e9glise, ont tenu une Conf\u00e9rence des Professionnels de Sant\u00e9 lors du programme afin de d\u00e9finir le r\u00f4le des professionnels de sant\u00e9 dans le minist\u00e8re int\u00e9gral de la sant\u00e9, \u00e0 la fois dans leurs pratiques m\u00e9dicales et dans leurs \u00e9glises locales.<\/p>\n<p>\u00ab Nous avons besoin de plus d\u2019implication de nos professionnels de sant\u00e9 et de nos institutions sanitaires dans le minist\u00e8re de la sant\u00e9 \u00bb a d\u00e9clar\u00e9 Katia Reinert.<\/p>\n<p>Le sommet de cette ann\u00e9e a aussi d\u00e9taill\u00e9 des exemples de r\u00f4les que pourraient avoir les professionnels de sant\u00e9, les pasteurs, les \u00e9ducateurs, les jeunes ainsi que les volontaires du Service Communautaire Adventiste. Le minist\u00e8re int\u00e9gral de la sant\u00e9 suit la m\u00e9thode du Christ qui r\u00e9pondait aux besoins physiques des individus avant de r\u00e9pondre \u00e0 leurs besoins spirituels.<\/p>\n<p>\u00ab La collaboration est un \u00e9l\u00e9ment cl\u00e9, \u00bb a dit Katia Reinert. \u00ab Faire en sorte que les pasteurs, les responsables du minist\u00e8re aupr\u00e8s des enfants, les responsables du minist\u00e8re de la femme, les leaders du service communautaire et beaucoup d\u2019autres soient repr\u00e9sent\u00e9s, soient impliqu\u00e9s et soient form\u00e9s afin de r\u00e9pondre aux besoins des gens et de d\u00e9montrer l\u2019amour et la compassion de Dieu, est une chose essentielle. \u00bb<\/p>\n<p>Au cours de ces derniers mois, les principaux responsables de l\u2019Eglise Adventiste <a href=\"http:\/\/news.adventist.org\/all-news\/news\/go\/2013-10-14\/first-phase-of-comprehensive-health-ministry-will-promote-future-work\/\">ont appel\u00e9<\/a> \u00e0 placer une nouvelle emphase sur l\u2019aspect int\u00e9gral du minist\u00e8re de la sant\u00e9 \u2013 la combinaison des composantes physiques er spirituelles qui elle m\u00eame d\u00e9pend d\u2019une \u00e9troite collaboration entre les responsables de la sant\u00e9 et les responsables pastoraux.<\/p>\n<p>Cette nouvelle emphase est destin\u00e9e \u00e0 relancer l\u2019approche traditionnelle de l\u2019Eglise Adventiste sur l\u2019\u00e9vang\u00e9lisation par la sant\u00e9. Les missionnaires m\u00e9dicaux de l\u2019\u00e9glise \u00e0 ses d\u00e9buts ont apport\u00e9 la gu\u00e9rison physique et spirituelle aux communaut\u00e9s \u00e0 travers le monde. Un bateau missionnaire appel\u00e9 \u00ab L\u2019Etoile du Matin \u00bb a lanc\u00e9 le travail missionnaire m\u00e9dical le long des rives du fleuve Mississippi. Plus tard, un autre bateau appel\u00e9 le \u00ab Luzeiro \u00bb a men\u00e9 une action sanitaire et a amen\u00e9 un message d\u2019espoir aux communaut\u00e9s se trouvant le long des rives du fleuve Amazone en Am\u00e9rique du Sud.<\/p>\n<p>Pour en revenir au sommet sur la sant\u00e9, Katia Reinert ainsi que d\u2019autres responsables de Minist\u00e8res de la Sant\u00e9 esp\u00e8rent que cette nouvelle emphase sur le minist\u00e8re int\u00e9gral de la sant\u00e9 permettra de poursuivre cet h\u00e9ritage. Ils verraient bien chaque \u00e9glise Adventiste servir en tant que centre d\u2019espoir et de gu\u00e9rison dans la communaut\u00e9.<\/p>\n<p>\u00ab Alors que les \u00e9glises commencent \u00e0 \u00e9tablir des connexions et des partenariats dans la communaut\u00e9, cela peut placer l\u2019\u00e9glise dans une meilleure position pour exercer un minist\u00e8re et montrer v\u00e9ritablement qu\u2019elle souhaite que les communaut\u00e9s jouissent d\u2019une sant\u00e9 totale, \u00bb a indiqu\u00e9 Katia Reinert.<\/p>\n<p>Traduction: Patrick Luciathe<\/p>\n","protected":false},"excerpt":{"rendered":"<p>Les professionnels de sant\u00e9 et les responsables de l\u2019\u00e9vang\u00e9lisation au niveau de l\u2019Eglise Adventiste du Septi\u00e8me jour en Am\u00e9rique du Nord disent qu\u2019une nouvelle emphase sur  le minist\u00e8re int\u00e9gral de la sant\u00e9 donnera une nouvelle image \u00e0 l\u2019action missionnaire m\u00e9dicale traditionnelle, amenant la gu\u00e9rison et la sant\u00e9 totale \u00e0 l\u2019\u00e9glise et \u00e0 la communaut\u00e9.<\/p>\n","protected":false},"author":1,"featured_media":22707,"comment_status":"closed","ping_status":"closed","sticky":false,"template":"","format":"standard","meta":{"_acf_changed":false,"footnotes":""},"categories":[18],"tags":[],"class_list":["post-31892","post","type-post","status-publish","format-standard","has-post-thumbnail","hentry","category-nouvelles-de-leglise-mondiale"],"acf":[],"yoast_head":"<!-- This site is optimized with the Yoast SEO plugin v27.3 - https:\/\/yoast.com\/product\/yoast-seo-wordpress\/ -->\n<title>En Am\u00e9rique du Nord, retour \u00e0 l\u2019action missionnaire m\u00e9dicale traditionnelle de l\u2019Eglise Adventiste - \u00c9glise Adventiste Du Septieme Jour - Inter Am\u00e9rique Division<\/title>\n<meta name=\"robots\" content=\"index, follow, max-snippet:-1, max-image-preview:large, max-video-preview:-1\" \/>\n<link rel=\"canonical\" href=\"https:\/\/interamerica.org\/fr\/2014\/03\/en-amerique-du-nord-retour-a-laction-missionnaire-medicale-traditionnelle-de-leglise-adventiste\/\" \/>\n<meta property=\"og:locale\" content=\"fr_FR\" \/>\n<meta property=\"og:type\" content=\"article\" \/>\n<meta property=\"og:title\" content=\"En Am\u00e9rique du Nord, retour \u00e0 l\u2019action missionnaire m\u00e9dicale traditionnelle de l\u2019Eglise Adventiste - \u00c9glise Adventiste Du Septieme Jour - Inter Am\u00e9rique Division\" \/>\n<meta property=\"og:description\" content=\"Les professionnels de sant\u00e9 et les responsables de l\u2019\u00e9vang\u00e9lisation au niveau de l\u2019Eglise Adventiste du Septi\u00e8me jour en Am\u00e9rique du Nord disent qu\u2019une nouvelle emphase sur le minist\u00e8re int\u00e9gral de la sant\u00e9 donnera une nouvelle image \u00e0 l\u2019action missionnaire m\u00e9dicale traditionnelle, amenant la gu\u00e9rison et la sant\u00e9 totale \u00e0 l\u2019\u00e9glise et \u00e0 la communaut\u00e9.\" \/>\n<meta property=\"og:url\" content=\"https:\/\/interamerica.org\/fr\/2014\/03\/en-amerique-du-nord-retour-a-laction-missionnaire-medicale-traditionnelle-de-leglise-adventiste\/\" \/>\n<meta property=\"og:site_name\" content=\"\u00c9glise Adventiste Du Septieme Jour - Inter Am\u00e9rique Division\" \/>\n<meta property=\"article:published_time\" content=\"2014-03-04T04:00:00+00:00\" \/>\n<meta property=\"og:image\" content=\"https:\/\/interamerica.org\/wp-content\/uploads\/2017\/06\/csm_panel-web_a48a73120f.jpg\" \/>\n\t<meta property=\"og:image:width\" content=\"400\" \/>\n\t<meta property=\"og:image:height\" content=\"267\" \/>\n\t<meta property=\"og:image:type\" content=\"image\/jpeg\" \/>\n<meta name=\"author\" content=\"Lorenzo Verduzco\" \/>\n<meta name=\"twitter:card\" content=\"summary_large_image\" \/>\n<meta name=\"twitter:label1\" content=\"\u00c9crit par\" \/>\n\t<meta name=\"twitter:data1\" content=\"Lorenzo Verduzco\" \/>\n\t<meta name=\"twitter:label2\" content=\"Dur\u00e9e de lecture estim\u00e9e\" \/>\n\t<meta name=\"twitter:data2\" content=\"4 minutes\" \/>\n<script type=\"application\/ld+json\" class=\"yoast-schema-graph\">{\"@context\":\"https:\\\/\\\/schema.org\",\"@graph\":[{\"@type\":\"Article\",\"@id\":\"https:\\\/\\\/interamerica.org\\\/fr\\\/2014\\\/03\\\/en-amerique-du-nord-retour-a-laction-missionnaire-medicale-traditionnelle-de-leglise-adventiste\\\/#article\",\"isPartOf\":{\"@id\":\"https:\\\/\\\/interamerica.org\\\/fr\\\/2014\\\/03\\\/en-amerique-du-nord-retour-a-laction-missionnaire-medicale-traditionnelle-de-leglise-adventiste\\\/\"},\"author\":{\"name\":\"Lorenzo Verduzco\",\"@id\":\"https:\\\/\\\/interamerica.org\\\/fr\\\/#\\\/schema\\\/person\\\/68ede8bdc292885bb76c1e3810e73c39\"},\"headline\":\"En Am\u00e9rique du Nord, retour \u00e0 l\u2019action missionnaire m\u00e9dicale traditionnelle de l\u2019Eglise Adventiste\",\"datePublished\":\"2014-03-04T04:00:00+00:00\",\"mainEntityOfPage\":{\"@id\":\"https:\\\/\\\/interamerica.org\\\/fr\\\/2014\\\/03\\\/en-amerique-du-nord-retour-a-laction-missionnaire-medicale-traditionnelle-de-leglise-adventiste\\\/\"},\"wordCount\":786,\"image\":{\"@id\":\"https:\\\/\\\/interamerica.org\\\/fr\\\/2014\\\/03\\\/en-amerique-du-nord-retour-a-laction-missionnaire-medicale-traditionnelle-de-leglise-adventiste\\\/#primaryimage\"},\"thumbnailUrl\":\"https:\\\/\\\/interamerica.org\\\/wp-content\\\/uploads\\\/2017\\\/06\\\/csm_panel-web_a48a73120f.jpg\",\"articleSection\":[\"Nouvelles de l'\u00c9glise mondiale\"],\"inLanguage\":\"fr-FR\"},{\"@type\":\"WebPage\",\"@id\":\"https:\\\/\\\/interamerica.org\\\/fr\\\/2014\\\/03\\\/en-amerique-du-nord-retour-a-laction-missionnaire-medicale-traditionnelle-de-leglise-adventiste\\\/\",\"url\":\"https:\\\/\\\/interamerica.org\\\/fr\\\/2014\\\/03\\\/en-amerique-du-nord-retour-a-laction-missionnaire-medicale-traditionnelle-de-leglise-adventiste\\\/\",\"name\":\"En Am\u00e9rique du Nord, retour \u00e0 l\u2019action missionnaire m\u00e9dicale traditionnelle de l\u2019Eglise Adventiste - \u00c9glise Adventiste Du Septieme Jour - Inter Am\u00e9rique Division\",\"isPartOf\":{\"@id\":\"https:\\\/\\\/interamerica.org\\\/fr\\\/#website\"},\"primaryImageOfPage\":{\"@id\":\"https:\\\/\\\/interamerica.org\\\/fr\\\/2014\\\/03\\\/en-amerique-du-nord-retour-a-laction-missionnaire-medicale-traditionnelle-de-leglise-adventiste\\\/#primaryimage\"},\"image\":{\"@id\":\"https:\\\/\\\/interamerica.org\\\/fr\\\/2014\\\/03\\\/en-amerique-du-nord-retour-a-laction-missionnaire-medicale-traditionnelle-de-leglise-adventiste\\\/#primaryimage\"},\"thumbnailUrl\":\"https:\\\/\\\/interamerica.org\\\/wp-content\\\/uploads\\\/2017\\\/06\\\/csm_panel-web_a48a73120f.jpg\",\"datePublished\":\"2014-03-04T04:00:00+00:00\",\"author\":{\"@id\":\"https:\\\/\\\/interamerica.org\\\/fr\\\/#\\\/schema\\\/person\\\/68ede8bdc292885bb76c1e3810e73c39\"},\"breadcrumb\":{\"@id\":\"https:\\\/\\\/interamerica.org\\\/fr\\\/2014\\\/03\\\/en-amerique-du-nord-retour-a-laction-missionnaire-medicale-traditionnelle-de-leglise-adventiste\\\/#breadcrumb\"},\"inLanguage\":\"fr-FR\",\"potentialAction\":[{\"@type\":\"ReadAction\",\"target\":[\"https:\\\/\\\/interamerica.org\\\/fr\\\/2014\\\/03\\\/en-amerique-du-nord-retour-a-laction-missionnaire-medicale-traditionnelle-de-leglise-adventiste\\\/\"]}]},{\"@type\":\"ImageObject\",\"inLanguage\":\"fr-FR\",\"@id\":\"https:\\\/\\\/interamerica.org\\\/fr\\\/2014\\\/03\\\/en-amerique-du-nord-retour-a-laction-missionnaire-medicale-traditionnelle-de-leglise-adventiste\\\/#primaryimage\",\"url\":\"https:\\\/\\\/interamerica.org\\\/wp-content\\\/uploads\\\/2017\\\/06\\\/csm_panel-web_a48a73120f.jpg\",\"contentUrl\":\"https:\\\/\\\/interamerica.org\\\/wp-content\\\/uploads\\\/2017\\\/06\\\/csm_panel-web_a48a73120f.jpg\",\"width\":400,\"height\":267},{\"@type\":\"BreadcrumbList\",\"@id\":\"https:\\\/\\\/interamerica.org\\\/fr\\\/2014\\\/03\\\/en-amerique-du-nord-retour-a-laction-missionnaire-medicale-traditionnelle-de-leglise-adventiste\\\/#breadcrumb\",\"itemListElement\":[{\"@type\":\"ListItem\",\"position\":1,\"name\":\"Home\",\"item\":\"https:\\\/\\\/interamerica.org\\\/fr\\\/\"},{\"@type\":\"ListItem\",\"position\":2,\"name\":\"En Am\u00e9rique du Nord, retour \u00e0 l\u2019action missionnaire m\u00e9dicale traditionnelle de l\u2019Eglise Adventiste\"}]},{\"@type\":\"WebSite\",\"@id\":\"https:\\\/\\\/interamerica.org\\\/fr\\\/#website\",\"url\":\"https:\\\/\\\/interamerica.org\\\/fr\\\/\",\"name\":\"\u00c9glise Adventiste Du Septieme Jour - Inter Am\u00e9rique Division\",\"description\":\"\",\"potentialAction\":[{\"@type\":\"SearchAction\",\"target\":{\"@type\":\"EntryPoint\",\"urlTemplate\":\"https:\\\/\\\/interamerica.org\\\/fr\\\/?s={search_term_string}\"},\"query-input\":{\"@type\":\"PropertyValueSpecification\",\"valueRequired\":true,\"valueName\":\"search_term_string\"}}],\"inLanguage\":\"fr-FR\"},{\"@type\":\"Person\",\"@id\":\"https:\\\/\\\/interamerica.org\\\/fr\\\/#\\\/schema\\\/person\\\/68ede8bdc292885bb76c1e3810e73c39\",\"name\":\"Lorenzo Verduzco\",\"image\":{\"@type\":\"ImageObject\",\"inLanguage\":\"fr-FR\",\"@id\":\"https:\\\/\\\/secure.gravatar.com\\\/avatar\\\/fb81a55b6218459490a9c1dc841a34909185b81904c5337b4b27f7a6fd60c49e?s=96&d=mm&r=g\",\"url\":\"https:\\\/\\\/secure.gravatar.com\\\/avatar\\\/fb81a55b6218459490a9c1dc841a34909185b81904c5337b4b27f7a6fd60c49e?s=96&d=mm&r=g\",\"contentUrl\":\"https:\\\/\\\/secure.gravatar.com\\\/avatar\\\/fb81a55b6218459490a9c1dc841a34909185b81904c5337b4b27f7a6fd60c49e?s=96&d=mm&r=g\",\"caption\":\"Lorenzo Verduzco\"}}]}<\/script>\n<!-- \/ Yoast SEO plugin. -->","yoast_head_json":{"title":"En Am\u00e9rique du Nord, retour \u00e0 l\u2019action missionnaire m\u00e9dicale traditionnelle de l\u2019Eglise Adventiste - \u00c9glise Adventiste Du Septieme Jour - Inter Am\u00e9rique Division","robots":{"index":"index","follow":"follow","max-snippet":"max-snippet:-1","max-image-preview":"max-image-preview:large","max-video-preview":"max-video-preview:-1"},"canonical":"https:\/\/interamerica.org\/fr\/2014\/03\/en-amerique-du-nord-retour-a-laction-missionnaire-medicale-traditionnelle-de-leglise-adventiste\/","og_locale":"fr_FR","og_type":"article","og_title":"En Am\u00e9rique du Nord, retour \u00e0 l\u2019action missionnaire m\u00e9dicale traditionnelle de l\u2019Eglise Adventiste - \u00c9glise Adventiste Du Septieme Jour - Inter Am\u00e9rique Division","og_description":"Les professionnels de sant\u00e9 et les responsables de l\u2019\u00e9vang\u00e9lisation au niveau de l\u2019Eglise Adventiste du Septi\u00e8me jour en Am\u00e9rique du Nord disent qu\u2019une nouvelle emphase sur le minist\u00e8re int\u00e9gral de la sant\u00e9 donnera une nouvelle image \u00e0 l\u2019action missionnaire m\u00e9dicale traditionnelle, amenant la gu\u00e9rison et la sant\u00e9 totale \u00e0 l\u2019\u00e9glise et \u00e0 la communaut\u00e9.","og_url":"https:\/\/interamerica.org\/fr\/2014\/03\/en-amerique-du-nord-retour-a-laction-missionnaire-medicale-traditionnelle-de-leglise-adventiste\/","og_site_name":"\u00c9glise Adventiste Du Septieme Jour - Inter Am\u00e9rique Division","article_published_time":"2014-03-04T04:00:00+00:00","og_image":[{"width":400,"height":267,"url":"https:\/\/interamerica.org\/wp-content\/uploads\/2017\/06\/csm_panel-web_a48a73120f.jpg","type":"image\/jpeg"}],"author":"Lorenzo Verduzco","twitter_card":"summary_large_image","twitter_misc":{"\u00c9crit par":"Lorenzo Verduzco","Dur\u00e9e de lecture estim\u00e9e":"4 minutes"},"schema":{"@context":"https:\/\/schema.org","@graph":[{"@type":"Article","@id":"https:\/\/interamerica.org\/fr\/2014\/03\/en-amerique-du-nord-retour-a-laction-missionnaire-medicale-traditionnelle-de-leglise-adventiste\/#article","isPartOf":{"@id":"https:\/\/interamerica.org\/fr\/2014\/03\/en-amerique-du-nord-retour-a-laction-missionnaire-medicale-traditionnelle-de-leglise-adventiste\/"},"author":{"name":"Lorenzo Verduzco","@id":"https:\/\/interamerica.org\/fr\/#\/schema\/person\/68ede8bdc292885bb76c1e3810e73c39"},"headline":"En Am\u00e9rique du Nord, retour \u00e0 l\u2019action missionnaire m\u00e9dicale traditionnelle de l\u2019Eglise Adventiste","datePublished":"2014-03-04T04:00:00+00:00","mainEntityOfPage":{"@id":"https:\/\/interamerica.org\/fr\/2014\/03\/en-amerique-du-nord-retour-a-laction-missionnaire-medicale-traditionnelle-de-leglise-adventiste\/"},"wordCount":786,"image":{"@id":"https:\/\/interamerica.org\/fr\/2014\/03\/en-amerique-du-nord-retour-a-laction-missionnaire-medicale-traditionnelle-de-leglise-adventiste\/#primaryimage"},"thumbnailUrl":"https:\/\/interamerica.org\/wp-content\/uploads\/2017\/06\/csm_panel-web_a48a73120f.jpg","articleSection":["Nouvelles de l'\u00c9glise mondiale"],"inLanguage":"fr-FR"},{"@type":"WebPage","@id":"https:\/\/interamerica.org\/fr\/2014\/03\/en-amerique-du-nord-retour-a-laction-missionnaire-medicale-traditionnelle-de-leglise-adventiste\/","url":"https:\/\/interamerica.org\/fr\/2014\/03\/en-amerique-du-nord-retour-a-laction-missionnaire-medicale-traditionnelle-de-leglise-adventiste\/","name":"En Am\u00e9rique du Nord, retour \u00e0 l\u2019action missionnaire m\u00e9dicale traditionnelle de l\u2019Eglise Adventiste - \u00c9glise Adventiste Du Septieme Jour - Inter Am\u00e9rique Division","isPartOf":{"@id":"https:\/\/interamerica.org\/fr\/#website"},"primaryImageOfPage":{"@id":"https:\/\/interamerica.org\/fr\/2014\/03\/en-amerique-du-nord-retour-a-laction-missionnaire-medicale-traditionnelle-de-leglise-adventiste\/#primaryimage"},"image":{"@id":"https:\/\/interamerica.org\/fr\/2014\/03\/en-amerique-du-nord-retour-a-laction-missionnaire-medicale-traditionnelle-de-leglise-adventiste\/#primaryimage"},"thumbnailUrl":"https:\/\/interamerica.org\/wp-content\/uploads\/2017\/06\/csm_panel-web_a48a73120f.jpg","datePublished":"2014-03-04T04:00:00+00:00","author":{"@id":"https:\/\/interamerica.org\/fr\/#\/schema\/person\/68ede8bdc292885bb76c1e3810e73c39"},"breadcrumb":{"@id":"https:\/\/interamerica.org\/fr\/2014\/03\/en-amerique-du-nord-retour-a-laction-missionnaire-medicale-traditionnelle-de-leglise-adventiste\/#breadcrumb"},"inLanguage":"fr-FR","potentialAction":[{"@type":"ReadAction","target":["https:\/\/interamerica.org\/fr\/2014\/03\/en-amerique-du-nord-retour-a-laction-missionnaire-medicale-traditionnelle-de-leglise-adventiste\/"]}]},{"@type":"ImageObject","inLanguage":"fr-FR","@id":"https:\/\/interamerica.org\/fr\/2014\/03\/en-amerique-du-nord-retour-a-laction-missionnaire-medicale-traditionnelle-de-leglise-adventiste\/#primaryimage","url":"https:\/\/interamerica.org\/wp-content\/uploads\/2017\/06\/csm_panel-web_a48a73120f.jpg","contentUrl":"https:\/\/interamerica.org\/wp-content\/uploads\/2017\/06\/csm_panel-web_a48a73120f.jpg","width":400,"height":267},{"@type":"BreadcrumbList","@id":"https:\/\/interamerica.org\/fr\/2014\/03\/en-amerique-du-nord-retour-a-laction-missionnaire-medicale-traditionnelle-de-leglise-adventiste\/#breadcrumb","itemListElement":[{"@type":"ListItem","position":1,"name":"Home","item":"https:\/\/interamerica.org\/fr\/"},{"@type":"ListItem","position":2,"name":"En Am\u00e9rique du Nord, retour \u00e0 l\u2019action missionnaire m\u00e9dicale traditionnelle de l\u2019Eglise Adventiste"}]},{"@type":"WebSite","@id":"https:\/\/interamerica.org\/fr\/#website","url":"https:\/\/interamerica.org\/fr\/","name":"\u00c9glise Adventiste Du Septieme Jour - Inter Am\u00e9rique Division","description":"","potentialAction":[{"@type":"SearchAction","target":{"@type":"EntryPoint","urlTemplate":"https:\/\/interamerica.org\/fr\/?s={search_term_string}"},"query-input":{"@type":"PropertyValueSpecification","valueRequired":true,"valueName":"search_term_string"}}],"inLanguage":"fr-FR"},{"@type":"Person","@id":"https:\/\/interamerica.org\/fr\/#\/schema\/person\/68ede8bdc292885bb76c1e3810e73c39","name":"Lorenzo Verduzco","image":{"@type":"ImageObject","inLanguage":"fr-FR","@id":"https:\/\/secure.gravatar.com\/avatar\/fb81a55b6218459490a9c1dc841a34909185b81904c5337b4b27f7a6fd60c49e?s=96&d=mm&r=g","url":"https:\/\/secure.gravatar.com\/avatar\/fb81a55b6218459490a9c1dc841a34909185b81904c5337b4b27f7a6fd60c49e?s=96&d=mm&r=g","contentUrl":"https:\/\/secure.gravatar.com\/avatar\/fb81a55b6218459490a9c1dc841a34909185b81904c5337b4b27f7a6fd60c49e?s=96&d=mm&r=g","caption":"Lorenzo Verduzco"}}]}},"_links":{"self":[{"href":"https:\/\/interamerica.org\/fr\/wp-json\/wp\/v2\/posts\/31892","targetHints":{"allow":["GET"]}}],"collection":[{"href":"https:\/\/interamerica.org\/fr\/wp-json\/wp\/v2\/posts"}],"about":[{"href":"https:\/\/interamerica.org\/fr\/wp-json\/wp\/v2\/types\/post"}],"author":[{"embeddable":true,"href":"https:\/\/interamerica.org\/fr\/wp-json\/wp\/v2\/users\/1"}],"replies":[{"embeddable":true,"href":"https:\/\/interamerica.org\/fr\/wp-json\/wp\/v2\/comments?post=31892"}],"version-history":[{"count":0,"href":"https:\/\/interamerica.org\/fr\/wp-json\/wp\/v2\/posts\/31892\/revisions"}],"wp:featuredmedia":[{"embeddable":true,"href":"https:\/\/interamerica.org\/fr\/wp-json\/wp\/v2\/media\/22707"}],"wp:attachment":[{"href":"https:\/\/interamerica.org\/fr\/wp-json\/wp\/v2\/media?parent=31892"}],"wp:term":[{"taxonomy":"category","embeddable":true,"href":"https:\/\/interamerica.org\/fr\/wp-json\/wp\/v2\/categories?post=31892"},{"taxonomy":"post_tag","embeddable":true,"href":"https:\/\/interamerica.org\/fr\/wp-json\/wp\/v2\/tags?post=31892"}],"curies":[{"name":"wp","href":"https:\/\/api.w.org\/{rel}","templated":true}]}}