{"id":31893,"date":"2014-03-04T00:00:00","date_gmt":"2014-03-04T04:00:00","guid":{"rendered":"http:\/\/192.81.217.108\/interamerica\/2014\/03\/porto-rico-lhopital-adventiste-a-60-ans-il-annonce-des-plans-dagrandissement\/"},"modified":"2014-03-04T00:00:00","modified_gmt":"2014-03-04T04:00:00","slug":"porto-rico-lhopital-adventiste-a-60-ans-il-annonce-des-plans-dagrandissement","status":"publish","type":"post","link":"https:\/\/interamerica.org\/fr\/2014\/03\/porto-rico-lhopital-adventiste-a-60-ans-il-annonce-des-plans-dagrandissement\/","title":{"rendered":"Porto Rico : l\u2019H\u00f4pital Adventiste a 60 ans, il annonce des plans d\u2019agrandissement"},"content":{"rendered":"<div id=\"attachment_10860\" style=\"width: 600px\" class=\"wp-caption aligncenter\"><a href=\"\/interamerica\/wp-content\/uploads\/2017\/06\/BVH-newsurgeryhall.png\" rel=\"fancybox\" title=\"Porto Rico : l\u2019H\u00f4pital Adventiste a 60 ans, il annonce des plans d\u2019agrandissement\"><img fetchpriority=\"high\" decoding=\"async\" aria-describedby=\"caption-attachment-10860\" class=\"size-full wp-image-10860\" src=\"\/interamerica\/wp-content\/uploads\/2017\/06\/BVH-newsurgeryhall.png\" alt=\"\" width=\"590\" height=\"393\" \/><\/a><p id=\"caption-attachment-10860\" class=\"wp-caption-text\">Le personnel de l\u2019H\u00f4pital Bella Vista et les membres de la famille de feu Dr Antonio Bulls Ortiz posent pour une photo dans la salle 3 de l\u2019aile de chirurgie nouvellement nomm\u00e9e, lors des activit\u00e9s de c\u00e9l\u00e9bration de l\u2019h\u00f4pital Adventiste situ\u00e9 \u00e0 Mayaguez \u00e0 Porto Rico, le 2 f\u00e9vrier 2014. Les administrateurs de l\u2019h\u00f4pital ont annonc\u00e9 les plans pour l\u2019agrandissement qui va bient\u00f4t d\u00e9marrer, et permettre d\u2019ajouter trois nouveaux \u00e9tages \u00e0 cet \u00e9tablissement m\u00e9dical. Image de Bella Vista Hospial\/DIA<\/p><\/div>\n<p>3 Mars 2014 \u2013 Mayaguez, Porto Rico\u2026Bella Vista Hospital\/DIA<\/p>\n<p>L\u2019H\u00f4pital Bella Vista \u00e0 Mayaguez, Porto Rico, une institution Adventiste g\u00e9r\u00e9e par l\u2019\u00e9glise, c\u00e9l\u00e8bre cette ann\u00e9e 60 ans de soins prodigu\u00e9s, et a r\u00e9cemment annonc\u00e9 un plan d\u2019agrandissement de 3,5 millions de dollars. L\u2019annonce a \u00e9t\u00e9 faite lors d\u2019une s\u00e9rie d\u2019activit\u00e9s organis\u00e9es dans la communaut\u00e9 dans le cadre de l\u2019anniversaire.<\/p>\n<div id=\"attachment_10861\" style=\"width: 310px\" class=\"wp-caption alignright\"><a href=\"\/interamerica\/wp-content\/uploads\/2017\/06\/BVH-administrator.png\" rel=\"fancybox\" title=\"Porto Rico : l\u2019H\u00f4pital Adventiste a 60 ans, il annonce des plans d\u2019agrandissement\"><img decoding=\"async\" aria-describedby=\"caption-attachment-10861\" class=\"size-medium wp-image-10861\" src=\"\/interamerica\/wp-content\/uploads\/2017\/06\/BVH-administrator-300x199.png\" alt=\"\" width=\"300\" height=\"199\" \/><\/a><p id=\"caption-attachment-10861\" class=\"wp-caption-text\">L\u2019administrateur de l\u2019H\u00f4pital Bella Vista, Jesus Nieves, parle des plans d\u2019agrandissement de 3,5 millions de dollars devant permettre d\u2019ajouter trois \u00e9tages de chambres de malades, des bureaux administratifs et des salles de conf\u00e9rence ainsi qu\u2019une zone de services d\u2019endoscopie, durant la c\u00e9l\u00e9bration des 60 ans de soins m\u00e9dicaux prodigu\u00e9s sur l\u2019ile.<\/p><\/div>\n<p>\u00ab Apr\u00e8s avoir prodigu\u00e9 d\u2019excellent services pendant 60 ans, nous continuons de transformer notre \u00e9tablissement afin de proposer les nouveaux services m\u00e9dicaux de pointe aux patients de Mayaguez et de la r\u00e9gion, \u00bb a d\u00e9clar\u00e9 Jesus Nieves, directeur ex\u00e9cutif de l\u2019H\u00f4pital Bella Vista, au milieu d\u2019une foule de personnes venues participer au programme de c\u00e9l\u00e9bration du 2 f\u00e9vrier 2014.<\/p>\n<p>L\u2019institution continuera avec l\u2019extension et la construction de trois \u00e9tages suppl\u00e9mentaires, a expliqu\u00e9 Jesus Nieves. Le premier \u00e9tage comprendra 14 salles priv\u00e9es, le deuxi\u00e8me, 28 salles semi-priv\u00e9es et un nouveau d\u00e9partement d\u2019endoscopie, et le troisi\u00e8me sera r\u00e9serv\u00e9 aux bureaux administratifs et financiers ainsi qu\u2019aux salles de conf\u00e9rence et de rencontres. Une plateforme d\u2019atterrissage pour h\u00e9licopt\u00e8re est aussi pr\u00e9vue dans les plans.<\/p>\n<p>Parmi les activit\u00e9s organis\u00e9es dans la communaut\u00e9 et d\u00e9bouchant sur la c\u00e9l\u00e9bration des soixante ans, il y avait une course de la sant\u00e9 de 5000 m\u00e8tres qui a vu la participation de plus de 400 personnes pour le b\u00e9n\u00e9fice du Foyer d\u2019Enfants de J\u00e9sus de Nazareth \u00e0 Mayaguez.<\/p>\n<div id=\"attachment_10862\" style=\"width: 310px\" class=\"wp-caption alignleft\"><a href=\"\/interamerica\/wp-content\/uploads\/2017\/06\/BVH-5krun.png\" rel=\"fancybox\" title=\"Porto Rico : l\u2019H\u00f4pital Adventiste a 60 ans, il annonce des plans d\u2019agrandissement\"><img decoding=\"async\" aria-describedby=\"caption-attachment-10862\" class=\"size-medium wp-image-10862\" src=\"\/interamerica\/wp-content\/uploads\/2017\/06\/BVH-5krun-300x200.png\" alt=\"\" width=\"300\" height=\"200\" \/><\/a><p id=\"caption-attachment-10862\" class=\"wp-caption-text\">Quelques 400 personnes ont pris part \u00e0 la course de 5 km organis\u00e9e par l\u2019h\u00f4pital le 26 janvier dans le cadre des activit\u00e9s mises en place \u00e0 l\u2019occasion du 60\u00e8me anniversaire de l\u2019h\u00f4pital.<\/p><\/div>\n<p>Le d\u00e9partement chirurgie de l\u2019\u00e9tablissement m\u00e9dical a \u00e9t\u00e9 nomm\u00e9 en l\u2019honneur du prestigieux Dr Juan E. Suris Alvarez, qui a servi en tant que chirurgien pendant 35 ans. De plus, la salle de chirurgie num\u00e9ro Trois a \u00e9t\u00e9 nomm\u00e9e en l\u2019honneur d\u2019Antonio Bulls Ortiz, un m\u00e9decin qui a servi l\u2019h\u00f4pital pendant 49 ans.<\/p>\n<p>En outre, le premier retrait\u00e9 de l\u2019h\u00f4pital, Roselio Muniz, a \u00e9t\u00e9 honor\u00e9 \u00e0 l\u2019occasion de son 100\u00e8me anniversaire. Douze autres employ\u00e9s de l\u2019h\u00f4pital ont \u00e9t\u00e9 honor\u00e9s pour avoir servi pendant plus de 40 ans.<\/p>\n<p>En 2009, l\u2019H\u00f4pital Bella Vista a inaugur\u00e9 son institut du cancer, le seul institut du genre dans l\u2019ouest de l\u2019ile et le premier \u00e0 offrir de tels traitements dans tout le territoire de l\u2019\u00e9glise dans la Division Inter Am\u00e9ricaine.<\/p>\n<p>Etabli en 1954, l\u2019H\u00f4pital Bella Vista, un des 13 h\u00f4pitaux Adventistes en Inter Am\u00e9rique, continue d\u2019offrir des services m\u00e9dicaux sp\u00e9cialis\u00e9s \u00e0 Porto Rico. L\u2019\u00e9tablissement hospitalier compte 157 lits et un personnel m\u00e9dical de 200 personnes.<\/p>\n<p>Pour en savoir plus, visitez le site <a href=\"http:\/\/www.bvhpr.org\/\">bvhpr.org<\/a><\/p>\n<p>Traduction: Patrick Luciathe<\/p>\n","protected":false},"excerpt":{"rendered":"<p>L\u2019H\u00f4pital Bella Vista \u00e0 Mayaguez, Porto Rico, une institution Adventiste g\u00e9r\u00e9e par l\u2019\u00e9glise, c\u00e9l\u00e8bre cette ann\u00e9e 60 ans de soins prodigu\u00e9s, et a r\u00e9cemment annonc\u00e9 un plan d\u2019agrandissement de 3,5 millions de dollars. L\u2019annonce a \u00e9t\u00e9 faite lors d\u2019une s\u00e9rie d\u2019activit\u00e9s organis\u00e9es dans la communaut\u00e9 dans le cadre de l\u2019anniversaire.<\/p>\n","protected":false},"author":1,"featured_media":22697,"comment_status":"closed","ping_status":"closed","sticky":false,"template":"","format":"standard","meta":{"_acf_changed":false,"footnotes":""},"categories":[21],"tags":[],"class_list":["post-31893","post","type-post","status-publish","format-standard","has-post-thumbnail","hentry","category-nouvelles-du-territoire"],"acf":[],"yoast_head":"<!-- This site is optimized with the Yoast SEO plugin v27.3 - https:\/\/yoast.com\/product\/yoast-seo-wordpress\/ -->\n<title>Porto Rico : l\u2019H\u00f4pital Adventiste a 60 ans, il annonce des plans d\u2019agrandissement - \u00c9glise Adventiste Du Septieme Jour - Inter Am\u00e9rique Division<\/title>\n<meta name=\"robots\" content=\"index, follow, max-snippet:-1, max-image-preview:large, max-video-preview:-1\" \/>\n<link rel=\"canonical\" href=\"https:\/\/interamerica.org\/fr\/2014\/03\/porto-rico-lhopital-adventiste-a-60-ans-il-annonce-des-plans-dagrandissement\/\" \/>\n<meta property=\"og:locale\" content=\"fr_FR\" \/>\n<meta property=\"og:type\" content=\"article\" \/>\n<meta property=\"og:title\" content=\"Porto Rico : l\u2019H\u00f4pital Adventiste a 60 ans, il annonce des plans d\u2019agrandissement - \u00c9glise Adventiste Du Septieme Jour - Inter Am\u00e9rique Division\" \/>\n<meta property=\"og:description\" content=\"L\u2019H\u00f4pital Bella Vista \u00e0 Mayaguez, Porto Rico, une institution Adventiste g\u00e9r\u00e9e par l\u2019\u00e9glise, c\u00e9l\u00e8bre cette ann\u00e9e 60 ans de soins prodigu\u00e9s, et a r\u00e9cemment annonc\u00e9 un plan d\u2019agrandissement de 3,5 millions de dollars. L\u2019annonce a \u00e9t\u00e9 faite lors d\u2019une s\u00e9rie d\u2019activit\u00e9s organis\u00e9es dans la communaut\u00e9 dans le cadre de l\u2019anniversaire.\" \/>\n<meta property=\"og:url\" content=\"https:\/\/interamerica.org\/fr\/2014\/03\/porto-rico-lhopital-adventiste-a-60-ans-il-annonce-des-plans-dagrandissement\/\" \/>\n<meta property=\"og:site_name\" content=\"\u00c9glise Adventiste Du Septieme Jour - Inter Am\u00e9rique Division\" \/>\n<meta property=\"article:published_time\" content=\"2014-03-04T04:00:00+00:00\" \/>\n<meta property=\"og:image\" content=\"https:\/\/interamerica.org\/wp-content\/uploads\/2017\/06\/BVH-newsurgeryhall.png\" \/>\n\t<meta property=\"og:image:width\" content=\"590\" \/>\n\t<meta property=\"og:image:height\" content=\"393\" \/>\n\t<meta property=\"og:image:type\" content=\"image\/png\" \/>\n<meta name=\"author\" content=\"Lorenzo Verduzco\" \/>\n<meta name=\"twitter:card\" content=\"summary_large_image\" \/>\n<meta name=\"twitter:label1\" content=\"\u00c9crit par\" \/>\n\t<meta name=\"twitter:data1\" content=\"Lorenzo Verduzco\" \/>\n\t<meta name=\"twitter:label2\" content=\"Dur\u00e9e de lecture estim\u00e9e\" \/>\n\t<meta name=\"twitter:data2\" content=\"3 minutes\" \/>\n<script type=\"application\/ld+json\" class=\"yoast-schema-graph\">{\"@context\":\"https:\\\/\\\/schema.org\",\"@graph\":[{\"@type\":\"Article\",\"@id\":\"https:\\\/\\\/interamerica.org\\\/fr\\\/2014\\\/03\\\/porto-rico-lhopital-adventiste-a-60-ans-il-annonce-des-plans-dagrandissement\\\/#article\",\"isPartOf\":{\"@id\":\"https:\\\/\\\/interamerica.org\\\/fr\\\/2014\\\/03\\\/porto-rico-lhopital-adventiste-a-60-ans-il-annonce-des-plans-dagrandissement\\\/\"},\"author\":{\"name\":\"Lorenzo Verduzco\",\"@id\":\"https:\\\/\\\/interamerica.org\\\/fr\\\/#\\\/schema\\\/person\\\/68ede8bdc292885bb76c1e3810e73c39\"},\"headline\":\"Porto Rico : l\u2019H\u00f4pital Adventiste a 60 ans, il annonce des plans d\u2019agrandissement\",\"datePublished\":\"2014-03-04T04:00:00+00:00\",\"mainEntityOfPage\":{\"@id\":\"https:\\\/\\\/interamerica.org\\\/fr\\\/2014\\\/03\\\/porto-rico-lhopital-adventiste-a-60-ans-il-annonce-des-plans-dagrandissement\\\/\"},\"wordCount\":688,\"image\":{\"@id\":\"https:\\\/\\\/interamerica.org\\\/fr\\\/2014\\\/03\\\/porto-rico-lhopital-adventiste-a-60-ans-il-annonce-des-plans-dagrandissement\\\/#primaryimage\"},\"thumbnailUrl\":\"https:\\\/\\\/interamerica.org\\\/wp-content\\\/uploads\\\/2017\\\/06\\\/BVH-newsurgeryhall.png\",\"articleSection\":[\"Nouvelles du territoire\"],\"inLanguage\":\"fr-FR\"},{\"@type\":\"WebPage\",\"@id\":\"https:\\\/\\\/interamerica.org\\\/fr\\\/2014\\\/03\\\/porto-rico-lhopital-adventiste-a-60-ans-il-annonce-des-plans-dagrandissement\\\/\",\"url\":\"https:\\\/\\\/interamerica.org\\\/fr\\\/2014\\\/03\\\/porto-rico-lhopital-adventiste-a-60-ans-il-annonce-des-plans-dagrandissement\\\/\",\"name\":\"Porto Rico : l\u2019H\u00f4pital Adventiste a 60 ans, il annonce des plans d\u2019agrandissement - \u00c9glise Adventiste Du Septieme Jour - Inter Am\u00e9rique Division\",\"isPartOf\":{\"@id\":\"https:\\\/\\\/interamerica.org\\\/fr\\\/#website\"},\"primaryImageOfPage\":{\"@id\":\"https:\\\/\\\/interamerica.org\\\/fr\\\/2014\\\/03\\\/porto-rico-lhopital-adventiste-a-60-ans-il-annonce-des-plans-dagrandissement\\\/#primaryimage\"},\"image\":{\"@id\":\"https:\\\/\\\/interamerica.org\\\/fr\\\/2014\\\/03\\\/porto-rico-lhopital-adventiste-a-60-ans-il-annonce-des-plans-dagrandissement\\\/#primaryimage\"},\"thumbnailUrl\":\"https:\\\/\\\/interamerica.org\\\/wp-content\\\/uploads\\\/2017\\\/06\\\/BVH-newsurgeryhall.png\",\"datePublished\":\"2014-03-04T04:00:00+00:00\",\"author\":{\"@id\":\"https:\\\/\\\/interamerica.org\\\/fr\\\/#\\\/schema\\\/person\\\/68ede8bdc292885bb76c1e3810e73c39\"},\"breadcrumb\":{\"@id\":\"https:\\\/\\\/interamerica.org\\\/fr\\\/2014\\\/03\\\/porto-rico-lhopital-adventiste-a-60-ans-il-annonce-des-plans-dagrandissement\\\/#breadcrumb\"},\"inLanguage\":\"fr-FR\",\"potentialAction\":[{\"@type\":\"ReadAction\",\"target\":[\"https:\\\/\\\/interamerica.org\\\/fr\\\/2014\\\/03\\\/porto-rico-lhopital-adventiste-a-60-ans-il-annonce-des-plans-dagrandissement\\\/\"]}]},{\"@type\":\"ImageObject\",\"inLanguage\":\"fr-FR\",\"@id\":\"https:\\\/\\\/interamerica.org\\\/fr\\\/2014\\\/03\\\/porto-rico-lhopital-adventiste-a-60-ans-il-annonce-des-plans-dagrandissement\\\/#primaryimage\",\"url\":\"https:\\\/\\\/interamerica.org\\\/wp-content\\\/uploads\\\/2017\\\/06\\\/BVH-newsurgeryhall.png\",\"contentUrl\":\"https:\\\/\\\/interamerica.org\\\/wp-content\\\/uploads\\\/2017\\\/06\\\/BVH-newsurgeryhall.png\",\"width\":590,\"height\":393},{\"@type\":\"BreadcrumbList\",\"@id\":\"https:\\\/\\\/interamerica.org\\\/fr\\\/2014\\\/03\\\/porto-rico-lhopital-adventiste-a-60-ans-il-annonce-des-plans-dagrandissement\\\/#breadcrumb\",\"itemListElement\":[{\"@type\":\"ListItem\",\"position\":1,\"name\":\"Home\",\"item\":\"https:\\\/\\\/interamerica.org\\\/fr\\\/\"},{\"@type\":\"ListItem\",\"position\":2,\"name\":\"Porto Rico : l\u2019H\u00f4pital Adventiste a 60 ans, il annonce des plans d\u2019agrandissement\"}]},{\"@type\":\"WebSite\",\"@id\":\"https:\\\/\\\/interamerica.org\\\/fr\\\/#website\",\"url\":\"https:\\\/\\\/interamerica.org\\\/fr\\\/\",\"name\":\"\u00c9glise Adventiste Du Septieme Jour - Inter Am\u00e9rique Division\",\"description\":\"\",\"potentialAction\":[{\"@type\":\"SearchAction\",\"target\":{\"@type\":\"EntryPoint\",\"urlTemplate\":\"https:\\\/\\\/interamerica.org\\\/fr\\\/?s={search_term_string}\"},\"query-input\":{\"@type\":\"PropertyValueSpecification\",\"valueRequired\":true,\"valueName\":\"search_term_string\"}}],\"inLanguage\":\"fr-FR\"},{\"@type\":\"Person\",\"@id\":\"https:\\\/\\\/interamerica.org\\\/fr\\\/#\\\/schema\\\/person\\\/68ede8bdc292885bb76c1e3810e73c39\",\"name\":\"Lorenzo Verduzco\",\"image\":{\"@type\":\"ImageObject\",\"inLanguage\":\"fr-FR\",\"@id\":\"https:\\\/\\\/secure.gravatar.com\\\/avatar\\\/fb81a55b6218459490a9c1dc841a34909185b81904c5337b4b27f7a6fd60c49e?s=96&d=mm&r=g\",\"url\":\"https:\\\/\\\/secure.gravatar.com\\\/avatar\\\/fb81a55b6218459490a9c1dc841a34909185b81904c5337b4b27f7a6fd60c49e?s=96&d=mm&r=g\",\"contentUrl\":\"https:\\\/\\\/secure.gravatar.com\\\/avatar\\\/fb81a55b6218459490a9c1dc841a34909185b81904c5337b4b27f7a6fd60c49e?s=96&d=mm&r=g\",\"caption\":\"Lorenzo Verduzco\"}}]}<\/script>\n<!-- \/ Yoast SEO plugin. -->","yoast_head_json":{"title":"Porto Rico : l\u2019H\u00f4pital Adventiste a 60 ans, il annonce des plans d\u2019agrandissement - \u00c9glise Adventiste Du Septieme Jour - Inter Am\u00e9rique Division","robots":{"index":"index","follow":"follow","max-snippet":"max-snippet:-1","max-image-preview":"max-image-preview:large","max-video-preview":"max-video-preview:-1"},"canonical":"https:\/\/interamerica.org\/fr\/2014\/03\/porto-rico-lhopital-adventiste-a-60-ans-il-annonce-des-plans-dagrandissement\/","og_locale":"fr_FR","og_type":"article","og_title":"Porto Rico : l\u2019H\u00f4pital Adventiste a 60 ans, il annonce des plans d\u2019agrandissement - \u00c9glise Adventiste Du Septieme Jour - Inter Am\u00e9rique Division","og_description":"L\u2019H\u00f4pital Bella Vista \u00e0 Mayaguez, Porto Rico, une institution Adventiste g\u00e9r\u00e9e par l\u2019\u00e9glise, c\u00e9l\u00e8bre cette ann\u00e9e 60 ans de soins prodigu\u00e9s, et a r\u00e9cemment annonc\u00e9 un plan d\u2019agrandissement de 3,5 millions de dollars. L\u2019annonce a \u00e9t\u00e9 faite lors d\u2019une s\u00e9rie d\u2019activit\u00e9s organis\u00e9es dans la communaut\u00e9 dans le cadre de l\u2019anniversaire.","og_url":"https:\/\/interamerica.org\/fr\/2014\/03\/porto-rico-lhopital-adventiste-a-60-ans-il-annonce-des-plans-dagrandissement\/","og_site_name":"\u00c9glise Adventiste Du Septieme Jour - Inter Am\u00e9rique Division","article_published_time":"2014-03-04T04:00:00+00:00","og_image":[{"width":590,"height":393,"url":"https:\/\/interamerica.org\/wp-content\/uploads\/2017\/06\/BVH-newsurgeryhall.png","type":"image\/png"}],"author":"Lorenzo Verduzco","twitter_card":"summary_large_image","twitter_misc":{"\u00c9crit par":"Lorenzo Verduzco","Dur\u00e9e de lecture estim\u00e9e":"3 minutes"},"schema":{"@context":"https:\/\/schema.org","@graph":[{"@type":"Article","@id":"https:\/\/interamerica.org\/fr\/2014\/03\/porto-rico-lhopital-adventiste-a-60-ans-il-annonce-des-plans-dagrandissement\/#article","isPartOf":{"@id":"https:\/\/interamerica.org\/fr\/2014\/03\/porto-rico-lhopital-adventiste-a-60-ans-il-annonce-des-plans-dagrandissement\/"},"author":{"name":"Lorenzo Verduzco","@id":"https:\/\/interamerica.org\/fr\/#\/schema\/person\/68ede8bdc292885bb76c1e3810e73c39"},"headline":"Porto Rico : l\u2019H\u00f4pital Adventiste a 60 ans, il annonce des plans d\u2019agrandissement","datePublished":"2014-03-04T04:00:00+00:00","mainEntityOfPage":{"@id":"https:\/\/interamerica.org\/fr\/2014\/03\/porto-rico-lhopital-adventiste-a-60-ans-il-annonce-des-plans-dagrandissement\/"},"wordCount":688,"image":{"@id":"https:\/\/interamerica.org\/fr\/2014\/03\/porto-rico-lhopital-adventiste-a-60-ans-il-annonce-des-plans-dagrandissement\/#primaryimage"},"thumbnailUrl":"https:\/\/interamerica.org\/wp-content\/uploads\/2017\/06\/BVH-newsurgeryhall.png","articleSection":["Nouvelles du territoire"],"inLanguage":"fr-FR"},{"@type":"WebPage","@id":"https:\/\/interamerica.org\/fr\/2014\/03\/porto-rico-lhopital-adventiste-a-60-ans-il-annonce-des-plans-dagrandissement\/","url":"https:\/\/interamerica.org\/fr\/2014\/03\/porto-rico-lhopital-adventiste-a-60-ans-il-annonce-des-plans-dagrandissement\/","name":"Porto Rico : l\u2019H\u00f4pital Adventiste a 60 ans, il annonce des plans d\u2019agrandissement - \u00c9glise Adventiste Du Septieme Jour - Inter Am\u00e9rique Division","isPartOf":{"@id":"https:\/\/interamerica.org\/fr\/#website"},"primaryImageOfPage":{"@id":"https:\/\/interamerica.org\/fr\/2014\/03\/porto-rico-lhopital-adventiste-a-60-ans-il-annonce-des-plans-dagrandissement\/#primaryimage"},"image":{"@id":"https:\/\/interamerica.org\/fr\/2014\/03\/porto-rico-lhopital-adventiste-a-60-ans-il-annonce-des-plans-dagrandissement\/#primaryimage"},"thumbnailUrl":"https:\/\/interamerica.org\/wp-content\/uploads\/2017\/06\/BVH-newsurgeryhall.png","datePublished":"2014-03-04T04:00:00+00:00","author":{"@id":"https:\/\/interamerica.org\/fr\/#\/schema\/person\/68ede8bdc292885bb76c1e3810e73c39"},"breadcrumb":{"@id":"https:\/\/interamerica.org\/fr\/2014\/03\/porto-rico-lhopital-adventiste-a-60-ans-il-annonce-des-plans-dagrandissement\/#breadcrumb"},"inLanguage":"fr-FR","potentialAction":[{"@type":"ReadAction","target":["https:\/\/interamerica.org\/fr\/2014\/03\/porto-rico-lhopital-adventiste-a-60-ans-il-annonce-des-plans-dagrandissement\/"]}]},{"@type":"ImageObject","inLanguage":"fr-FR","@id":"https:\/\/interamerica.org\/fr\/2014\/03\/porto-rico-lhopital-adventiste-a-60-ans-il-annonce-des-plans-dagrandissement\/#primaryimage","url":"https:\/\/interamerica.org\/wp-content\/uploads\/2017\/06\/BVH-newsurgeryhall.png","contentUrl":"https:\/\/interamerica.org\/wp-content\/uploads\/2017\/06\/BVH-newsurgeryhall.png","width":590,"height":393},{"@type":"BreadcrumbList","@id":"https:\/\/interamerica.org\/fr\/2014\/03\/porto-rico-lhopital-adventiste-a-60-ans-il-annonce-des-plans-dagrandissement\/#breadcrumb","itemListElement":[{"@type":"ListItem","position":1,"name":"Home","item":"https:\/\/interamerica.org\/fr\/"},{"@type":"ListItem","position":2,"name":"Porto Rico : l\u2019H\u00f4pital Adventiste a 60 ans, il annonce des plans d\u2019agrandissement"}]},{"@type":"WebSite","@id":"https:\/\/interamerica.org\/fr\/#website","url":"https:\/\/interamerica.org\/fr\/","name":"\u00c9glise Adventiste Du Septieme Jour - Inter Am\u00e9rique Division","description":"","potentialAction":[{"@type":"SearchAction","target":{"@type":"EntryPoint","urlTemplate":"https:\/\/interamerica.org\/fr\/?s={search_term_string}"},"query-input":{"@type":"PropertyValueSpecification","valueRequired":true,"valueName":"search_term_string"}}],"inLanguage":"fr-FR"},{"@type":"Person","@id":"https:\/\/interamerica.org\/fr\/#\/schema\/person\/68ede8bdc292885bb76c1e3810e73c39","name":"Lorenzo Verduzco","image":{"@type":"ImageObject","inLanguage":"fr-FR","@id":"https:\/\/secure.gravatar.com\/avatar\/fb81a55b6218459490a9c1dc841a34909185b81904c5337b4b27f7a6fd60c49e?s=96&d=mm&r=g","url":"https:\/\/secure.gravatar.com\/avatar\/fb81a55b6218459490a9c1dc841a34909185b81904c5337b4b27f7a6fd60c49e?s=96&d=mm&r=g","contentUrl":"https:\/\/secure.gravatar.com\/avatar\/fb81a55b6218459490a9c1dc841a34909185b81904c5337b4b27f7a6fd60c49e?s=96&d=mm&r=g","caption":"Lorenzo Verduzco"}}]}},"_links":{"self":[{"href":"https:\/\/interamerica.org\/fr\/wp-json\/wp\/v2\/posts\/31893","targetHints":{"allow":["GET"]}}],"collection":[{"href":"https:\/\/interamerica.org\/fr\/wp-json\/wp\/v2\/posts"}],"about":[{"href":"https:\/\/interamerica.org\/fr\/wp-json\/wp\/v2\/types\/post"}],"author":[{"embeddable":true,"href":"https:\/\/interamerica.org\/fr\/wp-json\/wp\/v2\/users\/1"}],"replies":[{"embeddable":true,"href":"https:\/\/interamerica.org\/fr\/wp-json\/wp\/v2\/comments?post=31893"}],"version-history":[{"count":0,"href":"https:\/\/interamerica.org\/fr\/wp-json\/wp\/v2\/posts\/31893\/revisions"}],"wp:featuredmedia":[{"embeddable":true,"href":"https:\/\/interamerica.org\/fr\/wp-json\/wp\/v2\/media\/22697"}],"wp:attachment":[{"href":"https:\/\/interamerica.org\/fr\/wp-json\/wp\/v2\/media?parent=31893"}],"wp:term":[{"taxonomy":"category","embeddable":true,"href":"https:\/\/interamerica.org\/fr\/wp-json\/wp\/v2\/categories?post=31893"},{"taxonomy":"post_tag","embeddable":true,"href":"https:\/\/interamerica.org\/fr\/wp-json\/wp\/v2\/tags?post=31893"}],"curies":[{"name":"wp","href":"https:\/\/api.w.org\/{rel}","templated":true}]}}