{"id":31894,"date":"2014-03-06T00:00:00","date_gmt":"2014-03-06T04:00:00","guid":{"rendered":"http:\/\/192.81.217.108\/interamerica\/2014\/03\/inter-amerique-les-ecoles-adventistes-mettront-les-livres-de-cote-a-loccasion-de-la-journee-de-priere\/"},"modified":"2014-03-06T00:00:00","modified_gmt":"2014-03-06T04:00:00","slug":"inter-amerique-les-ecoles-adventistes-mettront-les-livres-de-cote-a-loccasion-de-la-journee-de-priere","status":"publish","type":"post","link":"https:\/\/interamerica.org\/fr\/2014\/03\/inter-amerique-les-ecoles-adventistes-mettront-les-livres-de-cote-a-loccasion-de-la-journee-de-priere\/","title":{"rendered":"Inter Am\u00e9rique : Les \u00e9coles Adventistes mettront les livres de c\u00f4t\u00e9 \u00e0 l\u2019occasion de la journ\u00e9e de pri\u00e8re"},"content":{"rendered":"<div id=\"attachment_10888\" style=\"width: 228px\" class=\"wp-caption alignleft\"><a href=\"\/interamerica\/wp-content\/uploads\/2017\/06\/studentsprayingSMll.png\" rel=\"fancybox\" title=\"Inter Am\u00e9rique : Les \u00e9coles Adventistes mettront les livres de c\u00f4t\u00e9 \u00e0 l\u2019occasion de la journ\u00e9e de pri\u00e8re\"><img fetchpriority=\"high\" decoding=\"async\" aria-describedby=\"caption-attachment-10888\" class=\"size-full wp-image-10888\" src=\"\/interamerica\/wp-content\/uploads\/2017\/06\/studentsprayingSMll.png\" alt=\"\" width=\"218\" height=\"287\" \/><\/a><p id=\"caption-attachment-10888\" class=\"wp-caption-text\">Les \u00e9tudiants des \u00e9coles et universit\u00e9s Adventistes du Septi\u00e8me jour prendront du temps pour prier et \u00e9tudier la Bible \u00e0 l\u2019occasion de la journ\u00e9e de pri\u00e8re qui aura lieu le 7 mars 2014 sur l\u2019ensemble du territoire. Photo d\u2019Archives DIA.<\/p><\/div>\n<p>6 Mars 2014 \u2013 Miami, Floride, Etats Unis\u2026Libna Stevens\/DIA<\/p>\n<p>Les \u00e9tudiants des \u00e9coles et universit\u00e9s Adventistes dans tout le territoire de la Division Inter Am\u00e9ricaine (DIA) d\u00e9poseront leurs livres et leurs crayons demain 7 mars 2014, afin de prier, \u00e9tudier la Bible et m\u00e9diter sur les b\u00e9n\u00e9dictions de Dieu.<\/p>\n<p>L\u2019initiative a \u00e9t\u00e9 lanc\u00e9e il y a plusieurs ann\u00e9es de cela par les leaders de l\u2019\u00e9glise afin de promouvoir l\u2019\u00e9tude de la Bible ainsi qu\u2019une vie de pri\u00e8re personnelle aupr\u00e8s des milliers d\u2019\u00e9tudiants inscrits dans les institutions \u00e9ducatives Adventistes, a d\u00e9clar\u00e9 Dr Gamaliel Florez, directeur de l\u2019\u00e9ducation pour l\u2019Eglise Adventiste en Inter Am\u00e9rique.<\/p>\n<p>\u00ab Nous souhaitons que tous nos \u00e9tudiants, de la maternelle \u00e0 l\u2019universit\u00e9 cherchent \u00e0 avoir une relation \u00e9troite avec Dieu gr\u00e2ce \u00e0 une vie de pri\u00e8re quotidienne, \u00bb a ajout\u00e9 Dr Florez. \u00ab Lors de cette journ\u00e9e sp\u00e9ciale de pri\u00e8re, les enseignants prieront pour les \u00e9tudiants et leurs familles et les \u00e9tudiants prieront les uns pour les autres et apprendront \u00e0 se rapprocher du Seigneur. \u00bb<\/p>\n<p>Les principaux leaders de l\u2019\u00e9glise se rendront dans les institutions \u00e9ducatives dans l\u2019ensemble des 22 unions de l\u2019Inter Am\u00e9rique afin de prier et de prendre part aux activit\u00e9s de cette journ\u00e9e sp\u00e9ciale.<\/p>\n<p>Des messages sp\u00e9ciaux en vid\u00e9o sont disponibles pour la journ\u00e9e de pri\u00e8re sur le site <a href=\"http:\/\/vimeo.com\/87377913\">vimeo.com\/interamerica<\/a><\/p>\n<p>Traduction: Patrick Luciathe<\/p>\n","protected":false},"excerpt":{"rendered":"<p>Les \u00e9tudiants des \u00e9coles et universit\u00e9s Adventistes dans tout le territoire de la Division Inter Am\u00e9ricaine (DIA) d\u00e9poseront leurs livres et leurs crayons demain 7 mars 2014, afin de prier, \u00e9tudier la Bible et m\u00e9diter sur les b\u00e9n\u00e9dictions de Dieu.<\/p>\n","protected":false},"author":1,"featured_media":22711,"comment_status":"closed","ping_status":"closed","sticky":false,"template":"","format":"standard","meta":{"_acf_changed":false,"footnotes":""},"categories":[20],"tags":[],"class_list":["post-31894","post","type-post","status-publish","format-standard","has-post-thumbnail","hentry","category-nouvelles-du-siege-de-la-division"],"acf":[],"yoast_head":"<!-- This site is optimized with the Yoast SEO plugin v27.3 - https:\/\/yoast.com\/product\/yoast-seo-wordpress\/ -->\n<title>Inter Am\u00e9rique : Les \u00e9coles Adventistes mettront les livres de c\u00f4t\u00e9 \u00e0 l\u2019occasion de la journ\u00e9e de pri\u00e8re - \u00c9glise Adventiste Du Septieme Jour - Inter Am\u00e9rique Division<\/title>\n<meta name=\"robots\" content=\"index, follow, max-snippet:-1, max-image-preview:large, max-video-preview:-1\" \/>\n<link rel=\"canonical\" href=\"https:\/\/interamerica.org\/fr\/2014\/03\/inter-amerique-les-ecoles-adventistes-mettront-les-livres-de-cote-a-loccasion-de-la-journee-de-priere\/\" \/>\n<meta property=\"og:locale\" content=\"fr_FR\" \/>\n<meta property=\"og:type\" content=\"article\" \/>\n<meta property=\"og:title\" content=\"Inter Am\u00e9rique : Les \u00e9coles Adventistes mettront les livres de c\u00f4t\u00e9 \u00e0 l\u2019occasion de la journ\u00e9e de pri\u00e8re - \u00c9glise Adventiste Du Septieme Jour - Inter Am\u00e9rique Division\" \/>\n<meta property=\"og:description\" content=\"Les \u00e9tudiants des \u00e9coles et universit\u00e9s Adventistes dans tout le territoire de la Division Inter Am\u00e9ricaine (DIA) d\u00e9poseront leurs livres et leurs crayons demain 7 mars 2014, afin de prier, \u00e9tudier la Bible et m\u00e9diter sur les b\u00e9n\u00e9dictions de Dieu.\" \/>\n<meta property=\"og:url\" content=\"https:\/\/interamerica.org\/fr\/2014\/03\/inter-amerique-les-ecoles-adventistes-mettront-les-livres-de-cote-a-loccasion-de-la-journee-de-priere\/\" \/>\n<meta property=\"og:site_name\" content=\"\u00c9glise Adventiste Du Septieme Jour - Inter Am\u00e9rique Division\" \/>\n<meta property=\"article:published_time\" content=\"2014-03-06T04:00:00+00:00\" \/>\n<meta property=\"og:image\" content=\"https:\/\/interamerica.org\/wp-content\/uploads\/2017\/06\/schoolprayerSml.png\" \/>\n\t<meta property=\"og:image:width\" content=\"315\" \/>\n\t<meta property=\"og:image:height\" content=\"233\" \/>\n\t<meta property=\"og:image:type\" content=\"image\/png\" \/>\n<meta name=\"author\" content=\"Lorenzo Verduzco\" \/>\n<meta name=\"twitter:card\" content=\"summary_large_image\" \/>\n<meta name=\"twitter:label1\" content=\"\u00c9crit par\" \/>\n\t<meta name=\"twitter:data1\" content=\"Lorenzo Verduzco\" \/>\n\t<meta name=\"twitter:label2\" content=\"Dur\u00e9e de lecture estim\u00e9e\" \/>\n\t<meta name=\"twitter:data2\" content=\"1 minute\" \/>\n<script type=\"application\/ld+json\" class=\"yoast-schema-graph\">{\"@context\":\"https:\\\/\\\/schema.org\",\"@graph\":[{\"@type\":\"Article\",\"@id\":\"https:\\\/\\\/interamerica.org\\\/fr\\\/2014\\\/03\\\/inter-amerique-les-ecoles-adventistes-mettront-les-livres-de-cote-a-loccasion-de-la-journee-de-priere\\\/#article\",\"isPartOf\":{\"@id\":\"https:\\\/\\\/interamerica.org\\\/fr\\\/2014\\\/03\\\/inter-amerique-les-ecoles-adventistes-mettront-les-livres-de-cote-a-loccasion-de-la-journee-de-priere\\\/\"},\"author\":{\"name\":\"Lorenzo Verduzco\",\"@id\":\"https:\\\/\\\/interamerica.org\\\/fr\\\/#\\\/schema\\\/person\\\/68ede8bdc292885bb76c1e3810e73c39\"},\"headline\":\"Inter Am\u00e9rique : Les \u00e9coles Adventistes mettront les livres de c\u00f4t\u00e9 \u00e0 l\u2019occasion de la journ\u00e9e de pri\u00e8re\",\"datePublished\":\"2014-03-06T04:00:00+00:00\",\"mainEntityOfPage\":{\"@id\":\"https:\\\/\\\/interamerica.org\\\/fr\\\/2014\\\/03\\\/inter-amerique-les-ecoles-adventistes-mettront-les-livres-de-cote-a-loccasion-de-la-journee-de-priere\\\/\"},\"wordCount\":317,\"image\":{\"@id\":\"https:\\\/\\\/interamerica.org\\\/fr\\\/2014\\\/03\\\/inter-amerique-les-ecoles-adventistes-mettront-les-livres-de-cote-a-loccasion-de-la-journee-de-priere\\\/#primaryimage\"},\"thumbnailUrl\":\"https:\\\/\\\/interamerica.org\\\/wp-content\\\/uploads\\\/2017\\\/06\\\/schoolprayerSml.png\",\"articleSection\":[\"Nouvelles du si\u00e8ge de la division\"],\"inLanguage\":\"fr-FR\"},{\"@type\":\"WebPage\",\"@id\":\"https:\\\/\\\/interamerica.org\\\/fr\\\/2014\\\/03\\\/inter-amerique-les-ecoles-adventistes-mettront-les-livres-de-cote-a-loccasion-de-la-journee-de-priere\\\/\",\"url\":\"https:\\\/\\\/interamerica.org\\\/fr\\\/2014\\\/03\\\/inter-amerique-les-ecoles-adventistes-mettront-les-livres-de-cote-a-loccasion-de-la-journee-de-priere\\\/\",\"name\":\"Inter Am\u00e9rique : Les \u00e9coles Adventistes mettront les livres de c\u00f4t\u00e9 \u00e0 l\u2019occasion de la journ\u00e9e de pri\u00e8re - \u00c9glise Adventiste Du Septieme Jour - Inter Am\u00e9rique Division\",\"isPartOf\":{\"@id\":\"https:\\\/\\\/interamerica.org\\\/fr\\\/#website\"},\"primaryImageOfPage\":{\"@id\":\"https:\\\/\\\/interamerica.org\\\/fr\\\/2014\\\/03\\\/inter-amerique-les-ecoles-adventistes-mettront-les-livres-de-cote-a-loccasion-de-la-journee-de-priere\\\/#primaryimage\"},\"image\":{\"@id\":\"https:\\\/\\\/interamerica.org\\\/fr\\\/2014\\\/03\\\/inter-amerique-les-ecoles-adventistes-mettront-les-livres-de-cote-a-loccasion-de-la-journee-de-priere\\\/#primaryimage\"},\"thumbnailUrl\":\"https:\\\/\\\/interamerica.org\\\/wp-content\\\/uploads\\\/2017\\\/06\\\/schoolprayerSml.png\",\"datePublished\":\"2014-03-06T04:00:00+00:00\",\"author\":{\"@id\":\"https:\\\/\\\/interamerica.org\\\/fr\\\/#\\\/schema\\\/person\\\/68ede8bdc292885bb76c1e3810e73c39\"},\"breadcrumb\":{\"@id\":\"https:\\\/\\\/interamerica.org\\\/fr\\\/2014\\\/03\\\/inter-amerique-les-ecoles-adventistes-mettront-les-livres-de-cote-a-loccasion-de-la-journee-de-priere\\\/#breadcrumb\"},\"inLanguage\":\"fr-FR\",\"potentialAction\":[{\"@type\":\"ReadAction\",\"target\":[\"https:\\\/\\\/interamerica.org\\\/fr\\\/2014\\\/03\\\/inter-amerique-les-ecoles-adventistes-mettront-les-livres-de-cote-a-loccasion-de-la-journee-de-priere\\\/\"]}]},{\"@type\":\"ImageObject\",\"inLanguage\":\"fr-FR\",\"@id\":\"https:\\\/\\\/interamerica.org\\\/fr\\\/2014\\\/03\\\/inter-amerique-les-ecoles-adventistes-mettront-les-livres-de-cote-a-loccasion-de-la-journee-de-priere\\\/#primaryimage\",\"url\":\"https:\\\/\\\/interamerica.org\\\/wp-content\\\/uploads\\\/2017\\\/06\\\/schoolprayerSml.png\",\"contentUrl\":\"https:\\\/\\\/interamerica.org\\\/wp-content\\\/uploads\\\/2017\\\/06\\\/schoolprayerSml.png\",\"width\":315,\"height\":233},{\"@type\":\"BreadcrumbList\",\"@id\":\"https:\\\/\\\/interamerica.org\\\/fr\\\/2014\\\/03\\\/inter-amerique-les-ecoles-adventistes-mettront-les-livres-de-cote-a-loccasion-de-la-journee-de-priere\\\/#breadcrumb\",\"itemListElement\":[{\"@type\":\"ListItem\",\"position\":1,\"name\":\"Home\",\"item\":\"https:\\\/\\\/interamerica.org\\\/fr\\\/\"},{\"@type\":\"ListItem\",\"position\":2,\"name\":\"Inter Am\u00e9rique : Les \u00e9coles Adventistes mettront les livres de c\u00f4t\u00e9 \u00e0 l\u2019occasion de la journ\u00e9e de pri\u00e8re\"}]},{\"@type\":\"WebSite\",\"@id\":\"https:\\\/\\\/interamerica.org\\\/fr\\\/#website\",\"url\":\"https:\\\/\\\/interamerica.org\\\/fr\\\/\",\"name\":\"\u00c9glise Adventiste Du Septieme Jour - Inter Am\u00e9rique Division\",\"description\":\"\",\"potentialAction\":[{\"@type\":\"SearchAction\",\"target\":{\"@type\":\"EntryPoint\",\"urlTemplate\":\"https:\\\/\\\/interamerica.org\\\/fr\\\/?s={search_term_string}\"},\"query-input\":{\"@type\":\"PropertyValueSpecification\",\"valueRequired\":true,\"valueName\":\"search_term_string\"}}],\"inLanguage\":\"fr-FR\"},{\"@type\":\"Person\",\"@id\":\"https:\\\/\\\/interamerica.org\\\/fr\\\/#\\\/schema\\\/person\\\/68ede8bdc292885bb76c1e3810e73c39\",\"name\":\"Lorenzo Verduzco\",\"image\":{\"@type\":\"ImageObject\",\"inLanguage\":\"fr-FR\",\"@id\":\"https:\\\/\\\/secure.gravatar.com\\\/avatar\\\/fb81a55b6218459490a9c1dc841a34909185b81904c5337b4b27f7a6fd60c49e?s=96&d=mm&r=g\",\"url\":\"https:\\\/\\\/secure.gravatar.com\\\/avatar\\\/fb81a55b6218459490a9c1dc841a34909185b81904c5337b4b27f7a6fd60c49e?s=96&d=mm&r=g\",\"contentUrl\":\"https:\\\/\\\/secure.gravatar.com\\\/avatar\\\/fb81a55b6218459490a9c1dc841a34909185b81904c5337b4b27f7a6fd60c49e?s=96&d=mm&r=g\",\"caption\":\"Lorenzo Verduzco\"}}]}<\/script>\n<!-- \/ Yoast SEO plugin. -->","yoast_head_json":{"title":"Inter Am\u00e9rique : Les \u00e9coles Adventistes mettront les livres de c\u00f4t\u00e9 \u00e0 l\u2019occasion de la journ\u00e9e de pri\u00e8re - \u00c9glise Adventiste Du Septieme Jour - Inter Am\u00e9rique Division","robots":{"index":"index","follow":"follow","max-snippet":"max-snippet:-1","max-image-preview":"max-image-preview:large","max-video-preview":"max-video-preview:-1"},"canonical":"https:\/\/interamerica.org\/fr\/2014\/03\/inter-amerique-les-ecoles-adventistes-mettront-les-livres-de-cote-a-loccasion-de-la-journee-de-priere\/","og_locale":"fr_FR","og_type":"article","og_title":"Inter Am\u00e9rique : Les \u00e9coles Adventistes mettront les livres de c\u00f4t\u00e9 \u00e0 l\u2019occasion de la journ\u00e9e de pri\u00e8re - \u00c9glise Adventiste Du Septieme Jour - Inter Am\u00e9rique Division","og_description":"Les \u00e9tudiants des \u00e9coles et universit\u00e9s Adventistes dans tout le territoire de la Division Inter Am\u00e9ricaine (DIA) d\u00e9poseront leurs livres et leurs crayons demain 7 mars 2014, afin de prier, \u00e9tudier la Bible et m\u00e9diter sur les b\u00e9n\u00e9dictions de Dieu.","og_url":"https:\/\/interamerica.org\/fr\/2014\/03\/inter-amerique-les-ecoles-adventistes-mettront-les-livres-de-cote-a-loccasion-de-la-journee-de-priere\/","og_site_name":"\u00c9glise Adventiste Du Septieme Jour - Inter Am\u00e9rique Division","article_published_time":"2014-03-06T04:00:00+00:00","og_image":[{"width":315,"height":233,"url":"https:\/\/interamerica.org\/wp-content\/uploads\/2017\/06\/schoolprayerSml.png","type":"image\/png"}],"author":"Lorenzo Verduzco","twitter_card":"summary_large_image","twitter_misc":{"\u00c9crit par":"Lorenzo Verduzco","Dur\u00e9e de lecture estim\u00e9e":"1 minute"},"schema":{"@context":"https:\/\/schema.org","@graph":[{"@type":"Article","@id":"https:\/\/interamerica.org\/fr\/2014\/03\/inter-amerique-les-ecoles-adventistes-mettront-les-livres-de-cote-a-loccasion-de-la-journee-de-priere\/#article","isPartOf":{"@id":"https:\/\/interamerica.org\/fr\/2014\/03\/inter-amerique-les-ecoles-adventistes-mettront-les-livres-de-cote-a-loccasion-de-la-journee-de-priere\/"},"author":{"name":"Lorenzo Verduzco","@id":"https:\/\/interamerica.org\/fr\/#\/schema\/person\/68ede8bdc292885bb76c1e3810e73c39"},"headline":"Inter Am\u00e9rique : Les \u00e9coles Adventistes mettront les livres de c\u00f4t\u00e9 \u00e0 l\u2019occasion de la journ\u00e9e de pri\u00e8re","datePublished":"2014-03-06T04:00:00+00:00","mainEntityOfPage":{"@id":"https:\/\/interamerica.org\/fr\/2014\/03\/inter-amerique-les-ecoles-adventistes-mettront-les-livres-de-cote-a-loccasion-de-la-journee-de-priere\/"},"wordCount":317,"image":{"@id":"https:\/\/interamerica.org\/fr\/2014\/03\/inter-amerique-les-ecoles-adventistes-mettront-les-livres-de-cote-a-loccasion-de-la-journee-de-priere\/#primaryimage"},"thumbnailUrl":"https:\/\/interamerica.org\/wp-content\/uploads\/2017\/06\/schoolprayerSml.png","articleSection":["Nouvelles du si\u00e8ge de la division"],"inLanguage":"fr-FR"},{"@type":"WebPage","@id":"https:\/\/interamerica.org\/fr\/2014\/03\/inter-amerique-les-ecoles-adventistes-mettront-les-livres-de-cote-a-loccasion-de-la-journee-de-priere\/","url":"https:\/\/interamerica.org\/fr\/2014\/03\/inter-amerique-les-ecoles-adventistes-mettront-les-livres-de-cote-a-loccasion-de-la-journee-de-priere\/","name":"Inter Am\u00e9rique : Les \u00e9coles Adventistes mettront les livres de c\u00f4t\u00e9 \u00e0 l\u2019occasion de la journ\u00e9e de pri\u00e8re - \u00c9glise Adventiste Du Septieme Jour - Inter Am\u00e9rique Division","isPartOf":{"@id":"https:\/\/interamerica.org\/fr\/#website"},"primaryImageOfPage":{"@id":"https:\/\/interamerica.org\/fr\/2014\/03\/inter-amerique-les-ecoles-adventistes-mettront-les-livres-de-cote-a-loccasion-de-la-journee-de-priere\/#primaryimage"},"image":{"@id":"https:\/\/interamerica.org\/fr\/2014\/03\/inter-amerique-les-ecoles-adventistes-mettront-les-livres-de-cote-a-loccasion-de-la-journee-de-priere\/#primaryimage"},"thumbnailUrl":"https:\/\/interamerica.org\/wp-content\/uploads\/2017\/06\/schoolprayerSml.png","datePublished":"2014-03-06T04:00:00+00:00","author":{"@id":"https:\/\/interamerica.org\/fr\/#\/schema\/person\/68ede8bdc292885bb76c1e3810e73c39"},"breadcrumb":{"@id":"https:\/\/interamerica.org\/fr\/2014\/03\/inter-amerique-les-ecoles-adventistes-mettront-les-livres-de-cote-a-loccasion-de-la-journee-de-priere\/#breadcrumb"},"inLanguage":"fr-FR","potentialAction":[{"@type":"ReadAction","target":["https:\/\/interamerica.org\/fr\/2014\/03\/inter-amerique-les-ecoles-adventistes-mettront-les-livres-de-cote-a-loccasion-de-la-journee-de-priere\/"]}]},{"@type":"ImageObject","inLanguage":"fr-FR","@id":"https:\/\/interamerica.org\/fr\/2014\/03\/inter-amerique-les-ecoles-adventistes-mettront-les-livres-de-cote-a-loccasion-de-la-journee-de-priere\/#primaryimage","url":"https:\/\/interamerica.org\/wp-content\/uploads\/2017\/06\/schoolprayerSml.png","contentUrl":"https:\/\/interamerica.org\/wp-content\/uploads\/2017\/06\/schoolprayerSml.png","width":315,"height":233},{"@type":"BreadcrumbList","@id":"https:\/\/interamerica.org\/fr\/2014\/03\/inter-amerique-les-ecoles-adventistes-mettront-les-livres-de-cote-a-loccasion-de-la-journee-de-priere\/#breadcrumb","itemListElement":[{"@type":"ListItem","position":1,"name":"Home","item":"https:\/\/interamerica.org\/fr\/"},{"@type":"ListItem","position":2,"name":"Inter Am\u00e9rique : Les \u00e9coles Adventistes mettront les livres de c\u00f4t\u00e9 \u00e0 l\u2019occasion de la journ\u00e9e de pri\u00e8re"}]},{"@type":"WebSite","@id":"https:\/\/interamerica.org\/fr\/#website","url":"https:\/\/interamerica.org\/fr\/","name":"\u00c9glise Adventiste Du Septieme Jour - Inter Am\u00e9rique Division","description":"","potentialAction":[{"@type":"SearchAction","target":{"@type":"EntryPoint","urlTemplate":"https:\/\/interamerica.org\/fr\/?s={search_term_string}"},"query-input":{"@type":"PropertyValueSpecification","valueRequired":true,"valueName":"search_term_string"}}],"inLanguage":"fr-FR"},{"@type":"Person","@id":"https:\/\/interamerica.org\/fr\/#\/schema\/person\/68ede8bdc292885bb76c1e3810e73c39","name":"Lorenzo Verduzco","image":{"@type":"ImageObject","inLanguage":"fr-FR","@id":"https:\/\/secure.gravatar.com\/avatar\/fb81a55b6218459490a9c1dc841a34909185b81904c5337b4b27f7a6fd60c49e?s=96&d=mm&r=g","url":"https:\/\/secure.gravatar.com\/avatar\/fb81a55b6218459490a9c1dc841a34909185b81904c5337b4b27f7a6fd60c49e?s=96&d=mm&r=g","contentUrl":"https:\/\/secure.gravatar.com\/avatar\/fb81a55b6218459490a9c1dc841a34909185b81904c5337b4b27f7a6fd60c49e?s=96&d=mm&r=g","caption":"Lorenzo Verduzco"}}]}},"_links":{"self":[{"href":"https:\/\/interamerica.org\/fr\/wp-json\/wp\/v2\/posts\/31894","targetHints":{"allow":["GET"]}}],"collection":[{"href":"https:\/\/interamerica.org\/fr\/wp-json\/wp\/v2\/posts"}],"about":[{"href":"https:\/\/interamerica.org\/fr\/wp-json\/wp\/v2\/types\/post"}],"author":[{"embeddable":true,"href":"https:\/\/interamerica.org\/fr\/wp-json\/wp\/v2\/users\/1"}],"replies":[{"embeddable":true,"href":"https:\/\/interamerica.org\/fr\/wp-json\/wp\/v2\/comments?post=31894"}],"version-history":[{"count":0,"href":"https:\/\/interamerica.org\/fr\/wp-json\/wp\/v2\/posts\/31894\/revisions"}],"wp:featuredmedia":[{"embeddable":true,"href":"https:\/\/interamerica.org\/fr\/wp-json\/wp\/v2\/media\/22711"}],"wp:attachment":[{"href":"https:\/\/interamerica.org\/fr\/wp-json\/wp\/v2\/media?parent=31894"}],"wp:term":[{"taxonomy":"category","embeddable":true,"href":"https:\/\/interamerica.org\/fr\/wp-json\/wp\/v2\/categories?post=31894"},{"taxonomy":"post_tag","embeddable":true,"href":"https:\/\/interamerica.org\/fr\/wp-json\/wp\/v2\/tags?post=31894"}],"curies":[{"name":"wp","href":"https:\/\/api.w.org\/{rel}","templated":true}]}}