{"id":31895,"date":"2014-03-07T00:00:00","date_gmt":"2014-03-07T04:00:00","guid":{"rendered":"http:\/\/192.81.217.108\/interamerica\/2014\/03\/le-festival-de-la-liberte-religieuse-en-haiti-met-en-lumiere-la-coexistence-pacifique\/"},"modified":"2014-03-07T00:00:00","modified_gmt":"2014-03-07T04:00:00","slug":"le-festival-de-la-liberte-religieuse-en-haiti-met-en-lumiere-la-coexistence-pacifique","status":"publish","type":"post","link":"https:\/\/interamerica.org\/fr\/2014\/03\/le-festival-de-la-liberte-religieuse-en-haiti-met-en-lumiere-la-coexistence-pacifique\/","title":{"rendered":"Le festival de la libert\u00e9 religieuse en Ha\u00efti met en lumi\u00e8re la coexistence pacifique"},"content":{"rendered":"<p>6 Mars 2014 \u2013 Silver Spring, Maryland, Etats Unis\u2026ANN<\/p>\n<p>Un festival de la libert\u00e9 religieuse qui s\u2019est tenu en Ha\u00efti le mois dernier conforte l\u2019Eglise Adventiste du Septi\u00e8me jour comme \u00e9tant un des principaux leaders dans la promotion de la libre expression de croyance dans le pays.<\/p>\n<div id=\"attachment_10895\" style=\"width: 310px\" class=\"wp-caption alignright\"><a href=\"\/interamerica\/wp-content\/uploads\/2017\/06\/csm_irla-haiti-web_5670254459.jpg\" rel=\"fancybox\" title=\"Le festival de la libert\u00e9 religieuse en Ha\u00efti met en lumi\u00e8re la coexistence pacifique\"><img fetchpriority=\"high\" decoding=\"async\" aria-describedby=\"caption-attachment-10895\" class=\"size-medium wp-image-10895\" src=\"\/interamerica\/wp-content\/uploads\/2017\/06\/csm_irla-haiti-web_5670254459-300x225.jpg\" alt=\"\" width=\"300\" height=\"225\" \/><\/a><p id=\"caption-attachment-10895\" class=\"wp-caption-text\">A partir de la gauche : John Graz, secr\u00e9taire g\u00e9n\u00e9ral de l\u2019Association Internationale de la Libert\u00e9 Religieuse (IRLA); Elie Henry, secr\u00e9taire ex\u00e9cutif de la Division Inter Am\u00e9ricaine ; et Theart St Pierre, pr\u00e9sident de l\u2019Union Mission d\u2019Ha\u00efti, lors du premier festival de la libert\u00e9 religieuse qui s\u2019est tenu en Ha\u00efti. L\u2019IRLA sponsorise r\u00e9guli\u00e8rement des festivals \u00e0 travers le monde pour remercier les leaders de gouvernement qui pr\u00e9servent la libert\u00e9 de croyance. Image IRLA.<\/p><\/div>\n<p>Organis\u00e9 par l\u2019Union Mission d\u2019Ha\u00efti et sponsoris\u00e9 par l\u2019Association Internationale de la Libert\u00e9 Religieuse, le programme a r\u00e9uni plus de 3000 personnes \u00e0 Port-au-Prince pour c\u00e9l\u00e9brer la libert\u00e9 de croyance et aider \u00e0 mieux faire conna\u00eetre la cause de la libert\u00e9 religieuse dans la Cara\u00efbe.<\/p>\n<p>La ville de Port-au-Prince est toujours convalescente apr\u00e8s un s\u00e9isme d\u00e9vastateur en 2010 qui a caus\u00e9 7,8 milliards de dollars de d\u00e9g\u00e2ts dans une nation d\u00e9j\u00e0 consid\u00e9r\u00e9e comme la plus pauvre de l\u2019H\u00e9misph\u00e8re Occidental. En 2012, deux cyclones sont venus compliquer les efforts de reconstruction.<\/p>\n<p>\u00ab Le peuple d\u2019Ha\u00efti a fait preuve d\u2019un grand courage et d\u2019une extraordinaire capacit\u00e9 de survie. La libert\u00e9 religieuse est un droit que les ha\u00eftiens ch\u00e9rissent et sont d\u00e9termin\u00e9s \u00e0 garder, \u00bb a d\u00e9clar\u00e9 John Graz, le secr\u00e9taire g\u00e9n\u00e9ral d\u2019IRLA.<\/p>\n<p>Le festival intervenait dans le cadre du premier Congr\u00e8s sur la Libert\u00e9 Religieuse en Ha\u00efti. Des centaines d\u2019avocats, de d\u00e9fenseurs des droits de l\u2019homme, des leaders gouvernementaux et des repr\u00e9sentants de d\u00e9nominations se sont retrouv\u00e9s pour deux jours de pr\u00e9sentations et d\u2019ateliers qui ont mis en lumi\u00e8re la coexistence pacifique entre les mouvements religieux en Ha\u00efti et ont amen\u00e9 plusieurs recommandations.<\/p>\n<p>Le groupe s\u2019est engag\u00e9 \u00e0 organiser une section ha\u00eftienne de l\u2019Association Internationale de la Libert\u00e9 Religieuse et \u00e0 n\u00e9gocier avec le gouvernement ha\u00eftien pour la mise en place d\u2019une Journ\u00e9e Nationale de la Libert\u00e9 Religieuse dans le pays.<\/p>\n<p>Autres recommandations :<\/p>\n<ul>\n<li>Le Congr\u00e8s appelle le gouvernement \u00e0 pr\u00e9server la s\u00e9paration de l\u2019\u00e9glise et de l\u2019\u00e9tat.<\/li>\n<\/ul>\n<ul>\n<li>Le Congr\u00e8s condamne tout acte d\u2019intol\u00e9rance, de discrimination et de violence perp\u00e9tr\u00e9 dans le pass\u00e9 contre les individus ou les groupes \u00e0 cause de leur religion ou croyance.<\/li>\n<\/ul>\n<ul>\n<li>Le Congr\u00e8s exprime sa solidarit\u00e9 avec tous les groupes et les individus qui sont victimes de la violation de leurs droits \u00e0 la libert\u00e9 religieuse \u00e0 travers le monde.<\/li>\n<\/ul>\n<p>Au cours de ses remarques, Marie Carmelle Rose Ann Auguste, Ministre des Droits de l\u2019Homme pour le gouvernement ha\u00eftien, a fait r\u00e9f\u00e9rence \u00e0 la libert\u00e9 religieuse comme \u00e9tant un droit de l\u2019homme \u00ab essentiel. \u00bb<\/p>\n<p>\u00ab C\u2019est gr\u00e2ce au libre exercice de la conscience que l\u2019\u00e2me de l\u2019individu et celle de la nation sont affermies, \u00bb a t-elle dit.<\/p>\n<p>Fran\u00e7ois Clavairoly, pr\u00e9sident de la F\u00e9d\u00e9ration Protestante de France, et un groupe de responsables religieux en provenance de Paris ont apport\u00e9 une \u00ab dimension internationale \u00bb au programme, a dit John Graz. Ha\u00efti est la seule nation ind\u00e9pendante principalement francophone dans les Am\u00e9riques.<\/p>\n<p>D\u2019autres d\u00e9nominations Protestantes, l\u2019Eglise Catholique, l\u2019Arm\u00e9e du Salut et des religions syncr\u00e9tiques \u00e9taient aussi repr\u00e9sent\u00e9es. Des religions syncr\u00e9tiques comme le Vaudou sont largement pratiqu\u00e9es en Ha\u00efti.<\/p>\n<p>Un autre festival de la libert\u00e9 religieuse est pr\u00e9vu \u00e0 Port-au-Prince en 2015.<\/p>\n<p>Traduction: Patrick Luciathe<\/p>\n","protected":false},"excerpt":{"rendered":"<p>Un festival de la libert\u00e9 religieuse qui s\u2019est tenu en Ha\u00efti le mois dernier conforte l\u2019Eglise Adventiste du Septi\u00e8me jour comme \u00e9tant un des principaux leaders dans la promotion de la libre expression de croyance dans le pays.<\/p>\n","protected":false},"author":1,"featured_media":22721,"comment_status":"closed","ping_status":"closed","sticky":false,"template":"","format":"standard","meta":{"_acf_changed":false,"footnotes":""},"categories":[21],"tags":[],"class_list":["post-31895","post","type-post","status-publish","format-standard","has-post-thumbnail","hentry","category-nouvelles-du-territoire"],"acf":[],"yoast_head":"<!-- This site is optimized with the Yoast SEO plugin v27.3 - https:\/\/yoast.com\/product\/yoast-seo-wordpress\/ -->\n<title>Le festival de la libert\u00e9 religieuse en Ha\u00efti met en lumi\u00e8re la coexistence pacifique - \u00c9glise Adventiste Du Septieme Jour - Inter Am\u00e9rique Division<\/title>\n<meta name=\"robots\" content=\"index, follow, max-snippet:-1, max-image-preview:large, max-video-preview:-1\" \/>\n<link rel=\"canonical\" href=\"https:\/\/interamerica.org\/fr\/2014\/03\/le-festival-de-la-liberte-religieuse-en-haiti-met-en-lumiere-la-coexistence-pacifique\/\" \/>\n<meta property=\"og:locale\" content=\"fr_FR\" \/>\n<meta property=\"og:type\" content=\"article\" \/>\n<meta property=\"og:title\" content=\"Le festival de la libert\u00e9 religieuse en Ha\u00efti met en lumi\u00e8re la coexistence pacifique - \u00c9glise Adventiste Du Septieme Jour - Inter Am\u00e9rique Division\" \/>\n<meta property=\"og:description\" content=\"Un festival de la libert\u00e9 religieuse qui s\u2019est tenu en Ha\u00efti le mois dernier conforte l\u2019Eglise Adventiste du Septi\u00e8me jour comme \u00e9tant un des principaux leaders dans la promotion de la libre expression de croyance dans le pays.\" \/>\n<meta property=\"og:url\" content=\"https:\/\/interamerica.org\/fr\/2014\/03\/le-festival-de-la-liberte-religieuse-en-haiti-met-en-lumiere-la-coexistence-pacifique\/\" \/>\n<meta property=\"og:site_name\" content=\"\u00c9glise Adventiste Du Septieme Jour - Inter Am\u00e9rique Division\" \/>\n<meta property=\"article:published_time\" content=\"2014-03-07T04:00:00+00:00\" \/>\n<meta property=\"og:image\" content=\"https:\/\/interamerica.org\/wp-content\/uploads\/2017\/06\/csm_irla-haiti-web_5670254459.jpg\" \/>\n\t<meta property=\"og:image:width\" content=\"400\" \/>\n\t<meta property=\"og:image:height\" content=\"300\" \/>\n\t<meta property=\"og:image:type\" content=\"image\/jpeg\" \/>\n<meta name=\"author\" content=\"Lorenzo Verduzco\" \/>\n<meta name=\"twitter:card\" content=\"summary_large_image\" \/>\n<meta name=\"twitter:label1\" content=\"\u00c9crit par\" \/>\n\t<meta name=\"twitter:data1\" content=\"Lorenzo Verduzco\" \/>\n\t<meta name=\"twitter:label2\" content=\"Dur\u00e9e de lecture estim\u00e9e\" \/>\n\t<meta name=\"twitter:data2\" content=\"3 minutes\" \/>\n<script type=\"application\/ld+json\" class=\"yoast-schema-graph\">{\"@context\":\"https:\\\/\\\/schema.org\",\"@graph\":[{\"@type\":\"Article\",\"@id\":\"https:\\\/\\\/interamerica.org\\\/fr\\\/2014\\\/03\\\/le-festival-de-la-liberte-religieuse-en-haiti-met-en-lumiere-la-coexistence-pacifique\\\/#article\",\"isPartOf\":{\"@id\":\"https:\\\/\\\/interamerica.org\\\/fr\\\/2014\\\/03\\\/le-festival-de-la-liberte-religieuse-en-haiti-met-en-lumiere-la-coexistence-pacifique\\\/\"},\"author\":{\"name\":\"Lorenzo Verduzco\",\"@id\":\"https:\\\/\\\/interamerica.org\\\/fr\\\/#\\\/schema\\\/person\\\/68ede8bdc292885bb76c1e3810e73c39\"},\"headline\":\"Le festival de la libert\u00e9 religieuse en Ha\u00efti met en lumi\u00e8re la coexistence pacifique\",\"datePublished\":\"2014-03-07T04:00:00+00:00\",\"mainEntityOfPage\":{\"@id\":\"https:\\\/\\\/interamerica.org\\\/fr\\\/2014\\\/03\\\/le-festival-de-la-liberte-religieuse-en-haiti-met-en-lumiere-la-coexistence-pacifique\\\/\"},\"wordCount\":671,\"image\":{\"@id\":\"https:\\\/\\\/interamerica.org\\\/fr\\\/2014\\\/03\\\/le-festival-de-la-liberte-religieuse-en-haiti-met-en-lumiere-la-coexistence-pacifique\\\/#primaryimage\"},\"thumbnailUrl\":\"https:\\\/\\\/interamerica.org\\\/wp-content\\\/uploads\\\/2017\\\/06\\\/csm_irla-haiti-web_5670254459.jpg\",\"articleSection\":[\"Nouvelles du territoire\"],\"inLanguage\":\"fr-FR\"},{\"@type\":\"WebPage\",\"@id\":\"https:\\\/\\\/interamerica.org\\\/fr\\\/2014\\\/03\\\/le-festival-de-la-liberte-religieuse-en-haiti-met-en-lumiere-la-coexistence-pacifique\\\/\",\"url\":\"https:\\\/\\\/interamerica.org\\\/fr\\\/2014\\\/03\\\/le-festival-de-la-liberte-religieuse-en-haiti-met-en-lumiere-la-coexistence-pacifique\\\/\",\"name\":\"Le festival de la libert\u00e9 religieuse en Ha\u00efti met en lumi\u00e8re la coexistence pacifique - \u00c9glise Adventiste Du Septieme Jour - Inter Am\u00e9rique Division\",\"isPartOf\":{\"@id\":\"https:\\\/\\\/interamerica.org\\\/fr\\\/#website\"},\"primaryImageOfPage\":{\"@id\":\"https:\\\/\\\/interamerica.org\\\/fr\\\/2014\\\/03\\\/le-festival-de-la-liberte-religieuse-en-haiti-met-en-lumiere-la-coexistence-pacifique\\\/#primaryimage\"},\"image\":{\"@id\":\"https:\\\/\\\/interamerica.org\\\/fr\\\/2014\\\/03\\\/le-festival-de-la-liberte-religieuse-en-haiti-met-en-lumiere-la-coexistence-pacifique\\\/#primaryimage\"},\"thumbnailUrl\":\"https:\\\/\\\/interamerica.org\\\/wp-content\\\/uploads\\\/2017\\\/06\\\/csm_irla-haiti-web_5670254459.jpg\",\"datePublished\":\"2014-03-07T04:00:00+00:00\",\"author\":{\"@id\":\"https:\\\/\\\/interamerica.org\\\/fr\\\/#\\\/schema\\\/person\\\/68ede8bdc292885bb76c1e3810e73c39\"},\"breadcrumb\":{\"@id\":\"https:\\\/\\\/interamerica.org\\\/fr\\\/2014\\\/03\\\/le-festival-de-la-liberte-religieuse-en-haiti-met-en-lumiere-la-coexistence-pacifique\\\/#breadcrumb\"},\"inLanguage\":\"fr-FR\",\"potentialAction\":[{\"@type\":\"ReadAction\",\"target\":[\"https:\\\/\\\/interamerica.org\\\/fr\\\/2014\\\/03\\\/le-festival-de-la-liberte-religieuse-en-haiti-met-en-lumiere-la-coexistence-pacifique\\\/\"]}]},{\"@type\":\"ImageObject\",\"inLanguage\":\"fr-FR\",\"@id\":\"https:\\\/\\\/interamerica.org\\\/fr\\\/2014\\\/03\\\/le-festival-de-la-liberte-religieuse-en-haiti-met-en-lumiere-la-coexistence-pacifique\\\/#primaryimage\",\"url\":\"https:\\\/\\\/interamerica.org\\\/wp-content\\\/uploads\\\/2017\\\/06\\\/csm_irla-haiti-web_5670254459.jpg\",\"contentUrl\":\"https:\\\/\\\/interamerica.org\\\/wp-content\\\/uploads\\\/2017\\\/06\\\/csm_irla-haiti-web_5670254459.jpg\",\"width\":400,\"height\":300},{\"@type\":\"BreadcrumbList\",\"@id\":\"https:\\\/\\\/interamerica.org\\\/fr\\\/2014\\\/03\\\/le-festival-de-la-liberte-religieuse-en-haiti-met-en-lumiere-la-coexistence-pacifique\\\/#breadcrumb\",\"itemListElement\":[{\"@type\":\"ListItem\",\"position\":1,\"name\":\"Home\",\"item\":\"https:\\\/\\\/interamerica.org\\\/fr\\\/\"},{\"@type\":\"ListItem\",\"position\":2,\"name\":\"Le festival de la libert\u00e9 religieuse en Ha\u00efti met en lumi\u00e8re la coexistence pacifique\"}]},{\"@type\":\"WebSite\",\"@id\":\"https:\\\/\\\/interamerica.org\\\/fr\\\/#website\",\"url\":\"https:\\\/\\\/interamerica.org\\\/fr\\\/\",\"name\":\"\u00c9glise Adventiste Du Septieme Jour - Inter Am\u00e9rique Division\",\"description\":\"\",\"potentialAction\":[{\"@type\":\"SearchAction\",\"target\":{\"@type\":\"EntryPoint\",\"urlTemplate\":\"https:\\\/\\\/interamerica.org\\\/fr\\\/?s={search_term_string}\"},\"query-input\":{\"@type\":\"PropertyValueSpecification\",\"valueRequired\":true,\"valueName\":\"search_term_string\"}}],\"inLanguage\":\"fr-FR\"},{\"@type\":\"Person\",\"@id\":\"https:\\\/\\\/interamerica.org\\\/fr\\\/#\\\/schema\\\/person\\\/68ede8bdc292885bb76c1e3810e73c39\",\"name\":\"Lorenzo Verduzco\",\"image\":{\"@type\":\"ImageObject\",\"inLanguage\":\"fr-FR\",\"@id\":\"https:\\\/\\\/secure.gravatar.com\\\/avatar\\\/fb81a55b6218459490a9c1dc841a34909185b81904c5337b4b27f7a6fd60c49e?s=96&d=mm&r=g\",\"url\":\"https:\\\/\\\/secure.gravatar.com\\\/avatar\\\/fb81a55b6218459490a9c1dc841a34909185b81904c5337b4b27f7a6fd60c49e?s=96&d=mm&r=g\",\"contentUrl\":\"https:\\\/\\\/secure.gravatar.com\\\/avatar\\\/fb81a55b6218459490a9c1dc841a34909185b81904c5337b4b27f7a6fd60c49e?s=96&d=mm&r=g\",\"caption\":\"Lorenzo Verduzco\"}}]}<\/script>\n<!-- \/ Yoast SEO plugin. -->","yoast_head_json":{"title":"Le festival de la libert\u00e9 religieuse en Ha\u00efti met en lumi\u00e8re la coexistence pacifique - \u00c9glise Adventiste Du Septieme Jour - Inter Am\u00e9rique Division","robots":{"index":"index","follow":"follow","max-snippet":"max-snippet:-1","max-image-preview":"max-image-preview:large","max-video-preview":"max-video-preview:-1"},"canonical":"https:\/\/interamerica.org\/fr\/2014\/03\/le-festival-de-la-liberte-religieuse-en-haiti-met-en-lumiere-la-coexistence-pacifique\/","og_locale":"fr_FR","og_type":"article","og_title":"Le festival de la libert\u00e9 religieuse en Ha\u00efti met en lumi\u00e8re la coexistence pacifique - \u00c9glise Adventiste Du Septieme Jour - Inter Am\u00e9rique Division","og_description":"Un festival de la libert\u00e9 religieuse qui s\u2019est tenu en Ha\u00efti le mois dernier conforte l\u2019Eglise Adventiste du Septi\u00e8me jour comme \u00e9tant un des principaux leaders dans la promotion de la libre expression de croyance dans le pays.","og_url":"https:\/\/interamerica.org\/fr\/2014\/03\/le-festival-de-la-liberte-religieuse-en-haiti-met-en-lumiere-la-coexistence-pacifique\/","og_site_name":"\u00c9glise Adventiste Du Septieme Jour - Inter Am\u00e9rique Division","article_published_time":"2014-03-07T04:00:00+00:00","og_image":[{"width":400,"height":300,"url":"https:\/\/interamerica.org\/wp-content\/uploads\/2017\/06\/csm_irla-haiti-web_5670254459.jpg","type":"image\/jpeg"}],"author":"Lorenzo Verduzco","twitter_card":"summary_large_image","twitter_misc":{"\u00c9crit par":"Lorenzo Verduzco","Dur\u00e9e de lecture estim\u00e9e":"3 minutes"},"schema":{"@context":"https:\/\/schema.org","@graph":[{"@type":"Article","@id":"https:\/\/interamerica.org\/fr\/2014\/03\/le-festival-de-la-liberte-religieuse-en-haiti-met-en-lumiere-la-coexistence-pacifique\/#article","isPartOf":{"@id":"https:\/\/interamerica.org\/fr\/2014\/03\/le-festival-de-la-liberte-religieuse-en-haiti-met-en-lumiere-la-coexistence-pacifique\/"},"author":{"name":"Lorenzo Verduzco","@id":"https:\/\/interamerica.org\/fr\/#\/schema\/person\/68ede8bdc292885bb76c1e3810e73c39"},"headline":"Le festival de la libert\u00e9 religieuse en Ha\u00efti met en lumi\u00e8re la coexistence pacifique","datePublished":"2014-03-07T04:00:00+00:00","mainEntityOfPage":{"@id":"https:\/\/interamerica.org\/fr\/2014\/03\/le-festival-de-la-liberte-religieuse-en-haiti-met-en-lumiere-la-coexistence-pacifique\/"},"wordCount":671,"image":{"@id":"https:\/\/interamerica.org\/fr\/2014\/03\/le-festival-de-la-liberte-religieuse-en-haiti-met-en-lumiere-la-coexistence-pacifique\/#primaryimage"},"thumbnailUrl":"https:\/\/interamerica.org\/wp-content\/uploads\/2017\/06\/csm_irla-haiti-web_5670254459.jpg","articleSection":["Nouvelles du territoire"],"inLanguage":"fr-FR"},{"@type":"WebPage","@id":"https:\/\/interamerica.org\/fr\/2014\/03\/le-festival-de-la-liberte-religieuse-en-haiti-met-en-lumiere-la-coexistence-pacifique\/","url":"https:\/\/interamerica.org\/fr\/2014\/03\/le-festival-de-la-liberte-religieuse-en-haiti-met-en-lumiere-la-coexistence-pacifique\/","name":"Le festival de la libert\u00e9 religieuse en Ha\u00efti met en lumi\u00e8re la coexistence pacifique - \u00c9glise Adventiste Du Septieme Jour - Inter Am\u00e9rique Division","isPartOf":{"@id":"https:\/\/interamerica.org\/fr\/#website"},"primaryImageOfPage":{"@id":"https:\/\/interamerica.org\/fr\/2014\/03\/le-festival-de-la-liberte-religieuse-en-haiti-met-en-lumiere-la-coexistence-pacifique\/#primaryimage"},"image":{"@id":"https:\/\/interamerica.org\/fr\/2014\/03\/le-festival-de-la-liberte-religieuse-en-haiti-met-en-lumiere-la-coexistence-pacifique\/#primaryimage"},"thumbnailUrl":"https:\/\/interamerica.org\/wp-content\/uploads\/2017\/06\/csm_irla-haiti-web_5670254459.jpg","datePublished":"2014-03-07T04:00:00+00:00","author":{"@id":"https:\/\/interamerica.org\/fr\/#\/schema\/person\/68ede8bdc292885bb76c1e3810e73c39"},"breadcrumb":{"@id":"https:\/\/interamerica.org\/fr\/2014\/03\/le-festival-de-la-liberte-religieuse-en-haiti-met-en-lumiere-la-coexistence-pacifique\/#breadcrumb"},"inLanguage":"fr-FR","potentialAction":[{"@type":"ReadAction","target":["https:\/\/interamerica.org\/fr\/2014\/03\/le-festival-de-la-liberte-religieuse-en-haiti-met-en-lumiere-la-coexistence-pacifique\/"]}]},{"@type":"ImageObject","inLanguage":"fr-FR","@id":"https:\/\/interamerica.org\/fr\/2014\/03\/le-festival-de-la-liberte-religieuse-en-haiti-met-en-lumiere-la-coexistence-pacifique\/#primaryimage","url":"https:\/\/interamerica.org\/wp-content\/uploads\/2017\/06\/csm_irla-haiti-web_5670254459.jpg","contentUrl":"https:\/\/interamerica.org\/wp-content\/uploads\/2017\/06\/csm_irla-haiti-web_5670254459.jpg","width":400,"height":300},{"@type":"BreadcrumbList","@id":"https:\/\/interamerica.org\/fr\/2014\/03\/le-festival-de-la-liberte-religieuse-en-haiti-met-en-lumiere-la-coexistence-pacifique\/#breadcrumb","itemListElement":[{"@type":"ListItem","position":1,"name":"Home","item":"https:\/\/interamerica.org\/fr\/"},{"@type":"ListItem","position":2,"name":"Le festival de la libert\u00e9 religieuse en Ha\u00efti met en lumi\u00e8re la coexistence pacifique"}]},{"@type":"WebSite","@id":"https:\/\/interamerica.org\/fr\/#website","url":"https:\/\/interamerica.org\/fr\/","name":"\u00c9glise Adventiste Du Septieme Jour - Inter Am\u00e9rique Division","description":"","potentialAction":[{"@type":"SearchAction","target":{"@type":"EntryPoint","urlTemplate":"https:\/\/interamerica.org\/fr\/?s={search_term_string}"},"query-input":{"@type":"PropertyValueSpecification","valueRequired":true,"valueName":"search_term_string"}}],"inLanguage":"fr-FR"},{"@type":"Person","@id":"https:\/\/interamerica.org\/fr\/#\/schema\/person\/68ede8bdc292885bb76c1e3810e73c39","name":"Lorenzo Verduzco","image":{"@type":"ImageObject","inLanguage":"fr-FR","@id":"https:\/\/secure.gravatar.com\/avatar\/fb81a55b6218459490a9c1dc841a34909185b81904c5337b4b27f7a6fd60c49e?s=96&d=mm&r=g","url":"https:\/\/secure.gravatar.com\/avatar\/fb81a55b6218459490a9c1dc841a34909185b81904c5337b4b27f7a6fd60c49e?s=96&d=mm&r=g","contentUrl":"https:\/\/secure.gravatar.com\/avatar\/fb81a55b6218459490a9c1dc841a34909185b81904c5337b4b27f7a6fd60c49e?s=96&d=mm&r=g","caption":"Lorenzo Verduzco"}}]}},"_links":{"self":[{"href":"https:\/\/interamerica.org\/fr\/wp-json\/wp\/v2\/posts\/31895","targetHints":{"allow":["GET"]}}],"collection":[{"href":"https:\/\/interamerica.org\/fr\/wp-json\/wp\/v2\/posts"}],"about":[{"href":"https:\/\/interamerica.org\/fr\/wp-json\/wp\/v2\/types\/post"}],"author":[{"embeddable":true,"href":"https:\/\/interamerica.org\/fr\/wp-json\/wp\/v2\/users\/1"}],"replies":[{"embeddable":true,"href":"https:\/\/interamerica.org\/fr\/wp-json\/wp\/v2\/comments?post=31895"}],"version-history":[{"count":0,"href":"https:\/\/interamerica.org\/fr\/wp-json\/wp\/v2\/posts\/31895\/revisions"}],"wp:featuredmedia":[{"embeddable":true,"href":"https:\/\/interamerica.org\/fr\/wp-json\/wp\/v2\/media\/22721"}],"wp:attachment":[{"href":"https:\/\/interamerica.org\/fr\/wp-json\/wp\/v2\/media?parent=31895"}],"wp:term":[{"taxonomy":"category","embeddable":true,"href":"https:\/\/interamerica.org\/fr\/wp-json\/wp\/v2\/categories?post=31895"},{"taxonomy":"post_tag","embeddable":true,"href":"https:\/\/interamerica.org\/fr\/wp-json\/wp\/v2\/tags?post=31895"}],"curies":[{"name":"wp","href":"https:\/\/api.w.org\/{rel}","templated":true}]}}