{"id":31896,"date":"2014-03-11T00:00:00","date_gmt":"2014-03-11T04:00:00","guid":{"rendered":"http:\/\/192.81.217.108\/interamerica\/2014\/03\/une-nouvelle-encyclopedie-sur-ellen-white-met-en-lumiere-une-vie-consacree-au-ministere\/"},"modified":"2014-03-11T00:00:00","modified_gmt":"2014-03-11T04:00:00","slug":"une-nouvelle-encyclopedie-sur-ellen-white-met-en-lumiere-une-vie-consacree-au-ministere","status":"publish","type":"post","link":"https:\/\/interamerica.org\/fr\/2014\/03\/une-nouvelle-encyclopedie-sur-ellen-white-met-en-lumiere-une-vie-consacree-au-ministere\/","title":{"rendered":"Une nouvelle encyclop\u00e9die sur Ellen White met en lumi\u00e8re une vie consacr\u00e9e au minist\u00e8re"},"content":{"rendered":"<p>11 Mars 2014 \u2013 Silver Spring, Maryland, Etats Unis\u2026Mylon Medley\/ANN<\/p>\n<p>Une encyclop\u00e9die, parue r\u00e9cemment sur la cofondatrice de l\u2019Eglise Adventiste du Septi\u00e8me jour, Ellen G. White, pr\u00e9sente une vue d\u2019ensemble de sa position sur de nombreux sujets et donne l\u2019opportunit\u00e9 de se d\u00e9barrasser d\u2019id\u00e9es fausses sur la vie et l\u2019influence litt\u00e9raire du personnage le plus connu de la d\u00e9nomination, ont indiqu\u00e9 les \u00e9diteurs.<\/p>\n<div id=\"attachment_10926\" style=\"width: 310px\" class=\"wp-caption alignleft\"><a href=\"\/interamerica\/wp-content\/uploads\/2017\/06\/csm_white-enc-web_b7350f738e.jpg\" rel=\"fancybox\" title=\"Une nouvelle encyclop\u00e9die sur Ellen White met en lumi\u00e8re une vie consacr\u00e9e au minist\u00e8re\"><img fetchpriority=\"high\" decoding=\"async\" aria-describedby=\"caption-attachment-10926\" class=\"size-medium wp-image-10926\" src=\"\/interamerica\/wp-content\/uploads\/2017\/06\/csm_white-enc-web_b7350f738e-300x225.jpg\" alt=\"\" width=\"300\" height=\"225\" \/><\/a><p id=\"caption-attachment-10926\" class=\"wp-caption-text\">L\u2019encyclop\u00e9die sur Ellen G. White, r\u00e9cemment publi\u00e9e, donne un aper\u00e7u de la pens\u00e9e de la cofondatrice de l\u2019Eglise Adventiste, sur un certain nombre de questions.<\/p><\/div>\n<p>\u201c<a href=\"http:\/\/www.adventistbookcenter.com\/the-ellen-g-white-encyclopedia.html\">The Ellen G. White Encyclopedia<\/a>,\u201d l&rsquo;Encyclop\u00e9die Ellen G. White, publi\u00e9e par la maison d\u2019\u00e9dition, Review and Herald, comprend des articles sur Ellen White, des biographies et ses \u00e9crits sur un ensemble de sujets allant du salut, \u00e0 la psychologie en passant par la politique, le l\u00e9galisme, le r\u00e9gime alimentaire et le maquillage.<\/p>\n<p>\u00ab L\u2019Encyclop\u00e9die Ellen White est sans aucun doute, l\u2019\u0153uvre de r\u00e9f\u00e9rence la plus importante produite par l\u2019Eglise Adventiste du Septi\u00e8me jour au cours de ce dernier demi-si\u00e8cle, \u00bb a d\u00e9clar\u00e9 l\u2019historien Adventiste George Knight.<\/p>\n<p>L\u2019encyclop\u00e9die contient 1300 articles avec des descriptions des endroits o\u00f9 a v\u00e9cu Ellen White et les personnes qui ont marqu\u00e9 sa vie, des photos rares, ainsi que sa position sur des centaines de sujets sur lesquels elle a \u00e9crit au cours de son minist\u00e8re.<\/p>\n<p>Les \u00e9diteurs Denis Fortin, ancien doyen du S\u00e9minaire Th\u00e9ologique Adventiste du Septi\u00e8me jour \u00e0 Berrien Springs dans le Michigan aux Etats Unis, et Jerry Moon, pr\u00e9sident du D\u00e9partement Histoire de l\u2019Eglise au S\u00e9minaire Th\u00e9ologique Adventiste du Septi\u00e8me jour, ont travaill\u00e9 avec 180 auteurs qui ont collabor\u00e9 sur une p\u00e9riode de 14 ans pour r\u00e9aliser la compilation de cette encyclop\u00e9die. Elle a \u00e9t\u00e9 \u00e9labor\u00e9e de telle sorte que \u00ab les nouveaux lecteurs mais aussi les lecteurs de longue date [des \u00e9crits d\u2019Ellen White] puissent y trouver des informations fiables, souvent pr\u00e9sent\u00e9es avec des perspectives nouvelles, \u00bb ont d\u00e9clar\u00e9 Denis Fortin et Jerry Moon.<\/p>\n<p>La vision ayant amen\u00e9 la cr\u00e9ation de cette encyclop\u00e9die est n\u00e9e \u00e0 la fin des ann\u00e9es 1990 avec George Knight, historien et professeur \u00e9m\u00e9rite au S\u00e9minaire Th\u00e9ologique Adventiste du Septi\u00e8me jour. En l\u2019an 2000 cependant, la retraite approchant, George Knight a d\u00e9l\u00e9gu\u00e9 le projet \u00e0 Denis Fortin et Jerry Moon.<\/p>\n<p>Ellen White, d\u00e9c\u00e9d\u00e9e en 1915 \u00e0 l\u2019\u00e2ge de 87 ans, est reconnue comme quelqu\u2019un qui a fa\u00e7onn\u00e9 la mission et la vision de l\u2019Eglise Adventiste, en particulier \u00e0 travers ses \u00e9crits. Au cours de son minist\u00e8re, elle a \u00e9crit environ 100000 pages, et plus de 100 livres ont \u00e9t\u00e9 publi\u00e9s \u00e0 partir de ses \u00e9crits. Elle est \u00e9galement l\u2019auteur am\u00e9ricain le plus traduit d\u2019apr\u00e8s la Fondation Ellen G. White (Ellen G. White Estate). Son livre le plus traduit, \u00ab Vers J\u00e9sus, \u00bb un guide indiquant comment \u00eatre un Chr\u00e9tien, a \u00e9t\u00e9 traduit en plus de 165 langues.<\/p>\n<p>La controverse entourant les \u00e9crits d\u2019Ellen White, nait souvent lorsque ses \u00e9crits sont pris en dehors de leur contexte ou utilis\u00e9s \u00e0 tort pour soutenir des sujets qui font d\u00e9bat. L\u2019encyclop\u00e9die est consid\u00e9r\u00e9e comme une \u0153uvre de r\u00e9f\u00e9rence standard pour toute personne ayant des questions sur les positions d\u2019Ellen White, a indiqu\u00e9 George Knight.<\/p>\n<p>\u00ab Ellen White a \u00e9t\u00e9 la personne la plus influente dans l\u2019histoire Adventiste, et pourtant il y a encore beaucoup de fausses informations au sujet de ce qu\u2019elle a \u00e9crit et la raison pour laquelle elle l\u2019a \u00e9crit, \u00bb a dit George Knight. \u00ab Jusqu\u2019\u00e0 pr\u00e9sent, il n\u2019existait aucune \u0153uvre de r\u00e9f\u00e9rence qui puisse r\u00e9pondre \u00e0 la plupart de nos interrogations. \u00bb<\/p>\n<p>Jim Nix, directeur de la Fondation Ellen G. White (White Estate), a d\u00e9clar\u00e9 qu\u2019il avait \u00e9t\u00e9 ravi de recevoir les premiers manuscrits de l\u2019encyclop\u00e9die.<\/p>\n<p>\u00ab Je suis enthousiasm\u00e9 par la richesse d\u2019information sur Ellen White et son minist\u00e8re contenue dans cet ouvrage, \u00bb a dit Jim Nix. \u00ab Je suis impressionn\u00e9 par la profondeur et la port\u00e9e de ce qui y est contenu. \u00bb<\/p>\n<p>Maintenant, toute personne d\u00e9sirant en savoir plus sur Ellen White et la contribution qu\u2019elle a faite \u00e0 l\u2019Eglise Adventiste, aura l\u2019opportunit\u00e9 de d\u00e9velopper sa connaissance sur la vie et les \u00e9crits d\u2019Ellen White avec ce seul ouvrage.<\/p>\n<p>\u00ab Je ne peux imaginer qu\u2019il y ait quelqu\u2019un qui soit int\u00e9ress\u00e9 par Ellen White et ses \u00e9crits, et qui ne d\u00e9sirerait poss\u00e9der ce livre, \u00bb a d\u00e9clar\u00e9 Jim Nix. \u00ab Il est \u00e0 ce point important. \u00bb<\/p>\n","protected":false},"excerpt":{"rendered":"<p>Une encyclop\u00e9die, parue r\u00e9cemment sur la cofondatrice de l\u2019Eglise Adventiste du Septi\u00e8me jour, Ellen G. White, pr\u00e9sente une vue d\u2019ensemble de sa position sur de nombreux sujets et donne l\u2019opportunit\u00e9 de se d\u00e9barrasser d\u2019id\u00e9es fausses sur la vie et l\u2019influence litt\u00e9raire du personnage le plus connu de la d\u00e9nomination, ont indiqu\u00e9 les \u00e9diteurs.<\/p>\n","protected":false},"author":1,"featured_media":22725,"comment_status":"closed","ping_status":"closed","sticky":false,"template":"","format":"standard","meta":{"_acf_changed":false,"footnotes":""},"categories":[18],"tags":[],"class_list":["post-31896","post","type-post","status-publish","format-standard","has-post-thumbnail","hentry","category-nouvelles-de-leglise-mondiale"],"acf":[],"yoast_head":"<!-- This site is optimized with the Yoast SEO plugin v27.3 - https:\/\/yoast.com\/product\/yoast-seo-wordpress\/ -->\n<title>Une nouvelle encyclop\u00e9die sur Ellen White met en lumi\u00e8re une vie consacr\u00e9e au minist\u00e8re - \u00c9glise Adventiste Du Septieme Jour - Inter Am\u00e9rique Division<\/title>\n<meta name=\"robots\" content=\"index, follow, max-snippet:-1, max-image-preview:large, max-video-preview:-1\" \/>\n<link rel=\"canonical\" href=\"https:\/\/interamerica.org\/fr\/2014\/03\/une-nouvelle-encyclopedie-sur-ellen-white-met-en-lumiere-une-vie-consacree-au-ministere\/\" \/>\n<meta property=\"og:locale\" content=\"fr_FR\" \/>\n<meta property=\"og:type\" content=\"article\" \/>\n<meta property=\"og:title\" content=\"Une nouvelle encyclop\u00e9die sur Ellen White met en lumi\u00e8re une vie consacr\u00e9e au minist\u00e8re - \u00c9glise Adventiste Du Septieme Jour - Inter Am\u00e9rique Division\" \/>\n<meta property=\"og:description\" content=\"Une encyclop\u00e9die, parue r\u00e9cemment sur la cofondatrice de l\u2019Eglise Adventiste du Septi\u00e8me jour, Ellen G. White, pr\u00e9sente une vue d\u2019ensemble de sa position sur de nombreux sujets et donne l\u2019opportunit\u00e9 de se d\u00e9barrasser d\u2019id\u00e9es fausses sur la vie et l\u2019influence litt\u00e9raire du personnage le plus connu de la d\u00e9nomination, ont indiqu\u00e9 les \u00e9diteurs.\" \/>\n<meta property=\"og:url\" content=\"https:\/\/interamerica.org\/fr\/2014\/03\/une-nouvelle-encyclopedie-sur-ellen-white-met-en-lumiere-une-vie-consacree-au-ministere\/\" \/>\n<meta property=\"og:site_name\" content=\"\u00c9glise Adventiste Du Septieme Jour - Inter Am\u00e9rique Division\" \/>\n<meta property=\"article:published_time\" content=\"2014-03-11T04:00:00+00:00\" \/>\n<meta property=\"og:image\" content=\"https:\/\/interamerica.org\/wp-content\/uploads\/2017\/06\/csm_white-enc-web_b7350f738e.jpg\" \/>\n\t<meta property=\"og:image:width\" content=\"400\" \/>\n\t<meta property=\"og:image:height\" content=\"301\" \/>\n\t<meta property=\"og:image:type\" content=\"image\/jpeg\" \/>\n<meta name=\"author\" content=\"Lorenzo Verduzco\" \/>\n<meta name=\"twitter:card\" content=\"summary_large_image\" \/>\n<meta name=\"twitter:label1\" content=\"\u00c9crit par\" \/>\n\t<meta name=\"twitter:data1\" content=\"Lorenzo Verduzco\" \/>\n\t<meta name=\"twitter:label2\" content=\"Dur\u00e9e de lecture estim\u00e9e\" \/>\n\t<meta name=\"twitter:data2\" content=\"4 minutes\" \/>\n<script type=\"application\/ld+json\" class=\"yoast-schema-graph\">{\"@context\":\"https:\\\/\\\/schema.org\",\"@graph\":[{\"@type\":\"Article\",\"@id\":\"https:\\\/\\\/interamerica.org\\\/fr\\\/2014\\\/03\\\/une-nouvelle-encyclopedie-sur-ellen-white-met-en-lumiere-une-vie-consacree-au-ministere\\\/#article\",\"isPartOf\":{\"@id\":\"https:\\\/\\\/interamerica.org\\\/fr\\\/2014\\\/03\\\/une-nouvelle-encyclopedie-sur-ellen-white-met-en-lumiere-une-vie-consacree-au-ministere\\\/\"},\"author\":{\"name\":\"Lorenzo Verduzco\",\"@id\":\"https:\\\/\\\/interamerica.org\\\/fr\\\/#\\\/schema\\\/person\\\/68ede8bdc292885bb76c1e3810e73c39\"},\"headline\":\"Une nouvelle encyclop\u00e9die sur Ellen White met en lumi\u00e8re une vie consacr\u00e9e au minist\u00e8re\",\"datePublished\":\"2014-03-11T04:00:00+00:00\",\"mainEntityOfPage\":{\"@id\":\"https:\\\/\\\/interamerica.org\\\/fr\\\/2014\\\/03\\\/une-nouvelle-encyclopedie-sur-ellen-white-met-en-lumiere-une-vie-consacree-au-ministere\\\/\"},\"wordCount\":827,\"image\":{\"@id\":\"https:\\\/\\\/interamerica.org\\\/fr\\\/2014\\\/03\\\/une-nouvelle-encyclopedie-sur-ellen-white-met-en-lumiere-une-vie-consacree-au-ministere\\\/#primaryimage\"},\"thumbnailUrl\":\"https:\\\/\\\/interamerica.org\\\/wp-content\\\/uploads\\\/2017\\\/06\\\/csm_white-enc-web_b7350f738e.jpg\",\"articleSection\":[\"Nouvelles de l'\u00c9glise mondiale\"],\"inLanguage\":\"fr-FR\"},{\"@type\":\"WebPage\",\"@id\":\"https:\\\/\\\/interamerica.org\\\/fr\\\/2014\\\/03\\\/une-nouvelle-encyclopedie-sur-ellen-white-met-en-lumiere-une-vie-consacree-au-ministere\\\/\",\"url\":\"https:\\\/\\\/interamerica.org\\\/fr\\\/2014\\\/03\\\/une-nouvelle-encyclopedie-sur-ellen-white-met-en-lumiere-une-vie-consacree-au-ministere\\\/\",\"name\":\"Une nouvelle encyclop\u00e9die sur Ellen White met en lumi\u00e8re une vie consacr\u00e9e au minist\u00e8re - \u00c9glise Adventiste Du Septieme Jour - Inter Am\u00e9rique Division\",\"isPartOf\":{\"@id\":\"https:\\\/\\\/interamerica.org\\\/fr\\\/#website\"},\"primaryImageOfPage\":{\"@id\":\"https:\\\/\\\/interamerica.org\\\/fr\\\/2014\\\/03\\\/une-nouvelle-encyclopedie-sur-ellen-white-met-en-lumiere-une-vie-consacree-au-ministere\\\/#primaryimage\"},\"image\":{\"@id\":\"https:\\\/\\\/interamerica.org\\\/fr\\\/2014\\\/03\\\/une-nouvelle-encyclopedie-sur-ellen-white-met-en-lumiere-une-vie-consacree-au-ministere\\\/#primaryimage\"},\"thumbnailUrl\":\"https:\\\/\\\/interamerica.org\\\/wp-content\\\/uploads\\\/2017\\\/06\\\/csm_white-enc-web_b7350f738e.jpg\",\"datePublished\":\"2014-03-11T04:00:00+00:00\",\"author\":{\"@id\":\"https:\\\/\\\/interamerica.org\\\/fr\\\/#\\\/schema\\\/person\\\/68ede8bdc292885bb76c1e3810e73c39\"},\"breadcrumb\":{\"@id\":\"https:\\\/\\\/interamerica.org\\\/fr\\\/2014\\\/03\\\/une-nouvelle-encyclopedie-sur-ellen-white-met-en-lumiere-une-vie-consacree-au-ministere\\\/#breadcrumb\"},\"inLanguage\":\"fr-FR\",\"potentialAction\":[{\"@type\":\"ReadAction\",\"target\":[\"https:\\\/\\\/interamerica.org\\\/fr\\\/2014\\\/03\\\/une-nouvelle-encyclopedie-sur-ellen-white-met-en-lumiere-une-vie-consacree-au-ministere\\\/\"]}]},{\"@type\":\"ImageObject\",\"inLanguage\":\"fr-FR\",\"@id\":\"https:\\\/\\\/interamerica.org\\\/fr\\\/2014\\\/03\\\/une-nouvelle-encyclopedie-sur-ellen-white-met-en-lumiere-une-vie-consacree-au-ministere\\\/#primaryimage\",\"url\":\"https:\\\/\\\/interamerica.org\\\/wp-content\\\/uploads\\\/2017\\\/06\\\/csm_white-enc-web_b7350f738e.jpg\",\"contentUrl\":\"https:\\\/\\\/interamerica.org\\\/wp-content\\\/uploads\\\/2017\\\/06\\\/csm_white-enc-web_b7350f738e.jpg\",\"width\":400,\"height\":301},{\"@type\":\"BreadcrumbList\",\"@id\":\"https:\\\/\\\/interamerica.org\\\/fr\\\/2014\\\/03\\\/une-nouvelle-encyclopedie-sur-ellen-white-met-en-lumiere-une-vie-consacree-au-ministere\\\/#breadcrumb\",\"itemListElement\":[{\"@type\":\"ListItem\",\"position\":1,\"name\":\"Home\",\"item\":\"https:\\\/\\\/interamerica.org\\\/fr\\\/\"},{\"@type\":\"ListItem\",\"position\":2,\"name\":\"Une nouvelle encyclop\u00e9die sur Ellen White met en lumi\u00e8re une vie consacr\u00e9e au minist\u00e8re\"}]},{\"@type\":\"WebSite\",\"@id\":\"https:\\\/\\\/interamerica.org\\\/fr\\\/#website\",\"url\":\"https:\\\/\\\/interamerica.org\\\/fr\\\/\",\"name\":\"\u00c9glise Adventiste Du Septieme Jour - Inter Am\u00e9rique Division\",\"description\":\"\",\"potentialAction\":[{\"@type\":\"SearchAction\",\"target\":{\"@type\":\"EntryPoint\",\"urlTemplate\":\"https:\\\/\\\/interamerica.org\\\/fr\\\/?s={search_term_string}\"},\"query-input\":{\"@type\":\"PropertyValueSpecification\",\"valueRequired\":true,\"valueName\":\"search_term_string\"}}],\"inLanguage\":\"fr-FR\"},{\"@type\":\"Person\",\"@id\":\"https:\\\/\\\/interamerica.org\\\/fr\\\/#\\\/schema\\\/person\\\/68ede8bdc292885bb76c1e3810e73c39\",\"name\":\"Lorenzo Verduzco\",\"image\":{\"@type\":\"ImageObject\",\"inLanguage\":\"fr-FR\",\"@id\":\"https:\\\/\\\/secure.gravatar.com\\\/avatar\\\/fb81a55b6218459490a9c1dc841a34909185b81904c5337b4b27f7a6fd60c49e?s=96&d=mm&r=g\",\"url\":\"https:\\\/\\\/secure.gravatar.com\\\/avatar\\\/fb81a55b6218459490a9c1dc841a34909185b81904c5337b4b27f7a6fd60c49e?s=96&d=mm&r=g\",\"contentUrl\":\"https:\\\/\\\/secure.gravatar.com\\\/avatar\\\/fb81a55b6218459490a9c1dc841a34909185b81904c5337b4b27f7a6fd60c49e?s=96&d=mm&r=g\",\"caption\":\"Lorenzo Verduzco\"}}]}<\/script>\n<!-- \/ Yoast SEO plugin. -->","yoast_head_json":{"title":"Une nouvelle encyclop\u00e9die sur Ellen White met en lumi\u00e8re une vie consacr\u00e9e au minist\u00e8re - \u00c9glise Adventiste Du Septieme Jour - Inter Am\u00e9rique Division","robots":{"index":"index","follow":"follow","max-snippet":"max-snippet:-1","max-image-preview":"max-image-preview:large","max-video-preview":"max-video-preview:-1"},"canonical":"https:\/\/interamerica.org\/fr\/2014\/03\/une-nouvelle-encyclopedie-sur-ellen-white-met-en-lumiere-une-vie-consacree-au-ministere\/","og_locale":"fr_FR","og_type":"article","og_title":"Une nouvelle encyclop\u00e9die sur Ellen White met en lumi\u00e8re une vie consacr\u00e9e au minist\u00e8re - \u00c9glise Adventiste Du Septieme Jour - Inter Am\u00e9rique Division","og_description":"Une encyclop\u00e9die, parue r\u00e9cemment sur la cofondatrice de l\u2019Eglise Adventiste du Septi\u00e8me jour, Ellen G. White, pr\u00e9sente une vue d\u2019ensemble de sa position sur de nombreux sujets et donne l\u2019opportunit\u00e9 de se d\u00e9barrasser d\u2019id\u00e9es fausses sur la vie et l\u2019influence litt\u00e9raire du personnage le plus connu de la d\u00e9nomination, ont indiqu\u00e9 les \u00e9diteurs.","og_url":"https:\/\/interamerica.org\/fr\/2014\/03\/une-nouvelle-encyclopedie-sur-ellen-white-met-en-lumiere-une-vie-consacree-au-ministere\/","og_site_name":"\u00c9glise Adventiste Du Septieme Jour - Inter Am\u00e9rique Division","article_published_time":"2014-03-11T04:00:00+00:00","og_image":[{"width":400,"height":301,"url":"https:\/\/interamerica.org\/wp-content\/uploads\/2017\/06\/csm_white-enc-web_b7350f738e.jpg","type":"image\/jpeg"}],"author":"Lorenzo Verduzco","twitter_card":"summary_large_image","twitter_misc":{"\u00c9crit par":"Lorenzo Verduzco","Dur\u00e9e de lecture estim\u00e9e":"4 minutes"},"schema":{"@context":"https:\/\/schema.org","@graph":[{"@type":"Article","@id":"https:\/\/interamerica.org\/fr\/2014\/03\/une-nouvelle-encyclopedie-sur-ellen-white-met-en-lumiere-une-vie-consacree-au-ministere\/#article","isPartOf":{"@id":"https:\/\/interamerica.org\/fr\/2014\/03\/une-nouvelle-encyclopedie-sur-ellen-white-met-en-lumiere-une-vie-consacree-au-ministere\/"},"author":{"name":"Lorenzo Verduzco","@id":"https:\/\/interamerica.org\/fr\/#\/schema\/person\/68ede8bdc292885bb76c1e3810e73c39"},"headline":"Une nouvelle encyclop\u00e9die sur Ellen White met en lumi\u00e8re une vie consacr\u00e9e au minist\u00e8re","datePublished":"2014-03-11T04:00:00+00:00","mainEntityOfPage":{"@id":"https:\/\/interamerica.org\/fr\/2014\/03\/une-nouvelle-encyclopedie-sur-ellen-white-met-en-lumiere-une-vie-consacree-au-ministere\/"},"wordCount":827,"image":{"@id":"https:\/\/interamerica.org\/fr\/2014\/03\/une-nouvelle-encyclopedie-sur-ellen-white-met-en-lumiere-une-vie-consacree-au-ministere\/#primaryimage"},"thumbnailUrl":"https:\/\/interamerica.org\/wp-content\/uploads\/2017\/06\/csm_white-enc-web_b7350f738e.jpg","articleSection":["Nouvelles de l'\u00c9glise mondiale"],"inLanguage":"fr-FR"},{"@type":"WebPage","@id":"https:\/\/interamerica.org\/fr\/2014\/03\/une-nouvelle-encyclopedie-sur-ellen-white-met-en-lumiere-une-vie-consacree-au-ministere\/","url":"https:\/\/interamerica.org\/fr\/2014\/03\/une-nouvelle-encyclopedie-sur-ellen-white-met-en-lumiere-une-vie-consacree-au-ministere\/","name":"Une nouvelle encyclop\u00e9die sur Ellen White met en lumi\u00e8re une vie consacr\u00e9e au minist\u00e8re - \u00c9glise Adventiste Du Septieme Jour - Inter Am\u00e9rique Division","isPartOf":{"@id":"https:\/\/interamerica.org\/fr\/#website"},"primaryImageOfPage":{"@id":"https:\/\/interamerica.org\/fr\/2014\/03\/une-nouvelle-encyclopedie-sur-ellen-white-met-en-lumiere-une-vie-consacree-au-ministere\/#primaryimage"},"image":{"@id":"https:\/\/interamerica.org\/fr\/2014\/03\/une-nouvelle-encyclopedie-sur-ellen-white-met-en-lumiere-une-vie-consacree-au-ministere\/#primaryimage"},"thumbnailUrl":"https:\/\/interamerica.org\/wp-content\/uploads\/2017\/06\/csm_white-enc-web_b7350f738e.jpg","datePublished":"2014-03-11T04:00:00+00:00","author":{"@id":"https:\/\/interamerica.org\/fr\/#\/schema\/person\/68ede8bdc292885bb76c1e3810e73c39"},"breadcrumb":{"@id":"https:\/\/interamerica.org\/fr\/2014\/03\/une-nouvelle-encyclopedie-sur-ellen-white-met-en-lumiere-une-vie-consacree-au-ministere\/#breadcrumb"},"inLanguage":"fr-FR","potentialAction":[{"@type":"ReadAction","target":["https:\/\/interamerica.org\/fr\/2014\/03\/une-nouvelle-encyclopedie-sur-ellen-white-met-en-lumiere-une-vie-consacree-au-ministere\/"]}]},{"@type":"ImageObject","inLanguage":"fr-FR","@id":"https:\/\/interamerica.org\/fr\/2014\/03\/une-nouvelle-encyclopedie-sur-ellen-white-met-en-lumiere-une-vie-consacree-au-ministere\/#primaryimage","url":"https:\/\/interamerica.org\/wp-content\/uploads\/2017\/06\/csm_white-enc-web_b7350f738e.jpg","contentUrl":"https:\/\/interamerica.org\/wp-content\/uploads\/2017\/06\/csm_white-enc-web_b7350f738e.jpg","width":400,"height":301},{"@type":"BreadcrumbList","@id":"https:\/\/interamerica.org\/fr\/2014\/03\/une-nouvelle-encyclopedie-sur-ellen-white-met-en-lumiere-une-vie-consacree-au-ministere\/#breadcrumb","itemListElement":[{"@type":"ListItem","position":1,"name":"Home","item":"https:\/\/interamerica.org\/fr\/"},{"@type":"ListItem","position":2,"name":"Une nouvelle encyclop\u00e9die sur Ellen White met en lumi\u00e8re une vie consacr\u00e9e au minist\u00e8re"}]},{"@type":"WebSite","@id":"https:\/\/interamerica.org\/fr\/#website","url":"https:\/\/interamerica.org\/fr\/","name":"\u00c9glise Adventiste Du Septieme Jour - Inter Am\u00e9rique Division","description":"","potentialAction":[{"@type":"SearchAction","target":{"@type":"EntryPoint","urlTemplate":"https:\/\/interamerica.org\/fr\/?s={search_term_string}"},"query-input":{"@type":"PropertyValueSpecification","valueRequired":true,"valueName":"search_term_string"}}],"inLanguage":"fr-FR"},{"@type":"Person","@id":"https:\/\/interamerica.org\/fr\/#\/schema\/person\/68ede8bdc292885bb76c1e3810e73c39","name":"Lorenzo Verduzco","image":{"@type":"ImageObject","inLanguage":"fr-FR","@id":"https:\/\/secure.gravatar.com\/avatar\/fb81a55b6218459490a9c1dc841a34909185b81904c5337b4b27f7a6fd60c49e?s=96&d=mm&r=g","url":"https:\/\/secure.gravatar.com\/avatar\/fb81a55b6218459490a9c1dc841a34909185b81904c5337b4b27f7a6fd60c49e?s=96&d=mm&r=g","contentUrl":"https:\/\/secure.gravatar.com\/avatar\/fb81a55b6218459490a9c1dc841a34909185b81904c5337b4b27f7a6fd60c49e?s=96&d=mm&r=g","caption":"Lorenzo Verduzco"}}]}},"_links":{"self":[{"href":"https:\/\/interamerica.org\/fr\/wp-json\/wp\/v2\/posts\/31896","targetHints":{"allow":["GET"]}}],"collection":[{"href":"https:\/\/interamerica.org\/fr\/wp-json\/wp\/v2\/posts"}],"about":[{"href":"https:\/\/interamerica.org\/fr\/wp-json\/wp\/v2\/types\/post"}],"author":[{"embeddable":true,"href":"https:\/\/interamerica.org\/fr\/wp-json\/wp\/v2\/users\/1"}],"replies":[{"embeddable":true,"href":"https:\/\/interamerica.org\/fr\/wp-json\/wp\/v2\/comments?post=31896"}],"version-history":[{"count":0,"href":"https:\/\/interamerica.org\/fr\/wp-json\/wp\/v2\/posts\/31896\/revisions"}],"wp:featuredmedia":[{"embeddable":true,"href":"https:\/\/interamerica.org\/fr\/wp-json\/wp\/v2\/media\/22725"}],"wp:attachment":[{"href":"https:\/\/interamerica.org\/fr\/wp-json\/wp\/v2\/media?parent=31896"}],"wp:term":[{"taxonomy":"category","embeddable":true,"href":"https:\/\/interamerica.org\/fr\/wp-json\/wp\/v2\/categories?post=31896"},{"taxonomy":"post_tag","embeddable":true,"href":"https:\/\/interamerica.org\/fr\/wp-json\/wp\/v2\/tags?post=31896"}],"curies":[{"name":"wp","href":"https:\/\/api.w.org\/{rel}","templated":true}]}}