{"id":31901,"date":"2014-03-15T00:00:00","date_gmt":"2014-03-15T04:00:00","guid":{"rendered":"http:\/\/192.81.217.108\/interamerica\/2014\/03\/porto-rico-les-acteurs-de-la-communication-invites-a-se-developper-au-dela-de-leurs-eglises-et-leurs-communautes\/"},"modified":"2014-03-15T00:00:00","modified_gmt":"2014-03-15T04:00:00","slug":"porto-rico-les-acteurs-de-la-communication-invites-a-se-developper-au-dela-de-leurs-eglises-et-leurs-communautes","status":"publish","type":"post","link":"https:\/\/interamerica.org\/fr\/2014\/03\/porto-rico-les-acteurs-de-la-communication-invites-a-se-developper-au-dela-de-leurs-eglises-et-leurs-communautes\/","title":{"rendered":"Porto Rico : Les acteurs de la communication invit\u00e9s \u00e0 se d\u00e9velopper au del\u00e0 de leurs \u00e9glises et leurs communaut\u00e9s."},"content":{"rendered":"<p>13 Mars 2014 \u2013 Ponce, Porto Rico\u2026Libna Stevens\/DIA<\/p>\n<p>Pr\u00e8s d\u2019une centaine d\u2019Adventistes du Septi\u00e8me jour se sont r\u00e9unis le weekend dernier pour une formation sp\u00e9ciale en communication destin\u00e9e \u00e0 affuter leurs comp\u00e9tences en mati\u00e8re de technologie afin qu\u2019ils soient plus efficace dans la mission consistant \u00e0 partager la bonne nouvelle de l\u2019Evangile dans leurs communaut\u00e9s.<\/p>\n<div id=\"attachment_10968\" style=\"width: 325px\" class=\"wp-caption alignleft\"><a href=\"\/interamerica\/wp-content\/uploads\/2017\/06\/EdsonCanqui1.png\" rel=\"fancybox\" title=\"Porto Rico : Les acteurs de la communication invit\u00e9s \u00e0 se d\u00e9velopper au del\u00e0 de leurs \u00e9glises et leurs communaut\u00e9s.\"><img fetchpriority=\"high\" decoding=\"async\" aria-describedby=\"caption-attachment-10968\" class=\"size-full wp-image-10968\" src=\"\/interamerica\/wp-content\/uploads\/2017\/06\/EdsonCanqui1.png\" alt=\"\" width=\"315\" height=\"236\" \/><\/a><p id=\"caption-attachment-10968\" class=\"wp-caption-text\">Le 8 mars 2014, \u00e0 l\u2019occasion du programme EVANGECom, pasteur Edson Canqui, directeur de la communication dans le Sud de Porto Rico, partage sa vision \u00e0 travers laquelle il esp\u00e8re \u00e9tablir et promouvoir un r\u00e9seau d\u2019acteurs de la communication dans le but de faire avancer la mission de l\u2019\u00e9glise dans la ville de Ponce et au del\u00e0. Image de Libna Stevens\/DIA.<\/p><\/div>\n<p>Le programme, baptis\u00e9 <a href=\"www.evangecom.org\">EVANGECom<\/a>, a r\u00e9uni des membres d\u2019\u00e9glise, jeunes et moins jeunes, passionn\u00e9s par la proclamation du message de salut de mani\u00e8re cr\u00e9ative, a indiqu\u00e9 pasteur Edson Canqui, directeur de la communication pour l\u2019Eglise Adventiste dans le Sud de Porto Rico.<\/p>\n<p>\u00ab Il ne s\u2019agissait pas simplement de partager des outils et des informations, mais le programme visait plut\u00f4t \u00e0 mettre en place et \u00e0 promouvoir un r\u00e9seau d\u2019acteurs de la communication qui peuvent travailler de tout c\u0153ur au d\u00e9veloppement de l\u2019\u0153uvre de l\u2019\u00e9glise ici dans le sud de l\u2019ile et bien au del\u00e0, \u00bb a expliqu\u00e9 pasteur Canqui.<\/p>\n<p>Ponce est justement une ville o\u00f9 l\u2019\u00e9vangile doit se d\u00e9velopper, a expliqu\u00e9 Edson Canqui. Avec une population de 152000 habitants, c\u2019est la deuxi\u00e8me plus grande ville de l\u2019ile. Elle compte 33 \u00e9glises Adventistes du Septi\u00e8me jour et 2300 membres d\u2019\u00e9glise.<\/p>\n<p>La cr\u00e9ativit\u00e9 doit \u00eatre utilis\u00e9e pour attirer davantage de personnes qui ont besoin de Dieu, a t-il poursuivi.<\/p>\n<p>\u00ab Vous faites partie de cette \u00e9glise qui a de plus en plus besoin d\u2019aller vers les autres, \u00bb a dit pasteur Canqui. \u00ab Il s\u2019agit d\u2019aller au del\u00e0 des murs de l\u2019\u00e9glise et au del\u00e0 des communaut\u00e9s locales. \u00bb<\/p>\n<p>\u00ab Dieu vous permet d\u2019atteindre davantage d\u2019endroits aujourd\u2019hui, \u00bb a ajout\u00e9 Edson Canqui. \u00ab Vous pouvez aller plus loin en partageant votre cr\u00e9ativit\u00e9 avec ce message d\u2019espoir si vous mettez vos talents au service de Dieu, \u00bb a dit pasteur Canqui sous forme de d\u00e9fi.<\/p>\n<p>Encourager un r\u00e9seau d\u2019acteurs de la communication \u00e0 travers l\u2019ile, telle est l\u2019initiative dans laquelle les leaders de l\u2019\u00e9glise investissent depuis d\u00e9j\u00e0 deux ans, a dit pasteur Julio Javier, directeur de la communication pour l\u2019Eglise Adventiste \u00e0 Porto Rico.<\/p>\n<p>EVANGECom est le troisi\u00e8me programme de formation r\u00e9gional soutenu par l\u2019\u00e9glise dans le pays, a d\u00e9clar\u00e9 pasteur Javier, c\u2019est un programme qui montre l\u2019impact dont on a besoin pour enrichir encore plus l\u2019\u00e9glise.<\/p>\n<div id=\"attachment_10973\" style=\"width: 325px\" class=\"wp-caption alignleft\"><a href=\"\/interamerica\/wp-content\/uploads\/2017\/06\/JulioJavier.png\" rel=\"fancybox\" title=\"Porto Rico : Les acteurs de la communication invit\u00e9s \u00e0 se d\u00e9velopper au del\u00e0 de leurs \u00e9glises et leurs communaut\u00e9s.\"><img decoding=\"async\" aria-describedby=\"caption-attachment-10973\" class=\"size-full wp-image-10973\" src=\"\/interamerica\/wp-content\/uploads\/2017\/06\/JulioJavier.png\" alt=\"\" width=\"315\" height=\"241\" \/><\/a><p id=\"caption-attachment-10973\" class=\"wp-caption-text\">Julio Javier, directeur de la Communication pour l\u2019Eglise Adventiste \u00e0 Porto Rico, invite les pr\u00e8s de 100 acteurs de la communication \u00e0 prendre part \u00e0 la cr\u00e9ation de concepts nouveaux et vari\u00e9s en utilisant tous les m\u00e9dias disponibles, dans les rues, dans les communaut\u00e9s et sur internet. Image d\u2019Isra\u00ebl Rodriguez\/DIA.<\/p><\/div>\n<p>\u00ab Nous voulons que nos responsables de la communication croient dans ce d\u00e9partement de la communication, qu\u2019ils prennent part \u00e0 la cr\u00e9ation de concepts nouveaux et vari\u00e9s utilisant tous les m\u00e9dias disponibles, dans les rues, dans les communaut\u00e9s et sur internet parce que nous avons un merveilleux message \u00e0 proclamer au monde, \u00bb a dit pasteur Javier.<\/p>\n<p>La soif de service est \u00e9vidente dans la F\u00e9d\u00e9ration du Sud de Porto Rico, la plus petite des quatre r\u00e9gions de l\u2019\u00e9glise dans le pays, a ajout\u00e9 pasteur Javier. Cependant c\u2019est une r\u00e9gion qui compte un groupe de volontaires qui ont cr\u00e9\u00e9 et entretenu leur compte Facebook qui conna\u00eet d\u2019ailleurs le plus grand nombre de visiteurs sur l\u2019ile par rapport aux autres comptes de l\u2019\u00e9glise sur les r\u00e9seaux sociaux, ont indiqu\u00e9 les organisateurs.<\/p>\n<p>Aida Gonzalez, de l\u2019\u00e9glise Adventiste de Ponce 5, est une des membres du groupe de jeunes du Sud de Porto Rico qui aime servir son \u00e9glise. Durant la journ\u00e9e elle travaille au Palais de Justice de Ponce et le reste du temps, elle sert en tant que directrice de la communication dans son \u00e9glise.<\/p>\n<p>\u00ab J\u2019ai vraiment appr\u00e9ci\u00e9 le fait d\u2019avoir particip\u00e9 \u00e0 EVANGECom et j\u2019ai \u00e9t\u00e9 enthousiasm\u00e9e par la formation sur la r\u00e9daction des informations, \u00bb a dit Aida Gonzalez qui a aussi aid\u00e9 \u00e0 organiser le programme. Son fr\u00e8re Julio Gonzalez, un ing\u00e9nieur industriel, est lui aussi actif \u00e0 l\u2019\u00e9glise et est responsable de la technologie.<\/p>\n<div id=\"attachment_10974\" style=\"width: 310px\" class=\"wp-caption alignright\"><a href=\"\/interamerica\/wp-content\/uploads\/2017\/06\/Evangecom-group.png\" rel=\"fancybox\" title=\"Porto Rico : Les acteurs de la communication invit\u00e9s \u00e0 se d\u00e9velopper au del\u00e0 de leurs \u00e9glises et leurs communaut\u00e9s.\"><img decoding=\"async\" aria-describedby=\"caption-attachment-10974\" class=\"size-medium wp-image-10974\" src=\"\/interamerica\/wp-content\/uploads\/2017\/06\/Evangecom-group-300x166.png\" alt=\"\" width=\"300\" height=\"166\" \/><\/a><p id=\"caption-attachment-10974\" class=\"wp-caption-text\">Les responsables de communication de Ponce \u00e0 Porto Rico, posent pour une photo \u00e0 l\u2019occasion du programme de formation qui s\u2019est tenu le weekend dernier. Image d\u2019Isra\u00ebl Rodriguez\/DIA.<\/p><\/div>\n<p>\u00ab Nous diffusons en direct les services du sabbat chaque semaine et nous couvrons les activit\u00e9s sur les r\u00e9seaux sociaux et nos membres d\u2019\u00e9glise nous soutiennent en comprenant le r\u00f4le que jouent la communication et la technologie dans l\u2019\u00e9vang\u00e9lisation, \u00bb a dit Julio Gonzalez.<\/p>\n<p>Yessenia M. De Jesus de l\u2019\u00e9glise Adventiste d\u2019Arroyo Bueno \u00e0 Ponce, a confi\u00e9 que cette formation en communication lui a donn\u00e9 la motivation dont elle avait besoin pour cr\u00e9er un minist\u00e8re en ligne pour se connecter aux autres responsables de communication afin de travailler sur des projets pour soutenir l\u2019\u00e9glise.<\/p>\n<p>EVANGECom, qui s\u2019est tenu du 7 au 8 mars 2014, a propos\u00e9 une formation dans les domaines de l\u2019\u00e9dition photographique, la conception de site web, le montage vid\u00e9o, la diffusion en ligne, la r\u00e9daction d\u2019articles d\u2019information, le blogging, le podcast, la r\u00e9daction de script, les r\u00e9seaux sociaux et bien plus encore.<\/p>\n<p>D\u2019autres programmes de certification en communication devraient encore avoir lieu au cours des mois et des ann\u00e9es \u00e0 venir, a d\u00e9clar\u00e9 pasteur Javier.<\/p>\n<p>\u00ab Nous souhaitons que nos acteurs de la communication dans toute l\u2019ile continuent d\u2019\u00eatre motiv\u00e9s et \u00e9quip\u00e9s afin de partager, d\u2019inspirer, de partager la vision d\u2019une \u00e9vang\u00e9lisation faite avec tous les m\u00e9dias accessibles et disponibles, \u00bb a t-il dit.<\/p>\n<p>Pour en savoir plus sur l\u2019Eglise Adventiste du Septi\u00e8me jour \u00e0 porto Rico, visitez le site\u00a0 <a href=\"http:\/\/www.upasd.org\/\">upasd.org<\/a><\/p>\n<p>Traduction: Patrick Luciathe<\/p>\n","protected":false},"excerpt":{"rendered":"<p>Pr\u00e8s d\u2019une centaine d\u2019Adventistes du Septi\u00e8me jour se sont r\u00e9unis le weekend dernier pour une formation sp\u00e9ciale en communication destin\u00e9e \u00e0 affuter leurs comp\u00e9tences en mati\u00e8re de technologie afin qu\u2019ils soient plus efficace dans la mission consistant \u00e0 partager la bonne  nouvelle de l\u2019Evangile dans leurs communaut\u00e9s.<\/p>\n","protected":false},"author":1,"featured_media":22758,"comment_status":"closed","ping_status":"closed","sticky":false,"template":"","format":"standard","meta":{"_acf_changed":false,"footnotes":""},"categories":[21],"tags":[],"class_list":["post-31901","post","type-post","status-publish","format-standard","has-post-thumbnail","hentry","category-nouvelles-du-territoire"],"acf":[],"yoast_head":"<!-- This site is optimized with the Yoast SEO plugin v27.3 - https:\/\/yoast.com\/product\/yoast-seo-wordpress\/ -->\n<title>Porto Rico : Les acteurs de la communication invit\u00e9s \u00e0 se d\u00e9velopper au del\u00e0 de leurs \u00e9glises et leurs communaut\u00e9s. - \u00c9glise Adventiste Du Septieme Jour - Inter Am\u00e9rique Division<\/title>\n<meta name=\"robots\" content=\"index, follow, max-snippet:-1, max-image-preview:large, max-video-preview:-1\" \/>\n<link rel=\"canonical\" href=\"https:\/\/interamerica.org\/fr\/2014\/03\/porto-rico-les-acteurs-de-la-communication-invites-a-se-developper-au-dela-de-leurs-eglises-et-leurs-communautes\/\" \/>\n<meta property=\"og:locale\" content=\"fr_FR\" \/>\n<meta property=\"og:type\" content=\"article\" \/>\n<meta property=\"og:title\" content=\"Porto Rico : Les acteurs de la communication invit\u00e9s \u00e0 se d\u00e9velopper au del\u00e0 de leurs \u00e9glises et leurs communaut\u00e9s. - \u00c9glise Adventiste Du Septieme Jour - Inter Am\u00e9rique Division\" \/>\n<meta property=\"og:description\" content=\"Pr\u00e8s d\u2019une centaine d\u2019Adventistes du Septi\u00e8me jour se sont r\u00e9unis le weekend dernier pour une formation sp\u00e9ciale en communication destin\u00e9e \u00e0 affuter leurs comp\u00e9tences en mati\u00e8re de technologie afin qu\u2019ils soient plus efficace dans la mission consistant \u00e0 partager la bonne nouvelle de l\u2019Evangile dans leurs communaut\u00e9s.\" \/>\n<meta property=\"og:url\" content=\"https:\/\/interamerica.org\/fr\/2014\/03\/porto-rico-les-acteurs-de-la-communication-invites-a-se-developper-au-dela-de-leurs-eglises-et-leurs-communautes\/\" \/>\n<meta property=\"og:site_name\" content=\"\u00c9glise Adventiste Du Septieme Jour - Inter Am\u00e9rique Division\" \/>\n<meta property=\"article:published_time\" content=\"2014-03-15T04:00:00+00:00\" \/>\n<meta property=\"og:image\" content=\"https:\/\/interamerica.org\/wp-content\/uploads\/2017\/06\/EdsonCanqui1.png\" \/>\n\t<meta property=\"og:image:width\" content=\"315\" \/>\n\t<meta property=\"og:image:height\" content=\"236\" \/>\n\t<meta property=\"og:image:type\" content=\"image\/png\" \/>\n<meta name=\"author\" content=\"Lorenzo Verduzco\" \/>\n<meta name=\"twitter:card\" content=\"summary_large_image\" \/>\n<meta name=\"twitter:label1\" content=\"\u00c9crit par\" \/>\n\t<meta name=\"twitter:data1\" content=\"Lorenzo Verduzco\" \/>\n\t<meta name=\"twitter:label2\" content=\"Dur\u00e9e de lecture estim\u00e9e\" \/>\n\t<meta name=\"twitter:data2\" content=\"5 minutes\" \/>\n<script type=\"application\/ld+json\" class=\"yoast-schema-graph\">{\"@context\":\"https:\\\/\\\/schema.org\",\"@graph\":[{\"@type\":\"Article\",\"@id\":\"https:\\\/\\\/interamerica.org\\\/fr\\\/2014\\\/03\\\/porto-rico-les-acteurs-de-la-communication-invites-a-se-developper-au-dela-de-leurs-eglises-et-leurs-communautes\\\/#article\",\"isPartOf\":{\"@id\":\"https:\\\/\\\/interamerica.org\\\/fr\\\/2014\\\/03\\\/porto-rico-les-acteurs-de-la-communication-invites-a-se-developper-au-dela-de-leurs-eglises-et-leurs-communautes\\\/\"},\"author\":{\"name\":\"Lorenzo Verduzco\",\"@id\":\"https:\\\/\\\/interamerica.org\\\/fr\\\/#\\\/schema\\\/person\\\/68ede8bdc292885bb76c1e3810e73c39\"},\"headline\":\"Porto Rico : Les acteurs de la communication invit\u00e9s \u00e0 se d\u00e9velopper au del\u00e0 de leurs \u00e9glises et leurs communaut\u00e9s.\",\"datePublished\":\"2014-03-15T04:00:00+00:00\",\"mainEntityOfPage\":{\"@id\":\"https:\\\/\\\/interamerica.org\\\/fr\\\/2014\\\/03\\\/porto-rico-les-acteurs-de-la-communication-invites-a-se-developper-au-dela-de-leurs-eglises-et-leurs-communautes\\\/\"},\"wordCount\":1108,\"image\":{\"@id\":\"https:\\\/\\\/interamerica.org\\\/fr\\\/2014\\\/03\\\/porto-rico-les-acteurs-de-la-communication-invites-a-se-developper-au-dela-de-leurs-eglises-et-leurs-communautes\\\/#primaryimage\"},\"thumbnailUrl\":\"https:\\\/\\\/interamerica.org\\\/wp-content\\\/uploads\\\/2017\\\/06\\\/EdsonCanqui1.png\",\"articleSection\":[\"Nouvelles du territoire\"],\"inLanguage\":\"fr-FR\"},{\"@type\":\"WebPage\",\"@id\":\"https:\\\/\\\/interamerica.org\\\/fr\\\/2014\\\/03\\\/porto-rico-les-acteurs-de-la-communication-invites-a-se-developper-au-dela-de-leurs-eglises-et-leurs-communautes\\\/\",\"url\":\"https:\\\/\\\/interamerica.org\\\/fr\\\/2014\\\/03\\\/porto-rico-les-acteurs-de-la-communication-invites-a-se-developper-au-dela-de-leurs-eglises-et-leurs-communautes\\\/\",\"name\":\"Porto Rico : Les acteurs de la communication invit\u00e9s \u00e0 se d\u00e9velopper au del\u00e0 de leurs \u00e9glises et leurs communaut\u00e9s. - \u00c9glise Adventiste Du Septieme Jour - Inter Am\u00e9rique Division\",\"isPartOf\":{\"@id\":\"https:\\\/\\\/interamerica.org\\\/fr\\\/#website\"},\"primaryImageOfPage\":{\"@id\":\"https:\\\/\\\/interamerica.org\\\/fr\\\/2014\\\/03\\\/porto-rico-les-acteurs-de-la-communication-invites-a-se-developper-au-dela-de-leurs-eglises-et-leurs-communautes\\\/#primaryimage\"},\"image\":{\"@id\":\"https:\\\/\\\/interamerica.org\\\/fr\\\/2014\\\/03\\\/porto-rico-les-acteurs-de-la-communication-invites-a-se-developper-au-dela-de-leurs-eglises-et-leurs-communautes\\\/#primaryimage\"},\"thumbnailUrl\":\"https:\\\/\\\/interamerica.org\\\/wp-content\\\/uploads\\\/2017\\\/06\\\/EdsonCanqui1.png\",\"datePublished\":\"2014-03-15T04:00:00+00:00\",\"author\":{\"@id\":\"https:\\\/\\\/interamerica.org\\\/fr\\\/#\\\/schema\\\/person\\\/68ede8bdc292885bb76c1e3810e73c39\"},\"breadcrumb\":{\"@id\":\"https:\\\/\\\/interamerica.org\\\/fr\\\/2014\\\/03\\\/porto-rico-les-acteurs-de-la-communication-invites-a-se-developper-au-dela-de-leurs-eglises-et-leurs-communautes\\\/#breadcrumb\"},\"inLanguage\":\"fr-FR\",\"potentialAction\":[{\"@type\":\"ReadAction\",\"target\":[\"https:\\\/\\\/interamerica.org\\\/fr\\\/2014\\\/03\\\/porto-rico-les-acteurs-de-la-communication-invites-a-se-developper-au-dela-de-leurs-eglises-et-leurs-communautes\\\/\"]}]},{\"@type\":\"ImageObject\",\"inLanguage\":\"fr-FR\",\"@id\":\"https:\\\/\\\/interamerica.org\\\/fr\\\/2014\\\/03\\\/porto-rico-les-acteurs-de-la-communication-invites-a-se-developper-au-dela-de-leurs-eglises-et-leurs-communautes\\\/#primaryimage\",\"url\":\"https:\\\/\\\/interamerica.org\\\/wp-content\\\/uploads\\\/2017\\\/06\\\/EdsonCanqui1.png\",\"contentUrl\":\"https:\\\/\\\/interamerica.org\\\/wp-content\\\/uploads\\\/2017\\\/06\\\/EdsonCanqui1.png\",\"width\":315,\"height\":236},{\"@type\":\"BreadcrumbList\",\"@id\":\"https:\\\/\\\/interamerica.org\\\/fr\\\/2014\\\/03\\\/porto-rico-les-acteurs-de-la-communication-invites-a-se-developper-au-dela-de-leurs-eglises-et-leurs-communautes\\\/#breadcrumb\",\"itemListElement\":[{\"@type\":\"ListItem\",\"position\":1,\"name\":\"Home\",\"item\":\"https:\\\/\\\/interamerica.org\\\/fr\\\/\"},{\"@type\":\"ListItem\",\"position\":2,\"name\":\"Porto Rico : Les acteurs de la communication invit\u00e9s \u00e0 se d\u00e9velopper au del\u00e0 de leurs \u00e9glises et leurs communaut\u00e9s.\"}]},{\"@type\":\"WebSite\",\"@id\":\"https:\\\/\\\/interamerica.org\\\/fr\\\/#website\",\"url\":\"https:\\\/\\\/interamerica.org\\\/fr\\\/\",\"name\":\"\u00c9glise Adventiste Du Septieme Jour - Inter Am\u00e9rique Division\",\"description\":\"\",\"potentialAction\":[{\"@type\":\"SearchAction\",\"target\":{\"@type\":\"EntryPoint\",\"urlTemplate\":\"https:\\\/\\\/interamerica.org\\\/fr\\\/?s={search_term_string}\"},\"query-input\":{\"@type\":\"PropertyValueSpecification\",\"valueRequired\":true,\"valueName\":\"search_term_string\"}}],\"inLanguage\":\"fr-FR\"},{\"@type\":\"Person\",\"@id\":\"https:\\\/\\\/interamerica.org\\\/fr\\\/#\\\/schema\\\/person\\\/68ede8bdc292885bb76c1e3810e73c39\",\"name\":\"Lorenzo Verduzco\",\"image\":{\"@type\":\"ImageObject\",\"inLanguage\":\"fr-FR\",\"@id\":\"https:\\\/\\\/secure.gravatar.com\\\/avatar\\\/fb81a55b6218459490a9c1dc841a34909185b81904c5337b4b27f7a6fd60c49e?s=96&d=mm&r=g\",\"url\":\"https:\\\/\\\/secure.gravatar.com\\\/avatar\\\/fb81a55b6218459490a9c1dc841a34909185b81904c5337b4b27f7a6fd60c49e?s=96&d=mm&r=g\",\"contentUrl\":\"https:\\\/\\\/secure.gravatar.com\\\/avatar\\\/fb81a55b6218459490a9c1dc841a34909185b81904c5337b4b27f7a6fd60c49e?s=96&d=mm&r=g\",\"caption\":\"Lorenzo Verduzco\"}}]}<\/script>\n<!-- \/ Yoast SEO plugin. -->","yoast_head_json":{"title":"Porto Rico : Les acteurs de la communication invit\u00e9s \u00e0 se d\u00e9velopper au del\u00e0 de leurs \u00e9glises et leurs communaut\u00e9s. - \u00c9glise Adventiste Du Septieme Jour - Inter Am\u00e9rique Division","robots":{"index":"index","follow":"follow","max-snippet":"max-snippet:-1","max-image-preview":"max-image-preview:large","max-video-preview":"max-video-preview:-1"},"canonical":"https:\/\/interamerica.org\/fr\/2014\/03\/porto-rico-les-acteurs-de-la-communication-invites-a-se-developper-au-dela-de-leurs-eglises-et-leurs-communautes\/","og_locale":"fr_FR","og_type":"article","og_title":"Porto Rico : Les acteurs de la communication invit\u00e9s \u00e0 se d\u00e9velopper au del\u00e0 de leurs \u00e9glises et leurs communaut\u00e9s. - \u00c9glise Adventiste Du Septieme Jour - Inter Am\u00e9rique Division","og_description":"Pr\u00e8s d\u2019une centaine d\u2019Adventistes du Septi\u00e8me jour se sont r\u00e9unis le weekend dernier pour une formation sp\u00e9ciale en communication destin\u00e9e \u00e0 affuter leurs comp\u00e9tences en mati\u00e8re de technologie afin qu\u2019ils soient plus efficace dans la mission consistant \u00e0 partager la bonne nouvelle de l\u2019Evangile dans leurs communaut\u00e9s.","og_url":"https:\/\/interamerica.org\/fr\/2014\/03\/porto-rico-les-acteurs-de-la-communication-invites-a-se-developper-au-dela-de-leurs-eglises-et-leurs-communautes\/","og_site_name":"\u00c9glise Adventiste Du Septieme Jour - Inter Am\u00e9rique Division","article_published_time":"2014-03-15T04:00:00+00:00","og_image":[{"width":315,"height":236,"url":"https:\/\/interamerica.org\/wp-content\/uploads\/2017\/06\/EdsonCanqui1.png","type":"image\/png"}],"author":"Lorenzo Verduzco","twitter_card":"summary_large_image","twitter_misc":{"\u00c9crit par":"Lorenzo Verduzco","Dur\u00e9e de lecture estim\u00e9e":"5 minutes"},"schema":{"@context":"https:\/\/schema.org","@graph":[{"@type":"Article","@id":"https:\/\/interamerica.org\/fr\/2014\/03\/porto-rico-les-acteurs-de-la-communication-invites-a-se-developper-au-dela-de-leurs-eglises-et-leurs-communautes\/#article","isPartOf":{"@id":"https:\/\/interamerica.org\/fr\/2014\/03\/porto-rico-les-acteurs-de-la-communication-invites-a-se-developper-au-dela-de-leurs-eglises-et-leurs-communautes\/"},"author":{"name":"Lorenzo Verduzco","@id":"https:\/\/interamerica.org\/fr\/#\/schema\/person\/68ede8bdc292885bb76c1e3810e73c39"},"headline":"Porto Rico : Les acteurs de la communication invit\u00e9s \u00e0 se d\u00e9velopper au del\u00e0 de leurs \u00e9glises et leurs communaut\u00e9s.","datePublished":"2014-03-15T04:00:00+00:00","mainEntityOfPage":{"@id":"https:\/\/interamerica.org\/fr\/2014\/03\/porto-rico-les-acteurs-de-la-communication-invites-a-se-developper-au-dela-de-leurs-eglises-et-leurs-communautes\/"},"wordCount":1108,"image":{"@id":"https:\/\/interamerica.org\/fr\/2014\/03\/porto-rico-les-acteurs-de-la-communication-invites-a-se-developper-au-dela-de-leurs-eglises-et-leurs-communautes\/#primaryimage"},"thumbnailUrl":"https:\/\/interamerica.org\/wp-content\/uploads\/2017\/06\/EdsonCanqui1.png","articleSection":["Nouvelles du territoire"],"inLanguage":"fr-FR"},{"@type":"WebPage","@id":"https:\/\/interamerica.org\/fr\/2014\/03\/porto-rico-les-acteurs-de-la-communication-invites-a-se-developper-au-dela-de-leurs-eglises-et-leurs-communautes\/","url":"https:\/\/interamerica.org\/fr\/2014\/03\/porto-rico-les-acteurs-de-la-communication-invites-a-se-developper-au-dela-de-leurs-eglises-et-leurs-communautes\/","name":"Porto Rico : Les acteurs de la communication invit\u00e9s \u00e0 se d\u00e9velopper au del\u00e0 de leurs \u00e9glises et leurs communaut\u00e9s. - \u00c9glise Adventiste Du Septieme Jour - Inter Am\u00e9rique Division","isPartOf":{"@id":"https:\/\/interamerica.org\/fr\/#website"},"primaryImageOfPage":{"@id":"https:\/\/interamerica.org\/fr\/2014\/03\/porto-rico-les-acteurs-de-la-communication-invites-a-se-developper-au-dela-de-leurs-eglises-et-leurs-communautes\/#primaryimage"},"image":{"@id":"https:\/\/interamerica.org\/fr\/2014\/03\/porto-rico-les-acteurs-de-la-communication-invites-a-se-developper-au-dela-de-leurs-eglises-et-leurs-communautes\/#primaryimage"},"thumbnailUrl":"https:\/\/interamerica.org\/wp-content\/uploads\/2017\/06\/EdsonCanqui1.png","datePublished":"2014-03-15T04:00:00+00:00","author":{"@id":"https:\/\/interamerica.org\/fr\/#\/schema\/person\/68ede8bdc292885bb76c1e3810e73c39"},"breadcrumb":{"@id":"https:\/\/interamerica.org\/fr\/2014\/03\/porto-rico-les-acteurs-de-la-communication-invites-a-se-developper-au-dela-de-leurs-eglises-et-leurs-communautes\/#breadcrumb"},"inLanguage":"fr-FR","potentialAction":[{"@type":"ReadAction","target":["https:\/\/interamerica.org\/fr\/2014\/03\/porto-rico-les-acteurs-de-la-communication-invites-a-se-developper-au-dela-de-leurs-eglises-et-leurs-communautes\/"]}]},{"@type":"ImageObject","inLanguage":"fr-FR","@id":"https:\/\/interamerica.org\/fr\/2014\/03\/porto-rico-les-acteurs-de-la-communication-invites-a-se-developper-au-dela-de-leurs-eglises-et-leurs-communautes\/#primaryimage","url":"https:\/\/interamerica.org\/wp-content\/uploads\/2017\/06\/EdsonCanqui1.png","contentUrl":"https:\/\/interamerica.org\/wp-content\/uploads\/2017\/06\/EdsonCanqui1.png","width":315,"height":236},{"@type":"BreadcrumbList","@id":"https:\/\/interamerica.org\/fr\/2014\/03\/porto-rico-les-acteurs-de-la-communication-invites-a-se-developper-au-dela-de-leurs-eglises-et-leurs-communautes\/#breadcrumb","itemListElement":[{"@type":"ListItem","position":1,"name":"Home","item":"https:\/\/interamerica.org\/fr\/"},{"@type":"ListItem","position":2,"name":"Porto Rico : Les acteurs de la communication invit\u00e9s \u00e0 se d\u00e9velopper au del\u00e0 de leurs \u00e9glises et leurs communaut\u00e9s."}]},{"@type":"WebSite","@id":"https:\/\/interamerica.org\/fr\/#website","url":"https:\/\/interamerica.org\/fr\/","name":"\u00c9glise Adventiste Du Septieme Jour - Inter Am\u00e9rique Division","description":"","potentialAction":[{"@type":"SearchAction","target":{"@type":"EntryPoint","urlTemplate":"https:\/\/interamerica.org\/fr\/?s={search_term_string}"},"query-input":{"@type":"PropertyValueSpecification","valueRequired":true,"valueName":"search_term_string"}}],"inLanguage":"fr-FR"},{"@type":"Person","@id":"https:\/\/interamerica.org\/fr\/#\/schema\/person\/68ede8bdc292885bb76c1e3810e73c39","name":"Lorenzo Verduzco","image":{"@type":"ImageObject","inLanguage":"fr-FR","@id":"https:\/\/secure.gravatar.com\/avatar\/fb81a55b6218459490a9c1dc841a34909185b81904c5337b4b27f7a6fd60c49e?s=96&d=mm&r=g","url":"https:\/\/secure.gravatar.com\/avatar\/fb81a55b6218459490a9c1dc841a34909185b81904c5337b4b27f7a6fd60c49e?s=96&d=mm&r=g","contentUrl":"https:\/\/secure.gravatar.com\/avatar\/fb81a55b6218459490a9c1dc841a34909185b81904c5337b4b27f7a6fd60c49e?s=96&d=mm&r=g","caption":"Lorenzo Verduzco"}}]}},"_links":{"self":[{"href":"https:\/\/interamerica.org\/fr\/wp-json\/wp\/v2\/posts\/31901","targetHints":{"allow":["GET"]}}],"collection":[{"href":"https:\/\/interamerica.org\/fr\/wp-json\/wp\/v2\/posts"}],"about":[{"href":"https:\/\/interamerica.org\/fr\/wp-json\/wp\/v2\/types\/post"}],"author":[{"embeddable":true,"href":"https:\/\/interamerica.org\/fr\/wp-json\/wp\/v2\/users\/1"}],"replies":[{"embeddable":true,"href":"https:\/\/interamerica.org\/fr\/wp-json\/wp\/v2\/comments?post=31901"}],"version-history":[{"count":0,"href":"https:\/\/interamerica.org\/fr\/wp-json\/wp\/v2\/posts\/31901\/revisions"}],"wp:featuredmedia":[{"embeddable":true,"href":"https:\/\/interamerica.org\/fr\/wp-json\/wp\/v2\/media\/22758"}],"wp:attachment":[{"href":"https:\/\/interamerica.org\/fr\/wp-json\/wp\/v2\/media?parent=31901"}],"wp:term":[{"taxonomy":"category","embeddable":true,"href":"https:\/\/interamerica.org\/fr\/wp-json\/wp\/v2\/categories?post=31901"},{"taxonomy":"post_tag","embeddable":true,"href":"https:\/\/interamerica.org\/fr\/wp-json\/wp\/v2\/tags?post=31901"}],"curies":[{"name":"wp","href":"https:\/\/api.w.org\/{rel}","templated":true}]}}