{"id":31902,"date":"2014-03-16T00:00:00","date_gmt":"2014-03-16T04:00:00","guid":{"rendered":"http:\/\/192.81.217.108\/interamerica\/2014\/03\/jamaique-le-ministre-de-la-securite-invite-leglise-a-avoir-un-impact-sur-les-communautes\/"},"modified":"2017-11-07T23:52:56","modified_gmt":"2017-11-08T03:52:56","slug":"jamaique-le-ministre-de-la-securite-invite-leglise-a-avoir-un-impact-sur-les-communautes","status":"publish","type":"post","link":"https:\/\/interamerica.org\/fr\/2014\/03\/jamaique-le-ministre-de-la-securite-invite-leglise-a-avoir-un-impact-sur-les-communautes\/","title":{"rendered":"Jama\u00efque : le ministre de la s\u00e9curit\u00e9 invite l\u2019\u00e9glise \u00e0 avoir un impact sur les communaut\u00e9s"},"content":{"rendered":"<p>14 mars 2014 \u2013 Mandeville, Jama\u00efque\u2026Nigel Coke\/DIA<\/p>\n<div id=\"attachment_10986\" style=\"width: 310px\" class=\"wp-caption alignleft\"><a href=\"\/interamerica\/wp-content\/uploads\/2017\/06\/JAMU-Bunting.png\" rel=\"fancybox\" title=\"Jama\u00efque : le ministre de la s\u00e9curit\u00e9 invite l\u2019\u00e9glise \u00e0 avoir un impact sur les communaut\u00e9s\"><img fetchpriority=\"high\" decoding=\"async\" aria-describedby=\"caption-attachment-10986\" class=\"size-medium wp-image-10986\" src=\"\/interamerica\/wp-content\/uploads\/2017\/06\/JAMU-Bunting.png\" alt=\"\" width=\"300\" height=\"181\" \/><\/a><p id=\"caption-attachment-10986\" class=\"wp-caption-text\">Lors de la campagne d\u2019\u00e9vang\u00e9lisation \u00ab Retour au Plan Divin \u00bb (GA14), \u00e0 Mandeville, Manchester, la semaine derni\u00e8re, le Ministre de la S\u00e9curit\u00e9 Nationale de la Jama\u00efque, l\u2019Honorable Peter Bunting, fait appel au soutien de l\u2019Eglise Adventiste du Septi\u00e8me jour pour aider dans la lutte contre le niveau \u00e9lev\u00e9 de crime et de violence, et les cas importants de meurtres que conna\u00eet le pays. Image de Nigel Coke\/DIA.<\/p><\/div>\n<p>Depuis sa d\u00e9claration controvers\u00e9e faite au cours d\u2019un service de Thanksgiving organis\u00e9 pour les Forces de S\u00e9curit\u00e9 l\u2019ann\u00e9e derni\u00e8re \u00e0 l\u2019Universit\u00e9 du Nord de la Cara\u00efbe et selon laquelle la Jama\u00efque a besoin de l\u2019intervention divine pour arriver \u00e0 maitriser la criminalit\u00e9, l\u2019Honorable Peter Bunting en appelle \u00e0 l\u2019\u00e9glise pour aider le gouvernement dans ses efforts.<\/p>\n<p>Son dernier appel est intervenu alors qu\u2019il s\u2019adressait le 10 mars 2014 \u00e0 des centaines de membres et de visiteurs, y compris le personnel de la s\u00e9curit\u00e9 et le maire de Mandeville, le conseiller Brenda Ramsay, lors de la campagne \u00ab Retour au Plan Divin \u00bb (GA14), qui se tient sur le terrain de l\u2019\u00e9glise Adventiste du Septi\u00e8me jour de Mandeville \u00e0 Manchester.<\/p>\n<p>En d\u00e9taillant son approche dans le cadre de la r\u00e9cente strat\u00e9gie de lutte contre la criminalit\u00e9, \u00ab Unis pour le Changement, \u00bb Peter Bunting a d\u00e9clar\u00e9 que \u00ab Le Livre Guinness des Records place la Jama\u00efque en t\u00eate de la liste des pays ayant le plus grand nombre d\u2019\u00e9glise au kilom\u00e8tre carr\u00e9, et c\u2019est pour nous un paradoxe d\u2019avoir la plus grande densit\u00e9 en terme de nombre d\u2019\u00e9glises et en m\u00eame temps d\u2019\u00eatre un des pays les plus violents dans le monde. \u00bb<\/p>\n<p>Peter Bunting a poursuivi en disant qu\u2019il croit qu\u2019il est parfaitement l\u00e9gitime d\u2019en appeler \u00e0 l\u2019\u00e9glise et de l\u2019inviter \u00e0 jouer un r\u00f4le cl\u00e9 dans le \u00ab changement de comportement de groupe \u00bb parce que le fait d\u2019inculquer la morale et les valeurs est dans un sens, une fonction fondamentale de l\u2019\u00e9glise.<\/p>\n<p>\u00ab Nous vous demandons de le faire non seulement \u00e0 l\u2019int\u00e9rieur des murs de l\u2019\u00e9glise, mais aussi d\u2019amener l\u2019\u00e9glise dans la communaut\u00e9 et de cr\u00e9er un impact dans cette communaut\u00e9, \u00bb a dit Peter Bunting.<\/p>\n<p>D\u2019apr\u00e8s des rapports de police, beaucoup des meurtres commis en Jama\u00efque sont li\u00e9s au crime organis\u00e9 dans les centres urbains du pays ; et une grande partie de ce crime organis\u00e9 a \u00e0 voir avec le trafic ill\u00e9gal de drogues. Les informations des Forces de Police de la Jama\u00efque montrent qu\u2019il y a eu 119 meurtres recens\u00e9s entre le 1er janvier et le 15 f\u00e9vrier 2014.<\/p>\n<p>Le probl\u00e8me de la criminalit\u00e9 et de la violence et aussi des cas importants de meurtres, repr\u00e9sente une vraie plaie pour la Jama\u00efque depuis des d\u00e9cennies ; les strat\u00e9gies nombreuses et vari\u00e9es mises en place n\u2019ont pas eu de succ\u00e8s d\u2019apr\u00e8s Peter Bunting.<\/p>\n<div id=\"attachment_10985\" style=\"width: 310px\" class=\"wp-caption alignleft\"><a href=\"\/interamerica\/wp-content\/uploads\/2017\/06\/JAMU-prayer.png\" rel=\"fancybox\" title=\"Jama\u00efque : le ministre de la s\u00e9curit\u00e9 invite l\u2019\u00e9glise \u00e0 avoir un impact sur les communaut\u00e9s\"><img decoding=\"async\" aria-describedby=\"caption-attachment-10985\" class=\"size-medium wp-image-10985\" src=\"\/interamerica\/wp-content\/uploads\/2017\/06\/JAMU-prayer-300x199.png\" alt=\"\" width=\"300\" height=\"199\" \/><\/a><p id=\"caption-attachment-10985\" class=\"wp-caption-text\">La 10 mars 2014, pasteur Greg Baldeo prie pour, \u00e0 partir de la gauche, DSP Marlene Bailey, Sgt Verona Johnson, le maire de Mandeville, le Conseiller Brenda Ramsay et le Ministre de la S\u00e9curit\u00e9 Nationale, Peter Bunting, \u00e0 l\u2019occasion de la campagne d\u2019\u00e9vang\u00e9lisation \u2018Retour au Plan Divin\u2019 qui se tient sur le terrain de l\u2019\u00e9glise Adventiste du Septi\u00e8me jour de Mandeville. Image de Nigel Coke\/DIA<\/p><\/div>\n<p>Lors de son intervention, le Ministre Peter Bunting a r\u00e9it\u00e9r\u00e9 sa position selon laquelle, \u00ab les efforts des forces de s\u00e9curit\u00e9s \u00e0 eux seuls ne permettront pas de r\u00e9soudre le probl\u00e8me de criminalit\u00e9 en Jama\u00efque, mais qu\u2019il faudra d\u2019une intervention divine pour toucher les c\u0153urs d\u2019une grande partie de la soci\u00e9t\u00e9. \u00bb<\/p>\n<p>Pendant la rencontre, une pri\u00e8re a \u00e9t\u00e9 faite en faveur du Ministre Peter Bunting et des forces de s\u00e9curit\u00e9, et le ministre a re\u00e7u une copie du livre La trag\u00e9die des Si\u00e8cles.<\/p>\n<p>Pasteur Greg Baldeo, l\u2019\u00e9vang\u00e9liste de la s\u00e9rie GA14 \u00e0 Mandeville a indiqu\u00e9 que la campagne d\u2019\u00e9vang\u00e9lisation se d\u00e9roulait tr\u00e8s bien.<\/p>\n<p>\u00ab Nous faisons un effort d\u00e9lib\u00e9r\u00e9 et d\u00e9cisif pour reprendre la ville de Mandeville et le comt\u00e9 de Manchester des mains des criminels, a d\u00e9clar\u00e9 pasteur Baldeo.<\/p>\n<p>Dans sa br\u00e8ve allocution, le maire Brenda Ramsay, a soulign\u00e9 l\u2019importance de la campagne GA14 et a exprim\u00e9 le souhait qu\u2019\u00e0 la fin, \u00ab nous puissions voir la paix, l\u2019harmonie, l\u2019amour, la fraternit\u00e9, et la main de Dieu \u00e0 l\u2019\u0153uvre dans nos vies. \u00bb<\/p>\n<p>La campagne GA14 est une s\u00e9rie visant \u00e0 changer les styles de vie, elle a d\u00e9but\u00e9 le 2 mars et s\u2019ach\u00e8vera le 30 mars. Elle se d\u00e9roule dans le cadre de l\u2019initiative Espoir pour les Villes lanc\u00e9e par l\u2019Eglise Adventiste mondiale.<\/p>\n<p>Traduction: Patrick Luciathe<\/p>\n","protected":false},"excerpt":{"rendered":"<p>Depuis sa d\u00e9claration controvers\u00e9e faite au cours d\u2019un service de Thanksgiving organis\u00e9 pour les Forces de S\u00e9curit\u00e9 l\u2019ann\u00e9e derni\u00e8re \u00e0 l\u2019Universit\u00e9 du Nord de la Cara\u00efbe et selon laquelle la Jama\u00efque a besoin de l\u2019intervention divine pour arriver \u00e0 maitriser la criminalit\u00e9, l\u2019Honorable Peter Bunting en appelle \u00e0 l\u2019\u00e9glise pour aider le gouvernement dans ses efforts.<\/p>\n","protected":false},"author":1,"featured_media":22768,"comment_status":"closed","ping_status":"closed","sticky":false,"template":"","format":"standard","meta":{"_acf_changed":false,"footnotes":""},"categories":[21],"tags":[],"class_list":["post-31902","post","type-post","status-publish","format-standard","has-post-thumbnail","hentry","category-nouvelles-du-territoire"],"acf":[],"yoast_head":"<!-- This site is optimized with the Yoast SEO plugin v27.3 - https:\/\/yoast.com\/product\/yoast-seo-wordpress\/ -->\n<title>Jama\u00efque : le ministre de la s\u00e9curit\u00e9 invite l\u2019\u00e9glise \u00e0 avoir un impact sur les communaut\u00e9s - \u00c9glise Adventiste Du Septieme Jour - Inter Am\u00e9rique Division<\/title>\n<meta name=\"robots\" content=\"index, follow, max-snippet:-1, max-image-preview:large, max-video-preview:-1\" \/>\n<link rel=\"canonical\" href=\"https:\/\/interamerica.org\/fr\/2014\/03\/jamaique-le-ministre-de-la-securite-invite-leglise-a-avoir-un-impact-sur-les-communautes\/\" \/>\n<meta property=\"og:locale\" content=\"fr_FR\" \/>\n<meta property=\"og:type\" content=\"article\" \/>\n<meta property=\"og:title\" content=\"Jama\u00efque : le ministre de la s\u00e9curit\u00e9 invite l\u2019\u00e9glise \u00e0 avoir un impact sur les communaut\u00e9s - \u00c9glise Adventiste Du Septieme Jour - Inter Am\u00e9rique Division\" \/>\n<meta property=\"og:description\" content=\"Depuis sa d\u00e9claration controvers\u00e9e faite au cours d\u2019un service de Thanksgiving organis\u00e9 pour les Forces de S\u00e9curit\u00e9 l\u2019ann\u00e9e derni\u00e8re \u00e0 l\u2019Universit\u00e9 du Nord de la Cara\u00efbe et selon laquelle la Jama\u00efque a besoin de l\u2019intervention divine pour arriver \u00e0 maitriser la criminalit\u00e9, l\u2019Honorable Peter Bunting en appelle \u00e0 l\u2019\u00e9glise pour aider le gouvernement dans ses efforts.\" \/>\n<meta property=\"og:url\" content=\"https:\/\/interamerica.org\/fr\/2014\/03\/jamaique-le-ministre-de-la-securite-invite-leglise-a-avoir-un-impact-sur-les-communautes\/\" \/>\n<meta property=\"og:site_name\" content=\"\u00c9glise Adventiste Du Septieme Jour - Inter Am\u00e9rique Division\" \/>\n<meta property=\"article:published_time\" content=\"2014-03-16T04:00:00+00:00\" \/>\n<meta property=\"article:modified_time\" content=\"2017-11-08T03:52:56+00:00\" \/>\n<meta property=\"og:image\" content=\"https:\/\/interamerica.org\/wp-content\/uploads\/2017\/06\/JAMU-Bunting.png\" \/>\n\t<meta property=\"og:image:width\" content=\"467\" \/>\n\t<meta property=\"og:image:height\" content=\"283\" \/>\n\t<meta property=\"og:image:type\" content=\"image\/png\" \/>\n<meta name=\"author\" content=\"Lorenzo Verduzco\" \/>\n<meta name=\"twitter:card\" content=\"summary_large_image\" \/>\n<meta name=\"twitter:label1\" content=\"\u00c9crit par\" \/>\n\t<meta name=\"twitter:data1\" content=\"Lorenzo Verduzco\" \/>\n\t<meta name=\"twitter:label2\" content=\"Dur\u00e9e de lecture estim\u00e9e\" \/>\n\t<meta name=\"twitter:data2\" content=\"4 minutes\" \/>\n<script type=\"application\/ld+json\" class=\"yoast-schema-graph\">{\"@context\":\"https:\\\/\\\/schema.org\",\"@graph\":[{\"@type\":\"Article\",\"@id\":\"https:\\\/\\\/interamerica.org\\\/fr\\\/2014\\\/03\\\/jamaique-le-ministre-de-la-securite-invite-leglise-a-avoir-un-impact-sur-les-communautes\\\/#article\",\"isPartOf\":{\"@id\":\"https:\\\/\\\/interamerica.org\\\/fr\\\/2014\\\/03\\\/jamaique-le-ministre-de-la-securite-invite-leglise-a-avoir-un-impact-sur-les-communautes\\\/\"},\"author\":{\"name\":\"Lorenzo Verduzco\",\"@id\":\"https:\\\/\\\/interamerica.org\\\/fr\\\/#\\\/schema\\\/person\\\/68ede8bdc292885bb76c1e3810e73c39\"},\"headline\":\"Jama\u00efque : le ministre de la s\u00e9curit\u00e9 invite l\u2019\u00e9glise \u00e0 avoir un impact sur les communaut\u00e9s\",\"datePublished\":\"2014-03-16T04:00:00+00:00\",\"dateModified\":\"2017-11-08T03:52:56+00:00\",\"mainEntityOfPage\":{\"@id\":\"https:\\\/\\\/interamerica.org\\\/fr\\\/2014\\\/03\\\/jamaique-le-ministre-de-la-securite-invite-leglise-a-avoir-un-impact-sur-les-communautes\\\/\"},\"wordCount\":868,\"image\":{\"@id\":\"https:\\\/\\\/interamerica.org\\\/fr\\\/2014\\\/03\\\/jamaique-le-ministre-de-la-securite-invite-leglise-a-avoir-un-impact-sur-les-communautes\\\/#primaryimage\"},\"thumbnailUrl\":\"https:\\\/\\\/interamerica.org\\\/wp-content\\\/uploads\\\/2017\\\/06\\\/JAMU-Bunting.png\",\"articleSection\":[\"Nouvelles du territoire\"],\"inLanguage\":\"fr-FR\"},{\"@type\":\"WebPage\",\"@id\":\"https:\\\/\\\/interamerica.org\\\/fr\\\/2014\\\/03\\\/jamaique-le-ministre-de-la-securite-invite-leglise-a-avoir-un-impact-sur-les-communautes\\\/\",\"url\":\"https:\\\/\\\/interamerica.org\\\/fr\\\/2014\\\/03\\\/jamaique-le-ministre-de-la-securite-invite-leglise-a-avoir-un-impact-sur-les-communautes\\\/\",\"name\":\"Jama\u00efque : le ministre de la s\u00e9curit\u00e9 invite l\u2019\u00e9glise \u00e0 avoir un impact sur les communaut\u00e9s - \u00c9glise Adventiste Du Septieme Jour - Inter Am\u00e9rique Division\",\"isPartOf\":{\"@id\":\"https:\\\/\\\/interamerica.org\\\/fr\\\/#website\"},\"primaryImageOfPage\":{\"@id\":\"https:\\\/\\\/interamerica.org\\\/fr\\\/2014\\\/03\\\/jamaique-le-ministre-de-la-securite-invite-leglise-a-avoir-un-impact-sur-les-communautes\\\/#primaryimage\"},\"image\":{\"@id\":\"https:\\\/\\\/interamerica.org\\\/fr\\\/2014\\\/03\\\/jamaique-le-ministre-de-la-securite-invite-leglise-a-avoir-un-impact-sur-les-communautes\\\/#primaryimage\"},\"thumbnailUrl\":\"https:\\\/\\\/interamerica.org\\\/wp-content\\\/uploads\\\/2017\\\/06\\\/JAMU-Bunting.png\",\"datePublished\":\"2014-03-16T04:00:00+00:00\",\"dateModified\":\"2017-11-08T03:52:56+00:00\",\"author\":{\"@id\":\"https:\\\/\\\/interamerica.org\\\/fr\\\/#\\\/schema\\\/person\\\/68ede8bdc292885bb76c1e3810e73c39\"},\"breadcrumb\":{\"@id\":\"https:\\\/\\\/interamerica.org\\\/fr\\\/2014\\\/03\\\/jamaique-le-ministre-de-la-securite-invite-leglise-a-avoir-un-impact-sur-les-communautes\\\/#breadcrumb\"},\"inLanguage\":\"fr-FR\",\"potentialAction\":[{\"@type\":\"ReadAction\",\"target\":[\"https:\\\/\\\/interamerica.org\\\/fr\\\/2014\\\/03\\\/jamaique-le-ministre-de-la-securite-invite-leglise-a-avoir-un-impact-sur-les-communautes\\\/\"]}]},{\"@type\":\"ImageObject\",\"inLanguage\":\"fr-FR\",\"@id\":\"https:\\\/\\\/interamerica.org\\\/fr\\\/2014\\\/03\\\/jamaique-le-ministre-de-la-securite-invite-leglise-a-avoir-un-impact-sur-les-communautes\\\/#primaryimage\",\"url\":\"https:\\\/\\\/interamerica.org\\\/wp-content\\\/uploads\\\/2017\\\/06\\\/JAMU-Bunting.png\",\"contentUrl\":\"https:\\\/\\\/interamerica.org\\\/wp-content\\\/uploads\\\/2017\\\/06\\\/JAMU-Bunting.png\",\"width\":467,\"height\":283},{\"@type\":\"BreadcrumbList\",\"@id\":\"https:\\\/\\\/interamerica.org\\\/fr\\\/2014\\\/03\\\/jamaique-le-ministre-de-la-securite-invite-leglise-a-avoir-un-impact-sur-les-communautes\\\/#breadcrumb\",\"itemListElement\":[{\"@type\":\"ListItem\",\"position\":1,\"name\":\"Home\",\"item\":\"https:\\\/\\\/interamerica.org\\\/fr\\\/\"},{\"@type\":\"ListItem\",\"position\":2,\"name\":\"Jama\u00efque : le ministre de la s\u00e9curit\u00e9 invite l\u2019\u00e9glise \u00e0 avoir un impact sur les communaut\u00e9s\"}]},{\"@type\":\"WebSite\",\"@id\":\"https:\\\/\\\/interamerica.org\\\/fr\\\/#website\",\"url\":\"https:\\\/\\\/interamerica.org\\\/fr\\\/\",\"name\":\"\u00c9glise Adventiste Du Septieme Jour - Inter Am\u00e9rique Division\",\"description\":\"\",\"potentialAction\":[{\"@type\":\"SearchAction\",\"target\":{\"@type\":\"EntryPoint\",\"urlTemplate\":\"https:\\\/\\\/interamerica.org\\\/fr\\\/?s={search_term_string}\"},\"query-input\":{\"@type\":\"PropertyValueSpecification\",\"valueRequired\":true,\"valueName\":\"search_term_string\"}}],\"inLanguage\":\"fr-FR\"},{\"@type\":\"Person\",\"@id\":\"https:\\\/\\\/interamerica.org\\\/fr\\\/#\\\/schema\\\/person\\\/68ede8bdc292885bb76c1e3810e73c39\",\"name\":\"Lorenzo Verduzco\",\"image\":{\"@type\":\"ImageObject\",\"inLanguage\":\"fr-FR\",\"@id\":\"https:\\\/\\\/secure.gravatar.com\\\/avatar\\\/fb81a55b6218459490a9c1dc841a34909185b81904c5337b4b27f7a6fd60c49e?s=96&d=mm&r=g\",\"url\":\"https:\\\/\\\/secure.gravatar.com\\\/avatar\\\/fb81a55b6218459490a9c1dc841a34909185b81904c5337b4b27f7a6fd60c49e?s=96&d=mm&r=g\",\"contentUrl\":\"https:\\\/\\\/secure.gravatar.com\\\/avatar\\\/fb81a55b6218459490a9c1dc841a34909185b81904c5337b4b27f7a6fd60c49e?s=96&d=mm&r=g\",\"caption\":\"Lorenzo Verduzco\"}}]}<\/script>\n<!-- \/ Yoast SEO plugin. -->","yoast_head_json":{"title":"Jama\u00efque : le ministre de la s\u00e9curit\u00e9 invite l\u2019\u00e9glise \u00e0 avoir un impact sur les communaut\u00e9s - \u00c9glise Adventiste Du Septieme Jour - Inter Am\u00e9rique Division","robots":{"index":"index","follow":"follow","max-snippet":"max-snippet:-1","max-image-preview":"max-image-preview:large","max-video-preview":"max-video-preview:-1"},"canonical":"https:\/\/interamerica.org\/fr\/2014\/03\/jamaique-le-ministre-de-la-securite-invite-leglise-a-avoir-un-impact-sur-les-communautes\/","og_locale":"fr_FR","og_type":"article","og_title":"Jama\u00efque : le ministre de la s\u00e9curit\u00e9 invite l\u2019\u00e9glise \u00e0 avoir un impact sur les communaut\u00e9s - \u00c9glise Adventiste Du Septieme Jour - Inter Am\u00e9rique Division","og_description":"Depuis sa d\u00e9claration controvers\u00e9e faite au cours d\u2019un service de Thanksgiving organis\u00e9 pour les Forces de S\u00e9curit\u00e9 l\u2019ann\u00e9e derni\u00e8re \u00e0 l\u2019Universit\u00e9 du Nord de la Cara\u00efbe et selon laquelle la Jama\u00efque a besoin de l\u2019intervention divine pour arriver \u00e0 maitriser la criminalit\u00e9, l\u2019Honorable Peter Bunting en appelle \u00e0 l\u2019\u00e9glise pour aider le gouvernement dans ses efforts.","og_url":"https:\/\/interamerica.org\/fr\/2014\/03\/jamaique-le-ministre-de-la-securite-invite-leglise-a-avoir-un-impact-sur-les-communautes\/","og_site_name":"\u00c9glise Adventiste Du Septieme Jour - Inter Am\u00e9rique Division","article_published_time":"2014-03-16T04:00:00+00:00","article_modified_time":"2017-11-08T03:52:56+00:00","og_image":[{"width":467,"height":283,"url":"https:\/\/interamerica.org\/wp-content\/uploads\/2017\/06\/JAMU-Bunting.png","type":"image\/png"}],"author":"Lorenzo Verduzco","twitter_card":"summary_large_image","twitter_misc":{"\u00c9crit par":"Lorenzo Verduzco","Dur\u00e9e de lecture estim\u00e9e":"4 minutes"},"schema":{"@context":"https:\/\/schema.org","@graph":[{"@type":"Article","@id":"https:\/\/interamerica.org\/fr\/2014\/03\/jamaique-le-ministre-de-la-securite-invite-leglise-a-avoir-un-impact-sur-les-communautes\/#article","isPartOf":{"@id":"https:\/\/interamerica.org\/fr\/2014\/03\/jamaique-le-ministre-de-la-securite-invite-leglise-a-avoir-un-impact-sur-les-communautes\/"},"author":{"name":"Lorenzo Verduzco","@id":"https:\/\/interamerica.org\/fr\/#\/schema\/person\/68ede8bdc292885bb76c1e3810e73c39"},"headline":"Jama\u00efque : le ministre de la s\u00e9curit\u00e9 invite l\u2019\u00e9glise \u00e0 avoir un impact sur les communaut\u00e9s","datePublished":"2014-03-16T04:00:00+00:00","dateModified":"2017-11-08T03:52:56+00:00","mainEntityOfPage":{"@id":"https:\/\/interamerica.org\/fr\/2014\/03\/jamaique-le-ministre-de-la-securite-invite-leglise-a-avoir-un-impact-sur-les-communautes\/"},"wordCount":868,"image":{"@id":"https:\/\/interamerica.org\/fr\/2014\/03\/jamaique-le-ministre-de-la-securite-invite-leglise-a-avoir-un-impact-sur-les-communautes\/#primaryimage"},"thumbnailUrl":"https:\/\/interamerica.org\/wp-content\/uploads\/2017\/06\/JAMU-Bunting.png","articleSection":["Nouvelles du territoire"],"inLanguage":"fr-FR"},{"@type":"WebPage","@id":"https:\/\/interamerica.org\/fr\/2014\/03\/jamaique-le-ministre-de-la-securite-invite-leglise-a-avoir-un-impact-sur-les-communautes\/","url":"https:\/\/interamerica.org\/fr\/2014\/03\/jamaique-le-ministre-de-la-securite-invite-leglise-a-avoir-un-impact-sur-les-communautes\/","name":"Jama\u00efque : le ministre de la s\u00e9curit\u00e9 invite l\u2019\u00e9glise \u00e0 avoir un impact sur les communaut\u00e9s - \u00c9glise Adventiste Du Septieme Jour - Inter Am\u00e9rique Division","isPartOf":{"@id":"https:\/\/interamerica.org\/fr\/#website"},"primaryImageOfPage":{"@id":"https:\/\/interamerica.org\/fr\/2014\/03\/jamaique-le-ministre-de-la-securite-invite-leglise-a-avoir-un-impact-sur-les-communautes\/#primaryimage"},"image":{"@id":"https:\/\/interamerica.org\/fr\/2014\/03\/jamaique-le-ministre-de-la-securite-invite-leglise-a-avoir-un-impact-sur-les-communautes\/#primaryimage"},"thumbnailUrl":"https:\/\/interamerica.org\/wp-content\/uploads\/2017\/06\/JAMU-Bunting.png","datePublished":"2014-03-16T04:00:00+00:00","dateModified":"2017-11-08T03:52:56+00:00","author":{"@id":"https:\/\/interamerica.org\/fr\/#\/schema\/person\/68ede8bdc292885bb76c1e3810e73c39"},"breadcrumb":{"@id":"https:\/\/interamerica.org\/fr\/2014\/03\/jamaique-le-ministre-de-la-securite-invite-leglise-a-avoir-un-impact-sur-les-communautes\/#breadcrumb"},"inLanguage":"fr-FR","potentialAction":[{"@type":"ReadAction","target":["https:\/\/interamerica.org\/fr\/2014\/03\/jamaique-le-ministre-de-la-securite-invite-leglise-a-avoir-un-impact-sur-les-communautes\/"]}]},{"@type":"ImageObject","inLanguage":"fr-FR","@id":"https:\/\/interamerica.org\/fr\/2014\/03\/jamaique-le-ministre-de-la-securite-invite-leglise-a-avoir-un-impact-sur-les-communautes\/#primaryimage","url":"https:\/\/interamerica.org\/wp-content\/uploads\/2017\/06\/JAMU-Bunting.png","contentUrl":"https:\/\/interamerica.org\/wp-content\/uploads\/2017\/06\/JAMU-Bunting.png","width":467,"height":283},{"@type":"BreadcrumbList","@id":"https:\/\/interamerica.org\/fr\/2014\/03\/jamaique-le-ministre-de-la-securite-invite-leglise-a-avoir-un-impact-sur-les-communautes\/#breadcrumb","itemListElement":[{"@type":"ListItem","position":1,"name":"Home","item":"https:\/\/interamerica.org\/fr\/"},{"@type":"ListItem","position":2,"name":"Jama\u00efque : le ministre de la s\u00e9curit\u00e9 invite l\u2019\u00e9glise \u00e0 avoir un impact sur les communaut\u00e9s"}]},{"@type":"WebSite","@id":"https:\/\/interamerica.org\/fr\/#website","url":"https:\/\/interamerica.org\/fr\/","name":"\u00c9glise Adventiste Du Septieme Jour - Inter Am\u00e9rique Division","description":"","potentialAction":[{"@type":"SearchAction","target":{"@type":"EntryPoint","urlTemplate":"https:\/\/interamerica.org\/fr\/?s={search_term_string}"},"query-input":{"@type":"PropertyValueSpecification","valueRequired":true,"valueName":"search_term_string"}}],"inLanguage":"fr-FR"},{"@type":"Person","@id":"https:\/\/interamerica.org\/fr\/#\/schema\/person\/68ede8bdc292885bb76c1e3810e73c39","name":"Lorenzo Verduzco","image":{"@type":"ImageObject","inLanguage":"fr-FR","@id":"https:\/\/secure.gravatar.com\/avatar\/fb81a55b6218459490a9c1dc841a34909185b81904c5337b4b27f7a6fd60c49e?s=96&d=mm&r=g","url":"https:\/\/secure.gravatar.com\/avatar\/fb81a55b6218459490a9c1dc841a34909185b81904c5337b4b27f7a6fd60c49e?s=96&d=mm&r=g","contentUrl":"https:\/\/secure.gravatar.com\/avatar\/fb81a55b6218459490a9c1dc841a34909185b81904c5337b4b27f7a6fd60c49e?s=96&d=mm&r=g","caption":"Lorenzo Verduzco"}}]}},"_links":{"self":[{"href":"https:\/\/interamerica.org\/fr\/wp-json\/wp\/v2\/posts\/31902","targetHints":{"allow":["GET"]}}],"collection":[{"href":"https:\/\/interamerica.org\/fr\/wp-json\/wp\/v2\/posts"}],"about":[{"href":"https:\/\/interamerica.org\/fr\/wp-json\/wp\/v2\/types\/post"}],"author":[{"embeddable":true,"href":"https:\/\/interamerica.org\/fr\/wp-json\/wp\/v2\/users\/1"}],"replies":[{"embeddable":true,"href":"https:\/\/interamerica.org\/fr\/wp-json\/wp\/v2\/comments?post=31902"}],"version-history":[{"count":0,"href":"https:\/\/interamerica.org\/fr\/wp-json\/wp\/v2\/posts\/31902\/revisions"}],"wp:featuredmedia":[{"embeddable":true,"href":"https:\/\/interamerica.org\/fr\/wp-json\/wp\/v2\/media\/22768"}],"wp:attachment":[{"href":"https:\/\/interamerica.org\/fr\/wp-json\/wp\/v2\/media?parent=31902"}],"wp:term":[{"taxonomy":"category","embeddable":true,"href":"https:\/\/interamerica.org\/fr\/wp-json\/wp\/v2\/categories?post=31902"},{"taxonomy":"post_tag","embeddable":true,"href":"https:\/\/interamerica.org\/fr\/wp-json\/wp\/v2\/tags?post=31902"}],"curies":[{"name":"wp","href":"https:\/\/api.w.org\/{rel}","templated":true}]}}