{"id":31908,"date":"2014-03-22T00:00:00","date_gmt":"2014-03-22T04:00:00","guid":{"rendered":"http:\/\/192.81.217.108\/interamerica\/2014\/03\/le-principal-responsable-de-la-sante-pour-leglise-adventiste-invite-a-la-compassion-quelle-que-soit-la-cause\/"},"modified":"2014-03-22T00:00:00","modified_gmt":"2014-03-22T04:00:00","slug":"le-principal-responsable-de-la-sante-pour-leglise-adventiste-invite-a-la-compassion-quelle-que-soit-la-cause","status":"publish","type":"post","link":"https:\/\/interamerica.org\/fr\/2014\/03\/le-principal-responsable-de-la-sante-pour-leglise-adventiste-invite-a-la-compassion-quelle-que-soit-la-cause\/","title":{"rendered":"Le principal responsable de la sant\u00e9 pour l\u2019Eglise Adventiste invite \u00e0 la compassion quelle que soit la cause"},"content":{"rendered":"<p>20 Mars 2014 \u2013 Le Cap, Afrique du Sud\u2026Adventist Review\/ANN<\/p>\n<p>Le principal responsable de la sant\u00e9 pour l\u2019Eglise Adventiste du Septi\u00e8me jour a d\u00e9clar\u00e9 qu\u2019il n\u2019y a pas de mod\u00e8le clair qui permette de comprendre pourquoi certains individus sont homosexuels, ajoutant qu\u2019il s\u2019agit d\u2019une \u00ab interaction complexe entre des facteurs g\u00e9n\u00e9tiques et environnementaux. \u00bb<\/p>\n<div id=\"attachment_11046\" style=\"width: 310px\" class=\"wp-caption alignright\"><a href=\"\/interamerica\/wp-content\/uploads\/2017\/06\/csm_landless-cape-town-web_2d11e64f4a.jpg\" rel=\"fancybox\" title=\"Le principal responsable de la sant\u00e9 pour l\u2019Eglise Adventiste invite \u00e0 la compassion quelle que soit la cause\"><img fetchpriority=\"high\" decoding=\"async\" aria-describedby=\"caption-attachment-11046\" class=\"size-medium wp-image-11046\" src=\"\/interamerica\/wp-content\/uploads\/2017\/06\/csm_landless-cape-town-web_2d11e64f4a-300x200.jpg\" alt=\"\" width=\"300\" height=\"200\" \/><\/a><p id=\"caption-attachment-11046\" class=\"wp-caption-text\">Dr Peter Landless, directeur des Minist\u00e8res de la Sant\u00e9 pour l\u2019Eglise Adventiste du Septi\u00e8me jour au niveau mondial, a parl\u00e9 de la n\u00e9cessit\u00e9 qu\u2019il y a de faire preuve de compassion pour ceux qui sont dans des relations gays et lesbiennes, lors de son intervention pendant le sommet organis\u00e9 par la d\u00e9nomination sur la sexualit\u00e9. Image d\u2019ANN.<\/p><\/div>\n<p>Dans une intervention faite hier lors d\u2019une pl\u00e9ni\u00e8re dans le cadre de la conf\u00e9rence sur la sexualit\u00e9 organis\u00e9e par la d\u00e9nomination, Dr Peter Landless, le directeur des Minist\u00e8res de la Sant\u00e9 pour l\u2019Eglise Adventiste, a illustr\u00e9 avec des mots et des images la complexit\u00e9 de la procr\u00e9ation ainsi que les variations et d\u00e9sordres g\u00e9n\u00e9tiques qui se produisent parfois.<\/p>\n<p>Il a pr\u00e9sent\u00e9 ses remarques au Centre de Convention International du Cap en Afrique du Sud, o\u00f9 l\u2019Eglise Adventiste mondiale tient le sommet : \u00ab A l\u2019Image de Dieu : Ecritures. Sexualit\u00e9. Soci\u00e9t\u00e9. \u00bb<\/p>\n<p>La conf\u00e9rence de quatre jours se penche sur la fa\u00e7on dont l\u2019Eglise Adventiste du Septi\u00e8me jour devrait r\u00e9agir aux exp\u00e9riences d\u2019homosexualit\u00e9 et de sexualit\u00e9 alternative. Les intervenants ont attir\u00e9 l\u2019attention sur les possibles implications au niveau du minist\u00e8re pastoral men\u00e9 par l\u2019\u00e9glise aupr\u00e8s des individus, au niveau des pratiques en mati\u00e8re d\u2019embauche, de la gestion de ses nombreuses institutions \u00e9ducatives, et de l\u2019administration de son vaste r\u00e9seau d\u2019\u00e9tablissements sanitaires.<\/p>\n<p>Son intervention \u00e9tait un appel \u00e0 la compassion \u00e0 l\u2019endroit de ceux qui sont impliqu\u00e9s dans des relations gays et lesbiennes, mais aussi un appel \u00e0 une r\u00e9affirmation de la position biblique de l\u2019\u00e9glise sur le mariage qui se contracte entre un homme et une femme.<\/p>\n<p>Un peu plus t\u00f4t, il avait condamn\u00e9 un commentaire qu\u2019il avait entendu dans les couloirs du centre de convention : \u00ab J\u2019ai m\u00eame entendu dire dans cette conf\u00e9rence que nous parlons de \u2018ces gens l\u00e0,\u2019 \u00bb a t-il dit. \u00ab Nous parlons de nos semblables qui sont avec nous dans le parcours de la vie. \u00bb<\/p>\n<p>Peter Landless, qui est devenu le directeur du d\u00e9partement des Minist\u00e8res de la Sant\u00e9 pour l\u2019Eglise Adventiste mondiale l\u2019ann\u00e9e derni\u00e8re, est natif d\u2019Afrique du Sud. Connu mondialement comme un cardiologue nucl\u00e9aire, il a auparavant travaill\u00e9 \u00e0 l\u2019H\u00f4pital de Johannesburg et a servi dans l\u2019\u00e9quipe de cardiologie de feu pr\u00e9sident Nelson Mandela. Il est \u00e9galement un pasteur consacr\u00e9 avec une grande exp\u00e9rience pastorale.<\/p>\n<p>Le m\u00e9decin a d\u00e9but\u00e9 son intervention avec un aper\u00e7u d\u00e9taill\u00e9 du processus de procr\u00e9ation et des variations g\u00e9n\u00e9tiques qui peuvent intervenir. Il a donn\u00e9 l\u2019exemple d\u2019un enfant qui est n\u00e9 intersexu\u00e9, &#8212; une situation connue sous le nom d\u2019Hyperplasie Cong\u00e9nitale des Surr\u00e9nales &#8212; et qui a \u00e9t\u00e9 rejet\u00e9 par son p\u00e8re.<\/p>\n<p>\u00ab Si les p\u00e8res et les membres de la famille rejettent des enfants n\u00e9s avec de telles rares particularit\u00e9s, qu\u2019en est-il de l\u2019\u00e9glise ? \u00bb a demand\u00e9 Peter Landless. Les choses devraient-elles \u00eatre diff\u00e9rentes ? \u00bb<\/p>\n<p>Les hommes homosexuels, a t-il dit, ont souvent des diff\u00e9rences anatomiques au niveau de leur cerveau. Des \u00e9tudes post-mortem faites sur des homosexuels et des h\u00e9t\u00e9rosexuels ont montr\u00e9 ces diff\u00e9rences, mais on n\u2019est pas certain que la variation soit causale ou associ\u00e9e, a dit Dr Landless, parce que les populations \u00e9tudi\u00e9es \u00e9taient tr\u00e8s limit\u00e9es. Les diff\u00e9rences montrent que beaucoup d\u2019hommes homosexuels ont un plus grand noyau suprachiasmatique, lequel joue un r\u00f4le dans la d\u00e9termination du rythme circadien, et aussi une plus grande commissure ant\u00e9rieure qui \u00e9tablit la communication entre l\u2019h\u00e9misph\u00e8re droit et l\u2019h\u00e9misph\u00e8re gauche.<\/p>\n<p>D\u2019apr\u00e8s Dr Landless, certains chercheurs sont convaincus qu\u2019il y a une composante g\u00e9n\u00e9tique \u00e0 l\u2019homosexualit\u00e9, certains sont m\u00eame \u00e0 la recherche du \u00ab g\u00e8ne gay, \u00bb mais il n\u2019y a pas de consensus sur les causes de l\u2019homosexualit\u00e9 ni dans la litt\u00e9rature m\u00e9dicale ni chez les psychologues professionnels. \u00ab Le jury n\u2019a toujours pas rendu son verdict, \u00bb a t-il dit.<\/p>\n<p>Les homosexuels ont des taux l\u00e9g\u00e8rement plus \u00e9lev\u00e9s de maladies non contagieuses, y compris l\u2019hypertension, et aussi un \u00e2ge cardiovasculaire plus \u00e9lev\u00e9 par rapport \u00e0 leur \u00e2ge v\u00e9ritable. Concernant les femmes lesbiennes, a indiqu\u00e9 Dr Landless, elles sont 3,2 fois plus susceptibles de mourir de cancer du sein que ne le sont les femmes h\u00e9t\u00e9rosexuelles.<\/p>\n<p>\u00ab Il y a de tr\u00e8s importants besoins sanitaires dans le groupe des LGBT, \u00bb a dit Peter Landless. \u00ab Nous, en tant qu\u2019Adventistes, sommes id\u00e9alement \u00e9quip\u00e9s et plac\u00e9s pour aller vers eux. Nous en tant qu\u2019\u00e9glise, avons besoin de regarder \u00e0 nous m\u00eames et de comprendre : \u2018Qui est mon prochain ?\u2019 \u00bb<\/p>\n<p>Suite \u00e0 la session pl\u00e9ni\u00e8re avec Dr Landless, plusieurs d\u00e9l\u00e9gu\u00e9s ont dit avoir appr\u00e9ci\u00e9 sa pr\u00e9sentation m\u00e9dicale et ses appels \u00e0 la compassion mais aussi au maintien des normes bibliques de l\u2019\u00e9glise.<\/p>\n<p>\u00ab Il a \u00e9tabli le contraste entre l\u2019aspect physiologique de ce qu\u2019est \u00eatre en bonne sant\u00e9 et l\u2019\u00e9tendue de ce que peut \u00eatre la d\u00e9ch\u00e9ance, \u00bb a dit Audrey Andersson, secr\u00e9taire ex\u00e9cutive de la Division Transeurop\u00e9enne, dont le si\u00e8ge se trouve en Angleterre. \u00ab Les gens peuvent choisir comment ils r\u00e9pondent \u00e0 la d\u00e9ch\u00e9ance des autres. \u00bb<\/p>\n<p>Onaolapo Ajibade, secr\u00e9taire ex\u00e9cutif de la Division de l\u2019Afrique du Centre Ouest dont le si\u00e8ge se trouve en C\u00f4te d\u2019Ivoire, a d\u00e9clar\u00e9 que vu qu\u2019il n\u2019y a pas de cause connue de l\u2019homosexualit\u00e9, il n\u2019y a pas de \u00ab rem\u00e8de. \u00bb<\/p>\n<p>\u00ab Dans le m\u00eame temps, il nous faut adopter une approche Chr\u00e9tienne, \u00bb a dit Ajibade. \u00ab Vu que nous ignorons la cause, nous devons \u00eatre compatissant. \u00bb<\/p>\n<p>Avant de venir au sommet, Ajibade a indiqu\u00e9 qu\u2019il s\u2019est demand\u00e9 si cela valait l\u2019effort et le co\u00fbt.<\/p>\n<p>\u00ab Au d\u00e9part, je pensais que ce sommet n\u2019\u00e9tait pas n\u00e9cessaire, mais ayant fait le d\u00e9placement et ayant \u00e9cout\u00e9 toutes les pr\u00e9sentations, je suis convaincu, sans l\u2019ombre d\u2019un doute, que cela en valait la peine, \u00bb a t-il avou\u00e9. \u00ab L\u2019\u00e9glise fait une d\u00e9marche spirituelle en nous \u00e9quipant de telle sorte que nous puissions aider nos fr\u00e8res et s\u0153urs qui sont dans cette situation. \u00bb<\/p>\n<p>Traduction: Patrick Luciathe<\/p>\n","protected":false},"excerpt":{"rendered":"<p>Le principal responsable de la sant\u00e9 pour l\u2019Eglise Adventiste du Septi\u00e8me jour a d\u00e9clar\u00e9 qu\u2019il n\u2019y a pas de mod\u00e8le clair qui permette de comprendre pourquoi certains individus sont homosexuels, ajoutant qu\u2019il s\u2019agit d\u2019une \u00ab interaction complexe entre des facteurs g\u00e9n\u00e9tiques et environnementaux. \u00bb<\/p>\n","protected":false},"author":1,"featured_media":22801,"comment_status":"closed","ping_status":"closed","sticky":false,"template":"","format":"standard","meta":{"_acf_changed":false,"footnotes":""},"categories":[18],"tags":[],"class_list":["post-31908","post","type-post","status-publish","format-standard","has-post-thumbnail","hentry","category-nouvelles-de-leglise-mondiale"],"acf":[],"yoast_head":"<!-- This site is optimized with the Yoast SEO plugin v27.3 - https:\/\/yoast.com\/product\/yoast-seo-wordpress\/ -->\n<title>Le principal responsable de la sant\u00e9 pour l\u2019Eglise Adventiste invite \u00e0 la compassion quelle que soit la cause - \u00c9glise Adventiste Du Septieme Jour - Inter Am\u00e9rique Division<\/title>\n<meta name=\"robots\" content=\"index, follow, max-snippet:-1, max-image-preview:large, max-video-preview:-1\" \/>\n<link rel=\"canonical\" href=\"https:\/\/interamerica.org\/fr\/2014\/03\/le-principal-responsable-de-la-sante-pour-leglise-adventiste-invite-a-la-compassion-quelle-que-soit-la-cause\/\" \/>\n<meta property=\"og:locale\" content=\"fr_FR\" \/>\n<meta property=\"og:type\" content=\"article\" \/>\n<meta property=\"og:title\" content=\"Le principal responsable de la sant\u00e9 pour l\u2019Eglise Adventiste invite \u00e0 la compassion quelle que soit la cause - \u00c9glise Adventiste Du Septieme Jour - Inter Am\u00e9rique Division\" \/>\n<meta property=\"og:description\" content=\"Le principal responsable de la sant\u00e9 pour l\u2019Eglise Adventiste du Septi\u00e8me jour a d\u00e9clar\u00e9 qu\u2019il n\u2019y a pas de mod\u00e8le clair qui permette de comprendre pourquoi certains individus sont homosexuels, ajoutant qu\u2019il s\u2019agit d\u2019une \u00ab interaction complexe entre des facteurs g\u00e9n\u00e9tiques et environnementaux. \u00bb\" \/>\n<meta property=\"og:url\" content=\"https:\/\/interamerica.org\/fr\/2014\/03\/le-principal-responsable-de-la-sante-pour-leglise-adventiste-invite-a-la-compassion-quelle-que-soit-la-cause\/\" \/>\n<meta property=\"og:site_name\" content=\"\u00c9glise Adventiste Du Septieme Jour - Inter Am\u00e9rique Division\" \/>\n<meta property=\"article:published_time\" content=\"2014-03-22T04:00:00+00:00\" \/>\n<meta property=\"og:image\" content=\"https:\/\/interamerica.org\/wp-content\/uploads\/2017\/06\/csm_landless-cape-town-web_2d11e64f4a.jpg\" \/>\n\t<meta property=\"og:image:width\" content=\"400\" \/>\n\t<meta property=\"og:image:height\" content=\"267\" \/>\n\t<meta property=\"og:image:type\" content=\"image\/jpeg\" \/>\n<meta name=\"author\" content=\"Lorenzo Verduzco\" \/>\n<meta name=\"twitter:card\" content=\"summary_large_image\" \/>\n<meta name=\"twitter:label1\" content=\"\u00c9crit par\" \/>\n\t<meta name=\"twitter:data1\" content=\"Lorenzo Verduzco\" \/>\n\t<meta name=\"twitter:label2\" content=\"Dur\u00e9e de lecture estim\u00e9e\" \/>\n\t<meta name=\"twitter:data2\" content=\"6 minutes\" \/>\n<script type=\"application\/ld+json\" class=\"yoast-schema-graph\">{\"@context\":\"https:\\\/\\\/schema.org\",\"@graph\":[{\"@type\":\"Article\",\"@id\":\"https:\\\/\\\/interamerica.org\\\/fr\\\/2014\\\/03\\\/le-principal-responsable-de-la-sante-pour-leglise-adventiste-invite-a-la-compassion-quelle-que-soit-la-cause\\\/#article\",\"isPartOf\":{\"@id\":\"https:\\\/\\\/interamerica.org\\\/fr\\\/2014\\\/03\\\/le-principal-responsable-de-la-sante-pour-leglise-adventiste-invite-a-la-compassion-quelle-que-soit-la-cause\\\/\"},\"author\":{\"name\":\"Lorenzo Verduzco\",\"@id\":\"https:\\\/\\\/interamerica.org\\\/fr\\\/#\\\/schema\\\/person\\\/68ede8bdc292885bb76c1e3810e73c39\"},\"headline\":\"Le principal responsable de la sant\u00e9 pour l\u2019Eglise Adventiste invite \u00e0 la compassion quelle que soit la cause\",\"datePublished\":\"2014-03-22T04:00:00+00:00\",\"mainEntityOfPage\":{\"@id\":\"https:\\\/\\\/interamerica.org\\\/fr\\\/2014\\\/03\\\/le-principal-responsable-de-la-sante-pour-leglise-adventiste-invite-a-la-compassion-quelle-que-soit-la-cause\\\/\"},\"wordCount\":1191,\"image\":{\"@id\":\"https:\\\/\\\/interamerica.org\\\/fr\\\/2014\\\/03\\\/le-principal-responsable-de-la-sante-pour-leglise-adventiste-invite-a-la-compassion-quelle-que-soit-la-cause\\\/#primaryimage\"},\"thumbnailUrl\":\"https:\\\/\\\/interamerica.org\\\/wp-content\\\/uploads\\\/2017\\\/06\\\/csm_landless-cape-town-web_2d11e64f4a.jpg\",\"articleSection\":[\"Nouvelles de l'\u00c9glise mondiale\"],\"inLanguage\":\"fr-FR\"},{\"@type\":\"WebPage\",\"@id\":\"https:\\\/\\\/interamerica.org\\\/fr\\\/2014\\\/03\\\/le-principal-responsable-de-la-sante-pour-leglise-adventiste-invite-a-la-compassion-quelle-que-soit-la-cause\\\/\",\"url\":\"https:\\\/\\\/interamerica.org\\\/fr\\\/2014\\\/03\\\/le-principal-responsable-de-la-sante-pour-leglise-adventiste-invite-a-la-compassion-quelle-que-soit-la-cause\\\/\",\"name\":\"Le principal responsable de la sant\u00e9 pour l\u2019Eglise Adventiste invite \u00e0 la compassion quelle que soit la cause - \u00c9glise Adventiste Du Septieme Jour - Inter Am\u00e9rique Division\",\"isPartOf\":{\"@id\":\"https:\\\/\\\/interamerica.org\\\/fr\\\/#website\"},\"primaryImageOfPage\":{\"@id\":\"https:\\\/\\\/interamerica.org\\\/fr\\\/2014\\\/03\\\/le-principal-responsable-de-la-sante-pour-leglise-adventiste-invite-a-la-compassion-quelle-que-soit-la-cause\\\/#primaryimage\"},\"image\":{\"@id\":\"https:\\\/\\\/interamerica.org\\\/fr\\\/2014\\\/03\\\/le-principal-responsable-de-la-sante-pour-leglise-adventiste-invite-a-la-compassion-quelle-que-soit-la-cause\\\/#primaryimage\"},\"thumbnailUrl\":\"https:\\\/\\\/interamerica.org\\\/wp-content\\\/uploads\\\/2017\\\/06\\\/csm_landless-cape-town-web_2d11e64f4a.jpg\",\"datePublished\":\"2014-03-22T04:00:00+00:00\",\"author\":{\"@id\":\"https:\\\/\\\/interamerica.org\\\/fr\\\/#\\\/schema\\\/person\\\/68ede8bdc292885bb76c1e3810e73c39\"},\"breadcrumb\":{\"@id\":\"https:\\\/\\\/interamerica.org\\\/fr\\\/2014\\\/03\\\/le-principal-responsable-de-la-sante-pour-leglise-adventiste-invite-a-la-compassion-quelle-que-soit-la-cause\\\/#breadcrumb\"},\"inLanguage\":\"fr-FR\",\"potentialAction\":[{\"@type\":\"ReadAction\",\"target\":[\"https:\\\/\\\/interamerica.org\\\/fr\\\/2014\\\/03\\\/le-principal-responsable-de-la-sante-pour-leglise-adventiste-invite-a-la-compassion-quelle-que-soit-la-cause\\\/\"]}]},{\"@type\":\"ImageObject\",\"inLanguage\":\"fr-FR\",\"@id\":\"https:\\\/\\\/interamerica.org\\\/fr\\\/2014\\\/03\\\/le-principal-responsable-de-la-sante-pour-leglise-adventiste-invite-a-la-compassion-quelle-que-soit-la-cause\\\/#primaryimage\",\"url\":\"https:\\\/\\\/interamerica.org\\\/wp-content\\\/uploads\\\/2017\\\/06\\\/csm_landless-cape-town-web_2d11e64f4a.jpg\",\"contentUrl\":\"https:\\\/\\\/interamerica.org\\\/wp-content\\\/uploads\\\/2017\\\/06\\\/csm_landless-cape-town-web_2d11e64f4a.jpg\",\"width\":400,\"height\":267},{\"@type\":\"BreadcrumbList\",\"@id\":\"https:\\\/\\\/interamerica.org\\\/fr\\\/2014\\\/03\\\/le-principal-responsable-de-la-sante-pour-leglise-adventiste-invite-a-la-compassion-quelle-que-soit-la-cause\\\/#breadcrumb\",\"itemListElement\":[{\"@type\":\"ListItem\",\"position\":1,\"name\":\"Home\",\"item\":\"https:\\\/\\\/interamerica.org\\\/fr\\\/\"},{\"@type\":\"ListItem\",\"position\":2,\"name\":\"Le principal responsable de la sant\u00e9 pour l\u2019Eglise Adventiste invite \u00e0 la compassion quelle que soit la cause\"}]},{\"@type\":\"WebSite\",\"@id\":\"https:\\\/\\\/interamerica.org\\\/fr\\\/#website\",\"url\":\"https:\\\/\\\/interamerica.org\\\/fr\\\/\",\"name\":\"\u00c9glise Adventiste Du Septieme Jour - Inter Am\u00e9rique Division\",\"description\":\"\",\"potentialAction\":[{\"@type\":\"SearchAction\",\"target\":{\"@type\":\"EntryPoint\",\"urlTemplate\":\"https:\\\/\\\/interamerica.org\\\/fr\\\/?s={search_term_string}\"},\"query-input\":{\"@type\":\"PropertyValueSpecification\",\"valueRequired\":true,\"valueName\":\"search_term_string\"}}],\"inLanguage\":\"fr-FR\"},{\"@type\":\"Person\",\"@id\":\"https:\\\/\\\/interamerica.org\\\/fr\\\/#\\\/schema\\\/person\\\/68ede8bdc292885bb76c1e3810e73c39\",\"name\":\"Lorenzo Verduzco\",\"image\":{\"@type\":\"ImageObject\",\"inLanguage\":\"fr-FR\",\"@id\":\"https:\\\/\\\/secure.gravatar.com\\\/avatar\\\/fb81a55b6218459490a9c1dc841a34909185b81904c5337b4b27f7a6fd60c49e?s=96&d=mm&r=g\",\"url\":\"https:\\\/\\\/secure.gravatar.com\\\/avatar\\\/fb81a55b6218459490a9c1dc841a34909185b81904c5337b4b27f7a6fd60c49e?s=96&d=mm&r=g\",\"contentUrl\":\"https:\\\/\\\/secure.gravatar.com\\\/avatar\\\/fb81a55b6218459490a9c1dc841a34909185b81904c5337b4b27f7a6fd60c49e?s=96&d=mm&r=g\",\"caption\":\"Lorenzo Verduzco\"}}]}<\/script>\n<!-- \/ Yoast SEO plugin. -->","yoast_head_json":{"title":"Le principal responsable de la sant\u00e9 pour l\u2019Eglise Adventiste invite \u00e0 la compassion quelle que soit la cause - \u00c9glise Adventiste Du Septieme Jour - Inter Am\u00e9rique Division","robots":{"index":"index","follow":"follow","max-snippet":"max-snippet:-1","max-image-preview":"max-image-preview:large","max-video-preview":"max-video-preview:-1"},"canonical":"https:\/\/interamerica.org\/fr\/2014\/03\/le-principal-responsable-de-la-sante-pour-leglise-adventiste-invite-a-la-compassion-quelle-que-soit-la-cause\/","og_locale":"fr_FR","og_type":"article","og_title":"Le principal responsable de la sant\u00e9 pour l\u2019Eglise Adventiste invite \u00e0 la compassion quelle que soit la cause - \u00c9glise Adventiste Du Septieme Jour - Inter Am\u00e9rique Division","og_description":"Le principal responsable de la sant\u00e9 pour l\u2019Eglise Adventiste du Septi\u00e8me jour a d\u00e9clar\u00e9 qu\u2019il n\u2019y a pas de mod\u00e8le clair qui permette de comprendre pourquoi certains individus sont homosexuels, ajoutant qu\u2019il s\u2019agit d\u2019une \u00ab interaction complexe entre des facteurs g\u00e9n\u00e9tiques et environnementaux. \u00bb","og_url":"https:\/\/interamerica.org\/fr\/2014\/03\/le-principal-responsable-de-la-sante-pour-leglise-adventiste-invite-a-la-compassion-quelle-que-soit-la-cause\/","og_site_name":"\u00c9glise Adventiste Du Septieme Jour - Inter Am\u00e9rique Division","article_published_time":"2014-03-22T04:00:00+00:00","og_image":[{"width":400,"height":267,"url":"https:\/\/interamerica.org\/wp-content\/uploads\/2017\/06\/csm_landless-cape-town-web_2d11e64f4a.jpg","type":"image\/jpeg"}],"author":"Lorenzo Verduzco","twitter_card":"summary_large_image","twitter_misc":{"\u00c9crit par":"Lorenzo Verduzco","Dur\u00e9e de lecture estim\u00e9e":"6 minutes"},"schema":{"@context":"https:\/\/schema.org","@graph":[{"@type":"Article","@id":"https:\/\/interamerica.org\/fr\/2014\/03\/le-principal-responsable-de-la-sante-pour-leglise-adventiste-invite-a-la-compassion-quelle-que-soit-la-cause\/#article","isPartOf":{"@id":"https:\/\/interamerica.org\/fr\/2014\/03\/le-principal-responsable-de-la-sante-pour-leglise-adventiste-invite-a-la-compassion-quelle-que-soit-la-cause\/"},"author":{"name":"Lorenzo Verduzco","@id":"https:\/\/interamerica.org\/fr\/#\/schema\/person\/68ede8bdc292885bb76c1e3810e73c39"},"headline":"Le principal responsable de la sant\u00e9 pour l\u2019Eglise Adventiste invite \u00e0 la compassion quelle que soit la cause","datePublished":"2014-03-22T04:00:00+00:00","mainEntityOfPage":{"@id":"https:\/\/interamerica.org\/fr\/2014\/03\/le-principal-responsable-de-la-sante-pour-leglise-adventiste-invite-a-la-compassion-quelle-que-soit-la-cause\/"},"wordCount":1191,"image":{"@id":"https:\/\/interamerica.org\/fr\/2014\/03\/le-principal-responsable-de-la-sante-pour-leglise-adventiste-invite-a-la-compassion-quelle-que-soit-la-cause\/#primaryimage"},"thumbnailUrl":"https:\/\/interamerica.org\/wp-content\/uploads\/2017\/06\/csm_landless-cape-town-web_2d11e64f4a.jpg","articleSection":["Nouvelles de l'\u00c9glise mondiale"],"inLanguage":"fr-FR"},{"@type":"WebPage","@id":"https:\/\/interamerica.org\/fr\/2014\/03\/le-principal-responsable-de-la-sante-pour-leglise-adventiste-invite-a-la-compassion-quelle-que-soit-la-cause\/","url":"https:\/\/interamerica.org\/fr\/2014\/03\/le-principal-responsable-de-la-sante-pour-leglise-adventiste-invite-a-la-compassion-quelle-que-soit-la-cause\/","name":"Le principal responsable de la sant\u00e9 pour l\u2019Eglise Adventiste invite \u00e0 la compassion quelle que soit la cause - \u00c9glise Adventiste Du Septieme Jour - Inter Am\u00e9rique Division","isPartOf":{"@id":"https:\/\/interamerica.org\/fr\/#website"},"primaryImageOfPage":{"@id":"https:\/\/interamerica.org\/fr\/2014\/03\/le-principal-responsable-de-la-sante-pour-leglise-adventiste-invite-a-la-compassion-quelle-que-soit-la-cause\/#primaryimage"},"image":{"@id":"https:\/\/interamerica.org\/fr\/2014\/03\/le-principal-responsable-de-la-sante-pour-leglise-adventiste-invite-a-la-compassion-quelle-que-soit-la-cause\/#primaryimage"},"thumbnailUrl":"https:\/\/interamerica.org\/wp-content\/uploads\/2017\/06\/csm_landless-cape-town-web_2d11e64f4a.jpg","datePublished":"2014-03-22T04:00:00+00:00","author":{"@id":"https:\/\/interamerica.org\/fr\/#\/schema\/person\/68ede8bdc292885bb76c1e3810e73c39"},"breadcrumb":{"@id":"https:\/\/interamerica.org\/fr\/2014\/03\/le-principal-responsable-de-la-sante-pour-leglise-adventiste-invite-a-la-compassion-quelle-que-soit-la-cause\/#breadcrumb"},"inLanguage":"fr-FR","potentialAction":[{"@type":"ReadAction","target":["https:\/\/interamerica.org\/fr\/2014\/03\/le-principal-responsable-de-la-sante-pour-leglise-adventiste-invite-a-la-compassion-quelle-que-soit-la-cause\/"]}]},{"@type":"ImageObject","inLanguage":"fr-FR","@id":"https:\/\/interamerica.org\/fr\/2014\/03\/le-principal-responsable-de-la-sante-pour-leglise-adventiste-invite-a-la-compassion-quelle-que-soit-la-cause\/#primaryimage","url":"https:\/\/interamerica.org\/wp-content\/uploads\/2017\/06\/csm_landless-cape-town-web_2d11e64f4a.jpg","contentUrl":"https:\/\/interamerica.org\/wp-content\/uploads\/2017\/06\/csm_landless-cape-town-web_2d11e64f4a.jpg","width":400,"height":267},{"@type":"BreadcrumbList","@id":"https:\/\/interamerica.org\/fr\/2014\/03\/le-principal-responsable-de-la-sante-pour-leglise-adventiste-invite-a-la-compassion-quelle-que-soit-la-cause\/#breadcrumb","itemListElement":[{"@type":"ListItem","position":1,"name":"Home","item":"https:\/\/interamerica.org\/fr\/"},{"@type":"ListItem","position":2,"name":"Le principal responsable de la sant\u00e9 pour l\u2019Eglise Adventiste invite \u00e0 la compassion quelle que soit la cause"}]},{"@type":"WebSite","@id":"https:\/\/interamerica.org\/fr\/#website","url":"https:\/\/interamerica.org\/fr\/","name":"\u00c9glise Adventiste Du Septieme Jour - Inter Am\u00e9rique Division","description":"","potentialAction":[{"@type":"SearchAction","target":{"@type":"EntryPoint","urlTemplate":"https:\/\/interamerica.org\/fr\/?s={search_term_string}"},"query-input":{"@type":"PropertyValueSpecification","valueRequired":true,"valueName":"search_term_string"}}],"inLanguage":"fr-FR"},{"@type":"Person","@id":"https:\/\/interamerica.org\/fr\/#\/schema\/person\/68ede8bdc292885bb76c1e3810e73c39","name":"Lorenzo Verduzco","image":{"@type":"ImageObject","inLanguage":"fr-FR","@id":"https:\/\/secure.gravatar.com\/avatar\/fb81a55b6218459490a9c1dc841a34909185b81904c5337b4b27f7a6fd60c49e?s=96&d=mm&r=g","url":"https:\/\/secure.gravatar.com\/avatar\/fb81a55b6218459490a9c1dc841a34909185b81904c5337b4b27f7a6fd60c49e?s=96&d=mm&r=g","contentUrl":"https:\/\/secure.gravatar.com\/avatar\/fb81a55b6218459490a9c1dc841a34909185b81904c5337b4b27f7a6fd60c49e?s=96&d=mm&r=g","caption":"Lorenzo Verduzco"}}]}},"_links":{"self":[{"href":"https:\/\/interamerica.org\/fr\/wp-json\/wp\/v2\/posts\/31908","targetHints":{"allow":["GET"]}}],"collection":[{"href":"https:\/\/interamerica.org\/fr\/wp-json\/wp\/v2\/posts"}],"about":[{"href":"https:\/\/interamerica.org\/fr\/wp-json\/wp\/v2\/types\/post"}],"author":[{"embeddable":true,"href":"https:\/\/interamerica.org\/fr\/wp-json\/wp\/v2\/users\/1"}],"replies":[{"embeddable":true,"href":"https:\/\/interamerica.org\/fr\/wp-json\/wp\/v2\/comments?post=31908"}],"version-history":[{"count":0,"href":"https:\/\/interamerica.org\/fr\/wp-json\/wp\/v2\/posts\/31908\/revisions"}],"wp:featuredmedia":[{"embeddable":true,"href":"https:\/\/interamerica.org\/fr\/wp-json\/wp\/v2\/media\/22801"}],"wp:attachment":[{"href":"https:\/\/interamerica.org\/fr\/wp-json\/wp\/v2\/media?parent=31908"}],"wp:term":[{"taxonomy":"category","embeddable":true,"href":"https:\/\/interamerica.org\/fr\/wp-json\/wp\/v2\/categories?post=31908"},{"taxonomy":"post_tag","embeddable":true,"href":"https:\/\/interamerica.org\/fr\/wp-json\/wp\/v2\/tags?post=31908"}],"curies":[{"name":"wp","href":"https:\/\/api.w.org\/{rel}","templated":true}]}}