{"id":31909,"date":"2014-03-25T00:00:00","date_gmt":"2014-03-25T04:00:00","guid":{"rendered":"http:\/\/192.81.217.108\/interamerica\/2014\/03\/inter-amerique-les-etudiants-des-ecoles-adventistes-prennent-une-journee-pour-prier-et-temoigner\/"},"modified":"2014-03-25T00:00:00","modified_gmt":"2014-03-25T04:00:00","slug":"inter-amerique-les-etudiants-des-ecoles-adventistes-prennent-une-journee-pour-prier-et-temoigner","status":"publish","type":"post","link":"https:\/\/interamerica.org\/fr\/2014\/03\/inter-amerique-les-etudiants-des-ecoles-adventistes-prennent-une-journee-pour-prier-et-temoigner\/","title":{"rendered":"Inter Am\u00e9rique : Les \u00e9tudiants des \u00e9coles Adventistes prennent une journ\u00e9e pour prier et t\u00e9moigner"},"content":{"rendered":"<div id=\"attachment_11074\" style=\"width: 600px\" class=\"wp-caption aligncenter\"><a href=\"\/interamerica\/wp-content\/uploads\/2017\/06\/GUATE-dayofprayer.png\" rel=\"fancybox\" title=\"Inter Am\u00e9rique : Les \u00e9tudiants des \u00e9coles Adventistes prennent une journ\u00e9e pour prier et t\u00e9moigner\"><img fetchpriority=\"high\" decoding=\"async\" aria-describedby=\"caption-attachment-11074\" class=\"size-full wp-image-11074\" src=\"\/interamerica\/wp-content\/uploads\/2017\/06\/GUATE-dayofprayer.png\" alt=\"\" width=\"590\" height=\"391\" \/><\/a><p id=\"caption-attachment-11074\" class=\"wp-caption-text\">Les \u00e9l\u00e8ves du primaire prient \u00e0 l\u2019Ecole Adventiste de Moriah \u00e0 Jalapa, au Guatemala \u00e0 l\u2019occasion d\u2019une journ\u00e9e consacr\u00e9e \u00e0 la pri\u00e8re et aux activit\u00e9s de t\u00e9moignage qui s\u2019est tenue le 7 mars 2014. La journ\u00e9e sp\u00e9ciale intervenait dans le cadre de la journ\u00e9e annuelle de pri\u00e8re qui est c\u00e9l\u00e9br\u00e9e dans les plus de 1000 \u00e9coles et universit\u00e9s Adventistes en Inter Am\u00e9rique. Image de Gustavo Menendez\/DIA.<\/p><\/div>\n<p>23 Mars 2014 \u2013 Miami, Floride, Etats Unis\u2026Libna Stevens\/DIA<\/p>\n<div id=\"attachment_9849\" style=\"width: 310px\" class=\"wp-caption alignright\"><a href=\"\/interamerica\/wp-content\/uploads\/2017\/06\/Gamaliel-Florez1.png\" rel=\"fancybox\" title=\"Inter Am\u00e9rique : Les \u00e9tudiants des \u00e9coles Adventistes prennent une journ\u00e9e pour prier et t\u00e9moigner\"><img decoding=\"async\" aria-describedby=\"caption-attachment-9849\" class=\"size-medium wp-image-9849\" src=\"\/interamerica\/wp-content\/uploads\/2017\/06\/Gamaliel-Florez1-300x220.png\" alt=\"\" width=\"300\" height=\"220\" \/><\/a><p id=\"caption-attachment-9849\" class=\"wp-caption-text\">Dr Gamaliel Florez, directeur de l\u2019\u00e9ducation pour l\u2019Eglise Adventiste en Inter Am\u00e9rique, a d\u00e9clar\u00e9 que la journ\u00e9e sp\u00e9ciale de pri\u00e8re dans les institutions \u00e9ducatives a pris de l\u2019ampleur en cette quatri\u00e8me ann\u00e9e au cours de laquelle le programme se d\u00e9roule encore sur l\u2019ensemble du territoire. Image d\u2019archives DIA.<\/p><\/div>\n<p>Pour la quatri\u00e8me ann\u00e9e cons\u00e9cutive, les enseignants et les \u00e9tudiants des \u00e9coles et universit\u00e9s Adventistes du Septi\u00e8me jour dans le territoire de la Division Inter Am\u00e9ricaine (DIA) ont mis de c\u00f4t\u00e9 les activit\u00e9s acad\u00e9miques dans leurs salles de classe le 7 mars, afin de m\u00e9diter sur les b\u00e9n\u00e9dictions de Dieu, mais aussi prier, \u00e9tudier la Bible et partager l\u2019espoir dans leurs communaut\u00e9s.<\/p>\n<p>La journ\u00e9e sp\u00e9ciale a fait une large place aux messages de r\u00e9veil spirituel et a \u00e9t\u00e9 mise en valeur avec de la musique, des sessions de pri\u00e8re, des moments de fraternit\u00e9 familiale et aussi des activit\u00e9s missionnaires dans la communaut\u00e9, ont dit les organisateurs.<\/p>\n<p>\u00ab Nous voulions rappeler \u00e0 nos enseignants et \u00e0 nos \u00e9tudiants que la pri\u00e8re est une merveilleuse ressource qui nous a \u00e9t\u00e9 donn\u00e9e par notre Seigneur afin d\u2019entretenir avec Lui une \u00e9troite relation qui nous conduira \u00e0 une communion sp\u00e9ciale chaque jour, \u00bb a dit Dr Gamaliel Florez, directeur de l\u2019\u00e9ducation pour l\u2019Eglise Adventiste en Inter Am\u00e9rique.<\/p>\n<div id=\"attachment_11072\" style=\"width: 310px\" class=\"wp-caption alignleft\"><a href=\"\/interamerica\/wp-content\/uploads\/2017\/06\/HAITI-prayer.png\" rel=\"fancybox\" title=\"Inter Am\u00e9rique : Les \u00e9tudiants des \u00e9coles Adventistes prennent une journ\u00e9e pour prier et t\u00e9moigner\"><img decoding=\"async\" aria-describedby=\"caption-attachment-11072\" class=\"size-medium wp-image-11072\" src=\"\/interamerica\/wp-content\/uploads\/2017\/06\/HAITI-prayer-300x180.png\" alt=\"\" width=\"300\" height=\"180\" \/><\/a><p id=\"caption-attachment-11072\" class=\"wp-caption-text\">Les \u00e9tudiants prient ensemble pendant les sessions de pri\u00e8re \u00e0 l\u2019\u00e9glise Adventiste de l\u2019Auditorium de la Bible \u00e0 Port-au-Prince en Ha\u00efti le 7 mars 2014. Image de l\u2019Union Ha\u00eftienne\/DIA.<\/p><\/div>\n<p>Cette relation \u00e9troite avec Dieu signifie prier et partager l\u2019amour de Dieu dans la communaut\u00e9 \u00e9ducative et au del\u00e0 du campus ainsi que dans les foyers des membres de la famille et des gens de la communaut\u00e9, a dit Dr Florez.<\/p>\n<p>En Ha\u00efti, des centaines d\u2019\u00e9tudiants sur les campus et dans les \u00e9coles Adventistes avoisinantes se sont r\u00e9unis \u00e0 l\u2019Universit\u00e9 Adventiste Ha\u00eftienne \u00e0 Diquini \u00e0 Port-au-Prince, le centre de cette activit\u00e9 qui concerne l\u2019ensemble du territoire, afin d\u2019\u00e9couter des messages spirituels et de prendre part aux activit\u00e9s.<\/p>\n<p>Les leaders de l\u2019\u00e9glise, les responsables des communaut\u00e9s, et les parents ont aussi pris part au programme de cette journ\u00e9e au cours de laquelle on a eu droit \u00e0 de la musique et \u00e0 des t\u00e9moignages d\u2019\u00e9tudiants. Le programme a \u00e9t\u00e9 diffus\u00e9 sur les stations radio de l\u2019\u00e9glise dans tout le pays. Les \u00e9tudiants de la r\u00e9gion de Port-au-Prince se sont r\u00e9unis \u00e0 l\u2019Eglise Adventiste de l\u2019Auditorium de la Bible afin de prier et d\u2019adorer \u00e0 l\u2019occasion de cette journ\u00e9e sp\u00e9ciale.<\/p>\n<div id=\"attachment_11070\" style=\"width: 310px\" class=\"wp-caption alignleft\"><a href=\"\/interamerica\/wp-content\/uploads\/2017\/06\/SCOL-hospitalpraying.png\" rel=\"fancybox\" title=\"Inter Am\u00e9rique : Les \u00e9tudiants des \u00e9coles Adventistes prennent une journ\u00e9e pour prier et t\u00e9moigner\"><img loading=\"lazy\" decoding=\"async\" aria-describedby=\"caption-attachment-11070\" class=\"size-medium wp-image-11070\" src=\"\/interamerica\/wp-content\/uploads\/2017\/06\/SCOL-hospitalpraying-300x216.png\" alt=\"\" width=\"300\" height=\"216\" \/><\/a><p id=\"caption-attachment-11070\" class=\"wp-caption-text\">Des \u00e9tudiants de l\u2019Ecole Adventiste de Cali dans le Sud de la Colombie, posent pour une photo apr\u00e8s avoir visit\u00e9 un patient dans un h\u00f4pital tout proche. Des dizaines d\u2019\u00e9tudiants ont pr\u00e9sent\u00e9 des chants, des pri\u00e8res et ont exprim\u00e9 leurs encouragements au cours de cette journ\u00e9e sp\u00e9ciale de pri\u00e8re dans les \u00e9coles de l\u2019\u00e9glise sur l\u2019ensemble de la DIA. Image de l\u2019Union Sud Colombienne.<\/p><\/div>\n<p>Ailleurs en Ha\u00efti, quelques 56 institutions \u00e9ducatives ont particip\u00e9 \u00e0 la journ\u00e9e sp\u00e9ciale de pri\u00e8re sur leurs campus.<\/p>\n<p>A Porto Rico, les enseignants et leurs \u00e9l\u00e8ves sont descendus dans quelques rues principales et dans les communaut\u00e9s voisines pour proposer la pri\u00e8re \u00e0 toute personne qui en avait besoin. Des automobilistes dans toute l\u2019ile se sont arr\u00eat\u00e9s pour recevoir la pri\u00e8re, ont dit les enseignants.<\/p>\n<p>\u00ab Nous voulions motiver nos \u00e9tudiants et nos enseignants \u00e0 prier constamment dans les bons comme dans les mauvais moments, dans l\u2019adversit\u00e9 comme dans la prosp\u00e9rit\u00e9, \u00bb a dit Dr Miriam Hernandez, directrice de l\u2019\u00e9ducation pour l\u2019Eglise Adventiste \u00e0 Porto Rico. \u00ab Le message \u00e9tait clair et disait que Dieu nous \u00e9coute, il prend soin de nous et souhaiterait que nous nous rapprochions de Lui, \u00bb a t-elle ajout\u00e9.<\/p>\n<div id=\"attachment_11071\" style=\"width: 310px\" class=\"wp-caption alignright\"><a href=\"\/interamerica\/wp-content\/uploads\/2017\/06\/Honduraspraying.png\" rel=\"fancybox\" title=\"Inter Am\u00e9rique : Les \u00e9tudiants des \u00e9coles Adventistes prennent une journ\u00e9e pour prier et t\u00e9moigner\"><img loading=\"lazy\" decoding=\"async\" aria-describedby=\"caption-attachment-11071\" class=\"size-medium wp-image-11071\" src=\"\/interamerica\/wp-content\/uploads\/2017\/06\/Honduraspraying-300x202.png\" alt=\"\" width=\"300\" height=\"202\" \/><\/a><p id=\"caption-attachment-11071\" class=\"wp-caption-text\">Des \u00e9tudiants dans les \u00e9coles Adventistes du Honduras, se mettent \u00e0 genoux pour prier ensemble pr\u00e8s de leurs salles de classe. Image de l\u2019Union du Honduras.<\/p><\/div>\n<p>A Mexico, des dizaines de responsables du gouvernement ont \u00e9t\u00e9 invit\u00e9s aux activit\u00e9s de la journ\u00e9e sp\u00e9ciale de pri\u00e8re qui se tenait sur les diff\u00e9rents campus, alors que les parents profitaient des pr\u00e9sentations musicales, des sessions de pri\u00e8re et des sc\u00e8nes.<\/p>\n<p>Dans la r\u00e9gion Olmeca \u00e0 Mexico, les \u00e9l\u00e8ves de la maternelle au secondaire ont \u00e9t\u00e9 invit\u00e9s \u00e0 une visite en bus intitul\u00e9e \u00ab Voyage vers le Ciel. \u00bb Les enfants ont pu chanter, prier, et r\u00e9citer des versets \u00e0 m\u00e9moriser alors qu\u2019ils voyageaient dans le bus. Parmi les autres activit\u00e9s, il avait des sessions de pri\u00e8re pour les parents qui avaient des probl\u00e8mes de sant\u00e9 ou d\u2019autres besoins.<\/p>\n<p>En Colombie, les \u00e9tudiants ont visit\u00e9 des malades dans des h\u00f4pitaux et leur ont offert des chants, des pri\u00e8res et des encouragements.<\/p>\n<p>Dans les \u00e9coles du Honduras, les enfants ont \u00e9crit leurs requ\u00eates de pri\u00e8re et ont l\u00e2ch\u00e9 des ballons dans le ciel.<\/p>\n<div id=\"attachment_11076\" style=\"width: 310px\" class=\"wp-caption alignright\"><a href=\"\/interamerica\/wp-content\/uploads\/2017\/06\/Guate-childrenangels.png\" rel=\"fancybox\" title=\"Inter Am\u00e9rique : Les \u00e9tudiants des \u00e9coles Adventistes prennent une journ\u00e9e pour prier et t\u00e9moigner\"><img loading=\"lazy\" decoding=\"async\" aria-describedby=\"caption-attachment-11076\" class=\"size-medium wp-image-11076\" src=\"\/interamerica\/wp-content\/uploads\/2017\/06\/Guate-childrenangels-300x200.png\" alt=\"\" width=\"300\" height=\"200\" \/><\/a><p id=\"caption-attachment-11076\" class=\"wp-caption-text\">Les enfants de l\u2019Ecole Adventiste de Redencion, \u00e0 Quetzaltepeque, \u00e0 Chiquimula au Guatemala, s\u2019arr\u00eatent pour une photo alors qu\u2019ils effectuent la visite du campus qui avait choisi la th\u00e9matique du ciel, habill\u00e9s de robes blanches \u00e0 l\u2019occasion des activit\u00e9s spirituelles organis\u00e9es durant la journ\u00e9e sp\u00e9ciale de pri\u00e8re dans toute la DIA le 7 mars 2014. Image de l\u2019Union du Guatemala.<\/p><\/div>\n<p>Les \u00e9tudiants des \u00e9coles du Guatemala ont d\u00e9fil\u00e9 dans les rues v\u00eatus de robe blanches et ont circul\u00e9 dans des v\u00e9hicules pr\u00e9par\u00e9s pour l\u2019occasion afin de proclamer la nouvelle du prochain retour de J\u00e9sus. Les \u00e9tudiants et les enseignants ont pri\u00e9 pour les familles et les autorit\u00e9s municipales, gouvernementales et polici\u00e8res.<\/p>\n<p>A Mandeville en Jama\u00efque, les \u00e9tudiants de l\u2019Universit\u00e9 du Nord de la Cara\u00efbe ont pris la journ\u00e9e pour adorer et partager des t\u00e9moignages et aussi prier main dans la main sur tout le terrain de l\u2019\u00e9cole le 17 mars.<\/p>\n<p>\u00ab Nous savons que nos \u00e9tudiants dans toute l\u2019Inter Am\u00e9rique voient clairement dans leur esprit que la pri\u00e8re est essentielle pour leur vie aujourd\u2019hui et dans l\u2019avenir, \u00bb a dit Dr Florez. \u00ab Nos dirigeants d\u2019\u00e9glise et nos enseignants travaillent ensemble \u00e0 l\u2019occasion de cette journ\u00e9e sp\u00e9ciale de pri\u00e8re dans nos unions, nos f\u00e9d\u00e9rations et missions qui g\u00e8rent toutes nos institutions \u00e9ducatives, et nous louons Dieu pour cela. \u00bb<\/p>\n<div id=\"attachment_11069\" style=\"width: 310px\" class=\"wp-caption alignleft\"><a href=\"\/interamerica\/wp-content\/uploads\/2017\/06\/NCU-prayer.png\" rel=\"fancybox\" title=\"Inter Am\u00e9rique : Les \u00e9tudiants des \u00e9coles Adventistes prennent une journ\u00e9e pour prier et t\u00e9moigner\"><img loading=\"lazy\" decoding=\"async\" aria-describedby=\"caption-attachment-11069\" class=\"size-medium wp-image-11069\" src=\"\/interamerica\/wp-content\/uploads\/2017\/06\/NCU-prayer-300x162.png\" alt=\"\" width=\"300\" height=\"162\" \/><\/a><p id=\"caption-attachment-11069\" class=\"wp-caption-text\">Des centaines d\u2019\u00e9tudiants et d\u2019enseignants se tiennent la main alors qu\u2019ils prient dans le cadre des activit\u00e9s spirituelles qui sont organis\u00e9es sur le campus de l\u2019Universit\u00e9 du Nord de la Cara\u00efbe \u00e0 Mandeville en Jama\u00efque le 17 mars 2014. Image de l\u2019Universit\u00e9 du Nord de la Cara\u00efbe.<\/p><\/div>\n<p>Des plans sont en cours pour la tenue de la cinqui\u00e8me journ\u00e9e de pri\u00e8re annuelle dans les \u00e9coles et universit\u00e9s de l\u2019Inter Am\u00e9rique l\u2019ann\u00e9e prochaine. Les responsables de l\u2019\u00e9glise et les enseignants de la DIA continueront de promouvoir une vie de pri\u00e8re quotidienne, l\u2019\u00e9tude de la Bible et le partage de l\u2019amour de J\u00e9sus aupr\u00e8s des plus de 173000 \u00e9tudiants r\u00e9partis dans les 1002 \u00e9tablissements scolaires dont 14 universit\u00e9s.<\/p>\n<p>Traduction: Patrick Luciathe<\/p>\n","protected":false},"excerpt":{"rendered":"<p>Pour la quatri\u00e8me ann\u00e9e cons\u00e9cutive, les enseignants et les \u00e9tudiants des \u00e9coles et universit\u00e9s Adventistes du Septi\u00e8me jour dans le territoire de la Division Inter Am\u00e9ricaine (DIA) ont mis de c\u00f4t\u00e9 les activit\u00e9s acad\u00e9miques dans leurs salles de classe le 7 mars, afin de m\u00e9diter sur les b\u00e9n\u00e9dictions de Dieu, mais aussi prier, \u00e9tudier la Bible et partager l\u2019espoir dans leurs communaut\u00e9s.<\/p>\n","protected":false},"author":1,"featured_media":22805,"comment_status":"closed","ping_status":"closed","sticky":false,"template":"","format":"standard","meta":{"_acf_changed":false,"footnotes":""},"categories":[20],"tags":[],"class_list":["post-31909","post","type-post","status-publish","format-standard","has-post-thumbnail","hentry","category-nouvelles-du-siege-de-la-division"],"acf":[],"yoast_head":"<!-- This site is optimized with the Yoast SEO plugin v27.3 - https:\/\/yoast.com\/product\/yoast-seo-wordpress\/ -->\n<title>Inter Am\u00e9rique : Les \u00e9tudiants des \u00e9coles Adventistes prennent une journ\u00e9e pour prier et t\u00e9moigner - \u00c9glise Adventiste Du Septieme Jour - Inter Am\u00e9rique Division<\/title>\n<meta name=\"robots\" content=\"index, follow, max-snippet:-1, max-image-preview:large, max-video-preview:-1\" \/>\n<link rel=\"canonical\" href=\"https:\/\/interamerica.org\/fr\/2014\/03\/inter-amerique-les-etudiants-des-ecoles-adventistes-prennent-une-journee-pour-prier-et-temoigner\/\" \/>\n<meta property=\"og:locale\" content=\"fr_FR\" \/>\n<meta property=\"og:type\" content=\"article\" \/>\n<meta property=\"og:title\" content=\"Inter Am\u00e9rique : Les \u00e9tudiants des \u00e9coles Adventistes prennent une journ\u00e9e pour prier et t\u00e9moigner - \u00c9glise Adventiste Du Septieme Jour - Inter Am\u00e9rique Division\" \/>\n<meta property=\"og:description\" content=\"Pour la quatri\u00e8me ann\u00e9e cons\u00e9cutive, les enseignants et les \u00e9tudiants des \u00e9coles et universit\u00e9s Adventistes du Septi\u00e8me jour dans le territoire de la Division Inter Am\u00e9ricaine (DIA) ont mis de c\u00f4t\u00e9 les activit\u00e9s acad\u00e9miques dans leurs salles de classe le 7 mars, afin de m\u00e9diter sur les b\u00e9n\u00e9dictions de Dieu, mais aussi prier, \u00e9tudier la Bible et partager l\u2019espoir dans leurs communaut\u00e9s.\" \/>\n<meta property=\"og:url\" content=\"https:\/\/interamerica.org\/fr\/2014\/03\/inter-amerique-les-etudiants-des-ecoles-adventistes-prennent-une-journee-pour-prier-et-temoigner\/\" \/>\n<meta property=\"og:site_name\" content=\"\u00c9glise Adventiste Du Septieme Jour - Inter Am\u00e9rique Division\" \/>\n<meta property=\"article:published_time\" content=\"2014-03-25T04:00:00+00:00\" \/>\n<meta property=\"og:image\" content=\"https:\/\/interamerica.org\/wp-content\/uploads\/2017\/06\/GUATE-dayofprayer.png\" \/>\n\t<meta property=\"og:image:width\" content=\"590\" \/>\n\t<meta property=\"og:image:height\" content=\"391\" \/>\n\t<meta property=\"og:image:type\" content=\"image\/png\" \/>\n<meta name=\"author\" content=\"Lorenzo Verduzco\" \/>\n<meta name=\"twitter:card\" content=\"summary_large_image\" \/>\n<meta name=\"twitter:label1\" content=\"\u00c9crit par\" \/>\n\t<meta name=\"twitter:data1\" content=\"Lorenzo Verduzco\" \/>\n\t<meta name=\"twitter:label2\" content=\"Dur\u00e9e de lecture estim\u00e9e\" \/>\n\t<meta name=\"twitter:data2\" content=\"7 minutes\" \/>\n<script type=\"application\/ld+json\" class=\"yoast-schema-graph\">{\"@context\":\"https:\\\/\\\/schema.org\",\"@graph\":[{\"@type\":\"Article\",\"@id\":\"https:\\\/\\\/interamerica.org\\\/fr\\\/2014\\\/03\\\/inter-amerique-les-etudiants-des-ecoles-adventistes-prennent-une-journee-pour-prier-et-temoigner\\\/#article\",\"isPartOf\":{\"@id\":\"https:\\\/\\\/interamerica.org\\\/fr\\\/2014\\\/03\\\/inter-amerique-les-etudiants-des-ecoles-adventistes-prennent-une-journee-pour-prier-et-temoigner\\\/\"},\"author\":{\"name\":\"Lorenzo Verduzco\",\"@id\":\"https:\\\/\\\/interamerica.org\\\/fr\\\/#\\\/schema\\\/person\\\/68ede8bdc292885bb76c1e3810e73c39\"},\"headline\":\"Inter Am\u00e9rique : Les \u00e9tudiants des \u00e9coles Adventistes prennent une journ\u00e9e pour prier et t\u00e9moigner\",\"datePublished\":\"2014-03-25T04:00:00+00:00\",\"mainEntityOfPage\":{\"@id\":\"https:\\\/\\\/interamerica.org\\\/fr\\\/2014\\\/03\\\/inter-amerique-les-etudiants-des-ecoles-adventistes-prennent-une-journee-pour-prier-et-temoigner\\\/\"},\"wordCount\":1415,\"image\":{\"@id\":\"https:\\\/\\\/interamerica.org\\\/fr\\\/2014\\\/03\\\/inter-amerique-les-etudiants-des-ecoles-adventistes-prennent-une-journee-pour-prier-et-temoigner\\\/#primaryimage\"},\"thumbnailUrl\":\"https:\\\/\\\/interamerica.org\\\/wp-content\\\/uploads\\\/2017\\\/06\\\/GUATE-dayofprayer.png\",\"articleSection\":[\"Nouvelles du si\u00e8ge de la division\"],\"inLanguage\":\"fr-FR\"},{\"@type\":\"WebPage\",\"@id\":\"https:\\\/\\\/interamerica.org\\\/fr\\\/2014\\\/03\\\/inter-amerique-les-etudiants-des-ecoles-adventistes-prennent-une-journee-pour-prier-et-temoigner\\\/\",\"url\":\"https:\\\/\\\/interamerica.org\\\/fr\\\/2014\\\/03\\\/inter-amerique-les-etudiants-des-ecoles-adventistes-prennent-une-journee-pour-prier-et-temoigner\\\/\",\"name\":\"Inter Am\u00e9rique : Les \u00e9tudiants des \u00e9coles Adventistes prennent une journ\u00e9e pour prier et t\u00e9moigner - \u00c9glise Adventiste Du Septieme Jour - Inter Am\u00e9rique Division\",\"isPartOf\":{\"@id\":\"https:\\\/\\\/interamerica.org\\\/fr\\\/#website\"},\"primaryImageOfPage\":{\"@id\":\"https:\\\/\\\/interamerica.org\\\/fr\\\/2014\\\/03\\\/inter-amerique-les-etudiants-des-ecoles-adventistes-prennent-une-journee-pour-prier-et-temoigner\\\/#primaryimage\"},\"image\":{\"@id\":\"https:\\\/\\\/interamerica.org\\\/fr\\\/2014\\\/03\\\/inter-amerique-les-etudiants-des-ecoles-adventistes-prennent-une-journee-pour-prier-et-temoigner\\\/#primaryimage\"},\"thumbnailUrl\":\"https:\\\/\\\/interamerica.org\\\/wp-content\\\/uploads\\\/2017\\\/06\\\/GUATE-dayofprayer.png\",\"datePublished\":\"2014-03-25T04:00:00+00:00\",\"author\":{\"@id\":\"https:\\\/\\\/interamerica.org\\\/fr\\\/#\\\/schema\\\/person\\\/68ede8bdc292885bb76c1e3810e73c39\"},\"breadcrumb\":{\"@id\":\"https:\\\/\\\/interamerica.org\\\/fr\\\/2014\\\/03\\\/inter-amerique-les-etudiants-des-ecoles-adventistes-prennent-une-journee-pour-prier-et-temoigner\\\/#breadcrumb\"},\"inLanguage\":\"fr-FR\",\"potentialAction\":[{\"@type\":\"ReadAction\",\"target\":[\"https:\\\/\\\/interamerica.org\\\/fr\\\/2014\\\/03\\\/inter-amerique-les-etudiants-des-ecoles-adventistes-prennent-une-journee-pour-prier-et-temoigner\\\/\"]}]},{\"@type\":\"ImageObject\",\"inLanguage\":\"fr-FR\",\"@id\":\"https:\\\/\\\/interamerica.org\\\/fr\\\/2014\\\/03\\\/inter-amerique-les-etudiants-des-ecoles-adventistes-prennent-une-journee-pour-prier-et-temoigner\\\/#primaryimage\",\"url\":\"https:\\\/\\\/interamerica.org\\\/wp-content\\\/uploads\\\/2017\\\/06\\\/GUATE-dayofprayer.png\",\"contentUrl\":\"https:\\\/\\\/interamerica.org\\\/wp-content\\\/uploads\\\/2017\\\/06\\\/GUATE-dayofprayer.png\",\"width\":590,\"height\":391},{\"@type\":\"BreadcrumbList\",\"@id\":\"https:\\\/\\\/interamerica.org\\\/fr\\\/2014\\\/03\\\/inter-amerique-les-etudiants-des-ecoles-adventistes-prennent-une-journee-pour-prier-et-temoigner\\\/#breadcrumb\",\"itemListElement\":[{\"@type\":\"ListItem\",\"position\":1,\"name\":\"Home\",\"item\":\"https:\\\/\\\/interamerica.org\\\/fr\\\/\"},{\"@type\":\"ListItem\",\"position\":2,\"name\":\"Inter Am\u00e9rique : Les \u00e9tudiants des \u00e9coles Adventistes prennent une journ\u00e9e pour prier et t\u00e9moigner\"}]},{\"@type\":\"WebSite\",\"@id\":\"https:\\\/\\\/interamerica.org\\\/fr\\\/#website\",\"url\":\"https:\\\/\\\/interamerica.org\\\/fr\\\/\",\"name\":\"\u00c9glise Adventiste Du Septieme Jour - Inter Am\u00e9rique Division\",\"description\":\"\",\"potentialAction\":[{\"@type\":\"SearchAction\",\"target\":{\"@type\":\"EntryPoint\",\"urlTemplate\":\"https:\\\/\\\/interamerica.org\\\/fr\\\/?s={search_term_string}\"},\"query-input\":{\"@type\":\"PropertyValueSpecification\",\"valueRequired\":true,\"valueName\":\"search_term_string\"}}],\"inLanguage\":\"fr-FR\"},{\"@type\":\"Person\",\"@id\":\"https:\\\/\\\/interamerica.org\\\/fr\\\/#\\\/schema\\\/person\\\/68ede8bdc292885bb76c1e3810e73c39\",\"name\":\"Lorenzo Verduzco\",\"image\":{\"@type\":\"ImageObject\",\"inLanguage\":\"fr-FR\",\"@id\":\"https:\\\/\\\/secure.gravatar.com\\\/avatar\\\/fb81a55b6218459490a9c1dc841a34909185b81904c5337b4b27f7a6fd60c49e?s=96&d=mm&r=g\",\"url\":\"https:\\\/\\\/secure.gravatar.com\\\/avatar\\\/fb81a55b6218459490a9c1dc841a34909185b81904c5337b4b27f7a6fd60c49e?s=96&d=mm&r=g\",\"contentUrl\":\"https:\\\/\\\/secure.gravatar.com\\\/avatar\\\/fb81a55b6218459490a9c1dc841a34909185b81904c5337b4b27f7a6fd60c49e?s=96&d=mm&r=g\",\"caption\":\"Lorenzo Verduzco\"}}]}<\/script>\n<!-- \/ Yoast SEO plugin. -->","yoast_head_json":{"title":"Inter Am\u00e9rique : Les \u00e9tudiants des \u00e9coles Adventistes prennent une journ\u00e9e pour prier et t\u00e9moigner - \u00c9glise Adventiste Du Septieme Jour - Inter Am\u00e9rique Division","robots":{"index":"index","follow":"follow","max-snippet":"max-snippet:-1","max-image-preview":"max-image-preview:large","max-video-preview":"max-video-preview:-1"},"canonical":"https:\/\/interamerica.org\/fr\/2014\/03\/inter-amerique-les-etudiants-des-ecoles-adventistes-prennent-une-journee-pour-prier-et-temoigner\/","og_locale":"fr_FR","og_type":"article","og_title":"Inter Am\u00e9rique : Les \u00e9tudiants des \u00e9coles Adventistes prennent une journ\u00e9e pour prier et t\u00e9moigner - \u00c9glise Adventiste Du Septieme Jour - Inter Am\u00e9rique Division","og_description":"Pour la quatri\u00e8me ann\u00e9e cons\u00e9cutive, les enseignants et les \u00e9tudiants des \u00e9coles et universit\u00e9s Adventistes du Septi\u00e8me jour dans le territoire de la Division Inter Am\u00e9ricaine (DIA) ont mis de c\u00f4t\u00e9 les activit\u00e9s acad\u00e9miques dans leurs salles de classe le 7 mars, afin de m\u00e9diter sur les b\u00e9n\u00e9dictions de Dieu, mais aussi prier, \u00e9tudier la Bible et partager l\u2019espoir dans leurs communaut\u00e9s.","og_url":"https:\/\/interamerica.org\/fr\/2014\/03\/inter-amerique-les-etudiants-des-ecoles-adventistes-prennent-une-journee-pour-prier-et-temoigner\/","og_site_name":"\u00c9glise Adventiste Du Septieme Jour - Inter Am\u00e9rique Division","article_published_time":"2014-03-25T04:00:00+00:00","og_image":[{"width":590,"height":391,"url":"https:\/\/interamerica.org\/wp-content\/uploads\/2017\/06\/GUATE-dayofprayer.png","type":"image\/png"}],"author":"Lorenzo Verduzco","twitter_card":"summary_large_image","twitter_misc":{"\u00c9crit par":"Lorenzo Verduzco","Dur\u00e9e de lecture estim\u00e9e":"7 minutes"},"schema":{"@context":"https:\/\/schema.org","@graph":[{"@type":"Article","@id":"https:\/\/interamerica.org\/fr\/2014\/03\/inter-amerique-les-etudiants-des-ecoles-adventistes-prennent-une-journee-pour-prier-et-temoigner\/#article","isPartOf":{"@id":"https:\/\/interamerica.org\/fr\/2014\/03\/inter-amerique-les-etudiants-des-ecoles-adventistes-prennent-une-journee-pour-prier-et-temoigner\/"},"author":{"name":"Lorenzo Verduzco","@id":"https:\/\/interamerica.org\/fr\/#\/schema\/person\/68ede8bdc292885bb76c1e3810e73c39"},"headline":"Inter Am\u00e9rique : Les \u00e9tudiants des \u00e9coles Adventistes prennent une journ\u00e9e pour prier et t\u00e9moigner","datePublished":"2014-03-25T04:00:00+00:00","mainEntityOfPage":{"@id":"https:\/\/interamerica.org\/fr\/2014\/03\/inter-amerique-les-etudiants-des-ecoles-adventistes-prennent-une-journee-pour-prier-et-temoigner\/"},"wordCount":1415,"image":{"@id":"https:\/\/interamerica.org\/fr\/2014\/03\/inter-amerique-les-etudiants-des-ecoles-adventistes-prennent-une-journee-pour-prier-et-temoigner\/#primaryimage"},"thumbnailUrl":"https:\/\/interamerica.org\/wp-content\/uploads\/2017\/06\/GUATE-dayofprayer.png","articleSection":["Nouvelles du si\u00e8ge de la division"],"inLanguage":"fr-FR"},{"@type":"WebPage","@id":"https:\/\/interamerica.org\/fr\/2014\/03\/inter-amerique-les-etudiants-des-ecoles-adventistes-prennent-une-journee-pour-prier-et-temoigner\/","url":"https:\/\/interamerica.org\/fr\/2014\/03\/inter-amerique-les-etudiants-des-ecoles-adventistes-prennent-une-journee-pour-prier-et-temoigner\/","name":"Inter Am\u00e9rique : Les \u00e9tudiants des \u00e9coles Adventistes prennent une journ\u00e9e pour prier et t\u00e9moigner - \u00c9glise Adventiste Du Septieme Jour - Inter Am\u00e9rique Division","isPartOf":{"@id":"https:\/\/interamerica.org\/fr\/#website"},"primaryImageOfPage":{"@id":"https:\/\/interamerica.org\/fr\/2014\/03\/inter-amerique-les-etudiants-des-ecoles-adventistes-prennent-une-journee-pour-prier-et-temoigner\/#primaryimage"},"image":{"@id":"https:\/\/interamerica.org\/fr\/2014\/03\/inter-amerique-les-etudiants-des-ecoles-adventistes-prennent-une-journee-pour-prier-et-temoigner\/#primaryimage"},"thumbnailUrl":"https:\/\/interamerica.org\/wp-content\/uploads\/2017\/06\/GUATE-dayofprayer.png","datePublished":"2014-03-25T04:00:00+00:00","author":{"@id":"https:\/\/interamerica.org\/fr\/#\/schema\/person\/68ede8bdc292885bb76c1e3810e73c39"},"breadcrumb":{"@id":"https:\/\/interamerica.org\/fr\/2014\/03\/inter-amerique-les-etudiants-des-ecoles-adventistes-prennent-une-journee-pour-prier-et-temoigner\/#breadcrumb"},"inLanguage":"fr-FR","potentialAction":[{"@type":"ReadAction","target":["https:\/\/interamerica.org\/fr\/2014\/03\/inter-amerique-les-etudiants-des-ecoles-adventistes-prennent-une-journee-pour-prier-et-temoigner\/"]}]},{"@type":"ImageObject","inLanguage":"fr-FR","@id":"https:\/\/interamerica.org\/fr\/2014\/03\/inter-amerique-les-etudiants-des-ecoles-adventistes-prennent-une-journee-pour-prier-et-temoigner\/#primaryimage","url":"https:\/\/interamerica.org\/wp-content\/uploads\/2017\/06\/GUATE-dayofprayer.png","contentUrl":"https:\/\/interamerica.org\/wp-content\/uploads\/2017\/06\/GUATE-dayofprayer.png","width":590,"height":391},{"@type":"BreadcrumbList","@id":"https:\/\/interamerica.org\/fr\/2014\/03\/inter-amerique-les-etudiants-des-ecoles-adventistes-prennent-une-journee-pour-prier-et-temoigner\/#breadcrumb","itemListElement":[{"@type":"ListItem","position":1,"name":"Home","item":"https:\/\/interamerica.org\/fr\/"},{"@type":"ListItem","position":2,"name":"Inter Am\u00e9rique : Les \u00e9tudiants des \u00e9coles Adventistes prennent une journ\u00e9e pour prier et t\u00e9moigner"}]},{"@type":"WebSite","@id":"https:\/\/interamerica.org\/fr\/#website","url":"https:\/\/interamerica.org\/fr\/","name":"\u00c9glise Adventiste Du Septieme Jour - Inter Am\u00e9rique Division","description":"","potentialAction":[{"@type":"SearchAction","target":{"@type":"EntryPoint","urlTemplate":"https:\/\/interamerica.org\/fr\/?s={search_term_string}"},"query-input":{"@type":"PropertyValueSpecification","valueRequired":true,"valueName":"search_term_string"}}],"inLanguage":"fr-FR"},{"@type":"Person","@id":"https:\/\/interamerica.org\/fr\/#\/schema\/person\/68ede8bdc292885bb76c1e3810e73c39","name":"Lorenzo Verduzco","image":{"@type":"ImageObject","inLanguage":"fr-FR","@id":"https:\/\/secure.gravatar.com\/avatar\/fb81a55b6218459490a9c1dc841a34909185b81904c5337b4b27f7a6fd60c49e?s=96&d=mm&r=g","url":"https:\/\/secure.gravatar.com\/avatar\/fb81a55b6218459490a9c1dc841a34909185b81904c5337b4b27f7a6fd60c49e?s=96&d=mm&r=g","contentUrl":"https:\/\/secure.gravatar.com\/avatar\/fb81a55b6218459490a9c1dc841a34909185b81904c5337b4b27f7a6fd60c49e?s=96&d=mm&r=g","caption":"Lorenzo Verduzco"}}]}},"_links":{"self":[{"href":"https:\/\/interamerica.org\/fr\/wp-json\/wp\/v2\/posts\/31909","targetHints":{"allow":["GET"]}}],"collection":[{"href":"https:\/\/interamerica.org\/fr\/wp-json\/wp\/v2\/posts"}],"about":[{"href":"https:\/\/interamerica.org\/fr\/wp-json\/wp\/v2\/types\/post"}],"author":[{"embeddable":true,"href":"https:\/\/interamerica.org\/fr\/wp-json\/wp\/v2\/users\/1"}],"replies":[{"embeddable":true,"href":"https:\/\/interamerica.org\/fr\/wp-json\/wp\/v2\/comments?post=31909"}],"version-history":[{"count":0,"href":"https:\/\/interamerica.org\/fr\/wp-json\/wp\/v2\/posts\/31909\/revisions"}],"wp:featuredmedia":[{"embeddable":true,"href":"https:\/\/interamerica.org\/fr\/wp-json\/wp\/v2\/media\/22805"}],"wp:attachment":[{"href":"https:\/\/interamerica.org\/fr\/wp-json\/wp\/v2\/media?parent=31909"}],"wp:term":[{"taxonomy":"category","embeddable":true,"href":"https:\/\/interamerica.org\/fr\/wp-json\/wp\/v2\/categories?post=31909"},{"taxonomy":"post_tag","embeddable":true,"href":"https:\/\/interamerica.org\/fr\/wp-json\/wp\/v2\/tags?post=31909"}],"curies":[{"name":"wp","href":"https:\/\/api.w.org\/{rel}","templated":true}]}}