{"id":31911,"date":"2014-03-28T00:00:00","date_gmt":"2014-03-28T04:00:00","guid":{"rendered":"http:\/\/192.81.217.108\/interamerica\/2014\/03\/le-sommet-sur-la-sexualite-sacheve-avec-un-appel-a-la-coherence-et-a-la-compassion\/"},"modified":"2014-03-28T00:00:00","modified_gmt":"2014-03-28T04:00:00","slug":"le-sommet-sur-la-sexualite-sacheve-avec-un-appel-a-la-coherence-et-a-la-compassion","status":"publish","type":"post","link":"https:\/\/interamerica.org\/fr\/2014\/03\/le-sommet-sur-la-sexualite-sacheve-avec-un-appel-a-la-coherence-et-a-la-compassion\/","title":{"rendered":"Le sommet sur la sexualit\u00e9 s\u2019ach\u00e8ve avec un appel \u00e0 la coh\u00e9rence et \u00e0 la compassion"},"content":{"rendered":"<p>27 Mars 2014 \u2013 Le Cap, Afrique du Sud\u2026 Adventiste Review\/ANN<\/p>\n<div id=\"attachment_11105\" style=\"width: 310px\" class=\"wp-caption alignright\"><a href=\"\/interamerica\/wp-content\/uploads\/2017\/06\/csm_Simmons-web_efaa0aa878.jpg\" rel=\"fancybox\" title=\"Le sommet sur la sexualit\u00e9 s\u2019ach\u00e8ve avec un appel \u00e0 la coh\u00e9rence et \u00e0 la compassion\"><img fetchpriority=\"high\" decoding=\"async\" aria-describedby=\"caption-attachment-11105\" class=\"size-medium wp-image-11105\" src=\"\/interamerica\/wp-content\/uploads\/2017\/06\/csm_Simmons-web_efaa0aa878-300x200.jpg\" alt=\"\" width=\"300\" height=\"200\" \/><\/a><p id=\"caption-attachment-11105\" class=\"wp-caption-text\">La vice-pr\u00e9sidente de l\u2019Eglise Adventiste, Ella Simmons, s\u2019adresse aux d\u00e9l\u00e9gu\u00e9s lors de la derni\u00e8re journ\u00e9e de la conf\u00e9rence. Image d\u2019ANN.<\/p><\/div>\n<p>La conclusion d\u2019une vice-pr\u00e9sidente de l\u2019Eglise Adventiste du Septi\u00e8me jour lors du sommet sur la sexualit\u00e9 organis\u00e9 par la d\u00e9nomination la semaine derni\u00e8re, \u00e9tait un appel lanc\u00e9 aux membres d\u2019\u00e9glise \u00e9tant attir\u00e9s par des personnes du m\u00eame sexe, qu\u2019elle consid\u00e8re comme des \u00ab fr\u00e8res et s\u0153urs \u00bb qui ont aussi besoin de la \u00ab gr\u00e2ce salvatrice \u00bb de Dieu, \u2013 tout en maintenant la position de l\u2019Eglise Adventiste contre tout comportement sexuel en dehors du mariage h\u00e9t\u00e9rosexuel.<\/p>\n<p>Ella Simmons a utilis\u00e9 la pr\u00e9sentation du \u00ab Dernier Mot \u00bb du sommet pour inviter \u00e0 une vision coh\u00e9rente et \u00e0 une mise en pratique de la croyance de l\u2019\u00e9glise sur la sexualit\u00e9 humaine.<\/p>\n<p>\u00ab Aussi longtemps que dans l\u2019\u00e9glise, et surtout en haut lieu, nous prot\u00e9geons, couvrons, [et] oui, fermons les yeux sur l\u2019adult\u00e8re, la malhonn\u00eatet\u00e9, et les autres p\u00e9ch\u00e9s interdits par Dieu, nous ne serons pas en mesure de toucher les membres avec nos paroles de v\u00e9rit\u00e9 pour la transformation de leurs vies \u2013 en aucune fa\u00e7on, \u00bb a dit Ella Simmons aux quelques 350 d\u00e9l\u00e9gu\u00e9s pr\u00e9sents au Centre de Convention International Du Cap le 20 mars dernier.<\/p>\n<p>Pendant quatre jours, les principaux dirigeants de l\u2019\u00e9glise et les repr\u00e9sentants r\u00e9gionaux ont discut\u00e9 de l\u2019attitude que devrait adopter l\u2019\u00e9glise face au comportement homosexuel dans un contexte de mutation culturelle mondiale qui est de plus en plus favorable aux relations gays et lesbiennes. Le sommet \u00ab A l\u2019Image de Dieu : Ecritures. Sexualit\u00e9. Soci\u00e9t\u00e9 \u00bb a trait\u00e9 du fait que les questions relatives aux LGBT affectent les pratiques d\u2019embauche au niveau de l\u2019\u00e9glise de m\u00eame que la gestion de ses institutions \u00e9ducatives et sanitaires dans un nombre croissant de r\u00e9gions dans le monde.<\/p>\n<p>Les d\u00e9l\u00e9gu\u00e9s ont \u00e9galement pu entendre le soir pr\u00e9c\u00e9dent, la perspective du psychologue dans une pr\u00e9sentation faite par Peter Swanson, professeur d\u2019Accompagnement Pastoral \u00e0 Andrews University et psychologue agr\u00e9\u00e9.<\/p>\n<p>Peter Swanson a commenc\u00e9 par lire les d\u00e9clarations officielles de l\u2019Eglise Adventiste sur les relations entre personnes de m\u00eame sexe, mettant l\u2019accent sur la position claire de l\u2019\u00e9glise contre l\u2019intol\u00e9rance, les crimes motiv\u00e9s par la haine, et la discrimination.<\/p>\n<p>Je soutiens clairement l\u2019appel de mon \u00e9glise \u00e0 favoriser et prot\u00e9ger les droits de l\u2019homme, \u00bb a dit Peter Swanson. \u00ab Ils [les gays et lesbiennes] ont besoin de votre sympathie, votre patience et votre amour. Partagez des paroles d\u2019encouragement avec eux. \u00bb<\/p>\n<p>Dr Swanson a \u00e9galement dit aux d\u00e9l\u00e9gu\u00e9s que la diminution de l\u2019attraction chez des personnes de m\u00eame sexe, et aussi au niveau des comportements homosexuels, suite \u00e0 une th\u00e9rapie de changement \u00e9taient \u00ab rares, \u00bb et que certains gays et lesbiennes Chr\u00e9tiens ont le sentiment que la th\u00e9rapie du changement leur a fait du tort.<\/p>\n<p>Les derni\u00e8res 24 heures du sommet de quatre jours ont aussi \u00e9t\u00e9 l\u2019occasion d\u2019assister \u00e0 une pr\u00e9sentation en pl\u00e9ni\u00e8re faite par Miroslav Kis, professeur d\u2019\u00e9thique au S\u00e9minaire Th\u00e9ologique Adventiste du Septi\u00e8me jour \u00e0 Andrews University. Dr Kis a invit\u00e9 les d\u00e9l\u00e9gu\u00e9s \u00e0 r\u00e9fl\u00e9chir clairement au sujet des enseignements bibliques sur la sexualit\u00e9 humaine et de faire preuve de compassion envers ceux qui ne suivent pas ces normes.<\/p>\n<p>Une exp\u00e9rience de r\u00e9flexion men\u00e9e par Lisa Beardsley-Hardy, la directrice de l\u2019Education pour l\u2019Eglise Adventiste, a fait suite \u00e0 la pr\u00e9sentation de Dr Kis. Elle a r\u00e9sum\u00e9 le sommet en posant une s\u00e9rie de questions \u00e0 l\u2019auditoire.<\/p>\n<p>Dr Beardsley-Hardy, une psychologue de l\u2019\u00e9ducation, a d\u00e9clar\u00e9 que les participants apprendraient et retiendraient mieux les points majeurs du sommet en les r\u00e9sumant dans leurs propres termes. Elle a demand\u00e9 aux d\u00e9l\u00e9gu\u00e9s d\u2019\u00e9crire des essais de 60 secondes sur plusieurs sujets touch\u00e9s lors du sommet, y compris la perspective biblique sur la sexualit\u00e9 alternative, les questions l\u00e9gales en rapport avec l\u2019embauche, la communication, et les exigences pour \u00eatre membre d\u2019\u00e9glise.<\/p>\n<p>Traduction: Patrick Luciathe<\/p>\n","protected":false},"excerpt":{"rendered":"<p>La conclusion d\u2019une vice-pr\u00e9sidente de l\u2019Eglise Adventiste du Septi\u00e8me jour lors du sommet sur la sexualit\u00e9 organis\u00e9 par la d\u00e9nomination la semaine derni\u00e8re, \u00e9tait un appel lanc\u00e9 aux membres d\u2019\u00e9glise \u00e9tant attir\u00e9s par des personnes du m\u00eame sexe, qu\u2019elle consid\u00e8re comme des \u00ab fr\u00e8res et s\u0153urs \u00bb qui ont aussi besoin de la \u00ab gr\u00e2ce salvatrice \u00bb de Dieu, \u2013 tout en  maintenant la position de l\u2019Eglise Adventiste contre tout comportement sexuel en dehors du mariage h\u00e9t\u00e9rosexuel.<\/p>\n","protected":false},"author":1,"featured_media":22828,"comment_status":"closed","ping_status":"closed","sticky":false,"template":"","format":"standard","meta":{"_acf_changed":false,"footnotes":""},"categories":[18],"tags":[],"class_list":["post-31911","post","type-post","status-publish","format-standard","has-post-thumbnail","hentry","category-nouvelles-de-leglise-mondiale"],"acf":[],"yoast_head":"<!-- This site is optimized with the Yoast SEO plugin v27.3 - https:\/\/yoast.com\/product\/yoast-seo-wordpress\/ -->\n<title>Le sommet sur la sexualit\u00e9 s\u2019ach\u00e8ve avec un appel \u00e0 la coh\u00e9rence et \u00e0 la compassion - \u00c9glise Adventiste Du Septieme Jour - Inter Am\u00e9rique Division<\/title>\n<meta name=\"robots\" content=\"index, follow, max-snippet:-1, max-image-preview:large, max-video-preview:-1\" \/>\n<link rel=\"canonical\" href=\"https:\/\/interamerica.org\/fr\/2014\/03\/le-sommet-sur-la-sexualite-sacheve-avec-un-appel-a-la-coherence-et-a-la-compassion\/\" \/>\n<meta property=\"og:locale\" content=\"fr_FR\" \/>\n<meta property=\"og:type\" content=\"article\" \/>\n<meta property=\"og:title\" content=\"Le sommet sur la sexualit\u00e9 s\u2019ach\u00e8ve avec un appel \u00e0 la coh\u00e9rence et \u00e0 la compassion - \u00c9glise Adventiste Du Septieme Jour - Inter Am\u00e9rique Division\" \/>\n<meta property=\"og:description\" content=\"La conclusion d\u2019une vice-pr\u00e9sidente de l\u2019Eglise Adventiste du Septi\u00e8me jour lors du sommet sur la sexualit\u00e9 organis\u00e9 par la d\u00e9nomination la semaine derni\u00e8re, \u00e9tait un appel lanc\u00e9 aux membres d\u2019\u00e9glise \u00e9tant attir\u00e9s par des personnes du m\u00eame sexe, qu\u2019elle consid\u00e8re comme des \u00ab fr\u00e8res et s\u0153urs \u00bb qui ont aussi besoin de la \u00ab gr\u00e2ce salvatrice \u00bb de Dieu, \u2013 tout en maintenant la position de l\u2019Eglise Adventiste contre tout comportement sexuel en dehors du mariage h\u00e9t\u00e9rosexuel.\" \/>\n<meta property=\"og:url\" content=\"https:\/\/interamerica.org\/fr\/2014\/03\/le-sommet-sur-la-sexualite-sacheve-avec-un-appel-a-la-coherence-et-a-la-compassion\/\" \/>\n<meta property=\"og:site_name\" content=\"\u00c9glise Adventiste Du Septieme Jour - Inter Am\u00e9rique Division\" \/>\n<meta property=\"article:published_time\" content=\"2014-03-28T04:00:00+00:00\" \/>\n<meta property=\"og:image\" content=\"https:\/\/interamerica.org\/wp-content\/uploads\/2017\/06\/csm_Simmons-web_efaa0aa878.jpg\" \/>\n\t<meta property=\"og:image:width\" content=\"400\" \/>\n\t<meta property=\"og:image:height\" content=\"267\" \/>\n\t<meta property=\"og:image:type\" content=\"image\/jpeg\" \/>\n<meta name=\"author\" content=\"Lorenzo Verduzco\" \/>\n<meta name=\"twitter:card\" content=\"summary_large_image\" \/>\n<meta name=\"twitter:label1\" content=\"\u00c9crit par\" \/>\n\t<meta name=\"twitter:data1\" content=\"Lorenzo Verduzco\" \/>\n\t<meta name=\"twitter:label2\" content=\"Dur\u00e9e de lecture estim\u00e9e\" \/>\n\t<meta name=\"twitter:data2\" content=\"4 minutes\" \/>\n<script type=\"application\/ld+json\" class=\"yoast-schema-graph\">{\"@context\":\"https:\\\/\\\/schema.org\",\"@graph\":[{\"@type\":\"Article\",\"@id\":\"https:\\\/\\\/interamerica.org\\\/fr\\\/2014\\\/03\\\/le-sommet-sur-la-sexualite-sacheve-avec-un-appel-a-la-coherence-et-a-la-compassion\\\/#article\",\"isPartOf\":{\"@id\":\"https:\\\/\\\/interamerica.org\\\/fr\\\/2014\\\/03\\\/le-sommet-sur-la-sexualite-sacheve-avec-un-appel-a-la-coherence-et-a-la-compassion\\\/\"},\"author\":{\"name\":\"Lorenzo Verduzco\",\"@id\":\"https:\\\/\\\/interamerica.org\\\/fr\\\/#\\\/schema\\\/person\\\/68ede8bdc292885bb76c1e3810e73c39\"},\"headline\":\"Le sommet sur la sexualit\u00e9 s\u2019ach\u00e8ve avec un appel \u00e0 la coh\u00e9rence et \u00e0 la compassion\",\"datePublished\":\"2014-03-28T04:00:00+00:00\",\"mainEntityOfPage\":{\"@id\":\"https:\\\/\\\/interamerica.org\\\/fr\\\/2014\\\/03\\\/le-sommet-sur-la-sexualite-sacheve-avec-un-appel-a-la-coherence-et-a-la-compassion\\\/\"},\"wordCount\":760,\"image\":{\"@id\":\"https:\\\/\\\/interamerica.org\\\/fr\\\/2014\\\/03\\\/le-sommet-sur-la-sexualite-sacheve-avec-un-appel-a-la-coherence-et-a-la-compassion\\\/#primaryimage\"},\"thumbnailUrl\":\"https:\\\/\\\/interamerica.org\\\/wp-content\\\/uploads\\\/2017\\\/06\\\/csm_Simmons-web_efaa0aa878.jpg\",\"articleSection\":[\"Nouvelles de l'\u00c9glise mondiale\"],\"inLanguage\":\"fr-FR\"},{\"@type\":\"WebPage\",\"@id\":\"https:\\\/\\\/interamerica.org\\\/fr\\\/2014\\\/03\\\/le-sommet-sur-la-sexualite-sacheve-avec-un-appel-a-la-coherence-et-a-la-compassion\\\/\",\"url\":\"https:\\\/\\\/interamerica.org\\\/fr\\\/2014\\\/03\\\/le-sommet-sur-la-sexualite-sacheve-avec-un-appel-a-la-coherence-et-a-la-compassion\\\/\",\"name\":\"Le sommet sur la sexualit\u00e9 s\u2019ach\u00e8ve avec un appel \u00e0 la coh\u00e9rence et \u00e0 la compassion - \u00c9glise Adventiste Du Septieme Jour - Inter Am\u00e9rique Division\",\"isPartOf\":{\"@id\":\"https:\\\/\\\/interamerica.org\\\/fr\\\/#website\"},\"primaryImageOfPage\":{\"@id\":\"https:\\\/\\\/interamerica.org\\\/fr\\\/2014\\\/03\\\/le-sommet-sur-la-sexualite-sacheve-avec-un-appel-a-la-coherence-et-a-la-compassion\\\/#primaryimage\"},\"image\":{\"@id\":\"https:\\\/\\\/interamerica.org\\\/fr\\\/2014\\\/03\\\/le-sommet-sur-la-sexualite-sacheve-avec-un-appel-a-la-coherence-et-a-la-compassion\\\/#primaryimage\"},\"thumbnailUrl\":\"https:\\\/\\\/interamerica.org\\\/wp-content\\\/uploads\\\/2017\\\/06\\\/csm_Simmons-web_efaa0aa878.jpg\",\"datePublished\":\"2014-03-28T04:00:00+00:00\",\"author\":{\"@id\":\"https:\\\/\\\/interamerica.org\\\/fr\\\/#\\\/schema\\\/person\\\/68ede8bdc292885bb76c1e3810e73c39\"},\"breadcrumb\":{\"@id\":\"https:\\\/\\\/interamerica.org\\\/fr\\\/2014\\\/03\\\/le-sommet-sur-la-sexualite-sacheve-avec-un-appel-a-la-coherence-et-a-la-compassion\\\/#breadcrumb\"},\"inLanguage\":\"fr-FR\",\"potentialAction\":[{\"@type\":\"ReadAction\",\"target\":[\"https:\\\/\\\/interamerica.org\\\/fr\\\/2014\\\/03\\\/le-sommet-sur-la-sexualite-sacheve-avec-un-appel-a-la-coherence-et-a-la-compassion\\\/\"]}]},{\"@type\":\"ImageObject\",\"inLanguage\":\"fr-FR\",\"@id\":\"https:\\\/\\\/interamerica.org\\\/fr\\\/2014\\\/03\\\/le-sommet-sur-la-sexualite-sacheve-avec-un-appel-a-la-coherence-et-a-la-compassion\\\/#primaryimage\",\"url\":\"https:\\\/\\\/interamerica.org\\\/wp-content\\\/uploads\\\/2017\\\/06\\\/csm_Simmons-web_efaa0aa878.jpg\",\"contentUrl\":\"https:\\\/\\\/interamerica.org\\\/wp-content\\\/uploads\\\/2017\\\/06\\\/csm_Simmons-web_efaa0aa878.jpg\",\"width\":400,\"height\":267},{\"@type\":\"BreadcrumbList\",\"@id\":\"https:\\\/\\\/interamerica.org\\\/fr\\\/2014\\\/03\\\/le-sommet-sur-la-sexualite-sacheve-avec-un-appel-a-la-coherence-et-a-la-compassion\\\/#breadcrumb\",\"itemListElement\":[{\"@type\":\"ListItem\",\"position\":1,\"name\":\"Home\",\"item\":\"https:\\\/\\\/interamerica.org\\\/fr\\\/\"},{\"@type\":\"ListItem\",\"position\":2,\"name\":\"Le sommet sur la sexualit\u00e9 s\u2019ach\u00e8ve avec un appel \u00e0 la coh\u00e9rence et \u00e0 la compassion\"}]},{\"@type\":\"WebSite\",\"@id\":\"https:\\\/\\\/interamerica.org\\\/fr\\\/#website\",\"url\":\"https:\\\/\\\/interamerica.org\\\/fr\\\/\",\"name\":\"\u00c9glise Adventiste Du Septieme Jour - Inter Am\u00e9rique Division\",\"description\":\"\",\"potentialAction\":[{\"@type\":\"SearchAction\",\"target\":{\"@type\":\"EntryPoint\",\"urlTemplate\":\"https:\\\/\\\/interamerica.org\\\/fr\\\/?s={search_term_string}\"},\"query-input\":{\"@type\":\"PropertyValueSpecification\",\"valueRequired\":true,\"valueName\":\"search_term_string\"}}],\"inLanguage\":\"fr-FR\"},{\"@type\":\"Person\",\"@id\":\"https:\\\/\\\/interamerica.org\\\/fr\\\/#\\\/schema\\\/person\\\/68ede8bdc292885bb76c1e3810e73c39\",\"name\":\"Lorenzo Verduzco\",\"image\":{\"@type\":\"ImageObject\",\"inLanguage\":\"fr-FR\",\"@id\":\"https:\\\/\\\/secure.gravatar.com\\\/avatar\\\/fb81a55b6218459490a9c1dc841a34909185b81904c5337b4b27f7a6fd60c49e?s=96&d=mm&r=g\",\"url\":\"https:\\\/\\\/secure.gravatar.com\\\/avatar\\\/fb81a55b6218459490a9c1dc841a34909185b81904c5337b4b27f7a6fd60c49e?s=96&d=mm&r=g\",\"contentUrl\":\"https:\\\/\\\/secure.gravatar.com\\\/avatar\\\/fb81a55b6218459490a9c1dc841a34909185b81904c5337b4b27f7a6fd60c49e?s=96&d=mm&r=g\",\"caption\":\"Lorenzo Verduzco\"}}]}<\/script>\n<!-- \/ Yoast SEO plugin. -->","yoast_head_json":{"title":"Le sommet sur la sexualit\u00e9 s\u2019ach\u00e8ve avec un appel \u00e0 la coh\u00e9rence et \u00e0 la compassion - \u00c9glise Adventiste Du Septieme Jour - Inter Am\u00e9rique Division","robots":{"index":"index","follow":"follow","max-snippet":"max-snippet:-1","max-image-preview":"max-image-preview:large","max-video-preview":"max-video-preview:-1"},"canonical":"https:\/\/interamerica.org\/fr\/2014\/03\/le-sommet-sur-la-sexualite-sacheve-avec-un-appel-a-la-coherence-et-a-la-compassion\/","og_locale":"fr_FR","og_type":"article","og_title":"Le sommet sur la sexualit\u00e9 s\u2019ach\u00e8ve avec un appel \u00e0 la coh\u00e9rence et \u00e0 la compassion - \u00c9glise Adventiste Du Septieme Jour - Inter Am\u00e9rique Division","og_description":"La conclusion d\u2019une vice-pr\u00e9sidente de l\u2019Eglise Adventiste du Septi\u00e8me jour lors du sommet sur la sexualit\u00e9 organis\u00e9 par la d\u00e9nomination la semaine derni\u00e8re, \u00e9tait un appel lanc\u00e9 aux membres d\u2019\u00e9glise \u00e9tant attir\u00e9s par des personnes du m\u00eame sexe, qu\u2019elle consid\u00e8re comme des \u00ab fr\u00e8res et s\u0153urs \u00bb qui ont aussi besoin de la \u00ab gr\u00e2ce salvatrice \u00bb de Dieu, \u2013 tout en maintenant la position de l\u2019Eglise Adventiste contre tout comportement sexuel en dehors du mariage h\u00e9t\u00e9rosexuel.","og_url":"https:\/\/interamerica.org\/fr\/2014\/03\/le-sommet-sur-la-sexualite-sacheve-avec-un-appel-a-la-coherence-et-a-la-compassion\/","og_site_name":"\u00c9glise Adventiste Du Septieme Jour - Inter Am\u00e9rique Division","article_published_time":"2014-03-28T04:00:00+00:00","og_image":[{"width":400,"height":267,"url":"https:\/\/interamerica.org\/wp-content\/uploads\/2017\/06\/csm_Simmons-web_efaa0aa878.jpg","type":"image\/jpeg"}],"author":"Lorenzo Verduzco","twitter_card":"summary_large_image","twitter_misc":{"\u00c9crit par":"Lorenzo Verduzco","Dur\u00e9e de lecture estim\u00e9e":"4 minutes"},"schema":{"@context":"https:\/\/schema.org","@graph":[{"@type":"Article","@id":"https:\/\/interamerica.org\/fr\/2014\/03\/le-sommet-sur-la-sexualite-sacheve-avec-un-appel-a-la-coherence-et-a-la-compassion\/#article","isPartOf":{"@id":"https:\/\/interamerica.org\/fr\/2014\/03\/le-sommet-sur-la-sexualite-sacheve-avec-un-appel-a-la-coherence-et-a-la-compassion\/"},"author":{"name":"Lorenzo Verduzco","@id":"https:\/\/interamerica.org\/fr\/#\/schema\/person\/68ede8bdc292885bb76c1e3810e73c39"},"headline":"Le sommet sur la sexualit\u00e9 s\u2019ach\u00e8ve avec un appel \u00e0 la coh\u00e9rence et \u00e0 la compassion","datePublished":"2014-03-28T04:00:00+00:00","mainEntityOfPage":{"@id":"https:\/\/interamerica.org\/fr\/2014\/03\/le-sommet-sur-la-sexualite-sacheve-avec-un-appel-a-la-coherence-et-a-la-compassion\/"},"wordCount":760,"image":{"@id":"https:\/\/interamerica.org\/fr\/2014\/03\/le-sommet-sur-la-sexualite-sacheve-avec-un-appel-a-la-coherence-et-a-la-compassion\/#primaryimage"},"thumbnailUrl":"https:\/\/interamerica.org\/wp-content\/uploads\/2017\/06\/csm_Simmons-web_efaa0aa878.jpg","articleSection":["Nouvelles de l'\u00c9glise mondiale"],"inLanguage":"fr-FR"},{"@type":"WebPage","@id":"https:\/\/interamerica.org\/fr\/2014\/03\/le-sommet-sur-la-sexualite-sacheve-avec-un-appel-a-la-coherence-et-a-la-compassion\/","url":"https:\/\/interamerica.org\/fr\/2014\/03\/le-sommet-sur-la-sexualite-sacheve-avec-un-appel-a-la-coherence-et-a-la-compassion\/","name":"Le sommet sur la sexualit\u00e9 s\u2019ach\u00e8ve avec un appel \u00e0 la coh\u00e9rence et \u00e0 la compassion - \u00c9glise Adventiste Du Septieme Jour - Inter Am\u00e9rique Division","isPartOf":{"@id":"https:\/\/interamerica.org\/fr\/#website"},"primaryImageOfPage":{"@id":"https:\/\/interamerica.org\/fr\/2014\/03\/le-sommet-sur-la-sexualite-sacheve-avec-un-appel-a-la-coherence-et-a-la-compassion\/#primaryimage"},"image":{"@id":"https:\/\/interamerica.org\/fr\/2014\/03\/le-sommet-sur-la-sexualite-sacheve-avec-un-appel-a-la-coherence-et-a-la-compassion\/#primaryimage"},"thumbnailUrl":"https:\/\/interamerica.org\/wp-content\/uploads\/2017\/06\/csm_Simmons-web_efaa0aa878.jpg","datePublished":"2014-03-28T04:00:00+00:00","author":{"@id":"https:\/\/interamerica.org\/fr\/#\/schema\/person\/68ede8bdc292885bb76c1e3810e73c39"},"breadcrumb":{"@id":"https:\/\/interamerica.org\/fr\/2014\/03\/le-sommet-sur-la-sexualite-sacheve-avec-un-appel-a-la-coherence-et-a-la-compassion\/#breadcrumb"},"inLanguage":"fr-FR","potentialAction":[{"@type":"ReadAction","target":["https:\/\/interamerica.org\/fr\/2014\/03\/le-sommet-sur-la-sexualite-sacheve-avec-un-appel-a-la-coherence-et-a-la-compassion\/"]}]},{"@type":"ImageObject","inLanguage":"fr-FR","@id":"https:\/\/interamerica.org\/fr\/2014\/03\/le-sommet-sur-la-sexualite-sacheve-avec-un-appel-a-la-coherence-et-a-la-compassion\/#primaryimage","url":"https:\/\/interamerica.org\/wp-content\/uploads\/2017\/06\/csm_Simmons-web_efaa0aa878.jpg","contentUrl":"https:\/\/interamerica.org\/wp-content\/uploads\/2017\/06\/csm_Simmons-web_efaa0aa878.jpg","width":400,"height":267},{"@type":"BreadcrumbList","@id":"https:\/\/interamerica.org\/fr\/2014\/03\/le-sommet-sur-la-sexualite-sacheve-avec-un-appel-a-la-coherence-et-a-la-compassion\/#breadcrumb","itemListElement":[{"@type":"ListItem","position":1,"name":"Home","item":"https:\/\/interamerica.org\/fr\/"},{"@type":"ListItem","position":2,"name":"Le sommet sur la sexualit\u00e9 s\u2019ach\u00e8ve avec un appel \u00e0 la coh\u00e9rence et \u00e0 la compassion"}]},{"@type":"WebSite","@id":"https:\/\/interamerica.org\/fr\/#website","url":"https:\/\/interamerica.org\/fr\/","name":"\u00c9glise Adventiste Du Septieme Jour - Inter Am\u00e9rique Division","description":"","potentialAction":[{"@type":"SearchAction","target":{"@type":"EntryPoint","urlTemplate":"https:\/\/interamerica.org\/fr\/?s={search_term_string}"},"query-input":{"@type":"PropertyValueSpecification","valueRequired":true,"valueName":"search_term_string"}}],"inLanguage":"fr-FR"},{"@type":"Person","@id":"https:\/\/interamerica.org\/fr\/#\/schema\/person\/68ede8bdc292885bb76c1e3810e73c39","name":"Lorenzo Verduzco","image":{"@type":"ImageObject","inLanguage":"fr-FR","@id":"https:\/\/secure.gravatar.com\/avatar\/fb81a55b6218459490a9c1dc841a34909185b81904c5337b4b27f7a6fd60c49e?s=96&d=mm&r=g","url":"https:\/\/secure.gravatar.com\/avatar\/fb81a55b6218459490a9c1dc841a34909185b81904c5337b4b27f7a6fd60c49e?s=96&d=mm&r=g","contentUrl":"https:\/\/secure.gravatar.com\/avatar\/fb81a55b6218459490a9c1dc841a34909185b81904c5337b4b27f7a6fd60c49e?s=96&d=mm&r=g","caption":"Lorenzo Verduzco"}}]}},"_links":{"self":[{"href":"https:\/\/interamerica.org\/fr\/wp-json\/wp\/v2\/posts\/31911","targetHints":{"allow":["GET"]}}],"collection":[{"href":"https:\/\/interamerica.org\/fr\/wp-json\/wp\/v2\/posts"}],"about":[{"href":"https:\/\/interamerica.org\/fr\/wp-json\/wp\/v2\/types\/post"}],"author":[{"embeddable":true,"href":"https:\/\/interamerica.org\/fr\/wp-json\/wp\/v2\/users\/1"}],"replies":[{"embeddable":true,"href":"https:\/\/interamerica.org\/fr\/wp-json\/wp\/v2\/comments?post=31911"}],"version-history":[{"count":0,"href":"https:\/\/interamerica.org\/fr\/wp-json\/wp\/v2\/posts\/31911\/revisions"}],"wp:featuredmedia":[{"embeddable":true,"href":"https:\/\/interamerica.org\/fr\/wp-json\/wp\/v2\/media\/22828"}],"wp:attachment":[{"href":"https:\/\/interamerica.org\/fr\/wp-json\/wp\/v2\/media?parent=31911"}],"wp:term":[{"taxonomy":"category","embeddable":true,"href":"https:\/\/interamerica.org\/fr\/wp-json\/wp\/v2\/categories?post=31911"},{"taxonomy":"post_tag","embeddable":true,"href":"https:\/\/interamerica.org\/fr\/wp-json\/wp\/v2\/tags?post=31911"}],"curies":[{"name":"wp","href":"https:\/\/api.w.org\/{rel}","templated":true}]}}