{"id":31916,"date":"2014-04-01T00:00:00","date_gmt":"2014-04-01T04:00:00","guid":{"rendered":"http:\/\/192.81.217.108\/interamerica\/2014\/04\/des-actes-de-service-creatifs-marquent-la-deuxieme-edition-de-la-journee-mondiale-de-la-jeunesse\/"},"modified":"2014-04-01T00:00:00","modified_gmt":"2014-04-01T04:00:00","slug":"des-actes-de-service-creatifs-marquent-la-deuxieme-edition-de-la-journee-mondiale-de-la-jeunesse","status":"publish","type":"post","link":"https:\/\/interamerica.org\/fr\/2014\/04\/des-actes-de-service-creatifs-marquent-la-deuxieme-edition-de-la-journee-mondiale-de-la-jeunesse\/","title":{"rendered":"Des actes de service cr\u00e9atifs marquent la deuxi\u00e8me \u00e9dition de la Journ\u00e9e Mondiale de la Jeunesse"},"content":{"rendered":"<div id=\"attachment_11177\" style=\"width: 600px\" class=\"wp-caption aligncenter\"><a href=\"\/interamerica\/wp-content\/uploads\/2017\/06\/GYDhosts-Large.png\" rel=\"fancybox\" title=\"Des actes de service cr\u00e9atifs marquent la deuxi\u00e8me \u00e9dition de la Journ\u00e9e Mondiale de la Jeunesse\"><img fetchpriority=\"high\" decoding=\"async\" aria-describedby=\"caption-attachment-11177\" class=\"size-full wp-image-11177\" src=\"\/interamerica\/wp-content\/uploads\/2017\/06\/GYDhosts-Large.png\" alt=\"\" width=\"590\" height=\"330\" \/><\/a><p id=\"caption-attachment-11177\" class=\"wp-caption-text\">De gauche \u00e0 droite: Les missionnaires du programme Une Ann\u00e9e en Mission (OYiM), Starlene Peters, Jaunna Murillo, Carlos Sanchez et Laura Parra posent pour une photo avec Pasteur Benjamin Carballo (deuxi\u00e8me \u00e0 partir de la gauche), directeur des Minist\u00e8res de la Jeunesse pour l\u2019Inter Am\u00e9rique, avant de pr\u00e9senter le programme de la Journ\u00e9e Mondiale de la Jeunesse (GYD) en direct sur Hope Channel le 15 Mars 2014, depuis le si\u00e8ge de l\u2019Union Mexicaine du Centre \u00e0 Mexico. L\u2019\u00e9quipe de quatre jeunes de OYiM, a pr\u00e9sent\u00e9 un programme de deux heures en direct sur l\u2019impact dans la communaut\u00e9 \u00e0 travers la Division Inter Am\u00e9ricaine vers la fin des 24 heures de couverture des activit\u00e9s r\u00e9alis\u00e9es dans le cadre de l\u2019initiative GYD lanc\u00e9e par l\u2019\u00e9glise mondiale. Image de Gregorio Vasquez\/DIA.<\/p><\/div>\n<p>1er Avril 2014 \u2013 Silver Spring, Maryland, Etats Unis\u2026ANN\/DIA<\/p>\n<p>La Journ\u00e9e Mondiale de la Jeunesse (GYD) qui s\u2019est tenue ce mois-ci, marquait la deuxi\u00e8me \u00e9dition de ce programme annuel \u00e0 l\u2019occasion duquel des centaines de milliers de jeunes et de jeunes adultes Adventistes du Septi\u00e8me jour sortent de l\u2019\u00e9glise pour r\u00e9aliser des projets de service dans les quartiers et les communaut\u00e9s du monde entier.<\/p>\n<div id=\"attachment_11175\" style=\"width: 310px\" class=\"wp-caption alignright\"><a href=\"\/interamerica\/wp-content\/uploads\/2017\/06\/csm_gyd-feat_831cb342b2.jpg\" rel=\"fancybox\" title=\"Des actes de service cr\u00e9atifs marquent la deuxi\u00e8me \u00e9dition de la Journ\u00e9e Mondiale de la Jeunesse\"><img decoding=\"async\" aria-describedby=\"caption-attachment-11175\" class=\"size-medium wp-image-11175\" src=\"\/interamerica\/wp-content\/uploads\/2017\/06\/csm_gyd-feat_831cb342b2-300x225.jpg\" alt=\"\" width=\"300\" height=\"225\" \/><\/a><p id=\"caption-attachment-11175\" class=\"wp-caption-text\">Dans le Nord du Mexique, des jeunes portent une pancarte sur laquelle il est inscrit : \u00ab Quinze secondes de pri\u00e8re peuvent changer votre vie. \u00bb Le groupe faisait partie des centaines de milliers de jeunes Adventistes \u00e0 travers le monde qui ne sont pas rest\u00e9s \u00e9couter le sermon du samedi 15 mars afin de participer au service communautaire. Image de l\u2019Union Nord Mexicaine\/DIA.<\/p><\/div>\n<p>Le programme du samedi 15 mars \u00e9tait aussi diffus\u00e9 en direct sur internet, et mettait en lumi\u00e8re des projets r\u00e9alis\u00e9s sur 20 sites. Le programme de cette ann\u00e9e a recens\u00e9 trois fois plus de participation en ligne qu\u2019il n\u2019y en a eu l\u2019ann\u00e9e derni\u00e8re, soit plus de 27000 publications m\u00e9diatiques sur le site web et la page Facebook du programme.<\/p>\n<p>Gilbert Cangy, directeur des Minist\u00e8res de la Jeunesse, a indiqu\u00e9 que le programme favorise l\u2019unit\u00e9 parmi les jeunes \u00e0 travers le monde et constitue une opportunit\u00e9 d\u2019exprimer la cr\u00e9ativit\u00e9 dans le service.<\/p>\n<p>\u00ab Alors que nos jeunes sont diss\u00e9min\u00e9s aux quatre coins du globe, ils sont li\u00e9s par un appel unique et commun \u00e0 proclamer l\u2019\u00e9vangile \u00e9ternel et \u00e0 pr\u00e9parer le monde pour le prochain retour de J\u00e9sus, \u00bb a dit Gilbert Cangy.<\/p>\n<p>Le programme invitait les jeunes \u00e0 ne pas rester pour \u00e9couter le sermon, mais plut\u00f4t \u00e0 sortir et \u00e0 \u00ab \u00eatre le sermon. \u00bb Les Jeunes Adventistes, de la Namibie \u00e0 la Norv\u00e8ge, ont visit\u00e9 les personnes \u00e2g\u00e9es dans les maisons de retraite, ont interpr\u00e9t\u00e9 des chants d\u2019encouragement pour les prisonniers et ont propos\u00e9 des informations sur la sant\u00e9 et la nutrition sur les places publiques. Plusieurs ont pri\u00e9 pour les passants, tout cela donnant au total des millions d\u2019actes de service \u00e0 travers le monde.<\/p>\n<p>\u00ab J\u2019ai \u00e9t\u00e9 \u00e9tonn\u00e9 de la cr\u00e9ativit\u00e9 et de la diversit\u00e9 des initiatives que les jeunes ont propos\u00e9 \u00e0 travers le monde, \u00bb a dit Glbert Cangy. Elles \u00e9taient toutes extraordinaires. \u00bb<\/p>\n<p>Au Royaume Uni, un l\u00e9gendaire autobus \u00e0 imp\u00e9riale a \u00e9t\u00e9 transform\u00e9 et stationn\u00e9 \u00e0 Oxford Street \u00e0 Londres pour offrir des visites m\u00e9dicales gratuites et la pri\u00e8re.<\/p>\n<p>A Mexico, les jeunes ont pr\u00e9par\u00e9 des centaines de repas pour les patients et leurs familles dans les h\u00f4pitaux alors que d\u2019autres, dans un parc, invitaient les passants \u00e0 \u00e9couter des causeries sur la sant\u00e9 et \u00e0 passer des visites m\u00e9dicales. En Colombie, des jeunes ont tenu des stations de pri\u00e8re dans les rues de la ville. Au Venezuela, les jeunes ont distribu\u00e9 des repas aux sans abris.<\/p>\n<p>Aux Pays Bas, les jeunes Adventistes ont utilis\u00e9 un slogan connu dans toute la nation, \u00ab porter l\u2019\u0153uf \u00bb pour inviter les gens \u00e0 partager leur stress et \u00e0 \u00e9crire quelque chose sur un vrai \u0153uf.<\/p>\n<div id=\"attachment_11176\" style=\"width: 310px\" class=\"wp-caption alignleft\"><a href=\"\/interamerica\/wp-content\/uploads\/2017\/06\/EVAU-GYD.png\" rel=\"fancybox\" title=\"Des actes de service cr\u00e9atifs marquent la deuxi\u00e8me \u00e9dition de la Journ\u00e9e Mondiale de la Jeunesse\"><img decoding=\"async\" aria-describedby=\"caption-attachment-11176\" class=\"size-medium wp-image-11176\" src=\"\/interamerica\/wp-content\/uploads\/2017\/06\/EVAU-GYD-300x200.png\" alt=\"\" width=\"300\" height=\"200\" \/><\/a><p id=\"caption-attachment-11176\" class=\"wp-caption-text\">De jeunes Adventistes rev\u00eatus de leurs uniformes d\u2019Eclaireurs posent pour une photo avec deux sans-abris qui venaient de recevoir un repas et des couronnes de papier, une mani\u00e8re de leur montrer l\u2019amour de J\u00e9sus \u00e0 l\u2019occasion de la Journ\u00e9e Mondiale de la Jeunesse le 15 mars 2014. Image de l\u2019Union Est du Venezuela\/DIA.<\/p><\/div>\n<p>En Egypte, des jeunes et des professionnels m\u00e9dicaux ont organis\u00e9 une expo sant\u00e9 dans le district Ezbet el-Haggana au Caire.<\/p>\n<p>Aux Philippines, des jeunes ont distribu\u00e9 des provisions \u00e0 Manille, ils ont aussi pri\u00e9 pour les passants et ont fait d\u2019autres actes de compassion avant de se retrouver pour une \u00ab Marche de la Compassion \u00bb depuis le Parc Luneta jusqu\u2019\u00e0 Habour Square.<\/p>\n<p>A Yaound\u00e9, au Cameroun, le pr\u00e9sident de l\u2019Eglise Adventiste, Ted N.C. Wilson a pri\u00e9 pour la cl\u00f4ture des c\u00e9r\u00e9monies de la GYD devant 7000 personnes.<\/p>\n<p>Une \u00e9quipe au centre audiovisuel Stimme der Hoffnung de la d\u00e9nomination en Allemagne, a coordonn\u00e9 la diffusion mondiale en direct des activit\u00e9s de la journ\u00e9e. Des studios de diffusion locaux se sont \u00e9tablis dans les grands centres audiovisuels de l\u2019\u00e9glise, mais aussi dans des \u00e9glises locales, des sites en plein air, et il y a eu aussi un studio de fortune mis en place dans une \u00e9cole secondaire. Le programme a \u00e9t\u00e9 retransmis par internet plut\u00f4t que par satellite, ce qui serait plus co\u00fbteux.<\/p>\n<p>Gilbert Cangy a d\u00e9clar\u00e9 que le programme a permis de mettre en lumi\u00e8re le partenariat entre plusieurs des minist\u00e8res de l\u2019\u00e9glise, y compris le Minist\u00e8re de la Jeunesse, les Communications, la Radio Mondiale Adventiste et Hope Channel.<\/p>\n<p>La prochaine Journ\u00e9e Mondiale de la jeunesse est pr\u00e9vue pour le 21 mars.<\/p>\n<p>Traduction: Patrick Luciathe<\/p>\n","protected":false},"excerpt":{"rendered":"<p>La Journ\u00e9e Mondiale de la Jeunesse (GYD) qui s\u2019est tenue ce mois-ci, marquait la deuxi\u00e8me \u00e9dition de ce programme annuel \u00e0 l\u2019occasion duquel des centaines de milliers de jeunes et de jeunes adultes Adventistes du Septi\u00e8me jour sortent de l\u2019\u00e9glise pour r\u00e9aliser des projets de service dans les quartiers et les communaut\u00e9s du monde entier.<\/p>\n","protected":false},"author":1,"featured_media":22836,"comment_status":"closed","ping_status":"closed","sticky":false,"template":"","format":"standard","meta":{"_acf_changed":false,"footnotes":""},"categories":[18],"tags":[],"class_list":["post-31916","post","type-post","status-publish","format-standard","has-post-thumbnail","hentry","category-nouvelles-de-leglise-mondiale"],"acf":[],"yoast_head":"<!-- This site is optimized with the Yoast SEO plugin v27.3 - https:\/\/yoast.com\/product\/yoast-seo-wordpress\/ -->\n<title>Des actes de service cr\u00e9atifs marquent la deuxi\u00e8me \u00e9dition de la Journ\u00e9e Mondiale de la Jeunesse - \u00c9glise Adventiste Du Septieme Jour - Inter Am\u00e9rique Division<\/title>\n<meta name=\"robots\" content=\"index, follow, max-snippet:-1, max-image-preview:large, max-video-preview:-1\" \/>\n<link rel=\"canonical\" href=\"https:\/\/interamerica.org\/fr\/2014\/04\/des-actes-de-service-creatifs-marquent-la-deuxieme-edition-de-la-journee-mondiale-de-la-jeunesse\/\" \/>\n<meta property=\"og:locale\" content=\"fr_FR\" \/>\n<meta property=\"og:type\" content=\"article\" \/>\n<meta property=\"og:title\" content=\"Des actes de service cr\u00e9atifs marquent la deuxi\u00e8me \u00e9dition de la Journ\u00e9e Mondiale de la Jeunesse - \u00c9glise Adventiste Du Septieme Jour - Inter Am\u00e9rique Division\" \/>\n<meta property=\"og:description\" content=\"La Journ\u00e9e Mondiale de la Jeunesse (GYD) qui s\u2019est tenue ce mois-ci, marquait la deuxi\u00e8me \u00e9dition de ce programme annuel \u00e0 l\u2019occasion duquel des centaines de milliers de jeunes et de jeunes adultes Adventistes du Septi\u00e8me jour sortent de l\u2019\u00e9glise pour r\u00e9aliser des projets de service dans les quartiers et les communaut\u00e9s du monde entier.\" \/>\n<meta property=\"og:url\" content=\"https:\/\/interamerica.org\/fr\/2014\/04\/des-actes-de-service-creatifs-marquent-la-deuxieme-edition-de-la-journee-mondiale-de-la-jeunesse\/\" \/>\n<meta property=\"og:site_name\" content=\"\u00c9glise Adventiste Du Septieme Jour - Inter Am\u00e9rique Division\" \/>\n<meta property=\"article:published_time\" content=\"2014-04-01T04:00:00+00:00\" \/>\n<meta property=\"og:image\" content=\"https:\/\/interamerica.org\/wp-content\/uploads\/2017\/06\/csm_gyd-feat_831cb342b2.jpg\" \/>\n\t<meta property=\"og:image:width\" content=\"400\" \/>\n\t<meta property=\"og:image:height\" content=\"301\" \/>\n\t<meta property=\"og:image:type\" content=\"image\/jpeg\" \/>\n<meta name=\"author\" content=\"Lorenzo Verduzco\" \/>\n<meta name=\"twitter:card\" content=\"summary_large_image\" \/>\n<meta name=\"twitter:label1\" content=\"\u00c9crit par\" \/>\n\t<meta name=\"twitter:data1\" content=\"Lorenzo Verduzco\" \/>\n\t<meta name=\"twitter:label2\" content=\"Dur\u00e9e de lecture estim\u00e9e\" \/>\n\t<meta name=\"twitter:data2\" content=\"5 minutes\" \/>\n<script type=\"application\/ld+json\" class=\"yoast-schema-graph\">{\"@context\":\"https:\\\/\\\/schema.org\",\"@graph\":[{\"@type\":\"Article\",\"@id\":\"https:\\\/\\\/interamerica.org\\\/fr\\\/2014\\\/04\\\/des-actes-de-service-creatifs-marquent-la-deuxieme-edition-de-la-journee-mondiale-de-la-jeunesse\\\/#article\",\"isPartOf\":{\"@id\":\"https:\\\/\\\/interamerica.org\\\/fr\\\/2014\\\/04\\\/des-actes-de-service-creatifs-marquent-la-deuxieme-edition-de-la-journee-mondiale-de-la-jeunesse\\\/\"},\"author\":{\"name\":\"Lorenzo Verduzco\",\"@id\":\"https:\\\/\\\/interamerica.org\\\/fr\\\/#\\\/schema\\\/person\\\/68ede8bdc292885bb76c1e3810e73c39\"},\"headline\":\"Des actes de service cr\u00e9atifs marquent la deuxi\u00e8me \u00e9dition de la Journ\u00e9e Mondiale de la Jeunesse\",\"datePublished\":\"2014-04-01T04:00:00+00:00\",\"mainEntityOfPage\":{\"@id\":\"https:\\\/\\\/interamerica.org\\\/fr\\\/2014\\\/04\\\/des-actes-de-service-creatifs-marquent-la-deuxieme-edition-de-la-journee-mondiale-de-la-jeunesse\\\/\"},\"wordCount\":1007,\"image\":{\"@id\":\"https:\\\/\\\/interamerica.org\\\/fr\\\/2014\\\/04\\\/des-actes-de-service-creatifs-marquent-la-deuxieme-edition-de-la-journee-mondiale-de-la-jeunesse\\\/#primaryimage\"},\"thumbnailUrl\":\"https:\\\/\\\/interamerica.org\\\/wp-content\\\/uploads\\\/2017\\\/06\\\/csm_gyd-feat_831cb342b2.jpg\",\"articleSection\":[\"Nouvelles de l'\u00c9glise mondiale\"],\"inLanguage\":\"fr-FR\"},{\"@type\":\"WebPage\",\"@id\":\"https:\\\/\\\/interamerica.org\\\/fr\\\/2014\\\/04\\\/des-actes-de-service-creatifs-marquent-la-deuxieme-edition-de-la-journee-mondiale-de-la-jeunesse\\\/\",\"url\":\"https:\\\/\\\/interamerica.org\\\/fr\\\/2014\\\/04\\\/des-actes-de-service-creatifs-marquent-la-deuxieme-edition-de-la-journee-mondiale-de-la-jeunesse\\\/\",\"name\":\"Des actes de service cr\u00e9atifs marquent la deuxi\u00e8me \u00e9dition de la Journ\u00e9e Mondiale de la Jeunesse - \u00c9glise Adventiste Du Septieme Jour - Inter Am\u00e9rique Division\",\"isPartOf\":{\"@id\":\"https:\\\/\\\/interamerica.org\\\/fr\\\/#website\"},\"primaryImageOfPage\":{\"@id\":\"https:\\\/\\\/interamerica.org\\\/fr\\\/2014\\\/04\\\/des-actes-de-service-creatifs-marquent-la-deuxieme-edition-de-la-journee-mondiale-de-la-jeunesse\\\/#primaryimage\"},\"image\":{\"@id\":\"https:\\\/\\\/interamerica.org\\\/fr\\\/2014\\\/04\\\/des-actes-de-service-creatifs-marquent-la-deuxieme-edition-de-la-journee-mondiale-de-la-jeunesse\\\/#primaryimage\"},\"thumbnailUrl\":\"https:\\\/\\\/interamerica.org\\\/wp-content\\\/uploads\\\/2017\\\/06\\\/csm_gyd-feat_831cb342b2.jpg\",\"datePublished\":\"2014-04-01T04:00:00+00:00\",\"author\":{\"@id\":\"https:\\\/\\\/interamerica.org\\\/fr\\\/#\\\/schema\\\/person\\\/68ede8bdc292885bb76c1e3810e73c39\"},\"breadcrumb\":{\"@id\":\"https:\\\/\\\/interamerica.org\\\/fr\\\/2014\\\/04\\\/des-actes-de-service-creatifs-marquent-la-deuxieme-edition-de-la-journee-mondiale-de-la-jeunesse\\\/#breadcrumb\"},\"inLanguage\":\"fr-FR\",\"potentialAction\":[{\"@type\":\"ReadAction\",\"target\":[\"https:\\\/\\\/interamerica.org\\\/fr\\\/2014\\\/04\\\/des-actes-de-service-creatifs-marquent-la-deuxieme-edition-de-la-journee-mondiale-de-la-jeunesse\\\/\"]}]},{\"@type\":\"ImageObject\",\"inLanguage\":\"fr-FR\",\"@id\":\"https:\\\/\\\/interamerica.org\\\/fr\\\/2014\\\/04\\\/des-actes-de-service-creatifs-marquent-la-deuxieme-edition-de-la-journee-mondiale-de-la-jeunesse\\\/#primaryimage\",\"url\":\"https:\\\/\\\/interamerica.org\\\/wp-content\\\/uploads\\\/2017\\\/06\\\/csm_gyd-feat_831cb342b2.jpg\",\"contentUrl\":\"https:\\\/\\\/interamerica.org\\\/wp-content\\\/uploads\\\/2017\\\/06\\\/csm_gyd-feat_831cb342b2.jpg\",\"width\":400,\"height\":301},{\"@type\":\"BreadcrumbList\",\"@id\":\"https:\\\/\\\/interamerica.org\\\/fr\\\/2014\\\/04\\\/des-actes-de-service-creatifs-marquent-la-deuxieme-edition-de-la-journee-mondiale-de-la-jeunesse\\\/#breadcrumb\",\"itemListElement\":[{\"@type\":\"ListItem\",\"position\":1,\"name\":\"Home\",\"item\":\"https:\\\/\\\/interamerica.org\\\/fr\\\/\"},{\"@type\":\"ListItem\",\"position\":2,\"name\":\"Des actes de service cr\u00e9atifs marquent la deuxi\u00e8me \u00e9dition de la Journ\u00e9e Mondiale de la Jeunesse\"}]},{\"@type\":\"WebSite\",\"@id\":\"https:\\\/\\\/interamerica.org\\\/fr\\\/#website\",\"url\":\"https:\\\/\\\/interamerica.org\\\/fr\\\/\",\"name\":\"\u00c9glise Adventiste Du Septieme Jour - Inter Am\u00e9rique Division\",\"description\":\"\",\"potentialAction\":[{\"@type\":\"SearchAction\",\"target\":{\"@type\":\"EntryPoint\",\"urlTemplate\":\"https:\\\/\\\/interamerica.org\\\/fr\\\/?s={search_term_string}\"},\"query-input\":{\"@type\":\"PropertyValueSpecification\",\"valueRequired\":true,\"valueName\":\"search_term_string\"}}],\"inLanguage\":\"fr-FR\"},{\"@type\":\"Person\",\"@id\":\"https:\\\/\\\/interamerica.org\\\/fr\\\/#\\\/schema\\\/person\\\/68ede8bdc292885bb76c1e3810e73c39\",\"name\":\"Lorenzo Verduzco\",\"image\":{\"@type\":\"ImageObject\",\"inLanguage\":\"fr-FR\",\"@id\":\"https:\\\/\\\/secure.gravatar.com\\\/avatar\\\/fb81a55b6218459490a9c1dc841a34909185b81904c5337b4b27f7a6fd60c49e?s=96&d=mm&r=g\",\"url\":\"https:\\\/\\\/secure.gravatar.com\\\/avatar\\\/fb81a55b6218459490a9c1dc841a34909185b81904c5337b4b27f7a6fd60c49e?s=96&d=mm&r=g\",\"contentUrl\":\"https:\\\/\\\/secure.gravatar.com\\\/avatar\\\/fb81a55b6218459490a9c1dc841a34909185b81904c5337b4b27f7a6fd60c49e?s=96&d=mm&r=g\",\"caption\":\"Lorenzo Verduzco\"}}]}<\/script>\n<!-- \/ Yoast SEO plugin. -->","yoast_head_json":{"title":"Des actes de service cr\u00e9atifs marquent la deuxi\u00e8me \u00e9dition de la Journ\u00e9e Mondiale de la Jeunesse - \u00c9glise Adventiste Du Septieme Jour - Inter Am\u00e9rique Division","robots":{"index":"index","follow":"follow","max-snippet":"max-snippet:-1","max-image-preview":"max-image-preview:large","max-video-preview":"max-video-preview:-1"},"canonical":"https:\/\/interamerica.org\/fr\/2014\/04\/des-actes-de-service-creatifs-marquent-la-deuxieme-edition-de-la-journee-mondiale-de-la-jeunesse\/","og_locale":"fr_FR","og_type":"article","og_title":"Des actes de service cr\u00e9atifs marquent la deuxi\u00e8me \u00e9dition de la Journ\u00e9e Mondiale de la Jeunesse - \u00c9glise Adventiste Du Septieme Jour - Inter Am\u00e9rique Division","og_description":"La Journ\u00e9e Mondiale de la Jeunesse (GYD) qui s\u2019est tenue ce mois-ci, marquait la deuxi\u00e8me \u00e9dition de ce programme annuel \u00e0 l\u2019occasion duquel des centaines de milliers de jeunes et de jeunes adultes Adventistes du Septi\u00e8me jour sortent de l\u2019\u00e9glise pour r\u00e9aliser des projets de service dans les quartiers et les communaut\u00e9s du monde entier.","og_url":"https:\/\/interamerica.org\/fr\/2014\/04\/des-actes-de-service-creatifs-marquent-la-deuxieme-edition-de-la-journee-mondiale-de-la-jeunesse\/","og_site_name":"\u00c9glise Adventiste Du Septieme Jour - Inter Am\u00e9rique Division","article_published_time":"2014-04-01T04:00:00+00:00","og_image":[{"width":400,"height":301,"url":"https:\/\/interamerica.org\/wp-content\/uploads\/2017\/06\/csm_gyd-feat_831cb342b2.jpg","type":"image\/jpeg"}],"author":"Lorenzo Verduzco","twitter_card":"summary_large_image","twitter_misc":{"\u00c9crit par":"Lorenzo Verduzco","Dur\u00e9e de lecture estim\u00e9e":"5 minutes"},"schema":{"@context":"https:\/\/schema.org","@graph":[{"@type":"Article","@id":"https:\/\/interamerica.org\/fr\/2014\/04\/des-actes-de-service-creatifs-marquent-la-deuxieme-edition-de-la-journee-mondiale-de-la-jeunesse\/#article","isPartOf":{"@id":"https:\/\/interamerica.org\/fr\/2014\/04\/des-actes-de-service-creatifs-marquent-la-deuxieme-edition-de-la-journee-mondiale-de-la-jeunesse\/"},"author":{"name":"Lorenzo Verduzco","@id":"https:\/\/interamerica.org\/fr\/#\/schema\/person\/68ede8bdc292885bb76c1e3810e73c39"},"headline":"Des actes de service cr\u00e9atifs marquent la deuxi\u00e8me \u00e9dition de la Journ\u00e9e Mondiale de la Jeunesse","datePublished":"2014-04-01T04:00:00+00:00","mainEntityOfPage":{"@id":"https:\/\/interamerica.org\/fr\/2014\/04\/des-actes-de-service-creatifs-marquent-la-deuxieme-edition-de-la-journee-mondiale-de-la-jeunesse\/"},"wordCount":1007,"image":{"@id":"https:\/\/interamerica.org\/fr\/2014\/04\/des-actes-de-service-creatifs-marquent-la-deuxieme-edition-de-la-journee-mondiale-de-la-jeunesse\/#primaryimage"},"thumbnailUrl":"https:\/\/interamerica.org\/wp-content\/uploads\/2017\/06\/csm_gyd-feat_831cb342b2.jpg","articleSection":["Nouvelles de l'\u00c9glise mondiale"],"inLanguage":"fr-FR"},{"@type":"WebPage","@id":"https:\/\/interamerica.org\/fr\/2014\/04\/des-actes-de-service-creatifs-marquent-la-deuxieme-edition-de-la-journee-mondiale-de-la-jeunesse\/","url":"https:\/\/interamerica.org\/fr\/2014\/04\/des-actes-de-service-creatifs-marquent-la-deuxieme-edition-de-la-journee-mondiale-de-la-jeunesse\/","name":"Des actes de service cr\u00e9atifs marquent la deuxi\u00e8me \u00e9dition de la Journ\u00e9e Mondiale de la Jeunesse - \u00c9glise Adventiste Du Septieme Jour - Inter Am\u00e9rique Division","isPartOf":{"@id":"https:\/\/interamerica.org\/fr\/#website"},"primaryImageOfPage":{"@id":"https:\/\/interamerica.org\/fr\/2014\/04\/des-actes-de-service-creatifs-marquent-la-deuxieme-edition-de-la-journee-mondiale-de-la-jeunesse\/#primaryimage"},"image":{"@id":"https:\/\/interamerica.org\/fr\/2014\/04\/des-actes-de-service-creatifs-marquent-la-deuxieme-edition-de-la-journee-mondiale-de-la-jeunesse\/#primaryimage"},"thumbnailUrl":"https:\/\/interamerica.org\/wp-content\/uploads\/2017\/06\/csm_gyd-feat_831cb342b2.jpg","datePublished":"2014-04-01T04:00:00+00:00","author":{"@id":"https:\/\/interamerica.org\/fr\/#\/schema\/person\/68ede8bdc292885bb76c1e3810e73c39"},"breadcrumb":{"@id":"https:\/\/interamerica.org\/fr\/2014\/04\/des-actes-de-service-creatifs-marquent-la-deuxieme-edition-de-la-journee-mondiale-de-la-jeunesse\/#breadcrumb"},"inLanguage":"fr-FR","potentialAction":[{"@type":"ReadAction","target":["https:\/\/interamerica.org\/fr\/2014\/04\/des-actes-de-service-creatifs-marquent-la-deuxieme-edition-de-la-journee-mondiale-de-la-jeunesse\/"]}]},{"@type":"ImageObject","inLanguage":"fr-FR","@id":"https:\/\/interamerica.org\/fr\/2014\/04\/des-actes-de-service-creatifs-marquent-la-deuxieme-edition-de-la-journee-mondiale-de-la-jeunesse\/#primaryimage","url":"https:\/\/interamerica.org\/wp-content\/uploads\/2017\/06\/csm_gyd-feat_831cb342b2.jpg","contentUrl":"https:\/\/interamerica.org\/wp-content\/uploads\/2017\/06\/csm_gyd-feat_831cb342b2.jpg","width":400,"height":301},{"@type":"BreadcrumbList","@id":"https:\/\/interamerica.org\/fr\/2014\/04\/des-actes-de-service-creatifs-marquent-la-deuxieme-edition-de-la-journee-mondiale-de-la-jeunesse\/#breadcrumb","itemListElement":[{"@type":"ListItem","position":1,"name":"Home","item":"https:\/\/interamerica.org\/fr\/"},{"@type":"ListItem","position":2,"name":"Des actes de service cr\u00e9atifs marquent la deuxi\u00e8me \u00e9dition de la Journ\u00e9e Mondiale de la Jeunesse"}]},{"@type":"WebSite","@id":"https:\/\/interamerica.org\/fr\/#website","url":"https:\/\/interamerica.org\/fr\/","name":"\u00c9glise Adventiste Du Septieme Jour - Inter Am\u00e9rique Division","description":"","potentialAction":[{"@type":"SearchAction","target":{"@type":"EntryPoint","urlTemplate":"https:\/\/interamerica.org\/fr\/?s={search_term_string}"},"query-input":{"@type":"PropertyValueSpecification","valueRequired":true,"valueName":"search_term_string"}}],"inLanguage":"fr-FR"},{"@type":"Person","@id":"https:\/\/interamerica.org\/fr\/#\/schema\/person\/68ede8bdc292885bb76c1e3810e73c39","name":"Lorenzo Verduzco","image":{"@type":"ImageObject","inLanguage":"fr-FR","@id":"https:\/\/secure.gravatar.com\/avatar\/fb81a55b6218459490a9c1dc841a34909185b81904c5337b4b27f7a6fd60c49e?s=96&d=mm&r=g","url":"https:\/\/secure.gravatar.com\/avatar\/fb81a55b6218459490a9c1dc841a34909185b81904c5337b4b27f7a6fd60c49e?s=96&d=mm&r=g","contentUrl":"https:\/\/secure.gravatar.com\/avatar\/fb81a55b6218459490a9c1dc841a34909185b81904c5337b4b27f7a6fd60c49e?s=96&d=mm&r=g","caption":"Lorenzo Verduzco"}}]}},"_links":{"self":[{"href":"https:\/\/interamerica.org\/fr\/wp-json\/wp\/v2\/posts\/31916","targetHints":{"allow":["GET"]}}],"collection":[{"href":"https:\/\/interamerica.org\/fr\/wp-json\/wp\/v2\/posts"}],"about":[{"href":"https:\/\/interamerica.org\/fr\/wp-json\/wp\/v2\/types\/post"}],"author":[{"embeddable":true,"href":"https:\/\/interamerica.org\/fr\/wp-json\/wp\/v2\/users\/1"}],"replies":[{"embeddable":true,"href":"https:\/\/interamerica.org\/fr\/wp-json\/wp\/v2\/comments?post=31916"}],"version-history":[{"count":0,"href":"https:\/\/interamerica.org\/fr\/wp-json\/wp\/v2\/posts\/31916\/revisions"}],"wp:featuredmedia":[{"embeddable":true,"href":"https:\/\/interamerica.org\/fr\/wp-json\/wp\/v2\/media\/22836"}],"wp:attachment":[{"href":"https:\/\/interamerica.org\/fr\/wp-json\/wp\/v2\/media?parent=31916"}],"wp:term":[{"taxonomy":"category","embeddable":true,"href":"https:\/\/interamerica.org\/fr\/wp-json\/wp\/v2\/categories?post=31916"},{"taxonomy":"post_tag","embeddable":true,"href":"https:\/\/interamerica.org\/fr\/wp-json\/wp\/v2\/tags?post=31916"}],"curies":[{"name":"wp","href":"https:\/\/api.w.org\/{rel}","templated":true}]}}