{"id":31919,"date":"2014-04-07T00:00:00","date_gmt":"2014-04-07T04:00:00","guid":{"rendered":"http:\/\/192.81.217.108\/interamerica\/2014\/04\/adra-prend-part-aux-efforts-humanitaires-au-lendemain-du-seisme-au-chili\/"},"modified":"2014-04-07T00:00:00","modified_gmt":"2014-04-07T04:00:00","slug":"adra-prend-part-aux-efforts-humanitaires-au-lendemain-du-seisme-au-chili","status":"publish","type":"post","link":"https:\/\/interamerica.org\/fr\/2014\/04\/adra-prend-part-aux-efforts-humanitaires-au-lendemain-du-seisme-au-chili\/","title":{"rendered":"ADRA prend part aux efforts humanitaires au lendemain du s\u00e9isme au Chili"},"content":{"rendered":"<p>7 Avril 2014 \u2013 Silver Spring, Maryland, Etats Unis\u2026Division Sud Am\u00e9ricaine\/ANN<\/p>\n<p>L\u2019Agence Adventiste de D\u00e9veloppement et de Secours au Chili, pr\u00e9pare une intervention suite au s\u00e9isme de magnitude 8,2 qui a eu lieu la semaine derni\u00e8re et qui a caus\u00e9 la mort de sept personnes et a perturb\u00e9 l\u2019alimentation \u00e9lectrique dans la ville d\u2019Iquique et dans les alentours.<\/p>\n<div id=\"attachment_11236\" style=\"width: 310px\" class=\"wp-caption alignright\"><a href=\"\/interamerica\/wp-content\/uploads\/2017\/06\/csm_chile-quake-web_d7dbca874d.jpg\" rel=\"fancybox\" title=\"ADRA prend part aux efforts humanitaires au lendemain du s\u00e9isme au Chili\"><img fetchpriority=\"high\" decoding=\"async\" aria-describedby=\"caption-attachment-11236\" class=\"size-medium wp-image-11236\" src=\"\/interamerica\/wp-content\/uploads\/2017\/06\/csm_chile-quake-web_d7dbca874d-300x200.jpg\" alt=\"\" width=\"300\" height=\"200\" \/><\/a><p id=\"caption-attachment-11236\" class=\"wp-caption-text\">Les r\u00e9sidents dont les maisons ont \u00e9t\u00e9 endommag\u00e9es lors du puissant tremblement de terre de la semaine derni\u00e8re ont trouv\u00e9 refuge sous des tentes dans un camp de fortune en dehors d\u2019Alto Hospicio au Chili. Image ADRA Chili.<\/p><\/div>\n<p>Le directeur d\u2019ADRA Chili, Jorge Al\u00e9, est arriv\u00e9 \u00e0 Iquique vendredi pour aider \u00e0 \u00e9valuer la situation et amener des purificateurs d\u2019eau aux r\u00e9sidents locaux qui vivent sous les tentes.<\/p>\n<p>Jorge Al\u00e9 a rencontr\u00e9 les responsables du R\u00e9seau Humanitaire du Chili au Stade Land of Champions qui sert de quartier g\u00e9n\u00e9ral pour les op\u00e9rations humanitaires.<\/p>\n<p>Plusieurs personnes sont encore sous tension suite \u00e0 la r\u00e9plique de magnitude 7,3 qui a frapp\u00e9 le 3 avril, un jour apr\u00e8s la premi\u00e8re secousse qui avait caus\u00e9 une vague de tsunami de pr\u00e8s de deux m\u00e8tres.<\/p>\n<p>ADRA est pr\u00e9sent \u00e0 Alto Hospicio et envisage un projet pour cette r\u00e9gion qui a \u00e9t\u00e9 lourdement touch\u00e9e. Certains r\u00e9sidents dorment sous des tentes \u2013 soit parce que leur maison a \u00e9t\u00e9 endommag\u00e9e ou par mesure de pr\u00e9caution au vu des r\u00e9pliques. Un camion d\u2019ADRA a livr\u00e9 de la nourriture et de l\u2019eau \u00e0 la r\u00e9gion au cours du weekend.<\/p>\n<p>Le Chili qui est situ\u00e9 sur une faille entre les plaques tectoniques de Nazca et de l\u2019Am\u00e9rique du Sud, est sujet \u00e0 de fr\u00e9quents s\u00e9ismes. En 2010, un tremblement de terre de magnitude 8,8 avait secou\u00e9 une r\u00e9gion situ\u00e9e \u00e0 321 km au sud de la capitale Santiago, faisant des centaines de morts et d\u00e9truisant des centaines de milliers de maisons.<\/p>\n<p>Traduction: Patrick Luciathe<\/p>\n","protected":false},"excerpt":{"rendered":"<p>L\u2019Agence Adventiste de D\u00e9veloppement et de Secours au Chili, pr\u00e9pare une intervention suite au s\u00e9isme de magnitude 8,2 qui a eu lieu la semaine derni\u00e8re et qui a caus\u00e9 la mort de sept personnes et a perturb\u00e9 l\u2019alimentation \u00e9lectrique dans la ville d\u2019Iquique et dans les alentours.<\/p>\n","protected":false},"author":1,"featured_media":22875,"comment_status":"closed","ping_status":"closed","sticky":false,"template":"","format":"standard","meta":{"_acf_changed":false,"footnotes":""},"categories":[18],"tags":[],"class_list":["post-31919","post","type-post","status-publish","format-standard","has-post-thumbnail","hentry","category-nouvelles-de-leglise-mondiale"],"acf":[],"yoast_head":"<!-- This site is optimized with the Yoast SEO plugin v27.3 - https:\/\/yoast.com\/product\/yoast-seo-wordpress\/ -->\n<title>ADRA prend part aux efforts humanitaires au lendemain du s\u00e9isme au Chili - \u00c9glise Adventiste Du Septieme Jour - Inter Am\u00e9rique Division<\/title>\n<meta name=\"robots\" content=\"index, follow, max-snippet:-1, max-image-preview:large, max-video-preview:-1\" \/>\n<link rel=\"canonical\" href=\"https:\/\/interamerica.org\/fr\/2014\/04\/adra-prend-part-aux-efforts-humanitaires-au-lendemain-du-seisme-au-chili\/\" \/>\n<meta property=\"og:locale\" content=\"fr_FR\" \/>\n<meta property=\"og:type\" content=\"article\" \/>\n<meta property=\"og:title\" content=\"ADRA prend part aux efforts humanitaires au lendemain du s\u00e9isme au Chili - \u00c9glise Adventiste Du Septieme Jour - Inter Am\u00e9rique Division\" \/>\n<meta property=\"og:description\" content=\"L\u2019Agence Adventiste de D\u00e9veloppement et de Secours au Chili, pr\u00e9pare une intervention suite au s\u00e9isme de magnitude 8,2 qui a eu lieu la semaine derni\u00e8re et qui a caus\u00e9 la mort de sept personnes et a perturb\u00e9 l\u2019alimentation \u00e9lectrique dans la ville d\u2019Iquique et dans les alentours.\" \/>\n<meta property=\"og:url\" content=\"https:\/\/interamerica.org\/fr\/2014\/04\/adra-prend-part-aux-efforts-humanitaires-au-lendemain-du-seisme-au-chili\/\" \/>\n<meta property=\"og:site_name\" content=\"\u00c9glise Adventiste Du Septieme Jour - Inter Am\u00e9rique Division\" \/>\n<meta property=\"article:published_time\" content=\"2014-04-07T04:00:00+00:00\" \/>\n<meta property=\"og:image\" content=\"https:\/\/interamerica.org\/wp-content\/uploads\/2017\/06\/csm_chile-quake-web_d7dbca874d.jpg\" \/>\n\t<meta property=\"og:image:width\" content=\"400\" \/>\n\t<meta property=\"og:image:height\" content=\"267\" \/>\n\t<meta property=\"og:image:type\" content=\"image\/jpeg\" \/>\n<meta name=\"author\" content=\"Lorenzo Verduzco\" \/>\n<meta name=\"twitter:card\" content=\"summary_large_image\" \/>\n<meta name=\"twitter:label1\" content=\"\u00c9crit par\" \/>\n\t<meta name=\"twitter:data1\" content=\"Lorenzo Verduzco\" \/>\n\t<meta name=\"twitter:label2\" content=\"Dur\u00e9e de lecture estim\u00e9e\" \/>\n\t<meta name=\"twitter:data2\" content=\"2 minutes\" \/>\n<script type=\"application\/ld+json\" class=\"yoast-schema-graph\">{\"@context\":\"https:\\\/\\\/schema.org\",\"@graph\":[{\"@type\":\"Article\",\"@id\":\"https:\\\/\\\/interamerica.org\\\/fr\\\/2014\\\/04\\\/adra-prend-part-aux-efforts-humanitaires-au-lendemain-du-seisme-au-chili\\\/#article\",\"isPartOf\":{\"@id\":\"https:\\\/\\\/interamerica.org\\\/fr\\\/2014\\\/04\\\/adra-prend-part-aux-efforts-humanitaires-au-lendemain-du-seisme-au-chili\\\/\"},\"author\":{\"name\":\"Lorenzo Verduzco\",\"@id\":\"https:\\\/\\\/interamerica.org\\\/fr\\\/#\\\/schema\\\/person\\\/68ede8bdc292885bb76c1e3810e73c39\"},\"headline\":\"ADRA prend part aux efforts humanitaires au lendemain du s\u00e9isme au Chili\",\"datePublished\":\"2014-04-07T04:00:00+00:00\",\"mainEntityOfPage\":{\"@id\":\"https:\\\/\\\/interamerica.org\\\/fr\\\/2014\\\/04\\\/adra-prend-part-aux-efforts-humanitaires-au-lendemain-du-seisme-au-chili\\\/\"},\"wordCount\":358,\"image\":{\"@id\":\"https:\\\/\\\/interamerica.org\\\/fr\\\/2014\\\/04\\\/adra-prend-part-aux-efforts-humanitaires-au-lendemain-du-seisme-au-chili\\\/#primaryimage\"},\"thumbnailUrl\":\"https:\\\/\\\/interamerica.org\\\/wp-content\\\/uploads\\\/2017\\\/06\\\/csm_chile-quake-web_d7dbca874d.jpg\",\"articleSection\":[\"Nouvelles de l'\u00c9glise mondiale\"],\"inLanguage\":\"fr-FR\"},{\"@type\":\"WebPage\",\"@id\":\"https:\\\/\\\/interamerica.org\\\/fr\\\/2014\\\/04\\\/adra-prend-part-aux-efforts-humanitaires-au-lendemain-du-seisme-au-chili\\\/\",\"url\":\"https:\\\/\\\/interamerica.org\\\/fr\\\/2014\\\/04\\\/adra-prend-part-aux-efforts-humanitaires-au-lendemain-du-seisme-au-chili\\\/\",\"name\":\"ADRA prend part aux efforts humanitaires au lendemain du s\u00e9isme au Chili - \u00c9glise Adventiste Du Septieme Jour - Inter Am\u00e9rique Division\",\"isPartOf\":{\"@id\":\"https:\\\/\\\/interamerica.org\\\/fr\\\/#website\"},\"primaryImageOfPage\":{\"@id\":\"https:\\\/\\\/interamerica.org\\\/fr\\\/2014\\\/04\\\/adra-prend-part-aux-efforts-humanitaires-au-lendemain-du-seisme-au-chili\\\/#primaryimage\"},\"image\":{\"@id\":\"https:\\\/\\\/interamerica.org\\\/fr\\\/2014\\\/04\\\/adra-prend-part-aux-efforts-humanitaires-au-lendemain-du-seisme-au-chili\\\/#primaryimage\"},\"thumbnailUrl\":\"https:\\\/\\\/interamerica.org\\\/wp-content\\\/uploads\\\/2017\\\/06\\\/csm_chile-quake-web_d7dbca874d.jpg\",\"datePublished\":\"2014-04-07T04:00:00+00:00\",\"author\":{\"@id\":\"https:\\\/\\\/interamerica.org\\\/fr\\\/#\\\/schema\\\/person\\\/68ede8bdc292885bb76c1e3810e73c39\"},\"breadcrumb\":{\"@id\":\"https:\\\/\\\/interamerica.org\\\/fr\\\/2014\\\/04\\\/adra-prend-part-aux-efforts-humanitaires-au-lendemain-du-seisme-au-chili\\\/#breadcrumb\"},\"inLanguage\":\"fr-FR\",\"potentialAction\":[{\"@type\":\"ReadAction\",\"target\":[\"https:\\\/\\\/interamerica.org\\\/fr\\\/2014\\\/04\\\/adra-prend-part-aux-efforts-humanitaires-au-lendemain-du-seisme-au-chili\\\/\"]}]},{\"@type\":\"ImageObject\",\"inLanguage\":\"fr-FR\",\"@id\":\"https:\\\/\\\/interamerica.org\\\/fr\\\/2014\\\/04\\\/adra-prend-part-aux-efforts-humanitaires-au-lendemain-du-seisme-au-chili\\\/#primaryimage\",\"url\":\"https:\\\/\\\/interamerica.org\\\/wp-content\\\/uploads\\\/2017\\\/06\\\/csm_chile-quake-web_d7dbca874d.jpg\",\"contentUrl\":\"https:\\\/\\\/interamerica.org\\\/wp-content\\\/uploads\\\/2017\\\/06\\\/csm_chile-quake-web_d7dbca874d.jpg\",\"width\":400,\"height\":267},{\"@type\":\"BreadcrumbList\",\"@id\":\"https:\\\/\\\/interamerica.org\\\/fr\\\/2014\\\/04\\\/adra-prend-part-aux-efforts-humanitaires-au-lendemain-du-seisme-au-chili\\\/#breadcrumb\",\"itemListElement\":[{\"@type\":\"ListItem\",\"position\":1,\"name\":\"Home\",\"item\":\"https:\\\/\\\/interamerica.org\\\/fr\\\/\"},{\"@type\":\"ListItem\",\"position\":2,\"name\":\"ADRA prend part aux efforts humanitaires au lendemain du s\u00e9isme au Chili\"}]},{\"@type\":\"WebSite\",\"@id\":\"https:\\\/\\\/interamerica.org\\\/fr\\\/#website\",\"url\":\"https:\\\/\\\/interamerica.org\\\/fr\\\/\",\"name\":\"\u00c9glise Adventiste Du Septieme Jour - Inter Am\u00e9rique Division\",\"description\":\"\",\"potentialAction\":[{\"@type\":\"SearchAction\",\"target\":{\"@type\":\"EntryPoint\",\"urlTemplate\":\"https:\\\/\\\/interamerica.org\\\/fr\\\/?s={search_term_string}\"},\"query-input\":{\"@type\":\"PropertyValueSpecification\",\"valueRequired\":true,\"valueName\":\"search_term_string\"}}],\"inLanguage\":\"fr-FR\"},{\"@type\":\"Person\",\"@id\":\"https:\\\/\\\/interamerica.org\\\/fr\\\/#\\\/schema\\\/person\\\/68ede8bdc292885bb76c1e3810e73c39\",\"name\":\"Lorenzo Verduzco\",\"image\":{\"@type\":\"ImageObject\",\"inLanguage\":\"fr-FR\",\"@id\":\"https:\\\/\\\/secure.gravatar.com\\\/avatar\\\/fb81a55b6218459490a9c1dc841a34909185b81904c5337b4b27f7a6fd60c49e?s=96&d=mm&r=g\",\"url\":\"https:\\\/\\\/secure.gravatar.com\\\/avatar\\\/fb81a55b6218459490a9c1dc841a34909185b81904c5337b4b27f7a6fd60c49e?s=96&d=mm&r=g\",\"contentUrl\":\"https:\\\/\\\/secure.gravatar.com\\\/avatar\\\/fb81a55b6218459490a9c1dc841a34909185b81904c5337b4b27f7a6fd60c49e?s=96&d=mm&r=g\",\"caption\":\"Lorenzo Verduzco\"}}]}<\/script>\n<!-- \/ Yoast SEO plugin. -->","yoast_head_json":{"title":"ADRA prend part aux efforts humanitaires au lendemain du s\u00e9isme au Chili - \u00c9glise Adventiste Du Septieme Jour - Inter Am\u00e9rique Division","robots":{"index":"index","follow":"follow","max-snippet":"max-snippet:-1","max-image-preview":"max-image-preview:large","max-video-preview":"max-video-preview:-1"},"canonical":"https:\/\/interamerica.org\/fr\/2014\/04\/adra-prend-part-aux-efforts-humanitaires-au-lendemain-du-seisme-au-chili\/","og_locale":"fr_FR","og_type":"article","og_title":"ADRA prend part aux efforts humanitaires au lendemain du s\u00e9isme au Chili - \u00c9glise Adventiste Du Septieme Jour - Inter Am\u00e9rique Division","og_description":"L\u2019Agence Adventiste de D\u00e9veloppement et de Secours au Chili, pr\u00e9pare une intervention suite au s\u00e9isme de magnitude 8,2 qui a eu lieu la semaine derni\u00e8re et qui a caus\u00e9 la mort de sept personnes et a perturb\u00e9 l\u2019alimentation \u00e9lectrique dans la ville d\u2019Iquique et dans les alentours.","og_url":"https:\/\/interamerica.org\/fr\/2014\/04\/adra-prend-part-aux-efforts-humanitaires-au-lendemain-du-seisme-au-chili\/","og_site_name":"\u00c9glise Adventiste Du Septieme Jour - Inter Am\u00e9rique Division","article_published_time":"2014-04-07T04:00:00+00:00","og_image":[{"width":400,"height":267,"url":"https:\/\/interamerica.org\/wp-content\/uploads\/2017\/06\/csm_chile-quake-web_d7dbca874d.jpg","type":"image\/jpeg"}],"author":"Lorenzo Verduzco","twitter_card":"summary_large_image","twitter_misc":{"\u00c9crit par":"Lorenzo Verduzco","Dur\u00e9e de lecture estim\u00e9e":"2 minutes"},"schema":{"@context":"https:\/\/schema.org","@graph":[{"@type":"Article","@id":"https:\/\/interamerica.org\/fr\/2014\/04\/adra-prend-part-aux-efforts-humanitaires-au-lendemain-du-seisme-au-chili\/#article","isPartOf":{"@id":"https:\/\/interamerica.org\/fr\/2014\/04\/adra-prend-part-aux-efforts-humanitaires-au-lendemain-du-seisme-au-chili\/"},"author":{"name":"Lorenzo Verduzco","@id":"https:\/\/interamerica.org\/fr\/#\/schema\/person\/68ede8bdc292885bb76c1e3810e73c39"},"headline":"ADRA prend part aux efforts humanitaires au lendemain du s\u00e9isme au Chili","datePublished":"2014-04-07T04:00:00+00:00","mainEntityOfPage":{"@id":"https:\/\/interamerica.org\/fr\/2014\/04\/adra-prend-part-aux-efforts-humanitaires-au-lendemain-du-seisme-au-chili\/"},"wordCount":358,"image":{"@id":"https:\/\/interamerica.org\/fr\/2014\/04\/adra-prend-part-aux-efforts-humanitaires-au-lendemain-du-seisme-au-chili\/#primaryimage"},"thumbnailUrl":"https:\/\/interamerica.org\/wp-content\/uploads\/2017\/06\/csm_chile-quake-web_d7dbca874d.jpg","articleSection":["Nouvelles de l'\u00c9glise mondiale"],"inLanguage":"fr-FR"},{"@type":"WebPage","@id":"https:\/\/interamerica.org\/fr\/2014\/04\/adra-prend-part-aux-efforts-humanitaires-au-lendemain-du-seisme-au-chili\/","url":"https:\/\/interamerica.org\/fr\/2014\/04\/adra-prend-part-aux-efforts-humanitaires-au-lendemain-du-seisme-au-chili\/","name":"ADRA prend part aux efforts humanitaires au lendemain du s\u00e9isme au Chili - \u00c9glise Adventiste Du Septieme Jour - Inter Am\u00e9rique Division","isPartOf":{"@id":"https:\/\/interamerica.org\/fr\/#website"},"primaryImageOfPage":{"@id":"https:\/\/interamerica.org\/fr\/2014\/04\/adra-prend-part-aux-efforts-humanitaires-au-lendemain-du-seisme-au-chili\/#primaryimage"},"image":{"@id":"https:\/\/interamerica.org\/fr\/2014\/04\/adra-prend-part-aux-efforts-humanitaires-au-lendemain-du-seisme-au-chili\/#primaryimage"},"thumbnailUrl":"https:\/\/interamerica.org\/wp-content\/uploads\/2017\/06\/csm_chile-quake-web_d7dbca874d.jpg","datePublished":"2014-04-07T04:00:00+00:00","author":{"@id":"https:\/\/interamerica.org\/fr\/#\/schema\/person\/68ede8bdc292885bb76c1e3810e73c39"},"breadcrumb":{"@id":"https:\/\/interamerica.org\/fr\/2014\/04\/adra-prend-part-aux-efforts-humanitaires-au-lendemain-du-seisme-au-chili\/#breadcrumb"},"inLanguage":"fr-FR","potentialAction":[{"@type":"ReadAction","target":["https:\/\/interamerica.org\/fr\/2014\/04\/adra-prend-part-aux-efforts-humanitaires-au-lendemain-du-seisme-au-chili\/"]}]},{"@type":"ImageObject","inLanguage":"fr-FR","@id":"https:\/\/interamerica.org\/fr\/2014\/04\/adra-prend-part-aux-efforts-humanitaires-au-lendemain-du-seisme-au-chili\/#primaryimage","url":"https:\/\/interamerica.org\/wp-content\/uploads\/2017\/06\/csm_chile-quake-web_d7dbca874d.jpg","contentUrl":"https:\/\/interamerica.org\/wp-content\/uploads\/2017\/06\/csm_chile-quake-web_d7dbca874d.jpg","width":400,"height":267},{"@type":"BreadcrumbList","@id":"https:\/\/interamerica.org\/fr\/2014\/04\/adra-prend-part-aux-efforts-humanitaires-au-lendemain-du-seisme-au-chili\/#breadcrumb","itemListElement":[{"@type":"ListItem","position":1,"name":"Home","item":"https:\/\/interamerica.org\/fr\/"},{"@type":"ListItem","position":2,"name":"ADRA prend part aux efforts humanitaires au lendemain du s\u00e9isme au Chili"}]},{"@type":"WebSite","@id":"https:\/\/interamerica.org\/fr\/#website","url":"https:\/\/interamerica.org\/fr\/","name":"\u00c9glise Adventiste Du Septieme Jour - Inter Am\u00e9rique Division","description":"","potentialAction":[{"@type":"SearchAction","target":{"@type":"EntryPoint","urlTemplate":"https:\/\/interamerica.org\/fr\/?s={search_term_string}"},"query-input":{"@type":"PropertyValueSpecification","valueRequired":true,"valueName":"search_term_string"}}],"inLanguage":"fr-FR"},{"@type":"Person","@id":"https:\/\/interamerica.org\/fr\/#\/schema\/person\/68ede8bdc292885bb76c1e3810e73c39","name":"Lorenzo Verduzco","image":{"@type":"ImageObject","inLanguage":"fr-FR","@id":"https:\/\/secure.gravatar.com\/avatar\/fb81a55b6218459490a9c1dc841a34909185b81904c5337b4b27f7a6fd60c49e?s=96&d=mm&r=g","url":"https:\/\/secure.gravatar.com\/avatar\/fb81a55b6218459490a9c1dc841a34909185b81904c5337b4b27f7a6fd60c49e?s=96&d=mm&r=g","contentUrl":"https:\/\/secure.gravatar.com\/avatar\/fb81a55b6218459490a9c1dc841a34909185b81904c5337b4b27f7a6fd60c49e?s=96&d=mm&r=g","caption":"Lorenzo Verduzco"}}]}},"_links":{"self":[{"href":"https:\/\/interamerica.org\/fr\/wp-json\/wp\/v2\/posts\/31919","targetHints":{"allow":["GET"]}}],"collection":[{"href":"https:\/\/interamerica.org\/fr\/wp-json\/wp\/v2\/posts"}],"about":[{"href":"https:\/\/interamerica.org\/fr\/wp-json\/wp\/v2\/types\/post"}],"author":[{"embeddable":true,"href":"https:\/\/interamerica.org\/fr\/wp-json\/wp\/v2\/users\/1"}],"replies":[{"embeddable":true,"href":"https:\/\/interamerica.org\/fr\/wp-json\/wp\/v2\/comments?post=31919"}],"version-history":[{"count":0,"href":"https:\/\/interamerica.org\/fr\/wp-json\/wp\/v2\/posts\/31919\/revisions"}],"wp:featuredmedia":[{"embeddable":true,"href":"https:\/\/interamerica.org\/fr\/wp-json\/wp\/v2\/media\/22875"}],"wp:attachment":[{"href":"https:\/\/interamerica.org\/fr\/wp-json\/wp\/v2\/media?parent=31919"}],"wp:term":[{"taxonomy":"category","embeddable":true,"href":"https:\/\/interamerica.org\/fr\/wp-json\/wp\/v2\/categories?post=31919"},{"taxonomy":"post_tag","embeddable":true,"href":"https:\/\/interamerica.org\/fr\/wp-json\/wp\/v2\/tags?post=31919"}],"curies":[{"name":"wp","href":"https:\/\/api.w.org\/{rel}","templated":true}]}}