{"id":31920,"date":"2014-04-09T00:00:00","date_gmt":"2014-04-09T04:00:00","guid":{"rendered":"http:\/\/192.81.217.108\/interamerica\/2014\/04\/mexico-des-centaines-de-jeunes-adventistes-defilent-pour-sensibiliser-sur-les-questions-de-sante\/"},"modified":"2014-04-09T00:00:00","modified_gmt":"2014-04-09T04:00:00","slug":"mexico-des-centaines-de-jeunes-adventistes-defilent-pour-sensibiliser-sur-les-questions-de-sante","status":"publish","type":"post","link":"https:\/\/interamerica.org\/fr\/2014\/04\/mexico-des-centaines-de-jeunes-adventistes-defilent-pour-sensibiliser-sur-les-questions-de-sante\/","title":{"rendered":"Mexico : Des centaines de jeunes Adventistes d\u00e9filent pour sensibiliser sur les questions de sant\u00e9"},"content":{"rendered":"<div id=\"attachment_11269\" style=\"width: 600px\" class=\"wp-caption aligncenter\"><a href=\"\/interamerica\/wp-content\/uploads\/2017\/06\/MExcity-marchdrums.png\" rel=\"fancybox\" title=\"Mexico : Des centaines de jeunes Adventistes d\u00e9filent pour sensibiliser sur les questions de sant\u00e9\"><img fetchpriority=\"high\" decoding=\"async\" aria-describedby=\"caption-attachment-11269\" class=\"size-full wp-image-11269\" src=\"\/interamerica\/wp-content\/uploads\/2017\/06\/MExcity-marchdrums.png\" alt=\"\" width=\"590\" height=\"394\" \/><\/a><p id=\"caption-attachment-11269\" class=\"wp-caption-text\">Plus de 2000 jeunes Adventistes d\u00e9filent dans l\u2019avenue principale de Mexico le 6 avril 2014, attirant l\u2019attention des gens sur la n\u00e9cessit\u00e9 de choisir un style de vie sain gr\u00e2ce \u00e0 l\u2019initiative de l\u2019Eglise Adventiste baptis\u00e9e \u00ab Je Veux Vivre en Bonne Sant\u00e9, \u00bb bas\u00e9e sur les huit rem\u00e8des naturels : l\u2019eau, le repos, l\u2019exercice physique, le soleil, l\u2019air, la nutrition, la temp\u00e9rance et l\u2019esp\u00e9rance. Les jeunes ont particip\u00e9 \u00e0 des exercices et \u00e0 des visites m\u00e9dicales destin\u00e9s \u00e0 ouvrir les yeux sur l\u2019ob\u00e9sit\u00e9 et ses effets. Image de Diana Aragon\/DIA.<\/p><\/div>\n<p>8 avril 2014 \u2013 Mexico, Mexique\u2026Fabiola Quinto\/DIA<\/p>\n<div id=\"attachment_11273\" style=\"width: 310px\" class=\"wp-caption alignright\"><a href=\"\/interamerica\/wp-content\/uploads\/2017\/06\/Mexicocitywalk2.png\" rel=\"fancybox\" title=\"Mexico : Des centaines de jeunes Adventistes d\u00e9filent pour sensibiliser sur les questions de sant\u00e9\"><img decoding=\"async\" aria-describedby=\"caption-attachment-11273\" class=\"size-medium wp-image-11273\" src=\"\/interamerica\/wp-content\/uploads\/2017\/06\/Mexicocitywalk2-300x200.png\" alt=\"\" width=\"300\" height=\"200\" \/><\/a><p id=\"caption-attachment-11273\" class=\"wp-caption-text\">Les Adventistes du Septi\u00e8me jour d\u00e9filent dans l\u2019avenue principale de Mexico<\/p><\/div>\n<p>Des centaines de jeunes Adventistes du Septi\u00e8me jour sont descendus dans l\u2019avenue principale de Mexico le 6 avril 2014 pour d\u00e9filer et sensibiliser les gens sur la n\u00e9cessit\u00e9 d\u2019adopter un mode vie sain et pour contrer la vague d\u2019ob\u00e9sit\u00e9 qui affecte des millions de gens dans la ville et \u00e0 travers le pays.<\/p>\n<p>Quelques 2000 jeunes et dirigeants d\u2019\u00e9glise sont partis du c\u0153ur de la ville depuis le Monument de l\u2019Ange de l\u2019Ind\u00e9pendance, portant des pancartes, des banderoles et en scandant le slogan \u00ab Je Veux Vivre en Bonne Sant\u00e9 \u00bb jusqu\u2019au Monument de la R\u00e9volution o\u00f9 les passants et les personnes prenant les transports publics ont \u00e9t\u00e9 invit\u00e9s \u00e0 participer \u00e0 des exercices et \u00e0 passer des visites m\u00e9dicales ciblant en particulier l\u2019ob\u00e9sit\u00e9 et ses effets.<\/p>\n<div id=\"attachment_11274\" style=\"width: 325px\" class=\"wp-caption alignleft\"><a href=\"\/interamerica\/wp-content\/uploads\/2017\/06\/MexicoCity-checkups.png\" rel=\"fancybox\" title=\"Mexico : Des centaines de jeunes Adventistes d\u00e9filent pour sensibiliser sur les questions de sant\u00e9\"><img decoding=\"async\" aria-describedby=\"caption-attachment-11274\" class=\"size-full wp-image-11274\" src=\"\/interamerica\/wp-content\/uploads\/2017\/06\/MexicoCity-checkups.png\" alt=\"\" width=\"315\" height=\"210\" \/><\/a><p id=\"caption-attachment-11274\" class=\"wp-caption-text\">Les jeunes Adventistes attendent les r\u00e9sultats de l\u2019\u00e9valuation du poids pendant l\u2019activit\u00e9.<\/p><\/div>\n<p>La marche de deux kilom\u00e8tres sur une voie de circulation ferm\u00e9e a rassembl\u00e9 plusieurs groupes de jeunes venant de dizaines d\u2019\u00e9glises Adventistes dans la ville, qui se relayaient pour crier \u00ab Je Veux Vivre en Bonne Sant\u00e9 \u00bb et mentionner les huit rem\u00e8des naturels sur lesquels se base l\u2019initiative : l\u2019eau, le repos, l\u2019exercice physique, le soleil, l\u2019air, la nutrition, la temp\u00e9rance et l\u2019esp\u00e9rance.<\/p>\n<p>\u00ab Nous voulions que la ville connaisse les principes de sant\u00e9 que l\u2019\u00e9glise promeut et les huit rem\u00e8des naturels dont chacun peut b\u00e9n\u00e9ficier, \u00bb a d\u00e9clar\u00e9 Dr Jose Dzul, directeur des minist\u00e8res de la sant\u00e9 pour l\u2019\u00e9glise dans le Centre du Mexique.<\/p>\n<div id=\"attachment_11275\" style=\"width: 325px\" class=\"wp-caption alignright\"><a href=\"\/interamerica\/wp-content\/uploads\/2017\/06\/MexCityfloorexercises.png\" rel=\"fancybox\" title=\"Mexico : Des centaines de jeunes Adventistes d\u00e9filent pour sensibiliser sur les questions de sant\u00e9\"><img loading=\"lazy\" decoding=\"async\" aria-describedby=\"caption-attachment-11275\" class=\"size-full wp-image-11275\" src=\"\/interamerica\/wp-content\/uploads\/2017\/06\/MexCityfloorexercises.png\" alt=\"\" width=\"315\" height=\"225\" \/><\/a><p id=\"caption-attachment-11275\" class=\"wp-caption-text\">Les participants prennent part \u00e0 une s\u00e9rie d\u2019exercices au Monument de la R\u00e9volution pendant les quatre heures d\u2019activit\u00e9s.<\/p><\/div>\n<p>Une fois arriv\u00e9s au Monument de la R\u00e9volution, les jeunes ont \u00e9t\u00e9 accueillis par Araceli Casta\u00f1eda, Coordinateur du Minist\u00e8re de la Sant\u00e9 du District F\u00e9d\u00e9ral pour le programme <em>Bouge!<\/em> Araceli Casta\u00f1eda a applaudi et remerci\u00e9 l\u2019\u00e9glise et ses jeunes pour cette activit\u00e9 qui soutient les programmes que le gouvernement f\u00e9d\u00e9ral met en place pour promouvoir l\u2019activit\u00e9 physique dans le but de diminuer le fort pourcentage d\u2019hommes, de femmes et d\u2019enfants d\u2019\u00e2ge scolaire touch\u00e9s par l\u2019ob\u00e9sit\u00e9 dans la ville et dans sa banlieue.<\/p>\n<p>\u00ab Je suis vraiment heureux de voir des jeunes participer \u00e0 cette activit\u00e9 et partager les huit rem\u00e8des de base qui montrent qu\u2019il est possible de vivre une vie heureuse et en bonne sant\u00e9, \u00bb a dit Araceli Casta\u00f1eda. \u00ab Je vous f\u00e9licite pour le travail que vous r\u00e9alisez pour que la soci\u00e9t\u00e9 puisse am\u00e9liorer sa qualit\u00e9 de vie. \u00bb<\/p>\n<div id=\"attachment_11277\" style=\"width: 310px\" class=\"wp-caption alignleft\"><a href=\"\/interamerica\/wp-content\/uploads\/2017\/06\/MexCity-angel.png\" rel=\"fancybox\" title=\"Mexico : Des centaines de jeunes Adventistes d\u00e9filent pour sensibiliser sur les questions de sant\u00e9\"><img loading=\"lazy\" decoding=\"async\" aria-describedby=\"caption-attachment-11277\" class=\"size-medium wp-image-11277\" src=\"\/interamerica\/wp-content\/uploads\/2017\/06\/MexCity-angel-300x200.png\" alt=\"\" width=\"300\" height=\"200\" \/><\/a><p id=\"caption-attachment-11277\" class=\"wp-caption-text\">Tr\u00e8s t\u00f4t dimanche 6 avril, des jeunes se sont r\u00e9unis au Monument de l\u2019Ange de l\u2019Ind\u00e9pendance au c\u0153ur de la ville de Mexico pour effectuer une marche pour promouvoir la sant\u00e9.<\/p><\/div>\n<p>Les jeunes ont particip\u00e9 \u00e0 une s\u00e9rie d\u2019exercices pr\u00e9sent\u00e9s par la Commission Nationale de la Culture Physique et des Sports (Conade), et \u00e9galement fait don sur place de plus de 200 litres de sang au Centre National de Transfusion Sanguine.<\/p>\n<p>Coordonner la marche entre les deux unions de Mexico n\u2019a pas \u00e9t\u00e9 une t\u00e2che facile, a dit Javier Mu\u00f1oz, directeur de l\u2019Ecole du Sabbat pour l\u2019Eglise Adventiste dans le Centre du Mexique et organisateur de la marche.<\/p>\n<p>\u00ab Nous sommes vraiment ravis de ce qu\u2019autant de nos jeunes aient pris part \u00e0 cette activit\u00e9, \u00bb a d\u00e9clar\u00e9 Javier Mu\u00f1oz. \u00ab Nous savons que cette marche aidera nos jeunes \u00e0 \u00eatre conscients de l\u2019importance qu\u2019il y a \u00e0 prendre soin de son corps comme le temple du Saint Esprit, et ils pourront partager ce message d\u2019un style de vie sain dans leurs \u00e9glises et leurs communaut\u00e9s. \u00bb<\/p>\n<p>Diego Gonzalez, quatorze ans, membre du Club des Eclaireurs Pegase \u00e0 l\u2019\u00e9glise Adventiste de Tacubaya, a dit que l\u2019exp\u00e9rience \u00e9tait formidable. \u00ab Je suis vraiment heureux d\u2019avoir particip\u00e9 \u00e0 ce programme, \u00e7a valait vraiment la peine de se lever t\u00f4t, \u00bb a dit Diego Gonzalez.<\/p>\n<div id=\"attachment_11276\" style=\"width: 310px\" class=\"wp-caption alignleft\"><a href=\"\/interamerica\/wp-content\/uploads\/2017\/06\/MexCity-healthactivites.png\" rel=\"fancybox\" title=\"Mexico : Des centaines de jeunes Adventistes d\u00e9filent pour sensibiliser sur les questions de sant\u00e9\"><img loading=\"lazy\" decoding=\"async\" aria-describedby=\"caption-attachment-11276\" class=\" wp-image-11276 \" src=\"\/interamerica\/wp-content\/uploads\/2017\/06\/MexCity-healthactivites.png\" alt=\"\" width=\"300\" height=\"241\" \/><\/a><p id=\"caption-attachment-11276\" class=\"wp-caption-text\">Les experts de la Commission Nationale de la Culture Physique et des Sports (Conade), mesurent l\u2019indice de poids des participants \u00e0 la marche.<\/p><\/div>\n<p>Les leaders et les membres de l\u2019Eglise Adventiste du Septi\u00e8me jour venant des cinq unions du pays ont pr\u00e9vu d\u2019organiser des marches et des activit\u00e9s similaires pour promouvoir un style de vie sain avec le programme \u00ab Je Veux Vivre en Bonne Sant\u00e9. \u00bb<\/p>\n<p>La marche intervenait dans le cadre d\u2019une s\u00e9rie d\u2019initiatives pour l\u2019Impact dans les Grandes Villes organis\u00e9es \u00e0 Mexico depuis le d\u00e9but de l\u2019ann\u00e9e. Au cours des derni\u00e8res semaines, les pasteurs et les \u00e9vang\u00e9listes venant de tout le territoire de la Division Inter Am\u00e9ricaine ont tenu quelques 200 campagnes d\u2019\u00e9vang\u00e9lisation dans la m\u00e9ga ville ; ces derni\u00e8res atteindront leur point culminant avec un programme par satellite qui doit se tenir dans <em>l&rsquo;Ar\u00e8ne de Mexico<\/em> une structure de 22000 places, ce samedi 12 avril 2014.<\/p>\n<p>Pour en savoir plus sur les initiatives et l\u2019Eglise Adventiste du Septi\u00e8me jour dans le Centre du Mexique, cliquez<br \/>\n<a href=\"http:\/\/unionmexicanacentral.org\/\">ICI<\/a>.<\/p>\n<p>Traduction: Patrick Luciathe<\/p>\n","protected":false},"excerpt":{"rendered":"<p>Des centaines de jeunes Adventistes du Septi\u00e8me jour sont descendus dans l\u2019avenue principale de Mexico le 6 avril 2014 pour d\u00e9filer et sensibiliser les gens sur la n\u00e9cessit\u00e9 d\u2019adopter un mode vie sain et pour contrer la vague d\u2019ob\u00e9sit\u00e9 qui affecte des millions de gens dans la ville et \u00e0 travers le pays.<\/p>\n","protected":false},"author":1,"featured_media":22879,"comment_status":"closed","ping_status":"closed","sticky":false,"template":"","format":"standard","meta":{"_acf_changed":false,"footnotes":""},"categories":[21],"tags":[],"class_list":["post-31920","post","type-post","status-publish","format-standard","has-post-thumbnail","hentry","category-nouvelles-du-territoire"],"acf":[],"yoast_head":"<!-- This site is optimized with the Yoast SEO plugin v27.3 - https:\/\/yoast.com\/product\/yoast-seo-wordpress\/ -->\n<title>Mexico : Des centaines de jeunes Adventistes d\u00e9filent pour sensibiliser sur les questions de sant\u00e9 - \u00c9glise Adventiste Du Septieme Jour - Inter Am\u00e9rique Division<\/title>\n<meta name=\"robots\" content=\"index, follow, max-snippet:-1, max-image-preview:large, max-video-preview:-1\" \/>\n<link rel=\"canonical\" href=\"https:\/\/interamerica.org\/fr\/2014\/04\/mexico-des-centaines-de-jeunes-adventistes-defilent-pour-sensibiliser-sur-les-questions-de-sante\/\" \/>\n<meta property=\"og:locale\" content=\"fr_FR\" \/>\n<meta property=\"og:type\" content=\"article\" \/>\n<meta property=\"og:title\" content=\"Mexico : Des centaines de jeunes Adventistes d\u00e9filent pour sensibiliser sur les questions de sant\u00e9 - \u00c9glise Adventiste Du Septieme Jour - Inter Am\u00e9rique Division\" \/>\n<meta property=\"og:description\" content=\"Des centaines de jeunes Adventistes du Septi\u00e8me jour sont descendus dans l\u2019avenue principale de Mexico le 6 avril 2014 pour d\u00e9filer et sensibiliser les gens sur la n\u00e9cessit\u00e9 d\u2019adopter un mode vie sain et pour contrer la vague d\u2019ob\u00e9sit\u00e9 qui affecte des millions de gens dans la ville et \u00e0 travers le pays.\" \/>\n<meta property=\"og:url\" content=\"https:\/\/interamerica.org\/fr\/2014\/04\/mexico-des-centaines-de-jeunes-adventistes-defilent-pour-sensibiliser-sur-les-questions-de-sante\/\" \/>\n<meta property=\"og:site_name\" content=\"\u00c9glise Adventiste Du Septieme Jour - Inter Am\u00e9rique Division\" \/>\n<meta property=\"article:published_time\" content=\"2014-04-09T04:00:00+00:00\" \/>\n<meta property=\"og:image\" content=\"https:\/\/interamerica.org\/wp-content\/uploads\/2017\/06\/QuieroVivirSanoGirl.png\" \/>\n\t<meta property=\"og:image:width\" content=\"590\" \/>\n\t<meta property=\"og:image:height\" content=\"394\" \/>\n\t<meta property=\"og:image:type\" content=\"image\/png\" \/>\n<meta name=\"author\" content=\"Lorenzo Verduzco\" \/>\n<meta name=\"twitter:card\" content=\"summary_large_image\" \/>\n<meta name=\"twitter:label1\" content=\"\u00c9crit par\" \/>\n\t<meta name=\"twitter:data1\" content=\"Lorenzo Verduzco\" \/>\n\t<meta name=\"twitter:label2\" content=\"Dur\u00e9e de lecture estim\u00e9e\" \/>\n\t<meta name=\"twitter:data2\" content=\"5 minutes\" \/>\n<script type=\"application\/ld+json\" class=\"yoast-schema-graph\">{\"@context\":\"https:\\\/\\\/schema.org\",\"@graph\":[{\"@type\":\"Article\",\"@id\":\"https:\\\/\\\/interamerica.org\\\/fr\\\/2014\\\/04\\\/mexico-des-centaines-de-jeunes-adventistes-defilent-pour-sensibiliser-sur-les-questions-de-sante\\\/#article\",\"isPartOf\":{\"@id\":\"https:\\\/\\\/interamerica.org\\\/fr\\\/2014\\\/04\\\/mexico-des-centaines-de-jeunes-adventistes-defilent-pour-sensibiliser-sur-les-questions-de-sante\\\/\"},\"author\":{\"name\":\"Lorenzo Verduzco\",\"@id\":\"https:\\\/\\\/interamerica.org\\\/fr\\\/#\\\/schema\\\/person\\\/68ede8bdc292885bb76c1e3810e73c39\"},\"headline\":\"Mexico : Des centaines de jeunes Adventistes d\u00e9filent pour sensibiliser sur les questions de sant\u00e9\",\"datePublished\":\"2014-04-09T04:00:00+00:00\",\"mainEntityOfPage\":{\"@id\":\"https:\\\/\\\/interamerica.org\\\/fr\\\/2014\\\/04\\\/mexico-des-centaines-de-jeunes-adventistes-defilent-pour-sensibiliser-sur-les-questions-de-sante\\\/\"},\"wordCount\":1057,\"image\":{\"@id\":\"https:\\\/\\\/interamerica.org\\\/fr\\\/2014\\\/04\\\/mexico-des-centaines-de-jeunes-adventistes-defilent-pour-sensibiliser-sur-les-questions-de-sante\\\/#primaryimage\"},\"thumbnailUrl\":\"https:\\\/\\\/interamerica.org\\\/wp-content\\\/uploads\\\/2017\\\/06\\\/QuieroVivirSanoGirl.png\",\"articleSection\":[\"Nouvelles du territoire\"],\"inLanguage\":\"fr-FR\"},{\"@type\":\"WebPage\",\"@id\":\"https:\\\/\\\/interamerica.org\\\/fr\\\/2014\\\/04\\\/mexico-des-centaines-de-jeunes-adventistes-defilent-pour-sensibiliser-sur-les-questions-de-sante\\\/\",\"url\":\"https:\\\/\\\/interamerica.org\\\/fr\\\/2014\\\/04\\\/mexico-des-centaines-de-jeunes-adventistes-defilent-pour-sensibiliser-sur-les-questions-de-sante\\\/\",\"name\":\"Mexico : Des centaines de jeunes Adventistes d\u00e9filent pour sensibiliser sur les questions de sant\u00e9 - \u00c9glise Adventiste Du Septieme Jour - Inter Am\u00e9rique Division\",\"isPartOf\":{\"@id\":\"https:\\\/\\\/interamerica.org\\\/fr\\\/#website\"},\"primaryImageOfPage\":{\"@id\":\"https:\\\/\\\/interamerica.org\\\/fr\\\/2014\\\/04\\\/mexico-des-centaines-de-jeunes-adventistes-defilent-pour-sensibiliser-sur-les-questions-de-sante\\\/#primaryimage\"},\"image\":{\"@id\":\"https:\\\/\\\/interamerica.org\\\/fr\\\/2014\\\/04\\\/mexico-des-centaines-de-jeunes-adventistes-defilent-pour-sensibiliser-sur-les-questions-de-sante\\\/#primaryimage\"},\"thumbnailUrl\":\"https:\\\/\\\/interamerica.org\\\/wp-content\\\/uploads\\\/2017\\\/06\\\/QuieroVivirSanoGirl.png\",\"datePublished\":\"2014-04-09T04:00:00+00:00\",\"author\":{\"@id\":\"https:\\\/\\\/interamerica.org\\\/fr\\\/#\\\/schema\\\/person\\\/68ede8bdc292885bb76c1e3810e73c39\"},\"breadcrumb\":{\"@id\":\"https:\\\/\\\/interamerica.org\\\/fr\\\/2014\\\/04\\\/mexico-des-centaines-de-jeunes-adventistes-defilent-pour-sensibiliser-sur-les-questions-de-sante\\\/#breadcrumb\"},\"inLanguage\":\"fr-FR\",\"potentialAction\":[{\"@type\":\"ReadAction\",\"target\":[\"https:\\\/\\\/interamerica.org\\\/fr\\\/2014\\\/04\\\/mexico-des-centaines-de-jeunes-adventistes-defilent-pour-sensibiliser-sur-les-questions-de-sante\\\/\"]}]},{\"@type\":\"ImageObject\",\"inLanguage\":\"fr-FR\",\"@id\":\"https:\\\/\\\/interamerica.org\\\/fr\\\/2014\\\/04\\\/mexico-des-centaines-de-jeunes-adventistes-defilent-pour-sensibiliser-sur-les-questions-de-sante\\\/#primaryimage\",\"url\":\"https:\\\/\\\/interamerica.org\\\/wp-content\\\/uploads\\\/2017\\\/06\\\/QuieroVivirSanoGirl.png\",\"contentUrl\":\"https:\\\/\\\/interamerica.org\\\/wp-content\\\/uploads\\\/2017\\\/06\\\/QuieroVivirSanoGirl.png\",\"width\":590,\"height\":394},{\"@type\":\"BreadcrumbList\",\"@id\":\"https:\\\/\\\/interamerica.org\\\/fr\\\/2014\\\/04\\\/mexico-des-centaines-de-jeunes-adventistes-defilent-pour-sensibiliser-sur-les-questions-de-sante\\\/#breadcrumb\",\"itemListElement\":[{\"@type\":\"ListItem\",\"position\":1,\"name\":\"Home\",\"item\":\"https:\\\/\\\/interamerica.org\\\/fr\\\/\"},{\"@type\":\"ListItem\",\"position\":2,\"name\":\"Mexico : Des centaines de jeunes Adventistes d\u00e9filent pour sensibiliser sur les questions de sant\u00e9\"}]},{\"@type\":\"WebSite\",\"@id\":\"https:\\\/\\\/interamerica.org\\\/fr\\\/#website\",\"url\":\"https:\\\/\\\/interamerica.org\\\/fr\\\/\",\"name\":\"\u00c9glise Adventiste Du Septieme Jour - Inter Am\u00e9rique Division\",\"description\":\"\",\"potentialAction\":[{\"@type\":\"SearchAction\",\"target\":{\"@type\":\"EntryPoint\",\"urlTemplate\":\"https:\\\/\\\/interamerica.org\\\/fr\\\/?s={search_term_string}\"},\"query-input\":{\"@type\":\"PropertyValueSpecification\",\"valueRequired\":true,\"valueName\":\"search_term_string\"}}],\"inLanguage\":\"fr-FR\"},{\"@type\":\"Person\",\"@id\":\"https:\\\/\\\/interamerica.org\\\/fr\\\/#\\\/schema\\\/person\\\/68ede8bdc292885bb76c1e3810e73c39\",\"name\":\"Lorenzo Verduzco\",\"image\":{\"@type\":\"ImageObject\",\"inLanguage\":\"fr-FR\",\"@id\":\"https:\\\/\\\/secure.gravatar.com\\\/avatar\\\/fb81a55b6218459490a9c1dc841a34909185b81904c5337b4b27f7a6fd60c49e?s=96&d=mm&r=g\",\"url\":\"https:\\\/\\\/secure.gravatar.com\\\/avatar\\\/fb81a55b6218459490a9c1dc841a34909185b81904c5337b4b27f7a6fd60c49e?s=96&d=mm&r=g\",\"contentUrl\":\"https:\\\/\\\/secure.gravatar.com\\\/avatar\\\/fb81a55b6218459490a9c1dc841a34909185b81904c5337b4b27f7a6fd60c49e?s=96&d=mm&r=g\",\"caption\":\"Lorenzo Verduzco\"}}]}<\/script>\n<!-- \/ Yoast SEO plugin. -->","yoast_head_json":{"title":"Mexico : Des centaines de jeunes Adventistes d\u00e9filent pour sensibiliser sur les questions de sant\u00e9 - \u00c9glise Adventiste Du Septieme Jour - Inter Am\u00e9rique Division","robots":{"index":"index","follow":"follow","max-snippet":"max-snippet:-1","max-image-preview":"max-image-preview:large","max-video-preview":"max-video-preview:-1"},"canonical":"https:\/\/interamerica.org\/fr\/2014\/04\/mexico-des-centaines-de-jeunes-adventistes-defilent-pour-sensibiliser-sur-les-questions-de-sante\/","og_locale":"fr_FR","og_type":"article","og_title":"Mexico : Des centaines de jeunes Adventistes d\u00e9filent pour sensibiliser sur les questions de sant\u00e9 - \u00c9glise Adventiste Du Septieme Jour - Inter Am\u00e9rique Division","og_description":"Des centaines de jeunes Adventistes du Septi\u00e8me jour sont descendus dans l\u2019avenue principale de Mexico le 6 avril 2014 pour d\u00e9filer et sensibiliser les gens sur la n\u00e9cessit\u00e9 d\u2019adopter un mode vie sain et pour contrer la vague d\u2019ob\u00e9sit\u00e9 qui affecte des millions de gens dans la ville et \u00e0 travers le pays.","og_url":"https:\/\/interamerica.org\/fr\/2014\/04\/mexico-des-centaines-de-jeunes-adventistes-defilent-pour-sensibiliser-sur-les-questions-de-sante\/","og_site_name":"\u00c9glise Adventiste Du Septieme Jour - Inter Am\u00e9rique Division","article_published_time":"2014-04-09T04:00:00+00:00","og_image":[{"width":590,"height":394,"url":"https:\/\/interamerica.org\/wp-content\/uploads\/2017\/06\/QuieroVivirSanoGirl.png","type":"image\/png"}],"author":"Lorenzo Verduzco","twitter_card":"summary_large_image","twitter_misc":{"\u00c9crit par":"Lorenzo Verduzco","Dur\u00e9e de lecture estim\u00e9e":"5 minutes"},"schema":{"@context":"https:\/\/schema.org","@graph":[{"@type":"Article","@id":"https:\/\/interamerica.org\/fr\/2014\/04\/mexico-des-centaines-de-jeunes-adventistes-defilent-pour-sensibiliser-sur-les-questions-de-sante\/#article","isPartOf":{"@id":"https:\/\/interamerica.org\/fr\/2014\/04\/mexico-des-centaines-de-jeunes-adventistes-defilent-pour-sensibiliser-sur-les-questions-de-sante\/"},"author":{"name":"Lorenzo Verduzco","@id":"https:\/\/interamerica.org\/fr\/#\/schema\/person\/68ede8bdc292885bb76c1e3810e73c39"},"headline":"Mexico : Des centaines de jeunes Adventistes d\u00e9filent pour sensibiliser sur les questions de sant\u00e9","datePublished":"2014-04-09T04:00:00+00:00","mainEntityOfPage":{"@id":"https:\/\/interamerica.org\/fr\/2014\/04\/mexico-des-centaines-de-jeunes-adventistes-defilent-pour-sensibiliser-sur-les-questions-de-sante\/"},"wordCount":1057,"image":{"@id":"https:\/\/interamerica.org\/fr\/2014\/04\/mexico-des-centaines-de-jeunes-adventistes-defilent-pour-sensibiliser-sur-les-questions-de-sante\/#primaryimage"},"thumbnailUrl":"https:\/\/interamerica.org\/wp-content\/uploads\/2017\/06\/QuieroVivirSanoGirl.png","articleSection":["Nouvelles du territoire"],"inLanguage":"fr-FR"},{"@type":"WebPage","@id":"https:\/\/interamerica.org\/fr\/2014\/04\/mexico-des-centaines-de-jeunes-adventistes-defilent-pour-sensibiliser-sur-les-questions-de-sante\/","url":"https:\/\/interamerica.org\/fr\/2014\/04\/mexico-des-centaines-de-jeunes-adventistes-defilent-pour-sensibiliser-sur-les-questions-de-sante\/","name":"Mexico : Des centaines de jeunes Adventistes d\u00e9filent pour sensibiliser sur les questions de sant\u00e9 - \u00c9glise Adventiste Du Septieme Jour - Inter Am\u00e9rique Division","isPartOf":{"@id":"https:\/\/interamerica.org\/fr\/#website"},"primaryImageOfPage":{"@id":"https:\/\/interamerica.org\/fr\/2014\/04\/mexico-des-centaines-de-jeunes-adventistes-defilent-pour-sensibiliser-sur-les-questions-de-sante\/#primaryimage"},"image":{"@id":"https:\/\/interamerica.org\/fr\/2014\/04\/mexico-des-centaines-de-jeunes-adventistes-defilent-pour-sensibiliser-sur-les-questions-de-sante\/#primaryimage"},"thumbnailUrl":"https:\/\/interamerica.org\/wp-content\/uploads\/2017\/06\/QuieroVivirSanoGirl.png","datePublished":"2014-04-09T04:00:00+00:00","author":{"@id":"https:\/\/interamerica.org\/fr\/#\/schema\/person\/68ede8bdc292885bb76c1e3810e73c39"},"breadcrumb":{"@id":"https:\/\/interamerica.org\/fr\/2014\/04\/mexico-des-centaines-de-jeunes-adventistes-defilent-pour-sensibiliser-sur-les-questions-de-sante\/#breadcrumb"},"inLanguage":"fr-FR","potentialAction":[{"@type":"ReadAction","target":["https:\/\/interamerica.org\/fr\/2014\/04\/mexico-des-centaines-de-jeunes-adventistes-defilent-pour-sensibiliser-sur-les-questions-de-sante\/"]}]},{"@type":"ImageObject","inLanguage":"fr-FR","@id":"https:\/\/interamerica.org\/fr\/2014\/04\/mexico-des-centaines-de-jeunes-adventistes-defilent-pour-sensibiliser-sur-les-questions-de-sante\/#primaryimage","url":"https:\/\/interamerica.org\/wp-content\/uploads\/2017\/06\/QuieroVivirSanoGirl.png","contentUrl":"https:\/\/interamerica.org\/wp-content\/uploads\/2017\/06\/QuieroVivirSanoGirl.png","width":590,"height":394},{"@type":"BreadcrumbList","@id":"https:\/\/interamerica.org\/fr\/2014\/04\/mexico-des-centaines-de-jeunes-adventistes-defilent-pour-sensibiliser-sur-les-questions-de-sante\/#breadcrumb","itemListElement":[{"@type":"ListItem","position":1,"name":"Home","item":"https:\/\/interamerica.org\/fr\/"},{"@type":"ListItem","position":2,"name":"Mexico : Des centaines de jeunes Adventistes d\u00e9filent pour sensibiliser sur les questions de sant\u00e9"}]},{"@type":"WebSite","@id":"https:\/\/interamerica.org\/fr\/#website","url":"https:\/\/interamerica.org\/fr\/","name":"\u00c9glise Adventiste Du Septieme Jour - Inter Am\u00e9rique Division","description":"","potentialAction":[{"@type":"SearchAction","target":{"@type":"EntryPoint","urlTemplate":"https:\/\/interamerica.org\/fr\/?s={search_term_string}"},"query-input":{"@type":"PropertyValueSpecification","valueRequired":true,"valueName":"search_term_string"}}],"inLanguage":"fr-FR"},{"@type":"Person","@id":"https:\/\/interamerica.org\/fr\/#\/schema\/person\/68ede8bdc292885bb76c1e3810e73c39","name":"Lorenzo Verduzco","image":{"@type":"ImageObject","inLanguage":"fr-FR","@id":"https:\/\/secure.gravatar.com\/avatar\/fb81a55b6218459490a9c1dc841a34909185b81904c5337b4b27f7a6fd60c49e?s=96&d=mm&r=g","url":"https:\/\/secure.gravatar.com\/avatar\/fb81a55b6218459490a9c1dc841a34909185b81904c5337b4b27f7a6fd60c49e?s=96&d=mm&r=g","contentUrl":"https:\/\/secure.gravatar.com\/avatar\/fb81a55b6218459490a9c1dc841a34909185b81904c5337b4b27f7a6fd60c49e?s=96&d=mm&r=g","caption":"Lorenzo Verduzco"}}]}},"_links":{"self":[{"href":"https:\/\/interamerica.org\/fr\/wp-json\/wp\/v2\/posts\/31920","targetHints":{"allow":["GET"]}}],"collection":[{"href":"https:\/\/interamerica.org\/fr\/wp-json\/wp\/v2\/posts"}],"about":[{"href":"https:\/\/interamerica.org\/fr\/wp-json\/wp\/v2\/types\/post"}],"author":[{"embeddable":true,"href":"https:\/\/interamerica.org\/fr\/wp-json\/wp\/v2\/users\/1"}],"replies":[{"embeddable":true,"href":"https:\/\/interamerica.org\/fr\/wp-json\/wp\/v2\/comments?post=31920"}],"version-history":[{"count":0,"href":"https:\/\/interamerica.org\/fr\/wp-json\/wp\/v2\/posts\/31920\/revisions"}],"wp:featuredmedia":[{"embeddable":true,"href":"https:\/\/interamerica.org\/fr\/wp-json\/wp\/v2\/media\/22879"}],"wp:attachment":[{"href":"https:\/\/interamerica.org\/fr\/wp-json\/wp\/v2\/media?parent=31920"}],"wp:term":[{"taxonomy":"category","embeddable":true,"href":"https:\/\/interamerica.org\/fr\/wp-json\/wp\/v2\/categories?post=31920"},{"taxonomy":"post_tag","embeddable":true,"href":"https:\/\/interamerica.org\/fr\/wp-json\/wp\/v2\/tags?post=31920"}],"curies":[{"name":"wp","href":"https:\/\/api.w.org\/{rel}","templated":true}]}}