{"id":31921,"date":"2014-04-08T00:00:00","date_gmt":"2014-04-08T04:00:00","guid":{"rendered":"http:\/\/192.81.217.108\/interamerica\/2014\/04\/le-conseil-dadministration-de-la-review-and-herald-vote-en-faveur-dun-profil-plus-sobre-pour-la-maison-dedition\/"},"modified":"2014-04-08T00:00:00","modified_gmt":"2014-04-08T04:00:00","slug":"le-conseil-dadministration-de-la-review-and-herald-vote-en-faveur-dun-profil-plus-sobre-pour-la-maison-dedition","status":"publish","type":"post","link":"https:\/\/interamerica.org\/fr\/2014\/04\/le-conseil-dadministration-de-la-review-and-herald-vote-en-faveur-dun-profil-plus-sobre-pour-la-maison-dedition\/","title":{"rendered":"Le conseil d\u2019administration de la Review and Herald vote en faveur d\u2019un profil plus sobre pour la maison d\u2019\u00e9dition"},"content":{"rendered":"<p>8 Avril 2014 \u2013 Silver Spring, Maryland, Etats Unis\u2026Adventist Review<\/p>\n<div id=\"attachment_11289\" style=\"width: 310px\" class=\"wp-caption alignright\"><a href=\"\/interamerica\/wp-content\/uploads\/2017\/06\/csm_heview-web-and-feat_b888db55e4.jpg\" rel=\"fancybox\" title=\"Le conseil d\u2019administration de la Review and Herald vote en faveur d\u2019un profil plus sobre pour la maison d\u2019\u00e9dition\"><img fetchpriority=\"high\" decoding=\"async\" aria-describedby=\"caption-attachment-11289\" class=\"size-medium wp-image-11289\" src=\"\/interamerica\/wp-content\/uploads\/2017\/06\/csm_heview-web-and-feat_b888db55e4-300x200.jpg\" alt=\"\" width=\"300\" height=\"200\" \/><\/a><p id=\"caption-attachment-11289\" class=\"wp-caption-text\">Le conseil d\u2019administration de la Maison d\u2019\u00e9dition Review and Herald a annonc\u00e9 un plan visant \u00e0 changer le fonctionnement de la structure dans le but d\u2019am\u00e9liorer sa situation financi\u00e8re. Ci dessus, le b\u00e2timent de la Review and Herald en f\u00e9vrier.<\/p><\/div>\n<p>Le Comit\u00e9 Directeur de la Maison d\u2019Edition de la Review and Herald (RHPA) a agit rapidement dimanche 6 avril afin de stabiliser la sant\u00e9 financi\u00e8re de la maison d\u2019\u00e9dition \u00e2g\u00e9e de 165 ans, \u00e0 l\u2019occasion d\u2019une session administrative convoqu\u00e9e sp\u00e9cialement apr\u00e8s que les rapports de fin d\u2019ann\u00e9e aient fait \u00e9tat d\u2019une perte de pr\u00e8s de 943000 dollars pour l\u2019ann\u00e9e 2013 et un d\u00e9clin persistant au cours du premier trimestre de l\u2019ann\u00e9e en cours. Le pr\u00e9sident du conseil d\u2019administration de la RHPA, Delbert Baker, a d\u00e9clar\u00e9 que les administrateurs apportaient ainsi une r\u00e9ponse aux recommandations faites par les managers, les comit\u00e9s ex\u00e9cutif et financier, appelant \u00e0 une action rapide et efficiente pour renverser la tendance financi\u00e8re de la plus vieille institution de l\u2019Eglise Adventiste du Septi\u00e8me jour.<\/p>\n<p>Dans une s\u00e9rie d\u2019actions coordonn\u00e9es, les membres du conseil d\u2019administration ont vot\u00e9 d\u2019affirmer un \u00ab plan de solvabilit\u00e9, \u00bb autorisant la direction de la RHPA \u00e0 prendre des d\u00e9cisions imm\u00e9diates pour contr\u00f4ler les co\u00fbts et poser les fondations pour de meilleures performances de ventes au cours du second semestre 2014. Cette session sp\u00e9ciale est intervenue moins de trois semaines avant la rencontre r\u00e9guli\u00e8re du comit\u00e9 de 30 membres, pr\u00e9vue pour le 24 avril. Cette rencontre mettra l\u2019accent sur des directions strat\u00e9giques plus larges pour la maison d\u2019\u00e9dition, y compris un r\u00f4le potentiel pour la Division Nord Am\u00e9ricaine (DNA) dans la mise en forme du minist\u00e8re de la litt\u00e9rature aux Etats Unis, au Canada et aux Bermudes.<\/p>\n<p>Parmi les principaux points vot\u00e9s par le conseil d\u2019administration de la RHPA, il y a la rationalisation des processus de production afin d\u2019\u00e9liminer les doublons dans plusieurs d\u00e9partements de la maison d\u2019\u00e9dition ; la r\u00e9duction du nombre de titres dont la publication a \u00e9t\u00e9 pr\u00e9vue pour 2015 ; et la r\u00e9duction du personnel de l\u2019\u00e9dition et de la production de quelques journaux produits par la RHPA. Une r\u00e9duction des effectifs de 26 employ\u00e9s a \u00e9galement \u00e9t\u00e9 autoris\u00e9e par le Comit\u00e9 Directeur, la moiti\u00e9 de ce total \u00e9tant atteint gr\u00e2ce \u00e0 des accords de d\u00e9parts \u00e0 la retraite d\u2019employ\u00e9s \u00e9ligibles. Les \u00e9conomies r\u00e9alis\u00e9es par la maison d\u2019\u00e9dition avec la r\u00e9duction d\u2019effectif devraient s\u2019\u00e9lever \u00e0 un million de dollars en 2014 et \u00e0 plus de 1,5 millions de dollars en 2015.<\/p>\n<p>La direction de la Review and Herald a aussi cherch\u00e9 et obtenu la permission du Comit\u00e9 Directeur de louer jusqu\u2019\u00e0 5500 m\u00e8tres carr\u00e9s de l\u2019\u00e9norme \u00e9tablissement de Hagerstown dans le Maryland dans le but de r\u00e9duire l\u2019espace de fonctionnement de la maison d\u2019\u00e9dition et de g\u00e9n\u00e9rer ainsi un revenu locatif bien n\u00e9cessaire.<\/p>\n<p>Les membres du comit\u00e9 directeur ont entendu plusieurs requ\u00eates appelant \u00e0 des changements de r\u00e8glements, exprim\u00e9es par l\u2019administration ainsi que les comit\u00e9s ex\u00e9cutif et financier, et a transmis ces d\u00e9cisions aux comit\u00e9s de la Conf\u00e9rence G\u00e9n\u00e9rale et de la DNA. Les administrateurs de la RHPA esp\u00e8rent mettre en place un portail efficace de ventes en ligne pour les produits r\u00e9alis\u00e9s par la maison d\u2019\u00e9dition. Une requ\u00eate a \u00e9galement \u00e9t\u00e9 transmise visant \u00e0 r\u00e9duire la part de financement de la RHPA au programme de retraite de l\u2019\u00e9glise afin d\u2019atteindre le niveau requis des institutions \u00e9ducatives de l\u2019\u00e9glise.<\/p>\n<p>\u00ab R\u00e9duire la RHPA \u00e0 la bonne taille a \u00e9t\u00e9 un processus difficile mais n\u00e9cessaire, \u00bb a d\u00e9clar\u00e9 le pr\u00e9sident de la RHPA, Mark Thomas, suite \u00e0 la rencontre de dimanche apr\u00e8s midi. \u00ab Aucun employeur dans une d\u00e9nomination ne souhaite jamais perdre pas m\u00eame un employ\u00e9, mais nous avons une plus grande mission qui est de continuer \u00e0 r\u00e9pondre aux besoins de publication et d\u2019impression de l\u2019Eglise Adventiste du Septi\u00e8me jour au niveau mondial. Garder cette mission \u00e0 l\u2019esprit nous a amen\u00e9 \u00e0 prendre des d\u00e9cisions difficiles pour consolider cette organisation et la repositionner pour une croissance renouvel\u00e9e. \u00bb<\/p>\n<p>Traduction: Patrick Luciathe<\/p>\n","protected":false},"excerpt":{"rendered":"<p>Le Comit\u00e9 Directeur de la Maison d\u2019Edition de la Review and Herald (RHPA) a agit rapidement dimanche 6 avril afin de stabiliser la sant\u00e9 financi\u00e8re de la maison d\u2019\u00e9dition \u00e2g\u00e9e de 165 ans, \u00e0 l\u2019occasion d\u2019une session administrative convoqu\u00e9e sp\u00e9cialement apr\u00e8s que les rapports de fin d\u2019ann\u00e9e aient fait \u00e9tat d\u2019une perte de pr\u00e8s de 943000 dollars pour l\u2019ann\u00e9e 2013 et un d\u00e9clin persistant au cours du premier trimestre de l\u2019ann\u00e9e en cours.<\/p>\n","protected":false},"author":1,"featured_media":22908,"comment_status":"closed","ping_status":"closed","sticky":false,"template":"","format":"standard","meta":{"_acf_changed":false,"footnotes":""},"categories":[18],"tags":[],"class_list":["post-31921","post","type-post","status-publish","format-standard","has-post-thumbnail","hentry","category-nouvelles-de-leglise-mondiale"],"acf":[],"yoast_head":"<!-- This site is optimized with the Yoast SEO plugin v27.3 - https:\/\/yoast.com\/product\/yoast-seo-wordpress\/ -->\n<title>Le conseil d\u2019administration de la Review and Herald vote en faveur d\u2019un profil plus sobre pour la maison d\u2019\u00e9dition - \u00c9glise Adventiste Du Septieme Jour - Inter Am\u00e9rique Division<\/title>\n<meta name=\"robots\" content=\"index, follow, max-snippet:-1, max-image-preview:large, max-video-preview:-1\" \/>\n<link rel=\"canonical\" href=\"https:\/\/interamerica.org\/fr\/2014\/04\/le-conseil-dadministration-de-la-review-and-herald-vote-en-faveur-dun-profil-plus-sobre-pour-la-maison-dedition\/\" \/>\n<meta property=\"og:locale\" content=\"fr_FR\" \/>\n<meta property=\"og:type\" content=\"article\" \/>\n<meta property=\"og:title\" content=\"Le conseil d\u2019administration de la Review and Herald vote en faveur d\u2019un profil plus sobre pour la maison d\u2019\u00e9dition - \u00c9glise Adventiste Du Septieme Jour - Inter Am\u00e9rique Division\" \/>\n<meta property=\"og:description\" content=\"Le Comit\u00e9 Directeur de la Maison d\u2019Edition de la Review and Herald (RHPA) a agit rapidement dimanche 6 avril afin de stabiliser la sant\u00e9 financi\u00e8re de la maison d\u2019\u00e9dition \u00e2g\u00e9e de 165 ans, \u00e0 l\u2019occasion d\u2019une session administrative convoqu\u00e9e sp\u00e9cialement apr\u00e8s que les rapports de fin d\u2019ann\u00e9e aient fait \u00e9tat d\u2019une perte de pr\u00e8s de 943000 dollars pour l\u2019ann\u00e9e 2013 et un d\u00e9clin persistant au cours du premier trimestre de l\u2019ann\u00e9e en cours.\" \/>\n<meta property=\"og:url\" content=\"https:\/\/interamerica.org\/fr\/2014\/04\/le-conseil-dadministration-de-la-review-and-herald-vote-en-faveur-dun-profil-plus-sobre-pour-la-maison-dedition\/\" \/>\n<meta property=\"og:site_name\" content=\"\u00c9glise Adventiste Du Septieme Jour - Inter Am\u00e9rique Division\" \/>\n<meta property=\"article:published_time\" content=\"2014-04-08T04:00:00+00:00\" \/>\n<meta property=\"og:image\" content=\"https:\/\/interamerica.org\/wp-content\/uploads\/2017\/06\/csm_heview-web-and-feat_b888db55e4.jpg\" \/>\n\t<meta property=\"og:image:width\" content=\"400\" \/>\n\t<meta property=\"og:image:height\" content=\"267\" \/>\n\t<meta property=\"og:image:type\" content=\"image\/jpeg\" \/>\n<meta name=\"author\" content=\"Lorenzo Verduzco\" \/>\n<meta name=\"twitter:card\" content=\"summary_large_image\" \/>\n<meta name=\"twitter:label1\" content=\"\u00c9crit par\" \/>\n\t<meta name=\"twitter:data1\" content=\"Lorenzo Verduzco\" \/>\n\t<meta name=\"twitter:label2\" content=\"Dur\u00e9e de lecture estim\u00e9e\" \/>\n\t<meta name=\"twitter:data2\" content=\"4 minutes\" \/>\n<script type=\"application\/ld+json\" class=\"yoast-schema-graph\">{\"@context\":\"https:\\\/\\\/schema.org\",\"@graph\":[{\"@type\":\"Article\",\"@id\":\"https:\\\/\\\/interamerica.org\\\/fr\\\/2014\\\/04\\\/le-conseil-dadministration-de-la-review-and-herald-vote-en-faveur-dun-profil-plus-sobre-pour-la-maison-dedition\\\/#article\",\"isPartOf\":{\"@id\":\"https:\\\/\\\/interamerica.org\\\/fr\\\/2014\\\/04\\\/le-conseil-dadministration-de-la-review-and-herald-vote-en-faveur-dun-profil-plus-sobre-pour-la-maison-dedition\\\/\"},\"author\":{\"name\":\"Lorenzo Verduzco\",\"@id\":\"https:\\\/\\\/interamerica.org\\\/fr\\\/#\\\/schema\\\/person\\\/68ede8bdc292885bb76c1e3810e73c39\"},\"headline\":\"Le conseil d\u2019administration de la Review and Herald vote en faveur d\u2019un profil plus sobre pour la maison d\u2019\u00e9dition\",\"datePublished\":\"2014-04-08T04:00:00+00:00\",\"mainEntityOfPage\":{\"@id\":\"https:\\\/\\\/interamerica.org\\\/fr\\\/2014\\\/04\\\/le-conseil-dadministration-de-la-review-and-herald-vote-en-faveur-dun-profil-plus-sobre-pour-la-maison-dedition\\\/\"},\"wordCount\":782,\"image\":{\"@id\":\"https:\\\/\\\/interamerica.org\\\/fr\\\/2014\\\/04\\\/le-conseil-dadministration-de-la-review-and-herald-vote-en-faveur-dun-profil-plus-sobre-pour-la-maison-dedition\\\/#primaryimage\"},\"thumbnailUrl\":\"https:\\\/\\\/interamerica.org\\\/wp-content\\\/uploads\\\/2017\\\/06\\\/csm_heview-web-and-feat_b888db55e4.jpg\",\"articleSection\":[\"Nouvelles de l'\u00c9glise mondiale\"],\"inLanguage\":\"fr-FR\"},{\"@type\":\"WebPage\",\"@id\":\"https:\\\/\\\/interamerica.org\\\/fr\\\/2014\\\/04\\\/le-conseil-dadministration-de-la-review-and-herald-vote-en-faveur-dun-profil-plus-sobre-pour-la-maison-dedition\\\/\",\"url\":\"https:\\\/\\\/interamerica.org\\\/fr\\\/2014\\\/04\\\/le-conseil-dadministration-de-la-review-and-herald-vote-en-faveur-dun-profil-plus-sobre-pour-la-maison-dedition\\\/\",\"name\":\"Le conseil d\u2019administration de la Review and Herald vote en faveur d\u2019un profil plus sobre pour la maison d\u2019\u00e9dition - \u00c9glise Adventiste Du Septieme Jour - Inter Am\u00e9rique Division\",\"isPartOf\":{\"@id\":\"https:\\\/\\\/interamerica.org\\\/fr\\\/#website\"},\"primaryImageOfPage\":{\"@id\":\"https:\\\/\\\/interamerica.org\\\/fr\\\/2014\\\/04\\\/le-conseil-dadministration-de-la-review-and-herald-vote-en-faveur-dun-profil-plus-sobre-pour-la-maison-dedition\\\/#primaryimage\"},\"image\":{\"@id\":\"https:\\\/\\\/interamerica.org\\\/fr\\\/2014\\\/04\\\/le-conseil-dadministration-de-la-review-and-herald-vote-en-faveur-dun-profil-plus-sobre-pour-la-maison-dedition\\\/#primaryimage\"},\"thumbnailUrl\":\"https:\\\/\\\/interamerica.org\\\/wp-content\\\/uploads\\\/2017\\\/06\\\/csm_heview-web-and-feat_b888db55e4.jpg\",\"datePublished\":\"2014-04-08T04:00:00+00:00\",\"author\":{\"@id\":\"https:\\\/\\\/interamerica.org\\\/fr\\\/#\\\/schema\\\/person\\\/68ede8bdc292885bb76c1e3810e73c39\"},\"breadcrumb\":{\"@id\":\"https:\\\/\\\/interamerica.org\\\/fr\\\/2014\\\/04\\\/le-conseil-dadministration-de-la-review-and-herald-vote-en-faveur-dun-profil-plus-sobre-pour-la-maison-dedition\\\/#breadcrumb\"},\"inLanguage\":\"fr-FR\",\"potentialAction\":[{\"@type\":\"ReadAction\",\"target\":[\"https:\\\/\\\/interamerica.org\\\/fr\\\/2014\\\/04\\\/le-conseil-dadministration-de-la-review-and-herald-vote-en-faveur-dun-profil-plus-sobre-pour-la-maison-dedition\\\/\"]}]},{\"@type\":\"ImageObject\",\"inLanguage\":\"fr-FR\",\"@id\":\"https:\\\/\\\/interamerica.org\\\/fr\\\/2014\\\/04\\\/le-conseil-dadministration-de-la-review-and-herald-vote-en-faveur-dun-profil-plus-sobre-pour-la-maison-dedition\\\/#primaryimage\",\"url\":\"https:\\\/\\\/interamerica.org\\\/wp-content\\\/uploads\\\/2017\\\/06\\\/csm_heview-web-and-feat_b888db55e4.jpg\",\"contentUrl\":\"https:\\\/\\\/interamerica.org\\\/wp-content\\\/uploads\\\/2017\\\/06\\\/csm_heview-web-and-feat_b888db55e4.jpg\",\"width\":400,\"height\":267},{\"@type\":\"BreadcrumbList\",\"@id\":\"https:\\\/\\\/interamerica.org\\\/fr\\\/2014\\\/04\\\/le-conseil-dadministration-de-la-review-and-herald-vote-en-faveur-dun-profil-plus-sobre-pour-la-maison-dedition\\\/#breadcrumb\",\"itemListElement\":[{\"@type\":\"ListItem\",\"position\":1,\"name\":\"Home\",\"item\":\"https:\\\/\\\/interamerica.org\\\/fr\\\/\"},{\"@type\":\"ListItem\",\"position\":2,\"name\":\"Le conseil d\u2019administration de la Review and Herald vote en faveur d\u2019un profil plus sobre pour la maison d\u2019\u00e9dition\"}]},{\"@type\":\"WebSite\",\"@id\":\"https:\\\/\\\/interamerica.org\\\/fr\\\/#website\",\"url\":\"https:\\\/\\\/interamerica.org\\\/fr\\\/\",\"name\":\"\u00c9glise Adventiste Du Septieme Jour - Inter Am\u00e9rique Division\",\"description\":\"\",\"potentialAction\":[{\"@type\":\"SearchAction\",\"target\":{\"@type\":\"EntryPoint\",\"urlTemplate\":\"https:\\\/\\\/interamerica.org\\\/fr\\\/?s={search_term_string}\"},\"query-input\":{\"@type\":\"PropertyValueSpecification\",\"valueRequired\":true,\"valueName\":\"search_term_string\"}}],\"inLanguage\":\"fr-FR\"},{\"@type\":\"Person\",\"@id\":\"https:\\\/\\\/interamerica.org\\\/fr\\\/#\\\/schema\\\/person\\\/68ede8bdc292885bb76c1e3810e73c39\",\"name\":\"Lorenzo Verduzco\",\"image\":{\"@type\":\"ImageObject\",\"inLanguage\":\"fr-FR\",\"@id\":\"https:\\\/\\\/secure.gravatar.com\\\/avatar\\\/fb81a55b6218459490a9c1dc841a34909185b81904c5337b4b27f7a6fd60c49e?s=96&d=mm&r=g\",\"url\":\"https:\\\/\\\/secure.gravatar.com\\\/avatar\\\/fb81a55b6218459490a9c1dc841a34909185b81904c5337b4b27f7a6fd60c49e?s=96&d=mm&r=g\",\"contentUrl\":\"https:\\\/\\\/secure.gravatar.com\\\/avatar\\\/fb81a55b6218459490a9c1dc841a34909185b81904c5337b4b27f7a6fd60c49e?s=96&d=mm&r=g\",\"caption\":\"Lorenzo Verduzco\"}}]}<\/script>\n<!-- \/ Yoast SEO plugin. -->","yoast_head_json":{"title":"Le conseil d\u2019administration de la Review and Herald vote en faveur d\u2019un profil plus sobre pour la maison d\u2019\u00e9dition - \u00c9glise Adventiste Du Septieme Jour - Inter Am\u00e9rique Division","robots":{"index":"index","follow":"follow","max-snippet":"max-snippet:-1","max-image-preview":"max-image-preview:large","max-video-preview":"max-video-preview:-1"},"canonical":"https:\/\/interamerica.org\/fr\/2014\/04\/le-conseil-dadministration-de-la-review-and-herald-vote-en-faveur-dun-profil-plus-sobre-pour-la-maison-dedition\/","og_locale":"fr_FR","og_type":"article","og_title":"Le conseil d\u2019administration de la Review and Herald vote en faveur d\u2019un profil plus sobre pour la maison d\u2019\u00e9dition - \u00c9glise Adventiste Du Septieme Jour - Inter Am\u00e9rique Division","og_description":"Le Comit\u00e9 Directeur de la Maison d\u2019Edition de la Review and Herald (RHPA) a agit rapidement dimanche 6 avril afin de stabiliser la sant\u00e9 financi\u00e8re de la maison d\u2019\u00e9dition \u00e2g\u00e9e de 165 ans, \u00e0 l\u2019occasion d\u2019une session administrative convoqu\u00e9e sp\u00e9cialement apr\u00e8s que les rapports de fin d\u2019ann\u00e9e aient fait \u00e9tat d\u2019une perte de pr\u00e8s de 943000 dollars pour l\u2019ann\u00e9e 2013 et un d\u00e9clin persistant au cours du premier trimestre de l\u2019ann\u00e9e en cours.","og_url":"https:\/\/interamerica.org\/fr\/2014\/04\/le-conseil-dadministration-de-la-review-and-herald-vote-en-faveur-dun-profil-plus-sobre-pour-la-maison-dedition\/","og_site_name":"\u00c9glise Adventiste Du Septieme Jour - Inter Am\u00e9rique Division","article_published_time":"2014-04-08T04:00:00+00:00","og_image":[{"width":400,"height":267,"url":"https:\/\/interamerica.org\/wp-content\/uploads\/2017\/06\/csm_heview-web-and-feat_b888db55e4.jpg","type":"image\/jpeg"}],"author":"Lorenzo Verduzco","twitter_card":"summary_large_image","twitter_misc":{"\u00c9crit par":"Lorenzo Verduzco","Dur\u00e9e de lecture estim\u00e9e":"4 minutes"},"schema":{"@context":"https:\/\/schema.org","@graph":[{"@type":"Article","@id":"https:\/\/interamerica.org\/fr\/2014\/04\/le-conseil-dadministration-de-la-review-and-herald-vote-en-faveur-dun-profil-plus-sobre-pour-la-maison-dedition\/#article","isPartOf":{"@id":"https:\/\/interamerica.org\/fr\/2014\/04\/le-conseil-dadministration-de-la-review-and-herald-vote-en-faveur-dun-profil-plus-sobre-pour-la-maison-dedition\/"},"author":{"name":"Lorenzo Verduzco","@id":"https:\/\/interamerica.org\/fr\/#\/schema\/person\/68ede8bdc292885bb76c1e3810e73c39"},"headline":"Le conseil d\u2019administration de la Review and Herald vote en faveur d\u2019un profil plus sobre pour la maison d\u2019\u00e9dition","datePublished":"2014-04-08T04:00:00+00:00","mainEntityOfPage":{"@id":"https:\/\/interamerica.org\/fr\/2014\/04\/le-conseil-dadministration-de-la-review-and-herald-vote-en-faveur-dun-profil-plus-sobre-pour-la-maison-dedition\/"},"wordCount":782,"image":{"@id":"https:\/\/interamerica.org\/fr\/2014\/04\/le-conseil-dadministration-de-la-review-and-herald-vote-en-faveur-dun-profil-plus-sobre-pour-la-maison-dedition\/#primaryimage"},"thumbnailUrl":"https:\/\/interamerica.org\/wp-content\/uploads\/2017\/06\/csm_heview-web-and-feat_b888db55e4.jpg","articleSection":["Nouvelles de l'\u00c9glise mondiale"],"inLanguage":"fr-FR"},{"@type":"WebPage","@id":"https:\/\/interamerica.org\/fr\/2014\/04\/le-conseil-dadministration-de-la-review-and-herald-vote-en-faveur-dun-profil-plus-sobre-pour-la-maison-dedition\/","url":"https:\/\/interamerica.org\/fr\/2014\/04\/le-conseil-dadministration-de-la-review-and-herald-vote-en-faveur-dun-profil-plus-sobre-pour-la-maison-dedition\/","name":"Le conseil d\u2019administration de la Review and Herald vote en faveur d\u2019un profil plus sobre pour la maison d\u2019\u00e9dition - \u00c9glise Adventiste Du Septieme Jour - Inter Am\u00e9rique Division","isPartOf":{"@id":"https:\/\/interamerica.org\/fr\/#website"},"primaryImageOfPage":{"@id":"https:\/\/interamerica.org\/fr\/2014\/04\/le-conseil-dadministration-de-la-review-and-herald-vote-en-faveur-dun-profil-plus-sobre-pour-la-maison-dedition\/#primaryimage"},"image":{"@id":"https:\/\/interamerica.org\/fr\/2014\/04\/le-conseil-dadministration-de-la-review-and-herald-vote-en-faveur-dun-profil-plus-sobre-pour-la-maison-dedition\/#primaryimage"},"thumbnailUrl":"https:\/\/interamerica.org\/wp-content\/uploads\/2017\/06\/csm_heview-web-and-feat_b888db55e4.jpg","datePublished":"2014-04-08T04:00:00+00:00","author":{"@id":"https:\/\/interamerica.org\/fr\/#\/schema\/person\/68ede8bdc292885bb76c1e3810e73c39"},"breadcrumb":{"@id":"https:\/\/interamerica.org\/fr\/2014\/04\/le-conseil-dadministration-de-la-review-and-herald-vote-en-faveur-dun-profil-plus-sobre-pour-la-maison-dedition\/#breadcrumb"},"inLanguage":"fr-FR","potentialAction":[{"@type":"ReadAction","target":["https:\/\/interamerica.org\/fr\/2014\/04\/le-conseil-dadministration-de-la-review-and-herald-vote-en-faveur-dun-profil-plus-sobre-pour-la-maison-dedition\/"]}]},{"@type":"ImageObject","inLanguage":"fr-FR","@id":"https:\/\/interamerica.org\/fr\/2014\/04\/le-conseil-dadministration-de-la-review-and-herald-vote-en-faveur-dun-profil-plus-sobre-pour-la-maison-dedition\/#primaryimage","url":"https:\/\/interamerica.org\/wp-content\/uploads\/2017\/06\/csm_heview-web-and-feat_b888db55e4.jpg","contentUrl":"https:\/\/interamerica.org\/wp-content\/uploads\/2017\/06\/csm_heview-web-and-feat_b888db55e4.jpg","width":400,"height":267},{"@type":"BreadcrumbList","@id":"https:\/\/interamerica.org\/fr\/2014\/04\/le-conseil-dadministration-de-la-review-and-herald-vote-en-faveur-dun-profil-plus-sobre-pour-la-maison-dedition\/#breadcrumb","itemListElement":[{"@type":"ListItem","position":1,"name":"Home","item":"https:\/\/interamerica.org\/fr\/"},{"@type":"ListItem","position":2,"name":"Le conseil d\u2019administration de la Review and Herald vote en faveur d\u2019un profil plus sobre pour la maison d\u2019\u00e9dition"}]},{"@type":"WebSite","@id":"https:\/\/interamerica.org\/fr\/#website","url":"https:\/\/interamerica.org\/fr\/","name":"\u00c9glise Adventiste Du Septieme Jour - Inter Am\u00e9rique Division","description":"","potentialAction":[{"@type":"SearchAction","target":{"@type":"EntryPoint","urlTemplate":"https:\/\/interamerica.org\/fr\/?s={search_term_string}"},"query-input":{"@type":"PropertyValueSpecification","valueRequired":true,"valueName":"search_term_string"}}],"inLanguage":"fr-FR"},{"@type":"Person","@id":"https:\/\/interamerica.org\/fr\/#\/schema\/person\/68ede8bdc292885bb76c1e3810e73c39","name":"Lorenzo Verduzco","image":{"@type":"ImageObject","inLanguage":"fr-FR","@id":"https:\/\/secure.gravatar.com\/avatar\/fb81a55b6218459490a9c1dc841a34909185b81904c5337b4b27f7a6fd60c49e?s=96&d=mm&r=g","url":"https:\/\/secure.gravatar.com\/avatar\/fb81a55b6218459490a9c1dc841a34909185b81904c5337b4b27f7a6fd60c49e?s=96&d=mm&r=g","contentUrl":"https:\/\/secure.gravatar.com\/avatar\/fb81a55b6218459490a9c1dc841a34909185b81904c5337b4b27f7a6fd60c49e?s=96&d=mm&r=g","caption":"Lorenzo Verduzco"}}]}},"_links":{"self":[{"href":"https:\/\/interamerica.org\/fr\/wp-json\/wp\/v2\/posts\/31921","targetHints":{"allow":["GET"]}}],"collection":[{"href":"https:\/\/interamerica.org\/fr\/wp-json\/wp\/v2\/posts"}],"about":[{"href":"https:\/\/interamerica.org\/fr\/wp-json\/wp\/v2\/types\/post"}],"author":[{"embeddable":true,"href":"https:\/\/interamerica.org\/fr\/wp-json\/wp\/v2\/users\/1"}],"replies":[{"embeddable":true,"href":"https:\/\/interamerica.org\/fr\/wp-json\/wp\/v2\/comments?post=31921"}],"version-history":[{"count":0,"href":"https:\/\/interamerica.org\/fr\/wp-json\/wp\/v2\/posts\/31921\/revisions"}],"wp:featuredmedia":[{"embeddable":true,"href":"https:\/\/interamerica.org\/fr\/wp-json\/wp\/v2\/media\/22908"}],"wp:attachment":[{"href":"https:\/\/interamerica.org\/fr\/wp-json\/wp\/v2\/media?parent=31921"}],"wp:term":[{"taxonomy":"category","embeddable":true,"href":"https:\/\/interamerica.org\/fr\/wp-json\/wp\/v2\/categories?post=31921"},{"taxonomy":"post_tag","embeddable":true,"href":"https:\/\/interamerica.org\/fr\/wp-json\/wp\/v2\/tags?post=31921"}],"curies":[{"name":"wp","href":"https:\/\/api.w.org\/{rel}","templated":true}]}}