{"id":31923,"date":"2014-04-10T00:00:00","date_gmt":"2014-04-10T04:00:00","guid":{"rendered":"http:\/\/192.81.217.108\/interamerica\/2014\/04\/inter-amerique-limpact-vision-un-million-bientot-celebre-dans-un-programme-en-direct-par-satellite\/"},"modified":"2014-04-10T00:00:00","modified_gmt":"2014-04-10T04:00:00","slug":"inter-amerique-limpact-vision-un-million-bientot-celebre-dans-un-programme-en-direct-par-satellite","status":"publish","type":"post","link":"https:\/\/interamerica.org\/fr\/2014\/04\/inter-amerique-limpact-vision-un-million-bientot-celebre-dans-un-programme-en-direct-par-satellite\/","title":{"rendered":"Inter Am\u00e9rique : L\u2019impact Vision Un Million bient\u00f4t c\u00e9l\u00e9br\u00e9 dans un programme en direct par satellite"},"content":{"rendered":"<div id=\"attachment_11330\" style=\"width: 600px\" class=\"wp-caption aligncenter\"><a href=\"\/interamerica\/wp-content\/uploads\/2017\/06\/V1M-590French.png\" rel=\"fancybox\" title=\"Inter Am\u00e9rique : L\u2019impact Vision Un Million bient\u00f4t c\u00e9l\u00e9br\u00e9 dans un programme en direct par satellite\"><img fetchpriority=\"high\" decoding=\"async\" aria-describedby=\"caption-attachment-11330\" class=\"size-full wp-image-11330\" title=\"V1M-590French\" src=\"\/interamerica\/wp-content\/uploads\/2017\/06\/V1M-590French.png\" alt=\"\" width=\"590\" height=\"227\" \/><\/a><p id=\"caption-attachment-11330\" class=\"wp-caption-text\">Image d&rsquo;Abel Marquez\/DIA<\/p><\/div>\n<p>10 Avril 2014 \u2013 Miami, Floride, Etats Unis\u2026Libna Stevens\/DIA<\/p>\n<p>Vision Un Million est une initiative annuelle men\u00e9e par l\u2019\u00e9glise dans la Division Inter Am\u00e9ricaine (DIA) et qui vise \u00e0 encourager les membres \u00e0 amener un million de visiteurs dans les \u00e9glises et groupes. Le programme mettra en lumi\u00e8re les campagnes d\u2019\u00e9vang\u00e9lisation qui ont eu lieu jusqu\u2019ici cette ann\u00e9e \u00e0 Mexico et dans l\u2019ensemble du territoire de la DIA.<\/p>\n<p>Le programme de deux heures sera diffus\u00e9 en direct en anglais et espagnol par <a href=\"http:\/\/www.hopetv.org\/watch\/hope-church-channel\/\">Hope Church Channel<\/a>, <a href=\"http:\/\/www.esperanzatv.org\/\">Esperanza TV<\/a>, <a href=\"http:\/\/3abn.org\/media\/3abn-broadcast\/\">3ABN<\/a>, <a href=\"http:\/\/3abnlatino.org\/player.cfm\">3ABN Latino<\/a> and <a href=\"http:\/\/webcast.interamerica.org\/\">webcast.interamerica.org<\/a>.\u00a0 Le programme Vision Un Million en fran\u00e7ais sera rediffus\u00e9 \u00e0 18h00, heure de Miami sur Hope Channel.<\/p>\n<p>On attend plus de 18000 membres et visiteurs qui devraient remplir l\u2019Ar\u00e8ne de Mexico pour prendre connaissance des informations sur la croissance de l\u2019\u00e9glise gr\u00e2ce aux efforts tenus dans le cadre de l\u2019initiative impact dans les grandes villes qui a d\u2019ailleurs permis \u00e0 quelques 200 campagnes d\u2019\u00e9vang\u00e9lisation locales et internationales d\u2019avoir lieu cette semaine, a d\u00e9clar\u00e9 Balvin Braham, secr\u00e9taire adjoint de l\u2019association pastorale et principal organisateur du programme.<\/p>\n<p>Le programme en direct inclura l\u2019intervention du pr\u00e9sident de l\u2019Eglise Adventiste mondiale, pasteur Ted N.C. Wilson, qui sera l\u2019orateur principal, ainsi que celles des principaux dirigeants de la DIA ; il y aura aussi des informations sur les avanc\u00e9es r\u00e9alis\u00e9es dans l\u2019impact urbain \u00e0 travers le territoire, les grands projets dans les villes, les bapt\u00eames amen\u00e9s par l\u2019impact dans les villes, et bien plus encore.<\/p>\n<p>Pour des informations r\u00e9centes sur le programme de l\u2019Inter Am\u00e9rique <em>Vision Un Million<\/em> program, visitez notre site \u00e0 l&rsquo;adresse <a href=\"https:\/\/recursing-golick.147-182-135-0.plesk.page\">interamerica.org<\/a><\/p>\n<p>Traduction: Patrick Luciathe<\/p>\n","protected":false},"excerpt":{"rendered":"<p>L\u2019Eglise Adventiste du Septi\u00e8me jour en Inter Am\u00e9rique mettra en lumi\u00e8re son impact \u00e9vang\u00e9lique avec une c\u00e9l\u00e9bration qui se d\u00e9roulera depuis Mexico au Mexique ce sabbat 12 avril 2014.<\/p>\n","protected":false},"author":1,"featured_media":31924,"comment_status":"closed","ping_status":"closed","sticky":false,"template":"","format":"standard","meta":{"_acf_changed":false,"footnotes":""},"categories":[20],"tags":[],"class_list":["post-31923","post","type-post","status-publish","format-standard","has-post-thumbnail","hentry","category-nouvelles-du-siege-de-la-division"],"acf":[],"yoast_head":"<!-- This site is optimized with the Yoast SEO plugin v27.3 - https:\/\/yoast.com\/product\/yoast-seo-wordpress\/ -->\n<title>Inter Am\u00e9rique : L\u2019impact Vision Un Million bient\u00f4t c\u00e9l\u00e9br\u00e9 dans un programme en direct par satellite - \u00c9glise Adventiste Du Septieme Jour - Inter Am\u00e9rique Division<\/title>\n<meta name=\"robots\" content=\"index, follow, max-snippet:-1, max-image-preview:large, max-video-preview:-1\" \/>\n<link rel=\"canonical\" href=\"https:\/\/interamerica.org\/fr\/2014\/04\/inter-amerique-limpact-vision-un-million-bientot-celebre-dans-un-programme-en-direct-par-satellite\/\" \/>\n<meta property=\"og:locale\" content=\"fr_FR\" \/>\n<meta property=\"og:type\" content=\"article\" \/>\n<meta property=\"og:title\" content=\"Inter Am\u00e9rique : L\u2019impact Vision Un Million bient\u00f4t c\u00e9l\u00e9br\u00e9 dans un programme en direct par satellite - \u00c9glise Adventiste Du Septieme Jour - Inter Am\u00e9rique Division\" \/>\n<meta property=\"og:description\" content=\"L\u2019Eglise Adventiste du Septi\u00e8me jour en Inter Am\u00e9rique mettra en lumi\u00e8re son impact \u00e9vang\u00e9lique avec une c\u00e9l\u00e9bration qui se d\u00e9roulera depuis Mexico au Mexique ce sabbat 12 avril 2014.\" \/>\n<meta property=\"og:url\" content=\"https:\/\/interamerica.org\/fr\/2014\/04\/inter-amerique-limpact-vision-un-million-bientot-celebre-dans-un-programme-en-direct-par-satellite\/\" \/>\n<meta property=\"og:site_name\" content=\"\u00c9glise Adventiste Du Septieme Jour - Inter Am\u00e9rique Division\" \/>\n<meta property=\"article:published_time\" content=\"2014-04-10T04:00:00+00:00\" \/>\n<meta property=\"og:image\" content=\"https:\/\/interamerica.org\/wp-content\/uploads\/2017\/06\/SquareBanner_VOM14_FR.jpg\" \/>\n\t<meta property=\"og:image:width\" content=\"315\" \/>\n\t<meta property=\"og:image:height\" content=\"250\" \/>\n\t<meta property=\"og:image:type\" content=\"image\/jpeg\" \/>\n<meta name=\"author\" content=\"Lorenzo Verduzco\" \/>\n<meta name=\"twitter:card\" content=\"summary_large_image\" \/>\n<meta name=\"twitter:label1\" content=\"\u00c9crit par\" \/>\n\t<meta name=\"twitter:data1\" content=\"Lorenzo Verduzco\" \/>\n\t<meta name=\"twitter:label2\" content=\"Dur\u00e9e de lecture estim\u00e9e\" \/>\n\t<meta name=\"twitter:data2\" content=\"2 minutes\" \/>\n<script type=\"application\/ld+json\" class=\"yoast-schema-graph\">{\"@context\":\"https:\\\/\\\/schema.org\",\"@graph\":[{\"@type\":\"Article\",\"@id\":\"https:\\\/\\\/interamerica.org\\\/fr\\\/2014\\\/04\\\/inter-amerique-limpact-vision-un-million-bientot-celebre-dans-un-programme-en-direct-par-satellite\\\/#article\",\"isPartOf\":{\"@id\":\"https:\\\/\\\/interamerica.org\\\/fr\\\/2014\\\/04\\\/inter-amerique-limpact-vision-un-million-bientot-celebre-dans-un-programme-en-direct-par-satellite\\\/\"},\"author\":{\"name\":\"Lorenzo Verduzco\",\"@id\":\"https:\\\/\\\/interamerica.org\\\/fr\\\/#\\\/schema\\\/person\\\/68ede8bdc292885bb76c1e3810e73c39\"},\"headline\":\"Inter Am\u00e9rique : L\u2019impact Vision Un Million bient\u00f4t c\u00e9l\u00e9br\u00e9 dans un programme en direct par satellite\",\"datePublished\":\"2014-04-10T04:00:00+00:00\",\"mainEntityOfPage\":{\"@id\":\"https:\\\/\\\/interamerica.org\\\/fr\\\/2014\\\/04\\\/inter-amerique-limpact-vision-un-million-bientot-celebre-dans-un-programme-en-direct-par-satellite\\\/\"},\"wordCount\":327,\"image\":{\"@id\":\"https:\\\/\\\/interamerica.org\\\/fr\\\/2014\\\/04\\\/inter-amerique-limpact-vision-un-million-bientot-celebre-dans-un-programme-en-direct-par-satellite\\\/#primaryimage\"},\"thumbnailUrl\":\"https:\\\/\\\/interamerica.org\\\/wp-content\\\/uploads\\\/2017\\\/06\\\/SquareBanner_VOM14_FR.jpg\",\"articleSection\":[\"Nouvelles du si\u00e8ge de la division\"],\"inLanguage\":\"fr-FR\"},{\"@type\":\"WebPage\",\"@id\":\"https:\\\/\\\/interamerica.org\\\/fr\\\/2014\\\/04\\\/inter-amerique-limpact-vision-un-million-bientot-celebre-dans-un-programme-en-direct-par-satellite\\\/\",\"url\":\"https:\\\/\\\/interamerica.org\\\/fr\\\/2014\\\/04\\\/inter-amerique-limpact-vision-un-million-bientot-celebre-dans-un-programme-en-direct-par-satellite\\\/\",\"name\":\"Inter Am\u00e9rique : L\u2019impact Vision Un Million bient\u00f4t c\u00e9l\u00e9br\u00e9 dans un programme en direct par satellite - \u00c9glise Adventiste Du Septieme Jour - Inter Am\u00e9rique Division\",\"isPartOf\":{\"@id\":\"https:\\\/\\\/interamerica.org\\\/fr\\\/#website\"},\"primaryImageOfPage\":{\"@id\":\"https:\\\/\\\/interamerica.org\\\/fr\\\/2014\\\/04\\\/inter-amerique-limpact-vision-un-million-bientot-celebre-dans-un-programme-en-direct-par-satellite\\\/#primaryimage\"},\"image\":{\"@id\":\"https:\\\/\\\/interamerica.org\\\/fr\\\/2014\\\/04\\\/inter-amerique-limpact-vision-un-million-bientot-celebre-dans-un-programme-en-direct-par-satellite\\\/#primaryimage\"},\"thumbnailUrl\":\"https:\\\/\\\/interamerica.org\\\/wp-content\\\/uploads\\\/2017\\\/06\\\/SquareBanner_VOM14_FR.jpg\",\"datePublished\":\"2014-04-10T04:00:00+00:00\",\"author\":{\"@id\":\"https:\\\/\\\/interamerica.org\\\/fr\\\/#\\\/schema\\\/person\\\/68ede8bdc292885bb76c1e3810e73c39\"},\"breadcrumb\":{\"@id\":\"https:\\\/\\\/interamerica.org\\\/fr\\\/2014\\\/04\\\/inter-amerique-limpact-vision-un-million-bientot-celebre-dans-un-programme-en-direct-par-satellite\\\/#breadcrumb\"},\"inLanguage\":\"fr-FR\",\"potentialAction\":[{\"@type\":\"ReadAction\",\"target\":[\"https:\\\/\\\/interamerica.org\\\/fr\\\/2014\\\/04\\\/inter-amerique-limpact-vision-un-million-bientot-celebre-dans-un-programme-en-direct-par-satellite\\\/\"]}]},{\"@type\":\"ImageObject\",\"inLanguage\":\"fr-FR\",\"@id\":\"https:\\\/\\\/interamerica.org\\\/fr\\\/2014\\\/04\\\/inter-amerique-limpact-vision-un-million-bientot-celebre-dans-un-programme-en-direct-par-satellite\\\/#primaryimage\",\"url\":\"https:\\\/\\\/interamerica.org\\\/wp-content\\\/uploads\\\/2017\\\/06\\\/SquareBanner_VOM14_FR.jpg\",\"contentUrl\":\"https:\\\/\\\/interamerica.org\\\/wp-content\\\/uploads\\\/2017\\\/06\\\/SquareBanner_VOM14_FR.jpg\",\"width\":315,\"height\":250},{\"@type\":\"BreadcrumbList\",\"@id\":\"https:\\\/\\\/interamerica.org\\\/fr\\\/2014\\\/04\\\/inter-amerique-limpact-vision-un-million-bientot-celebre-dans-un-programme-en-direct-par-satellite\\\/#breadcrumb\",\"itemListElement\":[{\"@type\":\"ListItem\",\"position\":1,\"name\":\"Home\",\"item\":\"https:\\\/\\\/interamerica.org\\\/fr\\\/\"},{\"@type\":\"ListItem\",\"position\":2,\"name\":\"Inter Am\u00e9rique : L\u2019impact Vision Un Million bient\u00f4t c\u00e9l\u00e9br\u00e9 dans un programme en direct par satellite\"}]},{\"@type\":\"WebSite\",\"@id\":\"https:\\\/\\\/interamerica.org\\\/fr\\\/#website\",\"url\":\"https:\\\/\\\/interamerica.org\\\/fr\\\/\",\"name\":\"\u00c9glise Adventiste Du Septieme Jour - Inter Am\u00e9rique Division\",\"description\":\"\",\"potentialAction\":[{\"@type\":\"SearchAction\",\"target\":{\"@type\":\"EntryPoint\",\"urlTemplate\":\"https:\\\/\\\/interamerica.org\\\/fr\\\/?s={search_term_string}\"},\"query-input\":{\"@type\":\"PropertyValueSpecification\",\"valueRequired\":true,\"valueName\":\"search_term_string\"}}],\"inLanguage\":\"fr-FR\"},{\"@type\":\"Person\",\"@id\":\"https:\\\/\\\/interamerica.org\\\/fr\\\/#\\\/schema\\\/person\\\/68ede8bdc292885bb76c1e3810e73c39\",\"name\":\"Lorenzo Verduzco\",\"image\":{\"@type\":\"ImageObject\",\"inLanguage\":\"fr-FR\",\"@id\":\"https:\\\/\\\/secure.gravatar.com\\\/avatar\\\/fb81a55b6218459490a9c1dc841a34909185b81904c5337b4b27f7a6fd60c49e?s=96&d=mm&r=g\",\"url\":\"https:\\\/\\\/secure.gravatar.com\\\/avatar\\\/fb81a55b6218459490a9c1dc841a34909185b81904c5337b4b27f7a6fd60c49e?s=96&d=mm&r=g\",\"contentUrl\":\"https:\\\/\\\/secure.gravatar.com\\\/avatar\\\/fb81a55b6218459490a9c1dc841a34909185b81904c5337b4b27f7a6fd60c49e?s=96&d=mm&r=g\",\"caption\":\"Lorenzo Verduzco\"}}]}<\/script>\n<!-- \/ Yoast SEO plugin. -->","yoast_head_json":{"title":"Inter Am\u00e9rique : L\u2019impact Vision Un Million bient\u00f4t c\u00e9l\u00e9br\u00e9 dans un programme en direct par satellite - \u00c9glise Adventiste Du Septieme Jour - Inter Am\u00e9rique Division","robots":{"index":"index","follow":"follow","max-snippet":"max-snippet:-1","max-image-preview":"max-image-preview:large","max-video-preview":"max-video-preview:-1"},"canonical":"https:\/\/interamerica.org\/fr\/2014\/04\/inter-amerique-limpact-vision-un-million-bientot-celebre-dans-un-programme-en-direct-par-satellite\/","og_locale":"fr_FR","og_type":"article","og_title":"Inter Am\u00e9rique : L\u2019impact Vision Un Million bient\u00f4t c\u00e9l\u00e9br\u00e9 dans un programme en direct par satellite - \u00c9glise Adventiste Du Septieme Jour - Inter Am\u00e9rique Division","og_description":"L\u2019Eglise Adventiste du Septi\u00e8me jour en Inter Am\u00e9rique mettra en lumi\u00e8re son impact \u00e9vang\u00e9lique avec une c\u00e9l\u00e9bration qui se d\u00e9roulera depuis Mexico au Mexique ce sabbat 12 avril 2014.","og_url":"https:\/\/interamerica.org\/fr\/2014\/04\/inter-amerique-limpact-vision-un-million-bientot-celebre-dans-un-programme-en-direct-par-satellite\/","og_site_name":"\u00c9glise Adventiste Du Septieme Jour - Inter Am\u00e9rique Division","article_published_time":"2014-04-10T04:00:00+00:00","og_image":[{"width":315,"height":250,"url":"https:\/\/interamerica.org\/wp-content\/uploads\/2017\/06\/SquareBanner_VOM14_FR.jpg","type":"image\/jpeg"}],"author":"Lorenzo Verduzco","twitter_card":"summary_large_image","twitter_misc":{"\u00c9crit par":"Lorenzo Verduzco","Dur\u00e9e de lecture estim\u00e9e":"2 minutes"},"schema":{"@context":"https:\/\/schema.org","@graph":[{"@type":"Article","@id":"https:\/\/interamerica.org\/fr\/2014\/04\/inter-amerique-limpact-vision-un-million-bientot-celebre-dans-un-programme-en-direct-par-satellite\/#article","isPartOf":{"@id":"https:\/\/interamerica.org\/fr\/2014\/04\/inter-amerique-limpact-vision-un-million-bientot-celebre-dans-un-programme-en-direct-par-satellite\/"},"author":{"name":"Lorenzo Verduzco","@id":"https:\/\/interamerica.org\/fr\/#\/schema\/person\/68ede8bdc292885bb76c1e3810e73c39"},"headline":"Inter Am\u00e9rique : L\u2019impact Vision Un Million bient\u00f4t c\u00e9l\u00e9br\u00e9 dans un programme en direct par satellite","datePublished":"2014-04-10T04:00:00+00:00","mainEntityOfPage":{"@id":"https:\/\/interamerica.org\/fr\/2014\/04\/inter-amerique-limpact-vision-un-million-bientot-celebre-dans-un-programme-en-direct-par-satellite\/"},"wordCount":327,"image":{"@id":"https:\/\/interamerica.org\/fr\/2014\/04\/inter-amerique-limpact-vision-un-million-bientot-celebre-dans-un-programme-en-direct-par-satellite\/#primaryimage"},"thumbnailUrl":"https:\/\/interamerica.org\/wp-content\/uploads\/2017\/06\/SquareBanner_VOM14_FR.jpg","articleSection":["Nouvelles du si\u00e8ge de la division"],"inLanguage":"fr-FR"},{"@type":"WebPage","@id":"https:\/\/interamerica.org\/fr\/2014\/04\/inter-amerique-limpact-vision-un-million-bientot-celebre-dans-un-programme-en-direct-par-satellite\/","url":"https:\/\/interamerica.org\/fr\/2014\/04\/inter-amerique-limpact-vision-un-million-bientot-celebre-dans-un-programme-en-direct-par-satellite\/","name":"Inter Am\u00e9rique : L\u2019impact Vision Un Million bient\u00f4t c\u00e9l\u00e9br\u00e9 dans un programme en direct par satellite - \u00c9glise Adventiste Du Septieme Jour - Inter Am\u00e9rique Division","isPartOf":{"@id":"https:\/\/interamerica.org\/fr\/#website"},"primaryImageOfPage":{"@id":"https:\/\/interamerica.org\/fr\/2014\/04\/inter-amerique-limpact-vision-un-million-bientot-celebre-dans-un-programme-en-direct-par-satellite\/#primaryimage"},"image":{"@id":"https:\/\/interamerica.org\/fr\/2014\/04\/inter-amerique-limpact-vision-un-million-bientot-celebre-dans-un-programme-en-direct-par-satellite\/#primaryimage"},"thumbnailUrl":"https:\/\/interamerica.org\/wp-content\/uploads\/2017\/06\/SquareBanner_VOM14_FR.jpg","datePublished":"2014-04-10T04:00:00+00:00","author":{"@id":"https:\/\/interamerica.org\/fr\/#\/schema\/person\/68ede8bdc292885bb76c1e3810e73c39"},"breadcrumb":{"@id":"https:\/\/interamerica.org\/fr\/2014\/04\/inter-amerique-limpact-vision-un-million-bientot-celebre-dans-un-programme-en-direct-par-satellite\/#breadcrumb"},"inLanguage":"fr-FR","potentialAction":[{"@type":"ReadAction","target":["https:\/\/interamerica.org\/fr\/2014\/04\/inter-amerique-limpact-vision-un-million-bientot-celebre-dans-un-programme-en-direct-par-satellite\/"]}]},{"@type":"ImageObject","inLanguage":"fr-FR","@id":"https:\/\/interamerica.org\/fr\/2014\/04\/inter-amerique-limpact-vision-un-million-bientot-celebre-dans-un-programme-en-direct-par-satellite\/#primaryimage","url":"https:\/\/interamerica.org\/wp-content\/uploads\/2017\/06\/SquareBanner_VOM14_FR.jpg","contentUrl":"https:\/\/interamerica.org\/wp-content\/uploads\/2017\/06\/SquareBanner_VOM14_FR.jpg","width":315,"height":250},{"@type":"BreadcrumbList","@id":"https:\/\/interamerica.org\/fr\/2014\/04\/inter-amerique-limpact-vision-un-million-bientot-celebre-dans-un-programme-en-direct-par-satellite\/#breadcrumb","itemListElement":[{"@type":"ListItem","position":1,"name":"Home","item":"https:\/\/interamerica.org\/fr\/"},{"@type":"ListItem","position":2,"name":"Inter Am\u00e9rique : L\u2019impact Vision Un Million bient\u00f4t c\u00e9l\u00e9br\u00e9 dans un programme en direct par satellite"}]},{"@type":"WebSite","@id":"https:\/\/interamerica.org\/fr\/#website","url":"https:\/\/interamerica.org\/fr\/","name":"\u00c9glise Adventiste Du Septieme Jour - Inter Am\u00e9rique Division","description":"","potentialAction":[{"@type":"SearchAction","target":{"@type":"EntryPoint","urlTemplate":"https:\/\/interamerica.org\/fr\/?s={search_term_string}"},"query-input":{"@type":"PropertyValueSpecification","valueRequired":true,"valueName":"search_term_string"}}],"inLanguage":"fr-FR"},{"@type":"Person","@id":"https:\/\/interamerica.org\/fr\/#\/schema\/person\/68ede8bdc292885bb76c1e3810e73c39","name":"Lorenzo Verduzco","image":{"@type":"ImageObject","inLanguage":"fr-FR","@id":"https:\/\/secure.gravatar.com\/avatar\/fb81a55b6218459490a9c1dc841a34909185b81904c5337b4b27f7a6fd60c49e?s=96&d=mm&r=g","url":"https:\/\/secure.gravatar.com\/avatar\/fb81a55b6218459490a9c1dc841a34909185b81904c5337b4b27f7a6fd60c49e?s=96&d=mm&r=g","contentUrl":"https:\/\/secure.gravatar.com\/avatar\/fb81a55b6218459490a9c1dc841a34909185b81904c5337b4b27f7a6fd60c49e?s=96&d=mm&r=g","caption":"Lorenzo Verduzco"}}]}},"_links":{"self":[{"href":"https:\/\/interamerica.org\/fr\/wp-json\/wp\/v2\/posts\/31923","targetHints":{"allow":["GET"]}}],"collection":[{"href":"https:\/\/interamerica.org\/fr\/wp-json\/wp\/v2\/posts"}],"about":[{"href":"https:\/\/interamerica.org\/fr\/wp-json\/wp\/v2\/types\/post"}],"author":[{"embeddable":true,"href":"https:\/\/interamerica.org\/fr\/wp-json\/wp\/v2\/users\/1"}],"replies":[{"embeddable":true,"href":"https:\/\/interamerica.org\/fr\/wp-json\/wp\/v2\/comments?post=31923"}],"version-history":[{"count":0,"href":"https:\/\/interamerica.org\/fr\/wp-json\/wp\/v2\/posts\/31923\/revisions"}],"wp:featuredmedia":[{"embeddable":true,"href":"https:\/\/interamerica.org\/fr\/wp-json\/wp\/v2\/media\/31924"}],"wp:attachment":[{"href":"https:\/\/interamerica.org\/fr\/wp-json\/wp\/v2\/media?parent=31923"}],"wp:term":[{"taxonomy":"category","embeddable":true,"href":"https:\/\/interamerica.org\/fr\/wp-json\/wp\/v2\/categories?post=31923"},{"taxonomy":"post_tag","embeddable":true,"href":"https:\/\/interamerica.org\/fr\/wp-json\/wp\/v2\/tags?post=31923"}],"curies":[{"name":"wp","href":"https:\/\/api.w.org\/{rel}","templated":true}]}}