{"id":31930,"date":"2014-04-10T00:00:00","date_gmt":"2014-04-10T04:00:00","guid":{"rendered":"http:\/\/192.81.217.108\/interamerica\/2014\/04\/leglise-adventiste-sassocie-au-depot-dun-document-dans-une-demarche-legale-en-soutien-a-lallocation-logement-des-pasteurs\/"},"modified":"2014-04-10T00:00:00","modified_gmt":"2014-04-10T04:00:00","slug":"leglise-adventiste-sassocie-au-depot-dun-document-dans-une-demarche-legale-en-soutien-a-lallocation-logement-des-pasteurs","status":"publish","type":"post","link":"https:\/\/interamerica.org\/fr\/2014\/04\/leglise-adventiste-sassocie-au-depot-dun-document-dans-une-demarche-legale-en-soutien-a-lallocation-logement-des-pasteurs\/","title":{"rendered":"L\u2019Eglise Adventiste s\u2019associe au d\u00e9p\u00f4t d\u2019un document dans une d\u00e9marche l\u00e9gale, en soutien \u00e0 \u00ab l\u2019allocation logement des pasteurs. \u00bb"},"content":{"rendered":"<p>9 Avril 2014 \u2013 Silver Spring, Maryland, Etats Unis\u2026Ansel Oliver\/ANN<\/p>\n<p>L\u2019Eglise Adventiste du Septi\u00e8me jour s&rsquo;est associ\u00e9e \u00e0 une contribution document\u00e9e faite au tribunal dans le 7\u00e8me Circuit de la Cour d\u2019Appel de Chicago, a d\u00e9clar\u00e9 Todd McFarland, un conseiller juridique adjoint au si\u00e8ge de l\u2019Eglise Adventiste du Septi\u00e8me jour.<\/p>\n<p>Le document soumis au tribunal l\u2019a \u00e9t\u00e9 par l\u2019Alliance des Eglise, une coalition de plus de 30 d\u00e9nominations qui travaillent ensemble sur des questions communes dans le domaine l\u00e9gislatif et l\u00e9gal, principalement des questions relatives aux avantages des employ\u00e9s, a d\u00e9clar\u00e9 Todd McFarland.<\/p>\n<p>Le groupe remet en cause une d\u00e9cision de justice \u00e9mise par un juge d\u2019un district f\u00e9d\u00e9ral datant de novembre et stipulant que l\u2019exon\u00e9ration accord\u00e9e au membres du clerg\u00e9 pour les imp\u00f4ts sur les revenus destin\u00e9s au logement est inconstitutionnelle.<\/p>\n<p>Les leaders de l\u2019Eglise Adventiste disent que, peut \u00eatre que les pasteurs gagnent leur vie d\u00e9cemment avec un \u00ab salaire de base, \u00bb mais selon l\u2019endroit o\u00f9 ils vivent, les ajustements d\u00fbs au co\u00fbt de la vie sont en g\u00e9n\u00e9ral vraiment inf\u00e9rieurs et ne sont pas proportionnels. L\u2019exclusion du logement du pasteur de la base de calcul leur permet de d\u00e9duire leurs d\u00e9penses de logement de leurs revenus imposables.<\/p>\n<p>Dans sa d\u00e9cision, la juge Barbara Crabb a d\u00e9clar\u00e9 que l\u2019exemption pour le logement du pasteur violait la Clause d\u2019Etablissement du Premier Amendement, qui interdit au Congr\u00e8s de faire une loi \u00ab tenant compte d\u2019un \u00e9tablissement de religion. \u00bb<\/p>\n<p>L\u2019exemption dont b\u00e9n\u00e9ficie le logement du pasteur, a indiqu\u00e9 Barbara Crabb, avantage \u00ab les religieux et personne d\u2019autre, m\u00eame si ceci n\u2019est pas n\u00e9cessaire pour soulager d\u2019un fardeau particulier l\u2019exercice religieux. \u00bb<\/p>\n<p>Dans une interview, Todd McFarland a indiqu\u00e9 que la coalition religieuse ne croit pas que l\u2019exemption viole la Claude d\u2019Etablissement, faisant remarquer que le code des imp\u00f4ts contient des exemptions similaires.<\/p>\n<p>\u00ab Cette exemption sert en fait \u00e0 consolider la s\u00e9paration entre l\u2019\u00e9glise et l\u2019\u00e9tat en gardant le gouvernement en dehors des d\u00e9cisions d\u2019\u00e9glise, des affaires eccl\u00e9siales, et traite toutes les \u00e9glises et les religions de mani\u00e8re \u00e9quitable, a dit Todd McFarland.<\/p>\n<p>Parmi les autres exemptions, il y a les enseignants et professeurs travaillant pour les institutions \u00e9ducatives, le personnel militaire, les employ\u00e9s log\u00e9s \u00e0 la convenance de l\u2019employeur, ainsi que certains contribuables vivant \u00e0 l\u2019\u00e9tranger.<\/p>\n<p>La d\u00e9cision prise en novembre par le juge Crabb fait suite \u00e0 un proc\u00e8s intent\u00e9 par la Fondation pour Etre Lib\u00e9r\u00e9s de la Religion, bas\u00e9e dans le Wisconsin, qui promeut la s\u00e9paration entre l\u2019\u00e9lise et l\u2019\u00e9tat. La fondation a intent\u00e9 un proc\u00e8s au Secr\u00e9taire du Tr\u00e9sor am\u00e9ricain et au commissaire du Service des Imp\u00f4ts \u00e0 cause de cette exemption qui avait \u00e9t\u00e9 pass\u00e9e au Congr\u00e8s en 1954. La section 107 du Code des Imp\u00f4ts permet \u00e0 un \u00ab ministre de l\u2019\u00e9vangile \u00bb de d\u00e9signer une certaine indemnit\u00e9 comme \u00e9tant une allocation logement, et de l\u2019exempter des revenus imposables.<\/p>\n<p>La d\u00e9cision du juge, qui a t-elle dit, ne serait pas appliqu\u00e9e dans l\u2019attente du verdict de l\u2019appel, pourrait changer dramatiquement la mani\u00e8re dont les groupes religieux r\u00e9mun\u00e8rent leurs pasteurs. Depuis longtemps, plusieurs comptent sur cet avantage fiscal pour les allocations vers\u00e9es \u00e0 leurs membres du clerg\u00e9 aux Etats Unis.<\/p>\n<p>Les responsables de l\u2019Eglise Adventiste en Am\u00e9rique du Nord ont indiqu\u00e9 que l\u2019allocation logement aide de mani\u00e8re significative les pasteurs \u00e0 vivre et \u00e0 exercer leur minist\u00e8re dans les grands centres urbains o\u00f9 vivent la plupart des gens.<\/p>\n<p>\u00ab Ne plus avoir cet avantage aurait un terrible impact sur le minist\u00e8re, surtout pour les pasteurs vivant dans ces grands centres populeux o\u00f9 le co\u00fbt de la vie est \u00e9lev\u00e9. \u00bb a d\u00e9clar\u00e9 Ivan Williams, directeur de l\u2019Association Pastorale dans la Division Nord Am\u00e9ricaine de l\u2019Eglise Adventiste.<\/p>\n<p>Todd McFarland, l\u2019avocat de la d\u00e9nomination, a estim\u00e9 que l\u2019avantage apr\u00e8s imposition pour les pasteurs Adventistes se situe entre 5 et 10 pourcent du total de leurs allocations.<\/p>\n<p>Todd McFarland a d\u00e9clar\u00e9 qu\u2019il pensait que la question ne s\u2019arr\u00eaterait vraisemblablement pas avec la d\u00e9cision du 7\u00e8me Circuit.<\/p>\n<p>\u00ab Nous anticipons que cette affaire finira devant la Cour Supr\u00eame des Etats Unis, \u00bb a t-il dit. \u00ab Les deux camps ont trop d\u2019int\u00e9r\u00eats en jeu et sont trop impliqu\u00e9s dans ce cas. Celui qui perdra le proc\u00e8s voudra le voir reconsid\u00e9r\u00e9 \u00e0 un niveau sup\u00e9rieur. \u00bb<\/p>\n<p>Traduction: Patrick Luciathe<\/p>\n","protected":false},"excerpt":{"rendered":"<p>L\u2019Eglise Adventiste du Septi\u00e8me jour s\u2019est associ\u00e9e au d\u00e9p\u00f4t aujourd\u2019hui d\u2019un document dans le cadre d\u2019une d\u00e9marche judiciaire dans une Cours d\u2019Appel F\u00e9d\u00e9rale Am\u00e9ricaine ; ce document apporte des \u00e9l\u00e9ments remettant en cause une d\u00e9cision de justice datant de novembre stipulant que l\u2019exemption accord\u00e9e pour l\u2019allocation logement du pasteur est inconstitutionnelle.<\/p>\n","protected":false},"author":1,"featured_media":0,"comment_status":"closed","ping_status":"closed","sticky":false,"template":"","format":"standard","meta":{"_acf_changed":false,"footnotes":""},"categories":[18],"tags":[],"class_list":["post-31930","post","type-post","status-publish","format-standard","hentry","category-nouvelles-de-leglise-mondiale"],"acf":[],"yoast_head":"<!-- This site is optimized with the Yoast SEO plugin v27.3 - https:\/\/yoast.com\/product\/yoast-seo-wordpress\/ -->\n<title>L\u2019Eglise Adventiste s\u2019associe au d\u00e9p\u00f4t d\u2019un document dans une d\u00e9marche l\u00e9gale, en soutien \u00e0 \u00ab l\u2019allocation logement des pasteurs. \u00bb - \u00c9glise Adventiste Du Septieme Jour - Inter Am\u00e9rique Division<\/title>\n<meta name=\"robots\" content=\"index, follow, max-snippet:-1, max-image-preview:large, max-video-preview:-1\" \/>\n<link rel=\"canonical\" href=\"https:\/\/interamerica.org\/fr\/2014\/04\/leglise-adventiste-sassocie-au-depot-dun-document-dans-une-demarche-legale-en-soutien-a-lallocation-logement-des-pasteurs\/\" \/>\n<meta property=\"og:locale\" content=\"fr_FR\" \/>\n<meta property=\"og:type\" content=\"article\" \/>\n<meta property=\"og:title\" content=\"L\u2019Eglise Adventiste s\u2019associe au d\u00e9p\u00f4t d\u2019un document dans une d\u00e9marche l\u00e9gale, en soutien \u00e0 \u00ab l\u2019allocation logement des pasteurs. \u00bb - \u00c9glise Adventiste Du Septieme Jour - Inter Am\u00e9rique Division\" \/>\n<meta property=\"og:description\" content=\"L\u2019Eglise Adventiste du Septi\u00e8me jour s\u2019est associ\u00e9e au d\u00e9p\u00f4t aujourd\u2019hui d\u2019un document dans le cadre d\u2019une d\u00e9marche judiciaire dans une Cours d\u2019Appel F\u00e9d\u00e9rale Am\u00e9ricaine ; ce document apporte des \u00e9l\u00e9ments remettant en cause une d\u00e9cision de justice datant de novembre stipulant que l\u2019exemption accord\u00e9e pour l\u2019allocation logement du pasteur est inconstitutionnelle.\" \/>\n<meta property=\"og:url\" content=\"https:\/\/interamerica.org\/fr\/2014\/04\/leglise-adventiste-sassocie-au-depot-dun-document-dans-une-demarche-legale-en-soutien-a-lallocation-logement-des-pasteurs\/\" \/>\n<meta property=\"og:site_name\" content=\"\u00c9glise Adventiste Du Septieme Jour - Inter Am\u00e9rique Division\" \/>\n<meta property=\"article:published_time\" content=\"2014-04-10T04:00:00+00:00\" \/>\n<meta name=\"author\" content=\"Lorenzo Verduzco\" \/>\n<meta name=\"twitter:card\" content=\"summary_large_image\" \/>\n<meta name=\"twitter:label1\" content=\"\u00c9crit par\" \/>\n\t<meta name=\"twitter:data1\" content=\"Lorenzo Verduzco\" \/>\n\t<meta name=\"twitter:label2\" content=\"Dur\u00e9e de lecture estim\u00e9e\" \/>\n\t<meta name=\"twitter:data2\" content=\"4 minutes\" \/>\n<script type=\"application\/ld+json\" class=\"yoast-schema-graph\">{\"@context\":\"https:\\\/\\\/schema.org\",\"@graph\":[{\"@type\":\"Article\",\"@id\":\"https:\\\/\\\/interamerica.org\\\/fr\\\/2014\\\/04\\\/leglise-adventiste-sassocie-au-depot-dun-document-dans-une-demarche-legale-en-soutien-a-lallocation-logement-des-pasteurs\\\/#article\",\"isPartOf\":{\"@id\":\"https:\\\/\\\/interamerica.org\\\/fr\\\/2014\\\/04\\\/leglise-adventiste-sassocie-au-depot-dun-document-dans-une-demarche-legale-en-soutien-a-lallocation-logement-des-pasteurs\\\/\"},\"author\":{\"name\":\"Lorenzo Verduzco\",\"@id\":\"https:\\\/\\\/interamerica.org\\\/fr\\\/#\\\/schema\\\/person\\\/68ede8bdc292885bb76c1e3810e73c39\"},\"headline\":\"L\u2019Eglise Adventiste s\u2019associe au d\u00e9p\u00f4t d\u2019un document dans une d\u00e9marche l\u00e9gale, en soutien \u00e0 \u00ab l\u2019allocation logement des pasteurs. \u00bb\",\"datePublished\":\"2014-04-10T04:00:00+00:00\",\"mainEntityOfPage\":{\"@id\":\"https:\\\/\\\/interamerica.org\\\/fr\\\/2014\\\/04\\\/leglise-adventiste-sassocie-au-depot-dun-document-dans-une-demarche-legale-en-soutien-a-lallocation-logement-des-pasteurs\\\/\"},\"wordCount\":824,\"articleSection\":[\"Nouvelles de l'\u00c9glise mondiale\"],\"inLanguage\":\"fr-FR\"},{\"@type\":\"WebPage\",\"@id\":\"https:\\\/\\\/interamerica.org\\\/fr\\\/2014\\\/04\\\/leglise-adventiste-sassocie-au-depot-dun-document-dans-une-demarche-legale-en-soutien-a-lallocation-logement-des-pasteurs\\\/\",\"url\":\"https:\\\/\\\/interamerica.org\\\/fr\\\/2014\\\/04\\\/leglise-adventiste-sassocie-au-depot-dun-document-dans-une-demarche-legale-en-soutien-a-lallocation-logement-des-pasteurs\\\/\",\"name\":\"L\u2019Eglise Adventiste s\u2019associe au d\u00e9p\u00f4t d\u2019un document dans une d\u00e9marche l\u00e9gale, en soutien \u00e0 \u00ab l\u2019allocation logement des pasteurs. \u00bb - \u00c9glise Adventiste Du Septieme Jour - Inter Am\u00e9rique Division\",\"isPartOf\":{\"@id\":\"https:\\\/\\\/interamerica.org\\\/fr\\\/#website\"},\"datePublished\":\"2014-04-10T04:00:00+00:00\",\"author\":{\"@id\":\"https:\\\/\\\/interamerica.org\\\/fr\\\/#\\\/schema\\\/person\\\/68ede8bdc292885bb76c1e3810e73c39\"},\"breadcrumb\":{\"@id\":\"https:\\\/\\\/interamerica.org\\\/fr\\\/2014\\\/04\\\/leglise-adventiste-sassocie-au-depot-dun-document-dans-une-demarche-legale-en-soutien-a-lallocation-logement-des-pasteurs\\\/#breadcrumb\"},\"inLanguage\":\"fr-FR\",\"potentialAction\":[{\"@type\":\"ReadAction\",\"target\":[\"https:\\\/\\\/interamerica.org\\\/fr\\\/2014\\\/04\\\/leglise-adventiste-sassocie-au-depot-dun-document-dans-une-demarche-legale-en-soutien-a-lallocation-logement-des-pasteurs\\\/\"]}]},{\"@type\":\"BreadcrumbList\",\"@id\":\"https:\\\/\\\/interamerica.org\\\/fr\\\/2014\\\/04\\\/leglise-adventiste-sassocie-au-depot-dun-document-dans-une-demarche-legale-en-soutien-a-lallocation-logement-des-pasteurs\\\/#breadcrumb\",\"itemListElement\":[{\"@type\":\"ListItem\",\"position\":1,\"name\":\"Home\",\"item\":\"https:\\\/\\\/interamerica.org\\\/fr\\\/\"},{\"@type\":\"ListItem\",\"position\":2,\"name\":\"L\u2019Eglise Adventiste s\u2019associe au d\u00e9p\u00f4t d\u2019un document dans une d\u00e9marche l\u00e9gale, en soutien \u00e0 \u00ab l\u2019allocation logement des pasteurs. \u00bb\"}]},{\"@type\":\"WebSite\",\"@id\":\"https:\\\/\\\/interamerica.org\\\/fr\\\/#website\",\"url\":\"https:\\\/\\\/interamerica.org\\\/fr\\\/\",\"name\":\"\u00c9glise Adventiste Du Septieme Jour - Inter Am\u00e9rique Division\",\"description\":\"\",\"potentialAction\":[{\"@type\":\"SearchAction\",\"target\":{\"@type\":\"EntryPoint\",\"urlTemplate\":\"https:\\\/\\\/interamerica.org\\\/fr\\\/?s={search_term_string}\"},\"query-input\":{\"@type\":\"PropertyValueSpecification\",\"valueRequired\":true,\"valueName\":\"search_term_string\"}}],\"inLanguage\":\"fr-FR\"},{\"@type\":\"Person\",\"@id\":\"https:\\\/\\\/interamerica.org\\\/fr\\\/#\\\/schema\\\/person\\\/68ede8bdc292885bb76c1e3810e73c39\",\"name\":\"Lorenzo Verduzco\",\"image\":{\"@type\":\"ImageObject\",\"inLanguage\":\"fr-FR\",\"@id\":\"https:\\\/\\\/secure.gravatar.com\\\/avatar\\\/fb81a55b6218459490a9c1dc841a34909185b81904c5337b4b27f7a6fd60c49e?s=96&d=mm&r=g\",\"url\":\"https:\\\/\\\/secure.gravatar.com\\\/avatar\\\/fb81a55b6218459490a9c1dc841a34909185b81904c5337b4b27f7a6fd60c49e?s=96&d=mm&r=g\",\"contentUrl\":\"https:\\\/\\\/secure.gravatar.com\\\/avatar\\\/fb81a55b6218459490a9c1dc841a34909185b81904c5337b4b27f7a6fd60c49e?s=96&d=mm&r=g\",\"caption\":\"Lorenzo Verduzco\"}}]}<\/script>\n<!-- \/ Yoast SEO plugin. -->","yoast_head_json":{"title":"L\u2019Eglise Adventiste s\u2019associe au d\u00e9p\u00f4t d\u2019un document dans une d\u00e9marche l\u00e9gale, en soutien \u00e0 \u00ab l\u2019allocation logement des pasteurs. \u00bb - \u00c9glise Adventiste Du Septieme Jour - Inter Am\u00e9rique Division","robots":{"index":"index","follow":"follow","max-snippet":"max-snippet:-1","max-image-preview":"max-image-preview:large","max-video-preview":"max-video-preview:-1"},"canonical":"https:\/\/interamerica.org\/fr\/2014\/04\/leglise-adventiste-sassocie-au-depot-dun-document-dans-une-demarche-legale-en-soutien-a-lallocation-logement-des-pasteurs\/","og_locale":"fr_FR","og_type":"article","og_title":"L\u2019Eglise Adventiste s\u2019associe au d\u00e9p\u00f4t d\u2019un document dans une d\u00e9marche l\u00e9gale, en soutien \u00e0 \u00ab l\u2019allocation logement des pasteurs. \u00bb - \u00c9glise Adventiste Du Septieme Jour - Inter Am\u00e9rique Division","og_description":"L\u2019Eglise Adventiste du Septi\u00e8me jour s\u2019est associ\u00e9e au d\u00e9p\u00f4t aujourd\u2019hui d\u2019un document dans le cadre d\u2019une d\u00e9marche judiciaire dans une Cours d\u2019Appel F\u00e9d\u00e9rale Am\u00e9ricaine ; ce document apporte des \u00e9l\u00e9ments remettant en cause une d\u00e9cision de justice datant de novembre stipulant que l\u2019exemption accord\u00e9e pour l\u2019allocation logement du pasteur est inconstitutionnelle.","og_url":"https:\/\/interamerica.org\/fr\/2014\/04\/leglise-adventiste-sassocie-au-depot-dun-document-dans-une-demarche-legale-en-soutien-a-lallocation-logement-des-pasteurs\/","og_site_name":"\u00c9glise Adventiste Du Septieme Jour - Inter Am\u00e9rique Division","article_published_time":"2014-04-10T04:00:00+00:00","author":"Lorenzo Verduzco","twitter_card":"summary_large_image","twitter_misc":{"\u00c9crit par":"Lorenzo Verduzco","Dur\u00e9e de lecture estim\u00e9e":"4 minutes"},"schema":{"@context":"https:\/\/schema.org","@graph":[{"@type":"Article","@id":"https:\/\/interamerica.org\/fr\/2014\/04\/leglise-adventiste-sassocie-au-depot-dun-document-dans-une-demarche-legale-en-soutien-a-lallocation-logement-des-pasteurs\/#article","isPartOf":{"@id":"https:\/\/interamerica.org\/fr\/2014\/04\/leglise-adventiste-sassocie-au-depot-dun-document-dans-une-demarche-legale-en-soutien-a-lallocation-logement-des-pasteurs\/"},"author":{"name":"Lorenzo Verduzco","@id":"https:\/\/interamerica.org\/fr\/#\/schema\/person\/68ede8bdc292885bb76c1e3810e73c39"},"headline":"L\u2019Eglise Adventiste s\u2019associe au d\u00e9p\u00f4t d\u2019un document dans une d\u00e9marche l\u00e9gale, en soutien \u00e0 \u00ab l\u2019allocation logement des pasteurs. \u00bb","datePublished":"2014-04-10T04:00:00+00:00","mainEntityOfPage":{"@id":"https:\/\/interamerica.org\/fr\/2014\/04\/leglise-adventiste-sassocie-au-depot-dun-document-dans-une-demarche-legale-en-soutien-a-lallocation-logement-des-pasteurs\/"},"wordCount":824,"articleSection":["Nouvelles de l'\u00c9glise mondiale"],"inLanguage":"fr-FR"},{"@type":"WebPage","@id":"https:\/\/interamerica.org\/fr\/2014\/04\/leglise-adventiste-sassocie-au-depot-dun-document-dans-une-demarche-legale-en-soutien-a-lallocation-logement-des-pasteurs\/","url":"https:\/\/interamerica.org\/fr\/2014\/04\/leglise-adventiste-sassocie-au-depot-dun-document-dans-une-demarche-legale-en-soutien-a-lallocation-logement-des-pasteurs\/","name":"L\u2019Eglise Adventiste s\u2019associe au d\u00e9p\u00f4t d\u2019un document dans une d\u00e9marche l\u00e9gale, en soutien \u00e0 \u00ab l\u2019allocation logement des pasteurs. \u00bb - \u00c9glise Adventiste Du Septieme Jour - Inter Am\u00e9rique Division","isPartOf":{"@id":"https:\/\/interamerica.org\/fr\/#website"},"datePublished":"2014-04-10T04:00:00+00:00","author":{"@id":"https:\/\/interamerica.org\/fr\/#\/schema\/person\/68ede8bdc292885bb76c1e3810e73c39"},"breadcrumb":{"@id":"https:\/\/interamerica.org\/fr\/2014\/04\/leglise-adventiste-sassocie-au-depot-dun-document-dans-une-demarche-legale-en-soutien-a-lallocation-logement-des-pasteurs\/#breadcrumb"},"inLanguage":"fr-FR","potentialAction":[{"@type":"ReadAction","target":["https:\/\/interamerica.org\/fr\/2014\/04\/leglise-adventiste-sassocie-au-depot-dun-document-dans-une-demarche-legale-en-soutien-a-lallocation-logement-des-pasteurs\/"]}]},{"@type":"BreadcrumbList","@id":"https:\/\/interamerica.org\/fr\/2014\/04\/leglise-adventiste-sassocie-au-depot-dun-document-dans-une-demarche-legale-en-soutien-a-lallocation-logement-des-pasteurs\/#breadcrumb","itemListElement":[{"@type":"ListItem","position":1,"name":"Home","item":"https:\/\/interamerica.org\/fr\/"},{"@type":"ListItem","position":2,"name":"L\u2019Eglise Adventiste s\u2019associe au d\u00e9p\u00f4t d\u2019un document dans une d\u00e9marche l\u00e9gale, en soutien \u00e0 \u00ab l\u2019allocation logement des pasteurs. \u00bb"}]},{"@type":"WebSite","@id":"https:\/\/interamerica.org\/fr\/#website","url":"https:\/\/interamerica.org\/fr\/","name":"\u00c9glise Adventiste Du Septieme Jour - Inter Am\u00e9rique Division","description":"","potentialAction":[{"@type":"SearchAction","target":{"@type":"EntryPoint","urlTemplate":"https:\/\/interamerica.org\/fr\/?s={search_term_string}"},"query-input":{"@type":"PropertyValueSpecification","valueRequired":true,"valueName":"search_term_string"}}],"inLanguage":"fr-FR"},{"@type":"Person","@id":"https:\/\/interamerica.org\/fr\/#\/schema\/person\/68ede8bdc292885bb76c1e3810e73c39","name":"Lorenzo Verduzco","image":{"@type":"ImageObject","inLanguage":"fr-FR","@id":"https:\/\/secure.gravatar.com\/avatar\/fb81a55b6218459490a9c1dc841a34909185b81904c5337b4b27f7a6fd60c49e?s=96&d=mm&r=g","url":"https:\/\/secure.gravatar.com\/avatar\/fb81a55b6218459490a9c1dc841a34909185b81904c5337b4b27f7a6fd60c49e?s=96&d=mm&r=g","contentUrl":"https:\/\/secure.gravatar.com\/avatar\/fb81a55b6218459490a9c1dc841a34909185b81904c5337b4b27f7a6fd60c49e?s=96&d=mm&r=g","caption":"Lorenzo Verduzco"}}]}},"_links":{"self":[{"href":"https:\/\/interamerica.org\/fr\/wp-json\/wp\/v2\/posts\/31930","targetHints":{"allow":["GET"]}}],"collection":[{"href":"https:\/\/interamerica.org\/fr\/wp-json\/wp\/v2\/posts"}],"about":[{"href":"https:\/\/interamerica.org\/fr\/wp-json\/wp\/v2\/types\/post"}],"author":[{"embeddable":true,"href":"https:\/\/interamerica.org\/fr\/wp-json\/wp\/v2\/users\/1"}],"replies":[{"embeddable":true,"href":"https:\/\/interamerica.org\/fr\/wp-json\/wp\/v2\/comments?post=31930"}],"version-history":[{"count":0,"href":"https:\/\/interamerica.org\/fr\/wp-json\/wp\/v2\/posts\/31930\/revisions"}],"wp:attachment":[{"href":"https:\/\/interamerica.org\/fr\/wp-json\/wp\/v2\/media?parent=31930"}],"wp:term":[{"taxonomy":"category","embeddable":true,"href":"https:\/\/interamerica.org\/fr\/wp-json\/wp\/v2\/categories?post=31930"},{"taxonomy":"post_tag","embeddable":true,"href":"https:\/\/interamerica.org\/fr\/wp-json\/wp\/v2\/tags?post=31930"}],"curies":[{"name":"wp","href":"https:\/\/api.w.org\/{rel}","templated":true}]}}