{"id":31933,"date":"2014-04-16T00:00:00","date_gmt":"2014-04-16T04:00:00","guid":{"rendered":"http:\/\/192.81.217.108\/interamerica\/2014\/04\/linter-amerique-celebre-limpact-dans-les-grandes-villes-depuis-mexico\/"},"modified":"2014-04-16T00:00:00","modified_gmt":"2014-04-16T04:00:00","slug":"linter-amerique-celebre-limpact-dans-les-grandes-villes-depuis-mexico","status":"publish","type":"post","link":"https:\/\/interamerica.org\/fr\/2014\/04\/linter-amerique-celebre-limpact-dans-les-grandes-villes-depuis-mexico\/","title":{"rendered":"L\u2019Inter Am\u00e9rique c\u00e9l\u00e8bre l\u2019impact dans les grandes villes depuis Mexico"},"content":{"rendered":"<div id=\"attachment_11413\" style=\"width: 600px\" class=\"wp-caption aligncenter\"><a href=\"\/interamerica\/wp-content\/uploads\/2017\/06\/V1M-flag-stage.png\" rel=\"fancybox\" title=\"L\u2019Inter Am\u00e9rique c\u00e9l\u00e8bre l\u2019impact dans les grandes villes depuis Mexico\"><img fetchpriority=\"high\" decoding=\"async\" aria-describedby=\"caption-attachment-11413\" class=\"size-full wp-image-11413\" src=\"\/interamerica\/wp-content\/uploads\/2017\/06\/V1M-flag-stage.png\" alt=\"\" width=\"590\" height=\"357\" \/><\/a><p id=\"caption-attachment-11413\" class=\"wp-caption-text\">Quelques 70 \u00e9vang\u00e9listes de toute l\u2019Inter Am\u00e9rique tiennent des drapeaux repr\u00e9sentant leurs pays alors que l\u2019Inter Am\u00e9rique d\u00e9bute sa c\u00e9l\u00e9bration de l\u2019\u00e9vang\u00e9lisation \u00e0 travers l\u2019Impact dans Les Grandes Villes, Vision Un Million 2014 depuis l\u2019Arena Ciudad de Mexico au Mexique le 12 Avril 2014. Le programme \u00e9tait retransmis en direct par satellite et repr\u00e9sentait le pont culminant d\u2019intenses efforts d\u2019\u00e9vang\u00e9lisation men\u00e9s au Mexique et dans le reste du territoire de la division et qui ont g\u00e9n\u00e9r\u00e9 plus de 45000 bapt\u00eames jusqu\u2019ici cette ann\u00e9e. Image de Libna Stevens\/DIA<\/p><\/div>\n<p>15 Avril 2014 \u2013 Mexico, Mexique\u2026Libna Stevens\/DIA<\/p>\n<div id=\"attachment_11414\" style=\"width: 477px\" class=\"wp-caption alignright\"><a href=\"\/interamerica\/wp-content\/uploads\/2017\/06\/V1M-crowd.png\" rel=\"fancybox\" title=\"L\u2019Inter Am\u00e9rique c\u00e9l\u00e8bre l\u2019impact dans les grandes villes depuis Mexico\"><img decoding=\"async\" aria-describedby=\"caption-attachment-11414\" class=\"size-full wp-image-11414\" src=\"\/interamerica\/wp-content\/uploads\/2017\/06\/V1M-crowd.png\" alt=\"\" width=\"467\" height=\"311\" \/><\/a><p id=\"caption-attachment-11414\" class=\"wp-caption-text\">Quelques 18000 personnes se sont r\u00e9unies \u00e0 l\u2019Arena Ciudad de Mexico pour assister et participer \u00e0 la c\u00e9l\u00e9bration de l\u2019impact \u00e9vang\u00e9lique de l\u2019\u00e9glise le 12 avril 2014. Image de Libna Stevens\/DIA.<\/p><\/div>\n<p>L\u2019Eglise Adventiste du Septi\u00e8me jour en Inter Am\u00e9rique a c\u00e9l\u00e9br\u00e9 son action d\u2019\u00e9vang\u00e9lisation d\u2019impact dans les grandes villes \u00e0 travers tout son territoire avec un programme retransmis par satellite depuis Mexico au Mexique le 12 avril 2014. Le programme \u00e9tait le point culminant de milliers de campagnes d\u2019\u00e9vang\u00e9lisation qui se sont termin\u00e9es la semaine derni\u00e8re dans tout le territoire de la Division Inter Am\u00e9ricaine (DIA). Ces grandes campagnes d\u2019\u00e9vang\u00e9lisation sont l\u2019\u0153uvre de milliers de pasteurs et de la\u00efcs qui ont pr\u00each\u00e9 l\u2019\u00e9vangile dans leurs communaut\u00e9s cette ann\u00e9e.<\/p>\n<p>Baptis\u00e9e Vision Un Million, l\u2019initiative a mis l\u2019accent cette ann\u00e9e sur l\u2019impact \u00e9vang\u00e9lique 2014 dans les grandes villes de toutes les 22 unions de l\u2019Inter Am\u00e9rique. Vision Un Million est une initiative qui a lieu chaque ann\u00e9e dans la DIA et qui vise \u00e0 motiver un million de membres d\u2019\u00e9glise \u00e0 devenir de vrais disciples et t\u00e9moins de J\u00e9sus et \u00e0 amener un million de nouveaux membres \u00e0 l\u2019\u00e9glise durant la p\u00e9riode de 2010 \u00e0 2015.<\/p>\n<p>Pr\u00e8s de 18000 membres d\u2019\u00e9glise ont rempli l\u2019Arena de Mexico afin d\u2019assister au programme de deux heures retransmis par satellite. Le programme \u00e9tait diffus\u00e9 sur Hope Channel, Esperanza TV, 3ABN, et 3ABN Latino en anglais, en espagnol et en fran\u00e7ais. Au cours de ce programme en direct, il y a eu des c\u00e9r\u00e9monies baptismales et des pr\u00e9sentations musicales.<\/p>\n<div id=\"attachment_11415\" style=\"width: 310px\" class=\"wp-caption alignleft\"><a href=\"\/interamerica\/wp-content\/uploads\/2017\/06\/RLaffairs-V1M.png\" rel=\"fancybox\" title=\"L\u2019Inter Am\u00e9rique c\u00e9l\u00e8bre l\u2019impact dans les grandes villes depuis Mexico\"><img decoding=\"async\" aria-describedby=\"caption-attachment-11415\" class=\"size-medium wp-image-11415 \" src=\"\/interamerica\/wp-content\/uploads\/2017\/06\/RLaffairs-V1M-300x201.png\" alt=\"\" width=\"300\" height=\"201\" \/><\/a><p id=\"caption-attachment-11415\" class=\"wp-caption-text\">Le Directeur des Affaires Religieuses du Mexique, Arturo Manuel Diaz, a remerci\u00e9 la direction de l\u2019\u00e9glise ainsi que ses membres de ce qu\u2019ils ont enrichi la vie des habitants du Mexique. Image de Brian Carpiet\/DIA.<\/p><\/div>\n<p>\u00ab Nous voulons vous faire savoir que nous sommes ravis que vous ayez choisi notre ville pour atteindre vos objectifs avec vos efforts de l\u2019Impact 2014, \u00bb a dit Cesar Palacios Trejo, maire d\u2019Azcapotzalco, en accueillant l\u2019auditoire. \u00ab Nous savons qu\u2019avec vos efforts vous aiderez \u00e0 fa\u00e7onner une soci\u00e9t\u00e9 meilleure. \u00bb<\/p>\n<p>Le Directeur des Affaires Religieuses du Mexique, Arturo Manuel Diaz, a remerci\u00e9 la direction de l\u2019\u00e9glise ainsi que ses membres d\u2019enrichir la vie des habitants du Mexique.<\/p>\n<p>\u00ab Le Mexique a vu cette \u00e9glise se d\u00e9velopper dans la dignit\u00e9 tout en jouissant de la libert\u00e9 de croyance offerte par la nation, \u00bb a dit Arturo Diaz. \u00ab Merci de promouvoir des valeurs bas\u00e9es sur des principes chez vos membres et de chercher \u00e0 servir et \u00e0 \u00eatre utiles dans vos entreprises. \u00bb<\/p>\n<p>Le pr\u00e9sident de l\u2019Eglise Adventiste mondiale, Ted N.C. Wilson a pr\u00e9sent\u00e9 le message principal \u00e0 l\u2019occasion du programme en direct et il a f\u00e9licit\u00e9 les pasteurs et les membres d\u2019\u00e9glise pour leur travail dans le cadre de l\u2019\u00e9vang\u00e9lisation urbaine r\u00e9alis\u00e9e au cours des trois derniers mois, ils les a invit\u00e9s \u00e0 continuer d\u2019\u00eatre un peuple qui \u00e9tudie et qui promeut la lecture de la parole de Dieu.<\/p>\n<p>\u00ab Dieu vous appelle en tant qu\u2019\u00e9glise du reste \u00e0 prendre part au r\u00e9veil et \u00e0 la r\u00e9forme afin de proclamer les messages proph\u00e9tiques de Daniel et d\u2019Apocalypse, \u00bb a dit pasteur Wilson.<\/p>\n<div id=\"attachment_11416\" style=\"width: 310px\" class=\"wp-caption alignleft\"><a href=\"\/interamerica\/wp-content\/uploads\/2017\/06\/TedWilson-V1M.png\" rel=\"fancybox\" title=\"L\u2019Inter Am\u00e9rique c\u00e9l\u00e8bre l\u2019impact dans les grandes villes depuis Mexico\"><img loading=\"lazy\" decoding=\"async\" aria-describedby=\"caption-attachment-11416\" class=\"size-medium wp-image-11416\" src=\"\/interamerica\/wp-content\/uploads\/2017\/06\/TedWilson-V1M-300x200.png\" alt=\"\" width=\"300\" height=\"200\" \/><\/a><p id=\"caption-attachment-11416\" class=\"wp-caption-text\">Le pr\u00e9sident de l\u2019Eglise Adventiste mondiale, pasteur Ted N.C. Wilson, a instamment invit\u00e9 les leaders et les membres d\u2019\u00e9glise \u00e0 continuer d\u2019\u00eatre un peuple qui \u00e9tudie et promeut la lecture de la Parole de Dieu. Image de Gregorio Vasquez\/DIA.<\/p><\/div>\n<p>Le leader Adventiste a encourag\u00e9 la congr\u00e9gation et les t\u00e9l\u00e9spectateurs \u00e0 prendre part \u00e0 la grande emphase plac\u00e9e \u00e0 travers le monde sur la mission dans les grandes villes et \u00e0 \u00ab prier comme vous n\u2019avez jamais pri\u00e9 auparavant, car Dieu vous appelle d\u2019une mani\u00e8re sp\u00e9ciale \u00e0 aider \u00e0 propager ce grand message de l\u2019av\u00e8nement de J\u00e9sus. \u00bb<\/p>\n<p>La grande emphase \u00e9vang\u00e9lique de cette ann\u00e9e c\u2019est de proclamer le message dans les villes \u00e0 travers la DIA, a d\u00e9clar\u00e9 pasteur Balvin Braham, secr\u00e9taire adjoint de l\u2019association pastorale et principal organisateur du programme.<\/p>\n<p>\u00ab Nous voulons mettre l\u2019accent sur les r\u00e9gions o\u00f9 nous avons implant\u00e9 des \u00e9glises et avoir davantage de membres dans ces endroits, \u00bb a dit Balvin Braham. \u00ab Nous voulons aussi nous concentrer sur les r\u00e9gions o\u00f9 il n\u2019y a aucune pr\u00e9sence Adventiste et y implanter de nouvelles \u00e9glises. \u00bb<\/p>\n<p>Dans le cadre de l\u2019Impact 2014 au Mexique, pr\u00e8s de 100 pasteurs et \u00e9vang\u00e9listes de l\u2019Am\u00e9rique Centrale, des Cara\u00efbes, des Antilles Fran\u00e7aises, de la Colombie, du Venezuela, du Canada et de l\u2019Angleterre se sont rendus au Mexique au d\u00e9but de ce mois pour s\u2019associer aux pasteurs locaux et aux la\u00efcs dans les \u00e9glises, les auditoriums, les centres communautaires et les petits groupes pendant une semaine. Au cours de cette semaine, ils ont rencontr\u00e9 les nouveaux croyants pour parler de l\u2019adh\u00e9sion \u00e0 l\u2019\u00e9glise, ils ont pass\u00e9 une semaine \u00e0 Mexico pour toucher la ville \u00e0 travers des campagnes d\u2019\u00e9vang\u00e9lisation a indiqu\u00e9 pasteur Braham.<\/p>\n<p>\u00ab Avec un pays aussi peupl\u00e9 que le Mexique, le pays compte plus de 115 millions d\u2019habitants, nous avons voulu cr\u00e9er une dynamique dans la grande ville, pas seulement chez les leaders locaux, mais aussi en se connectant avec d\u2019autres pr\u00e9dicateurs de l\u2019ext\u00e9rieur pour qu\u2019ils participent \u00e0 une grande action d\u2019impact dans la ville de telle sorte qu\u2019ils acqui\u00e8rent une exp\u00e9rience suppl\u00e9mentaire qu\u2019ils ram\u00e8neront dans leurs propres territoires locaux dans le cadre de cette exp\u00e9rience d\u2019\u00e9vang\u00e9lisation dans les grandes villes, \u00bb a dit pasteur Braham.<\/p>\n<div id=\"attachment_11187\" style=\"width: 310px\" class=\"wp-caption alignleft\"><a href=\"\/interamerica\/wp-content\/uploads\/2017\/06\/Braham.png\" rel=\"fancybox\" title=\"L\u2019Inter Am\u00e9rique c\u00e9l\u00e8bre l\u2019impact dans les grandes villes depuis Mexico\"><img loading=\"lazy\" decoding=\"async\" aria-describedby=\"caption-attachment-11187\" class=\"size-medium wp-image-11187 \" src=\"\/interamerica\/wp-content\/uploads\/2017\/06\/Braham-300x195.png\" alt=\"\" width=\"300\" height=\"195\" \/><\/a><p id=\"caption-attachment-11187\" class=\"wp-caption-text\">Pasteur Balvin Braham, secr\u00e9taire adjoint de l\u2019association pastorale et principal organisateur du programme, a indiqu\u00e9 que jusqu\u2019ici, plus de 6400 campagnes d\u2019\u00e9vang\u00e9lisation avaient eu lieu \u00e0 travers le Mexique cette ann\u00e9e, g\u00e9n\u00e9rant un total de 28300 nouveaux membres.<br \/>photo d&rsquo;archives DIA.<\/p><\/div>\n<p>Plus de 6400 campagnes d\u2019\u00e9vang\u00e9lisation ont eu lieu \u00e0 travers le Mexique, 200 d\u2019entre elles se sont d\u00e9roul\u00e9es \u00e0 Mexico la semaine derni\u00e8re. Les milliers de campagnes au Mexique ont permis d\u2019amener plus de 28300 nouveaux membres, a dit pasteur Braham.<\/p>\n<p>Les pasteurs ont \u00e9galement particip\u00e9 la semaine derni\u00e8re \u00e0 une \u00e9cole d\u2019\u00e9vang\u00e9lisation de trois jours o\u00f9 l\u2019accent \u00e9tait mis sur les strat\u00e9gies \u00e0 utiliser pour les r\u00e9gions urbaines, l\u2019implantation d\u2019\u00e9glise dans les r\u00e9gions urbaines, l\u2019utilisation de la technologie dans l\u2019\u00e9vang\u00e9lisation, l\u2019\u00e9vang\u00e9lisation pas les r\u00e9seaux sociaux, l\u2019\u00e9vang\u00e9lisation des personnes venant de religions non-Chr\u00e9tiennes, la contextualisation dans l\u2019\u00e9vang\u00e9lisation et bien plus encore, a expliqu\u00e9 Balvin Braham. Des milliers de pasteurs \u00e0 travers le territoire de la DIA ont particip\u00e9 via internet \u00e0 la formation en \u00e9vang\u00e9lisation.<\/p>\n<p>De plus, l\u2019Eglise Adventiste dans la r\u00e9gion Centre du Mexique a accueilli une \u00e9cole de formation \u00e0 l\u2019\u00e9vang\u00e9lisation de six semaines \u00e0 Mexico avec quelques 30 pasteurs venant de tout le Mexique. Les pasteurs ont \u00e9t\u00e9 form\u00e9s \u00e0 l\u2019\u00e9vang\u00e9lisation urbaine et ont particip\u00e9 \u00e0 des actions missionnaires urbaines avec des pasteurs de district locaux.<\/p>\n<div id=\"attachment_11418\" style=\"width: 310px\" class=\"wp-caption alignright\"><a href=\"\/interamerica\/wp-content\/uploads\/2017\/06\/OYiM-V1M.png\" rel=\"fancybox\" title=\"L\u2019Inter Am\u00e9rique c\u00e9l\u00e8bre l\u2019impact dans les grandes villes depuis Mexico\"><img loading=\"lazy\" decoding=\"async\" aria-describedby=\"caption-attachment-11418\" class=\"size-medium wp-image-11418\" src=\"\/interamerica\/wp-content\/uploads\/2017\/06\/OYiM-V1M-300x212.png\" alt=\"\" width=\"300\" height=\"212\" \/><\/a><p id=\"caption-attachment-11418\" class=\"wp-caption-text\">Un groupe de jeunes de l\u2019initiative Une Ann\u00e9e en Mission venant de toute la DIA pose pour une photo lors du programme retransmis par satellite alors qu\u2019ils terminaient les trois mois d\u2019impact \u00e9vang\u00e9lique dans la ville de Mexico. Image de Libna Stevens\/DIA.<\/p><\/div>\n<p>Le programme en direct a aussi permis de mettre en lumi\u00e8re le travail de plus de deux douzaines de jeunes qui se sont rendus \u00e0 Mexico depuis les principales unions de la DIA afin de participer \u00e0 la formation en \u00e9vang\u00e9lisation urbaine dans le cadre de l\u2019initiative de l\u2019\u00e9glise mondiale, Une Ann\u00e9e en Mission (OYiM). L\u2019initiative OYiM au niveau de la DIA avait form\u00e9 des jeunes menant une action missionnaire dans toute l\u2019agglom\u00e9ration afin de consolider la pr\u00e9sence Adventiste et effectuer des visites dans des r\u00e9gions non encore p\u00e9n\u00e9tr\u00e9es par l\u2019\u00e9glise en utilisant des cours sur la sant\u00e9, des cours d\u2019anglais, des activit\u00e9s sociales et spirituelles et bien plus encore.<\/p>\n<p>Pasteur Tomas Torres, pr\u00e9sident de l\u2019Eglise Adventiste dans la r\u00e9gion du Centre du Mexique qui compte plus de 74000 membres, a remerci\u00e9 la Division Inter Am\u00e9ricaine et son territoire pour son soutien visant \u00e0 booster l\u2019\u00e9vang\u00e9lisation urbaine \u00e0 Mexico.<\/p>\n<div id=\"attachment_11417\" style=\"width: 310px\" class=\"wp-caption alignleft\"><a href=\"\/interamerica\/wp-content\/uploads\/2017\/06\/Torres-V1M.png\" rel=\"fancybox\" title=\"L\u2019Inter Am\u00e9rique c\u00e9l\u00e8bre l\u2019impact dans les grandes villes depuis Mexico\"><img loading=\"lazy\" decoding=\"async\" aria-describedby=\"caption-attachment-11417\" class=\"size-medium wp-image-11417\" src=\"\/interamerica\/wp-content\/uploads\/2017\/06\/Torres-V1M-300x207.png\" alt=\"\" width=\"300\" height=\"207\" \/><\/a><p id=\"caption-attachment-11417\" class=\"wp-caption-text\">Pasteur Tomas Torres, pr\u00e9sident de l\u2019Eglise Adventiste dans l\u2019Union du Centre du Mexique a d\u00e9clar\u00e9 que l\u2019\u00e9glise s\u2019\u00e9tait d\u00e9velopp\u00e9e pour atteindre cinq champs locaux depuis que le si\u00e8ge avait \u00e9t\u00e9 \u00e9tabli \u00e0 Mexico il y a cinq ans. Image de Brian Carpiet\/DIA.<\/p><\/div>\n<p>\u00ab C\u2019est un privil\u00e8ge de partager avec vous ce moment historique pour l\u2019Eglise Adventiste \u00e0 Mexico, \u00bb a dit pasteur Torres.<\/p>\n<p>L\u2019Union Mexicaine du Centre a \u00e9t\u00e9 \u00e9tablie il y a tout juste cinq ans, avec son si\u00e8ge ici \u00e0 Mexico, une f\u00e9d\u00e9ration ainsi que trois missions, \u00bb a dit pasteur Torres. \u00ab L\u2019\u00e9glise compte maintenant trois f\u00e9d\u00e9rations, une mission et une toute nouvelle union aujourd\u2019hui, \u00bb a t-il ajout\u00e9.<\/p>\n<p>\u00ab La croissance de l\u2019Eglise Adventiste a \u00e9t\u00e9 vraiment b\u00e9nie par Dieu, les la\u00efcs et les membres d\u2019\u00e9glise qui consacrent du temps \u00e0 la proclamation du message de l\u2019\u00e9vangile, \u00bb a dit pasteur Torres.<br \/>\nVoir l\u2019\u00e9glise se d\u00e9velopper pour devenir un territoire comptant cinq r\u00e9gions dans le Centre du Mexique est une strat\u00e9gie qui avait \u00e9t\u00e9 mise en place il y a pr\u00e8s d\u2019une d\u00e9cennie lorsque les administrateurs de la DIA ont \u00e9tudi\u00e9 et planifi\u00e9 d\u2019accorder une attention particuli\u00e8re aux grandes villes \u00e0 travers l\u2019Inter Am\u00e9rique, a expliqu\u00e9 pasteur Isra\u00ebl Leito, pr\u00e9sident de l\u2019Eglise Adventiste en Inter Am\u00e9rique.<\/p>\n<div id=\"attachment_11420\" style=\"width: 310px\" class=\"wp-caption alignright\"><a href=\"\/interamerica\/wp-content\/uploads\/2017\/06\/V1M-baptisms.png\" rel=\"fancybox\" title=\"L\u2019Inter Am\u00e9rique c\u00e9l\u00e8bre l\u2019impact dans les grandes villes depuis Mexico\"><img loading=\"lazy\" decoding=\"async\" aria-describedby=\"caption-attachment-11420\" class=\"size-medium wp-image-11420\" src=\"\/interamerica\/wp-content\/uploads\/2017\/06\/V1M-baptisms-300x190.png\" alt=\"\" width=\"300\" height=\"190\" \/><\/a><p id=\"caption-attachment-11420\" class=\"wp-caption-text\">Deux douzaines de nouveaux membres ont \u00e9t\u00e9 baptis\u00e9s \u00e0 l\u2019occasion du programme Vision Un Million \u00e0 l\u2019Arena de Mexico. Ces nouveaux croyants repr\u00e9sentent les quelques 3100 nouveaux membres qui se sont joints \u00e0 l\u2019\u00e9glise dans la r\u00e9gion Centre du Mexique depuis janvier 2014. Image de Libna Stevens\/DIA.<\/p><\/div>\n<p>\u00ab Nous sommes heureux de constater cette progression et nous continuons de travailler pour cibler nos villes dans tout le territoire, \u00bb a dit pasteur Leito. \u00ab Nous r\u00e9alisons que cet impact \u00e9vang\u00e9lique dans les grandes villes n\u2019est pas aussi simple que dans les r\u00e9gions rurales quand on parle de gagner des \u00e2mes, dans les villes, il nous faut aller en profondeur dans la structure en \u00e9tablissant des centres d\u2019influence, en mettant en place des initiatives sp\u00e9ciales pour toucher l\u2019esprit des personnes post-modernes. \u00bb<\/p>\n<p>D\u00e9j\u00e0, l\u2019\u00e9glise a \u00e9tabli 24 centres d\u2019influence dans plusieurs villes \u00e0 travers la DIA. Le travail a commenc\u00e9 dans les endroits o\u00f9 il y a des communaut\u00e9s non-Chr\u00e9tiennes dans tout le territoire. Cela inclut des initiatives sp\u00e9ciales dans le domaine de la sant\u00e9 et l\u2019implantation de nouvelles \u00e9glises dans les r\u00e9gions urbaines, ont indiqu\u00e9 les leaders de la DIA.<\/p>\n<p>Les chiffres sont en baisse, a ajout\u00e9 pasteur Leito, c\u2019est quelque chose que les dirigeants ont remarqu\u00e9 et sur lequel ils se penchent. \u00ab Le plan de gain des \u00e2mes que nous avions mis en place visait \u00e0 avoir une moyenne de 250000 nouveaux membres s\u2019ajoutant \u00e0 l\u2019\u00e9glise chaque ann\u00e9e, ce qui nous donnerait environ un million de nouveaux membres d\u2019ici 2015, mais nous r\u00e9alisons que l\u2019impact dans les grandes villes n\u2019est pas bien servie par l\u2019approche traditionnelle dans l\u2019\u00e9vang\u00e9lisation, \u00bb a ajout\u00e9 pasteur Leito.<\/p>\n<p>\u00ab Nous travaillons dans le but de raviver la flamme du gain des \u00e2mes dans tout le territoire, insistant aupr\u00e8s de nos pasteurs pour qu\u2019ils ne s\u2019arr\u00eatent pas ou ne ralentissent pas dans la vision de la mission afin de toucher davantage d\u2019\u00e2mes pour le Royaume, \u00bb a ajout\u00e9 pasteur Leito. \u00ab C\u2019est la puissance du Saint Esprit qui ouvrira la voie pour que l\u2019\u00e9vangile touche davantage de personnes dans les villes. \u00bb<\/p>\n<div id=\"attachment_11364\" style=\"width: 310px\" class=\"wp-caption alignleft\"><a href=\"\/interamerica\/wp-content\/uploads\/2017\/06\/WestVenez-campaign.png\" rel=\"fancybox\" title=\"L\u2019Inter Am\u00e9rique c\u00e9l\u00e8bre l\u2019impact dans les grandes villes depuis Mexico\"><img loading=\"lazy\" decoding=\"async\" aria-describedby=\"caption-attachment-11364\" class=\"size-medium wp-image-11364\" src=\"\/interamerica\/wp-content\/uploads\/2017\/06\/WestVenez-campaign-300x199.png\" alt=\"\" width=\"300\" height=\"199\" \/><\/a><p id=\"caption-attachment-11364\" class=\"wp-caption-text\">Des milliers de personnes se sont r\u00e9unies au Palacio de los Eventos \u00e0 Maracaibo au Venezuela afin de participer \u00e0 la campagne d\u2019\u00e9vang\u00e9lisation du 1er au 22 mars 2014. Plus de 1200 nouveaux membres se sont joints \u00e0 l\u2019\u00e9glise suite aux efforts de l\u2019impact \u00e9vang\u00e9lique urbain. Image de l\u2019Union Ouest du Venezuela.<\/p><\/div>\n<p>Grace \u00e0 l\u2019action \u00e9vang\u00e9lique urbaine, l\u2019Eglise Adventiste dans toute l\u2019Inter Am\u00e9rique a eu cette ann\u00e9e de grands rassemblements d\u2019\u00e9vang\u00e9lisation, telle que la rencontre de <a href=\"\/?p=11384#axzz2z0hwnaO5\">Maracaibo, au Venezuela<\/a>, ou encore l\u2019initiative dans le domaine de la sant\u00e9 r\u00e9alis\u00e9e \u00e0 Monterrey dans le Nord du Mexique. De plus, il y a eu des actions d\u2019\u00e9vang\u00e9lisation \u00e0 Tabasco, dans le Sud-est du Mexique, des actions d\u2019impact urbain dans toute la <a href=\"\/?p=10438#axzz2z0hwnaO5\">Jama\u00efque<\/a>, mais aussi \u00e0 <a href=\"https:\/\/recursing-golick.147-182-135-0.plesk.page\/?m=201403#axzz2z0hwnaO5\">San Sebastian, \u00e0 Porto Rico<\/a>, une action d\u2019\u00e9vang\u00e9lisation urbaine au Guatemala et bien plus encore. Les leaders de l\u2019\u00e9glise ont fait \u00e9tat jusqu\u2019ici de pr\u00e8s de 45000 bapt\u00eames r\u00e9alis\u00e9s suite aux intenses efforts d\u2019\u00e9vang\u00e9lisation urbaine, et quelques 30000 bapt\u00eames dans les actions d\u2019\u00e9vang\u00e9lisation en zones rurales cette ann\u00e9e.<\/p>\n<p>L\u2019ann\u00e9e prochaine, la DIA organisera l\u2019action d\u2019impact urbain, Vision Un Million dans tout son territoire et aura son programme de c\u00e9l\u00e9bration annuel dans la Cara\u00efbe anglophone.<\/p>\n<p>Pour en savoir plus sur l\u2019initiative d\u2019impact dans les Grandes Villes, Vision Un Million 2014 en Inter Am\u00e9rique, cliquez <a href=\"http:\/\/visiononemillion.org\/\">ICI<\/a><\/p>\n<p>Pour voir une galerie de photos du programme, cliquez <a href=\"https:\/\/www.flickr.com\/photos\/interamerica\/13877910494\/\">ICI<\/a><\/p>\n<p>Traduction: Patrick Luciathe<\/p>\n","protected":false},"excerpt":{"rendered":"<p>L\u2019Eglise Adventiste du Septi\u00e8me jour en Inter Am\u00e9rique a c\u00e9l\u00e9br\u00e9 son action d\u2019\u00e9vang\u00e9lisation d\u2019impact dans les grandes villes \u00e0 travers tout son territoire avec un programme retransmis par satellite depuis Mexico au Mexique le 12 avril 2014.<\/p>\n","protected":false},"author":1,"featured_media":22955,"comment_status":"closed","ping_status":"closed","sticky":false,"template":"","format":"standard","meta":{"_acf_changed":false,"footnotes":""},"categories":[20],"tags":[],"class_list":["post-31933","post","type-post","status-publish","format-standard","has-post-thumbnail","hentry","category-nouvelles-du-siege-de-la-division"],"acf":[],"yoast_head":"<!-- This site is optimized with the Yoast SEO plugin v27.3 - https:\/\/yoast.com\/product\/yoast-seo-wordpress\/ -->\n<title>L\u2019Inter Am\u00e9rique c\u00e9l\u00e8bre l\u2019impact dans les grandes villes depuis Mexico - \u00c9glise Adventiste Du Septieme Jour - Inter Am\u00e9rique Division<\/title>\n<meta name=\"robots\" content=\"index, follow, max-snippet:-1, max-image-preview:large, max-video-preview:-1\" \/>\n<link rel=\"canonical\" href=\"https:\/\/interamerica.org\/fr\/2014\/04\/linter-amerique-celebre-limpact-dans-les-grandes-villes-depuis-mexico\/\" \/>\n<meta property=\"og:locale\" content=\"fr_FR\" \/>\n<meta property=\"og:type\" content=\"article\" \/>\n<meta property=\"og:title\" content=\"L\u2019Inter Am\u00e9rique c\u00e9l\u00e8bre l\u2019impact dans les grandes villes depuis Mexico - \u00c9glise Adventiste Du Septieme Jour - Inter Am\u00e9rique Division\" \/>\n<meta property=\"og:description\" content=\"L\u2019Eglise Adventiste du Septi\u00e8me jour en Inter Am\u00e9rique a c\u00e9l\u00e9br\u00e9 son action d\u2019\u00e9vang\u00e9lisation d\u2019impact dans les grandes villes \u00e0 travers tout son territoire avec un programme retransmis par satellite depuis Mexico au Mexique le 12 avril 2014.\" \/>\n<meta property=\"og:url\" content=\"https:\/\/interamerica.org\/fr\/2014\/04\/linter-amerique-celebre-limpact-dans-les-grandes-villes-depuis-mexico\/\" \/>\n<meta property=\"og:site_name\" content=\"\u00c9glise Adventiste Du Septieme Jour - Inter Am\u00e9rique Division\" \/>\n<meta property=\"article:published_time\" content=\"2014-04-16T04:00:00+00:00\" \/>\n<meta property=\"og:image\" content=\"https:\/\/interamerica.org\/wp-content\/uploads\/2017\/06\/V1M-flag-stage.png\" \/>\n\t<meta property=\"og:image:width\" content=\"590\" \/>\n\t<meta property=\"og:image:height\" content=\"357\" \/>\n\t<meta property=\"og:image:type\" content=\"image\/png\" \/>\n<meta name=\"author\" content=\"Lorenzo Verduzco\" \/>\n<meta name=\"twitter:card\" content=\"summary_large_image\" \/>\n<meta name=\"twitter:label1\" content=\"\u00c9crit par\" \/>\n\t<meta name=\"twitter:data1\" content=\"Lorenzo Verduzco\" \/>\n\t<meta name=\"twitter:label2\" content=\"Dur\u00e9e de lecture estim\u00e9e\" \/>\n\t<meta name=\"twitter:data2\" content=\"12 minutes\" \/>\n<script type=\"application\/ld+json\" class=\"yoast-schema-graph\">{\"@context\":\"https:\\\/\\\/schema.org\",\"@graph\":[{\"@type\":\"Article\",\"@id\":\"https:\\\/\\\/interamerica.org\\\/fr\\\/2014\\\/04\\\/linter-amerique-celebre-limpact-dans-les-grandes-villes-depuis-mexico\\\/#article\",\"isPartOf\":{\"@id\":\"https:\\\/\\\/interamerica.org\\\/fr\\\/2014\\\/04\\\/linter-amerique-celebre-limpact-dans-les-grandes-villes-depuis-mexico\\\/\"},\"author\":{\"name\":\"Lorenzo Verduzco\",\"@id\":\"https:\\\/\\\/interamerica.org\\\/fr\\\/#\\\/schema\\\/person\\\/68ede8bdc292885bb76c1e3810e73c39\"},\"headline\":\"L\u2019Inter Am\u00e9rique c\u00e9l\u00e8bre l\u2019impact dans les grandes villes depuis Mexico\",\"datePublished\":\"2014-04-16T04:00:00+00:00\",\"mainEntityOfPage\":{\"@id\":\"https:\\\/\\\/interamerica.org\\\/fr\\\/2014\\\/04\\\/linter-amerique-celebre-limpact-dans-les-grandes-villes-depuis-mexico\\\/\"},\"wordCount\":2490,\"image\":{\"@id\":\"https:\\\/\\\/interamerica.org\\\/fr\\\/2014\\\/04\\\/linter-amerique-celebre-limpact-dans-les-grandes-villes-depuis-mexico\\\/#primaryimage\"},\"thumbnailUrl\":\"https:\\\/\\\/interamerica.org\\\/wp-content\\\/uploads\\\/2017\\\/06\\\/V1M-flag-stage.png\",\"articleSection\":[\"Nouvelles du si\u00e8ge de la division\"],\"inLanguage\":\"fr-FR\"},{\"@type\":\"WebPage\",\"@id\":\"https:\\\/\\\/interamerica.org\\\/fr\\\/2014\\\/04\\\/linter-amerique-celebre-limpact-dans-les-grandes-villes-depuis-mexico\\\/\",\"url\":\"https:\\\/\\\/interamerica.org\\\/fr\\\/2014\\\/04\\\/linter-amerique-celebre-limpact-dans-les-grandes-villes-depuis-mexico\\\/\",\"name\":\"L\u2019Inter Am\u00e9rique c\u00e9l\u00e8bre l\u2019impact dans les grandes villes depuis Mexico - \u00c9glise Adventiste Du Septieme Jour - Inter Am\u00e9rique Division\",\"isPartOf\":{\"@id\":\"https:\\\/\\\/interamerica.org\\\/fr\\\/#website\"},\"primaryImageOfPage\":{\"@id\":\"https:\\\/\\\/interamerica.org\\\/fr\\\/2014\\\/04\\\/linter-amerique-celebre-limpact-dans-les-grandes-villes-depuis-mexico\\\/#primaryimage\"},\"image\":{\"@id\":\"https:\\\/\\\/interamerica.org\\\/fr\\\/2014\\\/04\\\/linter-amerique-celebre-limpact-dans-les-grandes-villes-depuis-mexico\\\/#primaryimage\"},\"thumbnailUrl\":\"https:\\\/\\\/interamerica.org\\\/wp-content\\\/uploads\\\/2017\\\/06\\\/V1M-flag-stage.png\",\"datePublished\":\"2014-04-16T04:00:00+00:00\",\"author\":{\"@id\":\"https:\\\/\\\/interamerica.org\\\/fr\\\/#\\\/schema\\\/person\\\/68ede8bdc292885bb76c1e3810e73c39\"},\"breadcrumb\":{\"@id\":\"https:\\\/\\\/interamerica.org\\\/fr\\\/2014\\\/04\\\/linter-amerique-celebre-limpact-dans-les-grandes-villes-depuis-mexico\\\/#breadcrumb\"},\"inLanguage\":\"fr-FR\",\"potentialAction\":[{\"@type\":\"ReadAction\",\"target\":[\"https:\\\/\\\/interamerica.org\\\/fr\\\/2014\\\/04\\\/linter-amerique-celebre-limpact-dans-les-grandes-villes-depuis-mexico\\\/\"]}]},{\"@type\":\"ImageObject\",\"inLanguage\":\"fr-FR\",\"@id\":\"https:\\\/\\\/interamerica.org\\\/fr\\\/2014\\\/04\\\/linter-amerique-celebre-limpact-dans-les-grandes-villes-depuis-mexico\\\/#primaryimage\",\"url\":\"https:\\\/\\\/interamerica.org\\\/wp-content\\\/uploads\\\/2017\\\/06\\\/V1M-flag-stage.png\",\"contentUrl\":\"https:\\\/\\\/interamerica.org\\\/wp-content\\\/uploads\\\/2017\\\/06\\\/V1M-flag-stage.png\",\"width\":590,\"height\":357},{\"@type\":\"BreadcrumbList\",\"@id\":\"https:\\\/\\\/interamerica.org\\\/fr\\\/2014\\\/04\\\/linter-amerique-celebre-limpact-dans-les-grandes-villes-depuis-mexico\\\/#breadcrumb\",\"itemListElement\":[{\"@type\":\"ListItem\",\"position\":1,\"name\":\"Home\",\"item\":\"https:\\\/\\\/interamerica.org\\\/fr\\\/\"},{\"@type\":\"ListItem\",\"position\":2,\"name\":\"L\u2019Inter Am\u00e9rique c\u00e9l\u00e8bre l\u2019impact dans les grandes villes depuis Mexico\"}]},{\"@type\":\"WebSite\",\"@id\":\"https:\\\/\\\/interamerica.org\\\/fr\\\/#website\",\"url\":\"https:\\\/\\\/interamerica.org\\\/fr\\\/\",\"name\":\"\u00c9glise Adventiste Du Septieme Jour - Inter Am\u00e9rique Division\",\"description\":\"\",\"potentialAction\":[{\"@type\":\"SearchAction\",\"target\":{\"@type\":\"EntryPoint\",\"urlTemplate\":\"https:\\\/\\\/interamerica.org\\\/fr\\\/?s={search_term_string}\"},\"query-input\":{\"@type\":\"PropertyValueSpecification\",\"valueRequired\":true,\"valueName\":\"search_term_string\"}}],\"inLanguage\":\"fr-FR\"},{\"@type\":\"Person\",\"@id\":\"https:\\\/\\\/interamerica.org\\\/fr\\\/#\\\/schema\\\/person\\\/68ede8bdc292885bb76c1e3810e73c39\",\"name\":\"Lorenzo Verduzco\",\"image\":{\"@type\":\"ImageObject\",\"inLanguage\":\"fr-FR\",\"@id\":\"https:\\\/\\\/secure.gravatar.com\\\/avatar\\\/fb81a55b6218459490a9c1dc841a34909185b81904c5337b4b27f7a6fd60c49e?s=96&d=mm&r=g\",\"url\":\"https:\\\/\\\/secure.gravatar.com\\\/avatar\\\/fb81a55b6218459490a9c1dc841a34909185b81904c5337b4b27f7a6fd60c49e?s=96&d=mm&r=g\",\"contentUrl\":\"https:\\\/\\\/secure.gravatar.com\\\/avatar\\\/fb81a55b6218459490a9c1dc841a34909185b81904c5337b4b27f7a6fd60c49e?s=96&d=mm&r=g\",\"caption\":\"Lorenzo Verduzco\"}}]}<\/script>\n<!-- \/ Yoast SEO plugin. -->","yoast_head_json":{"title":"L\u2019Inter Am\u00e9rique c\u00e9l\u00e8bre l\u2019impact dans les grandes villes depuis Mexico - \u00c9glise Adventiste Du Septieme Jour - Inter Am\u00e9rique Division","robots":{"index":"index","follow":"follow","max-snippet":"max-snippet:-1","max-image-preview":"max-image-preview:large","max-video-preview":"max-video-preview:-1"},"canonical":"https:\/\/interamerica.org\/fr\/2014\/04\/linter-amerique-celebre-limpact-dans-les-grandes-villes-depuis-mexico\/","og_locale":"fr_FR","og_type":"article","og_title":"L\u2019Inter Am\u00e9rique c\u00e9l\u00e8bre l\u2019impact dans les grandes villes depuis Mexico - \u00c9glise Adventiste Du Septieme Jour - Inter Am\u00e9rique Division","og_description":"L\u2019Eglise Adventiste du Septi\u00e8me jour en Inter Am\u00e9rique a c\u00e9l\u00e9br\u00e9 son action d\u2019\u00e9vang\u00e9lisation d\u2019impact dans les grandes villes \u00e0 travers tout son territoire avec un programme retransmis par satellite depuis Mexico au Mexique le 12 avril 2014.","og_url":"https:\/\/interamerica.org\/fr\/2014\/04\/linter-amerique-celebre-limpact-dans-les-grandes-villes-depuis-mexico\/","og_site_name":"\u00c9glise Adventiste Du Septieme Jour - Inter Am\u00e9rique Division","article_published_time":"2014-04-16T04:00:00+00:00","og_image":[{"width":590,"height":357,"url":"https:\/\/interamerica.org\/wp-content\/uploads\/2017\/06\/V1M-flag-stage.png","type":"image\/png"}],"author":"Lorenzo Verduzco","twitter_card":"summary_large_image","twitter_misc":{"\u00c9crit par":"Lorenzo Verduzco","Dur\u00e9e de lecture estim\u00e9e":"12 minutes"},"schema":{"@context":"https:\/\/schema.org","@graph":[{"@type":"Article","@id":"https:\/\/interamerica.org\/fr\/2014\/04\/linter-amerique-celebre-limpact-dans-les-grandes-villes-depuis-mexico\/#article","isPartOf":{"@id":"https:\/\/interamerica.org\/fr\/2014\/04\/linter-amerique-celebre-limpact-dans-les-grandes-villes-depuis-mexico\/"},"author":{"name":"Lorenzo Verduzco","@id":"https:\/\/interamerica.org\/fr\/#\/schema\/person\/68ede8bdc292885bb76c1e3810e73c39"},"headline":"L\u2019Inter Am\u00e9rique c\u00e9l\u00e8bre l\u2019impact dans les grandes villes depuis Mexico","datePublished":"2014-04-16T04:00:00+00:00","mainEntityOfPage":{"@id":"https:\/\/interamerica.org\/fr\/2014\/04\/linter-amerique-celebre-limpact-dans-les-grandes-villes-depuis-mexico\/"},"wordCount":2490,"image":{"@id":"https:\/\/interamerica.org\/fr\/2014\/04\/linter-amerique-celebre-limpact-dans-les-grandes-villes-depuis-mexico\/#primaryimage"},"thumbnailUrl":"https:\/\/interamerica.org\/wp-content\/uploads\/2017\/06\/V1M-flag-stage.png","articleSection":["Nouvelles du si\u00e8ge de la division"],"inLanguage":"fr-FR"},{"@type":"WebPage","@id":"https:\/\/interamerica.org\/fr\/2014\/04\/linter-amerique-celebre-limpact-dans-les-grandes-villes-depuis-mexico\/","url":"https:\/\/interamerica.org\/fr\/2014\/04\/linter-amerique-celebre-limpact-dans-les-grandes-villes-depuis-mexico\/","name":"L\u2019Inter Am\u00e9rique c\u00e9l\u00e8bre l\u2019impact dans les grandes villes depuis Mexico - \u00c9glise Adventiste Du Septieme Jour - Inter Am\u00e9rique Division","isPartOf":{"@id":"https:\/\/interamerica.org\/fr\/#website"},"primaryImageOfPage":{"@id":"https:\/\/interamerica.org\/fr\/2014\/04\/linter-amerique-celebre-limpact-dans-les-grandes-villes-depuis-mexico\/#primaryimage"},"image":{"@id":"https:\/\/interamerica.org\/fr\/2014\/04\/linter-amerique-celebre-limpact-dans-les-grandes-villes-depuis-mexico\/#primaryimage"},"thumbnailUrl":"https:\/\/interamerica.org\/wp-content\/uploads\/2017\/06\/V1M-flag-stage.png","datePublished":"2014-04-16T04:00:00+00:00","author":{"@id":"https:\/\/interamerica.org\/fr\/#\/schema\/person\/68ede8bdc292885bb76c1e3810e73c39"},"breadcrumb":{"@id":"https:\/\/interamerica.org\/fr\/2014\/04\/linter-amerique-celebre-limpact-dans-les-grandes-villes-depuis-mexico\/#breadcrumb"},"inLanguage":"fr-FR","potentialAction":[{"@type":"ReadAction","target":["https:\/\/interamerica.org\/fr\/2014\/04\/linter-amerique-celebre-limpact-dans-les-grandes-villes-depuis-mexico\/"]}]},{"@type":"ImageObject","inLanguage":"fr-FR","@id":"https:\/\/interamerica.org\/fr\/2014\/04\/linter-amerique-celebre-limpact-dans-les-grandes-villes-depuis-mexico\/#primaryimage","url":"https:\/\/interamerica.org\/wp-content\/uploads\/2017\/06\/V1M-flag-stage.png","contentUrl":"https:\/\/interamerica.org\/wp-content\/uploads\/2017\/06\/V1M-flag-stage.png","width":590,"height":357},{"@type":"BreadcrumbList","@id":"https:\/\/interamerica.org\/fr\/2014\/04\/linter-amerique-celebre-limpact-dans-les-grandes-villes-depuis-mexico\/#breadcrumb","itemListElement":[{"@type":"ListItem","position":1,"name":"Home","item":"https:\/\/interamerica.org\/fr\/"},{"@type":"ListItem","position":2,"name":"L\u2019Inter Am\u00e9rique c\u00e9l\u00e8bre l\u2019impact dans les grandes villes depuis Mexico"}]},{"@type":"WebSite","@id":"https:\/\/interamerica.org\/fr\/#website","url":"https:\/\/interamerica.org\/fr\/","name":"\u00c9glise Adventiste Du Septieme Jour - Inter Am\u00e9rique Division","description":"","potentialAction":[{"@type":"SearchAction","target":{"@type":"EntryPoint","urlTemplate":"https:\/\/interamerica.org\/fr\/?s={search_term_string}"},"query-input":{"@type":"PropertyValueSpecification","valueRequired":true,"valueName":"search_term_string"}}],"inLanguage":"fr-FR"},{"@type":"Person","@id":"https:\/\/interamerica.org\/fr\/#\/schema\/person\/68ede8bdc292885bb76c1e3810e73c39","name":"Lorenzo Verduzco","image":{"@type":"ImageObject","inLanguage":"fr-FR","@id":"https:\/\/secure.gravatar.com\/avatar\/fb81a55b6218459490a9c1dc841a34909185b81904c5337b4b27f7a6fd60c49e?s=96&d=mm&r=g","url":"https:\/\/secure.gravatar.com\/avatar\/fb81a55b6218459490a9c1dc841a34909185b81904c5337b4b27f7a6fd60c49e?s=96&d=mm&r=g","contentUrl":"https:\/\/secure.gravatar.com\/avatar\/fb81a55b6218459490a9c1dc841a34909185b81904c5337b4b27f7a6fd60c49e?s=96&d=mm&r=g","caption":"Lorenzo Verduzco"}}]}},"_links":{"self":[{"href":"https:\/\/interamerica.org\/fr\/wp-json\/wp\/v2\/posts\/31933","targetHints":{"allow":["GET"]}}],"collection":[{"href":"https:\/\/interamerica.org\/fr\/wp-json\/wp\/v2\/posts"}],"about":[{"href":"https:\/\/interamerica.org\/fr\/wp-json\/wp\/v2\/types\/post"}],"author":[{"embeddable":true,"href":"https:\/\/interamerica.org\/fr\/wp-json\/wp\/v2\/users\/1"}],"replies":[{"embeddable":true,"href":"https:\/\/interamerica.org\/fr\/wp-json\/wp\/v2\/comments?post=31933"}],"version-history":[{"count":0,"href":"https:\/\/interamerica.org\/fr\/wp-json\/wp\/v2\/posts\/31933\/revisions"}],"wp:featuredmedia":[{"embeddable":true,"href":"https:\/\/interamerica.org\/fr\/wp-json\/wp\/v2\/media\/22955"}],"wp:attachment":[{"href":"https:\/\/interamerica.org\/fr\/wp-json\/wp\/v2\/media?parent=31933"}],"wp:term":[{"taxonomy":"category","embeddable":true,"href":"https:\/\/interamerica.org\/fr\/wp-json\/wp\/v2\/categories?post=31933"},{"taxonomy":"post_tag","embeddable":true,"href":"https:\/\/interamerica.org\/fr\/wp-json\/wp\/v2\/tags?post=31933"}],"curies":[{"name":"wp","href":"https:\/\/api.w.org\/{rel}","templated":true}]}}