{"id":31936,"date":"2014-04-21T00:00:00","date_gmt":"2014-04-21T04:00:00","guid":{"rendered":"http:\/\/192.81.217.108\/interamerica\/2014\/04\/loffrande-du-13eme-sabbat-depasse-le-million-de-dollars-us-un-evenement-historique\/"},"modified":"2014-04-21T00:00:00","modified_gmt":"2014-04-21T04:00:00","slug":"loffrande-du-13eme-sabbat-depasse-le-million-de-dollars-us-un-evenement-historique","status":"publish","type":"post","link":"https:\/\/interamerica.org\/fr\/2014\/04\/loffrande-du-13eme-sabbat-depasse-le-million-de-dollars-us-un-evenement-historique\/","title":{"rendered":"L\u2019offrande du 13\u00e8me Sabbat d\u00e9passe le million de dollars US, un \u00e9v\u00e8nement historique."},"content":{"rendered":"<p>18 Avril 2014 \u2013 Silver Spring, Maryland, Etats Unis\u2026Elizabeth Lechleitner\/ANN<\/p>\n<div id=\"attachment_11471\" style=\"width: 310px\" class=\"wp-caption alignleft\"><a href=\"\/interamerica\/wp-content\/uploads\/2017\/06\/lemon-sm-14.jpg\" rel=\"fancybox\" title=\"L\u2019offrande du 13\u00e8me Sabbat d\u00e9passe le million de dollars US, un \u00e9v\u00e8nement historique.\"><img fetchpriority=\"high\" decoding=\"async\" aria-describedby=\"caption-attachment-11471\" class=\"size-medium wp-image-11471\" src=\"\/interamerica\/wp-content\/uploads\/2017\/06\/lemon-sm-14-300x199.jpg\" alt=\"\" width=\"300\" height=\"199\" \/><\/a><p id=\"caption-attachment-11471\" class=\"wp-caption-text\">Le tr\u00e9sorier de l\u2019Eglise Adventiste, Robert E. Lemon, pr\u00e9sente son rapport aux d\u00e9l\u00e9gu\u00e9s de la Rencontre de Printemps. Image de Viviene Martinelli.<\/p><\/div>\n<p>La semaine derni\u00e8re, les d\u00e9l\u00e9gu\u00e9s \u00e0 la Rencontre de Printemps ont accueilli les nouvelles selon lesquelles l\u2019Eglise Adventiste du Septi\u00e8me jour a atteint un jalon financier significatif l\u2019ann\u00e9e derni\u00e8re.<\/p>\n<p>Les offrandes du treizi\u00e8me Sabbat pour le quatri\u00e8me trimestre de l\u2019ann\u00e9e 2013 ont exc\u00e9d\u00e9 le million de dollars US pour la premi\u00e8re fois dans l\u2019histoire de cette offrande. L\u2019offrande du treizi\u00e8me Sabbat est collect\u00e9e le dernier samedi de chaque trimestre dans les \u00e9glises Adventistes du monde entier. L\u2019offrande offre aux membres une opportunit\u00e9 de donner pour des projets sp\u00e9cifiques qui permettent de d\u00e9velopper l\u2019Eglise Adventiste de mani\u00e8re tangible.<\/p>\n<p>L\u2019offrande record de l\u2019ann\u00e9e derni\u00e8re permettra d\u2019\u00e9tablir de nouvelles congr\u00e9gations et de soutenir l\u2019\u00e9vang\u00e9lisation innovante en Europe, y compris \u00e0 travers la mise en place de centres d\u2019\u00e9vang\u00e9lisation en Gr\u00e8ce et en Mac\u00e9doine, ont indiqu\u00e9 les responsables financiers lors du rapport financier du 9 avril.<\/p>\n<p>Les dimes et les offrandes constituaient un autre \u00e9l\u00e9ment positif l\u2019ann\u00e9e derni\u00e8re. Les dimes r\u00e9colt\u00e9es dans la Division Nord Am\u00e9ricaine ont augment\u00e9 de 3,6 pourcent, soit un total de plus de 1,4 milliards de dollars.<\/p>\n<p>Les offrandes des missions en dehors de l\u2019Am\u00e9rique du Nord ont connu une croissance similaire, atteignant environ 64 millions de dollars \u2013 une augmentation de 6 pourcent par rapport \u00e0 l\u2019ann\u00e9e pr\u00e9c\u00e9dente. Dans le m\u00eame temps, l\u2019offrande des missions recueillie en Am\u00e9rique du Nord a connu une diminution de pr\u00e8s de 2 pourcent, soit un total d\u2019environ 22 millions de dollars.<\/p>\n<p>\u00ab En d\u00e9pit de la r\u00e9cession et de la lente reprise \u00e9conomique aux Etats Unis, l\u2019\u00e9conomie de la plupart des pays du monde est demeur\u00e9e stable, \u00bb a indiqu\u00e9 le tr\u00e9sorier de l\u2019Eglise Adventiste mondiale, Robert E. Lemon. Cette r\u00e9alit\u00e9 se refl\u00e8te dans l\u2019augmentation des dimes et offrandes venant de l\u2019ext\u00e9rieur de l\u2019Am\u00e9rique du Nord, a t-il ajout\u00e9.<\/p>\n<p>\u00ab Nous louons Dieu pour l\u2019augmentation des dimes dans le monde et en particulier pour les offrandes des missions qui ont permis d\u2019absorber la diminution des dimes en provenance d\u2019Am\u00e9rique du Nord, \u00bb a dit le pr\u00e9sident de l\u2019Eglise Adventiste mondiale, Ted N.C. Wilson.<\/p>\n<p>Ted Wilson faisait r\u00e9f\u00e9rence \u00e0 un plan actuellement en place qui vise \u00e0 diminuer la portion de dimes en provenance d\u2019Am\u00e9rique du Nord qui restent au si\u00e8ge de l\u2019Eglise Adventiste mondiale \u2013 de 8 pourcent en 2012 \u00e0 6 pourcent en 2020.<\/p>\n<p>Le sous tr\u00e9sorier de l\u2019Eglise Adventiste mondiale, Juan Prestol a d\u00e9clar\u00e9 que l\u2019\u00e9glise sentirait vraisemblablement l\u2019effet de la r\u00e9duction cette ann\u00e9e. \u00ab Ce sera une ann\u00e9e test, \u00bb a t-il dit, \u00ab mais en assumant que nos membres demeureront fid\u00e8les\u2026nous anticipons qu\u2019alors que nous avan\u00e7ons dans l\u2019ann\u00e9e, nous devrions \u00eatre en mesure d\u2019absorber le choc. \u00bb<\/p>\n<p>Dans le m\u00eame temps, le si\u00e8ge de l\u2019Eglise Adventiste mondiale continue de fonctionner de mani\u00e8re significative en dessous de son plafond de d\u00e9penses qui est \u00e9tabli par le Comit\u00e9 Ex\u00e9cutif. Le si\u00e8ge \u00e9tait \u00e0 pr\u00e8s de 7 millions de dollars en dessous de son budget l\u2019ann\u00e9e derni\u00e8re.<\/p>\n<p>Les d\u00e9l\u00e9gu\u00e9s ont aussi donn\u00e9 leur accord pour plusieurs allocations recommand\u00e9es par le Comit\u00e9 de Planification Strat\u00e9gique et Budg\u00e9tisation :<\/p>\n<p>\u2022 1,6 millions de dollars pour des initiatives dans le domaine de la sant\u00e9 et de l\u2019\u00e9ducation dans l\u2019Union du Moyen Orient et de l\u2019Afrique du Nord (MENA).<br \/>\n\u2022 600000 dollars pour la Division de l\u2019Asie Pacifique Sud pour couvrir le lancement de Hope Channel Indon\u00e9sie.<br \/>\n\u2022 650000 dollars pour des centres de formation th\u00e9ologique dans la Division de l\u2019Asie Pacifique Nord.<br \/>\n\u2022 8 millions de dollars \u00e0 Hope Channel pour prolonger le contrat satellite et DirectTV du r\u00e9seau de t\u00e9l\u00e9vision Adventiste officiel jusqu\u2019en 2020.<br \/>\n\u2022 2,8 millions de dollars pour les 13 divisions de l\u2019Eglise Adventiste et la MENA.<\/p>\n<p>La dotation pour Hope Channel vient de ce qu\u2019on appelle la \u00ab dime extraordinaire \u00bb, un don priv\u00e9 unique de 102 millions de dollars en dimes fait \u00e0 l\u2019Eglise Adventiste en 2007. Juan Prestol a dit que les responsables financiers de l\u2019\u00e9glise anticipent que Hope Channel absorbe les co\u00fbts du contrat dans son propre budget d\u2019ici 2020.<\/p>\n<p>Plus de 12 millions de dollars de cette d\u00eeme extraordinaire sont encore r\u00e9serv\u00e9s pour aider \u00e0 la transition de projets qui ont \u00e9t\u00e9 lanc\u00e9s \u00e0 partir de cette dime extraordinaire et qui passent dans les budgets de fonctionnement, a expliqu\u00e9 Juan Prestol.<\/p>\n<p>Concernant l\u2019allocation de 2,8 millions de dollars aux division mondiales de l\u2019\u00e9glise et \u00e0 la MENA, Juan Prestol a indiqu\u00e9 que les r\u00e9gions de l\u2019\u00e9glise sont encourag\u00e9es \u00e0 utiliser ces fonds sur les projets de Mission dans les Grandes Villes, mais qu\u2019elles peuvent utiliser l\u2019argent \u00ab \u00e0 leur propre discr\u00e9tion. \u00bb<\/p>\n<p>Le rapport du tr\u00e9sorier pr\u00e9sent\u00e9 la semaine derni\u00e8re comprenait \u00e9galement une annonce \u00e0 propos de changements au niveau du personnel au si\u00e8ge de l\u2019Eglise Adventiste mondiale. Verland Ernston, contr\u00f4leur de longue date pour l\u2019Eglise Adventiste partira \u00e0 la retraite en juin. Le contr\u00f4leur adjoint actuel, Eug\u00e8ne Korff, a \u00e9t\u00e9 nomm\u00e9 comme contr\u00f4leur, a dit Robert Lemon. Dans le m\u00eame temps, le manager du portefeuille d\u2019investissements, Denise Greenough a \u00e9t\u00e9 nomm\u00e9e \u00e0 la position de contr\u00f4leur adjoint et d\u00e9butera le 1er juin. L\u2019\u00e9glise a aussi promu le comptable en chef Raul Nestares \u00e0 la position de tr\u00e9sorier adjoint, en remplacement de Dean Rogers qui a r\u00e9cemment pris sa retraite.<\/p>\n<p>Ted Wilson, dans ses derni\u00e8res remarques apr\u00e8s le rapport, a exprim\u00e9 sa profonde appr\u00e9ciation aux responsables financiers et au personnel.<\/p>\n<p>\u00ab Nous avons une grande dette de gratitude envers la tr\u00e9sorerie pour sa gestion attentive des fonds de l\u2019\u00e9glise, \u00bb a t-il ajout\u00e9.<\/p>\n<p>Traduction: Patrick Luciathe<\/p>\n","protected":false},"excerpt":{"rendered":"<p>La semaine derni\u00e8re, les d\u00e9l\u00e9gu\u00e9s \u00e0 la Rencontre de Printemps ont accueilli les nouvelles selon lesquelles l\u2019Eglise Adventiste du Septi\u00e8me jour a atteint un jalon financier significatif l\u2019ann\u00e9e derni\u00e8re.<\/p>\n","protected":false},"author":1,"featured_media":22991,"comment_status":"closed","ping_status":"closed","sticky":false,"template":"","format":"standard","meta":{"_acf_changed":false,"footnotes":""},"categories":[18],"tags":[],"class_list":["post-31936","post","type-post","status-publish","format-standard","has-post-thumbnail","hentry","category-nouvelles-de-leglise-mondiale"],"acf":[],"yoast_head":"<!-- This site is optimized with the Yoast SEO plugin v27.3 - https:\/\/yoast.com\/product\/yoast-seo-wordpress\/ -->\n<title>L\u2019offrande du 13\u00e8me Sabbat d\u00e9passe le million de dollars US, un \u00e9v\u00e8nement historique. - \u00c9glise Adventiste Du Septieme Jour - Inter Am\u00e9rique Division<\/title>\n<meta name=\"robots\" content=\"index, follow, max-snippet:-1, max-image-preview:large, max-video-preview:-1\" \/>\n<link rel=\"canonical\" href=\"https:\/\/interamerica.org\/fr\/2014\/04\/loffrande-du-13eme-sabbat-depasse-le-million-de-dollars-us-un-evenement-historique\/\" \/>\n<meta property=\"og:locale\" content=\"fr_FR\" \/>\n<meta property=\"og:type\" content=\"article\" \/>\n<meta property=\"og:title\" content=\"L\u2019offrande du 13\u00e8me Sabbat d\u00e9passe le million de dollars US, un \u00e9v\u00e8nement historique. - \u00c9glise Adventiste Du Septieme Jour - Inter Am\u00e9rique Division\" \/>\n<meta property=\"og:description\" content=\"La semaine derni\u00e8re, les d\u00e9l\u00e9gu\u00e9s \u00e0 la Rencontre de Printemps ont accueilli les nouvelles selon lesquelles l\u2019Eglise Adventiste du Septi\u00e8me jour a atteint un jalon financier significatif l\u2019ann\u00e9e derni\u00e8re.\" \/>\n<meta property=\"og:url\" content=\"https:\/\/interamerica.org\/fr\/2014\/04\/loffrande-du-13eme-sabbat-depasse-le-million-de-dollars-us-un-evenement-historique\/\" \/>\n<meta property=\"og:site_name\" content=\"\u00c9glise Adventiste Du Septieme Jour - Inter Am\u00e9rique Division\" \/>\n<meta property=\"article:published_time\" content=\"2014-04-21T04:00:00+00:00\" \/>\n<meta property=\"og:image\" content=\"https:\/\/interamerica.org\/wp-content\/uploads\/2017\/06\/lemon-sm-14.jpg\" \/>\n\t<meta property=\"og:image:width\" content=\"400\" \/>\n\t<meta property=\"og:image:height\" content=\"266\" \/>\n\t<meta property=\"og:image:type\" content=\"image\/jpeg\" \/>\n<meta name=\"author\" content=\"Lorenzo Verduzco\" \/>\n<meta name=\"twitter:card\" content=\"summary_large_image\" \/>\n<meta name=\"twitter:label1\" content=\"\u00c9crit par\" \/>\n\t<meta name=\"twitter:data1\" content=\"Lorenzo Verduzco\" \/>\n\t<meta name=\"twitter:label2\" content=\"Dur\u00e9e de lecture estim\u00e9e\" \/>\n\t<meta name=\"twitter:data2\" content=\"5 minutes\" \/>\n<script type=\"application\/ld+json\" class=\"yoast-schema-graph\">{\"@context\":\"https:\\\/\\\/schema.org\",\"@graph\":[{\"@type\":\"Article\",\"@id\":\"https:\\\/\\\/interamerica.org\\\/fr\\\/2014\\\/04\\\/loffrande-du-13eme-sabbat-depasse-le-million-de-dollars-us-un-evenement-historique\\\/#article\",\"isPartOf\":{\"@id\":\"https:\\\/\\\/interamerica.org\\\/fr\\\/2014\\\/04\\\/loffrande-du-13eme-sabbat-depasse-le-million-de-dollars-us-un-evenement-historique\\\/\"},\"author\":{\"name\":\"Lorenzo Verduzco\",\"@id\":\"https:\\\/\\\/interamerica.org\\\/fr\\\/#\\\/schema\\\/person\\\/68ede8bdc292885bb76c1e3810e73c39\"},\"headline\":\"L\u2019offrande du 13\u00e8me Sabbat d\u00e9passe le million de dollars US, un \u00e9v\u00e8nement historique.\",\"datePublished\":\"2014-04-21T04:00:00+00:00\",\"mainEntityOfPage\":{\"@id\":\"https:\\\/\\\/interamerica.org\\\/fr\\\/2014\\\/04\\\/loffrande-du-13eme-sabbat-depasse-le-million-de-dollars-us-un-evenement-historique\\\/\"},\"wordCount\":1068,\"image\":{\"@id\":\"https:\\\/\\\/interamerica.org\\\/fr\\\/2014\\\/04\\\/loffrande-du-13eme-sabbat-depasse-le-million-de-dollars-us-un-evenement-historique\\\/#primaryimage\"},\"thumbnailUrl\":\"https:\\\/\\\/interamerica.org\\\/wp-content\\\/uploads\\\/2017\\\/06\\\/lemon-sm-14.jpg\",\"articleSection\":[\"Nouvelles de l'\u00c9glise mondiale\"],\"inLanguage\":\"fr-FR\"},{\"@type\":\"WebPage\",\"@id\":\"https:\\\/\\\/interamerica.org\\\/fr\\\/2014\\\/04\\\/loffrande-du-13eme-sabbat-depasse-le-million-de-dollars-us-un-evenement-historique\\\/\",\"url\":\"https:\\\/\\\/interamerica.org\\\/fr\\\/2014\\\/04\\\/loffrande-du-13eme-sabbat-depasse-le-million-de-dollars-us-un-evenement-historique\\\/\",\"name\":\"L\u2019offrande du 13\u00e8me Sabbat d\u00e9passe le million de dollars US, un \u00e9v\u00e8nement historique. - \u00c9glise Adventiste Du Septieme Jour - Inter Am\u00e9rique Division\",\"isPartOf\":{\"@id\":\"https:\\\/\\\/interamerica.org\\\/fr\\\/#website\"},\"primaryImageOfPage\":{\"@id\":\"https:\\\/\\\/interamerica.org\\\/fr\\\/2014\\\/04\\\/loffrande-du-13eme-sabbat-depasse-le-million-de-dollars-us-un-evenement-historique\\\/#primaryimage\"},\"image\":{\"@id\":\"https:\\\/\\\/interamerica.org\\\/fr\\\/2014\\\/04\\\/loffrande-du-13eme-sabbat-depasse-le-million-de-dollars-us-un-evenement-historique\\\/#primaryimage\"},\"thumbnailUrl\":\"https:\\\/\\\/interamerica.org\\\/wp-content\\\/uploads\\\/2017\\\/06\\\/lemon-sm-14.jpg\",\"datePublished\":\"2014-04-21T04:00:00+00:00\",\"author\":{\"@id\":\"https:\\\/\\\/interamerica.org\\\/fr\\\/#\\\/schema\\\/person\\\/68ede8bdc292885bb76c1e3810e73c39\"},\"breadcrumb\":{\"@id\":\"https:\\\/\\\/interamerica.org\\\/fr\\\/2014\\\/04\\\/loffrande-du-13eme-sabbat-depasse-le-million-de-dollars-us-un-evenement-historique\\\/#breadcrumb\"},\"inLanguage\":\"fr-FR\",\"potentialAction\":[{\"@type\":\"ReadAction\",\"target\":[\"https:\\\/\\\/interamerica.org\\\/fr\\\/2014\\\/04\\\/loffrande-du-13eme-sabbat-depasse-le-million-de-dollars-us-un-evenement-historique\\\/\"]}]},{\"@type\":\"ImageObject\",\"inLanguage\":\"fr-FR\",\"@id\":\"https:\\\/\\\/interamerica.org\\\/fr\\\/2014\\\/04\\\/loffrande-du-13eme-sabbat-depasse-le-million-de-dollars-us-un-evenement-historique\\\/#primaryimage\",\"url\":\"https:\\\/\\\/interamerica.org\\\/wp-content\\\/uploads\\\/2017\\\/06\\\/lemon-sm-14.jpg\",\"contentUrl\":\"https:\\\/\\\/interamerica.org\\\/wp-content\\\/uploads\\\/2017\\\/06\\\/lemon-sm-14.jpg\",\"width\":400,\"height\":266},{\"@type\":\"BreadcrumbList\",\"@id\":\"https:\\\/\\\/interamerica.org\\\/fr\\\/2014\\\/04\\\/loffrande-du-13eme-sabbat-depasse-le-million-de-dollars-us-un-evenement-historique\\\/#breadcrumb\",\"itemListElement\":[{\"@type\":\"ListItem\",\"position\":1,\"name\":\"Home\",\"item\":\"https:\\\/\\\/interamerica.org\\\/fr\\\/\"},{\"@type\":\"ListItem\",\"position\":2,\"name\":\"L\u2019offrande du 13\u00e8me Sabbat d\u00e9passe le million de dollars US, un \u00e9v\u00e8nement historique.\"}]},{\"@type\":\"WebSite\",\"@id\":\"https:\\\/\\\/interamerica.org\\\/fr\\\/#website\",\"url\":\"https:\\\/\\\/interamerica.org\\\/fr\\\/\",\"name\":\"\u00c9glise Adventiste Du Septieme Jour - Inter Am\u00e9rique Division\",\"description\":\"\",\"potentialAction\":[{\"@type\":\"SearchAction\",\"target\":{\"@type\":\"EntryPoint\",\"urlTemplate\":\"https:\\\/\\\/interamerica.org\\\/fr\\\/?s={search_term_string}\"},\"query-input\":{\"@type\":\"PropertyValueSpecification\",\"valueRequired\":true,\"valueName\":\"search_term_string\"}}],\"inLanguage\":\"fr-FR\"},{\"@type\":\"Person\",\"@id\":\"https:\\\/\\\/interamerica.org\\\/fr\\\/#\\\/schema\\\/person\\\/68ede8bdc292885bb76c1e3810e73c39\",\"name\":\"Lorenzo Verduzco\",\"image\":{\"@type\":\"ImageObject\",\"inLanguage\":\"fr-FR\",\"@id\":\"https:\\\/\\\/secure.gravatar.com\\\/avatar\\\/fb81a55b6218459490a9c1dc841a34909185b81904c5337b4b27f7a6fd60c49e?s=96&d=mm&r=g\",\"url\":\"https:\\\/\\\/secure.gravatar.com\\\/avatar\\\/fb81a55b6218459490a9c1dc841a34909185b81904c5337b4b27f7a6fd60c49e?s=96&d=mm&r=g\",\"contentUrl\":\"https:\\\/\\\/secure.gravatar.com\\\/avatar\\\/fb81a55b6218459490a9c1dc841a34909185b81904c5337b4b27f7a6fd60c49e?s=96&d=mm&r=g\",\"caption\":\"Lorenzo Verduzco\"}}]}<\/script>\n<!-- \/ Yoast SEO plugin. -->","yoast_head_json":{"title":"L\u2019offrande du 13\u00e8me Sabbat d\u00e9passe le million de dollars US, un \u00e9v\u00e8nement historique. - \u00c9glise Adventiste Du Septieme Jour - Inter Am\u00e9rique Division","robots":{"index":"index","follow":"follow","max-snippet":"max-snippet:-1","max-image-preview":"max-image-preview:large","max-video-preview":"max-video-preview:-1"},"canonical":"https:\/\/interamerica.org\/fr\/2014\/04\/loffrande-du-13eme-sabbat-depasse-le-million-de-dollars-us-un-evenement-historique\/","og_locale":"fr_FR","og_type":"article","og_title":"L\u2019offrande du 13\u00e8me Sabbat d\u00e9passe le million de dollars US, un \u00e9v\u00e8nement historique. - \u00c9glise Adventiste Du Septieme Jour - Inter Am\u00e9rique Division","og_description":"La semaine derni\u00e8re, les d\u00e9l\u00e9gu\u00e9s \u00e0 la Rencontre de Printemps ont accueilli les nouvelles selon lesquelles l\u2019Eglise Adventiste du Septi\u00e8me jour a atteint un jalon financier significatif l\u2019ann\u00e9e derni\u00e8re.","og_url":"https:\/\/interamerica.org\/fr\/2014\/04\/loffrande-du-13eme-sabbat-depasse-le-million-de-dollars-us-un-evenement-historique\/","og_site_name":"\u00c9glise Adventiste Du Septieme Jour - Inter Am\u00e9rique Division","article_published_time":"2014-04-21T04:00:00+00:00","og_image":[{"width":400,"height":266,"url":"https:\/\/interamerica.org\/wp-content\/uploads\/2017\/06\/lemon-sm-14.jpg","type":"image\/jpeg"}],"author":"Lorenzo Verduzco","twitter_card":"summary_large_image","twitter_misc":{"\u00c9crit par":"Lorenzo Verduzco","Dur\u00e9e de lecture estim\u00e9e":"5 minutes"},"schema":{"@context":"https:\/\/schema.org","@graph":[{"@type":"Article","@id":"https:\/\/interamerica.org\/fr\/2014\/04\/loffrande-du-13eme-sabbat-depasse-le-million-de-dollars-us-un-evenement-historique\/#article","isPartOf":{"@id":"https:\/\/interamerica.org\/fr\/2014\/04\/loffrande-du-13eme-sabbat-depasse-le-million-de-dollars-us-un-evenement-historique\/"},"author":{"name":"Lorenzo Verduzco","@id":"https:\/\/interamerica.org\/fr\/#\/schema\/person\/68ede8bdc292885bb76c1e3810e73c39"},"headline":"L\u2019offrande du 13\u00e8me Sabbat d\u00e9passe le million de dollars US, un \u00e9v\u00e8nement historique.","datePublished":"2014-04-21T04:00:00+00:00","mainEntityOfPage":{"@id":"https:\/\/interamerica.org\/fr\/2014\/04\/loffrande-du-13eme-sabbat-depasse-le-million-de-dollars-us-un-evenement-historique\/"},"wordCount":1068,"image":{"@id":"https:\/\/interamerica.org\/fr\/2014\/04\/loffrande-du-13eme-sabbat-depasse-le-million-de-dollars-us-un-evenement-historique\/#primaryimage"},"thumbnailUrl":"https:\/\/interamerica.org\/wp-content\/uploads\/2017\/06\/lemon-sm-14.jpg","articleSection":["Nouvelles de l'\u00c9glise mondiale"],"inLanguage":"fr-FR"},{"@type":"WebPage","@id":"https:\/\/interamerica.org\/fr\/2014\/04\/loffrande-du-13eme-sabbat-depasse-le-million-de-dollars-us-un-evenement-historique\/","url":"https:\/\/interamerica.org\/fr\/2014\/04\/loffrande-du-13eme-sabbat-depasse-le-million-de-dollars-us-un-evenement-historique\/","name":"L\u2019offrande du 13\u00e8me Sabbat d\u00e9passe le million de dollars US, un \u00e9v\u00e8nement historique. - \u00c9glise Adventiste Du Septieme Jour - Inter Am\u00e9rique Division","isPartOf":{"@id":"https:\/\/interamerica.org\/fr\/#website"},"primaryImageOfPage":{"@id":"https:\/\/interamerica.org\/fr\/2014\/04\/loffrande-du-13eme-sabbat-depasse-le-million-de-dollars-us-un-evenement-historique\/#primaryimage"},"image":{"@id":"https:\/\/interamerica.org\/fr\/2014\/04\/loffrande-du-13eme-sabbat-depasse-le-million-de-dollars-us-un-evenement-historique\/#primaryimage"},"thumbnailUrl":"https:\/\/interamerica.org\/wp-content\/uploads\/2017\/06\/lemon-sm-14.jpg","datePublished":"2014-04-21T04:00:00+00:00","author":{"@id":"https:\/\/interamerica.org\/fr\/#\/schema\/person\/68ede8bdc292885bb76c1e3810e73c39"},"breadcrumb":{"@id":"https:\/\/interamerica.org\/fr\/2014\/04\/loffrande-du-13eme-sabbat-depasse-le-million-de-dollars-us-un-evenement-historique\/#breadcrumb"},"inLanguage":"fr-FR","potentialAction":[{"@type":"ReadAction","target":["https:\/\/interamerica.org\/fr\/2014\/04\/loffrande-du-13eme-sabbat-depasse-le-million-de-dollars-us-un-evenement-historique\/"]}]},{"@type":"ImageObject","inLanguage":"fr-FR","@id":"https:\/\/interamerica.org\/fr\/2014\/04\/loffrande-du-13eme-sabbat-depasse-le-million-de-dollars-us-un-evenement-historique\/#primaryimage","url":"https:\/\/interamerica.org\/wp-content\/uploads\/2017\/06\/lemon-sm-14.jpg","contentUrl":"https:\/\/interamerica.org\/wp-content\/uploads\/2017\/06\/lemon-sm-14.jpg","width":400,"height":266},{"@type":"BreadcrumbList","@id":"https:\/\/interamerica.org\/fr\/2014\/04\/loffrande-du-13eme-sabbat-depasse-le-million-de-dollars-us-un-evenement-historique\/#breadcrumb","itemListElement":[{"@type":"ListItem","position":1,"name":"Home","item":"https:\/\/interamerica.org\/fr\/"},{"@type":"ListItem","position":2,"name":"L\u2019offrande du 13\u00e8me Sabbat d\u00e9passe le million de dollars US, un \u00e9v\u00e8nement historique."}]},{"@type":"WebSite","@id":"https:\/\/interamerica.org\/fr\/#website","url":"https:\/\/interamerica.org\/fr\/","name":"\u00c9glise Adventiste Du Septieme Jour - Inter Am\u00e9rique Division","description":"","potentialAction":[{"@type":"SearchAction","target":{"@type":"EntryPoint","urlTemplate":"https:\/\/interamerica.org\/fr\/?s={search_term_string}"},"query-input":{"@type":"PropertyValueSpecification","valueRequired":true,"valueName":"search_term_string"}}],"inLanguage":"fr-FR"},{"@type":"Person","@id":"https:\/\/interamerica.org\/fr\/#\/schema\/person\/68ede8bdc292885bb76c1e3810e73c39","name":"Lorenzo Verduzco","image":{"@type":"ImageObject","inLanguage":"fr-FR","@id":"https:\/\/secure.gravatar.com\/avatar\/fb81a55b6218459490a9c1dc841a34909185b81904c5337b4b27f7a6fd60c49e?s=96&d=mm&r=g","url":"https:\/\/secure.gravatar.com\/avatar\/fb81a55b6218459490a9c1dc841a34909185b81904c5337b4b27f7a6fd60c49e?s=96&d=mm&r=g","contentUrl":"https:\/\/secure.gravatar.com\/avatar\/fb81a55b6218459490a9c1dc841a34909185b81904c5337b4b27f7a6fd60c49e?s=96&d=mm&r=g","caption":"Lorenzo Verduzco"}}]}},"_links":{"self":[{"href":"https:\/\/interamerica.org\/fr\/wp-json\/wp\/v2\/posts\/31936","targetHints":{"allow":["GET"]}}],"collection":[{"href":"https:\/\/interamerica.org\/fr\/wp-json\/wp\/v2\/posts"}],"about":[{"href":"https:\/\/interamerica.org\/fr\/wp-json\/wp\/v2\/types\/post"}],"author":[{"embeddable":true,"href":"https:\/\/interamerica.org\/fr\/wp-json\/wp\/v2\/users\/1"}],"replies":[{"embeddable":true,"href":"https:\/\/interamerica.org\/fr\/wp-json\/wp\/v2\/comments?post=31936"}],"version-history":[{"count":0,"href":"https:\/\/interamerica.org\/fr\/wp-json\/wp\/v2\/posts\/31936\/revisions"}],"wp:featuredmedia":[{"embeddable":true,"href":"https:\/\/interamerica.org\/fr\/wp-json\/wp\/v2\/media\/22991"}],"wp:attachment":[{"href":"https:\/\/interamerica.org\/fr\/wp-json\/wp\/v2\/media?parent=31936"}],"wp:term":[{"taxonomy":"category","embeddable":true,"href":"https:\/\/interamerica.org\/fr\/wp-json\/wp\/v2\/categories?post=31936"},{"taxonomy":"post_tag","embeddable":true,"href":"https:\/\/interamerica.org\/fr\/wp-json\/wp\/v2\/tags?post=31936"}],"curies":[{"name":"wp","href":"https:\/\/api.w.org\/{rel}","templated":true}]}}