{"id":31943,"date":"2014-04-23T00:00:00","date_gmt":"2014-04-23T04:00:00","guid":{"rendered":"http:\/\/192.81.217.108\/interamerica\/2014\/04\/ca-a-marche-une-ville-americaine-annule-un-decret-apres-une-plainte-de-leglise-adventiste\/"},"modified":"2014-04-23T00:00:00","modified_gmt":"2014-04-23T04:00:00","slug":"ca-a-marche-une-ville-americaine-annule-un-decret-apres-une-plainte-de-leglise-adventiste","status":"publish","type":"post","link":"https:\/\/interamerica.org\/fr\/2014\/04\/ca-a-marche-une-ville-americaine-annule-un-decret-apres-une-plainte-de-leglise-adventiste\/","title":{"rendered":"\u00c7a a march\u00e9 \u2013 Une ville am\u00e9ricaine annule un d\u00e9cret apr\u00e8s une plainte de l\u2019Eglise Adventiste"},"content":{"rendered":"<p>22 Avril 2014 \u2013 Silver Spring, Maryland, Etats Unis\u2026Elizabeth Lechleitner et Ansel Oliver\/ANN<\/p>\n<div id=\"attachment_11546\" style=\"width: 310px\" class=\"wp-caption alignright\"><a href=\"\/interamerica\/wp-content\/uploads\/2017\/06\/csm_new-mexico-web_c7343cac66.jpg\" rel=\"fancybox\" title=\"\u00c7a a march\u00e9 \u2013 Une ville am\u00e9ricaine annule un d\u00e9cret apr\u00e8s une plainte de l\u2019Eglise Adventiste\"><img fetchpriority=\"high\" decoding=\"async\" aria-describedby=\"caption-attachment-11546\" class=\"size-medium wp-image-11546\" src=\"\/interamerica\/wp-content\/uploads\/2017\/06\/csm_new-mexico-web_c7343cac66-300x225.jpg\" alt=\"\" width=\"300\" height=\"225\" \/><\/a><p id=\"caption-attachment-11546\" class=\"wp-caption-text\">La ville am\u00e9ricaine de Las Cruces dans l\u2019\u00e9tat du Nouveau Mexique a annul\u00e9 un d\u00e9cret qui d\u2019apr\u00e8s l\u2019Eglise Adventiste violait le principe de la libert\u00e9 religieuse. Le d\u00e9cret a \u00e9t\u00e9 chang\u00e9 apr\u00e8s que la F\u00e9d\u00e9ration des Eglises Adventistes de Texico ait port\u00e9 plainte au tribunal. Le si\u00e8ge de la F\u00e9d\u00e9ration de Texico, ci dessus, se trouve \u00e0 Corrales, dans le Nouveau Mexique. Photo d\u2019archives ANN de Sue Hinkle.<\/p><\/div>\n<p>Les conseillers juridiques de l\u2019Eglise Adventiste du Septi\u00e8me jour ont indiqu\u00e9 leur satisfaction apr\u00e8s l\u2019annulation du d\u00e9cret promulgu\u00e9 par une ville des Etats Unis et qui d\u2019apr\u00e8s eux, violait l\u2019expression de la libert\u00e9 religieuse et visait injustement les groupes religieux dirig\u00e9s par un pasteur, en particulier les \u00e9glises latinos.<\/p>\n<p>Las Cruces dans le Nouveau Mexique, a annul\u00e9 un d\u00e9cret qui exigeait des \u00e9glises qu\u2019elles se d\u00e9clarent aupr\u00e8s de la ville et qu\u2019elles payent des frais, une d\u00e9cision qui intervient six mois apr\u00e8s que l\u2019Eglise Adventiste ait port\u00e9 plainte contre la ville.<\/p>\n<p>Un porte-parole de la ville avait d\u00e9clar\u00e9 l\u2019ann\u00e9e derni\u00e8re que le d\u00e9cret visait \u00e0 r\u00e9colter des informations pour satisfaire \u00e0 l\u2019obligation de la ville d\u2019offrir \u00e0 ses habitants la protection polici\u00e8re et la protection contre les incendies. Les responsables de l\u2019Eglise Adventiste consid\u00e8rent que cela constituait une violation du Premier Amendement de la Constitution des Etats Unis.<\/p>\n<p>La ville a annul\u00e9 le d\u00e9cret le 17 mars, faisant en sorte que les organisations \u00e0 but non lucratif ne soient plus oblig\u00e9es de payer des frais d\u2019inscription ; suite \u00e0 quoi l\u2019Eglise Adventiste a retir\u00e9 sa plainte de la Cour de Justice des Etats Unis au Nouveau Mexique.<\/p>\n<p>\u00ab Nous sommes ravis de ce que le nouveau d\u00e9cret r\u00e9ponde \u00e0 la fois aux pr\u00e9occupations l\u00e9gitimes de la ville en mati\u00e8re de s\u00e9curit\u00e9 et de protection contre les incendies, et aussi \u00e0 nos pr\u00e9occupations au sujet de l\u2019interf\u00e9rence du gouvernement au niveau des \u00e9glises, \u00bb a d\u00e9clar\u00e9 Todd McFarland, conseiller juridique adjoint de l\u2019Eglise Adventiste.<\/p>\n<p>Le premier d\u00e9cret N\u00b0 16-131 publi\u00e9 par la ville de Las Cruces en 1997, d\u00e9finissait un commerce comme \u00ab toute profession, m\u00e9tier ou occupation, ainsi que toute et n\u2019importe quelle vocation \u00bb y compris le travail de pasteur, pr\u00eatre, rabbin, \u00e9v\u00eaque, imam et autres leaders religieux.<\/p>\n<p>Le d\u00e9cret exigeait essentiellement que toute \u00e9glise dirig\u00e9e par un pasteur et situ\u00e9e sur le territoire de la ville soit enregistr\u00e9e aupr\u00e8s de la ville, qu\u2019elle paie des frais d\u2019inscription et passe par un processus facultatif de r\u00e9vision avant d\u2019obtenir l\u2019autorisation de tenir des services de culte ou d\u2019offrir un accompagnement pastoral. Les groupes religieux dirig\u00e9s par des la\u00efcs plut\u00f4t que par des membres du clerg\u00e9 n\u2019\u00e9taient pas concern\u00e9s par ces exigences, ont indiqu\u00e9 les avocats.<\/p>\n<p>Au d\u00e9but de l\u2019ann\u00e9e derni\u00e8re, les responsables de la ville avaient menac\u00e9 d\u2019intenter une action en justice contre l\u2019Eglise Adventiste du Septi\u00e8me jour hispanophone de Las Cruces si elle ne se conformait pas aux exigences d\u2019inscription pour les commerces telles qu\u2019indiqu\u00e9es dans le d\u00e9cret.<\/p>\n<p>Il y a plus de 100 \u00e9glises sur le territoire de la ville de Las Cruces, mais le d\u00e9cret, ont dit les avocats Adventistes, avait \u00e9t\u00e9 appliqu\u00e9 seulement \u00e0 un petit nombre de ces \u00e9glises et, selon la plainte d\u00e9pos\u00e9e par l\u2019Eglise Adventiste, \u00ab elle \u00e9tait appliqu\u00e9e de mani\u00e8re disparate pour singulariser les \u00e9glises hispanophones et latinos. \u00bb<\/p>\n<p>En juin, la ville a d\u2019abord notifi\u00e9 l\u2019Eglise Adventiste du Septi\u00e8me jour espagnole qu\u2019elle disposait de sept jours pour se conformer aux exigences ou alors de se pr\u00e9parer \u00e0 \u00ab \u00eatre poursuivie, \u00bb d\u2019apr\u00e8s ce qu\u2019indique un courrier du D\u00e9partement d\u2019Application des R\u00e8glements de la ville. Cependant, l\u2019Eglise Adventiste du Septi\u00e8me jour Centrale de Las Cruces, une congr\u00e9gation majoritairement non-latino, n\u2019a pas re\u00e7u une telle notification, a dit Todd McFarland.<\/p>\n<p>L\u2019Eglise Adventiste a intent\u00e9 une action en justice en septembre par le biais de la F\u00e9d\u00e9ration de Texico dont le si\u00e8ge se trouve \u00e0 Corrales, dans les faubourgs d\u2019Albuquerque.<\/p>\n<p>\u00ab Je pense que c\u2019\u00e9tait une bonne chose de faire ce que nous avons fait en remettant en cause ce d\u00e9cret, \u00bb a dit Lee-Roy Chacon, pr\u00e9sident de la F\u00e9d\u00e9ration de Texico. \u00ab Maintenant que ce d\u00e9cret est annul\u00e9, nous pouvons continuer d\u2019exercer un minist\u00e8re plut\u00f4t que de devoir fonctionner comme une entreprise. \u00bb<\/p>\n<p>La F\u00e9d\u00e9ration de Texico g\u00e8re le fonctionnement de l\u2019\u00e9glise dans l\u2019Ouest du Texas et dans le Nouveau Mexique o\u00f9 elle compte environ 80 \u00e9glises et un effectif de 12000 membres.<\/p>\n<p>Traduction: Patrick Luciathe<\/p>\n","protected":false},"excerpt":{"rendered":"<p>Les conseillers juridiques de l\u2019Eglise Adventiste du Septi\u00e8me jour ont indiqu\u00e9 leur satisfaction apr\u00e8s l\u2019annulation du d\u00e9cret promulgu\u00e9 par une ville des Etats Unis et qui d\u2019apr\u00e8s eux, violait l\u2019expression de la libert\u00e9 religieuse et visait injustement les groupes religieux dirig\u00e9s par un pasteur, en particulier les \u00e9glises latinos.<\/p>\n","protected":false},"author":1,"featured_media":23000,"comment_status":"closed","ping_status":"closed","sticky":false,"template":"","format":"standard","meta":{"_acf_changed":false,"footnotes":""},"categories":[18],"tags":[],"class_list":["post-31943","post","type-post","status-publish","format-standard","has-post-thumbnail","hentry","category-nouvelles-de-leglise-mondiale"],"acf":[],"yoast_head":"<!-- This site is optimized with the Yoast SEO plugin v27.3 - https:\/\/yoast.com\/product\/yoast-seo-wordpress\/ -->\n<title>\u00c7a a march\u00e9 \u2013 Une ville am\u00e9ricaine annule un d\u00e9cret apr\u00e8s une plainte de l\u2019Eglise Adventiste - \u00c9glise Adventiste Du Septieme Jour - Inter Am\u00e9rique Division<\/title>\n<meta name=\"robots\" content=\"index, follow, max-snippet:-1, max-image-preview:large, max-video-preview:-1\" \/>\n<link rel=\"canonical\" href=\"https:\/\/interamerica.org\/fr\/2014\/04\/ca-a-marche-une-ville-americaine-annule-un-decret-apres-une-plainte-de-leglise-adventiste\/\" \/>\n<meta property=\"og:locale\" content=\"fr_FR\" \/>\n<meta property=\"og:type\" content=\"article\" \/>\n<meta property=\"og:title\" content=\"\u00c7a a march\u00e9 \u2013 Une ville am\u00e9ricaine annule un d\u00e9cret apr\u00e8s une plainte de l\u2019Eglise Adventiste - \u00c9glise Adventiste Du Septieme Jour - Inter Am\u00e9rique Division\" \/>\n<meta property=\"og:description\" content=\"Les conseillers juridiques de l\u2019Eglise Adventiste du Septi\u00e8me jour ont indiqu\u00e9 leur satisfaction apr\u00e8s l\u2019annulation du d\u00e9cret promulgu\u00e9 par une ville des Etats Unis et qui d\u2019apr\u00e8s eux, violait l\u2019expression de la libert\u00e9 religieuse et visait injustement les groupes religieux dirig\u00e9s par un pasteur, en particulier les \u00e9glises latinos.\" \/>\n<meta property=\"og:url\" content=\"https:\/\/interamerica.org\/fr\/2014\/04\/ca-a-marche-une-ville-americaine-annule-un-decret-apres-une-plainte-de-leglise-adventiste\/\" \/>\n<meta property=\"og:site_name\" content=\"\u00c9glise Adventiste Du Septieme Jour - Inter Am\u00e9rique Division\" \/>\n<meta property=\"article:published_time\" content=\"2014-04-23T04:00:00+00:00\" \/>\n<meta property=\"og:image\" content=\"https:\/\/interamerica.org\/wp-content\/uploads\/2017\/06\/csm_new-mexico-web_c7343cac66.jpg\" \/>\n\t<meta property=\"og:image:width\" content=\"400\" \/>\n\t<meta property=\"og:image:height\" content=\"300\" \/>\n\t<meta property=\"og:image:type\" content=\"image\/jpeg\" \/>\n<meta name=\"author\" content=\"Lorenzo Verduzco\" \/>\n<meta name=\"twitter:card\" content=\"summary_large_image\" \/>\n<meta name=\"twitter:label1\" content=\"\u00c9crit par\" \/>\n\t<meta name=\"twitter:data1\" content=\"Lorenzo Verduzco\" \/>\n\t<meta name=\"twitter:label2\" content=\"Dur\u00e9e de lecture estim\u00e9e\" \/>\n\t<meta name=\"twitter:data2\" content=\"4 minutes\" \/>\n<script type=\"application\/ld+json\" class=\"yoast-schema-graph\">{\"@context\":\"https:\\\/\\\/schema.org\",\"@graph\":[{\"@type\":\"Article\",\"@id\":\"https:\\\/\\\/interamerica.org\\\/fr\\\/2014\\\/04\\\/ca-a-marche-une-ville-americaine-annule-un-decret-apres-une-plainte-de-leglise-adventiste\\\/#article\",\"isPartOf\":{\"@id\":\"https:\\\/\\\/interamerica.org\\\/fr\\\/2014\\\/04\\\/ca-a-marche-une-ville-americaine-annule-un-decret-apres-une-plainte-de-leglise-adventiste\\\/\"},\"author\":{\"name\":\"Lorenzo Verduzco\",\"@id\":\"https:\\\/\\\/interamerica.org\\\/fr\\\/#\\\/schema\\\/person\\\/68ede8bdc292885bb76c1e3810e73c39\"},\"headline\":\"\u00c7a a march\u00e9 \u2013 Une ville am\u00e9ricaine annule un d\u00e9cret apr\u00e8s une plainte de l\u2019Eglise Adventiste\",\"datePublished\":\"2014-04-23T04:00:00+00:00\",\"mainEntityOfPage\":{\"@id\":\"https:\\\/\\\/interamerica.org\\\/fr\\\/2014\\\/04\\\/ca-a-marche-une-ville-americaine-annule-un-decret-apres-une-plainte-de-leglise-adventiste\\\/\"},\"wordCount\":871,\"image\":{\"@id\":\"https:\\\/\\\/interamerica.org\\\/fr\\\/2014\\\/04\\\/ca-a-marche-une-ville-americaine-annule-un-decret-apres-une-plainte-de-leglise-adventiste\\\/#primaryimage\"},\"thumbnailUrl\":\"https:\\\/\\\/interamerica.org\\\/wp-content\\\/uploads\\\/2017\\\/06\\\/csm_new-mexico-web_c7343cac66.jpg\",\"articleSection\":[\"Nouvelles de l'\u00c9glise mondiale\"],\"inLanguage\":\"fr-FR\"},{\"@type\":\"WebPage\",\"@id\":\"https:\\\/\\\/interamerica.org\\\/fr\\\/2014\\\/04\\\/ca-a-marche-une-ville-americaine-annule-un-decret-apres-une-plainte-de-leglise-adventiste\\\/\",\"url\":\"https:\\\/\\\/interamerica.org\\\/fr\\\/2014\\\/04\\\/ca-a-marche-une-ville-americaine-annule-un-decret-apres-une-plainte-de-leglise-adventiste\\\/\",\"name\":\"\u00c7a a march\u00e9 \u2013 Une ville am\u00e9ricaine annule un d\u00e9cret apr\u00e8s une plainte de l\u2019Eglise Adventiste - \u00c9glise Adventiste Du Septieme Jour - Inter Am\u00e9rique Division\",\"isPartOf\":{\"@id\":\"https:\\\/\\\/interamerica.org\\\/fr\\\/#website\"},\"primaryImageOfPage\":{\"@id\":\"https:\\\/\\\/interamerica.org\\\/fr\\\/2014\\\/04\\\/ca-a-marche-une-ville-americaine-annule-un-decret-apres-une-plainte-de-leglise-adventiste\\\/#primaryimage\"},\"image\":{\"@id\":\"https:\\\/\\\/interamerica.org\\\/fr\\\/2014\\\/04\\\/ca-a-marche-une-ville-americaine-annule-un-decret-apres-une-plainte-de-leglise-adventiste\\\/#primaryimage\"},\"thumbnailUrl\":\"https:\\\/\\\/interamerica.org\\\/wp-content\\\/uploads\\\/2017\\\/06\\\/csm_new-mexico-web_c7343cac66.jpg\",\"datePublished\":\"2014-04-23T04:00:00+00:00\",\"author\":{\"@id\":\"https:\\\/\\\/interamerica.org\\\/fr\\\/#\\\/schema\\\/person\\\/68ede8bdc292885bb76c1e3810e73c39\"},\"breadcrumb\":{\"@id\":\"https:\\\/\\\/interamerica.org\\\/fr\\\/2014\\\/04\\\/ca-a-marche-une-ville-americaine-annule-un-decret-apres-une-plainte-de-leglise-adventiste\\\/#breadcrumb\"},\"inLanguage\":\"fr-FR\",\"potentialAction\":[{\"@type\":\"ReadAction\",\"target\":[\"https:\\\/\\\/interamerica.org\\\/fr\\\/2014\\\/04\\\/ca-a-marche-une-ville-americaine-annule-un-decret-apres-une-plainte-de-leglise-adventiste\\\/\"]}]},{\"@type\":\"ImageObject\",\"inLanguage\":\"fr-FR\",\"@id\":\"https:\\\/\\\/interamerica.org\\\/fr\\\/2014\\\/04\\\/ca-a-marche-une-ville-americaine-annule-un-decret-apres-une-plainte-de-leglise-adventiste\\\/#primaryimage\",\"url\":\"https:\\\/\\\/interamerica.org\\\/wp-content\\\/uploads\\\/2017\\\/06\\\/csm_new-mexico-web_c7343cac66.jpg\",\"contentUrl\":\"https:\\\/\\\/interamerica.org\\\/wp-content\\\/uploads\\\/2017\\\/06\\\/csm_new-mexico-web_c7343cac66.jpg\",\"width\":400,\"height\":300},{\"@type\":\"BreadcrumbList\",\"@id\":\"https:\\\/\\\/interamerica.org\\\/fr\\\/2014\\\/04\\\/ca-a-marche-une-ville-americaine-annule-un-decret-apres-une-plainte-de-leglise-adventiste\\\/#breadcrumb\",\"itemListElement\":[{\"@type\":\"ListItem\",\"position\":1,\"name\":\"Home\",\"item\":\"https:\\\/\\\/interamerica.org\\\/fr\\\/\"},{\"@type\":\"ListItem\",\"position\":2,\"name\":\"\u00c7a a march\u00e9 \u2013 Une ville am\u00e9ricaine annule un d\u00e9cret apr\u00e8s une plainte de l\u2019Eglise Adventiste\"}]},{\"@type\":\"WebSite\",\"@id\":\"https:\\\/\\\/interamerica.org\\\/fr\\\/#website\",\"url\":\"https:\\\/\\\/interamerica.org\\\/fr\\\/\",\"name\":\"\u00c9glise Adventiste Du Septieme Jour - Inter Am\u00e9rique Division\",\"description\":\"\",\"potentialAction\":[{\"@type\":\"SearchAction\",\"target\":{\"@type\":\"EntryPoint\",\"urlTemplate\":\"https:\\\/\\\/interamerica.org\\\/fr\\\/?s={search_term_string}\"},\"query-input\":{\"@type\":\"PropertyValueSpecification\",\"valueRequired\":true,\"valueName\":\"search_term_string\"}}],\"inLanguage\":\"fr-FR\"},{\"@type\":\"Person\",\"@id\":\"https:\\\/\\\/interamerica.org\\\/fr\\\/#\\\/schema\\\/person\\\/68ede8bdc292885bb76c1e3810e73c39\",\"name\":\"Lorenzo Verduzco\",\"image\":{\"@type\":\"ImageObject\",\"inLanguage\":\"fr-FR\",\"@id\":\"https:\\\/\\\/secure.gravatar.com\\\/avatar\\\/fb81a55b6218459490a9c1dc841a34909185b81904c5337b4b27f7a6fd60c49e?s=96&d=mm&r=g\",\"url\":\"https:\\\/\\\/secure.gravatar.com\\\/avatar\\\/fb81a55b6218459490a9c1dc841a34909185b81904c5337b4b27f7a6fd60c49e?s=96&d=mm&r=g\",\"contentUrl\":\"https:\\\/\\\/secure.gravatar.com\\\/avatar\\\/fb81a55b6218459490a9c1dc841a34909185b81904c5337b4b27f7a6fd60c49e?s=96&d=mm&r=g\",\"caption\":\"Lorenzo Verduzco\"}}]}<\/script>\n<!-- \/ Yoast SEO plugin. -->","yoast_head_json":{"title":"\u00c7a a march\u00e9 \u2013 Une ville am\u00e9ricaine annule un d\u00e9cret apr\u00e8s une plainte de l\u2019Eglise Adventiste - \u00c9glise Adventiste Du Septieme Jour - Inter Am\u00e9rique Division","robots":{"index":"index","follow":"follow","max-snippet":"max-snippet:-1","max-image-preview":"max-image-preview:large","max-video-preview":"max-video-preview:-1"},"canonical":"https:\/\/interamerica.org\/fr\/2014\/04\/ca-a-marche-une-ville-americaine-annule-un-decret-apres-une-plainte-de-leglise-adventiste\/","og_locale":"fr_FR","og_type":"article","og_title":"\u00c7a a march\u00e9 \u2013 Une ville am\u00e9ricaine annule un d\u00e9cret apr\u00e8s une plainte de l\u2019Eglise Adventiste - \u00c9glise Adventiste Du Septieme Jour - Inter Am\u00e9rique Division","og_description":"Les conseillers juridiques de l\u2019Eglise Adventiste du Septi\u00e8me jour ont indiqu\u00e9 leur satisfaction apr\u00e8s l\u2019annulation du d\u00e9cret promulgu\u00e9 par une ville des Etats Unis et qui d\u2019apr\u00e8s eux, violait l\u2019expression de la libert\u00e9 religieuse et visait injustement les groupes religieux dirig\u00e9s par un pasteur, en particulier les \u00e9glises latinos.","og_url":"https:\/\/interamerica.org\/fr\/2014\/04\/ca-a-marche-une-ville-americaine-annule-un-decret-apres-une-plainte-de-leglise-adventiste\/","og_site_name":"\u00c9glise Adventiste Du Septieme Jour - Inter Am\u00e9rique Division","article_published_time":"2014-04-23T04:00:00+00:00","og_image":[{"width":400,"height":300,"url":"https:\/\/interamerica.org\/wp-content\/uploads\/2017\/06\/csm_new-mexico-web_c7343cac66.jpg","type":"image\/jpeg"}],"author":"Lorenzo Verduzco","twitter_card":"summary_large_image","twitter_misc":{"\u00c9crit par":"Lorenzo Verduzco","Dur\u00e9e de lecture estim\u00e9e":"4 minutes"},"schema":{"@context":"https:\/\/schema.org","@graph":[{"@type":"Article","@id":"https:\/\/interamerica.org\/fr\/2014\/04\/ca-a-marche-une-ville-americaine-annule-un-decret-apres-une-plainte-de-leglise-adventiste\/#article","isPartOf":{"@id":"https:\/\/interamerica.org\/fr\/2014\/04\/ca-a-marche-une-ville-americaine-annule-un-decret-apres-une-plainte-de-leglise-adventiste\/"},"author":{"name":"Lorenzo Verduzco","@id":"https:\/\/interamerica.org\/fr\/#\/schema\/person\/68ede8bdc292885bb76c1e3810e73c39"},"headline":"\u00c7a a march\u00e9 \u2013 Une ville am\u00e9ricaine annule un d\u00e9cret apr\u00e8s une plainte de l\u2019Eglise Adventiste","datePublished":"2014-04-23T04:00:00+00:00","mainEntityOfPage":{"@id":"https:\/\/interamerica.org\/fr\/2014\/04\/ca-a-marche-une-ville-americaine-annule-un-decret-apres-une-plainte-de-leglise-adventiste\/"},"wordCount":871,"image":{"@id":"https:\/\/interamerica.org\/fr\/2014\/04\/ca-a-marche-une-ville-americaine-annule-un-decret-apres-une-plainte-de-leglise-adventiste\/#primaryimage"},"thumbnailUrl":"https:\/\/interamerica.org\/wp-content\/uploads\/2017\/06\/csm_new-mexico-web_c7343cac66.jpg","articleSection":["Nouvelles de l'\u00c9glise mondiale"],"inLanguage":"fr-FR"},{"@type":"WebPage","@id":"https:\/\/interamerica.org\/fr\/2014\/04\/ca-a-marche-une-ville-americaine-annule-un-decret-apres-une-plainte-de-leglise-adventiste\/","url":"https:\/\/interamerica.org\/fr\/2014\/04\/ca-a-marche-une-ville-americaine-annule-un-decret-apres-une-plainte-de-leglise-adventiste\/","name":"\u00c7a a march\u00e9 \u2013 Une ville am\u00e9ricaine annule un d\u00e9cret apr\u00e8s une plainte de l\u2019Eglise Adventiste - \u00c9glise Adventiste Du Septieme Jour - Inter Am\u00e9rique Division","isPartOf":{"@id":"https:\/\/interamerica.org\/fr\/#website"},"primaryImageOfPage":{"@id":"https:\/\/interamerica.org\/fr\/2014\/04\/ca-a-marche-une-ville-americaine-annule-un-decret-apres-une-plainte-de-leglise-adventiste\/#primaryimage"},"image":{"@id":"https:\/\/interamerica.org\/fr\/2014\/04\/ca-a-marche-une-ville-americaine-annule-un-decret-apres-une-plainte-de-leglise-adventiste\/#primaryimage"},"thumbnailUrl":"https:\/\/interamerica.org\/wp-content\/uploads\/2017\/06\/csm_new-mexico-web_c7343cac66.jpg","datePublished":"2014-04-23T04:00:00+00:00","author":{"@id":"https:\/\/interamerica.org\/fr\/#\/schema\/person\/68ede8bdc292885bb76c1e3810e73c39"},"breadcrumb":{"@id":"https:\/\/interamerica.org\/fr\/2014\/04\/ca-a-marche-une-ville-americaine-annule-un-decret-apres-une-plainte-de-leglise-adventiste\/#breadcrumb"},"inLanguage":"fr-FR","potentialAction":[{"@type":"ReadAction","target":["https:\/\/interamerica.org\/fr\/2014\/04\/ca-a-marche-une-ville-americaine-annule-un-decret-apres-une-plainte-de-leglise-adventiste\/"]}]},{"@type":"ImageObject","inLanguage":"fr-FR","@id":"https:\/\/interamerica.org\/fr\/2014\/04\/ca-a-marche-une-ville-americaine-annule-un-decret-apres-une-plainte-de-leglise-adventiste\/#primaryimage","url":"https:\/\/interamerica.org\/wp-content\/uploads\/2017\/06\/csm_new-mexico-web_c7343cac66.jpg","contentUrl":"https:\/\/interamerica.org\/wp-content\/uploads\/2017\/06\/csm_new-mexico-web_c7343cac66.jpg","width":400,"height":300},{"@type":"BreadcrumbList","@id":"https:\/\/interamerica.org\/fr\/2014\/04\/ca-a-marche-une-ville-americaine-annule-un-decret-apres-une-plainte-de-leglise-adventiste\/#breadcrumb","itemListElement":[{"@type":"ListItem","position":1,"name":"Home","item":"https:\/\/interamerica.org\/fr\/"},{"@type":"ListItem","position":2,"name":"\u00c7a a march\u00e9 \u2013 Une ville am\u00e9ricaine annule un d\u00e9cret apr\u00e8s une plainte de l\u2019Eglise Adventiste"}]},{"@type":"WebSite","@id":"https:\/\/interamerica.org\/fr\/#website","url":"https:\/\/interamerica.org\/fr\/","name":"\u00c9glise Adventiste Du Septieme Jour - Inter Am\u00e9rique Division","description":"","potentialAction":[{"@type":"SearchAction","target":{"@type":"EntryPoint","urlTemplate":"https:\/\/interamerica.org\/fr\/?s={search_term_string}"},"query-input":{"@type":"PropertyValueSpecification","valueRequired":true,"valueName":"search_term_string"}}],"inLanguage":"fr-FR"},{"@type":"Person","@id":"https:\/\/interamerica.org\/fr\/#\/schema\/person\/68ede8bdc292885bb76c1e3810e73c39","name":"Lorenzo Verduzco","image":{"@type":"ImageObject","inLanguage":"fr-FR","@id":"https:\/\/secure.gravatar.com\/avatar\/fb81a55b6218459490a9c1dc841a34909185b81904c5337b4b27f7a6fd60c49e?s=96&d=mm&r=g","url":"https:\/\/secure.gravatar.com\/avatar\/fb81a55b6218459490a9c1dc841a34909185b81904c5337b4b27f7a6fd60c49e?s=96&d=mm&r=g","contentUrl":"https:\/\/secure.gravatar.com\/avatar\/fb81a55b6218459490a9c1dc841a34909185b81904c5337b4b27f7a6fd60c49e?s=96&d=mm&r=g","caption":"Lorenzo Verduzco"}}]}},"_links":{"self":[{"href":"https:\/\/interamerica.org\/fr\/wp-json\/wp\/v2\/posts\/31943","targetHints":{"allow":["GET"]}}],"collection":[{"href":"https:\/\/interamerica.org\/fr\/wp-json\/wp\/v2\/posts"}],"about":[{"href":"https:\/\/interamerica.org\/fr\/wp-json\/wp\/v2\/types\/post"}],"author":[{"embeddable":true,"href":"https:\/\/interamerica.org\/fr\/wp-json\/wp\/v2\/users\/1"}],"replies":[{"embeddable":true,"href":"https:\/\/interamerica.org\/fr\/wp-json\/wp\/v2\/comments?post=31943"}],"version-history":[{"count":0,"href":"https:\/\/interamerica.org\/fr\/wp-json\/wp\/v2\/posts\/31943\/revisions"}],"wp:featuredmedia":[{"embeddable":true,"href":"https:\/\/interamerica.org\/fr\/wp-json\/wp\/v2\/media\/23000"}],"wp:attachment":[{"href":"https:\/\/interamerica.org\/fr\/wp-json\/wp\/v2\/media?parent=31943"}],"wp:term":[{"taxonomy":"category","embeddable":true,"href":"https:\/\/interamerica.org\/fr\/wp-json\/wp\/v2\/categories?post=31943"},{"taxonomy":"post_tag","embeddable":true,"href":"https:\/\/interamerica.org\/fr\/wp-json\/wp\/v2\/tags?post=31943"}],"curies":[{"name":"wp","href":"https:\/\/api.w.org\/{rel}","templated":true}]}}