{"id":31975,"date":"2014-06-06T00:00:00","date_gmt":"2014-06-06T04:00:00","guid":{"rendered":"http:\/\/192.81.217.108\/interamerica\/2014\/06\/letude-sur-lordination-sacheve-avec-des-suggestions-pour-savoir-comment-aller-de-lavant\/"},"modified":"2014-06-06T00:00:00","modified_gmt":"2014-06-06T04:00:00","slug":"letude-sur-lordination-sacheve-avec-des-suggestions-pour-savoir-comment-aller-de-lavant","status":"publish","type":"post","link":"https:\/\/interamerica.org\/fr\/2014\/06\/letude-sur-lordination-sacheve-avec-des-suggestions-pour-savoir-comment-aller-de-lavant\/","title":{"rendered":"L\u2019Etude sur l\u2019ordination s\u2019ach\u00e8ve avec des suggestions pour savoir comment \u00ab Aller de l\u2019Avant. \u00bb"},"content":{"rendered":"<p>5 Juin 2014 \u2013 Silver Spring, Maryland, Etats Unis\u2026Adventist Review<\/p>\n<div id=\"attachment_12073\" style=\"width: 310px\" class=\"wp-caption alignright\"><a href=\"\/interamerica\/wp-content\/uploads\/2017\/06\/csm_TOSC_June_b058d8d32e.jpg\" rel=\"fancybox\" title=\"L\u2019Etude sur l\u2019ordination s\u2019ach\u00e8ve avec des suggestions pour savoir comment \u00ab Aller de l\u2019Avant. \u00bb\"><img fetchpriority=\"high\" decoding=\"async\" aria-describedby=\"caption-attachment-12073\" class=\"size-medium wp-image-12073\" src=\"\/interamerica\/wp-content\/uploads\/2017\/06\/csm_TOSC_June_b058d8d32e-300x225.jpg\" alt=\"\" width=\"300\" height=\"225\" \/><\/a><p id=\"caption-attachment-12073\" class=\"wp-caption-text\">Image de Karen Porter\/ANN<\/p><\/div>\n<p>Les leaders et les membres du Comit\u00e9 d\u2019Etude sur la Th\u00e9ologie de l\u2019Ordination (TOSC) mis en place par l\u2019Eglise Adventiste se sont interrog\u00e9s \u00e0 haute voix pour savoir si la quatri\u00e8me et derni\u00e8re session du groupe tenue sur plusieurs jours, d\u00e9boucherait sur un consensus au sujet de l\u2019\u00e9pineuse question de l\u2019ordination des femmes au minist\u00e8re pastoral.<\/p>\n<p>Un membre du TOSC a fait remarquer de mani\u00e8re pensive au groupe que le mercredi 4 juin correspondait \u00e0 la Pentec\u00f4te dans le calendrier juif. Il esp\u00e9rait, a t-il dit, que le miracle de l\u2019unanimit\u00e9 viendrait conclure le processus d\u2019\u00e9tude qui dure depuis deux ans, alors m\u00eame qu\u2019on demandait aux membres de choisir la solution qu\u2019il privil\u00e9gient, ou \u00ab comment aller de l\u2019avant, \u00bb sur cette question avec laquelle l\u2019\u00e9glise se d\u00e9bat depuis plus de 25 ans.<\/p>\n<p>Cependant, lorsque le pr\u00e9sident du TOSC, Artur Stele, a annonc\u00e9 les r\u00e9sultats d\u2019un sondage informel r\u00e9alis\u00e9 avec un groupe d\u2019universitaires, d\u2019administrateurs de l\u2019\u00e9glise, de pasteurs et de la\u00efcs, les donn\u00e9es ont permis de faire \u00e9merger trois positions, aucune d\u2019entre elles ne retenant une majorit\u00e9 des 95 votes re\u00e7us.<\/p>\n<p>Quarante membres du TOSC ont indiqu\u00e9 leur premier choix comme \u00e9tant la position selon laquelle \u00ab Chaque entit\u00e9 responsable de l&rsquo;appel des pasteurs soit autoris\u00e9e \u00e0 choisir d\u2019avoir seulement des hommes comme pasteurs consacr\u00e9s, ou d\u2019avoir \u00e0 la fois des hommes et des femmes comme pasteurs consacr\u00e9s. \u00bb<\/p>\n<p>Trente deux membres ont exprim\u00e9 leur pr\u00e9f\u00e9rence pour une proposition qui affirme la \u00ab pratique de l\u2019ordination et du commissionnement uniquement pour les hommes qualifi\u00e9s \u00e0 la fonction de pasteur dans l\u2019\u00e9glise mondiale. \u00bb<\/p>\n<p>Une troisi\u00e8me option a re\u00e7u les faveurs de 22 des participants. Elle indique que \u00ab Christ est le seul chef de l\u2019\u00e9glise, \u00bb faisant observer qu\u2019il y avait un sch\u00e9ma r\u00e9gulier de leadership masculin, sous la direction du Christ, au niveau de la fonction de pasteur consacr\u00e9. \u00bb Mais ceux qui soutiennent cette option ajoutent \u00e9galement que \u00ab nous recommandons que le leadership de la d\u00e9nomination au niveau appropri\u00e9 soit autoris\u00e9 \u00e0 d\u00e9cider, en se basant sur les principes bibliques, si une telle adaptation [permission d\u2019ordonner les hommes aussi bien que les femmes] serait appropri\u00e9e pour leur r\u00e9gion. \u00bb<\/p>\n<p>Le pr\u00e9sident de la Conf\u00e9rence G\u00e9n\u00e9rale, Ted N.C. Wilson, s\u2019est adress\u00e9 aux membres du comit\u00e9 apr\u00e8s qu\u2019Artur Stele ait annonc\u00e9 les r\u00e9sultats du sondage. \u00ab Alors que nous poursuivons le processus, je demande que nous agissions chacun avec humilit\u00e9 \u2013 pas de mani\u00e8re autoritaire ou avec une attitude de domination. \u00bb a insist\u00e9 Ted Wilson. \u00ab Nous devrions tout faire dans l\u2019esprit de J\u00e9sus. \u00bb<\/p>\n<p>Ted Wilson a \u00e9galement remerci\u00e9 les participants pour une d\u00e9claration qu\u2019ils ont vot\u00e9e \u00e0 l\u2019unanimit\u00e9 un peu plus t\u00f4t ce jour l\u00e0. Les membres du TOSC ont vot\u00e9 \u00ab d\u2019affirmer qu\u2019en d\u00e9pit des divergences d\u2019opinion sur le sujet de l\u2019ordination des femmes, les membres du Comit\u00e9 d\u2019Etude sur la Th\u00e9ologie de l\u2019Ordination sont pleinement engag\u00e9s dans le message et la mission de l\u2019Eglise Adventiste du Septi\u00e8me jour tels qu\u2019exprim\u00e9s \u00e0 travers les 28 Croyances Fondamentales. \u00bb<\/p>\n<p>\u00ab Nous serons tr\u00e8s ouverts et justes dans la fa\u00e7on dont nous approchons la gestion de cette question, \u00bb a assur\u00e9 pasteur Wilson au comit\u00e9 alors qu\u2019il d\u00e9crivait les principales \u00e9tapes que suivrait l\u2019\u00e9glise au cours des mois \u00e0 venir.<\/p>\n<p>Plusieurs groupes administratifs au si\u00e8ge de l\u2019\u00e9glise mondiale se pencheront sur le rapport \u00e9crit du processus suivi par le TOSC au cours de rencontres qui auront lieu du 16 au 19 juin, a indiqu\u00e9 Ted Wilson ; et ils placeront la question \u00e0 l\u2019ordre du jour du Concile Annuel de la d\u00e9nomination qui aura lieu \u00e0 Silver Spring dans le Maryland du 9 au 14 octobre. Les leaders de la Conf\u00e9rence G\u00e9n\u00e9rale ont promis de rendre disponible \u00e0 l\u2019avance tous les documents issus du r\u00e9cent processus d\u2019\u00e9tude ainsi que des documents suppl\u00e9mentaires pour les plus de 300 membres du Comit\u00e9 Ex\u00e9cutif, lequel d\u00e9cide ce qui sera recommand\u00e9 \u00e0 la session quinquennale de la Conf\u00e9rence G\u00e9n\u00e9rale qui doit se tenir \u00e0 San Antonio au Texas dans treize mois.<\/p>\n<p>Ted Wilson a indiqu\u00e9 que de multiples pr\u00e9sentations seront faites lors des rencontres administratives pr\u00e9vues afin d\u2019aider les repr\u00e9sentants de l\u2019\u00e9glise \u00e0 consid\u00e9rer le sujet ouvertement.<\/p>\n<p>\u00ab Les r\u00e9sultats du sondage d\u2019aujourd\u2019hui ne devraient dicter aucune issue pour l\u2019\u00e9glise mondiale, mais on devrait leur accorder leur poids appropri\u00e9, \u00bb a dit le vice-pr\u00e9sident du TOSC, Geoffrey MBwana, \u00e9galement vice-pr\u00e9sident de l\u2019\u00e9glise. \u00ab Personne ne devrait s\u2019empresser de dire : \u2018tout cela est une question tr\u00e8s claire.\u2019 Tout ce qui est clair pour le moment est que nous avons de fortes divergences sur la question de l\u2019ordination des femmes au minist\u00e8re pastoral. \u00bb Les dirigeants du TOSC ont consid\u00e9r\u00e9 le sondage comme un outil d\u2019\u00e9valuation pour d\u00e9terminer si des positions de consensus s\u2019\u00e9taient d\u00e9velopp\u00e9es au sein du comit\u00e9.<\/p>\n<p>La t\u00e2che du groupe composant le TOSC \u00e9tait d\u2019analyser et d\u2019\u00e9tudier en profondeur le sujet de l\u2019ordination avec des contributions venant des divisions mondiales de l\u2019\u00e9glise : le comit\u00e9 n\u2019a pas \u00e9t\u00e9 organis\u00e9 de mani\u00e8re \u00e0 repr\u00e9senter proportionnellement l\u2019\u00e9glise mondiale. Une \u00e9valuation plus internationale interviendra dans le processus lors du Concile Annuel 2014 et de la session 2015 de la Conf\u00e9rence G\u00e9n\u00e9rale lorsque les d\u00e9l\u00e9gu\u00e9s retenus gr\u00e2ce aux provisions faites par la constitution et les r\u00e8glements de l\u2019\u00e9glise, consid\u00e9reront la question.<\/p>\n<p>Karen Porter, Secr\u00e9taire du TOSC et secr\u00e9taire adjointe de l\u2019\u00e9glise mondiale a soulign\u00e9 l\u2019importance de l\u2019\u00e9tude.<\/p>\n<p>\u00ab Ce que nous avons v\u00e9cu ici pourrait \u00eatre un sch\u00e9ma important pour l\u2019\u00e9glise mondiale lorsqu&rsquo;elle devra consid\u00e9rer d\u2019autres questions au niveau international, \u00bb a dit Karen Porter. \u00ab Nous avons appris deux types de le\u00e7ons \u2013 ce qui marche et ce qui ne marche pas \u2013 et nous avons tous b\u00e9n\u00e9fici\u00e9 d\u2019avoir pass\u00e9 tant de jours et d\u2019heures \u00e0 \u00e9couter des gens avec qui nous ne sommes pas n\u00e9cessairement toujours d\u2019accord. \u00bb<\/p>\n<p>Artur Stele a f\u00e9licit\u00e9 les membres du comit\u00e9 pour l\u2019esprit dans lequel ils ont travaill\u00e9 alors que le processus d\u2019\u00e9tude qui s&rsquo;est \u00e9tendu sur 24 mois arrivait \u00e0 son terme. Il a laiss\u00e9 entendre que la quatri\u00e8me session avait certainement \u00e9t\u00e9 plus positive par rapport au temps plus important pass\u00e9 dans les comit\u00e9s pr\u00e9alables et dans les groupes de travail plut\u00f4t que d\u2019avoir simplement des pr\u00e9sentations pl\u00e9ni\u00e8res.<\/p>\n<p>\u00ab Bien que nous ayons eu parfois des discussions \u00e9prouvantes et difficiles, nous avons d\u00e9velopp\u00e9 une certaine camaraderie \u2013 un respect mutuel \u2013 au cours des deux derni\u00e8res ann\u00e9es, \u00bb a t-il dit. Une grande majorit\u00e9 des participants a appris \u00e0 se faire confiance en priant ensemble, en partageant des repas ensemble et en conversant dans les couloirs. C\u2019est le premier vrai processus d\u2019\u00e9tude global sur cette question \u00e0 jamais avoir \u00e9t\u00e9 entrepris. C\u2019\u00e9tait gratifiant de voir et de ressentir \u00e0 quel point ce processus unique a permis d\u2019\u00e9tablir une compr\u00e9hension mutuelle et de meilleures relations. \u00bb<\/p>\n<p>Lisa Beardsley-Hardy, directrice du d\u00e9partement de l\u2019\u00e9ducation pour l\u2019Eglise Adventiste mondiale et membre du TOSC, a mis l\u2019accent sur le b\u00e9n\u00e9fice \u00e0 long terme que l\u2019\u00e9glise r\u00e9colterait de par le processus d\u2019\u00e9tude. \u00ab Un des plus importants d\u00e9veloppements pour nous en tant qu\u2019\u00e9glise globale, muti-nationale, \u00e9tait de revisiter notre herm\u00e9neutique et de r\u00e9fl\u00e9chir \u00e0 la mani\u00e8re dont nous \u00e9tudions la Bible dans diverses cultures, \u00bb a t-elle dit \u00e0 Adventist Review. \u00ab Cette exp\u00e9rience nous a aid\u00e9 \u00e0 clarifier ce que nous croyons \u2013 et la raison pour laquelle nous le croyons, et nous a aussi amen\u00e9 \u00e0 nous concentrer sur la fa\u00e7on dont nous poursuivons la mission dans l\u2019unit\u00e9. \u00bb<\/p>\n<p>Alors que la session de mercredi se terminait, Ted Wilson a invit\u00e9 instamment les membres du comit\u00e9 \u00e0 demeurer confiants quant \u00e0 l\u2019issue ultime du processus.<\/p>\n<p>\u00ab Nous ne voyons peut \u00eatre pas encore o\u00f9 l\u2019Esprit nous am\u00e8ne sur cette question, \u00bb a t-il dit. \u00ab Mais nous croyons fermement que Dieu ouvrira la voie pour Son \u00e9glise afin qu\u2019elle accomplisse sa mission. \u00bb<\/p>\n<p>Traduction: Patrick Luciathe<\/p>\n","protected":false},"excerpt":{"rendered":"<p>Les leaders et les membres du Comit\u00e9 d\u2019Etude sur la Th\u00e9ologie de l\u2019Ordination (TOSC) mis en place par l\u2019Eglise Adventiste se sont interrog\u00e9s \u00e0 haute voix pour savoir si la quatri\u00e8me et derni\u00e8re session du groupe tenue sur plusieurs jours, d\u00e9boucherait sur un consensus au sujet de l\u2019\u00e9pineuse question de l\u2019ordination des femmes au minist\u00e8re pastoral.<\/p>\n","protected":false},"author":1,"featured_media":23211,"comment_status":"closed","ping_status":"closed","sticky":false,"template":"","format":"standard","meta":{"_acf_changed":false,"footnotes":""},"categories":[18],"tags":[],"class_list":["post-31975","post","type-post","status-publish","format-standard","has-post-thumbnail","hentry","category-nouvelles-de-leglise-mondiale"],"acf":[],"yoast_head":"<!-- This site is optimized with the Yoast SEO plugin v27.3 - https:\/\/yoast.com\/product\/yoast-seo-wordpress\/ -->\n<title>L\u2019Etude sur l\u2019ordination s\u2019ach\u00e8ve avec des suggestions pour savoir comment \u00ab Aller de l\u2019Avant. \u00bb - \u00c9glise Adventiste Du Septieme Jour - Inter Am\u00e9rique Division<\/title>\n<meta name=\"robots\" content=\"index, follow, max-snippet:-1, max-image-preview:large, max-video-preview:-1\" \/>\n<link rel=\"canonical\" href=\"https:\/\/interamerica.org\/fr\/2014\/06\/letude-sur-lordination-sacheve-avec-des-suggestions-pour-savoir-comment-aller-de-lavant\/\" \/>\n<meta property=\"og:locale\" content=\"fr_FR\" \/>\n<meta property=\"og:type\" content=\"article\" \/>\n<meta property=\"og:title\" content=\"L\u2019Etude sur l\u2019ordination s\u2019ach\u00e8ve avec des suggestions pour savoir comment \u00ab Aller de l\u2019Avant. \u00bb - \u00c9glise Adventiste Du Septieme Jour - Inter Am\u00e9rique Division\" \/>\n<meta property=\"og:description\" content=\"Les leaders et les membres du Comit\u00e9 d\u2019Etude sur la Th\u00e9ologie de l\u2019Ordination (TOSC) mis en place par l\u2019Eglise Adventiste se sont interrog\u00e9s \u00e0 haute voix pour savoir si la quatri\u00e8me et derni\u00e8re session du groupe tenue sur plusieurs jours, d\u00e9boucherait sur un consensus au sujet de l\u2019\u00e9pineuse question de l\u2019ordination des femmes au minist\u00e8re pastoral.\" \/>\n<meta property=\"og:url\" content=\"https:\/\/interamerica.org\/fr\/2014\/06\/letude-sur-lordination-sacheve-avec-des-suggestions-pour-savoir-comment-aller-de-lavant\/\" \/>\n<meta property=\"og:site_name\" content=\"\u00c9glise Adventiste Du Septieme Jour - Inter Am\u00e9rique Division\" \/>\n<meta property=\"article:published_time\" content=\"2014-06-06T04:00:00+00:00\" \/>\n<meta property=\"og:image\" content=\"https:\/\/interamerica.org\/wp-content\/uploads\/2017\/06\/csm_TOSC_June_b058d8d32e.jpg\" \/>\n\t<meta property=\"og:image:width\" content=\"800\" \/>\n\t<meta property=\"og:image:height\" content=\"600\" \/>\n\t<meta property=\"og:image:type\" content=\"image\/jpeg\" \/>\n<meta name=\"author\" content=\"Lorenzo Verduzco\" \/>\n<meta name=\"twitter:card\" content=\"summary_large_image\" \/>\n<meta name=\"twitter:label1\" content=\"\u00c9crit par\" \/>\n\t<meta name=\"twitter:data1\" content=\"Lorenzo Verduzco\" \/>\n\t<meta name=\"twitter:label2\" content=\"Dur\u00e9e de lecture estim\u00e9e\" \/>\n\t<meta name=\"twitter:data2\" content=\"7 minutes\" \/>\n<script type=\"application\/ld+json\" class=\"yoast-schema-graph\">{\"@context\":\"https:\\\/\\\/schema.org\",\"@graph\":[{\"@type\":\"Article\",\"@id\":\"https:\\\/\\\/interamerica.org\\\/fr\\\/2014\\\/06\\\/letude-sur-lordination-sacheve-avec-des-suggestions-pour-savoir-comment-aller-de-lavant\\\/#article\",\"isPartOf\":{\"@id\":\"https:\\\/\\\/interamerica.org\\\/fr\\\/2014\\\/06\\\/letude-sur-lordination-sacheve-avec-des-suggestions-pour-savoir-comment-aller-de-lavant\\\/\"},\"author\":{\"name\":\"Lorenzo Verduzco\",\"@id\":\"https:\\\/\\\/interamerica.org\\\/fr\\\/#\\\/schema\\\/person\\\/68ede8bdc292885bb76c1e3810e73c39\"},\"headline\":\"L\u2019Etude sur l\u2019ordination s\u2019ach\u00e8ve avec des suggestions pour savoir comment \u00ab Aller de l\u2019Avant. \u00bb\",\"datePublished\":\"2014-06-06T04:00:00+00:00\",\"mainEntityOfPage\":{\"@id\":\"https:\\\/\\\/interamerica.org\\\/fr\\\/2014\\\/06\\\/letude-sur-lordination-sacheve-avec-des-suggestions-pour-savoir-comment-aller-de-lavant\\\/\"},\"wordCount\":1468,\"image\":{\"@id\":\"https:\\\/\\\/interamerica.org\\\/fr\\\/2014\\\/06\\\/letude-sur-lordination-sacheve-avec-des-suggestions-pour-savoir-comment-aller-de-lavant\\\/#primaryimage\"},\"thumbnailUrl\":\"https:\\\/\\\/interamerica.org\\\/wp-content\\\/uploads\\\/2017\\\/06\\\/csm_TOSC_June_b058d8d32e.jpg\",\"articleSection\":[\"Nouvelles de l'\u00c9glise mondiale\"],\"inLanguage\":\"fr-FR\"},{\"@type\":\"WebPage\",\"@id\":\"https:\\\/\\\/interamerica.org\\\/fr\\\/2014\\\/06\\\/letude-sur-lordination-sacheve-avec-des-suggestions-pour-savoir-comment-aller-de-lavant\\\/\",\"url\":\"https:\\\/\\\/interamerica.org\\\/fr\\\/2014\\\/06\\\/letude-sur-lordination-sacheve-avec-des-suggestions-pour-savoir-comment-aller-de-lavant\\\/\",\"name\":\"L\u2019Etude sur l\u2019ordination s\u2019ach\u00e8ve avec des suggestions pour savoir comment \u00ab Aller de l\u2019Avant. \u00bb - \u00c9glise Adventiste Du Septieme Jour - Inter Am\u00e9rique Division\",\"isPartOf\":{\"@id\":\"https:\\\/\\\/interamerica.org\\\/fr\\\/#website\"},\"primaryImageOfPage\":{\"@id\":\"https:\\\/\\\/interamerica.org\\\/fr\\\/2014\\\/06\\\/letude-sur-lordination-sacheve-avec-des-suggestions-pour-savoir-comment-aller-de-lavant\\\/#primaryimage\"},\"image\":{\"@id\":\"https:\\\/\\\/interamerica.org\\\/fr\\\/2014\\\/06\\\/letude-sur-lordination-sacheve-avec-des-suggestions-pour-savoir-comment-aller-de-lavant\\\/#primaryimage\"},\"thumbnailUrl\":\"https:\\\/\\\/interamerica.org\\\/wp-content\\\/uploads\\\/2017\\\/06\\\/csm_TOSC_June_b058d8d32e.jpg\",\"datePublished\":\"2014-06-06T04:00:00+00:00\",\"author\":{\"@id\":\"https:\\\/\\\/interamerica.org\\\/fr\\\/#\\\/schema\\\/person\\\/68ede8bdc292885bb76c1e3810e73c39\"},\"breadcrumb\":{\"@id\":\"https:\\\/\\\/interamerica.org\\\/fr\\\/2014\\\/06\\\/letude-sur-lordination-sacheve-avec-des-suggestions-pour-savoir-comment-aller-de-lavant\\\/#breadcrumb\"},\"inLanguage\":\"fr-FR\",\"potentialAction\":[{\"@type\":\"ReadAction\",\"target\":[\"https:\\\/\\\/interamerica.org\\\/fr\\\/2014\\\/06\\\/letude-sur-lordination-sacheve-avec-des-suggestions-pour-savoir-comment-aller-de-lavant\\\/\"]}]},{\"@type\":\"ImageObject\",\"inLanguage\":\"fr-FR\",\"@id\":\"https:\\\/\\\/interamerica.org\\\/fr\\\/2014\\\/06\\\/letude-sur-lordination-sacheve-avec-des-suggestions-pour-savoir-comment-aller-de-lavant\\\/#primaryimage\",\"url\":\"https:\\\/\\\/interamerica.org\\\/wp-content\\\/uploads\\\/2017\\\/06\\\/csm_TOSC_June_b058d8d32e.jpg\",\"contentUrl\":\"https:\\\/\\\/interamerica.org\\\/wp-content\\\/uploads\\\/2017\\\/06\\\/csm_TOSC_June_b058d8d32e.jpg\",\"width\":800,\"height\":600},{\"@type\":\"BreadcrumbList\",\"@id\":\"https:\\\/\\\/interamerica.org\\\/fr\\\/2014\\\/06\\\/letude-sur-lordination-sacheve-avec-des-suggestions-pour-savoir-comment-aller-de-lavant\\\/#breadcrumb\",\"itemListElement\":[{\"@type\":\"ListItem\",\"position\":1,\"name\":\"Home\",\"item\":\"https:\\\/\\\/interamerica.org\\\/fr\\\/\"},{\"@type\":\"ListItem\",\"position\":2,\"name\":\"L\u2019Etude sur l\u2019ordination s\u2019ach\u00e8ve avec des suggestions pour savoir comment \u00ab Aller de l\u2019Avant. \u00bb\"}]},{\"@type\":\"WebSite\",\"@id\":\"https:\\\/\\\/interamerica.org\\\/fr\\\/#website\",\"url\":\"https:\\\/\\\/interamerica.org\\\/fr\\\/\",\"name\":\"\u00c9glise Adventiste Du Septieme Jour - Inter Am\u00e9rique Division\",\"description\":\"\",\"potentialAction\":[{\"@type\":\"SearchAction\",\"target\":{\"@type\":\"EntryPoint\",\"urlTemplate\":\"https:\\\/\\\/interamerica.org\\\/fr\\\/?s={search_term_string}\"},\"query-input\":{\"@type\":\"PropertyValueSpecification\",\"valueRequired\":true,\"valueName\":\"search_term_string\"}}],\"inLanguage\":\"fr-FR\"},{\"@type\":\"Person\",\"@id\":\"https:\\\/\\\/interamerica.org\\\/fr\\\/#\\\/schema\\\/person\\\/68ede8bdc292885bb76c1e3810e73c39\",\"name\":\"Lorenzo Verduzco\",\"image\":{\"@type\":\"ImageObject\",\"inLanguage\":\"fr-FR\",\"@id\":\"https:\\\/\\\/secure.gravatar.com\\\/avatar\\\/fb81a55b6218459490a9c1dc841a34909185b81904c5337b4b27f7a6fd60c49e?s=96&d=mm&r=g\",\"url\":\"https:\\\/\\\/secure.gravatar.com\\\/avatar\\\/fb81a55b6218459490a9c1dc841a34909185b81904c5337b4b27f7a6fd60c49e?s=96&d=mm&r=g\",\"contentUrl\":\"https:\\\/\\\/secure.gravatar.com\\\/avatar\\\/fb81a55b6218459490a9c1dc841a34909185b81904c5337b4b27f7a6fd60c49e?s=96&d=mm&r=g\",\"caption\":\"Lorenzo Verduzco\"}}]}<\/script>\n<!-- \/ Yoast SEO plugin. -->","yoast_head_json":{"title":"L\u2019Etude sur l\u2019ordination s\u2019ach\u00e8ve avec des suggestions pour savoir comment \u00ab Aller de l\u2019Avant. \u00bb - \u00c9glise Adventiste Du Septieme Jour - Inter Am\u00e9rique Division","robots":{"index":"index","follow":"follow","max-snippet":"max-snippet:-1","max-image-preview":"max-image-preview:large","max-video-preview":"max-video-preview:-1"},"canonical":"https:\/\/interamerica.org\/fr\/2014\/06\/letude-sur-lordination-sacheve-avec-des-suggestions-pour-savoir-comment-aller-de-lavant\/","og_locale":"fr_FR","og_type":"article","og_title":"L\u2019Etude sur l\u2019ordination s\u2019ach\u00e8ve avec des suggestions pour savoir comment \u00ab Aller de l\u2019Avant. \u00bb - \u00c9glise Adventiste Du Septieme Jour - Inter Am\u00e9rique Division","og_description":"Les leaders et les membres du Comit\u00e9 d\u2019Etude sur la Th\u00e9ologie de l\u2019Ordination (TOSC) mis en place par l\u2019Eglise Adventiste se sont interrog\u00e9s \u00e0 haute voix pour savoir si la quatri\u00e8me et derni\u00e8re session du groupe tenue sur plusieurs jours, d\u00e9boucherait sur un consensus au sujet de l\u2019\u00e9pineuse question de l\u2019ordination des femmes au minist\u00e8re pastoral.","og_url":"https:\/\/interamerica.org\/fr\/2014\/06\/letude-sur-lordination-sacheve-avec-des-suggestions-pour-savoir-comment-aller-de-lavant\/","og_site_name":"\u00c9glise Adventiste Du Septieme Jour - Inter Am\u00e9rique Division","article_published_time":"2014-06-06T04:00:00+00:00","og_image":[{"width":800,"height":600,"url":"https:\/\/interamerica.org\/wp-content\/uploads\/2017\/06\/csm_TOSC_June_b058d8d32e.jpg","type":"image\/jpeg"}],"author":"Lorenzo Verduzco","twitter_card":"summary_large_image","twitter_misc":{"\u00c9crit par":"Lorenzo Verduzco","Dur\u00e9e de lecture estim\u00e9e":"7 minutes"},"schema":{"@context":"https:\/\/schema.org","@graph":[{"@type":"Article","@id":"https:\/\/interamerica.org\/fr\/2014\/06\/letude-sur-lordination-sacheve-avec-des-suggestions-pour-savoir-comment-aller-de-lavant\/#article","isPartOf":{"@id":"https:\/\/interamerica.org\/fr\/2014\/06\/letude-sur-lordination-sacheve-avec-des-suggestions-pour-savoir-comment-aller-de-lavant\/"},"author":{"name":"Lorenzo Verduzco","@id":"https:\/\/interamerica.org\/fr\/#\/schema\/person\/68ede8bdc292885bb76c1e3810e73c39"},"headline":"L\u2019Etude sur l\u2019ordination s\u2019ach\u00e8ve avec des suggestions pour savoir comment \u00ab Aller de l\u2019Avant. \u00bb","datePublished":"2014-06-06T04:00:00+00:00","mainEntityOfPage":{"@id":"https:\/\/interamerica.org\/fr\/2014\/06\/letude-sur-lordination-sacheve-avec-des-suggestions-pour-savoir-comment-aller-de-lavant\/"},"wordCount":1468,"image":{"@id":"https:\/\/interamerica.org\/fr\/2014\/06\/letude-sur-lordination-sacheve-avec-des-suggestions-pour-savoir-comment-aller-de-lavant\/#primaryimage"},"thumbnailUrl":"https:\/\/interamerica.org\/wp-content\/uploads\/2017\/06\/csm_TOSC_June_b058d8d32e.jpg","articleSection":["Nouvelles de l'\u00c9glise mondiale"],"inLanguage":"fr-FR"},{"@type":"WebPage","@id":"https:\/\/interamerica.org\/fr\/2014\/06\/letude-sur-lordination-sacheve-avec-des-suggestions-pour-savoir-comment-aller-de-lavant\/","url":"https:\/\/interamerica.org\/fr\/2014\/06\/letude-sur-lordination-sacheve-avec-des-suggestions-pour-savoir-comment-aller-de-lavant\/","name":"L\u2019Etude sur l\u2019ordination s\u2019ach\u00e8ve avec des suggestions pour savoir comment \u00ab Aller de l\u2019Avant. \u00bb - \u00c9glise Adventiste Du Septieme Jour - Inter Am\u00e9rique Division","isPartOf":{"@id":"https:\/\/interamerica.org\/fr\/#website"},"primaryImageOfPage":{"@id":"https:\/\/interamerica.org\/fr\/2014\/06\/letude-sur-lordination-sacheve-avec-des-suggestions-pour-savoir-comment-aller-de-lavant\/#primaryimage"},"image":{"@id":"https:\/\/interamerica.org\/fr\/2014\/06\/letude-sur-lordination-sacheve-avec-des-suggestions-pour-savoir-comment-aller-de-lavant\/#primaryimage"},"thumbnailUrl":"https:\/\/interamerica.org\/wp-content\/uploads\/2017\/06\/csm_TOSC_June_b058d8d32e.jpg","datePublished":"2014-06-06T04:00:00+00:00","author":{"@id":"https:\/\/interamerica.org\/fr\/#\/schema\/person\/68ede8bdc292885bb76c1e3810e73c39"},"breadcrumb":{"@id":"https:\/\/interamerica.org\/fr\/2014\/06\/letude-sur-lordination-sacheve-avec-des-suggestions-pour-savoir-comment-aller-de-lavant\/#breadcrumb"},"inLanguage":"fr-FR","potentialAction":[{"@type":"ReadAction","target":["https:\/\/interamerica.org\/fr\/2014\/06\/letude-sur-lordination-sacheve-avec-des-suggestions-pour-savoir-comment-aller-de-lavant\/"]}]},{"@type":"ImageObject","inLanguage":"fr-FR","@id":"https:\/\/interamerica.org\/fr\/2014\/06\/letude-sur-lordination-sacheve-avec-des-suggestions-pour-savoir-comment-aller-de-lavant\/#primaryimage","url":"https:\/\/interamerica.org\/wp-content\/uploads\/2017\/06\/csm_TOSC_June_b058d8d32e.jpg","contentUrl":"https:\/\/interamerica.org\/wp-content\/uploads\/2017\/06\/csm_TOSC_June_b058d8d32e.jpg","width":800,"height":600},{"@type":"BreadcrumbList","@id":"https:\/\/interamerica.org\/fr\/2014\/06\/letude-sur-lordination-sacheve-avec-des-suggestions-pour-savoir-comment-aller-de-lavant\/#breadcrumb","itemListElement":[{"@type":"ListItem","position":1,"name":"Home","item":"https:\/\/interamerica.org\/fr\/"},{"@type":"ListItem","position":2,"name":"L\u2019Etude sur l\u2019ordination s\u2019ach\u00e8ve avec des suggestions pour savoir comment \u00ab Aller de l\u2019Avant. \u00bb"}]},{"@type":"WebSite","@id":"https:\/\/interamerica.org\/fr\/#website","url":"https:\/\/interamerica.org\/fr\/","name":"\u00c9glise Adventiste Du Septieme Jour - Inter Am\u00e9rique Division","description":"","potentialAction":[{"@type":"SearchAction","target":{"@type":"EntryPoint","urlTemplate":"https:\/\/interamerica.org\/fr\/?s={search_term_string}"},"query-input":{"@type":"PropertyValueSpecification","valueRequired":true,"valueName":"search_term_string"}}],"inLanguage":"fr-FR"},{"@type":"Person","@id":"https:\/\/interamerica.org\/fr\/#\/schema\/person\/68ede8bdc292885bb76c1e3810e73c39","name":"Lorenzo Verduzco","image":{"@type":"ImageObject","inLanguage":"fr-FR","@id":"https:\/\/secure.gravatar.com\/avatar\/fb81a55b6218459490a9c1dc841a34909185b81904c5337b4b27f7a6fd60c49e?s=96&d=mm&r=g","url":"https:\/\/secure.gravatar.com\/avatar\/fb81a55b6218459490a9c1dc841a34909185b81904c5337b4b27f7a6fd60c49e?s=96&d=mm&r=g","contentUrl":"https:\/\/secure.gravatar.com\/avatar\/fb81a55b6218459490a9c1dc841a34909185b81904c5337b4b27f7a6fd60c49e?s=96&d=mm&r=g","caption":"Lorenzo Verduzco"}}]}},"_links":{"self":[{"href":"https:\/\/interamerica.org\/fr\/wp-json\/wp\/v2\/posts\/31975","targetHints":{"allow":["GET"]}}],"collection":[{"href":"https:\/\/interamerica.org\/fr\/wp-json\/wp\/v2\/posts"}],"about":[{"href":"https:\/\/interamerica.org\/fr\/wp-json\/wp\/v2\/types\/post"}],"author":[{"embeddable":true,"href":"https:\/\/interamerica.org\/fr\/wp-json\/wp\/v2\/users\/1"}],"replies":[{"embeddable":true,"href":"https:\/\/interamerica.org\/fr\/wp-json\/wp\/v2\/comments?post=31975"}],"version-history":[{"count":0,"href":"https:\/\/interamerica.org\/fr\/wp-json\/wp\/v2\/posts\/31975\/revisions"}],"wp:featuredmedia":[{"embeddable":true,"href":"https:\/\/interamerica.org\/fr\/wp-json\/wp\/v2\/media\/23211"}],"wp:attachment":[{"href":"https:\/\/interamerica.org\/fr\/wp-json\/wp\/v2\/media?parent=31975"}],"wp:term":[{"taxonomy":"category","embeddable":true,"href":"https:\/\/interamerica.org\/fr\/wp-json\/wp\/v2\/categories?post=31975"},{"taxonomy":"post_tag","embeddable":true,"href":"https:\/\/interamerica.org\/fr\/wp-json\/wp\/v2\/tags?post=31975"}],"curies":[{"name":"wp","href":"https:\/\/api.w.org\/{rel}","templated":true}]}}