{"id":32127,"date":"2014-12-12T00:00:00","date_gmt":"2014-12-12T04:00:00","guid":{"rendered":"http:\/\/192.81.217.108\/interamerica\/2014\/12\/dans-les-iles-caiman-les-membres-deglise-se-mettent-ensemble-pour-renover-la-maison-dune-residente-agee\/"},"modified":"2014-12-12T00:00:00","modified_gmt":"2014-12-12T04:00:00","slug":"dans-les-iles-caiman-les-membres-deglise-se-mettent-ensemble-pour-renover-la-maison-dune-residente-agee","status":"publish","type":"post","link":"https:\/\/interamerica.org\/fr\/2014\/12\/dans-les-iles-caiman-les-membres-deglise-se-mettent-ensemble-pour-renover-la-maison-dune-residente-agee\/","title":{"rendered":"Dans les Iles Ca\u00efman, les membres d\u2019\u00e9glise se mettent ensemble pour r\u00e9nover la maison d\u2019une r\u00e9sidente \u00e2g\u00e9e"},"content":{"rendered":"<div id=\"attachment_14535\" style=\"width: 610px\" class=\"wp-caption aligncenter\"><a href=\"\/interamerica\/wp-content\/uploads\/2017\/06\/caymangroup.png\" rel=\"fancybox\" title=\"Dans les Iles Ca\u00efman, les membres d\u2019\u00e9glise se mettent ensemble pour r\u00e9nover la maison d\u2019une r\u00e9sidente \u00e2g\u00e9e\"><img fetchpriority=\"high\" decoding=\"async\" aria-describedby=\"caption-attachment-14535\" class=\"size-full wp-image-14535\" src=\"\/interamerica\/wp-content\/uploads\/2017\/06\/caymangroup.png\" alt=\"\" width=\"600\" height=\"400\" \/><\/a><p id=\"caption-attachment-14535\" class=\"wp-caption-text\">Le groupe d\u2019Adventistes du Septi\u00e8me jour des \u00e9glises Adventistes de B\u00e9r\u00e9e et de Bethel posent pour une photo avec Ella Mae Powery (deuxi\u00e8me \u00e0 partir de la gauche), 73 ans et r\u00e9sidente de la communaut\u00e9 de West Bay \u00e0 Grand Ca\u00efman avant qu\u2019ils ne terminent le nettoyage et la r\u00e9novation de sa maison du 2 au 9 novembre 2014. Image de John Wesley.<\/p><\/div>\n<p>11 d\u00e9cembre 2014 \u2013 West Bay, Grand Ca\u00efman, Iles ca\u00efman \u2013 Andrew Burrows\/DIA<\/p>\n<p>Des Adventistes du Septi\u00e8me jour de Grand Ca\u00efman dans les Iles Ca\u00efman, ont rassembl\u00e9 leur mat\u00e9riel de nettoyage et de peinture le mois dernier pour transformer la maison d\u2019Ella Mae Powery, 73 ans, une r\u00e9sidente de la communaut\u00e9 de West Bay.<\/p>\n<div id=\"attachment_14537\" style=\"width: 310px\" class=\"wp-caption alignleft\"><a href=\"\/interamerica\/wp-content\/uploads\/2017\/06\/cayman-Lawrence.png\" rel=\"fancybox\" title=\"Dans les Iles Ca\u00efman, les membres d\u2019\u00e9glise se mettent ensemble pour r\u00e9nover la maison d\u2019une r\u00e9sidente \u00e2g\u00e9e\"><img decoding=\"async\" aria-describedby=\"caption-attachment-14537\" class=\"size-medium wp-image-14537 \" src=\"\/interamerica\/wp-content\/uploads\/2017\/06\/cayman-Lawrence-300x200.png\" alt=\"\" width=\"300\" height=\"200\" \/><\/a><p id=\"caption-attachment-14537\" class=\"wp-caption-text\">Joshua Lawrence, ancien \u00e0 l\u2019\u00e9glise Adventiste de B\u00e9r\u00e9e, peint le mur ext\u00e9rieur de la maison de Mme Powery \u00e0 West Bay \u00e0 Grand Ca\u00efman. Joshua Lawrence \u00e9tait l\u2019un des organisateurs de l\u2019action communautaire qui visait \u00e0 peindre et r\u00e9parer la maison.<\/p><\/div>\n<p>Le groupe de membres des \u00e9glises Adventistes de B\u00e9r\u00e9e et de Bethel a saisi l\u2019opportunit\u00e9 de nettoyer et de r\u00e9parer la maison de Mme Powery apr\u00e8s que le groupe du Minist\u00e8re Radical des Jeunes l\u2019ait visit\u00e9e lors d\u2019une activit\u00e9 missionnaire de proximit\u00e9.<\/p>\n<p>\u00ab Lorsque nous avons entendu et constat\u00e9 que toutes les18 fen\u00eatres de sa maison avaient \u00e9t\u00e9 d\u00e9truites par un des membres de sa famille qui est d\u00e9s\u00e9quilibr\u00e9, nous avons ressenti de la compassion et nous avons d\u00e9cid\u00e9 qu\u2019il nous fallait faire quelque chose, \u00bb a d\u00e9clar\u00e9 pasteur Carlin Nyack, pasteur de district des \u00e9glises de B\u00e9r\u00e9e et Bethel.<\/p>\n<div id=\"attachment_14538\" style=\"width: 310px\" class=\"wp-caption alignright\"><a href=\"\/interamerica\/wp-content\/uploads\/2017\/06\/cayman3-Powery.png\" rel=\"fancybox\" title=\"Dans les Iles Ca\u00efman, les membres d\u2019\u00e9glise se mettent ensemble pour r\u00e9nover la maison d\u2019une r\u00e9sidente \u00e2g\u00e9e\"><img decoding=\"async\" aria-describedby=\"caption-attachment-14538\" class=\"size-medium wp-image-14538\" src=\"\/interamerica\/wp-content\/uploads\/2017\/06\/cayman3-Powery-300x200.png\" alt=\"\" width=\"300\" height=\"200\" \/><\/a><p id=\"caption-attachment-14538\" class=\"wp-caption-text\">Ella Mae Powery (au centre) \u00e9tait toute \u00e9mue, debout aux cot\u00e9s de deux membres des \u00e9glises Adventistes du Septi\u00e8me jour de Ber\u00e9e et de B\u00e9thel qui l\u2019ont aid\u00e9e \u00e0 repeindre sa maison.<\/p><\/div>\n<p>Les vieux meubles ont \u00e9t\u00e9 enlev\u00e9s et la maison de Mme Powery a \u00e9t\u00e9 nettoy\u00e9e de fond en comble. Cette action a attir\u00e9 l\u2019attention de la station d\u2019information locale Ca\u00efman 27 qui a couvert le projet.<\/p>\n<p>Joshua Lawrence, ancien \u00e0 l\u2019\u00e9glise Adventiste de B\u00e9r\u00e9e a d\u00e9clar\u00e9 qu\u2019ils ne pouvaient plus attendre que le gouvernement fasse tout. \u00ab Il nous faut comprendre que toute personne est notre fr\u00e8re, notre s\u0153ur, et donc nous pensons que partout o\u00f9 nous pouvons aider, nous ferons notre part et alors si le gouvernement peut, nous ferons appel \u00e0 eux. \u00bb<\/p>\n<p>Joshua Lawrence et les administrateurs de l\u2019\u00e9glise \u00e0 la F\u00e9d\u00e9ration des Iles Ca\u00efman ont sollicit\u00e9 l\u2019aide des quincailleries locales \u00e0 travers des contributions sp\u00e9ciales pour installer de nouvelles fen\u00eatres et de nouvelles portes, et suffisamment de peinture pour r\u00e9nover la maison de Mme Powery.<\/p>\n<p>\u00ab Ma confiance dans la communaut\u00e9 de West Bay a \u00e9t\u00e9 restaur\u00e9e, \u00bb a dit Ella Powery. \u00ab Je me sens aim\u00e9e et j\u2019ai l\u2019impression d\u2019\u00eatre en pr\u00e9sence du Seigneur. \u00bb<\/p>\n<p>Pour en savoir plus sur les initiatives et activit\u00e9s en cours dans les \u00e9glises Adventistes du Septi\u00e8me jour dans les Iles Ca\u00efman, visitez le site<br \/>\n<a href=\"http:\/\/www.caymanadventist.org\/home8\/caymanad\/public_html\/\">caymanadventist.org<\/a><\/p>\n<p>Traduction: Patrick Luciathe<\/p>\n","protected":false},"excerpt":{"rendered":"<p>Des Adventistes du Septi\u00e8me jour de Grand Ca\u00efman dans les Iles Ca\u00efman, ont rassembl\u00e9 leur mat\u00e9riel de nettoyage et de peinture le mois dernier pour  transformer la maison d\u2019Ella Mae Powery, 73 ans, une r\u00e9sidente de la communaut\u00e9 de West Bay. Le groupe de membres des \u00e9glises Adventistes de B\u00e9r\u00e9e et de Bethel a saisi l\u2019opportunit\u00e9 de nettoyer et de r\u00e9parer la maison de Mme Powery apr\u00e8s que le groupe du Minist\u00e8re Radical des Jeunes l\u2019ait visit\u00e9e lors d\u2019une activit\u00e9 missionnaire de proximit\u00e9.<\/p>\n","protected":false},"author":1,"featured_media":24144,"comment_status":"closed","ping_status":"closed","sticky":false,"template":"","format":"standard","meta":{"_acf_changed":false,"footnotes":""},"categories":[21,19],"tags":[],"class_list":["post-32127","post","type-post","status-publish","format-standard","has-post-thumbnail","hentry","category-nouvelles-du-territoire","category-rss-francais"],"acf":[],"yoast_head":"<!-- This site is optimized with the Yoast SEO plugin v27.3 - https:\/\/yoast.com\/product\/yoast-seo-wordpress\/ -->\n<title>Dans les Iles Ca\u00efman, les membres d\u2019\u00e9glise se mettent ensemble pour r\u00e9nover la maison d\u2019une r\u00e9sidente \u00e2g\u00e9e - \u00c9glise Adventiste Du Septieme Jour - Inter Am\u00e9rique Division<\/title>\n<meta name=\"robots\" content=\"index, follow, max-snippet:-1, max-image-preview:large, max-video-preview:-1\" \/>\n<link rel=\"canonical\" href=\"https:\/\/interamerica.org\/fr\/2014\/12\/dans-les-iles-caiman-les-membres-deglise-se-mettent-ensemble-pour-renover-la-maison-dune-residente-agee\/\" \/>\n<meta property=\"og:locale\" content=\"fr_FR\" \/>\n<meta property=\"og:type\" content=\"article\" \/>\n<meta property=\"og:title\" content=\"Dans les Iles Ca\u00efman, les membres d\u2019\u00e9glise se mettent ensemble pour r\u00e9nover la maison d\u2019une r\u00e9sidente \u00e2g\u00e9e - \u00c9glise Adventiste Du Septieme Jour - Inter Am\u00e9rique Division\" \/>\n<meta property=\"og:description\" content=\"Des Adventistes du Septi\u00e8me jour de Grand Ca\u00efman dans les Iles Ca\u00efman, ont rassembl\u00e9 leur mat\u00e9riel de nettoyage et de peinture le mois dernier pour transformer la maison d\u2019Ella Mae Powery, 73 ans, une r\u00e9sidente de la communaut\u00e9 de West Bay. Le groupe de membres des \u00e9glises Adventistes de B\u00e9r\u00e9e et de Bethel a saisi l\u2019opportunit\u00e9 de nettoyer et de r\u00e9parer la maison de Mme Powery apr\u00e8s que le groupe du Minist\u00e8re Radical des Jeunes l\u2019ait visit\u00e9e lors d\u2019une activit\u00e9 missionnaire de proximit\u00e9.\" \/>\n<meta property=\"og:url\" content=\"https:\/\/interamerica.org\/fr\/2014\/12\/dans-les-iles-caiman-les-membres-deglise-se-mettent-ensemble-pour-renover-la-maison-dune-residente-agee\/\" \/>\n<meta property=\"og:site_name\" content=\"\u00c9glise Adventiste Du Septieme Jour - Inter Am\u00e9rique Division\" \/>\n<meta property=\"article:published_time\" content=\"2014-12-12T04:00:00+00:00\" \/>\n<meta property=\"og:image\" content=\"https:\/\/interamerica.org\/wp-content\/uploads\/2017\/06\/cayman-Lawrence.png\" \/>\n\t<meta property=\"og:image:width\" content=\"400\" \/>\n\t<meta property=\"og:image:height\" content=\"267\" \/>\n\t<meta property=\"og:image:type\" content=\"image\/png\" \/>\n<meta name=\"author\" content=\"Lorenzo Verduzco\" \/>\n<meta name=\"twitter:card\" content=\"summary_large_image\" \/>\n<meta name=\"twitter:label1\" content=\"\u00c9crit par\" \/>\n\t<meta name=\"twitter:data1\" content=\"Lorenzo Verduzco\" \/>\n\t<meta name=\"twitter:label2\" content=\"Dur\u00e9e de lecture estim\u00e9e\" \/>\n\t<meta name=\"twitter:data2\" content=\"3 minutes\" \/>\n<script type=\"application\/ld+json\" class=\"yoast-schema-graph\">{\"@context\":\"https:\\\/\\\/schema.org\",\"@graph\":[{\"@type\":\"Article\",\"@id\":\"https:\\\/\\\/interamerica.org\\\/fr\\\/2014\\\/12\\\/dans-les-iles-caiman-les-membres-deglise-se-mettent-ensemble-pour-renover-la-maison-dune-residente-agee\\\/#article\",\"isPartOf\":{\"@id\":\"https:\\\/\\\/interamerica.org\\\/fr\\\/2014\\\/12\\\/dans-les-iles-caiman-les-membres-deglise-se-mettent-ensemble-pour-renover-la-maison-dune-residente-agee\\\/\"},\"author\":{\"name\":\"Lorenzo Verduzco\",\"@id\":\"https:\\\/\\\/interamerica.org\\\/fr\\\/#\\\/schema\\\/person\\\/68ede8bdc292885bb76c1e3810e73c39\"},\"headline\":\"Dans les Iles Ca\u00efman, les membres d\u2019\u00e9glise se mettent ensemble pour r\u00e9nover la maison d\u2019une r\u00e9sidente \u00e2g\u00e9e\",\"datePublished\":\"2014-12-12T04:00:00+00:00\",\"mainEntityOfPage\":{\"@id\":\"https:\\\/\\\/interamerica.org\\\/fr\\\/2014\\\/12\\\/dans-les-iles-caiman-les-membres-deglise-se-mettent-ensemble-pour-renover-la-maison-dune-residente-agee\\\/\"},\"wordCount\":585,\"image\":{\"@id\":\"https:\\\/\\\/interamerica.org\\\/fr\\\/2014\\\/12\\\/dans-les-iles-caiman-les-membres-deglise-se-mettent-ensemble-pour-renover-la-maison-dune-residente-agee\\\/#primaryimage\"},\"thumbnailUrl\":\"https:\\\/\\\/interamerica.org\\\/wp-content\\\/uploads\\\/2017\\\/06\\\/cayman-Lawrence.png\",\"articleSection\":[\"Nouvelles du territoire\",\"RSS Fran\u00e7ais\"],\"inLanguage\":\"fr-FR\"},{\"@type\":\"WebPage\",\"@id\":\"https:\\\/\\\/interamerica.org\\\/fr\\\/2014\\\/12\\\/dans-les-iles-caiman-les-membres-deglise-se-mettent-ensemble-pour-renover-la-maison-dune-residente-agee\\\/\",\"url\":\"https:\\\/\\\/interamerica.org\\\/fr\\\/2014\\\/12\\\/dans-les-iles-caiman-les-membres-deglise-se-mettent-ensemble-pour-renover-la-maison-dune-residente-agee\\\/\",\"name\":\"Dans les Iles Ca\u00efman, les membres d\u2019\u00e9glise se mettent ensemble pour r\u00e9nover la maison d\u2019une r\u00e9sidente \u00e2g\u00e9e - \u00c9glise Adventiste Du Septieme Jour - Inter Am\u00e9rique Division\",\"isPartOf\":{\"@id\":\"https:\\\/\\\/interamerica.org\\\/fr\\\/#website\"},\"primaryImageOfPage\":{\"@id\":\"https:\\\/\\\/interamerica.org\\\/fr\\\/2014\\\/12\\\/dans-les-iles-caiman-les-membres-deglise-se-mettent-ensemble-pour-renover-la-maison-dune-residente-agee\\\/#primaryimage\"},\"image\":{\"@id\":\"https:\\\/\\\/interamerica.org\\\/fr\\\/2014\\\/12\\\/dans-les-iles-caiman-les-membres-deglise-se-mettent-ensemble-pour-renover-la-maison-dune-residente-agee\\\/#primaryimage\"},\"thumbnailUrl\":\"https:\\\/\\\/interamerica.org\\\/wp-content\\\/uploads\\\/2017\\\/06\\\/cayman-Lawrence.png\",\"datePublished\":\"2014-12-12T04:00:00+00:00\",\"author\":{\"@id\":\"https:\\\/\\\/interamerica.org\\\/fr\\\/#\\\/schema\\\/person\\\/68ede8bdc292885bb76c1e3810e73c39\"},\"breadcrumb\":{\"@id\":\"https:\\\/\\\/interamerica.org\\\/fr\\\/2014\\\/12\\\/dans-les-iles-caiman-les-membres-deglise-se-mettent-ensemble-pour-renover-la-maison-dune-residente-agee\\\/#breadcrumb\"},\"inLanguage\":\"fr-FR\",\"potentialAction\":[{\"@type\":\"ReadAction\",\"target\":[\"https:\\\/\\\/interamerica.org\\\/fr\\\/2014\\\/12\\\/dans-les-iles-caiman-les-membres-deglise-se-mettent-ensemble-pour-renover-la-maison-dune-residente-agee\\\/\"]}]},{\"@type\":\"ImageObject\",\"inLanguage\":\"fr-FR\",\"@id\":\"https:\\\/\\\/interamerica.org\\\/fr\\\/2014\\\/12\\\/dans-les-iles-caiman-les-membres-deglise-se-mettent-ensemble-pour-renover-la-maison-dune-residente-agee\\\/#primaryimage\",\"url\":\"https:\\\/\\\/interamerica.org\\\/wp-content\\\/uploads\\\/2017\\\/06\\\/cayman-Lawrence.png\",\"contentUrl\":\"https:\\\/\\\/interamerica.org\\\/wp-content\\\/uploads\\\/2017\\\/06\\\/cayman-Lawrence.png\",\"width\":400,\"height\":267},{\"@type\":\"BreadcrumbList\",\"@id\":\"https:\\\/\\\/interamerica.org\\\/fr\\\/2014\\\/12\\\/dans-les-iles-caiman-les-membres-deglise-se-mettent-ensemble-pour-renover-la-maison-dune-residente-agee\\\/#breadcrumb\",\"itemListElement\":[{\"@type\":\"ListItem\",\"position\":1,\"name\":\"Home\",\"item\":\"https:\\\/\\\/interamerica.org\\\/fr\\\/\"},{\"@type\":\"ListItem\",\"position\":2,\"name\":\"Dans les Iles Ca\u00efman, les membres d\u2019\u00e9glise se mettent ensemble pour r\u00e9nover la maison d\u2019une r\u00e9sidente \u00e2g\u00e9e\"}]},{\"@type\":\"WebSite\",\"@id\":\"https:\\\/\\\/interamerica.org\\\/fr\\\/#website\",\"url\":\"https:\\\/\\\/interamerica.org\\\/fr\\\/\",\"name\":\"\u00c9glise Adventiste Du Septieme Jour - Inter Am\u00e9rique Division\",\"description\":\"\",\"potentialAction\":[{\"@type\":\"SearchAction\",\"target\":{\"@type\":\"EntryPoint\",\"urlTemplate\":\"https:\\\/\\\/interamerica.org\\\/fr\\\/?s={search_term_string}\"},\"query-input\":{\"@type\":\"PropertyValueSpecification\",\"valueRequired\":true,\"valueName\":\"search_term_string\"}}],\"inLanguage\":\"fr-FR\"},{\"@type\":\"Person\",\"@id\":\"https:\\\/\\\/interamerica.org\\\/fr\\\/#\\\/schema\\\/person\\\/68ede8bdc292885bb76c1e3810e73c39\",\"name\":\"Lorenzo Verduzco\",\"image\":{\"@type\":\"ImageObject\",\"inLanguage\":\"fr-FR\",\"@id\":\"https:\\\/\\\/secure.gravatar.com\\\/avatar\\\/fb81a55b6218459490a9c1dc841a34909185b81904c5337b4b27f7a6fd60c49e?s=96&d=mm&r=g\",\"url\":\"https:\\\/\\\/secure.gravatar.com\\\/avatar\\\/fb81a55b6218459490a9c1dc841a34909185b81904c5337b4b27f7a6fd60c49e?s=96&d=mm&r=g\",\"contentUrl\":\"https:\\\/\\\/secure.gravatar.com\\\/avatar\\\/fb81a55b6218459490a9c1dc841a34909185b81904c5337b4b27f7a6fd60c49e?s=96&d=mm&r=g\",\"caption\":\"Lorenzo Verduzco\"}}]}<\/script>\n<!-- \/ Yoast SEO plugin. -->","yoast_head_json":{"title":"Dans les Iles Ca\u00efman, les membres d\u2019\u00e9glise se mettent ensemble pour r\u00e9nover la maison d\u2019une r\u00e9sidente \u00e2g\u00e9e - \u00c9glise Adventiste Du Septieme Jour - Inter Am\u00e9rique Division","robots":{"index":"index","follow":"follow","max-snippet":"max-snippet:-1","max-image-preview":"max-image-preview:large","max-video-preview":"max-video-preview:-1"},"canonical":"https:\/\/interamerica.org\/fr\/2014\/12\/dans-les-iles-caiman-les-membres-deglise-se-mettent-ensemble-pour-renover-la-maison-dune-residente-agee\/","og_locale":"fr_FR","og_type":"article","og_title":"Dans les Iles Ca\u00efman, les membres d\u2019\u00e9glise se mettent ensemble pour r\u00e9nover la maison d\u2019une r\u00e9sidente \u00e2g\u00e9e - \u00c9glise Adventiste Du Septieme Jour - Inter Am\u00e9rique Division","og_description":"Des Adventistes du Septi\u00e8me jour de Grand Ca\u00efman dans les Iles Ca\u00efman, ont rassembl\u00e9 leur mat\u00e9riel de nettoyage et de peinture le mois dernier pour transformer la maison d\u2019Ella Mae Powery, 73 ans, une r\u00e9sidente de la communaut\u00e9 de West Bay. Le groupe de membres des \u00e9glises Adventistes de B\u00e9r\u00e9e et de Bethel a saisi l\u2019opportunit\u00e9 de nettoyer et de r\u00e9parer la maison de Mme Powery apr\u00e8s que le groupe du Minist\u00e8re Radical des Jeunes l\u2019ait visit\u00e9e lors d\u2019une activit\u00e9 missionnaire de proximit\u00e9.","og_url":"https:\/\/interamerica.org\/fr\/2014\/12\/dans-les-iles-caiman-les-membres-deglise-se-mettent-ensemble-pour-renover-la-maison-dune-residente-agee\/","og_site_name":"\u00c9glise Adventiste Du Septieme Jour - Inter Am\u00e9rique Division","article_published_time":"2014-12-12T04:00:00+00:00","og_image":[{"width":400,"height":267,"url":"https:\/\/interamerica.org\/wp-content\/uploads\/2017\/06\/cayman-Lawrence.png","type":"image\/png"}],"author":"Lorenzo Verduzco","twitter_card":"summary_large_image","twitter_misc":{"\u00c9crit par":"Lorenzo Verduzco","Dur\u00e9e de lecture estim\u00e9e":"3 minutes"},"schema":{"@context":"https:\/\/schema.org","@graph":[{"@type":"Article","@id":"https:\/\/interamerica.org\/fr\/2014\/12\/dans-les-iles-caiman-les-membres-deglise-se-mettent-ensemble-pour-renover-la-maison-dune-residente-agee\/#article","isPartOf":{"@id":"https:\/\/interamerica.org\/fr\/2014\/12\/dans-les-iles-caiman-les-membres-deglise-se-mettent-ensemble-pour-renover-la-maison-dune-residente-agee\/"},"author":{"name":"Lorenzo Verduzco","@id":"https:\/\/interamerica.org\/fr\/#\/schema\/person\/68ede8bdc292885bb76c1e3810e73c39"},"headline":"Dans les Iles Ca\u00efman, les membres d\u2019\u00e9glise se mettent ensemble pour r\u00e9nover la maison d\u2019une r\u00e9sidente \u00e2g\u00e9e","datePublished":"2014-12-12T04:00:00+00:00","mainEntityOfPage":{"@id":"https:\/\/interamerica.org\/fr\/2014\/12\/dans-les-iles-caiman-les-membres-deglise-se-mettent-ensemble-pour-renover-la-maison-dune-residente-agee\/"},"wordCount":585,"image":{"@id":"https:\/\/interamerica.org\/fr\/2014\/12\/dans-les-iles-caiman-les-membres-deglise-se-mettent-ensemble-pour-renover-la-maison-dune-residente-agee\/#primaryimage"},"thumbnailUrl":"https:\/\/interamerica.org\/wp-content\/uploads\/2017\/06\/cayman-Lawrence.png","articleSection":["Nouvelles du territoire","RSS Fran\u00e7ais"],"inLanguage":"fr-FR"},{"@type":"WebPage","@id":"https:\/\/interamerica.org\/fr\/2014\/12\/dans-les-iles-caiman-les-membres-deglise-se-mettent-ensemble-pour-renover-la-maison-dune-residente-agee\/","url":"https:\/\/interamerica.org\/fr\/2014\/12\/dans-les-iles-caiman-les-membres-deglise-se-mettent-ensemble-pour-renover-la-maison-dune-residente-agee\/","name":"Dans les Iles Ca\u00efman, les membres d\u2019\u00e9glise se mettent ensemble pour r\u00e9nover la maison d\u2019une r\u00e9sidente \u00e2g\u00e9e - \u00c9glise Adventiste Du Septieme Jour - Inter Am\u00e9rique Division","isPartOf":{"@id":"https:\/\/interamerica.org\/fr\/#website"},"primaryImageOfPage":{"@id":"https:\/\/interamerica.org\/fr\/2014\/12\/dans-les-iles-caiman-les-membres-deglise-se-mettent-ensemble-pour-renover-la-maison-dune-residente-agee\/#primaryimage"},"image":{"@id":"https:\/\/interamerica.org\/fr\/2014\/12\/dans-les-iles-caiman-les-membres-deglise-se-mettent-ensemble-pour-renover-la-maison-dune-residente-agee\/#primaryimage"},"thumbnailUrl":"https:\/\/interamerica.org\/wp-content\/uploads\/2017\/06\/cayman-Lawrence.png","datePublished":"2014-12-12T04:00:00+00:00","author":{"@id":"https:\/\/interamerica.org\/fr\/#\/schema\/person\/68ede8bdc292885bb76c1e3810e73c39"},"breadcrumb":{"@id":"https:\/\/interamerica.org\/fr\/2014\/12\/dans-les-iles-caiman-les-membres-deglise-se-mettent-ensemble-pour-renover-la-maison-dune-residente-agee\/#breadcrumb"},"inLanguage":"fr-FR","potentialAction":[{"@type":"ReadAction","target":["https:\/\/interamerica.org\/fr\/2014\/12\/dans-les-iles-caiman-les-membres-deglise-se-mettent-ensemble-pour-renover-la-maison-dune-residente-agee\/"]}]},{"@type":"ImageObject","inLanguage":"fr-FR","@id":"https:\/\/interamerica.org\/fr\/2014\/12\/dans-les-iles-caiman-les-membres-deglise-se-mettent-ensemble-pour-renover-la-maison-dune-residente-agee\/#primaryimage","url":"https:\/\/interamerica.org\/wp-content\/uploads\/2017\/06\/cayman-Lawrence.png","contentUrl":"https:\/\/interamerica.org\/wp-content\/uploads\/2017\/06\/cayman-Lawrence.png","width":400,"height":267},{"@type":"BreadcrumbList","@id":"https:\/\/interamerica.org\/fr\/2014\/12\/dans-les-iles-caiman-les-membres-deglise-se-mettent-ensemble-pour-renover-la-maison-dune-residente-agee\/#breadcrumb","itemListElement":[{"@type":"ListItem","position":1,"name":"Home","item":"https:\/\/interamerica.org\/fr\/"},{"@type":"ListItem","position":2,"name":"Dans les Iles Ca\u00efman, les membres d\u2019\u00e9glise se mettent ensemble pour r\u00e9nover la maison d\u2019une r\u00e9sidente \u00e2g\u00e9e"}]},{"@type":"WebSite","@id":"https:\/\/interamerica.org\/fr\/#website","url":"https:\/\/interamerica.org\/fr\/","name":"\u00c9glise Adventiste Du Septieme Jour - Inter Am\u00e9rique Division","description":"","potentialAction":[{"@type":"SearchAction","target":{"@type":"EntryPoint","urlTemplate":"https:\/\/interamerica.org\/fr\/?s={search_term_string}"},"query-input":{"@type":"PropertyValueSpecification","valueRequired":true,"valueName":"search_term_string"}}],"inLanguage":"fr-FR"},{"@type":"Person","@id":"https:\/\/interamerica.org\/fr\/#\/schema\/person\/68ede8bdc292885bb76c1e3810e73c39","name":"Lorenzo Verduzco","image":{"@type":"ImageObject","inLanguage":"fr-FR","@id":"https:\/\/secure.gravatar.com\/avatar\/fb81a55b6218459490a9c1dc841a34909185b81904c5337b4b27f7a6fd60c49e?s=96&d=mm&r=g","url":"https:\/\/secure.gravatar.com\/avatar\/fb81a55b6218459490a9c1dc841a34909185b81904c5337b4b27f7a6fd60c49e?s=96&d=mm&r=g","contentUrl":"https:\/\/secure.gravatar.com\/avatar\/fb81a55b6218459490a9c1dc841a34909185b81904c5337b4b27f7a6fd60c49e?s=96&d=mm&r=g","caption":"Lorenzo Verduzco"}}]}},"_links":{"self":[{"href":"https:\/\/interamerica.org\/fr\/wp-json\/wp\/v2\/posts\/32127","targetHints":{"allow":["GET"]}}],"collection":[{"href":"https:\/\/interamerica.org\/fr\/wp-json\/wp\/v2\/posts"}],"about":[{"href":"https:\/\/interamerica.org\/fr\/wp-json\/wp\/v2\/types\/post"}],"author":[{"embeddable":true,"href":"https:\/\/interamerica.org\/fr\/wp-json\/wp\/v2\/users\/1"}],"replies":[{"embeddable":true,"href":"https:\/\/interamerica.org\/fr\/wp-json\/wp\/v2\/comments?post=32127"}],"version-history":[{"count":0,"href":"https:\/\/interamerica.org\/fr\/wp-json\/wp\/v2\/posts\/32127\/revisions"}],"wp:featuredmedia":[{"embeddable":true,"href":"https:\/\/interamerica.org\/fr\/wp-json\/wp\/v2\/media\/24144"}],"wp:attachment":[{"href":"https:\/\/interamerica.org\/fr\/wp-json\/wp\/v2\/media?parent=32127"}],"wp:term":[{"taxonomy":"category","embeddable":true,"href":"https:\/\/interamerica.org\/fr\/wp-json\/wp\/v2\/categories?post=32127"},{"taxonomy":"post_tag","embeddable":true,"href":"https:\/\/interamerica.org\/fr\/wp-json\/wp\/v2\/tags?post=32127"}],"curies":[{"name":"wp","href":"https:\/\/api.w.org\/{rel}","templated":true}]}}