{"id":32135,"date":"2015-01-05T00:00:00","date_gmt":"2015-01-05T04:00:00","guid":{"rendered":"http:\/\/192.81.217.108\/interamerica\/2015\/01\/les-jeunes-secouent-le-monde-en-visitant-100000-foyers-a-phoenix\/"},"modified":"2015-01-05T00:00:00","modified_gmt":"2015-01-05T04:00:00","slug":"les-jeunes-secouent-le-monde-en-visitant-100000-foyers-a-phoenix","status":"publish","type":"post","link":"https:\/\/interamerica.org\/fr\/2015\/01\/les-jeunes-secouent-le-monde-en-visitant-100000-foyers-a-phoenix\/","title":{"rendered":"Les jeunes \u00ab Secouent le Monde \u00bb en visitant 100000 foyers \u00e0 Phoenix"},"content":{"rendered":"<p>5 Janvier 2015 \u2013 Andrew McChesney, \u00e9diteur des informations, <em>Adventist Review<\/em>, avec un reportage de Seth Shaffer<\/p>\n<div id=\"attachment_14669\" style=\"width: 310px\" class=\"wp-caption alignright\"><a href=\"\/interamerica\/wp-content\/uploads\/2017\/06\/rsz__55a8906.jpg\" rel=\"fancybox\" title=\"Les jeunes \u00ab Secouent le Monde \u00bb en visitant 100000 foyers \u00e0 Phoenix\"><img fetchpriority=\"high\" decoding=\"async\" aria-describedby=\"caption-attachment-14669\" class=\"size-medium wp-image-14669\" src=\"\/interamerica\/wp-content\/uploads\/2017\/06\/rsz__55a8906-300x200.jpg\" alt=\"\" width=\"300\" height=\"200\" \/><\/a><p id=\"caption-attachment-14669\" class=\"wp-caption-text\">Le 31 D\u00e9cembre 2014, la pr\u00e9sidente de GYC, Natasha Nebblett, invite les participants \u00e0 vivre \u00ab une vie qui secoue le monde. \u00bb Image de Seth Shaffer.<\/p><\/div>\n<p>De nombreux jeunes Adventistes ont visit\u00e9 des dizaines de milliers de foyers dans la ville de Phoenix, en Arizona, vendredi apr\u00e8s avoir accept\u00e9 de relever le d\u00e9fi lanc\u00e9 par leur leader, la pr\u00e9sidente de GYC, Natasha Nebblett, qui les invitait \u00e0 \u00ab secouer le monde. \u00bb<\/p>\n<p>Les adolescents et les jeunes adultes ont pris part \u00e0 cette sortie annuelle pendant les cinq jours de la conf\u00e9rence de GYC , \u00ab G\u00e9n\u00e9ration de Jeunes pour Christ \u00bb dont le th\u00e8me \u00e9tait \u00ab A la Croix \u00bb , le programme s\u2019est d\u00e9roul\u00e9 jusqu\u2019au 4 janvier au Centre de Convention de Phoenix.<\/p>\n<p>L\u2019initiative de vendredi visant \u00e0 partager de la litt\u00e9rature religieuse dans plus de 30000 foyers faisait suite \u00e0 une premi\u00e8re phase qui s\u2019\u00e9tait d\u00e9roul\u00e9e la veille de la convention annuelle et pendant laquelle un plus petit groupe, soit environ 200 jeunes, ont visit\u00e9 plus de 70000 foyers.<\/p>\n<p>En ouvrant la conf\u00e9rence, Natasha Nebblett a d\u00e9clar\u00e9 que vivre une vie Chr\u00e9tienne inclut davantage que simplement revendiquer une identit\u00e9 Chr\u00e9tienne ; cela signifie vivre \u00ab une vie qui secoue le monde. \u00bb<\/p>\n<p>Elle a fait remarquer que le terme \u00ab Chr\u00e9tien \u00bb a pour la premi\u00e8re fois \u00e9t\u00e9 employ\u00e9 en Syrie au premier si\u00e8cle, mais qu\u2019il n\u2019y a aucune pr\u00e9sence Adventiste connue dans ce pays aujourd\u2019hui.<\/p>\n<p>Les jeunes Adventistes sont engag\u00e9s dans une bataille spirituelle entre J\u00e9sus et Satan, a dit Natasha Nebblett, ajoutant que les membres de GYC qui ont pris part aux visites dans les foyers avant l\u2019ouverture de la conf\u00e9rence ont rencontr\u00e9 des r\u00e9sidents de Phoenix qui ont dit avoir vu des d\u00e9mons.<\/p>\n<p>\u00ab Que faudra t-il pour que le monde pr\u00eate attention \u00e0 J\u00e9sus ? \u00bb a dit Natasha Nebblett.<\/p>\n<p>Pour que le monde commence \u00e0 pr\u00eater attention, a t-elle dit, les jeunes Adventistes doivent permettre \u00e0 Christ d\u2019\u00eatre totalement au contr\u00f4le de leurs vies. Mais, a t-elle indiqu\u00e9, ce n\u2019est pas quelque chose que les jeunes peuvent r\u00e9aliser par leur propre pouvoir.<\/p>\n<p>\u00ab Nous ne pouvons nous crucifier nous m\u00eames, \u00bb a t-elle d\u00e9clar\u00e9.<\/p>\n<div id=\"attachment_14671\" style=\"width: 310px\" class=\"wp-caption alignleft\"><a href=\"\/interamerica\/wp-content\/uploads\/2017\/06\/rsz__55a9147.jpg\" rel=\"fancybox\" title=\"Les jeunes \u00ab Secouent le Monde \u00bb en visitant 100000 foyers \u00e0 Phoenix\"><img decoding=\"async\" aria-describedby=\"caption-attachment-14671\" class=\"size-medium wp-image-14671\" src=\"\/interamerica\/wp-content\/uploads\/2017\/06\/rsz__55a9147-300x198.jpg\" alt=\"\" width=\"300\" height=\"198\" \/><\/a><p id=\"caption-attachment-14671\" class=\"wp-caption-text\">Paul Ratsara, pr\u00e9sident de la Division de l\u2019Afrique Australe et de l\u2019Oc\u00e9an Indien, conduisant un s\u00e9minaire intitul\u00e9 \u00ab Pri\u00e8re Persistante. \u00bb Image de Seth Shaffer.<\/p><\/div>\n<p>Ted N.C. Wilson, pr\u00e9sident de l\u2019Eglise Adventiste mondiale, est all\u00e9 dans le m\u00eame sens dans son discours pr\u00e9sent\u00e9 le soir du 1er janvier, encourageant les jeunes \u00e0 demeurer fid\u00e8les \u00e0 J\u00e9sus.<\/p>\n<p>\u00ab Dieu cherche \u00e0 trouver en nous la fid\u00e9lit\u00e9 \u2018A la Croix\u2019 et dans nos vies quotidiennes car Il est fid\u00e8le envers nous, \u00bb a dit Ted Wilson. \u00ab Il est notre mod\u00e8le et notre Sauveur. A travers la justice et la gr\u00e2ce du Christ nous pouvons \u00eatre fid\u00e8le car Il est fid\u00e8le. \u00bb<\/p>\n<p>Vous pouvez lire la transcription du <a href=\"http:\/\/www.adventistreview.org\/church-news\/%E2%80%98faithfulness-to-god-in-the-last-days%E2%80%99\">discours de Ted Wilson ici<\/a><\/p>\n<p>\u00ab A la Croix \u00bb est la 12\u00e8me conf\u00e9rence annuelle organis\u00e9e par GYC ; GYC a \u00e9t\u00e9 mis en place en 2002 par un groupe d\u2019\u00e9tudiants d\u00e9termin\u00e9s \u00e0 prier, \u00e9tudier la Bible et proclamer J\u00e9sus avec plus d\u2019audace. La fr\u00e9quentation quotidienne devrait atteindre plus de 5000 personnes au moment du service du culte le sabbat 3 janvier.<\/p>\n<p>L\u2019\u00e2ge des participants va de 14 ans \u00e0 plus de 80 ans, mais la plupart sont des Adventistes adolescents et des jeunes dans la tranche d\u2019\u00e2ge des \u00e9tudiants.<\/p>\n<p>Un nouvel \u00e9l\u00e9ment dans la conf\u00e9rence de cette ann\u00e9e : l\u2019initiative qui a impliqu\u00e9 180 jeunes r\u00e9unis \u00e0 Phoenix une semaine avant le d\u00e9but de la conf\u00e9rence pour \u00e9tablir des contacts de maison en maison.<\/p>\n<p>Taylor Hinkle, vice-pr\u00e9sident de GYC en charge de l\u2019\u00e9vang\u00e9lisation et \u00e9tudiant \u00e0 la Southwestern Adventist University, a d\u00e9clar\u00e9 que ce changement avait \u00e9t\u00e9 introduit apr\u00e8s que l\u2019\u00e9vang\u00e9liste Mark Finley ait lanc\u00e9 un appel lors de la conf\u00e9rence de l\u2019ann\u00e9e derni\u00e8re \u00e0 Orlando en Floride, pour que les participants \u00e0 la GYC re\u00e7oivent les outils dont ils avaient besoin pour reproduire l\u2019action missionnaire dans leurs \u00e9glises d\u2019origine.<\/p>\n<p>Taylor Hinkle a \u00e9galement d\u00e9clar\u00e9 qu\u2019il avait \u00e9t\u00e9 personnellement motiv\u00e9 par une d\u00e9claration faite par la cofondatrice de l\u2019Eglise Adventiste, Ellen White, qui a dit : \u00ab le travail de maison en maison, chercher les \u00e2mes, aller \u00e0 la recherche de la brebis perdue, constituent l\u2019\u0153uvre la plus importante qui doit \u00eatre accomplie. \u00bb (1 MR p. 14)<\/p>\n<p>Pour l\u2019action missionnaire d\u2019avant la conf\u00e9rence, les participants qui n\u2019avaient jamais auparavant fait de la repr\u00e9sentation \u00e9vang\u00e9lique ont \u00e9t\u00e9 form\u00e9s par des camarades chevronn\u00e9s et ensuite envoy\u00e9s dans les rues de Phoenix. Taylor Hinkle a estim\u00e9 que les jeunes ont frapp\u00e9 \u00e0 70000 voire 80000 portes.<\/p>\n<p>Des centaines de participants ont saut\u00e9 dans des dizaines de bus vendredi apr\u00e8s midi pour frapper \u00e0 30000 ou 40000 portes suppl\u00e9mentaires, ce qui voudrait dire que les membres de GYC ont visit\u00e9 un total de plus de 100000 foyers lors de la conf\u00e9rence de cette ann\u00e9e. Vendredi, les participants ont \u00e9galement visit\u00e9 des personnes dans les h\u00f4pitaux et les maisons de retraite.<\/p>\n<p>Le programme de vendredi a calqu\u00e9 des projets similaires d\u2019action missionnaire organis\u00e9s lors des conf\u00e9rences pr\u00e9c\u00e9dentes.<\/p>\n<p>Toutes les conf\u00e9rences GYC proposent toute une s\u00e9rie de discours et de s\u00e9minaires visant \u00e0 inspirer les participants et \u00e0 les former \u00e0 proclamer J\u00e9sus gr\u00e2ce \u00e0 de nouvelles m\u00e9thodes. Parmi les nouveaux s\u00e9minaires de cette ann\u00e9e, on peut citer le s\u00e9minaire \u00ab Cr\u00e9ation, Agriculture et Evang\u00e9lisation, \u00bb pr\u00e9sent\u00e9 par Paul Dysinger, propri\u00e9taire d\u2019une ferme biologique dans le Tennessee et Aimee Smith, manager de Good News Farm \u00e0 Great Lakes Adventist Academy, et aussi le s\u00e9minaire \u00ab Pri\u00e8re Persistante \u00bb pr\u00e9sent\u00e9 par Paul Ratsara, pr\u00e9sident de la Division de l\u2019Afrique Australe et de l\u2019Oc\u00e9an Indien. Paul Ratsara a \u00e9t\u00e9 un participant r\u00e9gulier des conf\u00e9rences de GYC au cours des cinq derni\u00e8res ann\u00e9es, et son fils et sa nouvelle belle-fille servent dans le comit\u00e9 ex\u00e9cutif de la GYC.<\/p>\n<p>Ted Wilson a invit\u00e9 les participants \u00e0 la GYC \u00e0 suivre l\u2019exemple de N\u00e9h\u00e9mie qui a reconstruit les murs de J\u00e9rusalem \u00e0 l\u2019\u00e9poque de l\u2019Ancien Testament, et \u00e0 partir de la conf\u00e9rence pleinement engag\u00e9s \u00e0 suivre la Parole de Dieu et Sa direction.<\/p>\n<p>\u00ab Dans votre fid\u00e9lit\u00e9 envers Dieu en 2015, avec une main, accomplissez l\u2019\u0153uvre de Dieu et dans l\u2019autre main tenez la Parole de Dieu, votre arme d\u2019autorit\u00e9 divine, \u00bb a d\u00e9clar\u00e9 Ted Wilson lors de son discours. \u00ab Appuyez vous compl\u00e8tement sur le Seigneur dans votre fid\u00e8le service en disant comme ceux qui ont travaill\u00e9 sur la muraille de J\u00e9rusalem, \u2018Notre Dieu combattra pour nous.\u2019 \u00bb<\/p>\n<p>Traduction: Patrick Luciathe<\/p>\n","protected":false},"excerpt":{"rendered":"<p>De nombreux jeunes Adventistes ont visit\u00e9 des dizaines de milliers de foyers dans la ville de Phoenix, en Arizona, vendredi apr\u00e8s avoir accept\u00e9 de relever le d\u00e9fi lanc\u00e9 par leur leader, la pr\u00e9sidente de GYC, Natasha Nebblett, qui les invitait \u00e0 \u00ab secouer le monde. \u00bb  Les adolescents et les jeunes adultes ont pris part \u00e0 cette sortie annuelle pendant les cinq jours de la conf\u00e9rence de GYC , \u00ab G\u00e9n\u00e9ration de Jeunes pour Christ \u00bb dont le th\u00e8me \u00e9tait \u00ab A la Croix, \u00bb  le programme s\u2019est d\u00e9roul\u00e9 jusqu\u2019au 4 janvier au Centre de Convention de Phoenix<\/p>\n","protected":false},"author":1,"featured_media":24181,"comment_status":"closed","ping_status":"closed","sticky":false,"template":"","format":"standard","meta":{"_acf_changed":false,"footnotes":""},"categories":[18,19],"tags":[],"class_list":["post-32135","post","type-post","status-publish","format-standard","has-post-thumbnail","hentry","category-nouvelles-de-leglise-mondiale","category-rss-francais"],"acf":[],"yoast_head":"<!-- This site is optimized with the Yoast SEO plugin v27.3 - https:\/\/yoast.com\/product\/yoast-seo-wordpress\/ -->\n<title>Les jeunes \u00ab Secouent le Monde \u00bb en visitant 100000 foyers \u00e0 Phoenix - \u00c9glise Adventiste Du Septieme Jour - Inter Am\u00e9rique Division<\/title>\n<meta name=\"robots\" content=\"index, follow, max-snippet:-1, max-image-preview:large, max-video-preview:-1\" \/>\n<link rel=\"canonical\" href=\"https:\/\/interamerica.org\/fr\/2015\/01\/les-jeunes-secouent-le-monde-en-visitant-100000-foyers-a-phoenix\/\" \/>\n<meta property=\"og:locale\" content=\"fr_FR\" \/>\n<meta property=\"og:type\" content=\"article\" \/>\n<meta property=\"og:title\" content=\"Les jeunes \u00ab Secouent le Monde \u00bb en visitant 100000 foyers \u00e0 Phoenix - \u00c9glise Adventiste Du Septieme Jour - Inter Am\u00e9rique Division\" \/>\n<meta property=\"og:description\" content=\"De nombreux jeunes Adventistes ont visit\u00e9 des dizaines de milliers de foyers dans la ville de Phoenix, en Arizona, vendredi apr\u00e8s avoir accept\u00e9 de relever le d\u00e9fi lanc\u00e9 par leur leader, la pr\u00e9sidente de GYC, Natasha Nebblett, qui les invitait \u00e0 \u00ab secouer le monde. \u00bb Les adolescents et les jeunes adultes ont pris part \u00e0 cette sortie annuelle pendant les cinq jours de la conf\u00e9rence de GYC , \u00ab G\u00e9n\u00e9ration de Jeunes pour Christ \u00bb dont le th\u00e8me \u00e9tait \u00ab A la Croix, \u00bb le programme s\u2019est d\u00e9roul\u00e9 jusqu\u2019au 4 janvier au Centre de Convention de Phoenix\" \/>\n<meta property=\"og:url\" content=\"https:\/\/interamerica.org\/fr\/2015\/01\/les-jeunes-secouent-le-monde-en-visitant-100000-foyers-a-phoenix\/\" \/>\n<meta property=\"og:site_name\" content=\"\u00c9glise Adventiste Du Septieme Jour - Inter Am\u00e9rique Division\" \/>\n<meta property=\"article:published_time\" content=\"2015-01-05T04:00:00+00:00\" \/>\n<meta property=\"og:image\" content=\"https:\/\/interamerica.org\/wp-content\/uploads\/2017\/06\/rsz__55a8906.jpg\" \/>\n\t<meta property=\"og:image:width\" content=\"1000\" \/>\n\t<meta property=\"og:image:height\" content=\"667\" \/>\n\t<meta property=\"og:image:type\" content=\"image\/jpeg\" \/>\n<meta name=\"author\" content=\"Lorenzo Verduzco\" \/>\n<meta name=\"twitter:card\" content=\"summary_large_image\" \/>\n<meta name=\"twitter:label1\" content=\"\u00c9crit par\" \/>\n\t<meta name=\"twitter:data1\" content=\"Lorenzo Verduzco\" \/>\n\t<meta name=\"twitter:label2\" content=\"Dur\u00e9e de lecture estim\u00e9e\" \/>\n\t<meta name=\"twitter:data2\" content=\"6 minutes\" \/>\n<script type=\"application\/ld+json\" class=\"yoast-schema-graph\">{\"@context\":\"https:\\\/\\\/schema.org\",\"@graph\":[{\"@type\":\"Article\",\"@id\":\"https:\\\/\\\/interamerica.org\\\/fr\\\/2015\\\/01\\\/les-jeunes-secouent-le-monde-en-visitant-100000-foyers-a-phoenix\\\/#article\",\"isPartOf\":{\"@id\":\"https:\\\/\\\/interamerica.org\\\/fr\\\/2015\\\/01\\\/les-jeunes-secouent-le-monde-en-visitant-100000-foyers-a-phoenix\\\/\"},\"author\":{\"name\":\"Lorenzo Verduzco\",\"@id\":\"https:\\\/\\\/interamerica.org\\\/fr\\\/#\\\/schema\\\/person\\\/68ede8bdc292885bb76c1e3810e73c39\"},\"headline\":\"Les jeunes \u00ab Secouent le Monde \u00bb en visitant 100000 foyers \u00e0 Phoenix\",\"datePublished\":\"2015-01-05T04:00:00+00:00\",\"mainEntityOfPage\":{\"@id\":\"https:\\\/\\\/interamerica.org\\\/fr\\\/2015\\\/01\\\/les-jeunes-secouent-le-monde-en-visitant-100000-foyers-a-phoenix\\\/\"},\"wordCount\":1198,\"image\":{\"@id\":\"https:\\\/\\\/interamerica.org\\\/fr\\\/2015\\\/01\\\/les-jeunes-secouent-le-monde-en-visitant-100000-foyers-a-phoenix\\\/#primaryimage\"},\"thumbnailUrl\":\"https:\\\/\\\/interamerica.org\\\/wp-content\\\/uploads\\\/2017\\\/06\\\/rsz__55a8906.jpg\",\"articleSection\":[\"Nouvelles de l'\u00c9glise mondiale\",\"RSS Fran\u00e7ais\"],\"inLanguage\":\"fr-FR\"},{\"@type\":\"WebPage\",\"@id\":\"https:\\\/\\\/interamerica.org\\\/fr\\\/2015\\\/01\\\/les-jeunes-secouent-le-monde-en-visitant-100000-foyers-a-phoenix\\\/\",\"url\":\"https:\\\/\\\/interamerica.org\\\/fr\\\/2015\\\/01\\\/les-jeunes-secouent-le-monde-en-visitant-100000-foyers-a-phoenix\\\/\",\"name\":\"Les jeunes \u00ab Secouent le Monde \u00bb en visitant 100000 foyers \u00e0 Phoenix - \u00c9glise Adventiste Du Septieme Jour - Inter Am\u00e9rique Division\",\"isPartOf\":{\"@id\":\"https:\\\/\\\/interamerica.org\\\/fr\\\/#website\"},\"primaryImageOfPage\":{\"@id\":\"https:\\\/\\\/interamerica.org\\\/fr\\\/2015\\\/01\\\/les-jeunes-secouent-le-monde-en-visitant-100000-foyers-a-phoenix\\\/#primaryimage\"},\"image\":{\"@id\":\"https:\\\/\\\/interamerica.org\\\/fr\\\/2015\\\/01\\\/les-jeunes-secouent-le-monde-en-visitant-100000-foyers-a-phoenix\\\/#primaryimage\"},\"thumbnailUrl\":\"https:\\\/\\\/interamerica.org\\\/wp-content\\\/uploads\\\/2017\\\/06\\\/rsz__55a8906.jpg\",\"datePublished\":\"2015-01-05T04:00:00+00:00\",\"author\":{\"@id\":\"https:\\\/\\\/interamerica.org\\\/fr\\\/#\\\/schema\\\/person\\\/68ede8bdc292885bb76c1e3810e73c39\"},\"breadcrumb\":{\"@id\":\"https:\\\/\\\/interamerica.org\\\/fr\\\/2015\\\/01\\\/les-jeunes-secouent-le-monde-en-visitant-100000-foyers-a-phoenix\\\/#breadcrumb\"},\"inLanguage\":\"fr-FR\",\"potentialAction\":[{\"@type\":\"ReadAction\",\"target\":[\"https:\\\/\\\/interamerica.org\\\/fr\\\/2015\\\/01\\\/les-jeunes-secouent-le-monde-en-visitant-100000-foyers-a-phoenix\\\/\"]}]},{\"@type\":\"ImageObject\",\"inLanguage\":\"fr-FR\",\"@id\":\"https:\\\/\\\/interamerica.org\\\/fr\\\/2015\\\/01\\\/les-jeunes-secouent-le-monde-en-visitant-100000-foyers-a-phoenix\\\/#primaryimage\",\"url\":\"https:\\\/\\\/interamerica.org\\\/wp-content\\\/uploads\\\/2017\\\/06\\\/rsz__55a8906.jpg\",\"contentUrl\":\"https:\\\/\\\/interamerica.org\\\/wp-content\\\/uploads\\\/2017\\\/06\\\/rsz__55a8906.jpg\",\"width\":1000,\"height\":667},{\"@type\":\"BreadcrumbList\",\"@id\":\"https:\\\/\\\/interamerica.org\\\/fr\\\/2015\\\/01\\\/les-jeunes-secouent-le-monde-en-visitant-100000-foyers-a-phoenix\\\/#breadcrumb\",\"itemListElement\":[{\"@type\":\"ListItem\",\"position\":1,\"name\":\"Home\",\"item\":\"https:\\\/\\\/interamerica.org\\\/fr\\\/\"},{\"@type\":\"ListItem\",\"position\":2,\"name\":\"Les jeunes \u00ab Secouent le Monde \u00bb en visitant 100000 foyers \u00e0 Phoenix\"}]},{\"@type\":\"WebSite\",\"@id\":\"https:\\\/\\\/interamerica.org\\\/fr\\\/#website\",\"url\":\"https:\\\/\\\/interamerica.org\\\/fr\\\/\",\"name\":\"\u00c9glise Adventiste Du Septieme Jour - Inter Am\u00e9rique Division\",\"description\":\"\",\"potentialAction\":[{\"@type\":\"SearchAction\",\"target\":{\"@type\":\"EntryPoint\",\"urlTemplate\":\"https:\\\/\\\/interamerica.org\\\/fr\\\/?s={search_term_string}\"},\"query-input\":{\"@type\":\"PropertyValueSpecification\",\"valueRequired\":true,\"valueName\":\"search_term_string\"}}],\"inLanguage\":\"fr-FR\"},{\"@type\":\"Person\",\"@id\":\"https:\\\/\\\/interamerica.org\\\/fr\\\/#\\\/schema\\\/person\\\/68ede8bdc292885bb76c1e3810e73c39\",\"name\":\"Lorenzo Verduzco\",\"image\":{\"@type\":\"ImageObject\",\"inLanguage\":\"fr-FR\",\"@id\":\"https:\\\/\\\/secure.gravatar.com\\\/avatar\\\/fb81a55b6218459490a9c1dc841a34909185b81904c5337b4b27f7a6fd60c49e?s=96&d=mm&r=g\",\"url\":\"https:\\\/\\\/secure.gravatar.com\\\/avatar\\\/fb81a55b6218459490a9c1dc841a34909185b81904c5337b4b27f7a6fd60c49e?s=96&d=mm&r=g\",\"contentUrl\":\"https:\\\/\\\/secure.gravatar.com\\\/avatar\\\/fb81a55b6218459490a9c1dc841a34909185b81904c5337b4b27f7a6fd60c49e?s=96&d=mm&r=g\",\"caption\":\"Lorenzo Verduzco\"}}]}<\/script>\n<!-- \/ Yoast SEO plugin. -->","yoast_head_json":{"title":"Les jeunes \u00ab Secouent le Monde \u00bb en visitant 100000 foyers \u00e0 Phoenix - \u00c9glise Adventiste Du Septieme Jour - Inter Am\u00e9rique Division","robots":{"index":"index","follow":"follow","max-snippet":"max-snippet:-1","max-image-preview":"max-image-preview:large","max-video-preview":"max-video-preview:-1"},"canonical":"https:\/\/interamerica.org\/fr\/2015\/01\/les-jeunes-secouent-le-monde-en-visitant-100000-foyers-a-phoenix\/","og_locale":"fr_FR","og_type":"article","og_title":"Les jeunes \u00ab Secouent le Monde \u00bb en visitant 100000 foyers \u00e0 Phoenix - \u00c9glise Adventiste Du Septieme Jour - Inter Am\u00e9rique Division","og_description":"De nombreux jeunes Adventistes ont visit\u00e9 des dizaines de milliers de foyers dans la ville de Phoenix, en Arizona, vendredi apr\u00e8s avoir accept\u00e9 de relever le d\u00e9fi lanc\u00e9 par leur leader, la pr\u00e9sidente de GYC, Natasha Nebblett, qui les invitait \u00e0 \u00ab secouer le monde. \u00bb Les adolescents et les jeunes adultes ont pris part \u00e0 cette sortie annuelle pendant les cinq jours de la conf\u00e9rence de GYC , \u00ab G\u00e9n\u00e9ration de Jeunes pour Christ \u00bb dont le th\u00e8me \u00e9tait \u00ab A la Croix, \u00bb le programme s\u2019est d\u00e9roul\u00e9 jusqu\u2019au 4 janvier au Centre de Convention de Phoenix","og_url":"https:\/\/interamerica.org\/fr\/2015\/01\/les-jeunes-secouent-le-monde-en-visitant-100000-foyers-a-phoenix\/","og_site_name":"\u00c9glise Adventiste Du Septieme Jour - Inter Am\u00e9rique Division","article_published_time":"2015-01-05T04:00:00+00:00","og_image":[{"width":1000,"height":667,"url":"https:\/\/interamerica.org\/wp-content\/uploads\/2017\/06\/rsz__55a8906.jpg","type":"image\/jpeg"}],"author":"Lorenzo Verduzco","twitter_card":"summary_large_image","twitter_misc":{"\u00c9crit par":"Lorenzo Verduzco","Dur\u00e9e de lecture estim\u00e9e":"6 minutes"},"schema":{"@context":"https:\/\/schema.org","@graph":[{"@type":"Article","@id":"https:\/\/interamerica.org\/fr\/2015\/01\/les-jeunes-secouent-le-monde-en-visitant-100000-foyers-a-phoenix\/#article","isPartOf":{"@id":"https:\/\/interamerica.org\/fr\/2015\/01\/les-jeunes-secouent-le-monde-en-visitant-100000-foyers-a-phoenix\/"},"author":{"name":"Lorenzo Verduzco","@id":"https:\/\/interamerica.org\/fr\/#\/schema\/person\/68ede8bdc292885bb76c1e3810e73c39"},"headline":"Les jeunes \u00ab Secouent le Monde \u00bb en visitant 100000 foyers \u00e0 Phoenix","datePublished":"2015-01-05T04:00:00+00:00","mainEntityOfPage":{"@id":"https:\/\/interamerica.org\/fr\/2015\/01\/les-jeunes-secouent-le-monde-en-visitant-100000-foyers-a-phoenix\/"},"wordCount":1198,"image":{"@id":"https:\/\/interamerica.org\/fr\/2015\/01\/les-jeunes-secouent-le-monde-en-visitant-100000-foyers-a-phoenix\/#primaryimage"},"thumbnailUrl":"https:\/\/interamerica.org\/wp-content\/uploads\/2017\/06\/rsz__55a8906.jpg","articleSection":["Nouvelles de l'\u00c9glise mondiale","RSS Fran\u00e7ais"],"inLanguage":"fr-FR"},{"@type":"WebPage","@id":"https:\/\/interamerica.org\/fr\/2015\/01\/les-jeunes-secouent-le-monde-en-visitant-100000-foyers-a-phoenix\/","url":"https:\/\/interamerica.org\/fr\/2015\/01\/les-jeunes-secouent-le-monde-en-visitant-100000-foyers-a-phoenix\/","name":"Les jeunes \u00ab Secouent le Monde \u00bb en visitant 100000 foyers \u00e0 Phoenix - \u00c9glise Adventiste Du Septieme Jour - Inter Am\u00e9rique Division","isPartOf":{"@id":"https:\/\/interamerica.org\/fr\/#website"},"primaryImageOfPage":{"@id":"https:\/\/interamerica.org\/fr\/2015\/01\/les-jeunes-secouent-le-monde-en-visitant-100000-foyers-a-phoenix\/#primaryimage"},"image":{"@id":"https:\/\/interamerica.org\/fr\/2015\/01\/les-jeunes-secouent-le-monde-en-visitant-100000-foyers-a-phoenix\/#primaryimage"},"thumbnailUrl":"https:\/\/interamerica.org\/wp-content\/uploads\/2017\/06\/rsz__55a8906.jpg","datePublished":"2015-01-05T04:00:00+00:00","author":{"@id":"https:\/\/interamerica.org\/fr\/#\/schema\/person\/68ede8bdc292885bb76c1e3810e73c39"},"breadcrumb":{"@id":"https:\/\/interamerica.org\/fr\/2015\/01\/les-jeunes-secouent-le-monde-en-visitant-100000-foyers-a-phoenix\/#breadcrumb"},"inLanguage":"fr-FR","potentialAction":[{"@type":"ReadAction","target":["https:\/\/interamerica.org\/fr\/2015\/01\/les-jeunes-secouent-le-monde-en-visitant-100000-foyers-a-phoenix\/"]}]},{"@type":"ImageObject","inLanguage":"fr-FR","@id":"https:\/\/interamerica.org\/fr\/2015\/01\/les-jeunes-secouent-le-monde-en-visitant-100000-foyers-a-phoenix\/#primaryimage","url":"https:\/\/interamerica.org\/wp-content\/uploads\/2017\/06\/rsz__55a8906.jpg","contentUrl":"https:\/\/interamerica.org\/wp-content\/uploads\/2017\/06\/rsz__55a8906.jpg","width":1000,"height":667},{"@type":"BreadcrumbList","@id":"https:\/\/interamerica.org\/fr\/2015\/01\/les-jeunes-secouent-le-monde-en-visitant-100000-foyers-a-phoenix\/#breadcrumb","itemListElement":[{"@type":"ListItem","position":1,"name":"Home","item":"https:\/\/interamerica.org\/fr\/"},{"@type":"ListItem","position":2,"name":"Les jeunes \u00ab Secouent le Monde \u00bb en visitant 100000 foyers \u00e0 Phoenix"}]},{"@type":"WebSite","@id":"https:\/\/interamerica.org\/fr\/#website","url":"https:\/\/interamerica.org\/fr\/","name":"\u00c9glise Adventiste Du Septieme Jour - Inter Am\u00e9rique Division","description":"","potentialAction":[{"@type":"SearchAction","target":{"@type":"EntryPoint","urlTemplate":"https:\/\/interamerica.org\/fr\/?s={search_term_string}"},"query-input":{"@type":"PropertyValueSpecification","valueRequired":true,"valueName":"search_term_string"}}],"inLanguage":"fr-FR"},{"@type":"Person","@id":"https:\/\/interamerica.org\/fr\/#\/schema\/person\/68ede8bdc292885bb76c1e3810e73c39","name":"Lorenzo Verduzco","image":{"@type":"ImageObject","inLanguage":"fr-FR","@id":"https:\/\/secure.gravatar.com\/avatar\/fb81a55b6218459490a9c1dc841a34909185b81904c5337b4b27f7a6fd60c49e?s=96&d=mm&r=g","url":"https:\/\/secure.gravatar.com\/avatar\/fb81a55b6218459490a9c1dc841a34909185b81904c5337b4b27f7a6fd60c49e?s=96&d=mm&r=g","contentUrl":"https:\/\/secure.gravatar.com\/avatar\/fb81a55b6218459490a9c1dc841a34909185b81904c5337b4b27f7a6fd60c49e?s=96&d=mm&r=g","caption":"Lorenzo Verduzco"}}]}},"_links":{"self":[{"href":"https:\/\/interamerica.org\/fr\/wp-json\/wp\/v2\/posts\/32135","targetHints":{"allow":["GET"]}}],"collection":[{"href":"https:\/\/interamerica.org\/fr\/wp-json\/wp\/v2\/posts"}],"about":[{"href":"https:\/\/interamerica.org\/fr\/wp-json\/wp\/v2\/types\/post"}],"author":[{"embeddable":true,"href":"https:\/\/interamerica.org\/fr\/wp-json\/wp\/v2\/users\/1"}],"replies":[{"embeddable":true,"href":"https:\/\/interamerica.org\/fr\/wp-json\/wp\/v2\/comments?post=32135"}],"version-history":[{"count":0,"href":"https:\/\/interamerica.org\/fr\/wp-json\/wp\/v2\/posts\/32135\/revisions"}],"wp:featuredmedia":[{"embeddable":true,"href":"https:\/\/interamerica.org\/fr\/wp-json\/wp\/v2\/media\/24181"}],"wp:attachment":[{"href":"https:\/\/interamerica.org\/fr\/wp-json\/wp\/v2\/media?parent=32135"}],"wp:term":[{"taxonomy":"category","embeddable":true,"href":"https:\/\/interamerica.org\/fr\/wp-json\/wp\/v2\/categories?post=32135"},{"taxonomy":"post_tag","embeddable":true,"href":"https:\/\/interamerica.org\/fr\/wp-json\/wp\/v2\/tags?post=32135"}],"curies":[{"name":"wp","href":"https:\/\/api.w.org\/{rel}","templated":true}]}}