{"id":32138,"date":"2015-01-10T00:00:00","date_gmt":"2015-01-10T04:00:00","guid":{"rendered":"http:\/\/192.81.217.108\/interamerica\/2015\/01\/les-leaders-de-la-dia-anticipent-lannee-du-pasteur-ainsi-que-dautres-initiatives\/"},"modified":"2015-01-10T00:00:00","modified_gmt":"2015-01-10T04:00:00","slug":"les-leaders-de-la-dia-anticipent-lannee-du-pasteur-ainsi-que-dautres-initiatives","status":"publish","type":"post","link":"https:\/\/interamerica.org\/fr\/2015\/01\/les-leaders-de-la-dia-anticipent-lannee-du-pasteur-ainsi-que-dautres-initiatives\/","title":{"rendered":"Les leaders de la DIA anticipent l\u2019Ann\u00e9e du Pasteur ainsi que d\u2019autres initiatives"},"content":{"rendered":"<p>9 Janvier 2015 \u2013 Miami, Floride, Etats Unis \u2013 Libna Stevens\/DIA<\/p>\n<div id=\"attachment_14713\" style=\"width: 410px\" class=\"wp-caption alignright\"><a href=\"\/interamerica\/wp-content\/uploads\/2017\/06\/IL2015worship.png\" rel=\"fancybox\" title=\"Les leaders de la DIA anticipent l\u2019Ann\u00e9e du Pasteur ainsi que d\u2019autres initiatives\"><img fetchpriority=\"high\" decoding=\"async\" aria-describedby=\"caption-attachment-14713\" class=\"size-full wp-image-14713\" src=\"\/interamerica\/wp-content\/uploads\/2017\/06\/IL2015worship.png\" alt=\"\" width=\"400\" height=\"299\" \/><\/a><p id=\"caption-attachment-14713\" class=\"wp-caption-text\">Pasteur Isra\u00ebl Leito, pr\u00e9sident de l\u2019Eglise Adventiste en Inter Am\u00e9rique, accueille les leaders et les membres du personnel au si\u00e8ge de la DIA \u00e0 Miami en Floride le 5 janvier 2015, alors que la premi\u00e8re semaine de travail d\u00e9bute pour la nouvelle ann\u00e9e. Image de Libna Stevens\/DIA.<\/p><\/div>\n<p>Les principaux dirigeants de l\u2019Eglise Adventiste du Septi\u00e8me jour dans la Division Inter Am\u00e9ricaine (DIA) ont d\u00e9but\u00e9 la nouvelle ann\u00e9e cette semaine en m\u00e9ditant sur les b\u00e9n\u00e9dictions de Dieu et sur la confiance dans la direction divine face aux d\u00e9fis \u00e0 venir.<\/p>\n<p>Les pr\u00e8s de 100 pasteurs consacr\u00e9s et membres du personnel pr\u00e9sents au si\u00e8ge de la DIA \u00e0 Miami en Floride, ont r\u00e9fl\u00e9chi sur la croissance et les finances de l\u2019\u00e9glise en 2014 et ont anticip\u00e9 les nombreuses initiatives et activit\u00e9s d\u2019\u00e9vang\u00e9lisation mises en place pour c\u00e9l\u00e9brer l\u2019Ann\u00e9e du Pasteur \u2013 une ann\u00e9e retenue pour c\u00e9l\u00e9brer le travail des pasteurs et consolider leurs familles \u2013 et continuer de proclamer le message de l\u2019\u00e9vangile dans tout le territoire.<\/p>\n<p>M\u00e9ditant sur le chapitre 2 du livre de Sophonie, pasteur Isra\u00ebl Leito, pr\u00e9sident de l\u2019Eglise Adventiste en Inter Am\u00e9rique, a rappel\u00e9 aux leaders et aux membres du personnel de ne pas remettre en question la capacit\u00e9 qu\u2019a Dieu de r\u00e9pandre Sa b\u00e9n\u00e9diction dans leurs vies personnelles et dans la mission de l\u2019\u00e9glise.<\/p>\n<p>\u00ab Les b\u00e9n\u00e9dictions de l\u2019\u00e9glise seront toujours plus importantes que celles qu\u2019on esp\u00e8re, \u00bb a d\u00e9clar\u00e9 pasteur Leito. \u00ab Il d\u00e9sire construire un caract\u00e8re de loyaut\u00e9 et de confiance et souhaite que nous ne sous-estimions pas Sa capacit\u00e9 \u00e0 b\u00e9nir. \u00bb<\/p>\n<p>Les leaders de l\u2019\u00e9glise ont \u00e9t\u00e9 encourag\u00e9s par la r\u00e9cente croissance qu\u2019a connue l\u2019\u00e9glise au niveau de son effectif de membres.<\/p>\n<p>Dr Elie Henry, secr\u00e9taire ex\u00e9cutif de la DIA a rapport\u00e9 qu\u2019\u00e0 la date du 30 septembre, quelques 147000 nouveaux membres s\u2019\u00e9taient joints \u00e0 l\u2019\u00e9glise, amenant le total \u00e0 3606519 membres qui adorent dans 20676 \u00e9glises et groupes.<\/p>\n<p>La DIA compte 23 unions, ou r\u00e9gions, et deux champs attach\u00e9s, et Dr Henry a pr\u00e9cis\u00e9 que l\u2019organisation d\u2019une nouvelle union devrait \u00eatre approuv\u00e9e au cours des prochains mois vu que les champs attach\u00e9s de la DIA, Aruba, Bonaire et Cura\u00e7ao, devraient \u00eatre organis\u00e9s en tant qu\u2019Union de la Cara\u00efbe N\u00e9erlandaise. Cela am\u00e8nerait le total \u00e0 24 unions dans la DIA.<\/p>\n<p>D\u2019apr\u00e8s Elie Henry, bien que l\u2019\u00e9glise se d\u00e9veloppe rapidement, les principaux dirigeants continuent de superviser la v\u00e9rification des registres d\u2019\u00e9glise \u00e0 travers le territoire.<\/p>\n<p>Une union r\u00e9cemment organis\u00e9e, L\u2019Union Mission du Panama, \u00e9tait repr\u00e9sent\u00e9e par son pr\u00e9sident, pasteur Jose De Gracia. Pasteur De Gracia s\u2019est adress\u00e9 aux dirigeants de la DIA ainsi qu\u2019au personnel le 5 janvier \u00e0 l\u2019occasion d\u2019un culte sp\u00e9cial dont le message mettait l\u2019accent sur la confiance en J\u00e9sus Christ.<\/p>\n<p>\u00ab Croitre en Christ c\u2019est viser la perfection pour former le peuple de Dieu \u00e0 servir, pour \u00e9tablir le nom de Dieu, \u00bb a dit pasteur de Gracia.<\/p>\n<p>Le tr\u00e9sorier de la DIA, Filiberto Verduzco, a soulign\u00e9 l\u2019engagement visible des membres d\u2019\u00e9glise \u00e0 faire avancer la mission de l\u2019\u00e9glise au cours des quelques derni\u00e8res ann\u00e9es comme on peut le constater dans le domaine des dimes et des offrandes.<\/p>\n<p>\u00ab Je loue Dieu de ce qu\u2019Il b\u00e9nisse nos membres, \u00bb a dit Filiberto Verduzco. \u00ab Je suis \u00e9merveill\u00e9 \u00e0 chaque fois, quand je vois comment les membres d\u2019\u00e9glise en Inter Am\u00e9rique donnent librement pour faire avancer la cause de l\u2019\u00e9glise. Il est \u00e9vident qu\u2019ils continuent d\u2019avoir confiance dans la gestion des fonds faite par la direction. \u00bb<\/p>\n<p>Sept bureaux suppl\u00e9mentaires, une salle de conf\u00e9rence et un grand entrep\u00f4t au si\u00e8ge de la DIA seront bient\u00f4t achev\u00e9s et pourront \u00eatre utilis\u00e9s, a indiqu\u00e9 Filiberto Verduzco.<\/p>\n<p>Filiberto Verduzco a annonc\u00e9 que l\u2019\u00e9quipe de tr\u00e9sorerie de la DIA s\u2019agrandirait avec la nomination de Florencio Suarez en tant que tr\u00e9sorier adjoint en charge des op\u00e9rations financi\u00e8res dans les cinq r\u00e9gions de l\u2019\u00e9glise au Mexique, et aussi la nomination de Lorenzo Verduzco en tant que directeur du d\u00e9veloppement de logiciel.<\/p>\n<p>Pasteur Leito a \u00e9galement annonc\u00e9 que le d\u00e9partement des minist\u00e8res de la jeunesse b\u00e9n\u00e9ficiera de la contribution de pasteur Hiram Ruiz de Montemorelos au Mexique et pasteur Balvin Braham de la DIA qui conduiront le Minist\u00e8re Adventiste sur les Campus Publics \u00e0 travers l\u2019Inter Am\u00e9rique pour les \u00e9tudiants qui fr\u00e9quentent des universit\u00e9s et \u00e9coles non Adventistes.<\/p>\n<div id=\"attachment_14717\" style=\"width: 610px\" class=\"wp-caption alignright\"><a href=\"\/interamerica\/wp-content\/uploads\/2017\/06\/OrdBannerENG6002.png\" rel=\"fancybox\" title=\"Les leaders de la DIA anticipent l\u2019Ann\u00e9e du Pasteur ainsi que d\u2019autres initiatives\"><img decoding=\"async\" aria-describedby=\"caption-attachment-14717\" class=\"size-full wp-image-14717\" src=\"\/interamerica\/wp-content\/uploads\/2017\/06\/OrdBannerENG6002.png\" alt=\"\" width=\"600\" height=\"247\" \/><\/a><p id=\"caption-attachment-14717\" class=\"wp-caption-text\">Image d&rsquo;Abel Marquez\/DIA<\/p><\/div>\n<p>L\u2019emphase sera plac\u00e9e sur la consolidation du minist\u00e8re du pasteur et de sa famille au cours de l\u2019ann\u00e9e, ont dit les leaders de l\u2019\u00e9glise.<\/p>\n<p>\u00ab Nous voulons que chacun de nos 3200 pasteurs qui travaillent dur pour diriger de nombreuses \u00e9glises et groupes, prennent soin de leur familles et sachent que l\u2019\u00e9glise les appr\u00e9cient ainsi que le minist\u00e8re qu\u2019ils accomplissent, \u00bb a dit pasteur Hector Sanchez, secr\u00e9taire de l\u2019association pastorale pour la DIA.<\/p>\n<p><span style=\"text-decoration: underline;\">Parmi les programmes et activit\u00e9s pr\u00e9vus au cours de l\u2019Ann\u00e9e du Pasteur :<\/span>:<\/p>\n<p><strong>17 Janvier<\/strong>: C\u00e9r\u00e9monie de cons\u00e9cration pastorale \u00e0 travers la DIA. Un programme en direct aura lieu depuis Santo Domingo en R\u00e9publique Dominicaine de 15h30 \u00e0 18h00 (heure de Santo Domingo) (soit de 14h30 \u00e0 17h00, heure de Miami).<\/p>\n<p><strong>7 F\u00e9vrier<\/strong>: Semaine de Pri\u00e8re de la Famille Pastorale d\u00e9butant en ligne depuis Miami en Floride.<\/p>\n<p><strong>28 Mars<\/strong>: Concile Pastoral pour les pasteur non consacr\u00e9s \u2013 en direct de Medellin en Colombie<\/p>\n<p><strong>2 Avril<\/strong>: Concile Pastoral pour les \u00e9tudiants en th\u00e9ologie \u2013 en direct de Port-of-Spain \u00e0 Trinidad<\/p>\n<p><strong>27 Octobre<\/strong>: Concile Pastoral G\u00e9n\u00e9ral \u2013 En direct et en ligne depuis Miami en Floride.<\/p>\n<p>Les pasteurs et les membres d\u2019\u00e9glise actifs continueront de redoubler d\u2019efforts dans l\u2019\u00e9vang\u00e9lisation au cours des trois prochains mois en anticipation de la c\u00e9l\u00e9bration baptismale de <strong>Vision Un Million<\/strong> dans la DIA le <strong>4 Avril 2015<\/strong>. Un programme sp\u00e9cial par satellite sera organis\u00e9 depuis Port of Spain \u00e0 Trinidad.<\/p>\n<p><span style=\"text-decoration: underline;\">Autres programmes \u00e0 venir dans la DIA :<\/span>:<\/p>\n<p><strong>15-23 F\u00e9vrier<\/strong>: Concile de l\u2019Aum\u00f4nerie et du Minist\u00e8re de la Jeunesse &#8211;<\/p>\n<p><strong>18-19 Mars<\/strong>: Festival de la Libert\u00e9 Religieuse \u2013 Medellin, Colombie<\/p>\n<p><strong>8-12 Mai<\/strong>: Comit\u00e9 Ex\u00e9cutif de milieu d\u2019ann\u00e9e \u2013 Miami, Floride.<\/p>\n<p><strong>9 Mai<\/strong>: Super Boom Biblique \u2013 Miami, Floride.<\/p>\n<p>La Division Inter Am\u00e9ricaine supervise l\u2019\u0153uvre de l\u2019Eglise Adventiste du Septi\u00e8me jour au Mexique, en Am\u00e9rique Centrale, dans la Cara\u00efbe, dans les Antilles fran\u00e7aises ainsi qu\u2019en Colombie et au Venezuela, elle compte plus de 3,6 millions de membres, des centaines d\u2019\u00e9coles, d\u2019universit\u00e9s et d\u2019h\u00f4pitaux.<\/p>\n<p>Pour en savoir plus sur la DIA et ses initiatives pour 2015, visitez nous sur les sites <a href=\"https:\/\/recursing-golick.147-182-135-0.plesk.page\">interamerica.org<\/a> et <a href=\"http:\/\/2015.interamerica.org\/\">2015.interamerica.org<\/a><\/p>\n<p>Traduction: Patrick Luciathe<\/p>\n","protected":false},"excerpt":{"rendered":"<p>Les principaux dirigeants de l\u2019Eglise Adventiste du Septi\u00e8me jour dans la Division Inter Am\u00e9ricaine (DIA) ont d\u00e9but\u00e9 la nouvelle ann\u00e9e cette semaine en m\u00e9ditant sur les b\u00e9n\u00e9dictions de Dieu et sur la confiance dans la direction divine face aux d\u00e9fis \u00e0 venir.  <\/p>\n<p>Les pr\u00e8s de 100 pasteurs consacr\u00e9s et membres du personnel pr\u00e9sents au si\u00e8ge de la DIA \u00e0 Miami en Floride, ont r\u00e9fl\u00e9chi sur la croissance et les finances de l\u2019\u00e9glise en 2014 et ont anticip\u00e9 les nombreuses initiatives et activit\u00e9s d\u2019\u00e9vang\u00e9lisation mises en place pour c\u00e9l\u00e9brer l\u2019Ann\u00e9e du Pasteur \u2013 une ann\u00e9e retenue pour c\u00e9l\u00e9brer le travail des pasteurs et consolider leurs familles \u2013 et continuer de proclamer le message de l\u2019\u00e9vangile dans tout le territoire.<\/p>\n","protected":false},"author":1,"featured_media":24197,"comment_status":"closed","ping_status":"closed","sticky":false,"template":"","format":"standard","meta":{"_acf_changed":false,"footnotes":""},"categories":[20,19],"tags":[],"class_list":["post-32138","post","type-post","status-publish","format-standard","has-post-thumbnail","hentry","category-nouvelles-du-siege-de-la-division","category-rss-francais"],"acf":[],"yoast_head":"<!-- This site is optimized with the Yoast SEO plugin v27.3 - https:\/\/yoast.com\/product\/yoast-seo-wordpress\/ -->\n<title>Les leaders de la DIA anticipent l\u2019Ann\u00e9e du Pasteur ainsi que d\u2019autres initiatives - \u00c9glise Adventiste Du Septieme Jour - Inter Am\u00e9rique Division<\/title>\n<meta name=\"robots\" content=\"index, follow, max-snippet:-1, max-image-preview:large, max-video-preview:-1\" \/>\n<link rel=\"canonical\" href=\"https:\/\/interamerica.org\/fr\/2015\/01\/les-leaders-de-la-dia-anticipent-lannee-du-pasteur-ainsi-que-dautres-initiatives\/\" \/>\n<meta property=\"og:locale\" content=\"fr_FR\" \/>\n<meta property=\"og:type\" content=\"article\" \/>\n<meta property=\"og:title\" content=\"Les leaders de la DIA anticipent l\u2019Ann\u00e9e du Pasteur ainsi que d\u2019autres initiatives - \u00c9glise Adventiste Du Septieme Jour - Inter Am\u00e9rique Division\" \/>\n<meta property=\"og:description\" content=\"Les principaux dirigeants de l\u2019Eglise Adventiste du Septi\u00e8me jour dans la Division Inter Am\u00e9ricaine (DIA) ont d\u00e9but\u00e9 la nouvelle ann\u00e9e cette semaine en m\u00e9ditant sur les b\u00e9n\u00e9dictions de Dieu et sur la confiance dans la direction divine face aux d\u00e9fis \u00e0 venir.  Les pr\u00e8s de 100 pasteurs consacr\u00e9s et membres du personnel pr\u00e9sents au si\u00e8ge de la DIA \u00e0 Miami en Floride, ont r\u00e9fl\u00e9chi sur la croissance et les finances de l\u2019\u00e9glise en 2014 et ont anticip\u00e9 les nombreuses initiatives et activit\u00e9s d\u2019\u00e9vang\u00e9lisation mises en place pour c\u00e9l\u00e9brer l\u2019Ann\u00e9e du Pasteur \u2013 une ann\u00e9e retenue pour c\u00e9l\u00e9brer le travail des pasteurs et consolider leurs familles \u2013 et continuer de proclamer le message de l\u2019\u00e9vangile dans tout le territoire.\" \/>\n<meta property=\"og:url\" content=\"https:\/\/interamerica.org\/fr\/2015\/01\/les-leaders-de-la-dia-anticipent-lannee-du-pasteur-ainsi-que-dautres-initiatives\/\" \/>\n<meta property=\"og:site_name\" content=\"\u00c9glise Adventiste Du Septieme Jour - Inter Am\u00e9rique Division\" \/>\n<meta property=\"article:published_time\" content=\"2015-01-10T04:00:00+00:00\" \/>\n<meta property=\"og:image\" content=\"https:\/\/interamerica.org\/wp-content\/uploads\/2017\/06\/IL2015worship.png\" \/>\n\t<meta property=\"og:image:width\" content=\"400\" \/>\n\t<meta property=\"og:image:height\" content=\"299\" \/>\n\t<meta property=\"og:image:type\" content=\"image\/png\" \/>\n<meta name=\"author\" content=\"Lorenzo Verduzco\" \/>\n<meta name=\"twitter:card\" content=\"summary_large_image\" \/>\n<meta name=\"twitter:label1\" content=\"\u00c9crit par\" \/>\n\t<meta name=\"twitter:data1\" content=\"Lorenzo Verduzco\" \/>\n\t<meta name=\"twitter:label2\" content=\"Dur\u00e9e de lecture estim\u00e9e\" \/>\n\t<meta name=\"twitter:data2\" content=\"6 minutes\" \/>\n<script type=\"application\/ld+json\" class=\"yoast-schema-graph\">{\"@context\":\"https:\\\/\\\/schema.org\",\"@graph\":[{\"@type\":\"Article\",\"@id\":\"https:\\\/\\\/interamerica.org\\\/fr\\\/2015\\\/01\\\/les-leaders-de-la-dia-anticipent-lannee-du-pasteur-ainsi-que-dautres-initiatives\\\/#article\",\"isPartOf\":{\"@id\":\"https:\\\/\\\/interamerica.org\\\/fr\\\/2015\\\/01\\\/les-leaders-de-la-dia-anticipent-lannee-du-pasteur-ainsi-que-dautres-initiatives\\\/\"},\"author\":{\"name\":\"Lorenzo Verduzco\",\"@id\":\"https:\\\/\\\/interamerica.org\\\/fr\\\/#\\\/schema\\\/person\\\/68ede8bdc292885bb76c1e3810e73c39\"},\"headline\":\"Les leaders de la DIA anticipent l\u2019Ann\u00e9e du Pasteur ainsi que d\u2019autres initiatives\",\"datePublished\":\"2015-01-10T04:00:00+00:00\",\"mainEntityOfPage\":{\"@id\":\"https:\\\/\\\/interamerica.org\\\/fr\\\/2015\\\/01\\\/les-leaders-de-la-dia-anticipent-lannee-du-pasteur-ainsi-que-dautres-initiatives\\\/\"},\"wordCount\":1231,\"image\":{\"@id\":\"https:\\\/\\\/interamerica.org\\\/fr\\\/2015\\\/01\\\/les-leaders-de-la-dia-anticipent-lannee-du-pasteur-ainsi-que-dautres-initiatives\\\/#primaryimage\"},\"thumbnailUrl\":\"https:\\\/\\\/interamerica.org\\\/wp-content\\\/uploads\\\/2017\\\/06\\\/IL2015worship.png\",\"articleSection\":[\"Nouvelles du si\u00e8ge de la division\",\"RSS Fran\u00e7ais\"],\"inLanguage\":\"fr-FR\"},{\"@type\":\"WebPage\",\"@id\":\"https:\\\/\\\/interamerica.org\\\/fr\\\/2015\\\/01\\\/les-leaders-de-la-dia-anticipent-lannee-du-pasteur-ainsi-que-dautres-initiatives\\\/\",\"url\":\"https:\\\/\\\/interamerica.org\\\/fr\\\/2015\\\/01\\\/les-leaders-de-la-dia-anticipent-lannee-du-pasteur-ainsi-que-dautres-initiatives\\\/\",\"name\":\"Les leaders de la DIA anticipent l\u2019Ann\u00e9e du Pasteur ainsi que d\u2019autres initiatives - \u00c9glise Adventiste Du Septieme Jour - Inter Am\u00e9rique Division\",\"isPartOf\":{\"@id\":\"https:\\\/\\\/interamerica.org\\\/fr\\\/#website\"},\"primaryImageOfPage\":{\"@id\":\"https:\\\/\\\/interamerica.org\\\/fr\\\/2015\\\/01\\\/les-leaders-de-la-dia-anticipent-lannee-du-pasteur-ainsi-que-dautres-initiatives\\\/#primaryimage\"},\"image\":{\"@id\":\"https:\\\/\\\/interamerica.org\\\/fr\\\/2015\\\/01\\\/les-leaders-de-la-dia-anticipent-lannee-du-pasteur-ainsi-que-dautres-initiatives\\\/#primaryimage\"},\"thumbnailUrl\":\"https:\\\/\\\/interamerica.org\\\/wp-content\\\/uploads\\\/2017\\\/06\\\/IL2015worship.png\",\"datePublished\":\"2015-01-10T04:00:00+00:00\",\"author\":{\"@id\":\"https:\\\/\\\/interamerica.org\\\/fr\\\/#\\\/schema\\\/person\\\/68ede8bdc292885bb76c1e3810e73c39\"},\"breadcrumb\":{\"@id\":\"https:\\\/\\\/interamerica.org\\\/fr\\\/2015\\\/01\\\/les-leaders-de-la-dia-anticipent-lannee-du-pasteur-ainsi-que-dautres-initiatives\\\/#breadcrumb\"},\"inLanguage\":\"fr-FR\",\"potentialAction\":[{\"@type\":\"ReadAction\",\"target\":[\"https:\\\/\\\/interamerica.org\\\/fr\\\/2015\\\/01\\\/les-leaders-de-la-dia-anticipent-lannee-du-pasteur-ainsi-que-dautres-initiatives\\\/\"]}]},{\"@type\":\"ImageObject\",\"inLanguage\":\"fr-FR\",\"@id\":\"https:\\\/\\\/interamerica.org\\\/fr\\\/2015\\\/01\\\/les-leaders-de-la-dia-anticipent-lannee-du-pasteur-ainsi-que-dautres-initiatives\\\/#primaryimage\",\"url\":\"https:\\\/\\\/interamerica.org\\\/wp-content\\\/uploads\\\/2017\\\/06\\\/IL2015worship.png\",\"contentUrl\":\"https:\\\/\\\/interamerica.org\\\/wp-content\\\/uploads\\\/2017\\\/06\\\/IL2015worship.png\",\"width\":400,\"height\":299},{\"@type\":\"BreadcrumbList\",\"@id\":\"https:\\\/\\\/interamerica.org\\\/fr\\\/2015\\\/01\\\/les-leaders-de-la-dia-anticipent-lannee-du-pasteur-ainsi-que-dautres-initiatives\\\/#breadcrumb\",\"itemListElement\":[{\"@type\":\"ListItem\",\"position\":1,\"name\":\"Home\",\"item\":\"https:\\\/\\\/interamerica.org\\\/fr\\\/\"},{\"@type\":\"ListItem\",\"position\":2,\"name\":\"Les leaders de la DIA anticipent l\u2019Ann\u00e9e du Pasteur ainsi que d\u2019autres initiatives\"}]},{\"@type\":\"WebSite\",\"@id\":\"https:\\\/\\\/interamerica.org\\\/fr\\\/#website\",\"url\":\"https:\\\/\\\/interamerica.org\\\/fr\\\/\",\"name\":\"\u00c9glise Adventiste Du Septieme Jour - Inter Am\u00e9rique Division\",\"description\":\"\",\"potentialAction\":[{\"@type\":\"SearchAction\",\"target\":{\"@type\":\"EntryPoint\",\"urlTemplate\":\"https:\\\/\\\/interamerica.org\\\/fr\\\/?s={search_term_string}\"},\"query-input\":{\"@type\":\"PropertyValueSpecification\",\"valueRequired\":true,\"valueName\":\"search_term_string\"}}],\"inLanguage\":\"fr-FR\"},{\"@type\":\"Person\",\"@id\":\"https:\\\/\\\/interamerica.org\\\/fr\\\/#\\\/schema\\\/person\\\/68ede8bdc292885bb76c1e3810e73c39\",\"name\":\"Lorenzo Verduzco\",\"image\":{\"@type\":\"ImageObject\",\"inLanguage\":\"fr-FR\",\"@id\":\"https:\\\/\\\/secure.gravatar.com\\\/avatar\\\/fb81a55b6218459490a9c1dc841a34909185b81904c5337b4b27f7a6fd60c49e?s=96&d=mm&r=g\",\"url\":\"https:\\\/\\\/secure.gravatar.com\\\/avatar\\\/fb81a55b6218459490a9c1dc841a34909185b81904c5337b4b27f7a6fd60c49e?s=96&d=mm&r=g\",\"contentUrl\":\"https:\\\/\\\/secure.gravatar.com\\\/avatar\\\/fb81a55b6218459490a9c1dc841a34909185b81904c5337b4b27f7a6fd60c49e?s=96&d=mm&r=g\",\"caption\":\"Lorenzo Verduzco\"}}]}<\/script>\n<!-- \/ Yoast SEO plugin. -->","yoast_head_json":{"title":"Les leaders de la DIA anticipent l\u2019Ann\u00e9e du Pasteur ainsi que d\u2019autres initiatives - \u00c9glise Adventiste Du Septieme Jour - Inter Am\u00e9rique Division","robots":{"index":"index","follow":"follow","max-snippet":"max-snippet:-1","max-image-preview":"max-image-preview:large","max-video-preview":"max-video-preview:-1"},"canonical":"https:\/\/interamerica.org\/fr\/2015\/01\/les-leaders-de-la-dia-anticipent-lannee-du-pasteur-ainsi-que-dautres-initiatives\/","og_locale":"fr_FR","og_type":"article","og_title":"Les leaders de la DIA anticipent l\u2019Ann\u00e9e du Pasteur ainsi que d\u2019autres initiatives - \u00c9glise Adventiste Du Septieme Jour - Inter Am\u00e9rique Division","og_description":"Les principaux dirigeants de l\u2019Eglise Adventiste du Septi\u00e8me jour dans la Division Inter Am\u00e9ricaine (DIA) ont d\u00e9but\u00e9 la nouvelle ann\u00e9e cette semaine en m\u00e9ditant sur les b\u00e9n\u00e9dictions de Dieu et sur la confiance dans la direction divine face aux d\u00e9fis \u00e0 venir.  Les pr\u00e8s de 100 pasteurs consacr\u00e9s et membres du personnel pr\u00e9sents au si\u00e8ge de la DIA \u00e0 Miami en Floride, ont r\u00e9fl\u00e9chi sur la croissance et les finances de l\u2019\u00e9glise en 2014 et ont anticip\u00e9 les nombreuses initiatives et activit\u00e9s d\u2019\u00e9vang\u00e9lisation mises en place pour c\u00e9l\u00e9brer l\u2019Ann\u00e9e du Pasteur \u2013 une ann\u00e9e retenue pour c\u00e9l\u00e9brer le travail des pasteurs et consolider leurs familles \u2013 et continuer de proclamer le message de l\u2019\u00e9vangile dans tout le territoire.","og_url":"https:\/\/interamerica.org\/fr\/2015\/01\/les-leaders-de-la-dia-anticipent-lannee-du-pasteur-ainsi-que-dautres-initiatives\/","og_site_name":"\u00c9glise Adventiste Du Septieme Jour - Inter Am\u00e9rique Division","article_published_time":"2015-01-10T04:00:00+00:00","og_image":[{"width":400,"height":299,"url":"https:\/\/interamerica.org\/wp-content\/uploads\/2017\/06\/IL2015worship.png","type":"image\/png"}],"author":"Lorenzo Verduzco","twitter_card":"summary_large_image","twitter_misc":{"\u00c9crit par":"Lorenzo Verduzco","Dur\u00e9e de lecture estim\u00e9e":"6 minutes"},"schema":{"@context":"https:\/\/schema.org","@graph":[{"@type":"Article","@id":"https:\/\/interamerica.org\/fr\/2015\/01\/les-leaders-de-la-dia-anticipent-lannee-du-pasteur-ainsi-que-dautres-initiatives\/#article","isPartOf":{"@id":"https:\/\/interamerica.org\/fr\/2015\/01\/les-leaders-de-la-dia-anticipent-lannee-du-pasteur-ainsi-que-dautres-initiatives\/"},"author":{"name":"Lorenzo Verduzco","@id":"https:\/\/interamerica.org\/fr\/#\/schema\/person\/68ede8bdc292885bb76c1e3810e73c39"},"headline":"Les leaders de la DIA anticipent l\u2019Ann\u00e9e du Pasteur ainsi que d\u2019autres initiatives","datePublished":"2015-01-10T04:00:00+00:00","mainEntityOfPage":{"@id":"https:\/\/interamerica.org\/fr\/2015\/01\/les-leaders-de-la-dia-anticipent-lannee-du-pasteur-ainsi-que-dautres-initiatives\/"},"wordCount":1231,"image":{"@id":"https:\/\/interamerica.org\/fr\/2015\/01\/les-leaders-de-la-dia-anticipent-lannee-du-pasteur-ainsi-que-dautres-initiatives\/#primaryimage"},"thumbnailUrl":"https:\/\/interamerica.org\/wp-content\/uploads\/2017\/06\/IL2015worship.png","articleSection":["Nouvelles du si\u00e8ge de la division","RSS Fran\u00e7ais"],"inLanguage":"fr-FR"},{"@type":"WebPage","@id":"https:\/\/interamerica.org\/fr\/2015\/01\/les-leaders-de-la-dia-anticipent-lannee-du-pasteur-ainsi-que-dautres-initiatives\/","url":"https:\/\/interamerica.org\/fr\/2015\/01\/les-leaders-de-la-dia-anticipent-lannee-du-pasteur-ainsi-que-dautres-initiatives\/","name":"Les leaders de la DIA anticipent l\u2019Ann\u00e9e du Pasteur ainsi que d\u2019autres initiatives - \u00c9glise Adventiste Du Septieme Jour - Inter Am\u00e9rique Division","isPartOf":{"@id":"https:\/\/interamerica.org\/fr\/#website"},"primaryImageOfPage":{"@id":"https:\/\/interamerica.org\/fr\/2015\/01\/les-leaders-de-la-dia-anticipent-lannee-du-pasteur-ainsi-que-dautres-initiatives\/#primaryimage"},"image":{"@id":"https:\/\/interamerica.org\/fr\/2015\/01\/les-leaders-de-la-dia-anticipent-lannee-du-pasteur-ainsi-que-dautres-initiatives\/#primaryimage"},"thumbnailUrl":"https:\/\/interamerica.org\/wp-content\/uploads\/2017\/06\/IL2015worship.png","datePublished":"2015-01-10T04:00:00+00:00","author":{"@id":"https:\/\/interamerica.org\/fr\/#\/schema\/person\/68ede8bdc292885bb76c1e3810e73c39"},"breadcrumb":{"@id":"https:\/\/interamerica.org\/fr\/2015\/01\/les-leaders-de-la-dia-anticipent-lannee-du-pasteur-ainsi-que-dautres-initiatives\/#breadcrumb"},"inLanguage":"fr-FR","potentialAction":[{"@type":"ReadAction","target":["https:\/\/interamerica.org\/fr\/2015\/01\/les-leaders-de-la-dia-anticipent-lannee-du-pasteur-ainsi-que-dautres-initiatives\/"]}]},{"@type":"ImageObject","inLanguage":"fr-FR","@id":"https:\/\/interamerica.org\/fr\/2015\/01\/les-leaders-de-la-dia-anticipent-lannee-du-pasteur-ainsi-que-dautres-initiatives\/#primaryimage","url":"https:\/\/interamerica.org\/wp-content\/uploads\/2017\/06\/IL2015worship.png","contentUrl":"https:\/\/interamerica.org\/wp-content\/uploads\/2017\/06\/IL2015worship.png","width":400,"height":299},{"@type":"BreadcrumbList","@id":"https:\/\/interamerica.org\/fr\/2015\/01\/les-leaders-de-la-dia-anticipent-lannee-du-pasteur-ainsi-que-dautres-initiatives\/#breadcrumb","itemListElement":[{"@type":"ListItem","position":1,"name":"Home","item":"https:\/\/interamerica.org\/fr\/"},{"@type":"ListItem","position":2,"name":"Les leaders de la DIA anticipent l\u2019Ann\u00e9e du Pasteur ainsi que d\u2019autres initiatives"}]},{"@type":"WebSite","@id":"https:\/\/interamerica.org\/fr\/#website","url":"https:\/\/interamerica.org\/fr\/","name":"\u00c9glise Adventiste Du Septieme Jour - Inter Am\u00e9rique Division","description":"","potentialAction":[{"@type":"SearchAction","target":{"@type":"EntryPoint","urlTemplate":"https:\/\/interamerica.org\/fr\/?s={search_term_string}"},"query-input":{"@type":"PropertyValueSpecification","valueRequired":true,"valueName":"search_term_string"}}],"inLanguage":"fr-FR"},{"@type":"Person","@id":"https:\/\/interamerica.org\/fr\/#\/schema\/person\/68ede8bdc292885bb76c1e3810e73c39","name":"Lorenzo Verduzco","image":{"@type":"ImageObject","inLanguage":"fr-FR","@id":"https:\/\/secure.gravatar.com\/avatar\/fb81a55b6218459490a9c1dc841a34909185b81904c5337b4b27f7a6fd60c49e?s=96&d=mm&r=g","url":"https:\/\/secure.gravatar.com\/avatar\/fb81a55b6218459490a9c1dc841a34909185b81904c5337b4b27f7a6fd60c49e?s=96&d=mm&r=g","contentUrl":"https:\/\/secure.gravatar.com\/avatar\/fb81a55b6218459490a9c1dc841a34909185b81904c5337b4b27f7a6fd60c49e?s=96&d=mm&r=g","caption":"Lorenzo Verduzco"}}]}},"_links":{"self":[{"href":"https:\/\/interamerica.org\/fr\/wp-json\/wp\/v2\/posts\/32138","targetHints":{"allow":["GET"]}}],"collection":[{"href":"https:\/\/interamerica.org\/fr\/wp-json\/wp\/v2\/posts"}],"about":[{"href":"https:\/\/interamerica.org\/fr\/wp-json\/wp\/v2\/types\/post"}],"author":[{"embeddable":true,"href":"https:\/\/interamerica.org\/fr\/wp-json\/wp\/v2\/users\/1"}],"replies":[{"embeddable":true,"href":"https:\/\/interamerica.org\/fr\/wp-json\/wp\/v2\/comments?post=32138"}],"version-history":[{"count":0,"href":"https:\/\/interamerica.org\/fr\/wp-json\/wp\/v2\/posts\/32138\/revisions"}],"wp:featuredmedia":[{"embeddable":true,"href":"https:\/\/interamerica.org\/fr\/wp-json\/wp\/v2\/media\/24197"}],"wp:attachment":[{"href":"https:\/\/interamerica.org\/fr\/wp-json\/wp\/v2\/media?parent=32138"}],"wp:term":[{"taxonomy":"category","embeddable":true,"href":"https:\/\/interamerica.org\/fr\/wp-json\/wp\/v2\/categories?post=32138"},{"taxonomy":"post_tag","embeddable":true,"href":"https:\/\/interamerica.org\/fr\/wp-json\/wp\/v2\/tags?post=32138"}],"curies":[{"name":"wp","href":"https:\/\/api.w.org\/{rel}","templated":true}]}}