{"id":32139,"date":"2015-01-11T00:00:00","date_gmt":"2015-01-11T04:00:00","guid":{"rendered":"http:\/\/192.81.217.108\/interamerica\/2015\/01\/leglise-adventiste-presente-ses-condoleances-apres-lattaque-terroriste-qui-a-eu-lieu-a-paris\/"},"modified":"2015-01-11T00:00:00","modified_gmt":"2015-01-11T04:00:00","slug":"leglise-adventiste-presente-ses-condoleances-apres-lattaque-terroriste-qui-a-eu-lieu-a-paris","status":"publish","type":"post","link":"https:\/\/interamerica.org\/fr\/2015\/01\/leglise-adventiste-presente-ses-condoleances-apres-lattaque-terroriste-qui-a-eu-lieu-a-paris\/","title":{"rendered":"L\u2019Eglise Adventiste pr\u00e9sente ses condol\u00e9ances apr\u00e8s l\u2019attaque terroriste qui a eu lieu \u00e0 Paris"},"content":{"rendered":"<p>9 Janvier 2015 \u2013 Silver Spring, Maryland, Etats Unis \u2013 Adventist Review<\/p>\n<div id=\"attachment_14733\" style=\"width: 310px\" class=\"wp-caption alignright\"><a href=\"\/interamerica\/wp-content\/uploads\/2017\/06\/Flag_of_France.png\" rel=\"fancybox\" title=\"L\u2019Eglise Adventiste pr\u00e9sente ses condol\u00e9ances apr\u00e8s l\u2019attaque terroriste qui a eu lieu \u00e0 Paris\"><img fetchpriority=\"high\" decoding=\"async\" aria-describedby=\"caption-attachment-14733\" class=\"size-full wp-image-14733\" src=\"\/interamerica\/wp-content\/uploads\/2017\/06\/Flag_of_France.png\" alt=\"\" width=\"300\" height=\"200\" \/><\/a><p id=\"caption-attachment-14733\" class=\"wp-caption-text\">Drapeau fran\u00e7ais<\/p><\/div>\n<p>L\u2019Eglise Adventiste du Septi\u00e8me jour a pr\u00e9sent\u00e9 ses condol\u00e9ances \u00e0 la France et a f\u00e9licit\u00e9 son gouvernement qui d\u00e9fend la libert\u00e9 religieuse apr\u00e8s qu\u2019une attaque terroriste men\u00e9e contre un magazine satirique ait caus\u00e9 la mort de 12 personnes \u00e0 Paris.<\/p>\n<p>\u00ab De la part de l\u2019Eglise Adventiste du Septi\u00e8me jour au niveau mondial et de son pr\u00e9sident, permettez moi de vous transmettre notre plus profonde sympathie suite \u00e0 l\u2019attaque terroriste qui a eu lieu aux bureaux de Charlie Hebdo \u00e0 Paris le 7 janvier, \u00bb a dit l\u2019\u00e9glise jeudi dans une lettre envoy\u00e9e par John Graz, directeur du d\u00e9partement des Affaires Publiques et de la Libert\u00e9 Religieuse, \u00e0 G\u00e9rard Araud, l\u2019ambassadeur de France \u00e0 Washington.<\/p>\n<p>\u00ab Nous nous joignons aux familles des victimes dans la douleur, \u00bb disait le courrier. \u00ab Nous prions pour elles et pour ceux qui ont \u00e9t\u00e9 gravement bless\u00e9s. Nous prions \u00e9galement pour ce beau pays qu\u2019est la France, pays que nous aimons, nous prions pour son peuple et pour vous qui le repr\u00e9sentez aux Etats Unis. \u00bb<\/p>\n<p>Trois hommes arm\u00e9s ont ouvert le feu dans les bureaux de Charlie Hebdo mercredi, tuant le r\u00e9dacteur en chef et les principaux dessinateurs. Les Musulmans fondamentalistes avaient d\u00e9nonc\u00e9 le magazine pour la publication des caricatures du Proph\u00e8te Mahomet.<\/p>\n<p>A Washington, le pr\u00e9sident am\u00e9ricain, Barack Obama a rendu hommage aux victimes lors d\u2019une rencontre avec l\u2019Ambassadeur de France, G\u00e9rard Araud, \u00e0 l\u2019Ambassade fran\u00e7aise.<\/p>\n<p>La lettre de John Graz faisait observer que les Adventistes sont depuis longtemps des d\u00e9fenseurs de la libert\u00e9 de conscience et de religion, et soulignait le fait que ces libert\u00e9s sont la base de toutes les libert\u00e9s, y compris la libert\u00e9 d\u2019expression.<\/p>\n<p>\u00ab Nous remercions la France pour ces libert\u00e9s fondamentales, et ses autorit\u00e9s pour la libert\u00e9 d\u2019expression et de religion qu\u2019elles prot\u00e8gent, \u00bb disait encore le courrier.<\/p>\n<p>Un suspect s\u2019est rendu \u00e0 la police, alors qu\u2019une op\u00e9ration de recherche a \u00e9t\u00e9 lanc\u00e9e dans le pays pour retrouver les deux autres suspects.<\/p>\n<p>Traduction: Patrick Luciathe<\/p>\n","protected":false},"excerpt":{"rendered":"<p>L\u2019Eglise Adventiste du Septi\u00e8me jour a pr\u00e9sent\u00e9 ses condol\u00e9ances \u00e0 la France et a f\u00e9licit\u00e9 son gouvernement qui d\u00e9fend la libert\u00e9 religieuse apr\u00e8s qu\u2019une attaque terroriste men\u00e9e contre un magazine satirique ait caus\u00e9 la mort de 12 personnes \u00e0 Paris.  <\/p>\n<p>\u00ab De la part de l\u2019Eglise Adventiste du Septi\u00e8me jour au niveau mondial et de son pr\u00e9sident, permettez moi de vous transmettre notre plus profonde sympathie suite \u00e0 l\u2019attaque terroriste qui a eu lieu aux bureaux de Charlie Hebdo \u00e0 Paris le 7 janvier, \u00bb a dit l\u2019\u00e9glise jeudi dans une lettre envoy\u00e9e par John Graz, directeur du d\u00e9partement des Affaires Publiques et de la Libert\u00e9 Religieuse, \u00e0 G\u00e9rard Araud, l\u2019ambassadeur de France \u00e0 Washington.<\/p>\n","protected":false},"author":1,"featured_media":24210,"comment_status":"closed","ping_status":"closed","sticky":false,"template":"","format":"standard","meta":{"_acf_changed":false,"footnotes":""},"categories":[18,19],"tags":[],"class_list":["post-32139","post","type-post","status-publish","format-standard","has-post-thumbnail","hentry","category-nouvelles-de-leglise-mondiale","category-rss-francais"],"acf":[],"yoast_head":"<!-- This site is optimized with the Yoast SEO plugin v27.3 - https:\/\/yoast.com\/product\/yoast-seo-wordpress\/ -->\n<title>L\u2019Eglise Adventiste pr\u00e9sente ses condol\u00e9ances apr\u00e8s l\u2019attaque terroriste qui a eu lieu \u00e0 Paris - \u00c9glise Adventiste Du Septieme Jour - Inter Am\u00e9rique Division<\/title>\n<meta name=\"robots\" content=\"index, follow, max-snippet:-1, max-image-preview:large, max-video-preview:-1\" \/>\n<link rel=\"canonical\" href=\"https:\/\/interamerica.org\/fr\/2015\/01\/leglise-adventiste-presente-ses-condoleances-apres-lattaque-terroriste-qui-a-eu-lieu-a-paris\/\" \/>\n<meta property=\"og:locale\" content=\"fr_FR\" \/>\n<meta property=\"og:type\" content=\"article\" \/>\n<meta property=\"og:title\" content=\"L\u2019Eglise Adventiste pr\u00e9sente ses condol\u00e9ances apr\u00e8s l\u2019attaque terroriste qui a eu lieu \u00e0 Paris - \u00c9glise Adventiste Du Septieme Jour - Inter Am\u00e9rique Division\" \/>\n<meta property=\"og:description\" content=\"L\u2019Eglise Adventiste du Septi\u00e8me jour a pr\u00e9sent\u00e9 ses condol\u00e9ances \u00e0 la France et a f\u00e9licit\u00e9 son gouvernement qui d\u00e9fend la libert\u00e9 religieuse apr\u00e8s qu\u2019une attaque terroriste men\u00e9e contre un magazine satirique ait caus\u00e9 la mort de 12 personnes \u00e0 Paris.  \u00ab De la part de l\u2019Eglise Adventiste du Septi\u00e8me jour au niveau mondial et de son pr\u00e9sident, permettez moi de vous transmettre notre plus profonde sympathie suite \u00e0 l\u2019attaque terroriste qui a eu lieu aux bureaux de Charlie Hebdo \u00e0 Paris le 7 janvier, \u00bb a dit l\u2019\u00e9glise jeudi dans une lettre envoy\u00e9e par John Graz, directeur du d\u00e9partement des Affaires Publiques et de la Libert\u00e9 Religieuse, \u00e0 G\u00e9rard Araud, l\u2019ambassadeur de France \u00e0 Washington.\" \/>\n<meta property=\"og:url\" content=\"https:\/\/interamerica.org\/fr\/2015\/01\/leglise-adventiste-presente-ses-condoleances-apres-lattaque-terroriste-qui-a-eu-lieu-a-paris\/\" \/>\n<meta property=\"og:site_name\" content=\"\u00c9glise Adventiste Du Septieme Jour - Inter Am\u00e9rique Division\" \/>\n<meta property=\"article:published_time\" content=\"2015-01-11T04:00:00+00:00\" \/>\n<meta property=\"og:image\" content=\"https:\/\/interamerica.org\/wp-content\/uploads\/2017\/06\/Flag_of_France.png\" \/>\n\t<meta property=\"og:image:width\" content=\"300\" \/>\n\t<meta property=\"og:image:height\" content=\"200\" \/>\n\t<meta property=\"og:image:type\" content=\"image\/png\" \/>\n<meta name=\"author\" content=\"Lorenzo Verduzco\" \/>\n<meta name=\"twitter:card\" content=\"summary_large_image\" \/>\n<meta name=\"twitter:label1\" content=\"\u00c9crit par\" \/>\n\t<meta name=\"twitter:data1\" content=\"Lorenzo Verduzco\" \/>\n\t<meta name=\"twitter:label2\" content=\"Dur\u00e9e de lecture estim\u00e9e\" \/>\n\t<meta name=\"twitter:data2\" content=\"2 minutes\" \/>\n<script type=\"application\/ld+json\" class=\"yoast-schema-graph\">{\"@context\":\"https:\\\/\\\/schema.org\",\"@graph\":[{\"@type\":\"Article\",\"@id\":\"https:\\\/\\\/interamerica.org\\\/fr\\\/2015\\\/01\\\/leglise-adventiste-presente-ses-condoleances-apres-lattaque-terroriste-qui-a-eu-lieu-a-paris\\\/#article\",\"isPartOf\":{\"@id\":\"https:\\\/\\\/interamerica.org\\\/fr\\\/2015\\\/01\\\/leglise-adventiste-presente-ses-condoleances-apres-lattaque-terroriste-qui-a-eu-lieu-a-paris\\\/\"},\"author\":{\"name\":\"Lorenzo Verduzco\",\"@id\":\"https:\\\/\\\/interamerica.org\\\/fr\\\/#\\\/schema\\\/person\\\/68ede8bdc292885bb76c1e3810e73c39\"},\"headline\":\"L\u2019Eglise Adventiste pr\u00e9sente ses condol\u00e9ances apr\u00e8s l\u2019attaque terroriste qui a eu lieu \u00e0 Paris\",\"datePublished\":\"2015-01-11T04:00:00+00:00\",\"mainEntityOfPage\":{\"@id\":\"https:\\\/\\\/interamerica.org\\\/fr\\\/2015\\\/01\\\/leglise-adventiste-presente-ses-condoleances-apres-lattaque-terroriste-qui-a-eu-lieu-a-paris\\\/\"},\"wordCount\":392,\"image\":{\"@id\":\"https:\\\/\\\/interamerica.org\\\/fr\\\/2015\\\/01\\\/leglise-adventiste-presente-ses-condoleances-apres-lattaque-terroriste-qui-a-eu-lieu-a-paris\\\/#primaryimage\"},\"thumbnailUrl\":\"https:\\\/\\\/interamerica.org\\\/wp-content\\\/uploads\\\/2017\\\/06\\\/Flag_of_France.png\",\"articleSection\":[\"Nouvelles de l'\u00c9glise mondiale\",\"RSS Fran\u00e7ais\"],\"inLanguage\":\"fr-FR\"},{\"@type\":\"WebPage\",\"@id\":\"https:\\\/\\\/interamerica.org\\\/fr\\\/2015\\\/01\\\/leglise-adventiste-presente-ses-condoleances-apres-lattaque-terroriste-qui-a-eu-lieu-a-paris\\\/\",\"url\":\"https:\\\/\\\/interamerica.org\\\/fr\\\/2015\\\/01\\\/leglise-adventiste-presente-ses-condoleances-apres-lattaque-terroriste-qui-a-eu-lieu-a-paris\\\/\",\"name\":\"L\u2019Eglise Adventiste pr\u00e9sente ses condol\u00e9ances apr\u00e8s l\u2019attaque terroriste qui a eu lieu \u00e0 Paris - \u00c9glise Adventiste Du Septieme Jour - Inter Am\u00e9rique Division\",\"isPartOf\":{\"@id\":\"https:\\\/\\\/interamerica.org\\\/fr\\\/#website\"},\"primaryImageOfPage\":{\"@id\":\"https:\\\/\\\/interamerica.org\\\/fr\\\/2015\\\/01\\\/leglise-adventiste-presente-ses-condoleances-apres-lattaque-terroriste-qui-a-eu-lieu-a-paris\\\/#primaryimage\"},\"image\":{\"@id\":\"https:\\\/\\\/interamerica.org\\\/fr\\\/2015\\\/01\\\/leglise-adventiste-presente-ses-condoleances-apres-lattaque-terroriste-qui-a-eu-lieu-a-paris\\\/#primaryimage\"},\"thumbnailUrl\":\"https:\\\/\\\/interamerica.org\\\/wp-content\\\/uploads\\\/2017\\\/06\\\/Flag_of_France.png\",\"datePublished\":\"2015-01-11T04:00:00+00:00\",\"author\":{\"@id\":\"https:\\\/\\\/interamerica.org\\\/fr\\\/#\\\/schema\\\/person\\\/68ede8bdc292885bb76c1e3810e73c39\"},\"breadcrumb\":{\"@id\":\"https:\\\/\\\/interamerica.org\\\/fr\\\/2015\\\/01\\\/leglise-adventiste-presente-ses-condoleances-apres-lattaque-terroriste-qui-a-eu-lieu-a-paris\\\/#breadcrumb\"},\"inLanguage\":\"fr-FR\",\"potentialAction\":[{\"@type\":\"ReadAction\",\"target\":[\"https:\\\/\\\/interamerica.org\\\/fr\\\/2015\\\/01\\\/leglise-adventiste-presente-ses-condoleances-apres-lattaque-terroriste-qui-a-eu-lieu-a-paris\\\/\"]}]},{\"@type\":\"ImageObject\",\"inLanguage\":\"fr-FR\",\"@id\":\"https:\\\/\\\/interamerica.org\\\/fr\\\/2015\\\/01\\\/leglise-adventiste-presente-ses-condoleances-apres-lattaque-terroriste-qui-a-eu-lieu-a-paris\\\/#primaryimage\",\"url\":\"https:\\\/\\\/interamerica.org\\\/wp-content\\\/uploads\\\/2017\\\/06\\\/Flag_of_France.png\",\"contentUrl\":\"https:\\\/\\\/interamerica.org\\\/wp-content\\\/uploads\\\/2017\\\/06\\\/Flag_of_France.png\",\"width\":300,\"height\":200},{\"@type\":\"BreadcrumbList\",\"@id\":\"https:\\\/\\\/interamerica.org\\\/fr\\\/2015\\\/01\\\/leglise-adventiste-presente-ses-condoleances-apres-lattaque-terroriste-qui-a-eu-lieu-a-paris\\\/#breadcrumb\",\"itemListElement\":[{\"@type\":\"ListItem\",\"position\":1,\"name\":\"Home\",\"item\":\"https:\\\/\\\/interamerica.org\\\/fr\\\/\"},{\"@type\":\"ListItem\",\"position\":2,\"name\":\"L\u2019Eglise Adventiste pr\u00e9sente ses condol\u00e9ances apr\u00e8s l\u2019attaque terroriste qui a eu lieu \u00e0 Paris\"}]},{\"@type\":\"WebSite\",\"@id\":\"https:\\\/\\\/interamerica.org\\\/fr\\\/#website\",\"url\":\"https:\\\/\\\/interamerica.org\\\/fr\\\/\",\"name\":\"\u00c9glise Adventiste Du Septieme Jour - Inter Am\u00e9rique Division\",\"description\":\"\",\"potentialAction\":[{\"@type\":\"SearchAction\",\"target\":{\"@type\":\"EntryPoint\",\"urlTemplate\":\"https:\\\/\\\/interamerica.org\\\/fr\\\/?s={search_term_string}\"},\"query-input\":{\"@type\":\"PropertyValueSpecification\",\"valueRequired\":true,\"valueName\":\"search_term_string\"}}],\"inLanguage\":\"fr-FR\"},{\"@type\":\"Person\",\"@id\":\"https:\\\/\\\/interamerica.org\\\/fr\\\/#\\\/schema\\\/person\\\/68ede8bdc292885bb76c1e3810e73c39\",\"name\":\"Lorenzo Verduzco\",\"image\":{\"@type\":\"ImageObject\",\"inLanguage\":\"fr-FR\",\"@id\":\"https:\\\/\\\/secure.gravatar.com\\\/avatar\\\/fb81a55b6218459490a9c1dc841a34909185b81904c5337b4b27f7a6fd60c49e?s=96&d=mm&r=g\",\"url\":\"https:\\\/\\\/secure.gravatar.com\\\/avatar\\\/fb81a55b6218459490a9c1dc841a34909185b81904c5337b4b27f7a6fd60c49e?s=96&d=mm&r=g\",\"contentUrl\":\"https:\\\/\\\/secure.gravatar.com\\\/avatar\\\/fb81a55b6218459490a9c1dc841a34909185b81904c5337b4b27f7a6fd60c49e?s=96&d=mm&r=g\",\"caption\":\"Lorenzo Verduzco\"}}]}<\/script>\n<!-- \/ Yoast SEO plugin. -->","yoast_head_json":{"title":"L\u2019Eglise Adventiste pr\u00e9sente ses condol\u00e9ances apr\u00e8s l\u2019attaque terroriste qui a eu lieu \u00e0 Paris - \u00c9glise Adventiste Du Septieme Jour - Inter Am\u00e9rique Division","robots":{"index":"index","follow":"follow","max-snippet":"max-snippet:-1","max-image-preview":"max-image-preview:large","max-video-preview":"max-video-preview:-1"},"canonical":"https:\/\/interamerica.org\/fr\/2015\/01\/leglise-adventiste-presente-ses-condoleances-apres-lattaque-terroriste-qui-a-eu-lieu-a-paris\/","og_locale":"fr_FR","og_type":"article","og_title":"L\u2019Eglise Adventiste pr\u00e9sente ses condol\u00e9ances apr\u00e8s l\u2019attaque terroriste qui a eu lieu \u00e0 Paris - \u00c9glise Adventiste Du Septieme Jour - Inter Am\u00e9rique Division","og_description":"L\u2019Eglise Adventiste du Septi\u00e8me jour a pr\u00e9sent\u00e9 ses condol\u00e9ances \u00e0 la France et a f\u00e9licit\u00e9 son gouvernement qui d\u00e9fend la libert\u00e9 religieuse apr\u00e8s qu\u2019une attaque terroriste men\u00e9e contre un magazine satirique ait caus\u00e9 la mort de 12 personnes \u00e0 Paris.  \u00ab De la part de l\u2019Eglise Adventiste du Septi\u00e8me jour au niveau mondial et de son pr\u00e9sident, permettez moi de vous transmettre notre plus profonde sympathie suite \u00e0 l\u2019attaque terroriste qui a eu lieu aux bureaux de Charlie Hebdo \u00e0 Paris le 7 janvier, \u00bb a dit l\u2019\u00e9glise jeudi dans une lettre envoy\u00e9e par John Graz, directeur du d\u00e9partement des Affaires Publiques et de la Libert\u00e9 Religieuse, \u00e0 G\u00e9rard Araud, l\u2019ambassadeur de France \u00e0 Washington.","og_url":"https:\/\/interamerica.org\/fr\/2015\/01\/leglise-adventiste-presente-ses-condoleances-apres-lattaque-terroriste-qui-a-eu-lieu-a-paris\/","og_site_name":"\u00c9glise Adventiste Du Septieme Jour - Inter Am\u00e9rique Division","article_published_time":"2015-01-11T04:00:00+00:00","og_image":[{"width":300,"height":200,"url":"https:\/\/interamerica.org\/wp-content\/uploads\/2017\/06\/Flag_of_France.png","type":"image\/png"}],"author":"Lorenzo Verduzco","twitter_card":"summary_large_image","twitter_misc":{"\u00c9crit par":"Lorenzo Verduzco","Dur\u00e9e de lecture estim\u00e9e":"2 minutes"},"schema":{"@context":"https:\/\/schema.org","@graph":[{"@type":"Article","@id":"https:\/\/interamerica.org\/fr\/2015\/01\/leglise-adventiste-presente-ses-condoleances-apres-lattaque-terroriste-qui-a-eu-lieu-a-paris\/#article","isPartOf":{"@id":"https:\/\/interamerica.org\/fr\/2015\/01\/leglise-adventiste-presente-ses-condoleances-apres-lattaque-terroriste-qui-a-eu-lieu-a-paris\/"},"author":{"name":"Lorenzo Verduzco","@id":"https:\/\/interamerica.org\/fr\/#\/schema\/person\/68ede8bdc292885bb76c1e3810e73c39"},"headline":"L\u2019Eglise Adventiste pr\u00e9sente ses condol\u00e9ances apr\u00e8s l\u2019attaque terroriste qui a eu lieu \u00e0 Paris","datePublished":"2015-01-11T04:00:00+00:00","mainEntityOfPage":{"@id":"https:\/\/interamerica.org\/fr\/2015\/01\/leglise-adventiste-presente-ses-condoleances-apres-lattaque-terroriste-qui-a-eu-lieu-a-paris\/"},"wordCount":392,"image":{"@id":"https:\/\/interamerica.org\/fr\/2015\/01\/leglise-adventiste-presente-ses-condoleances-apres-lattaque-terroriste-qui-a-eu-lieu-a-paris\/#primaryimage"},"thumbnailUrl":"https:\/\/interamerica.org\/wp-content\/uploads\/2017\/06\/Flag_of_France.png","articleSection":["Nouvelles de l'\u00c9glise mondiale","RSS Fran\u00e7ais"],"inLanguage":"fr-FR"},{"@type":"WebPage","@id":"https:\/\/interamerica.org\/fr\/2015\/01\/leglise-adventiste-presente-ses-condoleances-apres-lattaque-terroriste-qui-a-eu-lieu-a-paris\/","url":"https:\/\/interamerica.org\/fr\/2015\/01\/leglise-adventiste-presente-ses-condoleances-apres-lattaque-terroriste-qui-a-eu-lieu-a-paris\/","name":"L\u2019Eglise Adventiste pr\u00e9sente ses condol\u00e9ances apr\u00e8s l\u2019attaque terroriste qui a eu lieu \u00e0 Paris - \u00c9glise Adventiste Du Septieme Jour - Inter Am\u00e9rique Division","isPartOf":{"@id":"https:\/\/interamerica.org\/fr\/#website"},"primaryImageOfPage":{"@id":"https:\/\/interamerica.org\/fr\/2015\/01\/leglise-adventiste-presente-ses-condoleances-apres-lattaque-terroriste-qui-a-eu-lieu-a-paris\/#primaryimage"},"image":{"@id":"https:\/\/interamerica.org\/fr\/2015\/01\/leglise-adventiste-presente-ses-condoleances-apres-lattaque-terroriste-qui-a-eu-lieu-a-paris\/#primaryimage"},"thumbnailUrl":"https:\/\/interamerica.org\/wp-content\/uploads\/2017\/06\/Flag_of_France.png","datePublished":"2015-01-11T04:00:00+00:00","author":{"@id":"https:\/\/interamerica.org\/fr\/#\/schema\/person\/68ede8bdc292885bb76c1e3810e73c39"},"breadcrumb":{"@id":"https:\/\/interamerica.org\/fr\/2015\/01\/leglise-adventiste-presente-ses-condoleances-apres-lattaque-terroriste-qui-a-eu-lieu-a-paris\/#breadcrumb"},"inLanguage":"fr-FR","potentialAction":[{"@type":"ReadAction","target":["https:\/\/interamerica.org\/fr\/2015\/01\/leglise-adventiste-presente-ses-condoleances-apres-lattaque-terroriste-qui-a-eu-lieu-a-paris\/"]}]},{"@type":"ImageObject","inLanguage":"fr-FR","@id":"https:\/\/interamerica.org\/fr\/2015\/01\/leglise-adventiste-presente-ses-condoleances-apres-lattaque-terroriste-qui-a-eu-lieu-a-paris\/#primaryimage","url":"https:\/\/interamerica.org\/wp-content\/uploads\/2017\/06\/Flag_of_France.png","contentUrl":"https:\/\/interamerica.org\/wp-content\/uploads\/2017\/06\/Flag_of_France.png","width":300,"height":200},{"@type":"BreadcrumbList","@id":"https:\/\/interamerica.org\/fr\/2015\/01\/leglise-adventiste-presente-ses-condoleances-apres-lattaque-terroriste-qui-a-eu-lieu-a-paris\/#breadcrumb","itemListElement":[{"@type":"ListItem","position":1,"name":"Home","item":"https:\/\/interamerica.org\/fr\/"},{"@type":"ListItem","position":2,"name":"L\u2019Eglise Adventiste pr\u00e9sente ses condol\u00e9ances apr\u00e8s l\u2019attaque terroriste qui a eu lieu \u00e0 Paris"}]},{"@type":"WebSite","@id":"https:\/\/interamerica.org\/fr\/#website","url":"https:\/\/interamerica.org\/fr\/","name":"\u00c9glise Adventiste Du Septieme Jour - Inter Am\u00e9rique Division","description":"","potentialAction":[{"@type":"SearchAction","target":{"@type":"EntryPoint","urlTemplate":"https:\/\/interamerica.org\/fr\/?s={search_term_string}"},"query-input":{"@type":"PropertyValueSpecification","valueRequired":true,"valueName":"search_term_string"}}],"inLanguage":"fr-FR"},{"@type":"Person","@id":"https:\/\/interamerica.org\/fr\/#\/schema\/person\/68ede8bdc292885bb76c1e3810e73c39","name":"Lorenzo Verduzco","image":{"@type":"ImageObject","inLanguage":"fr-FR","@id":"https:\/\/secure.gravatar.com\/avatar\/fb81a55b6218459490a9c1dc841a34909185b81904c5337b4b27f7a6fd60c49e?s=96&d=mm&r=g","url":"https:\/\/secure.gravatar.com\/avatar\/fb81a55b6218459490a9c1dc841a34909185b81904c5337b4b27f7a6fd60c49e?s=96&d=mm&r=g","contentUrl":"https:\/\/secure.gravatar.com\/avatar\/fb81a55b6218459490a9c1dc841a34909185b81904c5337b4b27f7a6fd60c49e?s=96&d=mm&r=g","caption":"Lorenzo Verduzco"}}]}},"_links":{"self":[{"href":"https:\/\/interamerica.org\/fr\/wp-json\/wp\/v2\/posts\/32139","targetHints":{"allow":["GET"]}}],"collection":[{"href":"https:\/\/interamerica.org\/fr\/wp-json\/wp\/v2\/posts"}],"about":[{"href":"https:\/\/interamerica.org\/fr\/wp-json\/wp\/v2\/types\/post"}],"author":[{"embeddable":true,"href":"https:\/\/interamerica.org\/fr\/wp-json\/wp\/v2\/users\/1"}],"replies":[{"embeddable":true,"href":"https:\/\/interamerica.org\/fr\/wp-json\/wp\/v2\/comments?post=32139"}],"version-history":[{"count":0,"href":"https:\/\/interamerica.org\/fr\/wp-json\/wp\/v2\/posts\/32139\/revisions"}],"wp:featuredmedia":[{"embeddable":true,"href":"https:\/\/interamerica.org\/fr\/wp-json\/wp\/v2\/media\/24210"}],"wp:attachment":[{"href":"https:\/\/interamerica.org\/fr\/wp-json\/wp\/v2\/media?parent=32139"}],"wp:term":[{"taxonomy":"category","embeddable":true,"href":"https:\/\/interamerica.org\/fr\/wp-json\/wp\/v2\/categories?post=32139"},{"taxonomy":"post_tag","embeddable":true,"href":"https:\/\/interamerica.org\/fr\/wp-json\/wp\/v2\/tags?post=32139"}],"curies":[{"name":"wp","href":"https:\/\/api.w.org\/{rel}","templated":true}]}}