{"id":32140,"date":"2015-01-11T00:00:00","date_gmt":"2015-01-11T04:00:00","guid":{"rendered":"http:\/\/192.81.217.108\/interamerica\/2015\/01\/linter-amerique-sapprete-a-consacrer-des-dizaines-de-pasteurs-adventistes-dans-tout-le-territoire\/"},"modified":"2015-01-11T00:00:00","modified_gmt":"2015-01-11T04:00:00","slug":"linter-amerique-sapprete-a-consacrer-des-dizaines-de-pasteurs-adventistes-dans-tout-le-territoire","status":"publish","type":"post","link":"https:\/\/interamerica.org\/fr\/2015\/01\/linter-amerique-sapprete-a-consacrer-des-dizaines-de-pasteurs-adventistes-dans-tout-le-territoire\/","title":{"rendered":"L\u2019Inter Am\u00e9rique s\u2019appr\u00eate \u00e0 consacrer des dizaines de pasteurs Adventistes dans tout le territoire"},"content":{"rendered":"<div id=\"attachment_14760\" style=\"width: 610px\" class=\"wp-caption aligncenter\"><a href=\"\/interamerica\/wp-content\/uploads\/2017\/06\/ORdBanner-FRE6001.png\" rel=\"fancybox\" title=\"L\u2019Inter Am\u00e9rique s\u2019appr\u00eate \u00e0 consacrer des dizaines de pasteurs Adventistes dans tout le territoire\"><img fetchpriority=\"high\" decoding=\"async\" aria-describedby=\"caption-attachment-14760\" class=\"size-full wp-image-14760\" title=\"ORdBanner-FRE600\" src=\"\/interamerica\/wp-content\/uploads\/2017\/06\/ORdBanner-FRE6001.png\" alt=\"\" width=\"600\" height=\"227\" \/><\/a><p id=\"caption-attachment-14760\" class=\"wp-caption-text\">Image d&rsquo;Abel Marquez\/DIA<\/p><\/div>\n<p>11 Janvier 2015 \u2013 Miami, Floride, Etats Unis \u2013 Libna Stevens\/DIA<\/p>\n<p>Des dizaines de pasteurs de l\u2019Eglise Adventiste du Septi\u00e8me jour en Inter Am\u00e9rique seront consacr\u00e9s le 17 janvier 2015 \u00e0 l\u2019occasion de c\u00e9r\u00e9monies coordonn\u00e9es sur l\u2019ensemble du territoire, ceci permettra de lancer l\u2019Ann\u00e9e du Pasteur en Inter Am\u00e9rique pour les 11 prochains mois.<\/p>\n<p>Plus de deux douzaines de pasteurs seront consacr\u00e9s au Palais des Sports de Santo Domingo en R\u00e9publique Dominicaine o\u00f9 plus de 15000 dirigeants et membres d\u2019\u00e9glise sont attendus pour participer au programme le sabbat 17 janvier.<\/p>\n<p>Parmi les intervenants sp\u00e9ciaux invit\u00e9s, il y aura le pr\u00e9sident de l\u2019Eglise Adventiste mondiale, Ted N.C. Wilson et l\u2019\u00e9vang\u00e9liste Mark Finley.<\/p>\n<p>Le programme sera retransmis en ligne en espagnol, anglais et fran\u00e7ais, \u00e0 partir de 15h30, heure de Santo Domingo (soit 14h30 heure de Miami).<\/p>\n<div id=\"attachment_11933\" style=\"width: 310px\" class=\"wp-caption alignleft\"><a href=\"\/interamerica\/wp-content\/uploads\/2017\/06\/HectorSanchezOrdination.png\" rel=\"fancybox\" title=\"L\u2019Inter Am\u00e9rique s\u2019appr\u00eate \u00e0 consacrer des dizaines de pasteurs Adventistes dans tout le territoire\"><img decoding=\"async\" aria-describedby=\"caption-attachment-11933\" class=\"size-medium wp-image-11933 \" src=\"\/interamerica\/wp-content\/uploads\/2017\/06\/HectorSanchezOrdination-300x216.png\" alt=\"\" width=\"300\" height=\"216\" \/><\/a><p id=\"caption-attachment-11933\" class=\"wp-caption-text\">Pasteur Hector Sanchez, secr\u00e9taire de l\u2019association pastorale pour l\u2019Eglise Adventiste en Inter Am\u00e9rique, a d\u00e9clar\u00e9 que quelques 1500 pasteurs sur les 3400 que compte le territoire de la Division Inter Am\u00e9ricaine ne sont pas consacr\u00e9s. Photo d\u2019archives DIA.<\/p><\/div>\n<p>\u00ab Nous consid\u00e9rons que ces ordinations sacr\u00e9es seront historiques \u00e0 travers l\u2019Inter Am\u00e9rique et consolideront encore davantage l\u2019\u00e9glise, \u00bb a dit pasteur Hector Sanchez, secr\u00e9taire de l\u2019association pastorale pour l\u2019Eglise Adventiste en Inter Am\u00e9rique et organisateur du programme.<\/p>\n<p>D\u2019apr\u00e8s Hector Sanchez, sur les 3400 pasteurs qui supervisent plus de 20000 \u00e9glises et groupes, 1500 sont des pasteurs autoris\u00e9s non consacr\u00e9s.<\/p>\n<p>\u00ab Notre \u00e9glise se d\u00e9veloppe rapidement et il est n\u00e9cessaire que tous nos pasteurs puissent pleinement accomplir leurs devoirs alors qu\u2019ils exercent leur minist\u00e8re aupr\u00e8s des membres, \u00bb a ajout\u00e9 pasteur Sanchez.<\/p>\n<p>Le programme qui concernera l\u2019ensemble du territoire mettra l\u2019accent sur la n\u00e9cessit\u00e9 pour les pasteurs d\u2019\u00eatre consacr\u00e9s et rappellera aux unions de se pencher sur les cas des pasteurs qui travaillent depuis plus de cinq ans et qui ne sont pas encore consacr\u00e9s, a expliqu\u00e9 pasteur Sanchez.<\/p>\n<p>\u00ab Il y a des pasteurs qui travaillent depuis plus de 10 ans et qui n\u2019ont pas \u00e9t\u00e9 consacr\u00e9s pour x ou y raisons, \u00bb a t-il dit. Ce programme sera un rappel pour les dirigeants de l\u2019\u00e9glise dans les f\u00e9d\u00e9rations et les unions de consid\u00e9rer la situation des pasteurs qui ne sont pas consacr\u00e9s et de travailler \u00e0 leur ordination. \u00bb<\/p>\n<p>Les pasteurs consacr\u00e9s peuvent accomplir toutes les t\u00e2ches officielles relatives \u00e0 leur minist\u00e8re telles que mariages, bapt\u00eames, et aussi l\u2019organisation et la dissolution d&rsquo;\u00e9glises entre autres responsabilit\u00e9s, a ajout\u00e9 pasteur Sanchez.<\/p>\n<p>Le Mexique, l\u2019Am\u00e9rique Centrale, la Cara\u00efbe, les Antilles Fran\u00e7aises, le Venezuela et la Colombie prendront part au programme avec leurs c\u00e9r\u00e9monies de cons\u00e9cration dans moins d\u2019une semaine.<\/p>\n<p>Pour voir la c\u00e9r\u00e9monie d\u2019ordination de l\u2019Inter Am\u00e9rique qui sera retransmise depuis la R\u00e9publique Dominicaine le 17 janvier 2015 \u00e0 14h30 heure de Miami, visitez notre chaine sur le web <a href=\"http:\/\/webcast.interamerica.org\/english\">ICI<\/a><\/p>\n<p>Traduction: Patrick Luciathe<\/p>\n","protected":false},"excerpt":{"rendered":"<p>Des dizaines de pasteurs de l\u2019Eglise Adventiste du Septi\u00e8me jour en Inter Am\u00e9rique seront consacr\u00e9s le 17 janvier 2015 \u00e0 l\u2019occasion de c\u00e9r\u00e9monies coordonn\u00e9es sur l\u2019ensemble du territoire, ceci permettra de lancer l\u2019Ann\u00e9e du Pasteur en Inter Am\u00e9rique pour les 11 prochains mois.  <\/p>\n<p>Plus de deux douzaines de pasteurs seront consacr\u00e9s au Palais des Sports de Santo Domingo en R\u00e9publique Dominicaine o\u00f9 plus de 15000 dirigeants et membres d\u2019\u00e9glise sont attendus pour participer au programme le sabbat 17 janvier.<\/p>\n","protected":false},"author":1,"featured_media":32141,"comment_status":"closed","ping_status":"closed","sticky":false,"template":"","format":"standard","meta":{"_acf_changed":false,"footnotes":""},"categories":[20,19],"tags":[],"class_list":["post-32140","post","type-post","status-publish","format-standard","has-post-thumbnail","hentry","category-nouvelles-du-siege-de-la-division","category-rss-francais"],"acf":[],"yoast_head":"<!-- This site is optimized with the Yoast SEO plugin v27.3 - https:\/\/yoast.com\/product\/yoast-seo-wordpress\/ -->\n<title>L\u2019Inter Am\u00e9rique s\u2019appr\u00eate \u00e0 consacrer des dizaines de pasteurs Adventistes dans tout le territoire - \u00c9glise Adventiste Du Septieme Jour - Inter Am\u00e9rique Division<\/title>\n<meta name=\"robots\" content=\"index, follow, max-snippet:-1, max-image-preview:large, max-video-preview:-1\" \/>\n<link rel=\"canonical\" href=\"https:\/\/interamerica.org\/fr\/2015\/01\/linter-amerique-sapprete-a-consacrer-des-dizaines-de-pasteurs-adventistes-dans-tout-le-territoire\/\" \/>\n<meta property=\"og:locale\" content=\"fr_FR\" \/>\n<meta property=\"og:type\" content=\"article\" \/>\n<meta property=\"og:title\" content=\"L\u2019Inter Am\u00e9rique s\u2019appr\u00eate \u00e0 consacrer des dizaines de pasteurs Adventistes dans tout le territoire - \u00c9glise Adventiste Du Septieme Jour - Inter Am\u00e9rique Division\" \/>\n<meta property=\"og:description\" content=\"Des dizaines de pasteurs de l\u2019Eglise Adventiste du Septi\u00e8me jour en Inter Am\u00e9rique seront consacr\u00e9s le 17 janvier 2015 \u00e0 l\u2019occasion de c\u00e9r\u00e9monies coordonn\u00e9es sur l\u2019ensemble du territoire, ceci permettra de lancer l\u2019Ann\u00e9e du Pasteur en Inter Am\u00e9rique pour les 11 prochains mois.  Plus de deux douzaines de pasteurs seront consacr\u00e9s au Palais des Sports de Santo Domingo en R\u00e9publique Dominicaine o\u00f9 plus de 15000 dirigeants et membres d\u2019\u00e9glise sont attendus pour participer au programme le sabbat 17 janvier.\" \/>\n<meta property=\"og:url\" content=\"https:\/\/interamerica.org\/fr\/2015\/01\/linter-amerique-sapprete-a-consacrer-des-dizaines-de-pasteurs-adventistes-dans-tout-le-territoire\/\" \/>\n<meta property=\"og:site_name\" content=\"\u00c9glise Adventiste Du Septieme Jour - Inter Am\u00e9rique Division\" \/>\n<meta property=\"article:published_time\" content=\"2015-01-11T04:00:00+00:00\" \/>\n<meta property=\"og:image\" content=\"https:\/\/interamerica.org\/wp-content\/uploads\/2017\/06\/ORdBanner-FRE300.png\" \/>\n\t<meta property=\"og:image:width\" content=\"300\" \/>\n\t<meta property=\"og:image:height\" content=\"216\" \/>\n\t<meta property=\"og:image:type\" content=\"image\/png\" \/>\n<meta name=\"author\" content=\"Lorenzo Verduzco\" \/>\n<meta name=\"twitter:card\" content=\"summary_large_image\" \/>\n<meta name=\"twitter:label1\" content=\"\u00c9crit par\" \/>\n\t<meta name=\"twitter:data1\" content=\"Lorenzo Verduzco\" \/>\n\t<meta name=\"twitter:label2\" content=\"Dur\u00e9e de lecture estim\u00e9e\" \/>\n\t<meta name=\"twitter:data2\" content=\"3 minutes\" \/>\n<script type=\"application\/ld+json\" class=\"yoast-schema-graph\">{\"@context\":\"https:\\\/\\\/schema.org\",\"@graph\":[{\"@type\":\"Article\",\"@id\":\"https:\\\/\\\/interamerica.org\\\/fr\\\/2015\\\/01\\\/linter-amerique-sapprete-a-consacrer-des-dizaines-de-pasteurs-adventistes-dans-tout-le-territoire\\\/#article\",\"isPartOf\":{\"@id\":\"https:\\\/\\\/interamerica.org\\\/fr\\\/2015\\\/01\\\/linter-amerique-sapprete-a-consacrer-des-dizaines-de-pasteurs-adventistes-dans-tout-le-territoire\\\/\"},\"author\":{\"name\":\"Lorenzo Verduzco\",\"@id\":\"https:\\\/\\\/interamerica.org\\\/fr\\\/#\\\/schema\\\/person\\\/68ede8bdc292885bb76c1e3810e73c39\"},\"headline\":\"L\u2019Inter Am\u00e9rique s\u2019appr\u00eate \u00e0 consacrer des dizaines de pasteurs Adventistes dans tout le territoire\",\"datePublished\":\"2015-01-11T04:00:00+00:00\",\"mainEntityOfPage\":{\"@id\":\"https:\\\/\\\/interamerica.org\\\/fr\\\/2015\\\/01\\\/linter-amerique-sapprete-a-consacrer-des-dizaines-de-pasteurs-adventistes-dans-tout-le-territoire\\\/\"},\"wordCount\":556,\"image\":{\"@id\":\"https:\\\/\\\/interamerica.org\\\/fr\\\/2015\\\/01\\\/linter-amerique-sapprete-a-consacrer-des-dizaines-de-pasteurs-adventistes-dans-tout-le-territoire\\\/#primaryimage\"},\"thumbnailUrl\":\"https:\\\/\\\/interamerica.org\\\/wp-content\\\/uploads\\\/2017\\\/06\\\/ORdBanner-FRE300.png\",\"articleSection\":[\"Nouvelles du si\u00e8ge de la division\",\"RSS Fran\u00e7ais\"],\"inLanguage\":\"fr-FR\"},{\"@type\":\"WebPage\",\"@id\":\"https:\\\/\\\/interamerica.org\\\/fr\\\/2015\\\/01\\\/linter-amerique-sapprete-a-consacrer-des-dizaines-de-pasteurs-adventistes-dans-tout-le-territoire\\\/\",\"url\":\"https:\\\/\\\/interamerica.org\\\/fr\\\/2015\\\/01\\\/linter-amerique-sapprete-a-consacrer-des-dizaines-de-pasteurs-adventistes-dans-tout-le-territoire\\\/\",\"name\":\"L\u2019Inter Am\u00e9rique s\u2019appr\u00eate \u00e0 consacrer des dizaines de pasteurs Adventistes dans tout le territoire - \u00c9glise Adventiste Du Septieme Jour - Inter Am\u00e9rique Division\",\"isPartOf\":{\"@id\":\"https:\\\/\\\/interamerica.org\\\/fr\\\/#website\"},\"primaryImageOfPage\":{\"@id\":\"https:\\\/\\\/interamerica.org\\\/fr\\\/2015\\\/01\\\/linter-amerique-sapprete-a-consacrer-des-dizaines-de-pasteurs-adventistes-dans-tout-le-territoire\\\/#primaryimage\"},\"image\":{\"@id\":\"https:\\\/\\\/interamerica.org\\\/fr\\\/2015\\\/01\\\/linter-amerique-sapprete-a-consacrer-des-dizaines-de-pasteurs-adventistes-dans-tout-le-territoire\\\/#primaryimage\"},\"thumbnailUrl\":\"https:\\\/\\\/interamerica.org\\\/wp-content\\\/uploads\\\/2017\\\/06\\\/ORdBanner-FRE300.png\",\"datePublished\":\"2015-01-11T04:00:00+00:00\",\"author\":{\"@id\":\"https:\\\/\\\/interamerica.org\\\/fr\\\/#\\\/schema\\\/person\\\/68ede8bdc292885bb76c1e3810e73c39\"},\"breadcrumb\":{\"@id\":\"https:\\\/\\\/interamerica.org\\\/fr\\\/2015\\\/01\\\/linter-amerique-sapprete-a-consacrer-des-dizaines-de-pasteurs-adventistes-dans-tout-le-territoire\\\/#breadcrumb\"},\"inLanguage\":\"fr-FR\",\"potentialAction\":[{\"@type\":\"ReadAction\",\"target\":[\"https:\\\/\\\/interamerica.org\\\/fr\\\/2015\\\/01\\\/linter-amerique-sapprete-a-consacrer-des-dizaines-de-pasteurs-adventistes-dans-tout-le-territoire\\\/\"]}]},{\"@type\":\"ImageObject\",\"inLanguage\":\"fr-FR\",\"@id\":\"https:\\\/\\\/interamerica.org\\\/fr\\\/2015\\\/01\\\/linter-amerique-sapprete-a-consacrer-des-dizaines-de-pasteurs-adventistes-dans-tout-le-territoire\\\/#primaryimage\",\"url\":\"https:\\\/\\\/interamerica.org\\\/wp-content\\\/uploads\\\/2017\\\/06\\\/ORdBanner-FRE300.png\",\"contentUrl\":\"https:\\\/\\\/interamerica.org\\\/wp-content\\\/uploads\\\/2017\\\/06\\\/ORdBanner-FRE300.png\",\"width\":300,\"height\":216},{\"@type\":\"BreadcrumbList\",\"@id\":\"https:\\\/\\\/interamerica.org\\\/fr\\\/2015\\\/01\\\/linter-amerique-sapprete-a-consacrer-des-dizaines-de-pasteurs-adventistes-dans-tout-le-territoire\\\/#breadcrumb\",\"itemListElement\":[{\"@type\":\"ListItem\",\"position\":1,\"name\":\"Home\",\"item\":\"https:\\\/\\\/interamerica.org\\\/fr\\\/\"},{\"@type\":\"ListItem\",\"position\":2,\"name\":\"L\u2019Inter Am\u00e9rique s\u2019appr\u00eate \u00e0 consacrer des dizaines de pasteurs Adventistes dans tout le territoire\"}]},{\"@type\":\"WebSite\",\"@id\":\"https:\\\/\\\/interamerica.org\\\/fr\\\/#website\",\"url\":\"https:\\\/\\\/interamerica.org\\\/fr\\\/\",\"name\":\"\u00c9glise Adventiste Du Septieme Jour - Inter Am\u00e9rique Division\",\"description\":\"\",\"potentialAction\":[{\"@type\":\"SearchAction\",\"target\":{\"@type\":\"EntryPoint\",\"urlTemplate\":\"https:\\\/\\\/interamerica.org\\\/fr\\\/?s={search_term_string}\"},\"query-input\":{\"@type\":\"PropertyValueSpecification\",\"valueRequired\":true,\"valueName\":\"search_term_string\"}}],\"inLanguage\":\"fr-FR\"},{\"@type\":\"Person\",\"@id\":\"https:\\\/\\\/interamerica.org\\\/fr\\\/#\\\/schema\\\/person\\\/68ede8bdc292885bb76c1e3810e73c39\",\"name\":\"Lorenzo Verduzco\",\"image\":{\"@type\":\"ImageObject\",\"inLanguage\":\"fr-FR\",\"@id\":\"https:\\\/\\\/secure.gravatar.com\\\/avatar\\\/fb81a55b6218459490a9c1dc841a34909185b81904c5337b4b27f7a6fd60c49e?s=96&d=mm&r=g\",\"url\":\"https:\\\/\\\/secure.gravatar.com\\\/avatar\\\/fb81a55b6218459490a9c1dc841a34909185b81904c5337b4b27f7a6fd60c49e?s=96&d=mm&r=g\",\"contentUrl\":\"https:\\\/\\\/secure.gravatar.com\\\/avatar\\\/fb81a55b6218459490a9c1dc841a34909185b81904c5337b4b27f7a6fd60c49e?s=96&d=mm&r=g\",\"caption\":\"Lorenzo Verduzco\"}}]}<\/script>\n<!-- \/ Yoast SEO plugin. -->","yoast_head_json":{"title":"L\u2019Inter Am\u00e9rique s\u2019appr\u00eate \u00e0 consacrer des dizaines de pasteurs Adventistes dans tout le territoire - \u00c9glise Adventiste Du Septieme Jour - Inter Am\u00e9rique Division","robots":{"index":"index","follow":"follow","max-snippet":"max-snippet:-1","max-image-preview":"max-image-preview:large","max-video-preview":"max-video-preview:-1"},"canonical":"https:\/\/interamerica.org\/fr\/2015\/01\/linter-amerique-sapprete-a-consacrer-des-dizaines-de-pasteurs-adventistes-dans-tout-le-territoire\/","og_locale":"fr_FR","og_type":"article","og_title":"L\u2019Inter Am\u00e9rique s\u2019appr\u00eate \u00e0 consacrer des dizaines de pasteurs Adventistes dans tout le territoire - \u00c9glise Adventiste Du Septieme Jour - Inter Am\u00e9rique Division","og_description":"Des dizaines de pasteurs de l\u2019Eglise Adventiste du Septi\u00e8me jour en Inter Am\u00e9rique seront consacr\u00e9s le 17 janvier 2015 \u00e0 l\u2019occasion de c\u00e9r\u00e9monies coordonn\u00e9es sur l\u2019ensemble du territoire, ceci permettra de lancer l\u2019Ann\u00e9e du Pasteur en Inter Am\u00e9rique pour les 11 prochains mois.  Plus de deux douzaines de pasteurs seront consacr\u00e9s au Palais des Sports de Santo Domingo en R\u00e9publique Dominicaine o\u00f9 plus de 15000 dirigeants et membres d\u2019\u00e9glise sont attendus pour participer au programme le sabbat 17 janvier.","og_url":"https:\/\/interamerica.org\/fr\/2015\/01\/linter-amerique-sapprete-a-consacrer-des-dizaines-de-pasteurs-adventistes-dans-tout-le-territoire\/","og_site_name":"\u00c9glise Adventiste Du Septieme Jour - Inter Am\u00e9rique Division","article_published_time":"2015-01-11T04:00:00+00:00","og_image":[{"width":300,"height":216,"url":"https:\/\/interamerica.org\/wp-content\/uploads\/2017\/06\/ORdBanner-FRE300.png","type":"image\/png"}],"author":"Lorenzo Verduzco","twitter_card":"summary_large_image","twitter_misc":{"\u00c9crit par":"Lorenzo Verduzco","Dur\u00e9e de lecture estim\u00e9e":"3 minutes"},"schema":{"@context":"https:\/\/schema.org","@graph":[{"@type":"Article","@id":"https:\/\/interamerica.org\/fr\/2015\/01\/linter-amerique-sapprete-a-consacrer-des-dizaines-de-pasteurs-adventistes-dans-tout-le-territoire\/#article","isPartOf":{"@id":"https:\/\/interamerica.org\/fr\/2015\/01\/linter-amerique-sapprete-a-consacrer-des-dizaines-de-pasteurs-adventistes-dans-tout-le-territoire\/"},"author":{"name":"Lorenzo Verduzco","@id":"https:\/\/interamerica.org\/fr\/#\/schema\/person\/68ede8bdc292885bb76c1e3810e73c39"},"headline":"L\u2019Inter Am\u00e9rique s\u2019appr\u00eate \u00e0 consacrer des dizaines de pasteurs Adventistes dans tout le territoire","datePublished":"2015-01-11T04:00:00+00:00","mainEntityOfPage":{"@id":"https:\/\/interamerica.org\/fr\/2015\/01\/linter-amerique-sapprete-a-consacrer-des-dizaines-de-pasteurs-adventistes-dans-tout-le-territoire\/"},"wordCount":556,"image":{"@id":"https:\/\/interamerica.org\/fr\/2015\/01\/linter-amerique-sapprete-a-consacrer-des-dizaines-de-pasteurs-adventistes-dans-tout-le-territoire\/#primaryimage"},"thumbnailUrl":"https:\/\/interamerica.org\/wp-content\/uploads\/2017\/06\/ORdBanner-FRE300.png","articleSection":["Nouvelles du si\u00e8ge de la division","RSS Fran\u00e7ais"],"inLanguage":"fr-FR"},{"@type":"WebPage","@id":"https:\/\/interamerica.org\/fr\/2015\/01\/linter-amerique-sapprete-a-consacrer-des-dizaines-de-pasteurs-adventistes-dans-tout-le-territoire\/","url":"https:\/\/interamerica.org\/fr\/2015\/01\/linter-amerique-sapprete-a-consacrer-des-dizaines-de-pasteurs-adventistes-dans-tout-le-territoire\/","name":"L\u2019Inter Am\u00e9rique s\u2019appr\u00eate \u00e0 consacrer des dizaines de pasteurs Adventistes dans tout le territoire - \u00c9glise Adventiste Du Septieme Jour - Inter Am\u00e9rique Division","isPartOf":{"@id":"https:\/\/interamerica.org\/fr\/#website"},"primaryImageOfPage":{"@id":"https:\/\/interamerica.org\/fr\/2015\/01\/linter-amerique-sapprete-a-consacrer-des-dizaines-de-pasteurs-adventistes-dans-tout-le-territoire\/#primaryimage"},"image":{"@id":"https:\/\/interamerica.org\/fr\/2015\/01\/linter-amerique-sapprete-a-consacrer-des-dizaines-de-pasteurs-adventistes-dans-tout-le-territoire\/#primaryimage"},"thumbnailUrl":"https:\/\/interamerica.org\/wp-content\/uploads\/2017\/06\/ORdBanner-FRE300.png","datePublished":"2015-01-11T04:00:00+00:00","author":{"@id":"https:\/\/interamerica.org\/fr\/#\/schema\/person\/68ede8bdc292885bb76c1e3810e73c39"},"breadcrumb":{"@id":"https:\/\/interamerica.org\/fr\/2015\/01\/linter-amerique-sapprete-a-consacrer-des-dizaines-de-pasteurs-adventistes-dans-tout-le-territoire\/#breadcrumb"},"inLanguage":"fr-FR","potentialAction":[{"@type":"ReadAction","target":["https:\/\/interamerica.org\/fr\/2015\/01\/linter-amerique-sapprete-a-consacrer-des-dizaines-de-pasteurs-adventistes-dans-tout-le-territoire\/"]}]},{"@type":"ImageObject","inLanguage":"fr-FR","@id":"https:\/\/interamerica.org\/fr\/2015\/01\/linter-amerique-sapprete-a-consacrer-des-dizaines-de-pasteurs-adventistes-dans-tout-le-territoire\/#primaryimage","url":"https:\/\/interamerica.org\/wp-content\/uploads\/2017\/06\/ORdBanner-FRE300.png","contentUrl":"https:\/\/interamerica.org\/wp-content\/uploads\/2017\/06\/ORdBanner-FRE300.png","width":300,"height":216},{"@type":"BreadcrumbList","@id":"https:\/\/interamerica.org\/fr\/2015\/01\/linter-amerique-sapprete-a-consacrer-des-dizaines-de-pasteurs-adventistes-dans-tout-le-territoire\/#breadcrumb","itemListElement":[{"@type":"ListItem","position":1,"name":"Home","item":"https:\/\/interamerica.org\/fr\/"},{"@type":"ListItem","position":2,"name":"L\u2019Inter Am\u00e9rique s\u2019appr\u00eate \u00e0 consacrer des dizaines de pasteurs Adventistes dans tout le territoire"}]},{"@type":"WebSite","@id":"https:\/\/interamerica.org\/fr\/#website","url":"https:\/\/interamerica.org\/fr\/","name":"\u00c9glise Adventiste Du Septieme Jour - Inter Am\u00e9rique Division","description":"","potentialAction":[{"@type":"SearchAction","target":{"@type":"EntryPoint","urlTemplate":"https:\/\/interamerica.org\/fr\/?s={search_term_string}"},"query-input":{"@type":"PropertyValueSpecification","valueRequired":true,"valueName":"search_term_string"}}],"inLanguage":"fr-FR"},{"@type":"Person","@id":"https:\/\/interamerica.org\/fr\/#\/schema\/person\/68ede8bdc292885bb76c1e3810e73c39","name":"Lorenzo Verduzco","image":{"@type":"ImageObject","inLanguage":"fr-FR","@id":"https:\/\/secure.gravatar.com\/avatar\/fb81a55b6218459490a9c1dc841a34909185b81904c5337b4b27f7a6fd60c49e?s=96&d=mm&r=g","url":"https:\/\/secure.gravatar.com\/avatar\/fb81a55b6218459490a9c1dc841a34909185b81904c5337b4b27f7a6fd60c49e?s=96&d=mm&r=g","contentUrl":"https:\/\/secure.gravatar.com\/avatar\/fb81a55b6218459490a9c1dc841a34909185b81904c5337b4b27f7a6fd60c49e?s=96&d=mm&r=g","caption":"Lorenzo Verduzco"}}]}},"_links":{"self":[{"href":"https:\/\/interamerica.org\/fr\/wp-json\/wp\/v2\/posts\/32140","targetHints":{"allow":["GET"]}}],"collection":[{"href":"https:\/\/interamerica.org\/fr\/wp-json\/wp\/v2\/posts"}],"about":[{"href":"https:\/\/interamerica.org\/fr\/wp-json\/wp\/v2\/types\/post"}],"author":[{"embeddable":true,"href":"https:\/\/interamerica.org\/fr\/wp-json\/wp\/v2\/users\/1"}],"replies":[{"embeddable":true,"href":"https:\/\/interamerica.org\/fr\/wp-json\/wp\/v2\/comments?post=32140"}],"version-history":[{"count":0,"href":"https:\/\/interamerica.org\/fr\/wp-json\/wp\/v2\/posts\/32140\/revisions"}],"wp:featuredmedia":[{"embeddable":true,"href":"https:\/\/interamerica.org\/fr\/wp-json\/wp\/v2\/media\/32141"}],"wp:attachment":[{"href":"https:\/\/interamerica.org\/fr\/wp-json\/wp\/v2\/media?parent=32140"}],"wp:term":[{"taxonomy":"category","embeddable":true,"href":"https:\/\/interamerica.org\/fr\/wp-json\/wp\/v2\/categories?post=32140"},{"taxonomy":"post_tag","embeddable":true,"href":"https:\/\/interamerica.org\/fr\/wp-json\/wp\/v2\/tags?post=32140"}],"curies":[{"name":"wp","href":"https:\/\/api.w.org\/{rel}","templated":true}]}}