{"id":32144,"date":"2015-01-08T00:00:00","date_gmt":"2015-01-08T04:00:00","guid":{"rendered":"http:\/\/192.81.217.108\/interamerica\/2015\/01\/le-budget-mondial-2015-de-leglise-adventiste-finance-la-mission-et-les-finances-administratives\/"},"modified":"2015-01-08T00:00:00","modified_gmt":"2015-01-08T04:00:00","slug":"le-budget-mondial-2015-de-leglise-adventiste-finance-la-mission-et-les-finances-administratives","status":"publish","type":"post","link":"https:\/\/interamerica.org\/fr\/2015\/01\/le-budget-mondial-2015-de-leglise-adventiste-finance-la-mission-et-les-finances-administratives\/","title":{"rendered":"Le Budget Mondial 2015 de l\u2019\u00c9glise Adventiste finance la mission et les finances administratives"},"content":{"rendered":"<p>7 Janvier,2015| Silver Spring, Maryland, \u00c9tats-Unis| Ansel Oliver\/ANN<\/p>\n<p><div style=\"width: 270px\" class=\"wp-caption alignright\"><img decoding=\"async\" src=\"\/interamerica\/wp-content\/uploads\/2017\/06\/csm_juan-2015-web_644176d94b.jpg\" alt=\"\" width=\"260\" height=\"185\" \/><p class=\"wp-caption-text\">Dans une interview, le tr\u00e9sorier adjoint de l\u2019\u00e9glise adventiste, Juan R. Prestol-Pues\u00e1n, a donn\u00e9 un aper\u00e7u du Budget Mondial 2015 de la Conf\u00e9rence G\u00e9n\u00e9rale. Ci-dessus, il s\u2019adresse au Comit\u00e9 Ex\u00e9cutif de la d\u00e9nomination en Octobre. C\u2019est pour la sixi\u00e8me ann\u00e9e cons\u00e9cutive, qu\u2019ANN permet aux lecteurs de passer la totalit\u00e9 du budget en revue. [ANN photo d\u2019archives de Ansel Olivier]<\/p><\/div>Le budget mondial 2015 de la Conf\u00e9rence G\u00e9n\u00e9rale de l\u2019\u00c9glise Adventiste finance le travail des missions et les finances administratives, aussi bien que les op\u00e9rations de financement de la construction du si\u00e8ge de la d\u00e9nomination.<\/p>\n<p>Le budget mondial de la Conf\u00e9rence G\u00e9n\u00e9rale cette ann\u00e9e de plus de $184 million attribue:<\/p>\n<p>$47.6 millions aux co\u00fbts d\u2019exploitation,\u00a0 aux salaires et aux programmes de construction du si\u00e8ge mondial.<\/p>\n<p>$45.1 millions de dotations aux champs hors Am\u00e9rique du Nord<\/p>\n<p>$30.2 millions pour les missionnaires et les employ\u00e9s qui servent dans des divisions autres que la leur.January 07, 2015 | Silver Spring, Maryland, United States | Ansel Oliver\/ANN<\/p>\n<p>$23.8 millions en subventions aux institutions.<\/p>\n<p>$14.5 millions de fonds administr\u00e9s par le si\u00e8ge, pour les programmes dans les divisions.<\/p>\n<p>$10.5 millions en subventions pour les services institutionnels.<\/p>\n<p>$12.4 millions pour le service de v\u00e9rification des comptes de la Conf\u00e9rence G\u00e9n\u00e9rale.<\/p>\n<p>Un responsable des finances, de l\u2019\u00e9glise adventiste, a soulign\u00e9 que le Budget Mondial 2015<\/p>\n<p>de la Conf\u00e9rence G\u00e9n\u00e9rale inclut des \u00e9l\u00e9ments en rapport avec le si\u00e8ge de la d\u00e9nomination et les dotations aux champs mondiaux. Le budget mondial n\u2019inclut pas les revenus rapport\u00e9s ou les budgets pour ses 13 divisions ou unit\u00e9s et congr\u00e9gations administratives locales respectives (L\u2019\u00e9glise adventiste mondiale re\u00e7oit plus de $2 milliard de d\u00eemes par an). Beaucoup d\u2019unit\u00e9s administratives locales peuvent choisir de rendre compte de leur propre budget de la m\u00eame mani\u00e8re.<\/p>\n<p>Les co\u00fbts d\u2019exploitation du si\u00e8ge \u00e0 Silver Spring, Maryland, \u00c9tats-Unis, sont limit\u00e9s \u00e0 2% des d\u00eemes mondiales et on tient \u00e0 ce que ce\u00a0 soit encore exploit\u00e9 de mani\u00e8re significative en dessous de ce plafond.<\/p>\n<p>\u00ab\u00a0Nous avons fonctionn\u00e9 en dessous de ce plafond durant des ann\u00e9es, permettant que plus de fonds soient \u00e0 la disposition des champs mondiaux\u00a0\u00bb a affirm\u00e9 Juan R. Prestol-Pues\u00e1n, tr\u00e9sorier adjoint de l\u2019\u00e9glise adventiste mondiale.<\/p>\n<p>Prestol a d\u00e9clar\u00e9 que le budget de cette ann\u00e9e met l\u2019accent sur l\u2019ajustement continuel dans les pourcentages des d\u00eemes venant d\u2019Am\u00e9rique du Nord, une d\u00e9cision qui fut approuv\u00e9e par le Comit\u00e9 Ex\u00e9cutif de la d\u00e9nomination en 2012.<\/p>\n<p>Jusqu\u2018en 2012, la Division Nord-Am\u00e9ricaine contribuait \u00e0 hauteur de 8 pourcent de sa d\u00eeme, au budget mondial, tandis que les 12 autres \u00a0divisions y contribuaient chacune \u00e0 hauteur de 2%. Le vote de 2012 a r\u00e9duit le pourcentage de la contribution de la d\u00eeme de l\u2019Am\u00e9rique du Nord \u00e0 6 %, ce qui a \u00e9t\u00e9 pratiqu\u00e9 sur plusieurs ann\u00e9es. La d\u00eeme de l\u2019Am\u00e9rique du Nord est approximativement de $1 milliard, et l\u2019ajustement constant signifie une r\u00e9duction de $10 millions du budget mondial de l\u2019Am\u00e9rique du Nord, a pr\u00e9cis\u00e9 Prestol.<\/p>\n<p>\u00ab\u00a0Nous passons avec prudence le dispositif de la p\u00e9riode de r\u00e9duction sans affecter\u00a0 les programmes existants.\u00a0\u00bb<\/p>\n<p>Les divisions b\u00e9n\u00e9ficiaires autres que l\u2019Am\u00e9rique du Nord re\u00e7oivent une dotation comprise entre $1.3 et $5 million.<\/p>\n<p>Plus d\u2019 1\/3 des dotations aux divisions est concentr\u00e9 dans la fen\u00eatre 10\/40, une r\u00e9gion g\u00e9ographique rectangulaire de l\u2019h\u00e9misph\u00e8re oriental qui se situe entre les lignes de latitude 10 et 40, au nord. Plus de 60% de la population mondiale habitent la r\u00e9gion et moins de 2% sont Chr\u00e9tiens.<\/p>\n<p>Cette ann\u00e9e, pour la seconde fois d\u2019affil\u00e9e, la Division Nord-Am\u00e9ricaine aura une dotation de $295\u00a0000, surtout pour aider la Mission de Micron\u00e9sie, qui jusqu\u2019\u00e0 il y a trois ans \u00e9tait dans la Division de l\u2019Asie du Pacifique Sud-Est.<\/p>\n<p>Prestol a aussi ajout\u00e9 que l\u2019\u00c9glise Adventiste cette ann\u00e9e d\u00e9pensera la majeure partie des fonds allou\u00e9s \u00e0 la Session de la Conf\u00e9rence G\u00e9n\u00e9rale. Les responsables des finances de l\u2019\u00e9glise ont mis $1.4 million de c\u00f4t\u00e9 chaque ann\u00e9e durant les 5 derni\u00e8res ann\u00e9es pour la session 2015 de la Conf\u00e9rence G\u00e9n\u00e9rale. Prestol a d\u00e9clar\u00e9 que le fond de la session de la Conf\u00e9rence g\u00e9n\u00e9rale de 2010 s\u2019est termin\u00e9 avec $1.5 million de fonds non d\u00e9pens\u00e9s.<\/p>\n<p>D\u2019autres dotations de plus de $1 million pr\u00e9sent\u00e9es dans le budget mondial 2015 de la Conf\u00e9rence G\u00e9n\u00e9rale sont\u00a0:<\/p>\n<p>$7.8 million pour l\u2019universit\u00e9 de Loma Linda<\/p>\n<p>$5.5 million pour le magazine \u00ab\u00a0Adventist World\u00a0\u00bb<\/p>\n<p>$5.4 million pour l\u2019universit\u00e9 d\u2019Andrews<\/p>\n<p>$5 million pour Hope Channel<\/p>\n<p>$2.6 million pour le \u00ab\u00a0Ellen White Estate\u00a0\u00bb<\/p>\n<p>$2.6 million pour la radio \u00ab\u00a0Adventist World\u00a0\u00bb<\/p>\n<p>$1.6 million de subventions pour les publications<\/p>\n<p>$1.4 million pour la session de la Conf\u00e9rence G\u00e9n\u00e9rale<\/p>\n<p>$1.3 million pour la Mission Adventiste<\/p>\n<p>$1.2 million pour l\u2019Institut International Adventiste pour les \u00e9tudes sup\u00e9rieures<\/p>\n<p>$1.2 million pour l\u2019Institut de Recherches G\u00e9o-scientifiques<\/p>\n<p>$1.1 million pour l\u2019universit\u00e9 Adventiste d\u2019Afrique<\/p>\n<p>Pour voir une copie compl\u00e8te du budget mondial 2015 de la Conf\u00e9rence G\u00e9n\u00e9rale, s\u2019il vous plait envoyez une demande \u00e0 l\u2019\u00e9diteur d\u2019ANN \u00e0 adve<span style=\"text-decoration: underline;\">\u2026<\/span>@gc.adventist.org.<\/p>\n<p>Traduction\u00a0: Carole et Charles SAINT-LOUIS<\/p>\n","protected":false},"excerpt":{"rendered":"<p>Le budget mondial 2015 de la Conf\u00e9rence G\u00e9n\u00e9rale de l\u2019\u00c9glise Adventiste finance le travail des missions et les finances administratives, aussi bien que les op\u00e9rations de financement de la construction du si\u00e8ge de la d\u00e9nomination.  Le budget mondial de la Conf\u00e9rence G\u00e9n\u00e9rale cette ann\u00e9e de plus de $184 million attribue:<\/p>\n","protected":false},"author":1,"featured_media":24185,"comment_status":"closed","ping_status":"closed","sticky":false,"template":"","format":"standard","meta":{"_acf_changed":false,"footnotes":""},"categories":[18,19],"tags":[],"class_list":["post-32144","post","type-post","status-publish","format-standard","has-post-thumbnail","hentry","category-nouvelles-de-leglise-mondiale","category-rss-francais"],"acf":[],"yoast_head":"<!-- This site is optimized with the Yoast SEO plugin v27.3 - https:\/\/yoast.com\/product\/yoast-seo-wordpress\/ -->\n<title>Le Budget Mondial 2015 de l\u2019\u00c9glise Adventiste finance la mission et les finances administratives - \u00c9glise Adventiste Du Septieme Jour - Inter Am\u00e9rique Division<\/title>\n<meta name=\"robots\" content=\"index, follow, max-snippet:-1, max-image-preview:large, max-video-preview:-1\" \/>\n<link rel=\"canonical\" href=\"https:\/\/interamerica.org\/fr\/2015\/01\/le-budget-mondial-2015-de-leglise-adventiste-finance-la-mission-et-les-finances-administratives\/\" \/>\n<meta property=\"og:locale\" content=\"fr_FR\" \/>\n<meta property=\"og:type\" content=\"article\" \/>\n<meta property=\"og:title\" content=\"Le Budget Mondial 2015 de l\u2019\u00c9glise Adventiste finance la mission et les finances administratives - \u00c9glise Adventiste Du Septieme Jour - Inter Am\u00e9rique Division\" \/>\n<meta property=\"og:description\" content=\"Le budget mondial 2015 de la Conf\u00e9rence G\u00e9n\u00e9rale de l\u2019\u00c9glise Adventiste finance le travail des missions et les finances administratives, aussi bien que les op\u00e9rations de financement de la construction du si\u00e8ge de la d\u00e9nomination. Le budget mondial de la Conf\u00e9rence G\u00e9n\u00e9rale cette ann\u00e9e de plus de $184 million attribue:\" \/>\n<meta property=\"og:url\" content=\"https:\/\/interamerica.org\/fr\/2015\/01\/le-budget-mondial-2015-de-leglise-adventiste-finance-la-mission-et-les-finances-administratives\/\" \/>\n<meta property=\"og:site_name\" content=\"\u00c9glise Adventiste Du Septieme Jour - Inter Am\u00e9rique Division\" \/>\n<meta property=\"article:published_time\" content=\"2015-01-08T04:00:00+00:00\" \/>\n<meta property=\"og:image\" content=\"https:\/\/interamerica.org\/wp-content\/uploads\/2017\/06\/csm_juan-2015-web_644176d94b.jpg\" \/>\n\t<meta property=\"og:image:width\" content=\"260\" \/>\n\t<meta property=\"og:image:height\" content=\"185\" \/>\n\t<meta property=\"og:image:type\" content=\"image\/jpeg\" \/>\n<meta name=\"author\" content=\"Lorenzo Verduzco\" \/>\n<meta name=\"twitter:card\" content=\"summary_large_image\" \/>\n<meta name=\"twitter:label1\" content=\"\u00c9crit par\" \/>\n\t<meta name=\"twitter:data1\" content=\"Lorenzo Verduzco\" \/>\n\t<meta name=\"twitter:label2\" content=\"Dur\u00e9e de lecture estim\u00e9e\" \/>\n\t<meta name=\"twitter:data2\" content=\"5 minutes\" \/>\n<script type=\"application\/ld+json\" class=\"yoast-schema-graph\">{\"@context\":\"https:\\\/\\\/schema.org\",\"@graph\":[{\"@type\":\"Article\",\"@id\":\"https:\\\/\\\/interamerica.org\\\/fr\\\/2015\\\/01\\\/le-budget-mondial-2015-de-leglise-adventiste-finance-la-mission-et-les-finances-administratives\\\/#article\",\"isPartOf\":{\"@id\":\"https:\\\/\\\/interamerica.org\\\/fr\\\/2015\\\/01\\\/le-budget-mondial-2015-de-leglise-adventiste-finance-la-mission-et-les-finances-administratives\\\/\"},\"author\":{\"name\":\"Lorenzo Verduzco\",\"@id\":\"https:\\\/\\\/interamerica.org\\\/fr\\\/#\\\/schema\\\/person\\\/68ede8bdc292885bb76c1e3810e73c39\"},\"headline\":\"Le Budget Mondial 2015 de l\u2019\u00c9glise Adventiste finance la mission et les finances administratives\",\"datePublished\":\"2015-01-08T04:00:00+00:00\",\"mainEntityOfPage\":{\"@id\":\"https:\\\/\\\/interamerica.org\\\/fr\\\/2015\\\/01\\\/le-budget-mondial-2015-de-leglise-adventiste-finance-la-mission-et-les-finances-administratives\\\/\"},\"wordCount\":935,\"image\":{\"@id\":\"https:\\\/\\\/interamerica.org\\\/fr\\\/2015\\\/01\\\/le-budget-mondial-2015-de-leglise-adventiste-finance-la-mission-et-les-finances-administratives\\\/#primaryimage\"},\"thumbnailUrl\":\"https:\\\/\\\/interamerica.org\\\/wp-content\\\/uploads\\\/2017\\\/06\\\/csm_juan-2015-web_644176d94b.jpg\",\"articleSection\":[\"Nouvelles de l'\u00c9glise mondiale\",\"RSS Fran\u00e7ais\"],\"inLanguage\":\"fr-FR\"},{\"@type\":\"WebPage\",\"@id\":\"https:\\\/\\\/interamerica.org\\\/fr\\\/2015\\\/01\\\/le-budget-mondial-2015-de-leglise-adventiste-finance-la-mission-et-les-finances-administratives\\\/\",\"url\":\"https:\\\/\\\/interamerica.org\\\/fr\\\/2015\\\/01\\\/le-budget-mondial-2015-de-leglise-adventiste-finance-la-mission-et-les-finances-administratives\\\/\",\"name\":\"Le Budget Mondial 2015 de l\u2019\u00c9glise Adventiste finance la mission et les finances administratives - \u00c9glise Adventiste Du Septieme Jour - Inter Am\u00e9rique Division\",\"isPartOf\":{\"@id\":\"https:\\\/\\\/interamerica.org\\\/fr\\\/#website\"},\"primaryImageOfPage\":{\"@id\":\"https:\\\/\\\/interamerica.org\\\/fr\\\/2015\\\/01\\\/le-budget-mondial-2015-de-leglise-adventiste-finance-la-mission-et-les-finances-administratives\\\/#primaryimage\"},\"image\":{\"@id\":\"https:\\\/\\\/interamerica.org\\\/fr\\\/2015\\\/01\\\/le-budget-mondial-2015-de-leglise-adventiste-finance-la-mission-et-les-finances-administratives\\\/#primaryimage\"},\"thumbnailUrl\":\"https:\\\/\\\/interamerica.org\\\/wp-content\\\/uploads\\\/2017\\\/06\\\/csm_juan-2015-web_644176d94b.jpg\",\"datePublished\":\"2015-01-08T04:00:00+00:00\",\"author\":{\"@id\":\"https:\\\/\\\/interamerica.org\\\/fr\\\/#\\\/schema\\\/person\\\/68ede8bdc292885bb76c1e3810e73c39\"},\"breadcrumb\":{\"@id\":\"https:\\\/\\\/interamerica.org\\\/fr\\\/2015\\\/01\\\/le-budget-mondial-2015-de-leglise-adventiste-finance-la-mission-et-les-finances-administratives\\\/#breadcrumb\"},\"inLanguage\":\"fr-FR\",\"potentialAction\":[{\"@type\":\"ReadAction\",\"target\":[\"https:\\\/\\\/interamerica.org\\\/fr\\\/2015\\\/01\\\/le-budget-mondial-2015-de-leglise-adventiste-finance-la-mission-et-les-finances-administratives\\\/\"]}]},{\"@type\":\"ImageObject\",\"inLanguage\":\"fr-FR\",\"@id\":\"https:\\\/\\\/interamerica.org\\\/fr\\\/2015\\\/01\\\/le-budget-mondial-2015-de-leglise-adventiste-finance-la-mission-et-les-finances-administratives\\\/#primaryimage\",\"url\":\"https:\\\/\\\/interamerica.org\\\/wp-content\\\/uploads\\\/2017\\\/06\\\/csm_juan-2015-web_644176d94b.jpg\",\"contentUrl\":\"https:\\\/\\\/interamerica.org\\\/wp-content\\\/uploads\\\/2017\\\/06\\\/csm_juan-2015-web_644176d94b.jpg\",\"width\":260,\"height\":185},{\"@type\":\"BreadcrumbList\",\"@id\":\"https:\\\/\\\/interamerica.org\\\/fr\\\/2015\\\/01\\\/le-budget-mondial-2015-de-leglise-adventiste-finance-la-mission-et-les-finances-administratives\\\/#breadcrumb\",\"itemListElement\":[{\"@type\":\"ListItem\",\"position\":1,\"name\":\"Home\",\"item\":\"https:\\\/\\\/interamerica.org\\\/fr\\\/\"},{\"@type\":\"ListItem\",\"position\":2,\"name\":\"Le Budget Mondial 2015 de l\u2019\u00c9glise Adventiste finance la mission et les finances administratives\"}]},{\"@type\":\"WebSite\",\"@id\":\"https:\\\/\\\/interamerica.org\\\/fr\\\/#website\",\"url\":\"https:\\\/\\\/interamerica.org\\\/fr\\\/\",\"name\":\"\u00c9glise Adventiste Du Septieme Jour - Inter Am\u00e9rique Division\",\"description\":\"\",\"potentialAction\":[{\"@type\":\"SearchAction\",\"target\":{\"@type\":\"EntryPoint\",\"urlTemplate\":\"https:\\\/\\\/interamerica.org\\\/fr\\\/?s={search_term_string}\"},\"query-input\":{\"@type\":\"PropertyValueSpecification\",\"valueRequired\":true,\"valueName\":\"search_term_string\"}}],\"inLanguage\":\"fr-FR\"},{\"@type\":\"Person\",\"@id\":\"https:\\\/\\\/interamerica.org\\\/fr\\\/#\\\/schema\\\/person\\\/68ede8bdc292885bb76c1e3810e73c39\",\"name\":\"Lorenzo Verduzco\",\"image\":{\"@type\":\"ImageObject\",\"inLanguage\":\"fr-FR\",\"@id\":\"https:\\\/\\\/secure.gravatar.com\\\/avatar\\\/fb81a55b6218459490a9c1dc841a34909185b81904c5337b4b27f7a6fd60c49e?s=96&d=mm&r=g\",\"url\":\"https:\\\/\\\/secure.gravatar.com\\\/avatar\\\/fb81a55b6218459490a9c1dc841a34909185b81904c5337b4b27f7a6fd60c49e?s=96&d=mm&r=g\",\"contentUrl\":\"https:\\\/\\\/secure.gravatar.com\\\/avatar\\\/fb81a55b6218459490a9c1dc841a34909185b81904c5337b4b27f7a6fd60c49e?s=96&d=mm&r=g\",\"caption\":\"Lorenzo Verduzco\"}}]}<\/script>\n<!-- \/ Yoast SEO plugin. -->","yoast_head_json":{"title":"Le Budget Mondial 2015 de l\u2019\u00c9glise Adventiste finance la mission et les finances administratives - \u00c9glise Adventiste Du Septieme Jour - Inter Am\u00e9rique Division","robots":{"index":"index","follow":"follow","max-snippet":"max-snippet:-1","max-image-preview":"max-image-preview:large","max-video-preview":"max-video-preview:-1"},"canonical":"https:\/\/interamerica.org\/fr\/2015\/01\/le-budget-mondial-2015-de-leglise-adventiste-finance-la-mission-et-les-finances-administratives\/","og_locale":"fr_FR","og_type":"article","og_title":"Le Budget Mondial 2015 de l\u2019\u00c9glise Adventiste finance la mission et les finances administratives - \u00c9glise Adventiste Du Septieme Jour - Inter Am\u00e9rique Division","og_description":"Le budget mondial 2015 de la Conf\u00e9rence G\u00e9n\u00e9rale de l\u2019\u00c9glise Adventiste finance le travail des missions et les finances administratives, aussi bien que les op\u00e9rations de financement de la construction du si\u00e8ge de la d\u00e9nomination. Le budget mondial de la Conf\u00e9rence G\u00e9n\u00e9rale cette ann\u00e9e de plus de $184 million attribue:","og_url":"https:\/\/interamerica.org\/fr\/2015\/01\/le-budget-mondial-2015-de-leglise-adventiste-finance-la-mission-et-les-finances-administratives\/","og_site_name":"\u00c9glise Adventiste Du Septieme Jour - Inter Am\u00e9rique Division","article_published_time":"2015-01-08T04:00:00+00:00","og_image":[{"width":260,"height":185,"url":"https:\/\/interamerica.org\/wp-content\/uploads\/2017\/06\/csm_juan-2015-web_644176d94b.jpg","type":"image\/jpeg"}],"author":"Lorenzo Verduzco","twitter_card":"summary_large_image","twitter_misc":{"\u00c9crit par":"Lorenzo Verduzco","Dur\u00e9e de lecture estim\u00e9e":"5 minutes"},"schema":{"@context":"https:\/\/schema.org","@graph":[{"@type":"Article","@id":"https:\/\/interamerica.org\/fr\/2015\/01\/le-budget-mondial-2015-de-leglise-adventiste-finance-la-mission-et-les-finances-administratives\/#article","isPartOf":{"@id":"https:\/\/interamerica.org\/fr\/2015\/01\/le-budget-mondial-2015-de-leglise-adventiste-finance-la-mission-et-les-finances-administratives\/"},"author":{"name":"Lorenzo Verduzco","@id":"https:\/\/interamerica.org\/fr\/#\/schema\/person\/68ede8bdc292885bb76c1e3810e73c39"},"headline":"Le Budget Mondial 2015 de l\u2019\u00c9glise Adventiste finance la mission et les finances administratives","datePublished":"2015-01-08T04:00:00+00:00","mainEntityOfPage":{"@id":"https:\/\/interamerica.org\/fr\/2015\/01\/le-budget-mondial-2015-de-leglise-adventiste-finance-la-mission-et-les-finances-administratives\/"},"wordCount":935,"image":{"@id":"https:\/\/interamerica.org\/fr\/2015\/01\/le-budget-mondial-2015-de-leglise-adventiste-finance-la-mission-et-les-finances-administratives\/#primaryimage"},"thumbnailUrl":"https:\/\/interamerica.org\/wp-content\/uploads\/2017\/06\/csm_juan-2015-web_644176d94b.jpg","articleSection":["Nouvelles de l'\u00c9glise mondiale","RSS Fran\u00e7ais"],"inLanguage":"fr-FR"},{"@type":"WebPage","@id":"https:\/\/interamerica.org\/fr\/2015\/01\/le-budget-mondial-2015-de-leglise-adventiste-finance-la-mission-et-les-finances-administratives\/","url":"https:\/\/interamerica.org\/fr\/2015\/01\/le-budget-mondial-2015-de-leglise-adventiste-finance-la-mission-et-les-finances-administratives\/","name":"Le Budget Mondial 2015 de l\u2019\u00c9glise Adventiste finance la mission et les finances administratives - \u00c9glise Adventiste Du Septieme Jour - Inter Am\u00e9rique Division","isPartOf":{"@id":"https:\/\/interamerica.org\/fr\/#website"},"primaryImageOfPage":{"@id":"https:\/\/interamerica.org\/fr\/2015\/01\/le-budget-mondial-2015-de-leglise-adventiste-finance-la-mission-et-les-finances-administratives\/#primaryimage"},"image":{"@id":"https:\/\/interamerica.org\/fr\/2015\/01\/le-budget-mondial-2015-de-leglise-adventiste-finance-la-mission-et-les-finances-administratives\/#primaryimage"},"thumbnailUrl":"https:\/\/interamerica.org\/wp-content\/uploads\/2017\/06\/csm_juan-2015-web_644176d94b.jpg","datePublished":"2015-01-08T04:00:00+00:00","author":{"@id":"https:\/\/interamerica.org\/fr\/#\/schema\/person\/68ede8bdc292885bb76c1e3810e73c39"},"breadcrumb":{"@id":"https:\/\/interamerica.org\/fr\/2015\/01\/le-budget-mondial-2015-de-leglise-adventiste-finance-la-mission-et-les-finances-administratives\/#breadcrumb"},"inLanguage":"fr-FR","potentialAction":[{"@type":"ReadAction","target":["https:\/\/interamerica.org\/fr\/2015\/01\/le-budget-mondial-2015-de-leglise-adventiste-finance-la-mission-et-les-finances-administratives\/"]}]},{"@type":"ImageObject","inLanguage":"fr-FR","@id":"https:\/\/interamerica.org\/fr\/2015\/01\/le-budget-mondial-2015-de-leglise-adventiste-finance-la-mission-et-les-finances-administratives\/#primaryimage","url":"https:\/\/interamerica.org\/wp-content\/uploads\/2017\/06\/csm_juan-2015-web_644176d94b.jpg","contentUrl":"https:\/\/interamerica.org\/wp-content\/uploads\/2017\/06\/csm_juan-2015-web_644176d94b.jpg","width":260,"height":185},{"@type":"BreadcrumbList","@id":"https:\/\/interamerica.org\/fr\/2015\/01\/le-budget-mondial-2015-de-leglise-adventiste-finance-la-mission-et-les-finances-administratives\/#breadcrumb","itemListElement":[{"@type":"ListItem","position":1,"name":"Home","item":"https:\/\/interamerica.org\/fr\/"},{"@type":"ListItem","position":2,"name":"Le Budget Mondial 2015 de l\u2019\u00c9glise Adventiste finance la mission et les finances administratives"}]},{"@type":"WebSite","@id":"https:\/\/interamerica.org\/fr\/#website","url":"https:\/\/interamerica.org\/fr\/","name":"\u00c9glise Adventiste Du Septieme Jour - Inter Am\u00e9rique Division","description":"","potentialAction":[{"@type":"SearchAction","target":{"@type":"EntryPoint","urlTemplate":"https:\/\/interamerica.org\/fr\/?s={search_term_string}"},"query-input":{"@type":"PropertyValueSpecification","valueRequired":true,"valueName":"search_term_string"}}],"inLanguage":"fr-FR"},{"@type":"Person","@id":"https:\/\/interamerica.org\/fr\/#\/schema\/person\/68ede8bdc292885bb76c1e3810e73c39","name":"Lorenzo Verduzco","image":{"@type":"ImageObject","inLanguage":"fr-FR","@id":"https:\/\/secure.gravatar.com\/avatar\/fb81a55b6218459490a9c1dc841a34909185b81904c5337b4b27f7a6fd60c49e?s=96&d=mm&r=g","url":"https:\/\/secure.gravatar.com\/avatar\/fb81a55b6218459490a9c1dc841a34909185b81904c5337b4b27f7a6fd60c49e?s=96&d=mm&r=g","contentUrl":"https:\/\/secure.gravatar.com\/avatar\/fb81a55b6218459490a9c1dc841a34909185b81904c5337b4b27f7a6fd60c49e?s=96&d=mm&r=g","caption":"Lorenzo Verduzco"}}]}},"_links":{"self":[{"href":"https:\/\/interamerica.org\/fr\/wp-json\/wp\/v2\/posts\/32144","targetHints":{"allow":["GET"]}}],"collection":[{"href":"https:\/\/interamerica.org\/fr\/wp-json\/wp\/v2\/posts"}],"about":[{"href":"https:\/\/interamerica.org\/fr\/wp-json\/wp\/v2\/types\/post"}],"author":[{"embeddable":true,"href":"https:\/\/interamerica.org\/fr\/wp-json\/wp\/v2\/users\/1"}],"replies":[{"embeddable":true,"href":"https:\/\/interamerica.org\/fr\/wp-json\/wp\/v2\/comments?post=32144"}],"version-history":[{"count":0,"href":"https:\/\/interamerica.org\/fr\/wp-json\/wp\/v2\/posts\/32144\/revisions"}],"wp:featuredmedia":[{"embeddable":true,"href":"https:\/\/interamerica.org\/fr\/wp-json\/wp\/v2\/media\/24185"}],"wp:attachment":[{"href":"https:\/\/interamerica.org\/fr\/wp-json\/wp\/v2\/media?parent=32144"}],"wp:term":[{"taxonomy":"category","embeddable":true,"href":"https:\/\/interamerica.org\/fr\/wp-json\/wp\/v2\/categories?post=32144"},{"taxonomy":"post_tag","embeddable":true,"href":"https:\/\/interamerica.org\/fr\/wp-json\/wp\/v2\/tags?post=32144"}],"curies":[{"name":"wp","href":"https:\/\/api.w.org\/{rel}","templated":true}]}}