{"id":32146,"date":"2015-01-15T00:00:00","date_gmt":"2015-01-15T04:00:00","guid":{"rendered":"http:\/\/192.81.217.108\/interamerica\/2015\/01\/les-principaux-leaders-adventistes-construisent-une-eglise-en-republique-dominicaine\/"},"modified":"2015-01-15T00:00:00","modified_gmt":"2015-01-15T04:00:00","slug":"les-principaux-leaders-adventistes-construisent-une-eglise-en-republique-dominicaine","status":"publish","type":"post","link":"https:\/\/interamerica.org\/fr\/2015\/01\/les-principaux-leaders-adventistes-construisent-une-eglise-en-republique-dominicaine\/","title":{"rendered":"Les principaux leaders Adventistes construisent une \u00e9glise en R\u00e9publique Dominicaine"},"content":{"rendered":"<div id=\"attachment_14782\" style=\"width: 610px\" class=\"wp-caption aligncenter\"><a href=\"\/interamerica\/wp-content\/uploads\/2017\/06\/MVI-churchDR600.png\" rel=\"fancybox\" title=\"Les principaux leaders Adventistes construisent une \u00e9glise en R\u00e9publique Dominicaine\"><img fetchpriority=\"high\" decoding=\"async\" aria-describedby=\"caption-attachment-14782\" class=\"size-full wp-image-14782\" src=\"\/interamerica\/wp-content\/uploads\/2017\/06\/MVI-churchDR600.png\" alt=\"\" width=\"600\" height=\"350\" \/><\/a><p id=\"caption-attachment-14782\" class=\"wp-caption-text\">Les principaux dirigeants de l\u2019Eglise Adventiste du Septi\u00e8me Jour \u00e9rigent une salle de l\u2019Ecole du Sabbat \u00e0 c\u00f4t\u00e9 de la nouvelle \u00e9glise Adventiste de Villa Caoba \u00e0 La Romana en R\u00e9publique Dominicaine le 14 janvier 2015. Image de Libna Stevens\/DIA<\/p><\/div>\n<p>14 Janvier 2015 \u2013 La Romana, R\u00e9publique Dominicaine \u2013 Libna Stevens\/Adventist Review Staff<\/p>\n<p>Les 29 principaux dirigeants de l\u2019Eglise Adventiste du Septi\u00e8me Jour ont laiss\u00e9 de c\u00f4t\u00e9 leurs ordinateurs portables et leur t\u00e9l\u00e9phones mobiles pour utiliser des pinceaux et des pelles mercredi pour prendre part \u00e0 la construction d\u2019une \u00e9glise \u2013 quelques uns d\u2019entre eux pour la premi\u00e8re fois \u2013 sur l\u2019ile Carib\u00e9enne de la R\u00e9publique Dominicaine.<\/p>\n<div id=\"attachment_14783\" style=\"width: 310px\" class=\"wp-caption alignright\"><a href=\"\/interamerica\/wp-content\/uploads\/2017\/06\/VillaCaobaOLDchurch.png\" rel=\"fancybox\" title=\"Les principaux leaders Adventistes construisent une \u00e9glise en R\u00e9publique Dominicaine\"><img decoding=\"async\" aria-describedby=\"caption-attachment-14783\" class=\"size-full wp-image-14783\" src=\"\/interamerica\/wp-content\/uploads\/2017\/06\/VillaCaobaOLDchurch.png\" alt=\"\" width=\"300\" height=\"190\" \/><\/a><p id=\"caption-attachment-14783\" class=\"wp-caption-text\">Le b\u00e2timent o\u00f9 les 40 membres de l\u2019\u00e9glise se r\u00e9unissent pour adorer depuis plus d\u2019un an. .<\/p><\/div>\n<p>Ted N.C. Wilson, pr\u00e9sident de la Conf\u00e9rence G\u00e9n\u00e9rale de l\u2019Eglise Adventiste, \u00e9tait \u00e0 la t\u00eate du groupe de pr\u00e9sidents de division, des vice-pr\u00e9sidents et d\u2019autres administrateurs de l\u2019\u00e9glise qui ont fait une pause dans une rencontre administrative d\u2019une semaine pour apporter leur aide dans le projet de la ville de La Romana.<\/p>\n<p>\u00ab Quel privil\u00e8ge de se lib\u00e9rer des devoirs administratifs pour faire quelque chose de pratique, \u00bb a dit pasteur Wilson pendant le culte du matin \u00e0 l\u2019h\u00f4tel ou est h\u00e9berg\u00e9 le groupe. \u00ab C\u2019est une \u0153uvre de multiplication \u2013 c\u2019est d\u00e9velopper l\u2019\u00e9glise. \u00bb<\/p>\n<p>Les principaux leaders de l\u2019\u00e9glise se r\u00e9unissent au d\u00e9but de chaque ann\u00e9e pour une rencontre de planification baptis\u00e9e PREXAD (Conseil Consultatif Ex\u00e9cutif du Pr\u00e9sident), mais cette ann\u00e9e, Ted Wilson a aussi encourag\u00e9 les leaders \u00e0 construire une \u00e9glise. Les pr\u00e9sidents de division rejoindront les responsables bas\u00e9s \u00e0 Silver Spring dans le Maryland pour consid\u00e9rer les initiatives mises en place au cours des quatre derni\u00e8res ann\u00e9es, examiner l\u2019ordre du jour de la prochaine session de la Conf\u00e9rence G\u00e9n\u00e9rale, et prendre part \u00e0 la planification strat\u00e9gique pour le prochain quinquennat, a indiqu\u00e9 Orville Parchment, assistant aupr\u00e8s du pr\u00e9sident de la Conf\u00e9rence G\u00e9n\u00e9rale.<\/p>\n<p>Bien avant la rencontre, la Conf\u00e9rence G\u00e9n\u00e9rale avait contact\u00e9 Maranatha Volonteers International, une organisation affili\u00e9e \u00e0 l\u2019Eglise Adventiste connue pour ses projets de construction d\u2019\u00e9glises en un jour, et ils avaient finalement convenu de la r\u00e9alisation de l\u2019\u00e9glise Adventiste de Villa Caoba \u00e0 La Romana.<\/p>\n<div id=\"attachment_14784\" style=\"width: 310px\" class=\"wp-caption alignleft\"><a href=\"\/interamerica\/wp-content\/uploads\/2017\/06\/WilsonRoof.png\" rel=\"fancybox\" title=\"Les principaux leaders Adventistes construisent une \u00e9glise en R\u00e9publique Dominicaine\"><img decoding=\"async\" aria-describedby=\"caption-attachment-14784\" class=\"size-full wp-image-14784\" src=\"\/interamerica\/wp-content\/uploads\/2017\/06\/WilsonRoof.png\" alt=\"\" width=\"300\" height=\"172\" \/><\/a><p id=\"caption-attachment-14784\" class=\"wp-caption-text\">Le pr\u00e9sident de l\u2019Eglise Adventiste mondiale, Ted N.C. Wilson, au centre, travaillant avec les b\u00e9n\u00e9voles sur le toit de la nouvelle \u00e9glise.<\/p><\/div>\n<p>Le b\u00e2timent de la nouvelle \u00e9glise, dont le co\u00fbt s\u2019\u00e9l\u00e8ve \u00e0 15000 dollars permettra \u00e0 40 membres Adventistes locaux d\u2019avoir un lieu de culte. La structure est plus grande que le b\u00e2timent habituel d\u2019une \u00e9glise en un jour avec des toilettes pour hommes et des toilettes pour femmes ainsi qu\u2019un puits qui offrira de l\u2019eau potable aux 12000 personnes de la communaut\u00e9 locale.<\/p>\n<p>La f\u00e9d\u00e9ration locale a contribu\u00e9 en offrant la terre et de l\u2019argent pour le projet.<\/p>\n<p>Les Adventistes locaux tiennent leur culte dans une humble structure dont les murs et la toiture sont faits de feuilles de t\u00f4le, huit bancs d\u00e9labr\u00e9s, et un sol in\u00e9gal en terre qui devient boueux par temps de pluie. Les enfants se r\u00e9unissent sous un arbre derri\u00e8re l\u2019\u00e9glise pour l\u2019\u00e9cole du sabbat.<\/p>\n<p>Mercredi les leaders de l\u2019\u00e9glise ont pr\u00e9par\u00e9 et peint les deux toilettes de la nouvelle \u00e9glise, ils ont aussi fait monter des murs de brique et plac\u00e9 le toit au dessus de la structure. Ils ont \u00e9galement \u00e9rig\u00e9 une structure en un jour avec une armature m\u00e9tallique et une toiture, elle servira de salle pour l\u2019\u00e9cole du sabbat juste \u00e0 c\u00f4t\u00e9 de l\u2019\u00e9glise.<\/p>\n<p>De plus, les dirigeants ont prononc\u00e9 une pri\u00e8re de cons\u00e9cration sur un puits de 60 m\u00e8tres qui peut permettre de pomper 83 litres d\u2019eau par heure.<\/p>\n<p>Les r\u00e9sidents locaux comptent actuellement sur un camion qui passe dans le quartier chaque jour pour l\u2019approvisionnement en eau. La communaut\u00e9 pourra maintenant r\u00e9cup\u00e9rer de l\u2019eau \u00e0 l\u2019\u00e9glise pendant les heures pr\u00e9vues.<\/p>\n<div id=\"attachment_14785\" style=\"width: 310px\" class=\"wp-caption alignright\"><a href=\"\/interamerica\/wp-content\/uploads\/2017\/06\/Finley-MVIpainting.png\" rel=\"fancybox\" title=\"Les principaux leaders Adventistes construisent une \u00e9glise en R\u00e9publique Dominicaine\"><img loading=\"lazy\" decoding=\"async\" aria-describedby=\"caption-attachment-14785\" class=\"size-full wp-image-14785\" src=\"\/interamerica\/wp-content\/uploads\/2017\/06\/Finley-MVIpainting.png\" alt=\"\" width=\"300\" height=\"198\" \/><\/a><p id=\"caption-attachment-14785\" class=\"wp-caption-text\">L\u2019\u00e9vang\u00e9liste Mark Finley terminant la peinture d\u2019un mur des toilettes pour la nouvelle \u00e9glise Adventiste de Villa Caoba \u00e0 La Romana.<\/p><\/div>\n<p>Don Noble, pr\u00e9sident de Maranatha, poss\u00e8de une longue exp\u00e9rience dans la coordination de projets en R\u00e9publique Dominicaine ; il a accueilli les leaders de l\u2019\u00e9glise sur le site de construction et a soulign\u00e9 l\u2019importance du travail b\u00e9n\u00e9vole. Il a d\u00e9clar\u00e9 que Maranatha manquait cruellement de main d\u2019\u0153uvre et \u00e9tait en retard sur 18000 requ\u00eates pour la construction d\u2019\u00e9glises et autres b\u00e2timents \u00e0 travers le monde.<\/p>\n<p>\u00ab Vous \u00eates le plus beau groupe de b\u00e9n\u00e9voles que nous n\u2019ayons jamais eu, \u00bb a dit Don Noble aux leaders.<\/p>\n<p>\u00ab Je parie que vous dites \u00e7a \u00e0 tous les groupes, \u00bb a alors lanc\u00e9 quelqu\u2019un en rigolant.<\/p>\n<p>L\u2019\u00e9vang\u00e9liste Mark Finley s\u2019est port\u00e9 volontaire pour peindre les murs des toilettes, il a \u00e9t\u00e9 rejoint par les vice-pr\u00e9sidents de la Conf\u00e9rence G\u00e9n\u00e9rale, Ella Simmons et Armando Miranda.<\/p>\n<p>Mark Finley, qui vient de terminer une campagne d\u2019\u00e9vang\u00e9lisation de cinq jours sur l\u2019ile dont le point culminant sera le bapt\u00eame de 3000 personnes le 17 janvier, le dernier jour des rencontres PREXAD, a dit qu\u2019il y avait deux choses qui traversait son esprit alors qu\u2019il travaillait mercredi : peindre correctement et louer Dieu pour l\u2019opportunit\u00e9 de Le servir.<\/p>\n<p>\u00ab C\u2019est merveilleux de ressentir ce parfum international avec nous tous r\u00e9unis ici, travaillant ensemble pour d\u00e9velopper l\u2019\u00e9glise, \u00bb a dit Mark Finley.<\/p>\n<div id=\"attachment_14789\" style=\"width: 310px\" class=\"wp-caption alignleft\"><a href=\"\/interamerica\/wp-content\/uploads\/2017\/06\/WilsonRuguri.png\" rel=\"fancybox\" title=\"Les principaux leaders Adventistes construisent une \u00e9glise en R\u00e9publique Dominicaine\"><img loading=\"lazy\" decoding=\"async\" aria-describedby=\"caption-attachment-14789\" class=\"size-full wp-image-14789\" src=\"\/interamerica\/wp-content\/uploads\/2017\/06\/WilsonRuguri.png\" alt=\"\" width=\"300\" height=\"193\" \/><\/a><p id=\"caption-attachment-14789\" class=\"wp-caption-text\">Ted Wilson, au centre, donne \u00e0 Blasious Ruguri, \u00e0 droite, pr\u00e9sident de la Division de l\u2019Afrique du Centre Est, une le\u00e7on sur la mani\u00e8re de construire avec un tournevis \u00e9lectrique. Le vice president de la Conf\u00e9rence G\u00e9n\u00e9rale, Lowell Cooper se trouve sur la gauche.<\/p><\/div>\n<p>Ella Simmons, qui ach\u00e8ve son second mandat de cinq ans en tant que premi\u00e8re et seule femme vice-pr\u00e9sidente de la Conf\u00e9rence G\u00e9n\u00e9rale, a indiqu\u00e9 que c\u2019\u00e9tait la premi\u00e8re fois qu\u2019elle participait \u00e0 la construction d\u2019une \u00e9glise.<\/p>\n<p>\u00ab Cela fait de nombreuses ann\u00e9es que je voulais le faire. C\u2019est vraiment merveilleux, \u00bb a t-elle dit.<\/p>\n<p>Ella Simmons a pass\u00e9 un moment \u00e0 peindre et a ensuite annonc\u00e9 qu\u2019elle avait \u00e9t\u00e9 promue au posage de briques.<\/p>\n<p>Construire une \u00e9glise \u00e9tait aussi une premi\u00e8re pour Isra\u00ebl Leito, pr\u00e9sident de la Division Inter Am\u00e9ricaine qui comprend d\u2019ailleurs la R\u00e9publique Dominicaine.<\/p>\n<p>\u00ab C\u2019est un moment vraiment historique que d\u2019avoir tous les leaders de l\u2019\u00e9glise impliqu\u00e9s dans la construction d\u2019une \u00e9glise pour nos membres, \u00bb a t-il dit. \u00ab Nous sommes vraiment heureux parce que cela assure \u00e0 nos membres que nous sommes avec eux, pas simplement assis dans nos bureaux. \u00bb<\/p>\n<div id=\"attachment_14788\" style=\"width: 310px\" class=\"wp-caption alignright\"><a href=\"\/interamerica\/wp-content\/uploads\/2017\/06\/Esteban-Paredes.png\" rel=\"fancybox\" title=\"Les principaux leaders Adventistes construisent une \u00e9glise en R\u00e9publique Dominicaine\"><img loading=\"lazy\" decoding=\"async\" aria-describedby=\"caption-attachment-14788\" class=\"size-full wp-image-14788\" src=\"\/interamerica\/wp-content\/uploads\/2017\/06\/Esteban-Paredes.png\" alt=\"\" width=\"300\" height=\"200\" \/><\/a><p id=\"caption-attachment-14788\" class=\"wp-caption-text\">Le pasteur de l\u2019\u00e9glise de Villa Caoba, Esteban Paredes est tout sourire en voyant les leaders mondiaux de l\u2019Eglise Adventiste aider \u00e0 la construction du lieu de culte de la congr\u00e9gation dont il est le pasteur.<\/p><\/div>\n<p>Esteban Paredes, pasteur de l\u2019\u00e9glise Adventiste de Villa Caoba, a d\u00e9clar\u00e9 que la nouvelle \u00e9glise est la plus petite des six congr\u00e9gations qu\u2019il dirige au plan local, mais que la d\u00e9cision des leaders de l\u2019\u00e9glise de travailler sur le site a laiss\u00e9 une forte impression.<\/p>\n<p>\u00ab C\u2019est vraiment une joie de voir et d\u2019avoir les leaders de l\u2019Eglise Adventiste venus du monde entier, se serrer les coudes pour construire ce temple, \u00bb a t-il dit. \u00ab C\u2019est vraiment un privil\u00e8ge. \u00bb<\/p>\n<p>Apr\u00e8s que le ciment et la peinture aient s\u00e9ch\u00e9, un groupe de Maranatha arrivera dans dix jours pour achever le projet. De retour sur le site de construction, Ted Wilson, qui avait d\u00e9j\u00e0 particip\u00e9 \u00e0 la construction d\u2019une \u00e9glise en Zambie, a donn\u00e9 \u00e0 Blasious Ruguri, pr\u00e9sident de la Division de l\u2019Afrique du centre Est, une le\u00e7on sur la mani\u00e8re d\u2019utiliser un tournevis \u00e9lectrique pour assembler la structure m\u00e9tallique du b\u00e2timent de l\u2019\u00e9cole du sabbat.<\/p>\n<p>Blasious Ruguri a arbor\u00e9 un large sourire lorsqu\u2019il a plac\u00e9 les premi\u00e8res vis. \u00ab Ouais, ouais, tu as vu \u00e7a ? Une minute de formation et regardez \u00e7a ! a t-il lanc\u00e9.<\/p>\n<p>\u00ab Tu as fait du bon travail, \u00bb a dit Ted Wilson.<\/p>\n<p>\u00ab C\u2019est une des choses qui nous manquent en tant que leaders, mettre nos mains dans la construction de quelque chose comme ceci, \u00bb a dit Blasious Ruguri. \u00ab Cela fait partie de la mission, et il nous faut le faire plus souvent. \u00bb<\/p>\n<div id=\"attachment_14787\" style=\"width: 410px\" class=\"wp-caption alignright\"><a href=\"\/interamerica\/wp-content\/uploads\/2017\/06\/MVI-churchgroup400.png\" rel=\"fancybox\" title=\"Les principaux leaders Adventistes construisent une \u00e9glise en R\u00e9publique Dominicaine\"><img loading=\"lazy\" decoding=\"async\" aria-describedby=\"caption-attachment-14787\" class=\"size-full wp-image-14787\" src=\"\/interamerica\/wp-content\/uploads\/2017\/06\/MVI-churchgroup400.png\" alt=\"\" width=\"400\" height=\"234\" \/><\/a><p id=\"caption-attachment-14787\" class=\"wp-caption-text\">Les leaders de l\u2019\u00e9glise, leurs \u00e9pouses, et d\u2019autres b\u00e9n\u00e9voles posent pour une photo sur le site de la construction. Image de Tom Lloyd\/ Maranatha Volunteers international.<\/p><\/div>\n<p>Dans quelques mois, Maranatha devrait aider \u00e0 la construction des bureaux de l\u2019union au Kenya et au Rwanda dans sa division. Blasious Ruguri a d\u00e9clar\u00e9 qu\u2019il demanderait aussi aux leaders dans sa division de prendre un jour pour aider \u00e0 la construction.<\/p>\n<p>Ted Wilson a not\u00e9 que le projet d\u2019\u00e9glise en R\u00e9publique Dominicaine a favoris\u00e9 un esprit d\u2019\u00e9quipe parmi les leaders et leur a permis de mettre l\u2019accent sur quelque chose de local qui \u00e9tait vraiment dans l\u2019esprit de la mission.<\/p>\n<p>\u00ab Cela nous donne l\u2019opportunit\u00e9 de faire quelque chose de tr\u00e8s pratique dans un endroit o\u00f9 l\u2019aide est bienvenue, \u00bb a t-il dit. \u00ab Nous sommes tous ensemble dans cette mission. \u00bb<\/p>\n<p>Traduction: Patrick Luciathe<\/p>\n","protected":false},"excerpt":{"rendered":"<p>Les 29 principaux dirigeants de l\u2019Eglise Adventiste du Septi\u00e8me Jour ont laiss\u00e9 de c\u00f4t\u00e9 leurs ordinateurs portables et leur t\u00e9l\u00e9phones mobiles pour utiliser des pinceaux et des pelles mercredi pour prendre part \u00e0 la construction d\u2019une \u00e9glise \u2013 quelques uns d\u2019entre eux pour la premi\u00e8re fois \u2013 sur l\u2019ile Carib\u00e9enne de la R\u00e9publique Dominicaine. <\/p>\n<p>Ted N.C. Wilson, pr\u00e9sident de la Conf\u00e9rence G\u00e9n\u00e9rale de l\u2019Eglise Adventiste, \u00e9tait \u00e0 la t\u00eate du groupe de pr\u00e9sidents de division, des vice-pr\u00e9sidents et d\u2019autres administrateurs de l\u2019\u00e9glise qui ont fait une pause dans une rencontre administrative d\u2019une semaine pour apporter leur aide dans le projet de la ville de La Romana.<\/p>\n","protected":false},"author":1,"featured_media":24225,"comment_status":"closed","ping_status":"closed","sticky":false,"template":"","format":"standard","meta":{"_acf_changed":false,"footnotes":""},"categories":[21,19],"tags":[],"class_list":["post-32146","post","type-post","status-publish","format-standard","has-post-thumbnail","hentry","category-nouvelles-du-territoire","category-rss-francais"],"acf":[],"yoast_head":"<!-- This site is optimized with the Yoast SEO plugin v27.3 - https:\/\/yoast.com\/product\/yoast-seo-wordpress\/ -->\n<title>Les principaux leaders Adventistes construisent une \u00e9glise en R\u00e9publique Dominicaine - \u00c9glise Adventiste Du Septieme Jour - Inter Am\u00e9rique Division<\/title>\n<meta name=\"robots\" content=\"index, follow, max-snippet:-1, max-image-preview:large, max-video-preview:-1\" \/>\n<link rel=\"canonical\" href=\"https:\/\/interamerica.org\/fr\/2015\/01\/les-principaux-leaders-adventistes-construisent-une-eglise-en-republique-dominicaine\/\" \/>\n<meta property=\"og:locale\" content=\"fr_FR\" \/>\n<meta property=\"og:type\" content=\"article\" \/>\n<meta property=\"og:title\" content=\"Les principaux leaders Adventistes construisent une \u00e9glise en R\u00e9publique Dominicaine - \u00c9glise Adventiste Du Septieme Jour - Inter Am\u00e9rique Division\" \/>\n<meta property=\"og:description\" content=\"Les 29 principaux dirigeants de l\u2019Eglise Adventiste du Septi\u00e8me Jour ont laiss\u00e9 de c\u00f4t\u00e9 leurs ordinateurs portables et leur t\u00e9l\u00e9phones mobiles pour utiliser des pinceaux et des pelles mercredi pour prendre part \u00e0 la construction d\u2019une \u00e9glise \u2013 quelques uns d\u2019entre eux pour la premi\u00e8re fois \u2013 sur l\u2019ile Carib\u00e9enne de la R\u00e9publique Dominicaine.  Ted N.C. Wilson, pr\u00e9sident de la Conf\u00e9rence G\u00e9n\u00e9rale de l\u2019Eglise Adventiste, \u00e9tait \u00e0 la t\u00eate du groupe de pr\u00e9sidents de division, des vice-pr\u00e9sidents et d\u2019autres administrateurs de l\u2019\u00e9glise qui ont fait une pause dans une rencontre administrative d\u2019une semaine pour apporter leur aide dans le projet de la ville de La Romana.\" \/>\n<meta property=\"og:url\" content=\"https:\/\/interamerica.org\/fr\/2015\/01\/les-principaux-leaders-adventistes-construisent-une-eglise-en-republique-dominicaine\/\" \/>\n<meta property=\"og:site_name\" content=\"\u00c9glise Adventiste Du Septieme Jour - Inter Am\u00e9rique Division\" \/>\n<meta property=\"article:published_time\" content=\"2015-01-15T04:00:00+00:00\" \/>\n<meta property=\"og:image\" content=\"https:\/\/interamerica.org\/wp-content\/uploads\/2017\/06\/MVI-churchDR600.png\" \/>\n\t<meta property=\"og:image:width\" content=\"600\" \/>\n\t<meta property=\"og:image:height\" content=\"350\" \/>\n\t<meta property=\"og:image:type\" content=\"image\/png\" \/>\n<meta name=\"author\" content=\"Lorenzo Verduzco\" \/>\n<meta name=\"twitter:card\" content=\"summary_large_image\" \/>\n<meta name=\"twitter:label1\" content=\"\u00c9crit par\" \/>\n\t<meta name=\"twitter:data1\" content=\"Lorenzo Verduzco\" \/>\n\t<meta name=\"twitter:label2\" content=\"Dur\u00e9e de lecture estim\u00e9e\" \/>\n\t<meta name=\"twitter:data2\" content=\"8 minutes\" \/>\n<script type=\"application\/ld+json\" class=\"yoast-schema-graph\">{\"@context\":\"https:\\\/\\\/schema.org\",\"@graph\":[{\"@type\":\"Article\",\"@id\":\"https:\\\/\\\/interamerica.org\\\/fr\\\/2015\\\/01\\\/les-principaux-leaders-adventistes-construisent-une-eglise-en-republique-dominicaine\\\/#article\",\"isPartOf\":{\"@id\":\"https:\\\/\\\/interamerica.org\\\/fr\\\/2015\\\/01\\\/les-principaux-leaders-adventistes-construisent-une-eglise-en-republique-dominicaine\\\/\"},\"author\":{\"name\":\"Lorenzo Verduzco\",\"@id\":\"https:\\\/\\\/interamerica.org\\\/fr\\\/#\\\/schema\\\/person\\\/68ede8bdc292885bb76c1e3810e73c39\"},\"headline\":\"Les principaux leaders Adventistes construisent une \u00e9glise en R\u00e9publique Dominicaine\",\"datePublished\":\"2015-01-15T04:00:00+00:00\",\"mainEntityOfPage\":{\"@id\":\"https:\\\/\\\/interamerica.org\\\/fr\\\/2015\\\/01\\\/les-principaux-leaders-adventistes-construisent-une-eglise-en-republique-dominicaine\\\/\"},\"wordCount\":1691,\"image\":{\"@id\":\"https:\\\/\\\/interamerica.org\\\/fr\\\/2015\\\/01\\\/les-principaux-leaders-adventistes-construisent-une-eglise-en-republique-dominicaine\\\/#primaryimage\"},\"thumbnailUrl\":\"https:\\\/\\\/interamerica.org\\\/wp-content\\\/uploads\\\/2017\\\/06\\\/MVI-churchDR600.png\",\"articleSection\":[\"Nouvelles du territoire\",\"RSS Fran\u00e7ais\"],\"inLanguage\":\"fr-FR\"},{\"@type\":\"WebPage\",\"@id\":\"https:\\\/\\\/interamerica.org\\\/fr\\\/2015\\\/01\\\/les-principaux-leaders-adventistes-construisent-une-eglise-en-republique-dominicaine\\\/\",\"url\":\"https:\\\/\\\/interamerica.org\\\/fr\\\/2015\\\/01\\\/les-principaux-leaders-adventistes-construisent-une-eglise-en-republique-dominicaine\\\/\",\"name\":\"Les principaux leaders Adventistes construisent une \u00e9glise en R\u00e9publique Dominicaine - \u00c9glise Adventiste Du Septieme Jour - Inter Am\u00e9rique Division\",\"isPartOf\":{\"@id\":\"https:\\\/\\\/interamerica.org\\\/fr\\\/#website\"},\"primaryImageOfPage\":{\"@id\":\"https:\\\/\\\/interamerica.org\\\/fr\\\/2015\\\/01\\\/les-principaux-leaders-adventistes-construisent-une-eglise-en-republique-dominicaine\\\/#primaryimage\"},\"image\":{\"@id\":\"https:\\\/\\\/interamerica.org\\\/fr\\\/2015\\\/01\\\/les-principaux-leaders-adventistes-construisent-une-eglise-en-republique-dominicaine\\\/#primaryimage\"},\"thumbnailUrl\":\"https:\\\/\\\/interamerica.org\\\/wp-content\\\/uploads\\\/2017\\\/06\\\/MVI-churchDR600.png\",\"datePublished\":\"2015-01-15T04:00:00+00:00\",\"author\":{\"@id\":\"https:\\\/\\\/interamerica.org\\\/fr\\\/#\\\/schema\\\/person\\\/68ede8bdc292885bb76c1e3810e73c39\"},\"breadcrumb\":{\"@id\":\"https:\\\/\\\/interamerica.org\\\/fr\\\/2015\\\/01\\\/les-principaux-leaders-adventistes-construisent-une-eglise-en-republique-dominicaine\\\/#breadcrumb\"},\"inLanguage\":\"fr-FR\",\"potentialAction\":[{\"@type\":\"ReadAction\",\"target\":[\"https:\\\/\\\/interamerica.org\\\/fr\\\/2015\\\/01\\\/les-principaux-leaders-adventistes-construisent-une-eglise-en-republique-dominicaine\\\/\"]}]},{\"@type\":\"ImageObject\",\"inLanguage\":\"fr-FR\",\"@id\":\"https:\\\/\\\/interamerica.org\\\/fr\\\/2015\\\/01\\\/les-principaux-leaders-adventistes-construisent-une-eglise-en-republique-dominicaine\\\/#primaryimage\",\"url\":\"https:\\\/\\\/interamerica.org\\\/wp-content\\\/uploads\\\/2017\\\/06\\\/MVI-churchDR600.png\",\"contentUrl\":\"https:\\\/\\\/interamerica.org\\\/wp-content\\\/uploads\\\/2017\\\/06\\\/MVI-churchDR600.png\",\"width\":600,\"height\":350},{\"@type\":\"BreadcrumbList\",\"@id\":\"https:\\\/\\\/interamerica.org\\\/fr\\\/2015\\\/01\\\/les-principaux-leaders-adventistes-construisent-une-eglise-en-republique-dominicaine\\\/#breadcrumb\",\"itemListElement\":[{\"@type\":\"ListItem\",\"position\":1,\"name\":\"Home\",\"item\":\"https:\\\/\\\/interamerica.org\\\/fr\\\/\"},{\"@type\":\"ListItem\",\"position\":2,\"name\":\"Les principaux leaders Adventistes construisent une \u00e9glise en R\u00e9publique Dominicaine\"}]},{\"@type\":\"WebSite\",\"@id\":\"https:\\\/\\\/interamerica.org\\\/fr\\\/#website\",\"url\":\"https:\\\/\\\/interamerica.org\\\/fr\\\/\",\"name\":\"\u00c9glise Adventiste Du Septieme Jour - Inter Am\u00e9rique Division\",\"description\":\"\",\"potentialAction\":[{\"@type\":\"SearchAction\",\"target\":{\"@type\":\"EntryPoint\",\"urlTemplate\":\"https:\\\/\\\/interamerica.org\\\/fr\\\/?s={search_term_string}\"},\"query-input\":{\"@type\":\"PropertyValueSpecification\",\"valueRequired\":true,\"valueName\":\"search_term_string\"}}],\"inLanguage\":\"fr-FR\"},{\"@type\":\"Person\",\"@id\":\"https:\\\/\\\/interamerica.org\\\/fr\\\/#\\\/schema\\\/person\\\/68ede8bdc292885bb76c1e3810e73c39\",\"name\":\"Lorenzo Verduzco\",\"image\":{\"@type\":\"ImageObject\",\"inLanguage\":\"fr-FR\",\"@id\":\"https:\\\/\\\/secure.gravatar.com\\\/avatar\\\/fb81a55b6218459490a9c1dc841a34909185b81904c5337b4b27f7a6fd60c49e?s=96&d=mm&r=g\",\"url\":\"https:\\\/\\\/secure.gravatar.com\\\/avatar\\\/fb81a55b6218459490a9c1dc841a34909185b81904c5337b4b27f7a6fd60c49e?s=96&d=mm&r=g\",\"contentUrl\":\"https:\\\/\\\/secure.gravatar.com\\\/avatar\\\/fb81a55b6218459490a9c1dc841a34909185b81904c5337b4b27f7a6fd60c49e?s=96&d=mm&r=g\",\"caption\":\"Lorenzo Verduzco\"}}]}<\/script>\n<!-- \/ Yoast SEO plugin. -->","yoast_head_json":{"title":"Les principaux leaders Adventistes construisent une \u00e9glise en R\u00e9publique Dominicaine - \u00c9glise Adventiste Du Septieme Jour - Inter Am\u00e9rique Division","robots":{"index":"index","follow":"follow","max-snippet":"max-snippet:-1","max-image-preview":"max-image-preview:large","max-video-preview":"max-video-preview:-1"},"canonical":"https:\/\/interamerica.org\/fr\/2015\/01\/les-principaux-leaders-adventistes-construisent-une-eglise-en-republique-dominicaine\/","og_locale":"fr_FR","og_type":"article","og_title":"Les principaux leaders Adventistes construisent une \u00e9glise en R\u00e9publique Dominicaine - \u00c9glise Adventiste Du Septieme Jour - Inter Am\u00e9rique Division","og_description":"Les 29 principaux dirigeants de l\u2019Eglise Adventiste du Septi\u00e8me Jour ont laiss\u00e9 de c\u00f4t\u00e9 leurs ordinateurs portables et leur t\u00e9l\u00e9phones mobiles pour utiliser des pinceaux et des pelles mercredi pour prendre part \u00e0 la construction d\u2019une \u00e9glise \u2013 quelques uns d\u2019entre eux pour la premi\u00e8re fois \u2013 sur l\u2019ile Carib\u00e9enne de la R\u00e9publique Dominicaine.  Ted N.C. Wilson, pr\u00e9sident de la Conf\u00e9rence G\u00e9n\u00e9rale de l\u2019Eglise Adventiste, \u00e9tait \u00e0 la t\u00eate du groupe de pr\u00e9sidents de division, des vice-pr\u00e9sidents et d\u2019autres administrateurs de l\u2019\u00e9glise qui ont fait une pause dans une rencontre administrative d\u2019une semaine pour apporter leur aide dans le projet de la ville de La Romana.","og_url":"https:\/\/interamerica.org\/fr\/2015\/01\/les-principaux-leaders-adventistes-construisent-une-eglise-en-republique-dominicaine\/","og_site_name":"\u00c9glise Adventiste Du Septieme Jour - Inter Am\u00e9rique Division","article_published_time":"2015-01-15T04:00:00+00:00","og_image":[{"width":600,"height":350,"url":"https:\/\/interamerica.org\/wp-content\/uploads\/2017\/06\/MVI-churchDR600.png","type":"image\/png"}],"author":"Lorenzo Verduzco","twitter_card":"summary_large_image","twitter_misc":{"\u00c9crit par":"Lorenzo Verduzco","Dur\u00e9e de lecture estim\u00e9e":"8 minutes"},"schema":{"@context":"https:\/\/schema.org","@graph":[{"@type":"Article","@id":"https:\/\/interamerica.org\/fr\/2015\/01\/les-principaux-leaders-adventistes-construisent-une-eglise-en-republique-dominicaine\/#article","isPartOf":{"@id":"https:\/\/interamerica.org\/fr\/2015\/01\/les-principaux-leaders-adventistes-construisent-une-eglise-en-republique-dominicaine\/"},"author":{"name":"Lorenzo Verduzco","@id":"https:\/\/interamerica.org\/fr\/#\/schema\/person\/68ede8bdc292885bb76c1e3810e73c39"},"headline":"Les principaux leaders Adventistes construisent une \u00e9glise en R\u00e9publique Dominicaine","datePublished":"2015-01-15T04:00:00+00:00","mainEntityOfPage":{"@id":"https:\/\/interamerica.org\/fr\/2015\/01\/les-principaux-leaders-adventistes-construisent-une-eglise-en-republique-dominicaine\/"},"wordCount":1691,"image":{"@id":"https:\/\/interamerica.org\/fr\/2015\/01\/les-principaux-leaders-adventistes-construisent-une-eglise-en-republique-dominicaine\/#primaryimage"},"thumbnailUrl":"https:\/\/interamerica.org\/wp-content\/uploads\/2017\/06\/MVI-churchDR600.png","articleSection":["Nouvelles du territoire","RSS Fran\u00e7ais"],"inLanguage":"fr-FR"},{"@type":"WebPage","@id":"https:\/\/interamerica.org\/fr\/2015\/01\/les-principaux-leaders-adventistes-construisent-une-eglise-en-republique-dominicaine\/","url":"https:\/\/interamerica.org\/fr\/2015\/01\/les-principaux-leaders-adventistes-construisent-une-eglise-en-republique-dominicaine\/","name":"Les principaux leaders Adventistes construisent une \u00e9glise en R\u00e9publique Dominicaine - \u00c9glise Adventiste Du Septieme Jour - Inter Am\u00e9rique Division","isPartOf":{"@id":"https:\/\/interamerica.org\/fr\/#website"},"primaryImageOfPage":{"@id":"https:\/\/interamerica.org\/fr\/2015\/01\/les-principaux-leaders-adventistes-construisent-une-eglise-en-republique-dominicaine\/#primaryimage"},"image":{"@id":"https:\/\/interamerica.org\/fr\/2015\/01\/les-principaux-leaders-adventistes-construisent-une-eglise-en-republique-dominicaine\/#primaryimage"},"thumbnailUrl":"https:\/\/interamerica.org\/wp-content\/uploads\/2017\/06\/MVI-churchDR600.png","datePublished":"2015-01-15T04:00:00+00:00","author":{"@id":"https:\/\/interamerica.org\/fr\/#\/schema\/person\/68ede8bdc292885bb76c1e3810e73c39"},"breadcrumb":{"@id":"https:\/\/interamerica.org\/fr\/2015\/01\/les-principaux-leaders-adventistes-construisent-une-eglise-en-republique-dominicaine\/#breadcrumb"},"inLanguage":"fr-FR","potentialAction":[{"@type":"ReadAction","target":["https:\/\/interamerica.org\/fr\/2015\/01\/les-principaux-leaders-adventistes-construisent-une-eglise-en-republique-dominicaine\/"]}]},{"@type":"ImageObject","inLanguage":"fr-FR","@id":"https:\/\/interamerica.org\/fr\/2015\/01\/les-principaux-leaders-adventistes-construisent-une-eglise-en-republique-dominicaine\/#primaryimage","url":"https:\/\/interamerica.org\/wp-content\/uploads\/2017\/06\/MVI-churchDR600.png","contentUrl":"https:\/\/interamerica.org\/wp-content\/uploads\/2017\/06\/MVI-churchDR600.png","width":600,"height":350},{"@type":"BreadcrumbList","@id":"https:\/\/interamerica.org\/fr\/2015\/01\/les-principaux-leaders-adventistes-construisent-une-eglise-en-republique-dominicaine\/#breadcrumb","itemListElement":[{"@type":"ListItem","position":1,"name":"Home","item":"https:\/\/interamerica.org\/fr\/"},{"@type":"ListItem","position":2,"name":"Les principaux leaders Adventistes construisent une \u00e9glise en R\u00e9publique Dominicaine"}]},{"@type":"WebSite","@id":"https:\/\/interamerica.org\/fr\/#website","url":"https:\/\/interamerica.org\/fr\/","name":"\u00c9glise Adventiste Du Septieme Jour - Inter Am\u00e9rique Division","description":"","potentialAction":[{"@type":"SearchAction","target":{"@type":"EntryPoint","urlTemplate":"https:\/\/interamerica.org\/fr\/?s={search_term_string}"},"query-input":{"@type":"PropertyValueSpecification","valueRequired":true,"valueName":"search_term_string"}}],"inLanguage":"fr-FR"},{"@type":"Person","@id":"https:\/\/interamerica.org\/fr\/#\/schema\/person\/68ede8bdc292885bb76c1e3810e73c39","name":"Lorenzo Verduzco","image":{"@type":"ImageObject","inLanguage":"fr-FR","@id":"https:\/\/secure.gravatar.com\/avatar\/fb81a55b6218459490a9c1dc841a34909185b81904c5337b4b27f7a6fd60c49e?s=96&d=mm&r=g","url":"https:\/\/secure.gravatar.com\/avatar\/fb81a55b6218459490a9c1dc841a34909185b81904c5337b4b27f7a6fd60c49e?s=96&d=mm&r=g","contentUrl":"https:\/\/secure.gravatar.com\/avatar\/fb81a55b6218459490a9c1dc841a34909185b81904c5337b4b27f7a6fd60c49e?s=96&d=mm&r=g","caption":"Lorenzo Verduzco"}}]}},"_links":{"self":[{"href":"https:\/\/interamerica.org\/fr\/wp-json\/wp\/v2\/posts\/32146","targetHints":{"allow":["GET"]}}],"collection":[{"href":"https:\/\/interamerica.org\/fr\/wp-json\/wp\/v2\/posts"}],"about":[{"href":"https:\/\/interamerica.org\/fr\/wp-json\/wp\/v2\/types\/post"}],"author":[{"embeddable":true,"href":"https:\/\/interamerica.org\/fr\/wp-json\/wp\/v2\/users\/1"}],"replies":[{"embeddable":true,"href":"https:\/\/interamerica.org\/fr\/wp-json\/wp\/v2\/comments?post=32146"}],"version-history":[{"count":0,"href":"https:\/\/interamerica.org\/fr\/wp-json\/wp\/v2\/posts\/32146\/revisions"}],"wp:featuredmedia":[{"embeddable":true,"href":"https:\/\/interamerica.org\/fr\/wp-json\/wp\/v2\/media\/24225"}],"wp:attachment":[{"href":"https:\/\/interamerica.org\/fr\/wp-json\/wp\/v2\/media?parent=32146"}],"wp:term":[{"taxonomy":"category","embeddable":true,"href":"https:\/\/interamerica.org\/fr\/wp-json\/wp\/v2\/categories?post=32146"},{"taxonomy":"post_tag","embeddable":true,"href":"https:\/\/interamerica.org\/fr\/wp-json\/wp\/v2\/tags?post=32146"}],"curies":[{"name":"wp","href":"https:\/\/api.w.org\/{rel}","templated":true}]}}