{"id":32147,"date":"2015-01-16T00:00:00","date_gmt":"2015-01-16T04:00:00","guid":{"rendered":"http:\/\/192.81.217.108\/interamerica\/2015\/01\/en-republique-dominicaine-une-rue-porte-le-nom-de-la-cofondatrice-de-leglise-adventiste-ellen-g-white\/"},"modified":"2015-01-16T00:00:00","modified_gmt":"2015-01-16T04:00:00","slug":"en-republique-dominicaine-une-rue-porte-le-nom-de-la-cofondatrice-de-leglise-adventiste-ellen-g-white","status":"publish","type":"post","link":"https:\/\/interamerica.org\/fr\/2015\/01\/en-republique-dominicaine-une-rue-porte-le-nom-de-la-cofondatrice-de-leglise-adventiste-ellen-g-white\/","title":{"rendered":"En R\u00e9publique Dominicaine, une rue porte le nom de la cofondatrice de l\u2019Eglise Adventiste, Ellen G. White."},"content":{"rendered":"<div id=\"attachment_14812\" style=\"width: 610px\" class=\"wp-caption aligncenter\"><a href=\"\/interamerica\/wp-content\/uploads\/2017\/06\/EGWstreet-unveil.png\" rel=\"fancybox\" title=\"En R\u00e9publique Dominicaine, une rue porte le nom de la cofondatrice de l\u2019Eglise Adventiste, Ellen G. White.\"><img fetchpriority=\"high\" decoding=\"async\" aria-describedby=\"caption-attachment-14812\" class=\"size-full wp-image-14812\" src=\"\/interamerica\/wp-content\/uploads\/2017\/06\/EGWstreet-unveil.png\" alt=\"\" width=\"600\" height=\"433\" \/><\/a><p id=\"caption-attachment-14812\" class=\"wp-caption-text\">Le pr\u00e9sident de l\u2019Eglise Adventiste du Septi\u00e8me Jour, Ted N.C. Wilson, d\u00e9voile la nouvelle pancarte qui change officiellement le nom de la 7\u00e8me Rue \u00e0 La Romana, en R\u00e9publique Dominicaine, elle devient Rue Ellen G. White ou en espagnol \u00ab Elena G. de White, le 15 janvier 2015. Image de Libna Stevens\/DIA.<\/p><\/div>\n<p>16 Janvier 2015 \u2013 La Romana, R\u00e9publique Dominicaine \u2013 Libna Stevens\/DIA\/ANN<\/p>\n<p>La ville de la Romana dans le sud-est de la R\u00e9publique Dominicaine a d\u00e9clar\u00e9 hier qu\u2019elle donnera \u00e0 une de ses rues le nom d\u2019Ellen G. White, un des fondateurs de l\u2019Eglise Adventiste du Septi\u00e8me Jour.<\/p>\n<div id=\"attachment_14809\" style=\"width: 410px\" class=\"wp-caption alignleft\"><a href=\"\/interamerica\/wp-content\/uploads\/2017\/06\/WilsonLaRomana.png\" rel=\"fancybox\" title=\"En R\u00e9publique Dominicaine, une rue porte le nom de la cofondatrice de l\u2019Eglise Adventiste, Ellen G. White.\"><img decoding=\"async\" aria-describedby=\"caption-attachment-14809\" class=\"size-full wp-image-14809 \" src=\"\/interamerica\/wp-content\/uploads\/2017\/06\/WilsonLaRomana.png\" alt=\"\" width=\"400\" height=\"266\" \/><\/a><p id=\"caption-attachment-14809\" class=\"wp-caption-text\">Le maire de La Romana, Maritza Suero pose avec le pr\u00e9sident de l\u2019Eglise Adventiste, Ted N.C. Wilson, apr\u00e8s avoir d\u00e9clar\u00e9 qu\u2019il \u00e9tait un visiteur d\u2019honneur de la ville.<\/p><\/div>\n<p>L\u2019annonce est intervenue au cours d\u2019une c\u00e9r\u00e9monie qui s\u2019est tenue \u00e0 l\u2019h\u00f4tel de ville de La Romana. Le maire, Maritza Suero, des responsables municipaux ainsi que le pr\u00e9sident de l\u2019Eglise Adventiste du Septi\u00e8me Jour, Ted Wilson, \u00e9taient pr\u00e9sents.<\/p>\n<p>\u00ab Les mots ne suffisent pas pour accueillir de telles personnalit\u00e9s du monde Chr\u00e9tien ici aujourd\u2019hui dans cette ville de La Romana que nous avons d\u2019ailleurs d\u00e9clar\u00e9e ville de Dieu, \u00bb a dit Maritza Suero, alors qu\u2019elle souhaitait la bienvenue aux principaux leaders de l\u2019Eglise Adventiste venus du monde entier, ainsi qu\u2019aux dirigeants locaux et aux membres d\u2019\u00e9glise.<\/p>\n<p>\u00ab C\u2019est une grande joie de reconna\u00eetre Ted Wilson comme \u00e9tant un visiteur d\u2019honneur parce que nous savons que c\u2019est un homme qui a suivi les pas de J\u00e9sus en proclamant la bonne nouvelle du salut \u00e0 un monde qui a tant besoin de Dieu, \u00bb a ajout\u00e9 Maritza Suero qui g\u00e8re un district municipal comptant plus de 127000 habitants.<\/p>\n<p>Ted Wilson a remerci\u00e9 les responsables municipaux pour le geste, pour leurs efforts dans la promotion de la libert\u00e9 religieuse et leurs d\u00e9marches visant \u00e0 comm\u00e9morer l\u2019\u0153uvre d\u2019Ellen G. White en donnant son nom \u00e0 une rue.<\/p>\n<div id=\"attachment_14808\" style=\"width: 310px\" class=\"wp-caption alignright\"><a href=\"\/interamerica\/wp-content\/uploads\/2017\/06\/WanchyMedina.png\" rel=\"fancybox\" title=\"En R\u00e9publique Dominicaine, une rue porte le nom de la cofondatrice de l\u2019Eglise Adventiste, Ellen G. White.\"><img decoding=\"async\" aria-describedby=\"caption-attachment-14808\" class=\"size-full wp-image-14808\" src=\"\/interamerica\/wp-content\/uploads\/2017\/06\/WanchyMedina.png\" alt=\"\" width=\"300\" height=\"235\" \/><\/a><p id=\"caption-attachment-14808\" class=\"wp-caption-text\">Le conseiller municipal Wanchy Medina a lu la d\u00e9claration relative \u00e0 la nouvelle rue qui porte d\u00e9sormais le nom d\u2019Elena G. de White.<\/p><\/div>\n<p>\u00ab Cela nous rappelle notre histoire et la mani\u00e8re dont Dieu nous a conduit en tant qu\u2019Eglise Adventiste du Septi\u00e8me Jour, \u00bb a dit Ted Wilson alors qu\u2019il remerciait le maire au nom des leaders de l\u2019\u00e9glise mondiale. Pasteur Wilson et d\u2019autres dirigeants de l\u2019\u00e9glise sont dans la r\u00e9gion cette semaine pour assister aux rencontres de planification du Comit\u00e9 Ex\u00e9cutif Consultatif du Pr\u00e9sident pour le d\u00e9but de l\u2019ann\u00e9e.<\/p>\n<p>\u00ab Nous croyons qu\u2019Ellen G. White a re\u00e7u des visions de Dieu non pour s\u2019attirer la gloire \u00e0 elle m\u00eame, mais pour diriger les gens vers la Bible et le Dieu du ciel, \u00bb a ajout\u00e9 Ted Wilson. \u00ab Ses \u00e9crits sur la sant\u00e9, la famille, l\u2019\u0153uvre des publications, les relations avec les autres, les sujets religieux, les \u00e9tudes bibliques et l\u2019\u00e9ducation sont des instructions pour nous. C\u2019est pourquoi les Adventistes du Septi\u00e8me Jour sont des citoyens qui respectent la loi parce qu\u2019ils croient qu\u2019il faut suivre les conseils venus du ciel. \u00bb<\/p>\n<div id=\"attachment_14810\" style=\"width: 410px\" class=\"wp-caption alignleft\"><a href=\"\/interamerica\/wp-content\/uploads\/2017\/06\/Leito-LaRomana.png\" rel=\"fancybox\" title=\"En R\u00e9publique Dominicaine, une rue porte le nom de la cofondatrice de l\u2019Eglise Adventiste, Ellen G. White.\"><img loading=\"lazy\" decoding=\"async\" aria-describedby=\"caption-attachment-14810\" class=\"size-full wp-image-14810\" src=\"\/interamerica\/wp-content\/uploads\/2017\/06\/Leito-LaRomana.png\" alt=\"\" width=\"400\" height=\"277\" \/><\/a><p id=\"caption-attachment-14810\" class=\"wp-caption-text\">Le pr\u00e9sident de la DIA, Isra\u00ebl Leito (deuxi\u00e8me \u00e0 partir de la droite) remercie le maire Maritza Suero, ainsi que les responsables municipaux pour le soutien apport\u00e9 aux lois favorisant la libert\u00e9 religieuse; il a assur\u00e9 au maire qu\u2019elle trouverait dans les membres Adventistes les meilleurs administr\u00e9s qui soient.<\/p><\/div>\n<p>Anciennement appel\u00e9e 7\u00e8me Rue, la Rue Elena G de White se trouve dans la communaut\u00e9 de Villa Alacran et relie deux communaut\u00e9s voisines. Le conseiller municipal du district Wanchy Medina est celui \u00e0 qui on doit l\u2019id\u00e9e de renommer la rue.<\/p>\n<p>Wanchy Medina, qui a grandi Adventiste du Septi\u00e8me Jour, a \u00e9t\u00e9 pouss\u00e9 \u00e0 reconna\u00eetre Ellen G. White parce qu\u2019elle est une autorit\u00e9 ayant fait une contribution significative dans le monde dans beaucoup de domaines dont celui de la sant\u00e9, a t-il dit. La rue se trouve \u00e0 un p\u00e2t\u00e9 de maisons de l\u2019\u00e9glise Adventiste La Fe de Villa Alacran qui compte 60 membres.<\/p>\n<p>G.T. Ng, secr\u00e9taire de l\u2019Eglise Adventiste mondiale et pr\u00e9sident du Conseil d\u2019Administration du White Estate, a d\u00e9clar\u00e9 que c\u2019est la premi\u00e8re fois qu\u2019une rue re\u00e7oit le nom d\u2019Ellen White. \u00ab Cela intervient \u00e0 l\u2019occasion du centenaire de la mort d\u2019Ellen White, \u00bb a t-il fait remarquer.<\/p>\n<p>Isra\u00ebl Leito, pr\u00e9sident de l\u2019Eglise Adventiste en Inter Am\u00e9rique, a remerci\u00e9 le maire Maritza Suero ainsi que son conseil municipal pour le soutien apport\u00e9 aux lois promouvant la libert\u00e9 religieuse et a assur\u00e9 au maire qu\u2019elle trouverait dans les membres Adventistes les meilleurs administr\u00e9s qui soient.<\/p>\n<p>\u00ab M\u00eame si vous avez les meilleurs administr\u00e9s dans la ville, vous r\u00e9aliserez que nos membres d\u2019\u00e9glise sont des personnes pacifiques respectant la loi, respectant le gouvernement, des personnes sur qui on peut compter pour toute bonne \u0153uvre, \u00bb a dit pasteur Leito. \u00ab Nous sommes ici pour vous servir. \u00bb<\/p>\n<div id=\"attachment_14811\" style=\"width: 310px\" class=\"wp-caption alignleft\"><a href=\"\/interamerica\/wp-content\/uploads\/2017\/06\/CesarioAcevedo-LaROmana.png\" rel=\"fancybox\" title=\"En R\u00e9publique Dominicaine, une rue porte le nom de la cofondatrice de l\u2019Eglise Adventiste, Ellen G. White.\"><img loading=\"lazy\" decoding=\"async\" aria-describedby=\"caption-attachment-14811\" class=\"size-full wp-image-14811\" src=\"\/interamerica\/wp-content\/uploads\/2017\/06\/CesarioAcevedo-LaROmana.png\" alt=\"\" width=\"300\" height=\"218\" \/><\/a><p id=\"caption-attachment-14811\" class=\"wp-caption-text\">Pasteur Cesario Acevedo, pr\u00e9sident de l\u2019Eglise Adventiste en R\u00e9publique Dominicaine remet une plaque au maire Maritza Suero au nom des 300000 membres de l\u2019Eglise Adventiste sur l\u2019ile.<\/p><\/div>\n<p>Alors que la c\u00e9r\u00e9monie arrivait \u00e0 son terme, le pr\u00e9sident du conseil municipal a fait une annonce surprise indiquant que la municipalit\u00e9 faisait don d\u2019une parcelle de terre dans l\u2019ouest de la ville pour la construction d\u2019une \u00e9glise.<\/p>\n<p>La propri\u00e9t\u00e9 de 500 m\u00e8tres carr\u00e9s, dont la valeur s\u2019\u00e9l\u00e8ve \u00e0 plus de 100000 dollars US, se trouve dans une r\u00e9gion o\u00f9 vivent des gens de la haute classe moyenne. L\u2019annonce a \u00e9t\u00e9 accueillie par des applaudissements enthousiastes vu qu\u2019il n\u2019y a actuellement pas de pr\u00e9sence Adventiste dans la r\u00e9gion, d\u2019apr\u00e8s les informations donn\u00e9es par les dirigeants d\u2019\u00e9glise locaux.<\/p>\n<p>Cesario Acevedo, pr\u00e9sident de l\u2019Eglise Adventiste en R\u00e9publique Dominicaine, a remis une plaque au maire Maritza Suero au nom de l\u2019\u00e9glise et lui a remis, \u00e0 elle et \u00e0 tout son personnel, une collection de livres d\u2019Ellen G. White.<\/p>\n<p>\u00ab Cet \u00e9v\u00e8nement a vraiment une grande importance pour nos membres ici en R\u00e9publique Dominicaine, \u00bb a dit pasteur Acevedo. \u00ab Nos membres respectent et appr\u00e9cient \u00e9norm\u00e9ment le minist\u00e8re d\u2019Ellen G. White. Nos membres continuent de b\u00e9n\u00e9ficier de ses instructions, et ce panneau avec son nom indiquera le chemin vers les tr\u00e9sors que l\u2019on peut trouver dans ses \u00e9crits. \u00bb<\/p>\n<p>Pour voir des photos de la c\u00e9r\u00e9monie cliquez ICI<\/p>\n<p>Traduction: Patrick Luciathe<\/p>\n","protected":false},"excerpt":{"rendered":"<p>La ville de la Romana dans le sud-est de la R\u00e9publique Dominicaine a d\u00e9clar\u00e9 hier qu\u2019elle donnera \u00e0 une de ses rues le nom d\u2019Ellen G. White, un des fondateurs de l\u2019Eglise Adventiste du Septi\u00e8me Jour. L\u2019annonce est intervenue au cours d\u2019une c\u00e9r\u00e9monie qui s\u2019est tenue \u00e0 l\u2019h\u00f4tel de ville de La Romana. <\/p>\n<p>Le maire, Maritza Suero, des responsables municipaux ainsi que le pr\u00e9sident de l\u2019Eglise Adventiste du Septi\u00e8me Jour, Ted Wilson, \u00e9taient pr\u00e9sents.<\/p>\n","protected":false},"author":1,"featured_media":24250,"comment_status":"closed","ping_status":"closed","sticky":false,"template":"","format":"standard","meta":{"_acf_changed":false,"footnotes":""},"categories":[21,19],"tags":[],"class_list":["post-32147","post","type-post","status-publish","format-standard","has-post-thumbnail","hentry","category-nouvelles-du-territoire","category-rss-francais"],"acf":[],"yoast_head":"<!-- This site is optimized with the Yoast SEO plugin v27.3 - https:\/\/yoast.com\/product\/yoast-seo-wordpress\/ -->\n<title>En R\u00e9publique Dominicaine, une rue porte le nom de la cofondatrice de l\u2019Eglise Adventiste, Ellen G. White. - \u00c9glise Adventiste Du Septieme Jour - Inter Am\u00e9rique Division<\/title>\n<meta name=\"robots\" content=\"index, follow, max-snippet:-1, max-image-preview:large, max-video-preview:-1\" \/>\n<link rel=\"canonical\" href=\"https:\/\/interamerica.org\/fr\/2015\/01\/en-republique-dominicaine-une-rue-porte-le-nom-de-la-cofondatrice-de-leglise-adventiste-ellen-g-white\/\" \/>\n<meta property=\"og:locale\" content=\"fr_FR\" \/>\n<meta property=\"og:type\" content=\"article\" \/>\n<meta property=\"og:title\" content=\"En R\u00e9publique Dominicaine, une rue porte le nom de la cofondatrice de l\u2019Eglise Adventiste, Ellen G. White. - \u00c9glise Adventiste Du Septieme Jour - Inter Am\u00e9rique Division\" \/>\n<meta property=\"og:description\" content=\"La ville de la Romana dans le sud-est de la R\u00e9publique Dominicaine a d\u00e9clar\u00e9 hier qu\u2019elle donnera \u00e0 une de ses rues le nom d\u2019Ellen G. White, un des fondateurs de l\u2019Eglise Adventiste du Septi\u00e8me Jour. L\u2019annonce est intervenue au cours d\u2019une c\u00e9r\u00e9monie qui s\u2019est tenue \u00e0 l\u2019h\u00f4tel de ville de La Romana.  Le maire, Maritza Suero, des responsables municipaux ainsi que le pr\u00e9sident de l\u2019Eglise Adventiste du Septi\u00e8me Jour, Ted Wilson, \u00e9taient pr\u00e9sents.\" \/>\n<meta property=\"og:url\" content=\"https:\/\/interamerica.org\/fr\/2015\/01\/en-republique-dominicaine-une-rue-porte-le-nom-de-la-cofondatrice-de-leglise-adventiste-ellen-g-white\/\" \/>\n<meta property=\"og:site_name\" content=\"\u00c9glise Adventiste Du Septieme Jour - Inter Am\u00e9rique Division\" \/>\n<meta property=\"article:published_time\" content=\"2015-01-16T04:00:00+00:00\" \/>\n<meta property=\"og:image\" content=\"https:\/\/interamerica.org\/wp-content\/uploads\/2017\/06\/EGWstreet-unveil.png\" \/>\n\t<meta property=\"og:image:width\" content=\"600\" \/>\n\t<meta property=\"og:image:height\" content=\"433\" \/>\n\t<meta property=\"og:image:type\" content=\"image\/png\" \/>\n<meta name=\"author\" content=\"Lorenzo Verduzco\" \/>\n<meta name=\"twitter:card\" content=\"summary_large_image\" \/>\n<meta name=\"twitter:label1\" content=\"\u00c9crit par\" \/>\n\t<meta name=\"twitter:data1\" content=\"Lorenzo Verduzco\" \/>\n\t<meta name=\"twitter:label2\" content=\"Dur\u00e9e de lecture estim\u00e9e\" \/>\n\t<meta name=\"twitter:data2\" content=\"6 minutes\" \/>\n<script type=\"application\/ld+json\" class=\"yoast-schema-graph\">{\"@context\":\"https:\\\/\\\/schema.org\",\"@graph\":[{\"@type\":\"Article\",\"@id\":\"https:\\\/\\\/interamerica.org\\\/fr\\\/2015\\\/01\\\/en-republique-dominicaine-une-rue-porte-le-nom-de-la-cofondatrice-de-leglise-adventiste-ellen-g-white\\\/#article\",\"isPartOf\":{\"@id\":\"https:\\\/\\\/interamerica.org\\\/fr\\\/2015\\\/01\\\/en-republique-dominicaine-une-rue-porte-le-nom-de-la-cofondatrice-de-leglise-adventiste-ellen-g-white\\\/\"},\"author\":{\"name\":\"Lorenzo Verduzco\",\"@id\":\"https:\\\/\\\/interamerica.org\\\/fr\\\/#\\\/schema\\\/person\\\/68ede8bdc292885bb76c1e3810e73c39\"},\"headline\":\"En R\u00e9publique Dominicaine, une rue porte le nom de la cofondatrice de l\u2019Eglise Adventiste, Ellen G. White.\",\"datePublished\":\"2015-01-16T04:00:00+00:00\",\"mainEntityOfPage\":{\"@id\":\"https:\\\/\\\/interamerica.org\\\/fr\\\/2015\\\/01\\\/en-republique-dominicaine-une-rue-porte-le-nom-de-la-cofondatrice-de-leglise-adventiste-ellen-g-white\\\/\"},\"wordCount\":1200,\"image\":{\"@id\":\"https:\\\/\\\/interamerica.org\\\/fr\\\/2015\\\/01\\\/en-republique-dominicaine-une-rue-porte-le-nom-de-la-cofondatrice-de-leglise-adventiste-ellen-g-white\\\/#primaryimage\"},\"thumbnailUrl\":\"https:\\\/\\\/interamerica.org\\\/wp-content\\\/uploads\\\/2017\\\/06\\\/EGWstreet-unveil.png\",\"articleSection\":[\"Nouvelles du territoire\",\"RSS Fran\u00e7ais\"],\"inLanguage\":\"fr-FR\"},{\"@type\":\"WebPage\",\"@id\":\"https:\\\/\\\/interamerica.org\\\/fr\\\/2015\\\/01\\\/en-republique-dominicaine-une-rue-porte-le-nom-de-la-cofondatrice-de-leglise-adventiste-ellen-g-white\\\/\",\"url\":\"https:\\\/\\\/interamerica.org\\\/fr\\\/2015\\\/01\\\/en-republique-dominicaine-une-rue-porte-le-nom-de-la-cofondatrice-de-leglise-adventiste-ellen-g-white\\\/\",\"name\":\"En R\u00e9publique Dominicaine, une rue porte le nom de la cofondatrice de l\u2019Eglise Adventiste, Ellen G. White. - \u00c9glise Adventiste Du Septieme Jour - Inter Am\u00e9rique Division\",\"isPartOf\":{\"@id\":\"https:\\\/\\\/interamerica.org\\\/fr\\\/#website\"},\"primaryImageOfPage\":{\"@id\":\"https:\\\/\\\/interamerica.org\\\/fr\\\/2015\\\/01\\\/en-republique-dominicaine-une-rue-porte-le-nom-de-la-cofondatrice-de-leglise-adventiste-ellen-g-white\\\/#primaryimage\"},\"image\":{\"@id\":\"https:\\\/\\\/interamerica.org\\\/fr\\\/2015\\\/01\\\/en-republique-dominicaine-une-rue-porte-le-nom-de-la-cofondatrice-de-leglise-adventiste-ellen-g-white\\\/#primaryimage\"},\"thumbnailUrl\":\"https:\\\/\\\/interamerica.org\\\/wp-content\\\/uploads\\\/2017\\\/06\\\/EGWstreet-unveil.png\",\"datePublished\":\"2015-01-16T04:00:00+00:00\",\"author\":{\"@id\":\"https:\\\/\\\/interamerica.org\\\/fr\\\/#\\\/schema\\\/person\\\/68ede8bdc292885bb76c1e3810e73c39\"},\"breadcrumb\":{\"@id\":\"https:\\\/\\\/interamerica.org\\\/fr\\\/2015\\\/01\\\/en-republique-dominicaine-une-rue-porte-le-nom-de-la-cofondatrice-de-leglise-adventiste-ellen-g-white\\\/#breadcrumb\"},\"inLanguage\":\"fr-FR\",\"potentialAction\":[{\"@type\":\"ReadAction\",\"target\":[\"https:\\\/\\\/interamerica.org\\\/fr\\\/2015\\\/01\\\/en-republique-dominicaine-une-rue-porte-le-nom-de-la-cofondatrice-de-leglise-adventiste-ellen-g-white\\\/\"]}]},{\"@type\":\"ImageObject\",\"inLanguage\":\"fr-FR\",\"@id\":\"https:\\\/\\\/interamerica.org\\\/fr\\\/2015\\\/01\\\/en-republique-dominicaine-une-rue-porte-le-nom-de-la-cofondatrice-de-leglise-adventiste-ellen-g-white\\\/#primaryimage\",\"url\":\"https:\\\/\\\/interamerica.org\\\/wp-content\\\/uploads\\\/2017\\\/06\\\/EGWstreet-unveil.png\",\"contentUrl\":\"https:\\\/\\\/interamerica.org\\\/wp-content\\\/uploads\\\/2017\\\/06\\\/EGWstreet-unveil.png\",\"width\":600,\"height\":433},{\"@type\":\"BreadcrumbList\",\"@id\":\"https:\\\/\\\/interamerica.org\\\/fr\\\/2015\\\/01\\\/en-republique-dominicaine-une-rue-porte-le-nom-de-la-cofondatrice-de-leglise-adventiste-ellen-g-white\\\/#breadcrumb\",\"itemListElement\":[{\"@type\":\"ListItem\",\"position\":1,\"name\":\"Home\",\"item\":\"https:\\\/\\\/interamerica.org\\\/fr\\\/\"},{\"@type\":\"ListItem\",\"position\":2,\"name\":\"En R\u00e9publique Dominicaine, une rue porte le nom de la cofondatrice de l\u2019Eglise Adventiste, Ellen G. White.\"}]},{\"@type\":\"WebSite\",\"@id\":\"https:\\\/\\\/interamerica.org\\\/fr\\\/#website\",\"url\":\"https:\\\/\\\/interamerica.org\\\/fr\\\/\",\"name\":\"\u00c9glise Adventiste Du Septieme Jour - Inter Am\u00e9rique Division\",\"description\":\"\",\"potentialAction\":[{\"@type\":\"SearchAction\",\"target\":{\"@type\":\"EntryPoint\",\"urlTemplate\":\"https:\\\/\\\/interamerica.org\\\/fr\\\/?s={search_term_string}\"},\"query-input\":{\"@type\":\"PropertyValueSpecification\",\"valueRequired\":true,\"valueName\":\"search_term_string\"}}],\"inLanguage\":\"fr-FR\"},{\"@type\":\"Person\",\"@id\":\"https:\\\/\\\/interamerica.org\\\/fr\\\/#\\\/schema\\\/person\\\/68ede8bdc292885bb76c1e3810e73c39\",\"name\":\"Lorenzo Verduzco\",\"image\":{\"@type\":\"ImageObject\",\"inLanguage\":\"fr-FR\",\"@id\":\"https:\\\/\\\/secure.gravatar.com\\\/avatar\\\/fb81a55b6218459490a9c1dc841a34909185b81904c5337b4b27f7a6fd60c49e?s=96&d=mm&r=g\",\"url\":\"https:\\\/\\\/secure.gravatar.com\\\/avatar\\\/fb81a55b6218459490a9c1dc841a34909185b81904c5337b4b27f7a6fd60c49e?s=96&d=mm&r=g\",\"contentUrl\":\"https:\\\/\\\/secure.gravatar.com\\\/avatar\\\/fb81a55b6218459490a9c1dc841a34909185b81904c5337b4b27f7a6fd60c49e?s=96&d=mm&r=g\",\"caption\":\"Lorenzo Verduzco\"}}]}<\/script>\n<!-- \/ Yoast SEO plugin. -->","yoast_head_json":{"title":"En R\u00e9publique Dominicaine, une rue porte le nom de la cofondatrice de l\u2019Eglise Adventiste, Ellen G. White. - \u00c9glise Adventiste Du Septieme Jour - Inter Am\u00e9rique Division","robots":{"index":"index","follow":"follow","max-snippet":"max-snippet:-1","max-image-preview":"max-image-preview:large","max-video-preview":"max-video-preview:-1"},"canonical":"https:\/\/interamerica.org\/fr\/2015\/01\/en-republique-dominicaine-une-rue-porte-le-nom-de-la-cofondatrice-de-leglise-adventiste-ellen-g-white\/","og_locale":"fr_FR","og_type":"article","og_title":"En R\u00e9publique Dominicaine, une rue porte le nom de la cofondatrice de l\u2019Eglise Adventiste, Ellen G. White. - \u00c9glise Adventiste Du Septieme Jour - Inter Am\u00e9rique Division","og_description":"La ville de la Romana dans le sud-est de la R\u00e9publique Dominicaine a d\u00e9clar\u00e9 hier qu\u2019elle donnera \u00e0 une de ses rues le nom d\u2019Ellen G. White, un des fondateurs de l\u2019Eglise Adventiste du Septi\u00e8me Jour. L\u2019annonce est intervenue au cours d\u2019une c\u00e9r\u00e9monie qui s\u2019est tenue \u00e0 l\u2019h\u00f4tel de ville de La Romana.  Le maire, Maritza Suero, des responsables municipaux ainsi que le pr\u00e9sident de l\u2019Eglise Adventiste du Septi\u00e8me Jour, Ted Wilson, \u00e9taient pr\u00e9sents.","og_url":"https:\/\/interamerica.org\/fr\/2015\/01\/en-republique-dominicaine-une-rue-porte-le-nom-de-la-cofondatrice-de-leglise-adventiste-ellen-g-white\/","og_site_name":"\u00c9glise Adventiste Du Septieme Jour - Inter Am\u00e9rique Division","article_published_time":"2015-01-16T04:00:00+00:00","og_image":[{"width":600,"height":433,"url":"https:\/\/interamerica.org\/wp-content\/uploads\/2017\/06\/EGWstreet-unveil.png","type":"image\/png"}],"author":"Lorenzo Verduzco","twitter_card":"summary_large_image","twitter_misc":{"\u00c9crit par":"Lorenzo Verduzco","Dur\u00e9e de lecture estim\u00e9e":"6 minutes"},"schema":{"@context":"https:\/\/schema.org","@graph":[{"@type":"Article","@id":"https:\/\/interamerica.org\/fr\/2015\/01\/en-republique-dominicaine-une-rue-porte-le-nom-de-la-cofondatrice-de-leglise-adventiste-ellen-g-white\/#article","isPartOf":{"@id":"https:\/\/interamerica.org\/fr\/2015\/01\/en-republique-dominicaine-une-rue-porte-le-nom-de-la-cofondatrice-de-leglise-adventiste-ellen-g-white\/"},"author":{"name":"Lorenzo Verduzco","@id":"https:\/\/interamerica.org\/fr\/#\/schema\/person\/68ede8bdc292885bb76c1e3810e73c39"},"headline":"En R\u00e9publique Dominicaine, une rue porte le nom de la cofondatrice de l\u2019Eglise Adventiste, Ellen G. White.","datePublished":"2015-01-16T04:00:00+00:00","mainEntityOfPage":{"@id":"https:\/\/interamerica.org\/fr\/2015\/01\/en-republique-dominicaine-une-rue-porte-le-nom-de-la-cofondatrice-de-leglise-adventiste-ellen-g-white\/"},"wordCount":1200,"image":{"@id":"https:\/\/interamerica.org\/fr\/2015\/01\/en-republique-dominicaine-une-rue-porte-le-nom-de-la-cofondatrice-de-leglise-adventiste-ellen-g-white\/#primaryimage"},"thumbnailUrl":"https:\/\/interamerica.org\/wp-content\/uploads\/2017\/06\/EGWstreet-unveil.png","articleSection":["Nouvelles du territoire","RSS Fran\u00e7ais"],"inLanguage":"fr-FR"},{"@type":"WebPage","@id":"https:\/\/interamerica.org\/fr\/2015\/01\/en-republique-dominicaine-une-rue-porte-le-nom-de-la-cofondatrice-de-leglise-adventiste-ellen-g-white\/","url":"https:\/\/interamerica.org\/fr\/2015\/01\/en-republique-dominicaine-une-rue-porte-le-nom-de-la-cofondatrice-de-leglise-adventiste-ellen-g-white\/","name":"En R\u00e9publique Dominicaine, une rue porte le nom de la cofondatrice de l\u2019Eglise Adventiste, Ellen G. White. - \u00c9glise Adventiste Du Septieme Jour - Inter Am\u00e9rique Division","isPartOf":{"@id":"https:\/\/interamerica.org\/fr\/#website"},"primaryImageOfPage":{"@id":"https:\/\/interamerica.org\/fr\/2015\/01\/en-republique-dominicaine-une-rue-porte-le-nom-de-la-cofondatrice-de-leglise-adventiste-ellen-g-white\/#primaryimage"},"image":{"@id":"https:\/\/interamerica.org\/fr\/2015\/01\/en-republique-dominicaine-une-rue-porte-le-nom-de-la-cofondatrice-de-leglise-adventiste-ellen-g-white\/#primaryimage"},"thumbnailUrl":"https:\/\/interamerica.org\/wp-content\/uploads\/2017\/06\/EGWstreet-unveil.png","datePublished":"2015-01-16T04:00:00+00:00","author":{"@id":"https:\/\/interamerica.org\/fr\/#\/schema\/person\/68ede8bdc292885bb76c1e3810e73c39"},"breadcrumb":{"@id":"https:\/\/interamerica.org\/fr\/2015\/01\/en-republique-dominicaine-une-rue-porte-le-nom-de-la-cofondatrice-de-leglise-adventiste-ellen-g-white\/#breadcrumb"},"inLanguage":"fr-FR","potentialAction":[{"@type":"ReadAction","target":["https:\/\/interamerica.org\/fr\/2015\/01\/en-republique-dominicaine-une-rue-porte-le-nom-de-la-cofondatrice-de-leglise-adventiste-ellen-g-white\/"]}]},{"@type":"ImageObject","inLanguage":"fr-FR","@id":"https:\/\/interamerica.org\/fr\/2015\/01\/en-republique-dominicaine-une-rue-porte-le-nom-de-la-cofondatrice-de-leglise-adventiste-ellen-g-white\/#primaryimage","url":"https:\/\/interamerica.org\/wp-content\/uploads\/2017\/06\/EGWstreet-unveil.png","contentUrl":"https:\/\/interamerica.org\/wp-content\/uploads\/2017\/06\/EGWstreet-unveil.png","width":600,"height":433},{"@type":"BreadcrumbList","@id":"https:\/\/interamerica.org\/fr\/2015\/01\/en-republique-dominicaine-une-rue-porte-le-nom-de-la-cofondatrice-de-leglise-adventiste-ellen-g-white\/#breadcrumb","itemListElement":[{"@type":"ListItem","position":1,"name":"Home","item":"https:\/\/interamerica.org\/fr\/"},{"@type":"ListItem","position":2,"name":"En R\u00e9publique Dominicaine, une rue porte le nom de la cofondatrice de l\u2019Eglise Adventiste, Ellen G. White."}]},{"@type":"WebSite","@id":"https:\/\/interamerica.org\/fr\/#website","url":"https:\/\/interamerica.org\/fr\/","name":"\u00c9glise Adventiste Du Septieme Jour - Inter Am\u00e9rique Division","description":"","potentialAction":[{"@type":"SearchAction","target":{"@type":"EntryPoint","urlTemplate":"https:\/\/interamerica.org\/fr\/?s={search_term_string}"},"query-input":{"@type":"PropertyValueSpecification","valueRequired":true,"valueName":"search_term_string"}}],"inLanguage":"fr-FR"},{"@type":"Person","@id":"https:\/\/interamerica.org\/fr\/#\/schema\/person\/68ede8bdc292885bb76c1e3810e73c39","name":"Lorenzo Verduzco","image":{"@type":"ImageObject","inLanguage":"fr-FR","@id":"https:\/\/secure.gravatar.com\/avatar\/fb81a55b6218459490a9c1dc841a34909185b81904c5337b4b27f7a6fd60c49e?s=96&d=mm&r=g","url":"https:\/\/secure.gravatar.com\/avatar\/fb81a55b6218459490a9c1dc841a34909185b81904c5337b4b27f7a6fd60c49e?s=96&d=mm&r=g","contentUrl":"https:\/\/secure.gravatar.com\/avatar\/fb81a55b6218459490a9c1dc841a34909185b81904c5337b4b27f7a6fd60c49e?s=96&d=mm&r=g","caption":"Lorenzo Verduzco"}}]}},"_links":{"self":[{"href":"https:\/\/interamerica.org\/fr\/wp-json\/wp\/v2\/posts\/32147","targetHints":{"allow":["GET"]}}],"collection":[{"href":"https:\/\/interamerica.org\/fr\/wp-json\/wp\/v2\/posts"}],"about":[{"href":"https:\/\/interamerica.org\/fr\/wp-json\/wp\/v2\/types\/post"}],"author":[{"embeddable":true,"href":"https:\/\/interamerica.org\/fr\/wp-json\/wp\/v2\/users\/1"}],"replies":[{"embeddable":true,"href":"https:\/\/interamerica.org\/fr\/wp-json\/wp\/v2\/comments?post=32147"}],"version-history":[{"count":0,"href":"https:\/\/interamerica.org\/fr\/wp-json\/wp\/v2\/posts\/32147\/revisions"}],"wp:featuredmedia":[{"embeddable":true,"href":"https:\/\/interamerica.org\/fr\/wp-json\/wp\/v2\/media\/24250"}],"wp:attachment":[{"href":"https:\/\/interamerica.org\/fr\/wp-json\/wp\/v2\/media?parent=32147"}],"wp:term":[{"taxonomy":"category","embeddable":true,"href":"https:\/\/interamerica.org\/fr\/wp-json\/wp\/v2\/categories?post=32147"},{"taxonomy":"post_tag","embeddable":true,"href":"https:\/\/interamerica.org\/fr\/wp-json\/wp\/v2\/tags?post=32147"}],"curies":[{"name":"wp","href":"https:\/\/api.w.org\/{rel}","templated":true}]}}