{"id":32148,"date":"2015-01-19T00:00:00","date_gmt":"2015-01-19T04:00:00","guid":{"rendered":"http:\/\/192.81.217.108\/interamerica\/2015\/01\/en-republique-dominicaine-leglise-adventiste-celebre-alors-que-les-campagnes-devangelisation-atteignent-leur-point-culminant\/"},"modified":"2015-01-19T00:00:00","modified_gmt":"2015-01-19T04:00:00","slug":"en-republique-dominicaine-leglise-adventiste-celebre-alors-que-les-campagnes-devangelisation-atteignent-leur-point-culminant","status":"publish","type":"post","link":"https:\/\/interamerica.org\/fr\/2015\/01\/en-republique-dominicaine-leglise-adventiste-celebre-alors-que-les-campagnes-devangelisation-atteignent-leur-point-culminant\/","title":{"rendered":"En R\u00e9publique Dominicaine, l\u2019Eglise Adventiste c\u00e9l\u00e8bre alors que les campagnes d\u2019\u00e9vang\u00e9lisation atteignent leur point culminant."},"content":{"rendered":"<div id=\"attachment_14837\" style=\"width: 610px\" class=\"wp-caption aligncenter\"><a href=\"\/interamerica\/wp-content\/uploads\/2017\/06\/RD-drone600.png\" rel=\"fancybox\" title=\"En R\u00e9publique Dominicaine, l\u2019Eglise Adventiste c\u00e9l\u00e8bre alors que les campagnes d\u2019\u00e9vang\u00e9lisation atteignent leur point culminant.\"><img fetchpriority=\"high\" decoding=\"async\" aria-describedby=\"caption-attachment-14837\" class=\"size-full wp-image-14837\" src=\"\/interamerica\/wp-content\/uploads\/2017\/06\/RD-drone600.png\" alt=\"\" width=\"600\" height=\"331\" \/><\/a><p id=\"caption-attachment-14837\" class=\"wp-caption-text\">Des milliers d\u2019Adventistes du Septi\u00e8me Jour venant de toute la R\u00e9publique Dominicaine ont pris d\u2019assaut le Palais des Sports de Santo Domingo le 17 janvier 2015, pour c\u00e9l\u00e9brer la Journ\u00e9e de Fraternit\u00e9 dans le cadre des efforts d\u2019\u00e9vang\u00e9lisation organis\u00e9s par l\u2019\u00e9glise. Image de Ren\u00e9 Gomez\/DIA.<\/p><\/div>\n<p>18 Janvier 2015 \u2013 Santo Domingo, R\u00e9publique Dominicaine \u2013 Libna Stevens\/DIA<\/p>\n<p>Il ne restait aucune place assise apr\u00e8s que des milliers d\u2019Adventistes du Septi\u00e8me Jour venus de toute la R\u00e9publique Dominicaine aient pris d\u2019assaut le Palais des Sports de Santo Domingo, afin de se r\u00e9jouir de la tenue des campagnes d\u2019\u00e9vang\u00e9lisation ; ils ont assist\u00e9 \u00e0 des centaines de bapt\u00eames et ont \u00e9cout\u00e9 l\u2019intervention des principaux leaders de l\u2019\u00e9glise le 17 janvier 2015.<\/p>\n<div id=\"attachment_14842\" style=\"width: 310px\" class=\"wp-caption alignleft\"><a href=\"\/interamerica\/wp-content\/uploads\/2017\/06\/WilsonRD.png\" rel=\"fancybox\" title=\"En R\u00e9publique Dominicaine, l\u2019Eglise Adventiste c\u00e9l\u00e8bre alors que les campagnes d\u2019\u00e9vang\u00e9lisation atteignent leur point culminant.\"><img decoding=\"async\" aria-describedby=\"caption-attachment-14842\" class=\"size-medium wp-image-14842 \" src=\"\/interamerica\/wp-content\/uploads\/2017\/06\/WilsonRD-300x198.png\" alt=\"\" width=\"300\" height=\"198\" \/><\/a><p id=\"caption-attachment-14842\" class=\"wp-caption-text\">Le pr\u00e9sident de l\u2019Eglise Adventiste du Septi\u00e8me Jour, Ted N.C. Wilson a invit\u00e9 les membres d\u2019\u00e9glise \u00e0 faire croitre l\u2019\u00e9glise de Dieu en proclamant la bonne nouvelle du salut.<\/p><\/div>\n<p>Plus de 20000 personnes avaient rempli l\u2019auditorium de 15000 places. Certains se sont assis par terre, d\u2019autres sur des marches d\u2019escalier, d\u2019autres sont rest\u00e9s debout dans les couloirs alors que 15000 autres restaient \u00e0 l\u2019ext\u00e9rieur pour \u00e9couter en direct \u00e0 la radio. Plusieurs avaient laiss\u00e9 leurs villages au milieu de la nuit afin d\u2019arriver \u00e0 l\u2019auditorium \u00e0 6h00, ont indiqu\u00e9 les dirigeants d\u2019\u00e9glise locaux.<\/p>\n<p>Le pr\u00e9sident de l\u2019Eglise Adventiste du Septi\u00e8me Jour, pasteur Ted N.C. Wilson, s\u2019est adress\u00e9 aux plus de 1800 candidats au bapt\u00eame ainsi qu\u2019\u00e0 l\u2019auditoire et les a invit\u00e9s \u00e0 continuer de faire croitre l\u2019\u00e9glise de Dieu, d\u2019accepter la Bible et de proclamer la bonne nouvelle du salut.<\/p>\n<p>\u00ab J\u00e9sus est le rocher et vous \u00eates appel\u00e9s \u00e0 b\u00e2tir Son \u00e9glise sur le rocher \u2013 sur J\u00e9sus Christ, \u00bb a dit pasteur Wilson. \u00ab B\u00e2tissez l\u2019\u00e9glise de Dieu en dirigeant les gens vers Lui, vers Sa Sainte Parole, vers Son \u00e9glise, vers Son mouvement proph\u00e9tique. \u00bb<\/p>\n<div id=\"attachment_14835\" style=\"width: 310px\" class=\"wp-caption alignright\"><a href=\"\/interamerica\/wp-content\/uploads\/2017\/06\/Leaders-RD.png\" rel=\"fancybox\" title=\"En R\u00e9publique Dominicaine, l\u2019Eglise Adventiste c\u00e9l\u00e8bre alors que les campagnes d\u2019\u00e9vang\u00e9lisation atteignent leur point culminant.\"><img decoding=\"async\" aria-describedby=\"caption-attachment-14835\" class=\"size-full wp-image-14835\" src=\"\/interamerica\/wp-content\/uploads\/2017\/06\/Leaders-RD.png\" alt=\"\" width=\"300\" height=\"199\" \/><\/a><p id=\"caption-attachment-14835\" class=\"wp-caption-text\">Les principaux dirigeants d\u2019\u00e9glise Adventistes venant de 12 r\u00e9gions mondiales de l\u2019\u00e9glise ont pris part \u00e0 la journ\u00e9e sp\u00e9ciale de c\u00e9l\u00e9bration.<\/p><\/div>\n<p>Le pr\u00e9sident Adventiste a \u00e9t\u00e9 rejoint par 29 des principaux dirigeants de l\u2019\u00e9glise venus du monde entier pour une semaine dans ce pays pour consid\u00e9rer et \u00e9tablir des strat\u00e9gies autour des initiatives retenues pour les mois et les ann\u00e9es \u00e0 venir.<\/p>\n<p>Quelques 3052 bapt\u00eames ont eu lieu au cours du weekend dans la ville capitale et \u00e0 travers la nation entre le 16 et le 17 janvier, gr\u00e2ce aux efforts missionnaires men\u00e9s par les leaders et les membres d\u2019\u00e9glise locaux ; la campagne d\u2019\u00e9vang\u00e9lisation de cinq jours qui s\u2019est d\u00e9roul\u00e9e du 7 au 11 janvier 2015 et qui \u00e9tait intitul\u00e9e <a href=\"\/?p=14774#axzz3P0WgFcYa\">Nouvelle Ann\u00e9e, Nouvelle Vie<\/a>s\u2019est achev\u00e9e avec l\u2019\u00e9vang\u00e9liste Mark Finley \u00e0 Santo Domingo.<\/p>\n<p>1800 personnes ont \u00e9t\u00e9 baptis\u00e9es au Palais des Sports, l\u2019une d\u2019entre elles a particuli\u00e8rement retenu l\u2019attention. Hiu Wang est devenue la premi\u00e8re croyante chinoise \u00e0 se joindre \u00e0 l\u2019Eglise Adventiste en R\u00e9publique Dominicaine.<\/p>\n<div id=\"attachment_14840\" style=\"width: 208px\" class=\"wp-caption alignleft\"><a href=\"\/interamerica\/wp-content\/uploads\/2017\/06\/Leito-Wang.png\" rel=\"fancybox\" title=\"En R\u00e9publique Dominicaine, l\u2019Eglise Adventiste c\u00e9l\u00e8bre alors que les campagnes d\u2019\u00e9vang\u00e9lisation atteignent leur point culminant.\"><img loading=\"lazy\" decoding=\"async\" aria-describedby=\"caption-attachment-14840\" class=\"size-medium wp-image-14840\" src=\"\/interamerica\/wp-content\/uploads\/2017\/06\/Leito-Wang-198x300.png\" alt=\"\" width=\"198\" height=\"300\" \/><\/a><p id=\"caption-attachment-14840\" class=\"wp-caption-text\">Le pr\u00e9sident de la Division Inter Am\u00e9ricaine, Isra\u00ebl Leito avec Hiu Wang avant qu\u2019elle ne soit baptis\u00e9e et devienne membre de l\u2019\u00e9glise.<\/p><\/div>\n<p>\u00ab Hiu Wang repr\u00e9sente un groupe de croyants avec lequel l\u2019\u00e9glise travaille depuis un an et demi par le biais d\u2019un centre de mission Adventiste qui se trouve \u00e0 Santo Domingo. Le centre propose des cours d\u2019espagnol, des cours de cuisine, l\u2019\u00e9tude de la Bible et d\u2019autres activit\u00e9s, et cherche \u00e0 toucher la population chinoise qui est en pleine croissance, \u00bb a dit pasteur Luis Miguel Acevedo qui supervise le groupe.<\/p>\n<p>Hiu Wang qui a trois enfants, a \u00e9t\u00e9 baptis\u00e9e par le pr\u00e9sident de la Division Inter Am\u00e9ricaine, pasteur Isra\u00ebl Leito, apr\u00e8s que le pr\u00e9sident de la Division de l\u2019Asie Pacifique Nord, Jayrong Lee ait prononc\u00e9 la pri\u00e8re baptismale. Hiu Wang a d\u00e9clar\u00e9 qu\u2019elle ne voulait pas rater l\u2019opportunit\u00e9 de donner sa vie \u00e0 J\u00e9sus lors de la journ\u00e9e sp\u00e9ciale de c\u00e9l\u00e9bration dans le pays, journ\u00e9e baptis\u00e9e Dia de la Hermandad ou Journ\u00e9e de la Fraternit\u00e9.<\/p>\n<p>L\u2019auditoire s\u2019est joint \u00e0 pasteur GT Ng, secr\u00e9taire ex\u00e9cutif de l\u2019Eglise Adventiste mondiale, alors qu\u2019il priait pour le minist\u00e8re aupr\u00e8s des chinois. La population de chinois sur l\u2019ile compte environ 80000 personnes et se d\u00e9veloppe, a ajout\u00e9 pasteur Luis Miguel Acevedo.<\/p>\n<p>\u00ab Nous louons le Seigneur pour Sa direction et pour l\u2019engagement des membres d\u2019\u00e9glise qui ont redoubl\u00e9 d\u2019efforts pendant environ une ann\u00e9e pour continuer de proclamer la Parole de Dieu dans leurs communaut\u00e9s, \u00bb a dit pasteur Cesario Acevedo, pr\u00e9sident de l\u2019Eglise Adventiste en R\u00e9publique Dominicaine.<\/p>\n<p>Pasteur Acevedo a remerci\u00e9 <a href=\"https:\/\/maranatha.org\/\">Maranatha Volunteers International<\/a> pour son travail et son partenariat dans la construction de quelques 150 \u00e9glises \u00e0 travers le pays au cours des 22 ann\u00e9es pass\u00e9es. Une \u00e9glise a \u00e9t\u00e9 construite r\u00e9cemment dans la communaut\u00e9 de <a href=\"\/?p=14798#axzz3P0WgFcYa\">Villa Caoba<\/a>, \u00e0 Villa Hermosa \u00e0 La Romana o\u00f9 les principaux leaders de l\u2019\u00e9glise venus du monde entier ont pris part la semaine derni\u00e8re \u00e0 l\u2019\u00e9rection d\u2019une \u00e9glise et d\u2019une salle de l\u2019Ecole du Sabbat pour les membres d\u2019\u00e9glise locaux.<\/p>\n<div id=\"attachment_14843\" style=\"width: 310px\" class=\"wp-caption alignleft\"><a href=\"\/interamerica\/wp-content\/uploads\/2017\/06\/CesarioAcevedoRD.png\" rel=\"fancybox\" title=\"En R\u00e9publique Dominicaine, l\u2019Eglise Adventiste c\u00e9l\u00e8bre alors que les campagnes d\u2019\u00e9vang\u00e9lisation atteignent leur point culminant.\"><img loading=\"lazy\" decoding=\"async\" aria-describedby=\"caption-attachment-14843\" class=\"size-full wp-image-14843\" src=\"\/interamerica\/wp-content\/uploads\/2017\/06\/CesarioAcevedoRD.png\" alt=\"\" width=\"300\" height=\"199\" \/><\/a><p id=\"caption-attachment-14843\" class=\"wp-caption-text\">Pasteur Cesario Acevedo, pr\u00e9sident de l\u2019Eglise Adventiste en R\u00e9publique Dominicaine.<\/p><\/div>\n<p>\u00ab Nous vous remercions ainsi que vos b\u00e9n\u00e9voles pour avoir fait en sorte que nous puissions accommoder des milliers de membres dans les \u00e9glises que vous avez construites, \u00bb a dit Cesario Acevedo alors qu\u2019il remerciait le pr\u00e9sident de Maranatha, Don Noble et son \u00e9quipe. \u00ab Vous construisez les \u00e9glises et le Saint Esprit inspire nos pasteurs et nos membres pour qu\u2019ils les remplissent et continuent de les faire croitre. \u00bb<\/p>\n<p>Le programme de la journ\u00e9e a \u00e9t\u00e9 retransmis en direct par la station de radio de l\u2019\u00e9glise, Radio Amanecer, mais aussi sur internet et aussi par la t\u00e9l\u00e9vision et la presse \u00e9crite.<\/p>\n<p>Il y a \u00e9galement eu de la musique et des sc\u00e8nes au cours du programme.<\/p>\n<p>Pasteur Leito a d\u00e9clar\u00e9 que les administrateurs se r\u00e9jouissent avec l\u2019\u00e9glise en R\u00e9publique Dominicaine pour sa d\u00e9votion dans l\u2019accomplissement de la mission de l\u2019\u00e9glise. \u00ab C\u2019est une b\u00e9n\u00e9diction de voir leur enthousiasme et leur d\u00e9vouement dans la croissance de l\u2019\u00e9glise de Dieu non seulement dans le domaine de l\u2019\u00e9vang\u00e9lisation mais aussi financi\u00e8rement lorsqu\u2019ils contribuent aux missions. \u00bb<\/p>\n<div id=\"attachment_14839\" style=\"width: 410px\" class=\"wp-caption alignright\"><a href=\"\/interamerica\/wp-content\/uploads\/2017\/06\/DIAHermandad300.png\" rel=\"fancybox\" title=\"En R\u00e9publique Dominicaine, l\u2019Eglise Adventiste c\u00e9l\u00e8bre alors que les campagnes d\u2019\u00e9vang\u00e9lisation atteignent leur point culminant.\"><img loading=\"lazy\" decoding=\"async\" aria-describedby=\"caption-attachment-14839\" class=\"size-full wp-image-14839\" src=\"\/interamerica\/wp-content\/uploads\/2017\/06\/DIAHermandad300.png\" alt=\"\" width=\"400\" height=\"265\" \/><\/a><p id=\"caption-attachment-14839\" class=\"wp-caption-text\">Une prestation musicale sp\u00e9ciale d\u00e9crivant la vie de J\u00e9sus et Son retour a marqu\u00e9 le programme du sabbat.<\/p><\/div>\n<p>Au cours des deux prochains mois, l\u2019Eglise Adventiste en R\u00e9publique Dominicaine acc\u00e9l\u00e9rera ses efforts en vue de pr\u00e9parer des disciples pour le royaume et prendra part \u00e0 la c\u00e9l\u00e9bration baptismale de Vision Un Million en Inter Am\u00e9rique qui se d\u00e9roulera le 4 avril 2015.<\/p>\n<p>En R\u00e9publique Dominicaine il y a quelques 300000 Adventistes du Septi\u00e8me Jour qui se r\u00e9unissent pour adorer dans 1237 \u00e9glises et groupes. L\u2019\u00e9glise supervise quatre f\u00e9d\u00e9rations et deux missions et g\u00e8re quelques 72 \u00e9coles primaires et secondaires, une universit\u00e9, un h\u00f4pital ainsi qu\u2019une station de radio.<\/p>\n<p>Pour en savoir plus sur l\u2019\u00e9glise en R\u00e9publique Dominicaine, visitez le site <a href=\"http:\/\/adventistasrd.interamerica.org\/\">adventistas.org.do<\/a><\/p>\n<p>Pour voir une galerie de photos de la c\u00e9l\u00e9bration de la Journ\u00e9e de la Fraternit\u00e9, cliquez <a href=\"https:\/\/www.flickr.com\/photos\/interamerica\/\">ICI<\/a><\/p>\n<p>Traduction: Patrick Luciathe<\/p>\n","protected":false},"excerpt":{"rendered":"<p>Il ne restait aucune place assise apr\u00e8s que des milliers d\u2019Adventistes du Septi\u00e8me Jour venus de toute la R\u00e9publique Dominicaine aient pris d\u2019assaut le Palais des Sports de Santo Domingo, afin de se r\u00e9jouir de la tenue des campagnes d\u2019\u00e9vang\u00e9lisation ; ils ont assist\u00e9 \u00e0 des centaines de bapt\u00eames et ont \u00e9cout\u00e9 l\u2019intervention des principaux leaders de l\u2019\u00e9glise le 17 janvier 2015. <\/p>\n<p>Plus de 20000 personnes avaient rempli l\u2019auditorium de 15000 places. Certains se sont assis par terre, d\u2019autres sur des marches d\u2019escalier, d\u2019autres sont rest\u00e9s debout dans les couloirs alors que 15000 autres restaient \u00e0 l\u2019ext\u00e9rieur pour \u00e9couter en direct \u00e0 la radio. Plusieurs avaient laiss\u00e9 leurs villages au milieu de la nuit afin d\u2019arriver \u00e0 l\u2019auditorium \u00e0 6h00, ont indiqu\u00e9 les dirigeants d\u2019\u00e9glise locaux.<\/p>\n","protected":false},"author":1,"featured_media":24281,"comment_status":"closed","ping_status":"closed","sticky":false,"template":"","format":"standard","meta":{"_acf_changed":false,"footnotes":""},"categories":[21,19],"tags":[],"class_list":["post-32148","post","type-post","status-publish","format-standard","has-post-thumbnail","hentry","category-nouvelles-du-territoire","category-rss-francais"],"acf":[],"yoast_head":"<!-- This site is optimized with the Yoast SEO plugin v27.3 - https:\/\/yoast.com\/product\/yoast-seo-wordpress\/ -->\n<title>En R\u00e9publique Dominicaine, l\u2019Eglise Adventiste c\u00e9l\u00e8bre alors que les campagnes d\u2019\u00e9vang\u00e9lisation atteignent leur point culminant. - \u00c9glise Adventiste Du Septieme Jour - Inter Am\u00e9rique Division<\/title>\n<meta name=\"robots\" content=\"index, follow, max-snippet:-1, max-image-preview:large, max-video-preview:-1\" \/>\n<link rel=\"canonical\" href=\"https:\/\/interamerica.org\/fr\/2015\/01\/en-republique-dominicaine-leglise-adventiste-celebre-alors-que-les-campagnes-devangelisation-atteignent-leur-point-culminant\/\" \/>\n<meta property=\"og:locale\" content=\"fr_FR\" \/>\n<meta property=\"og:type\" content=\"article\" \/>\n<meta property=\"og:title\" content=\"En R\u00e9publique Dominicaine, l\u2019Eglise Adventiste c\u00e9l\u00e8bre alors que les campagnes d\u2019\u00e9vang\u00e9lisation atteignent leur point culminant. - \u00c9glise Adventiste Du Septieme Jour - Inter Am\u00e9rique Division\" \/>\n<meta property=\"og:description\" content=\"Il ne restait aucune place assise apr\u00e8s que des milliers d\u2019Adventistes du Septi\u00e8me Jour venus de toute la R\u00e9publique Dominicaine aient pris d\u2019assaut le Palais des Sports de Santo Domingo, afin de se r\u00e9jouir de la tenue des campagnes d\u2019\u00e9vang\u00e9lisation ; ils ont assist\u00e9 \u00e0 des centaines de bapt\u00eames et ont \u00e9cout\u00e9 l\u2019intervention des principaux leaders de l\u2019\u00e9glise le 17 janvier 2015.  Plus de 20000 personnes avaient rempli l\u2019auditorium de 15000 places. Certains se sont assis par terre, d\u2019autres sur des marches d\u2019escalier, d\u2019autres sont rest\u00e9s debout dans les couloirs alors que 15000 autres restaient \u00e0 l\u2019ext\u00e9rieur pour \u00e9couter en direct \u00e0 la radio. Plusieurs avaient laiss\u00e9 leurs villages au milieu de la nuit afin d\u2019arriver \u00e0 l\u2019auditorium \u00e0 6h00, ont indiqu\u00e9 les dirigeants d\u2019\u00e9glise locaux.\" \/>\n<meta property=\"og:url\" content=\"https:\/\/interamerica.org\/fr\/2015\/01\/en-republique-dominicaine-leglise-adventiste-celebre-alors-que-les-campagnes-devangelisation-atteignent-leur-point-culminant\/\" \/>\n<meta property=\"og:site_name\" content=\"\u00c9glise Adventiste Du Septieme Jour - Inter Am\u00e9rique Division\" \/>\n<meta property=\"article:published_time\" content=\"2015-01-19T04:00:00+00:00\" \/>\n<meta property=\"og:image\" content=\"https:\/\/interamerica.org\/wp-content\/uploads\/2017\/06\/RD-drone400.png\" \/>\n\t<meta property=\"og:image:width\" content=\"400\" \/>\n\t<meta property=\"og:image:height\" content=\"221\" \/>\n\t<meta property=\"og:image:type\" content=\"image\/png\" \/>\n<meta name=\"author\" content=\"Lorenzo Verduzco\" \/>\n<meta name=\"twitter:card\" content=\"summary_large_image\" \/>\n<meta name=\"twitter:label1\" content=\"\u00c9crit par\" \/>\n\t<meta name=\"twitter:data1\" content=\"Lorenzo Verduzco\" \/>\n\t<meta name=\"twitter:label2\" content=\"Dur\u00e9e de lecture estim\u00e9e\" \/>\n\t<meta name=\"twitter:data2\" content=\"7 minutes\" \/>\n<script type=\"application\/ld+json\" class=\"yoast-schema-graph\">{\"@context\":\"https:\\\/\\\/schema.org\",\"@graph\":[{\"@type\":\"Article\",\"@id\":\"https:\\\/\\\/interamerica.org\\\/fr\\\/2015\\\/01\\\/en-republique-dominicaine-leglise-adventiste-celebre-alors-que-les-campagnes-devangelisation-atteignent-leur-point-culminant\\\/#article\",\"isPartOf\":{\"@id\":\"https:\\\/\\\/interamerica.org\\\/fr\\\/2015\\\/01\\\/en-republique-dominicaine-leglise-adventiste-celebre-alors-que-les-campagnes-devangelisation-atteignent-leur-point-culminant\\\/\"},\"author\":{\"name\":\"Lorenzo Verduzco\",\"@id\":\"https:\\\/\\\/interamerica.org\\\/fr\\\/#\\\/schema\\\/person\\\/68ede8bdc292885bb76c1e3810e73c39\"},\"headline\":\"En R\u00e9publique Dominicaine, l\u2019Eglise Adventiste c\u00e9l\u00e8bre alors que les campagnes d\u2019\u00e9vang\u00e9lisation atteignent leur point culminant.\",\"datePublished\":\"2015-01-19T04:00:00+00:00\",\"mainEntityOfPage\":{\"@id\":\"https:\\\/\\\/interamerica.org\\\/fr\\\/2015\\\/01\\\/en-republique-dominicaine-leglise-adventiste-celebre-alors-que-les-campagnes-devangelisation-atteignent-leur-point-culminant\\\/\"},\"wordCount\":1337,\"image\":{\"@id\":\"https:\\\/\\\/interamerica.org\\\/fr\\\/2015\\\/01\\\/en-republique-dominicaine-leglise-adventiste-celebre-alors-que-les-campagnes-devangelisation-atteignent-leur-point-culminant\\\/#primaryimage\"},\"thumbnailUrl\":\"https:\\\/\\\/interamerica.org\\\/wp-content\\\/uploads\\\/2017\\\/06\\\/RD-drone400.png\",\"articleSection\":[\"Nouvelles du territoire\",\"RSS Fran\u00e7ais\"],\"inLanguage\":\"fr-FR\"},{\"@type\":\"WebPage\",\"@id\":\"https:\\\/\\\/interamerica.org\\\/fr\\\/2015\\\/01\\\/en-republique-dominicaine-leglise-adventiste-celebre-alors-que-les-campagnes-devangelisation-atteignent-leur-point-culminant\\\/\",\"url\":\"https:\\\/\\\/interamerica.org\\\/fr\\\/2015\\\/01\\\/en-republique-dominicaine-leglise-adventiste-celebre-alors-que-les-campagnes-devangelisation-atteignent-leur-point-culminant\\\/\",\"name\":\"En R\u00e9publique Dominicaine, l\u2019Eglise Adventiste c\u00e9l\u00e8bre alors que les campagnes d\u2019\u00e9vang\u00e9lisation atteignent leur point culminant. - \u00c9glise Adventiste Du Septieme Jour - Inter Am\u00e9rique Division\",\"isPartOf\":{\"@id\":\"https:\\\/\\\/interamerica.org\\\/fr\\\/#website\"},\"primaryImageOfPage\":{\"@id\":\"https:\\\/\\\/interamerica.org\\\/fr\\\/2015\\\/01\\\/en-republique-dominicaine-leglise-adventiste-celebre-alors-que-les-campagnes-devangelisation-atteignent-leur-point-culminant\\\/#primaryimage\"},\"image\":{\"@id\":\"https:\\\/\\\/interamerica.org\\\/fr\\\/2015\\\/01\\\/en-republique-dominicaine-leglise-adventiste-celebre-alors-que-les-campagnes-devangelisation-atteignent-leur-point-culminant\\\/#primaryimage\"},\"thumbnailUrl\":\"https:\\\/\\\/interamerica.org\\\/wp-content\\\/uploads\\\/2017\\\/06\\\/RD-drone400.png\",\"datePublished\":\"2015-01-19T04:00:00+00:00\",\"author\":{\"@id\":\"https:\\\/\\\/interamerica.org\\\/fr\\\/#\\\/schema\\\/person\\\/68ede8bdc292885bb76c1e3810e73c39\"},\"breadcrumb\":{\"@id\":\"https:\\\/\\\/interamerica.org\\\/fr\\\/2015\\\/01\\\/en-republique-dominicaine-leglise-adventiste-celebre-alors-que-les-campagnes-devangelisation-atteignent-leur-point-culminant\\\/#breadcrumb\"},\"inLanguage\":\"fr-FR\",\"potentialAction\":[{\"@type\":\"ReadAction\",\"target\":[\"https:\\\/\\\/interamerica.org\\\/fr\\\/2015\\\/01\\\/en-republique-dominicaine-leglise-adventiste-celebre-alors-que-les-campagnes-devangelisation-atteignent-leur-point-culminant\\\/\"]}]},{\"@type\":\"ImageObject\",\"inLanguage\":\"fr-FR\",\"@id\":\"https:\\\/\\\/interamerica.org\\\/fr\\\/2015\\\/01\\\/en-republique-dominicaine-leglise-adventiste-celebre-alors-que-les-campagnes-devangelisation-atteignent-leur-point-culminant\\\/#primaryimage\",\"url\":\"https:\\\/\\\/interamerica.org\\\/wp-content\\\/uploads\\\/2017\\\/06\\\/RD-drone400.png\",\"contentUrl\":\"https:\\\/\\\/interamerica.org\\\/wp-content\\\/uploads\\\/2017\\\/06\\\/RD-drone400.png\",\"width\":400,\"height\":221},{\"@type\":\"BreadcrumbList\",\"@id\":\"https:\\\/\\\/interamerica.org\\\/fr\\\/2015\\\/01\\\/en-republique-dominicaine-leglise-adventiste-celebre-alors-que-les-campagnes-devangelisation-atteignent-leur-point-culminant\\\/#breadcrumb\",\"itemListElement\":[{\"@type\":\"ListItem\",\"position\":1,\"name\":\"Home\",\"item\":\"https:\\\/\\\/interamerica.org\\\/fr\\\/\"},{\"@type\":\"ListItem\",\"position\":2,\"name\":\"En R\u00e9publique Dominicaine, l\u2019Eglise Adventiste c\u00e9l\u00e8bre alors que les campagnes d\u2019\u00e9vang\u00e9lisation atteignent leur point culminant.\"}]},{\"@type\":\"WebSite\",\"@id\":\"https:\\\/\\\/interamerica.org\\\/fr\\\/#website\",\"url\":\"https:\\\/\\\/interamerica.org\\\/fr\\\/\",\"name\":\"\u00c9glise Adventiste Du Septieme Jour - Inter Am\u00e9rique Division\",\"description\":\"\",\"potentialAction\":[{\"@type\":\"SearchAction\",\"target\":{\"@type\":\"EntryPoint\",\"urlTemplate\":\"https:\\\/\\\/interamerica.org\\\/fr\\\/?s={search_term_string}\"},\"query-input\":{\"@type\":\"PropertyValueSpecification\",\"valueRequired\":true,\"valueName\":\"search_term_string\"}}],\"inLanguage\":\"fr-FR\"},{\"@type\":\"Person\",\"@id\":\"https:\\\/\\\/interamerica.org\\\/fr\\\/#\\\/schema\\\/person\\\/68ede8bdc292885bb76c1e3810e73c39\",\"name\":\"Lorenzo Verduzco\",\"image\":{\"@type\":\"ImageObject\",\"inLanguage\":\"fr-FR\",\"@id\":\"https:\\\/\\\/secure.gravatar.com\\\/avatar\\\/fb81a55b6218459490a9c1dc841a34909185b81904c5337b4b27f7a6fd60c49e?s=96&d=mm&r=g\",\"url\":\"https:\\\/\\\/secure.gravatar.com\\\/avatar\\\/fb81a55b6218459490a9c1dc841a34909185b81904c5337b4b27f7a6fd60c49e?s=96&d=mm&r=g\",\"contentUrl\":\"https:\\\/\\\/secure.gravatar.com\\\/avatar\\\/fb81a55b6218459490a9c1dc841a34909185b81904c5337b4b27f7a6fd60c49e?s=96&d=mm&r=g\",\"caption\":\"Lorenzo Verduzco\"}}]}<\/script>\n<!-- \/ Yoast SEO plugin. -->","yoast_head_json":{"title":"En R\u00e9publique Dominicaine, l\u2019Eglise Adventiste c\u00e9l\u00e8bre alors que les campagnes d\u2019\u00e9vang\u00e9lisation atteignent leur point culminant. - \u00c9glise Adventiste Du Septieme Jour - Inter Am\u00e9rique Division","robots":{"index":"index","follow":"follow","max-snippet":"max-snippet:-1","max-image-preview":"max-image-preview:large","max-video-preview":"max-video-preview:-1"},"canonical":"https:\/\/interamerica.org\/fr\/2015\/01\/en-republique-dominicaine-leglise-adventiste-celebre-alors-que-les-campagnes-devangelisation-atteignent-leur-point-culminant\/","og_locale":"fr_FR","og_type":"article","og_title":"En R\u00e9publique Dominicaine, l\u2019Eglise Adventiste c\u00e9l\u00e8bre alors que les campagnes d\u2019\u00e9vang\u00e9lisation atteignent leur point culminant. - \u00c9glise Adventiste Du Septieme Jour - Inter Am\u00e9rique Division","og_description":"Il ne restait aucune place assise apr\u00e8s que des milliers d\u2019Adventistes du Septi\u00e8me Jour venus de toute la R\u00e9publique Dominicaine aient pris d\u2019assaut le Palais des Sports de Santo Domingo, afin de se r\u00e9jouir de la tenue des campagnes d\u2019\u00e9vang\u00e9lisation ; ils ont assist\u00e9 \u00e0 des centaines de bapt\u00eames et ont \u00e9cout\u00e9 l\u2019intervention des principaux leaders de l\u2019\u00e9glise le 17 janvier 2015.  Plus de 20000 personnes avaient rempli l\u2019auditorium de 15000 places. Certains se sont assis par terre, d\u2019autres sur des marches d\u2019escalier, d\u2019autres sont rest\u00e9s debout dans les couloirs alors que 15000 autres restaient \u00e0 l\u2019ext\u00e9rieur pour \u00e9couter en direct \u00e0 la radio. Plusieurs avaient laiss\u00e9 leurs villages au milieu de la nuit afin d\u2019arriver \u00e0 l\u2019auditorium \u00e0 6h00, ont indiqu\u00e9 les dirigeants d\u2019\u00e9glise locaux.","og_url":"https:\/\/interamerica.org\/fr\/2015\/01\/en-republique-dominicaine-leglise-adventiste-celebre-alors-que-les-campagnes-devangelisation-atteignent-leur-point-culminant\/","og_site_name":"\u00c9glise Adventiste Du Septieme Jour - Inter Am\u00e9rique Division","article_published_time":"2015-01-19T04:00:00+00:00","og_image":[{"width":400,"height":221,"url":"https:\/\/interamerica.org\/wp-content\/uploads\/2017\/06\/RD-drone400.png","type":"image\/png"}],"author":"Lorenzo Verduzco","twitter_card":"summary_large_image","twitter_misc":{"\u00c9crit par":"Lorenzo Verduzco","Dur\u00e9e de lecture estim\u00e9e":"7 minutes"},"schema":{"@context":"https:\/\/schema.org","@graph":[{"@type":"Article","@id":"https:\/\/interamerica.org\/fr\/2015\/01\/en-republique-dominicaine-leglise-adventiste-celebre-alors-que-les-campagnes-devangelisation-atteignent-leur-point-culminant\/#article","isPartOf":{"@id":"https:\/\/interamerica.org\/fr\/2015\/01\/en-republique-dominicaine-leglise-adventiste-celebre-alors-que-les-campagnes-devangelisation-atteignent-leur-point-culminant\/"},"author":{"name":"Lorenzo Verduzco","@id":"https:\/\/interamerica.org\/fr\/#\/schema\/person\/68ede8bdc292885bb76c1e3810e73c39"},"headline":"En R\u00e9publique Dominicaine, l\u2019Eglise Adventiste c\u00e9l\u00e8bre alors que les campagnes d\u2019\u00e9vang\u00e9lisation atteignent leur point culminant.","datePublished":"2015-01-19T04:00:00+00:00","mainEntityOfPage":{"@id":"https:\/\/interamerica.org\/fr\/2015\/01\/en-republique-dominicaine-leglise-adventiste-celebre-alors-que-les-campagnes-devangelisation-atteignent-leur-point-culminant\/"},"wordCount":1337,"image":{"@id":"https:\/\/interamerica.org\/fr\/2015\/01\/en-republique-dominicaine-leglise-adventiste-celebre-alors-que-les-campagnes-devangelisation-atteignent-leur-point-culminant\/#primaryimage"},"thumbnailUrl":"https:\/\/interamerica.org\/wp-content\/uploads\/2017\/06\/RD-drone400.png","articleSection":["Nouvelles du territoire","RSS Fran\u00e7ais"],"inLanguage":"fr-FR"},{"@type":"WebPage","@id":"https:\/\/interamerica.org\/fr\/2015\/01\/en-republique-dominicaine-leglise-adventiste-celebre-alors-que-les-campagnes-devangelisation-atteignent-leur-point-culminant\/","url":"https:\/\/interamerica.org\/fr\/2015\/01\/en-republique-dominicaine-leglise-adventiste-celebre-alors-que-les-campagnes-devangelisation-atteignent-leur-point-culminant\/","name":"En R\u00e9publique Dominicaine, l\u2019Eglise Adventiste c\u00e9l\u00e8bre alors que les campagnes d\u2019\u00e9vang\u00e9lisation atteignent leur point culminant. - \u00c9glise Adventiste Du Septieme Jour - Inter Am\u00e9rique Division","isPartOf":{"@id":"https:\/\/interamerica.org\/fr\/#website"},"primaryImageOfPage":{"@id":"https:\/\/interamerica.org\/fr\/2015\/01\/en-republique-dominicaine-leglise-adventiste-celebre-alors-que-les-campagnes-devangelisation-atteignent-leur-point-culminant\/#primaryimage"},"image":{"@id":"https:\/\/interamerica.org\/fr\/2015\/01\/en-republique-dominicaine-leglise-adventiste-celebre-alors-que-les-campagnes-devangelisation-atteignent-leur-point-culminant\/#primaryimage"},"thumbnailUrl":"https:\/\/interamerica.org\/wp-content\/uploads\/2017\/06\/RD-drone400.png","datePublished":"2015-01-19T04:00:00+00:00","author":{"@id":"https:\/\/interamerica.org\/fr\/#\/schema\/person\/68ede8bdc292885bb76c1e3810e73c39"},"breadcrumb":{"@id":"https:\/\/interamerica.org\/fr\/2015\/01\/en-republique-dominicaine-leglise-adventiste-celebre-alors-que-les-campagnes-devangelisation-atteignent-leur-point-culminant\/#breadcrumb"},"inLanguage":"fr-FR","potentialAction":[{"@type":"ReadAction","target":["https:\/\/interamerica.org\/fr\/2015\/01\/en-republique-dominicaine-leglise-adventiste-celebre-alors-que-les-campagnes-devangelisation-atteignent-leur-point-culminant\/"]}]},{"@type":"ImageObject","inLanguage":"fr-FR","@id":"https:\/\/interamerica.org\/fr\/2015\/01\/en-republique-dominicaine-leglise-adventiste-celebre-alors-que-les-campagnes-devangelisation-atteignent-leur-point-culminant\/#primaryimage","url":"https:\/\/interamerica.org\/wp-content\/uploads\/2017\/06\/RD-drone400.png","contentUrl":"https:\/\/interamerica.org\/wp-content\/uploads\/2017\/06\/RD-drone400.png","width":400,"height":221},{"@type":"BreadcrumbList","@id":"https:\/\/interamerica.org\/fr\/2015\/01\/en-republique-dominicaine-leglise-adventiste-celebre-alors-que-les-campagnes-devangelisation-atteignent-leur-point-culminant\/#breadcrumb","itemListElement":[{"@type":"ListItem","position":1,"name":"Home","item":"https:\/\/interamerica.org\/fr\/"},{"@type":"ListItem","position":2,"name":"En R\u00e9publique Dominicaine, l\u2019Eglise Adventiste c\u00e9l\u00e8bre alors que les campagnes d\u2019\u00e9vang\u00e9lisation atteignent leur point culminant."}]},{"@type":"WebSite","@id":"https:\/\/interamerica.org\/fr\/#website","url":"https:\/\/interamerica.org\/fr\/","name":"\u00c9glise Adventiste Du Septieme Jour - Inter Am\u00e9rique Division","description":"","potentialAction":[{"@type":"SearchAction","target":{"@type":"EntryPoint","urlTemplate":"https:\/\/interamerica.org\/fr\/?s={search_term_string}"},"query-input":{"@type":"PropertyValueSpecification","valueRequired":true,"valueName":"search_term_string"}}],"inLanguage":"fr-FR"},{"@type":"Person","@id":"https:\/\/interamerica.org\/fr\/#\/schema\/person\/68ede8bdc292885bb76c1e3810e73c39","name":"Lorenzo Verduzco","image":{"@type":"ImageObject","inLanguage":"fr-FR","@id":"https:\/\/secure.gravatar.com\/avatar\/fb81a55b6218459490a9c1dc841a34909185b81904c5337b4b27f7a6fd60c49e?s=96&d=mm&r=g","url":"https:\/\/secure.gravatar.com\/avatar\/fb81a55b6218459490a9c1dc841a34909185b81904c5337b4b27f7a6fd60c49e?s=96&d=mm&r=g","contentUrl":"https:\/\/secure.gravatar.com\/avatar\/fb81a55b6218459490a9c1dc841a34909185b81904c5337b4b27f7a6fd60c49e?s=96&d=mm&r=g","caption":"Lorenzo Verduzco"}}]}},"_links":{"self":[{"href":"https:\/\/interamerica.org\/fr\/wp-json\/wp\/v2\/posts\/32148","targetHints":{"allow":["GET"]}}],"collection":[{"href":"https:\/\/interamerica.org\/fr\/wp-json\/wp\/v2\/posts"}],"about":[{"href":"https:\/\/interamerica.org\/fr\/wp-json\/wp\/v2\/types\/post"}],"author":[{"embeddable":true,"href":"https:\/\/interamerica.org\/fr\/wp-json\/wp\/v2\/users\/1"}],"replies":[{"embeddable":true,"href":"https:\/\/interamerica.org\/fr\/wp-json\/wp\/v2\/comments?post=32148"}],"version-history":[{"count":0,"href":"https:\/\/interamerica.org\/fr\/wp-json\/wp\/v2\/posts\/32148\/revisions"}],"wp:featuredmedia":[{"embeddable":true,"href":"https:\/\/interamerica.org\/fr\/wp-json\/wp\/v2\/media\/24281"}],"wp:attachment":[{"href":"https:\/\/interamerica.org\/fr\/wp-json\/wp\/v2\/media?parent=32148"}],"wp:term":[{"taxonomy":"category","embeddable":true,"href":"https:\/\/interamerica.org\/fr\/wp-json\/wp\/v2\/categories?post=32148"},{"taxonomy":"post_tag","embeddable":true,"href":"https:\/\/interamerica.org\/fr\/wp-json\/wp\/v2\/tags?post=32148"}],"curies":[{"name":"wp","href":"https:\/\/api.w.org\/{rel}","templated":true}]}}