{"id":32150,"date":"2015-01-24T00:00:00","date_gmt":"2015-01-24T04:00:00","guid":{"rendered":"http:\/\/192.81.217.108\/interamerica\/2015\/01\/la-conference-adventiste-sur-la-communication-et-la-technologie-se-deroulera-du-11-au-15-fevrier\/"},"modified":"2015-01-24T00:00:00","modified_gmt":"2015-01-24T04:00:00","slug":"la-conference-adventiste-sur-la-communication-et-la-technologie-se-deroulera-du-11-au-15-fevrier","status":"publish","type":"post","link":"https:\/\/interamerica.org\/fr\/2015\/01\/la-conference-adventiste-sur-la-communication-et-la-technologie-se-deroulera-du-11-au-15-fevrier\/","title":{"rendered":"La conf\u00e9rence Adventiste sur la communication et la technologie se d\u00e9roulera du 11 au 15 f\u00e9vrier"},"content":{"rendered":"<p>23 Janvier 2015 \u2013 Silver Spring, Maryland, Etats Unis \u2013 ANN<\/p>\n<p>Les Adventistes du Septi\u00e8me Jour qui participent \u00e0 la conf\u00e9rence du R\u00e9seau Internet Adventiste Global de cette ann\u00e9e se retrouveront dans un nouveau lieu de rencontre : sur internet.<\/p>\n<p><a href=\"\/interamerica\/wp-content\/uploads\/2017\/06\/csm_Screen_Shot_2015-01-23_at_8.40.55_AM_e609a86cd7.png\" rel=\"fancybox\" title=\"La conf\u00e9rence Adventiste sur la communication et la technologie se d\u00e9roulera du 11 au 15 f\u00e9vrier\"><img fetchpriority=\"high\" decoding=\"async\" class=\"alignright size-full wp-image-14926\" src=\"\/interamerica\/wp-content\/uploads\/2017\/06\/csm_Screen_Shot_2015-01-23_at_8.40.55_AM_e609a86cd7.png\" alt=\"\" width=\"400\" height=\"236\" \/><\/a>La conf\u00e9rence annuelle au cours de laquelle les participants examinent les nouvelles tendances que l\u2019on retrouve dans le domaine du minist\u00e8re et de la technologie, se d\u00e9roulera du 11 au 15 f\u00e9vrier sur <a href=\"http:\/\/gain.adventist.org\/\">gain.adventist.org<\/a>. Chaque pr\u00e9sentation, suivie d\u2019une discussion en direct, sera diffus\u00e9e trois fois par jour dans le but d\u2019accommoder les participants pr\u00e9sents dans les diff\u00e9rents fuseaux horaires.<\/p>\n<p>Les organisateurs ont indiqu\u00e9 que la d\u00e9cision d\u2019utiliser la formule en ligne \u2013 qui esp\u00e8re t-on attirera le nombre de participants le plus \u00e9lev\u00e9 jamais atteint \u2013 a \u00e9t\u00e9 prise par rapport \u00e0 la tenue en juillet prochain de la Session de la Conf\u00e9rence G\u00e9n\u00e9rale de la d\u00e9nomination, un rassemblement mondial de 10 jours qui est \u00e0 la fois une r\u00e9union spirituelle et une rencontre administrative.<\/p>\n<p>\u00ab Beaucoup de personnes utiliseront leurs ressources pour se rendre \u00e0 San Antonio dans l\u2019\u00e9tat am\u00e9ricain du Texas afin d\u2019assister \u00e0 la Session de la Conf\u00e9rence G\u00e9n\u00e9rale, par cons\u00e9quent il \u00e9tait raisonnable pour nous de r\u00e9fl\u00e9chir \u00e0 d\u2019autres options pour la rencontre GAiN, \u00bb a dit William Costa Jr., directeur de la communication pour l\u2019Eglise Adventiste mondiale \u00ab C\u2019est une nouvelle fa\u00e7on d\u2019impliquer les gens dans la conversation sur la technologie, le minist\u00e8re et l\u2019\u00e9vang\u00e9lisation. \u00bb<\/p>\n<p>La conf\u00e9rence de cette ann\u00e9e sera pr\u00e9sent\u00e9e en anglais et traduite simultan\u00e9ment en fran\u00e7ais, portugais et espagnol.<\/p>\n<p>William Costa a indiqu\u00e9 que les participants sont encourag\u00e9s \u00e0 y prendre part dans les groupes qui se r\u00e9uniront dans les \u00e9glises, les bureaux ou les foyers.<\/p>\n<p>Parmi les sujets qui seront pr\u00e9sent\u00e9s, on peut citer la cyber s\u00e9curit\u00e9, les crypto-monnaies, le d\u00e9veloppement d\u2019applications, l\u2019\u00e9ducation \u00e0 distance, le branding, l\u2019utilisations de jeux pour proclamer l\u2019\u00e9vangile, et comment faire fonctionner un d\u00e9partement technologique sur un petit budget.<\/p>\n<p>Plusieurs leaders de Communication et de Technologie de l\u2019Information dans l\u2019\u00e9glise disent que la conf\u00e9rence annuelle GAiN est une rencontre cl\u00e9 permettant de collaborer sur des projets et partager des conseils utiles pour le minist\u00e8re.<\/p>\n<p>\u00ab Le partage d\u2019id\u00e9es, de projets et d\u2019informations a toujours galvanis\u00e9 ceux qui travaillent dans le domaine de la communication et de la technologie, un domaine qui est en d\u00e9veloppement permanent, \u00bb a d\u00e9clar\u00e9 Corrado Cozzi, directeur de la communication pour la Division Inter Europ\u00e9enne de l\u2019Eglise Adventiste, bas\u00e9e \u00e0 Berne en Suisse. J\u2019ai b\u00e9n\u00e9fici\u00e9 personnellement de chacune des conf\u00e9rences annuelles auxquelles j\u2019ai particip\u00e9, surtout en terme d\u2019innovations partag\u00e9es dans le but de cr\u00e9er de la synergie et favoriser la mise en r\u00e9seau. \u00bb<\/p>\n<p>Le sp\u00e9cialiste de la technologie, Kirk Nugent a dit : \u00ab GAiN est pour moi un des temps forts dans l\u2019ann\u00e9e parce que pour que la Technologie de l\u2019Information soit vraiment pertinente, il nous faut trouver un moyen de l\u2019associer directement \u00e0 la mission g\u00e9n\u00e9rale de l\u2019\u00e9glise. Kirk Nugent qui sert en tant que directeur de la Technologie de l\u2019Information pour la Division de l\u2019Afrique Australe et de l\u2019Oc\u00e9an Indien, bas\u00e9e \u00e0 Pretoria en Afrique du Sud, a d\u00e9clar\u00e9 : \u00ab nos objectifs sont les m\u00eames et ce n\u2019est qu\u2019en amenant tout le monde \u00e0 s\u2019impliquer que nous pourrons r\u00e9ellement \u00eatre efficaces pour la cause du Christ. \u00bb<\/p>\n<p>Pour s\u2019inscrire gratuitement et voir le programme de la conf\u00e9rence, visitez le site <a href=\"http:\/\/gain.adventist.org\/\">gain.adventist.org<\/a>.<\/p>\n<p>Le hashtag du programme est #GAiN15.<\/p>\n<p>Traduction: Patrick Luciathe<\/p>\n","protected":false},"excerpt":{"rendered":"<p>Les Adventistes du Septi\u00e8me Jour qui participent \u00e0 la conf\u00e9rence du R\u00e9seau Internet Adventiste Global de cette ann\u00e9e se retrouveront dans un nouveau lieu de rencontre : sur internet.  La conf\u00e9rence annuelle au cours de laquelle les participants examinent les nouvelles tendances que l\u2019on retrouve dans le domaine du minist\u00e8re et de la technologie, se d\u00e9roulera du 11 au 15 f\u00e9vrier sur gain.adventist.org. <\/p>\n<p>Chaque pr\u00e9sentation, suivie d\u2019une discussion en direct, sera diffus\u00e9e trois fois par jour dans le but d\u2019accommoder les participants pr\u00e9sents dans les diff\u00e9rents fuseaux horaires.<\/p>\n","protected":false},"author":1,"featured_media":24310,"comment_status":"closed","ping_status":"closed","sticky":false,"template":"","format":"standard","meta":{"_acf_changed":false,"footnotes":""},"categories":[18,19],"tags":[],"class_list":["post-32150","post","type-post","status-publish","format-standard","has-post-thumbnail","hentry","category-nouvelles-de-leglise-mondiale","category-rss-francais"],"acf":[],"yoast_head":"<!-- This site is optimized with the Yoast SEO plugin v27.3 - https:\/\/yoast.com\/product\/yoast-seo-wordpress\/ -->\n<title>La conf\u00e9rence Adventiste sur la communication et la technologie se d\u00e9roulera du 11 au 15 f\u00e9vrier - \u00c9glise Adventiste Du Septieme Jour - Inter Am\u00e9rique Division<\/title>\n<meta name=\"robots\" content=\"index, follow, max-snippet:-1, max-image-preview:large, max-video-preview:-1\" \/>\n<link rel=\"canonical\" href=\"https:\/\/interamerica.org\/fr\/2015\/01\/la-conference-adventiste-sur-la-communication-et-la-technologie-se-deroulera-du-11-au-15-fevrier\/\" \/>\n<meta property=\"og:locale\" content=\"fr_FR\" \/>\n<meta property=\"og:type\" content=\"article\" \/>\n<meta property=\"og:title\" content=\"La conf\u00e9rence Adventiste sur la communication et la technologie se d\u00e9roulera du 11 au 15 f\u00e9vrier - \u00c9glise Adventiste Du Septieme Jour - Inter Am\u00e9rique Division\" \/>\n<meta property=\"og:description\" content=\"Les Adventistes du Septi\u00e8me Jour qui participent \u00e0 la conf\u00e9rence du R\u00e9seau Internet Adventiste Global de cette ann\u00e9e se retrouveront dans un nouveau lieu de rencontre : sur internet. La conf\u00e9rence annuelle au cours de laquelle les participants examinent les nouvelles tendances que l\u2019on retrouve dans le domaine du minist\u00e8re et de la technologie, se d\u00e9roulera du 11 au 15 f\u00e9vrier sur gain.adventist.org.  Chaque pr\u00e9sentation, suivie d\u2019une discussion en direct, sera diffus\u00e9e trois fois par jour dans le but d\u2019accommoder les participants pr\u00e9sents dans les diff\u00e9rents fuseaux horaires.\" \/>\n<meta property=\"og:url\" content=\"https:\/\/interamerica.org\/fr\/2015\/01\/la-conference-adventiste-sur-la-communication-et-la-technologie-se-deroulera-du-11-au-15-fevrier\/\" \/>\n<meta property=\"og:site_name\" content=\"\u00c9glise Adventiste Du Septieme Jour - Inter Am\u00e9rique Division\" \/>\n<meta property=\"article:published_time\" content=\"2015-01-24T04:00:00+00:00\" \/>\n<meta property=\"og:image\" content=\"https:\/\/interamerica.org\/wp-content\/uploads\/2017\/06\/csm_Screen_Shot_2015-01-23_at_8.40.55_AM_e609a86cd7.png\" \/>\n\t<meta property=\"og:image:width\" content=\"400\" \/>\n\t<meta property=\"og:image:height\" content=\"236\" \/>\n\t<meta property=\"og:image:type\" content=\"image\/png\" \/>\n<meta name=\"author\" content=\"Lorenzo Verduzco\" \/>\n<meta name=\"twitter:card\" content=\"summary_large_image\" \/>\n<meta name=\"twitter:label1\" content=\"\u00c9crit par\" \/>\n\t<meta name=\"twitter:data1\" content=\"Lorenzo Verduzco\" \/>\n\t<meta name=\"twitter:label2\" content=\"Dur\u00e9e de lecture estim\u00e9e\" \/>\n\t<meta name=\"twitter:data2\" content=\"3 minutes\" \/>\n<script type=\"application\/ld+json\" class=\"yoast-schema-graph\">{\"@context\":\"https:\\\/\\\/schema.org\",\"@graph\":[{\"@type\":\"Article\",\"@id\":\"https:\\\/\\\/interamerica.org\\\/fr\\\/2015\\\/01\\\/la-conference-adventiste-sur-la-communication-et-la-technologie-se-deroulera-du-11-au-15-fevrier\\\/#article\",\"isPartOf\":{\"@id\":\"https:\\\/\\\/interamerica.org\\\/fr\\\/2015\\\/01\\\/la-conference-adventiste-sur-la-communication-et-la-technologie-se-deroulera-du-11-au-15-fevrier\\\/\"},\"author\":{\"name\":\"Lorenzo Verduzco\",\"@id\":\"https:\\\/\\\/interamerica.org\\\/fr\\\/#\\\/schema\\\/person\\\/68ede8bdc292885bb76c1e3810e73c39\"},\"headline\":\"La conf\u00e9rence Adventiste sur la communication et la technologie se d\u00e9roulera du 11 au 15 f\u00e9vrier\",\"datePublished\":\"2015-01-24T04:00:00+00:00\",\"mainEntityOfPage\":{\"@id\":\"https:\\\/\\\/interamerica.org\\\/fr\\\/2015\\\/01\\\/la-conference-adventiste-sur-la-communication-et-la-technologie-se-deroulera-du-11-au-15-fevrier\\\/\"},\"wordCount\":660,\"image\":{\"@id\":\"https:\\\/\\\/interamerica.org\\\/fr\\\/2015\\\/01\\\/la-conference-adventiste-sur-la-communication-et-la-technologie-se-deroulera-du-11-au-15-fevrier\\\/#primaryimage\"},\"thumbnailUrl\":\"https:\\\/\\\/interamerica.org\\\/wp-content\\\/uploads\\\/2017\\\/06\\\/csm_Screen_Shot_2015-01-23_at_8.40.55_AM_e609a86cd7.png\",\"articleSection\":[\"Nouvelles de l'\u00c9glise mondiale\",\"RSS Fran\u00e7ais\"],\"inLanguage\":\"fr-FR\"},{\"@type\":\"WebPage\",\"@id\":\"https:\\\/\\\/interamerica.org\\\/fr\\\/2015\\\/01\\\/la-conference-adventiste-sur-la-communication-et-la-technologie-se-deroulera-du-11-au-15-fevrier\\\/\",\"url\":\"https:\\\/\\\/interamerica.org\\\/fr\\\/2015\\\/01\\\/la-conference-adventiste-sur-la-communication-et-la-technologie-se-deroulera-du-11-au-15-fevrier\\\/\",\"name\":\"La conf\u00e9rence Adventiste sur la communication et la technologie se d\u00e9roulera du 11 au 15 f\u00e9vrier - \u00c9glise Adventiste Du Septieme Jour - Inter Am\u00e9rique Division\",\"isPartOf\":{\"@id\":\"https:\\\/\\\/interamerica.org\\\/fr\\\/#website\"},\"primaryImageOfPage\":{\"@id\":\"https:\\\/\\\/interamerica.org\\\/fr\\\/2015\\\/01\\\/la-conference-adventiste-sur-la-communication-et-la-technologie-se-deroulera-du-11-au-15-fevrier\\\/#primaryimage\"},\"image\":{\"@id\":\"https:\\\/\\\/interamerica.org\\\/fr\\\/2015\\\/01\\\/la-conference-adventiste-sur-la-communication-et-la-technologie-se-deroulera-du-11-au-15-fevrier\\\/#primaryimage\"},\"thumbnailUrl\":\"https:\\\/\\\/interamerica.org\\\/wp-content\\\/uploads\\\/2017\\\/06\\\/csm_Screen_Shot_2015-01-23_at_8.40.55_AM_e609a86cd7.png\",\"datePublished\":\"2015-01-24T04:00:00+00:00\",\"author\":{\"@id\":\"https:\\\/\\\/interamerica.org\\\/fr\\\/#\\\/schema\\\/person\\\/68ede8bdc292885bb76c1e3810e73c39\"},\"breadcrumb\":{\"@id\":\"https:\\\/\\\/interamerica.org\\\/fr\\\/2015\\\/01\\\/la-conference-adventiste-sur-la-communication-et-la-technologie-se-deroulera-du-11-au-15-fevrier\\\/#breadcrumb\"},\"inLanguage\":\"fr-FR\",\"potentialAction\":[{\"@type\":\"ReadAction\",\"target\":[\"https:\\\/\\\/interamerica.org\\\/fr\\\/2015\\\/01\\\/la-conference-adventiste-sur-la-communication-et-la-technologie-se-deroulera-du-11-au-15-fevrier\\\/\"]}]},{\"@type\":\"ImageObject\",\"inLanguage\":\"fr-FR\",\"@id\":\"https:\\\/\\\/interamerica.org\\\/fr\\\/2015\\\/01\\\/la-conference-adventiste-sur-la-communication-et-la-technologie-se-deroulera-du-11-au-15-fevrier\\\/#primaryimage\",\"url\":\"https:\\\/\\\/interamerica.org\\\/wp-content\\\/uploads\\\/2017\\\/06\\\/csm_Screen_Shot_2015-01-23_at_8.40.55_AM_e609a86cd7.png\",\"contentUrl\":\"https:\\\/\\\/interamerica.org\\\/wp-content\\\/uploads\\\/2017\\\/06\\\/csm_Screen_Shot_2015-01-23_at_8.40.55_AM_e609a86cd7.png\",\"width\":400,\"height\":236},{\"@type\":\"BreadcrumbList\",\"@id\":\"https:\\\/\\\/interamerica.org\\\/fr\\\/2015\\\/01\\\/la-conference-adventiste-sur-la-communication-et-la-technologie-se-deroulera-du-11-au-15-fevrier\\\/#breadcrumb\",\"itemListElement\":[{\"@type\":\"ListItem\",\"position\":1,\"name\":\"Home\",\"item\":\"https:\\\/\\\/interamerica.org\\\/fr\\\/\"},{\"@type\":\"ListItem\",\"position\":2,\"name\":\"La conf\u00e9rence Adventiste sur la communication et la technologie se d\u00e9roulera du 11 au 15 f\u00e9vrier\"}]},{\"@type\":\"WebSite\",\"@id\":\"https:\\\/\\\/interamerica.org\\\/fr\\\/#website\",\"url\":\"https:\\\/\\\/interamerica.org\\\/fr\\\/\",\"name\":\"\u00c9glise Adventiste Du Septieme Jour - Inter Am\u00e9rique Division\",\"description\":\"\",\"potentialAction\":[{\"@type\":\"SearchAction\",\"target\":{\"@type\":\"EntryPoint\",\"urlTemplate\":\"https:\\\/\\\/interamerica.org\\\/fr\\\/?s={search_term_string}\"},\"query-input\":{\"@type\":\"PropertyValueSpecification\",\"valueRequired\":true,\"valueName\":\"search_term_string\"}}],\"inLanguage\":\"fr-FR\"},{\"@type\":\"Person\",\"@id\":\"https:\\\/\\\/interamerica.org\\\/fr\\\/#\\\/schema\\\/person\\\/68ede8bdc292885bb76c1e3810e73c39\",\"name\":\"Lorenzo Verduzco\",\"image\":{\"@type\":\"ImageObject\",\"inLanguage\":\"fr-FR\",\"@id\":\"https:\\\/\\\/secure.gravatar.com\\\/avatar\\\/fb81a55b6218459490a9c1dc841a34909185b81904c5337b4b27f7a6fd60c49e?s=96&d=mm&r=g\",\"url\":\"https:\\\/\\\/secure.gravatar.com\\\/avatar\\\/fb81a55b6218459490a9c1dc841a34909185b81904c5337b4b27f7a6fd60c49e?s=96&d=mm&r=g\",\"contentUrl\":\"https:\\\/\\\/secure.gravatar.com\\\/avatar\\\/fb81a55b6218459490a9c1dc841a34909185b81904c5337b4b27f7a6fd60c49e?s=96&d=mm&r=g\",\"caption\":\"Lorenzo Verduzco\"}}]}<\/script>\n<!-- \/ Yoast SEO plugin. -->","yoast_head_json":{"title":"La conf\u00e9rence Adventiste sur la communication et la technologie se d\u00e9roulera du 11 au 15 f\u00e9vrier - \u00c9glise Adventiste Du Septieme Jour - Inter Am\u00e9rique Division","robots":{"index":"index","follow":"follow","max-snippet":"max-snippet:-1","max-image-preview":"max-image-preview:large","max-video-preview":"max-video-preview:-1"},"canonical":"https:\/\/interamerica.org\/fr\/2015\/01\/la-conference-adventiste-sur-la-communication-et-la-technologie-se-deroulera-du-11-au-15-fevrier\/","og_locale":"fr_FR","og_type":"article","og_title":"La conf\u00e9rence Adventiste sur la communication et la technologie se d\u00e9roulera du 11 au 15 f\u00e9vrier - \u00c9glise Adventiste Du Septieme Jour - Inter Am\u00e9rique Division","og_description":"Les Adventistes du Septi\u00e8me Jour qui participent \u00e0 la conf\u00e9rence du R\u00e9seau Internet Adventiste Global de cette ann\u00e9e se retrouveront dans un nouveau lieu de rencontre : sur internet. La conf\u00e9rence annuelle au cours de laquelle les participants examinent les nouvelles tendances que l\u2019on retrouve dans le domaine du minist\u00e8re et de la technologie, se d\u00e9roulera du 11 au 15 f\u00e9vrier sur gain.adventist.org.  Chaque pr\u00e9sentation, suivie d\u2019une discussion en direct, sera diffus\u00e9e trois fois par jour dans le but d\u2019accommoder les participants pr\u00e9sents dans les diff\u00e9rents fuseaux horaires.","og_url":"https:\/\/interamerica.org\/fr\/2015\/01\/la-conference-adventiste-sur-la-communication-et-la-technologie-se-deroulera-du-11-au-15-fevrier\/","og_site_name":"\u00c9glise Adventiste Du Septieme Jour - Inter Am\u00e9rique Division","article_published_time":"2015-01-24T04:00:00+00:00","og_image":[{"width":400,"height":236,"url":"https:\/\/interamerica.org\/wp-content\/uploads\/2017\/06\/csm_Screen_Shot_2015-01-23_at_8.40.55_AM_e609a86cd7.png","type":"image\/png"}],"author":"Lorenzo Verduzco","twitter_card":"summary_large_image","twitter_misc":{"\u00c9crit par":"Lorenzo Verduzco","Dur\u00e9e de lecture estim\u00e9e":"3 minutes"},"schema":{"@context":"https:\/\/schema.org","@graph":[{"@type":"Article","@id":"https:\/\/interamerica.org\/fr\/2015\/01\/la-conference-adventiste-sur-la-communication-et-la-technologie-se-deroulera-du-11-au-15-fevrier\/#article","isPartOf":{"@id":"https:\/\/interamerica.org\/fr\/2015\/01\/la-conference-adventiste-sur-la-communication-et-la-technologie-se-deroulera-du-11-au-15-fevrier\/"},"author":{"name":"Lorenzo Verduzco","@id":"https:\/\/interamerica.org\/fr\/#\/schema\/person\/68ede8bdc292885bb76c1e3810e73c39"},"headline":"La conf\u00e9rence Adventiste sur la communication et la technologie se d\u00e9roulera du 11 au 15 f\u00e9vrier","datePublished":"2015-01-24T04:00:00+00:00","mainEntityOfPage":{"@id":"https:\/\/interamerica.org\/fr\/2015\/01\/la-conference-adventiste-sur-la-communication-et-la-technologie-se-deroulera-du-11-au-15-fevrier\/"},"wordCount":660,"image":{"@id":"https:\/\/interamerica.org\/fr\/2015\/01\/la-conference-adventiste-sur-la-communication-et-la-technologie-se-deroulera-du-11-au-15-fevrier\/#primaryimage"},"thumbnailUrl":"https:\/\/interamerica.org\/wp-content\/uploads\/2017\/06\/csm_Screen_Shot_2015-01-23_at_8.40.55_AM_e609a86cd7.png","articleSection":["Nouvelles de l'\u00c9glise mondiale","RSS Fran\u00e7ais"],"inLanguage":"fr-FR"},{"@type":"WebPage","@id":"https:\/\/interamerica.org\/fr\/2015\/01\/la-conference-adventiste-sur-la-communication-et-la-technologie-se-deroulera-du-11-au-15-fevrier\/","url":"https:\/\/interamerica.org\/fr\/2015\/01\/la-conference-adventiste-sur-la-communication-et-la-technologie-se-deroulera-du-11-au-15-fevrier\/","name":"La conf\u00e9rence Adventiste sur la communication et la technologie se d\u00e9roulera du 11 au 15 f\u00e9vrier - \u00c9glise Adventiste Du Septieme Jour - Inter Am\u00e9rique Division","isPartOf":{"@id":"https:\/\/interamerica.org\/fr\/#website"},"primaryImageOfPage":{"@id":"https:\/\/interamerica.org\/fr\/2015\/01\/la-conference-adventiste-sur-la-communication-et-la-technologie-se-deroulera-du-11-au-15-fevrier\/#primaryimage"},"image":{"@id":"https:\/\/interamerica.org\/fr\/2015\/01\/la-conference-adventiste-sur-la-communication-et-la-technologie-se-deroulera-du-11-au-15-fevrier\/#primaryimage"},"thumbnailUrl":"https:\/\/interamerica.org\/wp-content\/uploads\/2017\/06\/csm_Screen_Shot_2015-01-23_at_8.40.55_AM_e609a86cd7.png","datePublished":"2015-01-24T04:00:00+00:00","author":{"@id":"https:\/\/interamerica.org\/fr\/#\/schema\/person\/68ede8bdc292885bb76c1e3810e73c39"},"breadcrumb":{"@id":"https:\/\/interamerica.org\/fr\/2015\/01\/la-conference-adventiste-sur-la-communication-et-la-technologie-se-deroulera-du-11-au-15-fevrier\/#breadcrumb"},"inLanguage":"fr-FR","potentialAction":[{"@type":"ReadAction","target":["https:\/\/interamerica.org\/fr\/2015\/01\/la-conference-adventiste-sur-la-communication-et-la-technologie-se-deroulera-du-11-au-15-fevrier\/"]}]},{"@type":"ImageObject","inLanguage":"fr-FR","@id":"https:\/\/interamerica.org\/fr\/2015\/01\/la-conference-adventiste-sur-la-communication-et-la-technologie-se-deroulera-du-11-au-15-fevrier\/#primaryimage","url":"https:\/\/interamerica.org\/wp-content\/uploads\/2017\/06\/csm_Screen_Shot_2015-01-23_at_8.40.55_AM_e609a86cd7.png","contentUrl":"https:\/\/interamerica.org\/wp-content\/uploads\/2017\/06\/csm_Screen_Shot_2015-01-23_at_8.40.55_AM_e609a86cd7.png","width":400,"height":236},{"@type":"BreadcrumbList","@id":"https:\/\/interamerica.org\/fr\/2015\/01\/la-conference-adventiste-sur-la-communication-et-la-technologie-se-deroulera-du-11-au-15-fevrier\/#breadcrumb","itemListElement":[{"@type":"ListItem","position":1,"name":"Home","item":"https:\/\/interamerica.org\/fr\/"},{"@type":"ListItem","position":2,"name":"La conf\u00e9rence Adventiste sur la communication et la technologie se d\u00e9roulera du 11 au 15 f\u00e9vrier"}]},{"@type":"WebSite","@id":"https:\/\/interamerica.org\/fr\/#website","url":"https:\/\/interamerica.org\/fr\/","name":"\u00c9glise Adventiste Du Septieme Jour - Inter Am\u00e9rique Division","description":"","potentialAction":[{"@type":"SearchAction","target":{"@type":"EntryPoint","urlTemplate":"https:\/\/interamerica.org\/fr\/?s={search_term_string}"},"query-input":{"@type":"PropertyValueSpecification","valueRequired":true,"valueName":"search_term_string"}}],"inLanguage":"fr-FR"},{"@type":"Person","@id":"https:\/\/interamerica.org\/fr\/#\/schema\/person\/68ede8bdc292885bb76c1e3810e73c39","name":"Lorenzo Verduzco","image":{"@type":"ImageObject","inLanguage":"fr-FR","@id":"https:\/\/secure.gravatar.com\/avatar\/fb81a55b6218459490a9c1dc841a34909185b81904c5337b4b27f7a6fd60c49e?s=96&d=mm&r=g","url":"https:\/\/secure.gravatar.com\/avatar\/fb81a55b6218459490a9c1dc841a34909185b81904c5337b4b27f7a6fd60c49e?s=96&d=mm&r=g","contentUrl":"https:\/\/secure.gravatar.com\/avatar\/fb81a55b6218459490a9c1dc841a34909185b81904c5337b4b27f7a6fd60c49e?s=96&d=mm&r=g","caption":"Lorenzo Verduzco"}}]}},"_links":{"self":[{"href":"https:\/\/interamerica.org\/fr\/wp-json\/wp\/v2\/posts\/32150","targetHints":{"allow":["GET"]}}],"collection":[{"href":"https:\/\/interamerica.org\/fr\/wp-json\/wp\/v2\/posts"}],"about":[{"href":"https:\/\/interamerica.org\/fr\/wp-json\/wp\/v2\/types\/post"}],"author":[{"embeddable":true,"href":"https:\/\/interamerica.org\/fr\/wp-json\/wp\/v2\/users\/1"}],"replies":[{"embeddable":true,"href":"https:\/\/interamerica.org\/fr\/wp-json\/wp\/v2\/comments?post=32150"}],"version-history":[{"count":0,"href":"https:\/\/interamerica.org\/fr\/wp-json\/wp\/v2\/posts\/32150\/revisions"}],"wp:featuredmedia":[{"embeddable":true,"href":"https:\/\/interamerica.org\/fr\/wp-json\/wp\/v2\/media\/24310"}],"wp:attachment":[{"href":"https:\/\/interamerica.org\/fr\/wp-json\/wp\/v2\/media?parent=32150"}],"wp:term":[{"taxonomy":"category","embeddable":true,"href":"https:\/\/interamerica.org\/fr\/wp-json\/wp\/v2\/categories?post=32150"},{"taxonomy":"post_tag","embeddable":true,"href":"https:\/\/interamerica.org\/fr\/wp-json\/wp\/v2\/tags?post=32150"}],"curies":[{"name":"wp","href":"https:\/\/api.w.org\/{rel}","templated":true}]}}