{"id":32153,"date":"2015-01-27T00:00:00","date_gmt":"2015-01-27T04:00:00","guid":{"rendered":"http:\/\/192.81.217.108\/interamerica\/2015\/01\/en-jamaique-leglise-adventiste-celebre-la-liberte-religieuse-et-inaugure-lassociation-nationale-de-la-liberte-religieuse\/"},"modified":"2015-01-27T00:00:00","modified_gmt":"2015-01-27T04:00:00","slug":"en-jamaique-leglise-adventiste-celebre-la-liberte-religieuse-et-inaugure-lassociation-nationale-de-la-liberte-religieuse","status":"publish","type":"post","link":"https:\/\/interamerica.org\/fr\/2015\/01\/en-jamaique-leglise-adventiste-celebre-la-liberte-religieuse-et-inaugure-lassociation-nationale-de-la-liberte-religieuse\/","title":{"rendered":"En Jama\u00efque, l\u2019Eglise Adventiste c\u00e9l\u00e8bre la libert\u00e9 religieuse et inaugure l\u2019Association Nationale de la Libert\u00e9 Religieuse"},"content":{"rendered":"<div id=\"attachment_14956\" style=\"width: 610px\" class=\"wp-caption aligncenter\"><a href=\"\/interamerica\/wp-content\/uploads\/2017\/06\/JAMU-IRLAfestival.png\" rel=\"fancybox\" title=\"En Jama\u00efque, l\u2019Eglise Adventiste c\u00e9l\u00e8bre la libert\u00e9 religieuse et inaugure l\u2019Association Nationale de la Libert\u00e9 Religieuse\"><img fetchpriority=\"high\" decoding=\"async\" aria-describedby=\"caption-attachment-14956\" class=\"size-full wp-image-14956\" src=\"\/interamerica\/wp-content\/uploads\/2017\/06\/JAMU-IRLAfestival.png\" alt=\"\" width=\"600\" height=\"337\" \/><\/a><p id=\"caption-attachment-14956\" class=\"wp-caption-text\">Des milliers de personnes se sont r\u00e9unies \u00e0 l\u2019occasion du premier Festival de la Libert\u00e9 religieuse organis\u00e9 par l\u2019Eglise Adventiste du Septi\u00e8me Jour en Jama\u00efque au National Arena de Kingston le 24 janvier 2015. L\u2019\u00e9glise a mis en place la section locale de l\u2019Association Nationale de la Libert\u00e9 Religieuse en Jama\u00efque en pr\u00e9sence d\u2019importants responsables gouvernementaux. Image de Phillip Castell.<\/p><\/div>\n<p>27 Janvier 2015 \u2013 Kingston, Jama\u00efque \u2013 Rhoma Tomlinson\/Union Jama\u00efcaine\/AR<\/p>\n<div id=\"attachment_14958\" style=\"width: 310px\" class=\"wp-caption alignright\"><a href=\"\/interamerica\/wp-content\/uploads\/2017\/06\/JohnGraz-JAMUIRLA.png\" rel=\"fancybox\" title=\"En Jama\u00efque, l\u2019Eglise Adventiste c\u00e9l\u00e8bre la libert\u00e9 religieuse et inaugure l\u2019Association Nationale de la Libert\u00e9 Religieuse\"><img decoding=\"async\" aria-describedby=\"caption-attachment-14958\" class=\"size-full wp-image-14958\" src=\"\/interamerica\/wp-content\/uploads\/2017\/06\/JohnGraz-JAMUIRLA.png\" alt=\"\" width=\"300\" height=\"188\" \/><\/a><p id=\"caption-attachment-14958\" class=\"wp-caption-text\">Le Secr\u00e9taire G\u00e9n\u00e9ral de l\u2019Association Internationale de la Libert\u00e9 Religieuse, John Graz, \u00e9tait ravi d\u2019accueillir la nouvelle section locale dans le r\u00e9seau d\u2019IRLA.<\/p><\/div>\n<p>L\u2019Eglise Adventiste du Septi\u00e8me Jour a ouvert en Jama\u00efque une section locale de l\u2019Association Internationale de la Libert\u00e9 Religieuse, organisation qui d\u00e9fend les droits de toutes les religions, lors d\u2019un festival o\u00f9 l\u2019on a not\u00e9 la pr\u00e9sence de hauts responsables gouvernementaux et des milliers d\u2019autres personnes \u00e0 Kingston.<\/p>\n<p>Les dirigeants de la section locale d\u00e9sign\u00e9e sous le nom d\u2019Association Nationale de la Libert\u00e9 Religieuse, ont d\u00e9clar\u00e9 que c\u2019\u00e9tait une n\u00e9cessit\u00e9 d\u2019organiser le groupe parce que les jama\u00efcains ne devraient pas consid\u00e9rer leur libert\u00e9 religieuse actuelle comme allant de soi.<\/p>\n<p>La libert\u00e9 religieuse est dans l\u2019esprit de beaucoup de jama\u00efcains depuis que le gouvernement a pass\u00e9 il y a quelques mois une loi sur le travail hebdomadaire flexible ; suite \u00e0 cette loi, plusieurs organisations religieuses craignent que leur jour de culte ne soit pas suffisamment respect\u00e9. Le gouvernement cependant, a insist\u00e9 sur le fait que la loi ne repr\u00e9sente pas une menace pour la libert\u00e9 religieuse car elle accorde aux employ\u00e9s une p\u00e9riode de 24 heures qu\u2019ils peuvent utiliser comme jour de culte.<\/p>\n<div id=\"attachment_14960\" style=\"width: 310px\" class=\"wp-caption alignleft\"><a href=\"\/interamerica\/wp-content\/uploads\/2017\/06\/Pickersgill-JAMU-IRLA.png\" rel=\"fancybox\" title=\"En Jama\u00efque, l\u2019Eglise Adventiste c\u00e9l\u00e8bre la libert\u00e9 religieuse et inaugure l\u2019Association Nationale de la Libert\u00e9 Religieuse\"><img decoding=\"async\" aria-describedby=\"caption-attachment-14960\" class=\"size-full wp-image-14960\" src=\"\/interamerica\/wp-content\/uploads\/2017\/06\/Pickersgill-JAMU-IRLA.png\" alt=\"\" width=\"300\" height=\"214\" \/><\/a><p id=\"caption-attachment-14960\" class=\"wp-caption-text\">Le Vice-Premier Ministre, Robert Pickersgill, qui repr\u00e9sentait le Premier Ministre, a d\u00e9clar\u00e9 que son gouvernement reconna\u00eet l\u2019\u00e9norme impact de la libert\u00e9 religieuse sur le d\u00e9veloppement de la Jama\u00efque.<\/p><\/div>\n<p>L\u2019Association Nationale de la Libert\u00e9 Religieuse a \u00e9t\u00e9 inaugur\u00e9e \u00e0 l\u2019occasion du premier Festival de la Libert\u00e9 Religieuse de la Jama\u00efque qui s\u2019est d\u00e9roul\u00e9 au National Arena le sabbat 24 janvier devant une foule de plusieurs milliers d\u2019Adventistes, parmi lesquels le Gouverneur G\u00e9n\u00e9ral de la Jama\u00efque, Patrick Allen, ainsi que des membres d\u2019autres d\u00e9nominations religieuses.<\/p>\n<p>\u00ab Je suis ravi, heureux et honor\u00e9 d\u2019accueillir l\u2019Association Nationale de la Libert\u00e9 Religieuse dans le r\u00e9seau d\u2019IRLA, \u00bb a d\u00e9clar\u00e9 aux participants John Graz, secr\u00e9taire-g\u00e9n\u00e9ral de l\u2019Association Internationale de la Libert\u00e9 Religieuse.<\/p>\n<p>\u00ab Notre mission est de prot\u00e9ger, promouvoir et d\u00e9fendre la libert\u00e9 religieuse de tous et partout. \u00ab C\u2019est maintenant votre mission, \u00bb a dit John Graz, qui sert en tant que directeur des affaires publiques et de la libert\u00e9 religieuse pour l\u2019Eglise Adventiste mondiale.<\/p>\n<p>Le Vice-Premier Ministre, Robert Pickersgill, qui repr\u00e9sentait le Premier Ministre, a d\u00e9clar\u00e9 que son gouvernement reconnaissait \u00ab l\u2019\u00e9norme impact \u00bb qu\u2019avait la libert\u00e9 religieuse sur le d\u00e9veloppement de la Jama\u00efque et avait consign\u00e9 ce droit en 2011 dans un amendement \u00e0 la constitution jama\u00efcaine.<\/p>\n<p>\u00ab De nombreuses \u00e9coles, des h\u00f4pitaux, des organismes donateurs et des programmes de d\u00e9veloppement communautaire bien \u00e9tablis en Jama\u00efque sont le r\u00e9sultat de l\u2019existence de la libert\u00e9 religieuse et de la forte influence de l\u2019\u00e9glise, a dit Robert Pickersgill.<\/p>\n<p>Pearnel Charles, membre du Parlement, et repr\u00e9sentant le leader de l\u2019opposition Andrew Holness, a promis que le parti Jamaica Labour Party d\u00e9fendrait toujours la libert\u00e9 religieuse mais a invit\u00e9 les Chr\u00e9tiens \u00e0 d\u00e9noncer l\u2019injustice humaine.<\/p>\n<div id=\"attachment_14963\" style=\"width: 310px\" class=\"wp-caption alignright\"><a href=\"\/interamerica\/wp-content\/uploads\/2017\/06\/JAMU-IRLA-music.png\" rel=\"fancybox\" title=\"En Jama\u00efque, l\u2019Eglise Adventiste c\u00e9l\u00e8bre la libert\u00e9 religieuse et inaugure l\u2019Association Nationale de la Libert\u00e9 Religieuse\"><img loading=\"lazy\" decoding=\"async\" aria-describedby=\"caption-attachment-14963\" class=\"size-full wp-image-14963\" src=\"\/interamerica\/wp-content\/uploads\/2017\/06\/JAMU-IRLA-music.png\" alt=\"\" width=\"300\" height=\"186\" \/><\/a><p id=\"caption-attachment-14963\" class=\"wp-caption-text\">Des pr\u00e9sentations musicales \u00e9taient au programme du Festival de la Libert\u00e9 Religieuse qui a eu lieu au National Arena.<\/p><\/div>\n<p>\u00ab Vous ne pouvez rester silencieux quand la libert\u00e9 est attaqu\u00e9e\u2026quand les n\u00f4tres sont tu\u00e9s dans le monde entier, y compris en Jama\u00efque, \u00bb a t-il dit.<\/p>\n<p>Il a \u00e9galement d\u00e9clar\u00e9 que les Chr\u00e9tiens devraient s\u2019engager en politique \u00ab parce que si vous \u00eatre indiff\u00e9rents, quelqu\u2019un d\u2019autre s\u2019impliquera. \u00bb<\/p>\n<p>\u00ab Soyez pr\u00eats \u00e0 d\u00e9fendre votre libert\u00e9, \u00bb a t-il dit. \u00ab Une attaque sur la libert\u00e9 quelque part est une attaque contre la libert\u00e9 partout. \u00bb<\/p>\n<p>Le vice-pr\u00e9sident de la Division Inter Am\u00e9ricaine, pasteur Leon B. Wellington a d\u00e9clar\u00e9 qu\u2019\u00e0 un moment o\u00f9 la libert\u00e9 religieuse fait l\u2019objet d\u2019attaque dans le monde entier, il faut que la Jama\u00efque \u00ab \u00e9l\u00e8ve la voix pour prendre la d\u00e9fense ceux qui ne peuvent se faire entendre. \u00bb<\/p>\n<p>C\u2019est Nigel Coke qui est le nouveau secr\u00e9taire g\u00e9n\u00e9ral de l\u2019Association Nationale de la Libert\u00e9 Religieuse, il est \u00e9galement le directeur des affaires publiques et de la libert\u00e9 religieuse pour l\u2019Union Jama\u00efcaine de l\u2019Eglise Adventiste. Il a nomm\u00e9 le R\u00e9v\u00e9rend Conrad Pitkin pr\u00e9sident et un certain nombre d\u2019autres leaders religieux membres du comit\u00e9 int\u00e9rimaire.<\/p>\n<p>Conrad Pitkin qui est pr\u00e9sident du Jamaica Umbrella Group of Churches (Parapluie de Groupes d\u2019Eglises de Jama\u00efque), a remerci\u00e9 les gouvernements successifs d\u2019avoir pr\u00e9serv\u00e9 la libert\u00e9 religieuse et permis aux organisations religieuses d\u2019\u00e9tablir des institutions \u00e9ducatives et sanitaires pour le bien de leurs membres.<\/p>\n<div id=\"attachment_14962\" style=\"width: 310px\" class=\"wp-caption alignleft\"><a href=\"\/interamerica\/wp-content\/uploads\/2017\/06\/NigelCoke-JAMU-IRLA.png\" rel=\"fancybox\" title=\"En Jama\u00efque, l\u2019Eglise Adventiste c\u00e9l\u00e8bre la libert\u00e9 religieuse et inaugure l\u2019Association Nationale de la Libert\u00e9 Religieuse\"><img loading=\"lazy\" decoding=\"async\" aria-describedby=\"caption-attachment-14962\" class=\"size-full wp-image-14962\" src=\"\/interamerica\/wp-content\/uploads\/2017\/06\/NigelCoke-JAMU-IRLA.png\" alt=\"\" width=\"300\" height=\"225\" \/><\/a><p id=\"caption-attachment-14962\" class=\"wp-caption-text\">Le nouveau secr\u00e9taire g\u00e9n\u00e9ral de l\u2019Association Nationale de la Libert\u00e9 Religieuse (NRLA) de la Jama\u00efque, a d\u00e9clar\u00e9 que la section locale \u00e9tait une n\u00e9cessit\u00e9 parce que les jama\u00efcains ne devraient pas consid\u00e9rer la libert\u00e9 religieuse dont ils jouissent actuellement comme une chose acquise.<\/p><\/div>\n<p>Peu de temps apr\u00e8s l\u2019inauguration de l\u2019Association, le Gouvernement et l\u2019Opposition (gouvernements successifs) ont \u00e9t\u00e9 honor\u00e9s par IRLA pour avoir gard\u00e9 les principes de la libert\u00e9 religieuse inscrits dans la constitution.<\/p>\n<p>Une entreprise, la Jamaica Money Market Brokers ; LOVE 101 FM qui est la propri\u00e9t\u00e9 de plusieurs d\u00e9nominations Chr\u00e9tiennes, et l\u2019Association de la Presse en Jama\u00efque ont \u00e9t\u00e9 honor\u00e9s et r\u00e9compens\u00e9s par la NRLA du fait qu\u2019ils adh\u00e8rent et sont de bons exemples du respect des principes de la libert\u00e9 religieuse.<\/p>\n<p>La Jama\u00efque rejoint plus de 80 pays \u00e0 travers le monde qui comptent des associations nationales de libert\u00e9 religieuse. Tout r\u00e9cemment, la Papouasie Nouvelle Guin\u00e9e a ouvert sa propre association lors d\u2019un festival qui a eu lieu le mois dernier. Bien que dirig\u00e9e par l\u2019Eglise Adventiste du Septi\u00e8me Jour, l\u2019association multiconfessionnelle en Jama\u00efque a pour objectif de d\u00e9fendre et pr\u00e9server la libert\u00e9 religieuse pour toutes les religions. Son organisation m\u00e8re, l\u2019Association Internationale de la Libert\u00e9 Religieuse d\u00e9fend les droits religieux des personnes depuis son organisation en 1893.<\/p>\n<p>Traduction: Patrick Luciathe<\/p>\n","protected":false},"excerpt":{"rendered":"<p>L\u2019Eglise Adventiste du Septi\u00e8me Jour a ouvert en Jama\u00efque une section locale de l\u2019Association Internationale de la Libert\u00e9 Religieuse, organisation qui d\u00e9fend les droits de toutes les religions, lors d\u2019un festival o\u00f9 l\u2019on a not\u00e9 la pr\u00e9sence de hauts responsables gouvernementaux et des milliers d\u2019autres personnes \u00e0 Kingston.  <\/p>\n<p>Les dirigeants de la section locale d\u00e9sign\u00e9e sous le nom d\u2019Association Nationale de la Libert\u00e9 Religieuse, ont d\u00e9clar\u00e9 que c\u2019\u00e9tait une n\u00e9cessit\u00e9 d\u2019organiser le groupe parce que les jama\u00efcains ne devraient pas consid\u00e9rer leur libert\u00e9 religieuse actuelle comme allant de soi.<\/p>\n","protected":false},"author":1,"featured_media":24318,"comment_status":"closed","ping_status":"closed","sticky":false,"template":"","format":"standard","meta":{"_acf_changed":false,"footnotes":""},"categories":[21,19],"tags":[],"class_list":["post-32153","post","type-post","status-publish","format-standard","has-post-thumbnail","hentry","category-nouvelles-du-territoire","category-rss-francais"],"acf":[],"yoast_head":"<!-- This site is optimized with the Yoast SEO plugin v27.3 - https:\/\/yoast.com\/product\/yoast-seo-wordpress\/ -->\n<title>En Jama\u00efque, l\u2019Eglise Adventiste c\u00e9l\u00e8bre la libert\u00e9 religieuse et inaugure l\u2019Association Nationale de la Libert\u00e9 Religieuse - \u00c9glise Adventiste Du Septieme Jour - Inter Am\u00e9rique Division<\/title>\n<meta name=\"robots\" content=\"index, follow, max-snippet:-1, max-image-preview:large, max-video-preview:-1\" \/>\n<link rel=\"canonical\" href=\"https:\/\/interamerica.org\/fr\/2015\/01\/en-jamaique-leglise-adventiste-celebre-la-liberte-religieuse-et-inaugure-lassociation-nationale-de-la-liberte-religieuse\/\" \/>\n<meta property=\"og:locale\" content=\"fr_FR\" \/>\n<meta property=\"og:type\" content=\"article\" \/>\n<meta property=\"og:title\" content=\"En Jama\u00efque, l\u2019Eglise Adventiste c\u00e9l\u00e8bre la libert\u00e9 religieuse et inaugure l\u2019Association Nationale de la Libert\u00e9 Religieuse - \u00c9glise Adventiste Du Septieme Jour - Inter Am\u00e9rique Division\" \/>\n<meta property=\"og:description\" content=\"L\u2019Eglise Adventiste du Septi\u00e8me Jour a ouvert en Jama\u00efque une section locale de l\u2019Association Internationale de la Libert\u00e9 Religieuse, organisation qui d\u00e9fend les droits de toutes les religions, lors d\u2019un festival o\u00f9 l\u2019on a not\u00e9 la pr\u00e9sence de hauts responsables gouvernementaux et des milliers d\u2019autres personnes \u00e0 Kingston.  Les dirigeants de la section locale d\u00e9sign\u00e9e sous le nom d\u2019Association Nationale de la Libert\u00e9 Religieuse, ont d\u00e9clar\u00e9 que c\u2019\u00e9tait une n\u00e9cessit\u00e9 d\u2019organiser le groupe parce que les jama\u00efcains ne devraient pas consid\u00e9rer leur libert\u00e9 religieuse actuelle comme allant de soi.\" \/>\n<meta property=\"og:url\" content=\"https:\/\/interamerica.org\/fr\/2015\/01\/en-jamaique-leglise-adventiste-celebre-la-liberte-religieuse-et-inaugure-lassociation-nationale-de-la-liberte-religieuse\/\" \/>\n<meta property=\"og:site_name\" content=\"\u00c9glise Adventiste Du Septieme Jour - Inter Am\u00e9rique Division\" \/>\n<meta property=\"article:published_time\" content=\"2015-01-27T04:00:00+00:00\" \/>\n<meta property=\"og:image\" content=\"https:\/\/interamerica.org\/wp-content\/uploads\/2017\/06\/JAMU-IRLA-music.png\" \/>\n\t<meta property=\"og:image:width\" content=\"300\" \/>\n\t<meta property=\"og:image:height\" content=\"186\" \/>\n\t<meta property=\"og:image:type\" content=\"image\/png\" \/>\n<meta name=\"author\" content=\"Lorenzo Verduzco\" \/>\n<meta name=\"twitter:card\" content=\"summary_large_image\" \/>\n<meta name=\"twitter:label1\" content=\"\u00c9crit par\" \/>\n\t<meta name=\"twitter:data1\" content=\"Lorenzo Verduzco\" \/>\n\t<meta name=\"twitter:label2\" content=\"Dur\u00e9e de lecture estim\u00e9e\" \/>\n\t<meta name=\"twitter:data2\" content=\"6 minutes\" \/>\n<script type=\"application\/ld+json\" class=\"yoast-schema-graph\">{\"@context\":\"https:\\\/\\\/schema.org\",\"@graph\":[{\"@type\":\"Article\",\"@id\":\"https:\\\/\\\/interamerica.org\\\/fr\\\/2015\\\/01\\\/en-jamaique-leglise-adventiste-celebre-la-liberte-religieuse-et-inaugure-lassociation-nationale-de-la-liberte-religieuse\\\/#article\",\"isPartOf\":{\"@id\":\"https:\\\/\\\/interamerica.org\\\/fr\\\/2015\\\/01\\\/en-jamaique-leglise-adventiste-celebre-la-liberte-religieuse-et-inaugure-lassociation-nationale-de-la-liberte-religieuse\\\/\"},\"author\":{\"name\":\"Lorenzo Verduzco\",\"@id\":\"https:\\\/\\\/interamerica.org\\\/fr\\\/#\\\/schema\\\/person\\\/68ede8bdc292885bb76c1e3810e73c39\"},\"headline\":\"En Jama\u00efque, l\u2019Eglise Adventiste c\u00e9l\u00e8bre la libert\u00e9 religieuse et inaugure l\u2019Association Nationale de la Libert\u00e9 Religieuse\",\"datePublished\":\"2015-01-27T04:00:00+00:00\",\"mainEntityOfPage\":{\"@id\":\"https:\\\/\\\/interamerica.org\\\/fr\\\/2015\\\/01\\\/en-jamaique-leglise-adventiste-celebre-la-liberte-religieuse-et-inaugure-lassociation-nationale-de-la-liberte-religieuse\\\/\"},\"wordCount\":1191,\"image\":{\"@id\":\"https:\\\/\\\/interamerica.org\\\/fr\\\/2015\\\/01\\\/en-jamaique-leglise-adventiste-celebre-la-liberte-religieuse-et-inaugure-lassociation-nationale-de-la-liberte-religieuse\\\/#primaryimage\"},\"thumbnailUrl\":\"https:\\\/\\\/interamerica.org\\\/wp-content\\\/uploads\\\/2017\\\/06\\\/JAMU-IRLA-music.png\",\"articleSection\":[\"Nouvelles du territoire\",\"RSS Fran\u00e7ais\"],\"inLanguage\":\"fr-FR\"},{\"@type\":\"WebPage\",\"@id\":\"https:\\\/\\\/interamerica.org\\\/fr\\\/2015\\\/01\\\/en-jamaique-leglise-adventiste-celebre-la-liberte-religieuse-et-inaugure-lassociation-nationale-de-la-liberte-religieuse\\\/\",\"url\":\"https:\\\/\\\/interamerica.org\\\/fr\\\/2015\\\/01\\\/en-jamaique-leglise-adventiste-celebre-la-liberte-religieuse-et-inaugure-lassociation-nationale-de-la-liberte-religieuse\\\/\",\"name\":\"En Jama\u00efque, l\u2019Eglise Adventiste c\u00e9l\u00e8bre la libert\u00e9 religieuse et inaugure l\u2019Association Nationale de la Libert\u00e9 Religieuse - \u00c9glise Adventiste Du Septieme Jour - Inter Am\u00e9rique Division\",\"isPartOf\":{\"@id\":\"https:\\\/\\\/interamerica.org\\\/fr\\\/#website\"},\"primaryImageOfPage\":{\"@id\":\"https:\\\/\\\/interamerica.org\\\/fr\\\/2015\\\/01\\\/en-jamaique-leglise-adventiste-celebre-la-liberte-religieuse-et-inaugure-lassociation-nationale-de-la-liberte-religieuse\\\/#primaryimage\"},\"image\":{\"@id\":\"https:\\\/\\\/interamerica.org\\\/fr\\\/2015\\\/01\\\/en-jamaique-leglise-adventiste-celebre-la-liberte-religieuse-et-inaugure-lassociation-nationale-de-la-liberte-religieuse\\\/#primaryimage\"},\"thumbnailUrl\":\"https:\\\/\\\/interamerica.org\\\/wp-content\\\/uploads\\\/2017\\\/06\\\/JAMU-IRLA-music.png\",\"datePublished\":\"2015-01-27T04:00:00+00:00\",\"author\":{\"@id\":\"https:\\\/\\\/interamerica.org\\\/fr\\\/#\\\/schema\\\/person\\\/68ede8bdc292885bb76c1e3810e73c39\"},\"breadcrumb\":{\"@id\":\"https:\\\/\\\/interamerica.org\\\/fr\\\/2015\\\/01\\\/en-jamaique-leglise-adventiste-celebre-la-liberte-religieuse-et-inaugure-lassociation-nationale-de-la-liberte-religieuse\\\/#breadcrumb\"},\"inLanguage\":\"fr-FR\",\"potentialAction\":[{\"@type\":\"ReadAction\",\"target\":[\"https:\\\/\\\/interamerica.org\\\/fr\\\/2015\\\/01\\\/en-jamaique-leglise-adventiste-celebre-la-liberte-religieuse-et-inaugure-lassociation-nationale-de-la-liberte-religieuse\\\/\"]}]},{\"@type\":\"ImageObject\",\"inLanguage\":\"fr-FR\",\"@id\":\"https:\\\/\\\/interamerica.org\\\/fr\\\/2015\\\/01\\\/en-jamaique-leglise-adventiste-celebre-la-liberte-religieuse-et-inaugure-lassociation-nationale-de-la-liberte-religieuse\\\/#primaryimage\",\"url\":\"https:\\\/\\\/interamerica.org\\\/wp-content\\\/uploads\\\/2017\\\/06\\\/JAMU-IRLA-music.png\",\"contentUrl\":\"https:\\\/\\\/interamerica.org\\\/wp-content\\\/uploads\\\/2017\\\/06\\\/JAMU-IRLA-music.png\",\"width\":300,\"height\":186},{\"@type\":\"BreadcrumbList\",\"@id\":\"https:\\\/\\\/interamerica.org\\\/fr\\\/2015\\\/01\\\/en-jamaique-leglise-adventiste-celebre-la-liberte-religieuse-et-inaugure-lassociation-nationale-de-la-liberte-religieuse\\\/#breadcrumb\",\"itemListElement\":[{\"@type\":\"ListItem\",\"position\":1,\"name\":\"Home\",\"item\":\"https:\\\/\\\/interamerica.org\\\/fr\\\/\"},{\"@type\":\"ListItem\",\"position\":2,\"name\":\"En Jama\u00efque, l\u2019Eglise Adventiste c\u00e9l\u00e8bre la libert\u00e9 religieuse et inaugure l\u2019Association Nationale de la Libert\u00e9 Religieuse\"}]},{\"@type\":\"WebSite\",\"@id\":\"https:\\\/\\\/interamerica.org\\\/fr\\\/#website\",\"url\":\"https:\\\/\\\/interamerica.org\\\/fr\\\/\",\"name\":\"\u00c9glise Adventiste Du Septieme Jour - Inter Am\u00e9rique Division\",\"description\":\"\",\"potentialAction\":[{\"@type\":\"SearchAction\",\"target\":{\"@type\":\"EntryPoint\",\"urlTemplate\":\"https:\\\/\\\/interamerica.org\\\/fr\\\/?s={search_term_string}\"},\"query-input\":{\"@type\":\"PropertyValueSpecification\",\"valueRequired\":true,\"valueName\":\"search_term_string\"}}],\"inLanguage\":\"fr-FR\"},{\"@type\":\"Person\",\"@id\":\"https:\\\/\\\/interamerica.org\\\/fr\\\/#\\\/schema\\\/person\\\/68ede8bdc292885bb76c1e3810e73c39\",\"name\":\"Lorenzo Verduzco\",\"image\":{\"@type\":\"ImageObject\",\"inLanguage\":\"fr-FR\",\"@id\":\"https:\\\/\\\/secure.gravatar.com\\\/avatar\\\/fb81a55b6218459490a9c1dc841a34909185b81904c5337b4b27f7a6fd60c49e?s=96&d=mm&r=g\",\"url\":\"https:\\\/\\\/secure.gravatar.com\\\/avatar\\\/fb81a55b6218459490a9c1dc841a34909185b81904c5337b4b27f7a6fd60c49e?s=96&d=mm&r=g\",\"contentUrl\":\"https:\\\/\\\/secure.gravatar.com\\\/avatar\\\/fb81a55b6218459490a9c1dc841a34909185b81904c5337b4b27f7a6fd60c49e?s=96&d=mm&r=g\",\"caption\":\"Lorenzo Verduzco\"}}]}<\/script>\n<!-- \/ Yoast SEO plugin. -->","yoast_head_json":{"title":"En Jama\u00efque, l\u2019Eglise Adventiste c\u00e9l\u00e8bre la libert\u00e9 religieuse et inaugure l\u2019Association Nationale de la Libert\u00e9 Religieuse - \u00c9glise Adventiste Du Septieme Jour - Inter Am\u00e9rique Division","robots":{"index":"index","follow":"follow","max-snippet":"max-snippet:-1","max-image-preview":"max-image-preview:large","max-video-preview":"max-video-preview:-1"},"canonical":"https:\/\/interamerica.org\/fr\/2015\/01\/en-jamaique-leglise-adventiste-celebre-la-liberte-religieuse-et-inaugure-lassociation-nationale-de-la-liberte-religieuse\/","og_locale":"fr_FR","og_type":"article","og_title":"En Jama\u00efque, l\u2019Eglise Adventiste c\u00e9l\u00e8bre la libert\u00e9 religieuse et inaugure l\u2019Association Nationale de la Libert\u00e9 Religieuse - \u00c9glise Adventiste Du Septieme Jour - Inter Am\u00e9rique Division","og_description":"L\u2019Eglise Adventiste du Septi\u00e8me Jour a ouvert en Jama\u00efque une section locale de l\u2019Association Internationale de la Libert\u00e9 Religieuse, organisation qui d\u00e9fend les droits de toutes les religions, lors d\u2019un festival o\u00f9 l\u2019on a not\u00e9 la pr\u00e9sence de hauts responsables gouvernementaux et des milliers d\u2019autres personnes \u00e0 Kingston.  Les dirigeants de la section locale d\u00e9sign\u00e9e sous le nom d\u2019Association Nationale de la Libert\u00e9 Religieuse, ont d\u00e9clar\u00e9 que c\u2019\u00e9tait une n\u00e9cessit\u00e9 d\u2019organiser le groupe parce que les jama\u00efcains ne devraient pas consid\u00e9rer leur libert\u00e9 religieuse actuelle comme allant de soi.","og_url":"https:\/\/interamerica.org\/fr\/2015\/01\/en-jamaique-leglise-adventiste-celebre-la-liberte-religieuse-et-inaugure-lassociation-nationale-de-la-liberte-religieuse\/","og_site_name":"\u00c9glise Adventiste Du Septieme Jour - Inter Am\u00e9rique Division","article_published_time":"2015-01-27T04:00:00+00:00","og_image":[{"width":300,"height":186,"url":"https:\/\/interamerica.org\/wp-content\/uploads\/2017\/06\/JAMU-IRLA-music.png","type":"image\/png"}],"author":"Lorenzo Verduzco","twitter_card":"summary_large_image","twitter_misc":{"\u00c9crit par":"Lorenzo Verduzco","Dur\u00e9e de lecture estim\u00e9e":"6 minutes"},"schema":{"@context":"https:\/\/schema.org","@graph":[{"@type":"Article","@id":"https:\/\/interamerica.org\/fr\/2015\/01\/en-jamaique-leglise-adventiste-celebre-la-liberte-religieuse-et-inaugure-lassociation-nationale-de-la-liberte-religieuse\/#article","isPartOf":{"@id":"https:\/\/interamerica.org\/fr\/2015\/01\/en-jamaique-leglise-adventiste-celebre-la-liberte-religieuse-et-inaugure-lassociation-nationale-de-la-liberte-religieuse\/"},"author":{"name":"Lorenzo Verduzco","@id":"https:\/\/interamerica.org\/fr\/#\/schema\/person\/68ede8bdc292885bb76c1e3810e73c39"},"headline":"En Jama\u00efque, l\u2019Eglise Adventiste c\u00e9l\u00e8bre la libert\u00e9 religieuse et inaugure l\u2019Association Nationale de la Libert\u00e9 Religieuse","datePublished":"2015-01-27T04:00:00+00:00","mainEntityOfPage":{"@id":"https:\/\/interamerica.org\/fr\/2015\/01\/en-jamaique-leglise-adventiste-celebre-la-liberte-religieuse-et-inaugure-lassociation-nationale-de-la-liberte-religieuse\/"},"wordCount":1191,"image":{"@id":"https:\/\/interamerica.org\/fr\/2015\/01\/en-jamaique-leglise-adventiste-celebre-la-liberte-religieuse-et-inaugure-lassociation-nationale-de-la-liberte-religieuse\/#primaryimage"},"thumbnailUrl":"https:\/\/interamerica.org\/wp-content\/uploads\/2017\/06\/JAMU-IRLA-music.png","articleSection":["Nouvelles du territoire","RSS Fran\u00e7ais"],"inLanguage":"fr-FR"},{"@type":"WebPage","@id":"https:\/\/interamerica.org\/fr\/2015\/01\/en-jamaique-leglise-adventiste-celebre-la-liberte-religieuse-et-inaugure-lassociation-nationale-de-la-liberte-religieuse\/","url":"https:\/\/interamerica.org\/fr\/2015\/01\/en-jamaique-leglise-adventiste-celebre-la-liberte-religieuse-et-inaugure-lassociation-nationale-de-la-liberte-religieuse\/","name":"En Jama\u00efque, l\u2019Eglise Adventiste c\u00e9l\u00e8bre la libert\u00e9 religieuse et inaugure l\u2019Association Nationale de la Libert\u00e9 Religieuse - \u00c9glise Adventiste Du Septieme Jour - Inter Am\u00e9rique Division","isPartOf":{"@id":"https:\/\/interamerica.org\/fr\/#website"},"primaryImageOfPage":{"@id":"https:\/\/interamerica.org\/fr\/2015\/01\/en-jamaique-leglise-adventiste-celebre-la-liberte-religieuse-et-inaugure-lassociation-nationale-de-la-liberte-religieuse\/#primaryimage"},"image":{"@id":"https:\/\/interamerica.org\/fr\/2015\/01\/en-jamaique-leglise-adventiste-celebre-la-liberte-religieuse-et-inaugure-lassociation-nationale-de-la-liberte-religieuse\/#primaryimage"},"thumbnailUrl":"https:\/\/interamerica.org\/wp-content\/uploads\/2017\/06\/JAMU-IRLA-music.png","datePublished":"2015-01-27T04:00:00+00:00","author":{"@id":"https:\/\/interamerica.org\/fr\/#\/schema\/person\/68ede8bdc292885bb76c1e3810e73c39"},"breadcrumb":{"@id":"https:\/\/interamerica.org\/fr\/2015\/01\/en-jamaique-leglise-adventiste-celebre-la-liberte-religieuse-et-inaugure-lassociation-nationale-de-la-liberte-religieuse\/#breadcrumb"},"inLanguage":"fr-FR","potentialAction":[{"@type":"ReadAction","target":["https:\/\/interamerica.org\/fr\/2015\/01\/en-jamaique-leglise-adventiste-celebre-la-liberte-religieuse-et-inaugure-lassociation-nationale-de-la-liberte-religieuse\/"]}]},{"@type":"ImageObject","inLanguage":"fr-FR","@id":"https:\/\/interamerica.org\/fr\/2015\/01\/en-jamaique-leglise-adventiste-celebre-la-liberte-religieuse-et-inaugure-lassociation-nationale-de-la-liberte-religieuse\/#primaryimage","url":"https:\/\/interamerica.org\/wp-content\/uploads\/2017\/06\/JAMU-IRLA-music.png","contentUrl":"https:\/\/interamerica.org\/wp-content\/uploads\/2017\/06\/JAMU-IRLA-music.png","width":300,"height":186},{"@type":"BreadcrumbList","@id":"https:\/\/interamerica.org\/fr\/2015\/01\/en-jamaique-leglise-adventiste-celebre-la-liberte-religieuse-et-inaugure-lassociation-nationale-de-la-liberte-religieuse\/#breadcrumb","itemListElement":[{"@type":"ListItem","position":1,"name":"Home","item":"https:\/\/interamerica.org\/fr\/"},{"@type":"ListItem","position":2,"name":"En Jama\u00efque, l\u2019Eglise Adventiste c\u00e9l\u00e8bre la libert\u00e9 religieuse et inaugure l\u2019Association Nationale de la Libert\u00e9 Religieuse"}]},{"@type":"WebSite","@id":"https:\/\/interamerica.org\/fr\/#website","url":"https:\/\/interamerica.org\/fr\/","name":"\u00c9glise Adventiste Du Septieme Jour - Inter Am\u00e9rique Division","description":"","potentialAction":[{"@type":"SearchAction","target":{"@type":"EntryPoint","urlTemplate":"https:\/\/interamerica.org\/fr\/?s={search_term_string}"},"query-input":{"@type":"PropertyValueSpecification","valueRequired":true,"valueName":"search_term_string"}}],"inLanguage":"fr-FR"},{"@type":"Person","@id":"https:\/\/interamerica.org\/fr\/#\/schema\/person\/68ede8bdc292885bb76c1e3810e73c39","name":"Lorenzo Verduzco","image":{"@type":"ImageObject","inLanguage":"fr-FR","@id":"https:\/\/secure.gravatar.com\/avatar\/fb81a55b6218459490a9c1dc841a34909185b81904c5337b4b27f7a6fd60c49e?s=96&d=mm&r=g","url":"https:\/\/secure.gravatar.com\/avatar\/fb81a55b6218459490a9c1dc841a34909185b81904c5337b4b27f7a6fd60c49e?s=96&d=mm&r=g","contentUrl":"https:\/\/secure.gravatar.com\/avatar\/fb81a55b6218459490a9c1dc841a34909185b81904c5337b4b27f7a6fd60c49e?s=96&d=mm&r=g","caption":"Lorenzo Verduzco"}}]}},"_links":{"self":[{"href":"https:\/\/interamerica.org\/fr\/wp-json\/wp\/v2\/posts\/32153","targetHints":{"allow":["GET"]}}],"collection":[{"href":"https:\/\/interamerica.org\/fr\/wp-json\/wp\/v2\/posts"}],"about":[{"href":"https:\/\/interamerica.org\/fr\/wp-json\/wp\/v2\/types\/post"}],"author":[{"embeddable":true,"href":"https:\/\/interamerica.org\/fr\/wp-json\/wp\/v2\/users\/1"}],"replies":[{"embeddable":true,"href":"https:\/\/interamerica.org\/fr\/wp-json\/wp\/v2\/comments?post=32153"}],"version-history":[{"count":0,"href":"https:\/\/interamerica.org\/fr\/wp-json\/wp\/v2\/posts\/32153\/revisions"}],"wp:featuredmedia":[{"embeddable":true,"href":"https:\/\/interamerica.org\/fr\/wp-json\/wp\/v2\/media\/24318"}],"wp:attachment":[{"href":"https:\/\/interamerica.org\/fr\/wp-json\/wp\/v2\/media?parent=32153"}],"wp:term":[{"taxonomy":"category","embeddable":true,"href":"https:\/\/interamerica.org\/fr\/wp-json\/wp\/v2\/categories?post=32153"},{"taxonomy":"post_tag","embeddable":true,"href":"https:\/\/interamerica.org\/fr\/wp-json\/wp\/v2\/tags?post=32153"}],"curies":[{"name":"wp","href":"https:\/\/api.w.org\/{rel}","templated":true}]}}