{"id":32154,"date":"2015-01-26T00:00:00","date_gmt":"2015-01-26T04:00:00","guid":{"rendered":"http:\/\/192.81.217.108\/interamerica\/2015\/01\/a-new-york-une-eglise-adventiste-organise-un-service-desperance-et-de-guerison-pour-la-poice-et-les-citoyens\/"},"modified":"2015-01-26T00:00:00","modified_gmt":"2015-01-26T04:00:00","slug":"a-new-york-une-eglise-adventiste-organise-un-service-desperance-et-de-guerison-pour-la-poice-et-les-citoyens","status":"publish","type":"post","link":"https:\/\/interamerica.org\/fr\/2015\/01\/a-new-york-une-eglise-adventiste-organise-un-service-desperance-et-de-guerison-pour-la-poice-et-les-citoyens\/","title":{"rendered":"\u00c0 New York, Une \u00c9glise Adventiste organise un service d&rsquo;esperance et de guerison pour la poice et les citoyens"},"content":{"rendered":"<p>23 janvier 2015\/ Brooklyn, New York, \u00c9tats-Unis\/ Debra McKinney Banks\/ AUC et l\u2019\u00e9quipe d\u2019ANN<\/p>\n<div id=\"attachment_14944\" style=\"width: 310px\" class=\"wp-caption alignright\"><a href=\"\/interamerica\/wp-content\/uploads\/2017\/06\/csm_ny-panel-web_67d35fcbdf.jpg\" rel=\"fancybox\" title=\"\u00c0 New York, Une \u00c9glise Adventiste organise un service d'esperance et de guerison pour la poice et les citoyens\"><img fetchpriority=\"high\" decoding=\"async\" aria-describedby=\"caption-attachment-14944\" class=\"size-medium wp-image-14944 \" src=\"\/interamerica\/wp-content\/uploads\/2017\/06\/csm_ny-panel-web_67d35fcbdf-300x225.jpg\" alt=\"\" width=\"300\" height=\"225\" \/><\/a><p id=\"caption-attachment-14944\" class=\"wp-caption-text\">Les administrations de deux f\u00e9d\u00e9rations de l\u2019\u00e9glise adventiste ont parrain\u00e9 un service d\u2019esp\u00e9rance et de gu\u00e9rison dans une \u00e9glise adventiste de Brooklyn qui s&rsquo;est d\u00e9roul\u00e9 le dimanche 18 janvier dernier. Ci dessus, un d\u00e9bat organis\u00e9 autour des probl\u00e8mes qui concernent les incidents avec la police \u00e0 New York le mois dernier. En partant de la gauche : Rohann D. Wellington, animateur ; Allen Martin, \u00c9glise Adventiste de B\u00e9thel ; 1er Commissaire adjoint du D\u00e9partement de Police de New York, Ben Tucker ; Shane Vidal, \u00c9glise Adventiste du Septi\u00e8me Jour Maranatha ; D\u00e9put\u00e9s Am\u00e9ricains Hakeem Jeffries et Yvette Clarke ; et Gilford Monrose, pr\u00e9sident de l\u2019association du clerg\u00e9 de la 67\u00e8mecirconscription. Image de Dawin Rodriguez\/ANN<\/p><\/div>\n<p>Une \u00e9glise adventiste \u00e0 New York a accueilli un service d\u2019esp\u00e9rance et de gu\u00e9rison dans le but de calmer les tensions provoqu\u00e9es par des semaines de d\u2019agitation entre la police et les groupes de droits civiques d\u00fb \u00e0 la mort d\u2019un citoyen et de deux policiers.<\/p>\n<p>Associ\u00e9s \u00e0 des c\u00e9l\u00e9brations pour comm\u00e9morer l\u2019h\u00e9ritage des droits civiques de l\u2019ic\u00f4ne Martin Luther King Jr., des dirigeants d\u00a0\u2018\u00e9glise, des responsables de la ville, des officiels de la police et des repr\u00e9sentants du Congr\u00e8s avaient \u00e9t\u00e9 invit\u00e9s au programme intitul\u00e9 \u00ab\u00a0Esp\u00e9rance et Gu\u00e9rison pour de Meilleures Relations entre la Police et la Communaut\u00e9\u00a0\u00bb.<\/p>\n<p>Des pri\u00e8res pour des notables de la ville, pour la protection de \u00a0plus de 35 000 officiers de police de la ville qui patrouillent les rues, et la gu\u00e9rison de Dieu pour soulager le mal et la suspicion rampants dans la communaut\u00e9, ont \u00e9t\u00e9 faites durant le programme qui a eu lieu le 18 janvier, \u00e0 l\u2019\u00c9glise Adventiste \u00ab\u00a0Flatbush\u00a0\u00bb,\u00a0 \u00e0 Brooklyn,<\/p>\n<p>Les tensions ont repris \u00e0 New York et dans tout le pays \u00e0 cause \u00a0d\u2019incidents avec la police \u00e0 la fin de l\u2019ann\u00e9e derni\u00e8re. \u00c0 New York, le citoyen am\u00e9ricain \u00c9ric Garner est mort par strangulation, en juillet, \u00e0 cause d\u2019un officier de police. Le 3 d\u00e9cembre, un grand jury de la r\u00e9gion\u00a0 a d\u00e9cid\u00e9 de ne pas inculper le policier. Le 20 d\u00e9cembre, deux officiers de police ont \u00e9t\u00e9 assassin\u00e9s par un\u00a0 homme\u00a0 en repr\u00e9sailles. Les deux \u00e9v\u00e9nements ont provoqu\u00e9 des protestations, des regroupements et une couverture m\u00e9diatique nationale.<\/p>\n<p>Au programme de dimanche, coparrain\u00e9 par l\u2019\u00c9glise Adventiste \u00ab\u00a0Greater New York\u00a0\u00bb et les f\u00e9d\u00e9rations Nord-Est, les dirigeants de l\u2019\u00e9glise adventiste, ont appel\u00e9 toutes les parties au calme, \u00e0 la compr\u00e9hension et \u00e0 la gu\u00e9rison.<\/p>\n<p>\u00ab\u00a0Ces derni\u00e8res semaines, la ville a \u00e9t\u00e9 troubl\u00e9e par des tensions\u00a0\u00bb a d\u00e9clar\u00e9 le pr\u00e9sident de la f\u00e9d\u00e9ration Nord-Est, Daniel Honor\u00e9. \u00ab\u00a0Nous pleurons toujours la perte d\u2019\u00c9ric Garner. Nous pleurons encore la perte des officiers (Wenjian) Liu et (Rapha\u00ebl) Ramos. La soci\u00e9t\u00e9, cependant, nous propose maintenant un mauvais choix. Elle nous dit\u00a0: \u00ab\u00a0Soit vous supportez les droits de la communaut\u00e9 ou vous supportez la police.\u00a0\u00bb Aujourd\u2019hui, je veux cat\u00e9goriquement rejeter ce choix.\u00a0\u00bb<\/p>\n<p>Le pr\u00e9sident de la f\u00e9d\u00e9ration du Grand New York\u00a0\u00bb, G.Earl Knight, a d\u00e9clar\u00e9 qu\u2019\u00e0 la lumi\u00e8re des \u00e9v\u00e9nements r\u00e9cents qui divisent la ville\u00a0\u00ab en tant que communaut\u00e9 de foi, nous ne pouvons rester sans rien faire, en nous tournant les pouces de d\u00e9sespoir. Nous sommes un peuple d\u2019espoir, non de d\u00e9sespoir\u2026 Nous croyons que Dieu peut gu\u00e9rir celui qui a le c\u0153ur bris\u00e9, Il peut restaurer nos relations bris\u00e9es.\u00a0\u00bb<\/p>\n<p>La d\u00e9put\u00e9e am\u00e9ricaine Yvette Clarke, de la 9<sup>\u00e8me<\/sup> circonscription de New York, a recommand\u00e9 notre d\u00e9nomination pour coordonner le \u00ab\u00a0rassemblement de circonstance propos\u00e9 pour le dialogue et la discussion\u00a0\u00bb. Elle a ajout\u00e9\u00a0:\u00a0\u00ab\u00a0Vous avez d\u00e9cid\u00e9 que l\u2019\u00e9glise se r\u00e9unit sept jours par semaine. \u00c0 partir de cette compr\u00e9hension de l\u2019\u00e9vangile, nous pouvons transformer des vies en temps r\u00e9el. Non seulement dans le domaine spirituel, mais en effet nous pouvons op\u00e9rer un changement dans le domaine s\u00e9culier.\u00a0\u00bb<\/p>\n<p>D\u2019autres notables ont aussi fait des d\u00e9clarations, y compris l\u2019avocate, Laeticia James\u00a0; le d\u00e9put\u00e9 am\u00e9ricain, Hakeem Jeffries du 8<sup>\u00e8me<\/sup> district\u00a0; Harold Miller, de l\u2019Unit\u00e9 des Affaires de la Communaut\u00e9, repr\u00e9sentant le maire, \u00a0Bill de Blasio et le Pr\u00e9fet de Police en chef de la ville de New York, Benjamin\u00a0 Tucker.<\/p>\n<p>Il y avait dans l\u2019auditoire des jeunes et des jeunes adultes. Dans un effort de coop\u00e9ration suppl\u00e9mentaire, les directeurs de Jeunesse des deux f\u00e9d\u00e9rations, Andres Peralta (du Grand New York) et Roger Wade (du Nord-Est ), pr\u00e9sent\u00e8rent \u00e0 l\u2019auditoire des cartes contenant des informations sur l\u2019attitude \u00e0 avoir quand on est arr\u00eat\u00e9 par la police, de m\u00eame que des informations sur les droits et devoirs des citoyens.<\/p>\n<p>\u00ab Prier n\u2019est pas la seule chose que nous pouvons faire\u00a0\u00bb affirma Wade.<\/p>\n<p>Le Directeur des Communications de la f\u00e9d\u00e9ration du Grand New York , Rohann Wellington a animer une table ronde. Les \u00e9lus invit\u00e9s et le 1<sup>er<\/sup> Commissaire adjoint du D\u00e9partement de Police de New York furent rejoints par le pr\u00e9sident du Conseil du clerg\u00e9 de la 67<sup>\u00e8me<\/sup> circonscription, Gilford Monrose, les pasteurs du Grand New York et du Nord-Est, Shane Vidal et Allen Martin, pour r\u00e9pondre aux questions de Wellington et de l\u2019auditoire.<\/p>\n<p>Quand on lui a demand\u00e9 ce qu\u2019il faudrait pour combler la division \u00a0au vu des r\u00e9cents \u00e9v\u00e9nements, Monrose a cit\u00e9 des exemples d\u2019activisme du clerg\u00e9 durant l\u2019\u00e8re du Mouvement des droits civiques des ann\u00e9es 1960 et 70. \u00ab\u00a0Les membres du clerg\u00e9 ont un r\u00f4le sp\u00e9cifique pour prier, mais nous devons aussi lier les actes \u00e0 notre foi. Nous devons travailler et faire la liaison entre la police et nos communaut\u00e9s.\u00a0\u00bb Monrose a ajout\u00e9 que bien que la col\u00e8re et la frustration soient in\u00e9vitables, le clerg\u00e9 peut \u00eatre cette \u00ab\u00a0voix au centre\u00a0\u00bb, pour maintenir le flot de communication entre les deux parties.<\/p>\n<p>Martin a soulign\u00e9 l\u2019approche plus r\u00e9active que les communaut\u00e9s ont eu et a partag\u00e9 l\u2019exp\u00e9rience qu\u2019il a eu en visitant Ferguson, dans le Missouri, apr\u00e8s la mort par balles de Michael Brown.\u00a0 Mettant l\u2019accent sur le besoin d\u2019engagement public face aux trag\u00e9dies qui se sont produites dans la communaut\u00e9, Martin a d\u00e9clar\u00e9\u00a0: \u00ab\u00a0Nous avons \u00e9lu des fonctionnaires sur le podium, mais les \u00e9lus nous repr\u00e9sente\u2026 Notre responsabilit\u00e9 est de demander des comptes \u00e0 nos \u00e9lus.<\/p>\n<p>Martin a ajout\u00e9\u00a0: \u00ab\u00a0Nous ne pouvons pas nous asseoir et laisser aller les choses sans \u00a0exprimer notre inqui\u00e9tude. Et nous ne pouvons pas attendre qu\u2019il y ait une fusillade ou une quelconque trag\u00e9die, pour nous engager.\u00a0\u00bb<\/p>\n<p>Pasteur Shane Vidal a\u00a0 fait appel \u00e0 un nouveau mod\u00e8le de maintien de l\u2019ordre qui permettrait aux officiers de police de ne pas se concentrer sur le nombre d\u2019arrestations qui sont faites mais sur le nombre de vies qui peuvent \u00eatre transform\u00e9es quotidiennement \u00e0 leur contact.<\/p>\n<p>Des recommandations issues de la table ronde seront pr\u00e9par\u00e9es et pr\u00e9sent\u00e9es au bureau du Maire de la ville de New York.<\/p>\n<p>Le programme de dimanche a aussi inclus un service d\u2019adoration et une conf\u00e9rence de presse.\u00a0 Un moment poignant durant le service fut lorsque l\u2019assembl\u00e9e, compos\u00e9e de nationalit\u00e9s et d\u2019ethnies diff\u00e9rentes, s\u2019est lev\u00e9e comme un seul homme pour applaudir avec enthousiasme Nathanel McKenzie, \u00e2g\u00e9 de huit ans, apr\u00e8s sa r\u00e9citation du discours de Martin Luther King Jr\u00a0: \u00ab\u00a0J\u2019ai un r\u00eave\u00a0\u00bb.<\/p>\n<p>Le mot de la fin fut pr\u00e9sent\u00e9 par Abraham Jules, pasteur du centre d\u2019adoration de la communaut\u00e9 de l\u2019\u00c9glise Adventiste.\u00a0 En utilisant la parabole du bon Samaritain, Jules a rappel\u00e9 \u00e0 l\u2019auditoire\u00a0 que ceux qui ont \u00e9t\u00e9 bless\u00e9s ont souvent une plus grande capacit\u00e9 \u00e0 devenir des gu\u00e9risseurs.<\/p>\n<p>Des projets futurs sont en cours afin de s\u2019appuyer sur les relations construites \u00e0 partir de cet \u00e9v\u00e9nement et procurer une pr\u00e9sence intensive dans les quartiers touch\u00e9s par ces trag\u00e9dies.<\/p>\n<p>Traduction Carole et Charles SAINT-LOUIS<\/p>\n","protected":false},"excerpt":{"rendered":"<p>Une \u00e9glise adventiste \u00e0 New York a accueilli un service d\u2019esp\u00e9rance et de gu\u00e9rison dans le but de calmer les tensions provoqu\u00e9es par des semaines de d\u2019agitation entre la police et les groupes de droits civiques d\u00fb \u00e0 la mort d\u2019un citoyen et de deux policiers.  <\/p>\n<p>Associ\u00e9s \u00e0 des c\u00e9l\u00e9brations pour comm\u00e9morer l\u2019h\u00e9ritage des droits civiques de l\u2019ic\u00f4ne Martin Luther King Jr., des dirigeants d \u2018\u00e9glise, des responsables de la ville, des officiels de la police et des repr\u00e9sentants du Congr\u00e8s avaient \u00e9t\u00e9 invit\u00e9s au programme intitul\u00e9 \u00ab Esp\u00e9rance et Gu\u00e9rison pour de Meilleures Relations entre la Police et la Communaut\u00e9 \u00bb.<\/p>\n","protected":false},"author":1,"featured_media":24314,"comment_status":"closed","ping_status":"closed","sticky":false,"template":"","format":"standard","meta":{"_acf_changed":false,"footnotes":""},"categories":[18,19],"tags":[],"class_list":["post-32154","post","type-post","status-publish","format-standard","has-post-thumbnail","hentry","category-nouvelles-de-leglise-mondiale","category-rss-francais"],"acf":[],"yoast_head":"<!-- This site is optimized with the Yoast SEO plugin v27.3 - https:\/\/yoast.com\/product\/yoast-seo-wordpress\/ -->\n<title>\u00c0 New York, Une \u00c9glise Adventiste organise un service d&#039;esperance et de guerison pour la poice et les citoyens - \u00c9glise Adventiste Du Septieme Jour - Inter Am\u00e9rique Division<\/title>\n<meta name=\"robots\" content=\"index, follow, max-snippet:-1, max-image-preview:large, max-video-preview:-1\" \/>\n<link rel=\"canonical\" href=\"https:\/\/interamerica.org\/fr\/2015\/01\/a-new-york-une-eglise-adventiste-organise-un-service-desperance-et-de-guerison-pour-la-poice-et-les-citoyens\/\" \/>\n<meta property=\"og:locale\" content=\"fr_FR\" \/>\n<meta property=\"og:type\" content=\"article\" \/>\n<meta property=\"og:title\" content=\"\u00c0 New York, Une \u00c9glise Adventiste organise un service d&#039;esperance et de guerison pour la poice et les citoyens - \u00c9glise Adventiste Du Septieme Jour - Inter Am\u00e9rique Division\" \/>\n<meta property=\"og:description\" content=\"Une \u00e9glise adventiste \u00e0 New York a accueilli un service d\u2019esp\u00e9rance et de gu\u00e9rison dans le but de calmer les tensions provoqu\u00e9es par des semaines de d\u2019agitation entre la police et les groupes de droits civiques d\u00fb \u00e0 la mort d\u2019un citoyen et de deux policiers.  Associ\u00e9s \u00e0 des c\u00e9l\u00e9brations pour comm\u00e9morer l\u2019h\u00e9ritage des droits civiques de l\u2019ic\u00f4ne Martin Luther King Jr., des dirigeants d \u2018\u00e9glise, des responsables de la ville, des officiels de la police et des repr\u00e9sentants du Congr\u00e8s avaient \u00e9t\u00e9 invit\u00e9s au programme intitul\u00e9 \u00ab Esp\u00e9rance et Gu\u00e9rison pour de Meilleures Relations entre la Police et la Communaut\u00e9 \u00bb.\" \/>\n<meta property=\"og:url\" content=\"https:\/\/interamerica.org\/fr\/2015\/01\/a-new-york-une-eglise-adventiste-organise-un-service-desperance-et-de-guerison-pour-la-poice-et-les-citoyens\/\" \/>\n<meta property=\"og:site_name\" content=\"\u00c9glise Adventiste Du Septieme Jour - Inter Am\u00e9rique Division\" \/>\n<meta property=\"article:published_time\" content=\"2015-01-26T04:00:00+00:00\" \/>\n<meta property=\"og:image\" content=\"https:\/\/interamerica.org\/wp-content\/uploads\/2017\/06\/csm_ny-panel-web_67d35fcbdf.jpg\" \/>\n\t<meta property=\"og:image:width\" content=\"400\" \/>\n\t<meta property=\"og:image:height\" content=\"300\" \/>\n\t<meta property=\"og:image:type\" content=\"image\/jpeg\" \/>\n<meta name=\"author\" content=\"Lorenzo Verduzco\" \/>\n<meta name=\"twitter:card\" content=\"summary_large_image\" \/>\n<meta name=\"twitter:label1\" content=\"\u00c9crit par\" \/>\n\t<meta name=\"twitter:data1\" content=\"Lorenzo Verduzco\" \/>\n\t<meta name=\"twitter:label2\" content=\"Dur\u00e9e de lecture estim\u00e9e\" \/>\n\t<meta name=\"twitter:data2\" content=\"7 minutes\" \/>\n<script type=\"application\/ld+json\" class=\"yoast-schema-graph\">{\"@context\":\"https:\\\/\\\/schema.org\",\"@graph\":[{\"@type\":\"Article\",\"@id\":\"https:\\\/\\\/interamerica.org\\\/fr\\\/2015\\\/01\\\/a-new-york-une-eglise-adventiste-organise-un-service-desperance-et-de-guerison-pour-la-poice-et-les-citoyens\\\/#article\",\"isPartOf\":{\"@id\":\"https:\\\/\\\/interamerica.org\\\/fr\\\/2015\\\/01\\\/a-new-york-une-eglise-adventiste-organise-un-service-desperance-et-de-guerison-pour-la-poice-et-les-citoyens\\\/\"},\"author\":{\"name\":\"Lorenzo Verduzco\",\"@id\":\"https:\\\/\\\/interamerica.org\\\/fr\\\/#\\\/schema\\\/person\\\/68ede8bdc292885bb76c1e3810e73c39\"},\"headline\":\"\u00c0 New York, Une \u00c9glise Adventiste organise un service d&rsquo;esperance et de guerison pour la poice et les citoyens\",\"datePublished\":\"2015-01-26T04:00:00+00:00\",\"mainEntityOfPage\":{\"@id\":\"https:\\\/\\\/interamerica.org\\\/fr\\\/2015\\\/01\\\/a-new-york-une-eglise-adventiste-organise-un-service-desperance-et-de-guerison-pour-la-poice-et-les-citoyens\\\/\"},\"wordCount\":1423,\"image\":{\"@id\":\"https:\\\/\\\/interamerica.org\\\/fr\\\/2015\\\/01\\\/a-new-york-une-eglise-adventiste-organise-un-service-desperance-et-de-guerison-pour-la-poice-et-les-citoyens\\\/#primaryimage\"},\"thumbnailUrl\":\"https:\\\/\\\/interamerica.org\\\/wp-content\\\/uploads\\\/2017\\\/06\\\/csm_ny-panel-web_67d35fcbdf.jpg\",\"articleSection\":[\"Nouvelles de l'\u00c9glise mondiale\",\"RSS Fran\u00e7ais\"],\"inLanguage\":\"fr-FR\"},{\"@type\":\"WebPage\",\"@id\":\"https:\\\/\\\/interamerica.org\\\/fr\\\/2015\\\/01\\\/a-new-york-une-eglise-adventiste-organise-un-service-desperance-et-de-guerison-pour-la-poice-et-les-citoyens\\\/\",\"url\":\"https:\\\/\\\/interamerica.org\\\/fr\\\/2015\\\/01\\\/a-new-york-une-eglise-adventiste-organise-un-service-desperance-et-de-guerison-pour-la-poice-et-les-citoyens\\\/\",\"name\":\"\u00c0 New York, Une \u00c9glise Adventiste organise un service d'esperance et de guerison pour la poice et les citoyens - \u00c9glise Adventiste Du Septieme Jour - Inter Am\u00e9rique Division\",\"isPartOf\":{\"@id\":\"https:\\\/\\\/interamerica.org\\\/fr\\\/#website\"},\"primaryImageOfPage\":{\"@id\":\"https:\\\/\\\/interamerica.org\\\/fr\\\/2015\\\/01\\\/a-new-york-une-eglise-adventiste-organise-un-service-desperance-et-de-guerison-pour-la-poice-et-les-citoyens\\\/#primaryimage\"},\"image\":{\"@id\":\"https:\\\/\\\/interamerica.org\\\/fr\\\/2015\\\/01\\\/a-new-york-une-eglise-adventiste-organise-un-service-desperance-et-de-guerison-pour-la-poice-et-les-citoyens\\\/#primaryimage\"},\"thumbnailUrl\":\"https:\\\/\\\/interamerica.org\\\/wp-content\\\/uploads\\\/2017\\\/06\\\/csm_ny-panel-web_67d35fcbdf.jpg\",\"datePublished\":\"2015-01-26T04:00:00+00:00\",\"author\":{\"@id\":\"https:\\\/\\\/interamerica.org\\\/fr\\\/#\\\/schema\\\/person\\\/68ede8bdc292885bb76c1e3810e73c39\"},\"breadcrumb\":{\"@id\":\"https:\\\/\\\/interamerica.org\\\/fr\\\/2015\\\/01\\\/a-new-york-une-eglise-adventiste-organise-un-service-desperance-et-de-guerison-pour-la-poice-et-les-citoyens\\\/#breadcrumb\"},\"inLanguage\":\"fr-FR\",\"potentialAction\":[{\"@type\":\"ReadAction\",\"target\":[\"https:\\\/\\\/interamerica.org\\\/fr\\\/2015\\\/01\\\/a-new-york-une-eglise-adventiste-organise-un-service-desperance-et-de-guerison-pour-la-poice-et-les-citoyens\\\/\"]}]},{\"@type\":\"ImageObject\",\"inLanguage\":\"fr-FR\",\"@id\":\"https:\\\/\\\/interamerica.org\\\/fr\\\/2015\\\/01\\\/a-new-york-une-eglise-adventiste-organise-un-service-desperance-et-de-guerison-pour-la-poice-et-les-citoyens\\\/#primaryimage\",\"url\":\"https:\\\/\\\/interamerica.org\\\/wp-content\\\/uploads\\\/2017\\\/06\\\/csm_ny-panel-web_67d35fcbdf.jpg\",\"contentUrl\":\"https:\\\/\\\/interamerica.org\\\/wp-content\\\/uploads\\\/2017\\\/06\\\/csm_ny-panel-web_67d35fcbdf.jpg\",\"width\":400,\"height\":300},{\"@type\":\"BreadcrumbList\",\"@id\":\"https:\\\/\\\/interamerica.org\\\/fr\\\/2015\\\/01\\\/a-new-york-une-eglise-adventiste-organise-un-service-desperance-et-de-guerison-pour-la-poice-et-les-citoyens\\\/#breadcrumb\",\"itemListElement\":[{\"@type\":\"ListItem\",\"position\":1,\"name\":\"Home\",\"item\":\"https:\\\/\\\/interamerica.org\\\/fr\\\/\"},{\"@type\":\"ListItem\",\"position\":2,\"name\":\"\u00c0 New York, Une \u00c9glise Adventiste organise un service d&#8217;esperance et de guerison pour la poice et les citoyens\"}]},{\"@type\":\"WebSite\",\"@id\":\"https:\\\/\\\/interamerica.org\\\/fr\\\/#website\",\"url\":\"https:\\\/\\\/interamerica.org\\\/fr\\\/\",\"name\":\"\u00c9glise Adventiste Du Septieme Jour - Inter Am\u00e9rique Division\",\"description\":\"\",\"potentialAction\":[{\"@type\":\"SearchAction\",\"target\":{\"@type\":\"EntryPoint\",\"urlTemplate\":\"https:\\\/\\\/interamerica.org\\\/fr\\\/?s={search_term_string}\"},\"query-input\":{\"@type\":\"PropertyValueSpecification\",\"valueRequired\":true,\"valueName\":\"search_term_string\"}}],\"inLanguage\":\"fr-FR\"},{\"@type\":\"Person\",\"@id\":\"https:\\\/\\\/interamerica.org\\\/fr\\\/#\\\/schema\\\/person\\\/68ede8bdc292885bb76c1e3810e73c39\",\"name\":\"Lorenzo Verduzco\",\"image\":{\"@type\":\"ImageObject\",\"inLanguage\":\"fr-FR\",\"@id\":\"https:\\\/\\\/secure.gravatar.com\\\/avatar\\\/fb81a55b6218459490a9c1dc841a34909185b81904c5337b4b27f7a6fd60c49e?s=96&d=mm&r=g\",\"url\":\"https:\\\/\\\/secure.gravatar.com\\\/avatar\\\/fb81a55b6218459490a9c1dc841a34909185b81904c5337b4b27f7a6fd60c49e?s=96&d=mm&r=g\",\"contentUrl\":\"https:\\\/\\\/secure.gravatar.com\\\/avatar\\\/fb81a55b6218459490a9c1dc841a34909185b81904c5337b4b27f7a6fd60c49e?s=96&d=mm&r=g\",\"caption\":\"Lorenzo Verduzco\"}}]}<\/script>\n<!-- \/ Yoast SEO plugin. -->","yoast_head_json":{"title":"\u00c0 New York, Une \u00c9glise Adventiste organise un service d'esperance et de guerison pour la poice et les citoyens - \u00c9glise Adventiste Du Septieme Jour - Inter Am\u00e9rique Division","robots":{"index":"index","follow":"follow","max-snippet":"max-snippet:-1","max-image-preview":"max-image-preview:large","max-video-preview":"max-video-preview:-1"},"canonical":"https:\/\/interamerica.org\/fr\/2015\/01\/a-new-york-une-eglise-adventiste-organise-un-service-desperance-et-de-guerison-pour-la-poice-et-les-citoyens\/","og_locale":"fr_FR","og_type":"article","og_title":"\u00c0 New York, Une \u00c9glise Adventiste organise un service d'esperance et de guerison pour la poice et les citoyens - \u00c9glise Adventiste Du Septieme Jour - Inter Am\u00e9rique Division","og_description":"Une \u00e9glise adventiste \u00e0 New York a accueilli un service d\u2019esp\u00e9rance et de gu\u00e9rison dans le but de calmer les tensions provoqu\u00e9es par des semaines de d\u2019agitation entre la police et les groupes de droits civiques d\u00fb \u00e0 la mort d\u2019un citoyen et de deux policiers.  Associ\u00e9s \u00e0 des c\u00e9l\u00e9brations pour comm\u00e9morer l\u2019h\u00e9ritage des droits civiques de l\u2019ic\u00f4ne Martin Luther King Jr., des dirigeants d \u2018\u00e9glise, des responsables de la ville, des officiels de la police et des repr\u00e9sentants du Congr\u00e8s avaient \u00e9t\u00e9 invit\u00e9s au programme intitul\u00e9 \u00ab Esp\u00e9rance et Gu\u00e9rison pour de Meilleures Relations entre la Police et la Communaut\u00e9 \u00bb.","og_url":"https:\/\/interamerica.org\/fr\/2015\/01\/a-new-york-une-eglise-adventiste-organise-un-service-desperance-et-de-guerison-pour-la-poice-et-les-citoyens\/","og_site_name":"\u00c9glise Adventiste Du Septieme Jour - Inter Am\u00e9rique Division","article_published_time":"2015-01-26T04:00:00+00:00","og_image":[{"width":400,"height":300,"url":"https:\/\/interamerica.org\/wp-content\/uploads\/2017\/06\/csm_ny-panel-web_67d35fcbdf.jpg","type":"image\/jpeg"}],"author":"Lorenzo Verduzco","twitter_card":"summary_large_image","twitter_misc":{"\u00c9crit par":"Lorenzo Verduzco","Dur\u00e9e de lecture estim\u00e9e":"7 minutes"},"schema":{"@context":"https:\/\/schema.org","@graph":[{"@type":"Article","@id":"https:\/\/interamerica.org\/fr\/2015\/01\/a-new-york-une-eglise-adventiste-organise-un-service-desperance-et-de-guerison-pour-la-poice-et-les-citoyens\/#article","isPartOf":{"@id":"https:\/\/interamerica.org\/fr\/2015\/01\/a-new-york-une-eglise-adventiste-organise-un-service-desperance-et-de-guerison-pour-la-poice-et-les-citoyens\/"},"author":{"name":"Lorenzo Verduzco","@id":"https:\/\/interamerica.org\/fr\/#\/schema\/person\/68ede8bdc292885bb76c1e3810e73c39"},"headline":"\u00c0 New York, Une \u00c9glise Adventiste organise un service d&rsquo;esperance et de guerison pour la poice et les citoyens","datePublished":"2015-01-26T04:00:00+00:00","mainEntityOfPage":{"@id":"https:\/\/interamerica.org\/fr\/2015\/01\/a-new-york-une-eglise-adventiste-organise-un-service-desperance-et-de-guerison-pour-la-poice-et-les-citoyens\/"},"wordCount":1423,"image":{"@id":"https:\/\/interamerica.org\/fr\/2015\/01\/a-new-york-une-eglise-adventiste-organise-un-service-desperance-et-de-guerison-pour-la-poice-et-les-citoyens\/#primaryimage"},"thumbnailUrl":"https:\/\/interamerica.org\/wp-content\/uploads\/2017\/06\/csm_ny-panel-web_67d35fcbdf.jpg","articleSection":["Nouvelles de l'\u00c9glise mondiale","RSS Fran\u00e7ais"],"inLanguage":"fr-FR"},{"@type":"WebPage","@id":"https:\/\/interamerica.org\/fr\/2015\/01\/a-new-york-une-eglise-adventiste-organise-un-service-desperance-et-de-guerison-pour-la-poice-et-les-citoyens\/","url":"https:\/\/interamerica.org\/fr\/2015\/01\/a-new-york-une-eglise-adventiste-organise-un-service-desperance-et-de-guerison-pour-la-poice-et-les-citoyens\/","name":"\u00c0 New York, Une \u00c9glise Adventiste organise un service d'esperance et de guerison pour la poice et les citoyens - \u00c9glise Adventiste Du Septieme Jour - Inter Am\u00e9rique Division","isPartOf":{"@id":"https:\/\/interamerica.org\/fr\/#website"},"primaryImageOfPage":{"@id":"https:\/\/interamerica.org\/fr\/2015\/01\/a-new-york-une-eglise-adventiste-organise-un-service-desperance-et-de-guerison-pour-la-poice-et-les-citoyens\/#primaryimage"},"image":{"@id":"https:\/\/interamerica.org\/fr\/2015\/01\/a-new-york-une-eglise-adventiste-organise-un-service-desperance-et-de-guerison-pour-la-poice-et-les-citoyens\/#primaryimage"},"thumbnailUrl":"https:\/\/interamerica.org\/wp-content\/uploads\/2017\/06\/csm_ny-panel-web_67d35fcbdf.jpg","datePublished":"2015-01-26T04:00:00+00:00","author":{"@id":"https:\/\/interamerica.org\/fr\/#\/schema\/person\/68ede8bdc292885bb76c1e3810e73c39"},"breadcrumb":{"@id":"https:\/\/interamerica.org\/fr\/2015\/01\/a-new-york-une-eglise-adventiste-organise-un-service-desperance-et-de-guerison-pour-la-poice-et-les-citoyens\/#breadcrumb"},"inLanguage":"fr-FR","potentialAction":[{"@type":"ReadAction","target":["https:\/\/interamerica.org\/fr\/2015\/01\/a-new-york-une-eglise-adventiste-organise-un-service-desperance-et-de-guerison-pour-la-poice-et-les-citoyens\/"]}]},{"@type":"ImageObject","inLanguage":"fr-FR","@id":"https:\/\/interamerica.org\/fr\/2015\/01\/a-new-york-une-eglise-adventiste-organise-un-service-desperance-et-de-guerison-pour-la-poice-et-les-citoyens\/#primaryimage","url":"https:\/\/interamerica.org\/wp-content\/uploads\/2017\/06\/csm_ny-panel-web_67d35fcbdf.jpg","contentUrl":"https:\/\/interamerica.org\/wp-content\/uploads\/2017\/06\/csm_ny-panel-web_67d35fcbdf.jpg","width":400,"height":300},{"@type":"BreadcrumbList","@id":"https:\/\/interamerica.org\/fr\/2015\/01\/a-new-york-une-eglise-adventiste-organise-un-service-desperance-et-de-guerison-pour-la-poice-et-les-citoyens\/#breadcrumb","itemListElement":[{"@type":"ListItem","position":1,"name":"Home","item":"https:\/\/interamerica.org\/fr\/"},{"@type":"ListItem","position":2,"name":"\u00c0 New York, Une \u00c9glise Adventiste organise un service d&#8217;esperance et de guerison pour la poice et les citoyens"}]},{"@type":"WebSite","@id":"https:\/\/interamerica.org\/fr\/#website","url":"https:\/\/interamerica.org\/fr\/","name":"\u00c9glise Adventiste Du Septieme Jour - Inter Am\u00e9rique Division","description":"","potentialAction":[{"@type":"SearchAction","target":{"@type":"EntryPoint","urlTemplate":"https:\/\/interamerica.org\/fr\/?s={search_term_string}"},"query-input":{"@type":"PropertyValueSpecification","valueRequired":true,"valueName":"search_term_string"}}],"inLanguage":"fr-FR"},{"@type":"Person","@id":"https:\/\/interamerica.org\/fr\/#\/schema\/person\/68ede8bdc292885bb76c1e3810e73c39","name":"Lorenzo Verduzco","image":{"@type":"ImageObject","inLanguage":"fr-FR","@id":"https:\/\/secure.gravatar.com\/avatar\/fb81a55b6218459490a9c1dc841a34909185b81904c5337b4b27f7a6fd60c49e?s=96&d=mm&r=g","url":"https:\/\/secure.gravatar.com\/avatar\/fb81a55b6218459490a9c1dc841a34909185b81904c5337b4b27f7a6fd60c49e?s=96&d=mm&r=g","contentUrl":"https:\/\/secure.gravatar.com\/avatar\/fb81a55b6218459490a9c1dc841a34909185b81904c5337b4b27f7a6fd60c49e?s=96&d=mm&r=g","caption":"Lorenzo Verduzco"}}]}},"_links":{"self":[{"href":"https:\/\/interamerica.org\/fr\/wp-json\/wp\/v2\/posts\/32154","targetHints":{"allow":["GET"]}}],"collection":[{"href":"https:\/\/interamerica.org\/fr\/wp-json\/wp\/v2\/posts"}],"about":[{"href":"https:\/\/interamerica.org\/fr\/wp-json\/wp\/v2\/types\/post"}],"author":[{"embeddable":true,"href":"https:\/\/interamerica.org\/fr\/wp-json\/wp\/v2\/users\/1"}],"replies":[{"embeddable":true,"href":"https:\/\/interamerica.org\/fr\/wp-json\/wp\/v2\/comments?post=32154"}],"version-history":[{"count":0,"href":"https:\/\/interamerica.org\/fr\/wp-json\/wp\/v2\/posts\/32154\/revisions"}],"wp:featuredmedia":[{"embeddable":true,"href":"https:\/\/interamerica.org\/fr\/wp-json\/wp\/v2\/media\/24314"}],"wp:attachment":[{"href":"https:\/\/interamerica.org\/fr\/wp-json\/wp\/v2\/media?parent=32154"}],"wp:term":[{"taxonomy":"category","embeddable":true,"href":"https:\/\/interamerica.org\/fr\/wp-json\/wp\/v2\/categories?post=32154"},{"taxonomy":"post_tag","embeddable":true,"href":"https:\/\/interamerica.org\/fr\/wp-json\/wp\/v2\/tags?post=32154"}],"curies":[{"name":"wp","href":"https:\/\/api.w.org\/{rel}","templated":true}]}}