{"id":32155,"date":"2015-02-02T00:00:00","date_gmt":"2015-02-02T04:00:00","guid":{"rendered":"http:\/\/192.81.217.108\/interamerica\/2015\/02\/le-vote-electronique-lors-de-la-session-devrait-ameliorer-lefficacite-et-favoriser-lanonymat\/"},"modified":"2015-02-02T00:00:00","modified_gmt":"2015-02-02T04:00:00","slug":"le-vote-electronique-lors-de-la-session-devrait-ameliorer-lefficacite-et-favoriser-lanonymat","status":"publish","type":"post","link":"https:\/\/interamerica.org\/fr\/2015\/02\/le-vote-electronique-lors-de-la-session-devrait-ameliorer-lefficacite-et-favoriser-lanonymat\/","title":{"rendered":"Le vote \u00e9lectronique lors de la Session devrait am\u00e9liorer l\u2019efficacit\u00e9 et favoriser l\u2019anonymat."},"content":{"rendered":"<p>30 Janvier 2015 \u2013 Silver Spring, Maryland, Etats Unis \u2013 Ansel Oliver\/ANN<\/p>\n<div id=\"attachment_15028\" style=\"width: 410px\" class=\"wp-caption alignright\"><a href=\"\/interamerica\/wp-content\/uploads\/2017\/06\/csm_myron-vote-web_4f0250b4be.jpg\" rel=\"fancybox\" title=\"Le vote \u00e9lectronique lors de la Session devrait am\u00e9liorer l\u2019efficacit\u00e9 et favoriser l\u2019anonymat.\"><img fetchpriority=\"high\" decoding=\"async\" aria-describedby=\"caption-attachment-15028\" class=\"size-full wp-image-15028\" src=\"\/interamerica\/wp-content\/uploads\/2017\/06\/csm_myron-vote-web_4f0250b4be.jpg\" alt=\"\" width=\"400\" height=\"284\" \/><\/a><p id=\"caption-attachment-15028\" class=\"wp-caption-text\">Le sous-secr\u00e9taire de l\u2019Eglise Adventiste, Myron Iseminger tient dans sa main un exemplaire du terminal de vote par t\u00e9l\u00e9commande qui sera utilis\u00e9 lors de la Session de la Conf\u00e9rence G\u00e9n\u00e9rale en juillet prochain. Les cartes jaunes qui servaient \u00e0 voter lors des Sessions pr\u00e9c\u00e9dentes font d\u00e9sormais partie du pass\u00e9. Image d\u2019Ansel Oliver.<\/p><\/div>\n<p>Les d\u00e9l\u00e9gu\u00e9s \u00e0 la <a href=\"http:\/\/2015.gcsession.org\/\">Session de la Conf\u00e9rence G\u00e9n\u00e9rale<\/a> de l\u2019Eglise Adventiste du Septi\u00e8me Jour qui aura lieu en juillet prochain, ne l\u00e8veront plus des cartes jaunes pour voter comme c\u2019\u00e9tait le cas lors des sessions pr\u00e9c\u00e9dentes. Pour la premi\u00e8re fois, les d\u00e9l\u00e9gu\u00e9s de la session voteront plut\u00f4t en appuyant sur le bouton d\u2019un terminal \u00e9lectronique servant \u00e0 voter.<\/p>\n<p>Les votes seront comptabilis\u00e9s instantan\u00e9ment et les r\u00e9sultats seront affich\u00e9s sous forme de graphique \u00e0 l\u2019\u00e9cran.<\/p>\n<p>Les dirigeants de l\u2019\u00e9glise indiquent que l\u2019utilisation de la technologie permettra d\u2019avoir une plus grade pr\u00e9cision au niveau des votes et contribuera \u00e0 pr\u00e9server l\u2019anonymat des votants, enlevant par la m\u00eame la pression que peuvent ressentir certains lorsqu\u2019il s\u2019agit d\u2019exprimer leur vote.<\/p>\n<p>\u00ab La technologie impacte nos vies \u00e0 plus d\u2019un titre et nous cherchons continuellement \u00e0 travers diff\u00e9rentes utilisations de la technologie, \u00e0 am\u00e9liorer les syst\u00e8mes que nous utilisons lors des Sessions de la Conf\u00e9rence G\u00e9n\u00e9rale, \u00bb a dit Myron Iseminger, sous-secr\u00e9taire de l\u2019Eglise Adventiste mondiale.<\/p>\n<p>Lors du Concile Annuel qui s\u2019est d\u00e9roul\u00e9 en octobre dernier au si\u00e8ge de l\u2019\u00e9glise mondiale, les dirigeants de l\u2019\u00e9glise ont utilis\u00e9 un syst\u00e8me de vote \u00e9lectronique. A cette occasion, des centaines de responsables de la d\u00e9nomination ont vot\u00e9 en utilisant leur propre t\u00e9l\u00e9commande. En introduisant ce syst\u00e8me \u00e0 la Session de San Antonio au Texas, les leaders de l\u2019\u00e9glise le rendront disponible pour le plus important corps gouvernant de la d\u00e9nomination, un groupe de pr\u00e8s de 2600 d\u00e9l\u00e9gu\u00e9s.<\/p>\n<p>D\u2019apr\u00e8s Myron Iseminger, le syst\u00e8me est plus efficace. Lors des Sessions pr\u00e9c\u00e9dentes, les votes \u00e9taient comptabilis\u00e9s par les responsables par le biais d\u2019un d\u00e9compte manuel des d\u00e9l\u00e9gu\u00e9s qui levaient leurs cartes de vote, et cela prenait du temps. Les votes sensibles \u00e9taient r\u00e9alis\u00e9s par un scrutin secret, ce qui prenait encore plus de temps.<\/p>\n<p>Myron Iseminger, qui a travaill\u00e9 en temps qu\u2019administrateur dans plusieurs r\u00e9gions du monde, a d\u00e9clar\u00e9 que le syst\u00e8me de vote \u00e9lectronique aidera \u00e9galement les personnes venant de cultures qui les placent face au dilemme suivant : suivre leurs convictions personnelles ou alors suivre leur dirigeant r\u00e9gional.<\/p>\n<p>\u00ab Je pense que dans beaucoup de cultures, les d\u00e9l\u00e9gu\u00e9s se retrouvent dans une situation d\u00e9licate parce que d\u2019un c\u00f4t\u00e9, nous les encourageons \u00e0 voter selon leur conscience dans un esprit de pri\u00e8re, mais d\u2019un autre c\u00f4t\u00e9, faire preuve de respect envers leur leader local qui est assis \u00e0 cot\u00e9 d\u2019eux est aussi tr\u00e8s important pour eux, \u00bb a dit Myron Iseminger. \u00ab Nous esp\u00e9rons que cette pression particuli\u00e8re disparaitra cette fois ci. \u00bb<\/p>\n<p>\u00ab Nous voulons \u00eatres transparents et \u00e9quitables, et je pense que ceci repr\u00e9sente une grande avanc\u00e9e, \u00bb a t-il ajout\u00e9.<\/p>\n<p>Les responsables de la Session loueront plusieurs milliers de terminaux de vote par t\u00e9l\u00e9commande aupr\u00e8s d\u2019une entreprise qui supervisera \u00e9galement le processus de vote.<\/p>\n<p>La Division Inter Am\u00e9ricaine de la d\u00e9nomination, bas\u00e9e \u00e0 Miami en Floride, va fait l\u2019acquisition de son propre syst\u00e8me de vote, et certaines entit\u00e9s administratives locales en Am\u00e9rique du Nord utilisent d\u00e9j\u00e0 le syst\u00e8me de vote \u00e9lectronique depuis plus d\u2019une d\u00e9cennie.<\/p>\n<p>Max C. Torkelsen, pr\u00e9sident de l\u2019Union de F\u00e9d\u00e9rations du Nord Pacifique, bas\u00e9e \u00e0 Ridgefield dans l\u2019\u00e9tat de Washington, a d\u00e9clar\u00e9 que le syst\u00e8me de vote \u00e9lectronique permet de savoir exactement combien de personnes participent \u00e0 chaque vote, et cela confirme aux d\u00e9l\u00e9gu\u00e9s que leur vote a bien \u00e9t\u00e9 comptabilis\u00e9.<\/p>\n<p>Torkelsen a servi dans cette m\u00eame union en tant que pr\u00e9sident de la F\u00e9d\u00e9ration de l\u2019Upper Columbia qui a mis en place le vote \u00e9lectronique depuis la fin des ann\u00e9es 1990. Le passage des cartes de vote et des votes par d\u00e9claration verbale vers le syst\u00e8me \u00e9lectronique a amen\u00e9 plus de \u00ab cr\u00e9dibilit\u00e9 \u00bb dans le processus a t-il dit, surtout pour les personnes qui ont vot\u00e9 contre un point qui est finalement adopt\u00e9. \u00ab Ils savent que leur vote a \u00e9t\u00e9 comptabilis\u00e9, \u00bb a t-il d\u00e9clar\u00e9.<\/p>\n<p>Les dirigeants des assembl\u00e9s peuvent \u00e9galement utiliser le syst\u00e8me de vote \u00e9lectronique pour savoir comment r\u00e9agit un auditoire \u00e0 une certaine discussion, m\u00eame lorsque le sujet ne fait pas l\u2019objet d\u2019un vote, a expliqu\u00e9 Max Torkelsen.<\/p>\n<p>La seule chose qui soit quelque peu controvers\u00e9e au sujet du vote \u00e9lectronique, c\u2019est le co\u00fbt financier qui y est associ\u00e9. Certains syst\u00e8mes co\u00fbtent plusieurs milliers de dollars. Pour Max Torkelsen, la d\u00e9pense en vaut la peine \u00ab d\u00e8s la toute premi\u00e8re fois. \u00bb<\/p>\n<p>\u00ab Cela permet d\u2019augmenter le niveau de confiance des gens dans le vote, \u00bb a t-il dit.<\/p>\n<p>Il a indiqu\u00e9 que la F\u00e9d\u00e9ration de l\u2019Oregon toute proche poss\u00e8de maintenant un syst\u00e8me de vote \u00e9lectronique et le loue \u00e0 d\u2019autres f\u00e9d\u00e9rations pour leurs propres assembl\u00e9es g\u00e9n\u00e9rales.<\/p>\n<p>La Session de la Conf\u00e9rence G\u00e9n\u00e9rale d\u00e9bute le 2 juillet et se termine le 11 juillet.<\/p>\n<p>Traduction: Patrick Luciathe<\/p>\n","protected":false},"excerpt":{"rendered":"<p>Les d\u00e9l\u00e9gu\u00e9s \u00e0 la Session de la Conf\u00e9rence G\u00e9n\u00e9rale de l\u2019Eglise Adventiste du Septi\u00e8me Jour qui aura lieu en juillet prochain, ne l\u00e8veront plus des cartes jaunes pour voter comme c\u2019\u00e9tait le cas lors des sessions pr\u00e9c\u00e9dentes. <\/p>\n<p>Pour la premi\u00e8re fois, les d\u00e9l\u00e9gu\u00e9s de la session voteront plut\u00f4t en appuyant sur le bouton d\u2019un terminal \u00e9lectronique servant \u00e0 voter.  Les votes seront comptabilis\u00e9s instantan\u00e9ment et les r\u00e9sultats seront affich\u00e9s sous forme de graphique \u00e0 l\u2019\u00e9cran.<\/p>\n","protected":false},"author":1,"featured_media":24340,"comment_status":"closed","ping_status":"closed","sticky":false,"template":"","format":"standard","meta":{"_acf_changed":false,"footnotes":""},"categories":[18,19],"tags":[],"class_list":["post-32155","post","type-post","status-publish","format-standard","has-post-thumbnail","hentry","category-nouvelles-de-leglise-mondiale","category-rss-francais"],"acf":[],"yoast_head":"<!-- This site is optimized with the Yoast SEO plugin v27.3 - https:\/\/yoast.com\/product\/yoast-seo-wordpress\/ -->\n<title>Le vote \u00e9lectronique lors de la Session devrait am\u00e9liorer l\u2019efficacit\u00e9 et favoriser l\u2019anonymat. - \u00c9glise Adventiste Du Septieme Jour - Inter Am\u00e9rique Division<\/title>\n<meta name=\"robots\" content=\"index, follow, max-snippet:-1, max-image-preview:large, max-video-preview:-1\" \/>\n<link rel=\"canonical\" href=\"https:\/\/interamerica.org\/fr\/2015\/02\/le-vote-electronique-lors-de-la-session-devrait-ameliorer-lefficacite-et-favoriser-lanonymat\/\" \/>\n<meta property=\"og:locale\" content=\"fr_FR\" \/>\n<meta property=\"og:type\" content=\"article\" \/>\n<meta property=\"og:title\" content=\"Le vote \u00e9lectronique lors de la Session devrait am\u00e9liorer l\u2019efficacit\u00e9 et favoriser l\u2019anonymat. - \u00c9glise Adventiste Du Septieme Jour - Inter Am\u00e9rique Division\" \/>\n<meta property=\"og:description\" content=\"Les d\u00e9l\u00e9gu\u00e9s \u00e0 la Session de la Conf\u00e9rence G\u00e9n\u00e9rale de l\u2019Eglise Adventiste du Septi\u00e8me Jour qui aura lieu en juillet prochain, ne l\u00e8veront plus des cartes jaunes pour voter comme c\u2019\u00e9tait le cas lors des sessions pr\u00e9c\u00e9dentes.  Pour la premi\u00e8re fois, les d\u00e9l\u00e9gu\u00e9s de la session voteront plut\u00f4t en appuyant sur le bouton d\u2019un terminal \u00e9lectronique servant \u00e0 voter. Les votes seront comptabilis\u00e9s instantan\u00e9ment et les r\u00e9sultats seront affich\u00e9s sous forme de graphique \u00e0 l\u2019\u00e9cran.\" \/>\n<meta property=\"og:url\" content=\"https:\/\/interamerica.org\/fr\/2015\/02\/le-vote-electronique-lors-de-la-session-devrait-ameliorer-lefficacite-et-favoriser-lanonymat\/\" \/>\n<meta property=\"og:site_name\" content=\"\u00c9glise Adventiste Du Septieme Jour - Inter Am\u00e9rique Division\" \/>\n<meta property=\"article:published_time\" content=\"2015-02-02T04:00:00+00:00\" \/>\n<meta property=\"og:image\" content=\"https:\/\/interamerica.org\/wp-content\/uploads\/2017\/06\/csm_myron-vote-web_4f0250b4be.jpg\" \/>\n\t<meta property=\"og:image:width\" content=\"400\" \/>\n\t<meta property=\"og:image:height\" content=\"284\" \/>\n\t<meta property=\"og:image:type\" content=\"image\/jpeg\" \/>\n<meta name=\"author\" content=\"Lorenzo Verduzco\" \/>\n<meta name=\"twitter:card\" content=\"summary_large_image\" \/>\n<meta name=\"twitter:label1\" content=\"\u00c9crit par\" \/>\n\t<meta name=\"twitter:data1\" content=\"Lorenzo Verduzco\" \/>\n\t<meta name=\"twitter:label2\" content=\"Dur\u00e9e de lecture estim\u00e9e\" \/>\n\t<meta name=\"twitter:data2\" content=\"5 minutes\" \/>\n<script type=\"application\/ld+json\" class=\"yoast-schema-graph\">{\"@context\":\"https:\\\/\\\/schema.org\",\"@graph\":[{\"@type\":\"Article\",\"@id\":\"https:\\\/\\\/interamerica.org\\\/fr\\\/2015\\\/02\\\/le-vote-electronique-lors-de-la-session-devrait-ameliorer-lefficacite-et-favoriser-lanonymat\\\/#article\",\"isPartOf\":{\"@id\":\"https:\\\/\\\/interamerica.org\\\/fr\\\/2015\\\/02\\\/le-vote-electronique-lors-de-la-session-devrait-ameliorer-lefficacite-et-favoriser-lanonymat\\\/\"},\"author\":{\"name\":\"Lorenzo Verduzco\",\"@id\":\"https:\\\/\\\/interamerica.org\\\/fr\\\/#\\\/schema\\\/person\\\/68ede8bdc292885bb76c1e3810e73c39\"},\"headline\":\"Le vote \u00e9lectronique lors de la Session devrait am\u00e9liorer l\u2019efficacit\u00e9 et favoriser l\u2019anonymat.\",\"datePublished\":\"2015-02-02T04:00:00+00:00\",\"mainEntityOfPage\":{\"@id\":\"https:\\\/\\\/interamerica.org\\\/fr\\\/2015\\\/02\\\/le-vote-electronique-lors-de-la-session-devrait-ameliorer-lefficacite-et-favoriser-lanonymat\\\/\"},\"wordCount\":994,\"image\":{\"@id\":\"https:\\\/\\\/interamerica.org\\\/fr\\\/2015\\\/02\\\/le-vote-electronique-lors-de-la-session-devrait-ameliorer-lefficacite-et-favoriser-lanonymat\\\/#primaryimage\"},\"thumbnailUrl\":\"https:\\\/\\\/interamerica.org\\\/wp-content\\\/uploads\\\/2017\\\/06\\\/csm_myron-vote-web_4f0250b4be.jpg\",\"articleSection\":[\"Nouvelles de l'\u00c9glise mondiale\",\"RSS Fran\u00e7ais\"],\"inLanguage\":\"fr-FR\"},{\"@type\":\"WebPage\",\"@id\":\"https:\\\/\\\/interamerica.org\\\/fr\\\/2015\\\/02\\\/le-vote-electronique-lors-de-la-session-devrait-ameliorer-lefficacite-et-favoriser-lanonymat\\\/\",\"url\":\"https:\\\/\\\/interamerica.org\\\/fr\\\/2015\\\/02\\\/le-vote-electronique-lors-de-la-session-devrait-ameliorer-lefficacite-et-favoriser-lanonymat\\\/\",\"name\":\"Le vote \u00e9lectronique lors de la Session devrait am\u00e9liorer l\u2019efficacit\u00e9 et favoriser l\u2019anonymat. - \u00c9glise Adventiste Du Septieme Jour - Inter Am\u00e9rique Division\",\"isPartOf\":{\"@id\":\"https:\\\/\\\/interamerica.org\\\/fr\\\/#website\"},\"primaryImageOfPage\":{\"@id\":\"https:\\\/\\\/interamerica.org\\\/fr\\\/2015\\\/02\\\/le-vote-electronique-lors-de-la-session-devrait-ameliorer-lefficacite-et-favoriser-lanonymat\\\/#primaryimage\"},\"image\":{\"@id\":\"https:\\\/\\\/interamerica.org\\\/fr\\\/2015\\\/02\\\/le-vote-electronique-lors-de-la-session-devrait-ameliorer-lefficacite-et-favoriser-lanonymat\\\/#primaryimage\"},\"thumbnailUrl\":\"https:\\\/\\\/interamerica.org\\\/wp-content\\\/uploads\\\/2017\\\/06\\\/csm_myron-vote-web_4f0250b4be.jpg\",\"datePublished\":\"2015-02-02T04:00:00+00:00\",\"author\":{\"@id\":\"https:\\\/\\\/interamerica.org\\\/fr\\\/#\\\/schema\\\/person\\\/68ede8bdc292885bb76c1e3810e73c39\"},\"breadcrumb\":{\"@id\":\"https:\\\/\\\/interamerica.org\\\/fr\\\/2015\\\/02\\\/le-vote-electronique-lors-de-la-session-devrait-ameliorer-lefficacite-et-favoriser-lanonymat\\\/#breadcrumb\"},\"inLanguage\":\"fr-FR\",\"potentialAction\":[{\"@type\":\"ReadAction\",\"target\":[\"https:\\\/\\\/interamerica.org\\\/fr\\\/2015\\\/02\\\/le-vote-electronique-lors-de-la-session-devrait-ameliorer-lefficacite-et-favoriser-lanonymat\\\/\"]}]},{\"@type\":\"ImageObject\",\"inLanguage\":\"fr-FR\",\"@id\":\"https:\\\/\\\/interamerica.org\\\/fr\\\/2015\\\/02\\\/le-vote-electronique-lors-de-la-session-devrait-ameliorer-lefficacite-et-favoriser-lanonymat\\\/#primaryimage\",\"url\":\"https:\\\/\\\/interamerica.org\\\/wp-content\\\/uploads\\\/2017\\\/06\\\/csm_myron-vote-web_4f0250b4be.jpg\",\"contentUrl\":\"https:\\\/\\\/interamerica.org\\\/wp-content\\\/uploads\\\/2017\\\/06\\\/csm_myron-vote-web_4f0250b4be.jpg\",\"width\":400,\"height\":284},{\"@type\":\"BreadcrumbList\",\"@id\":\"https:\\\/\\\/interamerica.org\\\/fr\\\/2015\\\/02\\\/le-vote-electronique-lors-de-la-session-devrait-ameliorer-lefficacite-et-favoriser-lanonymat\\\/#breadcrumb\",\"itemListElement\":[{\"@type\":\"ListItem\",\"position\":1,\"name\":\"Home\",\"item\":\"https:\\\/\\\/interamerica.org\\\/fr\\\/\"},{\"@type\":\"ListItem\",\"position\":2,\"name\":\"Le vote \u00e9lectronique lors de la Session devrait am\u00e9liorer l\u2019efficacit\u00e9 et favoriser l\u2019anonymat.\"}]},{\"@type\":\"WebSite\",\"@id\":\"https:\\\/\\\/interamerica.org\\\/fr\\\/#website\",\"url\":\"https:\\\/\\\/interamerica.org\\\/fr\\\/\",\"name\":\"\u00c9glise Adventiste Du Septieme Jour - Inter Am\u00e9rique Division\",\"description\":\"\",\"potentialAction\":[{\"@type\":\"SearchAction\",\"target\":{\"@type\":\"EntryPoint\",\"urlTemplate\":\"https:\\\/\\\/interamerica.org\\\/fr\\\/?s={search_term_string}\"},\"query-input\":{\"@type\":\"PropertyValueSpecification\",\"valueRequired\":true,\"valueName\":\"search_term_string\"}}],\"inLanguage\":\"fr-FR\"},{\"@type\":\"Person\",\"@id\":\"https:\\\/\\\/interamerica.org\\\/fr\\\/#\\\/schema\\\/person\\\/68ede8bdc292885bb76c1e3810e73c39\",\"name\":\"Lorenzo Verduzco\",\"image\":{\"@type\":\"ImageObject\",\"inLanguage\":\"fr-FR\",\"@id\":\"https:\\\/\\\/secure.gravatar.com\\\/avatar\\\/fb81a55b6218459490a9c1dc841a34909185b81904c5337b4b27f7a6fd60c49e?s=96&d=mm&r=g\",\"url\":\"https:\\\/\\\/secure.gravatar.com\\\/avatar\\\/fb81a55b6218459490a9c1dc841a34909185b81904c5337b4b27f7a6fd60c49e?s=96&d=mm&r=g\",\"contentUrl\":\"https:\\\/\\\/secure.gravatar.com\\\/avatar\\\/fb81a55b6218459490a9c1dc841a34909185b81904c5337b4b27f7a6fd60c49e?s=96&d=mm&r=g\",\"caption\":\"Lorenzo Verduzco\"}}]}<\/script>\n<!-- \/ Yoast SEO plugin. -->","yoast_head_json":{"title":"Le vote \u00e9lectronique lors de la Session devrait am\u00e9liorer l\u2019efficacit\u00e9 et favoriser l\u2019anonymat. - \u00c9glise Adventiste Du Septieme Jour - Inter Am\u00e9rique Division","robots":{"index":"index","follow":"follow","max-snippet":"max-snippet:-1","max-image-preview":"max-image-preview:large","max-video-preview":"max-video-preview:-1"},"canonical":"https:\/\/interamerica.org\/fr\/2015\/02\/le-vote-electronique-lors-de-la-session-devrait-ameliorer-lefficacite-et-favoriser-lanonymat\/","og_locale":"fr_FR","og_type":"article","og_title":"Le vote \u00e9lectronique lors de la Session devrait am\u00e9liorer l\u2019efficacit\u00e9 et favoriser l\u2019anonymat. - \u00c9glise Adventiste Du Septieme Jour - Inter Am\u00e9rique Division","og_description":"Les d\u00e9l\u00e9gu\u00e9s \u00e0 la Session de la Conf\u00e9rence G\u00e9n\u00e9rale de l\u2019Eglise Adventiste du Septi\u00e8me Jour qui aura lieu en juillet prochain, ne l\u00e8veront plus des cartes jaunes pour voter comme c\u2019\u00e9tait le cas lors des sessions pr\u00e9c\u00e9dentes.  Pour la premi\u00e8re fois, les d\u00e9l\u00e9gu\u00e9s de la session voteront plut\u00f4t en appuyant sur le bouton d\u2019un terminal \u00e9lectronique servant \u00e0 voter. Les votes seront comptabilis\u00e9s instantan\u00e9ment et les r\u00e9sultats seront affich\u00e9s sous forme de graphique \u00e0 l\u2019\u00e9cran.","og_url":"https:\/\/interamerica.org\/fr\/2015\/02\/le-vote-electronique-lors-de-la-session-devrait-ameliorer-lefficacite-et-favoriser-lanonymat\/","og_site_name":"\u00c9glise Adventiste Du Septieme Jour - Inter Am\u00e9rique Division","article_published_time":"2015-02-02T04:00:00+00:00","og_image":[{"width":400,"height":284,"url":"https:\/\/interamerica.org\/wp-content\/uploads\/2017\/06\/csm_myron-vote-web_4f0250b4be.jpg","type":"image\/jpeg"}],"author":"Lorenzo Verduzco","twitter_card":"summary_large_image","twitter_misc":{"\u00c9crit par":"Lorenzo Verduzco","Dur\u00e9e de lecture estim\u00e9e":"5 minutes"},"schema":{"@context":"https:\/\/schema.org","@graph":[{"@type":"Article","@id":"https:\/\/interamerica.org\/fr\/2015\/02\/le-vote-electronique-lors-de-la-session-devrait-ameliorer-lefficacite-et-favoriser-lanonymat\/#article","isPartOf":{"@id":"https:\/\/interamerica.org\/fr\/2015\/02\/le-vote-electronique-lors-de-la-session-devrait-ameliorer-lefficacite-et-favoriser-lanonymat\/"},"author":{"name":"Lorenzo Verduzco","@id":"https:\/\/interamerica.org\/fr\/#\/schema\/person\/68ede8bdc292885bb76c1e3810e73c39"},"headline":"Le vote \u00e9lectronique lors de la Session devrait am\u00e9liorer l\u2019efficacit\u00e9 et favoriser l\u2019anonymat.","datePublished":"2015-02-02T04:00:00+00:00","mainEntityOfPage":{"@id":"https:\/\/interamerica.org\/fr\/2015\/02\/le-vote-electronique-lors-de-la-session-devrait-ameliorer-lefficacite-et-favoriser-lanonymat\/"},"wordCount":994,"image":{"@id":"https:\/\/interamerica.org\/fr\/2015\/02\/le-vote-electronique-lors-de-la-session-devrait-ameliorer-lefficacite-et-favoriser-lanonymat\/#primaryimage"},"thumbnailUrl":"https:\/\/interamerica.org\/wp-content\/uploads\/2017\/06\/csm_myron-vote-web_4f0250b4be.jpg","articleSection":["Nouvelles de l'\u00c9glise mondiale","RSS Fran\u00e7ais"],"inLanguage":"fr-FR"},{"@type":"WebPage","@id":"https:\/\/interamerica.org\/fr\/2015\/02\/le-vote-electronique-lors-de-la-session-devrait-ameliorer-lefficacite-et-favoriser-lanonymat\/","url":"https:\/\/interamerica.org\/fr\/2015\/02\/le-vote-electronique-lors-de-la-session-devrait-ameliorer-lefficacite-et-favoriser-lanonymat\/","name":"Le vote \u00e9lectronique lors de la Session devrait am\u00e9liorer l\u2019efficacit\u00e9 et favoriser l\u2019anonymat. - \u00c9glise Adventiste Du Septieme Jour - Inter Am\u00e9rique Division","isPartOf":{"@id":"https:\/\/interamerica.org\/fr\/#website"},"primaryImageOfPage":{"@id":"https:\/\/interamerica.org\/fr\/2015\/02\/le-vote-electronique-lors-de-la-session-devrait-ameliorer-lefficacite-et-favoriser-lanonymat\/#primaryimage"},"image":{"@id":"https:\/\/interamerica.org\/fr\/2015\/02\/le-vote-electronique-lors-de-la-session-devrait-ameliorer-lefficacite-et-favoriser-lanonymat\/#primaryimage"},"thumbnailUrl":"https:\/\/interamerica.org\/wp-content\/uploads\/2017\/06\/csm_myron-vote-web_4f0250b4be.jpg","datePublished":"2015-02-02T04:00:00+00:00","author":{"@id":"https:\/\/interamerica.org\/fr\/#\/schema\/person\/68ede8bdc292885bb76c1e3810e73c39"},"breadcrumb":{"@id":"https:\/\/interamerica.org\/fr\/2015\/02\/le-vote-electronique-lors-de-la-session-devrait-ameliorer-lefficacite-et-favoriser-lanonymat\/#breadcrumb"},"inLanguage":"fr-FR","potentialAction":[{"@type":"ReadAction","target":["https:\/\/interamerica.org\/fr\/2015\/02\/le-vote-electronique-lors-de-la-session-devrait-ameliorer-lefficacite-et-favoriser-lanonymat\/"]}]},{"@type":"ImageObject","inLanguage":"fr-FR","@id":"https:\/\/interamerica.org\/fr\/2015\/02\/le-vote-electronique-lors-de-la-session-devrait-ameliorer-lefficacite-et-favoriser-lanonymat\/#primaryimage","url":"https:\/\/interamerica.org\/wp-content\/uploads\/2017\/06\/csm_myron-vote-web_4f0250b4be.jpg","contentUrl":"https:\/\/interamerica.org\/wp-content\/uploads\/2017\/06\/csm_myron-vote-web_4f0250b4be.jpg","width":400,"height":284},{"@type":"BreadcrumbList","@id":"https:\/\/interamerica.org\/fr\/2015\/02\/le-vote-electronique-lors-de-la-session-devrait-ameliorer-lefficacite-et-favoriser-lanonymat\/#breadcrumb","itemListElement":[{"@type":"ListItem","position":1,"name":"Home","item":"https:\/\/interamerica.org\/fr\/"},{"@type":"ListItem","position":2,"name":"Le vote \u00e9lectronique lors de la Session devrait am\u00e9liorer l\u2019efficacit\u00e9 et favoriser l\u2019anonymat."}]},{"@type":"WebSite","@id":"https:\/\/interamerica.org\/fr\/#website","url":"https:\/\/interamerica.org\/fr\/","name":"\u00c9glise Adventiste Du Septieme Jour - Inter Am\u00e9rique Division","description":"","potentialAction":[{"@type":"SearchAction","target":{"@type":"EntryPoint","urlTemplate":"https:\/\/interamerica.org\/fr\/?s={search_term_string}"},"query-input":{"@type":"PropertyValueSpecification","valueRequired":true,"valueName":"search_term_string"}}],"inLanguage":"fr-FR"},{"@type":"Person","@id":"https:\/\/interamerica.org\/fr\/#\/schema\/person\/68ede8bdc292885bb76c1e3810e73c39","name":"Lorenzo Verduzco","image":{"@type":"ImageObject","inLanguage":"fr-FR","@id":"https:\/\/secure.gravatar.com\/avatar\/fb81a55b6218459490a9c1dc841a34909185b81904c5337b4b27f7a6fd60c49e?s=96&d=mm&r=g","url":"https:\/\/secure.gravatar.com\/avatar\/fb81a55b6218459490a9c1dc841a34909185b81904c5337b4b27f7a6fd60c49e?s=96&d=mm&r=g","contentUrl":"https:\/\/secure.gravatar.com\/avatar\/fb81a55b6218459490a9c1dc841a34909185b81904c5337b4b27f7a6fd60c49e?s=96&d=mm&r=g","caption":"Lorenzo Verduzco"}}]}},"_links":{"self":[{"href":"https:\/\/interamerica.org\/fr\/wp-json\/wp\/v2\/posts\/32155","targetHints":{"allow":["GET"]}}],"collection":[{"href":"https:\/\/interamerica.org\/fr\/wp-json\/wp\/v2\/posts"}],"about":[{"href":"https:\/\/interamerica.org\/fr\/wp-json\/wp\/v2\/types\/post"}],"author":[{"embeddable":true,"href":"https:\/\/interamerica.org\/fr\/wp-json\/wp\/v2\/users\/1"}],"replies":[{"embeddable":true,"href":"https:\/\/interamerica.org\/fr\/wp-json\/wp\/v2\/comments?post=32155"}],"version-history":[{"count":0,"href":"https:\/\/interamerica.org\/fr\/wp-json\/wp\/v2\/posts\/32155\/revisions"}],"wp:featuredmedia":[{"embeddable":true,"href":"https:\/\/interamerica.org\/fr\/wp-json\/wp\/v2\/media\/24340"}],"wp:attachment":[{"href":"https:\/\/interamerica.org\/fr\/wp-json\/wp\/v2\/media?parent=32155"}],"wp:term":[{"taxonomy":"category","embeddable":true,"href":"https:\/\/interamerica.org\/fr\/wp-json\/wp\/v2\/categories?post=32155"},{"taxonomy":"post_tag","embeddable":true,"href":"https:\/\/interamerica.org\/fr\/wp-json\/wp\/v2\/tags?post=32155"}],"curies":[{"name":"wp","href":"https:\/\/api.w.org\/{rel}","templated":true}]}}