{"id":32160,"date":"2015-02-03T00:00:00","date_gmt":"2015-02-03T04:00:00","guid":{"rendered":"http:\/\/192.81.217.108\/interamerica\/2015\/02\/en-inde-luniversite-spicer-enseigne-la-mission-et-la-compassion-lors-de-son-100eme-anniversaire\/"},"modified":"2015-02-03T00:00:00","modified_gmt":"2015-02-03T04:00:00","slug":"en-inde-luniversite-spicer-enseigne-la-mission-et-la-compassion-lors-de-son-100eme-anniversaire","status":"publish","type":"post","link":"https:\/\/interamerica.org\/fr\/2015\/02\/en-inde-luniversite-spicer-enseigne-la-mission-et-la-compassion-lors-de-son-100eme-anniversaire\/","title":{"rendered":"En Inde, L&rsquo;Universite Spicer enseigne la mission et la compassion lors de son 100\u00e8me anniversaire"},"content":{"rendered":"<div id=\"attachment_15046\" style=\"width: 410px\" class=\"wp-caption alignright\"><a href=\"\/interamerica\/wp-content\/uploads\/2017\/06\/csm_Screen_Shot_2015-02-03_at_12.05.44_PM_601418c2f0.png\" rel=\"fancybox\" title=\"En Inde, L'Universite Spicer enseigne la mission et la compassion lors de son 100\u00e8me anniversaire\"><img fetchpriority=\"high\" decoding=\"async\" aria-describedby=\"caption-attachment-15046\" class=\"size-full wp-image-15046 \" src=\"\/interamerica\/wp-content\/uploads\/2017\/06\/csm_Screen_Shot_2015-02-03_at_12.05.44_PM_601418c2f0.png\" alt=\"\" width=\"400\" height=\"208\" \/><\/a><p id=\"caption-attachment-15046\" class=\"wp-caption-text\">Le gouverneur de l\u2019\u00e9tat de Maharashtra, Chennamaneni Vidyasagar Rao, au centre, assis \u00e0 c\u00f4t\u00e9 de Wilson \u00e0 la c\u00e9r\u00e9monie publique du dimanche, 1er f\u00e9vrier. Image offerte par SUD<\/p><\/div>\n<p>3 F\u00e9vrier 2015\/ Andrew McChesney\/ Adventist Review\/ Silver Spring, Maryland, United States<\/p>\n<p>L\u2019universit\u00e9 adventiste \u00ab\u00a0Spicer\u00a0\u00bb en Inde est rest\u00e9e fid\u00e8le \u00e0 sa mission durant les cinq jours de f\u00eates de leur 100<sup>\u00e8me<\/sup> anniversaire, en r\u00e9servant un jour \u00e0 la formation de 500 pasteurs et en rassemblant des dirigeants de la communaut\u00e9 pour une rencontre o\u00f9 le pr\u00e9sident de l\u2019\u00c9glise Adventiste Ted N.C. Wilson a soulign\u00e9 l\u2019importance de montrer de la compassion envers ceux qui sont dans le besoin.<\/p>\n<p>L\u2019universit\u00e9, fond\u00e9e par le missionnaire am\u00e9ricain Gentry G. Lowry en 1905, avait pour mission de former des missionnaires et des colporteurs.\u00a0 Ces festivit\u00e9s furent l\u2019occasion de r\u00e9fl\u00e9chir sur ses origines modestes, et louer Dieu d\u2019\u00eatre devenue une force puissante pour partager J\u00e9sus, dans la Division de l\u2019\u00c9glise Adventiste de l\u2019Asie du Sud et au-del\u00e0.<\/p>\n<p>\u00ab\u00a0Ceci est un grand pas pour l\u2019Universit\u00e9 Adventiste \u00ab\u00a0Spicer\u00a0\u00bb et emm\u00e8ne l\u2019institution et la Division d\u2019Asie du Sud \u00e0 un autre niveau d\u2019engagement et responsabilit\u00e9 pour la mission \u00e9vang\u00e9lique\u00a0\u00bb a d\u00e9clar\u00e9 Wilson lundi.<\/p>\n<p>Des douzaines de dirigeants locaux et de l\u2019\u00e9glise all\u00e8rent \u00e0 l\u2019universit\u00e9 de la ville de Pune pour la c\u00e9l\u00e9bration, qui s\u2019est termin\u00e9e dimanche. Parmi les invit\u00e9s se trouvait l\u2019influent gouverneur de l\u2019\u00e9tat indien, Maharashtra et les hauts dirigeants de la Division d\u2019Asie du Sud, qui inclus l\u2019Inde, et de la Conf\u00e9rence G\u00e9n\u00e9rale, bas\u00e9e \u00e0 Silver Spring dans le Maryland.<\/p>\n<p>Le week-end a marqu\u00e9 le point culminant du programme, avec la pr\u00e9dication de Wilson \u00e0 une foule compos\u00e9e de 2000 personnes le Sabbat matin et une rencontre \u00e0 l\u2019Hotel Hyatt le dimanche soir avec un groupe compos\u00e9 de centaines de personnes, incluant des dirigeants municipaux, de l\u2019\u00e9ducation, et de la sant\u00e9 ainsi que des hommes et femmes d\u2019affaires, de Pune, la septi\u00e8me ville la plus grande, de plus de 6 million d\u2019habitants.<\/p>\n<p>\u00ab\u00a0On m\u2019a demand\u00e9 de parler \u00e0 ce groupe inhabituel de dirigeants qui viennent de plusieurs milieux religieux, incluant des croyances Hindoues, Musulmanes, Ja\u00efn, Juives et Chr\u00e9tiennes\u00a0\u00bb a confi\u00e9 Wilson par mail. \u00ab\u00a0J\u2019ai mis l\u2019accent sur le besoin d\u2019humilit\u00e9 et d\u2019altruisme pour accomplir de bonnes choses pour l\u2019humanit\u00e9. J\u2019ai utilis\u00e9 des r\u00e9f\u00e9rences dans Proverbes et me suis concentr\u00e9 sur l\u2019humilit\u00e9 du Christ telle qu\u2019elle est pr\u00e9sent\u00e9e dans Philippiens 2.<\/p>\n<p>Wilson ajouta\u00a0: \u00ab\u00a0M\u00eame si il y avaient de nombreux non-chr\u00e9tiens dans l\u2019auditoire, le Saint-Esprit a utilis\u00e9 le message\u00a0 pour en toucher plusieurs.\u00a0\u00bb<\/p>\n<p>Vendredi, Wilson pronon\u00e7a l\u2019allocution principale pour \u00ab\u00a0le jour du Pasteur\u00a0\u00bb, un jour de s\u00e9ances de formation, centr\u00e9e sur la mission, pour un groupe de 500 pasteurs. Parmi les autres intervenants se trouvaient Gary Krause, directeur de la Mission Adventiste \u00e0 la Conf\u00e9rence G\u00e9n\u00e9rale et Rick McEdward, directeur du centre Global Mission de l\u2019\u00c9glise Adventiste.<\/p>\n<p>Spicer, la 66<sup>\u00e8me<\/sup> institution \u00e9ducative de l\u2019\u00c9glise Adventiste, a commenc\u00e9 avec trois membres de la facult\u00e9, incluant Lowry, le directeur, et 27 \u00e9tudiants, en juillet 1915, c\u2019est dans le m\u00eame mois que mourut la co-fondatrice de l\u2019\u00e9glise Ellen G. White aux \u00c9tats-Unis, a fait remarqu\u00e9 un commentaire d\u2019actualit\u00e9 sur l\u2019\u00e9cole, publi\u00e9 dans le magazine <em>Adventist Review<\/em>, la semaine derni\u00e8re, David Trim, l\u2019archiviste de l\u2019\u00c9glise Adventiste.<\/p>\n<p>Il y a 1173 \u00e9tudiants maintenant \u00e0 Spicer, 132 membres de la facult\u00e9, et 132 autres personnels. L\u2019\u00e9cole qui a re\u00e7u le statut d\u2019universit\u00e9 l\u2019ann\u00e9e derni\u00e8re mais qui est encore souvent appel\u00e9e par son ancien nom, Spicer Memorial College, fut nomm\u00e9e ainsi en hommage \u00e0 William A.Spicer, un des premiers missionnaires Adventistes en Inde et un ancien pr\u00e9sident de la Conf\u00e9rence G\u00e9n\u00e9rale.<\/p>\n<p>Le pr\u00e9sident de l\u2019Universit\u00e9 de Spicer, Justus Devadas, a d\u00e9clar\u00e9 que les gens de Pune ont reconnu l\u2019\u00e9cole comme \u00e9tant le \u00ab\u00a0campus qui fait la diff\u00e9rence\u00a0\u00bb.<\/p>\n<p>\u00ab\u00a0Aujourd\u2019hui Spicer Memorial College, une institution de minorit\u00e9 chr\u00e9tienne reconnue, avec une philosophie \u00e9ducative et un programme acad\u00e9mique, continue d\u2019\u00eatre un \u00e9tablissement phare de l\u2019\u00e9ducation Adventiste en Asie du Sud\u00a0\u00bb a affirm\u00e9 Devadas dans les commentaires pr\u00e9par\u00e9s pour l\u2019anniversaire. \u00ab\u00a0L\u2019universit\u00e9 continue \u00e0 se battre pour maintenir sa vision d\u2019inculquer \u00e0 ses dipl\u00f4m\u00e9s \u00e0 s\u2019engager pour un service d\u00e9sinteress\u00e9 envers Dieu et leurs prochains. La facult\u00e9 s\u2019\u00e9vertue \u00e0 former de mani\u00e8re ad\u00e9quate les \u00e9tudiants avec les exigences d\u2019une vie descente, dans ce monde et la citoyennet\u00e9, pour le monde \u00e0 venir.<\/p>\n<p>D\u2019autres \u00e9v\u00e9nements li\u00e9s \u00e0 l\u2019anniversaire de l\u2019universit\u00e9 \u00ab\u00a0Spicer\u00a0\u00bb ont inclus un service de cons\u00e9cration, la sortie de plusieurs livres, et la mise en sc\u00e8ne d\u2019une pi\u00e8ce retra\u00e7ant comment Dieu a guid\u00e9 l\u2019universit\u00e9 durant les 100 derni\u00e8res ann\u00e9es. Une c\u00e9r\u00e9monie publique dimanche a accueilli le gouverneur de l\u2019\u00e9tat de Maharashtra, Chennamaneni Vidyasagar Rao. Il a fait des \u00e9loges au sujet de l\u2019universit\u00e9 \u00ab\u00a0Spicer\u00a0\u00bb et sa contribution \u00e0 l\u2019Inde.<\/p>\n<p>De m\u00eame, un projet de l\u2019universit\u00e9 dans le cadre du centenaire fut inaugur\u00e9 et d\u00e9dicac\u00e9 chaque jour, \u00a0durant les cinq jours. Parmi eux \u00e9taient le \u00ab\u00a0Jardin de la Pri\u00e8re de Geths\u00e9man\u00e9\u00a0\u00bb, \u00ab\u00a0l\u2019\u00e9glise de Marathi\u00a0\u00bb et le \u00ab\u00a0b\u00e2timent d\u00e9di\u00e9 au Management et \u00e0 l\u2019Informatique\u00a0\u00bb qui a co\u00fbt\u00e9 $2,4 millions.<\/p>\n<p>\u00ab\u00a0Nous louons Dieu,\u00a0\u00bb a affirm\u00e9 Wilson\u00a0\u00ab\u00a0pour les c\u00e9l\u00e9brations\u00a0\u00bb \u00a0\u00ab\u00a0Il a b\u00e9ni de mani\u00e8re prodigieuse.\u00a0\u00bb<\/p>\n<p>Traduction Carole et Charles SAINT-LOUIS<\/p>\n","protected":false},"excerpt":{"rendered":"<p>L\u2019universit\u00e9 adventiste \u00ab Spicer \u00bb en Inde est rest\u00e9e fid\u00e8le \u00e0 sa mission durant les cinq jours de f\u00eates de leur 100\u00e8me anniversaire, en r\u00e9servant un jour \u00e0 la formation de 500 pasteurs et en rassemblant des dirigeants de la communaut\u00e9 pour une rencontre o\u00f9 le pr\u00e9sident de l\u2019\u00c9glise Adventiste Ted N.C. <\/p>\n<p>Wilson a soulign\u00e9 l\u2019importance de montrer de la compassion envers ceux qui sont dans le besoin.<\/p>\n","protected":false},"author":1,"featured_media":24348,"comment_status":"closed","ping_status":"closed","sticky":false,"template":"","format":"standard","meta":{"_acf_changed":false,"footnotes":""},"categories":[18,19],"tags":[],"class_list":["post-32160","post","type-post","status-publish","format-standard","has-post-thumbnail","hentry","category-nouvelles-de-leglise-mondiale","category-rss-francais"],"acf":[],"yoast_head":"<!-- This site is optimized with the Yoast SEO plugin v27.3 - https:\/\/yoast.com\/product\/yoast-seo-wordpress\/ -->\n<title>En Inde, L&#039;Universite Spicer enseigne la mission et la compassion lors de son 100\u00e8me anniversaire - \u00c9glise Adventiste Du Septieme Jour - Inter Am\u00e9rique Division<\/title>\n<meta name=\"robots\" content=\"index, follow, max-snippet:-1, max-image-preview:large, max-video-preview:-1\" \/>\n<link rel=\"canonical\" href=\"https:\/\/interamerica.org\/fr\/2015\/02\/en-inde-luniversite-spicer-enseigne-la-mission-et-la-compassion-lors-de-son-100eme-anniversaire\/\" \/>\n<meta property=\"og:locale\" content=\"fr_FR\" \/>\n<meta property=\"og:type\" content=\"article\" \/>\n<meta property=\"og:title\" content=\"En Inde, L&#039;Universite Spicer enseigne la mission et la compassion lors de son 100\u00e8me anniversaire - \u00c9glise Adventiste Du Septieme Jour - Inter Am\u00e9rique Division\" \/>\n<meta property=\"og:description\" content=\"L\u2019universit\u00e9 adventiste \u00ab Spicer \u00bb en Inde est rest\u00e9e fid\u00e8le \u00e0 sa mission durant les cinq jours de f\u00eates de leur 100\u00e8me anniversaire, en r\u00e9servant un jour \u00e0 la formation de 500 pasteurs et en rassemblant des dirigeants de la communaut\u00e9 pour une rencontre o\u00f9 le pr\u00e9sident de l\u2019\u00c9glise Adventiste Ted N.C.  Wilson a soulign\u00e9 l\u2019importance de montrer de la compassion envers ceux qui sont dans le besoin.\" \/>\n<meta property=\"og:url\" content=\"https:\/\/interamerica.org\/fr\/2015\/02\/en-inde-luniversite-spicer-enseigne-la-mission-et-la-compassion-lors-de-son-100eme-anniversaire\/\" \/>\n<meta property=\"og:site_name\" content=\"\u00c9glise Adventiste Du Septieme Jour - Inter Am\u00e9rique Division\" \/>\n<meta property=\"article:published_time\" content=\"2015-02-03T04:00:00+00:00\" \/>\n<meta property=\"og:image\" content=\"https:\/\/interamerica.org\/wp-content\/uploads\/2017\/06\/csm_Screen_Shot_2015-02-03_at_12.05.44_PM_601418c2f0.png\" \/>\n\t<meta property=\"og:image:width\" content=\"400\" \/>\n\t<meta property=\"og:image:height\" content=\"208\" \/>\n\t<meta property=\"og:image:type\" content=\"image\/png\" \/>\n<meta name=\"author\" content=\"Lorenzo Verduzco\" \/>\n<meta name=\"twitter:card\" content=\"summary_large_image\" \/>\n<meta name=\"twitter:label1\" content=\"\u00c9crit par\" \/>\n\t<meta name=\"twitter:data1\" content=\"Lorenzo Verduzco\" \/>\n\t<meta name=\"twitter:label2\" content=\"Dur\u00e9e de lecture estim\u00e9e\" \/>\n\t<meta name=\"twitter:data2\" content=\"5 minutes\" \/>\n<script type=\"application\/ld+json\" class=\"yoast-schema-graph\">{\"@context\":\"https:\\\/\\\/schema.org\",\"@graph\":[{\"@type\":\"Article\",\"@id\":\"https:\\\/\\\/interamerica.org\\\/fr\\\/2015\\\/02\\\/en-inde-luniversite-spicer-enseigne-la-mission-et-la-compassion-lors-de-son-100eme-anniversaire\\\/#article\",\"isPartOf\":{\"@id\":\"https:\\\/\\\/interamerica.org\\\/fr\\\/2015\\\/02\\\/en-inde-luniversite-spicer-enseigne-la-mission-et-la-compassion-lors-de-son-100eme-anniversaire\\\/\"},\"author\":{\"name\":\"Lorenzo Verduzco\",\"@id\":\"https:\\\/\\\/interamerica.org\\\/fr\\\/#\\\/schema\\\/person\\\/68ede8bdc292885bb76c1e3810e73c39\"},\"headline\":\"En Inde, L&rsquo;Universite Spicer enseigne la mission et la compassion lors de son 100\u00e8me anniversaire\",\"datePublished\":\"2015-02-03T04:00:00+00:00\",\"mainEntityOfPage\":{\"@id\":\"https:\\\/\\\/interamerica.org\\\/fr\\\/2015\\\/02\\\/en-inde-luniversite-spicer-enseigne-la-mission-et-la-compassion-lors-de-son-100eme-anniversaire\\\/\"},\"wordCount\":992,\"image\":{\"@id\":\"https:\\\/\\\/interamerica.org\\\/fr\\\/2015\\\/02\\\/en-inde-luniversite-spicer-enseigne-la-mission-et-la-compassion-lors-de-son-100eme-anniversaire\\\/#primaryimage\"},\"thumbnailUrl\":\"https:\\\/\\\/interamerica.org\\\/wp-content\\\/uploads\\\/2017\\\/06\\\/csm_Screen_Shot_2015-02-03_at_12.05.44_PM_601418c2f0.png\",\"articleSection\":[\"Nouvelles de l'\u00c9glise mondiale\",\"RSS Fran\u00e7ais\"],\"inLanguage\":\"fr-FR\"},{\"@type\":\"WebPage\",\"@id\":\"https:\\\/\\\/interamerica.org\\\/fr\\\/2015\\\/02\\\/en-inde-luniversite-spicer-enseigne-la-mission-et-la-compassion-lors-de-son-100eme-anniversaire\\\/\",\"url\":\"https:\\\/\\\/interamerica.org\\\/fr\\\/2015\\\/02\\\/en-inde-luniversite-spicer-enseigne-la-mission-et-la-compassion-lors-de-son-100eme-anniversaire\\\/\",\"name\":\"En Inde, L'Universite Spicer enseigne la mission et la compassion lors de son 100\u00e8me anniversaire - \u00c9glise Adventiste Du Septieme Jour - Inter Am\u00e9rique Division\",\"isPartOf\":{\"@id\":\"https:\\\/\\\/interamerica.org\\\/fr\\\/#website\"},\"primaryImageOfPage\":{\"@id\":\"https:\\\/\\\/interamerica.org\\\/fr\\\/2015\\\/02\\\/en-inde-luniversite-spicer-enseigne-la-mission-et-la-compassion-lors-de-son-100eme-anniversaire\\\/#primaryimage\"},\"image\":{\"@id\":\"https:\\\/\\\/interamerica.org\\\/fr\\\/2015\\\/02\\\/en-inde-luniversite-spicer-enseigne-la-mission-et-la-compassion-lors-de-son-100eme-anniversaire\\\/#primaryimage\"},\"thumbnailUrl\":\"https:\\\/\\\/interamerica.org\\\/wp-content\\\/uploads\\\/2017\\\/06\\\/csm_Screen_Shot_2015-02-03_at_12.05.44_PM_601418c2f0.png\",\"datePublished\":\"2015-02-03T04:00:00+00:00\",\"author\":{\"@id\":\"https:\\\/\\\/interamerica.org\\\/fr\\\/#\\\/schema\\\/person\\\/68ede8bdc292885bb76c1e3810e73c39\"},\"breadcrumb\":{\"@id\":\"https:\\\/\\\/interamerica.org\\\/fr\\\/2015\\\/02\\\/en-inde-luniversite-spicer-enseigne-la-mission-et-la-compassion-lors-de-son-100eme-anniversaire\\\/#breadcrumb\"},\"inLanguage\":\"fr-FR\",\"potentialAction\":[{\"@type\":\"ReadAction\",\"target\":[\"https:\\\/\\\/interamerica.org\\\/fr\\\/2015\\\/02\\\/en-inde-luniversite-spicer-enseigne-la-mission-et-la-compassion-lors-de-son-100eme-anniversaire\\\/\"]}]},{\"@type\":\"ImageObject\",\"inLanguage\":\"fr-FR\",\"@id\":\"https:\\\/\\\/interamerica.org\\\/fr\\\/2015\\\/02\\\/en-inde-luniversite-spicer-enseigne-la-mission-et-la-compassion-lors-de-son-100eme-anniversaire\\\/#primaryimage\",\"url\":\"https:\\\/\\\/interamerica.org\\\/wp-content\\\/uploads\\\/2017\\\/06\\\/csm_Screen_Shot_2015-02-03_at_12.05.44_PM_601418c2f0.png\",\"contentUrl\":\"https:\\\/\\\/interamerica.org\\\/wp-content\\\/uploads\\\/2017\\\/06\\\/csm_Screen_Shot_2015-02-03_at_12.05.44_PM_601418c2f0.png\",\"width\":400,\"height\":208},{\"@type\":\"BreadcrumbList\",\"@id\":\"https:\\\/\\\/interamerica.org\\\/fr\\\/2015\\\/02\\\/en-inde-luniversite-spicer-enseigne-la-mission-et-la-compassion-lors-de-son-100eme-anniversaire\\\/#breadcrumb\",\"itemListElement\":[{\"@type\":\"ListItem\",\"position\":1,\"name\":\"Home\",\"item\":\"https:\\\/\\\/interamerica.org\\\/fr\\\/\"},{\"@type\":\"ListItem\",\"position\":2,\"name\":\"En Inde, L&rsquo;Universite Spicer enseigne la mission et la compassion lors de son 100\u00e8me anniversaire\"}]},{\"@type\":\"WebSite\",\"@id\":\"https:\\\/\\\/interamerica.org\\\/fr\\\/#website\",\"url\":\"https:\\\/\\\/interamerica.org\\\/fr\\\/\",\"name\":\"\u00c9glise Adventiste Du Septieme Jour - Inter Am\u00e9rique Division\",\"description\":\"\",\"potentialAction\":[{\"@type\":\"SearchAction\",\"target\":{\"@type\":\"EntryPoint\",\"urlTemplate\":\"https:\\\/\\\/interamerica.org\\\/fr\\\/?s={search_term_string}\"},\"query-input\":{\"@type\":\"PropertyValueSpecification\",\"valueRequired\":true,\"valueName\":\"search_term_string\"}}],\"inLanguage\":\"fr-FR\"},{\"@type\":\"Person\",\"@id\":\"https:\\\/\\\/interamerica.org\\\/fr\\\/#\\\/schema\\\/person\\\/68ede8bdc292885bb76c1e3810e73c39\",\"name\":\"Lorenzo Verduzco\",\"image\":{\"@type\":\"ImageObject\",\"inLanguage\":\"fr-FR\",\"@id\":\"https:\\\/\\\/secure.gravatar.com\\\/avatar\\\/fb81a55b6218459490a9c1dc841a34909185b81904c5337b4b27f7a6fd60c49e?s=96&d=mm&r=g\",\"url\":\"https:\\\/\\\/secure.gravatar.com\\\/avatar\\\/fb81a55b6218459490a9c1dc841a34909185b81904c5337b4b27f7a6fd60c49e?s=96&d=mm&r=g\",\"contentUrl\":\"https:\\\/\\\/secure.gravatar.com\\\/avatar\\\/fb81a55b6218459490a9c1dc841a34909185b81904c5337b4b27f7a6fd60c49e?s=96&d=mm&r=g\",\"caption\":\"Lorenzo Verduzco\"}}]}<\/script>\n<!-- \/ Yoast SEO plugin. -->","yoast_head_json":{"title":"En Inde, L'Universite Spicer enseigne la mission et la compassion lors de son 100\u00e8me anniversaire - \u00c9glise Adventiste Du Septieme Jour - Inter Am\u00e9rique Division","robots":{"index":"index","follow":"follow","max-snippet":"max-snippet:-1","max-image-preview":"max-image-preview:large","max-video-preview":"max-video-preview:-1"},"canonical":"https:\/\/interamerica.org\/fr\/2015\/02\/en-inde-luniversite-spicer-enseigne-la-mission-et-la-compassion-lors-de-son-100eme-anniversaire\/","og_locale":"fr_FR","og_type":"article","og_title":"En Inde, L'Universite Spicer enseigne la mission et la compassion lors de son 100\u00e8me anniversaire - \u00c9glise Adventiste Du Septieme Jour - Inter Am\u00e9rique Division","og_description":"L\u2019universit\u00e9 adventiste \u00ab Spicer \u00bb en Inde est rest\u00e9e fid\u00e8le \u00e0 sa mission durant les cinq jours de f\u00eates de leur 100\u00e8me anniversaire, en r\u00e9servant un jour \u00e0 la formation de 500 pasteurs et en rassemblant des dirigeants de la communaut\u00e9 pour une rencontre o\u00f9 le pr\u00e9sident de l\u2019\u00c9glise Adventiste Ted N.C.  Wilson a soulign\u00e9 l\u2019importance de montrer de la compassion envers ceux qui sont dans le besoin.","og_url":"https:\/\/interamerica.org\/fr\/2015\/02\/en-inde-luniversite-spicer-enseigne-la-mission-et-la-compassion-lors-de-son-100eme-anniversaire\/","og_site_name":"\u00c9glise Adventiste Du Septieme Jour - Inter Am\u00e9rique Division","article_published_time":"2015-02-03T04:00:00+00:00","og_image":[{"width":400,"height":208,"url":"https:\/\/interamerica.org\/wp-content\/uploads\/2017\/06\/csm_Screen_Shot_2015-02-03_at_12.05.44_PM_601418c2f0.png","type":"image\/png"}],"author":"Lorenzo Verduzco","twitter_card":"summary_large_image","twitter_misc":{"\u00c9crit par":"Lorenzo Verduzco","Dur\u00e9e de lecture estim\u00e9e":"5 minutes"},"schema":{"@context":"https:\/\/schema.org","@graph":[{"@type":"Article","@id":"https:\/\/interamerica.org\/fr\/2015\/02\/en-inde-luniversite-spicer-enseigne-la-mission-et-la-compassion-lors-de-son-100eme-anniversaire\/#article","isPartOf":{"@id":"https:\/\/interamerica.org\/fr\/2015\/02\/en-inde-luniversite-spicer-enseigne-la-mission-et-la-compassion-lors-de-son-100eme-anniversaire\/"},"author":{"name":"Lorenzo Verduzco","@id":"https:\/\/interamerica.org\/fr\/#\/schema\/person\/68ede8bdc292885bb76c1e3810e73c39"},"headline":"En Inde, L&rsquo;Universite Spicer enseigne la mission et la compassion lors de son 100\u00e8me anniversaire","datePublished":"2015-02-03T04:00:00+00:00","mainEntityOfPage":{"@id":"https:\/\/interamerica.org\/fr\/2015\/02\/en-inde-luniversite-spicer-enseigne-la-mission-et-la-compassion-lors-de-son-100eme-anniversaire\/"},"wordCount":992,"image":{"@id":"https:\/\/interamerica.org\/fr\/2015\/02\/en-inde-luniversite-spicer-enseigne-la-mission-et-la-compassion-lors-de-son-100eme-anniversaire\/#primaryimage"},"thumbnailUrl":"https:\/\/interamerica.org\/wp-content\/uploads\/2017\/06\/csm_Screen_Shot_2015-02-03_at_12.05.44_PM_601418c2f0.png","articleSection":["Nouvelles de l'\u00c9glise mondiale","RSS Fran\u00e7ais"],"inLanguage":"fr-FR"},{"@type":"WebPage","@id":"https:\/\/interamerica.org\/fr\/2015\/02\/en-inde-luniversite-spicer-enseigne-la-mission-et-la-compassion-lors-de-son-100eme-anniversaire\/","url":"https:\/\/interamerica.org\/fr\/2015\/02\/en-inde-luniversite-spicer-enseigne-la-mission-et-la-compassion-lors-de-son-100eme-anniversaire\/","name":"En Inde, L'Universite Spicer enseigne la mission et la compassion lors de son 100\u00e8me anniversaire - \u00c9glise Adventiste Du Septieme Jour - Inter Am\u00e9rique Division","isPartOf":{"@id":"https:\/\/interamerica.org\/fr\/#website"},"primaryImageOfPage":{"@id":"https:\/\/interamerica.org\/fr\/2015\/02\/en-inde-luniversite-spicer-enseigne-la-mission-et-la-compassion-lors-de-son-100eme-anniversaire\/#primaryimage"},"image":{"@id":"https:\/\/interamerica.org\/fr\/2015\/02\/en-inde-luniversite-spicer-enseigne-la-mission-et-la-compassion-lors-de-son-100eme-anniversaire\/#primaryimage"},"thumbnailUrl":"https:\/\/interamerica.org\/wp-content\/uploads\/2017\/06\/csm_Screen_Shot_2015-02-03_at_12.05.44_PM_601418c2f0.png","datePublished":"2015-02-03T04:00:00+00:00","author":{"@id":"https:\/\/interamerica.org\/fr\/#\/schema\/person\/68ede8bdc292885bb76c1e3810e73c39"},"breadcrumb":{"@id":"https:\/\/interamerica.org\/fr\/2015\/02\/en-inde-luniversite-spicer-enseigne-la-mission-et-la-compassion-lors-de-son-100eme-anniversaire\/#breadcrumb"},"inLanguage":"fr-FR","potentialAction":[{"@type":"ReadAction","target":["https:\/\/interamerica.org\/fr\/2015\/02\/en-inde-luniversite-spicer-enseigne-la-mission-et-la-compassion-lors-de-son-100eme-anniversaire\/"]}]},{"@type":"ImageObject","inLanguage":"fr-FR","@id":"https:\/\/interamerica.org\/fr\/2015\/02\/en-inde-luniversite-spicer-enseigne-la-mission-et-la-compassion-lors-de-son-100eme-anniversaire\/#primaryimage","url":"https:\/\/interamerica.org\/wp-content\/uploads\/2017\/06\/csm_Screen_Shot_2015-02-03_at_12.05.44_PM_601418c2f0.png","contentUrl":"https:\/\/interamerica.org\/wp-content\/uploads\/2017\/06\/csm_Screen_Shot_2015-02-03_at_12.05.44_PM_601418c2f0.png","width":400,"height":208},{"@type":"BreadcrumbList","@id":"https:\/\/interamerica.org\/fr\/2015\/02\/en-inde-luniversite-spicer-enseigne-la-mission-et-la-compassion-lors-de-son-100eme-anniversaire\/#breadcrumb","itemListElement":[{"@type":"ListItem","position":1,"name":"Home","item":"https:\/\/interamerica.org\/fr\/"},{"@type":"ListItem","position":2,"name":"En Inde, L&rsquo;Universite Spicer enseigne la mission et la compassion lors de son 100\u00e8me anniversaire"}]},{"@type":"WebSite","@id":"https:\/\/interamerica.org\/fr\/#website","url":"https:\/\/interamerica.org\/fr\/","name":"\u00c9glise Adventiste Du Septieme Jour - Inter Am\u00e9rique Division","description":"","potentialAction":[{"@type":"SearchAction","target":{"@type":"EntryPoint","urlTemplate":"https:\/\/interamerica.org\/fr\/?s={search_term_string}"},"query-input":{"@type":"PropertyValueSpecification","valueRequired":true,"valueName":"search_term_string"}}],"inLanguage":"fr-FR"},{"@type":"Person","@id":"https:\/\/interamerica.org\/fr\/#\/schema\/person\/68ede8bdc292885bb76c1e3810e73c39","name":"Lorenzo Verduzco","image":{"@type":"ImageObject","inLanguage":"fr-FR","@id":"https:\/\/secure.gravatar.com\/avatar\/fb81a55b6218459490a9c1dc841a34909185b81904c5337b4b27f7a6fd60c49e?s=96&d=mm&r=g","url":"https:\/\/secure.gravatar.com\/avatar\/fb81a55b6218459490a9c1dc841a34909185b81904c5337b4b27f7a6fd60c49e?s=96&d=mm&r=g","contentUrl":"https:\/\/secure.gravatar.com\/avatar\/fb81a55b6218459490a9c1dc841a34909185b81904c5337b4b27f7a6fd60c49e?s=96&d=mm&r=g","caption":"Lorenzo Verduzco"}}]}},"_links":{"self":[{"href":"https:\/\/interamerica.org\/fr\/wp-json\/wp\/v2\/posts\/32160","targetHints":{"allow":["GET"]}}],"collection":[{"href":"https:\/\/interamerica.org\/fr\/wp-json\/wp\/v2\/posts"}],"about":[{"href":"https:\/\/interamerica.org\/fr\/wp-json\/wp\/v2\/types\/post"}],"author":[{"embeddable":true,"href":"https:\/\/interamerica.org\/fr\/wp-json\/wp\/v2\/users\/1"}],"replies":[{"embeddable":true,"href":"https:\/\/interamerica.org\/fr\/wp-json\/wp\/v2\/comments?post=32160"}],"version-history":[{"count":0,"href":"https:\/\/interamerica.org\/fr\/wp-json\/wp\/v2\/posts\/32160\/revisions"}],"wp:featuredmedia":[{"embeddable":true,"href":"https:\/\/interamerica.org\/fr\/wp-json\/wp\/v2\/media\/24348"}],"wp:attachment":[{"href":"https:\/\/interamerica.org\/fr\/wp-json\/wp\/v2\/media?parent=32160"}],"wp:term":[{"taxonomy":"category","embeddable":true,"href":"https:\/\/interamerica.org\/fr\/wp-json\/wp\/v2\/categories?post=32160"},{"taxonomy":"post_tag","embeddable":true,"href":"https:\/\/interamerica.org\/fr\/wp-json\/wp\/v2\/tags?post=32160"}],"curies":[{"name":"wp","href":"https:\/\/api.w.org\/{rel}","templated":true}]}}