{"id":32161,"date":"2015-02-09T00:00:00","date_gmt":"2015-02-09T04:00:00","guid":{"rendered":"http:\/\/192.81.217.108\/interamerica\/2015\/02\/linter-amerique-lance-sa-semaine-de-priere-pour-consolider-les-familles-pastorales\/"},"modified":"2015-02-09T00:00:00","modified_gmt":"2015-02-09T04:00:00","slug":"linter-amerique-lance-sa-semaine-de-priere-pour-consolider-les-familles-pastorales","status":"publish","type":"post","link":"https:\/\/interamerica.org\/fr\/2015\/02\/linter-amerique-lance-sa-semaine-de-priere-pour-consolider-les-familles-pastorales\/","title":{"rendered":"L\u2019Inter Am\u00e9rique lance sa semaine de pri\u00e8re pour consolider les familles pastorales"},"content":{"rendered":"<div id=\"attachment_15080\" style=\"width: 610px\" class=\"wp-caption aligncenter\"><a href=\"\/interamerica\/wp-content\/uploads\/2017\/06\/PastoralWkofPrayer600.png\" rel=\"fancybox\" title=\"L\u2019Inter Am\u00e9rique lance sa semaine de pri\u00e8re pour consolider les familles pastorales\"><img fetchpriority=\"high\" decoding=\"async\" aria-describedby=\"caption-attachment-15080\" class=\"size-full wp-image-15080\" src=\"\/interamerica\/wp-content\/uploads\/2017\/06\/PastoralWkofPrayer600.png\" alt=\"\" width=\"600\" height=\"391\" \/><\/a><p id=\"caption-attachment-15080\" class=\"wp-caption-text\">Les leaders de l\u2019Eglise Adventiste du Septi\u00e8me Jour dans la Division Inter Am\u00e9ricaine prient en faveur des plus de 3400 pasteurs et de leurs familles \u00e0 l\u2019occasion du lancement pour l\u2019ensemble du territoire du programme de la semaine de pri\u00e8re en ligne pour la famille pastorale le 6 f\u00e9vrier 2015 depuis Miami en Floride. Image de Libna Stevens\/DIA.<\/p><\/div>\n<p>8 F\u00e9vrier 2015 \u2013 Miami, Floride, Etats Unis \u2013 Libna Stevens\/DIA<\/p>\n<p>Les principaux leaders de l\u2019Eglise Adventiste du Septi\u00e8me Jour de la Division Inter Am\u00e9ricaine (DIA) ont organis\u00e9 un programme sp\u00e9cial vendredi soir dans le cadre du lancement pour l\u2019ensemble du territoire de la semaine de pri\u00e8re destin\u00e9e aux familles pastorales. Au cours du programme, des couples pastoraux ont pri\u00e9 et encourag\u00e9 les pasteurs et leurs familles \u00e0 prendre du temps pour s\u2019occuper de leurs familles et \u00e0 les consolider spirituellement, mentalement et physiquement.<\/p>\n<div id=\"attachment_15078\" style=\"width: 310px\" class=\"wp-caption alignleft\"><a href=\"\/interamerica\/wp-content\/uploads\/2017\/06\/Sanchez-WeekofPrayer.png\" rel=\"fancybox\" title=\"L\u2019Inter Am\u00e9rique lance sa semaine de pri\u00e8re pour consolider les familles pastorales\"><img decoding=\"async\" aria-describedby=\"caption-attachment-15078\" class=\"size-full wp-image-15078\" src=\"\/interamerica\/wp-content\/uploads\/2017\/06\/Sanchez-WeekofPrayer.png\" alt=\"\" width=\"300\" height=\"214\" \/><\/a><p id=\"caption-attachment-15078\" class=\"wp-caption-text\">Pasteur Hector Sanchez, secr\u00e9taire de l\u2019association pastorale pour la DIA dit combien il est important d\u2019appr\u00e9cier le travail de la famille pastorale \u00e0 travers le territoire.<\/p><\/div>\n<p>Le programme qui s\u2019est d\u00e9roul\u00e9 au si\u00e8ge de la DIA \u00e0 Miami en Floride a \u00e9t\u00e9 retransmis en direct sur internet.<\/p>\n<p>Avec plus de 3400 pasteurs s\u2019occupant de quelques 3,6 millions de membres d\u2019\u00e9glise r\u00e9partis dans 20000 congr\u00e9gations, il s\u2019est agit de v\u00e9hiculer un message d\u2019attention et d\u2019int\u00e9r\u00eat \u00e0 l\u2019endroit des pr\u00e9cieux bergers de l\u2019Inter Am\u00e9rique qui maintiennent la motivation dans leurs \u00e9glises et conduisent les membres \u00e0 se pr\u00e9parer pour la Seconde Venue et \u00e0 partager l\u2019\u00e9vangile avec les autres, ont indiqu\u00e9 les organisateurs.<\/p>\n<p>\u00ab Nous voulons aider nos pasteurs et leurs familles \u00e0 demeurer fermes dans le Seigneur cette semaine et cette ann\u00e9e, \u00bb a dit pasteur Hector Sanchez, secr\u00e9taire de l\u2019association pastorale pour l\u2019Eglise Adventiste en Inter Am\u00e9rique. \u00ab Nous voulons que vous sachiez que nous vous reconnaissons et nous vous appr\u00e9cions vous, votre conjoint et vos enfants, dans cette \u0153uvre importante que vous accomplissez pour Dieu. \u00bb<\/p>\n<p>Le lancement de la semaine de pri\u00e8re faisait partie d\u2019une s\u00e9rie d\u2019activit\u00e9s planifi\u00e9es pour c\u00e9l\u00e9brer les pasteurs et leur leadership au cours de l\u2019Ann\u00e9e du Pasteur en Inter Am\u00e9rique.<\/p>\n<div id=\"attachment_15082\" style=\"width: 310px\" class=\"wp-caption alignright\"><a href=\"\/interamerica\/wp-content\/uploads\/2017\/06\/PastoralWkofPrayer300.png\" rel=\"fancybox\" title=\"L\u2019Inter Am\u00e9rique lance sa semaine de pri\u00e8re pour consolider les familles pastorales\"><img decoding=\"async\" aria-describedby=\"caption-attachment-15082\" class=\"size-full wp-image-15082\" src=\"\/interamerica\/wp-content\/uploads\/2017\/06\/PastoralWkofPrayer300.png\" alt=\"\" width=\"300\" height=\"214\" \/><\/a><p id=\"caption-attachment-15082\" class=\"wp-caption-text\">Le vice-pr\u00e9sident de la DIA, Abner De Los Santos et son \u00e9pouse Leticia De Los Santos, coordinatrice de la SIEMA, prient pour les plus de 3400 pasteurs et leurs familles lors du programme en ligne qui a dur\u00e9 une heure.<\/p><\/div>\n<p>Pasteur Pedro Iglesias, directeur des minist\u00e8res de la famille pour la DIA, a invit\u00e9 les pasteurs, les administrateurs et les leaders \u00e0 continuer de rechercher avec leurs familles la pr\u00e9sence de Dieu dans leurs vies.<\/p>\n<p>\u00ab La famille de la DIA d\u00e9sire prier aujourd\u2019hui pour vous nos coll\u00e8gues, nos couples missionnaires, pour votre minist\u00e8re et aussi pour vos enfants, \u00bb a dit pasteur Iglesias.<\/p>\n<p>Au cours du programme en ligne, les couples pastoraux de la DIA ont pri\u00e9 pour un r\u00e9veil parmi les pasteurs et leurs familles favoris\u00e9 par l\u2019\u00e9tude de la Bible et la pri\u00e8re quotidienne. Ils ont pri\u00e9 pour que la famille pastorale remporte la victoire en J\u00e9sus sur les attaques de l\u2019ennemi, pour qu\u2019il y ait plus de chaleur et de fraternit\u00e9 parmi les familles pastorales, pour la pratique d\u2019un style de vie sain au sein de la famille toute enti\u00e8re, et aussi pour que Dieu les prot\u00e8ge alors qu\u2019ils exercent leur minist\u00e8re dans les districts et les territoires.<\/p>\n<p>Au cours du programme, la coordinatrice de la SIEMA, Leticia De Los Santos, a rassur\u00e9 les \u00e9pouses de pasteurs quant \u00e0 leur appel et \u00e0 leur minist\u00e8re consistant \u00e0 soutenir leur \u00e9poux et faire en sorte d\u2019avoir une famille solide au foyer.<\/p>\n<div id=\"attachment_15079\" style=\"width: 310px\" class=\"wp-caption alignleft\"><a href=\"\/interamerica\/wp-content\/uploads\/2017\/06\/PastoralWkofPrayerSinging.png\" rel=\"fancybox\" title=\"L\u2019Inter Am\u00e9rique lance sa semaine de pri\u00e8re pour consolider les familles pastorales\"><img loading=\"lazy\" decoding=\"async\" aria-describedby=\"caption-attachment-15079\" class=\"size-full wp-image-15079\" src=\"\/interamerica\/wp-content\/uploads\/2017\/06\/PastoralWkofPrayerSinging.png\" alt=\"\" width=\"300\" height=\"217\" \/><\/a><p id=\"caption-attachment-15079\" class=\"wp-caption-text\">De gauche \u00e0 droite : Magda Salinas, Ebony Leito et Leticia Leito pr\u00e9sentent un morceau sp\u00e9cial \u00e0 la fin du programme en ligne.<\/p><\/div>\n<p>Dr Elie Henry, secr\u00e9taire ex\u00e9cutif de la DIA, a \u00e9t\u00e9 heureux de constater que la majeure partie du programme en ligne a \u00e9t\u00e9 pass\u00e9e dans la pri\u00e8re et la r\u00e9flexion. Pasteur Henry a encourag\u00e9 les pasteurs et leurs familles \u00e0 se mettre en pri\u00e8re ensemble \u00e0 genoux pour les cinq principales raisons qu\u2019il y a de prier, alors que la semaine de pri\u00e8re d\u00e9bute et se d\u00e9roulera jusqu\u2019au 13 f\u00e9vrier.<\/p>\n<p>\u00ab Choisissez votre moment de la journ\u00e9e pour prier ensemble, ressentir la pr\u00e9sence de Dieu, Son Esprit, et vous unir pour une semaine fructueuse tout comme J\u00e9sus l\u2019a fait au cours de sa vie sur terre, \u00bb a dit Dr Henry.<\/p>\n<p>Les familles pastorales pourront t\u00e9l\u00e9charger un magazine num\u00e9rique sp\u00e9cial con\u00e7u pour la semaine et disponible sur le site<br \/>\n<a href=\"http:\/\/2015.interamerica.org\/files2015\">2015.interamerica.org<\/a> en anglais, espagnol et fran\u00e7ais.<\/p>\n<p>Les leaders ont \u00e9t\u00e9 vraiment heureux d\u2019apprendre que pr\u00e8s de 800 connections \u00e9tablies par des personnes regardant le programme en ligne ont \u00e9t\u00e9 recens\u00e9es au moment o\u00f9 les pasteurs et leurs familles \u00e9taient r\u00e9unis dans leurs foyers, dans les \u00e9glises et dans des auditoriums \u00e0 travers l\u2019Inter Am\u00e9rique.<\/p>\n<p>Pour voir le programme en ligne, cliquez <a href=\"https:\/\/www.youtube.com\/watch?v=hsHPbg4B1yI#t=114\">ICI<\/a><\/p>\n<p>Pour t\u00e9l\u00e9charger le magazine num\u00e9rique de la Semaine de Pri\u00e8re de la Famille Pastorale, allez sur le site <a href=\"http:\/\/2015.interamerica.org\/files2015\">2015.interamerica.org<\/a><\/p>\n<p>Pour voir des photos du programme en ligne, visitez la galerie de photos <a href=\"https:\/\/www.flickr.com\/photos\/interamerica\/16441409666\/\">ICI<\/a><\/p>\n<p>Traduction: Patrick Luciathe<\/p>\n","protected":false},"excerpt":{"rendered":"<p>Les principaux leaders de l\u2019Eglise Adventiste du Septi\u00e8me Jour de la Division Inter Am\u00e9ricaine (DIA) ont organis\u00e9 un programme sp\u00e9cial vendredi soir dans le cadre du lancement pour l\u2019ensemble du territoire de la semaine de pri\u00e8re destin\u00e9e aux familles pastorales. <\/p>\n<p>Au cours du programme, des couples pastoraux ont pri\u00e9 et encourag\u00e9 les pasteurs et leurs familles \u00e0 prendre du temps pour s\u2019occuper de leurs familles et \u00e0 les consolider spirituellement, mentalement et physiquement. Le programme qui s\u2019est d\u00e9roul\u00e9 au si\u00e8ge de la DIA \u00e0 Miami en Floride a \u00e9t\u00e9 retransmis en direct sur internet.<\/p>\n","protected":false},"author":1,"featured_media":24356,"comment_status":"closed","ping_status":"closed","sticky":false,"template":"","format":"standard","meta":{"_acf_changed":false,"footnotes":""},"categories":[20,19],"tags":[],"class_list":["post-32161","post","type-post","status-publish","format-standard","has-post-thumbnail","hentry","category-nouvelles-du-siege-de-la-division","category-rss-francais"],"acf":[],"yoast_head":"<!-- This site is optimized with the Yoast SEO plugin v27.3 - https:\/\/yoast.com\/product\/yoast-seo-wordpress\/ -->\n<title>L\u2019Inter Am\u00e9rique lance sa semaine de pri\u00e8re pour consolider les familles pastorales - \u00c9glise Adventiste Du Septieme Jour - Inter Am\u00e9rique Division<\/title>\n<meta name=\"robots\" content=\"index, follow, max-snippet:-1, max-image-preview:large, max-video-preview:-1\" \/>\n<link rel=\"canonical\" href=\"https:\/\/interamerica.org\/fr\/2015\/02\/linter-amerique-lance-sa-semaine-de-priere-pour-consolider-les-familles-pastorales\/\" \/>\n<meta property=\"og:locale\" content=\"fr_FR\" \/>\n<meta property=\"og:type\" content=\"article\" \/>\n<meta property=\"og:title\" content=\"L\u2019Inter Am\u00e9rique lance sa semaine de pri\u00e8re pour consolider les familles pastorales - \u00c9glise Adventiste Du Septieme Jour - Inter Am\u00e9rique Division\" \/>\n<meta property=\"og:description\" content=\"Les principaux leaders de l\u2019Eglise Adventiste du Septi\u00e8me Jour de la Division Inter Am\u00e9ricaine (DIA) ont organis\u00e9 un programme sp\u00e9cial vendredi soir dans le cadre du lancement pour l\u2019ensemble du territoire de la semaine de pri\u00e8re destin\u00e9e aux familles pastorales.  Au cours du programme, des couples pastoraux ont pri\u00e9 et encourag\u00e9 les pasteurs et leurs familles \u00e0 prendre du temps pour s\u2019occuper de leurs familles et \u00e0 les consolider spirituellement, mentalement et physiquement. Le programme qui s\u2019est d\u00e9roul\u00e9 au si\u00e8ge de la DIA \u00e0 Miami en Floride a \u00e9t\u00e9 retransmis en direct sur internet.\" \/>\n<meta property=\"og:url\" content=\"https:\/\/interamerica.org\/fr\/2015\/02\/linter-amerique-lance-sa-semaine-de-priere-pour-consolider-les-familles-pastorales\/\" \/>\n<meta property=\"og:site_name\" content=\"\u00c9glise Adventiste Du Septieme Jour - Inter Am\u00e9rique Division\" \/>\n<meta property=\"article:published_time\" content=\"2015-02-09T04:00:00+00:00\" \/>\n<meta property=\"og:image\" content=\"https:\/\/interamerica.org\/wp-content\/uploads\/2017\/06\/WeekPrayerScreen.png\" \/>\n\t<meta property=\"og:image:width\" content=\"300\" \/>\n\t<meta property=\"og:image:height\" content=\"200\" \/>\n\t<meta property=\"og:image:type\" content=\"image\/png\" \/>\n<meta name=\"author\" content=\"Lorenzo Verduzco\" \/>\n<meta name=\"twitter:card\" content=\"summary_large_image\" \/>\n<meta name=\"twitter:label1\" content=\"\u00c9crit par\" \/>\n\t<meta name=\"twitter:data1\" content=\"Lorenzo Verduzco\" \/>\n\t<meta name=\"twitter:label2\" content=\"Dur\u00e9e de lecture estim\u00e9e\" \/>\n\t<meta name=\"twitter:data2\" content=\"5 minutes\" \/>\n<script type=\"application\/ld+json\" class=\"yoast-schema-graph\">{\"@context\":\"https:\\\/\\\/schema.org\",\"@graph\":[{\"@type\":\"Article\",\"@id\":\"https:\\\/\\\/interamerica.org\\\/fr\\\/2015\\\/02\\\/linter-amerique-lance-sa-semaine-de-priere-pour-consolider-les-familles-pastorales\\\/#article\",\"isPartOf\":{\"@id\":\"https:\\\/\\\/interamerica.org\\\/fr\\\/2015\\\/02\\\/linter-amerique-lance-sa-semaine-de-priere-pour-consolider-les-familles-pastorales\\\/\"},\"author\":{\"name\":\"Lorenzo Verduzco\",\"@id\":\"https:\\\/\\\/interamerica.org\\\/fr\\\/#\\\/schema\\\/person\\\/68ede8bdc292885bb76c1e3810e73c39\"},\"headline\":\"L\u2019Inter Am\u00e9rique lance sa semaine de pri\u00e8re pour consolider les familles pastorales\",\"datePublished\":\"2015-02-09T04:00:00+00:00\",\"mainEntityOfPage\":{\"@id\":\"https:\\\/\\\/interamerica.org\\\/fr\\\/2015\\\/02\\\/linter-amerique-lance-sa-semaine-de-priere-pour-consolider-les-familles-pastorales\\\/\"},\"wordCount\":959,\"image\":{\"@id\":\"https:\\\/\\\/interamerica.org\\\/fr\\\/2015\\\/02\\\/linter-amerique-lance-sa-semaine-de-priere-pour-consolider-les-familles-pastorales\\\/#primaryimage\"},\"thumbnailUrl\":\"https:\\\/\\\/interamerica.org\\\/wp-content\\\/uploads\\\/2017\\\/06\\\/WeekPrayerScreen.png\",\"articleSection\":[\"Nouvelles du si\u00e8ge de la division\",\"RSS Fran\u00e7ais\"],\"inLanguage\":\"fr-FR\"},{\"@type\":\"WebPage\",\"@id\":\"https:\\\/\\\/interamerica.org\\\/fr\\\/2015\\\/02\\\/linter-amerique-lance-sa-semaine-de-priere-pour-consolider-les-familles-pastorales\\\/\",\"url\":\"https:\\\/\\\/interamerica.org\\\/fr\\\/2015\\\/02\\\/linter-amerique-lance-sa-semaine-de-priere-pour-consolider-les-familles-pastorales\\\/\",\"name\":\"L\u2019Inter Am\u00e9rique lance sa semaine de pri\u00e8re pour consolider les familles pastorales - \u00c9glise Adventiste Du Septieme Jour - Inter Am\u00e9rique Division\",\"isPartOf\":{\"@id\":\"https:\\\/\\\/interamerica.org\\\/fr\\\/#website\"},\"primaryImageOfPage\":{\"@id\":\"https:\\\/\\\/interamerica.org\\\/fr\\\/2015\\\/02\\\/linter-amerique-lance-sa-semaine-de-priere-pour-consolider-les-familles-pastorales\\\/#primaryimage\"},\"image\":{\"@id\":\"https:\\\/\\\/interamerica.org\\\/fr\\\/2015\\\/02\\\/linter-amerique-lance-sa-semaine-de-priere-pour-consolider-les-familles-pastorales\\\/#primaryimage\"},\"thumbnailUrl\":\"https:\\\/\\\/interamerica.org\\\/wp-content\\\/uploads\\\/2017\\\/06\\\/WeekPrayerScreen.png\",\"datePublished\":\"2015-02-09T04:00:00+00:00\",\"author\":{\"@id\":\"https:\\\/\\\/interamerica.org\\\/fr\\\/#\\\/schema\\\/person\\\/68ede8bdc292885bb76c1e3810e73c39\"},\"breadcrumb\":{\"@id\":\"https:\\\/\\\/interamerica.org\\\/fr\\\/2015\\\/02\\\/linter-amerique-lance-sa-semaine-de-priere-pour-consolider-les-familles-pastorales\\\/#breadcrumb\"},\"inLanguage\":\"fr-FR\",\"potentialAction\":[{\"@type\":\"ReadAction\",\"target\":[\"https:\\\/\\\/interamerica.org\\\/fr\\\/2015\\\/02\\\/linter-amerique-lance-sa-semaine-de-priere-pour-consolider-les-familles-pastorales\\\/\"]}]},{\"@type\":\"ImageObject\",\"inLanguage\":\"fr-FR\",\"@id\":\"https:\\\/\\\/interamerica.org\\\/fr\\\/2015\\\/02\\\/linter-amerique-lance-sa-semaine-de-priere-pour-consolider-les-familles-pastorales\\\/#primaryimage\",\"url\":\"https:\\\/\\\/interamerica.org\\\/wp-content\\\/uploads\\\/2017\\\/06\\\/WeekPrayerScreen.png\",\"contentUrl\":\"https:\\\/\\\/interamerica.org\\\/wp-content\\\/uploads\\\/2017\\\/06\\\/WeekPrayerScreen.png\",\"width\":300,\"height\":200},{\"@type\":\"BreadcrumbList\",\"@id\":\"https:\\\/\\\/interamerica.org\\\/fr\\\/2015\\\/02\\\/linter-amerique-lance-sa-semaine-de-priere-pour-consolider-les-familles-pastorales\\\/#breadcrumb\",\"itemListElement\":[{\"@type\":\"ListItem\",\"position\":1,\"name\":\"Home\",\"item\":\"https:\\\/\\\/interamerica.org\\\/fr\\\/\"},{\"@type\":\"ListItem\",\"position\":2,\"name\":\"L\u2019Inter Am\u00e9rique lance sa semaine de pri\u00e8re pour consolider les familles pastorales\"}]},{\"@type\":\"WebSite\",\"@id\":\"https:\\\/\\\/interamerica.org\\\/fr\\\/#website\",\"url\":\"https:\\\/\\\/interamerica.org\\\/fr\\\/\",\"name\":\"\u00c9glise Adventiste Du Septieme Jour - Inter Am\u00e9rique Division\",\"description\":\"\",\"potentialAction\":[{\"@type\":\"SearchAction\",\"target\":{\"@type\":\"EntryPoint\",\"urlTemplate\":\"https:\\\/\\\/interamerica.org\\\/fr\\\/?s={search_term_string}\"},\"query-input\":{\"@type\":\"PropertyValueSpecification\",\"valueRequired\":true,\"valueName\":\"search_term_string\"}}],\"inLanguage\":\"fr-FR\"},{\"@type\":\"Person\",\"@id\":\"https:\\\/\\\/interamerica.org\\\/fr\\\/#\\\/schema\\\/person\\\/68ede8bdc292885bb76c1e3810e73c39\",\"name\":\"Lorenzo Verduzco\",\"image\":{\"@type\":\"ImageObject\",\"inLanguage\":\"fr-FR\",\"@id\":\"https:\\\/\\\/secure.gravatar.com\\\/avatar\\\/fb81a55b6218459490a9c1dc841a34909185b81904c5337b4b27f7a6fd60c49e?s=96&d=mm&r=g\",\"url\":\"https:\\\/\\\/secure.gravatar.com\\\/avatar\\\/fb81a55b6218459490a9c1dc841a34909185b81904c5337b4b27f7a6fd60c49e?s=96&d=mm&r=g\",\"contentUrl\":\"https:\\\/\\\/secure.gravatar.com\\\/avatar\\\/fb81a55b6218459490a9c1dc841a34909185b81904c5337b4b27f7a6fd60c49e?s=96&d=mm&r=g\",\"caption\":\"Lorenzo Verduzco\"}}]}<\/script>\n<!-- \/ Yoast SEO plugin. -->","yoast_head_json":{"title":"L\u2019Inter Am\u00e9rique lance sa semaine de pri\u00e8re pour consolider les familles pastorales - \u00c9glise Adventiste Du Septieme Jour - Inter Am\u00e9rique Division","robots":{"index":"index","follow":"follow","max-snippet":"max-snippet:-1","max-image-preview":"max-image-preview:large","max-video-preview":"max-video-preview:-1"},"canonical":"https:\/\/interamerica.org\/fr\/2015\/02\/linter-amerique-lance-sa-semaine-de-priere-pour-consolider-les-familles-pastorales\/","og_locale":"fr_FR","og_type":"article","og_title":"L\u2019Inter Am\u00e9rique lance sa semaine de pri\u00e8re pour consolider les familles pastorales - \u00c9glise Adventiste Du Septieme Jour - Inter Am\u00e9rique Division","og_description":"Les principaux leaders de l\u2019Eglise Adventiste du Septi\u00e8me Jour de la Division Inter Am\u00e9ricaine (DIA) ont organis\u00e9 un programme sp\u00e9cial vendredi soir dans le cadre du lancement pour l\u2019ensemble du territoire de la semaine de pri\u00e8re destin\u00e9e aux familles pastorales.  Au cours du programme, des couples pastoraux ont pri\u00e9 et encourag\u00e9 les pasteurs et leurs familles \u00e0 prendre du temps pour s\u2019occuper de leurs familles et \u00e0 les consolider spirituellement, mentalement et physiquement. Le programme qui s\u2019est d\u00e9roul\u00e9 au si\u00e8ge de la DIA \u00e0 Miami en Floride a \u00e9t\u00e9 retransmis en direct sur internet.","og_url":"https:\/\/interamerica.org\/fr\/2015\/02\/linter-amerique-lance-sa-semaine-de-priere-pour-consolider-les-familles-pastorales\/","og_site_name":"\u00c9glise Adventiste Du Septieme Jour - Inter Am\u00e9rique Division","article_published_time":"2015-02-09T04:00:00+00:00","og_image":[{"width":300,"height":200,"url":"https:\/\/interamerica.org\/wp-content\/uploads\/2017\/06\/WeekPrayerScreen.png","type":"image\/png"}],"author":"Lorenzo Verduzco","twitter_card":"summary_large_image","twitter_misc":{"\u00c9crit par":"Lorenzo Verduzco","Dur\u00e9e de lecture estim\u00e9e":"5 minutes"},"schema":{"@context":"https:\/\/schema.org","@graph":[{"@type":"Article","@id":"https:\/\/interamerica.org\/fr\/2015\/02\/linter-amerique-lance-sa-semaine-de-priere-pour-consolider-les-familles-pastorales\/#article","isPartOf":{"@id":"https:\/\/interamerica.org\/fr\/2015\/02\/linter-amerique-lance-sa-semaine-de-priere-pour-consolider-les-familles-pastorales\/"},"author":{"name":"Lorenzo Verduzco","@id":"https:\/\/interamerica.org\/fr\/#\/schema\/person\/68ede8bdc292885bb76c1e3810e73c39"},"headline":"L\u2019Inter Am\u00e9rique lance sa semaine de pri\u00e8re pour consolider les familles pastorales","datePublished":"2015-02-09T04:00:00+00:00","mainEntityOfPage":{"@id":"https:\/\/interamerica.org\/fr\/2015\/02\/linter-amerique-lance-sa-semaine-de-priere-pour-consolider-les-familles-pastorales\/"},"wordCount":959,"image":{"@id":"https:\/\/interamerica.org\/fr\/2015\/02\/linter-amerique-lance-sa-semaine-de-priere-pour-consolider-les-familles-pastorales\/#primaryimage"},"thumbnailUrl":"https:\/\/interamerica.org\/wp-content\/uploads\/2017\/06\/WeekPrayerScreen.png","articleSection":["Nouvelles du si\u00e8ge de la division","RSS Fran\u00e7ais"],"inLanguage":"fr-FR"},{"@type":"WebPage","@id":"https:\/\/interamerica.org\/fr\/2015\/02\/linter-amerique-lance-sa-semaine-de-priere-pour-consolider-les-familles-pastorales\/","url":"https:\/\/interamerica.org\/fr\/2015\/02\/linter-amerique-lance-sa-semaine-de-priere-pour-consolider-les-familles-pastorales\/","name":"L\u2019Inter Am\u00e9rique lance sa semaine de pri\u00e8re pour consolider les familles pastorales - \u00c9glise Adventiste Du Septieme Jour - Inter Am\u00e9rique Division","isPartOf":{"@id":"https:\/\/interamerica.org\/fr\/#website"},"primaryImageOfPage":{"@id":"https:\/\/interamerica.org\/fr\/2015\/02\/linter-amerique-lance-sa-semaine-de-priere-pour-consolider-les-familles-pastorales\/#primaryimage"},"image":{"@id":"https:\/\/interamerica.org\/fr\/2015\/02\/linter-amerique-lance-sa-semaine-de-priere-pour-consolider-les-familles-pastorales\/#primaryimage"},"thumbnailUrl":"https:\/\/interamerica.org\/wp-content\/uploads\/2017\/06\/WeekPrayerScreen.png","datePublished":"2015-02-09T04:00:00+00:00","author":{"@id":"https:\/\/interamerica.org\/fr\/#\/schema\/person\/68ede8bdc292885bb76c1e3810e73c39"},"breadcrumb":{"@id":"https:\/\/interamerica.org\/fr\/2015\/02\/linter-amerique-lance-sa-semaine-de-priere-pour-consolider-les-familles-pastorales\/#breadcrumb"},"inLanguage":"fr-FR","potentialAction":[{"@type":"ReadAction","target":["https:\/\/interamerica.org\/fr\/2015\/02\/linter-amerique-lance-sa-semaine-de-priere-pour-consolider-les-familles-pastorales\/"]}]},{"@type":"ImageObject","inLanguage":"fr-FR","@id":"https:\/\/interamerica.org\/fr\/2015\/02\/linter-amerique-lance-sa-semaine-de-priere-pour-consolider-les-familles-pastorales\/#primaryimage","url":"https:\/\/interamerica.org\/wp-content\/uploads\/2017\/06\/WeekPrayerScreen.png","contentUrl":"https:\/\/interamerica.org\/wp-content\/uploads\/2017\/06\/WeekPrayerScreen.png","width":300,"height":200},{"@type":"BreadcrumbList","@id":"https:\/\/interamerica.org\/fr\/2015\/02\/linter-amerique-lance-sa-semaine-de-priere-pour-consolider-les-familles-pastorales\/#breadcrumb","itemListElement":[{"@type":"ListItem","position":1,"name":"Home","item":"https:\/\/interamerica.org\/fr\/"},{"@type":"ListItem","position":2,"name":"L\u2019Inter Am\u00e9rique lance sa semaine de pri\u00e8re pour consolider les familles pastorales"}]},{"@type":"WebSite","@id":"https:\/\/interamerica.org\/fr\/#website","url":"https:\/\/interamerica.org\/fr\/","name":"\u00c9glise Adventiste Du Septieme Jour - Inter Am\u00e9rique Division","description":"","potentialAction":[{"@type":"SearchAction","target":{"@type":"EntryPoint","urlTemplate":"https:\/\/interamerica.org\/fr\/?s={search_term_string}"},"query-input":{"@type":"PropertyValueSpecification","valueRequired":true,"valueName":"search_term_string"}}],"inLanguage":"fr-FR"},{"@type":"Person","@id":"https:\/\/interamerica.org\/fr\/#\/schema\/person\/68ede8bdc292885bb76c1e3810e73c39","name":"Lorenzo Verduzco","image":{"@type":"ImageObject","inLanguage":"fr-FR","@id":"https:\/\/secure.gravatar.com\/avatar\/fb81a55b6218459490a9c1dc841a34909185b81904c5337b4b27f7a6fd60c49e?s=96&d=mm&r=g","url":"https:\/\/secure.gravatar.com\/avatar\/fb81a55b6218459490a9c1dc841a34909185b81904c5337b4b27f7a6fd60c49e?s=96&d=mm&r=g","contentUrl":"https:\/\/secure.gravatar.com\/avatar\/fb81a55b6218459490a9c1dc841a34909185b81904c5337b4b27f7a6fd60c49e?s=96&d=mm&r=g","caption":"Lorenzo Verduzco"}}]}},"_links":{"self":[{"href":"https:\/\/interamerica.org\/fr\/wp-json\/wp\/v2\/posts\/32161","targetHints":{"allow":["GET"]}}],"collection":[{"href":"https:\/\/interamerica.org\/fr\/wp-json\/wp\/v2\/posts"}],"about":[{"href":"https:\/\/interamerica.org\/fr\/wp-json\/wp\/v2\/types\/post"}],"author":[{"embeddable":true,"href":"https:\/\/interamerica.org\/fr\/wp-json\/wp\/v2\/users\/1"}],"replies":[{"embeddable":true,"href":"https:\/\/interamerica.org\/fr\/wp-json\/wp\/v2\/comments?post=32161"}],"version-history":[{"count":0,"href":"https:\/\/interamerica.org\/fr\/wp-json\/wp\/v2\/posts\/32161\/revisions"}],"wp:featuredmedia":[{"embeddable":true,"href":"https:\/\/interamerica.org\/fr\/wp-json\/wp\/v2\/media\/24356"}],"wp:attachment":[{"href":"https:\/\/interamerica.org\/fr\/wp-json\/wp\/v2\/media?parent=32161"}],"wp:term":[{"taxonomy":"category","embeddable":true,"href":"https:\/\/interamerica.org\/fr\/wp-json\/wp\/v2\/categories?post=32161"},{"taxonomy":"post_tag","embeddable":true,"href":"https:\/\/interamerica.org\/fr\/wp-json\/wp\/v2\/tags?post=32161"}],"curies":[{"name":"wp","href":"https:\/\/api.w.org\/{rel}","templated":true}]}}