{"id":32162,"date":"2015-02-10T00:00:00","date_gmt":"2015-02-10T04:00:00","guid":{"rendered":"http:\/\/192.81.217.108\/interamerica\/2015\/02\/a-curacao-leglise-sorganise-afin-de-mettre-en-place-une-fondation-pour-la-liberte-religieuse\/"},"modified":"2015-02-10T00:00:00","modified_gmt":"2015-02-10T04:00:00","slug":"a-curacao-leglise-sorganise-afin-de-mettre-en-place-une-fondation-pour-la-liberte-religieuse","status":"publish","type":"post","link":"https:\/\/interamerica.org\/fr\/2015\/02\/a-curacao-leglise-sorganise-afin-de-mettre-en-place-une-fondation-pour-la-liberte-religieuse\/","title":{"rendered":"A Cura\u00e7ao, l\u2019\u00e9glise s\u2019organise afin de mettre en place une fondation pour la libert\u00e9 religieuse"},"content":{"rendered":"<p>9 F\u00e9vrier 2015 \u2013 Willemstad, Cura\u00e7ao\/DIA<\/p>\n<div id=\"attachment_15107\" style=\"width: 410px\" class=\"wp-caption alignleft\"><a href=\"\/interamerica\/wp-content\/uploads\/2017\/06\/CuracaoRLFoundation400.png\" rel=\"fancybox\" title=\"A Cura\u00e7ao, l\u2019\u00e9glise s\u2019organise afin de mettre en place une fondation pour la libert\u00e9 religieuse\"><img fetchpriority=\"high\" decoding=\"async\" aria-describedby=\"caption-attachment-15107\" class=\"size-full wp-image-15107\" src=\"\/interamerica\/wp-content\/uploads\/2017\/06\/CuracaoRLFoundation400.png\" alt=\"\" width=\"400\" height=\"225\" \/><\/a><p id=\"caption-attachment-15107\" class=\"wp-caption-text\">Plusieurs leaders, d\u00e9fenseurs de la libert\u00e9 religieuse ont \u00e9t\u00e9 honor\u00e9s \u00e0 l\u2019occasion du premier festival de la libert\u00e9 religieuse organis\u00e9 \u00e0 Willemstad par la Fondation pour la Libert\u00e9 Religieuse de Cura\u00e7ao \u2013 une organisation mise en place par l\u2019Eglise Adventiste du Septi\u00e8me Jour, le 17 janvier 2015. Image de Hedilina Valeriano-Sedney<\/p><\/div>\n<p>La Fondation de la Libert\u00e9 Religieuse de Cura\u00e7ao (CRLF), une initiative de l\u2019Eglise Adventiste du Septi\u00e8me Jour, a r\u00e9cemment organis\u00e9 un festival de la libert\u00e9 religieuse sur l\u2019ile.<\/p>\n<p>La CRLF, une organisation mise en place par l\u2019Eglise Adventiste du Septi\u00e8me Jour dans le but de promouvoir la libert\u00e9 religieuse parmi les divers groupes religieux de Cura\u00e7ao et Bonaire, ressemble en beaucoup de points \u00e0 une section locale de l\u2019Association Internationale de la Libert\u00e9 Religieuse, a expliqu\u00e9 pasteur Shurman Kook, directeur des affaires publiques et de la libert\u00e9 religieuse pour l\u2019\u00e9glise Adventiste \u00e0 Cura\u00e7ao et Bonaire. \u00ab La seule diff\u00e9rence est la statut juridique de cette entit\u00e9, \u00bb a t-il indiqu\u00e9.<\/p>\n<p>Le festival, qui s\u2019est tenu le mois dernier \u00e0 Willemstad au Centre Isra\u00ebl Leito pour le D\u00e9veloppement Int\u00e9gral, a rassembl\u00e9 plusieurs groupes religieux et ethniques qui ont fait des pr\u00e9sentations uniques, et ont d\u00e9montr\u00e9 la grande diversit\u00e9 religieuse et culturelle pr\u00e9sente sur cette ile d\u2019environ 150000 habitants.<\/p>\n<p>\u00ab La constitution de Cura\u00e7ao permet une grande libert\u00e9 religieuse et nous sommes tr\u00e8s heureux de cela, \u00bb a dit pasteur Kook qui sert \u00e9galement en tant que pr\u00e9sident de l\u2019Eglise Adventiste \u00e0 Cura\u00e7ao et Bonaire. Cura\u00e7ao est un pays libre. Les gens ici sont libres d\u2019\u00e9tablir leur propre \u00e9glise, de pr\u00eacher, d\u2019enseigner en public ou en priv\u00e9, et par rapport \u00e0 cela, il est tr\u00e8s facile parfois de consid\u00e9rer la libert\u00e9 religieuse comme une chose acquise. \u00bb<\/p>\n<p>Bien que les gens peuvent changer d\u2019affiliation religieuse sans restrictions du gouvernement, cela ne s\u2019est pas toujours fait sans hostilit\u00e9 sociale, \u00bb a expliqu\u00e9 pasteur Kook. \u00ab C\u2019est la raison pour laquelle il faut encourager la prise de conscience au sujet de ce droit de l\u2019homme fondamental qu\u2019est la libert\u00e9 religieuse, \u00bb a dit pasteur Kook.<\/p>\n<p>Le Secr\u00e9taire-G\u00e9n\u00e9rale de l\u2019Association Internationale de la Libert\u00e9 Religieuse, Dr John Graz, s\u2019est adress\u00e9 \u00e0 l\u2019auditoire. John Graz a soulign\u00e9 combien il est important de ch\u00e9rir, de promouvoir et de d\u00e9fendre la libert\u00e9 religieuse et la dignit\u00e9 humaine.<\/p>\n<p>Le tr\u00e9sorier du Conseil des Eglises de Cura\u00e7ao, Locksley Brodie a applaudi la fondation et a d\u00e9clar\u00e9 que \u00ab travailler de concert avec le Conseil des Eglises est incontournable quand il est question de favoriser la vie harmonieuse \u00e0 Cura\u00e7ao. \u00bb<\/p>\n<div id=\"attachment_15108\" style=\"width: 310px\" class=\"wp-caption alignright\"><a href=\"\/interamerica\/wp-content\/uploads\/2017\/06\/Graz-ShurmanKook.png\" rel=\"fancybox\" title=\"A Cura\u00e7ao, l\u2019\u00e9glise s\u2019organise afin de mettre en place une fondation pour la libert\u00e9 religieuse\"><img decoding=\"async\" aria-describedby=\"caption-attachment-15108\" class=\"size-full wp-image-15108\" src=\"\/interamerica\/wp-content\/uploads\/2017\/06\/Graz-ShurmanKook.png\" alt=\"\" width=\"300\" height=\"179\" \/><\/a><p id=\"caption-attachment-15108\" class=\"wp-caption-text\">Le Secr\u00e9taire-G\u00e9n\u00e9ral de l\u2019Association Internationale de la Libert\u00e9 Religieuse, Dr John Graz (\u00e0 droite) intervient \u00e0 l\u2019occasion de ce festival de la libert\u00e9 religieuse historique alors que pasteur Shurman Kook, pr\u00e9sident de l\u2019Eglise Adventiste \u00e0 Cura\u00e7ao et Bonaire traduit.<\/p><\/div>\n<p>Marcolino Franco, pr\u00e9sident du Parlement de Cura\u00e7ao, a indiqu\u00e9 que la libert\u00e9 religieuse \u00e9tait inscrite \u00e0 la fois dans la constitution de Cura\u00e7ao r\u00e9dig\u00e9e en 2010 et celle de 1955, mais \u00ab cela ne signifie pas que ce droit \u00e0 la libert\u00e9 religieuse est toujours respect\u00e9 dans la soci\u00e9t\u00e9. \u00bb<\/p>\n<p>Cura\u00e7ao jouit d\u2019une longue histoire de libert\u00e9 religieuse et a servi de havre s\u00fbr pour les Chr\u00e9tiens et le Juifs qui ont subi des pers\u00e9cutions religieuses dans diff\u00e9rentes parties du monde, a expliqu\u00e9 pasteur Kook. \u00ab Une des raisons expliquant la mise en place de la fondation est que nous ne devrions pas consid\u00e9rer comme acquise notre relative libert\u00e9, surtout quand on consid\u00e8re les \u00e9v\u00e8nements qui se d\u00e9roulent actuellement dans le monde. \u00bb<\/p>\n<p>Avant le festival, la CRLF a organis\u00e9 son premier diner de la libert\u00e9 religieuse au cours duquel des responsables gouvernementaux et des leaders religieux \u00e9minents se sont rencontr\u00e9s afin d\u2019en apprendre plus sur la Fondation pour la Libert\u00e9 Religieuse de Cura\u00e7ao et de parler de l\u2019importance de la libert\u00e9 religieuse pour l\u2019ile.<\/p>\n<p>Ces deux programmes ont \u00e9t\u00e9 couverts par les m\u00e9dias.<\/p>\n<p>D\u2019apr\u00e8s pasteur Kook, la fondation envisage de rester visible en s\u2019exprimant sur les m\u00e9dias \u00e0 propos de questions relatives \u00e0 la libert\u00e9 religieuse, en organisant des marches pour la libert\u00e9 religieuse, et en s\u2019assurant que le diner et le festival de la libert\u00e9 religieuse deviennent des activit\u00e9s annuelles.<\/p>\n<p>La Fondation pour la Libert\u00e9 Religieuse de Cura\u00e7ao a \u00e9t\u00e9 organis\u00e9e par des personnes repr\u00e9sentant la Communaut\u00e9 Lib\u00e9rale Juive, la Communaut\u00e9 Musulmane, un membre de l\u2019\u00e9glise Protestante, un ancien Premier Ministre des Antilles N\u00e9erlandaises qui est Catholique, et par des Adventistes du Septi\u00e8me Jour.<\/p>\n<p>Pour en savoir plus sur la Fondation pour la Libert\u00e9 Religieuse de Cura\u00e7ao, visitez sa page Facebook ICI https:\/\/www.facebook.com\/curelifo<\/p>\n<p>Traduction: Patrick Luciathe<\/p>\n","protected":false},"excerpt":{"rendered":"<p>La Fondation de la Libert\u00e9 Religieuse de Cura\u00e7ao (CRLF), une initiative de l\u2019Eglise Adventiste du Septi\u00e8me Jour, a r\u00e9cemment organis\u00e9 un festival de la libert\u00e9 religieuse sur l\u2019ile.  <\/p>\n<p>La CRLF, une organisation mise en place par l\u2019Eglise Adventiste du Septi\u00e8me Jour dans le but de promouvoir la libert\u00e9 religieuse parmi les divers groupes religieux de Cura\u00e7ao et Bonaire, ressemble en beaucoup de points \u00e0 une section locale de l\u2019Association Internationale de la Libert\u00e9 Religieuse, a expliqu\u00e9 pasteur Shurman Kook, directeur des affaires publiques et de la libert\u00e9 religieuse pour l\u2019\u00e9glise Adventiste \u00e0 Cura\u00e7ao et Bonaire. \u00ab La seule diff\u00e9rence est la statut juridique de cette entit\u00e9, \u00bb a t-il indiqu\u00e9.<\/p>\n","protected":false},"author":1,"featured_media":24372,"comment_status":"closed","ping_status":"closed","sticky":false,"template":"","format":"standard","meta":{"_acf_changed":false,"footnotes":""},"categories":[21,19],"tags":[],"class_list":["post-32162","post","type-post","status-publish","format-standard","has-post-thumbnail","hentry","category-nouvelles-du-territoire","category-rss-francais"],"acf":[],"yoast_head":"<!-- This site is optimized with the Yoast SEO plugin v27.3 - https:\/\/yoast.com\/product\/yoast-seo-wordpress\/ -->\n<title>A Cura\u00e7ao, l\u2019\u00e9glise s\u2019organise afin de mettre en place une fondation pour la libert\u00e9 religieuse - \u00c9glise Adventiste Du Septieme Jour - Inter Am\u00e9rique Division<\/title>\n<meta name=\"robots\" content=\"index, follow, max-snippet:-1, max-image-preview:large, max-video-preview:-1\" \/>\n<link rel=\"canonical\" href=\"https:\/\/interamerica.org\/fr\/2015\/02\/a-curacao-leglise-sorganise-afin-de-mettre-en-place-une-fondation-pour-la-liberte-religieuse\/\" \/>\n<meta property=\"og:locale\" content=\"fr_FR\" \/>\n<meta property=\"og:type\" content=\"article\" \/>\n<meta property=\"og:title\" content=\"A Cura\u00e7ao, l\u2019\u00e9glise s\u2019organise afin de mettre en place une fondation pour la libert\u00e9 religieuse - \u00c9glise Adventiste Du Septieme Jour - Inter Am\u00e9rique Division\" \/>\n<meta property=\"og:description\" content=\"La Fondation de la Libert\u00e9 Religieuse de Cura\u00e7ao (CRLF), une initiative de l\u2019Eglise Adventiste du Septi\u00e8me Jour, a r\u00e9cemment organis\u00e9 un festival de la libert\u00e9 religieuse sur l\u2019ile.  La CRLF, une organisation mise en place par l\u2019Eglise Adventiste du Septi\u00e8me Jour dans le but de promouvoir la libert\u00e9 religieuse parmi les divers groupes religieux de Cura\u00e7ao et Bonaire, ressemble en beaucoup de points \u00e0 une section locale de l\u2019Association Internationale de la Libert\u00e9 Religieuse, a expliqu\u00e9 pasteur Shurman Kook, directeur des affaires publiques et de la libert\u00e9 religieuse pour l\u2019\u00e9glise Adventiste \u00e0 Cura\u00e7ao et Bonaire. \u00ab La seule diff\u00e9rence est la statut juridique de cette entit\u00e9, \u00bb a t-il indiqu\u00e9.\" \/>\n<meta property=\"og:url\" content=\"https:\/\/interamerica.org\/fr\/2015\/02\/a-curacao-leglise-sorganise-afin-de-mettre-en-place-une-fondation-pour-la-liberte-religieuse\/\" \/>\n<meta property=\"og:site_name\" content=\"\u00c9glise Adventiste Du Septieme Jour - Inter Am\u00e9rique Division\" \/>\n<meta property=\"article:published_time\" content=\"2015-02-10T04:00:00+00:00\" \/>\n<meta property=\"og:image\" content=\"https:\/\/interamerica.org\/wp-content\/uploads\/2017\/06\/CuracaoRLFoundation300.png\" \/>\n\t<meta property=\"og:image:width\" content=\"300\" \/>\n\t<meta property=\"og:image:height\" content=\"195\" \/>\n\t<meta property=\"og:image:type\" content=\"image\/png\" \/>\n<meta name=\"author\" content=\"Lorenzo Verduzco\" \/>\n<meta name=\"twitter:card\" content=\"summary_large_image\" \/>\n<meta name=\"twitter:label1\" content=\"\u00c9crit par\" \/>\n\t<meta name=\"twitter:data1\" content=\"Lorenzo Verduzco\" \/>\n\t<meta name=\"twitter:label2\" content=\"Dur\u00e9e de lecture estim\u00e9e\" \/>\n\t<meta name=\"twitter:data2\" content=\"4 minutes\" \/>\n<script type=\"application\/ld+json\" class=\"yoast-schema-graph\">{\"@context\":\"https:\\\/\\\/schema.org\",\"@graph\":[{\"@type\":\"Article\",\"@id\":\"https:\\\/\\\/interamerica.org\\\/fr\\\/2015\\\/02\\\/a-curacao-leglise-sorganise-afin-de-mettre-en-place-une-fondation-pour-la-liberte-religieuse\\\/#article\",\"isPartOf\":{\"@id\":\"https:\\\/\\\/interamerica.org\\\/fr\\\/2015\\\/02\\\/a-curacao-leglise-sorganise-afin-de-mettre-en-place-une-fondation-pour-la-liberte-religieuse\\\/\"},\"author\":{\"name\":\"Lorenzo Verduzco\",\"@id\":\"https:\\\/\\\/interamerica.org\\\/fr\\\/#\\\/schema\\\/person\\\/68ede8bdc292885bb76c1e3810e73c39\"},\"headline\":\"A Cura\u00e7ao, l\u2019\u00e9glise s\u2019organise afin de mettre en place une fondation pour la libert\u00e9 religieuse\",\"datePublished\":\"2015-02-10T04:00:00+00:00\",\"mainEntityOfPage\":{\"@id\":\"https:\\\/\\\/interamerica.org\\\/fr\\\/2015\\\/02\\\/a-curacao-leglise-sorganise-afin-de-mettre-en-place-une-fondation-pour-la-liberte-religieuse\\\/\"},\"wordCount\":862,\"image\":{\"@id\":\"https:\\\/\\\/interamerica.org\\\/fr\\\/2015\\\/02\\\/a-curacao-leglise-sorganise-afin-de-mettre-en-place-une-fondation-pour-la-liberte-religieuse\\\/#primaryimage\"},\"thumbnailUrl\":\"https:\\\/\\\/interamerica.org\\\/wp-content\\\/uploads\\\/2017\\\/06\\\/CuracaoRLFoundation300.png\",\"articleSection\":[\"Nouvelles du territoire\",\"RSS Fran\u00e7ais\"],\"inLanguage\":\"fr-FR\"},{\"@type\":\"WebPage\",\"@id\":\"https:\\\/\\\/interamerica.org\\\/fr\\\/2015\\\/02\\\/a-curacao-leglise-sorganise-afin-de-mettre-en-place-une-fondation-pour-la-liberte-religieuse\\\/\",\"url\":\"https:\\\/\\\/interamerica.org\\\/fr\\\/2015\\\/02\\\/a-curacao-leglise-sorganise-afin-de-mettre-en-place-une-fondation-pour-la-liberte-religieuse\\\/\",\"name\":\"A Cura\u00e7ao, l\u2019\u00e9glise s\u2019organise afin de mettre en place une fondation pour la libert\u00e9 religieuse - \u00c9glise Adventiste Du Septieme Jour - Inter Am\u00e9rique Division\",\"isPartOf\":{\"@id\":\"https:\\\/\\\/interamerica.org\\\/fr\\\/#website\"},\"primaryImageOfPage\":{\"@id\":\"https:\\\/\\\/interamerica.org\\\/fr\\\/2015\\\/02\\\/a-curacao-leglise-sorganise-afin-de-mettre-en-place-une-fondation-pour-la-liberte-religieuse\\\/#primaryimage\"},\"image\":{\"@id\":\"https:\\\/\\\/interamerica.org\\\/fr\\\/2015\\\/02\\\/a-curacao-leglise-sorganise-afin-de-mettre-en-place-une-fondation-pour-la-liberte-religieuse\\\/#primaryimage\"},\"thumbnailUrl\":\"https:\\\/\\\/interamerica.org\\\/wp-content\\\/uploads\\\/2017\\\/06\\\/CuracaoRLFoundation300.png\",\"datePublished\":\"2015-02-10T04:00:00+00:00\",\"author\":{\"@id\":\"https:\\\/\\\/interamerica.org\\\/fr\\\/#\\\/schema\\\/person\\\/68ede8bdc292885bb76c1e3810e73c39\"},\"breadcrumb\":{\"@id\":\"https:\\\/\\\/interamerica.org\\\/fr\\\/2015\\\/02\\\/a-curacao-leglise-sorganise-afin-de-mettre-en-place-une-fondation-pour-la-liberte-religieuse\\\/#breadcrumb\"},\"inLanguage\":\"fr-FR\",\"potentialAction\":[{\"@type\":\"ReadAction\",\"target\":[\"https:\\\/\\\/interamerica.org\\\/fr\\\/2015\\\/02\\\/a-curacao-leglise-sorganise-afin-de-mettre-en-place-une-fondation-pour-la-liberte-religieuse\\\/\"]}]},{\"@type\":\"ImageObject\",\"inLanguage\":\"fr-FR\",\"@id\":\"https:\\\/\\\/interamerica.org\\\/fr\\\/2015\\\/02\\\/a-curacao-leglise-sorganise-afin-de-mettre-en-place-une-fondation-pour-la-liberte-religieuse\\\/#primaryimage\",\"url\":\"https:\\\/\\\/interamerica.org\\\/wp-content\\\/uploads\\\/2017\\\/06\\\/CuracaoRLFoundation300.png\",\"contentUrl\":\"https:\\\/\\\/interamerica.org\\\/wp-content\\\/uploads\\\/2017\\\/06\\\/CuracaoRLFoundation300.png\",\"width\":300,\"height\":195},{\"@type\":\"BreadcrumbList\",\"@id\":\"https:\\\/\\\/interamerica.org\\\/fr\\\/2015\\\/02\\\/a-curacao-leglise-sorganise-afin-de-mettre-en-place-une-fondation-pour-la-liberte-religieuse\\\/#breadcrumb\",\"itemListElement\":[{\"@type\":\"ListItem\",\"position\":1,\"name\":\"Home\",\"item\":\"https:\\\/\\\/interamerica.org\\\/fr\\\/\"},{\"@type\":\"ListItem\",\"position\":2,\"name\":\"A Cura\u00e7ao, l\u2019\u00e9glise s\u2019organise afin de mettre en place une fondation pour la libert\u00e9 religieuse\"}]},{\"@type\":\"WebSite\",\"@id\":\"https:\\\/\\\/interamerica.org\\\/fr\\\/#website\",\"url\":\"https:\\\/\\\/interamerica.org\\\/fr\\\/\",\"name\":\"\u00c9glise Adventiste Du Septieme Jour - Inter Am\u00e9rique Division\",\"description\":\"\",\"potentialAction\":[{\"@type\":\"SearchAction\",\"target\":{\"@type\":\"EntryPoint\",\"urlTemplate\":\"https:\\\/\\\/interamerica.org\\\/fr\\\/?s={search_term_string}\"},\"query-input\":{\"@type\":\"PropertyValueSpecification\",\"valueRequired\":true,\"valueName\":\"search_term_string\"}}],\"inLanguage\":\"fr-FR\"},{\"@type\":\"Person\",\"@id\":\"https:\\\/\\\/interamerica.org\\\/fr\\\/#\\\/schema\\\/person\\\/68ede8bdc292885bb76c1e3810e73c39\",\"name\":\"Lorenzo Verduzco\",\"image\":{\"@type\":\"ImageObject\",\"inLanguage\":\"fr-FR\",\"@id\":\"https:\\\/\\\/secure.gravatar.com\\\/avatar\\\/fb81a55b6218459490a9c1dc841a34909185b81904c5337b4b27f7a6fd60c49e?s=96&d=mm&r=g\",\"url\":\"https:\\\/\\\/secure.gravatar.com\\\/avatar\\\/fb81a55b6218459490a9c1dc841a34909185b81904c5337b4b27f7a6fd60c49e?s=96&d=mm&r=g\",\"contentUrl\":\"https:\\\/\\\/secure.gravatar.com\\\/avatar\\\/fb81a55b6218459490a9c1dc841a34909185b81904c5337b4b27f7a6fd60c49e?s=96&d=mm&r=g\",\"caption\":\"Lorenzo Verduzco\"}}]}<\/script>\n<!-- \/ Yoast SEO plugin. -->","yoast_head_json":{"title":"A Cura\u00e7ao, l\u2019\u00e9glise s\u2019organise afin de mettre en place une fondation pour la libert\u00e9 religieuse - \u00c9glise Adventiste Du Septieme Jour - Inter Am\u00e9rique Division","robots":{"index":"index","follow":"follow","max-snippet":"max-snippet:-1","max-image-preview":"max-image-preview:large","max-video-preview":"max-video-preview:-1"},"canonical":"https:\/\/interamerica.org\/fr\/2015\/02\/a-curacao-leglise-sorganise-afin-de-mettre-en-place-une-fondation-pour-la-liberte-religieuse\/","og_locale":"fr_FR","og_type":"article","og_title":"A Cura\u00e7ao, l\u2019\u00e9glise s\u2019organise afin de mettre en place une fondation pour la libert\u00e9 religieuse - \u00c9glise Adventiste Du Septieme Jour - Inter Am\u00e9rique Division","og_description":"La Fondation de la Libert\u00e9 Religieuse de Cura\u00e7ao (CRLF), une initiative de l\u2019Eglise Adventiste du Septi\u00e8me Jour, a r\u00e9cemment organis\u00e9 un festival de la libert\u00e9 religieuse sur l\u2019ile.  La CRLF, une organisation mise en place par l\u2019Eglise Adventiste du Septi\u00e8me Jour dans le but de promouvoir la libert\u00e9 religieuse parmi les divers groupes religieux de Cura\u00e7ao et Bonaire, ressemble en beaucoup de points \u00e0 une section locale de l\u2019Association Internationale de la Libert\u00e9 Religieuse, a expliqu\u00e9 pasteur Shurman Kook, directeur des affaires publiques et de la libert\u00e9 religieuse pour l\u2019\u00e9glise Adventiste \u00e0 Cura\u00e7ao et Bonaire. \u00ab La seule diff\u00e9rence est la statut juridique de cette entit\u00e9, \u00bb a t-il indiqu\u00e9.","og_url":"https:\/\/interamerica.org\/fr\/2015\/02\/a-curacao-leglise-sorganise-afin-de-mettre-en-place-une-fondation-pour-la-liberte-religieuse\/","og_site_name":"\u00c9glise Adventiste Du Septieme Jour - Inter Am\u00e9rique Division","article_published_time":"2015-02-10T04:00:00+00:00","og_image":[{"width":300,"height":195,"url":"https:\/\/interamerica.org\/wp-content\/uploads\/2017\/06\/CuracaoRLFoundation300.png","type":"image\/png"}],"author":"Lorenzo Verduzco","twitter_card":"summary_large_image","twitter_misc":{"\u00c9crit par":"Lorenzo Verduzco","Dur\u00e9e de lecture estim\u00e9e":"4 minutes"},"schema":{"@context":"https:\/\/schema.org","@graph":[{"@type":"Article","@id":"https:\/\/interamerica.org\/fr\/2015\/02\/a-curacao-leglise-sorganise-afin-de-mettre-en-place-une-fondation-pour-la-liberte-religieuse\/#article","isPartOf":{"@id":"https:\/\/interamerica.org\/fr\/2015\/02\/a-curacao-leglise-sorganise-afin-de-mettre-en-place-une-fondation-pour-la-liberte-religieuse\/"},"author":{"name":"Lorenzo Verduzco","@id":"https:\/\/interamerica.org\/fr\/#\/schema\/person\/68ede8bdc292885bb76c1e3810e73c39"},"headline":"A Cura\u00e7ao, l\u2019\u00e9glise s\u2019organise afin de mettre en place une fondation pour la libert\u00e9 religieuse","datePublished":"2015-02-10T04:00:00+00:00","mainEntityOfPage":{"@id":"https:\/\/interamerica.org\/fr\/2015\/02\/a-curacao-leglise-sorganise-afin-de-mettre-en-place-une-fondation-pour-la-liberte-religieuse\/"},"wordCount":862,"image":{"@id":"https:\/\/interamerica.org\/fr\/2015\/02\/a-curacao-leglise-sorganise-afin-de-mettre-en-place-une-fondation-pour-la-liberte-religieuse\/#primaryimage"},"thumbnailUrl":"https:\/\/interamerica.org\/wp-content\/uploads\/2017\/06\/CuracaoRLFoundation300.png","articleSection":["Nouvelles du territoire","RSS Fran\u00e7ais"],"inLanguage":"fr-FR"},{"@type":"WebPage","@id":"https:\/\/interamerica.org\/fr\/2015\/02\/a-curacao-leglise-sorganise-afin-de-mettre-en-place-une-fondation-pour-la-liberte-religieuse\/","url":"https:\/\/interamerica.org\/fr\/2015\/02\/a-curacao-leglise-sorganise-afin-de-mettre-en-place-une-fondation-pour-la-liberte-religieuse\/","name":"A Cura\u00e7ao, l\u2019\u00e9glise s\u2019organise afin de mettre en place une fondation pour la libert\u00e9 religieuse - \u00c9glise Adventiste Du Septieme Jour - Inter Am\u00e9rique Division","isPartOf":{"@id":"https:\/\/interamerica.org\/fr\/#website"},"primaryImageOfPage":{"@id":"https:\/\/interamerica.org\/fr\/2015\/02\/a-curacao-leglise-sorganise-afin-de-mettre-en-place-une-fondation-pour-la-liberte-religieuse\/#primaryimage"},"image":{"@id":"https:\/\/interamerica.org\/fr\/2015\/02\/a-curacao-leglise-sorganise-afin-de-mettre-en-place-une-fondation-pour-la-liberte-religieuse\/#primaryimage"},"thumbnailUrl":"https:\/\/interamerica.org\/wp-content\/uploads\/2017\/06\/CuracaoRLFoundation300.png","datePublished":"2015-02-10T04:00:00+00:00","author":{"@id":"https:\/\/interamerica.org\/fr\/#\/schema\/person\/68ede8bdc292885bb76c1e3810e73c39"},"breadcrumb":{"@id":"https:\/\/interamerica.org\/fr\/2015\/02\/a-curacao-leglise-sorganise-afin-de-mettre-en-place-une-fondation-pour-la-liberte-religieuse\/#breadcrumb"},"inLanguage":"fr-FR","potentialAction":[{"@type":"ReadAction","target":["https:\/\/interamerica.org\/fr\/2015\/02\/a-curacao-leglise-sorganise-afin-de-mettre-en-place-une-fondation-pour-la-liberte-religieuse\/"]}]},{"@type":"ImageObject","inLanguage":"fr-FR","@id":"https:\/\/interamerica.org\/fr\/2015\/02\/a-curacao-leglise-sorganise-afin-de-mettre-en-place-une-fondation-pour-la-liberte-religieuse\/#primaryimage","url":"https:\/\/interamerica.org\/wp-content\/uploads\/2017\/06\/CuracaoRLFoundation300.png","contentUrl":"https:\/\/interamerica.org\/wp-content\/uploads\/2017\/06\/CuracaoRLFoundation300.png","width":300,"height":195},{"@type":"BreadcrumbList","@id":"https:\/\/interamerica.org\/fr\/2015\/02\/a-curacao-leglise-sorganise-afin-de-mettre-en-place-une-fondation-pour-la-liberte-religieuse\/#breadcrumb","itemListElement":[{"@type":"ListItem","position":1,"name":"Home","item":"https:\/\/interamerica.org\/fr\/"},{"@type":"ListItem","position":2,"name":"A Cura\u00e7ao, l\u2019\u00e9glise s\u2019organise afin de mettre en place une fondation pour la libert\u00e9 religieuse"}]},{"@type":"WebSite","@id":"https:\/\/interamerica.org\/fr\/#website","url":"https:\/\/interamerica.org\/fr\/","name":"\u00c9glise Adventiste Du Septieme Jour - Inter Am\u00e9rique Division","description":"","potentialAction":[{"@type":"SearchAction","target":{"@type":"EntryPoint","urlTemplate":"https:\/\/interamerica.org\/fr\/?s={search_term_string}"},"query-input":{"@type":"PropertyValueSpecification","valueRequired":true,"valueName":"search_term_string"}}],"inLanguage":"fr-FR"},{"@type":"Person","@id":"https:\/\/interamerica.org\/fr\/#\/schema\/person\/68ede8bdc292885bb76c1e3810e73c39","name":"Lorenzo Verduzco","image":{"@type":"ImageObject","inLanguage":"fr-FR","@id":"https:\/\/secure.gravatar.com\/avatar\/fb81a55b6218459490a9c1dc841a34909185b81904c5337b4b27f7a6fd60c49e?s=96&d=mm&r=g","url":"https:\/\/secure.gravatar.com\/avatar\/fb81a55b6218459490a9c1dc841a34909185b81904c5337b4b27f7a6fd60c49e?s=96&d=mm&r=g","contentUrl":"https:\/\/secure.gravatar.com\/avatar\/fb81a55b6218459490a9c1dc841a34909185b81904c5337b4b27f7a6fd60c49e?s=96&d=mm&r=g","caption":"Lorenzo Verduzco"}}]}},"_links":{"self":[{"href":"https:\/\/interamerica.org\/fr\/wp-json\/wp\/v2\/posts\/32162","targetHints":{"allow":["GET"]}}],"collection":[{"href":"https:\/\/interamerica.org\/fr\/wp-json\/wp\/v2\/posts"}],"about":[{"href":"https:\/\/interamerica.org\/fr\/wp-json\/wp\/v2\/types\/post"}],"author":[{"embeddable":true,"href":"https:\/\/interamerica.org\/fr\/wp-json\/wp\/v2\/users\/1"}],"replies":[{"embeddable":true,"href":"https:\/\/interamerica.org\/fr\/wp-json\/wp\/v2\/comments?post=32162"}],"version-history":[{"count":0,"href":"https:\/\/interamerica.org\/fr\/wp-json\/wp\/v2\/posts\/32162\/revisions"}],"wp:featuredmedia":[{"embeddable":true,"href":"https:\/\/interamerica.org\/fr\/wp-json\/wp\/v2\/media\/24372"}],"wp:attachment":[{"href":"https:\/\/interamerica.org\/fr\/wp-json\/wp\/v2\/media?parent=32162"}],"wp:term":[{"taxonomy":"category","embeddable":true,"href":"https:\/\/interamerica.org\/fr\/wp-json\/wp\/v2\/categories?post=32162"},{"taxonomy":"post_tag","embeddable":true,"href":"https:\/\/interamerica.org\/fr\/wp-json\/wp\/v2\/tags?post=32162"}],"curies":[{"name":"wp","href":"https:\/\/api.w.org\/{rel}","templated":true}]}}