{"id":32163,"date":"2015-02-11T00:00:00","date_gmt":"2015-02-11T04:00:00","guid":{"rendered":"http:\/\/192.81.217.108\/interamerica\/2015\/02\/au-guatemala-des-centaines-de-membres-deglise-sont-formes-pour-levangelisation\/"},"modified":"2015-02-11T00:00:00","modified_gmt":"2015-02-11T04:00:00","slug":"au-guatemala-des-centaines-de-membres-deglise-sont-formes-pour-levangelisation","status":"publish","type":"post","link":"https:\/\/interamerica.org\/fr\/2015\/02\/au-guatemala-des-centaines-de-membres-deglise-sont-formes-pour-levangelisation\/","title":{"rendered":"Au Guatemala, des centaines de membres d\u2019\u00e9glise sont form\u00e9s pour l\u2019\u00e9vang\u00e9lisation"},"content":{"rendered":"<div id=\"attachment_15118\" style=\"width: 610px\" class=\"wp-caption aligncenter\"><a href=\"\/interamerica\/wp-content\/uploads\/2017\/06\/Guate-training.png\" rel=\"fancybox\" title=\"Au Guatemala, des centaines de membres d\u2019\u00e9glise sont form\u00e9s pour l\u2019\u00e9vang\u00e9lisation\"><img fetchpriority=\"high\" decoding=\"async\" aria-describedby=\"caption-attachment-15118\" class=\"size-full wp-image-15118\" src=\"\/interamerica\/wp-content\/uploads\/2017\/06\/Guate-training.png\" alt=\"\" width=\"600\" height=\"396\" \/><\/a><p id=\"caption-attachment-15118\" class=\"wp-caption-text\">Des leaders de petits groupes \u00e9tudient la Bible \u00e0 l\u2019occasion d\u2019une formation la\u00efque sp\u00e9ciale organis\u00e9e par l\u2019Eglise Adventiste dans l\u2019Ouest du Guatemala le 24 janvier 2015. Quelques 950 la\u00efcs venus des r\u00e9gions de San Marcos, Quetzaltenango et Huehuetenango se sont r\u00e9unis pour affuter leurs comp\u00e9tences en leadership afin de proclamer l\u2019\u00e9vangile dans leurs communaut\u00e9s, gr\u00e2ce \u00e0 un programme de certification de l\u2019Universit\u00e9 Adventiste Centram\u00e9ricaine. Image de Melvin Batz\/DIA.<\/p><\/div>\n<p>9 F\u00e9vier 2015 \u2013 Quetzaltenango, Guatemala \u2013 Union du Guatemala\/DIA<\/p>\n<p>Mobiliser une arm\u00e9e de leaders et de membres actifs afin de proclamer l\u2019\u00e9vangile constitue une des principales priorit\u00e9s de l\u2019Eglise Adventiste du Septi\u00e8me Jour au Guatemala.<\/p>\n<p>Avec plus de 38000 membres actifs form\u00e9s, l\u2019\u00e9glise au Guatemala continue de s\u2019assurer que ses leaders et ses membres actifs soient form\u00e9s encore davantage afin de consolider l\u2019\u00e9glise et de continuer de proclamer l\u2019\u00e9vangile dans leurs communaut\u00e9s.<\/p>\n<div id=\"attachment_15115\" style=\"width: 310px\" class=\"wp-caption alignleft\"><a href=\"\/interamerica\/wp-content\/uploads\/2017\/06\/FranzRios300.png\" rel=\"fancybox\" title=\"Au Guatemala, des centaines de membres d\u2019\u00e9glise sont form\u00e9s pour l\u2019\u00e9vang\u00e9lisation\"><img decoding=\"async\" aria-describedby=\"caption-attachment-15115\" class=\"size-full wp-image-15115\" src=\"\/interamerica\/wp-content\/uploads\/2017\/06\/FranzRios300.png\" alt=\"\" width=\"300\" height=\"228\" \/><\/a><p id=\"caption-attachment-15115\" class=\"wp-caption-text\">Dr Frank Rios, directeur du Centre de Recherches Ellen White \u00e0 l\u2019Universit\u00e9 Adventiste Centram\u00e9ricaine enseigne des cours durant les sessions de formation qui ont eu lieu \u00e0 Quetzaltenango au Guatemala. Image de Melvin Batz\/DIA.<\/p><\/div>\n<p>Plus de 950 anciens d\u2019\u00e9glise ainsi que des leaders la\u00efcs venus des r\u00e9gions de Quetzaltenango, San Marcos et Huehuetenango dans l\u2019ouest du Guatemala se sont r\u00e9unis le mois dernier dans le cadre d\u2019un programme de certification \u00e9tal\u00e9 sur deux jours et portant sur le leadership eccl\u00e9sial dans l\u2019\u00e9vang\u00e9lisation et le gain des \u00e2mes. Cette initiative intervient dans le cadre d\u2019un programme de certification de deux ans supervis\u00e9 par l\u2019Ecole d\u2019Evang\u00e9lisation La\u00efque avec un enseignement assur\u00e9 par l\u2019Universit\u00e9 Adventiste Centram\u00e9ricaine bas\u00e9e \u00e0 Alajuela au Costa Rica et l\u2019Universit\u00e9 Andrews dans le Michigan aux Etats Unis, ont indiqu\u00e9 les leaders de l\u2019\u00e9glise.<\/p>\n<p>\u00ab Faire des disciples est l\u2019un des principaux fondements de l\u2019\u00e9glise au Guatemala, \u00bb a dit pasteur Gustavo Menendez, directeur des minist\u00e8res personnels pour l\u2019Eglise Adventiste au Guatemala. \u00ab Une \u00e9glise r\u00e9veill\u00e9e et compos\u00e9e de disciples sera engag\u00e9e dans la r\u00e9alisation de la mission.<\/p>\n<p>C\u2019est la principale raison soutenant la promotion des \u00e9coles de formation de disciples au niveau de l\u2019\u00e9glise, des districts et des r\u00e9gions o\u00f9 nos membres actifs peuvent \u00eatre certifi\u00e9s en tant qu\u2019\u00e9vang\u00e9listes, instructeurs bibliques, instructeurs la\u00efcs, et t\u00e9moins la\u00efcs, a ajout\u00e9 pasteur Menendez.<\/p>\n<p>Dr Frank Rios, directeur du Centre de Recherches Ellen White \u00e0 l\u2019Universit\u00e9 Adventiste Centram\u00e9ricaine, a enseign\u00e9 l\u2019\u00e9vang\u00e9lisation personnelle et l\u2019herm\u00e9neutique biblique au cours du weekend de certification. Dr Rios a f\u00e9licit\u00e9 la direction de l\u2019\u00e9glise d\u2019avoir investi dans ses leaders la\u00efcs et il a \u00e9t\u00e9 impressionn\u00e9 par l\u2019engagement des pr\u00e8s de 1000 membres d\u2019\u00e9glise actifs.<\/p>\n<div id=\"attachment_15119\" style=\"width: 310px\" class=\"wp-caption alignright\"><a href=\"\/interamerica\/wp-content\/uploads\/2017\/06\/Guate-graduacionAndrews300.png\" rel=\"fancybox\" title=\"Au Guatemala, des centaines de membres d\u2019\u00e9glise sont form\u00e9s pour l\u2019\u00e9vang\u00e9lisation\"><img decoding=\"async\" aria-describedby=\"caption-attachment-15119\" class=\"size-full wp-image-15119\" src=\"\/interamerica\/wp-content\/uploads\/2017\/06\/Guate-graduacionAndrews300.png\" alt=\"\" width=\"300\" height=\"170\" \/><\/a><p id=\"caption-attachment-15119\" class=\"wp-caption-text\">Dans la F\u00e9d\u00e9ration M\u00e9tropolitaine \u00e0 Guatemala City, pr\u00e8s de 150 membres ont re\u00e7u leurs certificats d\u2019instructeurs la\u00efcs de l\u2019Universit\u00e9 Andrews en Novembre 2014. Image de Gustavo Menendez\/DIA.<\/p><\/div>\n<p>\u00ab J\u2019esp\u00e8re que les pasteurs pourront constater un effet multiplicateur dans leurs \u00e9glises et que les leaders la\u00efcs continueront d\u2019aimer le Seigneur et continueront de servir le Seigneur tout en \u00e9tudiant quotidiennement la Parole de Dieu, \u00bb a ajout\u00e9 Dr Rios. \u00ab Nous voulons nous assurer que cela pourra impacter la vie des leaders de l\u2019\u00e9glise pour le service. \u00bb<\/p>\n<p>Pasteur Irving Calderon, pr\u00e9sident de la F\u00e9d\u00e9ration de l\u2019Ouest et un des organisateurs du programme de certification \u00e0 Quetzaltenango, a d\u00e9clar\u00e9 que parler de succ\u00e8s pour ce programme signifie avant tout d\u2019amener les \u00ab leaders et les membres d\u2019\u00e9glise \u00e0 d\u00e9velopper leurs capacit\u00e9s gr\u00e2ce \u00e0 la formation afin d\u2019accomplir un meilleur service pour Dieu et aupr\u00e8s de la communaut\u00e9. \u00bb<\/p>\n<p>Pr\u00e8s de 150 dirigeants d\u2019\u00e9glise engag\u00e9s dans le minist\u00e8re ont re\u00e7u une formation continue en tant qu\u2019instructeurs la\u00efcs dans l\u2019agglom\u00e9ration de Guatemala City apr\u00e8s un programme de trois ans dirig\u00e9 par l\u2019Universit\u00e9 Andrews l\u2019automne dernier, et quelques 300 \u00e9tudiants la\u00efcs ont \u00e9galement \u00e9t\u00e9 form\u00e9s, d\u2019apr\u00e8s pasteur Menendez.<\/p>\n<p>D\u2019autres programmes de certification auront lieu en Avril et en Aout a dit pasteur Menendez.<\/p>\n<p>L\u2019Eglise Adventiste du Septi\u00e8me Jour au Guatemala g\u00e8re une union, trois f\u00e9d\u00e9rations et quatre missions, elle compte un effectif de plus de 244000 membres pour 1113 \u00e9glises et groupes.<\/p>\n<p>Pour en savoir plus sur l\u2019Eglise Adventiste du Septi\u00e8me Jour et sur ses initiatives au Guatemala, visitez le site <a href=\"http:\/\/uniondeguatemala.org\/\">uniondeguatemala.org<\/a><\/p>\n<p><em>Melvin Batz a contribu\u00e9 \u00e0 cet article<\/em><\/p>\n<p>Traduction: Patrick Luciathe<\/p>\n","protected":false},"excerpt":{"rendered":"<p>Mobiliser une arm\u00e9e de leaders et de membres actifs afin de proclamer l\u2019\u00e9vangile constitue une des principales priorit\u00e9s de l\u2019Eglise Adventiste du Septi\u00e8me Jour au Guatemala.  <\/p>\n<p>Avec plus de 38000 membres actifs form\u00e9s, l\u2019\u00e9glise au Guatemala continue de s\u2019assurer que ses leaders et ses membres actifs soient form\u00e9s encore davantage afin de consolider l\u2019\u00e9glise et de continuer de proclamer l\u2019\u00e9vangile dans leurs communaut\u00e9s.<\/p>\n","protected":false},"author":1,"featured_media":24388,"comment_status":"closed","ping_status":"closed","sticky":false,"template":"","format":"standard","meta":{"_acf_changed":false,"footnotes":""},"categories":[21,19],"tags":[],"class_list":["post-32163","post","type-post","status-publish","format-standard","has-post-thumbnail","hentry","category-nouvelles-du-territoire","category-rss-francais"],"acf":[],"yoast_head":"<!-- This site is optimized with the Yoast SEO plugin v27.3 - https:\/\/yoast.com\/product\/yoast-seo-wordpress\/ -->\n<title>Au Guatemala, des centaines de membres d\u2019\u00e9glise sont form\u00e9s pour l\u2019\u00e9vang\u00e9lisation - \u00c9glise Adventiste Du Septieme Jour - Inter Am\u00e9rique Division<\/title>\n<meta name=\"robots\" content=\"index, follow, max-snippet:-1, max-image-preview:large, max-video-preview:-1\" \/>\n<link rel=\"canonical\" href=\"https:\/\/interamerica.org\/fr\/2015\/02\/au-guatemala-des-centaines-de-membres-deglise-sont-formes-pour-levangelisation\/\" \/>\n<meta property=\"og:locale\" content=\"fr_FR\" \/>\n<meta property=\"og:type\" content=\"article\" \/>\n<meta property=\"og:title\" content=\"Au Guatemala, des centaines de membres d\u2019\u00e9glise sont form\u00e9s pour l\u2019\u00e9vang\u00e9lisation - \u00c9glise Adventiste Du Septieme Jour - Inter Am\u00e9rique Division\" \/>\n<meta property=\"og:description\" content=\"Mobiliser une arm\u00e9e de leaders et de membres actifs afin de proclamer l\u2019\u00e9vangile constitue une des principales priorit\u00e9s de l\u2019Eglise Adventiste du Septi\u00e8me Jour au Guatemala.  Avec plus de 38000 membres actifs form\u00e9s, l\u2019\u00e9glise au Guatemala continue de s\u2019assurer que ses leaders et ses membres actifs soient form\u00e9s encore davantage afin de consolider l\u2019\u00e9glise et de continuer de proclamer l\u2019\u00e9vangile dans leurs communaut\u00e9s.\" \/>\n<meta property=\"og:url\" content=\"https:\/\/interamerica.org\/fr\/2015\/02\/au-guatemala-des-centaines-de-membres-deglise-sont-formes-pour-levangelisation\/\" \/>\n<meta property=\"og:site_name\" content=\"\u00c9glise Adventiste Du Septieme Jour - Inter Am\u00e9rique Division\" \/>\n<meta property=\"article:published_time\" content=\"2015-02-11T04:00:00+00:00\" \/>\n<meta property=\"og:image\" content=\"https:\/\/interamerica.org\/wp-content\/uploads\/2017\/06\/Guate-training.png\" \/>\n\t<meta property=\"og:image:width\" content=\"600\" \/>\n\t<meta property=\"og:image:height\" content=\"396\" \/>\n\t<meta property=\"og:image:type\" content=\"image\/png\" \/>\n<meta name=\"author\" content=\"Lorenzo Verduzco\" \/>\n<meta name=\"twitter:card\" content=\"summary_large_image\" \/>\n<meta name=\"twitter:label1\" content=\"\u00c9crit par\" \/>\n\t<meta name=\"twitter:data1\" content=\"Lorenzo Verduzco\" \/>\n\t<meta name=\"twitter:label2\" content=\"Dur\u00e9e de lecture estim\u00e9e\" \/>\n\t<meta name=\"twitter:data2\" content=\"4 minutes\" \/>\n<script type=\"application\/ld+json\" class=\"yoast-schema-graph\">{\"@context\":\"https:\\\/\\\/schema.org\",\"@graph\":[{\"@type\":\"Article\",\"@id\":\"https:\\\/\\\/interamerica.org\\\/fr\\\/2015\\\/02\\\/au-guatemala-des-centaines-de-membres-deglise-sont-formes-pour-levangelisation\\\/#article\",\"isPartOf\":{\"@id\":\"https:\\\/\\\/interamerica.org\\\/fr\\\/2015\\\/02\\\/au-guatemala-des-centaines-de-membres-deglise-sont-formes-pour-levangelisation\\\/\"},\"author\":{\"name\":\"Lorenzo Verduzco\",\"@id\":\"https:\\\/\\\/interamerica.org\\\/fr\\\/#\\\/schema\\\/person\\\/68ede8bdc292885bb76c1e3810e73c39\"},\"headline\":\"Au Guatemala, des centaines de membres d\u2019\u00e9glise sont form\u00e9s pour l\u2019\u00e9vang\u00e9lisation\",\"datePublished\":\"2015-02-11T04:00:00+00:00\",\"mainEntityOfPage\":{\"@id\":\"https:\\\/\\\/interamerica.org\\\/fr\\\/2015\\\/02\\\/au-guatemala-des-centaines-de-membres-deglise-sont-formes-pour-levangelisation\\\/\"},\"wordCount\":821,\"image\":{\"@id\":\"https:\\\/\\\/interamerica.org\\\/fr\\\/2015\\\/02\\\/au-guatemala-des-centaines-de-membres-deglise-sont-formes-pour-levangelisation\\\/#primaryimage\"},\"thumbnailUrl\":\"https:\\\/\\\/interamerica.org\\\/wp-content\\\/uploads\\\/2017\\\/06\\\/Guate-training.png\",\"articleSection\":[\"Nouvelles du territoire\",\"RSS Fran\u00e7ais\"],\"inLanguage\":\"fr-FR\"},{\"@type\":\"WebPage\",\"@id\":\"https:\\\/\\\/interamerica.org\\\/fr\\\/2015\\\/02\\\/au-guatemala-des-centaines-de-membres-deglise-sont-formes-pour-levangelisation\\\/\",\"url\":\"https:\\\/\\\/interamerica.org\\\/fr\\\/2015\\\/02\\\/au-guatemala-des-centaines-de-membres-deglise-sont-formes-pour-levangelisation\\\/\",\"name\":\"Au Guatemala, des centaines de membres d\u2019\u00e9glise sont form\u00e9s pour l\u2019\u00e9vang\u00e9lisation - \u00c9glise Adventiste Du Septieme Jour - Inter Am\u00e9rique Division\",\"isPartOf\":{\"@id\":\"https:\\\/\\\/interamerica.org\\\/fr\\\/#website\"},\"primaryImageOfPage\":{\"@id\":\"https:\\\/\\\/interamerica.org\\\/fr\\\/2015\\\/02\\\/au-guatemala-des-centaines-de-membres-deglise-sont-formes-pour-levangelisation\\\/#primaryimage\"},\"image\":{\"@id\":\"https:\\\/\\\/interamerica.org\\\/fr\\\/2015\\\/02\\\/au-guatemala-des-centaines-de-membres-deglise-sont-formes-pour-levangelisation\\\/#primaryimage\"},\"thumbnailUrl\":\"https:\\\/\\\/interamerica.org\\\/wp-content\\\/uploads\\\/2017\\\/06\\\/Guate-training.png\",\"datePublished\":\"2015-02-11T04:00:00+00:00\",\"author\":{\"@id\":\"https:\\\/\\\/interamerica.org\\\/fr\\\/#\\\/schema\\\/person\\\/68ede8bdc292885bb76c1e3810e73c39\"},\"breadcrumb\":{\"@id\":\"https:\\\/\\\/interamerica.org\\\/fr\\\/2015\\\/02\\\/au-guatemala-des-centaines-de-membres-deglise-sont-formes-pour-levangelisation\\\/#breadcrumb\"},\"inLanguage\":\"fr-FR\",\"potentialAction\":[{\"@type\":\"ReadAction\",\"target\":[\"https:\\\/\\\/interamerica.org\\\/fr\\\/2015\\\/02\\\/au-guatemala-des-centaines-de-membres-deglise-sont-formes-pour-levangelisation\\\/\"]}]},{\"@type\":\"ImageObject\",\"inLanguage\":\"fr-FR\",\"@id\":\"https:\\\/\\\/interamerica.org\\\/fr\\\/2015\\\/02\\\/au-guatemala-des-centaines-de-membres-deglise-sont-formes-pour-levangelisation\\\/#primaryimage\",\"url\":\"https:\\\/\\\/interamerica.org\\\/wp-content\\\/uploads\\\/2017\\\/06\\\/Guate-training.png\",\"contentUrl\":\"https:\\\/\\\/interamerica.org\\\/wp-content\\\/uploads\\\/2017\\\/06\\\/Guate-training.png\",\"width\":600,\"height\":396},{\"@type\":\"BreadcrumbList\",\"@id\":\"https:\\\/\\\/interamerica.org\\\/fr\\\/2015\\\/02\\\/au-guatemala-des-centaines-de-membres-deglise-sont-formes-pour-levangelisation\\\/#breadcrumb\",\"itemListElement\":[{\"@type\":\"ListItem\",\"position\":1,\"name\":\"Home\",\"item\":\"https:\\\/\\\/interamerica.org\\\/fr\\\/\"},{\"@type\":\"ListItem\",\"position\":2,\"name\":\"Au Guatemala, des centaines de membres d\u2019\u00e9glise sont form\u00e9s pour l\u2019\u00e9vang\u00e9lisation\"}]},{\"@type\":\"WebSite\",\"@id\":\"https:\\\/\\\/interamerica.org\\\/fr\\\/#website\",\"url\":\"https:\\\/\\\/interamerica.org\\\/fr\\\/\",\"name\":\"\u00c9glise Adventiste Du Septieme Jour - Inter Am\u00e9rique Division\",\"description\":\"\",\"potentialAction\":[{\"@type\":\"SearchAction\",\"target\":{\"@type\":\"EntryPoint\",\"urlTemplate\":\"https:\\\/\\\/interamerica.org\\\/fr\\\/?s={search_term_string}\"},\"query-input\":{\"@type\":\"PropertyValueSpecification\",\"valueRequired\":true,\"valueName\":\"search_term_string\"}}],\"inLanguage\":\"fr-FR\"},{\"@type\":\"Person\",\"@id\":\"https:\\\/\\\/interamerica.org\\\/fr\\\/#\\\/schema\\\/person\\\/68ede8bdc292885bb76c1e3810e73c39\",\"name\":\"Lorenzo Verduzco\",\"image\":{\"@type\":\"ImageObject\",\"inLanguage\":\"fr-FR\",\"@id\":\"https:\\\/\\\/secure.gravatar.com\\\/avatar\\\/fb81a55b6218459490a9c1dc841a34909185b81904c5337b4b27f7a6fd60c49e?s=96&d=mm&r=g\",\"url\":\"https:\\\/\\\/secure.gravatar.com\\\/avatar\\\/fb81a55b6218459490a9c1dc841a34909185b81904c5337b4b27f7a6fd60c49e?s=96&d=mm&r=g\",\"contentUrl\":\"https:\\\/\\\/secure.gravatar.com\\\/avatar\\\/fb81a55b6218459490a9c1dc841a34909185b81904c5337b4b27f7a6fd60c49e?s=96&d=mm&r=g\",\"caption\":\"Lorenzo Verduzco\"}}]}<\/script>\n<!-- \/ Yoast SEO plugin. -->","yoast_head_json":{"title":"Au Guatemala, des centaines de membres d\u2019\u00e9glise sont form\u00e9s pour l\u2019\u00e9vang\u00e9lisation - \u00c9glise Adventiste Du Septieme Jour - Inter Am\u00e9rique Division","robots":{"index":"index","follow":"follow","max-snippet":"max-snippet:-1","max-image-preview":"max-image-preview:large","max-video-preview":"max-video-preview:-1"},"canonical":"https:\/\/interamerica.org\/fr\/2015\/02\/au-guatemala-des-centaines-de-membres-deglise-sont-formes-pour-levangelisation\/","og_locale":"fr_FR","og_type":"article","og_title":"Au Guatemala, des centaines de membres d\u2019\u00e9glise sont form\u00e9s pour l\u2019\u00e9vang\u00e9lisation - \u00c9glise Adventiste Du Septieme Jour - Inter Am\u00e9rique Division","og_description":"Mobiliser une arm\u00e9e de leaders et de membres actifs afin de proclamer l\u2019\u00e9vangile constitue une des principales priorit\u00e9s de l\u2019Eglise Adventiste du Septi\u00e8me Jour au Guatemala.  Avec plus de 38000 membres actifs form\u00e9s, l\u2019\u00e9glise au Guatemala continue de s\u2019assurer que ses leaders et ses membres actifs soient form\u00e9s encore davantage afin de consolider l\u2019\u00e9glise et de continuer de proclamer l\u2019\u00e9vangile dans leurs communaut\u00e9s.","og_url":"https:\/\/interamerica.org\/fr\/2015\/02\/au-guatemala-des-centaines-de-membres-deglise-sont-formes-pour-levangelisation\/","og_site_name":"\u00c9glise Adventiste Du Septieme Jour - Inter Am\u00e9rique Division","article_published_time":"2015-02-11T04:00:00+00:00","og_image":[{"width":600,"height":396,"url":"https:\/\/interamerica.org\/wp-content\/uploads\/2017\/06\/Guate-training.png","type":"image\/png"}],"author":"Lorenzo Verduzco","twitter_card":"summary_large_image","twitter_misc":{"\u00c9crit par":"Lorenzo Verduzco","Dur\u00e9e de lecture estim\u00e9e":"4 minutes"},"schema":{"@context":"https:\/\/schema.org","@graph":[{"@type":"Article","@id":"https:\/\/interamerica.org\/fr\/2015\/02\/au-guatemala-des-centaines-de-membres-deglise-sont-formes-pour-levangelisation\/#article","isPartOf":{"@id":"https:\/\/interamerica.org\/fr\/2015\/02\/au-guatemala-des-centaines-de-membres-deglise-sont-formes-pour-levangelisation\/"},"author":{"name":"Lorenzo Verduzco","@id":"https:\/\/interamerica.org\/fr\/#\/schema\/person\/68ede8bdc292885bb76c1e3810e73c39"},"headline":"Au Guatemala, des centaines de membres d\u2019\u00e9glise sont form\u00e9s pour l\u2019\u00e9vang\u00e9lisation","datePublished":"2015-02-11T04:00:00+00:00","mainEntityOfPage":{"@id":"https:\/\/interamerica.org\/fr\/2015\/02\/au-guatemala-des-centaines-de-membres-deglise-sont-formes-pour-levangelisation\/"},"wordCount":821,"image":{"@id":"https:\/\/interamerica.org\/fr\/2015\/02\/au-guatemala-des-centaines-de-membres-deglise-sont-formes-pour-levangelisation\/#primaryimage"},"thumbnailUrl":"https:\/\/interamerica.org\/wp-content\/uploads\/2017\/06\/Guate-training.png","articleSection":["Nouvelles du territoire","RSS Fran\u00e7ais"],"inLanguage":"fr-FR"},{"@type":"WebPage","@id":"https:\/\/interamerica.org\/fr\/2015\/02\/au-guatemala-des-centaines-de-membres-deglise-sont-formes-pour-levangelisation\/","url":"https:\/\/interamerica.org\/fr\/2015\/02\/au-guatemala-des-centaines-de-membres-deglise-sont-formes-pour-levangelisation\/","name":"Au Guatemala, des centaines de membres d\u2019\u00e9glise sont form\u00e9s pour l\u2019\u00e9vang\u00e9lisation - \u00c9glise Adventiste Du Septieme Jour - Inter Am\u00e9rique Division","isPartOf":{"@id":"https:\/\/interamerica.org\/fr\/#website"},"primaryImageOfPage":{"@id":"https:\/\/interamerica.org\/fr\/2015\/02\/au-guatemala-des-centaines-de-membres-deglise-sont-formes-pour-levangelisation\/#primaryimage"},"image":{"@id":"https:\/\/interamerica.org\/fr\/2015\/02\/au-guatemala-des-centaines-de-membres-deglise-sont-formes-pour-levangelisation\/#primaryimage"},"thumbnailUrl":"https:\/\/interamerica.org\/wp-content\/uploads\/2017\/06\/Guate-training.png","datePublished":"2015-02-11T04:00:00+00:00","author":{"@id":"https:\/\/interamerica.org\/fr\/#\/schema\/person\/68ede8bdc292885bb76c1e3810e73c39"},"breadcrumb":{"@id":"https:\/\/interamerica.org\/fr\/2015\/02\/au-guatemala-des-centaines-de-membres-deglise-sont-formes-pour-levangelisation\/#breadcrumb"},"inLanguage":"fr-FR","potentialAction":[{"@type":"ReadAction","target":["https:\/\/interamerica.org\/fr\/2015\/02\/au-guatemala-des-centaines-de-membres-deglise-sont-formes-pour-levangelisation\/"]}]},{"@type":"ImageObject","inLanguage":"fr-FR","@id":"https:\/\/interamerica.org\/fr\/2015\/02\/au-guatemala-des-centaines-de-membres-deglise-sont-formes-pour-levangelisation\/#primaryimage","url":"https:\/\/interamerica.org\/wp-content\/uploads\/2017\/06\/Guate-training.png","contentUrl":"https:\/\/interamerica.org\/wp-content\/uploads\/2017\/06\/Guate-training.png","width":600,"height":396},{"@type":"BreadcrumbList","@id":"https:\/\/interamerica.org\/fr\/2015\/02\/au-guatemala-des-centaines-de-membres-deglise-sont-formes-pour-levangelisation\/#breadcrumb","itemListElement":[{"@type":"ListItem","position":1,"name":"Home","item":"https:\/\/interamerica.org\/fr\/"},{"@type":"ListItem","position":2,"name":"Au Guatemala, des centaines de membres d\u2019\u00e9glise sont form\u00e9s pour l\u2019\u00e9vang\u00e9lisation"}]},{"@type":"WebSite","@id":"https:\/\/interamerica.org\/fr\/#website","url":"https:\/\/interamerica.org\/fr\/","name":"\u00c9glise Adventiste Du Septieme Jour - Inter Am\u00e9rique Division","description":"","potentialAction":[{"@type":"SearchAction","target":{"@type":"EntryPoint","urlTemplate":"https:\/\/interamerica.org\/fr\/?s={search_term_string}"},"query-input":{"@type":"PropertyValueSpecification","valueRequired":true,"valueName":"search_term_string"}}],"inLanguage":"fr-FR"},{"@type":"Person","@id":"https:\/\/interamerica.org\/fr\/#\/schema\/person\/68ede8bdc292885bb76c1e3810e73c39","name":"Lorenzo Verduzco","image":{"@type":"ImageObject","inLanguage":"fr-FR","@id":"https:\/\/secure.gravatar.com\/avatar\/fb81a55b6218459490a9c1dc841a34909185b81904c5337b4b27f7a6fd60c49e?s=96&d=mm&r=g","url":"https:\/\/secure.gravatar.com\/avatar\/fb81a55b6218459490a9c1dc841a34909185b81904c5337b4b27f7a6fd60c49e?s=96&d=mm&r=g","contentUrl":"https:\/\/secure.gravatar.com\/avatar\/fb81a55b6218459490a9c1dc841a34909185b81904c5337b4b27f7a6fd60c49e?s=96&d=mm&r=g","caption":"Lorenzo Verduzco"}}]}},"_links":{"self":[{"href":"https:\/\/interamerica.org\/fr\/wp-json\/wp\/v2\/posts\/32163","targetHints":{"allow":["GET"]}}],"collection":[{"href":"https:\/\/interamerica.org\/fr\/wp-json\/wp\/v2\/posts"}],"about":[{"href":"https:\/\/interamerica.org\/fr\/wp-json\/wp\/v2\/types\/post"}],"author":[{"embeddable":true,"href":"https:\/\/interamerica.org\/fr\/wp-json\/wp\/v2\/users\/1"}],"replies":[{"embeddable":true,"href":"https:\/\/interamerica.org\/fr\/wp-json\/wp\/v2\/comments?post=32163"}],"version-history":[{"count":0,"href":"https:\/\/interamerica.org\/fr\/wp-json\/wp\/v2\/posts\/32163\/revisions"}],"wp:featuredmedia":[{"embeddable":true,"href":"https:\/\/interamerica.org\/fr\/wp-json\/wp\/v2\/media\/24388"}],"wp:attachment":[{"href":"https:\/\/interamerica.org\/fr\/wp-json\/wp\/v2\/media?parent=32163"}],"wp:term":[{"taxonomy":"category","embeddable":true,"href":"https:\/\/interamerica.org\/fr\/wp-json\/wp\/v2\/categories?post=32163"},{"taxonomy":"post_tag","embeddable":true,"href":"https:\/\/interamerica.org\/fr\/wp-json\/wp\/v2\/tags?post=32163"}],"curies":[{"name":"wp","href":"https:\/\/api.w.org\/{rel}","templated":true}]}}